{"id":397247,"date":"2026-05-03T13:10:54","date_gmt":"2026-05-03T12:10:54","guid":{"rendered":"https:\/\/www.webdo.tn\/fr\/?p=397247"},"modified":"2026-05-03T13:10:57","modified_gmt":"2026-05-03T12:10:57","slug":"iran-etats-unis-teheran-met-trump-dos-au-mur-entre-guerre-impossible-et-accord-perdant","status":"publish","type":"post","link":"https:\/\/www.webdo.tn\/fr\/actualite\/international\/iran-etats-unis-teheran-met-trump-dos-au-mur-entre-guerre-impossible-et-accord-perdant\/397247\/","title":{"rendered":"Iran\u2013\u00c9tats-Unis : T\u00e9h\u00e9ran met Trump dos au mur entre guerre \u201cimpossible\u201d et accord \u201cperdant\u201d"},"content":{"rendered":"\n<p><strong>Dans un nouvel \u00e9pisode de tension verbale entre Iran et les \u00c9tats-Unis, les Gardiens de la r\u00e9volution islamique affirment que Donald Trump serait d\u00e9sormais face \u00e0 un choix sans issue : une intervention militaire jug\u00e9e irr\u00e9alisable ou un accord d\u00e9favorable \u00e0 Washington. Cette d\u00e9claration s\u2019inscrit dans un climat d\u00e9j\u00e0 tendu, alors que les canaux diplomatiques restent fragiles et les positions profond\u00e9ment divergentes.<\/strong><\/p>\n\n\n\n<h2 class=\"wp-block-heading\" id=\"h-un-message-de-pression-directe-sur-washington\">Un message de pression directe sur Washington<\/h2>\n\n\n\n<p>Dans une prise de position relay\u00e9e par des m\u00e9dias iraniens, les Gardiens de la r\u00e9volution estiment que \u00ab les options am\u00e9ricaines se r\u00e9duisent \u00bb. Selon eux, l\u2019administration Trump serait confront\u00e9e \u00e0 une alternative qu\u2019ils qualifient de bloqu\u00e9e : une \u201cop\u00e9ration militaire impossible\u201d contre l\u2019Iran ou un \u201cmauvais accord\u201d impos\u00e9 par les r\u00e9alit\u00e9s du terrain.<\/p>\n\n\n\n<p>Ce discours vise clairement \u00e0 accentuer la pression sur Washington dans un contexte de n\u00e9gociations indirectes et de tensions r\u00e9gionales persistantes.<\/p>\n\n\n\n<h2 class=\"wp-block-heading\" id=\"h-escalade-verbale-dans-un-climat-deja-explosif\">Escalade verbale dans un climat d\u00e9j\u00e0 explosif<\/h2>\n\n\n\n<p>Ces d\u00e9clarations interviennent alors que les relations entre les deux pays restent domin\u00e9es par une m\u00e9fiance structurelle, aliment\u00e9e par des d\u00e9saccords sur le programme nucl\u00e9aire iranien, la pr\u00e9sence militaire am\u00e9ricaine dans la r\u00e9gion et les \u00e9quilibres de s\u00e9curit\u00e9 au Moyen-Orient.<\/p>\n\n\n\n<p>Pour T\u00e9h\u00e9ran, ce type de communication rel\u00e8ve autant du signal politique que de la strat\u00e9gie de dissuasion, en adressant un message simultan\u00e9 \u00e0 l\u2019opinion internationale et aux d\u00e9cideurs am\u00e9ricains.<\/p>\n\n\n\n<h2 class=\"wp-block-heading\" id=\"h-washington-maintient-ses-options-ouvertes\">Washington maintient ses options ouvertes<\/h2>\n\n\n\n<p>De son c\u00f4t\u00e9, Donald Trump continue d\u2019alterner entre fermet\u00e9 et ouverture diplomatique, tout en laissant planer la possibilit\u00e9 d\u2019une r\u00e9ponse militaire si les int\u00e9r\u00eats am\u00e9ricains venaient \u00e0 \u00eatre menac\u00e9s. Aucun accord concret n\u2019a toutefois \u00e9merg\u00e9, malgr\u00e9 les discussions indirectes en cours.<\/p>\n\n\n\n<p>Dans ce contexte, chaque d\u00e9claration publique contribue \u00e0 durcir davantage un climat d\u00e9j\u00e0 instable. Entre pression militaire, n\u00e9gociations indirectes et guerre des messages, la relation Iran\u2013\u00c9tats-Unis reste suspendue \u00e0 une \u00e9quation diplomatique de plus en plus complexe.<\/p>\n\n\n\n<blockquote class=\"wp-block-quote is-layout-flow wp-block-quote-is-layout-flow\">\n<ul class=\"wp-block-list\">\n<li class=\"has-medium-font-size\"><strong>Lire aussi :<\/strong> <a href=\"https:\/\/www.webdo.tn\/fr\/actualite\/international\/iran-etats-unis-vaincu-sur-le-terrain-victorieux-dans-le-detroit\/397201\/\">Iran\u2013\u00c9tats-Unis : Vaincu sur le terrain, victorieux dans le d\u00e9troit<\/a><\/li>\n<\/ul>\n<\/blockquote>\n","protected":false},"excerpt":{"rendered":"<p>Dans un nouvel \u00e9pisode de tension verbale entre Iran et les \u00c9tats-Unis, les Gardiens de la r\u00e9volution islamique affirment que Donald Trump serait d\u00e9sormais face \u00e0 un choix sans issue : une intervention militaire jug\u00e9e irr\u00e9alisable ou un accord d\u00e9favorable \u00e0 Washington. Cette d\u00e9claration s\u2019inscrit dans un climat d\u00e9j\u00e0 tendu, alors que les canaux diplomatiques [&hellip;]<\/p>\n","protected":false},"author":4782,"featured_media":397248,"comment_status":"closed","ping_status":"closed","sticky":false,"template":"","format":"standard","meta":{"footnotes":""},"categories":[2598],"tags":[3035,2600,2912],"class_list":["post-397247","post","type-post","status-publish","format-standard","has-post-thumbnail","hentry","category-international","tag-etats-unis","tag-guerre","tag-iran"],"yoast_head":"<!-- This site is optimized with the Yoast SEO Premium plugin v27.5 (Yoast SEO v27.5) - https:\/\/yoast.com\/product\/yoast-seo-premium-wordpress\/ -->\n<title>Iran\u2013\u00c9tats-Unis : T\u00e9h\u00e9ran met Trump dos au mur entre guerre \u201cimpossible\u201d et accord \u201cperdant\u201d - webdo<\/title>\n<meta name=\"description\" content=\"Analyse des tensions Iran\u2013\u00c9tats-Unis et des d\u00e9fis auxquels fait face l&#039;administration Trump dans ses options diplomatiques.\" \/>\n<link rel=\"canonical\" href=\"https:\/\/www.webdo.tn\/fr\/actualite\/international\/iran-etats-unis-teheran-met-trump-dos-au-mur-entre-guerre-impossible-et-accord-perdant\/397247\/\" \/>\n<meta property=\"og:locale\" content=\"fr_FR\" \/>\n<meta property=\"og:type\" content=\"article\" \/>\n<meta property=\"og:title\" content=\"Iran\u2013\u00c9tats-Unis : T\u00e9h\u00e9ran met Trump dos au mur entre guerre \u201cimpossible\u201d et accord \u201cperdant\u201d\" \/>\n<meta property=\"og:description\" content=\"Analyse des tensions Iran\u2013\u00c9tats-Unis et des d\u00e9fis auxquels fait face l&#039;administration Trump dans ses options diplomatiques.\" \/>\n<meta property=\"og:url\" content=\"https:\/\/www.webdo.tn\/fr\/actualite\/international\/iran-etats-unis-teheran-met-trump-dos-au-mur-entre-guerre-impossible-et-accord-perdant\/397247\/\" \/>\n<meta property=\"og:site_name\" content=\"webdo\" \/>\n<meta property=\"article:publisher\" content=\"https:\/\/www.facebook.com\/webdotn\" \/>\n<meta property=\"article:published_time\" content=\"2026-05-03T12:10:54+00:00\" \/>\n<meta property=\"article:modified_time\" content=\"2026-05-03T12:10:57+00:00\" \/>\n<meta property=\"og:image\" content=\"https:\/\/www.webdo.tn\/fr\/wp-content\/uploads\/2026\/05\/Iran-USA.jpg\" \/>\n\t<meta property=\"og:image:width\" content=\"1200\" \/>\n\t<meta property=\"og:image:height\" content=\"601\" \/>\n\t<meta property=\"og:image:type\" content=\"image\/jpeg\" \/>\n<meta name=\"author\" content=\"Mohamed Fethi\" \/>\n<meta name=\"twitter:card\" content=\"summary_large_image\" \/>\n<meta name=\"twitter:creator\" content=\"@webdo_tn\" \/>\n<meta name=\"twitter:site\" content=\"@webdo_tn\" \/>\n<meta name=\"twitter:label1\" content=\"\u00c9crit par\" \/>\n\t<meta name=\"twitter:data1\" content=\"Mohamed Fethi\" \/>\n\t<meta name=\"twitter:label2\" content=\"Dur\u00e9e de lecture estim\u00e9e\" \/>\n\t<meta name=\"twitter:data2\" content=\"2 minutes\" \/>\n<script type=\"application\/ld+json\" class=\"yoast-schema-graph\">{\"@context\":\"https:\\\/\\\/schema.org\",\"@graph\":[{\"@type\":\"NewsArticle\",\"@id\":\"https:\\\/\\\/www.webdo.tn\\\/fr\\\/actualite\\\/international\\\/iran-etats-unis-teheran-met-trump-dos-au-mur-entre-guerre-impossible-et-accord-perdant\\\/397247\\\/#article\",\"isPartOf\":{\"@id\":\"https:\\\/\\\/www.webdo.tn\\\/fr\\\/actualite\\\/international\\\/iran-etats-unis-teheran-met-trump-dos-au-mur-entre-guerre-impossible-et-accord-perdant\\\/397247\\\/\"},\"author\":{\"name\":\"Mohamed Fethi\",\"@id\":\"https:\\\/\\\/www.webdo.tn\\\/fr\\\/#\\\/schema\\\/person\\\/16a4857e77dfc0b610c4c2cadffc9ac4\"},\"headline\":\"Iran\u2013\u00c9tats-Unis : T\u00e9h\u00e9ran met Trump dos au mur entre guerre \u201cimpossible\u201d et accord \u201cperdant\u201d\",\"datePublished\":\"2026-05-03T12:10:54+00:00\",\"dateModified\":\"2026-05-03T12:10:57+00:00\",\"mainEntityOfPage\":{\"@id\":\"https:\\\/\\\/www.webdo.tn\\\/fr\\\/actualite\\\/international\\\/iran-etats-unis-teheran-met-trump-dos-au-mur-entre-guerre-impossible-et-accord-perdant\\\/397247\\\/\"},\"wordCount\":375,\"publisher\":{\"@id\":\"https:\\\/\\\/www.webdo.tn\\\/fr\\\/#organization\"},\"image\":{\"@id\":\"https:\\\/\\\/www.webdo.tn\\\/fr\\\/actualite\\\/international\\\/iran-etats-unis-teheran-met-trump-dos-au-mur-entre-guerre-impossible-et-accord-perdant\\\/397247\\\/#primaryimage\"},\"thumbnailUrl\":\"https:\\\/\\\/www.webdo.tn\\\/fr\\\/wp-content\\\/uploads\\\/2026\\\/05\\\/Iran-USA.jpg\",\"keywords\":[\"Etats-Unis\",\"guerre\",\"Iran\"],\"articleSection\":[\"International\"],\"inLanguage\":\"fr-FR\"},{\"@type\":\"WebPage\",\"@id\":\"https:\\\/\\\/www.webdo.tn\\\/fr\\\/actualite\\\/international\\\/iran-etats-unis-teheran-met-trump-dos-au-mur-entre-guerre-impossible-et-accord-perdant\\\/397247\\\/\",\"url\":\"https:\\\/\\\/www.webdo.tn\\\/fr\\\/actualite\\\/international\\\/iran-etats-unis-teheran-met-trump-dos-au-mur-entre-guerre-impossible-et-accord-perdant\\\/397247\\\/\",\"name\":\"Iran\u2013\u00c9tats-Unis : T\u00e9h\u00e9ran met Trump dos au mur entre guerre \u201cimpossible\u201d et accord \u201cperdant\u201d - webdo\",\"isPartOf\":{\"@id\":\"https:\\\/\\\/www.webdo.tn\\\/fr\\\/#website\"},\"primaryImageOfPage\":{\"@id\":\"https:\\\/\\\/www.webdo.tn\\\/fr\\\/actualite\\\/international\\\/iran-etats-unis-teheran-met-trump-dos-au-mur-entre-guerre-impossible-et-accord-perdant\\\/397247\\\/#primaryimage\"},\"image\":{\"@id\":\"https:\\\/\\\/www.webdo.tn\\\/fr\\\/actualite\\\/international\\\/iran-etats-unis-teheran-met-trump-dos-au-mur-entre-guerre-impossible-et-accord-perdant\\\/397247\\\/#primaryimage\"},\"thumbnailUrl\":\"https:\\\/\\\/www.webdo.tn\\\/fr\\\/wp-content\\\/uploads\\\/2026\\\/05\\\/Iran-USA.jpg\",\"datePublished\":\"2026-05-03T12:10:54+00:00\",\"dateModified\":\"2026-05-03T12:10:57+00:00\",\"description\":\"Analyse des tensions Iran\u2013\u00c9tats-Unis et des d\u00e9fis auxquels fait face l'administration Trump dans ses options diplomatiques.\",\"breadcrumb\":{\"@id\":\"https:\\\/\\\/www.webdo.tn\\\/fr\\\/actualite\\\/international\\\/iran-etats-unis-teheran-met-trump-dos-au-mur-entre-guerre-impossible-et-accord-perdant\\\/397247\\\/#breadcrumb\"},\"inLanguage\":\"fr-FR\",\"potentialAction\":[{\"@type\":\"ReadAction\",\"target\":[\"https:\\\/\\\/www.webdo.tn\\\/fr\\\/actualite\\\/international\\\/iran-etats-unis-teheran-met-trump-dos-au-mur-entre-guerre-impossible-et-accord-perdant\\\/397247\\\/\"]}]},{\"@type\":\"ImageObject\",\"inLanguage\":\"fr-FR\",\"@id\":\"https:\\\/\\\/www.webdo.tn\\\/fr\\\/actualite\\\/international\\\/iran-etats-unis-teheran-met-trump-dos-au-mur-entre-guerre-impossible-et-accord-perdant\\\/397247\\\/#primaryimage\",\"url\":\"https:\\\/\\\/www.webdo.tn\\\/fr\\\/wp-content\\\/uploads\\\/2026\\\/05\\\/Iran-USA.jpg\",\"contentUrl\":\"https:\\\/\\\/www.webdo.tn\\\/fr\\\/wp-content\\\/uploads\\\/2026\\\/05\\\/Iran-USA.jpg\",\"width\":1200,\"height\":601,\"caption\":\"Iran\u2013\u00c9tats-Unis : T\u00e9h\u00e9ran met Trump dos au mur entre guerre \u201cimpossible\u201d et accord \u201cperdant\u201d\"},{\"@type\":\"BreadcrumbList\",\"@id\":\"https:\\\/\\\/www.webdo.tn\\\/fr\\\/actualite\\\/international\\\/iran-etats-unis-teheran-met-trump-dos-au-mur-entre-guerre-impossible-et-accord-perdant\\\/397247\\\/#breadcrumb\",\"itemListElement\":[{\"@type\":\"ListItem\",\"position\":1,\"name\":\"Accueil\",\"item\":\"https:\\\/\\\/www.webdo.tn\\\/fr\\\/\"},{\"@type\":\"ListItem\",\"position\":2,\"name\":\"Iran\u2013\u00c9tats-Unis : T\u00e9h\u00e9ran met Trump dos au mur entre guerre \u201cimpossible\u201d et accord \u201cperdant\u201d\"}]},{\"@type\":\"WebSite\",\"@id\":\"https:\\\/\\\/www.webdo.tn\\\/fr\\\/#website\",\"url\":\"https:\\\/\\\/www.webdo.tn\\\/fr\\\/\",\"name\":\"webdo\",\"description\":\"Tunisie - News en Tunisie et \u00e0 l&#039;international sur Webdo.tn\",\"publisher\":{\"@id\":\"https:\\\/\\\/www.webdo.tn\\\/fr\\\/#organization\"},\"potentialAction\":[{\"@type\":\"SearchAction\",\"target\":{\"@type\":\"EntryPoint\",\"urlTemplate\":\"https:\\\/\\\/www.webdo.tn\\\/fr\\\/?s={search_term_string}\"},\"query-input\":{\"@type\":\"PropertyValueSpecification\",\"valueRequired\":true,\"valueName\":\"search_term_string\"}}],\"inLanguage\":\"fr-FR\"},{\"@type\":\"Organization\",\"@id\":\"https:\\\/\\\/www.webdo.tn\\\/fr\\\/#organization\",\"name\":\"Webdo\",\"alternateName\":\"Webdo.tn\",\"url\":\"https:\\\/\\\/www.webdo.tn\\\/fr\\\/\",\"logo\":{\"@type\":\"ImageObject\",\"inLanguage\":\"fr-FR\",\"@id\":\"https:\\\/\\\/www.webdo.tn\\\/fr\\\/#\\\/schema\\\/logo\\\/image\\\/\",\"url\":\"https:\\\/\\\/www.webdo.tn\\\/fr\\\/wp-content\\\/uploads\\\/2025\\\/06\\\/Webdo-Tunisie_168377.jpg\",\"contentUrl\":\"https:\\\/\\\/www.webdo.tn\\\/fr\\\/wp-content\\\/uploads\\\/2025\\\/06\\\/Webdo-Tunisie_168377.jpg\",\"width\":301,\"height\":301,\"caption\":\"Webdo\"},\"image\":{\"@id\":\"https:\\\/\\\/www.webdo.tn\\\/fr\\\/#\\\/schema\\\/logo\\\/image\\\/\"},\"sameAs\":[\"https:\\\/\\\/www.facebook.com\\\/webdotn\",\"https:\\\/\\\/x.com\\\/webdo_tn\"],\"description\":\"Webdo est un m\u00e9dia num\u00e9rique tunisien fond\u00e9 en 2010, sp\u00e9cialis\u00e9 dans l\u2019actualit\u00e9 nationale et internationale, l\u2019\u00e9conomie, la soci\u00e9t\u00e9 et les analyses politiques. Le site s\u2019adresse \u00e0 un large public francophone et couvre l\u2019information tunisienne en temps r\u00e9el.\",\"email\":\"redac@webdo.tn\",\"legalName\":\"YNJ SARL\",\"foundingDate\":\"2010-09-06\",\"numberOfEmployees\":{\"@type\":\"QuantitativeValue\",\"minValue\":\"11\",\"maxValue\":\"50\"}},{\"@type\":\"Person\",\"@id\":\"https:\\\/\\\/www.webdo.tn\\\/fr\\\/#\\\/schema\\\/person\\\/16a4857e77dfc0b610c4c2cadffc9ac4\",\"name\":\"Mohamed Fethi\",\"image\":{\"@type\":\"ImageObject\",\"inLanguage\":\"fr-FR\",\"@id\":\"https:\\\/\\\/www.webdo.tn\\\/fr\\\/wp-content\\\/uploads\\\/2026\\\/04\\\/mohamed-fethi_avatar_1-96x96.jpg\",\"url\":\"https:\\\/\\\/www.webdo.tn\\\/fr\\\/wp-content\\\/uploads\\\/2026\\\/04\\\/mohamed-fethi_avatar_1-96x96.jpg\",\"contentUrl\":\"https:\\\/\\\/www.webdo.tn\\\/fr\\\/wp-content\\\/uploads\\\/2026\\\/04\\\/mohamed-fethi_avatar_1-96x96.jpg\",\"caption\":\"Mohamed Fethi\"},\"description\":\"Signature \u00e9ditoriale de Maher Chaabane Mohamed Fethi est le pseudonyme \u00e9ditorial de Maher Chaabane, r\u00e9dacteur en chef de Webdo.tn depuis 2012. Cette signature est d\u00e9di\u00e9e au traitement intensif de l'actualit\u00e9 nationale et internationale en temps r\u00e9el. S'appuyant sur les deux d\u00e9cennies d'expertise journalistique de Maher Chaabane \u2014 d\u00e9but\u00e9e au sein du groupe Tunis Hebdo en 2000 \u2014 Mohamed Fethi assure une veille rigoureuse sur les enjeux politiques, \u00e9conomiques et sportifs. Sa mission est de garantir une information structur\u00e9e, fluide et fid\u00e8le aux standards de la r\u00e9daction. Pour consulter le parcours complet du r\u00e9dacteur en chef, visitez le profil officiel de Maher Chaabane.\",\"knowsAbout\":[\"actualit\u00e9\",\"journalisme\",\"information\",\"politique\",\"sport\",\"m\u00e9dias\",\"actualit\u00e9 internationale\"],\"knowsLanguage\":[\"Fran\u00e7ais\",\"Arabe\"],\"jobTitle\":\"Journaliste \u2013 R\u00e9daction Webdo\",\"worksFor\":\"Webdo.tn\",\"url\":\"https:\\\/\\\/www.webdo.tn\\\/fr\\\/actualite\\\/author\\\/mohamed-fethi\\\/\"}]}<\/script>\n<!-- \/ Yoast SEO Premium plugin. -->","yoast_head_json":{"title":"Iran\u2013\u00c9tats-Unis : T\u00e9h\u00e9ran met Trump dos au mur entre guerre \u201cimpossible\u201d et accord \u201cperdant\u201d - webdo","description":"Analyse des tensions Iran\u2013\u00c9tats-Unis et des d\u00e9fis auxquels fait face l'administration Trump dans ses options diplomatiques.","canonical":"https:\/\/www.webdo.tn\/fr\/actualite\/international\/iran-etats-unis-teheran-met-trump-dos-au-mur-entre-guerre-impossible-et-accord-perdant\/397247\/","og_locale":"fr_FR","og_type":"article","og_title":"Iran\u2013\u00c9tats-Unis : T\u00e9h\u00e9ran met Trump dos au mur entre guerre \u201cimpossible\u201d et accord \u201cperdant\u201d","og_description":"Analyse des tensions Iran\u2013\u00c9tats-Unis et des d\u00e9fis auxquels fait face l'administration Trump dans ses options diplomatiques.","og_url":"https:\/\/www.webdo.tn\/fr\/actualite\/international\/iran-etats-unis-teheran-met-trump-dos-au-mur-entre-guerre-impossible-et-accord-perdant\/397247\/","og_site_name":"webdo","article_publisher":"https:\/\/www.facebook.com\/webdotn","article_published_time":"2026-05-03T12:10:54+00:00","article_modified_time":"2026-05-03T12:10:57+00:00","og_image":[{"width":1200,"height":601,"url":"https:\/\/www.webdo.tn\/fr\/wp-content\/uploads\/2026\/05\/Iran-USA.jpg","type":"image\/jpeg"}],"author":"Mohamed Fethi","twitter_card":"summary_large_image","twitter_creator":"@webdo_tn","twitter_site":"@webdo_tn","twitter_misc":{"\u00c9crit par":"Mohamed Fethi","Dur\u00e9e de lecture estim\u00e9e":"2 minutes"},"schema":{"@context":"https:\/\/schema.org","@graph":[{"@type":"NewsArticle","@id":"https:\/\/www.webdo.tn\/fr\/actualite\/international\/iran-etats-unis-teheran-met-trump-dos-au-mur-entre-guerre-impossible-et-accord-perdant\/397247\/#article","isPartOf":{"@id":"https:\/\/www.webdo.tn\/fr\/actualite\/international\/iran-etats-unis-teheran-met-trump-dos-au-mur-entre-guerre-impossible-et-accord-perdant\/397247\/"},"author":{"name":"Mohamed Fethi","@id":"https:\/\/www.webdo.tn\/fr\/#\/schema\/person\/16a4857e77dfc0b610c4c2cadffc9ac4"},"headline":"Iran\u2013\u00c9tats-Unis : T\u00e9h\u00e9ran met Trump dos au mur entre guerre \u201cimpossible\u201d et accord \u201cperdant\u201d","datePublished":"2026-05-03T12:10:54+00:00","dateModified":"2026-05-03T12:10:57+00:00","mainEntityOfPage":{"@id":"https:\/\/www.webdo.tn\/fr\/actualite\/international\/iran-etats-unis-teheran-met-trump-dos-au-mur-entre-guerre-impossible-et-accord-perdant\/397247\/"},"wordCount":375,"publisher":{"@id":"https:\/\/www.webdo.tn\/fr\/#organization"},"image":{"@id":"https:\/\/www.webdo.tn\/fr\/actualite\/international\/iran-etats-unis-teheran-met-trump-dos-au-mur-entre-guerre-impossible-et-accord-perdant\/397247\/#primaryimage"},"thumbnailUrl":"https:\/\/www.webdo.tn\/fr\/wp-content\/uploads\/2026\/05\/Iran-USA.jpg","keywords":["Etats-Unis","guerre","Iran"],"articleSection":["International"],"inLanguage":"fr-FR"},{"@type":"WebPage","@id":"https:\/\/www.webdo.tn\/fr\/actualite\/international\/iran-etats-unis-teheran-met-trump-dos-au-mur-entre-guerre-impossible-et-accord-perdant\/397247\/","url":"https:\/\/www.webdo.tn\/fr\/actualite\/international\/iran-etats-unis-teheran-met-trump-dos-au-mur-entre-guerre-impossible-et-accord-perdant\/397247\/","name":"Iran\u2013\u00c9tats-Unis : T\u00e9h\u00e9ran met Trump dos au mur entre guerre \u201cimpossible\u201d et accord \u201cperdant\u201d - webdo","isPartOf":{"@id":"https:\/\/www.webdo.tn\/fr\/#website"},"primaryImageOfPage":{"@id":"https:\/\/www.webdo.tn\/fr\/actualite\/international\/iran-etats-unis-teheran-met-trump-dos-au-mur-entre-guerre-impossible-et-accord-perdant\/397247\/#primaryimage"},"image":{"@id":"https:\/\/www.webdo.tn\/fr\/actualite\/international\/iran-etats-unis-teheran-met-trump-dos-au-mur-entre-guerre-impossible-et-accord-perdant\/397247\/#primaryimage"},"thumbnailUrl":"https:\/\/www.webdo.tn\/fr\/wp-content\/uploads\/2026\/05\/Iran-USA.jpg","datePublished":"2026-05-03T12:10:54+00:00","dateModified":"2026-05-03T12:10:57+00:00","description":"Analyse des tensions Iran\u2013\u00c9tats-Unis et des d\u00e9fis auxquels fait face l'administration Trump dans ses options diplomatiques.","breadcrumb":{"@id":"https:\/\/www.webdo.tn\/fr\/actualite\/international\/iran-etats-unis-teheran-met-trump-dos-au-mur-entre-guerre-impossible-et-accord-perdant\/397247\/#breadcrumb"},"inLanguage":"fr-FR","potentialAction":[{"@type":"ReadAction","target":["https:\/\/www.webdo.tn\/fr\/actualite\/international\/iran-etats-unis-teheran-met-trump-dos-au-mur-entre-guerre-impossible-et-accord-perdant\/397247\/"]}]},{"@type":"ImageObject","inLanguage":"fr-FR","@id":"https:\/\/www.webdo.tn\/fr\/actualite\/international\/iran-etats-unis-teheran-met-trump-dos-au-mur-entre-guerre-impossible-et-accord-perdant\/397247\/#primaryimage","url":"https:\/\/www.webdo.tn\/fr\/wp-content\/uploads\/2026\/05\/Iran-USA.jpg","contentUrl":"https:\/\/www.webdo.tn\/fr\/wp-content\/uploads\/2026\/05\/Iran-USA.jpg","width":1200,"height":601,"caption":"Iran\u2013\u00c9tats-Unis : T\u00e9h\u00e9ran met Trump dos au mur entre guerre \u201cimpossible\u201d et accord \u201cperdant\u201d"},{"@type":"BreadcrumbList","@id":"https:\/\/www.webdo.tn\/fr\/actualite\/international\/iran-etats-unis-teheran-met-trump-dos-au-mur-entre-guerre-impossible-et-accord-perdant\/397247\/#breadcrumb","itemListElement":[{"@type":"ListItem","position":1,"name":"Accueil","item":"https:\/\/www.webdo.tn\/fr\/"},{"@type":"ListItem","position":2,"name":"Iran\u2013\u00c9tats-Unis : T\u00e9h\u00e9ran met Trump dos au mur entre guerre \u201cimpossible\u201d et accord \u201cperdant\u201d"}]},{"@type":"WebSite","@id":"https:\/\/www.webdo.tn\/fr\/#website","url":"https:\/\/www.webdo.tn\/fr\/","name":"webdo","description":"Tunisie - News en Tunisie et \u00e0 l&#039;international sur Webdo.tn","publisher":{"@id":"https:\/\/www.webdo.tn\/fr\/#organization"},"potentialAction":[{"@type":"SearchAction","target":{"@type":"EntryPoint","urlTemplate":"https:\/\/www.webdo.tn\/fr\/?s={search_term_string}"},"query-input":{"@type":"PropertyValueSpecification","valueRequired":true,"valueName":"search_term_string"}}],"inLanguage":"fr-FR"},{"@type":"Organization","@id":"https:\/\/www.webdo.tn\/fr\/#organization","name":"Webdo","alternateName":"Webdo.tn","url":"https:\/\/www.webdo.tn\/fr\/","logo":{"@type":"ImageObject","inLanguage":"fr-FR","@id":"https:\/\/www.webdo.tn\/fr\/#\/schema\/logo\/image\/","url":"https:\/\/www.webdo.tn\/fr\/wp-content\/uploads\/2025\/06\/Webdo-Tunisie_168377.jpg","contentUrl":"https:\/\/www.webdo.tn\/fr\/wp-content\/uploads\/2025\/06\/Webdo-Tunisie_168377.jpg","width":301,"height":301,"caption":"Webdo"},"image":{"@id":"https:\/\/www.webdo.tn\/fr\/#\/schema\/logo\/image\/"},"sameAs":["https:\/\/www.facebook.com\/webdotn","https:\/\/x.com\/webdo_tn"],"description":"Webdo est un m\u00e9dia num\u00e9rique tunisien fond\u00e9 en 2010, sp\u00e9cialis\u00e9 dans l\u2019actualit\u00e9 nationale et internationale, l\u2019\u00e9conomie, la soci\u00e9t\u00e9 et les analyses politiques. Le site s\u2019adresse \u00e0 un large public francophone et couvre l\u2019information tunisienne en temps r\u00e9el.","email":"redac@webdo.tn","legalName":"YNJ SARL","foundingDate":"2010-09-06","numberOfEmployees":{"@type":"QuantitativeValue","minValue":"11","maxValue":"50"}},{"@type":"Person","@id":"https:\/\/www.webdo.tn\/fr\/#\/schema\/person\/16a4857e77dfc0b610c4c2cadffc9ac4","name":"Mohamed Fethi","image":{"@type":"ImageObject","inLanguage":"fr-FR","@id":"https:\/\/www.webdo.tn\/fr\/wp-content\/uploads\/2026\/04\/mohamed-fethi_avatar_1-96x96.jpg","url":"https:\/\/www.webdo.tn\/fr\/wp-content\/uploads\/2026\/04\/mohamed-fethi_avatar_1-96x96.jpg","contentUrl":"https:\/\/www.webdo.tn\/fr\/wp-content\/uploads\/2026\/04\/mohamed-fethi_avatar_1-96x96.jpg","caption":"Mohamed Fethi"},"description":"Signature \u00e9ditoriale de Maher Chaabane Mohamed Fethi est le pseudonyme \u00e9ditorial de Maher Chaabane, r\u00e9dacteur en chef de Webdo.tn depuis 2012. Cette signature est d\u00e9di\u00e9e au traitement intensif de l'actualit\u00e9 nationale et internationale en temps r\u00e9el. S'appuyant sur les deux d\u00e9cennies d'expertise journalistique de Maher Chaabane \u2014 d\u00e9but\u00e9e au sein du groupe Tunis Hebdo en 2000 \u2014 Mohamed Fethi assure une veille rigoureuse sur les enjeux politiques, \u00e9conomiques et sportifs. Sa mission est de garantir une information structur\u00e9e, fluide et fid\u00e8le aux standards de la r\u00e9daction. Pour consulter le parcours complet du r\u00e9dacteur en chef, visitez le profil officiel de Maher Chaabane.","knowsAbout":["actualit\u00e9","journalisme","information","politique","sport","m\u00e9dias","actualit\u00e9 internationale"],"knowsLanguage":["Fran\u00e7ais","Arabe"],"jobTitle":"Journaliste \u2013 R\u00e9daction Webdo","worksFor":"Webdo.tn","url":"https:\/\/www.webdo.tn\/fr\/actualite\/author\/mohamed-fethi\/"}]}},"_links":{"self":[{"href":"https:\/\/www.webdo.tn\/fr\/wp-json\/wp\/v2\/posts\/397247","targetHints":{"allow":["GET"]}}],"collection":[{"href":"https:\/\/www.webdo.tn\/fr\/wp-json\/wp\/v2\/posts"}],"about":[{"href":"https:\/\/www.webdo.tn\/fr\/wp-json\/wp\/v2\/types\/post"}],"author":[{"embeddable":true,"href":"https:\/\/www.webdo.tn\/fr\/wp-json\/wp\/v2\/users\/4782"}],"replies":[{"embeddable":true,"href":"https:\/\/www.webdo.tn\/fr\/wp-json\/wp\/v2\/comments?post=397247"}],"version-history":[{"count":1,"href":"https:\/\/www.webdo.tn\/fr\/wp-json\/wp\/v2\/posts\/397247\/revisions"}],"predecessor-version":[{"id":397249,"href":"https:\/\/www.webdo.tn\/fr\/wp-json\/wp\/v2\/posts\/397247\/revisions\/397249"}],"wp:featuredmedia":[{"embeddable":true,"href":"https:\/\/www.webdo.tn\/fr\/wp-json\/wp\/v2\/media\/397248"}],"wp:attachment":[{"href":"https:\/\/www.webdo.tn\/fr\/wp-json\/wp\/v2\/media?parent=397247"}],"wp:term":[{"taxonomy":"category","embeddable":true,"href":"https:\/\/www.webdo.tn\/fr\/wp-json\/wp\/v2\/categories?post=397247"},{"taxonomy":"post_tag","embeddable":true,"href":"https:\/\/www.webdo.tn\/fr\/wp-json\/wp\/v2\/tags?post=397247"}],"curies":[{"name":"wp","href":"https:\/\/api.w.org\/{rel}","templated":true}]}}