{"id":397244,"date":"2026-05-03T12:58:52","date_gmt":"2026-05-03T11:58:52","guid":{"rendered":"https:\/\/www.webdo.tn\/fr\/?p=397244"},"modified":"2026-05-03T12:58:54","modified_gmt":"2026-05-03T11:58:54","slug":"assurance-des-deux-roues-de-nouvelles-mesures-pour-mettre-fin-au-refus-des-assureurs","status":"publish","type":"post","link":"https:\/\/www.webdo.tn\/fr\/actualite\/national\/assurance-des-deux-roues-de-nouvelles-mesures-pour-mettre-fin-au-refus-des-assureurs\/397244\/","title":{"rendered":"Assurance des deux-roues\u00a0: De nouvelles mesures pour mettre fin au refus des assureurs"},"content":{"rendered":"\n<p><strong>La ministre des Finances, Michket Slama Khaldi, a annonc\u00e9 une s\u00e9rie de mesures visant \u00e0 r\u00e9soudre le refus de certaines compagnies d\u2019assurer les motos, notamment celles de plus de 50 cm\u00b3. Ces dispositions, inscrites dans le plan de d\u00e9veloppement 2026-2030, visent \u00e0 garantir une meilleure couverture tout en renfor\u00e7ant le cadre r\u00e9glementaire.<\/strong><\/p>\n\n\n\n<h2 class=\"wp-block-heading\" id=\"h-un-mecanisme-elargi-pour-les-motos-non-immatriculees\">Un m\u00e9canisme \u00e9largi pour les motos non immatricul\u00e9es<\/h2>\n\n\n\n<p>La principale mesure consiste \u00e0 \u00e9tendre le syst\u00e8me de distribution solidaire de l\u2019assurance aux motos acquises avant le 1er janvier 2025 et ne disposant pas de carte grise. Cette approche permettra \u00e0 leurs propri\u00e9taires de b\u00e9n\u00e9ficier d\u2019une couverture malgr\u00e9 les contraintes juridiques et techniques.<\/p>\n\n\n\n<blockquote class=\"wp-block-quote is-layout-flow wp-block-quote-is-layout-flow\">\n<ul class=\"wp-block-list\">\n<li class=\"has-medium-font-size\"><strong>Lire aussi : <\/strong><a href=\"https:\/\/www.webdo.tn\/fr\/actualite\/national\/tunisie-42-des-accidents-mortels-impliquent-des-motos\/389764\/\">Tunisie : 42% des accidents mortels impliquent des motos<\/a><\/li>\n<\/ul>\n<\/blockquote>\n\n\n\n<p>En revanche, pour les motos commercialis\u00e9es apr\u00e8s cette date, la souscription d\u2019une assurance restera conditionn\u00e9e \u00e0 la pr\u00e9sentation de la carte grise, conform\u00e9ment \u00e0 la l\u00e9gislation en vigueur.<\/p>\n\n\n\n<h2 class=\"wp-block-heading\" id=\"h-un-recours-en-cas-de-refus-des-assureurs\">Un recours en cas de refus des assureurs<\/h2>\n\n\n\n<p>La ministre a pr\u00e9cis\u00e9 que tout refus d\u2019assurance ou absence de r\u00e9ponse dans un d\u00e9lai de dix jours ouvre la voie \u00e0 un recours aupr\u00e8s du bureau central de tarification. Cette instance pourra fixer le montant de la prime et contraindre la compagnie concern\u00e9e \u00e0 accorder la couverture.<\/p>\n\n\n\n<p>Ces mesures r\u00e9sultent d\u2019une concertation entre la Direction g\u00e9n\u00e9rale des assurances et la F\u00e9d\u00e9ration tunisienne des soci\u00e9t\u00e9s d\u2019assurances. L\u2019objectif est de mettre fin \u00e0 la multiplication des refus et de garantir le respect de l\u2019obligation d\u2019assurance en responsabilit\u00e9 civile.<\/p>\n\n\n\n<blockquote class=\"wp-block-quote is-layout-flow wp-block-quote-is-layout-flow\">\n<ul class=\"wp-block-list\">\n<li class=\"has-medium-font-size\"><strong>Lire aussi :<\/strong> <a href=\"https:\/\/www.webdo.tn\/fr\/actualite\/national\/deux-millions-de-motos-hors-la-loi-lavertissement-choc-du-colonel-chaabani\/389232\/\">Deux millions de motos hors-la-loi : L\u2019avertissement choc du colonel Chaabani<\/a><\/li>\n<\/ul>\n<\/blockquote>\n\n\n\n<p>Dans ce cadre, tous les dossiers de refus concernant les motos de plus de 50 cm\u00b3 seront d\u00e9sormais orient\u00e9s vers la F\u00e9d\u00e9ration, qui se chargera soit de les transmettre au bureau central de tarification (pour les v\u00e9hicules immatricul\u00e9s), soit de les int\u00e9grer dans le syst\u00e8me solidaire (pour les motos non enregistr\u00e9es).<\/p>\n\n\n\n<h2 class=\"wp-block-heading\" id=\"h-protection-accrue-des-assures\">Protection accrue des assur\u00e9s<\/h2>\n\n\n\n<p>La ministre a \u00e9galement insist\u00e9 sur le r\u00f4le de la Direction g\u00e9n\u00e9rale des assurances dans la protection des assur\u00e9s. Celle-ci poursuivra le traitement des r\u00e9clamations et renforcera les m\u00e9canismes d\u2019intervention en cas d\u2019abus, avec notamment des proc\u00e9dures simplifi\u00e9es pour le d\u00e9p\u00f4t \u00e9lectronique des plaintes.<\/p>\n\n\n\n<p>Ces d\u00e9cisions interviennent dans un contexte de hausse des litiges li\u00e9s \u00e0 l\u2019assurance des motos en Tunisie, marqu\u00e9 par l\u2019augmentation du nombre d\u2019engins de plus de 50 cm\u00b3 et l\u2019\u00e9volution du parc roulant.<\/p>\n\n\n\n<blockquote class=\"wp-block-quote is-layout-flow wp-block-quote-is-layout-flow\">\n<ul class=\"wp-block-list\">\n<li class=\"has-medium-font-size\"><strong>Lire aussi :<\/strong> <a href=\"https:\/\/www.webdo.tn\/fr\/actualite\/national\/permis-obligatoire-pour-les-motos-amendes-et-peines-de-prison-prevues-par-la-loi\/211249\/\">Permis obligatoire pour les motos : Amendes et peines de prison pr\u00e9vues par la loi<\/a><\/li>\n<\/ul>\n<\/blockquote>\n","protected":false},"excerpt":{"rendered":"<p>La ministre des Finances, Michket Slama Khaldi, a annonc\u00e9 une s\u00e9rie de mesures visant \u00e0 r\u00e9soudre le refus de certaines compagnies d\u2019assurer les motos, notamment celles de plus de 50 cm\u00b3. Ces dispositions, inscrites dans le plan de d\u00e9veloppement 2026-2030, visent \u00e0 garantir une meilleure couverture tout en renfor\u00e7ant le cadre r\u00e9glementaire. Un m\u00e9canisme \u00e9largi [&hellip;]<\/p>\n","protected":false},"author":4782,"featured_media":397245,"comment_status":"closed","ping_status":"closed","sticky":false,"template":"","format":"standard","meta":{"footnotes":""},"categories":[13163,44],"tags":[4647,14091,14092,7546,2608],"class_list":["post-397244","post","type-post","status-publish","format-standard","has-post-thumbnail","hentry","category-epingle","category-national","tag-assurance","tag-assureurs","tag-deux-roues","tag-motos","tag-tunisie"],"yoast_head":"<!-- This site is optimized with the Yoast SEO Premium plugin v27.5 (Yoast SEO v27.5) - https:\/\/yoast.com\/product\/yoast-seo-premium-wordpress\/ -->\n<title>Assurance des deux-roues\u00a0: De nouvelles mesures pour mettre fin au refus des assureurs - webdo<\/title>\n<meta name=\"description\" content=\"Explorez comment l&#039;Assurance des deux-roues \u00e9volue pour offrir une couverture aux motos sans carte grise, jusqu&#039;en 2025.\" \/>\n<link rel=\"canonical\" href=\"https:\/\/www.webdo.tn\/fr\/actualite\/national\/assurance-des-deux-roues-de-nouvelles-mesures-pour-mettre-fin-au-refus-des-assureurs\/397244\/\" \/>\n<meta property=\"og:locale\" content=\"fr_FR\" \/>\n<meta property=\"og:type\" content=\"article\" \/>\n<meta property=\"og:title\" content=\"Assurance des deux-roues\u00a0: De nouvelles mesures pour mettre fin au refus des assureurs\" \/>\n<meta property=\"og:description\" content=\"Explorez comment l&#039;Assurance des deux-roues \u00e9volue pour offrir une couverture aux motos sans carte grise, jusqu&#039;en 2025.\" \/>\n<meta property=\"og:url\" content=\"https:\/\/www.webdo.tn\/fr\/actualite\/national\/assurance-des-deux-roues-de-nouvelles-mesures-pour-mettre-fin-au-refus-des-assureurs\/397244\/\" \/>\n<meta property=\"og:site_name\" content=\"webdo\" \/>\n<meta property=\"article:publisher\" content=\"https:\/\/www.facebook.com\/webdotn\" \/>\n<meta property=\"article:published_time\" content=\"2026-05-03T11:58:52+00:00\" \/>\n<meta property=\"article:modified_time\" content=\"2026-05-03T11:58:54+00:00\" \/>\n<meta property=\"og:image\" content=\"https:\/\/www.webdo.tn\/fr\/wp-content\/uploads\/2026\/05\/moto.jpg\" \/>\n\t<meta property=\"og:image:width\" content=\"1200\" \/>\n\t<meta property=\"og:image:height\" content=\"600\" \/>\n\t<meta property=\"og:image:type\" content=\"image\/jpeg\" \/>\n<meta name=\"author\" content=\"Mohamed Fethi\" \/>\n<meta name=\"twitter:card\" content=\"summary_large_image\" \/>\n<meta name=\"twitter:creator\" content=\"@webdo_tn\" \/>\n<meta name=\"twitter:site\" content=\"@webdo_tn\" \/>\n<meta name=\"twitter:label1\" content=\"\u00c9crit par\" \/>\n\t<meta name=\"twitter:data1\" content=\"Mohamed Fethi\" \/>\n\t<meta name=\"twitter:label2\" content=\"Dur\u00e9e de lecture estim\u00e9e\" \/>\n\t<meta name=\"twitter:data2\" content=\"3 minutes\" \/>\n<script type=\"application\/ld+json\" class=\"yoast-schema-graph\">{\"@context\":\"https:\\\/\\\/schema.org\",\"@graph\":[{\"@type\":\"NewsArticle\",\"@id\":\"https:\\\/\\\/www.webdo.tn\\\/fr\\\/actualite\\\/national\\\/assurance-des-deux-roues-de-nouvelles-mesures-pour-mettre-fin-au-refus-des-assureurs\\\/397244\\\/#article\",\"isPartOf\":{\"@id\":\"https:\\\/\\\/www.webdo.tn\\\/fr\\\/actualite\\\/national\\\/assurance-des-deux-roues-de-nouvelles-mesures-pour-mettre-fin-au-refus-des-assureurs\\\/397244\\\/\"},\"author\":{\"name\":\"Mohamed Fethi\",\"@id\":\"https:\\\/\\\/www.webdo.tn\\\/fr\\\/#\\\/schema\\\/person\\\/16a4857e77dfc0b610c4c2cadffc9ac4\"},\"headline\":\"Assurance des deux-roues\u00a0: De nouvelles mesures pour mettre fin au refus des assureurs\",\"datePublished\":\"2026-05-03T11:58:52+00:00\",\"dateModified\":\"2026-05-03T11:58:54+00:00\",\"mainEntityOfPage\":{\"@id\":\"https:\\\/\\\/www.webdo.tn\\\/fr\\\/actualite\\\/national\\\/assurance-des-deux-roues-de-nouvelles-mesures-pour-mettre-fin-au-refus-des-assureurs\\\/397244\\\/\"},\"wordCount\":464,\"publisher\":{\"@id\":\"https:\\\/\\\/www.webdo.tn\\\/fr\\\/#organization\"},\"image\":{\"@id\":\"https:\\\/\\\/www.webdo.tn\\\/fr\\\/actualite\\\/national\\\/assurance-des-deux-roues-de-nouvelles-mesures-pour-mettre-fin-au-refus-des-assureurs\\\/397244\\\/#primaryimage\"},\"thumbnailUrl\":\"https:\\\/\\\/www.webdo.tn\\\/fr\\\/wp-content\\\/uploads\\\/2026\\\/05\\\/moto.jpg\",\"keywords\":[\"assurance\",\"assureurs\",\"deux-roues\",\"Motos\",\"Tunisie\"],\"articleSection\":[\"\u00c9pingle\",\"National\"],\"inLanguage\":\"fr-FR\"},{\"@type\":\"WebPage\",\"@id\":\"https:\\\/\\\/www.webdo.tn\\\/fr\\\/actualite\\\/national\\\/assurance-des-deux-roues-de-nouvelles-mesures-pour-mettre-fin-au-refus-des-assureurs\\\/397244\\\/\",\"url\":\"https:\\\/\\\/www.webdo.tn\\\/fr\\\/actualite\\\/national\\\/assurance-des-deux-roues-de-nouvelles-mesures-pour-mettre-fin-au-refus-des-assureurs\\\/397244\\\/\",\"name\":\"Assurance des deux-roues\u00a0: De nouvelles mesures pour mettre fin au refus des assureurs - webdo\",\"isPartOf\":{\"@id\":\"https:\\\/\\\/www.webdo.tn\\\/fr\\\/#website\"},\"primaryImageOfPage\":{\"@id\":\"https:\\\/\\\/www.webdo.tn\\\/fr\\\/actualite\\\/national\\\/assurance-des-deux-roues-de-nouvelles-mesures-pour-mettre-fin-au-refus-des-assureurs\\\/397244\\\/#primaryimage\"},\"image\":{\"@id\":\"https:\\\/\\\/www.webdo.tn\\\/fr\\\/actualite\\\/national\\\/assurance-des-deux-roues-de-nouvelles-mesures-pour-mettre-fin-au-refus-des-assureurs\\\/397244\\\/#primaryimage\"},\"thumbnailUrl\":\"https:\\\/\\\/www.webdo.tn\\\/fr\\\/wp-content\\\/uploads\\\/2026\\\/05\\\/moto.jpg\",\"datePublished\":\"2026-05-03T11:58:52+00:00\",\"dateModified\":\"2026-05-03T11:58:54+00:00\",\"description\":\"Explorez comment l'Assurance des deux-roues \u00e9volue pour offrir une couverture aux motos sans carte grise, jusqu'en 2025.\",\"breadcrumb\":{\"@id\":\"https:\\\/\\\/www.webdo.tn\\\/fr\\\/actualite\\\/national\\\/assurance-des-deux-roues-de-nouvelles-mesures-pour-mettre-fin-au-refus-des-assureurs\\\/397244\\\/#breadcrumb\"},\"inLanguage\":\"fr-FR\",\"potentialAction\":[{\"@type\":\"ReadAction\",\"target\":[\"https:\\\/\\\/www.webdo.tn\\\/fr\\\/actualite\\\/national\\\/assurance-des-deux-roues-de-nouvelles-mesures-pour-mettre-fin-au-refus-des-assureurs\\\/397244\\\/\"]}]},{\"@type\":\"ImageObject\",\"inLanguage\":\"fr-FR\",\"@id\":\"https:\\\/\\\/www.webdo.tn\\\/fr\\\/actualite\\\/national\\\/assurance-des-deux-roues-de-nouvelles-mesures-pour-mettre-fin-au-refus-des-assureurs\\\/397244\\\/#primaryimage\",\"url\":\"https:\\\/\\\/www.webdo.tn\\\/fr\\\/wp-content\\\/uploads\\\/2026\\\/05\\\/moto.jpg\",\"contentUrl\":\"https:\\\/\\\/www.webdo.tn\\\/fr\\\/wp-content\\\/uploads\\\/2026\\\/05\\\/moto.jpg\",\"width\":1200,\"height\":600,\"caption\":\"Assurance des deux-roues\u00a0: De nouvelles mesures pour mettre fin au refus des assureurs\"},{\"@type\":\"BreadcrumbList\",\"@id\":\"https:\\\/\\\/www.webdo.tn\\\/fr\\\/actualite\\\/national\\\/assurance-des-deux-roues-de-nouvelles-mesures-pour-mettre-fin-au-refus-des-assureurs\\\/397244\\\/#breadcrumb\",\"itemListElement\":[{\"@type\":\"ListItem\",\"position\":1,\"name\":\"Accueil\",\"item\":\"https:\\\/\\\/www.webdo.tn\\\/fr\\\/\"},{\"@type\":\"ListItem\",\"position\":2,\"name\":\"Assurance des deux-roues\u00a0: De nouvelles mesures pour mettre fin au refus des assureurs\"}]},{\"@type\":\"WebSite\",\"@id\":\"https:\\\/\\\/www.webdo.tn\\\/fr\\\/#website\",\"url\":\"https:\\\/\\\/www.webdo.tn\\\/fr\\\/\",\"name\":\"webdo\",\"description\":\"Tunisie - News en Tunisie et \u00e0 l&#039;international sur Webdo.tn\",\"publisher\":{\"@id\":\"https:\\\/\\\/www.webdo.tn\\\/fr\\\/#organization\"},\"potentialAction\":[{\"@type\":\"SearchAction\",\"target\":{\"@type\":\"EntryPoint\",\"urlTemplate\":\"https:\\\/\\\/www.webdo.tn\\\/fr\\\/?s={search_term_string}\"},\"query-input\":{\"@type\":\"PropertyValueSpecification\",\"valueRequired\":true,\"valueName\":\"search_term_string\"}}],\"inLanguage\":\"fr-FR\"},{\"@type\":\"Organization\",\"@id\":\"https:\\\/\\\/www.webdo.tn\\\/fr\\\/#organization\",\"name\":\"Webdo\",\"alternateName\":\"Webdo.tn\",\"url\":\"https:\\\/\\\/www.webdo.tn\\\/fr\\\/\",\"logo\":{\"@type\":\"ImageObject\",\"inLanguage\":\"fr-FR\",\"@id\":\"https:\\\/\\\/www.webdo.tn\\\/fr\\\/#\\\/schema\\\/logo\\\/image\\\/\",\"url\":\"https:\\\/\\\/www.webdo.tn\\\/fr\\\/wp-content\\\/uploads\\\/2025\\\/06\\\/Webdo-Tunisie_168377.jpg\",\"contentUrl\":\"https:\\\/\\\/www.webdo.tn\\\/fr\\\/wp-content\\\/uploads\\\/2025\\\/06\\\/Webdo-Tunisie_168377.jpg\",\"width\":301,\"height\":301,\"caption\":\"Webdo\"},\"image\":{\"@id\":\"https:\\\/\\\/www.webdo.tn\\\/fr\\\/#\\\/schema\\\/logo\\\/image\\\/\"},\"sameAs\":[\"https:\\\/\\\/www.facebook.com\\\/webdotn\",\"https:\\\/\\\/x.com\\\/webdo_tn\"],\"description\":\"Webdo est un m\u00e9dia num\u00e9rique tunisien fond\u00e9 en 2010, sp\u00e9cialis\u00e9 dans l\u2019actualit\u00e9 nationale et internationale, l\u2019\u00e9conomie, la soci\u00e9t\u00e9 et les analyses politiques. Le site s\u2019adresse \u00e0 un large public francophone et couvre l\u2019information tunisienne en temps r\u00e9el.\",\"email\":\"redac@webdo.tn\",\"legalName\":\"YNJ SARL\",\"foundingDate\":\"2010-09-06\",\"numberOfEmployees\":{\"@type\":\"QuantitativeValue\",\"minValue\":\"11\",\"maxValue\":\"50\"}},{\"@type\":\"Person\",\"@id\":\"https:\\\/\\\/www.webdo.tn\\\/fr\\\/#\\\/schema\\\/person\\\/16a4857e77dfc0b610c4c2cadffc9ac4\",\"name\":\"Mohamed Fethi\",\"image\":{\"@type\":\"ImageObject\",\"inLanguage\":\"fr-FR\",\"@id\":\"https:\\\/\\\/www.webdo.tn\\\/fr\\\/wp-content\\\/uploads\\\/2026\\\/04\\\/mohamed-fethi_avatar_1-96x96.jpg\",\"url\":\"https:\\\/\\\/www.webdo.tn\\\/fr\\\/wp-content\\\/uploads\\\/2026\\\/04\\\/mohamed-fethi_avatar_1-96x96.jpg\",\"contentUrl\":\"https:\\\/\\\/www.webdo.tn\\\/fr\\\/wp-content\\\/uploads\\\/2026\\\/04\\\/mohamed-fethi_avatar_1-96x96.jpg\",\"caption\":\"Mohamed Fethi\"},\"description\":\"Signature \u00e9ditoriale de Maher Chaabane Mohamed Fethi est le pseudonyme \u00e9ditorial de Maher Chaabane, r\u00e9dacteur en chef de Webdo.tn depuis 2012. Cette signature est d\u00e9di\u00e9e au traitement intensif de l'actualit\u00e9 nationale et internationale en temps r\u00e9el. S'appuyant sur les deux d\u00e9cennies d'expertise journalistique de Maher Chaabane \u2014 d\u00e9but\u00e9e au sein du groupe Tunis Hebdo en 2000 \u2014 Mohamed Fethi assure une veille rigoureuse sur les enjeux politiques, \u00e9conomiques et sportifs. Sa mission est de garantir une information structur\u00e9e, fluide et fid\u00e8le aux standards de la r\u00e9daction. Pour consulter le parcours complet du r\u00e9dacteur en chef, visitez le profil officiel de Maher Chaabane.\",\"knowsAbout\":[\"actualit\u00e9\",\"journalisme\",\"information\",\"politique\",\"sport\",\"m\u00e9dias\",\"actualit\u00e9 internationale\"],\"knowsLanguage\":[\"Fran\u00e7ais\",\"Arabe\"],\"jobTitle\":\"Journaliste \u2013 R\u00e9daction Webdo\",\"worksFor\":\"Webdo.tn\",\"url\":\"https:\\\/\\\/www.webdo.tn\\\/fr\\\/actualite\\\/author\\\/mohamed-fethi\\\/\"}]}<\/script>\n<!-- \/ Yoast SEO Premium plugin. -->","yoast_head_json":{"title":"Assurance des deux-roues\u00a0: De nouvelles mesures pour mettre fin au refus des assureurs - webdo","description":"Explorez comment l'Assurance des deux-roues \u00e9volue pour offrir une couverture aux motos sans carte grise, jusqu'en 2025.","canonical":"https:\/\/www.webdo.tn\/fr\/actualite\/national\/assurance-des-deux-roues-de-nouvelles-mesures-pour-mettre-fin-au-refus-des-assureurs\/397244\/","og_locale":"fr_FR","og_type":"article","og_title":"Assurance des deux-roues\u00a0: De nouvelles mesures pour mettre fin au refus des assureurs","og_description":"Explorez comment l'Assurance des deux-roues \u00e9volue pour offrir une couverture aux motos sans carte grise, jusqu'en 2025.","og_url":"https:\/\/www.webdo.tn\/fr\/actualite\/national\/assurance-des-deux-roues-de-nouvelles-mesures-pour-mettre-fin-au-refus-des-assureurs\/397244\/","og_site_name":"webdo","article_publisher":"https:\/\/www.facebook.com\/webdotn","article_published_time":"2026-05-03T11:58:52+00:00","article_modified_time":"2026-05-03T11:58:54+00:00","og_image":[{"width":1200,"height":600,"url":"https:\/\/www.webdo.tn\/fr\/wp-content\/uploads\/2026\/05\/moto.jpg","type":"image\/jpeg"}],"author":"Mohamed Fethi","twitter_card":"summary_large_image","twitter_creator":"@webdo_tn","twitter_site":"@webdo_tn","twitter_misc":{"\u00c9crit par":"Mohamed Fethi","Dur\u00e9e de lecture estim\u00e9e":"3 minutes"},"schema":{"@context":"https:\/\/schema.org","@graph":[{"@type":"NewsArticle","@id":"https:\/\/www.webdo.tn\/fr\/actualite\/national\/assurance-des-deux-roues-de-nouvelles-mesures-pour-mettre-fin-au-refus-des-assureurs\/397244\/#article","isPartOf":{"@id":"https:\/\/www.webdo.tn\/fr\/actualite\/national\/assurance-des-deux-roues-de-nouvelles-mesures-pour-mettre-fin-au-refus-des-assureurs\/397244\/"},"author":{"name":"Mohamed Fethi","@id":"https:\/\/www.webdo.tn\/fr\/#\/schema\/person\/16a4857e77dfc0b610c4c2cadffc9ac4"},"headline":"Assurance des deux-roues\u00a0: De nouvelles mesures pour mettre fin au refus des assureurs","datePublished":"2026-05-03T11:58:52+00:00","dateModified":"2026-05-03T11:58:54+00:00","mainEntityOfPage":{"@id":"https:\/\/www.webdo.tn\/fr\/actualite\/national\/assurance-des-deux-roues-de-nouvelles-mesures-pour-mettre-fin-au-refus-des-assureurs\/397244\/"},"wordCount":464,"publisher":{"@id":"https:\/\/www.webdo.tn\/fr\/#organization"},"image":{"@id":"https:\/\/www.webdo.tn\/fr\/actualite\/national\/assurance-des-deux-roues-de-nouvelles-mesures-pour-mettre-fin-au-refus-des-assureurs\/397244\/#primaryimage"},"thumbnailUrl":"https:\/\/www.webdo.tn\/fr\/wp-content\/uploads\/2026\/05\/moto.jpg","keywords":["assurance","assureurs","deux-roues","Motos","Tunisie"],"articleSection":["\u00c9pingle","National"],"inLanguage":"fr-FR"},{"@type":"WebPage","@id":"https:\/\/www.webdo.tn\/fr\/actualite\/national\/assurance-des-deux-roues-de-nouvelles-mesures-pour-mettre-fin-au-refus-des-assureurs\/397244\/","url":"https:\/\/www.webdo.tn\/fr\/actualite\/national\/assurance-des-deux-roues-de-nouvelles-mesures-pour-mettre-fin-au-refus-des-assureurs\/397244\/","name":"Assurance des deux-roues\u00a0: De nouvelles mesures pour mettre fin au refus des assureurs - webdo","isPartOf":{"@id":"https:\/\/www.webdo.tn\/fr\/#website"},"primaryImageOfPage":{"@id":"https:\/\/www.webdo.tn\/fr\/actualite\/national\/assurance-des-deux-roues-de-nouvelles-mesures-pour-mettre-fin-au-refus-des-assureurs\/397244\/#primaryimage"},"image":{"@id":"https:\/\/www.webdo.tn\/fr\/actualite\/national\/assurance-des-deux-roues-de-nouvelles-mesures-pour-mettre-fin-au-refus-des-assureurs\/397244\/#primaryimage"},"thumbnailUrl":"https:\/\/www.webdo.tn\/fr\/wp-content\/uploads\/2026\/05\/moto.jpg","datePublished":"2026-05-03T11:58:52+00:00","dateModified":"2026-05-03T11:58:54+00:00","description":"Explorez comment l'Assurance des deux-roues \u00e9volue pour offrir une couverture aux motos sans carte grise, jusqu'en 2025.","breadcrumb":{"@id":"https:\/\/www.webdo.tn\/fr\/actualite\/national\/assurance-des-deux-roues-de-nouvelles-mesures-pour-mettre-fin-au-refus-des-assureurs\/397244\/#breadcrumb"},"inLanguage":"fr-FR","potentialAction":[{"@type":"ReadAction","target":["https:\/\/www.webdo.tn\/fr\/actualite\/national\/assurance-des-deux-roues-de-nouvelles-mesures-pour-mettre-fin-au-refus-des-assureurs\/397244\/"]}]},{"@type":"ImageObject","inLanguage":"fr-FR","@id":"https:\/\/www.webdo.tn\/fr\/actualite\/national\/assurance-des-deux-roues-de-nouvelles-mesures-pour-mettre-fin-au-refus-des-assureurs\/397244\/#primaryimage","url":"https:\/\/www.webdo.tn\/fr\/wp-content\/uploads\/2026\/05\/moto.jpg","contentUrl":"https:\/\/www.webdo.tn\/fr\/wp-content\/uploads\/2026\/05\/moto.jpg","width":1200,"height":600,"caption":"Assurance des deux-roues\u00a0: De nouvelles mesures pour mettre fin au refus des assureurs"},{"@type":"BreadcrumbList","@id":"https:\/\/www.webdo.tn\/fr\/actualite\/national\/assurance-des-deux-roues-de-nouvelles-mesures-pour-mettre-fin-au-refus-des-assureurs\/397244\/#breadcrumb","itemListElement":[{"@type":"ListItem","position":1,"name":"Accueil","item":"https:\/\/www.webdo.tn\/fr\/"},{"@type":"ListItem","position":2,"name":"Assurance des deux-roues\u00a0: De nouvelles mesures pour mettre fin au refus des assureurs"}]},{"@type":"WebSite","@id":"https:\/\/www.webdo.tn\/fr\/#website","url":"https:\/\/www.webdo.tn\/fr\/","name":"webdo","description":"Tunisie - News en Tunisie et \u00e0 l&#039;international sur Webdo.tn","publisher":{"@id":"https:\/\/www.webdo.tn\/fr\/#organization"},"potentialAction":[{"@type":"SearchAction","target":{"@type":"EntryPoint","urlTemplate":"https:\/\/www.webdo.tn\/fr\/?s={search_term_string}"},"query-input":{"@type":"PropertyValueSpecification","valueRequired":true,"valueName":"search_term_string"}}],"inLanguage":"fr-FR"},{"@type":"Organization","@id":"https:\/\/www.webdo.tn\/fr\/#organization","name":"Webdo","alternateName":"Webdo.tn","url":"https:\/\/www.webdo.tn\/fr\/","logo":{"@type":"ImageObject","inLanguage":"fr-FR","@id":"https:\/\/www.webdo.tn\/fr\/#\/schema\/logo\/image\/","url":"https:\/\/www.webdo.tn\/fr\/wp-content\/uploads\/2025\/06\/Webdo-Tunisie_168377.jpg","contentUrl":"https:\/\/www.webdo.tn\/fr\/wp-content\/uploads\/2025\/06\/Webdo-Tunisie_168377.jpg","width":301,"height":301,"caption":"Webdo"},"image":{"@id":"https:\/\/www.webdo.tn\/fr\/#\/schema\/logo\/image\/"},"sameAs":["https:\/\/www.facebook.com\/webdotn","https:\/\/x.com\/webdo_tn"],"description":"Webdo est un m\u00e9dia num\u00e9rique tunisien fond\u00e9 en 2010, sp\u00e9cialis\u00e9 dans l\u2019actualit\u00e9 nationale et internationale, l\u2019\u00e9conomie, la soci\u00e9t\u00e9 et les analyses politiques. Le site s\u2019adresse \u00e0 un large public francophone et couvre l\u2019information tunisienne en temps r\u00e9el.","email":"redac@webdo.tn","legalName":"YNJ SARL","foundingDate":"2010-09-06","numberOfEmployees":{"@type":"QuantitativeValue","minValue":"11","maxValue":"50"}},{"@type":"Person","@id":"https:\/\/www.webdo.tn\/fr\/#\/schema\/person\/16a4857e77dfc0b610c4c2cadffc9ac4","name":"Mohamed Fethi","image":{"@type":"ImageObject","inLanguage":"fr-FR","@id":"https:\/\/www.webdo.tn\/fr\/wp-content\/uploads\/2026\/04\/mohamed-fethi_avatar_1-96x96.jpg","url":"https:\/\/www.webdo.tn\/fr\/wp-content\/uploads\/2026\/04\/mohamed-fethi_avatar_1-96x96.jpg","contentUrl":"https:\/\/www.webdo.tn\/fr\/wp-content\/uploads\/2026\/04\/mohamed-fethi_avatar_1-96x96.jpg","caption":"Mohamed Fethi"},"description":"Signature \u00e9ditoriale de Maher Chaabane Mohamed Fethi est le pseudonyme \u00e9ditorial de Maher Chaabane, r\u00e9dacteur en chef de Webdo.tn depuis 2012. Cette signature est d\u00e9di\u00e9e au traitement intensif de l'actualit\u00e9 nationale et internationale en temps r\u00e9el. S'appuyant sur les deux d\u00e9cennies d'expertise journalistique de Maher Chaabane \u2014 d\u00e9but\u00e9e au sein du groupe Tunis Hebdo en 2000 \u2014 Mohamed Fethi assure une veille rigoureuse sur les enjeux politiques, \u00e9conomiques et sportifs. Sa mission est de garantir une information structur\u00e9e, fluide et fid\u00e8le aux standards de la r\u00e9daction. Pour consulter le parcours complet du r\u00e9dacteur en chef, visitez le profil officiel de Maher Chaabane.","knowsAbout":["actualit\u00e9","journalisme","information","politique","sport","m\u00e9dias","actualit\u00e9 internationale"],"knowsLanguage":["Fran\u00e7ais","Arabe"],"jobTitle":"Journaliste \u2013 R\u00e9daction Webdo","worksFor":"Webdo.tn","url":"https:\/\/www.webdo.tn\/fr\/actualite\/author\/mohamed-fethi\/"}]}},"_links":{"self":[{"href":"https:\/\/www.webdo.tn\/fr\/wp-json\/wp\/v2\/posts\/397244","targetHints":{"allow":["GET"]}}],"collection":[{"href":"https:\/\/www.webdo.tn\/fr\/wp-json\/wp\/v2\/posts"}],"about":[{"href":"https:\/\/www.webdo.tn\/fr\/wp-json\/wp\/v2\/types\/post"}],"author":[{"embeddable":true,"href":"https:\/\/www.webdo.tn\/fr\/wp-json\/wp\/v2\/users\/4782"}],"replies":[{"embeddable":true,"href":"https:\/\/www.webdo.tn\/fr\/wp-json\/wp\/v2\/comments?post=397244"}],"version-history":[{"count":1,"href":"https:\/\/www.webdo.tn\/fr\/wp-json\/wp\/v2\/posts\/397244\/revisions"}],"predecessor-version":[{"id":397246,"href":"https:\/\/www.webdo.tn\/fr\/wp-json\/wp\/v2\/posts\/397244\/revisions\/397246"}],"wp:featuredmedia":[{"embeddable":true,"href":"https:\/\/www.webdo.tn\/fr\/wp-json\/wp\/v2\/media\/397245"}],"wp:attachment":[{"href":"https:\/\/www.webdo.tn\/fr\/wp-json\/wp\/v2\/media?parent=397244"}],"wp:term":[{"taxonomy":"category","embeddable":true,"href":"https:\/\/www.webdo.tn\/fr\/wp-json\/wp\/v2\/categories?post=397244"},{"taxonomy":"post_tag","embeddable":true,"href":"https:\/\/www.webdo.tn\/fr\/wp-json\/wp\/v2\/tags?post=397244"}],"curies":[{"name":"wp","href":"https:\/\/api.w.org\/{rel}","templated":true}]}}