{"id":397235,"date":"2026-05-03T12:13:16","date_gmt":"2026-05-03T11:13:16","guid":{"rendered":"https:\/\/www.webdo.tn\/fr\/?p=397235"},"modified":"2026-05-03T12:13:19","modified_gmt":"2026-05-03T11:13:19","slug":"espace-dart-imagin-a-la-decouverte-du-bleu-dhella-et-des-architectures-de-lumiere","status":"publish","type":"post","link":"https:\/\/www.webdo.tn\/fr\/actualite\/culture\/espace-dart-imagin-a-la-decouverte-du-bleu-dhella-et-des-architectures-de-lumiere\/397235\/","title":{"rendered":"Espace d&rsquo;art Imagin : A la d\u00e9couverte du Bleu d&rsquo;Hella et des architectures de lumi\u00e8re"},"content":{"rendered":"\n<p><strong>L&rsquo;espace d&rsquo;art Imagin accueille \u00e0 partir du 17 mai une exposition d&rsquo;Hella Louzir intitul\u00e9e Architectures de Lumi\u00e8re. Il s&rsquo;agit d&rsquo;une quarantaine d&rsquo;\u0153uvres o\u00f9 dominent la couleur bleue et une qu\u00eate de spiritualit\u00e9.<\/strong><\/p>\n\n\n\n<p>Pr\u00e9sent\u00e9e dans l&rsquo;espace d&rsquo;art cher \u00e0 Myriam Mestiri, cette exposition apporte une nouvelle \u00e9nergie port\u00e9e par le talent d&rsquo;une artiste intuitive et inspir\u00e9e dont le parcours est parfaitement r\u00e9sum\u00e9 dans ce communiqu\u00e9 :<\/p>\n\n\n\n<h2 class=\"wp-block-heading\" id=\"h-quand-peinture-et-quete-spirituelle-se-rejoignent\">Quand peinture et qu\u00eate spirituelle se rejoignent<\/h2>\n\n\n\n<p>\u00a0\u00bb Le travail d\u2019Hella Louzir s\u2019inscrit dans une d\u00e9marche profond\u00e9ment intuitive o\u00f9 peinture et qu\u00eate spirituelle se rejoignent.<\/p>\n\n\n\n<p>Depuis l\u2019enfance, l\u2019artiste est anim\u00e9e par une interrogation sur la dimension invisible de l\u2019existence. Cette recherche int\u00e9rieure la conduit \u00e0 explorer la m\u00e9ditation et les \u00e9tats de conscience \u00e9largis, jusqu\u2019\u00e0 entreprendre l\u2019\u00e9criture d\u2019un livre intitul\u00e9 \u00a0\u00bb L\u2019Ouverture du C\u0153ur \u00ab\u00a0. Mais l\u2019exp\u00e9rience v\u00e9cue d\u00e9passe le langage.<\/p>\n\n\n\n<h2 class=\"wp-block-heading\" id=\"h-a-la-recherche-de-la-dimension-invisible\">\u00c0 la recherche de la dimension invisible<\/h2>\n\n\n\n<p>Quelques ann\u00e9es plus tard, la peinture s\u2019impose comme le m\u00e9dium capable de traduire ce qui ne peut \u00eatre formul\u00e9. \u00c0 travers la technique du couteau et une approche totalement inspir\u00e9e, Hella Louzir laisse \u00e9merger des compositions o\u00f9 la mati\u00e8re, la couleur et la lumi\u00e8re r\u00e9v\u00e8lent parfois des formes inattendues \u2014 visages, pr\u00e9sences, symboles.<\/p>\n\n\n\n<p>Ces manifestations, proches de la par\u00e9idolie, participent \u00e0 la dimension contemplative de l\u2019\u0153uvre. R\u00e9unies sous le nom Le Bleu d\u2019Hella, ses peintures sont pens\u00e9es comme des espaces \u00e9nerg\u00e9tiques et m\u00e9ditatifs, invitant celui qui les contemple \u00e0 une exp\u00e9rience personnelle entre perception, intuition et r\u00e9sonance int\u00e9rieure.<\/p>\n\n\n\n<h2 class=\"wp-block-heading\" id=\"h-des-espaces-energiques-et-meditatifs\">Des espaces \u00e9nergiques et m\u00e9ditatifs<\/h2>\n\n\n\n<p>Dans cette exposition intitul\u00e9e \u00ab Architectures de Lumi\u00e8re \u00bb, pr\u00e9sent\u00e9e \u00e0 Carthage, terre m\u00e9diterran\u00e9enne charg\u00e9e de m\u00e9moire et de mythes, l\u2019artiste explore l\u2019id\u00e9e que l\u2019\u00eatre humain, comme toute forme du vivant, ob\u00e9it \u00e0 une harmonie profonde o\u00f9 mati\u00e8re et lumi\u00e8re coexistent.<\/p>\n\n\n<div class=\"wp-block-image\">\n<figure class=\"aligncenter size-full\"><img decoding=\"async\" width=\"300\" height=\"339\" src=\"https:\/\/www.webdo.tn\/fr\/wp-content\/uploads\/2026\/05\/hella-louzir.jpeg\" alt=\"\" class=\"wp-image-397236\" srcset=\"https:\/\/www.webdo.tn\/fr\/wp-content\/uploads\/2026\/05\/hella-louzir.jpeg 300w, https:\/\/www.webdo.tn\/fr\/wp-content\/uploads\/2026\/05\/hella-louzir-265x300.jpeg 265w\" sizes=\"(max-width: 300px) 100vw, 300px\" \/><\/figure>\n<\/div>\n\n\n<p>Les \u0153uvres deviennent alors des fragments de cette architecture invisible, r\u00e9v\u00e9lant par la couleur et la vibration, les structures lumineuses qui habitent la mati\u00e8re. Elles ouvrent, pour qui les contemple, la possibilit\u00e9 d\u2019un passage vers d\u2019autres dimensions de perception \u2014 comme un \u00e9cho contemporain aux anciennes civilisations qui voyaient d\u00e9j\u00e0 dans la lumi\u00e8re un principe fondateur du monde.<\/p>\n\n\n\n<h2 class=\"wp-block-heading\" id=\"h-comment-atteindre-nos-resonances-interieures\">Comment atteindre nos r\u00e9sonances int\u00e9rieures<\/h2>\n\n\n\n<p>Hella Louzir est architecte d\u2019int\u00e9rieur, sp\u00e9cialis\u00e9e dans le Feng-Shui. Elle a toujours eu une passion pour la peinture qu\u2019elle pratique depuis sa jeunesse. Install\u00e9e en France depuis plus de quarante ans, c\u2019est en Bretagne o\u00f9 elle vit avec son mari et ses enfants depuis 1996, qu\u2019elle recommence \u00e0 peindre \u00e0 la faveur d\u2019un stage o\u00f9 elle d\u00e9couvre le couteau. <\/p>\n\n\n\n<p>Cette peinture avec mati\u00e8re, remplie d\u2019\u00e2me, symbolise le d\u00e9clic. Quelque chose qui ne<br>demandait qu\u2019\u00e0 s\u2019exprimer va subitement jaillir et se poser sur des \u0153uvres tourn\u00e9es vers l\u2019imaginaire. \u00ab\u00a0<\/p>\n","protected":false},"excerpt":{"rendered":"<p>L&rsquo;espace d&rsquo;art Imagin accueille \u00e0 partir du 17 mai une exposition d&rsquo;Hella Louzir intitul\u00e9e Architectures de Lumi\u00e8re. Il s&rsquo;agit d&rsquo;une quarantaine d&rsquo;\u0153uvres o\u00f9 dominent la couleur bleue et une qu\u00eate de spiritualit\u00e9. Pr\u00e9sent\u00e9e dans l&rsquo;espace d&rsquo;art cher \u00e0 Myriam Mestiri, cette exposition apporte une nouvelle \u00e9nergie port\u00e9e par le talent d&rsquo;une artiste intuitive et inspir\u00e9e [&hellip;]<\/p>\n","protected":false},"author":3229,"featured_media":397237,"comment_status":"closed","ping_status":"closed","sticky":false,"template":"","format":"standard","meta":{"footnotes":""},"categories":[2594],"tags":[9879,2641,14089],"class_list":["post-397235","post","type-post","status-publish","format-standard","has-post-thumbnail","hentry","category-culture","tag-peintures","tag-exposition","tag-hella-louzir"],"yoast_head":"<!-- This site is optimized with the Yoast SEO Premium plugin v27.5 (Yoast SEO v27.5) - https:\/\/yoast.com\/product\/yoast-seo-premium-wordpress\/ -->\n<title>Espace d&#039;art Imagin : A la d\u00e9couverte du Bleu d&#039;Hella et des architectures de lumi\u00e8re - webdo<\/title>\n<meta name=\"description\" content=\"Venez d\u00e9couvrir le talent d&#039;Hella Louzir \u00e0 l&#039;Espace d&#039;art Imagin, une exposition captivante des architectures de lumi\u00e8re.\" \/>\n<link rel=\"canonical\" href=\"https:\/\/www.webdo.tn\/fr\/actualite\/culture\/espace-dart-imagin-a-la-decouverte-du-bleu-dhella-et-des-architectures-de-lumiere\/397235\/\" \/>\n<meta property=\"og:locale\" content=\"fr_FR\" \/>\n<meta property=\"og:type\" content=\"article\" \/>\n<meta property=\"og:title\" content=\"Espace d&#039;art Imagin : A la d\u00e9couverte du Bleu d&#039;Hella et des architectures de lumi\u00e8re\" \/>\n<meta property=\"og:description\" content=\"Venez d\u00e9couvrir le talent d&#039;Hella Louzir \u00e0 l&#039;Espace d&#039;art Imagin, une exposition captivante des architectures de lumi\u00e8re.\" \/>\n<meta property=\"og:url\" content=\"https:\/\/www.webdo.tn\/fr\/actualite\/culture\/espace-dart-imagin-a-la-decouverte-du-bleu-dhella-et-des-architectures-de-lumiere\/397235\/\" \/>\n<meta property=\"og:site_name\" content=\"webdo\" \/>\n<meta property=\"article:publisher\" content=\"https:\/\/www.facebook.com\/webdotn\" \/>\n<meta property=\"article:author\" content=\"https:\/\/www.facebook.com\/hatem.bourial.2025\" \/>\n<meta property=\"article:published_time\" content=\"2026-05-03T11:13:16+00:00\" \/>\n<meta property=\"article:modified_time\" content=\"2026-05-03T11:13:19+00:00\" \/>\n<meta property=\"og:image\" content=\"https:\/\/www.webdo.tn\/fr\/wp-content\/uploads\/2026\/05\/hella-louzir-2.jpeg\" \/>\n\t<meta property=\"og:image:width\" content=\"1200\" \/>\n\t<meta property=\"og:image:height\" content=\"600\" \/>\n\t<meta property=\"og:image:type\" content=\"image\/jpeg\" \/>\n<meta name=\"author\" content=\"Hatem Bourial\" \/>\n<meta name=\"twitter:card\" content=\"summary_large_image\" \/>\n<meta name=\"twitter:creator\" content=\"@webdo_tn\" \/>\n<meta name=\"twitter:site\" content=\"@webdo_tn\" \/>\n<meta name=\"twitter:label1\" content=\"\u00c9crit par\" \/>\n\t<meta name=\"twitter:data1\" content=\"Hatem Bourial\" \/>\n\t<meta name=\"twitter:label2\" content=\"Dur\u00e9e de lecture estim\u00e9e\" \/>\n\t<meta name=\"twitter:data2\" content=\"3 minutes\" \/>\n<script type=\"application\/ld+json\" class=\"yoast-schema-graph\">{\"@context\":\"https:\\\/\\\/schema.org\",\"@graph\":[{\"@type\":\"NewsArticle\",\"@id\":\"https:\\\/\\\/www.webdo.tn\\\/fr\\\/actualite\\\/culture\\\/espace-dart-imagin-a-la-decouverte-du-bleu-dhella-et-des-architectures-de-lumiere\\\/397235\\\/#article\",\"isPartOf\":{\"@id\":\"https:\\\/\\\/www.webdo.tn\\\/fr\\\/actualite\\\/culture\\\/espace-dart-imagin-a-la-decouverte-du-bleu-dhella-et-des-architectures-de-lumiere\\\/397235\\\/\"},\"author\":{\"name\":\"Hatem Bourial\",\"@id\":\"https:\\\/\\\/www.webdo.tn\\\/fr\\\/#\\\/schema\\\/person\\\/6bc0beba2cd23aec27cb5df85ca2554f\"},\"headline\":\"Espace d&rsquo;art Imagin : A la d\u00e9couverte du Bleu d&rsquo;Hella et des architectures de lumi\u00e8re\",\"datePublished\":\"2026-05-03T11:13:16+00:00\",\"dateModified\":\"2026-05-03T11:13:19+00:00\",\"mainEntityOfPage\":{\"@id\":\"https:\\\/\\\/www.webdo.tn\\\/fr\\\/actualite\\\/culture\\\/espace-dart-imagin-a-la-decouverte-du-bleu-dhella-et-des-architectures-de-lumiere\\\/397235\\\/\"},\"wordCount\":530,\"publisher\":{\"@id\":\"https:\\\/\\\/www.webdo.tn\\\/fr\\\/#organization\"},\"image\":{\"@id\":\"https:\\\/\\\/www.webdo.tn\\\/fr\\\/actualite\\\/culture\\\/espace-dart-imagin-a-la-decouverte-du-bleu-dhella-et-des-architectures-de-lumiere\\\/397235\\\/#primaryimage\"},\"thumbnailUrl\":\"https:\\\/\\\/www.webdo.tn\\\/fr\\\/wp-content\\\/uploads\\\/2026\\\/05\\\/hella-louzir-2.jpeg\",\"keywords\":[\"'Peintures'\",\"exposition\",\"hella louzir\"],\"articleSection\":[\"Culture\"],\"inLanguage\":\"fr-FR\"},{\"@type\":\"WebPage\",\"@id\":\"https:\\\/\\\/www.webdo.tn\\\/fr\\\/actualite\\\/culture\\\/espace-dart-imagin-a-la-decouverte-du-bleu-dhella-et-des-architectures-de-lumiere\\\/397235\\\/\",\"url\":\"https:\\\/\\\/www.webdo.tn\\\/fr\\\/actualite\\\/culture\\\/espace-dart-imagin-a-la-decouverte-du-bleu-dhella-et-des-architectures-de-lumiere\\\/397235\\\/\",\"name\":\"Espace d'art Imagin : A la d\u00e9couverte du Bleu d'Hella et des architectures de lumi\u00e8re - webdo\",\"isPartOf\":{\"@id\":\"https:\\\/\\\/www.webdo.tn\\\/fr\\\/#website\"},\"primaryImageOfPage\":{\"@id\":\"https:\\\/\\\/www.webdo.tn\\\/fr\\\/actualite\\\/culture\\\/espace-dart-imagin-a-la-decouverte-du-bleu-dhella-et-des-architectures-de-lumiere\\\/397235\\\/#primaryimage\"},\"image\":{\"@id\":\"https:\\\/\\\/www.webdo.tn\\\/fr\\\/actualite\\\/culture\\\/espace-dart-imagin-a-la-decouverte-du-bleu-dhella-et-des-architectures-de-lumiere\\\/397235\\\/#primaryimage\"},\"thumbnailUrl\":\"https:\\\/\\\/www.webdo.tn\\\/fr\\\/wp-content\\\/uploads\\\/2026\\\/05\\\/hella-louzir-2.jpeg\",\"datePublished\":\"2026-05-03T11:13:16+00:00\",\"dateModified\":\"2026-05-03T11:13:19+00:00\",\"description\":\"Venez d\u00e9couvrir le talent d'Hella Louzir \u00e0 l'Espace d'art Imagin, une exposition captivante des architectures de lumi\u00e8re.\",\"breadcrumb\":{\"@id\":\"https:\\\/\\\/www.webdo.tn\\\/fr\\\/actualite\\\/culture\\\/espace-dart-imagin-a-la-decouverte-du-bleu-dhella-et-des-architectures-de-lumiere\\\/397235\\\/#breadcrumb\"},\"inLanguage\":\"fr-FR\",\"potentialAction\":[{\"@type\":\"ReadAction\",\"target\":[\"https:\\\/\\\/www.webdo.tn\\\/fr\\\/actualite\\\/culture\\\/espace-dart-imagin-a-la-decouverte-du-bleu-dhella-et-des-architectures-de-lumiere\\\/397235\\\/\"]}]},{\"@type\":\"ImageObject\",\"inLanguage\":\"fr-FR\",\"@id\":\"https:\\\/\\\/www.webdo.tn\\\/fr\\\/actualite\\\/culture\\\/espace-dart-imagin-a-la-decouverte-du-bleu-dhella-et-des-architectures-de-lumiere\\\/397235\\\/#primaryimage\",\"url\":\"https:\\\/\\\/www.webdo.tn\\\/fr\\\/wp-content\\\/uploads\\\/2026\\\/05\\\/hella-louzir-2.jpeg\",\"contentUrl\":\"https:\\\/\\\/www.webdo.tn\\\/fr\\\/wp-content\\\/uploads\\\/2026\\\/05\\\/hella-louzir-2.jpeg\",\"width\":1200,\"height\":600,\"caption\":\"Espace d'art Imagin : A la d\u00e9couverte du Bleu d'Hella et des architectures de lumi\u00e8re\"},{\"@type\":\"BreadcrumbList\",\"@id\":\"https:\\\/\\\/www.webdo.tn\\\/fr\\\/actualite\\\/culture\\\/espace-dart-imagin-a-la-decouverte-du-bleu-dhella-et-des-architectures-de-lumiere\\\/397235\\\/#breadcrumb\",\"itemListElement\":[{\"@type\":\"ListItem\",\"position\":1,\"name\":\"Accueil\",\"item\":\"https:\\\/\\\/www.webdo.tn\\\/fr\\\/\"},{\"@type\":\"ListItem\",\"position\":2,\"name\":\"Espace d&rsquo;art Imagin : A la d\u00e9couverte du Bleu d&rsquo;Hella et des architectures de lumi\u00e8re\"}]},{\"@type\":\"WebSite\",\"@id\":\"https:\\\/\\\/www.webdo.tn\\\/fr\\\/#website\",\"url\":\"https:\\\/\\\/www.webdo.tn\\\/fr\\\/\",\"name\":\"webdo\",\"description\":\"Tunisie - News en Tunisie et \u00e0 l&#039;international sur Webdo.tn\",\"publisher\":{\"@id\":\"https:\\\/\\\/www.webdo.tn\\\/fr\\\/#organization\"},\"potentialAction\":[{\"@type\":\"SearchAction\",\"target\":{\"@type\":\"EntryPoint\",\"urlTemplate\":\"https:\\\/\\\/www.webdo.tn\\\/fr\\\/?s={search_term_string}\"},\"query-input\":{\"@type\":\"PropertyValueSpecification\",\"valueRequired\":true,\"valueName\":\"search_term_string\"}}],\"inLanguage\":\"fr-FR\"},{\"@type\":\"Organization\",\"@id\":\"https:\\\/\\\/www.webdo.tn\\\/fr\\\/#organization\",\"name\":\"Webdo\",\"alternateName\":\"Webdo.tn\",\"url\":\"https:\\\/\\\/www.webdo.tn\\\/fr\\\/\",\"logo\":{\"@type\":\"ImageObject\",\"inLanguage\":\"fr-FR\",\"@id\":\"https:\\\/\\\/www.webdo.tn\\\/fr\\\/#\\\/schema\\\/logo\\\/image\\\/\",\"url\":\"https:\\\/\\\/www.webdo.tn\\\/fr\\\/wp-content\\\/uploads\\\/2025\\\/06\\\/Webdo-Tunisie_168377.jpg\",\"contentUrl\":\"https:\\\/\\\/www.webdo.tn\\\/fr\\\/wp-content\\\/uploads\\\/2025\\\/06\\\/Webdo-Tunisie_168377.jpg\",\"width\":301,\"height\":301,\"caption\":\"Webdo\"},\"image\":{\"@id\":\"https:\\\/\\\/www.webdo.tn\\\/fr\\\/#\\\/schema\\\/logo\\\/image\\\/\"},\"sameAs\":[\"https:\\\/\\\/www.facebook.com\\\/webdotn\",\"https:\\\/\\\/x.com\\\/webdo_tn\"],\"description\":\"Webdo est un m\u00e9dia num\u00e9rique tunisien fond\u00e9 en 2010, sp\u00e9cialis\u00e9 dans l\u2019actualit\u00e9 nationale et internationale, l\u2019\u00e9conomie, la soci\u00e9t\u00e9 et les analyses politiques. Le site s\u2019adresse \u00e0 un large public francophone et couvre l\u2019information tunisienne en temps r\u00e9el.\",\"email\":\"redac@webdo.tn\",\"legalName\":\"YNJ SARL\",\"foundingDate\":\"2010-09-06\",\"numberOfEmployees\":{\"@type\":\"QuantitativeValue\",\"minValue\":\"11\",\"maxValue\":\"50\"}},{\"@type\":\"Person\",\"@id\":\"https:\\\/\\\/www.webdo.tn\\\/fr\\\/#\\\/schema\\\/person\\\/6bc0beba2cd23aec27cb5df85ca2554f\",\"name\":\"Hatem Bourial\",\"image\":{\"@type\":\"ImageObject\",\"inLanguage\":\"fr-FR\",\"@id\":\"https:\\\/\\\/www.webdo.tn\\\/fr\\\/wp-content\\\/uploads\\\/2026\\\/04\\\/hatem-bourial_avatar-96x96.jpg\",\"url\":\"https:\\\/\\\/www.webdo.tn\\\/fr\\\/wp-content\\\/uploads\\\/2026\\\/04\\\/hatem-bourial_avatar-96x96.jpg\",\"contentUrl\":\"https:\\\/\\\/www.webdo.tn\\\/fr\\\/wp-content\\\/uploads\\\/2026\\\/04\\\/hatem-bourial_avatar-96x96.jpg\",\"caption\":\"Hatem Bourial\"},\"description\":\"Hatem Bourial est journaliste, \u00e9crivain et chroniqueur tunisien. Actif depuis plusieurs d\u00e9cennies, il s\u2019est impos\u00e9 comme un observateur attentif de la soci\u00e9t\u00e9 tunisienne, m\u00ealant dans ses \u00e9crits m\u00e9moire, culture et analyse du quotidien. Auteur de nombreux ouvrages, il d\u00e9veloppe une \u0153uvre \u00e0 la crois\u00e9e du r\u00e9cit, de la po\u00e9sie et de l\u2019observation sociologique. Parall\u00e8lement \u00e0 ses contributions dans la presse, il intervient r\u00e9guli\u00e8rement \u00e0 la radio et dans des espaces culturels, o\u00f9 il explore les enjeux li\u00e9s au patrimoine, \u00e0 l\u2019identit\u00e9 et aux transformations du monde contemporain. \u00c0 travers ses chroniques, Hatem Bourial propose une lecture sensible et approfondie de l\u2019actualit\u00e9, nourrie par une exp\u00e9rience journalistique et litt\u00e9raire reconnue. \ud83d\udd17 Facebook : https:\\\/\\\/www.facebook.com\\\/hatem.bourial.2025\",\"sameAs\":[\"https:\\\/\\\/www.facebook.com\\\/hatem.bourial.2025\",\"https:\\\/\\\/fr.wikipedia.org\\\/wiki\\\/Fichier:Hatem_Bourial.jpg\"],\"knowsAbout\":[\"Culture & patrimoine tunisien\",\"Chronique soci\u00e9tale\",\"Litt\u00e9rature & m\u00e9moire\",\"Cin\u00e9ma & critique culturelle\",\"Identit\u00e9 & mutations sociales\"],\"knowsLanguage\":[\"Arabe\",\"Fran\u00e7ais\",\"Anglais\",\"Italien\",\"Polonais\"],\"jobTitle\":\"Journaliste, \u00e9crivain et chroniqueur culturel\",\"worksFor\":\"Webdo\",\"url\":\"https:\\\/\\\/www.webdo.tn\\\/fr\\\/actualite\\\/author\\\/hatem-bourial-2\\\/\"}]}<\/script>\n<!-- \/ Yoast SEO Premium plugin. -->","yoast_head_json":{"title":"Espace d'art Imagin : A la d\u00e9couverte du Bleu d'Hella et des architectures de lumi\u00e8re - webdo","description":"Venez d\u00e9couvrir le talent d'Hella Louzir \u00e0 l'Espace d'art Imagin, une exposition captivante des architectures de lumi\u00e8re.","canonical":"https:\/\/www.webdo.tn\/fr\/actualite\/culture\/espace-dart-imagin-a-la-decouverte-du-bleu-dhella-et-des-architectures-de-lumiere\/397235\/","og_locale":"fr_FR","og_type":"article","og_title":"Espace d'art Imagin : A la d\u00e9couverte du Bleu d'Hella et des architectures de lumi\u00e8re","og_description":"Venez d\u00e9couvrir le talent d'Hella Louzir \u00e0 l'Espace d'art Imagin, une exposition captivante des architectures de lumi\u00e8re.","og_url":"https:\/\/www.webdo.tn\/fr\/actualite\/culture\/espace-dart-imagin-a-la-decouverte-du-bleu-dhella-et-des-architectures-de-lumiere\/397235\/","og_site_name":"webdo","article_publisher":"https:\/\/www.facebook.com\/webdotn","article_author":"https:\/\/www.facebook.com\/hatem.bourial.2025","article_published_time":"2026-05-03T11:13:16+00:00","article_modified_time":"2026-05-03T11:13:19+00:00","og_image":[{"width":1200,"height":600,"url":"https:\/\/www.webdo.tn\/fr\/wp-content\/uploads\/2026\/05\/hella-louzir-2.jpeg","type":"image\/jpeg"}],"author":"Hatem Bourial","twitter_card":"summary_large_image","twitter_creator":"@webdo_tn","twitter_site":"@webdo_tn","twitter_misc":{"\u00c9crit par":"Hatem Bourial","Dur\u00e9e de lecture estim\u00e9e":"3 minutes"},"schema":{"@context":"https:\/\/schema.org","@graph":[{"@type":"NewsArticle","@id":"https:\/\/www.webdo.tn\/fr\/actualite\/culture\/espace-dart-imagin-a-la-decouverte-du-bleu-dhella-et-des-architectures-de-lumiere\/397235\/#article","isPartOf":{"@id":"https:\/\/www.webdo.tn\/fr\/actualite\/culture\/espace-dart-imagin-a-la-decouverte-du-bleu-dhella-et-des-architectures-de-lumiere\/397235\/"},"author":{"name":"Hatem Bourial","@id":"https:\/\/www.webdo.tn\/fr\/#\/schema\/person\/6bc0beba2cd23aec27cb5df85ca2554f"},"headline":"Espace d&rsquo;art Imagin : A la d\u00e9couverte du Bleu d&rsquo;Hella et des architectures de lumi\u00e8re","datePublished":"2026-05-03T11:13:16+00:00","dateModified":"2026-05-03T11:13:19+00:00","mainEntityOfPage":{"@id":"https:\/\/www.webdo.tn\/fr\/actualite\/culture\/espace-dart-imagin-a-la-decouverte-du-bleu-dhella-et-des-architectures-de-lumiere\/397235\/"},"wordCount":530,"publisher":{"@id":"https:\/\/www.webdo.tn\/fr\/#organization"},"image":{"@id":"https:\/\/www.webdo.tn\/fr\/actualite\/culture\/espace-dart-imagin-a-la-decouverte-du-bleu-dhella-et-des-architectures-de-lumiere\/397235\/#primaryimage"},"thumbnailUrl":"https:\/\/www.webdo.tn\/fr\/wp-content\/uploads\/2026\/05\/hella-louzir-2.jpeg","keywords":["'Peintures'","exposition","hella louzir"],"articleSection":["Culture"],"inLanguage":"fr-FR"},{"@type":"WebPage","@id":"https:\/\/www.webdo.tn\/fr\/actualite\/culture\/espace-dart-imagin-a-la-decouverte-du-bleu-dhella-et-des-architectures-de-lumiere\/397235\/","url":"https:\/\/www.webdo.tn\/fr\/actualite\/culture\/espace-dart-imagin-a-la-decouverte-du-bleu-dhella-et-des-architectures-de-lumiere\/397235\/","name":"Espace d'art Imagin : A la d\u00e9couverte du Bleu d'Hella et des architectures de lumi\u00e8re - webdo","isPartOf":{"@id":"https:\/\/www.webdo.tn\/fr\/#website"},"primaryImageOfPage":{"@id":"https:\/\/www.webdo.tn\/fr\/actualite\/culture\/espace-dart-imagin-a-la-decouverte-du-bleu-dhella-et-des-architectures-de-lumiere\/397235\/#primaryimage"},"image":{"@id":"https:\/\/www.webdo.tn\/fr\/actualite\/culture\/espace-dart-imagin-a-la-decouverte-du-bleu-dhella-et-des-architectures-de-lumiere\/397235\/#primaryimage"},"thumbnailUrl":"https:\/\/www.webdo.tn\/fr\/wp-content\/uploads\/2026\/05\/hella-louzir-2.jpeg","datePublished":"2026-05-03T11:13:16+00:00","dateModified":"2026-05-03T11:13:19+00:00","description":"Venez d\u00e9couvrir le talent d'Hella Louzir \u00e0 l'Espace d'art Imagin, une exposition captivante des architectures de lumi\u00e8re.","breadcrumb":{"@id":"https:\/\/www.webdo.tn\/fr\/actualite\/culture\/espace-dart-imagin-a-la-decouverte-du-bleu-dhella-et-des-architectures-de-lumiere\/397235\/#breadcrumb"},"inLanguage":"fr-FR","potentialAction":[{"@type":"ReadAction","target":["https:\/\/www.webdo.tn\/fr\/actualite\/culture\/espace-dart-imagin-a-la-decouverte-du-bleu-dhella-et-des-architectures-de-lumiere\/397235\/"]}]},{"@type":"ImageObject","inLanguage":"fr-FR","@id":"https:\/\/www.webdo.tn\/fr\/actualite\/culture\/espace-dart-imagin-a-la-decouverte-du-bleu-dhella-et-des-architectures-de-lumiere\/397235\/#primaryimage","url":"https:\/\/www.webdo.tn\/fr\/wp-content\/uploads\/2026\/05\/hella-louzir-2.jpeg","contentUrl":"https:\/\/www.webdo.tn\/fr\/wp-content\/uploads\/2026\/05\/hella-louzir-2.jpeg","width":1200,"height":600,"caption":"Espace d'art Imagin : A la d\u00e9couverte du Bleu d'Hella et des architectures de lumi\u00e8re"},{"@type":"BreadcrumbList","@id":"https:\/\/www.webdo.tn\/fr\/actualite\/culture\/espace-dart-imagin-a-la-decouverte-du-bleu-dhella-et-des-architectures-de-lumiere\/397235\/#breadcrumb","itemListElement":[{"@type":"ListItem","position":1,"name":"Accueil","item":"https:\/\/www.webdo.tn\/fr\/"},{"@type":"ListItem","position":2,"name":"Espace d&rsquo;art Imagin : A la d\u00e9couverte du Bleu d&rsquo;Hella et des architectures de lumi\u00e8re"}]},{"@type":"WebSite","@id":"https:\/\/www.webdo.tn\/fr\/#website","url":"https:\/\/www.webdo.tn\/fr\/","name":"webdo","description":"Tunisie - News en Tunisie et \u00e0 l&#039;international sur Webdo.tn","publisher":{"@id":"https:\/\/www.webdo.tn\/fr\/#organization"},"potentialAction":[{"@type":"SearchAction","target":{"@type":"EntryPoint","urlTemplate":"https:\/\/www.webdo.tn\/fr\/?s={search_term_string}"},"query-input":{"@type":"PropertyValueSpecification","valueRequired":true,"valueName":"search_term_string"}}],"inLanguage":"fr-FR"},{"@type":"Organization","@id":"https:\/\/www.webdo.tn\/fr\/#organization","name":"Webdo","alternateName":"Webdo.tn","url":"https:\/\/www.webdo.tn\/fr\/","logo":{"@type":"ImageObject","inLanguage":"fr-FR","@id":"https:\/\/www.webdo.tn\/fr\/#\/schema\/logo\/image\/","url":"https:\/\/www.webdo.tn\/fr\/wp-content\/uploads\/2025\/06\/Webdo-Tunisie_168377.jpg","contentUrl":"https:\/\/www.webdo.tn\/fr\/wp-content\/uploads\/2025\/06\/Webdo-Tunisie_168377.jpg","width":301,"height":301,"caption":"Webdo"},"image":{"@id":"https:\/\/www.webdo.tn\/fr\/#\/schema\/logo\/image\/"},"sameAs":["https:\/\/www.facebook.com\/webdotn","https:\/\/x.com\/webdo_tn"],"description":"Webdo est un m\u00e9dia num\u00e9rique tunisien fond\u00e9 en 2010, sp\u00e9cialis\u00e9 dans l\u2019actualit\u00e9 nationale et internationale, l\u2019\u00e9conomie, la soci\u00e9t\u00e9 et les analyses politiques. Le site s\u2019adresse \u00e0 un large public francophone et couvre l\u2019information tunisienne en temps r\u00e9el.","email":"redac@webdo.tn","legalName":"YNJ SARL","foundingDate":"2010-09-06","numberOfEmployees":{"@type":"QuantitativeValue","minValue":"11","maxValue":"50"}},{"@type":"Person","@id":"https:\/\/www.webdo.tn\/fr\/#\/schema\/person\/6bc0beba2cd23aec27cb5df85ca2554f","name":"Hatem Bourial","image":{"@type":"ImageObject","inLanguage":"fr-FR","@id":"https:\/\/www.webdo.tn\/fr\/wp-content\/uploads\/2026\/04\/hatem-bourial_avatar-96x96.jpg","url":"https:\/\/www.webdo.tn\/fr\/wp-content\/uploads\/2026\/04\/hatem-bourial_avatar-96x96.jpg","contentUrl":"https:\/\/www.webdo.tn\/fr\/wp-content\/uploads\/2026\/04\/hatem-bourial_avatar-96x96.jpg","caption":"Hatem Bourial"},"description":"Hatem Bourial est journaliste, \u00e9crivain et chroniqueur tunisien. Actif depuis plusieurs d\u00e9cennies, il s\u2019est impos\u00e9 comme un observateur attentif de la soci\u00e9t\u00e9 tunisienne, m\u00ealant dans ses \u00e9crits m\u00e9moire, culture et analyse du quotidien. Auteur de nombreux ouvrages, il d\u00e9veloppe une \u0153uvre \u00e0 la crois\u00e9e du r\u00e9cit, de la po\u00e9sie et de l\u2019observation sociologique. Parall\u00e8lement \u00e0 ses contributions dans la presse, il intervient r\u00e9guli\u00e8rement \u00e0 la radio et dans des espaces culturels, o\u00f9 il explore les enjeux li\u00e9s au patrimoine, \u00e0 l\u2019identit\u00e9 et aux transformations du monde contemporain. \u00c0 travers ses chroniques, Hatem Bourial propose une lecture sensible et approfondie de l\u2019actualit\u00e9, nourrie par une exp\u00e9rience journalistique et litt\u00e9raire reconnue. \ud83d\udd17 Facebook : https:\/\/www.facebook.com\/hatem.bourial.2025","sameAs":["https:\/\/www.facebook.com\/hatem.bourial.2025","https:\/\/fr.wikipedia.org\/wiki\/Fichier:Hatem_Bourial.jpg"],"knowsAbout":["Culture & patrimoine tunisien","Chronique soci\u00e9tale","Litt\u00e9rature & m\u00e9moire","Cin\u00e9ma & critique culturelle","Identit\u00e9 & mutations sociales"],"knowsLanguage":["Arabe","Fran\u00e7ais","Anglais","Italien","Polonais"],"jobTitle":"Journaliste, \u00e9crivain et chroniqueur culturel","worksFor":"Webdo","url":"https:\/\/www.webdo.tn\/fr\/actualite\/author\/hatem-bourial-2\/"}]}},"_links":{"self":[{"href":"https:\/\/www.webdo.tn\/fr\/wp-json\/wp\/v2\/posts\/397235","targetHints":{"allow":["GET"]}}],"collection":[{"href":"https:\/\/www.webdo.tn\/fr\/wp-json\/wp\/v2\/posts"}],"about":[{"href":"https:\/\/www.webdo.tn\/fr\/wp-json\/wp\/v2\/types\/post"}],"author":[{"embeddable":true,"href":"https:\/\/www.webdo.tn\/fr\/wp-json\/wp\/v2\/users\/3229"}],"replies":[{"embeddable":true,"href":"https:\/\/www.webdo.tn\/fr\/wp-json\/wp\/v2\/comments?post=397235"}],"version-history":[{"count":1,"href":"https:\/\/www.webdo.tn\/fr\/wp-json\/wp\/v2\/posts\/397235\/revisions"}],"predecessor-version":[{"id":397238,"href":"https:\/\/www.webdo.tn\/fr\/wp-json\/wp\/v2\/posts\/397235\/revisions\/397238"}],"wp:featuredmedia":[{"embeddable":true,"href":"https:\/\/www.webdo.tn\/fr\/wp-json\/wp\/v2\/media\/397237"}],"wp:attachment":[{"href":"https:\/\/www.webdo.tn\/fr\/wp-json\/wp\/v2\/media?parent=397235"}],"wp:term":[{"taxonomy":"category","embeddable":true,"href":"https:\/\/www.webdo.tn\/fr\/wp-json\/wp\/v2\/categories?post=397235"},{"taxonomy":"post_tag","embeddable":true,"href":"https:\/\/www.webdo.tn\/fr\/wp-json\/wp\/v2\/tags?post=397235"}],"curies":[{"name":"wp","href":"https:\/\/api.w.org\/{rel}","templated":true}]}}