{"id":397233,"date":"2026-05-03T12:05:23","date_gmt":"2026-05-03T11:05:23","guid":{"rendered":"https:\/\/www.webdo.tn\/fr\/?p=397233"},"modified":"2026-05-03T12:05:25","modified_gmt":"2026-05-03T11:05:25","slug":"tunisie-france-un-sommet-cle-sur-la-formation-et-la-mobilite","status":"publish","type":"post","link":"https:\/\/www.webdo.tn\/fr\/actualite\/national\/tunisie-france-un-sommet-cle-sur-la-formation-et-la-mobilite\/397233\/","title":{"rendered":"Tunisie\u2013France : Un sommet cl\u00e9 sur la formation et la mobilit\u00e9"},"content":{"rendered":"\n<p><strong>La Chambre de Commerce et d\u2019Industrie Tuniso-Fran\u00e7aise organise, le 12 mai \u00e0 Tunis, la troisi\u00e8me \u00e9dition de la Journ\u00e9e de r\u00e9flexion d\u00e9di\u00e9e \u00e0 l\u2019entreprise de demain. Plac\u00e9e sous le th\u00e8me de la formation professionnelle et de la mobilit\u00e9 internationale, cette rencontre vise \u00e0 structurer davantage la coop\u00e9ration entre la Tunisie et la France. Elle r\u00e9unira d\u00e9cideurs publics, experts et acteurs \u00e9conomiques autour des enjeux d\u2019employabilit\u00e9 et de comp\u00e9titivit\u00e9.<\/strong><\/p>\n\n\n\n<p>Cette initiative ambitionne d\u2019ouvrir un espace d\u2019\u00e9changes autour de solutions concr\u00e8tes pour adapter les comp\u00e9tences aux besoins du march\u00e9. L\u2019objectif affich\u00e9 est double : am\u00e9liorer l\u2019insertion professionnelle des talents tunisiens et soutenir la performance des entreprises dans un environnement en mutation.<\/p>\n\n\n\n<h2 class=\"wp-block-heading\" id=\"h-une-participation-institutionnelle-de-haut-niveau\">Une participation institutionnelle de haut niveau<\/h2>\n\n\n\n<p>La Chambre de Commerce et d\u2019Industrie Tuniso-Fran\u00e7aise met ainsi en avant la n\u00e9cessit\u00e9 de mieux articuler les dispositifs de formation avec les exigences \u00e9conomiques, tout en facilitant les passerelles internationales.<\/p>\n\n\n\n<p>La rencontre se d\u00e9roulera en pr\u00e9sence du ministre de l\u2019Emploi et de la Formation professionnelle, Riadh Chaoued, et de l\u2019ambassadrice de France en Tunisie, Anne Gu\u00e9guen. Des responsables administratifs et institutionnels prendront \u00e9galement part aux discussions.<\/p>\n\n\n\n<h2 class=\"wp-block-heading\" id=\"h-vers-une-cooperation-mieux-structuree\">Vers une coop\u00e9ration mieux structur\u00e9e<\/h2>\n\n\n\n<p>Au c\u0153ur des d\u00e9bats : la structuration de la coop\u00e9ration tuniso-fran\u00e7aise en mati\u00e8re de formation et de mobilit\u00e9, consid\u00e9r\u00e9e comme un levier strat\u00e9gique pour r\u00e9pondre aux besoins futurs du tissu \u00e9conomique.<\/p>\n\n\n\n<p>Cette journ\u00e9e s\u2019inscrit dans une dynamique visant \u00e0 rapprocher davantage les \u00e9cosyst\u00e8mes des deux pays, en misant sur la circulation des comp\u00e9tences et le d\u00e9veloppement de parcours professionnels \u00e0 dimension internationale.<\/p>\n\n\n\n<blockquote class=\"wp-block-quote is-layout-flow wp-block-quote-is-layout-flow\">\n<p class=\"has-medium-font-size\"><strong>Lire aussi :<\/strong> <\/p>\n\n\n\n<ul class=\"wp-block-list\">\n<li class=\"has-medium-font-size\"><a href=\"https:\/\/www.webdo.tn\/fr\/actualite\/national\/acces-au-travail-en-france-et-migration-circulaire-un-dispositif-strict-base-sur-le-retour-obligatoire\/396657\/\">Acc\u00e8s au travail en France et migration circulaire : Un dispositif strict bas\u00e9 sur le retour obligatoire<\/a><\/li>\n\n\n\n<li class=\"has-medium-font-size\"><a href=\"https:\/\/www.webdo.tn\/fr\/actualite\/national\/tunisie-france-2500-travailleurs-attendus-dici-2029-grace-au-programme-thamm\/396084\/\">Tunisie-France : 2500 travailleurs attendus d\u2019ici 2029 gr\u00e2ce au programme THAMM+<\/a><\/li>\n<\/ul>\n<\/blockquote>\n","protected":false},"excerpt":{"rendered":"<p>La Chambre de Commerce et d\u2019Industrie Tuniso-Fran\u00e7aise organise, le 12 mai \u00e0 Tunis, la troisi\u00e8me \u00e9dition de la Journ\u00e9e de r\u00e9flexion d\u00e9di\u00e9e \u00e0 l\u2019entreprise de demain. Plac\u00e9e sous le th\u00e8me de la formation professionnelle et de la mobilit\u00e9 internationale, cette rencontre vise \u00e0 structurer davantage la coop\u00e9ration entre la Tunisie et la France. Elle r\u00e9unira [&hellip;]<\/p>\n","protected":false},"author":4782,"featured_media":396085,"comment_status":"closed","ping_status":"closed","sticky":false,"template":"","format":"standard","meta":{"footnotes":""},"categories":[44],"tags":[3049,4999,2998,14088,2608],"class_list":["post-397233","post","type-post","status-publish","format-standard","has-post-thumbnail","hentry","category-national","tag-emploi","tag-formation-professionnelle","tag-france","tag-mobilite","tag-tunisie"],"yoast_head":"<!-- This site is optimized with the Yoast SEO Premium plugin v27.5 (Yoast SEO v27.5) - https:\/\/yoast.com\/product\/yoast-seo-premium-wordpress\/ -->\n<title>Tunisie\u2013France : Un sommet cl\u00e9 sur la formation et la mobilit\u00e9 - webdo<\/title>\n<meta name=\"description\" content=\"Participez \u00e0 la Journ\u00e9e de r\u00e9flexion Tunisie\u2013France pour d\u00e9couvrir des solutions innovantes en formation professionnelle et mobilit\u00e9.\" \/>\n<link rel=\"canonical\" href=\"https:\/\/www.webdo.tn\/fr\/actualite\/national\/tunisie-france-un-sommet-cle-sur-la-formation-et-la-mobilite\/397233\/\" \/>\n<meta property=\"og:locale\" content=\"fr_FR\" \/>\n<meta property=\"og:type\" content=\"article\" \/>\n<meta property=\"og:title\" content=\"Tunisie\u2013France : Un sommet cl\u00e9 sur la formation et la mobilit\u00e9\" \/>\n<meta property=\"og:description\" content=\"Participez \u00e0 la Journ\u00e9e de r\u00e9flexion Tunisie\u2013France pour d\u00e9couvrir des solutions innovantes en formation professionnelle et mobilit\u00e9.\" \/>\n<meta property=\"og:url\" content=\"https:\/\/www.webdo.tn\/fr\/actualite\/national\/tunisie-france-un-sommet-cle-sur-la-formation-et-la-mobilite\/397233\/\" \/>\n<meta property=\"og:site_name\" content=\"webdo\" \/>\n<meta property=\"article:publisher\" content=\"https:\/\/www.facebook.com\/webdotn\" \/>\n<meta property=\"article:published_time\" content=\"2026-05-03T11:05:23+00:00\" \/>\n<meta property=\"article:modified_time\" content=\"2026-05-03T11:05:25+00:00\" \/>\n<meta property=\"og:image\" content=\"https:\/\/www.webdo.tn\/fr\/wp-content\/uploads\/2026\/04\/THAMM.jpg\" \/>\n\t<meta property=\"og:image:width\" content=\"1200\" \/>\n\t<meta property=\"og:image:height\" content=\"602\" \/>\n\t<meta property=\"og:image:type\" content=\"image\/jpeg\" \/>\n<meta name=\"author\" content=\"Mohamed Fethi\" \/>\n<meta name=\"twitter:card\" content=\"summary_large_image\" \/>\n<meta name=\"twitter:creator\" content=\"@webdo_tn\" \/>\n<meta name=\"twitter:site\" content=\"@webdo_tn\" \/>\n<meta name=\"twitter:label1\" content=\"\u00c9crit par\" \/>\n\t<meta name=\"twitter:data1\" content=\"Mohamed Fethi\" \/>\n\t<meta name=\"twitter:label2\" content=\"Dur\u00e9e de lecture estim\u00e9e\" \/>\n\t<meta name=\"twitter:data2\" content=\"2 minutes\" \/>\n<script type=\"application\/ld+json\" class=\"yoast-schema-graph\">{\"@context\":\"https:\\\/\\\/schema.org\",\"@graph\":[{\"@type\":\"NewsArticle\",\"@id\":\"https:\\\/\\\/www.webdo.tn\\\/fr\\\/actualite\\\/national\\\/tunisie-france-un-sommet-cle-sur-la-formation-et-la-mobilite\\\/397233\\\/#article\",\"isPartOf\":{\"@id\":\"https:\\\/\\\/www.webdo.tn\\\/fr\\\/actualite\\\/national\\\/tunisie-france-un-sommet-cle-sur-la-formation-et-la-mobilite\\\/397233\\\/\"},\"author\":{\"name\":\"Mohamed Fethi\",\"@id\":\"https:\\\/\\\/www.webdo.tn\\\/fr\\\/#\\\/schema\\\/person\\\/16a4857e77dfc0b610c4c2cadffc9ac4\"},\"headline\":\"Tunisie\u2013France : Un sommet cl\u00e9 sur la formation et la mobilit\u00e9\",\"datePublished\":\"2026-05-03T11:05:23+00:00\",\"dateModified\":\"2026-05-03T11:05:25+00:00\",\"mainEntityOfPage\":{\"@id\":\"https:\\\/\\\/www.webdo.tn\\\/fr\\\/actualite\\\/national\\\/tunisie-france-un-sommet-cle-sur-la-formation-et-la-mobilite\\\/397233\\\/\"},\"wordCount\":326,\"publisher\":{\"@id\":\"https:\\\/\\\/www.webdo.tn\\\/fr\\\/#organization\"},\"image\":{\"@id\":\"https:\\\/\\\/www.webdo.tn\\\/fr\\\/actualite\\\/national\\\/tunisie-france-un-sommet-cle-sur-la-formation-et-la-mobilite\\\/397233\\\/#primaryimage\"},\"thumbnailUrl\":\"https:\\\/\\\/www.webdo.tn\\\/fr\\\/wp-content\\\/uploads\\\/2026\\\/04\\\/THAMM.jpg\",\"keywords\":[\"emploi\",\"formation professionnelle\",\"france\",\"mobilit\u00e9\",\"Tunisie\"],\"articleSection\":[\"National\"],\"inLanguage\":\"fr-FR\"},{\"@type\":\"WebPage\",\"@id\":\"https:\\\/\\\/www.webdo.tn\\\/fr\\\/actualite\\\/national\\\/tunisie-france-un-sommet-cle-sur-la-formation-et-la-mobilite\\\/397233\\\/\",\"url\":\"https:\\\/\\\/www.webdo.tn\\\/fr\\\/actualite\\\/national\\\/tunisie-france-un-sommet-cle-sur-la-formation-et-la-mobilite\\\/397233\\\/\",\"name\":\"Tunisie\u2013France : Un sommet cl\u00e9 sur la formation et la mobilit\u00e9 - webdo\",\"isPartOf\":{\"@id\":\"https:\\\/\\\/www.webdo.tn\\\/fr\\\/#website\"},\"primaryImageOfPage\":{\"@id\":\"https:\\\/\\\/www.webdo.tn\\\/fr\\\/actualite\\\/national\\\/tunisie-france-un-sommet-cle-sur-la-formation-et-la-mobilite\\\/397233\\\/#primaryimage\"},\"image\":{\"@id\":\"https:\\\/\\\/www.webdo.tn\\\/fr\\\/actualite\\\/national\\\/tunisie-france-un-sommet-cle-sur-la-formation-et-la-mobilite\\\/397233\\\/#primaryimage\"},\"thumbnailUrl\":\"https:\\\/\\\/www.webdo.tn\\\/fr\\\/wp-content\\\/uploads\\\/2026\\\/04\\\/THAMM.jpg\",\"datePublished\":\"2026-05-03T11:05:23+00:00\",\"dateModified\":\"2026-05-03T11:05:25+00:00\",\"description\":\"Participez \u00e0 la Journ\u00e9e de r\u00e9flexion Tunisie\u2013France pour d\u00e9couvrir des solutions innovantes en formation professionnelle et mobilit\u00e9.\",\"breadcrumb\":{\"@id\":\"https:\\\/\\\/www.webdo.tn\\\/fr\\\/actualite\\\/national\\\/tunisie-france-un-sommet-cle-sur-la-formation-et-la-mobilite\\\/397233\\\/#breadcrumb\"},\"inLanguage\":\"fr-FR\",\"potentialAction\":[{\"@type\":\"ReadAction\",\"target\":[\"https:\\\/\\\/www.webdo.tn\\\/fr\\\/actualite\\\/national\\\/tunisie-france-un-sommet-cle-sur-la-formation-et-la-mobilite\\\/397233\\\/\"]}]},{\"@type\":\"ImageObject\",\"inLanguage\":\"fr-FR\",\"@id\":\"https:\\\/\\\/www.webdo.tn\\\/fr\\\/actualite\\\/national\\\/tunisie-france-un-sommet-cle-sur-la-formation-et-la-mobilite\\\/397233\\\/#primaryimage\",\"url\":\"https:\\\/\\\/www.webdo.tn\\\/fr\\\/wp-content\\\/uploads\\\/2026\\\/04\\\/THAMM.jpg\",\"contentUrl\":\"https:\\\/\\\/www.webdo.tn\\\/fr\\\/wp-content\\\/uploads\\\/2026\\\/04\\\/THAMM.jpg\",\"width\":1200,\"height\":602,\"caption\":\"Tunisie\u2013France : Un sommet cl\u00e9 sur la formation et la mobilit\u00e9\"},{\"@type\":\"BreadcrumbList\",\"@id\":\"https:\\\/\\\/www.webdo.tn\\\/fr\\\/actualite\\\/national\\\/tunisie-france-un-sommet-cle-sur-la-formation-et-la-mobilite\\\/397233\\\/#breadcrumb\",\"itemListElement\":[{\"@type\":\"ListItem\",\"position\":1,\"name\":\"Accueil\",\"item\":\"https:\\\/\\\/www.webdo.tn\\\/fr\\\/\"},{\"@type\":\"ListItem\",\"position\":2,\"name\":\"Tunisie\u2013France : Un sommet cl\u00e9 sur la formation et la mobilit\u00e9\"}]},{\"@type\":\"WebSite\",\"@id\":\"https:\\\/\\\/www.webdo.tn\\\/fr\\\/#website\",\"url\":\"https:\\\/\\\/www.webdo.tn\\\/fr\\\/\",\"name\":\"webdo\",\"description\":\"Tunisie - News en Tunisie et \u00e0 l&#039;international sur Webdo.tn\",\"publisher\":{\"@id\":\"https:\\\/\\\/www.webdo.tn\\\/fr\\\/#organization\"},\"potentialAction\":[{\"@type\":\"SearchAction\",\"target\":{\"@type\":\"EntryPoint\",\"urlTemplate\":\"https:\\\/\\\/www.webdo.tn\\\/fr\\\/?s={search_term_string}\"},\"query-input\":{\"@type\":\"PropertyValueSpecification\",\"valueRequired\":true,\"valueName\":\"search_term_string\"}}],\"inLanguage\":\"fr-FR\"},{\"@type\":\"Organization\",\"@id\":\"https:\\\/\\\/www.webdo.tn\\\/fr\\\/#organization\",\"name\":\"Webdo\",\"alternateName\":\"Webdo.tn\",\"url\":\"https:\\\/\\\/www.webdo.tn\\\/fr\\\/\",\"logo\":{\"@type\":\"ImageObject\",\"inLanguage\":\"fr-FR\",\"@id\":\"https:\\\/\\\/www.webdo.tn\\\/fr\\\/#\\\/schema\\\/logo\\\/image\\\/\",\"url\":\"https:\\\/\\\/www.webdo.tn\\\/fr\\\/wp-content\\\/uploads\\\/2025\\\/06\\\/Webdo-Tunisie_168377.jpg\",\"contentUrl\":\"https:\\\/\\\/www.webdo.tn\\\/fr\\\/wp-content\\\/uploads\\\/2025\\\/06\\\/Webdo-Tunisie_168377.jpg\",\"width\":301,\"height\":301,\"caption\":\"Webdo\"},\"image\":{\"@id\":\"https:\\\/\\\/www.webdo.tn\\\/fr\\\/#\\\/schema\\\/logo\\\/image\\\/\"},\"sameAs\":[\"https:\\\/\\\/www.facebook.com\\\/webdotn\",\"https:\\\/\\\/x.com\\\/webdo_tn\"],\"description\":\"Webdo est un m\u00e9dia num\u00e9rique tunisien fond\u00e9 en 2010, sp\u00e9cialis\u00e9 dans l\u2019actualit\u00e9 nationale et internationale, l\u2019\u00e9conomie, la soci\u00e9t\u00e9 et les analyses politiques. Le site s\u2019adresse \u00e0 un large public francophone et couvre l\u2019information tunisienne en temps r\u00e9el.\",\"email\":\"redac@webdo.tn\",\"legalName\":\"YNJ SARL\",\"foundingDate\":\"2010-09-06\",\"numberOfEmployees\":{\"@type\":\"QuantitativeValue\",\"minValue\":\"11\",\"maxValue\":\"50\"}},{\"@type\":\"Person\",\"@id\":\"https:\\\/\\\/www.webdo.tn\\\/fr\\\/#\\\/schema\\\/person\\\/16a4857e77dfc0b610c4c2cadffc9ac4\",\"name\":\"Mohamed Fethi\",\"image\":{\"@type\":\"ImageObject\",\"inLanguage\":\"fr-FR\",\"@id\":\"https:\\\/\\\/www.webdo.tn\\\/fr\\\/wp-content\\\/uploads\\\/2026\\\/04\\\/mohamed-fethi_avatar_1-96x96.jpg\",\"url\":\"https:\\\/\\\/www.webdo.tn\\\/fr\\\/wp-content\\\/uploads\\\/2026\\\/04\\\/mohamed-fethi_avatar_1-96x96.jpg\",\"contentUrl\":\"https:\\\/\\\/www.webdo.tn\\\/fr\\\/wp-content\\\/uploads\\\/2026\\\/04\\\/mohamed-fethi_avatar_1-96x96.jpg\",\"caption\":\"Mohamed Fethi\"},\"description\":\"Signature \u00e9ditoriale de Maher Chaabane Mohamed Fethi est le pseudonyme \u00e9ditorial de Maher Chaabane, r\u00e9dacteur en chef de Webdo.tn depuis 2012. Cette signature est d\u00e9di\u00e9e au traitement intensif de l'actualit\u00e9 nationale et internationale en temps r\u00e9el. S'appuyant sur les deux d\u00e9cennies d'expertise journalistique de Maher Chaabane \u2014 d\u00e9but\u00e9e au sein du groupe Tunis Hebdo en 2000 \u2014 Mohamed Fethi assure une veille rigoureuse sur les enjeux politiques, \u00e9conomiques et sportifs. Sa mission est de garantir une information structur\u00e9e, fluide et fid\u00e8le aux standards de la r\u00e9daction. Pour consulter le parcours complet du r\u00e9dacteur en chef, visitez le profil officiel de Maher Chaabane.\",\"knowsAbout\":[\"actualit\u00e9\",\"journalisme\",\"information\",\"politique\",\"sport\",\"m\u00e9dias\",\"actualit\u00e9 internationale\"],\"knowsLanguage\":[\"Fran\u00e7ais\",\"Arabe\"],\"jobTitle\":\"Journaliste \u2013 R\u00e9daction Webdo\",\"worksFor\":\"Webdo.tn\",\"url\":\"https:\\\/\\\/www.webdo.tn\\\/fr\\\/actualite\\\/author\\\/mohamed-fethi\\\/\"}]}<\/script>\n<!-- \/ Yoast SEO Premium plugin. -->","yoast_head_json":{"title":"Tunisie\u2013France : Un sommet cl\u00e9 sur la formation et la mobilit\u00e9 - webdo","description":"Participez \u00e0 la Journ\u00e9e de r\u00e9flexion Tunisie\u2013France pour d\u00e9couvrir des solutions innovantes en formation professionnelle et mobilit\u00e9.","canonical":"https:\/\/www.webdo.tn\/fr\/actualite\/national\/tunisie-france-un-sommet-cle-sur-la-formation-et-la-mobilite\/397233\/","og_locale":"fr_FR","og_type":"article","og_title":"Tunisie\u2013France : Un sommet cl\u00e9 sur la formation et la mobilit\u00e9","og_description":"Participez \u00e0 la Journ\u00e9e de r\u00e9flexion Tunisie\u2013France pour d\u00e9couvrir des solutions innovantes en formation professionnelle et mobilit\u00e9.","og_url":"https:\/\/www.webdo.tn\/fr\/actualite\/national\/tunisie-france-un-sommet-cle-sur-la-formation-et-la-mobilite\/397233\/","og_site_name":"webdo","article_publisher":"https:\/\/www.facebook.com\/webdotn","article_published_time":"2026-05-03T11:05:23+00:00","article_modified_time":"2026-05-03T11:05:25+00:00","og_image":[{"width":1200,"height":602,"url":"https:\/\/www.webdo.tn\/fr\/wp-content\/uploads\/2026\/04\/THAMM.jpg","type":"image\/jpeg"}],"author":"Mohamed Fethi","twitter_card":"summary_large_image","twitter_creator":"@webdo_tn","twitter_site":"@webdo_tn","twitter_misc":{"\u00c9crit par":"Mohamed Fethi","Dur\u00e9e de lecture estim\u00e9e":"2 minutes"},"schema":{"@context":"https:\/\/schema.org","@graph":[{"@type":"NewsArticle","@id":"https:\/\/www.webdo.tn\/fr\/actualite\/national\/tunisie-france-un-sommet-cle-sur-la-formation-et-la-mobilite\/397233\/#article","isPartOf":{"@id":"https:\/\/www.webdo.tn\/fr\/actualite\/national\/tunisie-france-un-sommet-cle-sur-la-formation-et-la-mobilite\/397233\/"},"author":{"name":"Mohamed Fethi","@id":"https:\/\/www.webdo.tn\/fr\/#\/schema\/person\/16a4857e77dfc0b610c4c2cadffc9ac4"},"headline":"Tunisie\u2013France : Un sommet cl\u00e9 sur la formation et la mobilit\u00e9","datePublished":"2026-05-03T11:05:23+00:00","dateModified":"2026-05-03T11:05:25+00:00","mainEntityOfPage":{"@id":"https:\/\/www.webdo.tn\/fr\/actualite\/national\/tunisie-france-un-sommet-cle-sur-la-formation-et-la-mobilite\/397233\/"},"wordCount":326,"publisher":{"@id":"https:\/\/www.webdo.tn\/fr\/#organization"},"image":{"@id":"https:\/\/www.webdo.tn\/fr\/actualite\/national\/tunisie-france-un-sommet-cle-sur-la-formation-et-la-mobilite\/397233\/#primaryimage"},"thumbnailUrl":"https:\/\/www.webdo.tn\/fr\/wp-content\/uploads\/2026\/04\/THAMM.jpg","keywords":["emploi","formation professionnelle","france","mobilit\u00e9","Tunisie"],"articleSection":["National"],"inLanguage":"fr-FR"},{"@type":"WebPage","@id":"https:\/\/www.webdo.tn\/fr\/actualite\/national\/tunisie-france-un-sommet-cle-sur-la-formation-et-la-mobilite\/397233\/","url":"https:\/\/www.webdo.tn\/fr\/actualite\/national\/tunisie-france-un-sommet-cle-sur-la-formation-et-la-mobilite\/397233\/","name":"Tunisie\u2013France : Un sommet cl\u00e9 sur la formation et la mobilit\u00e9 - webdo","isPartOf":{"@id":"https:\/\/www.webdo.tn\/fr\/#website"},"primaryImageOfPage":{"@id":"https:\/\/www.webdo.tn\/fr\/actualite\/national\/tunisie-france-un-sommet-cle-sur-la-formation-et-la-mobilite\/397233\/#primaryimage"},"image":{"@id":"https:\/\/www.webdo.tn\/fr\/actualite\/national\/tunisie-france-un-sommet-cle-sur-la-formation-et-la-mobilite\/397233\/#primaryimage"},"thumbnailUrl":"https:\/\/www.webdo.tn\/fr\/wp-content\/uploads\/2026\/04\/THAMM.jpg","datePublished":"2026-05-03T11:05:23+00:00","dateModified":"2026-05-03T11:05:25+00:00","description":"Participez \u00e0 la Journ\u00e9e de r\u00e9flexion Tunisie\u2013France pour d\u00e9couvrir des solutions innovantes en formation professionnelle et mobilit\u00e9.","breadcrumb":{"@id":"https:\/\/www.webdo.tn\/fr\/actualite\/national\/tunisie-france-un-sommet-cle-sur-la-formation-et-la-mobilite\/397233\/#breadcrumb"},"inLanguage":"fr-FR","potentialAction":[{"@type":"ReadAction","target":["https:\/\/www.webdo.tn\/fr\/actualite\/national\/tunisie-france-un-sommet-cle-sur-la-formation-et-la-mobilite\/397233\/"]}]},{"@type":"ImageObject","inLanguage":"fr-FR","@id":"https:\/\/www.webdo.tn\/fr\/actualite\/national\/tunisie-france-un-sommet-cle-sur-la-formation-et-la-mobilite\/397233\/#primaryimage","url":"https:\/\/www.webdo.tn\/fr\/wp-content\/uploads\/2026\/04\/THAMM.jpg","contentUrl":"https:\/\/www.webdo.tn\/fr\/wp-content\/uploads\/2026\/04\/THAMM.jpg","width":1200,"height":602,"caption":"Tunisie\u2013France : Un sommet cl\u00e9 sur la formation et la mobilit\u00e9"},{"@type":"BreadcrumbList","@id":"https:\/\/www.webdo.tn\/fr\/actualite\/national\/tunisie-france-un-sommet-cle-sur-la-formation-et-la-mobilite\/397233\/#breadcrumb","itemListElement":[{"@type":"ListItem","position":1,"name":"Accueil","item":"https:\/\/www.webdo.tn\/fr\/"},{"@type":"ListItem","position":2,"name":"Tunisie\u2013France : Un sommet cl\u00e9 sur la formation et la mobilit\u00e9"}]},{"@type":"WebSite","@id":"https:\/\/www.webdo.tn\/fr\/#website","url":"https:\/\/www.webdo.tn\/fr\/","name":"webdo","description":"Tunisie - News en Tunisie et \u00e0 l&#039;international sur Webdo.tn","publisher":{"@id":"https:\/\/www.webdo.tn\/fr\/#organization"},"potentialAction":[{"@type":"SearchAction","target":{"@type":"EntryPoint","urlTemplate":"https:\/\/www.webdo.tn\/fr\/?s={search_term_string}"},"query-input":{"@type":"PropertyValueSpecification","valueRequired":true,"valueName":"search_term_string"}}],"inLanguage":"fr-FR"},{"@type":"Organization","@id":"https:\/\/www.webdo.tn\/fr\/#organization","name":"Webdo","alternateName":"Webdo.tn","url":"https:\/\/www.webdo.tn\/fr\/","logo":{"@type":"ImageObject","inLanguage":"fr-FR","@id":"https:\/\/www.webdo.tn\/fr\/#\/schema\/logo\/image\/","url":"https:\/\/www.webdo.tn\/fr\/wp-content\/uploads\/2025\/06\/Webdo-Tunisie_168377.jpg","contentUrl":"https:\/\/www.webdo.tn\/fr\/wp-content\/uploads\/2025\/06\/Webdo-Tunisie_168377.jpg","width":301,"height":301,"caption":"Webdo"},"image":{"@id":"https:\/\/www.webdo.tn\/fr\/#\/schema\/logo\/image\/"},"sameAs":["https:\/\/www.facebook.com\/webdotn","https:\/\/x.com\/webdo_tn"],"description":"Webdo est un m\u00e9dia num\u00e9rique tunisien fond\u00e9 en 2010, sp\u00e9cialis\u00e9 dans l\u2019actualit\u00e9 nationale et internationale, l\u2019\u00e9conomie, la soci\u00e9t\u00e9 et les analyses politiques. Le site s\u2019adresse \u00e0 un large public francophone et couvre l\u2019information tunisienne en temps r\u00e9el.","email":"redac@webdo.tn","legalName":"YNJ SARL","foundingDate":"2010-09-06","numberOfEmployees":{"@type":"QuantitativeValue","minValue":"11","maxValue":"50"}},{"@type":"Person","@id":"https:\/\/www.webdo.tn\/fr\/#\/schema\/person\/16a4857e77dfc0b610c4c2cadffc9ac4","name":"Mohamed Fethi","image":{"@type":"ImageObject","inLanguage":"fr-FR","@id":"https:\/\/www.webdo.tn\/fr\/wp-content\/uploads\/2026\/04\/mohamed-fethi_avatar_1-96x96.jpg","url":"https:\/\/www.webdo.tn\/fr\/wp-content\/uploads\/2026\/04\/mohamed-fethi_avatar_1-96x96.jpg","contentUrl":"https:\/\/www.webdo.tn\/fr\/wp-content\/uploads\/2026\/04\/mohamed-fethi_avatar_1-96x96.jpg","caption":"Mohamed Fethi"},"description":"Signature \u00e9ditoriale de Maher Chaabane Mohamed Fethi est le pseudonyme \u00e9ditorial de Maher Chaabane, r\u00e9dacteur en chef de Webdo.tn depuis 2012. Cette signature est d\u00e9di\u00e9e au traitement intensif de l'actualit\u00e9 nationale et internationale en temps r\u00e9el. S'appuyant sur les deux d\u00e9cennies d'expertise journalistique de Maher Chaabane \u2014 d\u00e9but\u00e9e au sein du groupe Tunis Hebdo en 2000 \u2014 Mohamed Fethi assure une veille rigoureuse sur les enjeux politiques, \u00e9conomiques et sportifs. Sa mission est de garantir une information structur\u00e9e, fluide et fid\u00e8le aux standards de la r\u00e9daction. Pour consulter le parcours complet du r\u00e9dacteur en chef, visitez le profil officiel de Maher Chaabane.","knowsAbout":["actualit\u00e9","journalisme","information","politique","sport","m\u00e9dias","actualit\u00e9 internationale"],"knowsLanguage":["Fran\u00e7ais","Arabe"],"jobTitle":"Journaliste \u2013 R\u00e9daction Webdo","worksFor":"Webdo.tn","url":"https:\/\/www.webdo.tn\/fr\/actualite\/author\/mohamed-fethi\/"}]}},"_links":{"self":[{"href":"https:\/\/www.webdo.tn\/fr\/wp-json\/wp\/v2\/posts\/397233","targetHints":{"allow":["GET"]}}],"collection":[{"href":"https:\/\/www.webdo.tn\/fr\/wp-json\/wp\/v2\/posts"}],"about":[{"href":"https:\/\/www.webdo.tn\/fr\/wp-json\/wp\/v2\/types\/post"}],"author":[{"embeddable":true,"href":"https:\/\/www.webdo.tn\/fr\/wp-json\/wp\/v2\/users\/4782"}],"replies":[{"embeddable":true,"href":"https:\/\/www.webdo.tn\/fr\/wp-json\/wp\/v2\/comments?post=397233"}],"version-history":[{"count":1,"href":"https:\/\/www.webdo.tn\/fr\/wp-json\/wp\/v2\/posts\/397233\/revisions"}],"predecessor-version":[{"id":397234,"href":"https:\/\/www.webdo.tn\/fr\/wp-json\/wp\/v2\/posts\/397233\/revisions\/397234"}],"wp:featuredmedia":[{"embeddable":true,"href":"https:\/\/www.webdo.tn\/fr\/wp-json\/wp\/v2\/media\/396085"}],"wp:attachment":[{"href":"https:\/\/www.webdo.tn\/fr\/wp-json\/wp\/v2\/media?parent=397233"}],"wp:term":[{"taxonomy":"category","embeddable":true,"href":"https:\/\/www.webdo.tn\/fr\/wp-json\/wp\/v2\/categories?post=397233"},{"taxonomy":"post_tag","embeddable":true,"href":"https:\/\/www.webdo.tn\/fr\/wp-json\/wp\/v2\/tags?post=397233"}],"curies":[{"name":"wp","href":"https:\/\/api.w.org\/{rel}","templated":true}]}}