{"id":397227,"date":"2026-05-03T11:15:06","date_gmt":"2026-05-03T10:15:06","guid":{"rendered":"https:\/\/www.webdo.tn\/fr\/?p=397227"},"modified":"2026-05-03T11:15:07","modified_gmt":"2026-05-03T10:15:07","slug":"lutte-la-tunisie-boucle-les-championnats-dafrique-avec-10-medailles-dont-une-en-or","status":"publish","type":"post","link":"https:\/\/www.webdo.tn\/fr\/actualite\/sport\/lutte-la-tunisie-boucle-les-championnats-dafrique-avec-10-medailles-dont-une-en-or\/397227\/","title":{"rendered":"Lutte : La Tunisie boucle les Championnats d\u2019Afrique avec 10 m\u00e9dailles dont une en or"},"content":{"rendered":"\n<p><strong>La s\u00e9lection tunisienne de lutte a termin\u00e9 les Championnats d\u2019Afrique seniors 2026 avec un total de 10 m\u00e9dailles, dont une en or et une en argent, \u00e0 l\u2019issue des \u00e9preuves disput\u00e9es \u00e0 Alexandrie. La comp\u00e9tition, cl\u00f4tur\u00e9e le 2 mai, confirme la r\u00e9gularit\u00e9 tunisienne sur la sc\u00e8ne continentale, notamment en lutte f\u00e9minine.<\/strong><\/p>\n\n\n\n<h2 class=\"wp-block-heading\" id=\"h-zeineb-seghaier-offre-l-or-a-la-tunisie\">Zeineb Seghaier offre l\u2019or \u00e0 la Tunisie<\/h2>\n\n\n\n<p>La seule m\u00e9daille d\u2019or tunisienne a \u00e9t\u00e9 remport\u00e9e par Zeineb Seghaier dans la cat\u00e9gorie des 72 kg (lutte f\u00e9minine). En finale, elle s\u2019est impos\u00e9e face \u00e0 la Nig\u00e9riane Ebi Biogos sur le score de 6-2.<\/p>\n\n\n\n<p>La m\u00e9daille d\u2019argent est revenue \u00e0 Chahrazad Ayachi (50 kg), battue en finale par Mercy Genesis (6-0).<\/p>\n\n\n\n<p>Les m\u00e9dailles de bronze ont \u00e9t\u00e9 d\u00e9croch\u00e9es gr\u00e2ce \u00e0 Lobna Ichaoui (55 kg, lutte f\u00e9minine), Kheireddine Ben Tlili (70 kg, lutte libre), Israa Jabri (62 kg) et Chahd Jeljeli (57 kg) en lutte f\u00e9minine, ainsi que par Radhouane Tarhouni (72 kg), Sami Slama (77 kg), Belhassan Azaouzi (82 kg) et Amjed Maafi (87 kg) en lutte gr\u00e9co-romaine.<\/p>\n\n\n\n<h2 class=\"wp-block-heading\" id=\"h-des-resultats-solides-chez-les-jeunes\">Des r\u00e9sultats solides chez les jeunes<\/h2>\n\n\n\n<p>Au-del\u00e0 de la cat\u00e9gorie seniors, la Tunisie s\u2019est \u00e9galement distingu\u00e9e dans les cat\u00e9gories d\u2019\u00e2ge. Les juniors ont r\u00e9colt\u00e9 6 m\u00e9dailles (dont 4 en or), tandis que les cadets ont sign\u00e9 une performance encore plus dense avec 20 m\u00e9dailles, confirmant la vitalit\u00e9 du vivier tunisien dans la discipline.<\/p>\n\n\n\n<p>Ces r\u00e9sultats globaux traduisent une pr\u00e9sence tunisienne comp\u00e9titive sur le continent africain, avec une rel\u00e8ve prometteuse et une sp\u00e9cialisation affirm\u00e9e dans certaines cat\u00e9gories, notamment f\u00e9minines.<\/p>\n\n\n\n<blockquote class=\"wp-block-quote is-layout-flow wp-block-quote-is-layout-flow\">\n<ul class=\"wp-block-list\">\n<li class=\"has-medium-font-size\"><strong>Lire aussi <\/strong>: <a href=\"https:\/\/www.webdo.tn\/fr\/actualite\/sport\/lutte-championnats-d-afrique-la-tunisie-brille-avec-30-medailles-dont-6-en-or\/221783\/\">Lutte \u2013 Championnats d\u2019Afrique : La Tunisie brille avec 30 m\u00e9dailles, dont 6 en or<\/a><\/li>\n<\/ul>\n<\/blockquote>\n","protected":false},"excerpt":{"rendered":"<p>La s\u00e9lection tunisienne de lutte a termin\u00e9 les Championnats d\u2019Afrique seniors 2026 avec un total de 10 m\u00e9dailles, dont une en or et une en argent, \u00e0 l\u2019issue des \u00e9preuves disput\u00e9es \u00e0 Alexandrie. La comp\u00e9tition, cl\u00f4tur\u00e9e le 2 mai, confirme la r\u00e9gularit\u00e9 tunisienne sur la sc\u00e8ne continentale, notamment en lutte f\u00e9minine. Zeineb Seghaier offre l\u2019or [&hellip;]<\/p>\n","protected":false},"author":3189,"featured_media":397228,"comment_status":"closed","ping_status":"closed","sticky":false,"template":"","format":"standard","meta":{"footnotes":""},"categories":[2593],"tags":[8403,2668,2666,2608],"class_list":["post-397227","post","type-post","status-publish","format-standard","has-post-thumbnail","hentry","category-sport","tag-championnat-dafrique","tag-lutte","tag-medailles","tag-tunisie"],"yoast_head":"<!-- This site is optimized with the Yoast SEO Premium plugin v27.5 (Yoast SEO v27.5) - https:\/\/yoast.com\/product\/yoast-seo-premium-wordpress\/ -->\n<title>Lutte : La Tunisie boucle les Championnats d\u2019Afrique avec 10 m\u00e9dailles dont une en or - webdo<\/title>\n<meta name=\"description\" content=\"Les Championnats d\u2019Afrique 2026 r\u00e9v\u00e9lent la domination tunisienne en lutte, avec une m\u00e9daille d\u2019or et une m\u00e9daille d\u2019argent d\u00e9cisives.\" \/>\n<link rel=\"canonical\" href=\"https:\/\/www.webdo.tn\/fr\/actualite\/sport\/lutte-la-tunisie-boucle-les-championnats-dafrique-avec-10-medailles-dont-une-en-or\/397227\/\" \/>\n<meta property=\"og:locale\" content=\"fr_FR\" \/>\n<meta property=\"og:type\" content=\"article\" \/>\n<meta property=\"og:title\" content=\"Lutte : La Tunisie boucle les Championnats d\u2019Afrique avec 10 m\u00e9dailles dont une en or\" \/>\n<meta property=\"og:description\" content=\"Les Championnats d\u2019Afrique 2026 r\u00e9v\u00e9lent la domination tunisienne en lutte, avec une m\u00e9daille d\u2019or et une m\u00e9daille d\u2019argent d\u00e9cisives.\" \/>\n<meta property=\"og:url\" content=\"https:\/\/www.webdo.tn\/fr\/actualite\/sport\/lutte-la-tunisie-boucle-les-championnats-dafrique-avec-10-medailles-dont-une-en-or\/397227\/\" \/>\n<meta property=\"og:site_name\" content=\"webdo\" \/>\n<meta property=\"article:publisher\" content=\"https:\/\/www.facebook.com\/webdotn\" \/>\n<meta property=\"article:author\" content=\"https:\/\/www.facebook.com\/youssef.rc.92\" \/>\n<meta property=\"article:published_time\" content=\"2026-05-03T10:15:06+00:00\" \/>\n<meta property=\"article:modified_time\" content=\"2026-05-03T10:15:07+00:00\" \/>\n<meta property=\"og:image\" content=\"https:\/\/www.webdo.tn\/fr\/wp-content\/uploads\/2026\/05\/Zeineb-Sghaier2.jpg\" \/>\n\t<meta property=\"og:image:width\" content=\"1208\" \/>\n\t<meta property=\"og:image:height\" content=\"600\" \/>\n\t<meta property=\"og:image:type\" content=\"image\/jpeg\" \/>\n<meta name=\"author\" content=\"Maher Chaabane\" \/>\n<meta name=\"twitter:card\" content=\"summary_large_image\" \/>\n<meta name=\"twitter:creator\" content=\"@webdo_tn\" \/>\n<meta name=\"twitter:site\" content=\"@webdo_tn\" \/>\n<meta name=\"twitter:label1\" content=\"\u00c9crit par\" \/>\n\t<meta name=\"twitter:data1\" content=\"Maher Chaabane\" \/>\n\t<meta name=\"twitter:label2\" content=\"Dur\u00e9e de lecture estim\u00e9e\" \/>\n\t<meta name=\"twitter:data2\" content=\"2 minutes\" \/>\n<script type=\"application\/ld+json\" class=\"yoast-schema-graph\">{\"@context\":\"https:\\\/\\\/schema.org\",\"@graph\":[{\"@type\":\"NewsArticle\",\"@id\":\"https:\\\/\\\/www.webdo.tn\\\/fr\\\/actualite\\\/sport\\\/lutte-la-tunisie-boucle-les-championnats-dafrique-avec-10-medailles-dont-une-en-or\\\/397227\\\/#article\",\"isPartOf\":{\"@id\":\"https:\\\/\\\/www.webdo.tn\\\/fr\\\/actualite\\\/sport\\\/lutte-la-tunisie-boucle-les-championnats-dafrique-avec-10-medailles-dont-une-en-or\\\/397227\\\/\"},\"author\":{\"name\":\"Maher Chaabane\",\"@id\":\"https:\\\/\\\/www.webdo.tn\\\/fr\\\/#\\\/schema\\\/person\\\/57c261717927697fcf719ab1058a8003\"},\"headline\":\"Lutte : La Tunisie boucle les Championnats d\u2019Afrique avec 10 m\u00e9dailles dont une en or\",\"datePublished\":\"2026-05-03T10:15:06+00:00\",\"dateModified\":\"2026-05-03T10:15:07+00:00\",\"mainEntityOfPage\":{\"@id\":\"https:\\\/\\\/www.webdo.tn\\\/fr\\\/actualite\\\/sport\\\/lutte-la-tunisie-boucle-les-championnats-dafrique-avec-10-medailles-dont-une-en-or\\\/397227\\\/\"},\"wordCount\":299,\"publisher\":{\"@id\":\"https:\\\/\\\/www.webdo.tn\\\/fr\\\/#organization\"},\"image\":{\"@id\":\"https:\\\/\\\/www.webdo.tn\\\/fr\\\/actualite\\\/sport\\\/lutte-la-tunisie-boucle-les-championnats-dafrique-avec-10-medailles-dont-une-en-or\\\/397227\\\/#primaryimage\"},\"thumbnailUrl\":\"https:\\\/\\\/www.webdo.tn\\\/fr\\\/wp-content\\\/uploads\\\/2026\\\/05\\\/Zeineb-Sghaier2.jpg\",\"keywords\":[\"championnat d'afrique\",\"lutte\",\"m\u00e9dailles\",\"Tunisie\"],\"articleSection\":[\"Sport\"],\"inLanguage\":\"fr-FR\"},{\"@type\":\"WebPage\",\"@id\":\"https:\\\/\\\/www.webdo.tn\\\/fr\\\/actualite\\\/sport\\\/lutte-la-tunisie-boucle-les-championnats-dafrique-avec-10-medailles-dont-une-en-or\\\/397227\\\/\",\"url\":\"https:\\\/\\\/www.webdo.tn\\\/fr\\\/actualite\\\/sport\\\/lutte-la-tunisie-boucle-les-championnats-dafrique-avec-10-medailles-dont-une-en-or\\\/397227\\\/\",\"name\":\"Lutte : La Tunisie boucle les Championnats d\u2019Afrique avec 10 m\u00e9dailles dont une en or - webdo\",\"isPartOf\":{\"@id\":\"https:\\\/\\\/www.webdo.tn\\\/fr\\\/#website\"},\"primaryImageOfPage\":{\"@id\":\"https:\\\/\\\/www.webdo.tn\\\/fr\\\/actualite\\\/sport\\\/lutte-la-tunisie-boucle-les-championnats-dafrique-avec-10-medailles-dont-une-en-or\\\/397227\\\/#primaryimage\"},\"image\":{\"@id\":\"https:\\\/\\\/www.webdo.tn\\\/fr\\\/actualite\\\/sport\\\/lutte-la-tunisie-boucle-les-championnats-dafrique-avec-10-medailles-dont-une-en-or\\\/397227\\\/#primaryimage\"},\"thumbnailUrl\":\"https:\\\/\\\/www.webdo.tn\\\/fr\\\/wp-content\\\/uploads\\\/2026\\\/05\\\/Zeineb-Sghaier2.jpg\",\"datePublished\":\"2026-05-03T10:15:06+00:00\",\"dateModified\":\"2026-05-03T10:15:07+00:00\",\"description\":\"Les Championnats d\u2019Afrique 2026 r\u00e9v\u00e9lent la domination tunisienne en lutte, avec une m\u00e9daille d\u2019or et une m\u00e9daille d\u2019argent d\u00e9cisives.\",\"breadcrumb\":{\"@id\":\"https:\\\/\\\/www.webdo.tn\\\/fr\\\/actualite\\\/sport\\\/lutte-la-tunisie-boucle-les-championnats-dafrique-avec-10-medailles-dont-une-en-or\\\/397227\\\/#breadcrumb\"},\"inLanguage\":\"fr-FR\",\"potentialAction\":[{\"@type\":\"ReadAction\",\"target\":[\"https:\\\/\\\/www.webdo.tn\\\/fr\\\/actualite\\\/sport\\\/lutte-la-tunisie-boucle-les-championnats-dafrique-avec-10-medailles-dont-une-en-or\\\/397227\\\/\"]}]},{\"@type\":\"ImageObject\",\"inLanguage\":\"fr-FR\",\"@id\":\"https:\\\/\\\/www.webdo.tn\\\/fr\\\/actualite\\\/sport\\\/lutte-la-tunisie-boucle-les-championnats-dafrique-avec-10-medailles-dont-une-en-or\\\/397227\\\/#primaryimage\",\"url\":\"https:\\\/\\\/www.webdo.tn\\\/fr\\\/wp-content\\\/uploads\\\/2026\\\/05\\\/Zeineb-Sghaier2.jpg\",\"contentUrl\":\"https:\\\/\\\/www.webdo.tn\\\/fr\\\/wp-content\\\/uploads\\\/2026\\\/05\\\/Zeineb-Sghaier2.jpg\",\"width\":1208,\"height\":600,\"caption\":\"Lutte : La Tunisie boucle les Championnats d\u2019Afrique avec 10 m\u00e9dailles dont une en or\"},{\"@type\":\"BreadcrumbList\",\"@id\":\"https:\\\/\\\/www.webdo.tn\\\/fr\\\/actualite\\\/sport\\\/lutte-la-tunisie-boucle-les-championnats-dafrique-avec-10-medailles-dont-une-en-or\\\/397227\\\/#breadcrumb\",\"itemListElement\":[{\"@type\":\"ListItem\",\"position\":1,\"name\":\"Accueil\",\"item\":\"https:\\\/\\\/www.webdo.tn\\\/fr\\\/\"},{\"@type\":\"ListItem\",\"position\":2,\"name\":\"Lutte : La Tunisie boucle les Championnats d\u2019Afrique avec 10 m\u00e9dailles dont une en or\"}]},{\"@type\":\"WebSite\",\"@id\":\"https:\\\/\\\/www.webdo.tn\\\/fr\\\/#website\",\"url\":\"https:\\\/\\\/www.webdo.tn\\\/fr\\\/\",\"name\":\"webdo\",\"description\":\"Tunisie - News en Tunisie et \u00e0 l&#039;international sur Webdo.tn\",\"publisher\":{\"@id\":\"https:\\\/\\\/www.webdo.tn\\\/fr\\\/#organization\"},\"potentialAction\":[{\"@type\":\"SearchAction\",\"target\":{\"@type\":\"EntryPoint\",\"urlTemplate\":\"https:\\\/\\\/www.webdo.tn\\\/fr\\\/?s={search_term_string}\"},\"query-input\":{\"@type\":\"PropertyValueSpecification\",\"valueRequired\":true,\"valueName\":\"search_term_string\"}}],\"inLanguage\":\"fr-FR\"},{\"@type\":\"Organization\",\"@id\":\"https:\\\/\\\/www.webdo.tn\\\/fr\\\/#organization\",\"name\":\"Webdo\",\"alternateName\":\"Webdo.tn\",\"url\":\"https:\\\/\\\/www.webdo.tn\\\/fr\\\/\",\"logo\":{\"@type\":\"ImageObject\",\"inLanguage\":\"fr-FR\",\"@id\":\"https:\\\/\\\/www.webdo.tn\\\/fr\\\/#\\\/schema\\\/logo\\\/image\\\/\",\"url\":\"https:\\\/\\\/www.webdo.tn\\\/fr\\\/wp-content\\\/uploads\\\/2025\\\/06\\\/Webdo-Tunisie_168377.jpg\",\"contentUrl\":\"https:\\\/\\\/www.webdo.tn\\\/fr\\\/wp-content\\\/uploads\\\/2025\\\/06\\\/Webdo-Tunisie_168377.jpg\",\"width\":301,\"height\":301,\"caption\":\"Webdo\"},\"image\":{\"@id\":\"https:\\\/\\\/www.webdo.tn\\\/fr\\\/#\\\/schema\\\/logo\\\/image\\\/\"},\"sameAs\":[\"https:\\\/\\\/www.facebook.com\\\/webdotn\",\"https:\\\/\\\/x.com\\\/webdo_tn\"],\"description\":\"Webdo est un m\u00e9dia num\u00e9rique tunisien fond\u00e9 en 2010, sp\u00e9cialis\u00e9 dans l\u2019actualit\u00e9 nationale et internationale, l\u2019\u00e9conomie, la soci\u00e9t\u00e9 et les analyses politiques. Le site s\u2019adresse \u00e0 un large public francophone et couvre l\u2019information tunisienne en temps r\u00e9el.\",\"email\":\"redac@webdo.tn\",\"legalName\":\"YNJ SARL\",\"foundingDate\":\"2010-09-06\",\"numberOfEmployees\":{\"@type\":\"QuantitativeValue\",\"minValue\":\"11\",\"maxValue\":\"50\"}},{\"@type\":\"Person\",\"@id\":\"https:\\\/\\\/www.webdo.tn\\\/fr\\\/#\\\/schema\\\/person\\\/57c261717927697fcf719ab1058a8003\",\"name\":\"Maher Chaabane\",\"image\":{\"@type\":\"ImageObject\",\"inLanguage\":\"fr-FR\",\"@id\":\"https:\\\/\\\/www.webdo.tn\\\/fr\\\/wp-content\\\/uploads\\\/2026\\\/04\\\/maher-chaabane_avatar_2-96x96.jpg\",\"url\":\"https:\\\/\\\/www.webdo.tn\\\/fr\\\/wp-content\\\/uploads\\\/2026\\\/04\\\/maher-chaabane_avatar_2-96x96.jpg\",\"contentUrl\":\"https:\\\/\\\/www.webdo.tn\\\/fr\\\/wp-content\\\/uploads\\\/2026\\\/04\\\/maher-chaabane_avatar_2-96x96.jpg\",\"caption\":\"Maher Chaabane\"},\"description\":\"Maher Chaabane est journaliste et r\u00e9dacteur en chef de Webdo.tn depuis 2012. Il d\u00e9bute sa carri\u00e8re au sein du groupe Tunis Hebdo en 2000, o\u00f9 il couvre pendant plusieurs ann\u00e9es l\u2019actualit\u00e9 sportive et internationale, avant d\u2019occuper les fonctions de r\u00e9dacteur en chef adjoint. Fort de plus de deux d\u00e9cennies d\u2019exp\u00e9rience dans le journalisme, il supervise aujourd\u2019hui la production \u00e9ditoriale de Webdo et contribue activement \u00e0 la ligne du m\u00e9dia, en particulier sur les sujets d\u2019actualit\u00e9 nationale et internationale. https:\\\/\\\/www.facebook.com\\\/youssef.rc.92\",\"sameAs\":[\"https:\\\/\\\/www.facebook.com\\\/youssef.rc.92\"],\"knowsAbout\":[\"journalisme\",\"actualit\u00e9 internationale\",\"sport\",\"r\u00e9daction\",\"m\u00e9dias\",\"information\"],\"knowsLanguage\":[\"Fran\u00e7ais\",\"Arabe\"],\"jobTitle\":\"R\u00e9dacteur en chef\",\"worksFor\":\"Webdo.tn\",\"url\":\"https:\\\/\\\/www.webdo.tn\\\/fr\\\/actualite\\\/author\\\/maher-chaabane\\\/\"}]}<\/script>\n<!-- \/ Yoast SEO Premium plugin. -->","yoast_head_json":{"title":"Lutte : La Tunisie boucle les Championnats d\u2019Afrique avec 10 m\u00e9dailles dont une en or - webdo","description":"Les Championnats d\u2019Afrique 2026 r\u00e9v\u00e9lent la domination tunisienne en lutte, avec une m\u00e9daille d\u2019or et une m\u00e9daille d\u2019argent d\u00e9cisives.","canonical":"https:\/\/www.webdo.tn\/fr\/actualite\/sport\/lutte-la-tunisie-boucle-les-championnats-dafrique-avec-10-medailles-dont-une-en-or\/397227\/","og_locale":"fr_FR","og_type":"article","og_title":"Lutte : La Tunisie boucle les Championnats d\u2019Afrique avec 10 m\u00e9dailles dont une en or","og_description":"Les Championnats d\u2019Afrique 2026 r\u00e9v\u00e9lent la domination tunisienne en lutte, avec une m\u00e9daille d\u2019or et une m\u00e9daille d\u2019argent d\u00e9cisives.","og_url":"https:\/\/www.webdo.tn\/fr\/actualite\/sport\/lutte-la-tunisie-boucle-les-championnats-dafrique-avec-10-medailles-dont-une-en-or\/397227\/","og_site_name":"webdo","article_publisher":"https:\/\/www.facebook.com\/webdotn","article_author":"https:\/\/www.facebook.com\/youssef.rc.92","article_published_time":"2026-05-03T10:15:06+00:00","article_modified_time":"2026-05-03T10:15:07+00:00","og_image":[{"width":1208,"height":600,"url":"https:\/\/www.webdo.tn\/fr\/wp-content\/uploads\/2026\/05\/Zeineb-Sghaier2.jpg","type":"image\/jpeg"}],"author":"Maher Chaabane","twitter_card":"summary_large_image","twitter_creator":"@webdo_tn","twitter_site":"@webdo_tn","twitter_misc":{"\u00c9crit par":"Maher Chaabane","Dur\u00e9e de lecture estim\u00e9e":"2 minutes"},"schema":{"@context":"https:\/\/schema.org","@graph":[{"@type":"NewsArticle","@id":"https:\/\/www.webdo.tn\/fr\/actualite\/sport\/lutte-la-tunisie-boucle-les-championnats-dafrique-avec-10-medailles-dont-une-en-or\/397227\/#article","isPartOf":{"@id":"https:\/\/www.webdo.tn\/fr\/actualite\/sport\/lutte-la-tunisie-boucle-les-championnats-dafrique-avec-10-medailles-dont-une-en-or\/397227\/"},"author":{"name":"Maher Chaabane","@id":"https:\/\/www.webdo.tn\/fr\/#\/schema\/person\/57c261717927697fcf719ab1058a8003"},"headline":"Lutte : La Tunisie boucle les Championnats d\u2019Afrique avec 10 m\u00e9dailles dont une en or","datePublished":"2026-05-03T10:15:06+00:00","dateModified":"2026-05-03T10:15:07+00:00","mainEntityOfPage":{"@id":"https:\/\/www.webdo.tn\/fr\/actualite\/sport\/lutte-la-tunisie-boucle-les-championnats-dafrique-avec-10-medailles-dont-une-en-or\/397227\/"},"wordCount":299,"publisher":{"@id":"https:\/\/www.webdo.tn\/fr\/#organization"},"image":{"@id":"https:\/\/www.webdo.tn\/fr\/actualite\/sport\/lutte-la-tunisie-boucle-les-championnats-dafrique-avec-10-medailles-dont-une-en-or\/397227\/#primaryimage"},"thumbnailUrl":"https:\/\/www.webdo.tn\/fr\/wp-content\/uploads\/2026\/05\/Zeineb-Sghaier2.jpg","keywords":["championnat d'afrique","lutte","m\u00e9dailles","Tunisie"],"articleSection":["Sport"],"inLanguage":"fr-FR"},{"@type":"WebPage","@id":"https:\/\/www.webdo.tn\/fr\/actualite\/sport\/lutte-la-tunisie-boucle-les-championnats-dafrique-avec-10-medailles-dont-une-en-or\/397227\/","url":"https:\/\/www.webdo.tn\/fr\/actualite\/sport\/lutte-la-tunisie-boucle-les-championnats-dafrique-avec-10-medailles-dont-une-en-or\/397227\/","name":"Lutte : La Tunisie boucle les Championnats d\u2019Afrique avec 10 m\u00e9dailles dont une en or - webdo","isPartOf":{"@id":"https:\/\/www.webdo.tn\/fr\/#website"},"primaryImageOfPage":{"@id":"https:\/\/www.webdo.tn\/fr\/actualite\/sport\/lutte-la-tunisie-boucle-les-championnats-dafrique-avec-10-medailles-dont-une-en-or\/397227\/#primaryimage"},"image":{"@id":"https:\/\/www.webdo.tn\/fr\/actualite\/sport\/lutte-la-tunisie-boucle-les-championnats-dafrique-avec-10-medailles-dont-une-en-or\/397227\/#primaryimage"},"thumbnailUrl":"https:\/\/www.webdo.tn\/fr\/wp-content\/uploads\/2026\/05\/Zeineb-Sghaier2.jpg","datePublished":"2026-05-03T10:15:06+00:00","dateModified":"2026-05-03T10:15:07+00:00","description":"Les Championnats d\u2019Afrique 2026 r\u00e9v\u00e9lent la domination tunisienne en lutte, avec une m\u00e9daille d\u2019or et une m\u00e9daille d\u2019argent d\u00e9cisives.","breadcrumb":{"@id":"https:\/\/www.webdo.tn\/fr\/actualite\/sport\/lutte-la-tunisie-boucle-les-championnats-dafrique-avec-10-medailles-dont-une-en-or\/397227\/#breadcrumb"},"inLanguage":"fr-FR","potentialAction":[{"@type":"ReadAction","target":["https:\/\/www.webdo.tn\/fr\/actualite\/sport\/lutte-la-tunisie-boucle-les-championnats-dafrique-avec-10-medailles-dont-une-en-or\/397227\/"]}]},{"@type":"ImageObject","inLanguage":"fr-FR","@id":"https:\/\/www.webdo.tn\/fr\/actualite\/sport\/lutte-la-tunisie-boucle-les-championnats-dafrique-avec-10-medailles-dont-une-en-or\/397227\/#primaryimage","url":"https:\/\/www.webdo.tn\/fr\/wp-content\/uploads\/2026\/05\/Zeineb-Sghaier2.jpg","contentUrl":"https:\/\/www.webdo.tn\/fr\/wp-content\/uploads\/2026\/05\/Zeineb-Sghaier2.jpg","width":1208,"height":600,"caption":"Lutte : La Tunisie boucle les Championnats d\u2019Afrique avec 10 m\u00e9dailles dont une en or"},{"@type":"BreadcrumbList","@id":"https:\/\/www.webdo.tn\/fr\/actualite\/sport\/lutte-la-tunisie-boucle-les-championnats-dafrique-avec-10-medailles-dont-une-en-or\/397227\/#breadcrumb","itemListElement":[{"@type":"ListItem","position":1,"name":"Accueil","item":"https:\/\/www.webdo.tn\/fr\/"},{"@type":"ListItem","position":2,"name":"Lutte : La Tunisie boucle les Championnats d\u2019Afrique avec 10 m\u00e9dailles dont une en or"}]},{"@type":"WebSite","@id":"https:\/\/www.webdo.tn\/fr\/#website","url":"https:\/\/www.webdo.tn\/fr\/","name":"webdo","description":"Tunisie - News en Tunisie et \u00e0 l&#039;international sur Webdo.tn","publisher":{"@id":"https:\/\/www.webdo.tn\/fr\/#organization"},"potentialAction":[{"@type":"SearchAction","target":{"@type":"EntryPoint","urlTemplate":"https:\/\/www.webdo.tn\/fr\/?s={search_term_string}"},"query-input":{"@type":"PropertyValueSpecification","valueRequired":true,"valueName":"search_term_string"}}],"inLanguage":"fr-FR"},{"@type":"Organization","@id":"https:\/\/www.webdo.tn\/fr\/#organization","name":"Webdo","alternateName":"Webdo.tn","url":"https:\/\/www.webdo.tn\/fr\/","logo":{"@type":"ImageObject","inLanguage":"fr-FR","@id":"https:\/\/www.webdo.tn\/fr\/#\/schema\/logo\/image\/","url":"https:\/\/www.webdo.tn\/fr\/wp-content\/uploads\/2025\/06\/Webdo-Tunisie_168377.jpg","contentUrl":"https:\/\/www.webdo.tn\/fr\/wp-content\/uploads\/2025\/06\/Webdo-Tunisie_168377.jpg","width":301,"height":301,"caption":"Webdo"},"image":{"@id":"https:\/\/www.webdo.tn\/fr\/#\/schema\/logo\/image\/"},"sameAs":["https:\/\/www.facebook.com\/webdotn","https:\/\/x.com\/webdo_tn"],"description":"Webdo est un m\u00e9dia num\u00e9rique tunisien fond\u00e9 en 2010, sp\u00e9cialis\u00e9 dans l\u2019actualit\u00e9 nationale et internationale, l\u2019\u00e9conomie, la soci\u00e9t\u00e9 et les analyses politiques. Le site s\u2019adresse \u00e0 un large public francophone et couvre l\u2019information tunisienne en temps r\u00e9el.","email":"redac@webdo.tn","legalName":"YNJ SARL","foundingDate":"2010-09-06","numberOfEmployees":{"@type":"QuantitativeValue","minValue":"11","maxValue":"50"}},{"@type":"Person","@id":"https:\/\/www.webdo.tn\/fr\/#\/schema\/person\/57c261717927697fcf719ab1058a8003","name":"Maher Chaabane","image":{"@type":"ImageObject","inLanguage":"fr-FR","@id":"https:\/\/www.webdo.tn\/fr\/wp-content\/uploads\/2026\/04\/maher-chaabane_avatar_2-96x96.jpg","url":"https:\/\/www.webdo.tn\/fr\/wp-content\/uploads\/2026\/04\/maher-chaabane_avatar_2-96x96.jpg","contentUrl":"https:\/\/www.webdo.tn\/fr\/wp-content\/uploads\/2026\/04\/maher-chaabane_avatar_2-96x96.jpg","caption":"Maher Chaabane"},"description":"Maher Chaabane est journaliste et r\u00e9dacteur en chef de Webdo.tn depuis 2012. Il d\u00e9bute sa carri\u00e8re au sein du groupe Tunis Hebdo en 2000, o\u00f9 il couvre pendant plusieurs ann\u00e9es l\u2019actualit\u00e9 sportive et internationale, avant d\u2019occuper les fonctions de r\u00e9dacteur en chef adjoint. Fort de plus de deux d\u00e9cennies d\u2019exp\u00e9rience dans le journalisme, il supervise aujourd\u2019hui la production \u00e9ditoriale de Webdo et contribue activement \u00e0 la ligne du m\u00e9dia, en particulier sur les sujets d\u2019actualit\u00e9 nationale et internationale. https:\/\/www.facebook.com\/youssef.rc.92","sameAs":["https:\/\/www.facebook.com\/youssef.rc.92"],"knowsAbout":["journalisme","actualit\u00e9 internationale","sport","r\u00e9daction","m\u00e9dias","information"],"knowsLanguage":["Fran\u00e7ais","Arabe"],"jobTitle":"R\u00e9dacteur en chef","worksFor":"Webdo.tn","url":"https:\/\/www.webdo.tn\/fr\/actualite\/author\/maher-chaabane\/"}]}},"_links":{"self":[{"href":"https:\/\/www.webdo.tn\/fr\/wp-json\/wp\/v2\/posts\/397227","targetHints":{"allow":["GET"]}}],"collection":[{"href":"https:\/\/www.webdo.tn\/fr\/wp-json\/wp\/v2\/posts"}],"about":[{"href":"https:\/\/www.webdo.tn\/fr\/wp-json\/wp\/v2\/types\/post"}],"author":[{"embeddable":true,"href":"https:\/\/www.webdo.tn\/fr\/wp-json\/wp\/v2\/users\/3189"}],"replies":[{"embeddable":true,"href":"https:\/\/www.webdo.tn\/fr\/wp-json\/wp\/v2\/comments?post=397227"}],"version-history":[{"count":1,"href":"https:\/\/www.webdo.tn\/fr\/wp-json\/wp\/v2\/posts\/397227\/revisions"}],"predecessor-version":[{"id":397229,"href":"https:\/\/www.webdo.tn\/fr\/wp-json\/wp\/v2\/posts\/397227\/revisions\/397229"}],"wp:featuredmedia":[{"embeddable":true,"href":"https:\/\/www.webdo.tn\/fr\/wp-json\/wp\/v2\/media\/397228"}],"wp:attachment":[{"href":"https:\/\/www.webdo.tn\/fr\/wp-json\/wp\/v2\/media?parent=397227"}],"wp:term":[{"taxonomy":"category","embeddable":true,"href":"https:\/\/www.webdo.tn\/fr\/wp-json\/wp\/v2\/categories?post=397227"},{"taxonomy":"post_tag","embeddable":true,"href":"https:\/\/www.webdo.tn\/fr\/wp-json\/wp\/v2\/tags?post=397227"}],"curies":[{"name":"wp","href":"https:\/\/api.w.org\/{rel}","templated":true}]}}