{"id":397224,"date":"2026-05-03T10:50:40","date_gmt":"2026-05-03T09:50:40","guid":{"rendered":"https:\/\/www.webdo.tn\/fr\/?p=397224"},"modified":"2026-05-03T10:50:43","modified_gmt":"2026-05-03T09:50:43","slug":"la-nouvelle-creation-de-rochdi-belgasmi-des-etoffes-et-les-mouvements-du-danseur","status":"publish","type":"post","link":"https:\/\/www.webdo.tn\/fr\/actualite\/culture\/la-nouvelle-creation-de-rochdi-belgasmi-des-etoffes-et-les-mouvements-du-danseur\/397224\/","title":{"rendered":"La nouvelle cr\u00e9ation de Rochdi Belgasmi : Des \u00e9toffes et les mouvements du danseur"},"content":{"rendered":"\n<p>La nouvelle cr\u00e9ation chor\u00e9graphique de Rochdi Belgasmi s&rsquo;intitule Ereg Enossef et sera pr\u00e9sent\u00e9e le 7 mai \u00e0 19h au Th\u00e9\u00e2tre municipal de Sousse.<\/p>\n\n\n\n<p>Le chor\u00e9graphe introduit ce nouveau solo de danse dans les termes suivants : \u00ab Sous les strates d\u2019une carapace herm\u00e9tique faite d\u2019\u00e9toffes se dissimulent pourtant des formes multiples de douceur, de tendresse et de sensualit\u00e9. <\/p>\n\n\n\n<p>Cette enveloppe qui cerne mon corps s\u2019accompagne d\u2019une gestuelle marqu\u00e9e par la puissance et la verticalit\u00e9, portant une esth\u00e9tique du maintien et du contr\u00f4le des apparences. <\/p>\n\n\n\n<p>Mon corps devient alors le lieu d\u2019un enchev\u00eatrement de figures et de mati\u00e8res, un espace o\u00f9 les \u00e9toffes se sculptent, se transforment et se d\u00e9ploient dans le mouvement de la danse. \u00bb<\/p>\n\n\n\n<p>Une premi\u00e8re d\u00e9couverte en attendant la grande premi\u00e8re de cette nouvelle performance de Rochdi Belgasmi.<\/p>\n\n\n\n<blockquote class=\"wp-block-quote is-layout-flow wp-block-quote-is-layout-flow\">\n<ul class=\"wp-block-list\">\n<li class=\"has-medium-font-size\"><strong>Lire aussi :<\/strong> <a href=\"https:\/\/www.webdo.tn\/fr\/actualite\/culture\/flamenco-quand-marco-flores-enchante-la-cite-de-la-culture\/389081\/\">Flamenco : Quand Marco Flores enchante la Cit\u00e9 de la culture<\/a><\/li>\n<\/ul>\n<\/blockquote>\n","protected":false},"excerpt":{"rendered":"<p>La nouvelle cr\u00e9ation chor\u00e9graphique de Rochdi Belgasmi s&rsquo;intitule Ereg Enossef et sera pr\u00e9sent\u00e9e le 7 mai \u00e0 19h au Th\u00e9\u00e2tre municipal de Sousse. Le chor\u00e9graphe introduit ce nouveau solo de danse dans les termes suivants : \u00ab Sous les strates d\u2019une carapace herm\u00e9tique faite d\u2019\u00e9toffes se dissimulent pourtant des formes multiples de douceur, de tendresse [&hellip;]<\/p>\n","protected":false},"author":3229,"featured_media":397225,"comment_status":"closed","ping_status":"closed","sticky":false,"template":"","format":"standard","meta":{"footnotes":""},"categories":[2594],"tags":[6669,14086,2608],"class_list":["post-397224","post","type-post","status-publish","format-standard","has-post-thumbnail","hentry","category-culture","tag-danse","tag-rochdi-belgasmi","tag-tunisie"],"yoast_head":"<!-- This site is optimized with the Yoast SEO Premium plugin v27.5 (Yoast SEO v27.5) - https:\/\/yoast.com\/product\/yoast-seo-premium-wordpress\/ -->\n<title>La nouvelle cr\u00e9ation de Rochdi Belgasmi : Des \u00e9toffes et les mouvements du danseur - webdo<\/title>\n<meta name=\"description\" content=\"Rochdi Belgasmi pr\u00e9sente Ereg Enossef, un solo de danse captivant. Ne manquez pas la premi\u00e8re le 7 mai au Th\u00e9\u00e2tre municipal.\" \/>\n<link rel=\"canonical\" href=\"https:\/\/www.webdo.tn\/fr\/actualite\/culture\/la-nouvelle-creation-de-rochdi-belgasmi-des-etoffes-et-les-mouvements-du-danseur\/397224\/\" \/>\n<meta property=\"og:locale\" content=\"fr_FR\" \/>\n<meta property=\"og:type\" content=\"article\" \/>\n<meta property=\"og:title\" content=\"La nouvelle cr\u00e9ation de Rochdi Belgasmi : Des \u00e9toffes et les mouvements du danseur\" \/>\n<meta property=\"og:description\" content=\"Rochdi Belgasmi pr\u00e9sente Ereg Enossef, un solo de danse captivant. Ne manquez pas la premi\u00e8re le 7 mai au Th\u00e9\u00e2tre municipal.\" \/>\n<meta property=\"og:url\" content=\"https:\/\/www.webdo.tn\/fr\/actualite\/culture\/la-nouvelle-creation-de-rochdi-belgasmi-des-etoffes-et-les-mouvements-du-danseur\/397224\/\" \/>\n<meta property=\"og:site_name\" content=\"webdo\" \/>\n<meta property=\"article:publisher\" content=\"https:\/\/www.facebook.com\/webdotn\" \/>\n<meta property=\"article:author\" content=\"https:\/\/www.facebook.com\/hatem.bourial.2025\" \/>\n<meta property=\"article:published_time\" content=\"2026-05-03T09:50:40+00:00\" \/>\n<meta property=\"article:modified_time\" content=\"2026-05-03T09:50:43+00:00\" \/>\n<meta property=\"og:image\" content=\"https:\/\/www.webdo.tn\/fr\/wp-content\/uploads\/2026\/05\/Rochdi.jpeg\" \/>\n\t<meta property=\"og:image:width\" content=\"1200\" \/>\n\t<meta property=\"og:image:height\" content=\"602\" \/>\n\t<meta property=\"og:image:type\" content=\"image\/jpeg\" \/>\n<meta name=\"author\" content=\"Hatem Bourial\" \/>\n<meta name=\"twitter:card\" content=\"summary_large_image\" \/>\n<meta name=\"twitter:creator\" content=\"@webdo_tn\" \/>\n<meta name=\"twitter:site\" content=\"@webdo_tn\" \/>\n<meta name=\"twitter:label1\" content=\"\u00c9crit par\" \/>\n\t<meta name=\"twitter:data1\" content=\"Hatem Bourial\" \/>\n\t<meta name=\"twitter:label2\" content=\"Dur\u00e9e de lecture estim\u00e9e\" \/>\n\t<meta name=\"twitter:data2\" content=\"1 minute\" \/>\n<script type=\"application\/ld+json\" class=\"yoast-schema-graph\">{\"@context\":\"https:\\\/\\\/schema.org\",\"@graph\":[{\"@type\":\"NewsArticle\",\"@id\":\"https:\\\/\\\/www.webdo.tn\\\/fr\\\/actualite\\\/culture\\\/la-nouvelle-creation-de-rochdi-belgasmi-des-etoffes-et-les-mouvements-du-danseur\\\/397224\\\/#article\",\"isPartOf\":{\"@id\":\"https:\\\/\\\/www.webdo.tn\\\/fr\\\/actualite\\\/culture\\\/la-nouvelle-creation-de-rochdi-belgasmi-des-etoffes-et-les-mouvements-du-danseur\\\/397224\\\/\"},\"author\":{\"name\":\"Hatem Bourial\",\"@id\":\"https:\\\/\\\/www.webdo.tn\\\/fr\\\/#\\\/schema\\\/person\\\/6bc0beba2cd23aec27cb5df85ca2554f\"},\"headline\":\"La nouvelle cr\u00e9ation de Rochdi Belgasmi : Des \u00e9toffes et les mouvements du danseur\",\"datePublished\":\"2026-05-03T09:50:40+00:00\",\"dateModified\":\"2026-05-03T09:50:43+00:00\",\"mainEntityOfPage\":{\"@id\":\"https:\\\/\\\/www.webdo.tn\\\/fr\\\/actualite\\\/culture\\\/la-nouvelle-creation-de-rochdi-belgasmi-des-etoffes-et-les-mouvements-du-danseur\\\/397224\\\/\"},\"wordCount\":174,\"publisher\":{\"@id\":\"https:\\\/\\\/www.webdo.tn\\\/fr\\\/#organization\"},\"image\":{\"@id\":\"https:\\\/\\\/www.webdo.tn\\\/fr\\\/actualite\\\/culture\\\/la-nouvelle-creation-de-rochdi-belgasmi-des-etoffes-et-les-mouvements-du-danseur\\\/397224\\\/#primaryimage\"},\"thumbnailUrl\":\"https:\\\/\\\/www.webdo.tn\\\/fr\\\/wp-content\\\/uploads\\\/2026\\\/05\\\/Rochdi.jpeg\",\"keywords\":[\"danse\",\"Rochdi Belgasmi\",\"Tunisie\"],\"articleSection\":[\"Culture\"],\"inLanguage\":\"fr-FR\"},{\"@type\":\"WebPage\",\"@id\":\"https:\\\/\\\/www.webdo.tn\\\/fr\\\/actualite\\\/culture\\\/la-nouvelle-creation-de-rochdi-belgasmi-des-etoffes-et-les-mouvements-du-danseur\\\/397224\\\/\",\"url\":\"https:\\\/\\\/www.webdo.tn\\\/fr\\\/actualite\\\/culture\\\/la-nouvelle-creation-de-rochdi-belgasmi-des-etoffes-et-les-mouvements-du-danseur\\\/397224\\\/\",\"name\":\"La nouvelle cr\u00e9ation de Rochdi Belgasmi : Des \u00e9toffes et les mouvements du danseur - webdo\",\"isPartOf\":{\"@id\":\"https:\\\/\\\/www.webdo.tn\\\/fr\\\/#website\"},\"primaryImageOfPage\":{\"@id\":\"https:\\\/\\\/www.webdo.tn\\\/fr\\\/actualite\\\/culture\\\/la-nouvelle-creation-de-rochdi-belgasmi-des-etoffes-et-les-mouvements-du-danseur\\\/397224\\\/#primaryimage\"},\"image\":{\"@id\":\"https:\\\/\\\/www.webdo.tn\\\/fr\\\/actualite\\\/culture\\\/la-nouvelle-creation-de-rochdi-belgasmi-des-etoffes-et-les-mouvements-du-danseur\\\/397224\\\/#primaryimage\"},\"thumbnailUrl\":\"https:\\\/\\\/www.webdo.tn\\\/fr\\\/wp-content\\\/uploads\\\/2026\\\/05\\\/Rochdi.jpeg\",\"datePublished\":\"2026-05-03T09:50:40+00:00\",\"dateModified\":\"2026-05-03T09:50:43+00:00\",\"description\":\"Rochdi Belgasmi pr\u00e9sente Ereg Enossef, un solo de danse captivant. Ne manquez pas la premi\u00e8re le 7 mai au Th\u00e9\u00e2tre municipal.\",\"breadcrumb\":{\"@id\":\"https:\\\/\\\/www.webdo.tn\\\/fr\\\/actualite\\\/culture\\\/la-nouvelle-creation-de-rochdi-belgasmi-des-etoffes-et-les-mouvements-du-danseur\\\/397224\\\/#breadcrumb\"},\"inLanguage\":\"fr-FR\",\"potentialAction\":[{\"@type\":\"ReadAction\",\"target\":[\"https:\\\/\\\/www.webdo.tn\\\/fr\\\/actualite\\\/culture\\\/la-nouvelle-creation-de-rochdi-belgasmi-des-etoffes-et-les-mouvements-du-danseur\\\/397224\\\/\"]}]},{\"@type\":\"ImageObject\",\"inLanguage\":\"fr-FR\",\"@id\":\"https:\\\/\\\/www.webdo.tn\\\/fr\\\/actualite\\\/culture\\\/la-nouvelle-creation-de-rochdi-belgasmi-des-etoffes-et-les-mouvements-du-danseur\\\/397224\\\/#primaryimage\",\"url\":\"https:\\\/\\\/www.webdo.tn\\\/fr\\\/wp-content\\\/uploads\\\/2026\\\/05\\\/Rochdi.jpeg\",\"contentUrl\":\"https:\\\/\\\/www.webdo.tn\\\/fr\\\/wp-content\\\/uploads\\\/2026\\\/05\\\/Rochdi.jpeg\",\"width\":1200,\"height\":602,\"caption\":\"La nouvelle cr\u00e9ation de Rochdi Belgasmi : Des \u00e9toffes et les mouvements du danseur\"},{\"@type\":\"BreadcrumbList\",\"@id\":\"https:\\\/\\\/www.webdo.tn\\\/fr\\\/actualite\\\/culture\\\/la-nouvelle-creation-de-rochdi-belgasmi-des-etoffes-et-les-mouvements-du-danseur\\\/397224\\\/#breadcrumb\",\"itemListElement\":[{\"@type\":\"ListItem\",\"position\":1,\"name\":\"Accueil\",\"item\":\"https:\\\/\\\/www.webdo.tn\\\/fr\\\/\"},{\"@type\":\"ListItem\",\"position\":2,\"name\":\"La nouvelle cr\u00e9ation de Rochdi Belgasmi : Des \u00e9toffes et les mouvements du danseur\"}]},{\"@type\":\"WebSite\",\"@id\":\"https:\\\/\\\/www.webdo.tn\\\/fr\\\/#website\",\"url\":\"https:\\\/\\\/www.webdo.tn\\\/fr\\\/\",\"name\":\"webdo\",\"description\":\"Tunisie - News en Tunisie et \u00e0 l&#039;international sur Webdo.tn\",\"publisher\":{\"@id\":\"https:\\\/\\\/www.webdo.tn\\\/fr\\\/#organization\"},\"potentialAction\":[{\"@type\":\"SearchAction\",\"target\":{\"@type\":\"EntryPoint\",\"urlTemplate\":\"https:\\\/\\\/www.webdo.tn\\\/fr\\\/?s={search_term_string}\"},\"query-input\":{\"@type\":\"PropertyValueSpecification\",\"valueRequired\":true,\"valueName\":\"search_term_string\"}}],\"inLanguage\":\"fr-FR\"},{\"@type\":\"Organization\",\"@id\":\"https:\\\/\\\/www.webdo.tn\\\/fr\\\/#organization\",\"name\":\"Webdo\",\"alternateName\":\"Webdo.tn\",\"url\":\"https:\\\/\\\/www.webdo.tn\\\/fr\\\/\",\"logo\":{\"@type\":\"ImageObject\",\"inLanguage\":\"fr-FR\",\"@id\":\"https:\\\/\\\/www.webdo.tn\\\/fr\\\/#\\\/schema\\\/logo\\\/image\\\/\",\"url\":\"https:\\\/\\\/www.webdo.tn\\\/fr\\\/wp-content\\\/uploads\\\/2025\\\/06\\\/Webdo-Tunisie_168377.jpg\",\"contentUrl\":\"https:\\\/\\\/www.webdo.tn\\\/fr\\\/wp-content\\\/uploads\\\/2025\\\/06\\\/Webdo-Tunisie_168377.jpg\",\"width\":301,\"height\":301,\"caption\":\"Webdo\"},\"image\":{\"@id\":\"https:\\\/\\\/www.webdo.tn\\\/fr\\\/#\\\/schema\\\/logo\\\/image\\\/\"},\"sameAs\":[\"https:\\\/\\\/www.facebook.com\\\/webdotn\",\"https:\\\/\\\/x.com\\\/webdo_tn\"],\"description\":\"Webdo est un m\u00e9dia num\u00e9rique tunisien fond\u00e9 en 2010, sp\u00e9cialis\u00e9 dans l\u2019actualit\u00e9 nationale et internationale, l\u2019\u00e9conomie, la soci\u00e9t\u00e9 et les analyses politiques. Le site s\u2019adresse \u00e0 un large public francophone et couvre l\u2019information tunisienne en temps r\u00e9el.\",\"email\":\"redac@webdo.tn\",\"legalName\":\"YNJ SARL\",\"foundingDate\":\"2010-09-06\",\"numberOfEmployees\":{\"@type\":\"QuantitativeValue\",\"minValue\":\"11\",\"maxValue\":\"50\"}},{\"@type\":\"Person\",\"@id\":\"https:\\\/\\\/www.webdo.tn\\\/fr\\\/#\\\/schema\\\/person\\\/6bc0beba2cd23aec27cb5df85ca2554f\",\"name\":\"Hatem Bourial\",\"image\":{\"@type\":\"ImageObject\",\"inLanguage\":\"fr-FR\",\"@id\":\"https:\\\/\\\/www.webdo.tn\\\/fr\\\/wp-content\\\/uploads\\\/2026\\\/04\\\/hatem-bourial_avatar-96x96.jpg\",\"url\":\"https:\\\/\\\/www.webdo.tn\\\/fr\\\/wp-content\\\/uploads\\\/2026\\\/04\\\/hatem-bourial_avatar-96x96.jpg\",\"contentUrl\":\"https:\\\/\\\/www.webdo.tn\\\/fr\\\/wp-content\\\/uploads\\\/2026\\\/04\\\/hatem-bourial_avatar-96x96.jpg\",\"caption\":\"Hatem Bourial\"},\"description\":\"Hatem Bourial est journaliste, \u00e9crivain et chroniqueur tunisien. Actif depuis plusieurs d\u00e9cennies, il s\u2019est impos\u00e9 comme un observateur attentif de la soci\u00e9t\u00e9 tunisienne, m\u00ealant dans ses \u00e9crits m\u00e9moire, culture et analyse du quotidien. Auteur de nombreux ouvrages, il d\u00e9veloppe une \u0153uvre \u00e0 la crois\u00e9e du r\u00e9cit, de la po\u00e9sie et de l\u2019observation sociologique. Parall\u00e8lement \u00e0 ses contributions dans la presse, il intervient r\u00e9guli\u00e8rement \u00e0 la radio et dans des espaces culturels, o\u00f9 il explore les enjeux li\u00e9s au patrimoine, \u00e0 l\u2019identit\u00e9 et aux transformations du monde contemporain. \u00c0 travers ses chroniques, Hatem Bourial propose une lecture sensible et approfondie de l\u2019actualit\u00e9, nourrie par une exp\u00e9rience journalistique et litt\u00e9raire reconnue. \ud83d\udd17 Facebook : https:\\\/\\\/www.facebook.com\\\/hatem.bourial.2025\",\"sameAs\":[\"https:\\\/\\\/www.facebook.com\\\/hatem.bourial.2025\",\"https:\\\/\\\/fr.wikipedia.org\\\/wiki\\\/Fichier:Hatem_Bourial.jpg\"],\"knowsAbout\":[\"Culture & patrimoine tunisien\",\"Chronique soci\u00e9tale\",\"Litt\u00e9rature & m\u00e9moire\",\"Cin\u00e9ma & critique culturelle\",\"Identit\u00e9 & mutations sociales\"],\"knowsLanguage\":[\"Arabe\",\"Fran\u00e7ais\",\"Anglais\",\"Italien\",\"Polonais\"],\"jobTitle\":\"Journaliste, \u00e9crivain et chroniqueur culturel\",\"worksFor\":\"Webdo\",\"url\":\"https:\\\/\\\/www.webdo.tn\\\/fr\\\/actualite\\\/author\\\/hatem-bourial-2\\\/\"}]}<\/script>\n<!-- \/ Yoast SEO Premium plugin. -->","yoast_head_json":{"title":"La nouvelle cr\u00e9ation de Rochdi Belgasmi : Des \u00e9toffes et les mouvements du danseur - webdo","description":"Rochdi Belgasmi pr\u00e9sente Ereg Enossef, un solo de danse captivant. Ne manquez pas la premi\u00e8re le 7 mai au Th\u00e9\u00e2tre municipal.","canonical":"https:\/\/www.webdo.tn\/fr\/actualite\/culture\/la-nouvelle-creation-de-rochdi-belgasmi-des-etoffes-et-les-mouvements-du-danseur\/397224\/","og_locale":"fr_FR","og_type":"article","og_title":"La nouvelle cr\u00e9ation de Rochdi Belgasmi : Des \u00e9toffes et les mouvements du danseur","og_description":"Rochdi Belgasmi pr\u00e9sente Ereg Enossef, un solo de danse captivant. Ne manquez pas la premi\u00e8re le 7 mai au Th\u00e9\u00e2tre municipal.","og_url":"https:\/\/www.webdo.tn\/fr\/actualite\/culture\/la-nouvelle-creation-de-rochdi-belgasmi-des-etoffes-et-les-mouvements-du-danseur\/397224\/","og_site_name":"webdo","article_publisher":"https:\/\/www.facebook.com\/webdotn","article_author":"https:\/\/www.facebook.com\/hatem.bourial.2025","article_published_time":"2026-05-03T09:50:40+00:00","article_modified_time":"2026-05-03T09:50:43+00:00","og_image":[{"width":1200,"height":602,"url":"https:\/\/www.webdo.tn\/fr\/wp-content\/uploads\/2026\/05\/Rochdi.jpeg","type":"image\/jpeg"}],"author":"Hatem Bourial","twitter_card":"summary_large_image","twitter_creator":"@webdo_tn","twitter_site":"@webdo_tn","twitter_misc":{"\u00c9crit par":"Hatem Bourial","Dur\u00e9e de lecture estim\u00e9e":"1 minute"},"schema":{"@context":"https:\/\/schema.org","@graph":[{"@type":"NewsArticle","@id":"https:\/\/www.webdo.tn\/fr\/actualite\/culture\/la-nouvelle-creation-de-rochdi-belgasmi-des-etoffes-et-les-mouvements-du-danseur\/397224\/#article","isPartOf":{"@id":"https:\/\/www.webdo.tn\/fr\/actualite\/culture\/la-nouvelle-creation-de-rochdi-belgasmi-des-etoffes-et-les-mouvements-du-danseur\/397224\/"},"author":{"name":"Hatem Bourial","@id":"https:\/\/www.webdo.tn\/fr\/#\/schema\/person\/6bc0beba2cd23aec27cb5df85ca2554f"},"headline":"La nouvelle cr\u00e9ation de Rochdi Belgasmi : Des \u00e9toffes et les mouvements du danseur","datePublished":"2026-05-03T09:50:40+00:00","dateModified":"2026-05-03T09:50:43+00:00","mainEntityOfPage":{"@id":"https:\/\/www.webdo.tn\/fr\/actualite\/culture\/la-nouvelle-creation-de-rochdi-belgasmi-des-etoffes-et-les-mouvements-du-danseur\/397224\/"},"wordCount":174,"publisher":{"@id":"https:\/\/www.webdo.tn\/fr\/#organization"},"image":{"@id":"https:\/\/www.webdo.tn\/fr\/actualite\/culture\/la-nouvelle-creation-de-rochdi-belgasmi-des-etoffes-et-les-mouvements-du-danseur\/397224\/#primaryimage"},"thumbnailUrl":"https:\/\/www.webdo.tn\/fr\/wp-content\/uploads\/2026\/05\/Rochdi.jpeg","keywords":["danse","Rochdi Belgasmi","Tunisie"],"articleSection":["Culture"],"inLanguage":"fr-FR"},{"@type":"WebPage","@id":"https:\/\/www.webdo.tn\/fr\/actualite\/culture\/la-nouvelle-creation-de-rochdi-belgasmi-des-etoffes-et-les-mouvements-du-danseur\/397224\/","url":"https:\/\/www.webdo.tn\/fr\/actualite\/culture\/la-nouvelle-creation-de-rochdi-belgasmi-des-etoffes-et-les-mouvements-du-danseur\/397224\/","name":"La nouvelle cr\u00e9ation de Rochdi Belgasmi : Des \u00e9toffes et les mouvements du danseur - webdo","isPartOf":{"@id":"https:\/\/www.webdo.tn\/fr\/#website"},"primaryImageOfPage":{"@id":"https:\/\/www.webdo.tn\/fr\/actualite\/culture\/la-nouvelle-creation-de-rochdi-belgasmi-des-etoffes-et-les-mouvements-du-danseur\/397224\/#primaryimage"},"image":{"@id":"https:\/\/www.webdo.tn\/fr\/actualite\/culture\/la-nouvelle-creation-de-rochdi-belgasmi-des-etoffes-et-les-mouvements-du-danseur\/397224\/#primaryimage"},"thumbnailUrl":"https:\/\/www.webdo.tn\/fr\/wp-content\/uploads\/2026\/05\/Rochdi.jpeg","datePublished":"2026-05-03T09:50:40+00:00","dateModified":"2026-05-03T09:50:43+00:00","description":"Rochdi Belgasmi pr\u00e9sente Ereg Enossef, un solo de danse captivant. Ne manquez pas la premi\u00e8re le 7 mai au Th\u00e9\u00e2tre municipal.","breadcrumb":{"@id":"https:\/\/www.webdo.tn\/fr\/actualite\/culture\/la-nouvelle-creation-de-rochdi-belgasmi-des-etoffes-et-les-mouvements-du-danseur\/397224\/#breadcrumb"},"inLanguage":"fr-FR","potentialAction":[{"@type":"ReadAction","target":["https:\/\/www.webdo.tn\/fr\/actualite\/culture\/la-nouvelle-creation-de-rochdi-belgasmi-des-etoffes-et-les-mouvements-du-danseur\/397224\/"]}]},{"@type":"ImageObject","inLanguage":"fr-FR","@id":"https:\/\/www.webdo.tn\/fr\/actualite\/culture\/la-nouvelle-creation-de-rochdi-belgasmi-des-etoffes-et-les-mouvements-du-danseur\/397224\/#primaryimage","url":"https:\/\/www.webdo.tn\/fr\/wp-content\/uploads\/2026\/05\/Rochdi.jpeg","contentUrl":"https:\/\/www.webdo.tn\/fr\/wp-content\/uploads\/2026\/05\/Rochdi.jpeg","width":1200,"height":602,"caption":"La nouvelle cr\u00e9ation de Rochdi Belgasmi : Des \u00e9toffes et les mouvements du danseur"},{"@type":"BreadcrumbList","@id":"https:\/\/www.webdo.tn\/fr\/actualite\/culture\/la-nouvelle-creation-de-rochdi-belgasmi-des-etoffes-et-les-mouvements-du-danseur\/397224\/#breadcrumb","itemListElement":[{"@type":"ListItem","position":1,"name":"Accueil","item":"https:\/\/www.webdo.tn\/fr\/"},{"@type":"ListItem","position":2,"name":"La nouvelle cr\u00e9ation de Rochdi Belgasmi : Des \u00e9toffes et les mouvements du danseur"}]},{"@type":"WebSite","@id":"https:\/\/www.webdo.tn\/fr\/#website","url":"https:\/\/www.webdo.tn\/fr\/","name":"webdo","description":"Tunisie - News en Tunisie et \u00e0 l&#039;international sur Webdo.tn","publisher":{"@id":"https:\/\/www.webdo.tn\/fr\/#organization"},"potentialAction":[{"@type":"SearchAction","target":{"@type":"EntryPoint","urlTemplate":"https:\/\/www.webdo.tn\/fr\/?s={search_term_string}"},"query-input":{"@type":"PropertyValueSpecification","valueRequired":true,"valueName":"search_term_string"}}],"inLanguage":"fr-FR"},{"@type":"Organization","@id":"https:\/\/www.webdo.tn\/fr\/#organization","name":"Webdo","alternateName":"Webdo.tn","url":"https:\/\/www.webdo.tn\/fr\/","logo":{"@type":"ImageObject","inLanguage":"fr-FR","@id":"https:\/\/www.webdo.tn\/fr\/#\/schema\/logo\/image\/","url":"https:\/\/www.webdo.tn\/fr\/wp-content\/uploads\/2025\/06\/Webdo-Tunisie_168377.jpg","contentUrl":"https:\/\/www.webdo.tn\/fr\/wp-content\/uploads\/2025\/06\/Webdo-Tunisie_168377.jpg","width":301,"height":301,"caption":"Webdo"},"image":{"@id":"https:\/\/www.webdo.tn\/fr\/#\/schema\/logo\/image\/"},"sameAs":["https:\/\/www.facebook.com\/webdotn","https:\/\/x.com\/webdo_tn"],"description":"Webdo est un m\u00e9dia num\u00e9rique tunisien fond\u00e9 en 2010, sp\u00e9cialis\u00e9 dans l\u2019actualit\u00e9 nationale et internationale, l\u2019\u00e9conomie, la soci\u00e9t\u00e9 et les analyses politiques. Le site s\u2019adresse \u00e0 un large public francophone et couvre l\u2019information tunisienne en temps r\u00e9el.","email":"redac@webdo.tn","legalName":"YNJ SARL","foundingDate":"2010-09-06","numberOfEmployees":{"@type":"QuantitativeValue","minValue":"11","maxValue":"50"}},{"@type":"Person","@id":"https:\/\/www.webdo.tn\/fr\/#\/schema\/person\/6bc0beba2cd23aec27cb5df85ca2554f","name":"Hatem Bourial","image":{"@type":"ImageObject","inLanguage":"fr-FR","@id":"https:\/\/www.webdo.tn\/fr\/wp-content\/uploads\/2026\/04\/hatem-bourial_avatar-96x96.jpg","url":"https:\/\/www.webdo.tn\/fr\/wp-content\/uploads\/2026\/04\/hatem-bourial_avatar-96x96.jpg","contentUrl":"https:\/\/www.webdo.tn\/fr\/wp-content\/uploads\/2026\/04\/hatem-bourial_avatar-96x96.jpg","caption":"Hatem Bourial"},"description":"Hatem Bourial est journaliste, \u00e9crivain et chroniqueur tunisien. Actif depuis plusieurs d\u00e9cennies, il s\u2019est impos\u00e9 comme un observateur attentif de la soci\u00e9t\u00e9 tunisienne, m\u00ealant dans ses \u00e9crits m\u00e9moire, culture et analyse du quotidien. Auteur de nombreux ouvrages, il d\u00e9veloppe une \u0153uvre \u00e0 la crois\u00e9e du r\u00e9cit, de la po\u00e9sie et de l\u2019observation sociologique. Parall\u00e8lement \u00e0 ses contributions dans la presse, il intervient r\u00e9guli\u00e8rement \u00e0 la radio et dans des espaces culturels, o\u00f9 il explore les enjeux li\u00e9s au patrimoine, \u00e0 l\u2019identit\u00e9 et aux transformations du monde contemporain. \u00c0 travers ses chroniques, Hatem Bourial propose une lecture sensible et approfondie de l\u2019actualit\u00e9, nourrie par une exp\u00e9rience journalistique et litt\u00e9raire reconnue. \ud83d\udd17 Facebook : https:\/\/www.facebook.com\/hatem.bourial.2025","sameAs":["https:\/\/www.facebook.com\/hatem.bourial.2025","https:\/\/fr.wikipedia.org\/wiki\/Fichier:Hatem_Bourial.jpg"],"knowsAbout":["Culture & patrimoine tunisien","Chronique soci\u00e9tale","Litt\u00e9rature & m\u00e9moire","Cin\u00e9ma & critique culturelle","Identit\u00e9 & mutations sociales"],"knowsLanguage":["Arabe","Fran\u00e7ais","Anglais","Italien","Polonais"],"jobTitle":"Journaliste, \u00e9crivain et chroniqueur culturel","worksFor":"Webdo","url":"https:\/\/www.webdo.tn\/fr\/actualite\/author\/hatem-bourial-2\/"}]}},"_links":{"self":[{"href":"https:\/\/www.webdo.tn\/fr\/wp-json\/wp\/v2\/posts\/397224","targetHints":{"allow":["GET"]}}],"collection":[{"href":"https:\/\/www.webdo.tn\/fr\/wp-json\/wp\/v2\/posts"}],"about":[{"href":"https:\/\/www.webdo.tn\/fr\/wp-json\/wp\/v2\/types\/post"}],"author":[{"embeddable":true,"href":"https:\/\/www.webdo.tn\/fr\/wp-json\/wp\/v2\/users\/3229"}],"replies":[{"embeddable":true,"href":"https:\/\/www.webdo.tn\/fr\/wp-json\/wp\/v2\/comments?post=397224"}],"version-history":[{"count":1,"href":"https:\/\/www.webdo.tn\/fr\/wp-json\/wp\/v2\/posts\/397224\/revisions"}],"predecessor-version":[{"id":397226,"href":"https:\/\/www.webdo.tn\/fr\/wp-json\/wp\/v2\/posts\/397224\/revisions\/397226"}],"wp:featuredmedia":[{"embeddable":true,"href":"https:\/\/www.webdo.tn\/fr\/wp-json\/wp\/v2\/media\/397225"}],"wp:attachment":[{"href":"https:\/\/www.webdo.tn\/fr\/wp-json\/wp\/v2\/media?parent=397224"}],"wp:term":[{"taxonomy":"category","embeddable":true,"href":"https:\/\/www.webdo.tn\/fr\/wp-json\/wp\/v2\/categories?post=397224"},{"taxonomy":"post_tag","embeddable":true,"href":"https:\/\/www.webdo.tn\/fr\/wp-json\/wp\/v2\/tags?post=397224"}],"curies":[{"name":"wp","href":"https:\/\/api.w.org\/{rel}","templated":true}]}}