{"id":397218,"date":"2026-05-03T10:38:21","date_gmt":"2026-05-03T09:38:21","guid":{"rendered":"https:\/\/www.webdo.tn\/fr\/?p=397218"},"modified":"2026-05-03T10:38:23","modified_gmt":"2026-05-03T09:38:23","slug":"gabes-cinema-fen-2026-costumes-en-scene-memoires-du-cinema-tunisien","status":"publish","type":"post","link":"https:\/\/www.webdo.tn\/fr\/actualite\/culture\/gabes-cinema-fen-2026-costumes-en-scene-memoires-du-cinema-tunisien\/397218\/","title":{"rendered":"Gab\u00e8s Cin\u00e9ma Fen 2026\u00a0&#8211; \u00ab\u00a0Costumes en sc\u00e8ne\u00a0: m\u00e9moires du cin\u00e9ma tunisien\u00a0\u00bb"},"content":{"rendered":"\n<p>A Dar Meddeb, le Festival Gab\u00e8s Cin\u00e9ma Fen dans 8<sup>\u00e8me<\/sup> \u00e9dition tisse lentement l&rsquo;art des fils de la m\u00e9moire \u00e0 travers une exposition intitul\u00e9e \u00ab <strong>Costumes en sc\u00e8ne&nbsp;: m\u00e9moires du cin\u00e9ma tunisien<\/strong>\u00bb.<\/p>\n\n\n\n<p>Les v\u00eatements suspendus aux cintres portent l\u2019empreinte de corps des personnages dont la trace est rest\u00e9e&nbsp; impr\u00e9gn\u00e9e dans le tissu, dans les plis et dans les boutons qui se sont ferm\u00e9s sur une sc\u00e8ne et se sont d\u00e9faits dans une autre.<\/p>\n\n\n\n<p>D\u00e8s le seuil de l\u2019exposition \u00ab Costumes en sc\u00e8ne : m\u00e9moires du cin\u00e9ma tunisien \u00bb, cette fronti\u00e8re famili\u00e8re entre le technique et l\u2019esth\u00e9tique s\u2019estompe.<\/p>\n\n\n\n<p>Assist\u00e9 par Rim Abbess, le styliste costumier et directeur artistique Salah Barka a con\u00e7u et s\u00e9lectionn\u00e9 des costumes de films qui ont marqu\u00e9 le cin\u00e9ma tunisien. L\u2019exposition ne se d\u00e9roule pas comme la mise en valeur d\u2019un archive fig\u00e9e. Les costumes&nbsp; vibrent d\u2019une seconde vie en faisant \u00e9cho aux r\u00f4les incarn\u00e9s. Ici, le tissu n\u2019est pas un simple objet, mais une m\u00e9moire tangible, qui conserve l\u2019empreinte du corps de l\u2019acteur qui l\u2019a travers\u00e9, avec ses fr\u00e9missements, son poids, et ses d\u00e9chirures que la cam\u00e9ra ne voit pas toujours, mais qui restent grav\u00e9s dans le tissu.<\/p>\n\n\n\n<p>Dans cette exposition, les costumes relatent un autre langage du cin\u00e9ma, un langage visuel et tactile \u00e0 la fois. Entre le fil et l\u2019aiguille, entre un bouton sur le point de se d\u00e9tacher et une robe qui retrouve la posture d\u2019un corps, se forme une archive alternative, plus intime que l\u2019image elle-m\u00eame. Des questions animent le visiteur dans sa d\u00e9ambulation&nbsp;: Qui a travers\u00e9 ce costume&nbsp;? Qui a habit\u00e9 cette robe ? Et quelle histoire est rest\u00e9e suspendue entre sa doublure et ses fils ? Les questions se multiplient et certaines r\u00e9ponses apparaissent dans les extraits de films qui d\u00e9filent sur les \u00e9crans de l\u2019exposition.<\/p>\n\n\n\n<p>Dans un coin de l&rsquo;exposition, les tenues du <em>Le silence des palais<\/em> de Moufida Tlatli font revivre cette m\u00e9moire f\u00e9minine \u00e0 la fois bris\u00e9e et rebelle. Ces pi\u00e8ces ne sont pas simplement des v\u00eatements d&rsquo;une \u00e9poque r\u00e9volue, mais le prolongement des corps de femmes qui ont v\u00e9cu dans l&rsquo;ombre et se sont rebell\u00e9es en silence.<\/p>\n\n\n\n<p>\u00c0 proximit\u00e9, les costumes du film <em>Khashkash<\/em> de Salma Baccar s\u2019ouvrent sur d\u2019autres tensions, o\u00f9 le corps devient un lieu de n\u00e9gociation permanente avec la soci\u00e9t\u00e9 et le pouvoir. Les tissus sont plus tranchants, les lignes plus tendues, comme si les v\u00eatements eux-m\u00eames vivaient un conflit entre ce qu\u2019on veut qu\u2019ils soient et ce qu\u2019ils tentent d\u2019exprimer. Ici, les costumes ne se contentent pas d\u2019habiller les personnages, ils les d\u00e9masquent, r\u00e9v\u00e8lent leur fragilit\u00e9 et proclament leur d\u00e9sarroi.<\/p>\n\n\n\n<p>Autre point fort de l\u2019exposition, la sc\u00e9nographie sign\u00e9e Malek Gnaoui cr\u00e9e un parcours sensoriel qui fait du visiteur une partie int\u00e9grante de l\u2019exp\u00e9rience. Cette interactivit\u00e9 avec le visiteur est aussi illustr\u00e9e par une invitation \u00e0 endosser le r\u00f4le d\u2019un costumier et d&rsquo;apposer leur empreinte sur une robe blanche, que chacun contribue \u00e0 orner de tissus et de boutons.<\/p>\n\n\n\n<p>Dans cette exposition, vous ne vous promenez pas parmi les pi\u00e8ces en simple spectateur, mais vous les traversez, comme si vous p\u00e9n\u00e9triez dans une m\u00e9moire qui ne vous appartient pas tout \u00e0 fait, mais qui vous saisit et vous laisse endosser le r\u00f4le des personnages qui ont habit\u00e9 ces habits.<\/p>\n\n\n\n<p>\u00c0 travers chaque d\u00e9tail, l&rsquo;exposition nous murmure que le cin\u00e9ma ne se conserve pas seulement dans les images et les bobines, mais aussi dans ces vestiges muets qui, malgr\u00e9 leur silence, rec\u00e8lent une multitude d&rsquo;histoires.<\/p>\n\n\n\n<p>Par cette exposition, Gab\u00e8s Cin\u00e9ma Fen rend vie aux films qui ont marqu\u00e9s le cin\u00e9ma tunisien par le costume mais aussi rend hommage aux soldats de l\u2019ombre m\u00e9connus du septi\u00e8me art celui qui conceptualise l\u2019histoire et enrichit le jeu de l\u2019acteur&nbsp; \u00e0 travers un simple habit.<\/p>\n\n\n\n<p class=\"has-text-align-right\"><strong><em>Communiqu\u00e9<\/em><\/strong><\/p>\n\n\n\n<blockquote class=\"wp-block-quote is-layout-flow wp-block-quote-is-layout-flow\">\n<blockquote class=\"wp-block-quote is-layout-flow wp-block-quote-is-layout-flow\"><\/blockquote>\n<\/blockquote>\n\n\n\n<blockquote class=\"wp-block-quote is-layout-flow wp-block-quote-is-layout-flow\">\n<ul class=\"wp-block-list\">\n<li class=\"has-medium-font-size\"><strong>Lire aussi : <\/strong><a href=\"https:\/\/www.webdo.tn\/fr\/actualite\/culture\/gabes-cinema-fen-2026-rencontre-avec-kaouther-ben-hania\/397011\/\">Gab\u00e8s Cin\u00e9ma Fen 2026\u00a0\u2013 Rencontre avec Kaouther Ben Hania<\/a><\/li>\n<\/ul>\n<\/blockquote>\n","protected":false},"excerpt":{"rendered":"<p>A Dar Meddeb, le Festival Gab\u00e8s Cin\u00e9ma Fen dans 8\u00e8me \u00e9dition tisse lentement l&rsquo;art des fils de la m\u00e9moire \u00e0 travers une exposition intitul\u00e9e \u00ab Costumes en sc\u00e8ne&nbsp;: m\u00e9moires du cin\u00e9ma tunisien\u00bb. Les v\u00eatements suspendus aux cintres portent l\u2019empreinte de corps des personnages dont la trace est rest\u00e9e&nbsp; impr\u00e9gn\u00e9e dans le tissu, dans les plis [&hellip;]<\/p>\n","protected":false},"author":3164,"featured_media":397219,"comment_status":"closed","ping_status":"closed","sticky":false,"template":"","format":"standard","meta":{"footnotes":""},"categories":[2594],"tags":[2626,14084,13734,2608],"class_list":["post-397218","post","type-post","status-publish","format-standard","has-post-thumbnail","hentry","category-culture","tag-cinema","tag-costumes","tag-gabes-cinema-fen","tag-tunisie"],"yoast_head":"<!-- This site is optimized with the Yoast SEO Premium plugin v27.5 (Yoast SEO v27.5) - https:\/\/yoast.com\/product\/yoast-seo-premium-wordpress\/ -->\n<title>Gab\u00e8s Cin\u00e9ma Fen 2026\u00a0- \u00ab\u00a0Costumes en sc\u00e8ne\u00a0: m\u00e9moires du cin\u00e9ma tunisien\u00a0\u00bb - webdo<\/title>\n<meta name=\"description\" content=\"Gab\u00e8s Cin\u00e9ma Fen 2026 met en lumi\u00e8re les souvenirs cin\u00e9matographiques \u00e0 travers des costumes embl\u00e9matiques du cin\u00e9ma tunisien.\" \/>\n<link rel=\"canonical\" href=\"https:\/\/www.webdo.tn\/fr\/actualite\/culture\/gabes-cinema-fen-2026-costumes-en-scene-memoires-du-cinema-tunisien\/397218\/\" \/>\n<meta property=\"og:locale\" content=\"fr_FR\" \/>\n<meta property=\"og:type\" content=\"article\" \/>\n<meta property=\"og:title\" content=\"Gab\u00e8s Cin\u00e9ma Fen 2026\u00a0- \u00ab\u00a0Costumes en sc\u00e8ne\u00a0: m\u00e9moires du cin\u00e9ma tunisien\u00a0\u00bb\" \/>\n<meta property=\"og:description\" content=\"Gab\u00e8s Cin\u00e9ma Fen 2026 met en lumi\u00e8re les souvenirs cin\u00e9matographiques \u00e0 travers des costumes embl\u00e9matiques du cin\u00e9ma tunisien.\" \/>\n<meta property=\"og:url\" content=\"https:\/\/www.webdo.tn\/fr\/actualite\/culture\/gabes-cinema-fen-2026-costumes-en-scene-memoires-du-cinema-tunisien\/397218\/\" \/>\n<meta property=\"og:site_name\" content=\"webdo\" \/>\n<meta property=\"article:publisher\" content=\"https:\/\/www.facebook.com\/webdotn\" \/>\n<meta property=\"article:author\" content=\"https:\/\/www.facebook.com\/massir.destiniii\/\" \/>\n<meta property=\"article:published_time\" content=\"2026-05-03T09:38:21+00:00\" \/>\n<meta property=\"article:modified_time\" content=\"2026-05-03T09:38:23+00:00\" \/>\n<meta property=\"og:image\" content=\"https:\/\/www.webdo.tn\/fr\/wp-content\/uploads\/2026\/05\/Gabes.jpg\" \/>\n\t<meta property=\"og:image:width\" content=\"1200\" \/>\n\t<meta property=\"og:image:height\" content=\"600\" \/>\n\t<meta property=\"og:image:type\" content=\"image\/jpeg\" \/>\n<meta name=\"author\" content=\"Ne\u00efla DRISS\" \/>\n<meta name=\"twitter:card\" content=\"summary_large_image\" \/>\n<meta name=\"twitter:creator\" content=\"@https:\/\/x.com\/MassirDestin\" \/>\n<meta name=\"twitter:site\" content=\"@webdo_tn\" \/>\n<meta name=\"twitter:label1\" content=\"\u00c9crit par\" \/>\n\t<meta name=\"twitter:data1\" content=\"Ne\u00efla DRISS\" \/>\n\t<meta name=\"twitter:label2\" content=\"Dur\u00e9e de lecture estim\u00e9e\" \/>\n\t<meta name=\"twitter:data2\" content=\"4 minutes\" \/>\n<script type=\"application\/ld+json\" class=\"yoast-schema-graph\">{\"@context\":\"https:\\\/\\\/schema.org\",\"@graph\":[{\"@type\":\"NewsArticle\",\"@id\":\"https:\\\/\\\/www.webdo.tn\\\/fr\\\/actualite\\\/culture\\\/gabes-cinema-fen-2026-costumes-en-scene-memoires-du-cinema-tunisien\\\/397218\\\/#article\",\"isPartOf\":{\"@id\":\"https:\\\/\\\/www.webdo.tn\\\/fr\\\/actualite\\\/culture\\\/gabes-cinema-fen-2026-costumes-en-scene-memoires-du-cinema-tunisien\\\/397218\\\/\"},\"author\":{\"name\":\"Ne\u00efla DRISS\",\"@id\":\"https:\\\/\\\/www.webdo.tn\\\/fr\\\/#\\\/schema\\\/person\\\/60d5ba619ed3f58783b0dc82b7dada80\"},\"headline\":\"Gab\u00e8s Cin\u00e9ma Fen 2026\u00a0&#8211; \u00ab\u00a0Costumes en sc\u00e8ne\u00a0: m\u00e9moires du cin\u00e9ma tunisien\u00a0\u00bb\",\"datePublished\":\"2026-05-03T09:38:21+00:00\",\"dateModified\":\"2026-05-03T09:38:23+00:00\",\"mainEntityOfPage\":{\"@id\":\"https:\\\/\\\/www.webdo.tn\\\/fr\\\/actualite\\\/culture\\\/gabes-cinema-fen-2026-costumes-en-scene-memoires-du-cinema-tunisien\\\/397218\\\/\"},\"wordCount\":749,\"publisher\":{\"@id\":\"https:\\\/\\\/www.webdo.tn\\\/fr\\\/#organization\"},\"image\":{\"@id\":\"https:\\\/\\\/www.webdo.tn\\\/fr\\\/actualite\\\/culture\\\/gabes-cinema-fen-2026-costumes-en-scene-memoires-du-cinema-tunisien\\\/397218\\\/#primaryimage\"},\"thumbnailUrl\":\"https:\\\/\\\/www.webdo.tn\\\/fr\\\/wp-content\\\/uploads\\\/2026\\\/05\\\/Gabes.jpg\",\"keywords\":[\"Cin\u00e9ma\",\"costumes\",\"Gab\u00e8s Cin\u00e9ma Fen\",\"Tunisie\"],\"articleSection\":[\"Culture\"],\"inLanguage\":\"fr-FR\"},{\"@type\":\"WebPage\",\"@id\":\"https:\\\/\\\/www.webdo.tn\\\/fr\\\/actualite\\\/culture\\\/gabes-cinema-fen-2026-costumes-en-scene-memoires-du-cinema-tunisien\\\/397218\\\/\",\"url\":\"https:\\\/\\\/www.webdo.tn\\\/fr\\\/actualite\\\/culture\\\/gabes-cinema-fen-2026-costumes-en-scene-memoires-du-cinema-tunisien\\\/397218\\\/\",\"name\":\"Gab\u00e8s Cin\u00e9ma Fen 2026\u00a0- \u00ab\u00a0Costumes en sc\u00e8ne\u00a0: m\u00e9moires du cin\u00e9ma tunisien\u00a0\u00bb - webdo\",\"isPartOf\":{\"@id\":\"https:\\\/\\\/www.webdo.tn\\\/fr\\\/#website\"},\"primaryImageOfPage\":{\"@id\":\"https:\\\/\\\/www.webdo.tn\\\/fr\\\/actualite\\\/culture\\\/gabes-cinema-fen-2026-costumes-en-scene-memoires-du-cinema-tunisien\\\/397218\\\/#primaryimage\"},\"image\":{\"@id\":\"https:\\\/\\\/www.webdo.tn\\\/fr\\\/actualite\\\/culture\\\/gabes-cinema-fen-2026-costumes-en-scene-memoires-du-cinema-tunisien\\\/397218\\\/#primaryimage\"},\"thumbnailUrl\":\"https:\\\/\\\/www.webdo.tn\\\/fr\\\/wp-content\\\/uploads\\\/2026\\\/05\\\/Gabes.jpg\",\"datePublished\":\"2026-05-03T09:38:21+00:00\",\"dateModified\":\"2026-05-03T09:38:23+00:00\",\"description\":\"Gab\u00e8s Cin\u00e9ma Fen 2026 met en lumi\u00e8re les souvenirs cin\u00e9matographiques \u00e0 travers des costumes embl\u00e9matiques du cin\u00e9ma tunisien.\",\"breadcrumb\":{\"@id\":\"https:\\\/\\\/www.webdo.tn\\\/fr\\\/actualite\\\/culture\\\/gabes-cinema-fen-2026-costumes-en-scene-memoires-du-cinema-tunisien\\\/397218\\\/#breadcrumb\"},\"inLanguage\":\"fr-FR\",\"potentialAction\":[{\"@type\":\"ReadAction\",\"target\":[\"https:\\\/\\\/www.webdo.tn\\\/fr\\\/actualite\\\/culture\\\/gabes-cinema-fen-2026-costumes-en-scene-memoires-du-cinema-tunisien\\\/397218\\\/\"]}]},{\"@type\":\"ImageObject\",\"inLanguage\":\"fr-FR\",\"@id\":\"https:\\\/\\\/www.webdo.tn\\\/fr\\\/actualite\\\/culture\\\/gabes-cinema-fen-2026-costumes-en-scene-memoires-du-cinema-tunisien\\\/397218\\\/#primaryimage\",\"url\":\"https:\\\/\\\/www.webdo.tn\\\/fr\\\/wp-content\\\/uploads\\\/2026\\\/05\\\/Gabes.jpg\",\"contentUrl\":\"https:\\\/\\\/www.webdo.tn\\\/fr\\\/wp-content\\\/uploads\\\/2026\\\/05\\\/Gabes.jpg\",\"width\":1200,\"height\":600,\"caption\":\"Gab\u00e8s Cin\u00e9ma Fen 2026\u00a0- \u00ab\u00a0Costumes en sc\u00e8ne\u00a0: m\u00e9moires du cin\u00e9ma tunisien\u00a0\u00bb\"},{\"@type\":\"BreadcrumbList\",\"@id\":\"https:\\\/\\\/www.webdo.tn\\\/fr\\\/actualite\\\/culture\\\/gabes-cinema-fen-2026-costumes-en-scene-memoires-du-cinema-tunisien\\\/397218\\\/#breadcrumb\",\"itemListElement\":[{\"@type\":\"ListItem\",\"position\":1,\"name\":\"Accueil\",\"item\":\"https:\\\/\\\/www.webdo.tn\\\/fr\\\/\"},{\"@type\":\"ListItem\",\"position\":2,\"name\":\"Gab\u00e8s Cin\u00e9ma Fen 2026\u00a0&#8211; \u00ab\u00a0Costumes en sc\u00e8ne\u00a0: m\u00e9moires du cin\u00e9ma tunisien\u00a0\u00bb\"}]},{\"@type\":\"WebSite\",\"@id\":\"https:\\\/\\\/www.webdo.tn\\\/fr\\\/#website\",\"url\":\"https:\\\/\\\/www.webdo.tn\\\/fr\\\/\",\"name\":\"webdo\",\"description\":\"Tunisie - News en Tunisie et \u00e0 l&#039;international sur Webdo.tn\",\"publisher\":{\"@id\":\"https:\\\/\\\/www.webdo.tn\\\/fr\\\/#organization\"},\"potentialAction\":[{\"@type\":\"SearchAction\",\"target\":{\"@type\":\"EntryPoint\",\"urlTemplate\":\"https:\\\/\\\/www.webdo.tn\\\/fr\\\/?s={search_term_string}\"},\"query-input\":{\"@type\":\"PropertyValueSpecification\",\"valueRequired\":true,\"valueName\":\"search_term_string\"}}],\"inLanguage\":\"fr-FR\"},{\"@type\":\"Organization\",\"@id\":\"https:\\\/\\\/www.webdo.tn\\\/fr\\\/#organization\",\"name\":\"Webdo\",\"alternateName\":\"Webdo.tn\",\"url\":\"https:\\\/\\\/www.webdo.tn\\\/fr\\\/\",\"logo\":{\"@type\":\"ImageObject\",\"inLanguage\":\"fr-FR\",\"@id\":\"https:\\\/\\\/www.webdo.tn\\\/fr\\\/#\\\/schema\\\/logo\\\/image\\\/\",\"url\":\"https:\\\/\\\/www.webdo.tn\\\/fr\\\/wp-content\\\/uploads\\\/2025\\\/06\\\/Webdo-Tunisie_168377.jpg\",\"contentUrl\":\"https:\\\/\\\/www.webdo.tn\\\/fr\\\/wp-content\\\/uploads\\\/2025\\\/06\\\/Webdo-Tunisie_168377.jpg\",\"width\":301,\"height\":301,\"caption\":\"Webdo\"},\"image\":{\"@id\":\"https:\\\/\\\/www.webdo.tn\\\/fr\\\/#\\\/schema\\\/logo\\\/image\\\/\"},\"sameAs\":[\"https:\\\/\\\/www.facebook.com\\\/webdotn\",\"https:\\\/\\\/x.com\\\/webdo_tn\"],\"description\":\"Webdo est un m\u00e9dia num\u00e9rique tunisien fond\u00e9 en 2010, sp\u00e9cialis\u00e9 dans l\u2019actualit\u00e9 nationale et internationale, l\u2019\u00e9conomie, la soci\u00e9t\u00e9 et les analyses politiques. Le site s\u2019adresse \u00e0 un large public francophone et couvre l\u2019information tunisienne en temps r\u00e9el.\",\"email\":\"redac@webdo.tn\",\"legalName\":\"YNJ SARL\",\"foundingDate\":\"2010-09-06\",\"numberOfEmployees\":{\"@type\":\"QuantitativeValue\",\"minValue\":\"11\",\"maxValue\":\"50\"}},{\"@type\":\"Person\",\"@id\":\"https:\\\/\\\/www.webdo.tn\\\/fr\\\/#\\\/schema\\\/person\\\/60d5ba619ed3f58783b0dc82b7dada80\",\"name\":\"Ne\u00efla DRISS\",\"image\":{\"@type\":\"ImageObject\",\"inLanguage\":\"fr-FR\",\"@id\":\"https:\\\/\\\/www.webdo.tn\\\/fr\\\/wp-content\\\/uploads\\\/2026\\\/04\\\/neila-driss_avatar-96x96.jpg\",\"url\":\"https:\\\/\\\/www.webdo.tn\\\/fr\\\/wp-content\\\/uploads\\\/2026\\\/04\\\/neila-driss_avatar-96x96.jpg\",\"contentUrl\":\"https:\\\/\\\/www.webdo.tn\\\/fr\\\/wp-content\\\/uploads\\\/2026\\\/04\\\/neila-driss_avatar-96x96.jpg\",\"caption\":\"Ne\u00efla DRISS\"},\"description\":\"Ne\u00efla Driss est juriste, journaliste culturelle et critique de cin\u00e9ma tunisienne. Titulaire d\u2019un DEA en droit priv\u00e9 de l\u2019Universit\u00e9 Paris II et d\u2019un DESS de l\u2019IHEC Carthage, elle d\u00e9bute sa carri\u00e8re comme juriste sp\u00e9cialis\u00e9e en gestion de patrimoine immobilier. Elle s\u2019oriente ensuite vers l\u2019\u00e9criture en ligne, o\u00f9 elle se distingue d\u00e8s 2006 aux Tunisia Blog Awards, avant de se consacrer au journalisme culturel, avec une sp\u00e9cialisation dans la critique cin\u00e9matographique. Elle couvre r\u00e9guli\u00e8rement les grands festivals internationaux, notamment le Festival de Cannes, les Journ\u00e9es Cin\u00e9matographiques de Carthage et le Festival du film du Caire. Membre de l\u2019ATPCC et de la FIPRESCI, elle participe \u00e0 des jurys et initiatives internationales de critique. Depuis 2024, elle est \u00e9lectrice internationale aux Golden Globes. Facebook : https:\\\/\\\/www.facebook.com\\\/massir.destiniii\\\/ X : https:\\\/\\\/x.com\\\/MassirDestin\",\"sameAs\":[\"https:\\\/\\\/www.facebook.com\\\/massir.destiniii\\\/\",\"https:\\\/\\\/www.instagram.com\\\/neila.driss\\\/?hl=fr\",\"https:\\\/\\\/www.linkedin.com\\\/in\\\/neila-driss-22606a80\\\/\",\"https:\\\/\\\/x.com\\\/https:\\\/\\\/x.com\\\/MassirDestin\"],\"knowsAbout\":[\"Cin\u00e9ma international\",\"critique cin\u00e9matographique\",\"festivals de cin\u00e9ma\",\"journalisme culturel\"],\"knowsLanguage\":[\"Fran\u00e7ais\",\"Arabe\",\"Anglais\"],\"jobTitle\":\"Journaliste culturelle et critique de cin\u00e9ma\",\"worksFor\":\"Webdo\",\"url\":\"https:\\\/\\\/www.webdo.tn\\\/fr\\\/actualite\\\/author\\\/neila-driss\\\/\"}]}<\/script>\n<!-- \/ Yoast SEO Premium plugin. -->","yoast_head_json":{"title":"Gab\u00e8s Cin\u00e9ma Fen 2026\u00a0- \u00ab\u00a0Costumes en sc\u00e8ne\u00a0: m\u00e9moires du cin\u00e9ma tunisien\u00a0\u00bb - webdo","description":"Gab\u00e8s Cin\u00e9ma Fen 2026 met en lumi\u00e8re les souvenirs cin\u00e9matographiques \u00e0 travers des costumes embl\u00e9matiques du cin\u00e9ma tunisien.","canonical":"https:\/\/www.webdo.tn\/fr\/actualite\/culture\/gabes-cinema-fen-2026-costumes-en-scene-memoires-du-cinema-tunisien\/397218\/","og_locale":"fr_FR","og_type":"article","og_title":"Gab\u00e8s Cin\u00e9ma Fen 2026\u00a0- \u00ab\u00a0Costumes en sc\u00e8ne\u00a0: m\u00e9moires du cin\u00e9ma tunisien\u00a0\u00bb","og_description":"Gab\u00e8s Cin\u00e9ma Fen 2026 met en lumi\u00e8re les souvenirs cin\u00e9matographiques \u00e0 travers des costumes embl\u00e9matiques du cin\u00e9ma tunisien.","og_url":"https:\/\/www.webdo.tn\/fr\/actualite\/culture\/gabes-cinema-fen-2026-costumes-en-scene-memoires-du-cinema-tunisien\/397218\/","og_site_name":"webdo","article_publisher":"https:\/\/www.facebook.com\/webdotn","article_author":"https:\/\/www.facebook.com\/massir.destiniii\/","article_published_time":"2026-05-03T09:38:21+00:00","article_modified_time":"2026-05-03T09:38:23+00:00","og_image":[{"width":1200,"height":600,"url":"https:\/\/www.webdo.tn\/fr\/wp-content\/uploads\/2026\/05\/Gabes.jpg","type":"image\/jpeg"}],"author":"Ne\u00efla DRISS","twitter_card":"summary_large_image","twitter_creator":"@https:\/\/x.com\/MassirDestin","twitter_site":"@webdo_tn","twitter_misc":{"\u00c9crit par":"Ne\u00efla DRISS","Dur\u00e9e de lecture estim\u00e9e":"4 minutes"},"schema":{"@context":"https:\/\/schema.org","@graph":[{"@type":"NewsArticle","@id":"https:\/\/www.webdo.tn\/fr\/actualite\/culture\/gabes-cinema-fen-2026-costumes-en-scene-memoires-du-cinema-tunisien\/397218\/#article","isPartOf":{"@id":"https:\/\/www.webdo.tn\/fr\/actualite\/culture\/gabes-cinema-fen-2026-costumes-en-scene-memoires-du-cinema-tunisien\/397218\/"},"author":{"name":"Ne\u00efla DRISS","@id":"https:\/\/www.webdo.tn\/fr\/#\/schema\/person\/60d5ba619ed3f58783b0dc82b7dada80"},"headline":"Gab\u00e8s Cin\u00e9ma Fen 2026\u00a0&#8211; \u00ab\u00a0Costumes en sc\u00e8ne\u00a0: m\u00e9moires du cin\u00e9ma tunisien\u00a0\u00bb","datePublished":"2026-05-03T09:38:21+00:00","dateModified":"2026-05-03T09:38:23+00:00","mainEntityOfPage":{"@id":"https:\/\/www.webdo.tn\/fr\/actualite\/culture\/gabes-cinema-fen-2026-costumes-en-scene-memoires-du-cinema-tunisien\/397218\/"},"wordCount":749,"publisher":{"@id":"https:\/\/www.webdo.tn\/fr\/#organization"},"image":{"@id":"https:\/\/www.webdo.tn\/fr\/actualite\/culture\/gabes-cinema-fen-2026-costumes-en-scene-memoires-du-cinema-tunisien\/397218\/#primaryimage"},"thumbnailUrl":"https:\/\/www.webdo.tn\/fr\/wp-content\/uploads\/2026\/05\/Gabes.jpg","keywords":["Cin\u00e9ma","costumes","Gab\u00e8s Cin\u00e9ma Fen","Tunisie"],"articleSection":["Culture"],"inLanguage":"fr-FR"},{"@type":"WebPage","@id":"https:\/\/www.webdo.tn\/fr\/actualite\/culture\/gabes-cinema-fen-2026-costumes-en-scene-memoires-du-cinema-tunisien\/397218\/","url":"https:\/\/www.webdo.tn\/fr\/actualite\/culture\/gabes-cinema-fen-2026-costumes-en-scene-memoires-du-cinema-tunisien\/397218\/","name":"Gab\u00e8s Cin\u00e9ma Fen 2026\u00a0- \u00ab\u00a0Costumes en sc\u00e8ne\u00a0: m\u00e9moires du cin\u00e9ma tunisien\u00a0\u00bb - webdo","isPartOf":{"@id":"https:\/\/www.webdo.tn\/fr\/#website"},"primaryImageOfPage":{"@id":"https:\/\/www.webdo.tn\/fr\/actualite\/culture\/gabes-cinema-fen-2026-costumes-en-scene-memoires-du-cinema-tunisien\/397218\/#primaryimage"},"image":{"@id":"https:\/\/www.webdo.tn\/fr\/actualite\/culture\/gabes-cinema-fen-2026-costumes-en-scene-memoires-du-cinema-tunisien\/397218\/#primaryimage"},"thumbnailUrl":"https:\/\/www.webdo.tn\/fr\/wp-content\/uploads\/2026\/05\/Gabes.jpg","datePublished":"2026-05-03T09:38:21+00:00","dateModified":"2026-05-03T09:38:23+00:00","description":"Gab\u00e8s Cin\u00e9ma Fen 2026 met en lumi\u00e8re les souvenirs cin\u00e9matographiques \u00e0 travers des costumes embl\u00e9matiques du cin\u00e9ma tunisien.","breadcrumb":{"@id":"https:\/\/www.webdo.tn\/fr\/actualite\/culture\/gabes-cinema-fen-2026-costumes-en-scene-memoires-du-cinema-tunisien\/397218\/#breadcrumb"},"inLanguage":"fr-FR","potentialAction":[{"@type":"ReadAction","target":["https:\/\/www.webdo.tn\/fr\/actualite\/culture\/gabes-cinema-fen-2026-costumes-en-scene-memoires-du-cinema-tunisien\/397218\/"]}]},{"@type":"ImageObject","inLanguage":"fr-FR","@id":"https:\/\/www.webdo.tn\/fr\/actualite\/culture\/gabes-cinema-fen-2026-costumes-en-scene-memoires-du-cinema-tunisien\/397218\/#primaryimage","url":"https:\/\/www.webdo.tn\/fr\/wp-content\/uploads\/2026\/05\/Gabes.jpg","contentUrl":"https:\/\/www.webdo.tn\/fr\/wp-content\/uploads\/2026\/05\/Gabes.jpg","width":1200,"height":600,"caption":"Gab\u00e8s Cin\u00e9ma Fen 2026\u00a0- \u00ab\u00a0Costumes en sc\u00e8ne\u00a0: m\u00e9moires du cin\u00e9ma tunisien\u00a0\u00bb"},{"@type":"BreadcrumbList","@id":"https:\/\/www.webdo.tn\/fr\/actualite\/culture\/gabes-cinema-fen-2026-costumes-en-scene-memoires-du-cinema-tunisien\/397218\/#breadcrumb","itemListElement":[{"@type":"ListItem","position":1,"name":"Accueil","item":"https:\/\/www.webdo.tn\/fr\/"},{"@type":"ListItem","position":2,"name":"Gab\u00e8s Cin\u00e9ma Fen 2026\u00a0&#8211; \u00ab\u00a0Costumes en sc\u00e8ne\u00a0: m\u00e9moires du cin\u00e9ma tunisien\u00a0\u00bb"}]},{"@type":"WebSite","@id":"https:\/\/www.webdo.tn\/fr\/#website","url":"https:\/\/www.webdo.tn\/fr\/","name":"webdo","description":"Tunisie - News en Tunisie et \u00e0 l&#039;international sur Webdo.tn","publisher":{"@id":"https:\/\/www.webdo.tn\/fr\/#organization"},"potentialAction":[{"@type":"SearchAction","target":{"@type":"EntryPoint","urlTemplate":"https:\/\/www.webdo.tn\/fr\/?s={search_term_string}"},"query-input":{"@type":"PropertyValueSpecification","valueRequired":true,"valueName":"search_term_string"}}],"inLanguage":"fr-FR"},{"@type":"Organization","@id":"https:\/\/www.webdo.tn\/fr\/#organization","name":"Webdo","alternateName":"Webdo.tn","url":"https:\/\/www.webdo.tn\/fr\/","logo":{"@type":"ImageObject","inLanguage":"fr-FR","@id":"https:\/\/www.webdo.tn\/fr\/#\/schema\/logo\/image\/","url":"https:\/\/www.webdo.tn\/fr\/wp-content\/uploads\/2025\/06\/Webdo-Tunisie_168377.jpg","contentUrl":"https:\/\/www.webdo.tn\/fr\/wp-content\/uploads\/2025\/06\/Webdo-Tunisie_168377.jpg","width":301,"height":301,"caption":"Webdo"},"image":{"@id":"https:\/\/www.webdo.tn\/fr\/#\/schema\/logo\/image\/"},"sameAs":["https:\/\/www.facebook.com\/webdotn","https:\/\/x.com\/webdo_tn"],"description":"Webdo est un m\u00e9dia num\u00e9rique tunisien fond\u00e9 en 2010, sp\u00e9cialis\u00e9 dans l\u2019actualit\u00e9 nationale et internationale, l\u2019\u00e9conomie, la soci\u00e9t\u00e9 et les analyses politiques. Le site s\u2019adresse \u00e0 un large public francophone et couvre l\u2019information tunisienne en temps r\u00e9el.","email":"redac@webdo.tn","legalName":"YNJ SARL","foundingDate":"2010-09-06","numberOfEmployees":{"@type":"QuantitativeValue","minValue":"11","maxValue":"50"}},{"@type":"Person","@id":"https:\/\/www.webdo.tn\/fr\/#\/schema\/person\/60d5ba619ed3f58783b0dc82b7dada80","name":"Ne\u00efla DRISS","image":{"@type":"ImageObject","inLanguage":"fr-FR","@id":"https:\/\/www.webdo.tn\/fr\/wp-content\/uploads\/2026\/04\/neila-driss_avatar-96x96.jpg","url":"https:\/\/www.webdo.tn\/fr\/wp-content\/uploads\/2026\/04\/neila-driss_avatar-96x96.jpg","contentUrl":"https:\/\/www.webdo.tn\/fr\/wp-content\/uploads\/2026\/04\/neila-driss_avatar-96x96.jpg","caption":"Ne\u00efla DRISS"},"description":"Ne\u00efla Driss est juriste, journaliste culturelle et critique de cin\u00e9ma tunisienne. Titulaire d\u2019un DEA en droit priv\u00e9 de l\u2019Universit\u00e9 Paris II et d\u2019un DESS de l\u2019IHEC Carthage, elle d\u00e9bute sa carri\u00e8re comme juriste sp\u00e9cialis\u00e9e en gestion de patrimoine immobilier. Elle s\u2019oriente ensuite vers l\u2019\u00e9criture en ligne, o\u00f9 elle se distingue d\u00e8s 2006 aux Tunisia Blog Awards, avant de se consacrer au journalisme culturel, avec une sp\u00e9cialisation dans la critique cin\u00e9matographique. Elle couvre r\u00e9guli\u00e8rement les grands festivals internationaux, notamment le Festival de Cannes, les Journ\u00e9es Cin\u00e9matographiques de Carthage et le Festival du film du Caire. Membre de l\u2019ATPCC et de la FIPRESCI, elle participe \u00e0 des jurys et initiatives internationales de critique. Depuis 2024, elle est \u00e9lectrice internationale aux Golden Globes. Facebook : https:\/\/www.facebook.com\/massir.destiniii\/ X : https:\/\/x.com\/MassirDestin","sameAs":["https:\/\/www.facebook.com\/massir.destiniii\/","https:\/\/www.instagram.com\/neila.driss\/?hl=fr","https:\/\/www.linkedin.com\/in\/neila-driss-22606a80\/","https:\/\/x.com\/https:\/\/x.com\/MassirDestin"],"knowsAbout":["Cin\u00e9ma international","critique cin\u00e9matographique","festivals de cin\u00e9ma","journalisme culturel"],"knowsLanguage":["Fran\u00e7ais","Arabe","Anglais"],"jobTitle":"Journaliste culturelle et critique de cin\u00e9ma","worksFor":"Webdo","url":"https:\/\/www.webdo.tn\/fr\/actualite\/author\/neila-driss\/"}]}},"_links":{"self":[{"href":"https:\/\/www.webdo.tn\/fr\/wp-json\/wp\/v2\/posts\/397218","targetHints":{"allow":["GET"]}}],"collection":[{"href":"https:\/\/www.webdo.tn\/fr\/wp-json\/wp\/v2\/posts"}],"about":[{"href":"https:\/\/www.webdo.tn\/fr\/wp-json\/wp\/v2\/types\/post"}],"author":[{"embeddable":true,"href":"https:\/\/www.webdo.tn\/fr\/wp-json\/wp\/v2\/users\/3164"}],"replies":[{"embeddable":true,"href":"https:\/\/www.webdo.tn\/fr\/wp-json\/wp\/v2\/comments?post=397218"}],"version-history":[{"count":1,"href":"https:\/\/www.webdo.tn\/fr\/wp-json\/wp\/v2\/posts\/397218\/revisions"}],"predecessor-version":[{"id":397220,"href":"https:\/\/www.webdo.tn\/fr\/wp-json\/wp\/v2\/posts\/397218\/revisions\/397220"}],"wp:featuredmedia":[{"embeddable":true,"href":"https:\/\/www.webdo.tn\/fr\/wp-json\/wp\/v2\/media\/397219"}],"wp:attachment":[{"href":"https:\/\/www.webdo.tn\/fr\/wp-json\/wp\/v2\/media?parent=397218"}],"wp:term":[{"taxonomy":"category","embeddable":true,"href":"https:\/\/www.webdo.tn\/fr\/wp-json\/wp\/v2\/categories?post=397218"},{"taxonomy":"post_tag","embeddable":true,"href":"https:\/\/www.webdo.tn\/fr\/wp-json\/wp\/v2\/tags?post=397218"}],"curies":[{"name":"wp","href":"https:\/\/api.w.org\/{rel}","templated":true}]}}