{"id":397215,"date":"2026-05-03T10:29:21","date_gmt":"2026-05-03T09:29:21","guid":{"rendered":"https:\/\/www.webdo.tn\/fr\/?p=397215"},"modified":"2026-05-03T10:29:22","modified_gmt":"2026-05-03T09:29:22","slug":"everyday-tunisians-jalel-et-les-parfums-dantan","status":"publish","type":"post","link":"https:\/\/www.webdo.tn\/fr\/actualite\/everyday-tunisians\/everyday-tunisians-jalel-et-les-parfums-dantan\/397215\/","title":{"rendered":"Everyday Tunisians : Jalel et les parfums d&rsquo;antan"},"content":{"rendered":"\n<p>Jalel El Benna travaille dans la plus attachante des boutiques dans les souks de Tunis. \u00c0 la confluence des Attarine et des Ghrablia, ce parfumeur est install\u00e9 dans le souvenir de son a\u00efeul dont le portrait illumine les c\u00e9ans.<\/p>\n\n\n\n<p>Des colonnes tout droit jaillies de l&rsquo;Antiquit\u00e9 portent le poids de cette boutique imm\u00e9moriale dont la m\u00eame famille tient les r\u00eanes depuis deux si\u00e8cles.<\/p>\n\n\n\n<p>Fond\u00e9e par Hadj Mohamed Khemiri, l&rsquo;\u00e9choppe ne paie pas de mine. Pourtant, Tahar Haddad ou Aboul Kacem Chebbi venaient s&rsquo;y asseoir \u00e0 l&rsquo;ombre de la v\u00e9n\u00e9rable Zitouna.<\/p>\n\n\n\n<p>Depuis son plus jeune \u00e2ge, Jalel a fr\u00e9quent\u00e9 ces lieux o\u00f9 il passait apr\u00e8s l&rsquo;\u00e9cole ou durant les vacances. Initi\u00e9 au monde du parfum par son grand-p\u00e8re, il collectionne les vieux flacons et quelques onguents.<\/p>\n\n\n\n<p>Entour\u00e9 d&rsquo;effluves, il accueille amis et clients tout en cultivant son jardin secret aux portes grandes ouvertes. Un peu de l&rsquo;\u00e2me de la m\u00e9dina se niche dans cette boutique \u00e0 la fois lumineuse, fan\u00e9e et immortelle.<\/p>\n\n\n\n<p><\/p>\n\n\n\n<blockquote class=\"wp-block-quote is-layout-flow wp-block-quote-is-layout-flow\">\n<ul class=\"wp-block-list\">\n<li>Lire aussi : <a href=\"https:\/\/www.webdo.tn\/fr\/actualite\/everyday-tunisians\/everyday-tunisians-hedi-le-roi-du-plat-tunisien\/397196\/\">Everyday Tunisians : H\u00e9di, le roi du plat tunisien<\/a><\/li>\n<\/ul>\n<\/blockquote>\n","protected":false},"excerpt":{"rendered":"<p>Jalel El Benna travaille dans la plus attachante des boutiques dans les souks de Tunis. \u00c0 la confluence des Attarine et des Ghrablia, ce parfumeur est install\u00e9 dans le souvenir de son a\u00efeul dont le portrait illumine les c\u00e9ans. Des colonnes tout droit jaillies de l&rsquo;Antiquit\u00e9 portent le poids de cette boutique imm\u00e9moriale dont la [&hellip;]<\/p>\n","protected":false},"author":3229,"featured_media":397216,"comment_status":"closed","ping_status":"closed","sticky":false,"template":"","format":"standard","meta":{"footnotes":""},"categories":[2591],"tags":[4538,4537,2608],"class_list":["post-397215","post","type-post","status-publish","format-standard","has-post-thumbnail","hentry","category-everyday-tunisians","tag-medina-de-tunis","tag-souk","tag-tunisie"],"yoast_head":"<!-- This site is optimized with the Yoast SEO Premium plugin v27.5 (Yoast SEO v27.5) - https:\/\/yoast.com\/product\/yoast-seo-premium-wordpress\/ -->\n<title>Everyday Tunisians : Jalel et les parfums d&#039;antan - webdo<\/title>\n<meta name=\"description\" content=\"Rencontrez Jalel et d\u00e9couvrez l&#039;art des parfums d&#039;antan au sein de sa boutique historique dans les souks de Tunis.\" \/>\n<link rel=\"canonical\" href=\"https:\/\/www.webdo.tn\/fr\/actualite\/everyday-tunisians\/everyday-tunisians-jalel-et-les-parfums-dantan\/397215\/\" \/>\n<meta property=\"og:locale\" content=\"fr_FR\" \/>\n<meta property=\"og:type\" content=\"article\" \/>\n<meta property=\"og:title\" content=\"Everyday Tunisians : Jalel et les parfums d&#039;antan\" \/>\n<meta property=\"og:description\" content=\"Rencontrez Jalel et d\u00e9couvrez l&#039;art des parfums d&#039;antan au sein de sa boutique historique dans les souks de Tunis.\" \/>\n<meta property=\"og:url\" content=\"https:\/\/www.webdo.tn\/fr\/actualite\/everyday-tunisians\/everyday-tunisians-jalel-et-les-parfums-dantan\/397215\/\" \/>\n<meta property=\"og:site_name\" content=\"webdo\" \/>\n<meta property=\"article:publisher\" content=\"https:\/\/www.facebook.com\/webdotn\" \/>\n<meta property=\"article:author\" content=\"https:\/\/www.facebook.com\/hatem.bourial.2025\" \/>\n<meta property=\"article:published_time\" content=\"2026-05-03T09:29:21+00:00\" \/>\n<meta property=\"article:modified_time\" content=\"2026-05-03T09:29:22+00:00\" \/>\n<meta property=\"og:image\" content=\"https:\/\/www.webdo.tn\/fr\/wp-content\/uploads\/2026\/05\/Jalel.jpeg\" \/>\n\t<meta property=\"og:image:width\" content=\"1200\" \/>\n\t<meta property=\"og:image:height\" content=\"601\" \/>\n\t<meta property=\"og:image:type\" content=\"image\/jpeg\" \/>\n<meta name=\"author\" content=\"Hatem Bourial\" \/>\n<meta name=\"twitter:card\" content=\"summary_large_image\" \/>\n<meta name=\"twitter:creator\" content=\"@webdo_tn\" \/>\n<meta name=\"twitter:site\" content=\"@webdo_tn\" \/>\n<meta name=\"twitter:label1\" content=\"\u00c9crit par\" \/>\n\t<meta name=\"twitter:data1\" content=\"Hatem Bourial\" \/>\n\t<meta name=\"twitter:label2\" content=\"Dur\u00e9e de lecture estim\u00e9e\" \/>\n\t<meta name=\"twitter:data2\" content=\"2 minutes\" \/>\n<script type=\"application\/ld+json\" class=\"yoast-schema-graph\">{\"@context\":\"https:\\\/\\\/schema.org\",\"@graph\":[{\"@type\":\"NewsArticle\",\"@id\":\"https:\\\/\\\/www.webdo.tn\\\/fr\\\/actualite\\\/everyday-tunisians\\\/everyday-tunisians-jalel-et-les-parfums-dantan\\\/397215\\\/#article\",\"isPartOf\":{\"@id\":\"https:\\\/\\\/www.webdo.tn\\\/fr\\\/actualite\\\/everyday-tunisians\\\/everyday-tunisians-jalel-et-les-parfums-dantan\\\/397215\\\/\"},\"author\":{\"name\":\"Hatem Bourial\",\"@id\":\"https:\\\/\\\/www.webdo.tn\\\/fr\\\/#\\\/schema\\\/person\\\/6bc0beba2cd23aec27cb5df85ca2554f\"},\"headline\":\"Everyday Tunisians : Jalel et les parfums d&rsquo;antan\",\"datePublished\":\"2026-05-03T09:29:21+00:00\",\"dateModified\":\"2026-05-03T09:29:22+00:00\",\"mainEntityOfPage\":{\"@id\":\"https:\\\/\\\/www.webdo.tn\\\/fr\\\/actualite\\\/everyday-tunisians\\\/everyday-tunisians-jalel-et-les-parfums-dantan\\\/397215\\\/\"},\"wordCount\":198,\"publisher\":{\"@id\":\"https:\\\/\\\/www.webdo.tn\\\/fr\\\/#organization\"},\"image\":{\"@id\":\"https:\\\/\\\/www.webdo.tn\\\/fr\\\/actualite\\\/everyday-tunisians\\\/everyday-tunisians-jalel-et-les-parfums-dantan\\\/397215\\\/#primaryimage\"},\"thumbnailUrl\":\"https:\\\/\\\/www.webdo.tn\\\/fr\\\/wp-content\\\/uploads\\\/2026\\\/05\\\/Jalel.jpeg\",\"keywords\":[\"m\u00e9dina de tunis\",\"souk\",\"Tunisie\"],\"articleSection\":[\"Everyday Tunisians by Hatem Bourial\"],\"inLanguage\":\"fr-FR\"},{\"@type\":\"WebPage\",\"@id\":\"https:\\\/\\\/www.webdo.tn\\\/fr\\\/actualite\\\/everyday-tunisians\\\/everyday-tunisians-jalel-et-les-parfums-dantan\\\/397215\\\/\",\"url\":\"https:\\\/\\\/www.webdo.tn\\\/fr\\\/actualite\\\/everyday-tunisians\\\/everyday-tunisians-jalel-et-les-parfums-dantan\\\/397215\\\/\",\"name\":\"Everyday Tunisians : Jalel et les parfums d'antan - webdo\",\"isPartOf\":{\"@id\":\"https:\\\/\\\/www.webdo.tn\\\/fr\\\/#website\"},\"primaryImageOfPage\":{\"@id\":\"https:\\\/\\\/www.webdo.tn\\\/fr\\\/actualite\\\/everyday-tunisians\\\/everyday-tunisians-jalel-et-les-parfums-dantan\\\/397215\\\/#primaryimage\"},\"image\":{\"@id\":\"https:\\\/\\\/www.webdo.tn\\\/fr\\\/actualite\\\/everyday-tunisians\\\/everyday-tunisians-jalel-et-les-parfums-dantan\\\/397215\\\/#primaryimage\"},\"thumbnailUrl\":\"https:\\\/\\\/www.webdo.tn\\\/fr\\\/wp-content\\\/uploads\\\/2026\\\/05\\\/Jalel.jpeg\",\"datePublished\":\"2026-05-03T09:29:21+00:00\",\"dateModified\":\"2026-05-03T09:29:22+00:00\",\"description\":\"Rencontrez Jalel et d\u00e9couvrez l'art des parfums d'antan au sein de sa boutique historique dans les souks de Tunis.\",\"breadcrumb\":{\"@id\":\"https:\\\/\\\/www.webdo.tn\\\/fr\\\/actualite\\\/everyday-tunisians\\\/everyday-tunisians-jalel-et-les-parfums-dantan\\\/397215\\\/#breadcrumb\"},\"inLanguage\":\"fr-FR\",\"potentialAction\":[{\"@type\":\"ReadAction\",\"target\":[\"https:\\\/\\\/www.webdo.tn\\\/fr\\\/actualite\\\/everyday-tunisians\\\/everyday-tunisians-jalel-et-les-parfums-dantan\\\/397215\\\/\"]}]},{\"@type\":\"ImageObject\",\"inLanguage\":\"fr-FR\",\"@id\":\"https:\\\/\\\/www.webdo.tn\\\/fr\\\/actualite\\\/everyday-tunisians\\\/everyday-tunisians-jalel-et-les-parfums-dantan\\\/397215\\\/#primaryimage\",\"url\":\"https:\\\/\\\/www.webdo.tn\\\/fr\\\/wp-content\\\/uploads\\\/2026\\\/05\\\/Jalel.jpeg\",\"contentUrl\":\"https:\\\/\\\/www.webdo.tn\\\/fr\\\/wp-content\\\/uploads\\\/2026\\\/05\\\/Jalel.jpeg\",\"width\":1200,\"height\":601,\"caption\":\"Everyday Tunisians : Jalel et les parfums d'antan\"},{\"@type\":\"BreadcrumbList\",\"@id\":\"https:\\\/\\\/www.webdo.tn\\\/fr\\\/actualite\\\/everyday-tunisians\\\/everyday-tunisians-jalel-et-les-parfums-dantan\\\/397215\\\/#breadcrumb\",\"itemListElement\":[{\"@type\":\"ListItem\",\"position\":1,\"name\":\"Accueil\",\"item\":\"https:\\\/\\\/www.webdo.tn\\\/fr\\\/\"},{\"@type\":\"ListItem\",\"position\":2,\"name\":\"Everyday Tunisians : Jalel et les parfums d&rsquo;antan\"}]},{\"@type\":\"WebSite\",\"@id\":\"https:\\\/\\\/www.webdo.tn\\\/fr\\\/#website\",\"url\":\"https:\\\/\\\/www.webdo.tn\\\/fr\\\/\",\"name\":\"webdo\",\"description\":\"Tunisie - News en Tunisie et \u00e0 l&#039;international sur Webdo.tn\",\"publisher\":{\"@id\":\"https:\\\/\\\/www.webdo.tn\\\/fr\\\/#organization\"},\"potentialAction\":[{\"@type\":\"SearchAction\",\"target\":{\"@type\":\"EntryPoint\",\"urlTemplate\":\"https:\\\/\\\/www.webdo.tn\\\/fr\\\/?s={search_term_string}\"},\"query-input\":{\"@type\":\"PropertyValueSpecification\",\"valueRequired\":true,\"valueName\":\"search_term_string\"}}],\"inLanguage\":\"fr-FR\"},{\"@type\":\"Organization\",\"@id\":\"https:\\\/\\\/www.webdo.tn\\\/fr\\\/#organization\",\"name\":\"Webdo\",\"alternateName\":\"Webdo.tn\",\"url\":\"https:\\\/\\\/www.webdo.tn\\\/fr\\\/\",\"logo\":{\"@type\":\"ImageObject\",\"inLanguage\":\"fr-FR\",\"@id\":\"https:\\\/\\\/www.webdo.tn\\\/fr\\\/#\\\/schema\\\/logo\\\/image\\\/\",\"url\":\"https:\\\/\\\/www.webdo.tn\\\/fr\\\/wp-content\\\/uploads\\\/2025\\\/06\\\/Webdo-Tunisie_168377.jpg\",\"contentUrl\":\"https:\\\/\\\/www.webdo.tn\\\/fr\\\/wp-content\\\/uploads\\\/2025\\\/06\\\/Webdo-Tunisie_168377.jpg\",\"width\":301,\"height\":301,\"caption\":\"Webdo\"},\"image\":{\"@id\":\"https:\\\/\\\/www.webdo.tn\\\/fr\\\/#\\\/schema\\\/logo\\\/image\\\/\"},\"sameAs\":[\"https:\\\/\\\/www.facebook.com\\\/webdotn\",\"https:\\\/\\\/x.com\\\/webdo_tn\"],\"description\":\"Webdo est un m\u00e9dia num\u00e9rique tunisien fond\u00e9 en 2010, sp\u00e9cialis\u00e9 dans l\u2019actualit\u00e9 nationale et internationale, l\u2019\u00e9conomie, la soci\u00e9t\u00e9 et les analyses politiques. Le site s\u2019adresse \u00e0 un large public francophone et couvre l\u2019information tunisienne en temps r\u00e9el.\",\"email\":\"redac@webdo.tn\",\"legalName\":\"YNJ SARL\",\"foundingDate\":\"2010-09-06\",\"numberOfEmployees\":{\"@type\":\"QuantitativeValue\",\"minValue\":\"11\",\"maxValue\":\"50\"}},{\"@type\":\"Person\",\"@id\":\"https:\\\/\\\/www.webdo.tn\\\/fr\\\/#\\\/schema\\\/person\\\/6bc0beba2cd23aec27cb5df85ca2554f\",\"name\":\"Hatem Bourial\",\"image\":{\"@type\":\"ImageObject\",\"inLanguage\":\"fr-FR\",\"@id\":\"https:\\\/\\\/www.webdo.tn\\\/fr\\\/wp-content\\\/uploads\\\/2026\\\/04\\\/hatem-bourial_avatar-96x96.jpg\",\"url\":\"https:\\\/\\\/www.webdo.tn\\\/fr\\\/wp-content\\\/uploads\\\/2026\\\/04\\\/hatem-bourial_avatar-96x96.jpg\",\"contentUrl\":\"https:\\\/\\\/www.webdo.tn\\\/fr\\\/wp-content\\\/uploads\\\/2026\\\/04\\\/hatem-bourial_avatar-96x96.jpg\",\"caption\":\"Hatem Bourial\"},\"description\":\"Hatem Bourial est journaliste, \u00e9crivain et chroniqueur tunisien. Actif depuis plusieurs d\u00e9cennies, il s\u2019est impos\u00e9 comme un observateur attentif de la soci\u00e9t\u00e9 tunisienne, m\u00ealant dans ses \u00e9crits m\u00e9moire, culture et analyse du quotidien. Auteur de nombreux ouvrages, il d\u00e9veloppe une \u0153uvre \u00e0 la crois\u00e9e du r\u00e9cit, de la po\u00e9sie et de l\u2019observation sociologique. Parall\u00e8lement \u00e0 ses contributions dans la presse, il intervient r\u00e9guli\u00e8rement \u00e0 la radio et dans des espaces culturels, o\u00f9 il explore les enjeux li\u00e9s au patrimoine, \u00e0 l\u2019identit\u00e9 et aux transformations du monde contemporain. \u00c0 travers ses chroniques, Hatem Bourial propose une lecture sensible et approfondie de l\u2019actualit\u00e9, nourrie par une exp\u00e9rience journalistique et litt\u00e9raire reconnue. \ud83d\udd17 Facebook : https:\\\/\\\/www.facebook.com\\\/hatem.bourial.2025\",\"sameAs\":[\"https:\\\/\\\/www.facebook.com\\\/hatem.bourial.2025\",\"https:\\\/\\\/fr.wikipedia.org\\\/wiki\\\/Fichier:Hatem_Bourial.jpg\"],\"knowsAbout\":[\"Culture & patrimoine tunisien\",\"Chronique soci\u00e9tale\",\"Litt\u00e9rature & m\u00e9moire\",\"Cin\u00e9ma & critique culturelle\",\"Identit\u00e9 & mutations sociales\"],\"knowsLanguage\":[\"Arabe\",\"Fran\u00e7ais\",\"Anglais\",\"Italien\",\"Polonais\"],\"jobTitle\":\"Journaliste, \u00e9crivain et chroniqueur culturel\",\"worksFor\":\"Webdo\",\"url\":\"https:\\\/\\\/www.webdo.tn\\\/fr\\\/actualite\\\/author\\\/hatem-bourial-2\\\/\"}]}<\/script>\n<!-- \/ Yoast SEO Premium plugin. -->","yoast_head_json":{"title":"Everyday Tunisians : Jalel et les parfums d'antan - webdo","description":"Rencontrez Jalel et d\u00e9couvrez l'art des parfums d'antan au sein de sa boutique historique dans les souks de Tunis.","canonical":"https:\/\/www.webdo.tn\/fr\/actualite\/everyday-tunisians\/everyday-tunisians-jalel-et-les-parfums-dantan\/397215\/","og_locale":"fr_FR","og_type":"article","og_title":"Everyday Tunisians : Jalel et les parfums d'antan","og_description":"Rencontrez Jalel et d\u00e9couvrez l'art des parfums d'antan au sein de sa boutique historique dans les souks de Tunis.","og_url":"https:\/\/www.webdo.tn\/fr\/actualite\/everyday-tunisians\/everyday-tunisians-jalel-et-les-parfums-dantan\/397215\/","og_site_name":"webdo","article_publisher":"https:\/\/www.facebook.com\/webdotn","article_author":"https:\/\/www.facebook.com\/hatem.bourial.2025","article_published_time":"2026-05-03T09:29:21+00:00","article_modified_time":"2026-05-03T09:29:22+00:00","og_image":[{"width":1200,"height":601,"url":"https:\/\/www.webdo.tn\/fr\/wp-content\/uploads\/2026\/05\/Jalel.jpeg","type":"image\/jpeg"}],"author":"Hatem Bourial","twitter_card":"summary_large_image","twitter_creator":"@webdo_tn","twitter_site":"@webdo_tn","twitter_misc":{"\u00c9crit par":"Hatem Bourial","Dur\u00e9e de lecture estim\u00e9e":"2 minutes"},"schema":{"@context":"https:\/\/schema.org","@graph":[{"@type":"NewsArticle","@id":"https:\/\/www.webdo.tn\/fr\/actualite\/everyday-tunisians\/everyday-tunisians-jalel-et-les-parfums-dantan\/397215\/#article","isPartOf":{"@id":"https:\/\/www.webdo.tn\/fr\/actualite\/everyday-tunisians\/everyday-tunisians-jalel-et-les-parfums-dantan\/397215\/"},"author":{"name":"Hatem Bourial","@id":"https:\/\/www.webdo.tn\/fr\/#\/schema\/person\/6bc0beba2cd23aec27cb5df85ca2554f"},"headline":"Everyday Tunisians : Jalel et les parfums d&rsquo;antan","datePublished":"2026-05-03T09:29:21+00:00","dateModified":"2026-05-03T09:29:22+00:00","mainEntityOfPage":{"@id":"https:\/\/www.webdo.tn\/fr\/actualite\/everyday-tunisians\/everyday-tunisians-jalel-et-les-parfums-dantan\/397215\/"},"wordCount":198,"publisher":{"@id":"https:\/\/www.webdo.tn\/fr\/#organization"},"image":{"@id":"https:\/\/www.webdo.tn\/fr\/actualite\/everyday-tunisians\/everyday-tunisians-jalel-et-les-parfums-dantan\/397215\/#primaryimage"},"thumbnailUrl":"https:\/\/www.webdo.tn\/fr\/wp-content\/uploads\/2026\/05\/Jalel.jpeg","keywords":["m\u00e9dina de tunis","souk","Tunisie"],"articleSection":["Everyday Tunisians by Hatem Bourial"],"inLanguage":"fr-FR"},{"@type":"WebPage","@id":"https:\/\/www.webdo.tn\/fr\/actualite\/everyday-tunisians\/everyday-tunisians-jalel-et-les-parfums-dantan\/397215\/","url":"https:\/\/www.webdo.tn\/fr\/actualite\/everyday-tunisians\/everyday-tunisians-jalel-et-les-parfums-dantan\/397215\/","name":"Everyday Tunisians : Jalel et les parfums d'antan - webdo","isPartOf":{"@id":"https:\/\/www.webdo.tn\/fr\/#website"},"primaryImageOfPage":{"@id":"https:\/\/www.webdo.tn\/fr\/actualite\/everyday-tunisians\/everyday-tunisians-jalel-et-les-parfums-dantan\/397215\/#primaryimage"},"image":{"@id":"https:\/\/www.webdo.tn\/fr\/actualite\/everyday-tunisians\/everyday-tunisians-jalel-et-les-parfums-dantan\/397215\/#primaryimage"},"thumbnailUrl":"https:\/\/www.webdo.tn\/fr\/wp-content\/uploads\/2026\/05\/Jalel.jpeg","datePublished":"2026-05-03T09:29:21+00:00","dateModified":"2026-05-03T09:29:22+00:00","description":"Rencontrez Jalel et d\u00e9couvrez l'art des parfums d'antan au sein de sa boutique historique dans les souks de Tunis.","breadcrumb":{"@id":"https:\/\/www.webdo.tn\/fr\/actualite\/everyday-tunisians\/everyday-tunisians-jalel-et-les-parfums-dantan\/397215\/#breadcrumb"},"inLanguage":"fr-FR","potentialAction":[{"@type":"ReadAction","target":["https:\/\/www.webdo.tn\/fr\/actualite\/everyday-tunisians\/everyday-tunisians-jalel-et-les-parfums-dantan\/397215\/"]}]},{"@type":"ImageObject","inLanguage":"fr-FR","@id":"https:\/\/www.webdo.tn\/fr\/actualite\/everyday-tunisians\/everyday-tunisians-jalel-et-les-parfums-dantan\/397215\/#primaryimage","url":"https:\/\/www.webdo.tn\/fr\/wp-content\/uploads\/2026\/05\/Jalel.jpeg","contentUrl":"https:\/\/www.webdo.tn\/fr\/wp-content\/uploads\/2026\/05\/Jalel.jpeg","width":1200,"height":601,"caption":"Everyday Tunisians : Jalel et les parfums d'antan"},{"@type":"BreadcrumbList","@id":"https:\/\/www.webdo.tn\/fr\/actualite\/everyday-tunisians\/everyday-tunisians-jalel-et-les-parfums-dantan\/397215\/#breadcrumb","itemListElement":[{"@type":"ListItem","position":1,"name":"Accueil","item":"https:\/\/www.webdo.tn\/fr\/"},{"@type":"ListItem","position":2,"name":"Everyday Tunisians : Jalel et les parfums d&rsquo;antan"}]},{"@type":"WebSite","@id":"https:\/\/www.webdo.tn\/fr\/#website","url":"https:\/\/www.webdo.tn\/fr\/","name":"webdo","description":"Tunisie - News en Tunisie et \u00e0 l&#039;international sur Webdo.tn","publisher":{"@id":"https:\/\/www.webdo.tn\/fr\/#organization"},"potentialAction":[{"@type":"SearchAction","target":{"@type":"EntryPoint","urlTemplate":"https:\/\/www.webdo.tn\/fr\/?s={search_term_string}"},"query-input":{"@type":"PropertyValueSpecification","valueRequired":true,"valueName":"search_term_string"}}],"inLanguage":"fr-FR"},{"@type":"Organization","@id":"https:\/\/www.webdo.tn\/fr\/#organization","name":"Webdo","alternateName":"Webdo.tn","url":"https:\/\/www.webdo.tn\/fr\/","logo":{"@type":"ImageObject","inLanguage":"fr-FR","@id":"https:\/\/www.webdo.tn\/fr\/#\/schema\/logo\/image\/","url":"https:\/\/www.webdo.tn\/fr\/wp-content\/uploads\/2025\/06\/Webdo-Tunisie_168377.jpg","contentUrl":"https:\/\/www.webdo.tn\/fr\/wp-content\/uploads\/2025\/06\/Webdo-Tunisie_168377.jpg","width":301,"height":301,"caption":"Webdo"},"image":{"@id":"https:\/\/www.webdo.tn\/fr\/#\/schema\/logo\/image\/"},"sameAs":["https:\/\/www.facebook.com\/webdotn","https:\/\/x.com\/webdo_tn"],"description":"Webdo est un m\u00e9dia num\u00e9rique tunisien fond\u00e9 en 2010, sp\u00e9cialis\u00e9 dans l\u2019actualit\u00e9 nationale et internationale, l\u2019\u00e9conomie, la soci\u00e9t\u00e9 et les analyses politiques. Le site s\u2019adresse \u00e0 un large public francophone et couvre l\u2019information tunisienne en temps r\u00e9el.","email":"redac@webdo.tn","legalName":"YNJ SARL","foundingDate":"2010-09-06","numberOfEmployees":{"@type":"QuantitativeValue","minValue":"11","maxValue":"50"}},{"@type":"Person","@id":"https:\/\/www.webdo.tn\/fr\/#\/schema\/person\/6bc0beba2cd23aec27cb5df85ca2554f","name":"Hatem Bourial","image":{"@type":"ImageObject","inLanguage":"fr-FR","@id":"https:\/\/www.webdo.tn\/fr\/wp-content\/uploads\/2026\/04\/hatem-bourial_avatar-96x96.jpg","url":"https:\/\/www.webdo.tn\/fr\/wp-content\/uploads\/2026\/04\/hatem-bourial_avatar-96x96.jpg","contentUrl":"https:\/\/www.webdo.tn\/fr\/wp-content\/uploads\/2026\/04\/hatem-bourial_avatar-96x96.jpg","caption":"Hatem Bourial"},"description":"Hatem Bourial est journaliste, \u00e9crivain et chroniqueur tunisien. Actif depuis plusieurs d\u00e9cennies, il s\u2019est impos\u00e9 comme un observateur attentif de la soci\u00e9t\u00e9 tunisienne, m\u00ealant dans ses \u00e9crits m\u00e9moire, culture et analyse du quotidien. Auteur de nombreux ouvrages, il d\u00e9veloppe une \u0153uvre \u00e0 la crois\u00e9e du r\u00e9cit, de la po\u00e9sie et de l\u2019observation sociologique. Parall\u00e8lement \u00e0 ses contributions dans la presse, il intervient r\u00e9guli\u00e8rement \u00e0 la radio et dans des espaces culturels, o\u00f9 il explore les enjeux li\u00e9s au patrimoine, \u00e0 l\u2019identit\u00e9 et aux transformations du monde contemporain. \u00c0 travers ses chroniques, Hatem Bourial propose une lecture sensible et approfondie de l\u2019actualit\u00e9, nourrie par une exp\u00e9rience journalistique et litt\u00e9raire reconnue. \ud83d\udd17 Facebook : https:\/\/www.facebook.com\/hatem.bourial.2025","sameAs":["https:\/\/www.facebook.com\/hatem.bourial.2025","https:\/\/fr.wikipedia.org\/wiki\/Fichier:Hatem_Bourial.jpg"],"knowsAbout":["Culture & patrimoine tunisien","Chronique soci\u00e9tale","Litt\u00e9rature & m\u00e9moire","Cin\u00e9ma & critique culturelle","Identit\u00e9 & mutations sociales"],"knowsLanguage":["Arabe","Fran\u00e7ais","Anglais","Italien","Polonais"],"jobTitle":"Journaliste, \u00e9crivain et chroniqueur culturel","worksFor":"Webdo","url":"https:\/\/www.webdo.tn\/fr\/actualite\/author\/hatem-bourial-2\/"}]}},"_links":{"self":[{"href":"https:\/\/www.webdo.tn\/fr\/wp-json\/wp\/v2\/posts\/397215","targetHints":{"allow":["GET"]}}],"collection":[{"href":"https:\/\/www.webdo.tn\/fr\/wp-json\/wp\/v2\/posts"}],"about":[{"href":"https:\/\/www.webdo.tn\/fr\/wp-json\/wp\/v2\/types\/post"}],"author":[{"embeddable":true,"href":"https:\/\/www.webdo.tn\/fr\/wp-json\/wp\/v2\/users\/3229"}],"replies":[{"embeddable":true,"href":"https:\/\/www.webdo.tn\/fr\/wp-json\/wp\/v2\/comments?post=397215"}],"version-history":[{"count":1,"href":"https:\/\/www.webdo.tn\/fr\/wp-json\/wp\/v2\/posts\/397215\/revisions"}],"predecessor-version":[{"id":397217,"href":"https:\/\/www.webdo.tn\/fr\/wp-json\/wp\/v2\/posts\/397215\/revisions\/397217"}],"wp:featuredmedia":[{"embeddable":true,"href":"https:\/\/www.webdo.tn\/fr\/wp-json\/wp\/v2\/media\/397216"}],"wp:attachment":[{"href":"https:\/\/www.webdo.tn\/fr\/wp-json\/wp\/v2\/media?parent=397215"}],"wp:term":[{"taxonomy":"category","embeddable":true,"href":"https:\/\/www.webdo.tn\/fr\/wp-json\/wp\/v2\/categories?post=397215"},{"taxonomy":"post_tag","embeddable":true,"href":"https:\/\/www.webdo.tn\/fr\/wp-json\/wp\/v2\/tags?post=397215"}],"curies":[{"name":"wp","href":"https:\/\/api.w.org\/{rel}","templated":true}]}}