{"id":397212,"date":"2026-05-03T09:38:40","date_gmt":"2026-05-03T08:38:40","guid":{"rendered":"https:\/\/www.webdo.tn\/fr\/?p=397212"},"modified":"2026-05-03T09:38:41","modified_gmt":"2026-05-03T08:38:41","slug":"ligue-1-j28-derby-sous-haute-tension-a-rades","status":"publish","type":"post","link":"https:\/\/www.webdo.tn\/fr\/actualite\/sport\/ligue-1-j28-derby-sous-haute-tension-a-rades\/397212\/","title":{"rendered":"Ligue 1 &#8211; J28 : Derby sous haute tension \u00e0 Rad\u00e8s"},"content":{"rendered":"\n<p><strong>A trois journ\u00e9es du terme, la Ligue 1 entre dans une phase d\u00e9cisive avec le lancement de la 28e journ\u00e9e ce dimanche 3 mai. En t\u00eate du classement, le Club Africain accueille le Stade Tunisien dans un choc tr\u00e8s attendu \u00e0 Rad\u00e8s. Dans le m\u00eame temps, plusieurs rencontres cl\u00e9s pourraient peser lourd aussi bien dans la course au titre que dans la lutte pour le maintien.<\/strong><\/p>\n\n\n\n<h2 class=\"wp-block-heading\" id=\"h-le-leader-face-a-la-pression-du-derby\">Le leader face \u00e0 la pression du derby<\/h2>\n\n\n\n<p>Install\u00e9 en t\u00eate avec 59 points, le Club Africain aborde ce rendez-vous avec l\u2019objectif clair de s\u00e9curiser son fauteuil de leader. Malgr\u00e9 un r\u00e9cent nul conc\u00e9d\u00e9 face \u00e0 l\u2019AS Soliman (1-1), les Clubistes affichent une impressionnante s\u00e9rie de 20 matchs sans d\u00e9faite.<\/p>\n\n\n\n<p>En face, le Stade Tunisien arrive dans une dynamique oppos\u00e9e. Battus par la JS Omrane lors de la pr\u00e9c\u00e9dente journ\u00e9e, les Bardolais restent sur cinq rencontres sans victoire. Un sursaut est imp\u00e9ratif pour esp\u00e9rer inqui\u00e9ter le leader.<\/p>\n\n\n\n<h2 class=\"wp-block-heading\" id=\"h-le-cs-sfaxien-toujours-a-l-affut\">Le CS Sfaxien toujours \u00e0 l\u2019aff\u00fbt<\/h2>\n\n\n\n<p>Troisi\u00e8me avec 53 points, le Club Sportif Sfaxien continue de croire au titre. Les Sfaxiens, solides d\u00e9fensivement, restent sur un nul face \u00e0 l\u2019Esp\u00e9rance Sportive de Tunis et prolongent leur s\u00e9rie d\u2019invincibilit\u00e9 \u00e0 huit matchs.<\/p>\n\n\n\n<p>Ils recevront l\u2019Olympique de B\u00e9ja, relanc\u00e9 apr\u00e8s son succ\u00e8s contre le CA Bizertin. Les visiteurs joueront gros dans la course au maintien et tenteront de cr\u00e9er la surprise.<\/p>\n\n\n\n<p>La lutte pour le maintien reste intense. D\u00e9j\u00e0 condamn\u00e9e, l\u2019AS Gab\u00e9s affronte la JS Kairouanaise, qui n\u2019a plus droit \u00e0 l\u2019erreur pour esp\u00e9rer survivre en Ligue 1. De son c\u00f4t\u00e9, l\u2019US Ben Guerdane, solide au milieu de tableau, accueille une \u00e9quipe de l\u2019AS Soliman toujours sous pression.<\/p>\n\n\n\n<h2 class=\"wp-block-heading\" id=\"h-programme-de-la-28eme-journee-16h00\">Programme de la 28\u00e8me journ\u00e9e (16h00)<\/h2>\n\n\n\n<p><strong>Dimanche 3 mai<\/strong><\/p>\n\n\n\n<ul class=\"wp-block-list\">\n<li>Club Africain \u2013 Stade Tunisien<\/li>\n\n\n\n<li>CS Sfaxien \u2013 Olympique de B\u00e9ja<\/li>\n\n\n\n<li>AS Gabes \u2013 JS Kairouanaise<\/li>\n\n\n\n<li>US Ben Guerdane \u2013 AS Soliman<\/li>\n<\/ul>\n\n\n\n<p><strong>Lundi 4 mai<\/strong><\/p>\n\n\n\n<ul class=\"wp-block-list\">\n<li>JS Omrane \u2013 ES Tunis<\/li>\n\n\n\n<li>CA Bizertin \u2013 AS Marsa<\/li>\n\n\n\n<li>US Monastirienne \u2013 ES M\u00e9tlaoui<\/li>\n\n\n\n<li>ES Zarzis \u2013 ES Sahel<\/li>\n<\/ul>\n\n\n\n<p><\/p>\n\n\n\n<blockquote class=\"wp-block-quote is-layout-flow wp-block-quote-is-layout-flow\">\n<p class=\"has-medium-font-size\"><strong>Lire aussi :<\/strong> <\/p>\n\n\n\n<ul class=\"wp-block-list\">\n<li class=\"has-medium-font-size\"><a href=\"https:\/\/www.webdo.tn\/fr\/actualite\/sport\/ligue-1-27eme-j-rien-ne-bouge-le-club-africain-toujours-en-tete\/397128\/\">Ligue 1 \u2013 27\u00e8me J. : Rien ne bouge, le Club Africain toujours en t\u00eate<\/a><\/li>\n\n\n\n<li class=\"has-medium-font-size\"><a href=\"https:\/\/www.webdo.tn\/fr\/actualite\/sport\/le-club-africain-laisse-des-plumes-face-a-las-soliman\/397062\/\">Le Club Africain laisse des plumes face \u00e0 l\u2019AS Soliman<\/a><\/li>\n<\/ul>\n<\/blockquote>\n","protected":false},"excerpt":{"rendered":"<p>A trois journ\u00e9es du terme, la Ligue 1 entre dans une phase d\u00e9cisive avec le lancement de la 28e journ\u00e9e ce dimanche 3 mai. En t\u00eate du classement, le Club Africain accueille le Stade Tunisien dans un choc tr\u00e8s attendu \u00e0 Rad\u00e8s. Dans le m\u00eame temps, plusieurs rencontres cl\u00e9s pourraient peser lourd aussi bien dans [&hellip;]<\/p>\n","protected":false},"author":3189,"featured_media":397213,"comment_status":"closed","ping_status":"closed","sticky":false,"template":"","format":"standard","meta":{"footnotes":""},"categories":[13163,2593],"tags":[3738,3101,3077,2622,2777,4600,2608],"class_list":["post-397212","post","type-post","status-publish","format-standard","has-post-thumbnail","hentry","category-epingle","category-sport","tag-championnat-de-tunisie","tag-club-africain","tag-derby","tag-football","tag-ligue-1","tag-stade-tunisien","tag-tunisie"],"yoast_head":"<!-- This site is optimized with the Yoast SEO Premium plugin v27.5 (Yoast SEO v27.5) - https:\/\/yoast.com\/product\/yoast-seo-premium-wordpress\/ -->\n<title>Ligue 1 - J28 : Derby sous haute tension \u00e0 Rad\u00e8s - webdo<\/title>\n<meta name=\"description\" content=\"Le derby sous haute tension s&#039;annonce entre le Club Africain et le Stade Tunisien. Suivez la lutte pour le leadership en Ligue 1.\" \/>\n<link rel=\"canonical\" href=\"https:\/\/www.webdo.tn\/fr\/actualite\/sport\/ligue-1-j28-derby-sous-haute-tension-a-rades\/397212\/\" \/>\n<meta property=\"og:locale\" content=\"fr_FR\" \/>\n<meta property=\"og:type\" content=\"article\" \/>\n<meta property=\"og:title\" content=\"Ligue 1 - J28 : Derby sous haute tension \u00e0 Rad\u00e8s\" \/>\n<meta property=\"og:description\" content=\"Le derby sous haute tension s&#039;annonce entre le Club Africain et le Stade Tunisien. Suivez la lutte pour le leadership en Ligue 1.\" \/>\n<meta property=\"og:url\" content=\"https:\/\/www.webdo.tn\/fr\/actualite\/sport\/ligue-1-j28-derby-sous-haute-tension-a-rades\/397212\/\" \/>\n<meta property=\"og:site_name\" content=\"webdo\" \/>\n<meta property=\"article:publisher\" content=\"https:\/\/www.facebook.com\/webdotn\" \/>\n<meta property=\"article:author\" content=\"https:\/\/www.facebook.com\/youssef.rc.92\" \/>\n<meta property=\"article:published_time\" content=\"2026-05-03T08:38:40+00:00\" \/>\n<meta property=\"article:modified_time\" content=\"2026-05-03T08:38:41+00:00\" \/>\n<meta property=\"og:image\" content=\"https:\/\/www.webdo.tn\/fr\/wp-content\/uploads\/2026\/05\/Sans-titre-1-2.jpg\" \/>\n\t<meta property=\"og:image:width\" content=\"1200\" \/>\n\t<meta property=\"og:image:height\" content=\"604\" \/>\n\t<meta property=\"og:image:type\" content=\"image\/jpeg\" \/>\n<meta name=\"author\" content=\"Maher Chaabane\" \/>\n<meta name=\"twitter:card\" content=\"summary_large_image\" \/>\n<meta name=\"twitter:creator\" content=\"@webdo_tn\" \/>\n<meta name=\"twitter:site\" content=\"@webdo_tn\" \/>\n<meta name=\"twitter:label1\" content=\"\u00c9crit par\" \/>\n\t<meta name=\"twitter:data1\" content=\"Maher Chaabane\" \/>\n\t<meta name=\"twitter:label2\" content=\"Dur\u00e9e de lecture estim\u00e9e\" \/>\n\t<meta name=\"twitter:data2\" content=\"2 minutes\" \/>\n<script type=\"application\/ld+json\" class=\"yoast-schema-graph\">{\"@context\":\"https:\\\/\\\/schema.org\",\"@graph\":[{\"@type\":\"NewsArticle\",\"@id\":\"https:\\\/\\\/www.webdo.tn\\\/fr\\\/actualite\\\/sport\\\/ligue-1-j28-derby-sous-haute-tension-a-rades\\\/397212\\\/#article\",\"isPartOf\":{\"@id\":\"https:\\\/\\\/www.webdo.tn\\\/fr\\\/actualite\\\/sport\\\/ligue-1-j28-derby-sous-haute-tension-a-rades\\\/397212\\\/\"},\"author\":{\"name\":\"Maher Chaabane\",\"@id\":\"https:\\\/\\\/www.webdo.tn\\\/fr\\\/#\\\/schema\\\/person\\\/57c261717927697fcf719ab1058a8003\"},\"headline\":\"Ligue 1 &#8211; J28 : Derby sous haute tension \u00e0 Rad\u00e8s\",\"datePublished\":\"2026-05-03T08:38:40+00:00\",\"dateModified\":\"2026-05-03T08:38:41+00:00\",\"mainEntityOfPage\":{\"@id\":\"https:\\\/\\\/www.webdo.tn\\\/fr\\\/actualite\\\/sport\\\/ligue-1-j28-derby-sous-haute-tension-a-rades\\\/397212\\\/\"},\"wordCount\":383,\"publisher\":{\"@id\":\"https:\\\/\\\/www.webdo.tn\\\/fr\\\/#organization\"},\"image\":{\"@id\":\"https:\\\/\\\/www.webdo.tn\\\/fr\\\/actualite\\\/sport\\\/ligue-1-j28-derby-sous-haute-tension-a-rades\\\/397212\\\/#primaryimage\"},\"thumbnailUrl\":\"https:\\\/\\\/www.webdo.tn\\\/fr\\\/wp-content\\\/uploads\\\/2026\\\/05\\\/Sans-titre-1-2.jpg\",\"keywords\":[\"championnat de tunisie\",\"Club Africain\",\"Derby\",\"football\",\"Ligue 1\",\"stade tunisien\",\"Tunisie\"],\"articleSection\":[\"\u00c9pingle\",\"Sport\"],\"inLanguage\":\"fr-FR\"},{\"@type\":\"WebPage\",\"@id\":\"https:\\\/\\\/www.webdo.tn\\\/fr\\\/actualite\\\/sport\\\/ligue-1-j28-derby-sous-haute-tension-a-rades\\\/397212\\\/\",\"url\":\"https:\\\/\\\/www.webdo.tn\\\/fr\\\/actualite\\\/sport\\\/ligue-1-j28-derby-sous-haute-tension-a-rades\\\/397212\\\/\",\"name\":\"Ligue 1 - J28 : Derby sous haute tension \u00e0 Rad\u00e8s - webdo\",\"isPartOf\":{\"@id\":\"https:\\\/\\\/www.webdo.tn\\\/fr\\\/#website\"},\"primaryImageOfPage\":{\"@id\":\"https:\\\/\\\/www.webdo.tn\\\/fr\\\/actualite\\\/sport\\\/ligue-1-j28-derby-sous-haute-tension-a-rades\\\/397212\\\/#primaryimage\"},\"image\":{\"@id\":\"https:\\\/\\\/www.webdo.tn\\\/fr\\\/actualite\\\/sport\\\/ligue-1-j28-derby-sous-haute-tension-a-rades\\\/397212\\\/#primaryimage\"},\"thumbnailUrl\":\"https:\\\/\\\/www.webdo.tn\\\/fr\\\/wp-content\\\/uploads\\\/2026\\\/05\\\/Sans-titre-1-2.jpg\",\"datePublished\":\"2026-05-03T08:38:40+00:00\",\"dateModified\":\"2026-05-03T08:38:41+00:00\",\"description\":\"Le derby sous haute tension s'annonce entre le Club Africain et le Stade Tunisien. Suivez la lutte pour le leadership en Ligue 1.\",\"breadcrumb\":{\"@id\":\"https:\\\/\\\/www.webdo.tn\\\/fr\\\/actualite\\\/sport\\\/ligue-1-j28-derby-sous-haute-tension-a-rades\\\/397212\\\/#breadcrumb\"},\"inLanguage\":\"fr-FR\",\"potentialAction\":[{\"@type\":\"ReadAction\",\"target\":[\"https:\\\/\\\/www.webdo.tn\\\/fr\\\/actualite\\\/sport\\\/ligue-1-j28-derby-sous-haute-tension-a-rades\\\/397212\\\/\"]}]},{\"@type\":\"ImageObject\",\"inLanguage\":\"fr-FR\",\"@id\":\"https:\\\/\\\/www.webdo.tn\\\/fr\\\/actualite\\\/sport\\\/ligue-1-j28-derby-sous-haute-tension-a-rades\\\/397212\\\/#primaryimage\",\"url\":\"https:\\\/\\\/www.webdo.tn\\\/fr\\\/wp-content\\\/uploads\\\/2026\\\/05\\\/Sans-titre-1-2.jpg\",\"contentUrl\":\"https:\\\/\\\/www.webdo.tn\\\/fr\\\/wp-content\\\/uploads\\\/2026\\\/05\\\/Sans-titre-1-2.jpg\",\"width\":1200,\"height\":604,\"caption\":\"Ligue 1 - J28 : Derby sous haute tension \u00e0 Rad\u00e8s\"},{\"@type\":\"BreadcrumbList\",\"@id\":\"https:\\\/\\\/www.webdo.tn\\\/fr\\\/actualite\\\/sport\\\/ligue-1-j28-derby-sous-haute-tension-a-rades\\\/397212\\\/#breadcrumb\",\"itemListElement\":[{\"@type\":\"ListItem\",\"position\":1,\"name\":\"Accueil\",\"item\":\"https:\\\/\\\/www.webdo.tn\\\/fr\\\/\"},{\"@type\":\"ListItem\",\"position\":2,\"name\":\"Ligue 1 &#8211; J28 : Derby sous haute tension \u00e0 Rad\u00e8s\"}]},{\"@type\":\"WebSite\",\"@id\":\"https:\\\/\\\/www.webdo.tn\\\/fr\\\/#website\",\"url\":\"https:\\\/\\\/www.webdo.tn\\\/fr\\\/\",\"name\":\"webdo\",\"description\":\"Tunisie - News en Tunisie et \u00e0 l&#039;international sur Webdo.tn\",\"publisher\":{\"@id\":\"https:\\\/\\\/www.webdo.tn\\\/fr\\\/#organization\"},\"potentialAction\":[{\"@type\":\"SearchAction\",\"target\":{\"@type\":\"EntryPoint\",\"urlTemplate\":\"https:\\\/\\\/www.webdo.tn\\\/fr\\\/?s={search_term_string}\"},\"query-input\":{\"@type\":\"PropertyValueSpecification\",\"valueRequired\":true,\"valueName\":\"search_term_string\"}}],\"inLanguage\":\"fr-FR\"},{\"@type\":\"Organization\",\"@id\":\"https:\\\/\\\/www.webdo.tn\\\/fr\\\/#organization\",\"name\":\"Webdo\",\"alternateName\":\"Webdo.tn\",\"url\":\"https:\\\/\\\/www.webdo.tn\\\/fr\\\/\",\"logo\":{\"@type\":\"ImageObject\",\"inLanguage\":\"fr-FR\",\"@id\":\"https:\\\/\\\/www.webdo.tn\\\/fr\\\/#\\\/schema\\\/logo\\\/image\\\/\",\"url\":\"https:\\\/\\\/www.webdo.tn\\\/fr\\\/wp-content\\\/uploads\\\/2025\\\/06\\\/Webdo-Tunisie_168377.jpg\",\"contentUrl\":\"https:\\\/\\\/www.webdo.tn\\\/fr\\\/wp-content\\\/uploads\\\/2025\\\/06\\\/Webdo-Tunisie_168377.jpg\",\"width\":301,\"height\":301,\"caption\":\"Webdo\"},\"image\":{\"@id\":\"https:\\\/\\\/www.webdo.tn\\\/fr\\\/#\\\/schema\\\/logo\\\/image\\\/\"},\"sameAs\":[\"https:\\\/\\\/www.facebook.com\\\/webdotn\",\"https:\\\/\\\/x.com\\\/webdo_tn\"],\"description\":\"Webdo est un m\u00e9dia num\u00e9rique tunisien fond\u00e9 en 2010, sp\u00e9cialis\u00e9 dans l\u2019actualit\u00e9 nationale et internationale, l\u2019\u00e9conomie, la soci\u00e9t\u00e9 et les analyses politiques. Le site s\u2019adresse \u00e0 un large public francophone et couvre l\u2019information tunisienne en temps r\u00e9el.\",\"email\":\"redac@webdo.tn\",\"legalName\":\"YNJ SARL\",\"foundingDate\":\"2010-09-06\",\"numberOfEmployees\":{\"@type\":\"QuantitativeValue\",\"minValue\":\"11\",\"maxValue\":\"50\"}},{\"@type\":\"Person\",\"@id\":\"https:\\\/\\\/www.webdo.tn\\\/fr\\\/#\\\/schema\\\/person\\\/57c261717927697fcf719ab1058a8003\",\"name\":\"Maher Chaabane\",\"image\":{\"@type\":\"ImageObject\",\"inLanguage\":\"fr-FR\",\"@id\":\"https:\\\/\\\/www.webdo.tn\\\/fr\\\/wp-content\\\/uploads\\\/2026\\\/04\\\/maher-chaabane_avatar_2-96x96.jpg\",\"url\":\"https:\\\/\\\/www.webdo.tn\\\/fr\\\/wp-content\\\/uploads\\\/2026\\\/04\\\/maher-chaabane_avatar_2-96x96.jpg\",\"contentUrl\":\"https:\\\/\\\/www.webdo.tn\\\/fr\\\/wp-content\\\/uploads\\\/2026\\\/04\\\/maher-chaabane_avatar_2-96x96.jpg\",\"caption\":\"Maher Chaabane\"},\"description\":\"Maher Chaabane est journaliste et r\u00e9dacteur en chef de Webdo.tn depuis 2012. Il d\u00e9bute sa carri\u00e8re au sein du groupe Tunis Hebdo en 2000, o\u00f9 il couvre pendant plusieurs ann\u00e9es l\u2019actualit\u00e9 sportive et internationale, avant d\u2019occuper les fonctions de r\u00e9dacteur en chef adjoint. Fort de plus de deux d\u00e9cennies d\u2019exp\u00e9rience dans le journalisme, il supervise aujourd\u2019hui la production \u00e9ditoriale de Webdo et contribue activement \u00e0 la ligne du m\u00e9dia, en particulier sur les sujets d\u2019actualit\u00e9 nationale et internationale. https:\\\/\\\/www.facebook.com\\\/youssef.rc.92\",\"sameAs\":[\"https:\\\/\\\/www.facebook.com\\\/youssef.rc.92\"],\"knowsAbout\":[\"journalisme\",\"actualit\u00e9 internationale\",\"sport\",\"r\u00e9daction\",\"m\u00e9dias\",\"information\"],\"knowsLanguage\":[\"Fran\u00e7ais\",\"Arabe\"],\"jobTitle\":\"R\u00e9dacteur en chef\",\"worksFor\":\"Webdo.tn\",\"url\":\"https:\\\/\\\/www.webdo.tn\\\/fr\\\/actualite\\\/author\\\/maher-chaabane\\\/\"}]}<\/script>\n<!-- \/ Yoast SEO Premium plugin. -->","yoast_head_json":{"title":"Ligue 1 - J28 : Derby sous haute tension \u00e0 Rad\u00e8s - webdo","description":"Le derby sous haute tension s'annonce entre le Club Africain et le Stade Tunisien. Suivez la lutte pour le leadership en Ligue 1.","canonical":"https:\/\/www.webdo.tn\/fr\/actualite\/sport\/ligue-1-j28-derby-sous-haute-tension-a-rades\/397212\/","og_locale":"fr_FR","og_type":"article","og_title":"Ligue 1 - J28 : Derby sous haute tension \u00e0 Rad\u00e8s","og_description":"Le derby sous haute tension s'annonce entre le Club Africain et le Stade Tunisien. Suivez la lutte pour le leadership en Ligue 1.","og_url":"https:\/\/www.webdo.tn\/fr\/actualite\/sport\/ligue-1-j28-derby-sous-haute-tension-a-rades\/397212\/","og_site_name":"webdo","article_publisher":"https:\/\/www.facebook.com\/webdotn","article_author":"https:\/\/www.facebook.com\/youssef.rc.92","article_published_time":"2026-05-03T08:38:40+00:00","article_modified_time":"2026-05-03T08:38:41+00:00","og_image":[{"width":1200,"height":604,"url":"https:\/\/www.webdo.tn\/fr\/wp-content\/uploads\/2026\/05\/Sans-titre-1-2.jpg","type":"image\/jpeg"}],"author":"Maher Chaabane","twitter_card":"summary_large_image","twitter_creator":"@webdo_tn","twitter_site":"@webdo_tn","twitter_misc":{"\u00c9crit par":"Maher Chaabane","Dur\u00e9e de lecture estim\u00e9e":"2 minutes"},"schema":{"@context":"https:\/\/schema.org","@graph":[{"@type":"NewsArticle","@id":"https:\/\/www.webdo.tn\/fr\/actualite\/sport\/ligue-1-j28-derby-sous-haute-tension-a-rades\/397212\/#article","isPartOf":{"@id":"https:\/\/www.webdo.tn\/fr\/actualite\/sport\/ligue-1-j28-derby-sous-haute-tension-a-rades\/397212\/"},"author":{"name":"Maher Chaabane","@id":"https:\/\/www.webdo.tn\/fr\/#\/schema\/person\/57c261717927697fcf719ab1058a8003"},"headline":"Ligue 1 &#8211; J28 : Derby sous haute tension \u00e0 Rad\u00e8s","datePublished":"2026-05-03T08:38:40+00:00","dateModified":"2026-05-03T08:38:41+00:00","mainEntityOfPage":{"@id":"https:\/\/www.webdo.tn\/fr\/actualite\/sport\/ligue-1-j28-derby-sous-haute-tension-a-rades\/397212\/"},"wordCount":383,"publisher":{"@id":"https:\/\/www.webdo.tn\/fr\/#organization"},"image":{"@id":"https:\/\/www.webdo.tn\/fr\/actualite\/sport\/ligue-1-j28-derby-sous-haute-tension-a-rades\/397212\/#primaryimage"},"thumbnailUrl":"https:\/\/www.webdo.tn\/fr\/wp-content\/uploads\/2026\/05\/Sans-titre-1-2.jpg","keywords":["championnat de tunisie","Club Africain","Derby","football","Ligue 1","stade tunisien","Tunisie"],"articleSection":["\u00c9pingle","Sport"],"inLanguage":"fr-FR"},{"@type":"WebPage","@id":"https:\/\/www.webdo.tn\/fr\/actualite\/sport\/ligue-1-j28-derby-sous-haute-tension-a-rades\/397212\/","url":"https:\/\/www.webdo.tn\/fr\/actualite\/sport\/ligue-1-j28-derby-sous-haute-tension-a-rades\/397212\/","name":"Ligue 1 - J28 : Derby sous haute tension \u00e0 Rad\u00e8s - webdo","isPartOf":{"@id":"https:\/\/www.webdo.tn\/fr\/#website"},"primaryImageOfPage":{"@id":"https:\/\/www.webdo.tn\/fr\/actualite\/sport\/ligue-1-j28-derby-sous-haute-tension-a-rades\/397212\/#primaryimage"},"image":{"@id":"https:\/\/www.webdo.tn\/fr\/actualite\/sport\/ligue-1-j28-derby-sous-haute-tension-a-rades\/397212\/#primaryimage"},"thumbnailUrl":"https:\/\/www.webdo.tn\/fr\/wp-content\/uploads\/2026\/05\/Sans-titre-1-2.jpg","datePublished":"2026-05-03T08:38:40+00:00","dateModified":"2026-05-03T08:38:41+00:00","description":"Le derby sous haute tension s'annonce entre le Club Africain et le Stade Tunisien. Suivez la lutte pour le leadership en Ligue 1.","breadcrumb":{"@id":"https:\/\/www.webdo.tn\/fr\/actualite\/sport\/ligue-1-j28-derby-sous-haute-tension-a-rades\/397212\/#breadcrumb"},"inLanguage":"fr-FR","potentialAction":[{"@type":"ReadAction","target":["https:\/\/www.webdo.tn\/fr\/actualite\/sport\/ligue-1-j28-derby-sous-haute-tension-a-rades\/397212\/"]}]},{"@type":"ImageObject","inLanguage":"fr-FR","@id":"https:\/\/www.webdo.tn\/fr\/actualite\/sport\/ligue-1-j28-derby-sous-haute-tension-a-rades\/397212\/#primaryimage","url":"https:\/\/www.webdo.tn\/fr\/wp-content\/uploads\/2026\/05\/Sans-titre-1-2.jpg","contentUrl":"https:\/\/www.webdo.tn\/fr\/wp-content\/uploads\/2026\/05\/Sans-titre-1-2.jpg","width":1200,"height":604,"caption":"Ligue 1 - J28 : Derby sous haute tension \u00e0 Rad\u00e8s"},{"@type":"BreadcrumbList","@id":"https:\/\/www.webdo.tn\/fr\/actualite\/sport\/ligue-1-j28-derby-sous-haute-tension-a-rades\/397212\/#breadcrumb","itemListElement":[{"@type":"ListItem","position":1,"name":"Accueil","item":"https:\/\/www.webdo.tn\/fr\/"},{"@type":"ListItem","position":2,"name":"Ligue 1 &#8211; J28 : Derby sous haute tension \u00e0 Rad\u00e8s"}]},{"@type":"WebSite","@id":"https:\/\/www.webdo.tn\/fr\/#website","url":"https:\/\/www.webdo.tn\/fr\/","name":"webdo","description":"Tunisie - News en Tunisie et \u00e0 l&#039;international sur Webdo.tn","publisher":{"@id":"https:\/\/www.webdo.tn\/fr\/#organization"},"potentialAction":[{"@type":"SearchAction","target":{"@type":"EntryPoint","urlTemplate":"https:\/\/www.webdo.tn\/fr\/?s={search_term_string}"},"query-input":{"@type":"PropertyValueSpecification","valueRequired":true,"valueName":"search_term_string"}}],"inLanguage":"fr-FR"},{"@type":"Organization","@id":"https:\/\/www.webdo.tn\/fr\/#organization","name":"Webdo","alternateName":"Webdo.tn","url":"https:\/\/www.webdo.tn\/fr\/","logo":{"@type":"ImageObject","inLanguage":"fr-FR","@id":"https:\/\/www.webdo.tn\/fr\/#\/schema\/logo\/image\/","url":"https:\/\/www.webdo.tn\/fr\/wp-content\/uploads\/2025\/06\/Webdo-Tunisie_168377.jpg","contentUrl":"https:\/\/www.webdo.tn\/fr\/wp-content\/uploads\/2025\/06\/Webdo-Tunisie_168377.jpg","width":301,"height":301,"caption":"Webdo"},"image":{"@id":"https:\/\/www.webdo.tn\/fr\/#\/schema\/logo\/image\/"},"sameAs":["https:\/\/www.facebook.com\/webdotn","https:\/\/x.com\/webdo_tn"],"description":"Webdo est un m\u00e9dia num\u00e9rique tunisien fond\u00e9 en 2010, sp\u00e9cialis\u00e9 dans l\u2019actualit\u00e9 nationale et internationale, l\u2019\u00e9conomie, la soci\u00e9t\u00e9 et les analyses politiques. Le site s\u2019adresse \u00e0 un large public francophone et couvre l\u2019information tunisienne en temps r\u00e9el.","email":"redac@webdo.tn","legalName":"YNJ SARL","foundingDate":"2010-09-06","numberOfEmployees":{"@type":"QuantitativeValue","minValue":"11","maxValue":"50"}},{"@type":"Person","@id":"https:\/\/www.webdo.tn\/fr\/#\/schema\/person\/57c261717927697fcf719ab1058a8003","name":"Maher Chaabane","image":{"@type":"ImageObject","inLanguage":"fr-FR","@id":"https:\/\/www.webdo.tn\/fr\/wp-content\/uploads\/2026\/04\/maher-chaabane_avatar_2-96x96.jpg","url":"https:\/\/www.webdo.tn\/fr\/wp-content\/uploads\/2026\/04\/maher-chaabane_avatar_2-96x96.jpg","contentUrl":"https:\/\/www.webdo.tn\/fr\/wp-content\/uploads\/2026\/04\/maher-chaabane_avatar_2-96x96.jpg","caption":"Maher Chaabane"},"description":"Maher Chaabane est journaliste et r\u00e9dacteur en chef de Webdo.tn depuis 2012. Il d\u00e9bute sa carri\u00e8re au sein du groupe Tunis Hebdo en 2000, o\u00f9 il couvre pendant plusieurs ann\u00e9es l\u2019actualit\u00e9 sportive et internationale, avant d\u2019occuper les fonctions de r\u00e9dacteur en chef adjoint. Fort de plus de deux d\u00e9cennies d\u2019exp\u00e9rience dans le journalisme, il supervise aujourd\u2019hui la production \u00e9ditoriale de Webdo et contribue activement \u00e0 la ligne du m\u00e9dia, en particulier sur les sujets d\u2019actualit\u00e9 nationale et internationale. https:\/\/www.facebook.com\/youssef.rc.92","sameAs":["https:\/\/www.facebook.com\/youssef.rc.92"],"knowsAbout":["journalisme","actualit\u00e9 internationale","sport","r\u00e9daction","m\u00e9dias","information"],"knowsLanguage":["Fran\u00e7ais","Arabe"],"jobTitle":"R\u00e9dacteur en chef","worksFor":"Webdo.tn","url":"https:\/\/www.webdo.tn\/fr\/actualite\/author\/maher-chaabane\/"}]}},"_links":{"self":[{"href":"https:\/\/www.webdo.tn\/fr\/wp-json\/wp\/v2\/posts\/397212","targetHints":{"allow":["GET"]}}],"collection":[{"href":"https:\/\/www.webdo.tn\/fr\/wp-json\/wp\/v2\/posts"}],"about":[{"href":"https:\/\/www.webdo.tn\/fr\/wp-json\/wp\/v2\/types\/post"}],"author":[{"embeddable":true,"href":"https:\/\/www.webdo.tn\/fr\/wp-json\/wp\/v2\/users\/3189"}],"replies":[{"embeddable":true,"href":"https:\/\/www.webdo.tn\/fr\/wp-json\/wp\/v2\/comments?post=397212"}],"version-history":[{"count":1,"href":"https:\/\/www.webdo.tn\/fr\/wp-json\/wp\/v2\/posts\/397212\/revisions"}],"predecessor-version":[{"id":397214,"href":"https:\/\/www.webdo.tn\/fr\/wp-json\/wp\/v2\/posts\/397212\/revisions\/397214"}],"wp:featuredmedia":[{"embeddable":true,"href":"https:\/\/www.webdo.tn\/fr\/wp-json\/wp\/v2\/media\/397213"}],"wp:attachment":[{"href":"https:\/\/www.webdo.tn\/fr\/wp-json\/wp\/v2\/media?parent=397212"}],"wp:term":[{"taxonomy":"category","embeddable":true,"href":"https:\/\/www.webdo.tn\/fr\/wp-json\/wp\/v2\/categories?post=397212"},{"taxonomy":"post_tag","embeddable":true,"href":"https:\/\/www.webdo.tn\/fr\/wp-json\/wp\/v2\/tags?post=397212"}],"curies":[{"name":"wp","href":"https:\/\/api.w.org\/{rel}","templated":true}]}}