{"id":397189,"date":"2026-05-02T10:36:18","date_gmt":"2026-05-02T09:36:18","guid":{"rendered":"https:\/\/www.webdo.tn\/fr\/?p=397189"},"modified":"2026-05-02T10:36:21","modified_gmt":"2026-05-02T09:36:21","slug":"trois-idees-de-musees-pour-ce-dimanche-gratuitement-entre-oudhna-carthage-et-le-bardo","status":"publish","type":"post","link":"https:\/\/www.webdo.tn\/fr\/actualite\/culture\/trois-idees-de-musees-pour-ce-dimanche-gratuitement-entre-oudhna-carthage-et-le-bardo\/397189\/","title":{"rendered":"Trois id\u00e9es de mus\u00e9es pour ce dimanche : Gratuitement entre Oudhna, Carthage et le Bardo"},"content":{"rendered":"\n<p><strong>Les mus\u00e9es et sites arch\u00e9ologiques seront ouverts au public gratuitement ce dimanche 3 mai. Pour profiter pleinement de cette invitation du minist\u00e8re des Affaires culturelles, nous vous proposons trois id\u00e9es de visites dans la grande r\u00e9gion de Tunis.<\/strong><\/p>\n\n\n\n<h2 class=\"wp-block-heading\" id=\"h-magna-mater-au-bardo\">Magna Mater au Bardo<\/h2>\n\n\n\n<p>Ce dimanche 3 mai pourrait constituer une belle occasion de visiter le mus\u00e9e du Bardo pour y red\u00e9couvrir les collections de mosa\u00efques. \u00c0 l&rsquo;occasion, il serait judicieux d&rsquo;aller \u00e0 la rencontre de l&rsquo;exposition ponctuelle intitul\u00e9e Magna Mater de Zama \u00e0 Rome. Cette exposition organis\u00e9e en partenariat avec l&rsquo;Italie m\u00e9rite largement le d\u00e9tour.<\/p>\n\n\n\n<h2 class=\"wp-block-heading\" id=\"h-trois-destinations-en-une\">Trois destinations en une !<\/h2>\n\n\n\n<p>Une escapade vers Oudhna serait une belle id\u00e9e. Avec \u00e0 la cl\u00e9, des retrouvailles avec les aqueducs romains pr\u00e8s de Mohamedia et une visite de l&rsquo;amphith\u00e9\u00e2tre \u00e0 Oudna.<br>Et si vous avez le temps, pourquoi ne pas continuer jusqu&rsquo;\u00e0 Zaghouan pour y retrouver le Temple des eaux et Thuburbo Majus afin de visiter le site arch\u00e9ologique.<\/p>\n\n\n\n<h2 class=\"wp-block-heading\" id=\"h-de-hannibal-a-saint-louis\">De Hannibal \u00e0 Saint-Louis<\/h2>\n\n\n\n<p>Le mus\u00e9e national de Carthage pourrait \u00e9galement constituer une bonne destination. Malgr\u00e9 un mus\u00e9e ferm\u00e9, le site garde toutefois de multiples attraits et offre une vision panoramique sur le golfe de Tunis.<br>Il est \u00e9galement possible de visiter le quartier Hannibal et le c\u00e9notaphe Saint-Louis. Enfin, la cath\u00e9drale de Carthage est ouverte aux visites et compl\u00e8te \u00e0 merveille cette possible promenade dominicale.<\/p>\n\n\n\n<blockquote class=\"wp-block-quote is-layout-flow wp-block-quote-is-layout-flow\">\n<blockquote class=\"wp-block-quote is-layout-flow wp-block-quote-is-layout-flow\">\n<p><strong>Lire aussi:<\/strong><\/p>\n\n\n\n<ul class=\"wp-block-list\">\n<li class=\"has-medium-font-size\"><a href=\"https:\/\/www.webdo.tn\/fr\/actualite\/culture\/musees-et-sites-archeologiques-la-hausse-soudaine-des-tarifs-provoque-la-colere-du-secteur-touristique\/395744\/\">Mus\u00e9es et sites arch\u00e9ologiques : La hausse soudaine des tarifs provoque la col\u00e8re du secteur touristique<\/a><\/li>\n\n\n\n<li class=\"has-medium-font-size\"><a href=\"https:\/\/www.webdo.tn\/fr\/actualite\/culture\/musees-et-sites-archeologiques-nouvelle-grille-tarifaire-des-ce-1er-avril\/395596\/\">Mus\u00e9es et sites arch\u00e9ologiques : Nouvelle grille tarifaire d\u00e8s ce 1er avril<\/a><a href=\"https:\/\/www.webdo.tn\/fr\/actualite\/culture\/musees-et-sites-archeologiques-la-hausse-soudaine-des-tarifs-provoque-la-colere-du-secteur-touristique\/395744\/\"><br><\/a><br><\/li>\n<\/ul>\n<\/blockquote>\n<\/blockquote>\n","protected":false},"excerpt":{"rendered":"<p>Les mus\u00e9es et sites arch\u00e9ologiques seront ouverts au public gratuitement ce dimanche 3 mai. Pour profiter pleinement de cette invitation du minist\u00e8re des Affaires culturelles, nous vous proposons trois id\u00e9es de visites dans la grande r\u00e9gion de Tunis. Magna Mater au Bardo Ce dimanche 3 mai pourrait constituer une belle occasion de visiter le mus\u00e9e [&hellip;]<\/p>\n","protected":false},"author":3229,"featured_media":394060,"comment_status":"closed","ping_status":"closed","sticky":false,"template":"","format":"standard","meta":{"footnotes":""},"categories":[2594],"tags":[11620,2608],"class_list":["post-397189","post","type-post","status-publish","format-standard","has-post-thumbnail","hentry","category-culture","tag-musees","tag-tunisie"],"yoast_head":"<!-- This site is optimized with the Yoast SEO Premium plugin v27.5 (Yoast SEO v27.5) - https:\/\/yoast.com\/product\/yoast-seo-premium-wordpress\/ -->\n<title>Trois id\u00e9es de mus\u00e9es pour ce dimanche : Gratuitement entre Oudhna, Carthage et le Bardo - webdo<\/title>\n<meta name=\"description\" content=\"Profitez d&#039;une journ\u00e9e culturelle ce dimanche avec notre s\u00e9lection de mus\u00e9es gratuits : Oudhna, Carthage et le Bardo.\" \/>\n<link rel=\"canonical\" href=\"https:\/\/www.webdo.tn\/fr\/actualite\/culture\/trois-idees-de-musees-pour-ce-dimanche-gratuitement-entre-oudhna-carthage-et-le-bardo\/397189\/\" \/>\n<meta property=\"og:locale\" content=\"fr_FR\" \/>\n<meta property=\"og:type\" content=\"article\" \/>\n<meta property=\"og:title\" content=\"Trois id\u00e9es de mus\u00e9es pour ce dimanche : Gratuitement entre Oudhna, Carthage et le Bardo\" \/>\n<meta property=\"og:description\" content=\"Profitez d&#039;une journ\u00e9e culturelle ce dimanche avec notre s\u00e9lection de mus\u00e9es gratuits : Oudhna, Carthage et le Bardo.\" \/>\n<meta property=\"og:url\" content=\"https:\/\/www.webdo.tn\/fr\/actualite\/culture\/trois-idees-de-musees-pour-ce-dimanche-gratuitement-entre-oudhna-carthage-et-le-bardo\/397189\/\" \/>\n<meta property=\"og:site_name\" content=\"webdo\" \/>\n<meta property=\"article:publisher\" content=\"https:\/\/www.facebook.com\/webdotn\" \/>\n<meta property=\"article:author\" content=\"https:\/\/www.facebook.com\/hatem.bourial.2025\" \/>\n<meta property=\"article:published_time\" content=\"2026-05-02T09:36:18+00:00\" \/>\n<meta property=\"article:modified_time\" content=\"2026-05-02T09:36:21+00:00\" \/>\n<meta property=\"og:image\" content=\"https:\/\/www.webdo.tn\/fr\/wp-content\/uploads\/2026\/03\/musee-du-bardo.jpg\" \/>\n\t<meta property=\"og:image:width\" content=\"1200\" \/>\n\t<meta property=\"og:image:height\" content=\"604\" \/>\n\t<meta property=\"og:image:type\" content=\"image\/jpeg\" \/>\n<meta name=\"author\" content=\"Hatem Bourial\" \/>\n<meta name=\"twitter:card\" content=\"summary_large_image\" \/>\n<meta name=\"twitter:creator\" content=\"@webdo_tn\" \/>\n<meta name=\"twitter:site\" content=\"@webdo_tn\" \/>\n<meta name=\"twitter:label1\" content=\"\u00c9crit par\" \/>\n\t<meta name=\"twitter:data1\" content=\"Hatem Bourial\" \/>\n\t<meta name=\"twitter:label2\" content=\"Dur\u00e9e de lecture estim\u00e9e\" \/>\n\t<meta name=\"twitter:data2\" content=\"2 minutes\" \/>\n<script type=\"application\/ld+json\" class=\"yoast-schema-graph\">{\"@context\":\"https:\\\/\\\/schema.org\",\"@graph\":[{\"@type\":\"NewsArticle\",\"@id\":\"https:\\\/\\\/www.webdo.tn\\\/fr\\\/actualite\\\/culture\\\/trois-idees-de-musees-pour-ce-dimanche-gratuitement-entre-oudhna-carthage-et-le-bardo\\\/397189\\\/#article\",\"isPartOf\":{\"@id\":\"https:\\\/\\\/www.webdo.tn\\\/fr\\\/actualite\\\/culture\\\/trois-idees-de-musees-pour-ce-dimanche-gratuitement-entre-oudhna-carthage-et-le-bardo\\\/397189\\\/\"},\"author\":{\"name\":\"Hatem Bourial\",\"@id\":\"https:\\\/\\\/www.webdo.tn\\\/fr\\\/#\\\/schema\\\/person\\\/6bc0beba2cd23aec27cb5df85ca2554f\"},\"headline\":\"Trois id\u00e9es de mus\u00e9es pour ce dimanche : Gratuitement entre Oudhna, Carthage et le Bardo\",\"datePublished\":\"2026-05-02T09:36:18+00:00\",\"dateModified\":\"2026-05-02T09:36:21+00:00\",\"mainEntityOfPage\":{\"@id\":\"https:\\\/\\\/www.webdo.tn\\\/fr\\\/actualite\\\/culture\\\/trois-idees-de-musees-pour-ce-dimanche-gratuitement-entre-oudhna-carthage-et-le-bardo\\\/397189\\\/\"},\"wordCount\":287,\"publisher\":{\"@id\":\"https:\\\/\\\/www.webdo.tn\\\/fr\\\/#organization\"},\"image\":{\"@id\":\"https:\\\/\\\/www.webdo.tn\\\/fr\\\/actualite\\\/culture\\\/trois-idees-de-musees-pour-ce-dimanche-gratuitement-entre-oudhna-carthage-et-le-bardo\\\/397189\\\/#primaryimage\"},\"thumbnailUrl\":\"https:\\\/\\\/www.webdo.tn\\\/fr\\\/wp-content\\\/uploads\\\/2026\\\/03\\\/musee-du-bardo.jpg\",\"keywords\":[\"mus\u00e9es\",\"Tunisie\"],\"articleSection\":[\"Culture\"],\"inLanguage\":\"fr-FR\"},{\"@type\":\"WebPage\",\"@id\":\"https:\\\/\\\/www.webdo.tn\\\/fr\\\/actualite\\\/culture\\\/trois-idees-de-musees-pour-ce-dimanche-gratuitement-entre-oudhna-carthage-et-le-bardo\\\/397189\\\/\",\"url\":\"https:\\\/\\\/www.webdo.tn\\\/fr\\\/actualite\\\/culture\\\/trois-idees-de-musees-pour-ce-dimanche-gratuitement-entre-oudhna-carthage-et-le-bardo\\\/397189\\\/\",\"name\":\"Trois id\u00e9es de mus\u00e9es pour ce dimanche : Gratuitement entre Oudhna, Carthage et le Bardo - webdo\",\"isPartOf\":{\"@id\":\"https:\\\/\\\/www.webdo.tn\\\/fr\\\/#website\"},\"primaryImageOfPage\":{\"@id\":\"https:\\\/\\\/www.webdo.tn\\\/fr\\\/actualite\\\/culture\\\/trois-idees-de-musees-pour-ce-dimanche-gratuitement-entre-oudhna-carthage-et-le-bardo\\\/397189\\\/#primaryimage\"},\"image\":{\"@id\":\"https:\\\/\\\/www.webdo.tn\\\/fr\\\/actualite\\\/culture\\\/trois-idees-de-musees-pour-ce-dimanche-gratuitement-entre-oudhna-carthage-et-le-bardo\\\/397189\\\/#primaryimage\"},\"thumbnailUrl\":\"https:\\\/\\\/www.webdo.tn\\\/fr\\\/wp-content\\\/uploads\\\/2026\\\/03\\\/musee-du-bardo.jpg\",\"datePublished\":\"2026-05-02T09:36:18+00:00\",\"dateModified\":\"2026-05-02T09:36:21+00:00\",\"description\":\"Profitez d'une journ\u00e9e culturelle ce dimanche avec notre s\u00e9lection de mus\u00e9es gratuits : Oudhna, Carthage et le Bardo.\",\"breadcrumb\":{\"@id\":\"https:\\\/\\\/www.webdo.tn\\\/fr\\\/actualite\\\/culture\\\/trois-idees-de-musees-pour-ce-dimanche-gratuitement-entre-oudhna-carthage-et-le-bardo\\\/397189\\\/#breadcrumb\"},\"inLanguage\":\"fr-FR\",\"potentialAction\":[{\"@type\":\"ReadAction\",\"target\":[\"https:\\\/\\\/www.webdo.tn\\\/fr\\\/actualite\\\/culture\\\/trois-idees-de-musees-pour-ce-dimanche-gratuitement-entre-oudhna-carthage-et-le-bardo\\\/397189\\\/\"]}]},{\"@type\":\"ImageObject\",\"inLanguage\":\"fr-FR\",\"@id\":\"https:\\\/\\\/www.webdo.tn\\\/fr\\\/actualite\\\/culture\\\/trois-idees-de-musees-pour-ce-dimanche-gratuitement-entre-oudhna-carthage-et-le-bardo\\\/397189\\\/#primaryimage\",\"url\":\"https:\\\/\\\/www.webdo.tn\\\/fr\\\/wp-content\\\/uploads\\\/2026\\\/03\\\/musee-du-bardo.jpg\",\"contentUrl\":\"https:\\\/\\\/www.webdo.tn\\\/fr\\\/wp-content\\\/uploads\\\/2026\\\/03\\\/musee-du-bardo.jpg\",\"width\":1200,\"height\":604,\"caption\":\"F\u00eate des martyrs : Mus\u00e9es et sites gratuits ce jeudi en Tunisie\"},{\"@type\":\"BreadcrumbList\",\"@id\":\"https:\\\/\\\/www.webdo.tn\\\/fr\\\/actualite\\\/culture\\\/trois-idees-de-musees-pour-ce-dimanche-gratuitement-entre-oudhna-carthage-et-le-bardo\\\/397189\\\/#breadcrumb\",\"itemListElement\":[{\"@type\":\"ListItem\",\"position\":1,\"name\":\"Accueil\",\"item\":\"https:\\\/\\\/www.webdo.tn\\\/fr\\\/\"},{\"@type\":\"ListItem\",\"position\":2,\"name\":\"Trois id\u00e9es de mus\u00e9es pour ce dimanche : Gratuitement entre Oudhna, Carthage et le Bardo\"}]},{\"@type\":\"WebSite\",\"@id\":\"https:\\\/\\\/www.webdo.tn\\\/fr\\\/#website\",\"url\":\"https:\\\/\\\/www.webdo.tn\\\/fr\\\/\",\"name\":\"webdo\",\"description\":\"Tunisie - News en Tunisie et \u00e0 l&#039;international sur Webdo.tn\",\"publisher\":{\"@id\":\"https:\\\/\\\/www.webdo.tn\\\/fr\\\/#organization\"},\"potentialAction\":[{\"@type\":\"SearchAction\",\"target\":{\"@type\":\"EntryPoint\",\"urlTemplate\":\"https:\\\/\\\/www.webdo.tn\\\/fr\\\/?s={search_term_string}\"},\"query-input\":{\"@type\":\"PropertyValueSpecification\",\"valueRequired\":true,\"valueName\":\"search_term_string\"}}],\"inLanguage\":\"fr-FR\"},{\"@type\":\"Organization\",\"@id\":\"https:\\\/\\\/www.webdo.tn\\\/fr\\\/#organization\",\"name\":\"Webdo\",\"alternateName\":\"Webdo.tn\",\"url\":\"https:\\\/\\\/www.webdo.tn\\\/fr\\\/\",\"logo\":{\"@type\":\"ImageObject\",\"inLanguage\":\"fr-FR\",\"@id\":\"https:\\\/\\\/www.webdo.tn\\\/fr\\\/#\\\/schema\\\/logo\\\/image\\\/\",\"url\":\"https:\\\/\\\/www.webdo.tn\\\/fr\\\/wp-content\\\/uploads\\\/2025\\\/06\\\/Webdo-Tunisie_168377.jpg\",\"contentUrl\":\"https:\\\/\\\/www.webdo.tn\\\/fr\\\/wp-content\\\/uploads\\\/2025\\\/06\\\/Webdo-Tunisie_168377.jpg\",\"width\":301,\"height\":301,\"caption\":\"Webdo\"},\"image\":{\"@id\":\"https:\\\/\\\/www.webdo.tn\\\/fr\\\/#\\\/schema\\\/logo\\\/image\\\/\"},\"sameAs\":[\"https:\\\/\\\/www.facebook.com\\\/webdotn\",\"https:\\\/\\\/x.com\\\/webdo_tn\"],\"description\":\"Webdo est un m\u00e9dia num\u00e9rique tunisien fond\u00e9 en 2010, sp\u00e9cialis\u00e9 dans l\u2019actualit\u00e9 nationale et internationale, l\u2019\u00e9conomie, la soci\u00e9t\u00e9 et les analyses politiques. Le site s\u2019adresse \u00e0 un large public francophone et couvre l\u2019information tunisienne en temps r\u00e9el.\",\"email\":\"redac@webdo.tn\",\"legalName\":\"YNJ SARL\",\"foundingDate\":\"2010-09-06\",\"numberOfEmployees\":{\"@type\":\"QuantitativeValue\",\"minValue\":\"11\",\"maxValue\":\"50\"}},{\"@type\":\"Person\",\"@id\":\"https:\\\/\\\/www.webdo.tn\\\/fr\\\/#\\\/schema\\\/person\\\/6bc0beba2cd23aec27cb5df85ca2554f\",\"name\":\"Hatem Bourial\",\"image\":{\"@type\":\"ImageObject\",\"inLanguage\":\"fr-FR\",\"@id\":\"https:\\\/\\\/www.webdo.tn\\\/fr\\\/wp-content\\\/uploads\\\/2026\\\/04\\\/hatem-bourial_avatar-96x96.jpg\",\"url\":\"https:\\\/\\\/www.webdo.tn\\\/fr\\\/wp-content\\\/uploads\\\/2026\\\/04\\\/hatem-bourial_avatar-96x96.jpg\",\"contentUrl\":\"https:\\\/\\\/www.webdo.tn\\\/fr\\\/wp-content\\\/uploads\\\/2026\\\/04\\\/hatem-bourial_avatar-96x96.jpg\",\"caption\":\"Hatem Bourial\"},\"description\":\"Hatem Bourial est journaliste, \u00e9crivain et chroniqueur tunisien. Actif depuis plusieurs d\u00e9cennies, il s\u2019est impos\u00e9 comme un observateur attentif de la soci\u00e9t\u00e9 tunisienne, m\u00ealant dans ses \u00e9crits m\u00e9moire, culture et analyse du quotidien. Auteur de nombreux ouvrages, il d\u00e9veloppe une \u0153uvre \u00e0 la crois\u00e9e du r\u00e9cit, de la po\u00e9sie et de l\u2019observation sociologique. Parall\u00e8lement \u00e0 ses contributions dans la presse, il intervient r\u00e9guli\u00e8rement \u00e0 la radio et dans des espaces culturels, o\u00f9 il explore les enjeux li\u00e9s au patrimoine, \u00e0 l\u2019identit\u00e9 et aux transformations du monde contemporain. \u00c0 travers ses chroniques, Hatem Bourial propose une lecture sensible et approfondie de l\u2019actualit\u00e9, nourrie par une exp\u00e9rience journalistique et litt\u00e9raire reconnue. \ud83d\udd17 Facebook : https:\\\/\\\/www.facebook.com\\\/hatem.bourial.2025\",\"sameAs\":[\"https:\\\/\\\/www.facebook.com\\\/hatem.bourial.2025\",\"https:\\\/\\\/fr.wikipedia.org\\\/wiki\\\/Fichier:Hatem_Bourial.jpg\"],\"knowsAbout\":[\"Culture & patrimoine tunisien\",\"Chronique soci\u00e9tale\",\"Litt\u00e9rature & m\u00e9moire\",\"Cin\u00e9ma & critique culturelle\",\"Identit\u00e9 & mutations sociales\"],\"knowsLanguage\":[\"Arabe\",\"Fran\u00e7ais\",\"Anglais\",\"Italien\",\"Polonais\"],\"jobTitle\":\"Journaliste, \u00e9crivain et chroniqueur culturel\",\"worksFor\":\"Webdo\",\"url\":\"https:\\\/\\\/www.webdo.tn\\\/fr\\\/actualite\\\/author\\\/hatem-bourial-2\\\/\"}]}<\/script>\n<!-- \/ Yoast SEO Premium plugin. -->","yoast_head_json":{"title":"Trois id\u00e9es de mus\u00e9es pour ce dimanche : Gratuitement entre Oudhna, Carthage et le Bardo - webdo","description":"Profitez d'une journ\u00e9e culturelle ce dimanche avec notre s\u00e9lection de mus\u00e9es gratuits : Oudhna, Carthage et le Bardo.","canonical":"https:\/\/www.webdo.tn\/fr\/actualite\/culture\/trois-idees-de-musees-pour-ce-dimanche-gratuitement-entre-oudhna-carthage-et-le-bardo\/397189\/","og_locale":"fr_FR","og_type":"article","og_title":"Trois id\u00e9es de mus\u00e9es pour ce dimanche : Gratuitement entre Oudhna, Carthage et le Bardo","og_description":"Profitez d'une journ\u00e9e culturelle ce dimanche avec notre s\u00e9lection de mus\u00e9es gratuits : Oudhna, Carthage et le Bardo.","og_url":"https:\/\/www.webdo.tn\/fr\/actualite\/culture\/trois-idees-de-musees-pour-ce-dimanche-gratuitement-entre-oudhna-carthage-et-le-bardo\/397189\/","og_site_name":"webdo","article_publisher":"https:\/\/www.facebook.com\/webdotn","article_author":"https:\/\/www.facebook.com\/hatem.bourial.2025","article_published_time":"2026-05-02T09:36:18+00:00","article_modified_time":"2026-05-02T09:36:21+00:00","og_image":[{"width":1200,"height":604,"url":"https:\/\/www.webdo.tn\/fr\/wp-content\/uploads\/2026\/03\/musee-du-bardo.jpg","type":"image\/jpeg"}],"author":"Hatem Bourial","twitter_card":"summary_large_image","twitter_creator":"@webdo_tn","twitter_site":"@webdo_tn","twitter_misc":{"\u00c9crit par":"Hatem Bourial","Dur\u00e9e de lecture estim\u00e9e":"2 minutes"},"schema":{"@context":"https:\/\/schema.org","@graph":[{"@type":"NewsArticle","@id":"https:\/\/www.webdo.tn\/fr\/actualite\/culture\/trois-idees-de-musees-pour-ce-dimanche-gratuitement-entre-oudhna-carthage-et-le-bardo\/397189\/#article","isPartOf":{"@id":"https:\/\/www.webdo.tn\/fr\/actualite\/culture\/trois-idees-de-musees-pour-ce-dimanche-gratuitement-entre-oudhna-carthage-et-le-bardo\/397189\/"},"author":{"name":"Hatem Bourial","@id":"https:\/\/www.webdo.tn\/fr\/#\/schema\/person\/6bc0beba2cd23aec27cb5df85ca2554f"},"headline":"Trois id\u00e9es de mus\u00e9es pour ce dimanche : Gratuitement entre Oudhna, Carthage et le Bardo","datePublished":"2026-05-02T09:36:18+00:00","dateModified":"2026-05-02T09:36:21+00:00","mainEntityOfPage":{"@id":"https:\/\/www.webdo.tn\/fr\/actualite\/culture\/trois-idees-de-musees-pour-ce-dimanche-gratuitement-entre-oudhna-carthage-et-le-bardo\/397189\/"},"wordCount":287,"publisher":{"@id":"https:\/\/www.webdo.tn\/fr\/#organization"},"image":{"@id":"https:\/\/www.webdo.tn\/fr\/actualite\/culture\/trois-idees-de-musees-pour-ce-dimanche-gratuitement-entre-oudhna-carthage-et-le-bardo\/397189\/#primaryimage"},"thumbnailUrl":"https:\/\/www.webdo.tn\/fr\/wp-content\/uploads\/2026\/03\/musee-du-bardo.jpg","keywords":["mus\u00e9es","Tunisie"],"articleSection":["Culture"],"inLanguage":"fr-FR"},{"@type":"WebPage","@id":"https:\/\/www.webdo.tn\/fr\/actualite\/culture\/trois-idees-de-musees-pour-ce-dimanche-gratuitement-entre-oudhna-carthage-et-le-bardo\/397189\/","url":"https:\/\/www.webdo.tn\/fr\/actualite\/culture\/trois-idees-de-musees-pour-ce-dimanche-gratuitement-entre-oudhna-carthage-et-le-bardo\/397189\/","name":"Trois id\u00e9es de mus\u00e9es pour ce dimanche : Gratuitement entre Oudhna, Carthage et le Bardo - webdo","isPartOf":{"@id":"https:\/\/www.webdo.tn\/fr\/#website"},"primaryImageOfPage":{"@id":"https:\/\/www.webdo.tn\/fr\/actualite\/culture\/trois-idees-de-musees-pour-ce-dimanche-gratuitement-entre-oudhna-carthage-et-le-bardo\/397189\/#primaryimage"},"image":{"@id":"https:\/\/www.webdo.tn\/fr\/actualite\/culture\/trois-idees-de-musees-pour-ce-dimanche-gratuitement-entre-oudhna-carthage-et-le-bardo\/397189\/#primaryimage"},"thumbnailUrl":"https:\/\/www.webdo.tn\/fr\/wp-content\/uploads\/2026\/03\/musee-du-bardo.jpg","datePublished":"2026-05-02T09:36:18+00:00","dateModified":"2026-05-02T09:36:21+00:00","description":"Profitez d'une journ\u00e9e culturelle ce dimanche avec notre s\u00e9lection de mus\u00e9es gratuits : Oudhna, Carthage et le Bardo.","breadcrumb":{"@id":"https:\/\/www.webdo.tn\/fr\/actualite\/culture\/trois-idees-de-musees-pour-ce-dimanche-gratuitement-entre-oudhna-carthage-et-le-bardo\/397189\/#breadcrumb"},"inLanguage":"fr-FR","potentialAction":[{"@type":"ReadAction","target":["https:\/\/www.webdo.tn\/fr\/actualite\/culture\/trois-idees-de-musees-pour-ce-dimanche-gratuitement-entre-oudhna-carthage-et-le-bardo\/397189\/"]}]},{"@type":"ImageObject","inLanguage":"fr-FR","@id":"https:\/\/www.webdo.tn\/fr\/actualite\/culture\/trois-idees-de-musees-pour-ce-dimanche-gratuitement-entre-oudhna-carthage-et-le-bardo\/397189\/#primaryimage","url":"https:\/\/www.webdo.tn\/fr\/wp-content\/uploads\/2026\/03\/musee-du-bardo.jpg","contentUrl":"https:\/\/www.webdo.tn\/fr\/wp-content\/uploads\/2026\/03\/musee-du-bardo.jpg","width":1200,"height":604,"caption":"F\u00eate des martyrs : Mus\u00e9es et sites gratuits ce jeudi en Tunisie"},{"@type":"BreadcrumbList","@id":"https:\/\/www.webdo.tn\/fr\/actualite\/culture\/trois-idees-de-musees-pour-ce-dimanche-gratuitement-entre-oudhna-carthage-et-le-bardo\/397189\/#breadcrumb","itemListElement":[{"@type":"ListItem","position":1,"name":"Accueil","item":"https:\/\/www.webdo.tn\/fr\/"},{"@type":"ListItem","position":2,"name":"Trois id\u00e9es de mus\u00e9es pour ce dimanche : Gratuitement entre Oudhna, Carthage et le Bardo"}]},{"@type":"WebSite","@id":"https:\/\/www.webdo.tn\/fr\/#website","url":"https:\/\/www.webdo.tn\/fr\/","name":"webdo","description":"Tunisie - News en Tunisie et \u00e0 l&#039;international sur Webdo.tn","publisher":{"@id":"https:\/\/www.webdo.tn\/fr\/#organization"},"potentialAction":[{"@type":"SearchAction","target":{"@type":"EntryPoint","urlTemplate":"https:\/\/www.webdo.tn\/fr\/?s={search_term_string}"},"query-input":{"@type":"PropertyValueSpecification","valueRequired":true,"valueName":"search_term_string"}}],"inLanguage":"fr-FR"},{"@type":"Organization","@id":"https:\/\/www.webdo.tn\/fr\/#organization","name":"Webdo","alternateName":"Webdo.tn","url":"https:\/\/www.webdo.tn\/fr\/","logo":{"@type":"ImageObject","inLanguage":"fr-FR","@id":"https:\/\/www.webdo.tn\/fr\/#\/schema\/logo\/image\/","url":"https:\/\/www.webdo.tn\/fr\/wp-content\/uploads\/2025\/06\/Webdo-Tunisie_168377.jpg","contentUrl":"https:\/\/www.webdo.tn\/fr\/wp-content\/uploads\/2025\/06\/Webdo-Tunisie_168377.jpg","width":301,"height":301,"caption":"Webdo"},"image":{"@id":"https:\/\/www.webdo.tn\/fr\/#\/schema\/logo\/image\/"},"sameAs":["https:\/\/www.facebook.com\/webdotn","https:\/\/x.com\/webdo_tn"],"description":"Webdo est un m\u00e9dia num\u00e9rique tunisien fond\u00e9 en 2010, sp\u00e9cialis\u00e9 dans l\u2019actualit\u00e9 nationale et internationale, l\u2019\u00e9conomie, la soci\u00e9t\u00e9 et les analyses politiques. Le site s\u2019adresse \u00e0 un large public francophone et couvre l\u2019information tunisienne en temps r\u00e9el.","email":"redac@webdo.tn","legalName":"YNJ SARL","foundingDate":"2010-09-06","numberOfEmployees":{"@type":"QuantitativeValue","minValue":"11","maxValue":"50"}},{"@type":"Person","@id":"https:\/\/www.webdo.tn\/fr\/#\/schema\/person\/6bc0beba2cd23aec27cb5df85ca2554f","name":"Hatem Bourial","image":{"@type":"ImageObject","inLanguage":"fr-FR","@id":"https:\/\/www.webdo.tn\/fr\/wp-content\/uploads\/2026\/04\/hatem-bourial_avatar-96x96.jpg","url":"https:\/\/www.webdo.tn\/fr\/wp-content\/uploads\/2026\/04\/hatem-bourial_avatar-96x96.jpg","contentUrl":"https:\/\/www.webdo.tn\/fr\/wp-content\/uploads\/2026\/04\/hatem-bourial_avatar-96x96.jpg","caption":"Hatem Bourial"},"description":"Hatem Bourial est journaliste, \u00e9crivain et chroniqueur tunisien. Actif depuis plusieurs d\u00e9cennies, il s\u2019est impos\u00e9 comme un observateur attentif de la soci\u00e9t\u00e9 tunisienne, m\u00ealant dans ses \u00e9crits m\u00e9moire, culture et analyse du quotidien. Auteur de nombreux ouvrages, il d\u00e9veloppe une \u0153uvre \u00e0 la crois\u00e9e du r\u00e9cit, de la po\u00e9sie et de l\u2019observation sociologique. Parall\u00e8lement \u00e0 ses contributions dans la presse, il intervient r\u00e9guli\u00e8rement \u00e0 la radio et dans des espaces culturels, o\u00f9 il explore les enjeux li\u00e9s au patrimoine, \u00e0 l\u2019identit\u00e9 et aux transformations du monde contemporain. \u00c0 travers ses chroniques, Hatem Bourial propose une lecture sensible et approfondie de l\u2019actualit\u00e9, nourrie par une exp\u00e9rience journalistique et litt\u00e9raire reconnue. \ud83d\udd17 Facebook : https:\/\/www.facebook.com\/hatem.bourial.2025","sameAs":["https:\/\/www.facebook.com\/hatem.bourial.2025","https:\/\/fr.wikipedia.org\/wiki\/Fichier:Hatem_Bourial.jpg"],"knowsAbout":["Culture & patrimoine tunisien","Chronique soci\u00e9tale","Litt\u00e9rature & m\u00e9moire","Cin\u00e9ma & critique culturelle","Identit\u00e9 & mutations sociales"],"knowsLanguage":["Arabe","Fran\u00e7ais","Anglais","Italien","Polonais"],"jobTitle":"Journaliste, \u00e9crivain et chroniqueur culturel","worksFor":"Webdo","url":"https:\/\/www.webdo.tn\/fr\/actualite\/author\/hatem-bourial-2\/"}]}},"_links":{"self":[{"href":"https:\/\/www.webdo.tn\/fr\/wp-json\/wp\/v2\/posts\/397189","targetHints":{"allow":["GET"]}}],"collection":[{"href":"https:\/\/www.webdo.tn\/fr\/wp-json\/wp\/v2\/posts"}],"about":[{"href":"https:\/\/www.webdo.tn\/fr\/wp-json\/wp\/v2\/types\/post"}],"author":[{"embeddable":true,"href":"https:\/\/www.webdo.tn\/fr\/wp-json\/wp\/v2\/users\/3229"}],"replies":[{"embeddable":true,"href":"https:\/\/www.webdo.tn\/fr\/wp-json\/wp\/v2\/comments?post=397189"}],"version-history":[{"count":1,"href":"https:\/\/www.webdo.tn\/fr\/wp-json\/wp\/v2\/posts\/397189\/revisions"}],"predecessor-version":[{"id":397191,"href":"https:\/\/www.webdo.tn\/fr\/wp-json\/wp\/v2\/posts\/397189\/revisions\/397191"}],"wp:featuredmedia":[{"embeddable":true,"href":"https:\/\/www.webdo.tn\/fr\/wp-json\/wp\/v2\/media\/394060"}],"wp:attachment":[{"href":"https:\/\/www.webdo.tn\/fr\/wp-json\/wp\/v2\/media?parent=397189"}],"wp:term":[{"taxonomy":"category","embeddable":true,"href":"https:\/\/www.webdo.tn\/fr\/wp-json\/wp\/v2\/categories?post=397189"},{"taxonomy":"post_tag","embeddable":true,"href":"https:\/\/www.webdo.tn\/fr\/wp-json\/wp\/v2\/tags?post=397189"}],"curies":[{"name":"wp","href":"https:\/\/api.w.org\/{rel}","templated":true}]}}