{"id":397170,"date":"2026-05-01T14:41:18","date_gmt":"2026-05-01T13:41:18","guid":{"rendered":"https:\/\/www.webdo.tn\/fr\/?p=397170"},"modified":"2026-05-01T14:48:54","modified_gmt":"2026-05-01T13:48:54","slug":"cannes-2026-le-centre-du-cinema-arabe-devoile-son-programme-au-marche-du-film","status":"publish","type":"post","link":"https:\/\/www.webdo.tn\/fr\/actualite\/culture\/cannes-2026-le-centre-du-cinema-arabe-devoile-son-programme-au-marche-du-film\/397170\/","title":{"rendered":"Cannes 2026 \u2013 Le Centre du Cin\u00e9ma Arabe d\u00e9voile son programme au March\u00e9 du Film"},"content":{"rendered":"\n<p><strong>\u00c0 une dizaine de jours de l\u2019ouverture du 79e Festival de Cannes, qui se tiendra du 12 au 23 mai 2026, le Centre du Cin\u00e9ma Arabe annonce son retour au March\u00e9 du Film avec un programme professionnel organis\u00e9 du 14 au 17 mai. <\/strong><\/p>\n\n\n\n<p>Dans cet espace central pour l\u2019industrie mondiale, o\u00f9 se rencontrent producteurs, distributeurs, institutions, talents et repr\u00e9sentants des march\u00e9s internationaux, cette initiative vise \u00e0 structurer un espace de dialogue autour des \u00e9volutions du cin\u00e9ma arabe et de son inscription dans les dynamiques globales.<\/p>\n\n\n\n<h2 class=\"wp-block-heading\" id=\"h-un-programme-du-centre-du-cinema-arabe-au-coeur-du-marche-du-film\">Un programme du Centre du Cin\u00e9ma Arabe au c\u0153ur du March\u00e9 du Film<\/h2>\n\n\n\n<p>Con\u00e7u en collaboration avec le March\u00e9 du Film, ce programme s\u2019\u00e9tend sur quatre jours et repose sur une s\u00e9rie de panels et d\u2019\u00e9v\u00e9nements abordant des enjeux pr\u00e9cis : production commerciale, leadership, visibilit\u00e9 des talents, innovation et coproductions. L\u2019objectif est de r\u00e9unir des profils issus de l\u2019ensemble de la cha\u00eene de valeur de l\u2019industrie audiovisuelle afin d\u2019\u00e9valuer la situation actuelle du secteur et d\u2019envisager ses perspectives.<\/p>\n\n\n\n<p>Les cofondateurs du Centre du Cin\u00e9ma Arabe, Alaa Karkouti et Maher Diab, soulignent que cette \u00e9dition intervient dans un moment de transformation rapide de l\u2019industrie. Ils insistent sur la n\u00e9cessit\u00e9 de r\u00e9fl\u00e9chir \u00e0 la mani\u00e8re dont le cin\u00e9ma arabe \u00e9volue et se positionne \u00e0 l\u2019\u00e9chelle internationale, en r\u00e9unissant des d\u00e9cideurs, des producteurs, des distributeurs et des repr\u00e9sentants de talents pour croiser les analyses et confronter les exp\u00e9riences. Ils rappellent \u00e9galement que le festival de Cannes demeure une plateforme centrale pour ce type d\u2019\u00e9changes.<\/p>\n\n\n\n<h2 class=\"wp-block-heading\" id=\"h-une-collaboration-strategique-avec-mbc-studios-dans-un-secteur-en-mutation\">Une collaboration strat\u00e9gique avec MBC Studios dans un secteur en mutation<\/h2>\n\n\n\n<p>La collaboration avec MBC Studios occupe une place importante dans le dispositif. Selon eux, cet acteur a jou\u00e9 un r\u00f4le d\u00e9terminant dans l\u2019\u00e9volution de l\u2019industrie du divertissement panarabe. Samar Akrouk, directrice g\u00e9n\u00e9rale de MBC Studios et directrice de la production du groupe MBC, \u00e9voque un secteur port\u00e9 par un v\u00e9ritable \u00e9lan, tout en restant en construction. Elle d\u00e9crit un \u00e9cosyst\u00e8me qui se d\u00e9veloppe progressivement, \u00e0 travers des initiatives concr\u00e8tes, des collaborations et une vision partag\u00e9e, et souligne l\u2019importance de plateformes comme Cannes et le March\u00e9 du Film pour accompagner cette \u00e9volution.<\/p>\n\n\n\n<p>Guillaume Esmiol, directeur ex\u00e9cutif du March\u00e9 du Film, met en avant la contribution du Centre du Cin\u00e9ma Arabe \u00e0 la structuration des \u00e9changes professionnels, en soulignant le r\u00f4le de cette programmation dans la mise en valeur de la diversit\u00e9 et de l\u2019\u00e9volution du cin\u00e9ma arabe.<\/p>\n\n\n\n<h2 class=\"wp-block-heading\" id=\"h-cinq-panels-pour-decrypter-les-enjeux-du-cinema-arabe\">Cinq panels pour d\u00e9crypter les enjeux du cin\u00e9ma arabe<\/h2>\n\n\n\n<p>Le programme s\u2019articule autour de cinq panels clairement identifi\u00e9s.<\/p>\n\n\n\n<ul class=\"wp-block-list\">\n<li>Le 14 mai, de 11h \u00e0 13h30 \u00e0 la Plage des Palmes, se tiendra \u00ab <strong>Grands paris, grand public : l\u2019essor des productions commerciales arabes <\/strong>\u00bb (Big Bets, Big Audiences! The Rise of Commercial Arab Productions). Ce panel analysera les dynamiques qui soutiennent le d\u00e9veloppement des productions commerciales arabes, la mani\u00e8re dont les budgets sont optimis\u00e9s pour maximiser leur impact, ainsi que les conditions n\u00e9cessaires \u00e0 la construction d\u2019un mod\u00e8le durable pour des films destin\u00e9s \u00e0 un large public.<\/li>\n<\/ul>\n\n\n\n<ul class=\"wp-block-list\">\n<li>Le 15 mai, de 14h \u00e0 15h au Palais Stage, le panel \u00ab <strong>Des femmes aux commandes : leadership et prise de d\u00e9cision dans la r\u00e9gion<\/strong> \u00bb (Women at the Helm: Leadership and Decision-Making in the Region) abordera le r\u00f4le croissant des femmes dans les postes de d\u00e9cision, notamment dans les domaines du financement, de la production et de la distribution, en s\u2019int\u00e9ressant \u00e0 leur influence sur les orientations strat\u00e9giques du secteur.<\/li>\n<\/ul>\n\n\n\n<ul class=\"wp-block-list\">\n<li>Le 16 mai, de 12h \u00e0 13h sur la sc\u00e8ne principale, \u00ab <strong>Forces montantes : les talents arabes \u00e0 l\u2019\u00e9chelle r\u00e9gionale et internationale<\/strong> \u00bb (Rising Forces: Arab Talent Regionally and Internationally) sera consacr\u00e9 \u00e0 la visibilit\u00e9 accrue des talents arabes, en analysant les facteurs qui expliquent leur pr\u00e9sence de plus en plus marqu\u00e9e sur les march\u00e9s internationaux.<\/li>\n<\/ul>\n\n\n\n<ul class=\"wp-block-list\">\n<li>Le m\u00eame jour, de 14h \u00e0 15h sur la sc\u00e8ne principale, \u00ab <strong>Des affaires autrement : croissance et innovation dans un paysage en mutation <\/strong>\u00bb (Business Unusual: Growth and Innovation in a Changing Landscape), organis\u00e9 en collaboration avec la Kurdistan Film Commission, examinera la mani\u00e8re dont les industries audiovisuelles de la r\u00e9gion s\u2019adaptent aux transformations en cours, \u00e0 travers de nouveaux mod\u00e8les \u00e9conomiques, des partenariats et des strat\u00e9gies innovantes.<\/li>\n<\/ul>\n\n\n\n<ul class=\"wp-block-list\">\n<li>Enfin, le 17 mai, de 14h \u00e0 15h sur la sc\u00e8ne principale, \u00ab <strong>Donner de l\u2019ampleur aux r\u00e9cits : les coproductions comme moteur de croissance commerciale dans la r\u00e9gion<\/strong> \u00bb (Scaling Stories: Co-Productions Driving Commercial Growth in the Region) portera sur l\u2019\u00e9volution des mod\u00e8les de coproduction, les conditions de r\u00e9ussite des collaborations et la capacit\u00e9 de la r\u00e9gion \u00e0 se positionner comme un partenaire comp\u00e9titif.<\/li>\n<\/ul>\n\n\n\n<h2 class=\"wp-block-heading\" id=\"h-les-critics-awards-for-arab-films-au-programme-de-cannes-2026\">Les Critics Awards for Arab Films au programme de Cannes 2026<\/h2>\n\n\n\n<p>En parall\u00e8le de ces panels, <a href=\"https:\/\/www.webdo.tn\/fr\/actualite\/culture\/cannes-2026-critics-awards-for-arab-films-nominations-entre-domination-palestinienne-et-presence-tunisienne\/397139\/?fbclid=IwY2xjawRgocZleHRuA2FlbQIxMABicmlkETB2Q0l0NkEzRUJxd1cwRFR4c3J0YwZhcHBfaWQQMjIyMDM5MTc4ODIwMDg5MgABHucS6GzJo2ZPCQnW2uFXQM392HQjXCfB_Xbbg41iH_-y4VbB3aedEfgMzVDW_aem_v3wgR-6mta4p0py_O-lKLA\">le Centre du Cin\u00e9ma Arabe organisera le 16 mai, \u00e0 la Plage des Palmes, la 10e \u00e9dition des Critics Awards for Arab Films, qui distinguent des \u0153uvres du cin\u00e9ma arabe s\u00e9lectionn\u00e9es par un jury international de critiques, ainsi que la remise des prix \u00ab Person<\/a><\/p>\n\n\n\n<h2 class=\"wp-block-heading\" id=\"h-une-mobilisation-internationale-de-professionnels-du-cinema-et-de-l-audiovisuel\">Une mobilisation internationale de professionnels du cin\u00e9ma et de l\u2019audiovisuel<\/h2>\n\n\n\n<p>Le programme r\u00e9unira un large \u00e9ventail de professionnels issus de diff\u00e9rents domaines de l\u2019industrie. Parmi les intervenants annonc\u00e9s figurent :<\/p>\n\n\n\n<p>Samar Akrouk (directrice g\u00e9n\u00e9rale de MBC Studios et directrice de la production du groupe MBC), Tarek Al Arian (r\u00e9alisateur et producteur), Zeinab Abu Alsamh (directrice g\u00e9n\u00e9rale de MBC Studios KSA, MBC Academy et MBC Talent), Suad Bushnaq (compositrice),<strong> Amine Bouhafa (compositeur),<\/strong> Baho Bakhsh (directeur g\u00e9n\u00e9ral de Red Star Films et producteur), Gianluca Chakra (fondateur et directeur g\u00e9n\u00e9ral de Front Row Filmed Entertainment), <strong>Dhafer L\u2019Abidine (acteur, sc\u00e9nariste, r\u00e9alisateur et producteur)<\/strong>, Nadia Eliewat (directrice g\u00e9n\u00e9rale et directrice artistique de Ta Films \/ Screen Project), Hussein Fahmi (acteur et pr\u00e9sident du Festival international du film du Caire), Mohamed Hefzy (cofondateur de Film Clinic et sc\u00e9nariste), Ali Jaafar (responsable des films et des s\u00e9ries internationales chez MBC Studios), Jihad Jay Abdo (directeur g\u00e9n\u00e9ral de l\u2019Organisation nationale du cin\u00e9ma \u00e0 Damas), Alaa Karkouti (cofondateur de MAD Solutions et du Centre du Cin\u00e9ma Arabe), Raya Abirached (pr\u00e9sentatrice de t\u00e9l\u00e9vision), Mostafa El Kashef (directeur de la photographie), Marco Orsini (producteur et cofondateur de l\u2019IEFTT), Hana Al-Omair (sc\u00e9nariste, r\u00e9alisatrice et pr\u00e9sidente de la Saudi Cinema Association), Rula Nasser (productrice et fondatrice d\u2019Imaginarium Films), Myriam Sassine (productrice), Jumana Sharbin (directrice g\u00e9n\u00e9rale d\u2019Olivewood Film Studios), Wissam Smayra (cin\u00e9aste et producteur), Mayada Al Hiraki (fondatrice et productrice de The Storytellers), Bavi Yassin (fondateur et pr\u00e9sident de la Kurdistan Film Commission), avec d\u2019autres intervenants qui doivent encore \u00eatre annonc\u00e9s.<\/p>\n\n\n\n<p>Cette diversit\u00e9 de profils refl\u00e8te l\u2019ambition du programme : couvrir l\u2019ensemble des dimensions de l\u2019industrie, depuis la cr\u00e9ation jusqu\u2019\u00e0 la production, la distribution, les strat\u00e9gies de march\u00e9 et les politiques de d\u00e9veloppement.<\/p>\n\n\n\n<p>Dans ce contexte, la pr\u00e9sence du Centre du Cin\u00e9ma Arabe au March\u00e9 du Film d\u00e9passe la simple visibilit\u00e9 institutionnelle. Elle pose une question plus large, qui d\u00e9passe le cadre de ces quatre jours : comment ces \u00e9changes, ces panels et ces rencontres peuvent-ils se traduire concr\u00e8tement en m\u00e9canismes durables, capables de transformer l\u2019\u00e9lan actuel du cin\u00e9ma arabe en une structuration solide et p\u00e9renne \u00e0 l\u2019\u00e9chelle internationale ?<\/p>\n\n\n<div class=\"wp-block-image\">\n<figure class=\"aligncenter size-full\"><img decoding=\"async\" width=\"640\" height=\"158\" src=\"https:\/\/www.webdo.tn\/fr\/wp-content\/uploads\/2026\/05\/image.png\" alt=\"\" class=\"wp-image-397176\" srcset=\"https:\/\/www.webdo.tn\/fr\/wp-content\/uploads\/2026\/05\/image.png 640w, https:\/\/www.webdo.tn\/fr\/wp-content\/uploads\/2026\/05\/image-300x74.png 300w\" sizes=\"(max-width: 640px) 100vw, 640px\" \/><\/figure>\n<\/div>\n\n\n<p><\/p>\n\n\n\n<p><strong>Lire aussi<\/strong><\/p>\n\n\n\n<p><a href=\"https:\/\/www.webdo.tn\/fr\/actualite\/culture\/cannes-2026-une-palme-dor-dhonneur-pour-barbra-streisand\/394460\/\">Cannes 2026 \u2013 Une Palme d\u2019or d\u2019honneur pour Barbra Streisand<\/a><\/p>\n\n\n\n<p><a href=\"https:\/\/www.webdo.tn\/fr\/actualite\/culture\/cannes-2026-critics-awards-for-arab-films-nominations-entre-domination-palestinienne-et-presence-tunisienne\/397139\/\">Cannes 2026 \u2013 Critics Awards for Arab Films : Nominations entre domination palestinienne et pr\u00e9sence tunisienne<\/a><\/p>\n\n\n\n<p><a href=\"https:\/\/www.webdo.tn\/fr\/actualite\/culture\/cannes-2026-trois-rendez-vous-avec-peter-jackson-cate-blanchett-et-tilda-swinton\/397089\/\">Cannes 2026 \u2013 Trois rendez-vous avec Peter Jackson, Cate Blanchett et Tilda Swinton<\/a><\/p>\n\n\n\n<p><a href=\"https:\/\/www.webdo.tn\/fr\/actualite\/culture\/cannes-2026-le-ciff-met-en-lumiere-un-projet-de-film-arabe-dans-fantastic-7\/396841\/\">Cannes 2026 \u2013 Le CIFF met en lumi\u00e8re un projet de film arabe dans Fantastic 7<\/a><\/p>\n\n\n\n<p><a href=\"https:\/\/www.webdo.tn\/fr\/actualite\/culture\/cannes-2026-thelma-louise-en-affiche\/396783\/\">Cannes 2026 \u2013 \u00ab&nbsp;Thelma &amp; Louise&nbsp;\u00bb en affiche<\/a><\/p>\n\n\n\n<p><a href=\"https:\/\/www.webdo.tn\/fr\/actualite\/culture\/cannes-2026-somewhere-i-belong-represente-la-tunisie-a-la-cinef\/396741\/\">Cannes 2026 : Somewhere I Belong repr\u00e9sente la Tunisie \u00e0 La Cinef<\/a><\/p>\n\n\n\n<p><a href=\"https:\/\/www.webdo.tn\/fr\/actualite\/culture\/cannes-2026-de-nouveaux-films-completent-la-selection-officielle\/396709\/\">Cannes 2026 \u2013 De nouveaux films compl\u00e8tent la S\u00e9lection officielle<\/a><\/p>\n\n\n\n<p><a href=\"https:\/\/www.webdo.tn\/fr\/actualite\/culture\/cannes-2026-des-cineastes-confirmes-mais-un-cinema-arabe-quasi-absent\/396038\/\">Cannes 2026 \u2013 Des cin\u00e9astes confirm\u00e9s, mais un cin\u00e9ma arabe quasi absent<\/a><\/p>\n\n\n\n<p><a href=\"https:\/\/www.webdo.tn\/fr\/actualite\/culture\/cannes-2026-john-travolta-de-retour-sur-la-croisette-avec-sa-premiere-realisation\/395879\/\">Cannes 2026 \u2013 John Travolta de retour sur la Croisette avec sa premi\u00e8re r\u00e9alisation<\/a><\/p>\n","protected":false},"excerpt":{"rendered":"<p>\u00c0 une dizaine de jours de l\u2019ouverture du 79e Festival de Cannes, qui se tiendra du 12 au 23 mai 2026, le Centre du Cin\u00e9ma Arabe annonce son retour au March\u00e9 du Film avec un programme professionnel organis\u00e9 du 14 au 17 mai. Dans cet espace central pour l\u2019industrie mondiale, o\u00f9 se rencontrent producteurs, distributeurs, [&hellip;]<\/p>\n","protected":false},"author":3164,"featured_media":397171,"comment_status":"closed","ping_status":"closed","sticky":false,"template":"","format":"standard","meta":{"footnotes":""},"categories":[2594],"tags":[2627],"class_list":["post-397170","post","type-post","status-publish","format-standard","has-post-thumbnail","hentry","category-culture","tag-festival-de-cannes"],"yoast_head":"<!-- This site is optimized with the Yoast SEO Premium plugin v27.5 (Yoast SEO v27.5) - https:\/\/yoast.com\/product\/yoast-seo-premium-wordpress\/ -->\n<title>Cannes 2026 \u2013 Le Centre du Cin\u00e9ma Arabe d\u00e9voile son programme au March\u00e9 du Film - webdo<\/title>\n<meta name=\"description\" content=\"D\u00e9couvrez le programme du Cannes 2026, un espace de dialogue pour le cin\u00e9ma arabe au March\u00e9 du Film de Cannes.\" \/>\n<link rel=\"canonical\" href=\"https:\/\/www.webdo.tn\/fr\/actualite\/culture\/cannes-2026-le-centre-du-cinema-arabe-devoile-son-programme-au-marche-du-film\/397170\/\" \/>\n<meta property=\"og:locale\" content=\"fr_FR\" \/>\n<meta property=\"og:type\" content=\"article\" \/>\n<meta property=\"og:title\" content=\"Cannes 2026 \u2013 Le Centre du Cin\u00e9ma Arabe d\u00e9voile son programme au March\u00e9 du Film\" \/>\n<meta property=\"og:description\" content=\"D\u00e9couvrez le programme du Cannes 2026, un espace de dialogue pour le cin\u00e9ma arabe au March\u00e9 du Film de Cannes.\" \/>\n<meta property=\"og:url\" content=\"https:\/\/www.webdo.tn\/fr\/actualite\/culture\/cannes-2026-le-centre-du-cinema-arabe-devoile-son-programme-au-marche-du-film\/397170\/\" \/>\n<meta property=\"og:site_name\" content=\"webdo\" \/>\n<meta property=\"article:publisher\" content=\"https:\/\/www.facebook.com\/webdotn\" \/>\n<meta property=\"article:author\" content=\"https:\/\/www.facebook.com\/massir.destiniii\/\" \/>\n<meta property=\"article:published_time\" content=\"2026-05-01T13:41:18+00:00\" \/>\n<meta property=\"article:modified_time\" content=\"2026-05-01T13:48:54+00:00\" \/>\n<meta property=\"og:image\" content=\"https:\/\/www.webdo.tn\/fr\/wp-content\/uploads\/2026\/05\/fest.jpg\" \/>\n\t<meta property=\"og:image:width\" content=\"1200\" \/>\n\t<meta property=\"og:image:height\" content=\"794\" \/>\n\t<meta property=\"og:image:type\" content=\"image\/jpeg\" \/>\n<meta name=\"author\" content=\"Ne\u00efla DRISS\" \/>\n<meta name=\"twitter:card\" content=\"summary_large_image\" \/>\n<meta name=\"twitter:creator\" content=\"@https:\/\/x.com\/MassirDestin\" \/>\n<meta name=\"twitter:site\" content=\"@webdo_tn\" \/>\n<meta name=\"twitter:label1\" content=\"\u00c9crit par\" \/>\n\t<meta name=\"twitter:data1\" content=\"Ne\u00efla DRISS\" \/>\n\t<meta name=\"twitter:label2\" content=\"Dur\u00e9e de lecture estim\u00e9e\" \/>\n\t<meta name=\"twitter:data2\" content=\"7 minutes\" \/>\n<script type=\"application\/ld+json\" class=\"yoast-schema-graph\">{\"@context\":\"https:\\\/\\\/schema.org\",\"@graph\":[{\"@type\":\"NewsArticle\",\"@id\":\"https:\\\/\\\/www.webdo.tn\\\/fr\\\/actualite\\\/culture\\\/cannes-2026-le-centre-du-cinema-arabe-devoile-son-programme-au-marche-du-film\\\/397170\\\/#article\",\"isPartOf\":{\"@id\":\"https:\\\/\\\/www.webdo.tn\\\/fr\\\/actualite\\\/culture\\\/cannes-2026-le-centre-du-cinema-arabe-devoile-son-programme-au-marche-du-film\\\/397170\\\/\"},\"author\":{\"name\":\"Ne\u00efla DRISS\",\"@id\":\"https:\\\/\\\/www.webdo.tn\\\/fr\\\/#\\\/schema\\\/person\\\/60d5ba619ed3f58783b0dc82b7dada80\"},\"headline\":\"Cannes 2026 \u2013 Le Centre du Cin\u00e9ma Arabe d\u00e9voile son programme au March\u00e9 du Film\",\"datePublished\":\"2026-05-01T13:41:18+00:00\",\"dateModified\":\"2026-05-01T13:48:54+00:00\",\"mainEntityOfPage\":{\"@id\":\"https:\\\/\\\/www.webdo.tn\\\/fr\\\/actualite\\\/culture\\\/cannes-2026-le-centre-du-cinema-arabe-devoile-son-programme-au-marche-du-film\\\/397170\\\/\"},\"wordCount\":1385,\"publisher\":{\"@id\":\"https:\\\/\\\/www.webdo.tn\\\/fr\\\/#organization\"},\"image\":{\"@id\":\"https:\\\/\\\/www.webdo.tn\\\/fr\\\/actualite\\\/culture\\\/cannes-2026-le-centre-du-cinema-arabe-devoile-son-programme-au-marche-du-film\\\/397170\\\/#primaryimage\"},\"thumbnailUrl\":\"https:\\\/\\\/www.webdo.tn\\\/fr\\\/wp-content\\\/uploads\\\/2026\\\/05\\\/fest.jpg\",\"keywords\":[\"Festival de Cannes\"],\"articleSection\":[\"Culture\"],\"inLanguage\":\"fr-FR\"},{\"@type\":\"WebPage\",\"@id\":\"https:\\\/\\\/www.webdo.tn\\\/fr\\\/actualite\\\/culture\\\/cannes-2026-le-centre-du-cinema-arabe-devoile-son-programme-au-marche-du-film\\\/397170\\\/\",\"url\":\"https:\\\/\\\/www.webdo.tn\\\/fr\\\/actualite\\\/culture\\\/cannes-2026-le-centre-du-cinema-arabe-devoile-son-programme-au-marche-du-film\\\/397170\\\/\",\"name\":\"Cannes 2026 \u2013 Le Centre du Cin\u00e9ma Arabe d\u00e9voile son programme au March\u00e9 du Film - webdo\",\"isPartOf\":{\"@id\":\"https:\\\/\\\/www.webdo.tn\\\/fr\\\/#website\"},\"primaryImageOfPage\":{\"@id\":\"https:\\\/\\\/www.webdo.tn\\\/fr\\\/actualite\\\/culture\\\/cannes-2026-le-centre-du-cinema-arabe-devoile-son-programme-au-marche-du-film\\\/397170\\\/#primaryimage\"},\"image\":{\"@id\":\"https:\\\/\\\/www.webdo.tn\\\/fr\\\/actualite\\\/culture\\\/cannes-2026-le-centre-du-cinema-arabe-devoile-son-programme-au-marche-du-film\\\/397170\\\/#primaryimage\"},\"thumbnailUrl\":\"https:\\\/\\\/www.webdo.tn\\\/fr\\\/wp-content\\\/uploads\\\/2026\\\/05\\\/fest.jpg\",\"datePublished\":\"2026-05-01T13:41:18+00:00\",\"dateModified\":\"2026-05-01T13:48:54+00:00\",\"description\":\"D\u00e9couvrez le programme du Cannes 2026, un espace de dialogue pour le cin\u00e9ma arabe au March\u00e9 du Film de Cannes.\",\"breadcrumb\":{\"@id\":\"https:\\\/\\\/www.webdo.tn\\\/fr\\\/actualite\\\/culture\\\/cannes-2026-le-centre-du-cinema-arabe-devoile-son-programme-au-marche-du-film\\\/397170\\\/#breadcrumb\"},\"inLanguage\":\"fr-FR\",\"potentialAction\":[{\"@type\":\"ReadAction\",\"target\":[\"https:\\\/\\\/www.webdo.tn\\\/fr\\\/actualite\\\/culture\\\/cannes-2026-le-centre-du-cinema-arabe-devoile-son-programme-au-marche-du-film\\\/397170\\\/\"]}]},{\"@type\":\"ImageObject\",\"inLanguage\":\"fr-FR\",\"@id\":\"https:\\\/\\\/www.webdo.tn\\\/fr\\\/actualite\\\/culture\\\/cannes-2026-le-centre-du-cinema-arabe-devoile-son-programme-au-marche-du-film\\\/397170\\\/#primaryimage\",\"url\":\"https:\\\/\\\/www.webdo.tn\\\/fr\\\/wp-content\\\/uploads\\\/2026\\\/05\\\/fest.jpg\",\"contentUrl\":\"https:\\\/\\\/www.webdo.tn\\\/fr\\\/wp-content\\\/uploads\\\/2026\\\/05\\\/fest.jpg\",\"width\":1200,\"height\":794,\"caption\":\"Cannes\"},{\"@type\":\"BreadcrumbList\",\"@id\":\"https:\\\/\\\/www.webdo.tn\\\/fr\\\/actualite\\\/culture\\\/cannes-2026-le-centre-du-cinema-arabe-devoile-son-programme-au-marche-du-film\\\/397170\\\/#breadcrumb\",\"itemListElement\":[{\"@type\":\"ListItem\",\"position\":1,\"name\":\"Accueil\",\"item\":\"https:\\\/\\\/www.webdo.tn\\\/fr\\\/\"},{\"@type\":\"ListItem\",\"position\":2,\"name\":\"Cannes 2026 \u2013 Le Centre du Cin\u00e9ma Arabe d\u00e9voile son programme au March\u00e9 du Film\"}]},{\"@type\":\"WebSite\",\"@id\":\"https:\\\/\\\/www.webdo.tn\\\/fr\\\/#website\",\"url\":\"https:\\\/\\\/www.webdo.tn\\\/fr\\\/\",\"name\":\"webdo\",\"description\":\"Tunisie - News en Tunisie et \u00e0 l&#039;international sur Webdo.tn\",\"publisher\":{\"@id\":\"https:\\\/\\\/www.webdo.tn\\\/fr\\\/#organization\"},\"potentialAction\":[{\"@type\":\"SearchAction\",\"target\":{\"@type\":\"EntryPoint\",\"urlTemplate\":\"https:\\\/\\\/www.webdo.tn\\\/fr\\\/?s={search_term_string}\"},\"query-input\":{\"@type\":\"PropertyValueSpecification\",\"valueRequired\":true,\"valueName\":\"search_term_string\"}}],\"inLanguage\":\"fr-FR\"},{\"@type\":\"Organization\",\"@id\":\"https:\\\/\\\/www.webdo.tn\\\/fr\\\/#organization\",\"name\":\"Webdo\",\"alternateName\":\"Webdo.tn\",\"url\":\"https:\\\/\\\/www.webdo.tn\\\/fr\\\/\",\"logo\":{\"@type\":\"ImageObject\",\"inLanguage\":\"fr-FR\",\"@id\":\"https:\\\/\\\/www.webdo.tn\\\/fr\\\/#\\\/schema\\\/logo\\\/image\\\/\",\"url\":\"https:\\\/\\\/www.webdo.tn\\\/fr\\\/wp-content\\\/uploads\\\/2025\\\/06\\\/Webdo-Tunisie_168377.jpg\",\"contentUrl\":\"https:\\\/\\\/www.webdo.tn\\\/fr\\\/wp-content\\\/uploads\\\/2025\\\/06\\\/Webdo-Tunisie_168377.jpg\",\"width\":301,\"height\":301,\"caption\":\"Webdo\"},\"image\":{\"@id\":\"https:\\\/\\\/www.webdo.tn\\\/fr\\\/#\\\/schema\\\/logo\\\/image\\\/\"},\"sameAs\":[\"https:\\\/\\\/www.facebook.com\\\/webdotn\",\"https:\\\/\\\/x.com\\\/webdo_tn\"],\"description\":\"Webdo est un m\u00e9dia num\u00e9rique tunisien fond\u00e9 en 2010, sp\u00e9cialis\u00e9 dans l\u2019actualit\u00e9 nationale et internationale, l\u2019\u00e9conomie, la soci\u00e9t\u00e9 et les analyses politiques. Le site s\u2019adresse \u00e0 un large public francophone et couvre l\u2019information tunisienne en temps r\u00e9el.\",\"email\":\"redac@webdo.tn\",\"legalName\":\"YNJ SARL\",\"foundingDate\":\"2010-09-06\",\"numberOfEmployees\":{\"@type\":\"QuantitativeValue\",\"minValue\":\"11\",\"maxValue\":\"50\"}},{\"@type\":\"Person\",\"@id\":\"https:\\\/\\\/www.webdo.tn\\\/fr\\\/#\\\/schema\\\/person\\\/60d5ba619ed3f58783b0dc82b7dada80\",\"name\":\"Ne\u00efla DRISS\",\"image\":{\"@type\":\"ImageObject\",\"inLanguage\":\"fr-FR\",\"@id\":\"https:\\\/\\\/www.webdo.tn\\\/fr\\\/wp-content\\\/uploads\\\/2026\\\/04\\\/neila-driss_avatar-96x96.jpg\",\"url\":\"https:\\\/\\\/www.webdo.tn\\\/fr\\\/wp-content\\\/uploads\\\/2026\\\/04\\\/neila-driss_avatar-96x96.jpg\",\"contentUrl\":\"https:\\\/\\\/www.webdo.tn\\\/fr\\\/wp-content\\\/uploads\\\/2026\\\/04\\\/neila-driss_avatar-96x96.jpg\",\"caption\":\"Ne\u00efla DRISS\"},\"description\":\"Ne\u00efla Driss est juriste, journaliste culturelle et critique de cin\u00e9ma tunisienne. Titulaire d\u2019un DEA en droit priv\u00e9 de l\u2019Universit\u00e9 Paris II et d\u2019un DESS de l\u2019IHEC Carthage, elle d\u00e9bute sa carri\u00e8re comme juriste sp\u00e9cialis\u00e9e en gestion de patrimoine immobilier. Elle s\u2019oriente ensuite vers l\u2019\u00e9criture en ligne, o\u00f9 elle se distingue d\u00e8s 2006 aux Tunisia Blog Awards, avant de se consacrer au journalisme culturel, avec une sp\u00e9cialisation dans la critique cin\u00e9matographique. Elle couvre r\u00e9guli\u00e8rement les grands festivals internationaux, notamment le Festival de Cannes, les Journ\u00e9es Cin\u00e9matographiques de Carthage et le Festival du film du Caire. Membre de l\u2019ATPCC et de la FIPRESCI, elle participe \u00e0 des jurys et initiatives internationales de critique. Depuis 2024, elle est \u00e9lectrice internationale aux Golden Globes. Facebook : https:\\\/\\\/www.facebook.com\\\/massir.destiniii\\\/ X : https:\\\/\\\/x.com\\\/MassirDestin\",\"sameAs\":[\"https:\\\/\\\/www.facebook.com\\\/massir.destiniii\\\/\",\"https:\\\/\\\/www.instagram.com\\\/neila.driss\\\/?hl=fr\",\"https:\\\/\\\/www.linkedin.com\\\/in\\\/neila-driss-22606a80\\\/\",\"https:\\\/\\\/x.com\\\/https:\\\/\\\/x.com\\\/MassirDestin\"],\"knowsAbout\":[\"Cin\u00e9ma international\",\"critique cin\u00e9matographique\",\"festivals de cin\u00e9ma\",\"journalisme culturel\"],\"knowsLanguage\":[\"Fran\u00e7ais\",\"Arabe\",\"Anglais\"],\"jobTitle\":\"Journaliste culturelle et critique de cin\u00e9ma\",\"worksFor\":\"Webdo\",\"url\":\"https:\\\/\\\/www.webdo.tn\\\/fr\\\/actualite\\\/author\\\/neila-driss\\\/\"}]}<\/script>\n<!-- \/ Yoast SEO Premium plugin. -->","yoast_head_json":{"title":"Cannes 2026 \u2013 Le Centre du Cin\u00e9ma Arabe d\u00e9voile son programme au March\u00e9 du Film - webdo","description":"D\u00e9couvrez le programme du Cannes 2026, un espace de dialogue pour le cin\u00e9ma arabe au March\u00e9 du Film de Cannes.","canonical":"https:\/\/www.webdo.tn\/fr\/actualite\/culture\/cannes-2026-le-centre-du-cinema-arabe-devoile-son-programme-au-marche-du-film\/397170\/","og_locale":"fr_FR","og_type":"article","og_title":"Cannes 2026 \u2013 Le Centre du Cin\u00e9ma Arabe d\u00e9voile son programme au March\u00e9 du Film","og_description":"D\u00e9couvrez le programme du Cannes 2026, un espace de dialogue pour le cin\u00e9ma arabe au March\u00e9 du Film de Cannes.","og_url":"https:\/\/www.webdo.tn\/fr\/actualite\/culture\/cannes-2026-le-centre-du-cinema-arabe-devoile-son-programme-au-marche-du-film\/397170\/","og_site_name":"webdo","article_publisher":"https:\/\/www.facebook.com\/webdotn","article_author":"https:\/\/www.facebook.com\/massir.destiniii\/","article_published_time":"2026-05-01T13:41:18+00:00","article_modified_time":"2026-05-01T13:48:54+00:00","og_image":[{"width":1200,"height":794,"url":"https:\/\/www.webdo.tn\/fr\/wp-content\/uploads\/2026\/05\/fest.jpg","type":"image\/jpeg"}],"author":"Ne\u00efla DRISS","twitter_card":"summary_large_image","twitter_creator":"@https:\/\/x.com\/MassirDestin","twitter_site":"@webdo_tn","twitter_misc":{"\u00c9crit par":"Ne\u00efla DRISS","Dur\u00e9e de lecture estim\u00e9e":"7 minutes"},"schema":{"@context":"https:\/\/schema.org","@graph":[{"@type":"NewsArticle","@id":"https:\/\/www.webdo.tn\/fr\/actualite\/culture\/cannes-2026-le-centre-du-cinema-arabe-devoile-son-programme-au-marche-du-film\/397170\/#article","isPartOf":{"@id":"https:\/\/www.webdo.tn\/fr\/actualite\/culture\/cannes-2026-le-centre-du-cinema-arabe-devoile-son-programme-au-marche-du-film\/397170\/"},"author":{"name":"Ne\u00efla DRISS","@id":"https:\/\/www.webdo.tn\/fr\/#\/schema\/person\/60d5ba619ed3f58783b0dc82b7dada80"},"headline":"Cannes 2026 \u2013 Le Centre du Cin\u00e9ma Arabe d\u00e9voile son programme au March\u00e9 du Film","datePublished":"2026-05-01T13:41:18+00:00","dateModified":"2026-05-01T13:48:54+00:00","mainEntityOfPage":{"@id":"https:\/\/www.webdo.tn\/fr\/actualite\/culture\/cannes-2026-le-centre-du-cinema-arabe-devoile-son-programme-au-marche-du-film\/397170\/"},"wordCount":1385,"publisher":{"@id":"https:\/\/www.webdo.tn\/fr\/#organization"},"image":{"@id":"https:\/\/www.webdo.tn\/fr\/actualite\/culture\/cannes-2026-le-centre-du-cinema-arabe-devoile-son-programme-au-marche-du-film\/397170\/#primaryimage"},"thumbnailUrl":"https:\/\/www.webdo.tn\/fr\/wp-content\/uploads\/2026\/05\/fest.jpg","keywords":["Festival de Cannes"],"articleSection":["Culture"],"inLanguage":"fr-FR"},{"@type":"WebPage","@id":"https:\/\/www.webdo.tn\/fr\/actualite\/culture\/cannes-2026-le-centre-du-cinema-arabe-devoile-son-programme-au-marche-du-film\/397170\/","url":"https:\/\/www.webdo.tn\/fr\/actualite\/culture\/cannes-2026-le-centre-du-cinema-arabe-devoile-son-programme-au-marche-du-film\/397170\/","name":"Cannes 2026 \u2013 Le Centre du Cin\u00e9ma Arabe d\u00e9voile son programme au March\u00e9 du Film - webdo","isPartOf":{"@id":"https:\/\/www.webdo.tn\/fr\/#website"},"primaryImageOfPage":{"@id":"https:\/\/www.webdo.tn\/fr\/actualite\/culture\/cannes-2026-le-centre-du-cinema-arabe-devoile-son-programme-au-marche-du-film\/397170\/#primaryimage"},"image":{"@id":"https:\/\/www.webdo.tn\/fr\/actualite\/culture\/cannes-2026-le-centre-du-cinema-arabe-devoile-son-programme-au-marche-du-film\/397170\/#primaryimage"},"thumbnailUrl":"https:\/\/www.webdo.tn\/fr\/wp-content\/uploads\/2026\/05\/fest.jpg","datePublished":"2026-05-01T13:41:18+00:00","dateModified":"2026-05-01T13:48:54+00:00","description":"D\u00e9couvrez le programme du Cannes 2026, un espace de dialogue pour le cin\u00e9ma arabe au March\u00e9 du Film de Cannes.","breadcrumb":{"@id":"https:\/\/www.webdo.tn\/fr\/actualite\/culture\/cannes-2026-le-centre-du-cinema-arabe-devoile-son-programme-au-marche-du-film\/397170\/#breadcrumb"},"inLanguage":"fr-FR","potentialAction":[{"@type":"ReadAction","target":["https:\/\/www.webdo.tn\/fr\/actualite\/culture\/cannes-2026-le-centre-du-cinema-arabe-devoile-son-programme-au-marche-du-film\/397170\/"]}]},{"@type":"ImageObject","inLanguage":"fr-FR","@id":"https:\/\/www.webdo.tn\/fr\/actualite\/culture\/cannes-2026-le-centre-du-cinema-arabe-devoile-son-programme-au-marche-du-film\/397170\/#primaryimage","url":"https:\/\/www.webdo.tn\/fr\/wp-content\/uploads\/2026\/05\/fest.jpg","contentUrl":"https:\/\/www.webdo.tn\/fr\/wp-content\/uploads\/2026\/05\/fest.jpg","width":1200,"height":794,"caption":"Cannes"},{"@type":"BreadcrumbList","@id":"https:\/\/www.webdo.tn\/fr\/actualite\/culture\/cannes-2026-le-centre-du-cinema-arabe-devoile-son-programme-au-marche-du-film\/397170\/#breadcrumb","itemListElement":[{"@type":"ListItem","position":1,"name":"Accueil","item":"https:\/\/www.webdo.tn\/fr\/"},{"@type":"ListItem","position":2,"name":"Cannes 2026 \u2013 Le Centre du Cin\u00e9ma Arabe d\u00e9voile son programme au March\u00e9 du Film"}]},{"@type":"WebSite","@id":"https:\/\/www.webdo.tn\/fr\/#website","url":"https:\/\/www.webdo.tn\/fr\/","name":"webdo","description":"Tunisie - News en Tunisie et \u00e0 l&#039;international sur Webdo.tn","publisher":{"@id":"https:\/\/www.webdo.tn\/fr\/#organization"},"potentialAction":[{"@type":"SearchAction","target":{"@type":"EntryPoint","urlTemplate":"https:\/\/www.webdo.tn\/fr\/?s={search_term_string}"},"query-input":{"@type":"PropertyValueSpecification","valueRequired":true,"valueName":"search_term_string"}}],"inLanguage":"fr-FR"},{"@type":"Organization","@id":"https:\/\/www.webdo.tn\/fr\/#organization","name":"Webdo","alternateName":"Webdo.tn","url":"https:\/\/www.webdo.tn\/fr\/","logo":{"@type":"ImageObject","inLanguage":"fr-FR","@id":"https:\/\/www.webdo.tn\/fr\/#\/schema\/logo\/image\/","url":"https:\/\/www.webdo.tn\/fr\/wp-content\/uploads\/2025\/06\/Webdo-Tunisie_168377.jpg","contentUrl":"https:\/\/www.webdo.tn\/fr\/wp-content\/uploads\/2025\/06\/Webdo-Tunisie_168377.jpg","width":301,"height":301,"caption":"Webdo"},"image":{"@id":"https:\/\/www.webdo.tn\/fr\/#\/schema\/logo\/image\/"},"sameAs":["https:\/\/www.facebook.com\/webdotn","https:\/\/x.com\/webdo_tn"],"description":"Webdo est un m\u00e9dia num\u00e9rique tunisien fond\u00e9 en 2010, sp\u00e9cialis\u00e9 dans l\u2019actualit\u00e9 nationale et internationale, l\u2019\u00e9conomie, la soci\u00e9t\u00e9 et les analyses politiques. Le site s\u2019adresse \u00e0 un large public francophone et couvre l\u2019information tunisienne en temps r\u00e9el.","email":"redac@webdo.tn","legalName":"YNJ SARL","foundingDate":"2010-09-06","numberOfEmployees":{"@type":"QuantitativeValue","minValue":"11","maxValue":"50"}},{"@type":"Person","@id":"https:\/\/www.webdo.tn\/fr\/#\/schema\/person\/60d5ba619ed3f58783b0dc82b7dada80","name":"Ne\u00efla DRISS","image":{"@type":"ImageObject","inLanguage":"fr-FR","@id":"https:\/\/www.webdo.tn\/fr\/wp-content\/uploads\/2026\/04\/neila-driss_avatar-96x96.jpg","url":"https:\/\/www.webdo.tn\/fr\/wp-content\/uploads\/2026\/04\/neila-driss_avatar-96x96.jpg","contentUrl":"https:\/\/www.webdo.tn\/fr\/wp-content\/uploads\/2026\/04\/neila-driss_avatar-96x96.jpg","caption":"Ne\u00efla DRISS"},"description":"Ne\u00efla Driss est juriste, journaliste culturelle et critique de cin\u00e9ma tunisienne. Titulaire d\u2019un DEA en droit priv\u00e9 de l\u2019Universit\u00e9 Paris II et d\u2019un DESS de l\u2019IHEC Carthage, elle d\u00e9bute sa carri\u00e8re comme juriste sp\u00e9cialis\u00e9e en gestion de patrimoine immobilier. Elle s\u2019oriente ensuite vers l\u2019\u00e9criture en ligne, o\u00f9 elle se distingue d\u00e8s 2006 aux Tunisia Blog Awards, avant de se consacrer au journalisme culturel, avec une sp\u00e9cialisation dans la critique cin\u00e9matographique. Elle couvre r\u00e9guli\u00e8rement les grands festivals internationaux, notamment le Festival de Cannes, les Journ\u00e9es Cin\u00e9matographiques de Carthage et le Festival du film du Caire. Membre de l\u2019ATPCC et de la FIPRESCI, elle participe \u00e0 des jurys et initiatives internationales de critique. Depuis 2024, elle est \u00e9lectrice internationale aux Golden Globes. Facebook : https:\/\/www.facebook.com\/massir.destiniii\/ X : https:\/\/x.com\/MassirDestin","sameAs":["https:\/\/www.facebook.com\/massir.destiniii\/","https:\/\/www.instagram.com\/neila.driss\/?hl=fr","https:\/\/www.linkedin.com\/in\/neila-driss-22606a80\/","https:\/\/x.com\/https:\/\/x.com\/MassirDestin"],"knowsAbout":["Cin\u00e9ma international","critique cin\u00e9matographique","festivals de cin\u00e9ma","journalisme culturel"],"knowsLanguage":["Fran\u00e7ais","Arabe","Anglais"],"jobTitle":"Journaliste culturelle et critique de cin\u00e9ma","worksFor":"Webdo","url":"https:\/\/www.webdo.tn\/fr\/actualite\/author\/neila-driss\/"}]}},"_links":{"self":[{"href":"https:\/\/www.webdo.tn\/fr\/wp-json\/wp\/v2\/posts\/397170","targetHints":{"allow":["GET"]}}],"collection":[{"href":"https:\/\/www.webdo.tn\/fr\/wp-json\/wp\/v2\/posts"}],"about":[{"href":"https:\/\/www.webdo.tn\/fr\/wp-json\/wp\/v2\/types\/post"}],"author":[{"embeddable":true,"href":"https:\/\/www.webdo.tn\/fr\/wp-json\/wp\/v2\/users\/3164"}],"replies":[{"embeddable":true,"href":"https:\/\/www.webdo.tn\/fr\/wp-json\/wp\/v2\/comments?post=397170"}],"version-history":[{"count":2,"href":"https:\/\/www.webdo.tn\/fr\/wp-json\/wp\/v2\/posts\/397170\/revisions"}],"predecessor-version":[{"id":397177,"href":"https:\/\/www.webdo.tn\/fr\/wp-json\/wp\/v2\/posts\/397170\/revisions\/397177"}],"wp:featuredmedia":[{"embeddable":true,"href":"https:\/\/www.webdo.tn\/fr\/wp-json\/wp\/v2\/media\/397171"}],"wp:attachment":[{"href":"https:\/\/www.webdo.tn\/fr\/wp-json\/wp\/v2\/media?parent=397170"}],"wp:term":[{"taxonomy":"category","embeddable":true,"href":"https:\/\/www.webdo.tn\/fr\/wp-json\/wp\/v2\/categories?post=397170"},{"taxonomy":"post_tag","embeddable":true,"href":"https:\/\/www.webdo.tn\/fr\/wp-json\/wp\/v2\/tags?post=397170"}],"curies":[{"name":"wp","href":"https:\/\/api.w.org\/{rel}","templated":true}]}}