{"id":397168,"date":"2026-05-01T11:54:07","date_gmt":"2026-05-01T10:54:07","guid":{"rendered":"https:\/\/www.webdo.tn\/fr\/?p=397168"},"modified":"2026-05-01T11:54:08","modified_gmt":"2026-05-01T10:54:08","slug":"vers-un-grand-retour-du-tourisme-jeune-en-tunisie-51-operateurs-francais-a-djerba","status":"publish","type":"post","link":"https:\/\/www.webdo.tn\/fr\/actualite\/national\/vers-un-grand-retour-du-tourisme-jeune-en-tunisie-51-operateurs-francais-a-djerba\/397168\/","title":{"rendered":"Vers un grand retour du tourisme jeune en Tunisie : 51 op\u00e9rateurs fran\u00e7ais \u00e0 Djerba"},"content":{"rendered":"\n<p><\/p>\n\n\n\n<p><strong>Djerba accueillera en septembre prochain le congr\u00e8s annuel de ResoColo, l&rsquo;association fran\u00e7aise qui rassemble les organisateurs de colonies de vacances et de s\u00e9jours pour les jeunes.<\/strong><\/p>\n\n\n\n<p>Dans cet esprit, 51 op\u00e9rateurs fran\u00e7ais seront pr\u00e9sents \u00e0 Djerba du 22 au 27 septembre, ce qui pr\u00e9figure un probable retour en force du tourisme jeune en Tunisie.<\/p>\n\n\n\n<p>Ce congr\u00e8s de ResoColo sera organis\u00e9 par Otentic sous la houlette de Hakim Tounsi dont le travail en amont s&rsquo;est av\u00e9r\u00e9 tr\u00e8s efficace.<\/p>\n\n\n\n<p>Une belle opportunit\u00e9 pour le tourisme tunisien qui avait largement perdu ce segment du march\u00e9 fran\u00e7ais autour de 2011. En effet, un retour des colonies de vacances fran\u00e7aises en Tunisie serait de nature \u00e0 consolider l&#8217;embellie actuelle que connaissent les flux touristiques \u00e0 partir de l&rsquo;Hexagone vers notre pays.<\/p>\n\n\n\n<p><\/p>\n\n\n\n<p class=\"has-medium-font-size\"><strong>Lire aussi :<\/strong>\u00a0<a href=\"https:\/\/www.webdo.tn\/fr\/actualite\/national\/tourisme-3000-chambres-en-vue-la-tunisie-seduit-le-geant-espagnol-melia\/395222\/\">Tourisme : 3000 chambres en vue, la Tunisie s\u00e9duit le g\u00e9ant espagnol Meli\u00e1<\/a><\/p>\n\n\n\n<p><\/p>\n","protected":false},"excerpt":{"rendered":"<p>Djerba accueillera en septembre prochain le congr\u00e8s annuel de ResoColo, l&rsquo;association fran\u00e7aise qui rassemble les organisateurs de colonies de vacances et de s\u00e9jours pour les jeunes. Dans cet esprit, 51 op\u00e9rateurs fran\u00e7ais seront pr\u00e9sents \u00e0 Djerba du 22 au 27 septembre, ce qui pr\u00e9figure un probable retour en force du tourisme jeune en Tunisie. Ce [&hellip;]<\/p>\n","protected":false},"author":3229,"featured_media":394365,"comment_status":"closed","ping_status":"closed","sticky":false,"template":"","format":"standard","meta":{"footnotes":""},"categories":[44],"tags":[2798,2608],"class_list":["post-397168","post","type-post","status-publish","format-standard","has-post-thumbnail","hentry","category-national","tag-tourisme","tag-tunisie"],"yoast_head":"<!-- This site is optimized with the Yoast SEO Premium plugin v27.5 (Yoast SEO v27.5) - https:\/\/yoast.com\/product\/yoast-seo-premium-wordpress\/ -->\n<title>Vers un grand retour du tourisme jeune en Tunisie : 51 op\u00e9rateurs fran\u00e7ais \u00e0 Djerba - webdo<\/title>\n<meta name=\"description\" content=\"D\u00e9couvrez le retour du tourisme avec le congr\u00e8s ResoColo \u00e0 Djerba, renfor\u00e7ant l&#039;attrait de la Tunisie pour la jeunesse.\" \/>\n<link rel=\"canonical\" href=\"https:\/\/www.webdo.tn\/fr\/actualite\/national\/vers-un-grand-retour-du-tourisme-jeune-en-tunisie-51-operateurs-francais-a-djerba\/397168\/\" \/>\n<meta property=\"og:locale\" content=\"fr_FR\" \/>\n<meta property=\"og:type\" content=\"article\" \/>\n<meta property=\"og:title\" content=\"Vers un grand retour du tourisme jeune en Tunisie : 51 op\u00e9rateurs fran\u00e7ais \u00e0 Djerba\" \/>\n<meta property=\"og:description\" content=\"D\u00e9couvrez le retour du tourisme avec le congr\u00e8s ResoColo \u00e0 Djerba, renfor\u00e7ant l&#039;attrait de la Tunisie pour la jeunesse.\" \/>\n<meta property=\"og:url\" content=\"https:\/\/www.webdo.tn\/fr\/actualite\/national\/vers-un-grand-retour-du-tourisme-jeune-en-tunisie-51-operateurs-francais-a-djerba\/397168\/\" \/>\n<meta property=\"og:site_name\" content=\"webdo\" \/>\n<meta property=\"article:publisher\" content=\"https:\/\/www.facebook.com\/webdotn\" \/>\n<meta property=\"article:author\" content=\"https:\/\/www.facebook.com\/hatem.bourial.2025\" \/>\n<meta property=\"article:published_time\" content=\"2026-05-01T10:54:07+00:00\" \/>\n<meta property=\"article:modified_time\" content=\"2026-05-01T10:54:08+00:00\" \/>\n<meta property=\"og:image\" content=\"https:\/\/www.webdo.tn\/fr\/wp-content\/uploads\/2026\/03\/avion.jpg\" \/>\n\t<meta property=\"og:image:width\" content=\"1200\" \/>\n\t<meta property=\"og:image:height\" content=\"603\" \/>\n\t<meta property=\"og:image:type\" content=\"image\/jpeg\" \/>\n<meta name=\"author\" content=\"Hatem Bourial\" \/>\n<meta name=\"twitter:card\" content=\"summary_large_image\" \/>\n<meta name=\"twitter:creator\" content=\"@webdo_tn\" \/>\n<meta name=\"twitter:site\" content=\"@webdo_tn\" \/>\n<meta name=\"twitter:label1\" content=\"\u00c9crit par\" \/>\n\t<meta name=\"twitter:data1\" content=\"Hatem Bourial\" \/>\n\t<meta name=\"twitter:label2\" content=\"Dur\u00e9e de lecture estim\u00e9e\" \/>\n\t<meta name=\"twitter:data2\" content=\"1 minute\" \/>\n<script type=\"application\/ld+json\" class=\"yoast-schema-graph\">{\"@context\":\"https:\\\/\\\/schema.org\",\"@graph\":[{\"@type\":\"NewsArticle\",\"@id\":\"https:\\\/\\\/www.webdo.tn\\\/fr\\\/actualite\\\/national\\\/vers-un-grand-retour-du-tourisme-jeune-en-tunisie-51-operateurs-francais-a-djerba\\\/397168\\\/#article\",\"isPartOf\":{\"@id\":\"https:\\\/\\\/www.webdo.tn\\\/fr\\\/actualite\\\/national\\\/vers-un-grand-retour-du-tourisme-jeune-en-tunisie-51-operateurs-francais-a-djerba\\\/397168\\\/\"},\"author\":{\"name\":\"Hatem Bourial\",\"@id\":\"https:\\\/\\\/www.webdo.tn\\\/fr\\\/#\\\/schema\\\/person\\\/6bc0beba2cd23aec27cb5df85ca2554f\"},\"headline\":\"Vers un grand retour du tourisme jeune en Tunisie : 51 op\u00e9rateurs fran\u00e7ais \u00e0 Djerba\",\"datePublished\":\"2026-05-01T10:54:07+00:00\",\"dateModified\":\"2026-05-01T10:54:08+00:00\",\"mainEntityOfPage\":{\"@id\":\"https:\\\/\\\/www.webdo.tn\\\/fr\\\/actualite\\\/national\\\/vers-un-grand-retour-du-tourisme-jeune-en-tunisie-51-operateurs-francais-a-djerba\\\/397168\\\/\"},\"wordCount\":164,\"publisher\":{\"@id\":\"https:\\\/\\\/www.webdo.tn\\\/fr\\\/#organization\"},\"image\":{\"@id\":\"https:\\\/\\\/www.webdo.tn\\\/fr\\\/actualite\\\/national\\\/vers-un-grand-retour-du-tourisme-jeune-en-tunisie-51-operateurs-francais-a-djerba\\\/397168\\\/#primaryimage\"},\"thumbnailUrl\":\"https:\\\/\\\/www.webdo.tn\\\/fr\\\/wp-content\\\/uploads\\\/2026\\\/03\\\/avion.jpg\",\"keywords\":[\"Tourisme\",\"Tunisie\"],\"articleSection\":[\"National\"],\"inLanguage\":\"fr-FR\"},{\"@type\":\"WebPage\",\"@id\":\"https:\\\/\\\/www.webdo.tn\\\/fr\\\/actualite\\\/national\\\/vers-un-grand-retour-du-tourisme-jeune-en-tunisie-51-operateurs-francais-a-djerba\\\/397168\\\/\",\"url\":\"https:\\\/\\\/www.webdo.tn\\\/fr\\\/actualite\\\/national\\\/vers-un-grand-retour-du-tourisme-jeune-en-tunisie-51-operateurs-francais-a-djerba\\\/397168\\\/\",\"name\":\"Vers un grand retour du tourisme jeune en Tunisie : 51 op\u00e9rateurs fran\u00e7ais \u00e0 Djerba - webdo\",\"isPartOf\":{\"@id\":\"https:\\\/\\\/www.webdo.tn\\\/fr\\\/#website\"},\"primaryImageOfPage\":{\"@id\":\"https:\\\/\\\/www.webdo.tn\\\/fr\\\/actualite\\\/national\\\/vers-un-grand-retour-du-tourisme-jeune-en-tunisie-51-operateurs-francais-a-djerba\\\/397168\\\/#primaryimage\"},\"image\":{\"@id\":\"https:\\\/\\\/www.webdo.tn\\\/fr\\\/actualite\\\/national\\\/vers-un-grand-retour-du-tourisme-jeune-en-tunisie-51-operateurs-francais-a-djerba\\\/397168\\\/#primaryimage\"},\"thumbnailUrl\":\"https:\\\/\\\/www.webdo.tn\\\/fr\\\/wp-content\\\/uploads\\\/2026\\\/03\\\/avion.jpg\",\"datePublished\":\"2026-05-01T10:54:07+00:00\",\"dateModified\":\"2026-05-01T10:54:08+00:00\",\"description\":\"D\u00e9couvrez le retour du tourisme avec le congr\u00e8s ResoColo \u00e0 Djerba, renfor\u00e7ant l'attrait de la Tunisie pour la jeunesse.\",\"breadcrumb\":{\"@id\":\"https:\\\/\\\/www.webdo.tn\\\/fr\\\/actualite\\\/national\\\/vers-un-grand-retour-du-tourisme-jeune-en-tunisie-51-operateurs-francais-a-djerba\\\/397168\\\/#breadcrumb\"},\"inLanguage\":\"fr-FR\",\"potentialAction\":[{\"@type\":\"ReadAction\",\"target\":[\"https:\\\/\\\/www.webdo.tn\\\/fr\\\/actualite\\\/national\\\/vers-un-grand-retour-du-tourisme-jeune-en-tunisie-51-operateurs-francais-a-djerba\\\/397168\\\/\"]}]},{\"@type\":\"ImageObject\",\"inLanguage\":\"fr-FR\",\"@id\":\"https:\\\/\\\/www.webdo.tn\\\/fr\\\/actualite\\\/national\\\/vers-un-grand-retour-du-tourisme-jeune-en-tunisie-51-operateurs-francais-a-djerba\\\/397168\\\/#primaryimage\",\"url\":\"https:\\\/\\\/www.webdo.tn\\\/fr\\\/wp-content\\\/uploads\\\/2026\\\/03\\\/avion.jpg\",\"contentUrl\":\"https:\\\/\\\/www.webdo.tn\\\/fr\\\/wp-content\\\/uploads\\\/2026\\\/03\\\/avion.jpg\",\"width\":1200,\"height\":603,\"caption\":\"Avion\"},{\"@type\":\"BreadcrumbList\",\"@id\":\"https:\\\/\\\/www.webdo.tn\\\/fr\\\/actualite\\\/national\\\/vers-un-grand-retour-du-tourisme-jeune-en-tunisie-51-operateurs-francais-a-djerba\\\/397168\\\/#breadcrumb\",\"itemListElement\":[{\"@type\":\"ListItem\",\"position\":1,\"name\":\"Accueil\",\"item\":\"https:\\\/\\\/www.webdo.tn\\\/fr\\\/\"},{\"@type\":\"ListItem\",\"position\":2,\"name\":\"Vers un grand retour du tourisme jeune en Tunisie : 51 op\u00e9rateurs fran\u00e7ais \u00e0 Djerba\"}]},{\"@type\":\"WebSite\",\"@id\":\"https:\\\/\\\/www.webdo.tn\\\/fr\\\/#website\",\"url\":\"https:\\\/\\\/www.webdo.tn\\\/fr\\\/\",\"name\":\"webdo\",\"description\":\"Tunisie - News en Tunisie et \u00e0 l&#039;international sur Webdo.tn\",\"publisher\":{\"@id\":\"https:\\\/\\\/www.webdo.tn\\\/fr\\\/#organization\"},\"potentialAction\":[{\"@type\":\"SearchAction\",\"target\":{\"@type\":\"EntryPoint\",\"urlTemplate\":\"https:\\\/\\\/www.webdo.tn\\\/fr\\\/?s={search_term_string}\"},\"query-input\":{\"@type\":\"PropertyValueSpecification\",\"valueRequired\":true,\"valueName\":\"search_term_string\"}}],\"inLanguage\":\"fr-FR\"},{\"@type\":\"Organization\",\"@id\":\"https:\\\/\\\/www.webdo.tn\\\/fr\\\/#organization\",\"name\":\"Webdo\",\"alternateName\":\"Webdo.tn\",\"url\":\"https:\\\/\\\/www.webdo.tn\\\/fr\\\/\",\"logo\":{\"@type\":\"ImageObject\",\"inLanguage\":\"fr-FR\",\"@id\":\"https:\\\/\\\/www.webdo.tn\\\/fr\\\/#\\\/schema\\\/logo\\\/image\\\/\",\"url\":\"https:\\\/\\\/www.webdo.tn\\\/fr\\\/wp-content\\\/uploads\\\/2025\\\/06\\\/Webdo-Tunisie_168377.jpg\",\"contentUrl\":\"https:\\\/\\\/www.webdo.tn\\\/fr\\\/wp-content\\\/uploads\\\/2025\\\/06\\\/Webdo-Tunisie_168377.jpg\",\"width\":301,\"height\":301,\"caption\":\"Webdo\"},\"image\":{\"@id\":\"https:\\\/\\\/www.webdo.tn\\\/fr\\\/#\\\/schema\\\/logo\\\/image\\\/\"},\"sameAs\":[\"https:\\\/\\\/www.facebook.com\\\/webdotn\",\"https:\\\/\\\/x.com\\\/webdo_tn\"],\"description\":\"Webdo est un m\u00e9dia num\u00e9rique tunisien fond\u00e9 en 2010, sp\u00e9cialis\u00e9 dans l\u2019actualit\u00e9 nationale et internationale, l\u2019\u00e9conomie, la soci\u00e9t\u00e9 et les analyses politiques. Le site s\u2019adresse \u00e0 un large public francophone et couvre l\u2019information tunisienne en temps r\u00e9el.\",\"email\":\"redac@webdo.tn\",\"legalName\":\"YNJ SARL\",\"foundingDate\":\"2010-09-06\",\"numberOfEmployees\":{\"@type\":\"QuantitativeValue\",\"minValue\":\"11\",\"maxValue\":\"50\"}},{\"@type\":\"Person\",\"@id\":\"https:\\\/\\\/www.webdo.tn\\\/fr\\\/#\\\/schema\\\/person\\\/6bc0beba2cd23aec27cb5df85ca2554f\",\"name\":\"Hatem Bourial\",\"image\":{\"@type\":\"ImageObject\",\"inLanguage\":\"fr-FR\",\"@id\":\"https:\\\/\\\/www.webdo.tn\\\/fr\\\/wp-content\\\/uploads\\\/2026\\\/04\\\/hatem-bourial_avatar-96x96.jpg\",\"url\":\"https:\\\/\\\/www.webdo.tn\\\/fr\\\/wp-content\\\/uploads\\\/2026\\\/04\\\/hatem-bourial_avatar-96x96.jpg\",\"contentUrl\":\"https:\\\/\\\/www.webdo.tn\\\/fr\\\/wp-content\\\/uploads\\\/2026\\\/04\\\/hatem-bourial_avatar-96x96.jpg\",\"caption\":\"Hatem Bourial\"},\"description\":\"Hatem Bourial est journaliste, \u00e9crivain et chroniqueur tunisien. Actif depuis plusieurs d\u00e9cennies, il s\u2019est impos\u00e9 comme un observateur attentif de la soci\u00e9t\u00e9 tunisienne, m\u00ealant dans ses \u00e9crits m\u00e9moire, culture et analyse du quotidien. Auteur de nombreux ouvrages, il d\u00e9veloppe une \u0153uvre \u00e0 la crois\u00e9e du r\u00e9cit, de la po\u00e9sie et de l\u2019observation sociologique. Parall\u00e8lement \u00e0 ses contributions dans la presse, il intervient r\u00e9guli\u00e8rement \u00e0 la radio et dans des espaces culturels, o\u00f9 il explore les enjeux li\u00e9s au patrimoine, \u00e0 l\u2019identit\u00e9 et aux transformations du monde contemporain. \u00c0 travers ses chroniques, Hatem Bourial propose une lecture sensible et approfondie de l\u2019actualit\u00e9, nourrie par une exp\u00e9rience journalistique et litt\u00e9raire reconnue. \ud83d\udd17 Facebook : https:\\\/\\\/www.facebook.com\\\/hatem.bourial.2025\",\"sameAs\":[\"https:\\\/\\\/www.facebook.com\\\/hatem.bourial.2025\",\"https:\\\/\\\/fr.wikipedia.org\\\/wiki\\\/Fichier:Hatem_Bourial.jpg\"],\"knowsAbout\":[\"Culture & patrimoine tunisien\",\"Chronique soci\u00e9tale\",\"Litt\u00e9rature & m\u00e9moire\",\"Cin\u00e9ma & critique culturelle\",\"Identit\u00e9 & mutations sociales\"],\"knowsLanguage\":[\"Arabe\",\"Fran\u00e7ais\",\"Anglais\",\"Italien\",\"Polonais\"],\"jobTitle\":\"Journaliste, \u00e9crivain et chroniqueur culturel\",\"worksFor\":\"Webdo\",\"url\":\"https:\\\/\\\/www.webdo.tn\\\/fr\\\/actualite\\\/author\\\/hatem-bourial-2\\\/\"}]}<\/script>\n<!-- \/ Yoast SEO Premium plugin. -->","yoast_head_json":{"title":"Vers un grand retour du tourisme jeune en Tunisie : 51 op\u00e9rateurs fran\u00e7ais \u00e0 Djerba - webdo","description":"D\u00e9couvrez le retour du tourisme avec le congr\u00e8s ResoColo \u00e0 Djerba, renfor\u00e7ant l'attrait de la Tunisie pour la jeunesse.","canonical":"https:\/\/www.webdo.tn\/fr\/actualite\/national\/vers-un-grand-retour-du-tourisme-jeune-en-tunisie-51-operateurs-francais-a-djerba\/397168\/","og_locale":"fr_FR","og_type":"article","og_title":"Vers un grand retour du tourisme jeune en Tunisie : 51 op\u00e9rateurs fran\u00e7ais \u00e0 Djerba","og_description":"D\u00e9couvrez le retour du tourisme avec le congr\u00e8s ResoColo \u00e0 Djerba, renfor\u00e7ant l'attrait de la Tunisie pour la jeunesse.","og_url":"https:\/\/www.webdo.tn\/fr\/actualite\/national\/vers-un-grand-retour-du-tourisme-jeune-en-tunisie-51-operateurs-francais-a-djerba\/397168\/","og_site_name":"webdo","article_publisher":"https:\/\/www.facebook.com\/webdotn","article_author":"https:\/\/www.facebook.com\/hatem.bourial.2025","article_published_time":"2026-05-01T10:54:07+00:00","article_modified_time":"2026-05-01T10:54:08+00:00","og_image":[{"width":1200,"height":603,"url":"https:\/\/www.webdo.tn\/fr\/wp-content\/uploads\/2026\/03\/avion.jpg","type":"image\/jpeg"}],"author":"Hatem Bourial","twitter_card":"summary_large_image","twitter_creator":"@webdo_tn","twitter_site":"@webdo_tn","twitter_misc":{"\u00c9crit par":"Hatem Bourial","Dur\u00e9e de lecture estim\u00e9e":"1 minute"},"schema":{"@context":"https:\/\/schema.org","@graph":[{"@type":"NewsArticle","@id":"https:\/\/www.webdo.tn\/fr\/actualite\/national\/vers-un-grand-retour-du-tourisme-jeune-en-tunisie-51-operateurs-francais-a-djerba\/397168\/#article","isPartOf":{"@id":"https:\/\/www.webdo.tn\/fr\/actualite\/national\/vers-un-grand-retour-du-tourisme-jeune-en-tunisie-51-operateurs-francais-a-djerba\/397168\/"},"author":{"name":"Hatem Bourial","@id":"https:\/\/www.webdo.tn\/fr\/#\/schema\/person\/6bc0beba2cd23aec27cb5df85ca2554f"},"headline":"Vers un grand retour du tourisme jeune en Tunisie : 51 op\u00e9rateurs fran\u00e7ais \u00e0 Djerba","datePublished":"2026-05-01T10:54:07+00:00","dateModified":"2026-05-01T10:54:08+00:00","mainEntityOfPage":{"@id":"https:\/\/www.webdo.tn\/fr\/actualite\/national\/vers-un-grand-retour-du-tourisme-jeune-en-tunisie-51-operateurs-francais-a-djerba\/397168\/"},"wordCount":164,"publisher":{"@id":"https:\/\/www.webdo.tn\/fr\/#organization"},"image":{"@id":"https:\/\/www.webdo.tn\/fr\/actualite\/national\/vers-un-grand-retour-du-tourisme-jeune-en-tunisie-51-operateurs-francais-a-djerba\/397168\/#primaryimage"},"thumbnailUrl":"https:\/\/www.webdo.tn\/fr\/wp-content\/uploads\/2026\/03\/avion.jpg","keywords":["Tourisme","Tunisie"],"articleSection":["National"],"inLanguage":"fr-FR"},{"@type":"WebPage","@id":"https:\/\/www.webdo.tn\/fr\/actualite\/national\/vers-un-grand-retour-du-tourisme-jeune-en-tunisie-51-operateurs-francais-a-djerba\/397168\/","url":"https:\/\/www.webdo.tn\/fr\/actualite\/national\/vers-un-grand-retour-du-tourisme-jeune-en-tunisie-51-operateurs-francais-a-djerba\/397168\/","name":"Vers un grand retour du tourisme jeune en Tunisie : 51 op\u00e9rateurs fran\u00e7ais \u00e0 Djerba - webdo","isPartOf":{"@id":"https:\/\/www.webdo.tn\/fr\/#website"},"primaryImageOfPage":{"@id":"https:\/\/www.webdo.tn\/fr\/actualite\/national\/vers-un-grand-retour-du-tourisme-jeune-en-tunisie-51-operateurs-francais-a-djerba\/397168\/#primaryimage"},"image":{"@id":"https:\/\/www.webdo.tn\/fr\/actualite\/national\/vers-un-grand-retour-du-tourisme-jeune-en-tunisie-51-operateurs-francais-a-djerba\/397168\/#primaryimage"},"thumbnailUrl":"https:\/\/www.webdo.tn\/fr\/wp-content\/uploads\/2026\/03\/avion.jpg","datePublished":"2026-05-01T10:54:07+00:00","dateModified":"2026-05-01T10:54:08+00:00","description":"D\u00e9couvrez le retour du tourisme avec le congr\u00e8s ResoColo \u00e0 Djerba, renfor\u00e7ant l'attrait de la Tunisie pour la jeunesse.","breadcrumb":{"@id":"https:\/\/www.webdo.tn\/fr\/actualite\/national\/vers-un-grand-retour-du-tourisme-jeune-en-tunisie-51-operateurs-francais-a-djerba\/397168\/#breadcrumb"},"inLanguage":"fr-FR","potentialAction":[{"@type":"ReadAction","target":["https:\/\/www.webdo.tn\/fr\/actualite\/national\/vers-un-grand-retour-du-tourisme-jeune-en-tunisie-51-operateurs-francais-a-djerba\/397168\/"]}]},{"@type":"ImageObject","inLanguage":"fr-FR","@id":"https:\/\/www.webdo.tn\/fr\/actualite\/national\/vers-un-grand-retour-du-tourisme-jeune-en-tunisie-51-operateurs-francais-a-djerba\/397168\/#primaryimage","url":"https:\/\/www.webdo.tn\/fr\/wp-content\/uploads\/2026\/03\/avion.jpg","contentUrl":"https:\/\/www.webdo.tn\/fr\/wp-content\/uploads\/2026\/03\/avion.jpg","width":1200,"height":603,"caption":"Avion"},{"@type":"BreadcrumbList","@id":"https:\/\/www.webdo.tn\/fr\/actualite\/national\/vers-un-grand-retour-du-tourisme-jeune-en-tunisie-51-operateurs-francais-a-djerba\/397168\/#breadcrumb","itemListElement":[{"@type":"ListItem","position":1,"name":"Accueil","item":"https:\/\/www.webdo.tn\/fr\/"},{"@type":"ListItem","position":2,"name":"Vers un grand retour du tourisme jeune en Tunisie : 51 op\u00e9rateurs fran\u00e7ais \u00e0 Djerba"}]},{"@type":"WebSite","@id":"https:\/\/www.webdo.tn\/fr\/#website","url":"https:\/\/www.webdo.tn\/fr\/","name":"webdo","description":"Tunisie - News en Tunisie et \u00e0 l&#039;international sur Webdo.tn","publisher":{"@id":"https:\/\/www.webdo.tn\/fr\/#organization"},"potentialAction":[{"@type":"SearchAction","target":{"@type":"EntryPoint","urlTemplate":"https:\/\/www.webdo.tn\/fr\/?s={search_term_string}"},"query-input":{"@type":"PropertyValueSpecification","valueRequired":true,"valueName":"search_term_string"}}],"inLanguage":"fr-FR"},{"@type":"Organization","@id":"https:\/\/www.webdo.tn\/fr\/#organization","name":"Webdo","alternateName":"Webdo.tn","url":"https:\/\/www.webdo.tn\/fr\/","logo":{"@type":"ImageObject","inLanguage":"fr-FR","@id":"https:\/\/www.webdo.tn\/fr\/#\/schema\/logo\/image\/","url":"https:\/\/www.webdo.tn\/fr\/wp-content\/uploads\/2025\/06\/Webdo-Tunisie_168377.jpg","contentUrl":"https:\/\/www.webdo.tn\/fr\/wp-content\/uploads\/2025\/06\/Webdo-Tunisie_168377.jpg","width":301,"height":301,"caption":"Webdo"},"image":{"@id":"https:\/\/www.webdo.tn\/fr\/#\/schema\/logo\/image\/"},"sameAs":["https:\/\/www.facebook.com\/webdotn","https:\/\/x.com\/webdo_tn"],"description":"Webdo est un m\u00e9dia num\u00e9rique tunisien fond\u00e9 en 2010, sp\u00e9cialis\u00e9 dans l\u2019actualit\u00e9 nationale et internationale, l\u2019\u00e9conomie, la soci\u00e9t\u00e9 et les analyses politiques. Le site s\u2019adresse \u00e0 un large public francophone et couvre l\u2019information tunisienne en temps r\u00e9el.","email":"redac@webdo.tn","legalName":"YNJ SARL","foundingDate":"2010-09-06","numberOfEmployees":{"@type":"QuantitativeValue","minValue":"11","maxValue":"50"}},{"@type":"Person","@id":"https:\/\/www.webdo.tn\/fr\/#\/schema\/person\/6bc0beba2cd23aec27cb5df85ca2554f","name":"Hatem Bourial","image":{"@type":"ImageObject","inLanguage":"fr-FR","@id":"https:\/\/www.webdo.tn\/fr\/wp-content\/uploads\/2026\/04\/hatem-bourial_avatar-96x96.jpg","url":"https:\/\/www.webdo.tn\/fr\/wp-content\/uploads\/2026\/04\/hatem-bourial_avatar-96x96.jpg","contentUrl":"https:\/\/www.webdo.tn\/fr\/wp-content\/uploads\/2026\/04\/hatem-bourial_avatar-96x96.jpg","caption":"Hatem Bourial"},"description":"Hatem Bourial est journaliste, \u00e9crivain et chroniqueur tunisien. Actif depuis plusieurs d\u00e9cennies, il s\u2019est impos\u00e9 comme un observateur attentif de la soci\u00e9t\u00e9 tunisienne, m\u00ealant dans ses \u00e9crits m\u00e9moire, culture et analyse du quotidien. Auteur de nombreux ouvrages, il d\u00e9veloppe une \u0153uvre \u00e0 la crois\u00e9e du r\u00e9cit, de la po\u00e9sie et de l\u2019observation sociologique. Parall\u00e8lement \u00e0 ses contributions dans la presse, il intervient r\u00e9guli\u00e8rement \u00e0 la radio et dans des espaces culturels, o\u00f9 il explore les enjeux li\u00e9s au patrimoine, \u00e0 l\u2019identit\u00e9 et aux transformations du monde contemporain. \u00c0 travers ses chroniques, Hatem Bourial propose une lecture sensible et approfondie de l\u2019actualit\u00e9, nourrie par une exp\u00e9rience journalistique et litt\u00e9raire reconnue. \ud83d\udd17 Facebook : https:\/\/www.facebook.com\/hatem.bourial.2025","sameAs":["https:\/\/www.facebook.com\/hatem.bourial.2025","https:\/\/fr.wikipedia.org\/wiki\/Fichier:Hatem_Bourial.jpg"],"knowsAbout":["Culture & patrimoine tunisien","Chronique soci\u00e9tale","Litt\u00e9rature & m\u00e9moire","Cin\u00e9ma & critique culturelle","Identit\u00e9 & mutations sociales"],"knowsLanguage":["Arabe","Fran\u00e7ais","Anglais","Italien","Polonais"],"jobTitle":"Journaliste, \u00e9crivain et chroniqueur culturel","worksFor":"Webdo","url":"https:\/\/www.webdo.tn\/fr\/actualite\/author\/hatem-bourial-2\/"}]}},"_links":{"self":[{"href":"https:\/\/www.webdo.tn\/fr\/wp-json\/wp\/v2\/posts\/397168","targetHints":{"allow":["GET"]}}],"collection":[{"href":"https:\/\/www.webdo.tn\/fr\/wp-json\/wp\/v2\/posts"}],"about":[{"href":"https:\/\/www.webdo.tn\/fr\/wp-json\/wp\/v2\/types\/post"}],"author":[{"embeddable":true,"href":"https:\/\/www.webdo.tn\/fr\/wp-json\/wp\/v2\/users\/3229"}],"replies":[{"embeddable":true,"href":"https:\/\/www.webdo.tn\/fr\/wp-json\/wp\/v2\/comments?post=397168"}],"version-history":[{"count":1,"href":"https:\/\/www.webdo.tn\/fr\/wp-json\/wp\/v2\/posts\/397168\/revisions"}],"predecessor-version":[{"id":397169,"href":"https:\/\/www.webdo.tn\/fr\/wp-json\/wp\/v2\/posts\/397168\/revisions\/397169"}],"wp:featuredmedia":[{"embeddable":true,"href":"https:\/\/www.webdo.tn\/fr\/wp-json\/wp\/v2\/media\/394365"}],"wp:attachment":[{"href":"https:\/\/www.webdo.tn\/fr\/wp-json\/wp\/v2\/media?parent=397168"}],"wp:term":[{"taxonomy":"category","embeddable":true,"href":"https:\/\/www.webdo.tn\/fr\/wp-json\/wp\/v2\/categories?post=397168"},{"taxonomy":"post_tag","embeddable":true,"href":"https:\/\/www.webdo.tn\/fr\/wp-json\/wp\/v2\/tags?post=397168"}],"curies":[{"name":"wp","href":"https:\/\/api.w.org\/{rel}","templated":true}]}}