{"id":397161,"date":"2026-05-01T10:28:15","date_gmt":"2026-05-01T09:28:15","guid":{"rendered":"https:\/\/www.webdo.tn\/fr\/?p=397161"},"modified":"2026-05-01T10:28:16","modified_gmt":"2026-05-01T09:28:16","slug":"la-baisse-de-linflation-ne-signifie-pas-une-diminution-des-prix-selon-le-ministre-de-leconomie","status":"publish","type":"post","link":"https:\/\/www.webdo.tn\/fr\/actualite\/national\/la-baisse-de-linflation-ne-signifie-pas-une-diminution-des-prix-selon-le-ministre-de-leconomie\/397161\/","title":{"rendered":"La baisse de l\u2019inflation ne signifie pas une diminution des prix, selon le ministre de l\u2019\u00c9conomie"},"content":{"rendered":"\n<p><strong>Le ministre de l\u2019\u00c9conomie et de la Planification, Samir Abdelhafidh, a affirm\u00e9 que l\u2019objectif central des politiques \u00e9conomiques est de produire un impact concret sur le quotidien des citoyens, notamment \u00e0 travers l\u2019am\u00e9lioration des services publics et la ma\u00eetrise du co\u00fbt de la vie, malgr\u00e9 une am\u00e9lioration de certains indicateurs.<\/strong><\/p>\n\n\n\n<p>S\u2019exprimant lors d\u2019une s\u00e9ance de dialogue avec les membres du Conseil national des r\u00e9gions et des districts, il a pr\u00e9cis\u00e9 que la baisse du taux d\u2019inflation \u00e0 environ 5 % ne signifie pas une diminution des prix, mais plut\u00f4t un ralentissement de leur hausse par rapport aux ann\u00e9es pr\u00e9c\u00e9dentes. <\/p>\n\n\n\n<h2 class=\"wp-block-heading\" id=\"h-volatilite-des-prix-sur-les-marches-internationaux\">Volatilit\u00e9 des prix sur les march\u00e9s internationaux<\/h2>\n\n\n\n<p>Il a expliqu\u00e9 que l\u2019augmentation touche principalement les produits alimentaires non subventionn\u00e9s, fortement li\u00e9s au panier du consommateur, en raison de facteurs externes comme la volatilit\u00e9 des prix sur les march\u00e9s internationaux, mais aussi de dysfonctionnements internes, notamment dans les circuits de distribution et les pratiques sp\u00e9culatives.<\/p>\n\n\n\n<p>Face \u00e0 cette situation, l\u2019\u00c9tat intensifie ses efforts pour encadrer les prix, en renfor\u00e7ant le contr\u00f4le des circuits de distribution et en luttant contre la sp\u00e9culation, tout en poursuivant des politiques visant \u00e0 am\u00e9liorer la croissance et le d\u00e9veloppement.<\/p>\n\n\n\n<p class=\"has-medium-font-size\"><strong>Lire aussi :<\/strong> <a href=\"https:\/\/www.webdo.tn\/fr\/actualite\/national\/tunisie-le-taux-dinflation-se-stabilise-a-5-en-mars-lalimentation-reste-sous-tension\/395805\/\">Tunisie : Le taux d\u2019inflation se stabilise \u00e0 5% en mars, l\u2019alimentation reste sous tension<\/a><br><\/p>\n\n\n\n<p>Sur le plan r\u00e9gional, le ministre a insist\u00e9 sur la n\u00e9cessit\u00e9 d\u2019un \u00e9quilibre dans la r\u00e9partition des ressources entre les diff\u00e9rentes r\u00e9gions, malgr\u00e9 des moyens limit\u00e9s. Il a indiqu\u00e9 que les crit\u00e8res adopt\u00e9s reposent \u00e0 la fois sur l\u2019indice de d\u00e9veloppement r\u00e9gional et sur le poids d\u00e9mographique. Dans ce cadre, les cr\u00e9dits allou\u00e9s au programme de d\u00e9veloppement r\u00e9gional seront port\u00e9s de 250 millions de dinars en 2025 \u00e0 300 millions en 2026, avec pour objectif d\u2019am\u00e9liorer les conditions de vie.<\/p>\n\n\n\n<h2 class=\"wp-block-heading\" id=\"h-simplifier-les-procedures-administratives\">Simplifier les proc\u00e9dures administratives <\/h2>\n\n\n\n<p>Concernant l\u2019investissement, il a soulign\u00e9 que le gouvernement \u0153uvre \u00e0 simplifier les proc\u00e9dures administratives et \u00e0 lever les obstacles li\u00e9s aux autorisations. Des avanc\u00e9es ont \u00e9t\u00e9 enregistr\u00e9es, notamment dans le traitement de certaines difficult\u00e9s rencontr\u00e9es par les investisseurs priv\u00e9s. <\/p>\n\n\n\n<p>Enfin, il a \u00e9voqu\u00e9 une orientation visant \u00e0 regrouper les structures administratives similaires afin de r\u00e9duire la fragmentation institutionnelle et d\u2019am\u00e9liorer l\u2019efficacit\u00e9, pr\u00e9cisant que plusieurs sc\u00e9narios sont \u00e0 l\u2019\u00e9tude, avec un objectif clair : privil\u00e9gier la performance et l\u2019efficacit\u00e9 dans la gouvernance de l\u2019investissement.<\/p>\n","protected":false},"excerpt":{"rendered":"<p>Le ministre de l\u2019\u00c9conomie et de la Planification, Samir Abdelhafidh, a affirm\u00e9 que l\u2019objectif central des politiques \u00e9conomiques est de produire un impact concret sur le quotidien des citoyens, notamment \u00e0 travers l\u2019am\u00e9lioration des services publics et la ma\u00eetrise du co\u00fbt de la vie, malgr\u00e9 une am\u00e9lioration de certains indicateurs. S\u2019exprimant lors d\u2019une s\u00e9ance de [&hellip;]<\/p>\n","protected":false},"author":3184,"featured_media":393385,"comment_status":"closed","ping_status":"closed","sticky":false,"template":"","format":"standard","meta":{"footnotes":""},"categories":[13163,44],"tags":[2610,2609,2608],"class_list":["post-397161","post","type-post","status-publish","format-standard","has-post-thumbnail","hentry","category-epingle","category-national","tag-inflation","tag-prix","tag-tunisie"],"yoast_head":"<!-- This site is optimized with the Yoast SEO Premium plugin v27.5 (Yoast SEO v27.5) - https:\/\/yoast.com\/product\/yoast-seo-premium-wordpress\/ -->\n<title>La baisse de l\u2019inflation ne signifie pas une diminution des prix, selon le ministre de l\u2019\u00c9conomie - webdo<\/title>\n<meta name=\"description\" content=\"D\u00e9couvrez comment l&#039;inflation influence le co\u00fbt de la vie et les services publics selon le ministre de l&#039;\u00c9conomie.\" \/>\n<link rel=\"canonical\" href=\"https:\/\/www.webdo.tn\/fr\/actualite\/national\/la-baisse-de-linflation-ne-signifie-pas-une-diminution-des-prix-selon-le-ministre-de-leconomie\/397161\/\" \/>\n<meta property=\"og:locale\" content=\"fr_FR\" \/>\n<meta property=\"og:type\" content=\"article\" \/>\n<meta property=\"og:title\" content=\"La baisse de l\u2019inflation ne signifie pas une diminution des prix, selon le ministre de l\u2019\u00c9conomie\" \/>\n<meta property=\"og:description\" content=\"D\u00e9couvrez comment l&#039;inflation influence le co\u00fbt de la vie et les services publics selon le ministre de l&#039;\u00c9conomie.\" \/>\n<meta property=\"og:url\" content=\"https:\/\/www.webdo.tn\/fr\/actualite\/national\/la-baisse-de-linflation-ne-signifie-pas-une-diminution-des-prix-selon-le-ministre-de-leconomie\/397161\/\" \/>\n<meta property=\"og:site_name\" content=\"webdo\" \/>\n<meta property=\"article:publisher\" content=\"https:\/\/www.facebook.com\/webdotn\" \/>\n<meta property=\"article:published_time\" content=\"2026-05-01T09:28:15+00:00\" \/>\n<meta property=\"article:modified_time\" content=\"2026-05-01T09:28:16+00:00\" \/>\n<meta property=\"og:image\" content=\"https:\/\/www.webdo.tn\/fr\/wp-content\/uploads\/2026\/02\/marche.jpg\" \/>\n\t<meta property=\"og:image:width\" content=\"1200\" \/>\n\t<meta property=\"og:image:height\" content=\"600\" \/>\n\t<meta property=\"og:image:type\" content=\"image\/jpeg\" \/>\n<meta name=\"author\" content=\"Wided Belhaj\" \/>\n<meta name=\"twitter:card\" content=\"summary_large_image\" \/>\n<meta name=\"twitter:creator\" content=\"@webdo_tn\" \/>\n<meta name=\"twitter:site\" content=\"@webdo_tn\" \/>\n<meta name=\"twitter:label1\" content=\"\u00c9crit par\" \/>\n\t<meta name=\"twitter:data1\" content=\"Wided Belhaj\" \/>\n\t<meta name=\"twitter:label2\" content=\"Dur\u00e9e de lecture estim\u00e9e\" \/>\n\t<meta name=\"twitter:data2\" content=\"3 minutes\" \/>\n<script type=\"application\/ld+json\" class=\"yoast-schema-graph\">{\"@context\":\"https:\\\/\\\/schema.org\",\"@graph\":[{\"@type\":\"NewsArticle\",\"@id\":\"https:\\\/\\\/www.webdo.tn\\\/fr\\\/actualite\\\/national\\\/la-baisse-de-linflation-ne-signifie-pas-une-diminution-des-prix-selon-le-ministre-de-leconomie\\\/397161\\\/#article\",\"isPartOf\":{\"@id\":\"https:\\\/\\\/www.webdo.tn\\\/fr\\\/actualite\\\/national\\\/la-baisse-de-linflation-ne-signifie-pas-une-diminution-des-prix-selon-le-ministre-de-leconomie\\\/397161\\\/\"},\"author\":{\"name\":\"Wided Belhaj\",\"@id\":\"https:\\\/\\\/www.webdo.tn\\\/fr\\\/#\\\/schema\\\/person\\\/b9ecde7a5574cb4fcf4b496ea5fadb15\"},\"headline\":\"La baisse de l\u2019inflation ne signifie pas une diminution des prix, selon le ministre de l\u2019\u00c9conomie\",\"datePublished\":\"2026-05-01T09:28:15+00:00\",\"dateModified\":\"2026-05-01T09:28:16+00:00\",\"mainEntityOfPage\":{\"@id\":\"https:\\\/\\\/www.webdo.tn\\\/fr\\\/actualite\\\/national\\\/la-baisse-de-linflation-ne-signifie-pas-une-diminution-des-prix-selon-le-ministre-de-leconomie\\\/397161\\\/\"},\"wordCount\":444,\"publisher\":{\"@id\":\"https:\\\/\\\/www.webdo.tn\\\/fr\\\/#organization\"},\"image\":{\"@id\":\"https:\\\/\\\/www.webdo.tn\\\/fr\\\/actualite\\\/national\\\/la-baisse-de-linflation-ne-signifie-pas-une-diminution-des-prix-selon-le-ministre-de-leconomie\\\/397161\\\/#primaryimage\"},\"thumbnailUrl\":\"https:\\\/\\\/www.webdo.tn\\\/fr\\\/wp-content\\\/uploads\\\/2026\\\/02\\\/marche.jpg\",\"keywords\":[\"inflation\",\"prix\",\"Tunisie\"],\"articleSection\":[\"\u00c9pingle\",\"National\"],\"inLanguage\":\"fr-FR\"},{\"@type\":\"WebPage\",\"@id\":\"https:\\\/\\\/www.webdo.tn\\\/fr\\\/actualite\\\/national\\\/la-baisse-de-linflation-ne-signifie-pas-une-diminution-des-prix-selon-le-ministre-de-leconomie\\\/397161\\\/\",\"url\":\"https:\\\/\\\/www.webdo.tn\\\/fr\\\/actualite\\\/national\\\/la-baisse-de-linflation-ne-signifie-pas-une-diminution-des-prix-selon-le-ministre-de-leconomie\\\/397161\\\/\",\"name\":\"La baisse de l\u2019inflation ne signifie pas une diminution des prix, selon le ministre de l\u2019\u00c9conomie - webdo\",\"isPartOf\":{\"@id\":\"https:\\\/\\\/www.webdo.tn\\\/fr\\\/#website\"},\"primaryImageOfPage\":{\"@id\":\"https:\\\/\\\/www.webdo.tn\\\/fr\\\/actualite\\\/national\\\/la-baisse-de-linflation-ne-signifie-pas-une-diminution-des-prix-selon-le-ministre-de-leconomie\\\/397161\\\/#primaryimage\"},\"image\":{\"@id\":\"https:\\\/\\\/www.webdo.tn\\\/fr\\\/actualite\\\/national\\\/la-baisse-de-linflation-ne-signifie-pas-une-diminution-des-prix-selon-le-ministre-de-leconomie\\\/397161\\\/#primaryimage\"},\"thumbnailUrl\":\"https:\\\/\\\/www.webdo.tn\\\/fr\\\/wp-content\\\/uploads\\\/2026\\\/02\\\/marche.jpg\",\"datePublished\":\"2026-05-01T09:28:15+00:00\",\"dateModified\":\"2026-05-01T09:28:16+00:00\",\"description\":\"D\u00e9couvrez comment l'inflation influence le co\u00fbt de la vie et les services publics selon le ministre de l'\u00c9conomie.\",\"breadcrumb\":{\"@id\":\"https:\\\/\\\/www.webdo.tn\\\/fr\\\/actualite\\\/national\\\/la-baisse-de-linflation-ne-signifie-pas-une-diminution-des-prix-selon-le-ministre-de-leconomie\\\/397161\\\/#breadcrumb\"},\"inLanguage\":\"fr-FR\",\"potentialAction\":[{\"@type\":\"ReadAction\",\"target\":[\"https:\\\/\\\/www.webdo.tn\\\/fr\\\/actualite\\\/national\\\/la-baisse-de-linflation-ne-signifie-pas-une-diminution-des-prix-selon-le-ministre-de-leconomie\\\/397161\\\/\"]}]},{\"@type\":\"ImageObject\",\"inLanguage\":\"fr-FR\",\"@id\":\"https:\\\/\\\/www.webdo.tn\\\/fr\\\/actualite\\\/national\\\/la-baisse-de-linflation-ne-signifie-pas-une-diminution-des-prix-selon-le-ministre-de-leconomie\\\/397161\\\/#primaryimage\",\"url\":\"https:\\\/\\\/www.webdo.tn\\\/fr\\\/wp-content\\\/uploads\\\/2026\\\/02\\\/marche.jpg\",\"contentUrl\":\"https:\\\/\\\/www.webdo.tn\\\/fr\\\/wp-content\\\/uploads\\\/2026\\\/02\\\/marche.jpg\",\"width\":1200,\"height\":600,\"caption\":\"March\u00e9 Tunisie\"},{\"@type\":\"BreadcrumbList\",\"@id\":\"https:\\\/\\\/www.webdo.tn\\\/fr\\\/actualite\\\/national\\\/la-baisse-de-linflation-ne-signifie-pas-une-diminution-des-prix-selon-le-ministre-de-leconomie\\\/397161\\\/#breadcrumb\",\"itemListElement\":[{\"@type\":\"ListItem\",\"position\":1,\"name\":\"Accueil\",\"item\":\"https:\\\/\\\/www.webdo.tn\\\/fr\\\/\"},{\"@type\":\"ListItem\",\"position\":2,\"name\":\"La baisse de l\u2019inflation ne signifie pas une diminution des prix, selon le ministre de l\u2019\u00c9conomie\"}]},{\"@type\":\"WebSite\",\"@id\":\"https:\\\/\\\/www.webdo.tn\\\/fr\\\/#website\",\"url\":\"https:\\\/\\\/www.webdo.tn\\\/fr\\\/\",\"name\":\"webdo\",\"description\":\"Tunisie - News en Tunisie et \u00e0 l&#039;international sur Webdo.tn\",\"publisher\":{\"@id\":\"https:\\\/\\\/www.webdo.tn\\\/fr\\\/#organization\"},\"potentialAction\":[{\"@type\":\"SearchAction\",\"target\":{\"@type\":\"EntryPoint\",\"urlTemplate\":\"https:\\\/\\\/www.webdo.tn\\\/fr\\\/?s={search_term_string}\"},\"query-input\":{\"@type\":\"PropertyValueSpecification\",\"valueRequired\":true,\"valueName\":\"search_term_string\"}}],\"inLanguage\":\"fr-FR\"},{\"@type\":\"Organization\",\"@id\":\"https:\\\/\\\/www.webdo.tn\\\/fr\\\/#organization\",\"name\":\"Webdo\",\"alternateName\":\"Webdo.tn\",\"url\":\"https:\\\/\\\/www.webdo.tn\\\/fr\\\/\",\"logo\":{\"@type\":\"ImageObject\",\"inLanguage\":\"fr-FR\",\"@id\":\"https:\\\/\\\/www.webdo.tn\\\/fr\\\/#\\\/schema\\\/logo\\\/image\\\/\",\"url\":\"https:\\\/\\\/www.webdo.tn\\\/fr\\\/wp-content\\\/uploads\\\/2025\\\/06\\\/Webdo-Tunisie_168377.jpg\",\"contentUrl\":\"https:\\\/\\\/www.webdo.tn\\\/fr\\\/wp-content\\\/uploads\\\/2025\\\/06\\\/Webdo-Tunisie_168377.jpg\",\"width\":301,\"height\":301,\"caption\":\"Webdo\"},\"image\":{\"@id\":\"https:\\\/\\\/www.webdo.tn\\\/fr\\\/#\\\/schema\\\/logo\\\/image\\\/\"},\"sameAs\":[\"https:\\\/\\\/www.facebook.com\\\/webdotn\",\"https:\\\/\\\/x.com\\\/webdo_tn\"],\"description\":\"Webdo est un m\u00e9dia num\u00e9rique tunisien fond\u00e9 en 2010, sp\u00e9cialis\u00e9 dans l\u2019actualit\u00e9 nationale et internationale, l\u2019\u00e9conomie, la soci\u00e9t\u00e9 et les analyses politiques. Le site s\u2019adresse \u00e0 un large public francophone et couvre l\u2019information tunisienne en temps r\u00e9el.\",\"email\":\"redac@webdo.tn\",\"legalName\":\"YNJ SARL\",\"foundingDate\":\"2010-09-06\",\"numberOfEmployees\":{\"@type\":\"QuantitativeValue\",\"minValue\":\"11\",\"maxValue\":\"50\"}},{\"@type\":\"Person\",\"@id\":\"https:\\\/\\\/www.webdo.tn\\\/fr\\\/#\\\/schema\\\/person\\\/b9ecde7a5574cb4fcf4b496ea5fadb15\",\"name\":\"Wided Belhaj\",\"image\":{\"@type\":\"ImageObject\",\"inLanguage\":\"fr-FR\",\"@id\":\"https:\\\/\\\/www.webdo.tn\\\/fr\\\/wp-content\\\/uploads\\\/2026\\\/04\\\/wided-belhaj_avatar-96x96.jpg\",\"url\":\"https:\\\/\\\/www.webdo.tn\\\/fr\\\/wp-content\\\/uploads\\\/2026\\\/04\\\/wided-belhaj_avatar-96x96.jpg\",\"contentUrl\":\"https:\\\/\\\/www.webdo.tn\\\/fr\\\/wp-content\\\/uploads\\\/2026\\\/04\\\/wided-belhaj_avatar-96x96.jpg\",\"caption\":\"Wided Belhaj\"},\"description\":\"Wided Belhaj est le pseudonyme \u00e9ditorial utilis\u00e9 par Khalil Jelassi, journaliste, ma\u00eetre-assistant \u00e0 l\u2019Institut de presse et des sciences de l\u2019information (IPSI) et chercheur en sciences de l\u2019information et de la communication. Cette signature est d\u00e9di\u00e9e \u00e0 l\u2019analyse des m\u00e9dias, des pratiques journalistiques et des mutations de l\u2019information \u00e0 l\u2019\u00e8re digitale. \u00c0 travers ses contributions, Wided Belhaj propose une lecture analytique de l\u2019actualit\u00e9, en croisant regard critique et expertise acad\u00e9mique.\",\"knowsAbout\":[\"m\u00e9dias\",\"journalisme\",\"communication\",\"information\",\"transformation num\u00e9rique\",\"analyse des m\u00e9dias\"],\"knowsLanguage\":[\"Fran\u00e7ais\",\"Arabe\"],\"jobTitle\":\"Webdo.tn\",\"worksFor\":\"Journaliste \u2013 Analyse des m\u00e9dias\",\"url\":\"https:\\\/\\\/www.webdo.tn\\\/fr\\\/actualite\\\/author\\\/wided-belhaj\\\/\"}]}<\/script>\n<!-- \/ Yoast SEO Premium plugin. -->","yoast_head_json":{"title":"La baisse de l\u2019inflation ne signifie pas une diminution des prix, selon le ministre de l\u2019\u00c9conomie - webdo","description":"D\u00e9couvrez comment l'inflation influence le co\u00fbt de la vie et les services publics selon le ministre de l'\u00c9conomie.","canonical":"https:\/\/www.webdo.tn\/fr\/actualite\/national\/la-baisse-de-linflation-ne-signifie-pas-une-diminution-des-prix-selon-le-ministre-de-leconomie\/397161\/","og_locale":"fr_FR","og_type":"article","og_title":"La baisse de l\u2019inflation ne signifie pas une diminution des prix, selon le ministre de l\u2019\u00c9conomie","og_description":"D\u00e9couvrez comment l'inflation influence le co\u00fbt de la vie et les services publics selon le ministre de l'\u00c9conomie.","og_url":"https:\/\/www.webdo.tn\/fr\/actualite\/national\/la-baisse-de-linflation-ne-signifie-pas-une-diminution-des-prix-selon-le-ministre-de-leconomie\/397161\/","og_site_name":"webdo","article_publisher":"https:\/\/www.facebook.com\/webdotn","article_published_time":"2026-05-01T09:28:15+00:00","article_modified_time":"2026-05-01T09:28:16+00:00","og_image":[{"width":1200,"height":600,"url":"https:\/\/www.webdo.tn\/fr\/wp-content\/uploads\/2026\/02\/marche.jpg","type":"image\/jpeg"}],"author":"Wided Belhaj","twitter_card":"summary_large_image","twitter_creator":"@webdo_tn","twitter_site":"@webdo_tn","twitter_misc":{"\u00c9crit par":"Wided Belhaj","Dur\u00e9e de lecture estim\u00e9e":"3 minutes"},"schema":{"@context":"https:\/\/schema.org","@graph":[{"@type":"NewsArticle","@id":"https:\/\/www.webdo.tn\/fr\/actualite\/national\/la-baisse-de-linflation-ne-signifie-pas-une-diminution-des-prix-selon-le-ministre-de-leconomie\/397161\/#article","isPartOf":{"@id":"https:\/\/www.webdo.tn\/fr\/actualite\/national\/la-baisse-de-linflation-ne-signifie-pas-une-diminution-des-prix-selon-le-ministre-de-leconomie\/397161\/"},"author":{"name":"Wided Belhaj","@id":"https:\/\/www.webdo.tn\/fr\/#\/schema\/person\/b9ecde7a5574cb4fcf4b496ea5fadb15"},"headline":"La baisse de l\u2019inflation ne signifie pas une diminution des prix, selon le ministre de l\u2019\u00c9conomie","datePublished":"2026-05-01T09:28:15+00:00","dateModified":"2026-05-01T09:28:16+00:00","mainEntityOfPage":{"@id":"https:\/\/www.webdo.tn\/fr\/actualite\/national\/la-baisse-de-linflation-ne-signifie-pas-une-diminution-des-prix-selon-le-ministre-de-leconomie\/397161\/"},"wordCount":444,"publisher":{"@id":"https:\/\/www.webdo.tn\/fr\/#organization"},"image":{"@id":"https:\/\/www.webdo.tn\/fr\/actualite\/national\/la-baisse-de-linflation-ne-signifie-pas-une-diminution-des-prix-selon-le-ministre-de-leconomie\/397161\/#primaryimage"},"thumbnailUrl":"https:\/\/www.webdo.tn\/fr\/wp-content\/uploads\/2026\/02\/marche.jpg","keywords":["inflation","prix","Tunisie"],"articleSection":["\u00c9pingle","National"],"inLanguage":"fr-FR"},{"@type":"WebPage","@id":"https:\/\/www.webdo.tn\/fr\/actualite\/national\/la-baisse-de-linflation-ne-signifie-pas-une-diminution-des-prix-selon-le-ministre-de-leconomie\/397161\/","url":"https:\/\/www.webdo.tn\/fr\/actualite\/national\/la-baisse-de-linflation-ne-signifie-pas-une-diminution-des-prix-selon-le-ministre-de-leconomie\/397161\/","name":"La baisse de l\u2019inflation ne signifie pas une diminution des prix, selon le ministre de l\u2019\u00c9conomie - webdo","isPartOf":{"@id":"https:\/\/www.webdo.tn\/fr\/#website"},"primaryImageOfPage":{"@id":"https:\/\/www.webdo.tn\/fr\/actualite\/national\/la-baisse-de-linflation-ne-signifie-pas-une-diminution-des-prix-selon-le-ministre-de-leconomie\/397161\/#primaryimage"},"image":{"@id":"https:\/\/www.webdo.tn\/fr\/actualite\/national\/la-baisse-de-linflation-ne-signifie-pas-une-diminution-des-prix-selon-le-ministre-de-leconomie\/397161\/#primaryimage"},"thumbnailUrl":"https:\/\/www.webdo.tn\/fr\/wp-content\/uploads\/2026\/02\/marche.jpg","datePublished":"2026-05-01T09:28:15+00:00","dateModified":"2026-05-01T09:28:16+00:00","description":"D\u00e9couvrez comment l'inflation influence le co\u00fbt de la vie et les services publics selon le ministre de l'\u00c9conomie.","breadcrumb":{"@id":"https:\/\/www.webdo.tn\/fr\/actualite\/national\/la-baisse-de-linflation-ne-signifie-pas-une-diminution-des-prix-selon-le-ministre-de-leconomie\/397161\/#breadcrumb"},"inLanguage":"fr-FR","potentialAction":[{"@type":"ReadAction","target":["https:\/\/www.webdo.tn\/fr\/actualite\/national\/la-baisse-de-linflation-ne-signifie-pas-une-diminution-des-prix-selon-le-ministre-de-leconomie\/397161\/"]}]},{"@type":"ImageObject","inLanguage":"fr-FR","@id":"https:\/\/www.webdo.tn\/fr\/actualite\/national\/la-baisse-de-linflation-ne-signifie-pas-une-diminution-des-prix-selon-le-ministre-de-leconomie\/397161\/#primaryimage","url":"https:\/\/www.webdo.tn\/fr\/wp-content\/uploads\/2026\/02\/marche.jpg","contentUrl":"https:\/\/www.webdo.tn\/fr\/wp-content\/uploads\/2026\/02\/marche.jpg","width":1200,"height":600,"caption":"March\u00e9 Tunisie"},{"@type":"BreadcrumbList","@id":"https:\/\/www.webdo.tn\/fr\/actualite\/national\/la-baisse-de-linflation-ne-signifie-pas-une-diminution-des-prix-selon-le-ministre-de-leconomie\/397161\/#breadcrumb","itemListElement":[{"@type":"ListItem","position":1,"name":"Accueil","item":"https:\/\/www.webdo.tn\/fr\/"},{"@type":"ListItem","position":2,"name":"La baisse de l\u2019inflation ne signifie pas une diminution des prix, selon le ministre de l\u2019\u00c9conomie"}]},{"@type":"WebSite","@id":"https:\/\/www.webdo.tn\/fr\/#website","url":"https:\/\/www.webdo.tn\/fr\/","name":"webdo","description":"Tunisie - News en Tunisie et \u00e0 l&#039;international sur Webdo.tn","publisher":{"@id":"https:\/\/www.webdo.tn\/fr\/#organization"},"potentialAction":[{"@type":"SearchAction","target":{"@type":"EntryPoint","urlTemplate":"https:\/\/www.webdo.tn\/fr\/?s={search_term_string}"},"query-input":{"@type":"PropertyValueSpecification","valueRequired":true,"valueName":"search_term_string"}}],"inLanguage":"fr-FR"},{"@type":"Organization","@id":"https:\/\/www.webdo.tn\/fr\/#organization","name":"Webdo","alternateName":"Webdo.tn","url":"https:\/\/www.webdo.tn\/fr\/","logo":{"@type":"ImageObject","inLanguage":"fr-FR","@id":"https:\/\/www.webdo.tn\/fr\/#\/schema\/logo\/image\/","url":"https:\/\/www.webdo.tn\/fr\/wp-content\/uploads\/2025\/06\/Webdo-Tunisie_168377.jpg","contentUrl":"https:\/\/www.webdo.tn\/fr\/wp-content\/uploads\/2025\/06\/Webdo-Tunisie_168377.jpg","width":301,"height":301,"caption":"Webdo"},"image":{"@id":"https:\/\/www.webdo.tn\/fr\/#\/schema\/logo\/image\/"},"sameAs":["https:\/\/www.facebook.com\/webdotn","https:\/\/x.com\/webdo_tn"],"description":"Webdo est un m\u00e9dia num\u00e9rique tunisien fond\u00e9 en 2010, sp\u00e9cialis\u00e9 dans l\u2019actualit\u00e9 nationale et internationale, l\u2019\u00e9conomie, la soci\u00e9t\u00e9 et les analyses politiques. Le site s\u2019adresse \u00e0 un large public francophone et couvre l\u2019information tunisienne en temps r\u00e9el.","email":"redac@webdo.tn","legalName":"YNJ SARL","foundingDate":"2010-09-06","numberOfEmployees":{"@type":"QuantitativeValue","minValue":"11","maxValue":"50"}},{"@type":"Person","@id":"https:\/\/www.webdo.tn\/fr\/#\/schema\/person\/b9ecde7a5574cb4fcf4b496ea5fadb15","name":"Wided Belhaj","image":{"@type":"ImageObject","inLanguage":"fr-FR","@id":"https:\/\/www.webdo.tn\/fr\/wp-content\/uploads\/2026\/04\/wided-belhaj_avatar-96x96.jpg","url":"https:\/\/www.webdo.tn\/fr\/wp-content\/uploads\/2026\/04\/wided-belhaj_avatar-96x96.jpg","contentUrl":"https:\/\/www.webdo.tn\/fr\/wp-content\/uploads\/2026\/04\/wided-belhaj_avatar-96x96.jpg","caption":"Wided Belhaj"},"description":"Wided Belhaj est le pseudonyme \u00e9ditorial utilis\u00e9 par Khalil Jelassi, journaliste, ma\u00eetre-assistant \u00e0 l\u2019Institut de presse et des sciences de l\u2019information (IPSI) et chercheur en sciences de l\u2019information et de la communication. Cette signature est d\u00e9di\u00e9e \u00e0 l\u2019analyse des m\u00e9dias, des pratiques journalistiques et des mutations de l\u2019information \u00e0 l\u2019\u00e8re digitale. \u00c0 travers ses contributions, Wided Belhaj propose une lecture analytique de l\u2019actualit\u00e9, en croisant regard critique et expertise acad\u00e9mique.","knowsAbout":["m\u00e9dias","journalisme","communication","information","transformation num\u00e9rique","analyse des m\u00e9dias"],"knowsLanguage":["Fran\u00e7ais","Arabe"],"jobTitle":"Webdo.tn","worksFor":"Journaliste \u2013 Analyse des m\u00e9dias","url":"https:\/\/www.webdo.tn\/fr\/actualite\/author\/wided-belhaj\/"}]}},"_links":{"self":[{"href":"https:\/\/www.webdo.tn\/fr\/wp-json\/wp\/v2\/posts\/397161","targetHints":{"allow":["GET"]}}],"collection":[{"href":"https:\/\/www.webdo.tn\/fr\/wp-json\/wp\/v2\/posts"}],"about":[{"href":"https:\/\/www.webdo.tn\/fr\/wp-json\/wp\/v2\/types\/post"}],"author":[{"embeddable":true,"href":"https:\/\/www.webdo.tn\/fr\/wp-json\/wp\/v2\/users\/3184"}],"replies":[{"embeddable":true,"href":"https:\/\/www.webdo.tn\/fr\/wp-json\/wp\/v2\/comments?post=397161"}],"version-history":[{"count":1,"href":"https:\/\/www.webdo.tn\/fr\/wp-json\/wp\/v2\/posts\/397161\/revisions"}],"predecessor-version":[{"id":397162,"href":"https:\/\/www.webdo.tn\/fr\/wp-json\/wp\/v2\/posts\/397161\/revisions\/397162"}],"wp:featuredmedia":[{"embeddable":true,"href":"https:\/\/www.webdo.tn\/fr\/wp-json\/wp\/v2\/media\/393385"}],"wp:attachment":[{"href":"https:\/\/www.webdo.tn\/fr\/wp-json\/wp\/v2\/media?parent=397161"}],"wp:term":[{"taxonomy":"category","embeddable":true,"href":"https:\/\/www.webdo.tn\/fr\/wp-json\/wp\/v2\/categories?post=397161"},{"taxonomy":"post_tag","embeddable":true,"href":"https:\/\/www.webdo.tn\/fr\/wp-json\/wp\/v2\/tags?post=397161"}],"curies":[{"name":"wp","href":"https:\/\/api.w.org\/{rel}","templated":true}]}}