{"id":397151,"date":"2026-05-01T09:48:04","date_gmt":"2026-05-01T08:48:04","guid":{"rendered":"https:\/\/www.webdo.tn\/fr\/?p=397151"},"modified":"2026-05-01T09:48:05","modified_gmt":"2026-05-01T08:48:05","slug":"bus-algerien-renverse-a-medjez-el-bab-un-mort-et-une-cinquantaine-de-blesses","status":"publish","type":"post","link":"https:\/\/www.webdo.tn\/fr\/actualite\/regions\/bus-algerien-renverse-a-medjez-el-bab-un-mort-et-une-cinquantaine-de-blesses\/397151\/","title":{"rendered":"Bus alg\u00e9rien renvers\u00e9 \u00e0 Medjez el-Bab : Un mort et une cinquantaine de bless\u00e9s"},"content":{"rendered":"\n<p><strong>Un grave accident de la route s\u2019est produit, vendredi 1er mai 2026 au matin, sur l\u2019autoroute reliant B\u00e9ja \u00e0 Tunis, au niveau de la r\u00e9gion de Medjez el-Bab. Un bus touristique immatricul\u00e9 en Alg\u00e9rie, transportant 52 passagers, s\u2019est renvers\u00e9 dans des circonstances encore \u00e0 pr\u00e9ciser, rapporte Diwan FM. <\/strong><\/p>\n\n\n\n<p>Selon une source de la protection civile, le bilan fait \u00e9tat d\u2019un d\u00e9c\u00e8s et de 51 bless\u00e9s, dont certains pr\u00e9sentent des blessures de gravit\u00e9 variable. L\u2019ampleur de l\u2019accident a mobilis\u00e9 d\u2019importants moyens de secours.<\/p>\n\n\n\n<h2 class=\"wp-block-heading\" id=\"h-assurer-les-operations-de-secours\">Assurer les op\u00e9rations de secours<\/h2>\n\n\n\n<p>La majorit\u00e9 des victimes a \u00e9t\u00e9 transf\u00e9r\u00e9e vers l\u2019h\u00f4pital r\u00e9gional de Medjez el-Bab pour recevoir les soins n\u00e9cessaires. Les unit\u00e9s de la protection civile sont intervenues rapidement sur les lieux afin d\u2019assurer les op\u00e9rations de secours, d\u2019\u00e9vacuation et de prise en charge des passagers.<\/p>\n\n\n\n<p>Une enqu\u00eate devrait \u00eatre ouverte pour d\u00e9terminer les causes exactes de cet accident, survenu sur un axe routier tr\u00e8s fr\u00e9quent\u00e9, notamment par les bus touristiques reliant la Tunisie aux pays voisins.<\/p>\n\n\n\n<p><strong>Lire aussi :<\/strong>\u00a0<a href=\"https:\/\/www.webdo.tn\/fr\/actualite\/national\/tunisie-les-accidents-de-la-route-repartent-a-la-hausse-en-2025\/382006\/\">Tunisie : les accidents de la route repartent \u00e0 la hausse en 2025<\/a><\/p>\n","protected":false},"excerpt":{"rendered":"<p>Un grave accident de la route s\u2019est produit, vendredi 1er mai 2026 au matin, sur l\u2019autoroute reliant B\u00e9ja \u00e0 Tunis, au niveau de la r\u00e9gion de Medjez el-Bab. Un bus touristique immatricul\u00e9 en Alg\u00e9rie, transportant 52 passagers, s\u2019est renvers\u00e9 dans des circonstances encore \u00e0 pr\u00e9ciser, rapporte Diwan FM. Selon une source de la protection civile, [&hellip;]<\/p>\n","protected":false},"author":3184,"featured_media":397152,"comment_status":"closed","ping_status":"closed","sticky":false,"template":"","format":"standard","meta":{"footnotes":""},"categories":[2595],"tags":[3915,3403,2608],"class_list":["post-397151","post","type-post","status-publish","format-standard","has-post-thumbnail","hentry","category-regions","tag-accident","tag-bus","tag-tunisie"],"yoast_head":"<!-- This site is optimized with the Yoast SEO Premium plugin v27.5 (Yoast SEO v27.5) - https:\/\/yoast.com\/product\/yoast-seo-premium-wordpress\/ -->\n<title>Bus alg\u00e9rien renvers\u00e9 \u00e0 Medjez el-Bab : Un mort et une cinquantaine de bless\u00e9s - webdo<\/title>\n<meta name=\"description\" content=\"Un grave accident de bus a eu lieu sur l&#039;autoroute entre B\u00e9ja et Tunis, causant un d\u00e9c\u00e8s et de nombreux bless\u00e9s.\" \/>\n<link rel=\"canonical\" href=\"https:\/\/www.webdo.tn\/fr\/actualite\/regions\/bus-algerien-renverse-a-medjez-el-bab-un-mort-et-une-cinquantaine-de-blesses\/397151\/\" \/>\n<meta property=\"og:locale\" content=\"fr_FR\" \/>\n<meta property=\"og:type\" content=\"article\" \/>\n<meta property=\"og:title\" content=\"Bus alg\u00e9rien renvers\u00e9 \u00e0 Medjez el-Bab : Un mort et une cinquantaine de bless\u00e9s\" \/>\n<meta property=\"og:description\" content=\"Un grave accident de bus a eu lieu sur l&#039;autoroute entre B\u00e9ja et Tunis, causant un d\u00e9c\u00e8s et de nombreux bless\u00e9s.\" \/>\n<meta property=\"og:url\" content=\"https:\/\/www.webdo.tn\/fr\/actualite\/regions\/bus-algerien-renverse-a-medjez-el-bab-un-mort-et-une-cinquantaine-de-blesses\/397151\/\" \/>\n<meta property=\"og:site_name\" content=\"webdo\" \/>\n<meta property=\"article:publisher\" content=\"https:\/\/www.facebook.com\/webdotn\" \/>\n<meta property=\"article:published_time\" content=\"2026-05-01T08:48:04+00:00\" \/>\n<meta property=\"article:modified_time\" content=\"2026-05-01T08:48:05+00:00\" \/>\n<meta property=\"og:image\" content=\"https:\/\/www.webdo.tn\/fr\/wp-content\/uploads\/2026\/05\/accident.jpg\" \/>\n\t<meta property=\"og:image:width\" content=\"1200\" \/>\n\t<meta property=\"og:image:height\" content=\"603\" \/>\n\t<meta property=\"og:image:type\" content=\"image\/jpeg\" \/>\n<meta name=\"author\" content=\"Wided Belhaj\" \/>\n<meta name=\"twitter:card\" content=\"summary_large_image\" \/>\n<meta name=\"twitter:creator\" content=\"@webdo_tn\" \/>\n<meta name=\"twitter:site\" content=\"@webdo_tn\" \/>\n<meta name=\"twitter:label1\" content=\"\u00c9crit par\" \/>\n\t<meta name=\"twitter:data1\" content=\"Wided Belhaj\" \/>\n\t<meta name=\"twitter:label2\" content=\"Dur\u00e9e de lecture estim\u00e9e\" \/>\n\t<meta name=\"twitter:data2\" content=\"2 minutes\" \/>\n<script type=\"application\/ld+json\" class=\"yoast-schema-graph\">{\"@context\":\"https:\\\/\\\/schema.org\",\"@graph\":[{\"@type\":\"NewsArticle\",\"@id\":\"https:\\\/\\\/www.webdo.tn\\\/fr\\\/actualite\\\/regions\\\/bus-algerien-renverse-a-medjez-el-bab-un-mort-et-une-cinquantaine-de-blesses\\\/397151\\\/#article\",\"isPartOf\":{\"@id\":\"https:\\\/\\\/www.webdo.tn\\\/fr\\\/actualite\\\/regions\\\/bus-algerien-renverse-a-medjez-el-bab-un-mort-et-une-cinquantaine-de-blesses\\\/397151\\\/\"},\"author\":{\"name\":\"Wided Belhaj\",\"@id\":\"https:\\\/\\\/www.webdo.tn\\\/fr\\\/#\\\/schema\\\/person\\\/b9ecde7a5574cb4fcf4b496ea5fadb15\"},\"headline\":\"Bus alg\u00e9rien renvers\u00e9 \u00e0 Medjez el-Bab : Un mort et une cinquantaine de bless\u00e9s\",\"datePublished\":\"2026-05-01T08:48:04+00:00\",\"dateModified\":\"2026-05-01T08:48:05+00:00\",\"mainEntityOfPage\":{\"@id\":\"https:\\\/\\\/www.webdo.tn\\\/fr\\\/actualite\\\/regions\\\/bus-algerien-renverse-a-medjez-el-bab-un-mort-et-une-cinquantaine-de-blesses\\\/397151\\\/\"},\"wordCount\":213,\"publisher\":{\"@id\":\"https:\\\/\\\/www.webdo.tn\\\/fr\\\/#organization\"},\"image\":{\"@id\":\"https:\\\/\\\/www.webdo.tn\\\/fr\\\/actualite\\\/regions\\\/bus-algerien-renverse-a-medjez-el-bab-un-mort-et-une-cinquantaine-de-blesses\\\/397151\\\/#primaryimage\"},\"thumbnailUrl\":\"https:\\\/\\\/www.webdo.tn\\\/fr\\\/wp-content\\\/uploads\\\/2026\\\/05\\\/accident.jpg\",\"keywords\":[\"accident\",\"Bus\",\"Tunisie\"],\"articleSection\":[\"regions\"],\"inLanguage\":\"fr-FR\"},{\"@type\":\"WebPage\",\"@id\":\"https:\\\/\\\/www.webdo.tn\\\/fr\\\/actualite\\\/regions\\\/bus-algerien-renverse-a-medjez-el-bab-un-mort-et-une-cinquantaine-de-blesses\\\/397151\\\/\",\"url\":\"https:\\\/\\\/www.webdo.tn\\\/fr\\\/actualite\\\/regions\\\/bus-algerien-renverse-a-medjez-el-bab-un-mort-et-une-cinquantaine-de-blesses\\\/397151\\\/\",\"name\":\"Bus alg\u00e9rien renvers\u00e9 \u00e0 Medjez el-Bab : Un mort et une cinquantaine de bless\u00e9s - webdo\",\"isPartOf\":{\"@id\":\"https:\\\/\\\/www.webdo.tn\\\/fr\\\/#website\"},\"primaryImageOfPage\":{\"@id\":\"https:\\\/\\\/www.webdo.tn\\\/fr\\\/actualite\\\/regions\\\/bus-algerien-renverse-a-medjez-el-bab-un-mort-et-une-cinquantaine-de-blesses\\\/397151\\\/#primaryimage\"},\"image\":{\"@id\":\"https:\\\/\\\/www.webdo.tn\\\/fr\\\/actualite\\\/regions\\\/bus-algerien-renverse-a-medjez-el-bab-un-mort-et-une-cinquantaine-de-blesses\\\/397151\\\/#primaryimage\"},\"thumbnailUrl\":\"https:\\\/\\\/www.webdo.tn\\\/fr\\\/wp-content\\\/uploads\\\/2026\\\/05\\\/accident.jpg\",\"datePublished\":\"2026-05-01T08:48:04+00:00\",\"dateModified\":\"2026-05-01T08:48:05+00:00\",\"description\":\"Un grave accident de bus a eu lieu sur l'autoroute entre B\u00e9ja et Tunis, causant un d\u00e9c\u00e8s et de nombreux bless\u00e9s.\",\"breadcrumb\":{\"@id\":\"https:\\\/\\\/www.webdo.tn\\\/fr\\\/actualite\\\/regions\\\/bus-algerien-renverse-a-medjez-el-bab-un-mort-et-une-cinquantaine-de-blesses\\\/397151\\\/#breadcrumb\"},\"inLanguage\":\"fr-FR\",\"potentialAction\":[{\"@type\":\"ReadAction\",\"target\":[\"https:\\\/\\\/www.webdo.tn\\\/fr\\\/actualite\\\/regions\\\/bus-algerien-renverse-a-medjez-el-bab-un-mort-et-une-cinquantaine-de-blesses\\\/397151\\\/\"]}]},{\"@type\":\"ImageObject\",\"inLanguage\":\"fr-FR\",\"@id\":\"https:\\\/\\\/www.webdo.tn\\\/fr\\\/actualite\\\/regions\\\/bus-algerien-renverse-a-medjez-el-bab-un-mort-et-une-cinquantaine-de-blesses\\\/397151\\\/#primaryimage\",\"url\":\"https:\\\/\\\/www.webdo.tn\\\/fr\\\/wp-content\\\/uploads\\\/2026\\\/05\\\/accident.jpg\",\"contentUrl\":\"https:\\\/\\\/www.webdo.tn\\\/fr\\\/wp-content\\\/uploads\\\/2026\\\/05\\\/accident.jpg\",\"width\":1200,\"height\":603,\"caption\":\"Accident Bus\"},{\"@type\":\"BreadcrumbList\",\"@id\":\"https:\\\/\\\/www.webdo.tn\\\/fr\\\/actualite\\\/regions\\\/bus-algerien-renverse-a-medjez-el-bab-un-mort-et-une-cinquantaine-de-blesses\\\/397151\\\/#breadcrumb\",\"itemListElement\":[{\"@type\":\"ListItem\",\"position\":1,\"name\":\"Accueil\",\"item\":\"https:\\\/\\\/www.webdo.tn\\\/fr\\\/\"},{\"@type\":\"ListItem\",\"position\":2,\"name\":\"Bus alg\u00e9rien renvers\u00e9 \u00e0 Medjez el-Bab : Un mort et une cinquantaine de bless\u00e9s\"}]},{\"@type\":\"WebSite\",\"@id\":\"https:\\\/\\\/www.webdo.tn\\\/fr\\\/#website\",\"url\":\"https:\\\/\\\/www.webdo.tn\\\/fr\\\/\",\"name\":\"webdo\",\"description\":\"Tunisie - News en Tunisie et \u00e0 l&#039;international sur Webdo.tn\",\"publisher\":{\"@id\":\"https:\\\/\\\/www.webdo.tn\\\/fr\\\/#organization\"},\"potentialAction\":[{\"@type\":\"SearchAction\",\"target\":{\"@type\":\"EntryPoint\",\"urlTemplate\":\"https:\\\/\\\/www.webdo.tn\\\/fr\\\/?s={search_term_string}\"},\"query-input\":{\"@type\":\"PropertyValueSpecification\",\"valueRequired\":true,\"valueName\":\"search_term_string\"}}],\"inLanguage\":\"fr-FR\"},{\"@type\":\"Organization\",\"@id\":\"https:\\\/\\\/www.webdo.tn\\\/fr\\\/#organization\",\"name\":\"Webdo\",\"alternateName\":\"Webdo.tn\",\"url\":\"https:\\\/\\\/www.webdo.tn\\\/fr\\\/\",\"logo\":{\"@type\":\"ImageObject\",\"inLanguage\":\"fr-FR\",\"@id\":\"https:\\\/\\\/www.webdo.tn\\\/fr\\\/#\\\/schema\\\/logo\\\/image\\\/\",\"url\":\"https:\\\/\\\/www.webdo.tn\\\/fr\\\/wp-content\\\/uploads\\\/2025\\\/06\\\/Webdo-Tunisie_168377.jpg\",\"contentUrl\":\"https:\\\/\\\/www.webdo.tn\\\/fr\\\/wp-content\\\/uploads\\\/2025\\\/06\\\/Webdo-Tunisie_168377.jpg\",\"width\":301,\"height\":301,\"caption\":\"Webdo\"},\"image\":{\"@id\":\"https:\\\/\\\/www.webdo.tn\\\/fr\\\/#\\\/schema\\\/logo\\\/image\\\/\"},\"sameAs\":[\"https:\\\/\\\/www.facebook.com\\\/webdotn\",\"https:\\\/\\\/x.com\\\/webdo_tn\"],\"description\":\"Webdo est un m\u00e9dia num\u00e9rique tunisien fond\u00e9 en 2010, sp\u00e9cialis\u00e9 dans l\u2019actualit\u00e9 nationale et internationale, l\u2019\u00e9conomie, la soci\u00e9t\u00e9 et les analyses politiques. Le site s\u2019adresse \u00e0 un large public francophone et couvre l\u2019information tunisienne en temps r\u00e9el.\",\"email\":\"redac@webdo.tn\",\"legalName\":\"YNJ SARL\",\"foundingDate\":\"2010-09-06\",\"numberOfEmployees\":{\"@type\":\"QuantitativeValue\",\"minValue\":\"11\",\"maxValue\":\"50\"}},{\"@type\":\"Person\",\"@id\":\"https:\\\/\\\/www.webdo.tn\\\/fr\\\/#\\\/schema\\\/person\\\/b9ecde7a5574cb4fcf4b496ea5fadb15\",\"name\":\"Wided Belhaj\",\"image\":{\"@type\":\"ImageObject\",\"inLanguage\":\"fr-FR\",\"@id\":\"https:\\\/\\\/www.webdo.tn\\\/fr\\\/wp-content\\\/uploads\\\/2026\\\/04\\\/wided-belhaj_avatar-96x96.jpg\",\"url\":\"https:\\\/\\\/www.webdo.tn\\\/fr\\\/wp-content\\\/uploads\\\/2026\\\/04\\\/wided-belhaj_avatar-96x96.jpg\",\"contentUrl\":\"https:\\\/\\\/www.webdo.tn\\\/fr\\\/wp-content\\\/uploads\\\/2026\\\/04\\\/wided-belhaj_avatar-96x96.jpg\",\"caption\":\"Wided Belhaj\"},\"description\":\"Wided Belhaj est le pseudonyme \u00e9ditorial utilis\u00e9 par Khalil Jelassi, journaliste, ma\u00eetre-assistant \u00e0 l\u2019Institut de presse et des sciences de l\u2019information (IPSI) et chercheur en sciences de l\u2019information et de la communication. Cette signature est d\u00e9di\u00e9e \u00e0 l\u2019analyse des m\u00e9dias, des pratiques journalistiques et des mutations de l\u2019information \u00e0 l\u2019\u00e8re digitale. \u00c0 travers ses contributions, Wided Belhaj propose une lecture analytique de l\u2019actualit\u00e9, en croisant regard critique et expertise acad\u00e9mique.\",\"knowsAbout\":[\"m\u00e9dias\",\"journalisme\",\"communication\",\"information\",\"transformation num\u00e9rique\",\"analyse des m\u00e9dias\"],\"knowsLanguage\":[\"Fran\u00e7ais\",\"Arabe\"],\"jobTitle\":\"Webdo.tn\",\"worksFor\":\"Journaliste \u2013 Analyse des m\u00e9dias\",\"url\":\"https:\\\/\\\/www.webdo.tn\\\/fr\\\/actualite\\\/author\\\/wided-belhaj\\\/\"}]}<\/script>\n<!-- \/ Yoast SEO Premium plugin. -->","yoast_head_json":{"title":"Bus alg\u00e9rien renvers\u00e9 \u00e0 Medjez el-Bab : Un mort et une cinquantaine de bless\u00e9s - webdo","description":"Un grave accident de bus a eu lieu sur l'autoroute entre B\u00e9ja et Tunis, causant un d\u00e9c\u00e8s et de nombreux bless\u00e9s.","canonical":"https:\/\/www.webdo.tn\/fr\/actualite\/regions\/bus-algerien-renverse-a-medjez-el-bab-un-mort-et-une-cinquantaine-de-blesses\/397151\/","og_locale":"fr_FR","og_type":"article","og_title":"Bus alg\u00e9rien renvers\u00e9 \u00e0 Medjez el-Bab : Un mort et une cinquantaine de bless\u00e9s","og_description":"Un grave accident de bus a eu lieu sur l'autoroute entre B\u00e9ja et Tunis, causant un d\u00e9c\u00e8s et de nombreux bless\u00e9s.","og_url":"https:\/\/www.webdo.tn\/fr\/actualite\/regions\/bus-algerien-renverse-a-medjez-el-bab-un-mort-et-une-cinquantaine-de-blesses\/397151\/","og_site_name":"webdo","article_publisher":"https:\/\/www.facebook.com\/webdotn","article_published_time":"2026-05-01T08:48:04+00:00","article_modified_time":"2026-05-01T08:48:05+00:00","og_image":[{"width":1200,"height":603,"url":"https:\/\/www.webdo.tn\/fr\/wp-content\/uploads\/2026\/05\/accident.jpg","type":"image\/jpeg"}],"author":"Wided Belhaj","twitter_card":"summary_large_image","twitter_creator":"@webdo_tn","twitter_site":"@webdo_tn","twitter_misc":{"\u00c9crit par":"Wided Belhaj","Dur\u00e9e de lecture estim\u00e9e":"2 minutes"},"schema":{"@context":"https:\/\/schema.org","@graph":[{"@type":"NewsArticle","@id":"https:\/\/www.webdo.tn\/fr\/actualite\/regions\/bus-algerien-renverse-a-medjez-el-bab-un-mort-et-une-cinquantaine-de-blesses\/397151\/#article","isPartOf":{"@id":"https:\/\/www.webdo.tn\/fr\/actualite\/regions\/bus-algerien-renverse-a-medjez-el-bab-un-mort-et-une-cinquantaine-de-blesses\/397151\/"},"author":{"name":"Wided Belhaj","@id":"https:\/\/www.webdo.tn\/fr\/#\/schema\/person\/b9ecde7a5574cb4fcf4b496ea5fadb15"},"headline":"Bus alg\u00e9rien renvers\u00e9 \u00e0 Medjez el-Bab : Un mort et une cinquantaine de bless\u00e9s","datePublished":"2026-05-01T08:48:04+00:00","dateModified":"2026-05-01T08:48:05+00:00","mainEntityOfPage":{"@id":"https:\/\/www.webdo.tn\/fr\/actualite\/regions\/bus-algerien-renverse-a-medjez-el-bab-un-mort-et-une-cinquantaine-de-blesses\/397151\/"},"wordCount":213,"publisher":{"@id":"https:\/\/www.webdo.tn\/fr\/#organization"},"image":{"@id":"https:\/\/www.webdo.tn\/fr\/actualite\/regions\/bus-algerien-renverse-a-medjez-el-bab-un-mort-et-une-cinquantaine-de-blesses\/397151\/#primaryimage"},"thumbnailUrl":"https:\/\/www.webdo.tn\/fr\/wp-content\/uploads\/2026\/05\/accident.jpg","keywords":["accident","Bus","Tunisie"],"articleSection":["regions"],"inLanguage":"fr-FR"},{"@type":"WebPage","@id":"https:\/\/www.webdo.tn\/fr\/actualite\/regions\/bus-algerien-renverse-a-medjez-el-bab-un-mort-et-une-cinquantaine-de-blesses\/397151\/","url":"https:\/\/www.webdo.tn\/fr\/actualite\/regions\/bus-algerien-renverse-a-medjez-el-bab-un-mort-et-une-cinquantaine-de-blesses\/397151\/","name":"Bus alg\u00e9rien renvers\u00e9 \u00e0 Medjez el-Bab : Un mort et une cinquantaine de bless\u00e9s - webdo","isPartOf":{"@id":"https:\/\/www.webdo.tn\/fr\/#website"},"primaryImageOfPage":{"@id":"https:\/\/www.webdo.tn\/fr\/actualite\/regions\/bus-algerien-renverse-a-medjez-el-bab-un-mort-et-une-cinquantaine-de-blesses\/397151\/#primaryimage"},"image":{"@id":"https:\/\/www.webdo.tn\/fr\/actualite\/regions\/bus-algerien-renverse-a-medjez-el-bab-un-mort-et-une-cinquantaine-de-blesses\/397151\/#primaryimage"},"thumbnailUrl":"https:\/\/www.webdo.tn\/fr\/wp-content\/uploads\/2026\/05\/accident.jpg","datePublished":"2026-05-01T08:48:04+00:00","dateModified":"2026-05-01T08:48:05+00:00","description":"Un grave accident de bus a eu lieu sur l'autoroute entre B\u00e9ja et Tunis, causant un d\u00e9c\u00e8s et de nombreux bless\u00e9s.","breadcrumb":{"@id":"https:\/\/www.webdo.tn\/fr\/actualite\/regions\/bus-algerien-renverse-a-medjez-el-bab-un-mort-et-une-cinquantaine-de-blesses\/397151\/#breadcrumb"},"inLanguage":"fr-FR","potentialAction":[{"@type":"ReadAction","target":["https:\/\/www.webdo.tn\/fr\/actualite\/regions\/bus-algerien-renverse-a-medjez-el-bab-un-mort-et-une-cinquantaine-de-blesses\/397151\/"]}]},{"@type":"ImageObject","inLanguage":"fr-FR","@id":"https:\/\/www.webdo.tn\/fr\/actualite\/regions\/bus-algerien-renverse-a-medjez-el-bab-un-mort-et-une-cinquantaine-de-blesses\/397151\/#primaryimage","url":"https:\/\/www.webdo.tn\/fr\/wp-content\/uploads\/2026\/05\/accident.jpg","contentUrl":"https:\/\/www.webdo.tn\/fr\/wp-content\/uploads\/2026\/05\/accident.jpg","width":1200,"height":603,"caption":"Accident Bus"},{"@type":"BreadcrumbList","@id":"https:\/\/www.webdo.tn\/fr\/actualite\/regions\/bus-algerien-renverse-a-medjez-el-bab-un-mort-et-une-cinquantaine-de-blesses\/397151\/#breadcrumb","itemListElement":[{"@type":"ListItem","position":1,"name":"Accueil","item":"https:\/\/www.webdo.tn\/fr\/"},{"@type":"ListItem","position":2,"name":"Bus alg\u00e9rien renvers\u00e9 \u00e0 Medjez el-Bab : Un mort et une cinquantaine de bless\u00e9s"}]},{"@type":"WebSite","@id":"https:\/\/www.webdo.tn\/fr\/#website","url":"https:\/\/www.webdo.tn\/fr\/","name":"webdo","description":"Tunisie - News en Tunisie et \u00e0 l&#039;international sur Webdo.tn","publisher":{"@id":"https:\/\/www.webdo.tn\/fr\/#organization"},"potentialAction":[{"@type":"SearchAction","target":{"@type":"EntryPoint","urlTemplate":"https:\/\/www.webdo.tn\/fr\/?s={search_term_string}"},"query-input":{"@type":"PropertyValueSpecification","valueRequired":true,"valueName":"search_term_string"}}],"inLanguage":"fr-FR"},{"@type":"Organization","@id":"https:\/\/www.webdo.tn\/fr\/#organization","name":"Webdo","alternateName":"Webdo.tn","url":"https:\/\/www.webdo.tn\/fr\/","logo":{"@type":"ImageObject","inLanguage":"fr-FR","@id":"https:\/\/www.webdo.tn\/fr\/#\/schema\/logo\/image\/","url":"https:\/\/www.webdo.tn\/fr\/wp-content\/uploads\/2025\/06\/Webdo-Tunisie_168377.jpg","contentUrl":"https:\/\/www.webdo.tn\/fr\/wp-content\/uploads\/2025\/06\/Webdo-Tunisie_168377.jpg","width":301,"height":301,"caption":"Webdo"},"image":{"@id":"https:\/\/www.webdo.tn\/fr\/#\/schema\/logo\/image\/"},"sameAs":["https:\/\/www.facebook.com\/webdotn","https:\/\/x.com\/webdo_tn"],"description":"Webdo est un m\u00e9dia num\u00e9rique tunisien fond\u00e9 en 2010, sp\u00e9cialis\u00e9 dans l\u2019actualit\u00e9 nationale et internationale, l\u2019\u00e9conomie, la soci\u00e9t\u00e9 et les analyses politiques. Le site s\u2019adresse \u00e0 un large public francophone et couvre l\u2019information tunisienne en temps r\u00e9el.","email":"redac@webdo.tn","legalName":"YNJ SARL","foundingDate":"2010-09-06","numberOfEmployees":{"@type":"QuantitativeValue","minValue":"11","maxValue":"50"}},{"@type":"Person","@id":"https:\/\/www.webdo.tn\/fr\/#\/schema\/person\/b9ecde7a5574cb4fcf4b496ea5fadb15","name":"Wided Belhaj","image":{"@type":"ImageObject","inLanguage":"fr-FR","@id":"https:\/\/www.webdo.tn\/fr\/wp-content\/uploads\/2026\/04\/wided-belhaj_avatar-96x96.jpg","url":"https:\/\/www.webdo.tn\/fr\/wp-content\/uploads\/2026\/04\/wided-belhaj_avatar-96x96.jpg","contentUrl":"https:\/\/www.webdo.tn\/fr\/wp-content\/uploads\/2026\/04\/wided-belhaj_avatar-96x96.jpg","caption":"Wided Belhaj"},"description":"Wided Belhaj est le pseudonyme \u00e9ditorial utilis\u00e9 par Khalil Jelassi, journaliste, ma\u00eetre-assistant \u00e0 l\u2019Institut de presse et des sciences de l\u2019information (IPSI) et chercheur en sciences de l\u2019information et de la communication. Cette signature est d\u00e9di\u00e9e \u00e0 l\u2019analyse des m\u00e9dias, des pratiques journalistiques et des mutations de l\u2019information \u00e0 l\u2019\u00e8re digitale. \u00c0 travers ses contributions, Wided Belhaj propose une lecture analytique de l\u2019actualit\u00e9, en croisant regard critique et expertise acad\u00e9mique.","knowsAbout":["m\u00e9dias","journalisme","communication","information","transformation num\u00e9rique","analyse des m\u00e9dias"],"knowsLanguage":["Fran\u00e7ais","Arabe"],"jobTitle":"Webdo.tn","worksFor":"Journaliste \u2013 Analyse des m\u00e9dias","url":"https:\/\/www.webdo.tn\/fr\/actualite\/author\/wided-belhaj\/"}]}},"_links":{"self":[{"href":"https:\/\/www.webdo.tn\/fr\/wp-json\/wp\/v2\/posts\/397151","targetHints":{"allow":["GET"]}}],"collection":[{"href":"https:\/\/www.webdo.tn\/fr\/wp-json\/wp\/v2\/posts"}],"about":[{"href":"https:\/\/www.webdo.tn\/fr\/wp-json\/wp\/v2\/types\/post"}],"author":[{"embeddable":true,"href":"https:\/\/www.webdo.tn\/fr\/wp-json\/wp\/v2\/users\/3184"}],"replies":[{"embeddable":true,"href":"https:\/\/www.webdo.tn\/fr\/wp-json\/wp\/v2\/comments?post=397151"}],"version-history":[{"count":1,"href":"https:\/\/www.webdo.tn\/fr\/wp-json\/wp\/v2\/posts\/397151\/revisions"}],"predecessor-version":[{"id":397153,"href":"https:\/\/www.webdo.tn\/fr\/wp-json\/wp\/v2\/posts\/397151\/revisions\/397153"}],"wp:featuredmedia":[{"embeddable":true,"href":"https:\/\/www.webdo.tn\/fr\/wp-json\/wp\/v2\/media\/397152"}],"wp:attachment":[{"href":"https:\/\/www.webdo.tn\/fr\/wp-json\/wp\/v2\/media?parent=397151"}],"wp:term":[{"taxonomy":"category","embeddable":true,"href":"https:\/\/www.webdo.tn\/fr\/wp-json\/wp\/v2\/categories?post=397151"},{"taxonomy":"post_tag","embeddable":true,"href":"https:\/\/www.webdo.tn\/fr\/wp-json\/wp\/v2\/tags?post=397151"}],"curies":[{"name":"wp","href":"https:\/\/api.w.org\/{rel}","templated":true}]}}