{"id":397139,"date":"2026-04-30T19:08:45","date_gmt":"2026-04-30T18:08:45","guid":{"rendered":"https:\/\/www.webdo.tn\/fr\/?p=397139"},"modified":"2026-04-30T19:10:44","modified_gmt":"2026-04-30T18:10:44","slug":"cannes-2026-critics-awards-for-arab-films-nominations-entre-domination-palestinienne-et-presence-tunisienne","status":"publish","type":"post","link":"https:\/\/www.webdo.tn\/fr\/actualite\/culture\/cannes-2026-critics-awards-for-arab-films-nominations-entre-domination-palestinienne-et-presence-tunisienne\/397139\/","title":{"rendered":"Cannes 2026 \u2013 Critics Awards for Arab Films : Nominations entre domination palestinienne et pr\u00e9sence tunisienne"},"content":{"rendered":"\n<p><strong>Le Centre du Cin\u00e9ma Arabe (ACC) vient d\u2019annoncer les nominations des films qui vont concourir \u00e0 la 10e \u00e9dition des Critics Awards for Arab Films (Prix des critiques pour les films arabes). Les vainqueurs seront d\u00e9voil\u00e9s lors de la c\u00e9r\u00e9monie de remise des prix qui se tiendra le 16 mai, \u00e0 la Plage des Palmes, en marge du 79e Festival de Cannes, afin de c\u00e9l\u00e9brer les r\u00e9alisations marquantes du cin\u00e9ma arabe, telles que s\u00e9lectionn\u00e9es par un jury international de critiques de cin\u00e9ma. \u00c0 cette occasion seront \u00e9galement remis les prix de la personnalit\u00e9 de l\u2019ann\u00e9e et du Game Changer, d\u00e9cern\u00e9s par l\u2019Arab Cinema Center.<\/strong><\/p>\n\n\n\n<h2 class=\"wp-block-heading\" id=\"h-le-festival-de-cannes-comme-point-de-depart-des-trajectoires-internationales\">Le Festival de Cannes comme point de d\u00e9part des trajectoires internationales<br><\/h2>\n\n\n\n<p><br>Ces nominations confirment une tendance d\u00e9sormais bien install\u00e9e : les films pr\u00e9sent\u00e9s \u00e0 Cannes, en particulier ceux qui y sont distingu\u00e9s, poursuivent ensuite leur parcours dans les mois suivants en accumulant les reconnaissances, y compris dans les comp\u00e9titions internationales les plus expos\u00e9es comme les Golden Globes, les BAFTA ou les Oscars.<br>Cette dynamique ne rel\u00e8ve pas d\u2019un constat abstrait : elle se v\u00e9rifie concr\u00e8tement dans la liste des films nomm\u00e9s cette ann\u00e9e, dont plusieurs ont \u00e9t\u00e9 pr\u00e9sent\u00e9s \u00e0 Cannes en 2025, parfois avec des distinctions majeures.<\/p>\n\n\n\n<p> <a href=\"https:\/\/www.webdo.tn\/fr\/actualite\/culture\/cannes-2025-un-certain-regard-once-upon-a-time-in-gaza-prime-la-palestine-a-l-honneur\/222168\/\">Il \u00e9tait une fois, \u00e0 Gaza s\u2019y est illustr\u00e9 en Un Certain Regard en remportant le Prix de la mise en sc\u00e8ne<\/a>, <em>Le g\u00e2teau du pr\u00e9sident<\/em> a d\u00e9croch\u00e9 la Cam\u00e9ra d\u2019or apr\u00e8s son passage \u00e0 la Quinzaine des Cin\u00e9astes, tandis que <em>I\u2019m glad you\u2019re dead now<\/em> a obtenu la Palme d\u2019or du court m\u00e9trage. <\/p>\n\n\n\n<p>\u00c0 cela s\u2019ajoutent <em>Promis le ciel<\/em>, film d\u2019ouverture d\u2019Un Certain Regard, <em>Aisha ne peut plus s\u2019envoler<\/em>, \u00e9galement s\u00e9lectionn\u00e9 dans cette section, et <em>La vie apr\u00e8s Siham<\/em>, pr\u00e9sent\u00e9 \u00e0 l\u2019ACID. Cette pr\u00e9sence, r\u00e9partie entre s\u00e9lection officielle et sections parall\u00e8les, illustre le r\u00f4le central de Cannes dans la trajectoire de ces films.<br>Dans le m\u00eame mouvement, plusieurs de ces films ont aussi \u00e9t\u00e9 soumis par leurs pays pour l\u2019Oscar du meilleur film international.<\/p>\n\n\n\n<h2 class=\"wp-block-heading\" id=\"h-une-domination-palestinienne-marquee-dans-les-nominations\">Une domination palestinienne marqu\u00e9e dans les nominations<\/h2>\n\n\n\n<p>Parall\u00e8lement, ces nominations mettent en \u00e9vidence une domination tr\u00e8s nette du cin\u00e9ma palestinien. Dans les cat\u00e9gories majeures \u2014 meilleur film, r\u00e9alisation, sc\u00e9nario \u2014 plusieurs films palestiniens s\u2019imposent de mani\u00e8re r\u00e9currente, notamment <em>Il \u00e9tait une fois, \u00e0 Gaza<\/em>, <em>Palestine 36<\/em> et <em>Ce qu\u2019il reste de nous<\/em>. Trois films qui ont d\u2019ailleurs eu une tr\u00e8s grande carri\u00e8re tout au long des mois pass\u00e9s, allant d\u2019un festival \u00e0 un autre et \u00e9tant m\u00eame shortlist\u00e9s ou nomm\u00e9s dans des comp\u00e9titions importantes. Cette pr\u00e9sence se prolonge dans d\u2019autres cat\u00e9gories, y compris le court m\u00e9trage, confirmant une visibilit\u00e9 particuli\u00e8rement forte cette ann\u00e9e.<\/p>\n\n\n\n<h2 class=\"wp-block-heading\" id=\"h-entre-actualite-et-continuite-thematique\">Entre actualit\u00e9 et continuit\u00e9 th\u00e9matique<\/h2>\n\n\n\n<p>Cette concentration ne se limite pas \u00e0 une question de volume. Elle s\u2019inscrit dans une continuit\u00e9 th\u00e9matique, o\u00f9 <strong>nombre d\u2019\u0153uvres<\/strong><strong>,<\/strong> y compris non palestiniennes, explorent des r\u00e9cits li\u00e9s \u00e0 l\u2019histoire, \u00e0 la m\u00e9moire et aux r\u00e9alit\u00e9s contemporaines palestiniennes. Elle interroge d\u00e8s lors : rel\u00e8ve-t-elle d\u2019une simple convergence de productions particuli\u00e8rement fortes cette ann\u00e9e, ou s\u2019inscrit-elle aussi dans un contexte plus large, o\u00f9 l\u2019actualit\u00e9 contribue \u00e0 rendre ces r\u00e9cits plus visibles et plus pr\u00e9sents dans les circuits internationaux ? Sans trancher, cette r\u00e9currence donne en tout cas \u00e0 cette \u00e9dition une tonalit\u00e9 sp\u00e9cifique, o\u00f9 la question palestinienne traverse une part importante des films nomm\u00e9s.<\/p>\n\n\n\n<h2 class=\"wp-block-heading\" id=\"h-une-presence-tunisienne-a-plusieurs-niveaux\">Une pr\u00e9sence tunisienne \u00e0 plusieurs niveaux<\/h2>\n\n\n\n<p>Dans ce contexte, la pr\u00e9sence tunisienne s\u2019inscrit dans une dynamique \u00e0 la fois visible et diversifi\u00e9e. Elle repose d\u2019abord sur <em>La voix de Hind Rajab<\/em> de Kaouther Ben Hania, nomm\u00e9 dans plusieurs cat\u00e9gories, notamment en r\u00e9alisation et en montage. Le film prolonge ici une trajectoire d\u00e9j\u00e0 marqu\u00e9e par une reconnaissance internationale importante, avec des nominations dans des comp\u00e9titions majeures comme les Golden Globes, les BAFTA et les Oscars. Cette pr\u00e9sence se poursuit avec <em>Promis le ciel<\/em> d\u2019Erige Sehiri, pr\u00e9sent\u00e9 en ouverture d\u2019Un Certain Regard \u00e0 Cannes et nomm\u00e9 dans plusieurs cat\u00e9gories techniques et d\u2019interpr\u00e9tation, ainsi qu\u2019avec le court m\u00e9trage <em>Sous les ruines<\/em> de Nadhir Bouslama. Sans oublier la nomination de Dhafer L\u2019Abidine pour <em>Palestine 36<\/em>, qui vient prolonger cette pr\u00e9sence tunisienne \u00e0 travers le parcours d\u2019un acteur inscrit dans des productions internationales.<\/p>\n\n\n\n<p>Ces nominations mettent en avant certains films, certaines trajectoires, certains r\u00e9cits. Reste en creux une autre r\u00e9alit\u00e9 : celle de tous les projets qui ne figurent pas dans cette liste, mais qui participent eux aussi \u00e0 d\u00e9finir le cin\u00e9ma arabe contemporain.<\/p>\n\n\n\n<iframe src=\"https:\/\/www.facebook.com\/plugins\/video.php?height=315&#038;href=https%3A%2F%2Fwww.facebook.com%2FArabCinemaCenter%2Fvideos%2F1942389156389331%2F&#038;show_text=false&#038;width=560&#038;t=0\" width=\"560\" height=\"315\" style=\"border:none;overflow:hidden\" scrolling=\"no\" frameborder=\"0\" allowfullscreen=\"true\" allow=\"autoplay; clipboard-write; encrypted-media; picture-in-picture; web-share\" allowFullScreen=\"true\"><\/iframe>\n\n\n\n<p><strong><u>Voici la liste compl\u00e8te des nominations :<\/u><\/strong><\/p>\n\n\n\n<p><strong>Meilleur long m\u00e9trage de fiction<\/strong><\/p>\n\n\n\n<ul class=\"wp-block-list\">\n<li><a href=\"https:\/\/www.webdo.tn\/fr\/actualite\/culture\/cannes-2025-once-upon-a-time-in-gaza-la-fable-tragique-et-lumineuse-des-freres-nasser\/222167\/\"><em>Il \u00e9tait une fois, \u00e0 Gaza<\/em>\u00a0&#8211; Arab Nasser et Tarzan Nasser &#8211; Palestine<\/a><\/li>\n\n\n\n<li><em>Palestine 36<\/em> &#8211; Annemarie Jacir &#8211; Palestine<\/li>\n\n\n\n<li><em>Ce qu&rsquo;il reste de nous<\/em> \u2013 Cherien Dabis \u2013 Palestine<\/li>\n\n\n\n<li><em>Rue M\u00e1laga<\/em> &#8211; Maryam Touzani \u2013 Maroc<\/li>\n\n\n\n<li><em>Cotton Queen<\/em> \u2013 Suzannah Mirghani &#8211; Soudan<\/li>\n<\/ul>\n\n\n\n<p><strong>Meilleur r\u00e9alisateur<\/strong><\/p>\n\n\n\n<ul class=\"wp-block-list\">\n<li>Arab Nasser et Tarzan Nasser &#8211; <em>Il \u00e9tait une fois, \u00e0 Gaza<\/em>\u00a0&#8211; Palestine<\/li>\n\n\n\n<li>Annemarie Jacir &#8211; <em>Palestine 36 <\/em>\u2013 Palestine<\/li>\n\n\n\n<li>Cherien Dabis &#8211; <em>Ce qu&rsquo;il reste de nous<\/em> \u2013 Palestine<\/li>\n\n\n\n<li>Maryam Touzani &#8211; <em>Rue M\u00e1laga<\/em> \u2013 Maroc<\/li>\n\n\n\n<li>Kaouther Ben Hania &#8211; <em>La voix de Hind Rajab<\/em> \u2013 Tunisie<\/li>\n<\/ul>\n\n\n\n<p><strong>Meilleur sc\u00e9nario<\/strong><\/p>\n\n\n\n<ul class=\"wp-block-list\">\n<li>Marie Legrand, Amer Nasser et Arab Nasser &#8211; <em>Il \u00e9tait une fois, \u00e0 Gaza<\/em> \u2013 Palestine<\/li>\n\n\n\n<li>Annemarie Jacir &#8211; <em>Palestine 36<\/em> \u2013 Palestine<\/li>\n\n\n\n<li>Cherien Dabis &#8211; <em>Ce qu&rsquo;il reste de nous<\/em> \u2013\u2013 Palestine<\/li>\n\n\n\n<li>Nabil Ayouch et Maryam Touzani &#8211; <em>Rue M\u00e1laga<\/em> \u2013 Maroc<\/li>\n\n\n\n<li>Ahmed Amer et Mohamed Siam &#8211; <em>My Father&rsquo;s Scent<\/em> \u2013 Egypt<\/li>\n<\/ul>\n\n\n\n<p><strong>Meilleur acteur<\/strong><\/p>\n\n\n\n<ul class=\"wp-block-list\">\n<li>Dhafer L\u2019Abidine &#8211; <em>Palestine 36<\/em> \u2013 Palestine<\/li>\n\n\n\n<li>Ahmed Malek &#8211; <em>My Father&rsquo;s Scent<\/em> \u2013 Egypt<\/li>\n\n\n\n<li>Adham Shoukry &#8211; <em>L&rsquo;Entente &#8211; La face cach\u00e9e d&rsquo;Alexandrie (The Settlement<\/em>) \u2013 \u00c9gypte<\/li>\n\n\n\n<li>Nawwaf Al Dhufairi \u2013 <em>Hijra<\/em> \u2013 Arabie Saoudite<\/li>\n\n\n\n<li>Georges Khabbaz \u2013 <em>Yunan<\/em> \u2013 Allemagne<\/li>\n<\/ul>\n\n\n\n<p><strong>Meilleure actrice<\/strong><\/p>\n\n\n\n<ul class=\"wp-block-list\">\n<li>Yasmine Al Massri &#8211; <em>Palestine 36<\/em> \u2013 Palestine<\/li>\n\n\n\n<li>Carmen Maura &#8211; <em>Rue M\u00e1laga<\/em> \u2013 Maroc<\/li>\n\n\n\n<li>Debora Lobe Naney \u2013 <em>Promis le ciel<\/em> \u2013 Tunisie<\/li>\n\n\n\n<li>Mounia Akl &#8211; <em>Un monde fragile et merveilleux<\/em> &#8211; Liban<\/li>\n\n\n\n<li>Baneen Ahmad Nayyef &#8211; <em>Le g\u00e2teau du pr\u00e9sident<\/em> &#8211; Irak<\/li>\n<\/ul>\n\n\n\n<p><strong>Meilleure photographie<\/strong><\/p>\n\n\n\n<ul class=\"wp-block-list\">\n<li>H\u00e9l\u00e8ne Louvart &#8211; <em>Palestine 36<\/em> \u2013 Palestine<\/li>\n\n\n\n<li>Christopher Aoun &#8211; <em>Ce qu&rsquo;il reste de nous<\/em> \u2013 Palestine<\/li>\n\n\n\n<li>Frida Marzouk &#8211; <em>Promis le ciel<\/em> \u2013 Tunisie<\/li>\n\n\n\n<li>Joe Saade &#8211; Un monde fragile et merveilleux \u2013 Liban<\/li>\n\n\n\n<li>Mostafa El Kashef &#8211; Aisha ne peut plus s&rsquo;envoler \u2013 \u00c9gypte<\/li>\n<\/ul>\n\n\n\n<p><strong>Meilleur montage<\/strong><\/p>\n\n\n\n<ul class=\"wp-block-list\">\n<li>Ahmed Hafez &#8211; <em>My Father&rsquo;s Scent<\/em> \u2013 Egypt<\/li>\n\n\n\n<li>Qutaiba Barhamji, Kaouther Ben Hania et Maxime Mathis &#8211; <em>La voix de Hind Rajab<\/em> \u2013 Tunisie<\/li>\n\n\n\n<li>Heba Othman &#8211; <em>L&rsquo;Entente &#8211; La face cach\u00e9e d&rsquo;Alexandrie (The Settlement)<\/em> \u2013 \u00c9gypte<\/li>\n\n\n\n<li>Ameer Fakher Eldin &#8211;<em> Yunan<\/em> \u2013 Allemagne<\/li>\n\n\n\n<li>Zeina Aboul Hosn \u2013 <em>Dead dog<\/em> \u2013 Liban<\/li>\n<\/ul>\n\n\n\n<p><strong>Meilleure musique<\/strong><\/p>\n\n\n\n<ul class=\"wp-block-list\">\n<li>Freya Arde &#8211; <em>Rue M\u00e1laga<\/em> &#8211; Maryam Touzani \u2013 Maroc<\/li>\n\n\n\n<li>Omar El Deeb &#8211; <em>Le g\u00e2teau du pr\u00e9sident<\/em> \u2013 Irak<\/li>\n\n\n\n<li>Armand Ammar &#8211;<em> Hijra<\/em> \u2013 Arabie Saoudite<\/li>\n\n\n\n<li>Suad Bushnaq &#8211;<em> Yunan<\/em> \u2013 Allemagne<\/li>\n\n\n\n<li>Amine Bouhafa &#8211; <em>Aisha ne peut plus s&rsquo;envoler<\/em> \u2013 \u00c9gypte<\/li>\n<\/ul>\n\n\n\n<p><strong>Meilleur documentaire<\/strong><\/p>\n\n\n\n<ul class=\"wp-block-list\">\n<li><em>The Lions by the River Tigris<\/em> &#8211; Zaradasht Ahmed \u2013 Iraq<\/li>\n\n\n\n<li><em>Khartoum \u2013 <\/em>Ibrahim Snoopy, AhmadTimeea Mohamed, AhmedRawia Alhag \u2013 Soudan<\/li>\n\n\n\n<li><em>50 Meters<\/em> &#8211; Yomna Khattab \u2013 \u00c9gypte<\/li>\n\n\n\n<li><em>La vie apr\u00e8s Siham<\/em> &#8211; Namir Abdel Messeeh \u2013 \u00c9gypte<\/li>\n\n\n\n<li><em>Do you love me<\/em> \u2013 Lana Daher \u2013 Liban<\/li>\n<\/ul>\n\n\n\n<p><strong>Meilleur court m\u00e9trage<\/strong><\/p>\n\n\n\n<ul class=\"wp-block-list\">\n<li><em>L\u2019mina<\/em> \u2013 Randa Maroufi \u2013 Maroc<\/li>\n\n\n\n<li><em>It\u2019s so beautiful here<\/em> \u2013 Basma Al Sharif \u2013 Palestine<\/li>\n\n\n\n<li><em>Control Anatomy<\/em> \u2013 Mahmoud Al Haj \u2013 Palestine<\/li>\n\n\n\n<li><em>I\u2019m glad you\u2019re dead now<\/em> \u2013 Tawfeek Barhom \u2013 Palestine<\/li>\n\n\n\n<li><em>Sous les ruines<\/em> \u2013 Nadhir Bouslama &#8211; Tunisie<\/li>\n<\/ul>\n\n\n\n<p>Lanc\u00e9 pour la premi\u00e8re fois lors du 70e Festival de Cannes, ce prix organis\u00e9 par l\u2019ACC en collaboration avec Festival Scope, honore chaque ann\u00e9e les films arabes les plus marquants sortis hors du monde arabe. Il couvre dix cat\u00e9gories majeures, allant du long m\u00e9trage \u00e0 la musique originale, en passant par le documentaire, la photographie ou encore le court-m\u00e9trage.<\/p>\n\n\n\n<p>Depuis sa cr\u00e9ation, l\u2019ACC s\u2019impose comme une plateforme internationale incontournable pour la promotion du cin\u00e9ma arabe. En accompagnant les talents \u00e9mergents, en favorisant les connexions avec les festivals et march\u00e9s du monde entier, l\u2019Arab Cinema Center joue un r\u00f4le structurant dans la consolidation d\u2019un \u00e9cosyst\u00e8me cin\u00e9matographique arabe ouvert, exigeant et ambitieux.<\/p>\n\n\n\n<p><\/p>\n\n\n\n<p><br><strong>Lire aussi : <\/strong><\/p>\n\n\n\n<ul class=\"wp-block-list\">\n<li><a href=\"https:\/\/www.webdo.tn\/fr\/actualite\/culture\/cannes-2025-un-certain-regard-once-upon-a-time-in-gaza-prime-la-palestine-a-l-honneur\/222168\/\">Cannes 2025 \u2013 Un Certain Regard : Once Upon a Time in Gaza prim\u00e9, la Palestine \u00e0 l\u2019honneur<\/a><\/li>\n\n\n\n<li><a href=\"https:\/\/www.webdo.tn\/fr\/actualite\/culture\/cannes-2025-once-upon-a-time-in-gaza-la-fable-tragique-et-lumineuse-des-freres-nasser\/222167\/\">Cannes 2025 \u2013 \u00ab\u00a0Once Upon a Time in Gaza\u00a0\u00bb, la fable tragique et lumineuse des fr\u00e8res Nasser<\/a><\/li>\n\n\n\n<li><a href=\"https:\/\/www.webdo.tn\/fr\/actualite\/culture\/cannes-2025-erige-sehiri-ouvre-un-certain-regard-avec-promis-le-ciel\/221715\/\">Cannes 2025 \u2013 Erige Sehiri ouvre Un Certain Regard avec \u00ab\u00a0Promis le ciel\u00a0\u00bb<\/a><\/li>\n\n\n\n<li><a href=\"https:\/\/www.webdo.tn\/fr\/actualite\/culture\/golden-globes-2026-la-voix-de-hind-rajab-nomme-pour-le-meilleur-film-en-langue-etrangere\/389119\/\">Golden Globes 2026 \u2013 \u00ab\u00a0La Voix de Hind Rajab\u00a0\u00bb nomm\u00e9 pour le Prix du Meilleur film en langue \u00e9trang\u00e8re<\/a><\/li>\n<\/ul>\n\n\n\n<p><\/p>\n","protected":false},"excerpt":{"rendered":"<p>Le Centre du Cin\u00e9ma Arabe (ACC) vient d\u2019annoncer les nominations des films qui vont concourir \u00e0 la 10e \u00e9dition des Critics Awards for Arab Films (Prix des critiques pour les films arabes). Les vainqueurs seront d\u00e9voil\u00e9s lors de la c\u00e9r\u00e9monie de remise des prix qui se tiendra le 16 mai, \u00e0 la Plage des Palmes, [&hellip;]<\/p>\n","protected":false},"author":3164,"featured_media":397140,"comment_status":"closed","ping_status":"closed","sticky":false,"template":"","format":"standard","meta":{"footnotes":""},"categories":[2594],"tags":[2627,2608],"class_list":["post-397139","post","type-post","status-publish","format-standard","has-post-thumbnail","hentry","category-culture","tag-festival-de-cannes","tag-tunisie"],"yoast_head":"<!-- This site is optimized with the Yoast SEO Premium plugin v27.5 (Yoast SEO v27.5) - https:\/\/yoast.com\/product\/yoast-seo-premium-wordpress\/ -->\n<title>Cannes 2026 \u2013 Critics Awards for Arab Films : Nominations entre domination palestinienne et pr\u00e9sence tunisienne - webdo<\/title>\n<meta name=\"description\" content=\"D\u00e9couvrez Cannes 2026 : nominations des films pour les Critics Awards for Arab Films lors du Festival de Cannes.\" \/>\n<link rel=\"canonical\" href=\"https:\/\/www.webdo.tn\/fr\/actualite\/culture\/cannes-2026-critics-awards-for-arab-films-nominations-entre-domination-palestinienne-et-presence-tunisienne\/397139\/\" \/>\n<meta property=\"og:locale\" content=\"fr_FR\" \/>\n<meta property=\"og:type\" content=\"article\" \/>\n<meta property=\"og:title\" content=\"Cannes 2026 \u2013 Critics Awards for Arab Films : Nominations entre domination palestinienne et pr\u00e9sence tunisienne\" \/>\n<meta property=\"og:description\" content=\"D\u00e9couvrez Cannes 2026 : nominations des films pour les Critics Awards for Arab Films lors du Festival de Cannes.\" \/>\n<meta property=\"og:url\" content=\"https:\/\/www.webdo.tn\/fr\/actualite\/culture\/cannes-2026-critics-awards-for-arab-films-nominations-entre-domination-palestinienne-et-presence-tunisienne\/397139\/\" \/>\n<meta property=\"og:site_name\" content=\"webdo\" \/>\n<meta property=\"article:publisher\" content=\"https:\/\/www.facebook.com\/webdotn\" \/>\n<meta property=\"article:author\" content=\"https:\/\/www.facebook.com\/massir.destiniii\/\" \/>\n<meta property=\"article:published_time\" content=\"2026-04-30T18:08:45+00:00\" \/>\n<meta property=\"article:modified_time\" content=\"2026-04-30T18:10:44+00:00\" \/>\n<meta property=\"og:image\" content=\"https:\/\/www.webdo.tn\/fr\/wp-content\/uploads\/2026\/04\/festival.jpg\" \/>\n\t<meta property=\"og:image:width\" content=\"1200\" \/>\n\t<meta property=\"og:image:height\" content=\"730\" \/>\n\t<meta property=\"og:image:type\" content=\"image\/jpeg\" \/>\n<meta name=\"author\" content=\"Ne\u00efla DRISS\" \/>\n<meta name=\"twitter:card\" content=\"summary_large_image\" \/>\n<meta name=\"twitter:creator\" content=\"@https:\/\/x.com\/MassirDestin\" \/>\n<meta name=\"twitter:site\" content=\"@webdo_tn\" \/>\n<meta name=\"twitter:label1\" content=\"\u00c9crit par\" \/>\n\t<meta name=\"twitter:data1\" content=\"Ne\u00efla DRISS\" \/>\n\t<meta name=\"twitter:label2\" content=\"Dur\u00e9e de lecture estim\u00e9e\" \/>\n\t<meta name=\"twitter:data2\" content=\"7 minutes\" \/>\n<script type=\"application\/ld+json\" class=\"yoast-schema-graph\">{\"@context\":\"https:\\\/\\\/schema.org\",\"@graph\":[{\"@type\":\"NewsArticle\",\"@id\":\"https:\\\/\\\/www.webdo.tn\\\/fr\\\/actualite\\\/culture\\\/cannes-2026-critics-awards-for-arab-films-nominations-entre-domination-palestinienne-et-presence-tunisienne\\\/397139\\\/#article\",\"isPartOf\":{\"@id\":\"https:\\\/\\\/www.webdo.tn\\\/fr\\\/actualite\\\/culture\\\/cannes-2026-critics-awards-for-arab-films-nominations-entre-domination-palestinienne-et-presence-tunisienne\\\/397139\\\/\"},\"author\":{\"name\":\"Ne\u00efla DRISS\",\"@id\":\"https:\\\/\\\/www.webdo.tn\\\/fr\\\/#\\\/schema\\\/person\\\/60d5ba619ed3f58783b0dc82b7dada80\"},\"headline\":\"Cannes 2026 \u2013 Critics Awards for Arab Films : Nominations entre domination palestinienne et pr\u00e9sence tunisienne\",\"datePublished\":\"2026-04-30T18:08:45+00:00\",\"dateModified\":\"2026-04-30T18:10:44+00:00\",\"mainEntityOfPage\":{\"@id\":\"https:\\\/\\\/www.webdo.tn\\\/fr\\\/actualite\\\/culture\\\/cannes-2026-critics-awards-for-arab-films-nominations-entre-domination-palestinienne-et-presence-tunisienne\\\/397139\\\/\"},\"wordCount\":1486,\"publisher\":{\"@id\":\"https:\\\/\\\/www.webdo.tn\\\/fr\\\/#organization\"},\"image\":{\"@id\":\"https:\\\/\\\/www.webdo.tn\\\/fr\\\/actualite\\\/culture\\\/cannes-2026-critics-awards-for-arab-films-nominations-entre-domination-palestinienne-et-presence-tunisienne\\\/397139\\\/#primaryimage\"},\"thumbnailUrl\":\"https:\\\/\\\/www.webdo.tn\\\/fr\\\/wp-content\\\/uploads\\\/2026\\\/04\\\/festival.jpg\",\"keywords\":[\"Festival de Cannes\",\"Tunisie\"],\"articleSection\":[\"Culture\"],\"inLanguage\":\"fr-FR\"},{\"@type\":\"WebPage\",\"@id\":\"https:\\\/\\\/www.webdo.tn\\\/fr\\\/actualite\\\/culture\\\/cannes-2026-critics-awards-for-arab-films-nominations-entre-domination-palestinienne-et-presence-tunisienne\\\/397139\\\/\",\"url\":\"https:\\\/\\\/www.webdo.tn\\\/fr\\\/actualite\\\/culture\\\/cannes-2026-critics-awards-for-arab-films-nominations-entre-domination-palestinienne-et-presence-tunisienne\\\/397139\\\/\",\"name\":\"Cannes 2026 \u2013 Critics Awards for Arab Films : Nominations entre domination palestinienne et pr\u00e9sence tunisienne - webdo\",\"isPartOf\":{\"@id\":\"https:\\\/\\\/www.webdo.tn\\\/fr\\\/#website\"},\"primaryImageOfPage\":{\"@id\":\"https:\\\/\\\/www.webdo.tn\\\/fr\\\/actualite\\\/culture\\\/cannes-2026-critics-awards-for-arab-films-nominations-entre-domination-palestinienne-et-presence-tunisienne\\\/397139\\\/#primaryimage\"},\"image\":{\"@id\":\"https:\\\/\\\/www.webdo.tn\\\/fr\\\/actualite\\\/culture\\\/cannes-2026-critics-awards-for-arab-films-nominations-entre-domination-palestinienne-et-presence-tunisienne\\\/397139\\\/#primaryimage\"},\"thumbnailUrl\":\"https:\\\/\\\/www.webdo.tn\\\/fr\\\/wp-content\\\/uploads\\\/2026\\\/04\\\/festival.jpg\",\"datePublished\":\"2026-04-30T18:08:45+00:00\",\"dateModified\":\"2026-04-30T18:10:44+00:00\",\"description\":\"D\u00e9couvrez Cannes 2026 : nominations des films pour les Critics Awards for Arab Films lors du Festival de Cannes.\",\"breadcrumb\":{\"@id\":\"https:\\\/\\\/www.webdo.tn\\\/fr\\\/actualite\\\/culture\\\/cannes-2026-critics-awards-for-arab-films-nominations-entre-domination-palestinienne-et-presence-tunisienne\\\/397139\\\/#breadcrumb\"},\"inLanguage\":\"fr-FR\",\"potentialAction\":[{\"@type\":\"ReadAction\",\"target\":[\"https:\\\/\\\/www.webdo.tn\\\/fr\\\/actualite\\\/culture\\\/cannes-2026-critics-awards-for-arab-films-nominations-entre-domination-palestinienne-et-presence-tunisienne\\\/397139\\\/\"]}]},{\"@type\":\"ImageObject\",\"inLanguage\":\"fr-FR\",\"@id\":\"https:\\\/\\\/www.webdo.tn\\\/fr\\\/actualite\\\/culture\\\/cannes-2026-critics-awards-for-arab-films-nominations-entre-domination-palestinienne-et-presence-tunisienne\\\/397139\\\/#primaryimage\",\"url\":\"https:\\\/\\\/www.webdo.tn\\\/fr\\\/wp-content\\\/uploads\\\/2026\\\/04\\\/festival.jpg\",\"contentUrl\":\"https:\\\/\\\/www.webdo.tn\\\/fr\\\/wp-content\\\/uploads\\\/2026\\\/04\\\/festival.jpg\",\"width\":1200,\"height\":730,\"caption\":\"Festival\"},{\"@type\":\"BreadcrumbList\",\"@id\":\"https:\\\/\\\/www.webdo.tn\\\/fr\\\/actualite\\\/culture\\\/cannes-2026-critics-awards-for-arab-films-nominations-entre-domination-palestinienne-et-presence-tunisienne\\\/397139\\\/#breadcrumb\",\"itemListElement\":[{\"@type\":\"ListItem\",\"position\":1,\"name\":\"Accueil\",\"item\":\"https:\\\/\\\/www.webdo.tn\\\/fr\\\/\"},{\"@type\":\"ListItem\",\"position\":2,\"name\":\"Cannes 2026 \u2013 Critics Awards for Arab Films : Nominations entre domination palestinienne et pr\u00e9sence tunisienne\"}]},{\"@type\":\"WebSite\",\"@id\":\"https:\\\/\\\/www.webdo.tn\\\/fr\\\/#website\",\"url\":\"https:\\\/\\\/www.webdo.tn\\\/fr\\\/\",\"name\":\"webdo\",\"description\":\"Tunisie - News en Tunisie et \u00e0 l&#039;international sur Webdo.tn\",\"publisher\":{\"@id\":\"https:\\\/\\\/www.webdo.tn\\\/fr\\\/#organization\"},\"potentialAction\":[{\"@type\":\"SearchAction\",\"target\":{\"@type\":\"EntryPoint\",\"urlTemplate\":\"https:\\\/\\\/www.webdo.tn\\\/fr\\\/?s={search_term_string}\"},\"query-input\":{\"@type\":\"PropertyValueSpecification\",\"valueRequired\":true,\"valueName\":\"search_term_string\"}}],\"inLanguage\":\"fr-FR\"},{\"@type\":\"Organization\",\"@id\":\"https:\\\/\\\/www.webdo.tn\\\/fr\\\/#organization\",\"name\":\"Webdo\",\"alternateName\":\"Webdo.tn\",\"url\":\"https:\\\/\\\/www.webdo.tn\\\/fr\\\/\",\"logo\":{\"@type\":\"ImageObject\",\"inLanguage\":\"fr-FR\",\"@id\":\"https:\\\/\\\/www.webdo.tn\\\/fr\\\/#\\\/schema\\\/logo\\\/image\\\/\",\"url\":\"https:\\\/\\\/www.webdo.tn\\\/fr\\\/wp-content\\\/uploads\\\/2025\\\/06\\\/Webdo-Tunisie_168377.jpg\",\"contentUrl\":\"https:\\\/\\\/www.webdo.tn\\\/fr\\\/wp-content\\\/uploads\\\/2025\\\/06\\\/Webdo-Tunisie_168377.jpg\",\"width\":301,\"height\":301,\"caption\":\"Webdo\"},\"image\":{\"@id\":\"https:\\\/\\\/www.webdo.tn\\\/fr\\\/#\\\/schema\\\/logo\\\/image\\\/\"},\"sameAs\":[\"https:\\\/\\\/www.facebook.com\\\/webdotn\",\"https:\\\/\\\/x.com\\\/webdo_tn\"],\"description\":\"Webdo est un m\u00e9dia num\u00e9rique tunisien fond\u00e9 en 2010, sp\u00e9cialis\u00e9 dans l\u2019actualit\u00e9 nationale et internationale, l\u2019\u00e9conomie, la soci\u00e9t\u00e9 et les analyses politiques. Le site s\u2019adresse \u00e0 un large public francophone et couvre l\u2019information tunisienne en temps r\u00e9el.\",\"email\":\"redac@webdo.tn\",\"legalName\":\"YNJ SARL\",\"foundingDate\":\"2010-09-06\",\"numberOfEmployees\":{\"@type\":\"QuantitativeValue\",\"minValue\":\"11\",\"maxValue\":\"50\"}},{\"@type\":\"Person\",\"@id\":\"https:\\\/\\\/www.webdo.tn\\\/fr\\\/#\\\/schema\\\/person\\\/60d5ba619ed3f58783b0dc82b7dada80\",\"name\":\"Ne\u00efla DRISS\",\"image\":{\"@type\":\"ImageObject\",\"inLanguage\":\"fr-FR\",\"@id\":\"https:\\\/\\\/www.webdo.tn\\\/fr\\\/wp-content\\\/uploads\\\/2026\\\/04\\\/neila-driss_avatar-96x96.jpg\",\"url\":\"https:\\\/\\\/www.webdo.tn\\\/fr\\\/wp-content\\\/uploads\\\/2026\\\/04\\\/neila-driss_avatar-96x96.jpg\",\"contentUrl\":\"https:\\\/\\\/www.webdo.tn\\\/fr\\\/wp-content\\\/uploads\\\/2026\\\/04\\\/neila-driss_avatar-96x96.jpg\",\"caption\":\"Ne\u00efla DRISS\"},\"description\":\"Ne\u00efla Driss est juriste, journaliste culturelle et critique de cin\u00e9ma tunisienne. Titulaire d\u2019un DEA en droit priv\u00e9 de l\u2019Universit\u00e9 Paris II et d\u2019un DESS de l\u2019IHEC Carthage, elle d\u00e9bute sa carri\u00e8re comme juriste sp\u00e9cialis\u00e9e en gestion de patrimoine immobilier. Elle s\u2019oriente ensuite vers l\u2019\u00e9criture en ligne, o\u00f9 elle se distingue d\u00e8s 2006 aux Tunisia Blog Awards, avant de se consacrer au journalisme culturel, avec une sp\u00e9cialisation dans la critique cin\u00e9matographique. Elle couvre r\u00e9guli\u00e8rement les grands festivals internationaux, notamment le Festival de Cannes, les Journ\u00e9es Cin\u00e9matographiques de Carthage et le Festival du film du Caire. Membre de l\u2019ATPCC et de la FIPRESCI, elle participe \u00e0 des jurys et initiatives internationales de critique. Depuis 2024, elle est \u00e9lectrice internationale aux Golden Globes. Facebook : https:\\\/\\\/www.facebook.com\\\/massir.destiniii\\\/ X : https:\\\/\\\/x.com\\\/MassirDestin\",\"sameAs\":[\"https:\\\/\\\/www.facebook.com\\\/massir.destiniii\\\/\",\"https:\\\/\\\/www.instagram.com\\\/neila.driss\\\/?hl=fr\",\"https:\\\/\\\/www.linkedin.com\\\/in\\\/neila-driss-22606a80\\\/\",\"https:\\\/\\\/x.com\\\/https:\\\/\\\/x.com\\\/MassirDestin\"],\"knowsAbout\":[\"Cin\u00e9ma international\",\"critique cin\u00e9matographique\",\"festivals de cin\u00e9ma\",\"journalisme culturel\"],\"knowsLanguage\":[\"Fran\u00e7ais\",\"Arabe\",\"Anglais\"],\"jobTitle\":\"Journaliste culturelle et critique de cin\u00e9ma\",\"worksFor\":\"Webdo\",\"url\":\"https:\\\/\\\/www.webdo.tn\\\/fr\\\/actualite\\\/author\\\/neila-driss\\\/\"}]}<\/script>\n<!-- \/ Yoast SEO Premium plugin. -->","yoast_head_json":{"title":"Cannes 2026 \u2013 Critics Awards for Arab Films : Nominations entre domination palestinienne et pr\u00e9sence tunisienne - webdo","description":"D\u00e9couvrez Cannes 2026 : nominations des films pour les Critics Awards for Arab Films lors du Festival de Cannes.","canonical":"https:\/\/www.webdo.tn\/fr\/actualite\/culture\/cannes-2026-critics-awards-for-arab-films-nominations-entre-domination-palestinienne-et-presence-tunisienne\/397139\/","og_locale":"fr_FR","og_type":"article","og_title":"Cannes 2026 \u2013 Critics Awards for Arab Films : Nominations entre domination palestinienne et pr\u00e9sence tunisienne","og_description":"D\u00e9couvrez Cannes 2026 : nominations des films pour les Critics Awards for Arab Films lors du Festival de Cannes.","og_url":"https:\/\/www.webdo.tn\/fr\/actualite\/culture\/cannes-2026-critics-awards-for-arab-films-nominations-entre-domination-palestinienne-et-presence-tunisienne\/397139\/","og_site_name":"webdo","article_publisher":"https:\/\/www.facebook.com\/webdotn","article_author":"https:\/\/www.facebook.com\/massir.destiniii\/","article_published_time":"2026-04-30T18:08:45+00:00","article_modified_time":"2026-04-30T18:10:44+00:00","og_image":[{"width":1200,"height":730,"url":"https:\/\/www.webdo.tn\/fr\/wp-content\/uploads\/2026\/04\/festival.jpg","type":"image\/jpeg"}],"author":"Ne\u00efla DRISS","twitter_card":"summary_large_image","twitter_creator":"@https:\/\/x.com\/MassirDestin","twitter_site":"@webdo_tn","twitter_misc":{"\u00c9crit par":"Ne\u00efla DRISS","Dur\u00e9e de lecture estim\u00e9e":"7 minutes"},"schema":{"@context":"https:\/\/schema.org","@graph":[{"@type":"NewsArticle","@id":"https:\/\/www.webdo.tn\/fr\/actualite\/culture\/cannes-2026-critics-awards-for-arab-films-nominations-entre-domination-palestinienne-et-presence-tunisienne\/397139\/#article","isPartOf":{"@id":"https:\/\/www.webdo.tn\/fr\/actualite\/culture\/cannes-2026-critics-awards-for-arab-films-nominations-entre-domination-palestinienne-et-presence-tunisienne\/397139\/"},"author":{"name":"Ne\u00efla DRISS","@id":"https:\/\/www.webdo.tn\/fr\/#\/schema\/person\/60d5ba619ed3f58783b0dc82b7dada80"},"headline":"Cannes 2026 \u2013 Critics Awards for Arab Films : Nominations entre domination palestinienne et pr\u00e9sence tunisienne","datePublished":"2026-04-30T18:08:45+00:00","dateModified":"2026-04-30T18:10:44+00:00","mainEntityOfPage":{"@id":"https:\/\/www.webdo.tn\/fr\/actualite\/culture\/cannes-2026-critics-awards-for-arab-films-nominations-entre-domination-palestinienne-et-presence-tunisienne\/397139\/"},"wordCount":1486,"publisher":{"@id":"https:\/\/www.webdo.tn\/fr\/#organization"},"image":{"@id":"https:\/\/www.webdo.tn\/fr\/actualite\/culture\/cannes-2026-critics-awards-for-arab-films-nominations-entre-domination-palestinienne-et-presence-tunisienne\/397139\/#primaryimage"},"thumbnailUrl":"https:\/\/www.webdo.tn\/fr\/wp-content\/uploads\/2026\/04\/festival.jpg","keywords":["Festival de Cannes","Tunisie"],"articleSection":["Culture"],"inLanguage":"fr-FR"},{"@type":"WebPage","@id":"https:\/\/www.webdo.tn\/fr\/actualite\/culture\/cannes-2026-critics-awards-for-arab-films-nominations-entre-domination-palestinienne-et-presence-tunisienne\/397139\/","url":"https:\/\/www.webdo.tn\/fr\/actualite\/culture\/cannes-2026-critics-awards-for-arab-films-nominations-entre-domination-palestinienne-et-presence-tunisienne\/397139\/","name":"Cannes 2026 \u2013 Critics Awards for Arab Films : Nominations entre domination palestinienne et pr\u00e9sence tunisienne - webdo","isPartOf":{"@id":"https:\/\/www.webdo.tn\/fr\/#website"},"primaryImageOfPage":{"@id":"https:\/\/www.webdo.tn\/fr\/actualite\/culture\/cannes-2026-critics-awards-for-arab-films-nominations-entre-domination-palestinienne-et-presence-tunisienne\/397139\/#primaryimage"},"image":{"@id":"https:\/\/www.webdo.tn\/fr\/actualite\/culture\/cannes-2026-critics-awards-for-arab-films-nominations-entre-domination-palestinienne-et-presence-tunisienne\/397139\/#primaryimage"},"thumbnailUrl":"https:\/\/www.webdo.tn\/fr\/wp-content\/uploads\/2026\/04\/festival.jpg","datePublished":"2026-04-30T18:08:45+00:00","dateModified":"2026-04-30T18:10:44+00:00","description":"D\u00e9couvrez Cannes 2026 : nominations des films pour les Critics Awards for Arab Films lors du Festival de Cannes.","breadcrumb":{"@id":"https:\/\/www.webdo.tn\/fr\/actualite\/culture\/cannes-2026-critics-awards-for-arab-films-nominations-entre-domination-palestinienne-et-presence-tunisienne\/397139\/#breadcrumb"},"inLanguage":"fr-FR","potentialAction":[{"@type":"ReadAction","target":["https:\/\/www.webdo.tn\/fr\/actualite\/culture\/cannes-2026-critics-awards-for-arab-films-nominations-entre-domination-palestinienne-et-presence-tunisienne\/397139\/"]}]},{"@type":"ImageObject","inLanguage":"fr-FR","@id":"https:\/\/www.webdo.tn\/fr\/actualite\/culture\/cannes-2026-critics-awards-for-arab-films-nominations-entre-domination-palestinienne-et-presence-tunisienne\/397139\/#primaryimage","url":"https:\/\/www.webdo.tn\/fr\/wp-content\/uploads\/2026\/04\/festival.jpg","contentUrl":"https:\/\/www.webdo.tn\/fr\/wp-content\/uploads\/2026\/04\/festival.jpg","width":1200,"height":730,"caption":"Festival"},{"@type":"BreadcrumbList","@id":"https:\/\/www.webdo.tn\/fr\/actualite\/culture\/cannes-2026-critics-awards-for-arab-films-nominations-entre-domination-palestinienne-et-presence-tunisienne\/397139\/#breadcrumb","itemListElement":[{"@type":"ListItem","position":1,"name":"Accueil","item":"https:\/\/www.webdo.tn\/fr\/"},{"@type":"ListItem","position":2,"name":"Cannes 2026 \u2013 Critics Awards for Arab Films : Nominations entre domination palestinienne et pr\u00e9sence tunisienne"}]},{"@type":"WebSite","@id":"https:\/\/www.webdo.tn\/fr\/#website","url":"https:\/\/www.webdo.tn\/fr\/","name":"webdo","description":"Tunisie - News en Tunisie et \u00e0 l&#039;international sur Webdo.tn","publisher":{"@id":"https:\/\/www.webdo.tn\/fr\/#organization"},"potentialAction":[{"@type":"SearchAction","target":{"@type":"EntryPoint","urlTemplate":"https:\/\/www.webdo.tn\/fr\/?s={search_term_string}"},"query-input":{"@type":"PropertyValueSpecification","valueRequired":true,"valueName":"search_term_string"}}],"inLanguage":"fr-FR"},{"@type":"Organization","@id":"https:\/\/www.webdo.tn\/fr\/#organization","name":"Webdo","alternateName":"Webdo.tn","url":"https:\/\/www.webdo.tn\/fr\/","logo":{"@type":"ImageObject","inLanguage":"fr-FR","@id":"https:\/\/www.webdo.tn\/fr\/#\/schema\/logo\/image\/","url":"https:\/\/www.webdo.tn\/fr\/wp-content\/uploads\/2025\/06\/Webdo-Tunisie_168377.jpg","contentUrl":"https:\/\/www.webdo.tn\/fr\/wp-content\/uploads\/2025\/06\/Webdo-Tunisie_168377.jpg","width":301,"height":301,"caption":"Webdo"},"image":{"@id":"https:\/\/www.webdo.tn\/fr\/#\/schema\/logo\/image\/"},"sameAs":["https:\/\/www.facebook.com\/webdotn","https:\/\/x.com\/webdo_tn"],"description":"Webdo est un m\u00e9dia num\u00e9rique tunisien fond\u00e9 en 2010, sp\u00e9cialis\u00e9 dans l\u2019actualit\u00e9 nationale et internationale, l\u2019\u00e9conomie, la soci\u00e9t\u00e9 et les analyses politiques. Le site s\u2019adresse \u00e0 un large public francophone et couvre l\u2019information tunisienne en temps r\u00e9el.","email":"redac@webdo.tn","legalName":"YNJ SARL","foundingDate":"2010-09-06","numberOfEmployees":{"@type":"QuantitativeValue","minValue":"11","maxValue":"50"}},{"@type":"Person","@id":"https:\/\/www.webdo.tn\/fr\/#\/schema\/person\/60d5ba619ed3f58783b0dc82b7dada80","name":"Ne\u00efla DRISS","image":{"@type":"ImageObject","inLanguage":"fr-FR","@id":"https:\/\/www.webdo.tn\/fr\/wp-content\/uploads\/2026\/04\/neila-driss_avatar-96x96.jpg","url":"https:\/\/www.webdo.tn\/fr\/wp-content\/uploads\/2026\/04\/neila-driss_avatar-96x96.jpg","contentUrl":"https:\/\/www.webdo.tn\/fr\/wp-content\/uploads\/2026\/04\/neila-driss_avatar-96x96.jpg","caption":"Ne\u00efla DRISS"},"description":"Ne\u00efla Driss est juriste, journaliste culturelle et critique de cin\u00e9ma tunisienne. Titulaire d\u2019un DEA en droit priv\u00e9 de l\u2019Universit\u00e9 Paris II et d\u2019un DESS de l\u2019IHEC Carthage, elle d\u00e9bute sa carri\u00e8re comme juriste sp\u00e9cialis\u00e9e en gestion de patrimoine immobilier. Elle s\u2019oriente ensuite vers l\u2019\u00e9criture en ligne, o\u00f9 elle se distingue d\u00e8s 2006 aux Tunisia Blog Awards, avant de se consacrer au journalisme culturel, avec une sp\u00e9cialisation dans la critique cin\u00e9matographique. Elle couvre r\u00e9guli\u00e8rement les grands festivals internationaux, notamment le Festival de Cannes, les Journ\u00e9es Cin\u00e9matographiques de Carthage et le Festival du film du Caire. Membre de l\u2019ATPCC et de la FIPRESCI, elle participe \u00e0 des jurys et initiatives internationales de critique. Depuis 2024, elle est \u00e9lectrice internationale aux Golden Globes. Facebook : https:\/\/www.facebook.com\/massir.destiniii\/ X : https:\/\/x.com\/MassirDestin","sameAs":["https:\/\/www.facebook.com\/massir.destiniii\/","https:\/\/www.instagram.com\/neila.driss\/?hl=fr","https:\/\/www.linkedin.com\/in\/neila-driss-22606a80\/","https:\/\/x.com\/https:\/\/x.com\/MassirDestin"],"knowsAbout":["Cin\u00e9ma international","critique cin\u00e9matographique","festivals de cin\u00e9ma","journalisme culturel"],"knowsLanguage":["Fran\u00e7ais","Arabe","Anglais"],"jobTitle":"Journaliste culturelle et critique de cin\u00e9ma","worksFor":"Webdo","url":"https:\/\/www.webdo.tn\/fr\/actualite\/author\/neila-driss\/"}]}},"_links":{"self":[{"href":"https:\/\/www.webdo.tn\/fr\/wp-json\/wp\/v2\/posts\/397139","targetHints":{"allow":["GET"]}}],"collection":[{"href":"https:\/\/www.webdo.tn\/fr\/wp-json\/wp\/v2\/posts"}],"about":[{"href":"https:\/\/www.webdo.tn\/fr\/wp-json\/wp\/v2\/types\/post"}],"author":[{"embeddable":true,"href":"https:\/\/www.webdo.tn\/fr\/wp-json\/wp\/v2\/users\/3164"}],"replies":[{"embeddable":true,"href":"https:\/\/www.webdo.tn\/fr\/wp-json\/wp\/v2\/comments?post=397139"}],"version-history":[{"count":0,"href":"https:\/\/www.webdo.tn\/fr\/wp-json\/wp\/v2\/posts\/397139\/revisions"}],"wp:featuredmedia":[{"embeddable":true,"href":"https:\/\/www.webdo.tn\/fr\/wp-json\/wp\/v2\/media\/397140"}],"wp:attachment":[{"href":"https:\/\/www.webdo.tn\/fr\/wp-json\/wp\/v2\/media?parent=397139"}],"wp:term":[{"taxonomy":"category","embeddable":true,"href":"https:\/\/www.webdo.tn\/fr\/wp-json\/wp\/v2\/categories?post=397139"},{"taxonomy":"post_tag","embeddable":true,"href":"https:\/\/www.webdo.tn\/fr\/wp-json\/wp\/v2\/tags?post=397139"}],"curies":[{"name":"wp","href":"https:\/\/api.w.org\/{rel}","templated":true}]}}