{"id":397136,"date":"2026-04-30T18:49:19","date_gmt":"2026-04-30T17:49:19","guid":{"rendered":"https:\/\/www.webdo.tn\/fr\/?p=397136"},"modified":"2026-04-30T18:49:21","modified_gmt":"2026-04-30T17:49:21","slug":"la-tunisie-realise-un-saut-technologique-majeur-dans-le-sequencage-genetique","status":"publish","type":"post","link":"https:\/\/www.webdo.tn\/fr\/actualite\/national\/la-tunisie-realise-un-saut-technologique-majeur-dans-le-sequencage-genetique\/397136\/","title":{"rendered":"La Tunisie r\u00e9alise un saut technologique majeur dans le s\u00e9quen\u00e7age g\u00e9n\u00e9tique"},"content":{"rendered":"\n<p><strong>La Tunisie vient de r\u00e9aliser un pas d\u00e9cisif dans le domaine de la m\u00e9decine de pointe avec le succ\u00e8s de la premi\u00e8re grande mise en service de la plateforme de s\u00e9quen\u00e7age g\u00e9n\u00e9tique \u00e0 haute pr\u00e9cision NovaSeq X Plus, install\u00e9e au sein de Institut Pasteur de Tunis. <\/strong><\/p>\n\n\n\n<p>Cette avanc\u00e9e, annonc\u00e9e par le minist\u00e8re de la Sant\u00e9, marque une \u00e9volution significative des capacit\u00e9s nationales en mati\u00e8re de recherche biom\u00e9dicale et de diagnostic avanc\u00e9, positionnant le pays dans une dynamique internationale de d\u00e9veloppement de la m\u00e9decine de pr\u00e9cision.<\/p>\n\n\n\n<h2 class=\"wp-block-heading\" id=\"h-experimentation-a-grande-echelle\">Exp\u00e9rimentation \u00e0 grande \u00e9chelle<\/h2>\n\n\n\n<p>Concr\u00e8tement, cette premi\u00e8re exp\u00e9rimentation \u00e0 grande \u00e9chelle a permis de r\u00e9aliser simultan\u00e9ment des analyses g\u00e9n\u00e9tiques complexes portant sur 96 exomes et 48 g\u00e9nomes humains, avec un taux de r\u00e9ussite technique de 100 %. Une performance qui t\u00e9moigne non seulement de la fiabilit\u00e9 de l\u2019\u00e9quipement, mais aussi de la mont\u00e9e en comp\u00e9tence des \u00e9quipes scientifiques tunisiennes dans un domaine hautement sp\u00e9cialis\u00e9, relevant de la g\u00e9nomique.<\/p>\n\n\n\n<p>Les retomb\u00e9es attendues sont multiples. Sur le plan m\u00e9dical, cette technologie ouvre la voie \u00e0 un diagnostic plus pr\u00e9coce et plus pr\u00e9cis des maladies rares et g\u00e9n\u00e9tiques, souvent difficiles \u00e0 identifier avec les m\u00e9thodes classiques. Elle permet \u00e9galement d\u2019affiner les strat\u00e9gies th\u00e9rapeutiques en oncologie, en s\u2019inscrivant pleinement dans l\u2019approche de la m\u00e9decine de pr\u00e9cision, o\u00f9 les traitements sont adapt\u00e9s au profil g\u00e9n\u00e9tique de chaque patient.<\/p>\n\n\n\n<h2 class=\"wp-block-heading\" id=\"h-qu-est-ce-que-le-projet-genome-tunisia\">Qu&rsquo;est ce que le projet  Genome Tunisia? <\/h2>\n\n\n\n<p>Au-del\u00e0 des applications cliniques, cette avanc\u00e9e s\u2019inscrit dans le cadre du projet Genome Tunisia, qui vise \u00e0 mieux comprendre les sp\u00e9cificit\u00e9s g\u00e9n\u00e9tiques de la population tunisienne. Un enjeu scientifique majeur, qui pourrait \u00e0 terme am\u00e9liorer les politiques de sant\u00e9 publique, en permettant une meilleure anticipation des risques sanitaires propres au contexte local.<\/p>\n\n\n\n<p class=\"has-medium-font-size\"><strong>Lire aussi :<\/strong>\u00a0<a href=\"https:\/\/www.webdo.tn\/fr\/actualite\/national\/la-tunisie-veut-devenir-le-leader-regional-de-la-production-de-vaccins-en-afrique\/221082\/\">Sant\u00e9 : La Tunisie veut devenir le leader r\u00e9gional de la production de vaccins en Afrique<\/a> <\/p>\n\n\n\n<p>Ce saut technologique confirme que la Tunisie ne se contente plus de suivre les \u00e9volutions scientifiques mondiales, mais cherche d\u00e9sormais \u00e0 y prendre part activement. Dans un contexte o\u00f9 la souverainet\u00e9 sanitaire devient un enjeu strat\u00e9gique, ce type d\u2019investissement dans la recherche et l\u2019innovation appara\u00eet comme un levier essentiel pour renforcer l\u2019autonomie du pays et am\u00e9liorer durablement la qualit\u00e9 des soins.<\/p>\n","protected":false},"excerpt":{"rendered":"<p>La Tunisie vient de r\u00e9aliser un pas d\u00e9cisif dans le domaine de la m\u00e9decine de pointe avec le succ\u00e8s de la premi\u00e8re grande mise en service de la plateforme de s\u00e9quen\u00e7age g\u00e9n\u00e9tique \u00e0 haute pr\u00e9cision NovaSeq X Plus, install\u00e9e au sein de Institut Pasteur de Tunis. Cette avanc\u00e9e, annonc\u00e9e par le minist\u00e8re de la Sant\u00e9, [&hellip;]<\/p>\n","protected":false},"author":3184,"featured_media":397137,"comment_status":"closed","ping_status":"closed","sticky":false,"template":"","format":"standard","meta":{"footnotes":""},"categories":[13163,44],"tags":[14078,2608],"class_list":["post-397136","post","type-post","status-publish","format-standard","has-post-thumbnail","hentry","category-epingle","category-national","tag-sequencage-genetique","tag-tunisie"],"yoast_head":"<!-- This site is optimized with the Yoast SEO Premium plugin v27.5 (Yoast SEO v27.5) - https:\/\/yoast.com\/product\/yoast-seo-premium-wordpress\/ -->\n<title>La Tunisie r\u00e9alise un saut technologique majeur dans le s\u00e9quen\u00e7age g\u00e9n\u00e9tique - webdo<\/title>\n<meta name=\"description\" content=\"D\u00e9couvrez le s\u00e9quen\u00e7age g\u00e9n\u00e9tique en Tunisie avec la nouvelle plateforme NovaSeq X Plus pour des diagnostics avanc\u00e9s.\" \/>\n<link rel=\"canonical\" href=\"https:\/\/www.webdo.tn\/fr\/actualite\/national\/la-tunisie-realise-un-saut-technologique-majeur-dans-le-sequencage-genetique\/397136\/\" \/>\n<meta property=\"og:locale\" content=\"fr_FR\" \/>\n<meta property=\"og:type\" content=\"article\" \/>\n<meta property=\"og:title\" content=\"La Tunisie r\u00e9alise un saut technologique majeur dans le s\u00e9quen\u00e7age g\u00e9n\u00e9tique\" \/>\n<meta property=\"og:description\" content=\"D\u00e9couvrez le s\u00e9quen\u00e7age g\u00e9n\u00e9tique en Tunisie avec la nouvelle plateforme NovaSeq X Plus pour des diagnostics avanc\u00e9s.\" \/>\n<meta property=\"og:url\" content=\"https:\/\/www.webdo.tn\/fr\/actualite\/national\/la-tunisie-realise-un-saut-technologique-majeur-dans-le-sequencage-genetique\/397136\/\" \/>\n<meta property=\"og:site_name\" content=\"webdo\" \/>\n<meta property=\"article:publisher\" content=\"https:\/\/www.facebook.com\/webdotn\" \/>\n<meta property=\"article:published_time\" content=\"2026-04-30T17:49:19+00:00\" \/>\n<meta property=\"article:modified_time\" content=\"2026-04-30T17:49:21+00:00\" \/>\n<meta property=\"og:image\" content=\"https:\/\/www.webdo.tn\/fr\/wp-content\/uploads\/2026\/04\/santee.jpg\" \/>\n\t<meta property=\"og:image:width\" content=\"1200\" \/>\n\t<meta property=\"og:image:height\" content=\"635\" \/>\n\t<meta property=\"og:image:type\" content=\"image\/jpeg\" \/>\n<meta name=\"author\" content=\"Wided Belhaj\" \/>\n<meta name=\"twitter:card\" content=\"summary_large_image\" \/>\n<meta name=\"twitter:creator\" content=\"@webdo_tn\" \/>\n<meta name=\"twitter:site\" content=\"@webdo_tn\" \/>\n<meta name=\"twitter:label1\" content=\"\u00c9crit par\" \/>\n\t<meta name=\"twitter:data1\" content=\"Wided Belhaj\" \/>\n\t<meta name=\"twitter:label2\" content=\"Dur\u00e9e de lecture estim\u00e9e\" \/>\n\t<meta name=\"twitter:data2\" content=\"3 minutes\" \/>\n<script type=\"application\/ld+json\" class=\"yoast-schema-graph\">{\"@context\":\"https:\\\/\\\/schema.org\",\"@graph\":[{\"@type\":\"NewsArticle\",\"@id\":\"https:\\\/\\\/www.webdo.tn\\\/fr\\\/actualite\\\/national\\\/la-tunisie-realise-un-saut-technologique-majeur-dans-le-sequencage-genetique\\\/397136\\\/#article\",\"isPartOf\":{\"@id\":\"https:\\\/\\\/www.webdo.tn\\\/fr\\\/actualite\\\/national\\\/la-tunisie-realise-un-saut-technologique-majeur-dans-le-sequencage-genetique\\\/397136\\\/\"},\"author\":{\"name\":\"Wided Belhaj\",\"@id\":\"https:\\\/\\\/www.webdo.tn\\\/fr\\\/#\\\/schema\\\/person\\\/b9ecde7a5574cb4fcf4b496ea5fadb15\"},\"headline\":\"La Tunisie r\u00e9alise un saut technologique majeur dans le s\u00e9quen\u00e7age g\u00e9n\u00e9tique\",\"datePublished\":\"2026-04-30T17:49:19+00:00\",\"dateModified\":\"2026-04-30T17:49:21+00:00\",\"mainEntityOfPage\":{\"@id\":\"https:\\\/\\\/www.webdo.tn\\\/fr\\\/actualite\\\/national\\\/la-tunisie-realise-un-saut-technologique-majeur-dans-le-sequencage-genetique\\\/397136\\\/\"},\"wordCount\":428,\"publisher\":{\"@id\":\"https:\\\/\\\/www.webdo.tn\\\/fr\\\/#organization\"},\"image\":{\"@id\":\"https:\\\/\\\/www.webdo.tn\\\/fr\\\/actualite\\\/national\\\/la-tunisie-realise-un-saut-technologique-majeur-dans-le-sequencage-genetique\\\/397136\\\/#primaryimage\"},\"thumbnailUrl\":\"https:\\\/\\\/www.webdo.tn\\\/fr\\\/wp-content\\\/uploads\\\/2026\\\/04\\\/santee.jpg\",\"keywords\":[\"s\u00e9quen\u00e7age g\u00e9n\u00e9tique\",\"Tunisie\"],\"articleSection\":[\"\u00c9pingle\",\"National\"],\"inLanguage\":\"fr-FR\"},{\"@type\":\"WebPage\",\"@id\":\"https:\\\/\\\/www.webdo.tn\\\/fr\\\/actualite\\\/national\\\/la-tunisie-realise-un-saut-technologique-majeur-dans-le-sequencage-genetique\\\/397136\\\/\",\"url\":\"https:\\\/\\\/www.webdo.tn\\\/fr\\\/actualite\\\/national\\\/la-tunisie-realise-un-saut-technologique-majeur-dans-le-sequencage-genetique\\\/397136\\\/\",\"name\":\"La Tunisie r\u00e9alise un saut technologique majeur dans le s\u00e9quen\u00e7age g\u00e9n\u00e9tique - webdo\",\"isPartOf\":{\"@id\":\"https:\\\/\\\/www.webdo.tn\\\/fr\\\/#website\"},\"primaryImageOfPage\":{\"@id\":\"https:\\\/\\\/www.webdo.tn\\\/fr\\\/actualite\\\/national\\\/la-tunisie-realise-un-saut-technologique-majeur-dans-le-sequencage-genetique\\\/397136\\\/#primaryimage\"},\"image\":{\"@id\":\"https:\\\/\\\/www.webdo.tn\\\/fr\\\/actualite\\\/national\\\/la-tunisie-realise-un-saut-technologique-majeur-dans-le-sequencage-genetique\\\/397136\\\/#primaryimage\"},\"thumbnailUrl\":\"https:\\\/\\\/www.webdo.tn\\\/fr\\\/wp-content\\\/uploads\\\/2026\\\/04\\\/santee.jpg\",\"datePublished\":\"2026-04-30T17:49:19+00:00\",\"dateModified\":\"2026-04-30T17:49:21+00:00\",\"description\":\"D\u00e9couvrez le s\u00e9quen\u00e7age g\u00e9n\u00e9tique en Tunisie avec la nouvelle plateforme NovaSeq X Plus pour des diagnostics avanc\u00e9s.\",\"breadcrumb\":{\"@id\":\"https:\\\/\\\/www.webdo.tn\\\/fr\\\/actualite\\\/national\\\/la-tunisie-realise-un-saut-technologique-majeur-dans-le-sequencage-genetique\\\/397136\\\/#breadcrumb\"},\"inLanguage\":\"fr-FR\",\"potentialAction\":[{\"@type\":\"ReadAction\",\"target\":[\"https:\\\/\\\/www.webdo.tn\\\/fr\\\/actualite\\\/national\\\/la-tunisie-realise-un-saut-technologique-majeur-dans-le-sequencage-genetique\\\/397136\\\/\"]}]},{\"@type\":\"ImageObject\",\"inLanguage\":\"fr-FR\",\"@id\":\"https:\\\/\\\/www.webdo.tn\\\/fr\\\/actualite\\\/national\\\/la-tunisie-realise-un-saut-technologique-majeur-dans-le-sequencage-genetique\\\/397136\\\/#primaryimage\",\"url\":\"https:\\\/\\\/www.webdo.tn\\\/fr\\\/wp-content\\\/uploads\\\/2026\\\/04\\\/santee.jpg\",\"contentUrl\":\"https:\\\/\\\/www.webdo.tn\\\/fr\\\/wp-content\\\/uploads\\\/2026\\\/04\\\/santee.jpg\",\"width\":1200,\"height\":635,\"caption\":\"Genetique\"},{\"@type\":\"BreadcrumbList\",\"@id\":\"https:\\\/\\\/www.webdo.tn\\\/fr\\\/actualite\\\/national\\\/la-tunisie-realise-un-saut-technologique-majeur-dans-le-sequencage-genetique\\\/397136\\\/#breadcrumb\",\"itemListElement\":[{\"@type\":\"ListItem\",\"position\":1,\"name\":\"Accueil\",\"item\":\"https:\\\/\\\/www.webdo.tn\\\/fr\\\/\"},{\"@type\":\"ListItem\",\"position\":2,\"name\":\"La Tunisie r\u00e9alise un saut technologique majeur dans le s\u00e9quen\u00e7age g\u00e9n\u00e9tique\"}]},{\"@type\":\"WebSite\",\"@id\":\"https:\\\/\\\/www.webdo.tn\\\/fr\\\/#website\",\"url\":\"https:\\\/\\\/www.webdo.tn\\\/fr\\\/\",\"name\":\"webdo\",\"description\":\"Tunisie - News en Tunisie et \u00e0 l&#039;international sur Webdo.tn\",\"publisher\":{\"@id\":\"https:\\\/\\\/www.webdo.tn\\\/fr\\\/#organization\"},\"potentialAction\":[{\"@type\":\"SearchAction\",\"target\":{\"@type\":\"EntryPoint\",\"urlTemplate\":\"https:\\\/\\\/www.webdo.tn\\\/fr\\\/?s={search_term_string}\"},\"query-input\":{\"@type\":\"PropertyValueSpecification\",\"valueRequired\":true,\"valueName\":\"search_term_string\"}}],\"inLanguage\":\"fr-FR\"},{\"@type\":\"Organization\",\"@id\":\"https:\\\/\\\/www.webdo.tn\\\/fr\\\/#organization\",\"name\":\"Webdo\",\"alternateName\":\"Webdo.tn\",\"url\":\"https:\\\/\\\/www.webdo.tn\\\/fr\\\/\",\"logo\":{\"@type\":\"ImageObject\",\"inLanguage\":\"fr-FR\",\"@id\":\"https:\\\/\\\/www.webdo.tn\\\/fr\\\/#\\\/schema\\\/logo\\\/image\\\/\",\"url\":\"https:\\\/\\\/www.webdo.tn\\\/fr\\\/wp-content\\\/uploads\\\/2025\\\/06\\\/Webdo-Tunisie_168377.jpg\",\"contentUrl\":\"https:\\\/\\\/www.webdo.tn\\\/fr\\\/wp-content\\\/uploads\\\/2025\\\/06\\\/Webdo-Tunisie_168377.jpg\",\"width\":301,\"height\":301,\"caption\":\"Webdo\"},\"image\":{\"@id\":\"https:\\\/\\\/www.webdo.tn\\\/fr\\\/#\\\/schema\\\/logo\\\/image\\\/\"},\"sameAs\":[\"https:\\\/\\\/www.facebook.com\\\/webdotn\",\"https:\\\/\\\/x.com\\\/webdo_tn\"],\"description\":\"Webdo est un m\u00e9dia num\u00e9rique tunisien fond\u00e9 en 2010, sp\u00e9cialis\u00e9 dans l\u2019actualit\u00e9 nationale et internationale, l\u2019\u00e9conomie, la soci\u00e9t\u00e9 et les analyses politiques. Le site s\u2019adresse \u00e0 un large public francophone et couvre l\u2019information tunisienne en temps r\u00e9el.\",\"email\":\"redac@webdo.tn\",\"legalName\":\"YNJ SARL\",\"foundingDate\":\"2010-09-06\",\"numberOfEmployees\":{\"@type\":\"QuantitativeValue\",\"minValue\":\"11\",\"maxValue\":\"50\"}},{\"@type\":\"Person\",\"@id\":\"https:\\\/\\\/www.webdo.tn\\\/fr\\\/#\\\/schema\\\/person\\\/b9ecde7a5574cb4fcf4b496ea5fadb15\",\"name\":\"Wided Belhaj\",\"image\":{\"@type\":\"ImageObject\",\"inLanguage\":\"fr-FR\",\"@id\":\"https:\\\/\\\/www.webdo.tn\\\/fr\\\/wp-content\\\/uploads\\\/2026\\\/04\\\/wided-belhaj_avatar-96x96.jpg\",\"url\":\"https:\\\/\\\/www.webdo.tn\\\/fr\\\/wp-content\\\/uploads\\\/2026\\\/04\\\/wided-belhaj_avatar-96x96.jpg\",\"contentUrl\":\"https:\\\/\\\/www.webdo.tn\\\/fr\\\/wp-content\\\/uploads\\\/2026\\\/04\\\/wided-belhaj_avatar-96x96.jpg\",\"caption\":\"Wided Belhaj\"},\"description\":\"Wided Belhaj est le pseudonyme \u00e9ditorial utilis\u00e9 par Khalil Jelassi, journaliste, ma\u00eetre-assistant \u00e0 l\u2019Institut de presse et des sciences de l\u2019information (IPSI) et chercheur en sciences de l\u2019information et de la communication. Cette signature est d\u00e9di\u00e9e \u00e0 l\u2019analyse des m\u00e9dias, des pratiques journalistiques et des mutations de l\u2019information \u00e0 l\u2019\u00e8re digitale. \u00c0 travers ses contributions, Wided Belhaj propose une lecture analytique de l\u2019actualit\u00e9, en croisant regard critique et expertise acad\u00e9mique.\",\"knowsAbout\":[\"m\u00e9dias\",\"journalisme\",\"communication\",\"information\",\"transformation num\u00e9rique\",\"analyse des m\u00e9dias\"],\"knowsLanguage\":[\"Fran\u00e7ais\",\"Arabe\"],\"jobTitle\":\"Webdo.tn\",\"worksFor\":\"Journaliste \u2013 Analyse des m\u00e9dias\",\"url\":\"https:\\\/\\\/www.webdo.tn\\\/fr\\\/actualite\\\/author\\\/wided-belhaj\\\/\"}]}<\/script>\n<!-- \/ Yoast SEO Premium plugin. -->","yoast_head_json":{"title":"La Tunisie r\u00e9alise un saut technologique majeur dans le s\u00e9quen\u00e7age g\u00e9n\u00e9tique - webdo","description":"D\u00e9couvrez le s\u00e9quen\u00e7age g\u00e9n\u00e9tique en Tunisie avec la nouvelle plateforme NovaSeq X Plus pour des diagnostics avanc\u00e9s.","canonical":"https:\/\/www.webdo.tn\/fr\/actualite\/national\/la-tunisie-realise-un-saut-technologique-majeur-dans-le-sequencage-genetique\/397136\/","og_locale":"fr_FR","og_type":"article","og_title":"La Tunisie r\u00e9alise un saut technologique majeur dans le s\u00e9quen\u00e7age g\u00e9n\u00e9tique","og_description":"D\u00e9couvrez le s\u00e9quen\u00e7age g\u00e9n\u00e9tique en Tunisie avec la nouvelle plateforme NovaSeq X Plus pour des diagnostics avanc\u00e9s.","og_url":"https:\/\/www.webdo.tn\/fr\/actualite\/national\/la-tunisie-realise-un-saut-technologique-majeur-dans-le-sequencage-genetique\/397136\/","og_site_name":"webdo","article_publisher":"https:\/\/www.facebook.com\/webdotn","article_published_time":"2026-04-30T17:49:19+00:00","article_modified_time":"2026-04-30T17:49:21+00:00","og_image":[{"width":1200,"height":635,"url":"https:\/\/www.webdo.tn\/fr\/wp-content\/uploads\/2026\/04\/santee.jpg","type":"image\/jpeg"}],"author":"Wided Belhaj","twitter_card":"summary_large_image","twitter_creator":"@webdo_tn","twitter_site":"@webdo_tn","twitter_misc":{"\u00c9crit par":"Wided Belhaj","Dur\u00e9e de lecture estim\u00e9e":"3 minutes"},"schema":{"@context":"https:\/\/schema.org","@graph":[{"@type":"NewsArticle","@id":"https:\/\/www.webdo.tn\/fr\/actualite\/national\/la-tunisie-realise-un-saut-technologique-majeur-dans-le-sequencage-genetique\/397136\/#article","isPartOf":{"@id":"https:\/\/www.webdo.tn\/fr\/actualite\/national\/la-tunisie-realise-un-saut-technologique-majeur-dans-le-sequencage-genetique\/397136\/"},"author":{"name":"Wided Belhaj","@id":"https:\/\/www.webdo.tn\/fr\/#\/schema\/person\/b9ecde7a5574cb4fcf4b496ea5fadb15"},"headline":"La Tunisie r\u00e9alise un saut technologique majeur dans le s\u00e9quen\u00e7age g\u00e9n\u00e9tique","datePublished":"2026-04-30T17:49:19+00:00","dateModified":"2026-04-30T17:49:21+00:00","mainEntityOfPage":{"@id":"https:\/\/www.webdo.tn\/fr\/actualite\/national\/la-tunisie-realise-un-saut-technologique-majeur-dans-le-sequencage-genetique\/397136\/"},"wordCount":428,"publisher":{"@id":"https:\/\/www.webdo.tn\/fr\/#organization"},"image":{"@id":"https:\/\/www.webdo.tn\/fr\/actualite\/national\/la-tunisie-realise-un-saut-technologique-majeur-dans-le-sequencage-genetique\/397136\/#primaryimage"},"thumbnailUrl":"https:\/\/www.webdo.tn\/fr\/wp-content\/uploads\/2026\/04\/santee.jpg","keywords":["s\u00e9quen\u00e7age g\u00e9n\u00e9tique","Tunisie"],"articleSection":["\u00c9pingle","National"],"inLanguage":"fr-FR"},{"@type":"WebPage","@id":"https:\/\/www.webdo.tn\/fr\/actualite\/national\/la-tunisie-realise-un-saut-technologique-majeur-dans-le-sequencage-genetique\/397136\/","url":"https:\/\/www.webdo.tn\/fr\/actualite\/national\/la-tunisie-realise-un-saut-technologique-majeur-dans-le-sequencage-genetique\/397136\/","name":"La Tunisie r\u00e9alise un saut technologique majeur dans le s\u00e9quen\u00e7age g\u00e9n\u00e9tique - webdo","isPartOf":{"@id":"https:\/\/www.webdo.tn\/fr\/#website"},"primaryImageOfPage":{"@id":"https:\/\/www.webdo.tn\/fr\/actualite\/national\/la-tunisie-realise-un-saut-technologique-majeur-dans-le-sequencage-genetique\/397136\/#primaryimage"},"image":{"@id":"https:\/\/www.webdo.tn\/fr\/actualite\/national\/la-tunisie-realise-un-saut-technologique-majeur-dans-le-sequencage-genetique\/397136\/#primaryimage"},"thumbnailUrl":"https:\/\/www.webdo.tn\/fr\/wp-content\/uploads\/2026\/04\/santee.jpg","datePublished":"2026-04-30T17:49:19+00:00","dateModified":"2026-04-30T17:49:21+00:00","description":"D\u00e9couvrez le s\u00e9quen\u00e7age g\u00e9n\u00e9tique en Tunisie avec la nouvelle plateforme NovaSeq X Plus pour des diagnostics avanc\u00e9s.","breadcrumb":{"@id":"https:\/\/www.webdo.tn\/fr\/actualite\/national\/la-tunisie-realise-un-saut-technologique-majeur-dans-le-sequencage-genetique\/397136\/#breadcrumb"},"inLanguage":"fr-FR","potentialAction":[{"@type":"ReadAction","target":["https:\/\/www.webdo.tn\/fr\/actualite\/national\/la-tunisie-realise-un-saut-technologique-majeur-dans-le-sequencage-genetique\/397136\/"]}]},{"@type":"ImageObject","inLanguage":"fr-FR","@id":"https:\/\/www.webdo.tn\/fr\/actualite\/national\/la-tunisie-realise-un-saut-technologique-majeur-dans-le-sequencage-genetique\/397136\/#primaryimage","url":"https:\/\/www.webdo.tn\/fr\/wp-content\/uploads\/2026\/04\/santee.jpg","contentUrl":"https:\/\/www.webdo.tn\/fr\/wp-content\/uploads\/2026\/04\/santee.jpg","width":1200,"height":635,"caption":"Genetique"},{"@type":"BreadcrumbList","@id":"https:\/\/www.webdo.tn\/fr\/actualite\/national\/la-tunisie-realise-un-saut-technologique-majeur-dans-le-sequencage-genetique\/397136\/#breadcrumb","itemListElement":[{"@type":"ListItem","position":1,"name":"Accueil","item":"https:\/\/www.webdo.tn\/fr\/"},{"@type":"ListItem","position":2,"name":"La Tunisie r\u00e9alise un saut technologique majeur dans le s\u00e9quen\u00e7age g\u00e9n\u00e9tique"}]},{"@type":"WebSite","@id":"https:\/\/www.webdo.tn\/fr\/#website","url":"https:\/\/www.webdo.tn\/fr\/","name":"webdo","description":"Tunisie - News en Tunisie et \u00e0 l&#039;international sur Webdo.tn","publisher":{"@id":"https:\/\/www.webdo.tn\/fr\/#organization"},"potentialAction":[{"@type":"SearchAction","target":{"@type":"EntryPoint","urlTemplate":"https:\/\/www.webdo.tn\/fr\/?s={search_term_string}"},"query-input":{"@type":"PropertyValueSpecification","valueRequired":true,"valueName":"search_term_string"}}],"inLanguage":"fr-FR"},{"@type":"Organization","@id":"https:\/\/www.webdo.tn\/fr\/#organization","name":"Webdo","alternateName":"Webdo.tn","url":"https:\/\/www.webdo.tn\/fr\/","logo":{"@type":"ImageObject","inLanguage":"fr-FR","@id":"https:\/\/www.webdo.tn\/fr\/#\/schema\/logo\/image\/","url":"https:\/\/www.webdo.tn\/fr\/wp-content\/uploads\/2025\/06\/Webdo-Tunisie_168377.jpg","contentUrl":"https:\/\/www.webdo.tn\/fr\/wp-content\/uploads\/2025\/06\/Webdo-Tunisie_168377.jpg","width":301,"height":301,"caption":"Webdo"},"image":{"@id":"https:\/\/www.webdo.tn\/fr\/#\/schema\/logo\/image\/"},"sameAs":["https:\/\/www.facebook.com\/webdotn","https:\/\/x.com\/webdo_tn"],"description":"Webdo est un m\u00e9dia num\u00e9rique tunisien fond\u00e9 en 2010, sp\u00e9cialis\u00e9 dans l\u2019actualit\u00e9 nationale et internationale, l\u2019\u00e9conomie, la soci\u00e9t\u00e9 et les analyses politiques. Le site s\u2019adresse \u00e0 un large public francophone et couvre l\u2019information tunisienne en temps r\u00e9el.","email":"redac@webdo.tn","legalName":"YNJ SARL","foundingDate":"2010-09-06","numberOfEmployees":{"@type":"QuantitativeValue","minValue":"11","maxValue":"50"}},{"@type":"Person","@id":"https:\/\/www.webdo.tn\/fr\/#\/schema\/person\/b9ecde7a5574cb4fcf4b496ea5fadb15","name":"Wided Belhaj","image":{"@type":"ImageObject","inLanguage":"fr-FR","@id":"https:\/\/www.webdo.tn\/fr\/wp-content\/uploads\/2026\/04\/wided-belhaj_avatar-96x96.jpg","url":"https:\/\/www.webdo.tn\/fr\/wp-content\/uploads\/2026\/04\/wided-belhaj_avatar-96x96.jpg","contentUrl":"https:\/\/www.webdo.tn\/fr\/wp-content\/uploads\/2026\/04\/wided-belhaj_avatar-96x96.jpg","caption":"Wided Belhaj"},"description":"Wided Belhaj est le pseudonyme \u00e9ditorial utilis\u00e9 par Khalil Jelassi, journaliste, ma\u00eetre-assistant \u00e0 l\u2019Institut de presse et des sciences de l\u2019information (IPSI) et chercheur en sciences de l\u2019information et de la communication. Cette signature est d\u00e9di\u00e9e \u00e0 l\u2019analyse des m\u00e9dias, des pratiques journalistiques et des mutations de l\u2019information \u00e0 l\u2019\u00e8re digitale. \u00c0 travers ses contributions, Wided Belhaj propose une lecture analytique de l\u2019actualit\u00e9, en croisant regard critique et expertise acad\u00e9mique.","knowsAbout":["m\u00e9dias","journalisme","communication","information","transformation num\u00e9rique","analyse des m\u00e9dias"],"knowsLanguage":["Fran\u00e7ais","Arabe"],"jobTitle":"Webdo.tn","worksFor":"Journaliste \u2013 Analyse des m\u00e9dias","url":"https:\/\/www.webdo.tn\/fr\/actualite\/author\/wided-belhaj\/"}]}},"_links":{"self":[{"href":"https:\/\/www.webdo.tn\/fr\/wp-json\/wp\/v2\/posts\/397136","targetHints":{"allow":["GET"]}}],"collection":[{"href":"https:\/\/www.webdo.tn\/fr\/wp-json\/wp\/v2\/posts"}],"about":[{"href":"https:\/\/www.webdo.tn\/fr\/wp-json\/wp\/v2\/types\/post"}],"author":[{"embeddable":true,"href":"https:\/\/www.webdo.tn\/fr\/wp-json\/wp\/v2\/users\/3184"}],"replies":[{"embeddable":true,"href":"https:\/\/www.webdo.tn\/fr\/wp-json\/wp\/v2\/comments?post=397136"}],"version-history":[{"count":0,"href":"https:\/\/www.webdo.tn\/fr\/wp-json\/wp\/v2\/posts\/397136\/revisions"}],"wp:featuredmedia":[{"embeddable":true,"href":"https:\/\/www.webdo.tn\/fr\/wp-json\/wp\/v2\/media\/397137"}],"wp:attachment":[{"href":"https:\/\/www.webdo.tn\/fr\/wp-json\/wp\/v2\/media?parent=397136"}],"wp:term":[{"taxonomy":"category","embeddable":true,"href":"https:\/\/www.webdo.tn\/fr\/wp-json\/wp\/v2\/categories?post=397136"},{"taxonomy":"post_tag","embeddable":true,"href":"https:\/\/www.webdo.tn\/fr\/wp-json\/wp\/v2\/tags?post=397136"}],"curies":[{"name":"wp","href":"https:\/\/api.w.org\/{rel}","templated":true}]}}