{"id":397128,"date":"2026-04-30T18:02:14","date_gmt":"2026-04-30T17:02:14","guid":{"rendered":"https:\/\/www.webdo.tn\/fr\/?p=397128"},"modified":"2026-04-30T18:03:35","modified_gmt":"2026-04-30T17:03:35","slug":"ligue-1-27eme-j-rien-ne-bouge-le-club-africain-toujours-en-tete","status":"publish","type":"post","link":"https:\/\/www.webdo.tn\/fr\/actualite\/sport\/ligue-1-27eme-j-rien-ne-bouge-le-club-africain-toujours-en-tete\/397128\/","title":{"rendered":"Ligue 1 &#8211; 27\u00e8me J. : Rien ne bouge, le Club Africain toujours en t\u00eate"},"content":{"rendered":"\n<p><strong>Le choc entre l\u2019Esp\u00e9rance de Tunis et le Club Sportif Sfaxien n\u2019a pas tenu toutes ses promesses en termes de spectacle, mais il a offert un sc\u00e9nario riche en tensions. Les Sfaxiens ont cru faire la diff\u00e9rence juste avant la pause, sur un but inscrit dans le temps additionnel (45+7), finalement annul\u00e9 par la VAR pour une position de hors-jeu. Une d\u00e9cision qui a fig\u00e9 le score \u00e0 0-0 et laiss\u00e9 un go\u00fbt d\u2019inachev\u00e9.<\/strong><\/p>\n\n\n\n<p>Ce partage des points permet n\u00e9anmoins \u00e0 l\u2019Esp\u00e9rance de conserver sa deuxi\u00e8me place avec 57 points, tandis que le CS Sfaxien consolide sa troisi\u00e8me position avec 53 unit\u00e9s, maintenant la pression dans le haut du tableau, le Club Africain reste leader. <\/p>\n\n\n\n<p>Dans le bas du classement, l\u2019AS Marsa a r\u00e9alis\u00e9 une op\u00e9ration importante en s\u2019imposant au Kram face \u00e0 l\u2019Esp\u00e9rance de Zarzis (1-0). Youssouf Dao a rapidement fait la diff\u00e9rence d\u00e8s la 16e minute, offrant aux Marsois trois points pr\u00e9cieux qui leur permettent de remonter \u00e0 la 12e place avec 31 points.<\/p>\n\n\n\n<h2 class=\"wp-block-heading\" id=\"h-les-bejaois-respirent\">Les B\u00e9jaois respirent <\/h2>\n\n\n\n<p>M\u00eame score pour l\u2019Olympique de B\u00e9ja, qui a pris le dessus sur le CA Bizertin gr\u00e2ce \u00e0 un penalty transform\u00e9 par Islem Chalghoumi d\u00e8s la 12e minute. Ce succ\u00e8s permet aux B\u00e9jaois de se rapprocher un peu plus du maintien, tandis que les Bizertins voient leur dynamique positive stopp\u00e9e net et stagnent \u00e0 33 points.<\/p>\n\n\n\n<p>Enfin, l\u2019US Ben Guerdane est all\u00e9 chercher une victoire pr\u00e9cieuse sur la pelouse de la JS Kairouanaise (1-0). Mustapha Samb a inscrit l\u2019unique but de la rencontre \u00e0 la 39e minute. Une d\u00e9faite lourde de cons\u00e9quences pour les Kairouanais, d\u00e9sormais en grande difficult\u00e9 et d\u00e9pendants des r\u00e9sultats des autres \u00e9quipes pour esp\u00e9rer se maintenir.<\/p>\n\n\n\n<p class=\"has-medium-font-size\"><strong>Lire aussi :<\/strong> <a href=\"https:\/\/www.webdo.tn\/fr\/actualite\/sport\/fifa-lesperance-frappee-dune-interdiction-de-recrutement-six-clubs-tunisiens-concernes\/397105\/\">FIFA : L\u2019Esp\u00e9rance frapp\u00e9e d\u2019une interdiction de recrutement, six clubs tunisiens concern\u00e9s<\/a><br><\/p>\n\n\n\n<p>Au terme de cette 27\u00e8me journ\u00e9e, les \u00e9quilibres restent fragiles, aussi bien en haut qu\u2019en bas du classement, annon\u00e7ant une fin de saison sous haute tension.<\/p>\n\n\n\n<p><\/p>\n\n\n\n<h2 class=\"wp-block-heading\" id=\"h-resultats\">RESULTATS <\/h2>\n\n\n\n<ul class=\"wp-block-list\">\n<li>Esp\u00e9rance de Tunis 0-0 Club Sportif Sfaxien<\/li>\n\n\n\n<li><strong>AS Marsa<\/strong>\u00a01-0 Esp\u00e9rance de Zarzis (ASM : Youssouf Dao 16 mn)<\/li>\n\n\n\n<li><strong>Olympique de B\u00e9ja<\/strong>\u00a01-0 CA Bizertin (OB : Islem Chalghoumi (P) 12 mn)<\/li>\n\n\n\n<li>JS Kairouanaise 0-1<strong>\u00a0US Ben Guerdane<\/strong>\u00a0(USBG : Mustapha Samb 39 mn)<\/li>\n<\/ul>\n\n\n\n<p><\/p>\n\n\n\n<h2 class=\"wp-block-heading\" id=\"h-classement\">CLASSEMENT <\/h2>\n\n\n\n<p>1- Club Africain 59pts (27j)<br>2- Esp\u00e9rance de Tunis 57pts (27j)<br>3- Club Sportif Sfaxien 53pts (27j)<br>4- Stade Tunisien 44pts (27j)<br>5- US Monastirienne 42pts (27j)<br>6- Etoile du Sahel 38pts (27j)<br>7- ES M\u00e9tlaoui 36pts (27j)<br>8- JS Omrane 35pts (27j)<br>9- US Ben Guerdane 34pts (27j)<br>10- CA Bizertin 33pts (27j)<br>11- Esp\u00e9rance de Zarzis 32pts (27j)<br>12- AS Marsa 31pts (27j)<br>13- Olympique de B\u00e9ja 28pts (27j)<br>14- JS Kairouanaise 24pts (27j)<br>15- AS Soliman 21pts (27j)<br>16- AS Gab\u00e9s 18pts (27j)<\/p>\n\n\n\n<p><\/p>\n","protected":false},"excerpt":{"rendered":"<p>Le choc entre l\u2019Esp\u00e9rance de Tunis et le Club Sportif Sfaxien n\u2019a pas tenu toutes ses promesses en termes de spectacle, mais il a offert un sc\u00e9nario riche en tensions. Les Sfaxiens ont cru faire la diff\u00e9rence juste avant la pause, sur un but inscrit dans le temps additionnel (45+7), finalement annul\u00e9 par la VAR [&hellip;]<\/p>\n","protected":false},"author":3184,"featured_media":397130,"comment_status":"closed","ping_status":"closed","sticky":false,"template":"","format":"standard","meta":{"footnotes":""},"categories":[13163,2593],"tags":[4914,3436,2777],"class_list":["post-397128","post","type-post","status-publish","format-standard","has-post-thumbnail","hentry","category-epingle","category-sport","tag-css","tag-est","tag-ligue-1"],"yoast_head":"<!-- This site is optimized with the Yoast SEO Premium plugin v27.5 (Yoast SEO v27.5) - https:\/\/yoast.com\/product\/yoast-seo-premium-wordpress\/ -->\n<title>Ligue 1 - 27\u00e8me J. : Rien ne bouge, le Club Africain toujours en t\u00eate - webdo<\/title>\n<meta name=\"description\" content=\"D\u00e9couvrez le dernier match entre l\u2019Esp\u00e9rance de Tunis et le Ligue 1 Club Africain, plein de tensions et de rebondissements.\" \/>\n<link rel=\"canonical\" href=\"https:\/\/www.webdo.tn\/fr\/actualite\/sport\/ligue-1-27eme-j-rien-ne-bouge-le-club-africain-toujours-en-tete\/397128\/\" \/>\n<meta property=\"og:locale\" content=\"fr_FR\" \/>\n<meta property=\"og:type\" content=\"article\" \/>\n<meta property=\"og:title\" content=\"Ligue 1 - 27\u00e8me J. : Rien ne bouge, le Club Africain toujours en t\u00eate\" \/>\n<meta property=\"og:description\" content=\"D\u00e9couvrez le dernier match entre l\u2019Esp\u00e9rance de Tunis et le Ligue 1 Club Africain, plein de tensions et de rebondissements.\" \/>\n<meta property=\"og:url\" content=\"https:\/\/www.webdo.tn\/fr\/actualite\/sport\/ligue-1-27eme-j-rien-ne-bouge-le-club-africain-toujours-en-tete\/397128\/\" \/>\n<meta property=\"og:site_name\" content=\"webdo\" \/>\n<meta property=\"article:publisher\" content=\"https:\/\/www.facebook.com\/webdotn\" \/>\n<meta property=\"article:published_time\" content=\"2026-04-30T17:02:14+00:00\" \/>\n<meta property=\"article:modified_time\" content=\"2026-04-30T17:03:35+00:00\" \/>\n<meta property=\"og:image\" content=\"https:\/\/www.webdo.tn\/fr\/wp-content\/uploads\/2026\/04\/ligue-1.jpg\" \/>\n\t<meta property=\"og:image:width\" content=\"1200\" \/>\n\t<meta property=\"og:image:height\" content=\"601\" \/>\n\t<meta property=\"og:image:type\" content=\"image\/jpeg\" \/>\n<meta name=\"author\" content=\"Wided Belhaj\" \/>\n<meta name=\"twitter:card\" content=\"summary_large_image\" \/>\n<meta name=\"twitter:creator\" content=\"@webdo_tn\" \/>\n<meta name=\"twitter:site\" content=\"@webdo_tn\" \/>\n<meta name=\"twitter:label1\" content=\"\u00c9crit par\" \/>\n\t<meta name=\"twitter:data1\" content=\"Wided Belhaj\" \/>\n\t<meta name=\"twitter:label2\" content=\"Dur\u00e9e de lecture estim\u00e9e\" \/>\n\t<meta name=\"twitter:data2\" content=\"3 minutes\" \/>\n<script type=\"application\/ld+json\" class=\"yoast-schema-graph\">{\"@context\":\"https:\\\/\\\/schema.org\",\"@graph\":[{\"@type\":\"NewsArticle\",\"@id\":\"https:\\\/\\\/www.webdo.tn\\\/fr\\\/actualite\\\/sport\\\/ligue-1-27eme-j-rien-ne-bouge-le-club-africain-toujours-en-tete\\\/397128\\\/#article\",\"isPartOf\":{\"@id\":\"https:\\\/\\\/www.webdo.tn\\\/fr\\\/actualite\\\/sport\\\/ligue-1-27eme-j-rien-ne-bouge-le-club-africain-toujours-en-tete\\\/397128\\\/\"},\"author\":{\"name\":\"Wided Belhaj\",\"@id\":\"https:\\\/\\\/www.webdo.tn\\\/fr\\\/#\\\/schema\\\/person\\\/b9ecde7a5574cb4fcf4b496ea5fadb15\"},\"headline\":\"Ligue 1 &#8211; 27\u00e8me J. : Rien ne bouge, le Club Africain toujours en t\u00eate\",\"datePublished\":\"2026-04-30T17:02:14+00:00\",\"dateModified\":\"2026-04-30T17:03:35+00:00\",\"mainEntityOfPage\":{\"@id\":\"https:\\\/\\\/www.webdo.tn\\\/fr\\\/actualite\\\/sport\\\/ligue-1-27eme-j-rien-ne-bouge-le-club-africain-toujours-en-tete\\\/397128\\\/\"},\"wordCount\":502,\"publisher\":{\"@id\":\"https:\\\/\\\/www.webdo.tn\\\/fr\\\/#organization\"},\"image\":{\"@id\":\"https:\\\/\\\/www.webdo.tn\\\/fr\\\/actualite\\\/sport\\\/ligue-1-27eme-j-rien-ne-bouge-le-club-africain-toujours-en-tete\\\/397128\\\/#primaryimage\"},\"thumbnailUrl\":\"https:\\\/\\\/www.webdo.tn\\\/fr\\\/wp-content\\\/uploads\\\/2026\\\/04\\\/ligue-1.jpg\",\"keywords\":[\"CSS\",\"EST\",\"Ligue 1\"],\"articleSection\":[\"\u00c9pingle\",\"Sport\"],\"inLanguage\":\"fr-FR\"},{\"@type\":\"WebPage\",\"@id\":\"https:\\\/\\\/www.webdo.tn\\\/fr\\\/actualite\\\/sport\\\/ligue-1-27eme-j-rien-ne-bouge-le-club-africain-toujours-en-tete\\\/397128\\\/\",\"url\":\"https:\\\/\\\/www.webdo.tn\\\/fr\\\/actualite\\\/sport\\\/ligue-1-27eme-j-rien-ne-bouge-le-club-africain-toujours-en-tete\\\/397128\\\/\",\"name\":\"Ligue 1 - 27\u00e8me J. : Rien ne bouge, le Club Africain toujours en t\u00eate - webdo\",\"isPartOf\":{\"@id\":\"https:\\\/\\\/www.webdo.tn\\\/fr\\\/#website\"},\"primaryImageOfPage\":{\"@id\":\"https:\\\/\\\/www.webdo.tn\\\/fr\\\/actualite\\\/sport\\\/ligue-1-27eme-j-rien-ne-bouge-le-club-africain-toujours-en-tete\\\/397128\\\/#primaryimage\"},\"image\":{\"@id\":\"https:\\\/\\\/www.webdo.tn\\\/fr\\\/actualite\\\/sport\\\/ligue-1-27eme-j-rien-ne-bouge-le-club-africain-toujours-en-tete\\\/397128\\\/#primaryimage\"},\"thumbnailUrl\":\"https:\\\/\\\/www.webdo.tn\\\/fr\\\/wp-content\\\/uploads\\\/2026\\\/04\\\/ligue-1.jpg\",\"datePublished\":\"2026-04-30T17:02:14+00:00\",\"dateModified\":\"2026-04-30T17:03:35+00:00\",\"description\":\"D\u00e9couvrez le dernier match entre l\u2019Esp\u00e9rance de Tunis et le Ligue 1 Club Africain, plein de tensions et de rebondissements.\",\"breadcrumb\":{\"@id\":\"https:\\\/\\\/www.webdo.tn\\\/fr\\\/actualite\\\/sport\\\/ligue-1-27eme-j-rien-ne-bouge-le-club-africain-toujours-en-tete\\\/397128\\\/#breadcrumb\"},\"inLanguage\":\"fr-FR\",\"potentialAction\":[{\"@type\":\"ReadAction\",\"target\":[\"https:\\\/\\\/www.webdo.tn\\\/fr\\\/actualite\\\/sport\\\/ligue-1-27eme-j-rien-ne-bouge-le-club-africain-toujours-en-tete\\\/397128\\\/\"]}]},{\"@type\":\"ImageObject\",\"inLanguage\":\"fr-FR\",\"@id\":\"https:\\\/\\\/www.webdo.tn\\\/fr\\\/actualite\\\/sport\\\/ligue-1-27eme-j-rien-ne-bouge-le-club-africain-toujours-en-tete\\\/397128\\\/#primaryimage\",\"url\":\"https:\\\/\\\/www.webdo.tn\\\/fr\\\/wp-content\\\/uploads\\\/2026\\\/04\\\/ligue-1.jpg\",\"contentUrl\":\"https:\\\/\\\/www.webdo.tn\\\/fr\\\/wp-content\\\/uploads\\\/2026\\\/04\\\/ligue-1.jpg\",\"width\":1200,\"height\":601,\"caption\":\"Ligue 1 EST CSS\"},{\"@type\":\"BreadcrumbList\",\"@id\":\"https:\\\/\\\/www.webdo.tn\\\/fr\\\/actualite\\\/sport\\\/ligue-1-27eme-j-rien-ne-bouge-le-club-africain-toujours-en-tete\\\/397128\\\/#breadcrumb\",\"itemListElement\":[{\"@type\":\"ListItem\",\"position\":1,\"name\":\"Accueil\",\"item\":\"https:\\\/\\\/www.webdo.tn\\\/fr\\\/\"},{\"@type\":\"ListItem\",\"position\":2,\"name\":\"Ligue 1 &#8211; 27\u00e8me J. : Rien ne bouge, le Club Africain toujours en t\u00eate\"}]},{\"@type\":\"WebSite\",\"@id\":\"https:\\\/\\\/www.webdo.tn\\\/fr\\\/#website\",\"url\":\"https:\\\/\\\/www.webdo.tn\\\/fr\\\/\",\"name\":\"webdo\",\"description\":\"Tunisie - News en Tunisie et \u00e0 l&#039;international sur Webdo.tn\",\"publisher\":{\"@id\":\"https:\\\/\\\/www.webdo.tn\\\/fr\\\/#organization\"},\"potentialAction\":[{\"@type\":\"SearchAction\",\"target\":{\"@type\":\"EntryPoint\",\"urlTemplate\":\"https:\\\/\\\/www.webdo.tn\\\/fr\\\/?s={search_term_string}\"},\"query-input\":{\"@type\":\"PropertyValueSpecification\",\"valueRequired\":true,\"valueName\":\"search_term_string\"}}],\"inLanguage\":\"fr-FR\"},{\"@type\":\"Organization\",\"@id\":\"https:\\\/\\\/www.webdo.tn\\\/fr\\\/#organization\",\"name\":\"Webdo\",\"alternateName\":\"Webdo.tn\",\"url\":\"https:\\\/\\\/www.webdo.tn\\\/fr\\\/\",\"logo\":{\"@type\":\"ImageObject\",\"inLanguage\":\"fr-FR\",\"@id\":\"https:\\\/\\\/www.webdo.tn\\\/fr\\\/#\\\/schema\\\/logo\\\/image\\\/\",\"url\":\"https:\\\/\\\/www.webdo.tn\\\/fr\\\/wp-content\\\/uploads\\\/2025\\\/06\\\/Webdo-Tunisie_168377.jpg\",\"contentUrl\":\"https:\\\/\\\/www.webdo.tn\\\/fr\\\/wp-content\\\/uploads\\\/2025\\\/06\\\/Webdo-Tunisie_168377.jpg\",\"width\":301,\"height\":301,\"caption\":\"Webdo\"},\"image\":{\"@id\":\"https:\\\/\\\/www.webdo.tn\\\/fr\\\/#\\\/schema\\\/logo\\\/image\\\/\"},\"sameAs\":[\"https:\\\/\\\/www.facebook.com\\\/webdotn\",\"https:\\\/\\\/x.com\\\/webdo_tn\"],\"description\":\"Webdo est un m\u00e9dia num\u00e9rique tunisien fond\u00e9 en 2010, sp\u00e9cialis\u00e9 dans l\u2019actualit\u00e9 nationale et internationale, l\u2019\u00e9conomie, la soci\u00e9t\u00e9 et les analyses politiques. Le site s\u2019adresse \u00e0 un large public francophone et couvre l\u2019information tunisienne en temps r\u00e9el.\",\"email\":\"redac@webdo.tn\",\"legalName\":\"YNJ SARL\",\"foundingDate\":\"2010-09-06\",\"numberOfEmployees\":{\"@type\":\"QuantitativeValue\",\"minValue\":\"11\",\"maxValue\":\"50\"}},{\"@type\":\"Person\",\"@id\":\"https:\\\/\\\/www.webdo.tn\\\/fr\\\/#\\\/schema\\\/person\\\/b9ecde7a5574cb4fcf4b496ea5fadb15\",\"name\":\"Wided Belhaj\",\"image\":{\"@type\":\"ImageObject\",\"inLanguage\":\"fr-FR\",\"@id\":\"https:\\\/\\\/www.webdo.tn\\\/fr\\\/wp-content\\\/uploads\\\/2026\\\/04\\\/wided-belhaj_avatar-96x96.jpg\",\"url\":\"https:\\\/\\\/www.webdo.tn\\\/fr\\\/wp-content\\\/uploads\\\/2026\\\/04\\\/wided-belhaj_avatar-96x96.jpg\",\"contentUrl\":\"https:\\\/\\\/www.webdo.tn\\\/fr\\\/wp-content\\\/uploads\\\/2026\\\/04\\\/wided-belhaj_avatar-96x96.jpg\",\"caption\":\"Wided Belhaj\"},\"description\":\"Wided Belhaj est le pseudonyme \u00e9ditorial utilis\u00e9 par Khalil Jelassi, journaliste, ma\u00eetre-assistant \u00e0 l\u2019Institut de presse et des sciences de l\u2019information (IPSI) et chercheur en sciences de l\u2019information et de la communication. Cette signature est d\u00e9di\u00e9e \u00e0 l\u2019analyse des m\u00e9dias, des pratiques journalistiques et des mutations de l\u2019information \u00e0 l\u2019\u00e8re digitale. \u00c0 travers ses contributions, Wided Belhaj propose une lecture analytique de l\u2019actualit\u00e9, en croisant regard critique et expertise acad\u00e9mique.\",\"knowsAbout\":[\"m\u00e9dias\",\"journalisme\",\"communication\",\"information\",\"transformation num\u00e9rique\",\"analyse des m\u00e9dias\"],\"knowsLanguage\":[\"Fran\u00e7ais\",\"Arabe\"],\"jobTitle\":\"Webdo.tn\",\"worksFor\":\"Journaliste \u2013 Analyse des m\u00e9dias\",\"url\":\"https:\\\/\\\/www.webdo.tn\\\/fr\\\/actualite\\\/author\\\/wided-belhaj\\\/\"}]}<\/script>\n<!-- \/ Yoast SEO Premium plugin. -->","yoast_head_json":{"title":"Ligue 1 - 27\u00e8me J. : Rien ne bouge, le Club Africain toujours en t\u00eate - webdo","description":"D\u00e9couvrez le dernier match entre l\u2019Esp\u00e9rance de Tunis et le Ligue 1 Club Africain, plein de tensions et de rebondissements.","canonical":"https:\/\/www.webdo.tn\/fr\/actualite\/sport\/ligue-1-27eme-j-rien-ne-bouge-le-club-africain-toujours-en-tete\/397128\/","og_locale":"fr_FR","og_type":"article","og_title":"Ligue 1 - 27\u00e8me J. : Rien ne bouge, le Club Africain toujours en t\u00eate","og_description":"D\u00e9couvrez le dernier match entre l\u2019Esp\u00e9rance de Tunis et le Ligue 1 Club Africain, plein de tensions et de rebondissements.","og_url":"https:\/\/www.webdo.tn\/fr\/actualite\/sport\/ligue-1-27eme-j-rien-ne-bouge-le-club-africain-toujours-en-tete\/397128\/","og_site_name":"webdo","article_publisher":"https:\/\/www.facebook.com\/webdotn","article_published_time":"2026-04-30T17:02:14+00:00","article_modified_time":"2026-04-30T17:03:35+00:00","og_image":[{"width":1200,"height":601,"url":"https:\/\/www.webdo.tn\/fr\/wp-content\/uploads\/2026\/04\/ligue-1.jpg","type":"image\/jpeg"}],"author":"Wided Belhaj","twitter_card":"summary_large_image","twitter_creator":"@webdo_tn","twitter_site":"@webdo_tn","twitter_misc":{"\u00c9crit par":"Wided Belhaj","Dur\u00e9e de lecture estim\u00e9e":"3 minutes"},"schema":{"@context":"https:\/\/schema.org","@graph":[{"@type":"NewsArticle","@id":"https:\/\/www.webdo.tn\/fr\/actualite\/sport\/ligue-1-27eme-j-rien-ne-bouge-le-club-africain-toujours-en-tete\/397128\/#article","isPartOf":{"@id":"https:\/\/www.webdo.tn\/fr\/actualite\/sport\/ligue-1-27eme-j-rien-ne-bouge-le-club-africain-toujours-en-tete\/397128\/"},"author":{"name":"Wided Belhaj","@id":"https:\/\/www.webdo.tn\/fr\/#\/schema\/person\/b9ecde7a5574cb4fcf4b496ea5fadb15"},"headline":"Ligue 1 &#8211; 27\u00e8me J. : Rien ne bouge, le Club Africain toujours en t\u00eate","datePublished":"2026-04-30T17:02:14+00:00","dateModified":"2026-04-30T17:03:35+00:00","mainEntityOfPage":{"@id":"https:\/\/www.webdo.tn\/fr\/actualite\/sport\/ligue-1-27eme-j-rien-ne-bouge-le-club-africain-toujours-en-tete\/397128\/"},"wordCount":502,"publisher":{"@id":"https:\/\/www.webdo.tn\/fr\/#organization"},"image":{"@id":"https:\/\/www.webdo.tn\/fr\/actualite\/sport\/ligue-1-27eme-j-rien-ne-bouge-le-club-africain-toujours-en-tete\/397128\/#primaryimage"},"thumbnailUrl":"https:\/\/www.webdo.tn\/fr\/wp-content\/uploads\/2026\/04\/ligue-1.jpg","keywords":["CSS","EST","Ligue 1"],"articleSection":["\u00c9pingle","Sport"],"inLanguage":"fr-FR"},{"@type":"WebPage","@id":"https:\/\/www.webdo.tn\/fr\/actualite\/sport\/ligue-1-27eme-j-rien-ne-bouge-le-club-africain-toujours-en-tete\/397128\/","url":"https:\/\/www.webdo.tn\/fr\/actualite\/sport\/ligue-1-27eme-j-rien-ne-bouge-le-club-africain-toujours-en-tete\/397128\/","name":"Ligue 1 - 27\u00e8me J. : Rien ne bouge, le Club Africain toujours en t\u00eate - webdo","isPartOf":{"@id":"https:\/\/www.webdo.tn\/fr\/#website"},"primaryImageOfPage":{"@id":"https:\/\/www.webdo.tn\/fr\/actualite\/sport\/ligue-1-27eme-j-rien-ne-bouge-le-club-africain-toujours-en-tete\/397128\/#primaryimage"},"image":{"@id":"https:\/\/www.webdo.tn\/fr\/actualite\/sport\/ligue-1-27eme-j-rien-ne-bouge-le-club-africain-toujours-en-tete\/397128\/#primaryimage"},"thumbnailUrl":"https:\/\/www.webdo.tn\/fr\/wp-content\/uploads\/2026\/04\/ligue-1.jpg","datePublished":"2026-04-30T17:02:14+00:00","dateModified":"2026-04-30T17:03:35+00:00","description":"D\u00e9couvrez le dernier match entre l\u2019Esp\u00e9rance de Tunis et le Ligue 1 Club Africain, plein de tensions et de rebondissements.","breadcrumb":{"@id":"https:\/\/www.webdo.tn\/fr\/actualite\/sport\/ligue-1-27eme-j-rien-ne-bouge-le-club-africain-toujours-en-tete\/397128\/#breadcrumb"},"inLanguage":"fr-FR","potentialAction":[{"@type":"ReadAction","target":["https:\/\/www.webdo.tn\/fr\/actualite\/sport\/ligue-1-27eme-j-rien-ne-bouge-le-club-africain-toujours-en-tete\/397128\/"]}]},{"@type":"ImageObject","inLanguage":"fr-FR","@id":"https:\/\/www.webdo.tn\/fr\/actualite\/sport\/ligue-1-27eme-j-rien-ne-bouge-le-club-africain-toujours-en-tete\/397128\/#primaryimage","url":"https:\/\/www.webdo.tn\/fr\/wp-content\/uploads\/2026\/04\/ligue-1.jpg","contentUrl":"https:\/\/www.webdo.tn\/fr\/wp-content\/uploads\/2026\/04\/ligue-1.jpg","width":1200,"height":601,"caption":"Ligue 1 EST CSS"},{"@type":"BreadcrumbList","@id":"https:\/\/www.webdo.tn\/fr\/actualite\/sport\/ligue-1-27eme-j-rien-ne-bouge-le-club-africain-toujours-en-tete\/397128\/#breadcrumb","itemListElement":[{"@type":"ListItem","position":1,"name":"Accueil","item":"https:\/\/www.webdo.tn\/fr\/"},{"@type":"ListItem","position":2,"name":"Ligue 1 &#8211; 27\u00e8me J. : Rien ne bouge, le Club Africain toujours en t\u00eate"}]},{"@type":"WebSite","@id":"https:\/\/www.webdo.tn\/fr\/#website","url":"https:\/\/www.webdo.tn\/fr\/","name":"webdo","description":"Tunisie - News en Tunisie et \u00e0 l&#039;international sur Webdo.tn","publisher":{"@id":"https:\/\/www.webdo.tn\/fr\/#organization"},"potentialAction":[{"@type":"SearchAction","target":{"@type":"EntryPoint","urlTemplate":"https:\/\/www.webdo.tn\/fr\/?s={search_term_string}"},"query-input":{"@type":"PropertyValueSpecification","valueRequired":true,"valueName":"search_term_string"}}],"inLanguage":"fr-FR"},{"@type":"Organization","@id":"https:\/\/www.webdo.tn\/fr\/#organization","name":"Webdo","alternateName":"Webdo.tn","url":"https:\/\/www.webdo.tn\/fr\/","logo":{"@type":"ImageObject","inLanguage":"fr-FR","@id":"https:\/\/www.webdo.tn\/fr\/#\/schema\/logo\/image\/","url":"https:\/\/www.webdo.tn\/fr\/wp-content\/uploads\/2025\/06\/Webdo-Tunisie_168377.jpg","contentUrl":"https:\/\/www.webdo.tn\/fr\/wp-content\/uploads\/2025\/06\/Webdo-Tunisie_168377.jpg","width":301,"height":301,"caption":"Webdo"},"image":{"@id":"https:\/\/www.webdo.tn\/fr\/#\/schema\/logo\/image\/"},"sameAs":["https:\/\/www.facebook.com\/webdotn","https:\/\/x.com\/webdo_tn"],"description":"Webdo est un m\u00e9dia num\u00e9rique tunisien fond\u00e9 en 2010, sp\u00e9cialis\u00e9 dans l\u2019actualit\u00e9 nationale et internationale, l\u2019\u00e9conomie, la soci\u00e9t\u00e9 et les analyses politiques. Le site s\u2019adresse \u00e0 un large public francophone et couvre l\u2019information tunisienne en temps r\u00e9el.","email":"redac@webdo.tn","legalName":"YNJ SARL","foundingDate":"2010-09-06","numberOfEmployees":{"@type":"QuantitativeValue","minValue":"11","maxValue":"50"}},{"@type":"Person","@id":"https:\/\/www.webdo.tn\/fr\/#\/schema\/person\/b9ecde7a5574cb4fcf4b496ea5fadb15","name":"Wided Belhaj","image":{"@type":"ImageObject","inLanguage":"fr-FR","@id":"https:\/\/www.webdo.tn\/fr\/wp-content\/uploads\/2026\/04\/wided-belhaj_avatar-96x96.jpg","url":"https:\/\/www.webdo.tn\/fr\/wp-content\/uploads\/2026\/04\/wided-belhaj_avatar-96x96.jpg","contentUrl":"https:\/\/www.webdo.tn\/fr\/wp-content\/uploads\/2026\/04\/wided-belhaj_avatar-96x96.jpg","caption":"Wided Belhaj"},"description":"Wided Belhaj est le pseudonyme \u00e9ditorial utilis\u00e9 par Khalil Jelassi, journaliste, ma\u00eetre-assistant \u00e0 l\u2019Institut de presse et des sciences de l\u2019information (IPSI) et chercheur en sciences de l\u2019information et de la communication. Cette signature est d\u00e9di\u00e9e \u00e0 l\u2019analyse des m\u00e9dias, des pratiques journalistiques et des mutations de l\u2019information \u00e0 l\u2019\u00e8re digitale. \u00c0 travers ses contributions, Wided Belhaj propose une lecture analytique de l\u2019actualit\u00e9, en croisant regard critique et expertise acad\u00e9mique.","knowsAbout":["m\u00e9dias","journalisme","communication","information","transformation num\u00e9rique","analyse des m\u00e9dias"],"knowsLanguage":["Fran\u00e7ais","Arabe"],"jobTitle":"Webdo.tn","worksFor":"Journaliste \u2013 Analyse des m\u00e9dias","url":"https:\/\/www.webdo.tn\/fr\/actualite\/author\/wided-belhaj\/"}]}},"_links":{"self":[{"href":"https:\/\/www.webdo.tn\/fr\/wp-json\/wp\/v2\/posts\/397128","targetHints":{"allow":["GET"]}}],"collection":[{"href":"https:\/\/www.webdo.tn\/fr\/wp-json\/wp\/v2\/posts"}],"about":[{"href":"https:\/\/www.webdo.tn\/fr\/wp-json\/wp\/v2\/types\/post"}],"author":[{"embeddable":true,"href":"https:\/\/www.webdo.tn\/fr\/wp-json\/wp\/v2\/users\/3184"}],"replies":[{"embeddable":true,"href":"https:\/\/www.webdo.tn\/fr\/wp-json\/wp\/v2\/comments?post=397128"}],"version-history":[{"count":2,"href":"https:\/\/www.webdo.tn\/fr\/wp-json\/wp\/v2\/posts\/397128\/revisions"}],"predecessor-version":[{"id":397132,"href":"https:\/\/www.webdo.tn\/fr\/wp-json\/wp\/v2\/posts\/397128\/revisions\/397132"}],"wp:featuredmedia":[{"embeddable":true,"href":"https:\/\/www.webdo.tn\/fr\/wp-json\/wp\/v2\/media\/397130"}],"wp:attachment":[{"href":"https:\/\/www.webdo.tn\/fr\/wp-json\/wp\/v2\/media?parent=397128"}],"wp:term":[{"taxonomy":"category","embeddable":true,"href":"https:\/\/www.webdo.tn\/fr\/wp-json\/wp\/v2\/categories?post=397128"},{"taxonomy":"post_tag","embeddable":true,"href":"https:\/\/www.webdo.tn\/fr\/wp-json\/wp\/v2\/tags?post=397128"}],"curies":[{"name":"wp","href":"https:\/\/api.w.org\/{rel}","templated":true}]}}