{"id":397121,"date":"2026-04-30T16:07:49","date_gmt":"2026-04-30T15:07:49","guid":{"rendered":"https:\/\/www.webdo.tn\/fr\/?p=397121"},"modified":"2026-04-30T16:07:51","modified_gmt":"2026-04-30T15:07:51","slug":"tunisie-publication-officielle-des-augmentations-salariales-dans-les-secteurs-public-et-prive","status":"publish","type":"post","link":"https:\/\/www.webdo.tn\/fr\/actualite\/national\/tunisie-publication-officielle-des-augmentations-salariales-dans-les-secteurs-public-et-prive\/397121\/","title":{"rendered":"Tunisie : Publication officielle des augmentations salariales dans les secteurs public et priv\u00e9"},"content":{"rendered":"\n<p><strong>Les mesures tant attendues sont d\u00e9sormais act\u00e9es. Les d\u00e9crets relatifs \u00e0 l\u2019augmentation des salaires dans les secteurs public et priv\u00e9 ont \u00e9t\u00e9 publi\u00e9s ce jeudi 30 avril 2026 au Journal officiel de la R\u00e9publique tunisienne.<\/strong><\/p>\n\n\n\n<h2 class=\"wp-block-heading\" id=\"h-des-augmentations-officialisees-pour-tous-les-secteurs\">Des augmentations officialis\u00e9es pour tous les secteurs<\/h2>\n\n\n\n<p>La publication au Journal officiel de la R\u00e9publique tunisienne confirme l\u2019entr\u00e9e en vigueur des revalorisations salariales qui concernent \u00e0 la fois les agents de la fonction publique, les collectivit\u00e9s locales, les \u00e9tablissements publics, ainsi que les salari\u00e9s du secteur priv\u00e9.<\/p>\n\n\n\n<p>Ces mesures s\u2019inscrivent dans le cadre des d\u00e9cisions gouvernementales visant \u00e0 soutenir le pouvoir d\u2019achat dans un contexte \u00e9conomique sous pression.<\/p>\n\n\n\n<h2 class=\"wp-block-heading\" id=\"h-une-mise-en-oeuvre-attendue\">Une mise en \u0153uvre attendue<\/h2>\n\n\n\n<p>Ces augmentations, d\u00e9j\u00e0 \u00e9voqu\u00e9es ces derni\u00e8res semaines, devraient \u00eatre appliqu\u00e9es selon les modalit\u00e9s pr\u00e9vues par les textes r\u00e9glementaires, avec des impacts diff\u00e9renci\u00e9s selon les secteurs et les cat\u00e9gories professionnelles.<\/p>\n\n\n\n<p>Elles devraient \u00e9galement avoir des r\u00e9percussions sur les pensions, conform\u00e9ment aux m\u00e9canismes d\u2019ajustement en vigueur.<\/p>\n\n\n\n<p>La publication de ces d\u00e9crets intervient \u00e0 la veille de la f\u00eate du Travail, dans un climat marqu\u00e9 par des attentes sociales \u00e9lev\u00e9es. Elle concr\u00e9tise les engagements pris dans le cadre de la loi de finances et des discussions gouvernementales autour de la relance \u00e9conomique et de la justice sociale.<\/p>\n\n\n\n<p><\/p>\n\n\n\n<iframe src=\"https:\/\/www.facebook.com\/plugins\/post.php?href=https%3A%2F%2Fwww.facebook.com%2FPresidencedugouvernementtunisien%2Fposts%2Fpfbid02tSWGJYYt1KBQLXCjSZWomJwAnHgocswfP2tQZJBqdHcTLRd6nLMfD8awNi1TkJKWl&#038;show_text=true&#038;width=500\" width=\"500\" height=\"644\" style=\"border:none;overflow:hidden\" scrolling=\"no\" frameborder=\"0\" allowfullscreen=\"true\" allow=\"autoplay; clipboard-write; encrypted-media; picture-in-picture; web-share\"><\/iframe>\n\n\n\n<p><\/p>\n\n\n\n<blockquote class=\"wp-block-quote is-layout-flow wp-block-quote-is-layout-flow\">\n<ul class=\"wp-block-list\">\n<li class=\"has-medium-font-size\"><strong>Lire aussi : <\/strong><a href=\"https:\/\/www.webdo.tn\/fr\/actualite\/national\/augmentations-salariales-avec-effet-retroactif-lannonce-attendue-a-loccasion-du-1er-mai\/397117\/\">Augmentations salariales avec effet r\u00e9troactif : L\u2019annonce attendue \u00e0 l\u2019occasion du 1er Mai<\/a><\/li>\n<\/ul>\n<\/blockquote>\n","protected":false},"excerpt":{"rendered":"<p>Les mesures tant attendues sont d\u00e9sormais act\u00e9es. Les d\u00e9crets relatifs \u00e0 l\u2019augmentation des salaires dans les secteurs public et priv\u00e9 ont \u00e9t\u00e9 publi\u00e9s ce jeudi 30 avril 2026 au Journal officiel de la R\u00e9publique tunisienne. Des augmentations officialis\u00e9es pour tous les secteurs La publication au Journal officiel de la R\u00e9publique tunisienne confirme l\u2019entr\u00e9e en vigueur [&hellip;]<\/p>\n","protected":false},"author":4782,"featured_media":397122,"comment_status":"closed","ping_status":"closed","sticky":false,"template":"","format":"standard","meta":{"footnotes":""},"categories":[13163,44],"tags":[13131,2650,4342,2608],"class_list":["post-397121","post","type-post","status-publish","format-standard","has-post-thumbnail","hentry","category-epingle","category-national","tag-augmentations-salariales","tag-secteur-prive","tag-secteur-public","tag-tunisie"],"yoast_head":"<!-- This site is optimized with the Yoast SEO Premium plugin v27.5 (Yoast SEO v27.5) - https:\/\/yoast.com\/product\/yoast-seo-premium-wordpress\/ -->\n<title>Tunisie : Publication officielle des augmentations salariales dans les secteurs public et priv\u00e9 - webdo<\/title>\n<meta name=\"description\" content=\"Les augmentations salariales inscrites dans le Journal officiel de la R\u00e9publique tunisienne visent \u00e0 am\u00e9liorer le pouvoir d&#039;achat.\" \/>\n<link rel=\"canonical\" href=\"https:\/\/www.webdo.tn\/fr\/actualite\/national\/tunisie-publication-officielle-des-augmentations-salariales-dans-les-secteurs-public-et-prive\/397121\/\" \/>\n<meta property=\"og:locale\" content=\"fr_FR\" \/>\n<meta property=\"og:type\" content=\"article\" \/>\n<meta property=\"og:title\" content=\"Tunisie : Publication officielle des augmentations salariales dans les secteurs public et priv\u00e9\" \/>\n<meta property=\"og:description\" content=\"Les augmentations salariales inscrites dans le Journal officiel de la R\u00e9publique tunisienne visent \u00e0 am\u00e9liorer le pouvoir d&#039;achat.\" \/>\n<meta property=\"og:url\" content=\"https:\/\/www.webdo.tn\/fr\/actualite\/national\/tunisie-publication-officielle-des-augmentations-salariales-dans-les-secteurs-public-et-prive\/397121\/\" \/>\n<meta property=\"og:site_name\" content=\"webdo\" \/>\n<meta property=\"article:publisher\" content=\"https:\/\/www.facebook.com\/webdotn\" \/>\n<meta property=\"article:published_time\" content=\"2026-04-30T15:07:49+00:00\" \/>\n<meta property=\"article:modified_time\" content=\"2026-04-30T15:07:51+00:00\" \/>\n<meta property=\"og:image\" content=\"https:\/\/www.webdo.tn\/fr\/wp-content\/uploads\/2026\/04\/JORT.jpg\" \/>\n\t<meta property=\"og:image:width\" content=\"1225\" \/>\n\t<meta property=\"og:image:height\" content=\"600\" \/>\n\t<meta property=\"og:image:type\" content=\"image\/jpeg\" \/>\n<meta name=\"author\" content=\"Mohamed Fethi\" \/>\n<meta name=\"twitter:card\" content=\"summary_large_image\" \/>\n<meta name=\"twitter:creator\" content=\"@webdo_tn\" \/>\n<meta name=\"twitter:site\" content=\"@webdo_tn\" \/>\n<meta name=\"twitter:label1\" content=\"\u00c9crit par\" \/>\n\t<meta name=\"twitter:data1\" content=\"Mohamed Fethi\" \/>\n\t<meta name=\"twitter:label2\" content=\"Dur\u00e9e de lecture estim\u00e9e\" \/>\n\t<meta name=\"twitter:data2\" content=\"2 minutes\" \/>\n<script type=\"application\/ld+json\" class=\"yoast-schema-graph\">{\"@context\":\"https:\\\/\\\/schema.org\",\"@graph\":[{\"@type\":\"NewsArticle\",\"@id\":\"https:\\\/\\\/www.webdo.tn\\\/fr\\\/actualite\\\/national\\\/tunisie-publication-officielle-des-augmentations-salariales-dans-les-secteurs-public-et-prive\\\/397121\\\/#article\",\"isPartOf\":{\"@id\":\"https:\\\/\\\/www.webdo.tn\\\/fr\\\/actualite\\\/national\\\/tunisie-publication-officielle-des-augmentations-salariales-dans-les-secteurs-public-et-prive\\\/397121\\\/\"},\"author\":{\"name\":\"Mohamed Fethi\",\"@id\":\"https:\\\/\\\/www.webdo.tn\\\/fr\\\/#\\\/schema\\\/person\\\/16a4857e77dfc0b610c4c2cadffc9ac4\"},\"headline\":\"Tunisie : Publication officielle des augmentations salariales dans les secteurs public et priv\u00e9\",\"datePublished\":\"2026-04-30T15:07:49+00:00\",\"dateModified\":\"2026-04-30T15:07:51+00:00\",\"mainEntityOfPage\":{\"@id\":\"https:\\\/\\\/www.webdo.tn\\\/fr\\\/actualite\\\/national\\\/tunisie-publication-officielle-des-augmentations-salariales-dans-les-secteurs-public-et-prive\\\/397121\\\/\"},\"wordCount\":257,\"publisher\":{\"@id\":\"https:\\\/\\\/www.webdo.tn\\\/fr\\\/#organization\"},\"image\":{\"@id\":\"https:\\\/\\\/www.webdo.tn\\\/fr\\\/actualite\\\/national\\\/tunisie-publication-officielle-des-augmentations-salariales-dans-les-secteurs-public-et-prive\\\/397121\\\/#primaryimage\"},\"thumbnailUrl\":\"https:\\\/\\\/www.webdo.tn\\\/fr\\\/wp-content\\\/uploads\\\/2026\\\/04\\\/JORT.jpg\",\"keywords\":[\"Augmentations salariales\",\"Secteur priv\u00e9\",\"secteur public\",\"Tunisie\"],\"articleSection\":[\"\u00c9pingle\",\"National\"],\"inLanguage\":\"fr-FR\"},{\"@type\":\"WebPage\",\"@id\":\"https:\\\/\\\/www.webdo.tn\\\/fr\\\/actualite\\\/national\\\/tunisie-publication-officielle-des-augmentations-salariales-dans-les-secteurs-public-et-prive\\\/397121\\\/\",\"url\":\"https:\\\/\\\/www.webdo.tn\\\/fr\\\/actualite\\\/national\\\/tunisie-publication-officielle-des-augmentations-salariales-dans-les-secteurs-public-et-prive\\\/397121\\\/\",\"name\":\"Tunisie : Publication officielle des augmentations salariales dans les secteurs public et priv\u00e9 - webdo\",\"isPartOf\":{\"@id\":\"https:\\\/\\\/www.webdo.tn\\\/fr\\\/#website\"},\"primaryImageOfPage\":{\"@id\":\"https:\\\/\\\/www.webdo.tn\\\/fr\\\/actualite\\\/national\\\/tunisie-publication-officielle-des-augmentations-salariales-dans-les-secteurs-public-et-prive\\\/397121\\\/#primaryimage\"},\"image\":{\"@id\":\"https:\\\/\\\/www.webdo.tn\\\/fr\\\/actualite\\\/national\\\/tunisie-publication-officielle-des-augmentations-salariales-dans-les-secteurs-public-et-prive\\\/397121\\\/#primaryimage\"},\"thumbnailUrl\":\"https:\\\/\\\/www.webdo.tn\\\/fr\\\/wp-content\\\/uploads\\\/2026\\\/04\\\/JORT.jpg\",\"datePublished\":\"2026-04-30T15:07:49+00:00\",\"dateModified\":\"2026-04-30T15:07:51+00:00\",\"description\":\"Les augmentations salariales inscrites dans le Journal officiel de la R\u00e9publique tunisienne visent \u00e0 am\u00e9liorer le pouvoir d'achat.\",\"breadcrumb\":{\"@id\":\"https:\\\/\\\/www.webdo.tn\\\/fr\\\/actualite\\\/national\\\/tunisie-publication-officielle-des-augmentations-salariales-dans-les-secteurs-public-et-prive\\\/397121\\\/#breadcrumb\"},\"inLanguage\":\"fr-FR\",\"potentialAction\":[{\"@type\":\"ReadAction\",\"target\":[\"https:\\\/\\\/www.webdo.tn\\\/fr\\\/actualite\\\/national\\\/tunisie-publication-officielle-des-augmentations-salariales-dans-les-secteurs-public-et-prive\\\/397121\\\/\"]}]},{\"@type\":\"ImageObject\",\"inLanguage\":\"fr-FR\",\"@id\":\"https:\\\/\\\/www.webdo.tn\\\/fr\\\/actualite\\\/national\\\/tunisie-publication-officielle-des-augmentations-salariales-dans-les-secteurs-public-et-prive\\\/397121\\\/#primaryimage\",\"url\":\"https:\\\/\\\/www.webdo.tn\\\/fr\\\/wp-content\\\/uploads\\\/2026\\\/04\\\/JORT.jpg\",\"contentUrl\":\"https:\\\/\\\/www.webdo.tn\\\/fr\\\/wp-content\\\/uploads\\\/2026\\\/04\\\/JORT.jpg\",\"width\":1225,\"height\":600,\"caption\":\"Tunisie : Publication officielle des augmentations salariales dans les secteurs public et priv\u00e9\"},{\"@type\":\"BreadcrumbList\",\"@id\":\"https:\\\/\\\/www.webdo.tn\\\/fr\\\/actualite\\\/national\\\/tunisie-publication-officielle-des-augmentations-salariales-dans-les-secteurs-public-et-prive\\\/397121\\\/#breadcrumb\",\"itemListElement\":[{\"@type\":\"ListItem\",\"position\":1,\"name\":\"Accueil\",\"item\":\"https:\\\/\\\/www.webdo.tn\\\/fr\\\/\"},{\"@type\":\"ListItem\",\"position\":2,\"name\":\"Tunisie : Publication officielle des augmentations salariales dans les secteurs public et priv\u00e9\"}]},{\"@type\":\"WebSite\",\"@id\":\"https:\\\/\\\/www.webdo.tn\\\/fr\\\/#website\",\"url\":\"https:\\\/\\\/www.webdo.tn\\\/fr\\\/\",\"name\":\"webdo\",\"description\":\"Tunisie - News en Tunisie et \u00e0 l&#039;international sur Webdo.tn\",\"publisher\":{\"@id\":\"https:\\\/\\\/www.webdo.tn\\\/fr\\\/#organization\"},\"potentialAction\":[{\"@type\":\"SearchAction\",\"target\":{\"@type\":\"EntryPoint\",\"urlTemplate\":\"https:\\\/\\\/www.webdo.tn\\\/fr\\\/?s={search_term_string}\"},\"query-input\":{\"@type\":\"PropertyValueSpecification\",\"valueRequired\":true,\"valueName\":\"search_term_string\"}}],\"inLanguage\":\"fr-FR\"},{\"@type\":\"Organization\",\"@id\":\"https:\\\/\\\/www.webdo.tn\\\/fr\\\/#organization\",\"name\":\"Webdo\",\"alternateName\":\"Webdo.tn\",\"url\":\"https:\\\/\\\/www.webdo.tn\\\/fr\\\/\",\"logo\":{\"@type\":\"ImageObject\",\"inLanguage\":\"fr-FR\",\"@id\":\"https:\\\/\\\/www.webdo.tn\\\/fr\\\/#\\\/schema\\\/logo\\\/image\\\/\",\"url\":\"https:\\\/\\\/www.webdo.tn\\\/fr\\\/wp-content\\\/uploads\\\/2025\\\/06\\\/Webdo-Tunisie_168377.jpg\",\"contentUrl\":\"https:\\\/\\\/www.webdo.tn\\\/fr\\\/wp-content\\\/uploads\\\/2025\\\/06\\\/Webdo-Tunisie_168377.jpg\",\"width\":301,\"height\":301,\"caption\":\"Webdo\"},\"image\":{\"@id\":\"https:\\\/\\\/www.webdo.tn\\\/fr\\\/#\\\/schema\\\/logo\\\/image\\\/\"},\"sameAs\":[\"https:\\\/\\\/www.facebook.com\\\/webdotn\",\"https:\\\/\\\/x.com\\\/webdo_tn\"],\"description\":\"Webdo est un m\u00e9dia num\u00e9rique tunisien fond\u00e9 en 2010, sp\u00e9cialis\u00e9 dans l\u2019actualit\u00e9 nationale et internationale, l\u2019\u00e9conomie, la soci\u00e9t\u00e9 et les analyses politiques. Le site s\u2019adresse \u00e0 un large public francophone et couvre l\u2019information tunisienne en temps r\u00e9el.\",\"email\":\"redac@webdo.tn\",\"legalName\":\"YNJ SARL\",\"foundingDate\":\"2010-09-06\",\"numberOfEmployees\":{\"@type\":\"QuantitativeValue\",\"minValue\":\"11\",\"maxValue\":\"50\"}},{\"@type\":\"Person\",\"@id\":\"https:\\\/\\\/www.webdo.tn\\\/fr\\\/#\\\/schema\\\/person\\\/16a4857e77dfc0b610c4c2cadffc9ac4\",\"name\":\"Mohamed Fethi\",\"image\":{\"@type\":\"ImageObject\",\"inLanguage\":\"fr-FR\",\"@id\":\"https:\\\/\\\/www.webdo.tn\\\/fr\\\/wp-content\\\/uploads\\\/2026\\\/04\\\/mohamed-fethi_avatar_1-96x96.jpg\",\"url\":\"https:\\\/\\\/www.webdo.tn\\\/fr\\\/wp-content\\\/uploads\\\/2026\\\/04\\\/mohamed-fethi_avatar_1-96x96.jpg\",\"contentUrl\":\"https:\\\/\\\/www.webdo.tn\\\/fr\\\/wp-content\\\/uploads\\\/2026\\\/04\\\/mohamed-fethi_avatar_1-96x96.jpg\",\"caption\":\"Mohamed Fethi\"},\"description\":\"Signature \u00e9ditoriale de Maher Chaabane Mohamed Fethi est le pseudonyme \u00e9ditorial de Maher Chaabane, r\u00e9dacteur en chef de Webdo.tn depuis 2012. Cette signature est d\u00e9di\u00e9e au traitement intensif de l'actualit\u00e9 nationale et internationale en temps r\u00e9el. S'appuyant sur les deux d\u00e9cennies d'expertise journalistique de Maher Chaabane \u2014 d\u00e9but\u00e9e au sein du groupe Tunis Hebdo en 2000 \u2014 Mohamed Fethi assure une veille rigoureuse sur les enjeux politiques, \u00e9conomiques et sportifs. Sa mission est de garantir une information structur\u00e9e, fluide et fid\u00e8le aux standards de la r\u00e9daction. Pour consulter le parcours complet du r\u00e9dacteur en chef, visitez le profil officiel de Maher Chaabane.\",\"knowsAbout\":[\"actualit\u00e9\",\"journalisme\",\"information\",\"politique\",\"sport\",\"m\u00e9dias\",\"actualit\u00e9 internationale\"],\"knowsLanguage\":[\"Fran\u00e7ais\",\"Arabe\"],\"jobTitle\":\"Journaliste \u2013 R\u00e9daction Webdo\",\"worksFor\":\"Webdo.tn\",\"url\":\"https:\\\/\\\/www.webdo.tn\\\/fr\\\/actualite\\\/author\\\/mohamed-fethi\\\/\"}]}<\/script>\n<!-- \/ Yoast SEO Premium plugin. -->","yoast_head_json":{"title":"Tunisie : Publication officielle des augmentations salariales dans les secteurs public et priv\u00e9 - webdo","description":"Les augmentations salariales inscrites dans le Journal officiel de la R\u00e9publique tunisienne visent \u00e0 am\u00e9liorer le pouvoir d'achat.","canonical":"https:\/\/www.webdo.tn\/fr\/actualite\/national\/tunisie-publication-officielle-des-augmentations-salariales-dans-les-secteurs-public-et-prive\/397121\/","og_locale":"fr_FR","og_type":"article","og_title":"Tunisie : Publication officielle des augmentations salariales dans les secteurs public et priv\u00e9","og_description":"Les augmentations salariales inscrites dans le Journal officiel de la R\u00e9publique tunisienne visent \u00e0 am\u00e9liorer le pouvoir d'achat.","og_url":"https:\/\/www.webdo.tn\/fr\/actualite\/national\/tunisie-publication-officielle-des-augmentations-salariales-dans-les-secteurs-public-et-prive\/397121\/","og_site_name":"webdo","article_publisher":"https:\/\/www.facebook.com\/webdotn","article_published_time":"2026-04-30T15:07:49+00:00","article_modified_time":"2026-04-30T15:07:51+00:00","og_image":[{"width":1225,"height":600,"url":"https:\/\/www.webdo.tn\/fr\/wp-content\/uploads\/2026\/04\/JORT.jpg","type":"image\/jpeg"}],"author":"Mohamed Fethi","twitter_card":"summary_large_image","twitter_creator":"@webdo_tn","twitter_site":"@webdo_tn","twitter_misc":{"\u00c9crit par":"Mohamed Fethi","Dur\u00e9e de lecture estim\u00e9e":"2 minutes"},"schema":{"@context":"https:\/\/schema.org","@graph":[{"@type":"NewsArticle","@id":"https:\/\/www.webdo.tn\/fr\/actualite\/national\/tunisie-publication-officielle-des-augmentations-salariales-dans-les-secteurs-public-et-prive\/397121\/#article","isPartOf":{"@id":"https:\/\/www.webdo.tn\/fr\/actualite\/national\/tunisie-publication-officielle-des-augmentations-salariales-dans-les-secteurs-public-et-prive\/397121\/"},"author":{"name":"Mohamed Fethi","@id":"https:\/\/www.webdo.tn\/fr\/#\/schema\/person\/16a4857e77dfc0b610c4c2cadffc9ac4"},"headline":"Tunisie : Publication officielle des augmentations salariales dans les secteurs public et priv\u00e9","datePublished":"2026-04-30T15:07:49+00:00","dateModified":"2026-04-30T15:07:51+00:00","mainEntityOfPage":{"@id":"https:\/\/www.webdo.tn\/fr\/actualite\/national\/tunisie-publication-officielle-des-augmentations-salariales-dans-les-secteurs-public-et-prive\/397121\/"},"wordCount":257,"publisher":{"@id":"https:\/\/www.webdo.tn\/fr\/#organization"},"image":{"@id":"https:\/\/www.webdo.tn\/fr\/actualite\/national\/tunisie-publication-officielle-des-augmentations-salariales-dans-les-secteurs-public-et-prive\/397121\/#primaryimage"},"thumbnailUrl":"https:\/\/www.webdo.tn\/fr\/wp-content\/uploads\/2026\/04\/JORT.jpg","keywords":["Augmentations salariales","Secteur priv\u00e9","secteur public","Tunisie"],"articleSection":["\u00c9pingle","National"],"inLanguage":"fr-FR"},{"@type":"WebPage","@id":"https:\/\/www.webdo.tn\/fr\/actualite\/national\/tunisie-publication-officielle-des-augmentations-salariales-dans-les-secteurs-public-et-prive\/397121\/","url":"https:\/\/www.webdo.tn\/fr\/actualite\/national\/tunisie-publication-officielle-des-augmentations-salariales-dans-les-secteurs-public-et-prive\/397121\/","name":"Tunisie : Publication officielle des augmentations salariales dans les secteurs public et priv\u00e9 - webdo","isPartOf":{"@id":"https:\/\/www.webdo.tn\/fr\/#website"},"primaryImageOfPage":{"@id":"https:\/\/www.webdo.tn\/fr\/actualite\/national\/tunisie-publication-officielle-des-augmentations-salariales-dans-les-secteurs-public-et-prive\/397121\/#primaryimage"},"image":{"@id":"https:\/\/www.webdo.tn\/fr\/actualite\/national\/tunisie-publication-officielle-des-augmentations-salariales-dans-les-secteurs-public-et-prive\/397121\/#primaryimage"},"thumbnailUrl":"https:\/\/www.webdo.tn\/fr\/wp-content\/uploads\/2026\/04\/JORT.jpg","datePublished":"2026-04-30T15:07:49+00:00","dateModified":"2026-04-30T15:07:51+00:00","description":"Les augmentations salariales inscrites dans le Journal officiel de la R\u00e9publique tunisienne visent \u00e0 am\u00e9liorer le pouvoir d'achat.","breadcrumb":{"@id":"https:\/\/www.webdo.tn\/fr\/actualite\/national\/tunisie-publication-officielle-des-augmentations-salariales-dans-les-secteurs-public-et-prive\/397121\/#breadcrumb"},"inLanguage":"fr-FR","potentialAction":[{"@type":"ReadAction","target":["https:\/\/www.webdo.tn\/fr\/actualite\/national\/tunisie-publication-officielle-des-augmentations-salariales-dans-les-secteurs-public-et-prive\/397121\/"]}]},{"@type":"ImageObject","inLanguage":"fr-FR","@id":"https:\/\/www.webdo.tn\/fr\/actualite\/national\/tunisie-publication-officielle-des-augmentations-salariales-dans-les-secteurs-public-et-prive\/397121\/#primaryimage","url":"https:\/\/www.webdo.tn\/fr\/wp-content\/uploads\/2026\/04\/JORT.jpg","contentUrl":"https:\/\/www.webdo.tn\/fr\/wp-content\/uploads\/2026\/04\/JORT.jpg","width":1225,"height":600,"caption":"Tunisie : Publication officielle des augmentations salariales dans les secteurs public et priv\u00e9"},{"@type":"BreadcrumbList","@id":"https:\/\/www.webdo.tn\/fr\/actualite\/national\/tunisie-publication-officielle-des-augmentations-salariales-dans-les-secteurs-public-et-prive\/397121\/#breadcrumb","itemListElement":[{"@type":"ListItem","position":1,"name":"Accueil","item":"https:\/\/www.webdo.tn\/fr\/"},{"@type":"ListItem","position":2,"name":"Tunisie : Publication officielle des augmentations salariales dans les secteurs public et priv\u00e9"}]},{"@type":"WebSite","@id":"https:\/\/www.webdo.tn\/fr\/#website","url":"https:\/\/www.webdo.tn\/fr\/","name":"webdo","description":"Tunisie - News en Tunisie et \u00e0 l&#039;international sur Webdo.tn","publisher":{"@id":"https:\/\/www.webdo.tn\/fr\/#organization"},"potentialAction":[{"@type":"SearchAction","target":{"@type":"EntryPoint","urlTemplate":"https:\/\/www.webdo.tn\/fr\/?s={search_term_string}"},"query-input":{"@type":"PropertyValueSpecification","valueRequired":true,"valueName":"search_term_string"}}],"inLanguage":"fr-FR"},{"@type":"Organization","@id":"https:\/\/www.webdo.tn\/fr\/#organization","name":"Webdo","alternateName":"Webdo.tn","url":"https:\/\/www.webdo.tn\/fr\/","logo":{"@type":"ImageObject","inLanguage":"fr-FR","@id":"https:\/\/www.webdo.tn\/fr\/#\/schema\/logo\/image\/","url":"https:\/\/www.webdo.tn\/fr\/wp-content\/uploads\/2025\/06\/Webdo-Tunisie_168377.jpg","contentUrl":"https:\/\/www.webdo.tn\/fr\/wp-content\/uploads\/2025\/06\/Webdo-Tunisie_168377.jpg","width":301,"height":301,"caption":"Webdo"},"image":{"@id":"https:\/\/www.webdo.tn\/fr\/#\/schema\/logo\/image\/"},"sameAs":["https:\/\/www.facebook.com\/webdotn","https:\/\/x.com\/webdo_tn"],"description":"Webdo est un m\u00e9dia num\u00e9rique tunisien fond\u00e9 en 2010, sp\u00e9cialis\u00e9 dans l\u2019actualit\u00e9 nationale et internationale, l\u2019\u00e9conomie, la soci\u00e9t\u00e9 et les analyses politiques. Le site s\u2019adresse \u00e0 un large public francophone et couvre l\u2019information tunisienne en temps r\u00e9el.","email":"redac@webdo.tn","legalName":"YNJ SARL","foundingDate":"2010-09-06","numberOfEmployees":{"@type":"QuantitativeValue","minValue":"11","maxValue":"50"}},{"@type":"Person","@id":"https:\/\/www.webdo.tn\/fr\/#\/schema\/person\/16a4857e77dfc0b610c4c2cadffc9ac4","name":"Mohamed Fethi","image":{"@type":"ImageObject","inLanguage":"fr-FR","@id":"https:\/\/www.webdo.tn\/fr\/wp-content\/uploads\/2026\/04\/mohamed-fethi_avatar_1-96x96.jpg","url":"https:\/\/www.webdo.tn\/fr\/wp-content\/uploads\/2026\/04\/mohamed-fethi_avatar_1-96x96.jpg","contentUrl":"https:\/\/www.webdo.tn\/fr\/wp-content\/uploads\/2026\/04\/mohamed-fethi_avatar_1-96x96.jpg","caption":"Mohamed Fethi"},"description":"Signature \u00e9ditoriale de Maher Chaabane Mohamed Fethi est le pseudonyme \u00e9ditorial de Maher Chaabane, r\u00e9dacteur en chef de Webdo.tn depuis 2012. Cette signature est d\u00e9di\u00e9e au traitement intensif de l'actualit\u00e9 nationale et internationale en temps r\u00e9el. S'appuyant sur les deux d\u00e9cennies d'expertise journalistique de Maher Chaabane \u2014 d\u00e9but\u00e9e au sein du groupe Tunis Hebdo en 2000 \u2014 Mohamed Fethi assure une veille rigoureuse sur les enjeux politiques, \u00e9conomiques et sportifs. Sa mission est de garantir une information structur\u00e9e, fluide et fid\u00e8le aux standards de la r\u00e9daction. Pour consulter le parcours complet du r\u00e9dacteur en chef, visitez le profil officiel de Maher Chaabane.","knowsAbout":["actualit\u00e9","journalisme","information","politique","sport","m\u00e9dias","actualit\u00e9 internationale"],"knowsLanguage":["Fran\u00e7ais","Arabe"],"jobTitle":"Journaliste \u2013 R\u00e9daction Webdo","worksFor":"Webdo.tn","url":"https:\/\/www.webdo.tn\/fr\/actualite\/author\/mohamed-fethi\/"}]}},"_links":{"self":[{"href":"https:\/\/www.webdo.tn\/fr\/wp-json\/wp\/v2\/posts\/397121","targetHints":{"allow":["GET"]}}],"collection":[{"href":"https:\/\/www.webdo.tn\/fr\/wp-json\/wp\/v2\/posts"}],"about":[{"href":"https:\/\/www.webdo.tn\/fr\/wp-json\/wp\/v2\/types\/post"}],"author":[{"embeddable":true,"href":"https:\/\/www.webdo.tn\/fr\/wp-json\/wp\/v2\/users\/4782"}],"replies":[{"embeddable":true,"href":"https:\/\/www.webdo.tn\/fr\/wp-json\/wp\/v2\/comments?post=397121"}],"version-history":[{"count":1,"href":"https:\/\/www.webdo.tn\/fr\/wp-json\/wp\/v2\/posts\/397121\/revisions"}],"predecessor-version":[{"id":397123,"href":"https:\/\/www.webdo.tn\/fr\/wp-json\/wp\/v2\/posts\/397121\/revisions\/397123"}],"wp:featuredmedia":[{"embeddable":true,"href":"https:\/\/www.webdo.tn\/fr\/wp-json\/wp\/v2\/media\/397122"}],"wp:attachment":[{"href":"https:\/\/www.webdo.tn\/fr\/wp-json\/wp\/v2\/media?parent=397121"}],"wp:term":[{"taxonomy":"category","embeddable":true,"href":"https:\/\/www.webdo.tn\/fr\/wp-json\/wp\/v2\/categories?post=397121"},{"taxonomy":"post_tag","embeddable":true,"href":"https:\/\/www.webdo.tn\/fr\/wp-json\/wp\/v2\/tags?post=397121"}],"curies":[{"name":"wp","href":"https:\/\/api.w.org\/{rel}","templated":true}]}}