{"id":397115,"date":"2026-04-30T14:08:24","date_gmt":"2026-04-30T13:08:24","guid":{"rendered":"https:\/\/www.webdo.tn\/fr\/?p=397115"},"modified":"2026-04-30T14:08:25","modified_gmt":"2026-04-30T13:08:25","slug":"affaire-mehdi-ben-gharbia-la-justice-confirme-5-ans-de-prison-et-48-md-damende","status":"publish","type":"post","link":"https:\/\/www.webdo.tn\/fr\/actualite\/national\/affaire-mehdi-ben-gharbia-la-justice-confirme-5-ans-de-prison-et-48-md-damende\/397115\/","title":{"rendered":"Affaire Mehdi Ben Gharbia : La justice confirme 5 ans de prison et 48 MD d\u2019amende"},"content":{"rendered":"\n<p><strong>La justice tunisienne a tranch\u00e9. La cour d\u2019appel de Tunis a confirm\u00e9 la condamnation de Mehdi Ben Gharbia \u00e0 cinq ans de prison ferme, assortie d\u2019une lourde amende d\u00e9passant 48 millions de dinars. Cette d\u00e9cision intervient dans le cadre d\u2019une affaire \u00e0 caract\u00e8re financier et bancaire.<\/strong><\/p>\n\n\n\n<h2 class=\"wp-block-heading\" id=\"h-une-condamnation-confirmee-en-appel\">Une condamnation confirm\u00e9e en appel<\/h2>\n\n\n\n<p>La chambre correctionnelle sp\u00e9cialis\u00e9e dans les affaires de corruption financi\u00e8re pr\u00e8s la cour d\u2019appel de Tunis a valid\u00e9 le jugement rendu en premi\u00e8re instance. Mehdi Ben Gharbia reste ainsi condamn\u00e9 \u00e0 une peine de cinq ans d\u2019emprisonnement.<\/p>\n\n\n\n<p>L\u2019homme d\u2019affaires devra \u00e9galement s\u2019acquitter d\u2019une amende particuli\u00e8rement \u00e9lev\u00e9e, estim\u00e9e \u00e0 plus de 48 millions de dinars, selon les \u00e9l\u00e9ments du dossier judiciaire.<\/p>\n\n\n\n<h2 class=\"wp-block-heading\" id=\"h-une-affaire-a-dimension-financiere-et-bancaire\">Une affaire \u00e0 dimension financi\u00e8re et bancaire<\/h2>\n\n\n\n<p>L\u2019affaire repose sur des faits li\u00e9s \u00e0 des infractions de nature financi\u00e8re et bancaire, mis en lumi\u00e8re \u00e0 travers les investigations men\u00e9es par les autorit\u00e9s comp\u00e9tentes.<\/p>\n\n\n\n<p>Les d\u00e9tails pr\u00e9cis des accusations n\u2019ont pas \u00e9t\u00e9 d\u00e9velopp\u00e9s dans cette d\u00e9cision, mais le maintien du verdict en appel confirme la solidit\u00e9 des \u00e9l\u00e9ments retenus par la justice.<\/p>\n\n\n\n<h2 class=\"wp-block-heading\" id=\"h-poursuivi-dans-plusieurs-affaires\">Poursuivi dans plusieurs affaires<\/h2>\n\n\n\n<p>En d\u00e9tention depuis octobre 2021 et poursuivi dans plusieurs affaires, l\u2019homme d\u2019affaires et ancien ministre, fait l&rsquo;objet de plusieurs poursuites et a \u00e9t\u00e9 condamn\u00e9 \u00e0 plusieurs peines et amendes notamment pour corruption financi\u00e8re et administrative, blanchiment et fraude douani\u00e8re.<\/p>\n\n\n\n<p>A ces condamnations financi\u00e8res s\u2019ajoute un dossier beaucoup plus sensible : celui du meurtre de Rahma Lahmar, retrouv\u00e9e morte en 2020 \u00e0 A\u00efn Zaghouan. Aujourd\u2019hui, cette affaire reste ouverte, et l\u2019enqu\u00eate continue d\u2019alimenter les sp\u00e9culations sur la nature exacte de son implication.<\/p>\n\n\n\n<blockquote class=\"wp-block-quote is-layout-flow wp-block-quote-is-layout-flow\">\n<ul class=\"wp-block-list\">\n<li class=\"has-medium-font-size\"><strong>Lire aussi :<\/strong> <a href=\"https:\/\/www.webdo.tn\/fr\/actualite\/national\/mehdi-ben-gharbia-nouvelle-condamnation-et-engrenage-judiciaire\/388108\/\">Mehdi Ben Gharbia : Nouvelle condamnation et engrenage judiciaire<\/a><\/li>\n<\/ul>\n<\/blockquote>\n","protected":false},"excerpt":{"rendered":"<p>La justice tunisienne a tranch\u00e9. La cour d\u2019appel de Tunis a confirm\u00e9 la condamnation de Mehdi Ben Gharbia \u00e0 cinq ans de prison ferme, assortie d\u2019une lourde amende d\u00e9passant 48 millions de dinars. Cette d\u00e9cision intervient dans le cadre d\u2019une affaire \u00e0 caract\u00e8re financier et bancaire. Une condamnation confirm\u00e9e en appel La chambre correctionnelle sp\u00e9cialis\u00e9e [&hellip;]<\/p>\n","protected":false},"author":4782,"featured_media":388109,"comment_status":"closed","ping_status":"closed","sticky":false,"template":"","format":"standard","meta":{"footnotes":""},"categories":[13163,44],"tags":[2619,4197,2608],"class_list":["post-397115","post","type-post","status-publish","format-standard","has-post-thumbnail","hentry","category-epingle","category-national","tag-justice","tag-mehdi-ben-gharbia","tag-tunisie"],"yoast_head":"<!-- This site is optimized with the Yoast SEO Premium plugin v27.5 (Yoast SEO v27.5) - https:\/\/yoast.com\/product\/yoast-seo-premium-wordpress\/ -->\n<title>Affaire Mehdi Ben Gharbia : La justice confirme 5 ans de prison et 48 MD d\u2019amende - webdo<\/title>\n<meta name=\"description\" content=\"Mehdi Ben Gharbia reste en prison pour cinq ans, avec une amende d\u00e9passant 48 millions de dinars li\u00e9e \u00e0 des actes de corruption.\" \/>\n<link rel=\"canonical\" href=\"https:\/\/www.webdo.tn\/fr\/actualite\/national\/affaire-mehdi-ben-gharbia-la-justice-confirme-5-ans-de-prison-et-48-md-damende\/397115\/\" \/>\n<meta property=\"og:locale\" content=\"fr_FR\" \/>\n<meta property=\"og:type\" content=\"article\" \/>\n<meta property=\"og:title\" content=\"Affaire Mehdi Ben Gharbia : La justice confirme 5 ans de prison et 48 MD d\u2019amende\" \/>\n<meta property=\"og:description\" content=\"Mehdi Ben Gharbia reste en prison pour cinq ans, avec une amende d\u00e9passant 48 millions de dinars li\u00e9e \u00e0 des actes de corruption.\" \/>\n<meta property=\"og:url\" content=\"https:\/\/www.webdo.tn\/fr\/actualite\/national\/affaire-mehdi-ben-gharbia-la-justice-confirme-5-ans-de-prison-et-48-md-damende\/397115\/\" \/>\n<meta property=\"og:site_name\" content=\"webdo\" \/>\n<meta property=\"article:publisher\" content=\"https:\/\/www.facebook.com\/webdotn\" \/>\n<meta property=\"article:published_time\" content=\"2026-04-30T13:08:24+00:00\" \/>\n<meta property=\"article:modified_time\" content=\"2026-04-30T13:08:25+00:00\" \/>\n<meta property=\"og:image\" content=\"https:\/\/www.webdo.tn\/fr\/wp-content\/uploads\/2025\/11\/Mehdi-Ben-Gharbia.jpg\" \/>\n\t<meta property=\"og:image:width\" content=\"1200\" \/>\n\t<meta property=\"og:image:height\" content=\"600\" \/>\n\t<meta property=\"og:image:type\" content=\"image\/jpeg\" \/>\n<meta name=\"author\" content=\"Mohamed Fethi\" \/>\n<meta name=\"twitter:card\" content=\"summary_large_image\" \/>\n<meta name=\"twitter:creator\" content=\"@webdo_tn\" \/>\n<meta name=\"twitter:site\" content=\"@webdo_tn\" \/>\n<meta name=\"twitter:label1\" content=\"\u00c9crit par\" \/>\n\t<meta name=\"twitter:data1\" content=\"Mohamed Fethi\" \/>\n\t<meta name=\"twitter:label2\" content=\"Dur\u00e9e de lecture estim\u00e9e\" \/>\n\t<meta name=\"twitter:data2\" content=\"2 minutes\" \/>\n<script type=\"application\/ld+json\" class=\"yoast-schema-graph\">{\"@context\":\"https:\\\/\\\/schema.org\",\"@graph\":[{\"@type\":\"NewsArticle\",\"@id\":\"https:\\\/\\\/www.webdo.tn\\\/fr\\\/actualite\\\/national\\\/affaire-mehdi-ben-gharbia-la-justice-confirme-5-ans-de-prison-et-48-md-damende\\\/397115\\\/#article\",\"isPartOf\":{\"@id\":\"https:\\\/\\\/www.webdo.tn\\\/fr\\\/actualite\\\/national\\\/affaire-mehdi-ben-gharbia-la-justice-confirme-5-ans-de-prison-et-48-md-damende\\\/397115\\\/\"},\"author\":{\"name\":\"Mohamed Fethi\",\"@id\":\"https:\\\/\\\/www.webdo.tn\\\/fr\\\/#\\\/schema\\\/person\\\/16a4857e77dfc0b610c4c2cadffc9ac4\"},\"headline\":\"Affaire Mehdi Ben Gharbia : La justice confirme 5 ans de prison et 48 MD d\u2019amende\",\"datePublished\":\"2026-04-30T13:08:24+00:00\",\"dateModified\":\"2026-04-30T13:08:25+00:00\",\"mainEntityOfPage\":{\"@id\":\"https:\\\/\\\/www.webdo.tn\\\/fr\\\/actualite\\\/national\\\/affaire-mehdi-ben-gharbia-la-justice-confirme-5-ans-de-prison-et-48-md-damende\\\/397115\\\/\"},\"wordCount\":319,\"publisher\":{\"@id\":\"https:\\\/\\\/www.webdo.tn\\\/fr\\\/#organization\"},\"image\":{\"@id\":\"https:\\\/\\\/www.webdo.tn\\\/fr\\\/actualite\\\/national\\\/affaire-mehdi-ben-gharbia-la-justice-confirme-5-ans-de-prison-et-48-md-damende\\\/397115\\\/#primaryimage\"},\"thumbnailUrl\":\"https:\\\/\\\/www.webdo.tn\\\/fr\\\/wp-content\\\/uploads\\\/2025\\\/11\\\/Mehdi-Ben-Gharbia.jpg\",\"keywords\":[\"justice\",\"Mehdi Ben Gharbia\",\"Tunisie\"],\"articleSection\":[\"\u00c9pingle\",\"National\"],\"inLanguage\":\"fr-FR\"},{\"@type\":\"WebPage\",\"@id\":\"https:\\\/\\\/www.webdo.tn\\\/fr\\\/actualite\\\/national\\\/affaire-mehdi-ben-gharbia-la-justice-confirme-5-ans-de-prison-et-48-md-damende\\\/397115\\\/\",\"url\":\"https:\\\/\\\/www.webdo.tn\\\/fr\\\/actualite\\\/national\\\/affaire-mehdi-ben-gharbia-la-justice-confirme-5-ans-de-prison-et-48-md-damende\\\/397115\\\/\",\"name\":\"Affaire Mehdi Ben Gharbia : La justice confirme 5 ans de prison et 48 MD d\u2019amende - webdo\",\"isPartOf\":{\"@id\":\"https:\\\/\\\/www.webdo.tn\\\/fr\\\/#website\"},\"primaryImageOfPage\":{\"@id\":\"https:\\\/\\\/www.webdo.tn\\\/fr\\\/actualite\\\/national\\\/affaire-mehdi-ben-gharbia-la-justice-confirme-5-ans-de-prison-et-48-md-damende\\\/397115\\\/#primaryimage\"},\"image\":{\"@id\":\"https:\\\/\\\/www.webdo.tn\\\/fr\\\/actualite\\\/national\\\/affaire-mehdi-ben-gharbia-la-justice-confirme-5-ans-de-prison-et-48-md-damende\\\/397115\\\/#primaryimage\"},\"thumbnailUrl\":\"https:\\\/\\\/www.webdo.tn\\\/fr\\\/wp-content\\\/uploads\\\/2025\\\/11\\\/Mehdi-Ben-Gharbia.jpg\",\"datePublished\":\"2026-04-30T13:08:24+00:00\",\"dateModified\":\"2026-04-30T13:08:25+00:00\",\"description\":\"Mehdi Ben Gharbia reste en prison pour cinq ans, avec une amende d\u00e9passant 48 millions de dinars li\u00e9e \u00e0 des actes de corruption.\",\"breadcrumb\":{\"@id\":\"https:\\\/\\\/www.webdo.tn\\\/fr\\\/actualite\\\/national\\\/affaire-mehdi-ben-gharbia-la-justice-confirme-5-ans-de-prison-et-48-md-damende\\\/397115\\\/#breadcrumb\"},\"inLanguage\":\"fr-FR\",\"potentialAction\":[{\"@type\":\"ReadAction\",\"target\":[\"https:\\\/\\\/www.webdo.tn\\\/fr\\\/actualite\\\/national\\\/affaire-mehdi-ben-gharbia-la-justice-confirme-5-ans-de-prison-et-48-md-damende\\\/397115\\\/\"]}]},{\"@type\":\"ImageObject\",\"inLanguage\":\"fr-FR\",\"@id\":\"https:\\\/\\\/www.webdo.tn\\\/fr\\\/actualite\\\/national\\\/affaire-mehdi-ben-gharbia-la-justice-confirme-5-ans-de-prison-et-48-md-damende\\\/397115\\\/#primaryimage\",\"url\":\"https:\\\/\\\/www.webdo.tn\\\/fr\\\/wp-content\\\/uploads\\\/2025\\\/11\\\/Mehdi-Ben-Gharbia.jpg\",\"contentUrl\":\"https:\\\/\\\/www.webdo.tn\\\/fr\\\/wp-content\\\/uploads\\\/2025\\\/11\\\/Mehdi-Ben-Gharbia.jpg\",\"width\":1200,\"height\":600,\"caption\":\"Affaire Mehdi Ben Gharbia : La justice confirme 5 ans de prison et 48 MD d\u2019amende\"},{\"@type\":\"BreadcrumbList\",\"@id\":\"https:\\\/\\\/www.webdo.tn\\\/fr\\\/actualite\\\/national\\\/affaire-mehdi-ben-gharbia-la-justice-confirme-5-ans-de-prison-et-48-md-damende\\\/397115\\\/#breadcrumb\",\"itemListElement\":[{\"@type\":\"ListItem\",\"position\":1,\"name\":\"Accueil\",\"item\":\"https:\\\/\\\/www.webdo.tn\\\/fr\\\/\"},{\"@type\":\"ListItem\",\"position\":2,\"name\":\"Affaire Mehdi Ben Gharbia : La justice confirme 5 ans de prison et 48 MD d\u2019amende\"}]},{\"@type\":\"WebSite\",\"@id\":\"https:\\\/\\\/www.webdo.tn\\\/fr\\\/#website\",\"url\":\"https:\\\/\\\/www.webdo.tn\\\/fr\\\/\",\"name\":\"webdo\",\"description\":\"Tunisie - News en Tunisie et \u00e0 l&#039;international sur Webdo.tn\",\"publisher\":{\"@id\":\"https:\\\/\\\/www.webdo.tn\\\/fr\\\/#organization\"},\"potentialAction\":[{\"@type\":\"SearchAction\",\"target\":{\"@type\":\"EntryPoint\",\"urlTemplate\":\"https:\\\/\\\/www.webdo.tn\\\/fr\\\/?s={search_term_string}\"},\"query-input\":{\"@type\":\"PropertyValueSpecification\",\"valueRequired\":true,\"valueName\":\"search_term_string\"}}],\"inLanguage\":\"fr-FR\"},{\"@type\":\"Organization\",\"@id\":\"https:\\\/\\\/www.webdo.tn\\\/fr\\\/#organization\",\"name\":\"Webdo\",\"alternateName\":\"Webdo.tn\",\"url\":\"https:\\\/\\\/www.webdo.tn\\\/fr\\\/\",\"logo\":{\"@type\":\"ImageObject\",\"inLanguage\":\"fr-FR\",\"@id\":\"https:\\\/\\\/www.webdo.tn\\\/fr\\\/#\\\/schema\\\/logo\\\/image\\\/\",\"url\":\"https:\\\/\\\/www.webdo.tn\\\/fr\\\/wp-content\\\/uploads\\\/2025\\\/06\\\/Webdo-Tunisie_168377.jpg\",\"contentUrl\":\"https:\\\/\\\/www.webdo.tn\\\/fr\\\/wp-content\\\/uploads\\\/2025\\\/06\\\/Webdo-Tunisie_168377.jpg\",\"width\":301,\"height\":301,\"caption\":\"Webdo\"},\"image\":{\"@id\":\"https:\\\/\\\/www.webdo.tn\\\/fr\\\/#\\\/schema\\\/logo\\\/image\\\/\"},\"sameAs\":[\"https:\\\/\\\/www.facebook.com\\\/webdotn\",\"https:\\\/\\\/x.com\\\/webdo_tn\"],\"description\":\"Webdo est un m\u00e9dia num\u00e9rique tunisien fond\u00e9 en 2010, sp\u00e9cialis\u00e9 dans l\u2019actualit\u00e9 nationale et internationale, l\u2019\u00e9conomie, la soci\u00e9t\u00e9 et les analyses politiques. Le site s\u2019adresse \u00e0 un large public francophone et couvre l\u2019information tunisienne en temps r\u00e9el.\",\"email\":\"redac@webdo.tn\",\"legalName\":\"YNJ SARL\",\"foundingDate\":\"2010-09-06\",\"numberOfEmployees\":{\"@type\":\"QuantitativeValue\",\"minValue\":\"11\",\"maxValue\":\"50\"}},{\"@type\":\"Person\",\"@id\":\"https:\\\/\\\/www.webdo.tn\\\/fr\\\/#\\\/schema\\\/person\\\/16a4857e77dfc0b610c4c2cadffc9ac4\",\"name\":\"Mohamed Fethi\",\"image\":{\"@type\":\"ImageObject\",\"inLanguage\":\"fr-FR\",\"@id\":\"https:\\\/\\\/www.webdo.tn\\\/fr\\\/wp-content\\\/uploads\\\/2026\\\/04\\\/mohamed-fethi_avatar_1-96x96.jpg\",\"url\":\"https:\\\/\\\/www.webdo.tn\\\/fr\\\/wp-content\\\/uploads\\\/2026\\\/04\\\/mohamed-fethi_avatar_1-96x96.jpg\",\"contentUrl\":\"https:\\\/\\\/www.webdo.tn\\\/fr\\\/wp-content\\\/uploads\\\/2026\\\/04\\\/mohamed-fethi_avatar_1-96x96.jpg\",\"caption\":\"Mohamed Fethi\"},\"description\":\"Signature \u00e9ditoriale de Maher Chaabane Mohamed Fethi est le pseudonyme \u00e9ditorial de Maher Chaabane, r\u00e9dacteur en chef de Webdo.tn depuis 2012. Cette signature est d\u00e9di\u00e9e au traitement intensif de l'actualit\u00e9 nationale et internationale en temps r\u00e9el. S'appuyant sur les deux d\u00e9cennies d'expertise journalistique de Maher Chaabane \u2014 d\u00e9but\u00e9e au sein du groupe Tunis Hebdo en 2000 \u2014 Mohamed Fethi assure une veille rigoureuse sur les enjeux politiques, \u00e9conomiques et sportifs. Sa mission est de garantir une information structur\u00e9e, fluide et fid\u00e8le aux standards de la r\u00e9daction. Pour consulter le parcours complet du r\u00e9dacteur en chef, visitez le profil officiel de Maher Chaabane.\",\"knowsAbout\":[\"actualit\u00e9\",\"journalisme\",\"information\",\"politique\",\"sport\",\"m\u00e9dias\",\"actualit\u00e9 internationale\"],\"knowsLanguage\":[\"Fran\u00e7ais\",\"Arabe\"],\"jobTitle\":\"Journaliste \u2013 R\u00e9daction Webdo\",\"worksFor\":\"Webdo.tn\",\"url\":\"https:\\\/\\\/www.webdo.tn\\\/fr\\\/actualite\\\/author\\\/mohamed-fethi\\\/\"}]}<\/script>\n<!-- \/ Yoast SEO Premium plugin. -->","yoast_head_json":{"title":"Affaire Mehdi Ben Gharbia : La justice confirme 5 ans de prison et 48 MD d\u2019amende - webdo","description":"Mehdi Ben Gharbia reste en prison pour cinq ans, avec une amende d\u00e9passant 48 millions de dinars li\u00e9e \u00e0 des actes de corruption.","canonical":"https:\/\/www.webdo.tn\/fr\/actualite\/national\/affaire-mehdi-ben-gharbia-la-justice-confirme-5-ans-de-prison-et-48-md-damende\/397115\/","og_locale":"fr_FR","og_type":"article","og_title":"Affaire Mehdi Ben Gharbia : La justice confirme 5 ans de prison et 48 MD d\u2019amende","og_description":"Mehdi Ben Gharbia reste en prison pour cinq ans, avec une amende d\u00e9passant 48 millions de dinars li\u00e9e \u00e0 des actes de corruption.","og_url":"https:\/\/www.webdo.tn\/fr\/actualite\/national\/affaire-mehdi-ben-gharbia-la-justice-confirme-5-ans-de-prison-et-48-md-damende\/397115\/","og_site_name":"webdo","article_publisher":"https:\/\/www.facebook.com\/webdotn","article_published_time":"2026-04-30T13:08:24+00:00","article_modified_time":"2026-04-30T13:08:25+00:00","og_image":[{"width":1200,"height":600,"url":"https:\/\/www.webdo.tn\/fr\/wp-content\/uploads\/2025\/11\/Mehdi-Ben-Gharbia.jpg","type":"image\/jpeg"}],"author":"Mohamed Fethi","twitter_card":"summary_large_image","twitter_creator":"@webdo_tn","twitter_site":"@webdo_tn","twitter_misc":{"\u00c9crit par":"Mohamed Fethi","Dur\u00e9e de lecture estim\u00e9e":"2 minutes"},"schema":{"@context":"https:\/\/schema.org","@graph":[{"@type":"NewsArticle","@id":"https:\/\/www.webdo.tn\/fr\/actualite\/national\/affaire-mehdi-ben-gharbia-la-justice-confirme-5-ans-de-prison-et-48-md-damende\/397115\/#article","isPartOf":{"@id":"https:\/\/www.webdo.tn\/fr\/actualite\/national\/affaire-mehdi-ben-gharbia-la-justice-confirme-5-ans-de-prison-et-48-md-damende\/397115\/"},"author":{"name":"Mohamed Fethi","@id":"https:\/\/www.webdo.tn\/fr\/#\/schema\/person\/16a4857e77dfc0b610c4c2cadffc9ac4"},"headline":"Affaire Mehdi Ben Gharbia : La justice confirme 5 ans de prison et 48 MD d\u2019amende","datePublished":"2026-04-30T13:08:24+00:00","dateModified":"2026-04-30T13:08:25+00:00","mainEntityOfPage":{"@id":"https:\/\/www.webdo.tn\/fr\/actualite\/national\/affaire-mehdi-ben-gharbia-la-justice-confirme-5-ans-de-prison-et-48-md-damende\/397115\/"},"wordCount":319,"publisher":{"@id":"https:\/\/www.webdo.tn\/fr\/#organization"},"image":{"@id":"https:\/\/www.webdo.tn\/fr\/actualite\/national\/affaire-mehdi-ben-gharbia-la-justice-confirme-5-ans-de-prison-et-48-md-damende\/397115\/#primaryimage"},"thumbnailUrl":"https:\/\/www.webdo.tn\/fr\/wp-content\/uploads\/2025\/11\/Mehdi-Ben-Gharbia.jpg","keywords":["justice","Mehdi Ben Gharbia","Tunisie"],"articleSection":["\u00c9pingle","National"],"inLanguage":"fr-FR"},{"@type":"WebPage","@id":"https:\/\/www.webdo.tn\/fr\/actualite\/national\/affaire-mehdi-ben-gharbia-la-justice-confirme-5-ans-de-prison-et-48-md-damende\/397115\/","url":"https:\/\/www.webdo.tn\/fr\/actualite\/national\/affaire-mehdi-ben-gharbia-la-justice-confirme-5-ans-de-prison-et-48-md-damende\/397115\/","name":"Affaire Mehdi Ben Gharbia : La justice confirme 5 ans de prison et 48 MD d\u2019amende - webdo","isPartOf":{"@id":"https:\/\/www.webdo.tn\/fr\/#website"},"primaryImageOfPage":{"@id":"https:\/\/www.webdo.tn\/fr\/actualite\/national\/affaire-mehdi-ben-gharbia-la-justice-confirme-5-ans-de-prison-et-48-md-damende\/397115\/#primaryimage"},"image":{"@id":"https:\/\/www.webdo.tn\/fr\/actualite\/national\/affaire-mehdi-ben-gharbia-la-justice-confirme-5-ans-de-prison-et-48-md-damende\/397115\/#primaryimage"},"thumbnailUrl":"https:\/\/www.webdo.tn\/fr\/wp-content\/uploads\/2025\/11\/Mehdi-Ben-Gharbia.jpg","datePublished":"2026-04-30T13:08:24+00:00","dateModified":"2026-04-30T13:08:25+00:00","description":"Mehdi Ben Gharbia reste en prison pour cinq ans, avec une amende d\u00e9passant 48 millions de dinars li\u00e9e \u00e0 des actes de corruption.","breadcrumb":{"@id":"https:\/\/www.webdo.tn\/fr\/actualite\/national\/affaire-mehdi-ben-gharbia-la-justice-confirme-5-ans-de-prison-et-48-md-damende\/397115\/#breadcrumb"},"inLanguage":"fr-FR","potentialAction":[{"@type":"ReadAction","target":["https:\/\/www.webdo.tn\/fr\/actualite\/national\/affaire-mehdi-ben-gharbia-la-justice-confirme-5-ans-de-prison-et-48-md-damende\/397115\/"]}]},{"@type":"ImageObject","inLanguage":"fr-FR","@id":"https:\/\/www.webdo.tn\/fr\/actualite\/national\/affaire-mehdi-ben-gharbia-la-justice-confirme-5-ans-de-prison-et-48-md-damende\/397115\/#primaryimage","url":"https:\/\/www.webdo.tn\/fr\/wp-content\/uploads\/2025\/11\/Mehdi-Ben-Gharbia.jpg","contentUrl":"https:\/\/www.webdo.tn\/fr\/wp-content\/uploads\/2025\/11\/Mehdi-Ben-Gharbia.jpg","width":1200,"height":600,"caption":"Affaire Mehdi Ben Gharbia : La justice confirme 5 ans de prison et 48 MD d\u2019amende"},{"@type":"BreadcrumbList","@id":"https:\/\/www.webdo.tn\/fr\/actualite\/national\/affaire-mehdi-ben-gharbia-la-justice-confirme-5-ans-de-prison-et-48-md-damende\/397115\/#breadcrumb","itemListElement":[{"@type":"ListItem","position":1,"name":"Accueil","item":"https:\/\/www.webdo.tn\/fr\/"},{"@type":"ListItem","position":2,"name":"Affaire Mehdi Ben Gharbia : La justice confirme 5 ans de prison et 48 MD d\u2019amende"}]},{"@type":"WebSite","@id":"https:\/\/www.webdo.tn\/fr\/#website","url":"https:\/\/www.webdo.tn\/fr\/","name":"webdo","description":"Tunisie - News en Tunisie et \u00e0 l&#039;international sur Webdo.tn","publisher":{"@id":"https:\/\/www.webdo.tn\/fr\/#organization"},"potentialAction":[{"@type":"SearchAction","target":{"@type":"EntryPoint","urlTemplate":"https:\/\/www.webdo.tn\/fr\/?s={search_term_string}"},"query-input":{"@type":"PropertyValueSpecification","valueRequired":true,"valueName":"search_term_string"}}],"inLanguage":"fr-FR"},{"@type":"Organization","@id":"https:\/\/www.webdo.tn\/fr\/#organization","name":"Webdo","alternateName":"Webdo.tn","url":"https:\/\/www.webdo.tn\/fr\/","logo":{"@type":"ImageObject","inLanguage":"fr-FR","@id":"https:\/\/www.webdo.tn\/fr\/#\/schema\/logo\/image\/","url":"https:\/\/www.webdo.tn\/fr\/wp-content\/uploads\/2025\/06\/Webdo-Tunisie_168377.jpg","contentUrl":"https:\/\/www.webdo.tn\/fr\/wp-content\/uploads\/2025\/06\/Webdo-Tunisie_168377.jpg","width":301,"height":301,"caption":"Webdo"},"image":{"@id":"https:\/\/www.webdo.tn\/fr\/#\/schema\/logo\/image\/"},"sameAs":["https:\/\/www.facebook.com\/webdotn","https:\/\/x.com\/webdo_tn"],"description":"Webdo est un m\u00e9dia num\u00e9rique tunisien fond\u00e9 en 2010, sp\u00e9cialis\u00e9 dans l\u2019actualit\u00e9 nationale et internationale, l\u2019\u00e9conomie, la soci\u00e9t\u00e9 et les analyses politiques. Le site s\u2019adresse \u00e0 un large public francophone et couvre l\u2019information tunisienne en temps r\u00e9el.","email":"redac@webdo.tn","legalName":"YNJ SARL","foundingDate":"2010-09-06","numberOfEmployees":{"@type":"QuantitativeValue","minValue":"11","maxValue":"50"}},{"@type":"Person","@id":"https:\/\/www.webdo.tn\/fr\/#\/schema\/person\/16a4857e77dfc0b610c4c2cadffc9ac4","name":"Mohamed Fethi","image":{"@type":"ImageObject","inLanguage":"fr-FR","@id":"https:\/\/www.webdo.tn\/fr\/wp-content\/uploads\/2026\/04\/mohamed-fethi_avatar_1-96x96.jpg","url":"https:\/\/www.webdo.tn\/fr\/wp-content\/uploads\/2026\/04\/mohamed-fethi_avatar_1-96x96.jpg","contentUrl":"https:\/\/www.webdo.tn\/fr\/wp-content\/uploads\/2026\/04\/mohamed-fethi_avatar_1-96x96.jpg","caption":"Mohamed Fethi"},"description":"Signature \u00e9ditoriale de Maher Chaabane Mohamed Fethi est le pseudonyme \u00e9ditorial de Maher Chaabane, r\u00e9dacteur en chef de Webdo.tn depuis 2012. Cette signature est d\u00e9di\u00e9e au traitement intensif de l'actualit\u00e9 nationale et internationale en temps r\u00e9el. S'appuyant sur les deux d\u00e9cennies d'expertise journalistique de Maher Chaabane \u2014 d\u00e9but\u00e9e au sein du groupe Tunis Hebdo en 2000 \u2014 Mohamed Fethi assure une veille rigoureuse sur les enjeux politiques, \u00e9conomiques et sportifs. Sa mission est de garantir une information structur\u00e9e, fluide et fid\u00e8le aux standards de la r\u00e9daction. Pour consulter le parcours complet du r\u00e9dacteur en chef, visitez le profil officiel de Maher Chaabane.","knowsAbout":["actualit\u00e9","journalisme","information","politique","sport","m\u00e9dias","actualit\u00e9 internationale"],"knowsLanguage":["Fran\u00e7ais","Arabe"],"jobTitle":"Journaliste \u2013 R\u00e9daction Webdo","worksFor":"Webdo.tn","url":"https:\/\/www.webdo.tn\/fr\/actualite\/author\/mohamed-fethi\/"}]}},"_links":{"self":[{"href":"https:\/\/www.webdo.tn\/fr\/wp-json\/wp\/v2\/posts\/397115","targetHints":{"allow":["GET"]}}],"collection":[{"href":"https:\/\/www.webdo.tn\/fr\/wp-json\/wp\/v2\/posts"}],"about":[{"href":"https:\/\/www.webdo.tn\/fr\/wp-json\/wp\/v2\/types\/post"}],"author":[{"embeddable":true,"href":"https:\/\/www.webdo.tn\/fr\/wp-json\/wp\/v2\/users\/4782"}],"replies":[{"embeddable":true,"href":"https:\/\/www.webdo.tn\/fr\/wp-json\/wp\/v2\/comments?post=397115"}],"version-history":[{"count":1,"href":"https:\/\/www.webdo.tn\/fr\/wp-json\/wp\/v2\/posts\/397115\/revisions"}],"predecessor-version":[{"id":397116,"href":"https:\/\/www.webdo.tn\/fr\/wp-json\/wp\/v2\/posts\/397115\/revisions\/397116"}],"wp:featuredmedia":[{"embeddable":true,"href":"https:\/\/www.webdo.tn\/fr\/wp-json\/wp\/v2\/media\/388109"}],"wp:attachment":[{"href":"https:\/\/www.webdo.tn\/fr\/wp-json\/wp\/v2\/media?parent=397115"}],"wp:term":[{"taxonomy":"category","embeddable":true,"href":"https:\/\/www.webdo.tn\/fr\/wp-json\/wp\/v2\/categories?post=397115"},{"taxonomy":"post_tag","embeddable":true,"href":"https:\/\/www.webdo.tn\/fr\/wp-json\/wp\/v2\/tags?post=397115"}],"curies":[{"name":"wp","href":"https:\/\/api.w.org\/{rel}","templated":true}]}}