{"id":397112,"date":"2026-04-30T12:15:19","date_gmt":"2026-04-30T11:15:19","guid":{"rendered":"https:\/\/www.webdo.tn\/fr\/?p=397112"},"modified":"2026-04-30T12:15:20","modified_gmt":"2026-04-30T11:15:20","slug":"gaza-la-flottille-global-sumud-interceptee-accusations-de-kidnapping-contre-israel","status":"publish","type":"post","link":"https:\/\/www.webdo.tn\/fr\/actualite\/international\/gaza-la-flottille-global-sumud-interceptee-accusations-de-kidnapping-contre-israel\/397112\/","title":{"rendered":"Gaza : La flottille Global Sumud intercept\u00e9e, accusations de \u201ckidnapping\u201d contre Isra\u00ebl"},"content":{"rendered":"\n<p><strong>Une nouvelle escalade s\u2019est produite en mer M\u00e9diterran\u00e9e autour de la bande de Gaza. La flottille humanitaire Global Sumud Flotilla a \u00e9t\u00e9 intercept\u00e9e jeudi 30 avril par la marine isra\u00e9lienne dans les eaux internationales. L\u2019incident, impliquant des centaines de militants de plusieurs nationalit\u00e9s, relance les tensions autour du blocus impos\u00e9 \u00e0 l\u2019enclave palestinienne.<\/strong><\/p>\n\n\n\n<h2 class=\"wp-block-heading\" id=\"h-une-interception-contestee-en-eaux-internationales\">Une interception contest\u00e9e en eaux internationales<\/h2>\n\n\n\n<p>Selon les organisateurs de la Global Sumud Flotilla, plusieurs navires militaires isra\u00e9liens ont encercl\u00e9 la flottille alors qu\u2019elle naviguait en eaux internationales.<\/p>\n\n\n\n<p>\u00ab Des navires militaires isra\u00e9liens ont ill\u00e9galement encercl\u00e9 la flottille [\u2026] et ont lanc\u00e9 des menaces d\u2019enl\u00e8vement et de recours \u00e0 la violence \u00bb, ont affirm\u00e9 les organisateurs.<\/p>\n\n\n\n<p>Le contact aurait \u00e9t\u00e9 perdu avec onze embarcations, tandis que des t\u00e9moignages \u00e9voquent l\u2019usage de lasers et d\u2019armes pour contraindre les passagers \u00e0 se regrouper \u00e0 bord.<\/p>\n\n\n\n<p>Les organisateurs \u00e9voquent 211 personnes intercept\u00e9es, dont 11 Fran\u00e7ais, issues de 48 d\u00e9l\u00e9gations. De son c\u00f4t\u00e9, le minist\u00e8re isra\u00e9lien des Affaires \u00e9trang\u00e8res affirme que la marine a intercept\u00e9 \u00ab environ 175 militants \u00bb provenant de plus de 20 bateaux.<\/p>\n\n\n\n<h2 class=\"wp-block-heading\" id=\"h-une-flottille-partie-de-plusieurs-ports-europeens\">Une flottille partie de plusieurs ports europ\u00e9ens<\/h2>\n\n\n\n<p>La flottille, compos\u00e9e de plus de cinquante bateaux, avait quitt\u00e9 ces derni\u00e8res semaines plusieurs ports europ\u00e9ens, notamment Marseille, Barcelone et Syracuse.<\/p>\n\n\n\n<p>Selon les organisateurs, les navires se trouvaient \u00e0 l\u2019ouest de la Cr\u00e8te au moment de leur interception.<\/p>\n\n\n\n<p>La bande de Gaza est soumise \u00e0 un blocus impos\u00e9 par Isra\u00ebl depuis 2007, dans un contexte de tensions persistantes avec le mouvement Hamas.<\/p>\n\n\n\n<p>Ce n\u2019est pas la premi\u00e8re op\u00e9ration de ce type. \u00c0 l\u2019automne 2025, une pr\u00e9c\u00e9dente flottille avait d\u00e9j\u00e0 \u00e9t\u00e9 intercept\u00e9e, suscitant de vives r\u00e9actions internationales, notamment de la part d\u2019organisations comme Amnesty International.<\/p>\n\n\n\n<p><\/p>\n\n\n\n<blockquote class=\"wp-block-quote is-layout-flow wp-block-quote-is-layout-flow\">\n<ul class=\"wp-block-list\">\n<li class=\"has-medium-font-size\"><strong>Lire aussi :<\/strong> <a href=\"https:\/\/www.webdo.tn\/fr\/actualite\/international\/flottille-mondiale-sumud-ben-gvir-reclame-la-prison-pour-les-activistes\/384858\/\">Flottille mondiale Sumud : Ben-Gvir r\u00e9clame la prison pour les activistes<\/a><\/li>\n<\/ul>\n<\/blockquote>\n","protected":false},"excerpt":{"rendered":"<p>Une nouvelle escalade s\u2019est produite en mer M\u00e9diterran\u00e9e autour de la bande de Gaza. La flottille humanitaire Global Sumud Flotilla a \u00e9t\u00e9 intercept\u00e9e jeudi 30 avril par la marine isra\u00e9lienne dans les eaux internationales. L\u2019incident, impliquant des centaines de militants de plusieurs nationalit\u00e9s, relance les tensions autour du blocus impos\u00e9 \u00e0 l\u2019enclave palestinienne. Une interception [&hellip;]<\/p>\n","protected":false},"author":4782,"featured_media":397113,"comment_status":"closed","ping_status":"closed","sticky":false,"template":"","format":"standard","meta":{"footnotes":""},"categories":[13163,2598],"tags":[2689,12515,2636],"class_list":["post-397112","post","type-post","status-publish","format-standard","has-post-thumbnail","hentry","category-epingle","category-international","tag-gaza","tag-global-sumud-flotilla","tag-israel"],"yoast_head":"<!-- This site is optimized with the Yoast SEO Premium plugin v27.5 (Yoast SEO v27.5) - https:\/\/yoast.com\/product\/yoast-seo-premium-wordpress\/ -->\n<title>Gaza : La flottille Global Sumud intercept\u00e9e, accusations de \u201ckidnapping\u201d contre Isra\u00ebl - webdo<\/title>\n<meta name=\"description\" content=\"Une escalade en M\u00e9diterran\u00e9e : la flottille Global Sumud a \u00e9t\u00e9 encercl\u00e9e par des navires militaires isra\u00e9liens. Apprenez-en plus.\" \/>\n<link rel=\"canonical\" href=\"https:\/\/www.webdo.tn\/fr\/actualite\/international\/gaza-la-flottille-global-sumud-interceptee-accusations-de-kidnapping-contre-israel\/397112\/\" \/>\n<meta property=\"og:locale\" content=\"fr_FR\" \/>\n<meta property=\"og:type\" content=\"article\" \/>\n<meta property=\"og:title\" content=\"Gaza : La flottille Global Sumud intercept\u00e9e, accusations de \u201ckidnapping\u201d contre Isra\u00ebl\" \/>\n<meta property=\"og:description\" content=\"Une escalade en M\u00e9diterran\u00e9e : la flottille Global Sumud a \u00e9t\u00e9 encercl\u00e9e par des navires militaires isra\u00e9liens. Apprenez-en plus.\" \/>\n<meta property=\"og:url\" content=\"https:\/\/www.webdo.tn\/fr\/actualite\/international\/gaza-la-flottille-global-sumud-interceptee-accusations-de-kidnapping-contre-israel\/397112\/\" \/>\n<meta property=\"og:site_name\" content=\"webdo\" \/>\n<meta property=\"article:publisher\" content=\"https:\/\/www.facebook.com\/webdotn\" \/>\n<meta property=\"article:published_time\" content=\"2026-04-30T11:15:19+00:00\" \/>\n<meta property=\"article:modified_time\" content=\"2026-04-30T11:15:20+00:00\" \/>\n<meta property=\"og:image\" content=\"https:\/\/www.webdo.tn\/fr\/wp-content\/uploads\/2026\/04\/Global-Sumud.jpg\" \/>\n\t<meta property=\"og:image:width\" content=\"1200\" \/>\n\t<meta property=\"og:image:height\" content=\"601\" \/>\n\t<meta property=\"og:image:type\" content=\"image\/jpeg\" \/>\n<meta name=\"author\" content=\"Mohamed Fethi\" \/>\n<meta name=\"twitter:card\" content=\"summary_large_image\" \/>\n<meta name=\"twitter:creator\" content=\"@webdo_tn\" \/>\n<meta name=\"twitter:site\" content=\"@webdo_tn\" \/>\n<meta name=\"twitter:label1\" content=\"\u00c9crit par\" \/>\n\t<meta name=\"twitter:data1\" content=\"Mohamed Fethi\" \/>\n\t<meta name=\"twitter:label2\" content=\"Dur\u00e9e de lecture estim\u00e9e\" \/>\n\t<meta name=\"twitter:data2\" content=\"2 minutes\" \/>\n<script type=\"application\/ld+json\" class=\"yoast-schema-graph\">{\"@context\":\"https:\\\/\\\/schema.org\",\"@graph\":[{\"@type\":\"NewsArticle\",\"@id\":\"https:\\\/\\\/www.webdo.tn\\\/fr\\\/actualite\\\/international\\\/gaza-la-flottille-global-sumud-interceptee-accusations-de-kidnapping-contre-israel\\\/397112\\\/#article\",\"isPartOf\":{\"@id\":\"https:\\\/\\\/www.webdo.tn\\\/fr\\\/actualite\\\/international\\\/gaza-la-flottille-global-sumud-interceptee-accusations-de-kidnapping-contre-israel\\\/397112\\\/\"},\"author\":{\"name\":\"Mohamed Fethi\",\"@id\":\"https:\\\/\\\/www.webdo.tn\\\/fr\\\/#\\\/schema\\\/person\\\/16a4857e77dfc0b610c4c2cadffc9ac4\"},\"headline\":\"Gaza : La flottille Global Sumud intercept\u00e9e, accusations de \u201ckidnapping\u201d contre Isra\u00ebl\",\"datePublished\":\"2026-04-30T11:15:19+00:00\",\"dateModified\":\"2026-04-30T11:15:20+00:00\",\"mainEntityOfPage\":{\"@id\":\"https:\\\/\\\/www.webdo.tn\\\/fr\\\/actualite\\\/international\\\/gaza-la-flottille-global-sumud-interceptee-accusations-de-kidnapping-contre-israel\\\/397112\\\/\"},\"wordCount\":325,\"publisher\":{\"@id\":\"https:\\\/\\\/www.webdo.tn\\\/fr\\\/#organization\"},\"image\":{\"@id\":\"https:\\\/\\\/www.webdo.tn\\\/fr\\\/actualite\\\/international\\\/gaza-la-flottille-global-sumud-interceptee-accusations-de-kidnapping-contre-israel\\\/397112\\\/#primaryimage\"},\"thumbnailUrl\":\"https:\\\/\\\/www.webdo.tn\\\/fr\\\/wp-content\\\/uploads\\\/2026\\\/04\\\/Global-Sumud.jpg\",\"keywords\":[\"Gaza\",\"Global Sumud Flotilla\",\"isra\u00ebl\"],\"articleSection\":[\"\u00c9pingle\",\"International\"],\"inLanguage\":\"fr-FR\"},{\"@type\":\"WebPage\",\"@id\":\"https:\\\/\\\/www.webdo.tn\\\/fr\\\/actualite\\\/international\\\/gaza-la-flottille-global-sumud-interceptee-accusations-de-kidnapping-contre-israel\\\/397112\\\/\",\"url\":\"https:\\\/\\\/www.webdo.tn\\\/fr\\\/actualite\\\/international\\\/gaza-la-flottille-global-sumud-interceptee-accusations-de-kidnapping-contre-israel\\\/397112\\\/\",\"name\":\"Gaza : La flottille Global Sumud intercept\u00e9e, accusations de \u201ckidnapping\u201d contre Isra\u00ebl - webdo\",\"isPartOf\":{\"@id\":\"https:\\\/\\\/www.webdo.tn\\\/fr\\\/#website\"},\"primaryImageOfPage\":{\"@id\":\"https:\\\/\\\/www.webdo.tn\\\/fr\\\/actualite\\\/international\\\/gaza-la-flottille-global-sumud-interceptee-accusations-de-kidnapping-contre-israel\\\/397112\\\/#primaryimage\"},\"image\":{\"@id\":\"https:\\\/\\\/www.webdo.tn\\\/fr\\\/actualite\\\/international\\\/gaza-la-flottille-global-sumud-interceptee-accusations-de-kidnapping-contre-israel\\\/397112\\\/#primaryimage\"},\"thumbnailUrl\":\"https:\\\/\\\/www.webdo.tn\\\/fr\\\/wp-content\\\/uploads\\\/2026\\\/04\\\/Global-Sumud.jpg\",\"datePublished\":\"2026-04-30T11:15:19+00:00\",\"dateModified\":\"2026-04-30T11:15:20+00:00\",\"description\":\"Une escalade en M\u00e9diterran\u00e9e : la flottille Global Sumud a \u00e9t\u00e9 encercl\u00e9e par des navires militaires isra\u00e9liens. Apprenez-en plus.\",\"breadcrumb\":{\"@id\":\"https:\\\/\\\/www.webdo.tn\\\/fr\\\/actualite\\\/international\\\/gaza-la-flottille-global-sumud-interceptee-accusations-de-kidnapping-contre-israel\\\/397112\\\/#breadcrumb\"},\"inLanguage\":\"fr-FR\",\"potentialAction\":[{\"@type\":\"ReadAction\",\"target\":[\"https:\\\/\\\/www.webdo.tn\\\/fr\\\/actualite\\\/international\\\/gaza-la-flottille-global-sumud-interceptee-accusations-de-kidnapping-contre-israel\\\/397112\\\/\"]}]},{\"@type\":\"ImageObject\",\"inLanguage\":\"fr-FR\",\"@id\":\"https:\\\/\\\/www.webdo.tn\\\/fr\\\/actualite\\\/international\\\/gaza-la-flottille-global-sumud-interceptee-accusations-de-kidnapping-contre-israel\\\/397112\\\/#primaryimage\",\"url\":\"https:\\\/\\\/www.webdo.tn\\\/fr\\\/wp-content\\\/uploads\\\/2026\\\/04\\\/Global-Sumud.jpg\",\"contentUrl\":\"https:\\\/\\\/www.webdo.tn\\\/fr\\\/wp-content\\\/uploads\\\/2026\\\/04\\\/Global-Sumud.jpg\",\"width\":1200,\"height\":601,\"caption\":\"Gaza : La flottille Global Sumud intercept\u00e9e, accusations de \u201ckidnapping\u201d contre Isra\u00ebl\"},{\"@type\":\"BreadcrumbList\",\"@id\":\"https:\\\/\\\/www.webdo.tn\\\/fr\\\/actualite\\\/international\\\/gaza-la-flottille-global-sumud-interceptee-accusations-de-kidnapping-contre-israel\\\/397112\\\/#breadcrumb\",\"itemListElement\":[{\"@type\":\"ListItem\",\"position\":1,\"name\":\"Accueil\",\"item\":\"https:\\\/\\\/www.webdo.tn\\\/fr\\\/\"},{\"@type\":\"ListItem\",\"position\":2,\"name\":\"Gaza : La flottille Global Sumud intercept\u00e9e, accusations de \u201ckidnapping\u201d contre Isra\u00ebl\"}]},{\"@type\":\"WebSite\",\"@id\":\"https:\\\/\\\/www.webdo.tn\\\/fr\\\/#website\",\"url\":\"https:\\\/\\\/www.webdo.tn\\\/fr\\\/\",\"name\":\"webdo\",\"description\":\"Tunisie - News en Tunisie et \u00e0 l&#039;international sur Webdo.tn\",\"publisher\":{\"@id\":\"https:\\\/\\\/www.webdo.tn\\\/fr\\\/#organization\"},\"potentialAction\":[{\"@type\":\"SearchAction\",\"target\":{\"@type\":\"EntryPoint\",\"urlTemplate\":\"https:\\\/\\\/www.webdo.tn\\\/fr\\\/?s={search_term_string}\"},\"query-input\":{\"@type\":\"PropertyValueSpecification\",\"valueRequired\":true,\"valueName\":\"search_term_string\"}}],\"inLanguage\":\"fr-FR\"},{\"@type\":\"Organization\",\"@id\":\"https:\\\/\\\/www.webdo.tn\\\/fr\\\/#organization\",\"name\":\"Webdo\",\"alternateName\":\"Webdo.tn\",\"url\":\"https:\\\/\\\/www.webdo.tn\\\/fr\\\/\",\"logo\":{\"@type\":\"ImageObject\",\"inLanguage\":\"fr-FR\",\"@id\":\"https:\\\/\\\/www.webdo.tn\\\/fr\\\/#\\\/schema\\\/logo\\\/image\\\/\",\"url\":\"https:\\\/\\\/www.webdo.tn\\\/fr\\\/wp-content\\\/uploads\\\/2025\\\/06\\\/Webdo-Tunisie_168377.jpg\",\"contentUrl\":\"https:\\\/\\\/www.webdo.tn\\\/fr\\\/wp-content\\\/uploads\\\/2025\\\/06\\\/Webdo-Tunisie_168377.jpg\",\"width\":301,\"height\":301,\"caption\":\"Webdo\"},\"image\":{\"@id\":\"https:\\\/\\\/www.webdo.tn\\\/fr\\\/#\\\/schema\\\/logo\\\/image\\\/\"},\"sameAs\":[\"https:\\\/\\\/www.facebook.com\\\/webdotn\",\"https:\\\/\\\/x.com\\\/webdo_tn\"],\"description\":\"Webdo est un m\u00e9dia num\u00e9rique tunisien fond\u00e9 en 2010, sp\u00e9cialis\u00e9 dans l\u2019actualit\u00e9 nationale et internationale, l\u2019\u00e9conomie, la soci\u00e9t\u00e9 et les analyses politiques. Le site s\u2019adresse \u00e0 un large public francophone et couvre l\u2019information tunisienne en temps r\u00e9el.\",\"email\":\"redac@webdo.tn\",\"legalName\":\"YNJ SARL\",\"foundingDate\":\"2010-09-06\",\"numberOfEmployees\":{\"@type\":\"QuantitativeValue\",\"minValue\":\"11\",\"maxValue\":\"50\"}},{\"@type\":\"Person\",\"@id\":\"https:\\\/\\\/www.webdo.tn\\\/fr\\\/#\\\/schema\\\/person\\\/16a4857e77dfc0b610c4c2cadffc9ac4\",\"name\":\"Mohamed Fethi\",\"image\":{\"@type\":\"ImageObject\",\"inLanguage\":\"fr-FR\",\"@id\":\"https:\\\/\\\/www.webdo.tn\\\/fr\\\/wp-content\\\/uploads\\\/2026\\\/04\\\/mohamed-fethi_avatar_1-96x96.jpg\",\"url\":\"https:\\\/\\\/www.webdo.tn\\\/fr\\\/wp-content\\\/uploads\\\/2026\\\/04\\\/mohamed-fethi_avatar_1-96x96.jpg\",\"contentUrl\":\"https:\\\/\\\/www.webdo.tn\\\/fr\\\/wp-content\\\/uploads\\\/2026\\\/04\\\/mohamed-fethi_avatar_1-96x96.jpg\",\"caption\":\"Mohamed Fethi\"},\"description\":\"Signature \u00e9ditoriale de Maher Chaabane Mohamed Fethi est le pseudonyme \u00e9ditorial de Maher Chaabane, r\u00e9dacteur en chef de Webdo.tn depuis 2012. Cette signature est d\u00e9di\u00e9e au traitement intensif de l'actualit\u00e9 nationale et internationale en temps r\u00e9el. S'appuyant sur les deux d\u00e9cennies d'expertise journalistique de Maher Chaabane \u2014 d\u00e9but\u00e9e au sein du groupe Tunis Hebdo en 2000 \u2014 Mohamed Fethi assure une veille rigoureuse sur les enjeux politiques, \u00e9conomiques et sportifs. Sa mission est de garantir une information structur\u00e9e, fluide et fid\u00e8le aux standards de la r\u00e9daction. Pour consulter le parcours complet du r\u00e9dacteur en chef, visitez le profil officiel de Maher Chaabane.\",\"knowsAbout\":[\"actualit\u00e9\",\"journalisme\",\"information\",\"politique\",\"sport\",\"m\u00e9dias\",\"actualit\u00e9 internationale\"],\"knowsLanguage\":[\"Fran\u00e7ais\",\"Arabe\"],\"jobTitle\":\"Journaliste \u2013 R\u00e9daction Webdo\",\"worksFor\":\"Webdo.tn\",\"url\":\"https:\\\/\\\/www.webdo.tn\\\/fr\\\/actualite\\\/author\\\/mohamed-fethi\\\/\"}]}<\/script>\n<!-- \/ Yoast SEO Premium plugin. -->","yoast_head_json":{"title":"Gaza : La flottille Global Sumud intercept\u00e9e, accusations de \u201ckidnapping\u201d contre Isra\u00ebl - webdo","description":"Une escalade en M\u00e9diterran\u00e9e : la flottille Global Sumud a \u00e9t\u00e9 encercl\u00e9e par des navires militaires isra\u00e9liens. Apprenez-en plus.","canonical":"https:\/\/www.webdo.tn\/fr\/actualite\/international\/gaza-la-flottille-global-sumud-interceptee-accusations-de-kidnapping-contre-israel\/397112\/","og_locale":"fr_FR","og_type":"article","og_title":"Gaza : La flottille Global Sumud intercept\u00e9e, accusations de \u201ckidnapping\u201d contre Isra\u00ebl","og_description":"Une escalade en M\u00e9diterran\u00e9e : la flottille Global Sumud a \u00e9t\u00e9 encercl\u00e9e par des navires militaires isra\u00e9liens. Apprenez-en plus.","og_url":"https:\/\/www.webdo.tn\/fr\/actualite\/international\/gaza-la-flottille-global-sumud-interceptee-accusations-de-kidnapping-contre-israel\/397112\/","og_site_name":"webdo","article_publisher":"https:\/\/www.facebook.com\/webdotn","article_published_time":"2026-04-30T11:15:19+00:00","article_modified_time":"2026-04-30T11:15:20+00:00","og_image":[{"width":1200,"height":601,"url":"https:\/\/www.webdo.tn\/fr\/wp-content\/uploads\/2026\/04\/Global-Sumud.jpg","type":"image\/jpeg"}],"author":"Mohamed Fethi","twitter_card":"summary_large_image","twitter_creator":"@webdo_tn","twitter_site":"@webdo_tn","twitter_misc":{"\u00c9crit par":"Mohamed Fethi","Dur\u00e9e de lecture estim\u00e9e":"2 minutes"},"schema":{"@context":"https:\/\/schema.org","@graph":[{"@type":"NewsArticle","@id":"https:\/\/www.webdo.tn\/fr\/actualite\/international\/gaza-la-flottille-global-sumud-interceptee-accusations-de-kidnapping-contre-israel\/397112\/#article","isPartOf":{"@id":"https:\/\/www.webdo.tn\/fr\/actualite\/international\/gaza-la-flottille-global-sumud-interceptee-accusations-de-kidnapping-contre-israel\/397112\/"},"author":{"name":"Mohamed Fethi","@id":"https:\/\/www.webdo.tn\/fr\/#\/schema\/person\/16a4857e77dfc0b610c4c2cadffc9ac4"},"headline":"Gaza : La flottille Global Sumud intercept\u00e9e, accusations de \u201ckidnapping\u201d contre Isra\u00ebl","datePublished":"2026-04-30T11:15:19+00:00","dateModified":"2026-04-30T11:15:20+00:00","mainEntityOfPage":{"@id":"https:\/\/www.webdo.tn\/fr\/actualite\/international\/gaza-la-flottille-global-sumud-interceptee-accusations-de-kidnapping-contre-israel\/397112\/"},"wordCount":325,"publisher":{"@id":"https:\/\/www.webdo.tn\/fr\/#organization"},"image":{"@id":"https:\/\/www.webdo.tn\/fr\/actualite\/international\/gaza-la-flottille-global-sumud-interceptee-accusations-de-kidnapping-contre-israel\/397112\/#primaryimage"},"thumbnailUrl":"https:\/\/www.webdo.tn\/fr\/wp-content\/uploads\/2026\/04\/Global-Sumud.jpg","keywords":["Gaza","Global Sumud Flotilla","isra\u00ebl"],"articleSection":["\u00c9pingle","International"],"inLanguage":"fr-FR"},{"@type":"WebPage","@id":"https:\/\/www.webdo.tn\/fr\/actualite\/international\/gaza-la-flottille-global-sumud-interceptee-accusations-de-kidnapping-contre-israel\/397112\/","url":"https:\/\/www.webdo.tn\/fr\/actualite\/international\/gaza-la-flottille-global-sumud-interceptee-accusations-de-kidnapping-contre-israel\/397112\/","name":"Gaza : La flottille Global Sumud intercept\u00e9e, accusations de \u201ckidnapping\u201d contre Isra\u00ebl - webdo","isPartOf":{"@id":"https:\/\/www.webdo.tn\/fr\/#website"},"primaryImageOfPage":{"@id":"https:\/\/www.webdo.tn\/fr\/actualite\/international\/gaza-la-flottille-global-sumud-interceptee-accusations-de-kidnapping-contre-israel\/397112\/#primaryimage"},"image":{"@id":"https:\/\/www.webdo.tn\/fr\/actualite\/international\/gaza-la-flottille-global-sumud-interceptee-accusations-de-kidnapping-contre-israel\/397112\/#primaryimage"},"thumbnailUrl":"https:\/\/www.webdo.tn\/fr\/wp-content\/uploads\/2026\/04\/Global-Sumud.jpg","datePublished":"2026-04-30T11:15:19+00:00","dateModified":"2026-04-30T11:15:20+00:00","description":"Une escalade en M\u00e9diterran\u00e9e : la flottille Global Sumud a \u00e9t\u00e9 encercl\u00e9e par des navires militaires isra\u00e9liens. Apprenez-en plus.","breadcrumb":{"@id":"https:\/\/www.webdo.tn\/fr\/actualite\/international\/gaza-la-flottille-global-sumud-interceptee-accusations-de-kidnapping-contre-israel\/397112\/#breadcrumb"},"inLanguage":"fr-FR","potentialAction":[{"@type":"ReadAction","target":["https:\/\/www.webdo.tn\/fr\/actualite\/international\/gaza-la-flottille-global-sumud-interceptee-accusations-de-kidnapping-contre-israel\/397112\/"]}]},{"@type":"ImageObject","inLanguage":"fr-FR","@id":"https:\/\/www.webdo.tn\/fr\/actualite\/international\/gaza-la-flottille-global-sumud-interceptee-accusations-de-kidnapping-contre-israel\/397112\/#primaryimage","url":"https:\/\/www.webdo.tn\/fr\/wp-content\/uploads\/2026\/04\/Global-Sumud.jpg","contentUrl":"https:\/\/www.webdo.tn\/fr\/wp-content\/uploads\/2026\/04\/Global-Sumud.jpg","width":1200,"height":601,"caption":"Gaza : La flottille Global Sumud intercept\u00e9e, accusations de \u201ckidnapping\u201d contre Isra\u00ebl"},{"@type":"BreadcrumbList","@id":"https:\/\/www.webdo.tn\/fr\/actualite\/international\/gaza-la-flottille-global-sumud-interceptee-accusations-de-kidnapping-contre-israel\/397112\/#breadcrumb","itemListElement":[{"@type":"ListItem","position":1,"name":"Accueil","item":"https:\/\/www.webdo.tn\/fr\/"},{"@type":"ListItem","position":2,"name":"Gaza : La flottille Global Sumud intercept\u00e9e, accusations de \u201ckidnapping\u201d contre Isra\u00ebl"}]},{"@type":"WebSite","@id":"https:\/\/www.webdo.tn\/fr\/#website","url":"https:\/\/www.webdo.tn\/fr\/","name":"webdo","description":"Tunisie - News en Tunisie et \u00e0 l&#039;international sur Webdo.tn","publisher":{"@id":"https:\/\/www.webdo.tn\/fr\/#organization"},"potentialAction":[{"@type":"SearchAction","target":{"@type":"EntryPoint","urlTemplate":"https:\/\/www.webdo.tn\/fr\/?s={search_term_string}"},"query-input":{"@type":"PropertyValueSpecification","valueRequired":true,"valueName":"search_term_string"}}],"inLanguage":"fr-FR"},{"@type":"Organization","@id":"https:\/\/www.webdo.tn\/fr\/#organization","name":"Webdo","alternateName":"Webdo.tn","url":"https:\/\/www.webdo.tn\/fr\/","logo":{"@type":"ImageObject","inLanguage":"fr-FR","@id":"https:\/\/www.webdo.tn\/fr\/#\/schema\/logo\/image\/","url":"https:\/\/www.webdo.tn\/fr\/wp-content\/uploads\/2025\/06\/Webdo-Tunisie_168377.jpg","contentUrl":"https:\/\/www.webdo.tn\/fr\/wp-content\/uploads\/2025\/06\/Webdo-Tunisie_168377.jpg","width":301,"height":301,"caption":"Webdo"},"image":{"@id":"https:\/\/www.webdo.tn\/fr\/#\/schema\/logo\/image\/"},"sameAs":["https:\/\/www.facebook.com\/webdotn","https:\/\/x.com\/webdo_tn"],"description":"Webdo est un m\u00e9dia num\u00e9rique tunisien fond\u00e9 en 2010, sp\u00e9cialis\u00e9 dans l\u2019actualit\u00e9 nationale et internationale, l\u2019\u00e9conomie, la soci\u00e9t\u00e9 et les analyses politiques. Le site s\u2019adresse \u00e0 un large public francophone et couvre l\u2019information tunisienne en temps r\u00e9el.","email":"redac@webdo.tn","legalName":"YNJ SARL","foundingDate":"2010-09-06","numberOfEmployees":{"@type":"QuantitativeValue","minValue":"11","maxValue":"50"}},{"@type":"Person","@id":"https:\/\/www.webdo.tn\/fr\/#\/schema\/person\/16a4857e77dfc0b610c4c2cadffc9ac4","name":"Mohamed Fethi","image":{"@type":"ImageObject","inLanguage":"fr-FR","@id":"https:\/\/www.webdo.tn\/fr\/wp-content\/uploads\/2026\/04\/mohamed-fethi_avatar_1-96x96.jpg","url":"https:\/\/www.webdo.tn\/fr\/wp-content\/uploads\/2026\/04\/mohamed-fethi_avatar_1-96x96.jpg","contentUrl":"https:\/\/www.webdo.tn\/fr\/wp-content\/uploads\/2026\/04\/mohamed-fethi_avatar_1-96x96.jpg","caption":"Mohamed Fethi"},"description":"Signature \u00e9ditoriale de Maher Chaabane Mohamed Fethi est le pseudonyme \u00e9ditorial de Maher Chaabane, r\u00e9dacteur en chef de Webdo.tn depuis 2012. Cette signature est d\u00e9di\u00e9e au traitement intensif de l'actualit\u00e9 nationale et internationale en temps r\u00e9el. S'appuyant sur les deux d\u00e9cennies d'expertise journalistique de Maher Chaabane \u2014 d\u00e9but\u00e9e au sein du groupe Tunis Hebdo en 2000 \u2014 Mohamed Fethi assure une veille rigoureuse sur les enjeux politiques, \u00e9conomiques et sportifs. Sa mission est de garantir une information structur\u00e9e, fluide et fid\u00e8le aux standards de la r\u00e9daction. Pour consulter le parcours complet du r\u00e9dacteur en chef, visitez le profil officiel de Maher Chaabane.","knowsAbout":["actualit\u00e9","journalisme","information","politique","sport","m\u00e9dias","actualit\u00e9 internationale"],"knowsLanguage":["Fran\u00e7ais","Arabe"],"jobTitle":"Journaliste \u2013 R\u00e9daction Webdo","worksFor":"Webdo.tn","url":"https:\/\/www.webdo.tn\/fr\/actualite\/author\/mohamed-fethi\/"}]}},"_links":{"self":[{"href":"https:\/\/www.webdo.tn\/fr\/wp-json\/wp\/v2\/posts\/397112","targetHints":{"allow":["GET"]}}],"collection":[{"href":"https:\/\/www.webdo.tn\/fr\/wp-json\/wp\/v2\/posts"}],"about":[{"href":"https:\/\/www.webdo.tn\/fr\/wp-json\/wp\/v2\/types\/post"}],"author":[{"embeddable":true,"href":"https:\/\/www.webdo.tn\/fr\/wp-json\/wp\/v2\/users\/4782"}],"replies":[{"embeddable":true,"href":"https:\/\/www.webdo.tn\/fr\/wp-json\/wp\/v2\/comments?post=397112"}],"version-history":[{"count":1,"href":"https:\/\/www.webdo.tn\/fr\/wp-json\/wp\/v2\/posts\/397112\/revisions"}],"predecessor-version":[{"id":397114,"href":"https:\/\/www.webdo.tn\/fr\/wp-json\/wp\/v2\/posts\/397112\/revisions\/397114"}],"wp:featuredmedia":[{"embeddable":true,"href":"https:\/\/www.webdo.tn\/fr\/wp-json\/wp\/v2\/media\/397113"}],"wp:attachment":[{"href":"https:\/\/www.webdo.tn\/fr\/wp-json\/wp\/v2\/media?parent=397112"}],"wp:term":[{"taxonomy":"category","embeddable":true,"href":"https:\/\/www.webdo.tn\/fr\/wp-json\/wp\/v2\/categories?post=397112"},{"taxonomy":"post_tag","embeddable":true,"href":"https:\/\/www.webdo.tn\/fr\/wp-json\/wp\/v2\/tags?post=397112"}],"curies":[{"name":"wp","href":"https:\/\/api.w.org\/{rel}","templated":true}]}}