{"id":397107,"date":"2026-04-30T11:54:10","date_gmt":"2026-04-30T10:54:10","guid":{"rendered":"https:\/\/www.webdo.tn\/fr\/?p=397107"},"modified":"2026-04-30T11:54:11","modified_gmt":"2026-04-30T10:54:11","slug":"france-un-bus-chute-dans-la-seine-apres-une-collision","status":"publish","type":"post","link":"https:\/\/www.webdo.tn\/fr\/actualite\/international\/france-un-bus-chute-dans-la-seine-apres-une-collision\/397107\/","title":{"rendered":"France : Un bus chute dans la Seine apr\u00e8s une collision"},"content":{"rendered":"\n<p><strong>Un accident spectaculaire s\u2019est produit jeudi matin \u00e0 Paris, lorsqu\u2019un bus a quitt\u00e9 sa trajectoire avant de plonger dans la Seine. L\u2019incident, survenu \u00e0 Juvisy-sur-Orge, a mobilis\u00e9 d\u2019importants moyens de secours. Quatre personnes ont \u00e9t\u00e9 prises en charge et une enqu\u00eate a \u00e9t\u00e9 ouverte pour d\u00e9terminer les circonstances exactes.<\/strong><\/p>\n\n\n\n<h2 class=\"wp-block-heading\" id=\"h-un-accident-brutal-aux-circonstances-floues\">Un accident brutal aux circonstances floues<\/h2>\n\n\n\n<p>Selon le parquet d\u2019\u00c9vry, le bus circulait normalement avant de d\u00e9vier de sa trajectoire pour des raisons encore ind\u00e9termin\u00e9es. Le v\u00e9hicule a d\u2019abord percut\u00e9 une voiture en stationnement le long d\u2019un quai avant de finir sa course dans le fleuve.<\/p>\n\n\n\n<p>La violence du choc a entra\u00een\u00e9 la chute du bus dans la Seine, o\u00f9 il s\u2019est retrouv\u00e9 enti\u00e8rement immerg\u00e9, tout comme le v\u00e9hicule heurt\u00e9.<\/p>\n\n\n\n<h2 class=\"wp-block-heading\" id=\"h-quatre-personnes-secourues-dispositif-massif-deploye\">Quatre personnes secourues, dispositif massif d\u00e9ploy\u00e9<\/h2>\n\n\n\n<p>Le conducteur et trois autres personnes se trouvaient \u00e0 bord du bus au moment de l\u2019accident. Tous ont \u00e9t\u00e9 secourus par les \u00e9quipes d\u2019intervention, sans qu\u2019un bilan d\u00e9finitif de leur \u00e9tat de sant\u00e9 ne soit encore communiqu\u00e9.<\/p>\n\n\n\n<p>D\u2019importants moyens ont \u00e9t\u00e9 mobilis\u00e9s : embarcations de secours, drone et h\u00e9licopt\u00e8re ont \u00e9t\u00e9 d\u00e9ploy\u00e9s pour s\u00e9curiser la zone et faciliter les op\u00e9rations.<\/p>\n\n\n\n<p>Selon des sources syndicales, le bus \u00e9tait utilis\u00e9 dans le cadre d\u2019une formation, ce qui expliquerait le nombre limit\u00e9 de passagers.<\/p>\n\n\n\n<p><\/p>\n\n\n<div class=\"wp-block-image\">\n<figure class=\"aligncenter size-full\"><img decoding=\"async\" width=\"841\" height=\"804\" src=\"https:\/\/www.webdo.tn\/fr\/wp-content\/uploads\/2026\/04\/Bus-Seine-3.jpg\" alt=\"\" class=\"wp-image-397108\" srcset=\"https:\/\/www.webdo.tn\/fr\/wp-content\/uploads\/2026\/04\/Bus-Seine-3.jpg 841w, https:\/\/www.webdo.tn\/fr\/wp-content\/uploads\/2026\/04\/Bus-Seine-3-300x287.jpg 300w, https:\/\/www.webdo.tn\/fr\/wp-content\/uploads\/2026\/04\/Bus-Seine-3-768x734.jpg 768w, https:\/\/www.webdo.tn\/fr\/wp-content\/uploads\/2026\/04\/Bus-Seine-3-750x717.jpg 750w\" sizes=\"(max-width: 841px) 100vw, 841px\" \/><\/figure>\n<\/div>\n\n\n<p><\/p>\n\n\n\n<h2 class=\"wp-block-heading\" id=\"h-une-enquete-ouverte-pour-blessures-involontaires\">Une enqu\u00eate ouverte pour blessures involontaires<\/h2>\n\n\n\n<p>Le parquet a ouvert une enqu\u00eate pour blessures involontaires par conducteur de v\u00e9hicule, confi\u00e9e aux services de police. Les investigations devront \u00e9tablir les causes exactes de la perte de contr\u00f4le du bus.<\/p>\n\n\n\n<p>La pr\u00e9fecture a indiqu\u00e9 que le bilan restait en cours de consolidation, alors que les op\u00e9rations se poursuivaient encore en fin de matin\u00e9e.<\/p>\n\n\n\n<p><\/p>\n\n\n<div class=\"wp-block-image\">\n<figure class=\"aligncenter size-large\"><img decoding=\"async\" width=\"1024\" height=\"597\" src=\"https:\/\/www.webdo.tn\/fr\/wp-content\/uploads\/2026\/04\/Bus-Seine-2-1024x597.jpg\" alt=\"\" class=\"wp-image-397109\" srcset=\"https:\/\/www.webdo.tn\/fr\/wp-content\/uploads\/2026\/04\/Bus-Seine-2-1024x597.jpg 1024w, https:\/\/www.webdo.tn\/fr\/wp-content\/uploads\/2026\/04\/Bus-Seine-2-300x175.jpg 300w, https:\/\/www.webdo.tn\/fr\/wp-content\/uploads\/2026\/04\/Bus-Seine-2-768x448.jpg 768w, https:\/\/www.webdo.tn\/fr\/wp-content\/uploads\/2026\/04\/Bus-Seine-2-750x438.jpg 750w, https:\/\/www.webdo.tn\/fr\/wp-content\/uploads\/2026\/04\/Bus-Seine-2.jpg 1133w\" sizes=\"(max-width: 1024px) 100vw, 1024px\" \/><\/figure>\n<\/div>\n\n\n<p><\/p>\n\n\n\n<blockquote class=\"wp-block-quote is-layout-flow wp-block-quote-is-layout-flow\">\n<ul class=\"wp-block-list\">\n<li class=\"has-medium-font-size\"><strong>Lire aussi :<\/strong> <a href=\"https:\/\/www.webdo.tn\/fr\/actualite\/international\/algerie-en-deuil-apres-la-tragedie-dun-bus-dans-oued-el-harrach\/381528\/\">Alg\u00e9rie en deuil apr\u00e8s la trag\u00e9die d\u2019un bus dans Oued El Harrach<\/a><\/li>\n<\/ul>\n<\/blockquote>\n","protected":false},"excerpt":{"rendered":"<p>Un accident spectaculaire s\u2019est produit jeudi matin \u00e0 Paris, lorsqu\u2019un bus a quitt\u00e9 sa trajectoire avant de plonger dans la Seine. L\u2019incident, survenu \u00e0 Juvisy-sur-Orge, a mobilis\u00e9 d\u2019importants moyens de secours. Quatre personnes ont \u00e9t\u00e9 prises en charge et une enqu\u00eate a \u00e9t\u00e9 ouverte pour d\u00e9terminer les circonstances exactes. Un accident brutal aux circonstances floues [&hellip;]<\/p>\n","protected":false},"author":4782,"featured_media":397110,"comment_status":"closed","ping_status":"closed","sticky":false,"template":"","format":"standard","meta":{"footnotes":""},"categories":[2598],"tags":[3915,3403,2998,6085],"class_list":["post-397107","post","type-post","status-publish","format-standard","has-post-thumbnail","hentry","category-international","tag-accident","tag-bus","tag-france","tag-seine"],"yoast_head":"<!-- This site is optimized with the Yoast SEO Premium plugin v27.5 (Yoast SEO v27.5) - https:\/\/yoast.com\/product\/yoast-seo-premium-wordpress\/ -->\n<title>France : Un bus chute dans la Seine apr\u00e8s une collision - webdo<\/title>\n<meta name=\"description\" content=\"D\u00e9couvrez les d\u00e9tails de l&#039;accident lorsqu&#039;un bus chute dans la Seine \u00e0 Juvisy-sur-Orge. Quatre personnes prises en charge.\" \/>\n<link rel=\"canonical\" href=\"https:\/\/www.webdo.tn\/fr\/actualite\/international\/france-un-bus-chute-dans-la-seine-apres-une-collision\/397107\/\" \/>\n<meta property=\"og:locale\" content=\"fr_FR\" \/>\n<meta property=\"og:type\" content=\"article\" \/>\n<meta property=\"og:title\" content=\"France : Un bus chute dans la Seine apr\u00e8s une collision\" \/>\n<meta property=\"og:description\" content=\"D\u00e9couvrez les d\u00e9tails de l&#039;accident lorsqu&#039;un bus chute dans la Seine \u00e0 Juvisy-sur-Orge. Quatre personnes prises en charge.\" \/>\n<meta property=\"og:url\" content=\"https:\/\/www.webdo.tn\/fr\/actualite\/international\/france-un-bus-chute-dans-la-seine-apres-une-collision\/397107\/\" \/>\n<meta property=\"og:site_name\" content=\"webdo\" \/>\n<meta property=\"article:publisher\" content=\"https:\/\/www.facebook.com\/webdotn\" \/>\n<meta property=\"article:published_time\" content=\"2026-04-30T10:54:10+00:00\" \/>\n<meta property=\"article:modified_time\" content=\"2026-04-30T10:54:11+00:00\" \/>\n<meta property=\"og:image\" content=\"https:\/\/www.webdo.tn\/fr\/wp-content\/uploads\/2026\/04\/Bus-Seine-1.jpg\" \/>\n\t<meta property=\"og:image:width\" content=\"1200\" \/>\n\t<meta property=\"og:image:height\" content=\"600\" \/>\n\t<meta property=\"og:image:type\" content=\"image\/jpeg\" \/>\n<meta name=\"author\" content=\"Mohamed Fethi\" \/>\n<meta name=\"twitter:card\" content=\"summary_large_image\" \/>\n<meta name=\"twitter:creator\" content=\"@webdo_tn\" \/>\n<meta name=\"twitter:site\" content=\"@webdo_tn\" \/>\n<meta name=\"twitter:label1\" content=\"\u00c9crit par\" \/>\n\t<meta name=\"twitter:data1\" content=\"Mohamed Fethi\" \/>\n\t<meta name=\"twitter:label2\" content=\"Dur\u00e9e de lecture estim\u00e9e\" \/>\n\t<meta name=\"twitter:data2\" content=\"2 minutes\" \/>\n<script type=\"application\/ld+json\" class=\"yoast-schema-graph\">{\"@context\":\"https:\\\/\\\/schema.org\",\"@graph\":[{\"@type\":\"NewsArticle\",\"@id\":\"https:\\\/\\\/www.webdo.tn\\\/fr\\\/actualite\\\/international\\\/france-un-bus-chute-dans-la-seine-apres-une-collision\\\/397107\\\/#article\",\"isPartOf\":{\"@id\":\"https:\\\/\\\/www.webdo.tn\\\/fr\\\/actualite\\\/international\\\/france-un-bus-chute-dans-la-seine-apres-une-collision\\\/397107\\\/\"},\"author\":{\"name\":\"Mohamed Fethi\",\"@id\":\"https:\\\/\\\/www.webdo.tn\\\/fr\\\/#\\\/schema\\\/person\\\/16a4857e77dfc0b610c4c2cadffc9ac4\"},\"headline\":\"France : Un bus chute dans la Seine apr\u00e8s une collision\",\"datePublished\":\"2026-04-30T10:54:10+00:00\",\"dateModified\":\"2026-04-30T10:54:11+00:00\",\"mainEntityOfPage\":{\"@id\":\"https:\\\/\\\/www.webdo.tn\\\/fr\\\/actualite\\\/international\\\/france-un-bus-chute-dans-la-seine-apres-une-collision\\\/397107\\\/\"},\"wordCount\":331,\"publisher\":{\"@id\":\"https:\\\/\\\/www.webdo.tn\\\/fr\\\/#organization\"},\"image\":{\"@id\":\"https:\\\/\\\/www.webdo.tn\\\/fr\\\/actualite\\\/international\\\/france-un-bus-chute-dans-la-seine-apres-une-collision\\\/397107\\\/#primaryimage\"},\"thumbnailUrl\":\"https:\\\/\\\/www.webdo.tn\\\/fr\\\/wp-content\\\/uploads\\\/2026\\\/04\\\/Bus-Seine-1.jpg\",\"keywords\":[\"accident\",\"Bus\",\"france\",\"Seine\"],\"articleSection\":[\"International\"],\"inLanguage\":\"fr-FR\"},{\"@type\":\"WebPage\",\"@id\":\"https:\\\/\\\/www.webdo.tn\\\/fr\\\/actualite\\\/international\\\/france-un-bus-chute-dans-la-seine-apres-une-collision\\\/397107\\\/\",\"url\":\"https:\\\/\\\/www.webdo.tn\\\/fr\\\/actualite\\\/international\\\/france-un-bus-chute-dans-la-seine-apres-une-collision\\\/397107\\\/\",\"name\":\"France : Un bus chute dans la Seine apr\u00e8s une collision - webdo\",\"isPartOf\":{\"@id\":\"https:\\\/\\\/www.webdo.tn\\\/fr\\\/#website\"},\"primaryImageOfPage\":{\"@id\":\"https:\\\/\\\/www.webdo.tn\\\/fr\\\/actualite\\\/international\\\/france-un-bus-chute-dans-la-seine-apres-une-collision\\\/397107\\\/#primaryimage\"},\"image\":{\"@id\":\"https:\\\/\\\/www.webdo.tn\\\/fr\\\/actualite\\\/international\\\/france-un-bus-chute-dans-la-seine-apres-une-collision\\\/397107\\\/#primaryimage\"},\"thumbnailUrl\":\"https:\\\/\\\/www.webdo.tn\\\/fr\\\/wp-content\\\/uploads\\\/2026\\\/04\\\/Bus-Seine-1.jpg\",\"datePublished\":\"2026-04-30T10:54:10+00:00\",\"dateModified\":\"2026-04-30T10:54:11+00:00\",\"description\":\"D\u00e9couvrez les d\u00e9tails de l'accident lorsqu'un bus chute dans la Seine \u00e0 Juvisy-sur-Orge. Quatre personnes prises en charge.\",\"breadcrumb\":{\"@id\":\"https:\\\/\\\/www.webdo.tn\\\/fr\\\/actualite\\\/international\\\/france-un-bus-chute-dans-la-seine-apres-une-collision\\\/397107\\\/#breadcrumb\"},\"inLanguage\":\"fr-FR\",\"potentialAction\":[{\"@type\":\"ReadAction\",\"target\":[\"https:\\\/\\\/www.webdo.tn\\\/fr\\\/actualite\\\/international\\\/france-un-bus-chute-dans-la-seine-apres-une-collision\\\/397107\\\/\"]}]},{\"@type\":\"ImageObject\",\"inLanguage\":\"fr-FR\",\"@id\":\"https:\\\/\\\/www.webdo.tn\\\/fr\\\/actualite\\\/international\\\/france-un-bus-chute-dans-la-seine-apres-une-collision\\\/397107\\\/#primaryimage\",\"url\":\"https:\\\/\\\/www.webdo.tn\\\/fr\\\/wp-content\\\/uploads\\\/2026\\\/04\\\/Bus-Seine-1.jpg\",\"contentUrl\":\"https:\\\/\\\/www.webdo.tn\\\/fr\\\/wp-content\\\/uploads\\\/2026\\\/04\\\/Bus-Seine-1.jpg\",\"width\":1200,\"height\":600,\"caption\":\"France : Un bus chute dans la Seine apr\u00e8s une collision\"},{\"@type\":\"BreadcrumbList\",\"@id\":\"https:\\\/\\\/www.webdo.tn\\\/fr\\\/actualite\\\/international\\\/france-un-bus-chute-dans-la-seine-apres-une-collision\\\/397107\\\/#breadcrumb\",\"itemListElement\":[{\"@type\":\"ListItem\",\"position\":1,\"name\":\"Accueil\",\"item\":\"https:\\\/\\\/www.webdo.tn\\\/fr\\\/\"},{\"@type\":\"ListItem\",\"position\":2,\"name\":\"France : Un bus chute dans la Seine apr\u00e8s une collision\"}]},{\"@type\":\"WebSite\",\"@id\":\"https:\\\/\\\/www.webdo.tn\\\/fr\\\/#website\",\"url\":\"https:\\\/\\\/www.webdo.tn\\\/fr\\\/\",\"name\":\"webdo\",\"description\":\"Tunisie - News en Tunisie et \u00e0 l&#039;international sur Webdo.tn\",\"publisher\":{\"@id\":\"https:\\\/\\\/www.webdo.tn\\\/fr\\\/#organization\"},\"potentialAction\":[{\"@type\":\"SearchAction\",\"target\":{\"@type\":\"EntryPoint\",\"urlTemplate\":\"https:\\\/\\\/www.webdo.tn\\\/fr\\\/?s={search_term_string}\"},\"query-input\":{\"@type\":\"PropertyValueSpecification\",\"valueRequired\":true,\"valueName\":\"search_term_string\"}}],\"inLanguage\":\"fr-FR\"},{\"@type\":\"Organization\",\"@id\":\"https:\\\/\\\/www.webdo.tn\\\/fr\\\/#organization\",\"name\":\"Webdo\",\"alternateName\":\"Webdo.tn\",\"url\":\"https:\\\/\\\/www.webdo.tn\\\/fr\\\/\",\"logo\":{\"@type\":\"ImageObject\",\"inLanguage\":\"fr-FR\",\"@id\":\"https:\\\/\\\/www.webdo.tn\\\/fr\\\/#\\\/schema\\\/logo\\\/image\\\/\",\"url\":\"https:\\\/\\\/www.webdo.tn\\\/fr\\\/wp-content\\\/uploads\\\/2025\\\/06\\\/Webdo-Tunisie_168377.jpg\",\"contentUrl\":\"https:\\\/\\\/www.webdo.tn\\\/fr\\\/wp-content\\\/uploads\\\/2025\\\/06\\\/Webdo-Tunisie_168377.jpg\",\"width\":301,\"height\":301,\"caption\":\"Webdo\"},\"image\":{\"@id\":\"https:\\\/\\\/www.webdo.tn\\\/fr\\\/#\\\/schema\\\/logo\\\/image\\\/\"},\"sameAs\":[\"https:\\\/\\\/www.facebook.com\\\/webdotn\",\"https:\\\/\\\/x.com\\\/webdo_tn\"],\"description\":\"Webdo est un m\u00e9dia num\u00e9rique tunisien fond\u00e9 en 2010, sp\u00e9cialis\u00e9 dans l\u2019actualit\u00e9 nationale et internationale, l\u2019\u00e9conomie, la soci\u00e9t\u00e9 et les analyses politiques. Le site s\u2019adresse \u00e0 un large public francophone et couvre l\u2019information tunisienne en temps r\u00e9el.\",\"email\":\"redac@webdo.tn\",\"legalName\":\"YNJ SARL\",\"foundingDate\":\"2010-09-06\",\"numberOfEmployees\":{\"@type\":\"QuantitativeValue\",\"minValue\":\"11\",\"maxValue\":\"50\"}},{\"@type\":\"Person\",\"@id\":\"https:\\\/\\\/www.webdo.tn\\\/fr\\\/#\\\/schema\\\/person\\\/16a4857e77dfc0b610c4c2cadffc9ac4\",\"name\":\"Mohamed Fethi\",\"image\":{\"@type\":\"ImageObject\",\"inLanguage\":\"fr-FR\",\"@id\":\"https:\\\/\\\/www.webdo.tn\\\/fr\\\/wp-content\\\/uploads\\\/2026\\\/04\\\/mohamed-fethi_avatar_1-96x96.jpg\",\"url\":\"https:\\\/\\\/www.webdo.tn\\\/fr\\\/wp-content\\\/uploads\\\/2026\\\/04\\\/mohamed-fethi_avatar_1-96x96.jpg\",\"contentUrl\":\"https:\\\/\\\/www.webdo.tn\\\/fr\\\/wp-content\\\/uploads\\\/2026\\\/04\\\/mohamed-fethi_avatar_1-96x96.jpg\",\"caption\":\"Mohamed Fethi\"},\"description\":\"Signature \u00e9ditoriale de Maher Chaabane Mohamed Fethi est le pseudonyme \u00e9ditorial de Maher Chaabane, r\u00e9dacteur en chef de Webdo.tn depuis 2012. Cette signature est d\u00e9di\u00e9e au traitement intensif de l'actualit\u00e9 nationale et internationale en temps r\u00e9el. S'appuyant sur les deux d\u00e9cennies d'expertise journalistique de Maher Chaabane \u2014 d\u00e9but\u00e9e au sein du groupe Tunis Hebdo en 2000 \u2014 Mohamed Fethi assure une veille rigoureuse sur les enjeux politiques, \u00e9conomiques et sportifs. Sa mission est de garantir une information structur\u00e9e, fluide et fid\u00e8le aux standards de la r\u00e9daction. Pour consulter le parcours complet du r\u00e9dacteur en chef, visitez le profil officiel de Maher Chaabane.\",\"knowsAbout\":[\"actualit\u00e9\",\"journalisme\",\"information\",\"politique\",\"sport\",\"m\u00e9dias\",\"actualit\u00e9 internationale\"],\"knowsLanguage\":[\"Fran\u00e7ais\",\"Arabe\"],\"jobTitle\":\"Journaliste \u2013 R\u00e9daction Webdo\",\"worksFor\":\"Webdo.tn\",\"url\":\"https:\\\/\\\/www.webdo.tn\\\/fr\\\/actualite\\\/author\\\/mohamed-fethi\\\/\"}]}<\/script>\n<!-- \/ Yoast SEO Premium plugin. -->","yoast_head_json":{"title":"France : Un bus chute dans la Seine apr\u00e8s une collision - webdo","description":"D\u00e9couvrez les d\u00e9tails de l'accident lorsqu'un bus chute dans la Seine \u00e0 Juvisy-sur-Orge. Quatre personnes prises en charge.","canonical":"https:\/\/www.webdo.tn\/fr\/actualite\/international\/france-un-bus-chute-dans-la-seine-apres-une-collision\/397107\/","og_locale":"fr_FR","og_type":"article","og_title":"France : Un bus chute dans la Seine apr\u00e8s une collision","og_description":"D\u00e9couvrez les d\u00e9tails de l'accident lorsqu'un bus chute dans la Seine \u00e0 Juvisy-sur-Orge. Quatre personnes prises en charge.","og_url":"https:\/\/www.webdo.tn\/fr\/actualite\/international\/france-un-bus-chute-dans-la-seine-apres-une-collision\/397107\/","og_site_name":"webdo","article_publisher":"https:\/\/www.facebook.com\/webdotn","article_published_time":"2026-04-30T10:54:10+00:00","article_modified_time":"2026-04-30T10:54:11+00:00","og_image":[{"width":1200,"height":600,"url":"https:\/\/www.webdo.tn\/fr\/wp-content\/uploads\/2026\/04\/Bus-Seine-1.jpg","type":"image\/jpeg"}],"author":"Mohamed Fethi","twitter_card":"summary_large_image","twitter_creator":"@webdo_tn","twitter_site":"@webdo_tn","twitter_misc":{"\u00c9crit par":"Mohamed Fethi","Dur\u00e9e de lecture estim\u00e9e":"2 minutes"},"schema":{"@context":"https:\/\/schema.org","@graph":[{"@type":"NewsArticle","@id":"https:\/\/www.webdo.tn\/fr\/actualite\/international\/france-un-bus-chute-dans-la-seine-apres-une-collision\/397107\/#article","isPartOf":{"@id":"https:\/\/www.webdo.tn\/fr\/actualite\/international\/france-un-bus-chute-dans-la-seine-apres-une-collision\/397107\/"},"author":{"name":"Mohamed Fethi","@id":"https:\/\/www.webdo.tn\/fr\/#\/schema\/person\/16a4857e77dfc0b610c4c2cadffc9ac4"},"headline":"France : Un bus chute dans la Seine apr\u00e8s une collision","datePublished":"2026-04-30T10:54:10+00:00","dateModified":"2026-04-30T10:54:11+00:00","mainEntityOfPage":{"@id":"https:\/\/www.webdo.tn\/fr\/actualite\/international\/france-un-bus-chute-dans-la-seine-apres-une-collision\/397107\/"},"wordCount":331,"publisher":{"@id":"https:\/\/www.webdo.tn\/fr\/#organization"},"image":{"@id":"https:\/\/www.webdo.tn\/fr\/actualite\/international\/france-un-bus-chute-dans-la-seine-apres-une-collision\/397107\/#primaryimage"},"thumbnailUrl":"https:\/\/www.webdo.tn\/fr\/wp-content\/uploads\/2026\/04\/Bus-Seine-1.jpg","keywords":["accident","Bus","france","Seine"],"articleSection":["International"],"inLanguage":"fr-FR"},{"@type":"WebPage","@id":"https:\/\/www.webdo.tn\/fr\/actualite\/international\/france-un-bus-chute-dans-la-seine-apres-une-collision\/397107\/","url":"https:\/\/www.webdo.tn\/fr\/actualite\/international\/france-un-bus-chute-dans-la-seine-apres-une-collision\/397107\/","name":"France : Un bus chute dans la Seine apr\u00e8s une collision - webdo","isPartOf":{"@id":"https:\/\/www.webdo.tn\/fr\/#website"},"primaryImageOfPage":{"@id":"https:\/\/www.webdo.tn\/fr\/actualite\/international\/france-un-bus-chute-dans-la-seine-apres-une-collision\/397107\/#primaryimage"},"image":{"@id":"https:\/\/www.webdo.tn\/fr\/actualite\/international\/france-un-bus-chute-dans-la-seine-apres-une-collision\/397107\/#primaryimage"},"thumbnailUrl":"https:\/\/www.webdo.tn\/fr\/wp-content\/uploads\/2026\/04\/Bus-Seine-1.jpg","datePublished":"2026-04-30T10:54:10+00:00","dateModified":"2026-04-30T10:54:11+00:00","description":"D\u00e9couvrez les d\u00e9tails de l'accident lorsqu'un bus chute dans la Seine \u00e0 Juvisy-sur-Orge. Quatre personnes prises en charge.","breadcrumb":{"@id":"https:\/\/www.webdo.tn\/fr\/actualite\/international\/france-un-bus-chute-dans-la-seine-apres-une-collision\/397107\/#breadcrumb"},"inLanguage":"fr-FR","potentialAction":[{"@type":"ReadAction","target":["https:\/\/www.webdo.tn\/fr\/actualite\/international\/france-un-bus-chute-dans-la-seine-apres-une-collision\/397107\/"]}]},{"@type":"ImageObject","inLanguage":"fr-FR","@id":"https:\/\/www.webdo.tn\/fr\/actualite\/international\/france-un-bus-chute-dans-la-seine-apres-une-collision\/397107\/#primaryimage","url":"https:\/\/www.webdo.tn\/fr\/wp-content\/uploads\/2026\/04\/Bus-Seine-1.jpg","contentUrl":"https:\/\/www.webdo.tn\/fr\/wp-content\/uploads\/2026\/04\/Bus-Seine-1.jpg","width":1200,"height":600,"caption":"France : Un bus chute dans la Seine apr\u00e8s une collision"},{"@type":"BreadcrumbList","@id":"https:\/\/www.webdo.tn\/fr\/actualite\/international\/france-un-bus-chute-dans-la-seine-apres-une-collision\/397107\/#breadcrumb","itemListElement":[{"@type":"ListItem","position":1,"name":"Accueil","item":"https:\/\/www.webdo.tn\/fr\/"},{"@type":"ListItem","position":2,"name":"France : Un bus chute dans la Seine apr\u00e8s une collision"}]},{"@type":"WebSite","@id":"https:\/\/www.webdo.tn\/fr\/#website","url":"https:\/\/www.webdo.tn\/fr\/","name":"webdo","description":"Tunisie - News en Tunisie et \u00e0 l&#039;international sur Webdo.tn","publisher":{"@id":"https:\/\/www.webdo.tn\/fr\/#organization"},"potentialAction":[{"@type":"SearchAction","target":{"@type":"EntryPoint","urlTemplate":"https:\/\/www.webdo.tn\/fr\/?s={search_term_string}"},"query-input":{"@type":"PropertyValueSpecification","valueRequired":true,"valueName":"search_term_string"}}],"inLanguage":"fr-FR"},{"@type":"Organization","@id":"https:\/\/www.webdo.tn\/fr\/#organization","name":"Webdo","alternateName":"Webdo.tn","url":"https:\/\/www.webdo.tn\/fr\/","logo":{"@type":"ImageObject","inLanguage":"fr-FR","@id":"https:\/\/www.webdo.tn\/fr\/#\/schema\/logo\/image\/","url":"https:\/\/www.webdo.tn\/fr\/wp-content\/uploads\/2025\/06\/Webdo-Tunisie_168377.jpg","contentUrl":"https:\/\/www.webdo.tn\/fr\/wp-content\/uploads\/2025\/06\/Webdo-Tunisie_168377.jpg","width":301,"height":301,"caption":"Webdo"},"image":{"@id":"https:\/\/www.webdo.tn\/fr\/#\/schema\/logo\/image\/"},"sameAs":["https:\/\/www.facebook.com\/webdotn","https:\/\/x.com\/webdo_tn"],"description":"Webdo est un m\u00e9dia num\u00e9rique tunisien fond\u00e9 en 2010, sp\u00e9cialis\u00e9 dans l\u2019actualit\u00e9 nationale et internationale, l\u2019\u00e9conomie, la soci\u00e9t\u00e9 et les analyses politiques. Le site s\u2019adresse \u00e0 un large public francophone et couvre l\u2019information tunisienne en temps r\u00e9el.","email":"redac@webdo.tn","legalName":"YNJ SARL","foundingDate":"2010-09-06","numberOfEmployees":{"@type":"QuantitativeValue","minValue":"11","maxValue":"50"}},{"@type":"Person","@id":"https:\/\/www.webdo.tn\/fr\/#\/schema\/person\/16a4857e77dfc0b610c4c2cadffc9ac4","name":"Mohamed Fethi","image":{"@type":"ImageObject","inLanguage":"fr-FR","@id":"https:\/\/www.webdo.tn\/fr\/wp-content\/uploads\/2026\/04\/mohamed-fethi_avatar_1-96x96.jpg","url":"https:\/\/www.webdo.tn\/fr\/wp-content\/uploads\/2026\/04\/mohamed-fethi_avatar_1-96x96.jpg","contentUrl":"https:\/\/www.webdo.tn\/fr\/wp-content\/uploads\/2026\/04\/mohamed-fethi_avatar_1-96x96.jpg","caption":"Mohamed Fethi"},"description":"Signature \u00e9ditoriale de Maher Chaabane Mohamed Fethi est le pseudonyme \u00e9ditorial de Maher Chaabane, r\u00e9dacteur en chef de Webdo.tn depuis 2012. Cette signature est d\u00e9di\u00e9e au traitement intensif de l'actualit\u00e9 nationale et internationale en temps r\u00e9el. S'appuyant sur les deux d\u00e9cennies d'expertise journalistique de Maher Chaabane \u2014 d\u00e9but\u00e9e au sein du groupe Tunis Hebdo en 2000 \u2014 Mohamed Fethi assure une veille rigoureuse sur les enjeux politiques, \u00e9conomiques et sportifs. Sa mission est de garantir une information structur\u00e9e, fluide et fid\u00e8le aux standards de la r\u00e9daction. Pour consulter le parcours complet du r\u00e9dacteur en chef, visitez le profil officiel de Maher Chaabane.","knowsAbout":["actualit\u00e9","journalisme","information","politique","sport","m\u00e9dias","actualit\u00e9 internationale"],"knowsLanguage":["Fran\u00e7ais","Arabe"],"jobTitle":"Journaliste \u2013 R\u00e9daction Webdo","worksFor":"Webdo.tn","url":"https:\/\/www.webdo.tn\/fr\/actualite\/author\/mohamed-fethi\/"}]}},"_links":{"self":[{"href":"https:\/\/www.webdo.tn\/fr\/wp-json\/wp\/v2\/posts\/397107","targetHints":{"allow":["GET"]}}],"collection":[{"href":"https:\/\/www.webdo.tn\/fr\/wp-json\/wp\/v2\/posts"}],"about":[{"href":"https:\/\/www.webdo.tn\/fr\/wp-json\/wp\/v2\/types\/post"}],"author":[{"embeddable":true,"href":"https:\/\/www.webdo.tn\/fr\/wp-json\/wp\/v2\/users\/4782"}],"replies":[{"embeddable":true,"href":"https:\/\/www.webdo.tn\/fr\/wp-json\/wp\/v2\/comments?post=397107"}],"version-history":[{"count":1,"href":"https:\/\/www.webdo.tn\/fr\/wp-json\/wp\/v2\/posts\/397107\/revisions"}],"predecessor-version":[{"id":397111,"href":"https:\/\/www.webdo.tn\/fr\/wp-json\/wp\/v2\/posts\/397107\/revisions\/397111"}],"wp:featuredmedia":[{"embeddable":true,"href":"https:\/\/www.webdo.tn\/fr\/wp-json\/wp\/v2\/media\/397110"}],"wp:attachment":[{"href":"https:\/\/www.webdo.tn\/fr\/wp-json\/wp\/v2\/media?parent=397107"}],"wp:term":[{"taxonomy":"category","embeddable":true,"href":"https:\/\/www.webdo.tn\/fr\/wp-json\/wp\/v2\/categories?post=397107"},{"taxonomy":"post_tag","embeddable":true,"href":"https:\/\/www.webdo.tn\/fr\/wp-json\/wp\/v2\/tags?post=397107"}],"curies":[{"name":"wp","href":"https:\/\/api.w.org\/{rel}","templated":true}]}}