{"id":397096,"date":"2026-04-30T10:34:14","date_gmt":"2026-04-30T09:34:14","guid":{"rendered":"https:\/\/www.webdo.tn\/fr\/?p=397096"},"modified":"2026-04-30T10:35:34","modified_gmt":"2026-04-30T09:35:34","slug":"opera-didon-et-enee-a-la-cite-de-la-culture","status":"publish","type":"post","link":"https:\/\/www.webdo.tn\/fr\/actualite\/culture\/opera-didon-et-enee-a-la-cite-de-la-culture\/397096\/","title":{"rendered":"Op\u00e9ra : Didon et En\u00e9e \u00e0 la Cit\u00e9 de la culture"},"content":{"rendered":"\n<p><strong>Le Th\u00e9\u00e2tre de l\u2019Op\u00e9ra de Tunis pr\u00e9sente le jeudi 14 et le vendredi 15 mai sa nouvelle cr\u00e9ation \u00a0\u00bb Didon &amp; En\u00e9e \u00ab\u00a0, l\u2019op\u00e9ra de Henry Purcell. Les deux repr\u00e9sentations auront lieu \u00e0 19h30 \u00e0 la Grande salle de l&rsquo;Op\u00e9ra.<\/strong><\/p>\n\n\n\n<h2 class=\"wp-block-heading\" id=\"h-une-production-internationale-et-un-casting-tunisien\">Une production internationale et un casting tunisien<\/h2>\n\n\n\n<p>Ce spectacle est une production du Th\u00e9\u00e2tre de l&rsquo;Op\u00e9ra, avec le soutien du Minist\u00e8re des Affaires culturelles et en partenariat avec la Fondation Orange, l\u2019Institut fran\u00e7ais de Tunisie et l\u2019Institut fran\u00e7ais (Paris).<\/p>\n\n\n\n<p>La mise en sc\u00e8ne et la chor\u00e9graphie sont l&rsquo;\u0153uvre de Omar Rajeh, la direction musicale est de St\u00e9phane Fuget. Nesrine Mahbouli interpr\u00e9tera le r\u00f4le de Didon alors que Haythem Hadhiri (14 mai) et Khalil Saied (15 mai) se relaieront pour camper le r\u00f4le d&rsquo;En\u00e9e.<\/p>\n\n\n\n<h2 class=\"wp-block-heading\" id=\"h-le-chef-d-oeuvre-de-purcell\">Le chef d&rsquo;\u0153uvre de Purcell<\/h2>\n\n\n\n<p>De plus, les musiciens baroques des \u00c9pop\u00e9es et ceux de l&rsquo;Orchestre symphonique de Tunis seront de la partie tout comme le ch\u0153ur du Th\u00e9\u00e2tre de l&rsquo;op\u00e9ra et les danseurs du ballet de l&rsquo;Op\u00e9ra de Tunis.<\/p>\n\n\n\n<p>Cr\u00e9\u00e9 \u00e0 Londres \u00e0 la fin du dix-septi\u00e8me si\u00e8cle, \u00a0\u00bb Didon et \u00c9n\u00e9e \u00a0\u00bb de Henry Purcell est un chef-d&rsquo;\u0153uvre du baroque anglais \u2014 le premier op\u00e9ra enti\u00e8rement chant\u00e9 de l&rsquo;histoire britannique. En moins d&rsquo;une heure, il condense l&rsquo;une des plus grandes trag\u00e9dies de l&rsquo;Antiquit\u00e9 inspir\u00e9e de l\u2019Eneide de Virgile.<\/p>\n\n\n\n<p><\/p>\n\n\n\n<blockquote class=\"wp-block-quote is-layout-flow wp-block-quote-is-layout-flow\">\n<ul class=\"wp-block-list\">\n<li class=\"has-medium-font-size\"><strong>Lire aussi :<\/strong> <a href=\"https:\/\/www.webdo.tn\/fr\/actualite\/culture\/tunis-accueille-ludovico-troncanetti-un-recital-aux-accents-dopera-italien\/396562\/\">Tunis accueille Ludovico Troncanetti : Un r\u00e9cital aux accents d\u2019op\u00e9ra italien<\/a><\/li>\n<\/ul>\n<\/blockquote>\n","protected":false},"excerpt":{"rendered":"<p>Le Th\u00e9\u00e2tre de l\u2019Op\u00e9ra de Tunis pr\u00e9sente le jeudi 14 et le vendredi 15 mai sa nouvelle cr\u00e9ation \u00a0\u00bb Didon &amp; En\u00e9e \u00ab\u00a0, l\u2019op\u00e9ra de Henry Purcell. Les deux repr\u00e9sentations auront lieu \u00e0 19h30 \u00e0 la Grande salle de l&rsquo;Op\u00e9ra. Une production internationale et un casting tunisien Ce spectacle est une production du Th\u00e9\u00e2tre de [&hellip;]<\/p>\n","protected":false},"author":3229,"featured_media":397097,"comment_status":"closed","ping_status":"closed","sticky":false,"template":"","format":"standard","meta":{"footnotes":""},"categories":[2594],"tags":[4063,14077,5556,2640,2608],"class_list":["post-397096","post","type-post","status-publish","format-standard","has-post-thumbnail","hentry","category-culture","tag-cite-de-la-culture","tag-didon-et-enee","tag-opera","tag-tunis","tag-tunisie"],"yoast_head":"<!-- This site is optimized with the Yoast SEO Premium plugin v27.5 (Yoast SEO v27.5) - https:\/\/yoast.com\/product\/yoast-seo-premium-wordpress\/ -->\n<title>Op\u00e9ra : Didon et En\u00e9e \u00e0 la Cit\u00e9 de la culture - webdo<\/title>\n<meta name=\"description\" content=\"Venez d\u00e9couvrir l&#039;Op\u00e9ra : Didon et En\u00e9e \u00e0 la Cit\u00e9 de la culture, une exp\u00e9rience unique les 14 et 15 mai au Th\u00e9\u00e2tre de l\u2019Op\u00e9ra.\" \/>\n<link rel=\"canonical\" href=\"https:\/\/www.webdo.tn\/fr\/actualite\/culture\/opera-didon-et-enee-a-la-cite-de-la-culture\/397096\/\" \/>\n<meta property=\"og:locale\" content=\"fr_FR\" \/>\n<meta property=\"og:type\" content=\"article\" \/>\n<meta property=\"og:title\" content=\"Op\u00e9ra : Didon et En\u00e9e \u00e0 la Cit\u00e9 de la culture\" \/>\n<meta property=\"og:description\" content=\"Venez d\u00e9couvrir l&#039;Op\u00e9ra : Didon et En\u00e9e \u00e0 la Cit\u00e9 de la culture, une exp\u00e9rience unique les 14 et 15 mai au Th\u00e9\u00e2tre de l\u2019Op\u00e9ra.\" \/>\n<meta property=\"og:url\" content=\"https:\/\/www.webdo.tn\/fr\/actualite\/culture\/opera-didon-et-enee-a-la-cite-de-la-culture\/397096\/\" \/>\n<meta property=\"og:site_name\" content=\"webdo\" \/>\n<meta property=\"article:publisher\" content=\"https:\/\/www.facebook.com\/webdotn\" \/>\n<meta property=\"article:author\" content=\"https:\/\/www.facebook.com\/hatem.bourial.2025\" \/>\n<meta property=\"article:published_time\" content=\"2026-04-30T09:34:14+00:00\" \/>\n<meta property=\"article:modified_time\" content=\"2026-04-30T09:35:34+00:00\" \/>\n<meta property=\"og:image\" content=\"https:\/\/www.webdo.tn\/fr\/wp-content\/uploads\/2026\/04\/opera.jpg\" \/>\n\t<meta property=\"og:image:width\" content=\"1203\" \/>\n\t<meta property=\"og:image:height\" content=\"600\" \/>\n\t<meta property=\"og:image:type\" content=\"image\/jpeg\" \/>\n<meta name=\"author\" content=\"Hatem Bourial\" \/>\n<meta name=\"twitter:card\" content=\"summary_large_image\" \/>\n<meta name=\"twitter:creator\" content=\"@webdo_tn\" \/>\n<meta name=\"twitter:site\" content=\"@webdo_tn\" \/>\n<meta name=\"twitter:label1\" content=\"\u00c9crit par\" \/>\n\t<meta name=\"twitter:data1\" content=\"Hatem Bourial\" \/>\n\t<meta name=\"twitter:label2\" content=\"Dur\u00e9e de lecture estim\u00e9e\" \/>\n\t<meta name=\"twitter:data2\" content=\"2 minutes\" \/>\n<script type=\"application\/ld+json\" class=\"yoast-schema-graph\">{\"@context\":\"https:\\\/\\\/schema.org\",\"@graph\":[{\"@type\":\"NewsArticle\",\"@id\":\"https:\\\/\\\/www.webdo.tn\\\/fr\\\/actualite\\\/culture\\\/opera-didon-et-enee-a-la-cite-de-la-culture\\\/397096\\\/#article\",\"isPartOf\":{\"@id\":\"https:\\\/\\\/www.webdo.tn\\\/fr\\\/actualite\\\/culture\\\/opera-didon-et-enee-a-la-cite-de-la-culture\\\/397096\\\/\"},\"author\":{\"name\":\"Hatem Bourial\",\"@id\":\"https:\\\/\\\/www.webdo.tn\\\/fr\\\/#\\\/schema\\\/person\\\/6bc0beba2cd23aec27cb5df85ca2554f\"},\"headline\":\"Op\u00e9ra : Didon et En\u00e9e \u00e0 la Cit\u00e9 de la culture\",\"datePublished\":\"2026-04-30T09:34:14+00:00\",\"dateModified\":\"2026-04-30T09:35:34+00:00\",\"mainEntityOfPage\":{\"@id\":\"https:\\\/\\\/www.webdo.tn\\\/fr\\\/actualite\\\/culture\\\/opera-didon-et-enee-a-la-cite-de-la-culture\\\/397096\\\/\"},\"wordCount\":276,\"publisher\":{\"@id\":\"https:\\\/\\\/www.webdo.tn\\\/fr\\\/#organization\"},\"image\":{\"@id\":\"https:\\\/\\\/www.webdo.tn\\\/fr\\\/actualite\\\/culture\\\/opera-didon-et-enee-a-la-cite-de-la-culture\\\/397096\\\/#primaryimage\"},\"thumbnailUrl\":\"https:\\\/\\\/www.webdo.tn\\\/fr\\\/wp-content\\\/uploads\\\/2026\\\/04\\\/opera.jpg\",\"keywords\":[\"cit\u00e9 de la culture\",\"Didon et En\u00e9e\",\"Op\u00e9ra\",\"Tunis\",\"Tunisie\"],\"articleSection\":[\"Culture\"],\"inLanguage\":\"fr-FR\"},{\"@type\":\"WebPage\",\"@id\":\"https:\\\/\\\/www.webdo.tn\\\/fr\\\/actualite\\\/culture\\\/opera-didon-et-enee-a-la-cite-de-la-culture\\\/397096\\\/\",\"url\":\"https:\\\/\\\/www.webdo.tn\\\/fr\\\/actualite\\\/culture\\\/opera-didon-et-enee-a-la-cite-de-la-culture\\\/397096\\\/\",\"name\":\"Op\u00e9ra : Didon et En\u00e9e \u00e0 la Cit\u00e9 de la culture - webdo\",\"isPartOf\":{\"@id\":\"https:\\\/\\\/www.webdo.tn\\\/fr\\\/#website\"},\"primaryImageOfPage\":{\"@id\":\"https:\\\/\\\/www.webdo.tn\\\/fr\\\/actualite\\\/culture\\\/opera-didon-et-enee-a-la-cite-de-la-culture\\\/397096\\\/#primaryimage\"},\"image\":{\"@id\":\"https:\\\/\\\/www.webdo.tn\\\/fr\\\/actualite\\\/culture\\\/opera-didon-et-enee-a-la-cite-de-la-culture\\\/397096\\\/#primaryimage\"},\"thumbnailUrl\":\"https:\\\/\\\/www.webdo.tn\\\/fr\\\/wp-content\\\/uploads\\\/2026\\\/04\\\/opera.jpg\",\"datePublished\":\"2026-04-30T09:34:14+00:00\",\"dateModified\":\"2026-04-30T09:35:34+00:00\",\"description\":\"Venez d\u00e9couvrir l'Op\u00e9ra : Didon et En\u00e9e \u00e0 la Cit\u00e9 de la culture, une exp\u00e9rience unique les 14 et 15 mai au Th\u00e9\u00e2tre de l\u2019Op\u00e9ra.\",\"breadcrumb\":{\"@id\":\"https:\\\/\\\/www.webdo.tn\\\/fr\\\/actualite\\\/culture\\\/opera-didon-et-enee-a-la-cite-de-la-culture\\\/397096\\\/#breadcrumb\"},\"inLanguage\":\"fr-FR\",\"potentialAction\":[{\"@type\":\"ReadAction\",\"target\":[\"https:\\\/\\\/www.webdo.tn\\\/fr\\\/actualite\\\/culture\\\/opera-didon-et-enee-a-la-cite-de-la-culture\\\/397096\\\/\"]}]},{\"@type\":\"ImageObject\",\"inLanguage\":\"fr-FR\",\"@id\":\"https:\\\/\\\/www.webdo.tn\\\/fr\\\/actualite\\\/culture\\\/opera-didon-et-enee-a-la-cite-de-la-culture\\\/397096\\\/#primaryimage\",\"url\":\"https:\\\/\\\/www.webdo.tn\\\/fr\\\/wp-content\\\/uploads\\\/2026\\\/04\\\/opera.jpg\",\"contentUrl\":\"https:\\\/\\\/www.webdo.tn\\\/fr\\\/wp-content\\\/uploads\\\/2026\\\/04\\\/opera.jpg\",\"width\":1203,\"height\":600,\"caption\":\"Op\u00e9ra : Didon et En\u00e9e \u00e0 la Cit\u00e9 de la culture\"},{\"@type\":\"BreadcrumbList\",\"@id\":\"https:\\\/\\\/www.webdo.tn\\\/fr\\\/actualite\\\/culture\\\/opera-didon-et-enee-a-la-cite-de-la-culture\\\/397096\\\/#breadcrumb\",\"itemListElement\":[{\"@type\":\"ListItem\",\"position\":1,\"name\":\"Accueil\",\"item\":\"https:\\\/\\\/www.webdo.tn\\\/fr\\\/\"},{\"@type\":\"ListItem\",\"position\":2,\"name\":\"Op\u00e9ra : Didon et En\u00e9e \u00e0 la Cit\u00e9 de la culture\"}]},{\"@type\":\"WebSite\",\"@id\":\"https:\\\/\\\/www.webdo.tn\\\/fr\\\/#website\",\"url\":\"https:\\\/\\\/www.webdo.tn\\\/fr\\\/\",\"name\":\"webdo\",\"description\":\"Tunisie - News en Tunisie et \u00e0 l&#039;international sur Webdo.tn\",\"publisher\":{\"@id\":\"https:\\\/\\\/www.webdo.tn\\\/fr\\\/#organization\"},\"potentialAction\":[{\"@type\":\"SearchAction\",\"target\":{\"@type\":\"EntryPoint\",\"urlTemplate\":\"https:\\\/\\\/www.webdo.tn\\\/fr\\\/?s={search_term_string}\"},\"query-input\":{\"@type\":\"PropertyValueSpecification\",\"valueRequired\":true,\"valueName\":\"search_term_string\"}}],\"inLanguage\":\"fr-FR\"},{\"@type\":\"Organization\",\"@id\":\"https:\\\/\\\/www.webdo.tn\\\/fr\\\/#organization\",\"name\":\"Webdo\",\"alternateName\":\"Webdo.tn\",\"url\":\"https:\\\/\\\/www.webdo.tn\\\/fr\\\/\",\"logo\":{\"@type\":\"ImageObject\",\"inLanguage\":\"fr-FR\",\"@id\":\"https:\\\/\\\/www.webdo.tn\\\/fr\\\/#\\\/schema\\\/logo\\\/image\\\/\",\"url\":\"https:\\\/\\\/www.webdo.tn\\\/fr\\\/wp-content\\\/uploads\\\/2025\\\/06\\\/Webdo-Tunisie_168377.jpg\",\"contentUrl\":\"https:\\\/\\\/www.webdo.tn\\\/fr\\\/wp-content\\\/uploads\\\/2025\\\/06\\\/Webdo-Tunisie_168377.jpg\",\"width\":301,\"height\":301,\"caption\":\"Webdo\"},\"image\":{\"@id\":\"https:\\\/\\\/www.webdo.tn\\\/fr\\\/#\\\/schema\\\/logo\\\/image\\\/\"},\"sameAs\":[\"https:\\\/\\\/www.facebook.com\\\/webdotn\",\"https:\\\/\\\/x.com\\\/webdo_tn\"],\"description\":\"Webdo est un m\u00e9dia num\u00e9rique tunisien fond\u00e9 en 2010, sp\u00e9cialis\u00e9 dans l\u2019actualit\u00e9 nationale et internationale, l\u2019\u00e9conomie, la soci\u00e9t\u00e9 et les analyses politiques. Le site s\u2019adresse \u00e0 un large public francophone et couvre l\u2019information tunisienne en temps r\u00e9el.\",\"email\":\"redac@webdo.tn\",\"legalName\":\"YNJ SARL\",\"foundingDate\":\"2010-09-06\",\"numberOfEmployees\":{\"@type\":\"QuantitativeValue\",\"minValue\":\"11\",\"maxValue\":\"50\"}},{\"@type\":\"Person\",\"@id\":\"https:\\\/\\\/www.webdo.tn\\\/fr\\\/#\\\/schema\\\/person\\\/6bc0beba2cd23aec27cb5df85ca2554f\",\"name\":\"Hatem Bourial\",\"image\":{\"@type\":\"ImageObject\",\"inLanguage\":\"fr-FR\",\"@id\":\"https:\\\/\\\/www.webdo.tn\\\/fr\\\/wp-content\\\/uploads\\\/2026\\\/04\\\/hatem-bourial_avatar-96x96.jpg\",\"url\":\"https:\\\/\\\/www.webdo.tn\\\/fr\\\/wp-content\\\/uploads\\\/2026\\\/04\\\/hatem-bourial_avatar-96x96.jpg\",\"contentUrl\":\"https:\\\/\\\/www.webdo.tn\\\/fr\\\/wp-content\\\/uploads\\\/2026\\\/04\\\/hatem-bourial_avatar-96x96.jpg\",\"caption\":\"Hatem Bourial\"},\"description\":\"Hatem Bourial est journaliste, \u00e9crivain et chroniqueur tunisien. Actif depuis plusieurs d\u00e9cennies, il s\u2019est impos\u00e9 comme un observateur attentif de la soci\u00e9t\u00e9 tunisienne, m\u00ealant dans ses \u00e9crits m\u00e9moire, culture et analyse du quotidien. Auteur de nombreux ouvrages, il d\u00e9veloppe une \u0153uvre \u00e0 la crois\u00e9e du r\u00e9cit, de la po\u00e9sie et de l\u2019observation sociologique. Parall\u00e8lement \u00e0 ses contributions dans la presse, il intervient r\u00e9guli\u00e8rement \u00e0 la radio et dans des espaces culturels, o\u00f9 il explore les enjeux li\u00e9s au patrimoine, \u00e0 l\u2019identit\u00e9 et aux transformations du monde contemporain. \u00c0 travers ses chroniques, Hatem Bourial propose une lecture sensible et approfondie de l\u2019actualit\u00e9, nourrie par une exp\u00e9rience journalistique et litt\u00e9raire reconnue. \ud83d\udd17 Facebook : https:\\\/\\\/www.facebook.com\\\/hatem.bourial.2025\",\"sameAs\":[\"https:\\\/\\\/www.facebook.com\\\/hatem.bourial.2025\",\"https:\\\/\\\/fr.wikipedia.org\\\/wiki\\\/Fichier:Hatem_Bourial.jpg\"],\"knowsAbout\":[\"Culture & patrimoine tunisien\",\"Chronique soci\u00e9tale\",\"Litt\u00e9rature & m\u00e9moire\",\"Cin\u00e9ma & critique culturelle\",\"Identit\u00e9 & mutations sociales\"],\"knowsLanguage\":[\"Arabe\",\"Fran\u00e7ais\",\"Anglais\",\"Italien\",\"Polonais\"],\"jobTitle\":\"Journaliste, \u00e9crivain et chroniqueur culturel\",\"worksFor\":\"Webdo\",\"url\":\"https:\\\/\\\/www.webdo.tn\\\/fr\\\/actualite\\\/author\\\/hatem-bourial-2\\\/\"}]}<\/script>\n<!-- \/ Yoast SEO Premium plugin. -->","yoast_head_json":{"title":"Op\u00e9ra : Didon et En\u00e9e \u00e0 la Cit\u00e9 de la culture - webdo","description":"Venez d\u00e9couvrir l'Op\u00e9ra : Didon et En\u00e9e \u00e0 la Cit\u00e9 de la culture, une exp\u00e9rience unique les 14 et 15 mai au Th\u00e9\u00e2tre de l\u2019Op\u00e9ra.","canonical":"https:\/\/www.webdo.tn\/fr\/actualite\/culture\/opera-didon-et-enee-a-la-cite-de-la-culture\/397096\/","og_locale":"fr_FR","og_type":"article","og_title":"Op\u00e9ra : Didon et En\u00e9e \u00e0 la Cit\u00e9 de la culture","og_description":"Venez d\u00e9couvrir l'Op\u00e9ra : Didon et En\u00e9e \u00e0 la Cit\u00e9 de la culture, une exp\u00e9rience unique les 14 et 15 mai au Th\u00e9\u00e2tre de l\u2019Op\u00e9ra.","og_url":"https:\/\/www.webdo.tn\/fr\/actualite\/culture\/opera-didon-et-enee-a-la-cite-de-la-culture\/397096\/","og_site_name":"webdo","article_publisher":"https:\/\/www.facebook.com\/webdotn","article_author":"https:\/\/www.facebook.com\/hatem.bourial.2025","article_published_time":"2026-04-30T09:34:14+00:00","article_modified_time":"2026-04-30T09:35:34+00:00","og_image":[{"width":1203,"height":600,"url":"https:\/\/www.webdo.tn\/fr\/wp-content\/uploads\/2026\/04\/opera.jpg","type":"image\/jpeg"}],"author":"Hatem Bourial","twitter_card":"summary_large_image","twitter_creator":"@webdo_tn","twitter_site":"@webdo_tn","twitter_misc":{"\u00c9crit par":"Hatem Bourial","Dur\u00e9e de lecture estim\u00e9e":"2 minutes"},"schema":{"@context":"https:\/\/schema.org","@graph":[{"@type":"NewsArticle","@id":"https:\/\/www.webdo.tn\/fr\/actualite\/culture\/opera-didon-et-enee-a-la-cite-de-la-culture\/397096\/#article","isPartOf":{"@id":"https:\/\/www.webdo.tn\/fr\/actualite\/culture\/opera-didon-et-enee-a-la-cite-de-la-culture\/397096\/"},"author":{"name":"Hatem Bourial","@id":"https:\/\/www.webdo.tn\/fr\/#\/schema\/person\/6bc0beba2cd23aec27cb5df85ca2554f"},"headline":"Op\u00e9ra : Didon et En\u00e9e \u00e0 la Cit\u00e9 de la culture","datePublished":"2026-04-30T09:34:14+00:00","dateModified":"2026-04-30T09:35:34+00:00","mainEntityOfPage":{"@id":"https:\/\/www.webdo.tn\/fr\/actualite\/culture\/opera-didon-et-enee-a-la-cite-de-la-culture\/397096\/"},"wordCount":276,"publisher":{"@id":"https:\/\/www.webdo.tn\/fr\/#organization"},"image":{"@id":"https:\/\/www.webdo.tn\/fr\/actualite\/culture\/opera-didon-et-enee-a-la-cite-de-la-culture\/397096\/#primaryimage"},"thumbnailUrl":"https:\/\/www.webdo.tn\/fr\/wp-content\/uploads\/2026\/04\/opera.jpg","keywords":["cit\u00e9 de la culture","Didon et En\u00e9e","Op\u00e9ra","Tunis","Tunisie"],"articleSection":["Culture"],"inLanguage":"fr-FR"},{"@type":"WebPage","@id":"https:\/\/www.webdo.tn\/fr\/actualite\/culture\/opera-didon-et-enee-a-la-cite-de-la-culture\/397096\/","url":"https:\/\/www.webdo.tn\/fr\/actualite\/culture\/opera-didon-et-enee-a-la-cite-de-la-culture\/397096\/","name":"Op\u00e9ra : Didon et En\u00e9e \u00e0 la Cit\u00e9 de la culture - webdo","isPartOf":{"@id":"https:\/\/www.webdo.tn\/fr\/#website"},"primaryImageOfPage":{"@id":"https:\/\/www.webdo.tn\/fr\/actualite\/culture\/opera-didon-et-enee-a-la-cite-de-la-culture\/397096\/#primaryimage"},"image":{"@id":"https:\/\/www.webdo.tn\/fr\/actualite\/culture\/opera-didon-et-enee-a-la-cite-de-la-culture\/397096\/#primaryimage"},"thumbnailUrl":"https:\/\/www.webdo.tn\/fr\/wp-content\/uploads\/2026\/04\/opera.jpg","datePublished":"2026-04-30T09:34:14+00:00","dateModified":"2026-04-30T09:35:34+00:00","description":"Venez d\u00e9couvrir l'Op\u00e9ra : Didon et En\u00e9e \u00e0 la Cit\u00e9 de la culture, une exp\u00e9rience unique les 14 et 15 mai au Th\u00e9\u00e2tre de l\u2019Op\u00e9ra.","breadcrumb":{"@id":"https:\/\/www.webdo.tn\/fr\/actualite\/culture\/opera-didon-et-enee-a-la-cite-de-la-culture\/397096\/#breadcrumb"},"inLanguage":"fr-FR","potentialAction":[{"@type":"ReadAction","target":["https:\/\/www.webdo.tn\/fr\/actualite\/culture\/opera-didon-et-enee-a-la-cite-de-la-culture\/397096\/"]}]},{"@type":"ImageObject","inLanguage":"fr-FR","@id":"https:\/\/www.webdo.tn\/fr\/actualite\/culture\/opera-didon-et-enee-a-la-cite-de-la-culture\/397096\/#primaryimage","url":"https:\/\/www.webdo.tn\/fr\/wp-content\/uploads\/2026\/04\/opera.jpg","contentUrl":"https:\/\/www.webdo.tn\/fr\/wp-content\/uploads\/2026\/04\/opera.jpg","width":1203,"height":600,"caption":"Op\u00e9ra : Didon et En\u00e9e \u00e0 la Cit\u00e9 de la culture"},{"@type":"BreadcrumbList","@id":"https:\/\/www.webdo.tn\/fr\/actualite\/culture\/opera-didon-et-enee-a-la-cite-de-la-culture\/397096\/#breadcrumb","itemListElement":[{"@type":"ListItem","position":1,"name":"Accueil","item":"https:\/\/www.webdo.tn\/fr\/"},{"@type":"ListItem","position":2,"name":"Op\u00e9ra : Didon et En\u00e9e \u00e0 la Cit\u00e9 de la culture"}]},{"@type":"WebSite","@id":"https:\/\/www.webdo.tn\/fr\/#website","url":"https:\/\/www.webdo.tn\/fr\/","name":"webdo","description":"Tunisie - News en Tunisie et \u00e0 l&#039;international sur Webdo.tn","publisher":{"@id":"https:\/\/www.webdo.tn\/fr\/#organization"},"potentialAction":[{"@type":"SearchAction","target":{"@type":"EntryPoint","urlTemplate":"https:\/\/www.webdo.tn\/fr\/?s={search_term_string}"},"query-input":{"@type":"PropertyValueSpecification","valueRequired":true,"valueName":"search_term_string"}}],"inLanguage":"fr-FR"},{"@type":"Organization","@id":"https:\/\/www.webdo.tn\/fr\/#organization","name":"Webdo","alternateName":"Webdo.tn","url":"https:\/\/www.webdo.tn\/fr\/","logo":{"@type":"ImageObject","inLanguage":"fr-FR","@id":"https:\/\/www.webdo.tn\/fr\/#\/schema\/logo\/image\/","url":"https:\/\/www.webdo.tn\/fr\/wp-content\/uploads\/2025\/06\/Webdo-Tunisie_168377.jpg","contentUrl":"https:\/\/www.webdo.tn\/fr\/wp-content\/uploads\/2025\/06\/Webdo-Tunisie_168377.jpg","width":301,"height":301,"caption":"Webdo"},"image":{"@id":"https:\/\/www.webdo.tn\/fr\/#\/schema\/logo\/image\/"},"sameAs":["https:\/\/www.facebook.com\/webdotn","https:\/\/x.com\/webdo_tn"],"description":"Webdo est un m\u00e9dia num\u00e9rique tunisien fond\u00e9 en 2010, sp\u00e9cialis\u00e9 dans l\u2019actualit\u00e9 nationale et internationale, l\u2019\u00e9conomie, la soci\u00e9t\u00e9 et les analyses politiques. Le site s\u2019adresse \u00e0 un large public francophone et couvre l\u2019information tunisienne en temps r\u00e9el.","email":"redac@webdo.tn","legalName":"YNJ SARL","foundingDate":"2010-09-06","numberOfEmployees":{"@type":"QuantitativeValue","minValue":"11","maxValue":"50"}},{"@type":"Person","@id":"https:\/\/www.webdo.tn\/fr\/#\/schema\/person\/6bc0beba2cd23aec27cb5df85ca2554f","name":"Hatem Bourial","image":{"@type":"ImageObject","inLanguage":"fr-FR","@id":"https:\/\/www.webdo.tn\/fr\/wp-content\/uploads\/2026\/04\/hatem-bourial_avatar-96x96.jpg","url":"https:\/\/www.webdo.tn\/fr\/wp-content\/uploads\/2026\/04\/hatem-bourial_avatar-96x96.jpg","contentUrl":"https:\/\/www.webdo.tn\/fr\/wp-content\/uploads\/2026\/04\/hatem-bourial_avatar-96x96.jpg","caption":"Hatem Bourial"},"description":"Hatem Bourial est journaliste, \u00e9crivain et chroniqueur tunisien. Actif depuis plusieurs d\u00e9cennies, il s\u2019est impos\u00e9 comme un observateur attentif de la soci\u00e9t\u00e9 tunisienne, m\u00ealant dans ses \u00e9crits m\u00e9moire, culture et analyse du quotidien. Auteur de nombreux ouvrages, il d\u00e9veloppe une \u0153uvre \u00e0 la crois\u00e9e du r\u00e9cit, de la po\u00e9sie et de l\u2019observation sociologique. Parall\u00e8lement \u00e0 ses contributions dans la presse, il intervient r\u00e9guli\u00e8rement \u00e0 la radio et dans des espaces culturels, o\u00f9 il explore les enjeux li\u00e9s au patrimoine, \u00e0 l\u2019identit\u00e9 et aux transformations du monde contemporain. \u00c0 travers ses chroniques, Hatem Bourial propose une lecture sensible et approfondie de l\u2019actualit\u00e9, nourrie par une exp\u00e9rience journalistique et litt\u00e9raire reconnue. \ud83d\udd17 Facebook : https:\/\/www.facebook.com\/hatem.bourial.2025","sameAs":["https:\/\/www.facebook.com\/hatem.bourial.2025","https:\/\/fr.wikipedia.org\/wiki\/Fichier:Hatem_Bourial.jpg"],"knowsAbout":["Culture & patrimoine tunisien","Chronique soci\u00e9tale","Litt\u00e9rature & m\u00e9moire","Cin\u00e9ma & critique culturelle","Identit\u00e9 & mutations sociales"],"knowsLanguage":["Arabe","Fran\u00e7ais","Anglais","Italien","Polonais"],"jobTitle":"Journaliste, \u00e9crivain et chroniqueur culturel","worksFor":"Webdo","url":"https:\/\/www.webdo.tn\/fr\/actualite\/author\/hatem-bourial-2\/"}]}},"_links":{"self":[{"href":"https:\/\/www.webdo.tn\/fr\/wp-json\/wp\/v2\/posts\/397096","targetHints":{"allow":["GET"]}}],"collection":[{"href":"https:\/\/www.webdo.tn\/fr\/wp-json\/wp\/v2\/posts"}],"about":[{"href":"https:\/\/www.webdo.tn\/fr\/wp-json\/wp\/v2\/types\/post"}],"author":[{"embeddable":true,"href":"https:\/\/www.webdo.tn\/fr\/wp-json\/wp\/v2\/users\/3229"}],"replies":[{"embeddable":true,"href":"https:\/\/www.webdo.tn\/fr\/wp-json\/wp\/v2\/comments?post=397096"}],"version-history":[{"count":1,"href":"https:\/\/www.webdo.tn\/fr\/wp-json\/wp\/v2\/posts\/397096\/revisions"}],"predecessor-version":[{"id":397098,"href":"https:\/\/www.webdo.tn\/fr\/wp-json\/wp\/v2\/posts\/397096\/revisions\/397098"}],"wp:featuredmedia":[{"embeddable":true,"href":"https:\/\/www.webdo.tn\/fr\/wp-json\/wp\/v2\/media\/397097"}],"wp:attachment":[{"href":"https:\/\/www.webdo.tn\/fr\/wp-json\/wp\/v2\/media?parent=397096"}],"wp:term":[{"taxonomy":"category","embeddable":true,"href":"https:\/\/www.webdo.tn\/fr\/wp-json\/wp\/v2\/categories?post=397096"},{"taxonomy":"post_tag","embeddable":true,"href":"https:\/\/www.webdo.tn\/fr\/wp-json\/wp\/v2\/tags?post=397096"}],"curies":[{"name":"wp","href":"https:\/\/api.w.org\/{rel}","templated":true}]}}