{"id":397089,"date":"2026-04-30T10:09:29","date_gmt":"2026-04-30T09:09:29","guid":{"rendered":"https:\/\/www.webdo.tn\/fr\/?p=397089"},"modified":"2026-04-30T10:09:31","modified_gmt":"2026-04-30T09:09:31","slug":"cannes-2026-trois-rendez-vous-avec-peter-jackson-cate-blanchett-et-tilda-swinton","status":"publish","type":"post","link":"https:\/\/www.webdo.tn\/fr\/actualite\/culture\/cannes-2026-trois-rendez-vous-avec-peter-jackson-cate-blanchett-et-tilda-swinton\/397089\/","title":{"rendered":"Cannes 2026 &#8211; Trois rendez-vous avec Peter Jackson, Cate Blanchett et Tilda Swinton"},"content":{"rendered":"\n<p><strong>Le 79e Festival de Cannes, qui se tiendra du 12 au 23 mai 2026, ne se limite pas \u00e0 la projection des films de la S\u00e9lection officielle. Comme chaque ann\u00e9e, il propose \u00e9galement des moments d\u2019\u00e9change avec des figures majeures du cin\u00e9ma contemporain, dans le cadre des \u00ab Rendez-vous du Festival \u00bb. Ces rencontres publiques, organis\u00e9es en marge des projections, offrent aux festivaliers un acc\u00e8s direct \u00e0 des artistes dont les parcours ont marqu\u00e9 l\u2019histoire r\u00e9cente du cin\u00e9ma international.<\/strong><\/p>\n\n\n\n<h2 class=\"wp-block-heading\" id=\"h-un-dispositif-installe-dans-la-duree\">Un dispositif install\u00e9 dans la dur\u00e9e<\/h2>\n\n\n\n<p>C\u2019est ainsi que chaque ann\u00e9e, les festivaliers peuvent \u00e9couter ces professionnels du cin\u00e9ma, qu\u2019il s\u2019agisse d\u2019acteurs, de r\u00e9alisateurs ou de compositeurs. Au fil des derni\u00e8res ann\u00e9es, ces rencontres ont notamment accueilli <a href=\"https:\/\/www.webdo.tn\/fr\/actualite\/culture\/cannes-2023-rencontre-avec-michael-douglas\/205803\/\">Michael Douglas<\/a>, Meryl Streep, Sylvester Stallone, Alfonso Cuar\u00f3n, ou encore Quentin Tarantino. En 2025, le Festival avait propos\u00e9 trois rendez-vous de ce type, r\u00e9unissant <a href=\"https:\/\/www.webdo.tn\/fr\/actualite\/culture\/cannes-2025-christopher-mcquarrie-et-tom-cruise-une-passion-du-cinema-partagee\/222023\/\">Christopher McQuarrie<\/a>, <a href=\"https:\/\/www.webdo.tn\/fr\/actualite\/culture\/cannes-2025-robert-de-niro-un-film-intime-un-rendez-vous-frustrant\/222000\/\">Robert De Niro<\/a>, ainsi qu\u2019une rencontre commune entre <a href=\"https:\/\/www.webdo.tn\/fr\/actualite\/culture\/cannes-2025-trois-rendez-vous-avec-des-legendes\/393124\/\">Alexandre Desplat et Guillermo del Toro, intitul\u00e9e \u00ab La le\u00e7on de musique \u00bb<\/a>, confirmant ainsi la place de ces conversations dans la programmation.<\/p>\n\n\n\n<blockquote class=\"wp-block-quote is-layout-flow wp-block-quote-is-layout-flow\">\n<ul class=\"wp-block-list\">\n<li class=\"has-medium-font-size\"><strong>Lire aussi :<\/strong> <a href=\"https:\/\/www.webdo.tn\/fr\/actualite\/culture\/cannes-2023-rencontre-avec-michael-douglas\/205803\/\">Cannes 2023 \u2013 Rencontre avec Michael Douglas<\/a><\/li>\n<\/ul>\n<\/blockquote>\n\n\n\n<p>Pour cette \u00e9dition, trois personnalit\u00e9s ont \u00e9t\u00e9 invit\u00e9es \u00e0 participer \u00e0 ces \u00e9changes : <a href=\"https:\/\/www.webdo.tn\/fr\/actualite\/culture\/cannes-2026-une-palme-dor-dhonneur-pour-peter-jackson\/394466\/\">Peter Jackson<\/a>, Cate Blanchett et Tilda Swinton. Trois trajectoires distinctes, trois rapports diff\u00e9rents au Festival, mais un m\u00eame point commun : une influence durable sur les formes, les r\u00e9cits et les imaginaires du cin\u00e9ma.<\/p>\n\n\n\n<h2 class=\"wp-block-heading\" id=\"h-peter-jackson-entre-revolution-technologique-et-reconnaissance-cannoise\">Peter Jackson, entre r\u00e9volution technologique et reconnaissance cannoise<\/h2>\n\n\n\n<p>La s\u00e9rie de rencontres s\u2019ouvrira avec Peter Jackson, le mercredi 13 mai, au lendemain de la remise de sa Palme d\u2019or d\u2019honneur. Cette distinction vient consacrer un cin\u00e9aste dont le parcours reste \u00e9troitement li\u00e9 \u00e0 une transformation profonde de l\u2019industrie hollywoodienne et du cin\u00e9ma de spectacle. Le 13 mai 2001, \u00e0 Cannes, les premi\u00e8res images de <em>Le Seigneur des Anneaux<\/em> sont d\u00e9voil\u00e9es. \u00c0 cette \u00e9poque, le projet suscite encore des doutes, tant par son ampleur que par ses ambitions techniques. La r\u00e9ception cannoise contribue alors \u00e0 dissiper ces interrogations, ouvrant la voie \u00e0 un succ\u00e8s mondial. La trilogie, produite par New Line Cinema, cumulera par la suite 17 Oscars et g\u00e9n\u00e9rera pr\u00e8s de 3 milliards de dollars de recettes. <em>Le Seigneur des Anneaux : Le Retour du<\/em> <em>roi<\/em> (2003) a remport\u00e9 \u00e0 lui seul 11 Oscars, \u00e9galant le record du plus grand nombre de statuettes pour un film.<\/p>\n\n\n\n<blockquote class=\"wp-block-quote is-layout-flow wp-block-quote-is-layout-flow\">\n<ul class=\"wp-block-list\">\n<li class=\"has-medium-font-size\"><strong>Lire aussi :<\/strong> <a href=\"https:\/\/www.webdo.tn\/fr\/actualite\/culture\/cannes-2025-trois-rendez-vous-avec-des-legendes\/393124\/\">Cannes 2025 : Trois rendez-vous avec des l\u00e9gendes<\/a><\/li>\n<\/ul>\n<\/blockquote>\n\n\n\n<p>Tourn\u00e9e en Nouvelle-Z\u00e9lande, cette adaptation de l\u2019\u0153uvre de J. R. R. Tolkien marque un tournant dans l\u2019histoire des effets visuels et red\u00e9finit les standards de l\u2019heroic fantasy au cin\u00e9ma. Peter Jackson poursuivra ensuite avec des productions d\u2019envergure comme <em>King Kong<\/em> (2005) et la trilogie du <em>Hobbit<\/em> (2012\u20132014), tout en d\u00e9veloppant un travail documentaire ambitieux, notamment avec <em>They Shall Not Grow Old<\/em> (2018) et <em>The Beatles: Get Back<\/em> (2021). La trilogie s\u2019appuie notamment sur les innovations d\u00e9velopp\u00e9es par Weta FX, soci\u00e9t\u00e9 d\u2019effets visuels cofond\u00e9e par Peter Jackson en Nouvelle-Z\u00e9lande, qui a jou\u00e9 un r\u00f4le d\u00e9terminant dans l\u2019\u00e9volution des technologies num\u00e9riques au cin\u00e9ma.<\/p>\n\n\n\n<h2 class=\"wp-block-heading\" id=\"h-cate-blanchett-une-actrice-engagee-sur-et-hors-ecran\">Cate Blanchett, une actrice engag\u00e9e sur et hors \u00e9cran<\/h2>\n\n\n\n<p>Le deuxi\u00e8me rendez-vous aura lieu le dimanche 17 mai avec Cate Blanchett, figure majeure du cin\u00e9ma contemporain, dont la carri\u00e8re se distingue par la diversit\u00e9 de ses r\u00f4les et de ses collaborations. Ses performances dans <em>T\u00e1r<\/em> (2022), <em>Carol <\/em>(2015), <em>I\u2019m Not There<\/em> (2007), <em>Blue Jasmine<\/em> (2013), <em>The Aviator<\/em> (2004) ou encore<em> Elizabeth<\/em> (1998) lui ont valu deux Oscars, quatre BAFTA et quatre Golden Globes.<\/p>\n\n\n\n<p>Sa relation avec Cannes commence en 1999, ann\u00e9e de sa premi\u00e8re participation. Elle y revient en 2019 en tant que Pr\u00e9sidente du Jury, avant de pr\u00e9sider celui de Venise en 2020.<\/p>\n\n\n\n<blockquote class=\"wp-block-quote is-layout-flow wp-block-quote-is-layout-flow\">\n<ul class=\"wp-block-list\">\n<li class=\"has-medium-font-size\"><strong>Lire aussi : <\/strong><a href=\"https:\/\/www.webdo.tn\/fr\/actualite\/culture\/cannes-2025-christopher-mcquarrie-et-tom-cruise-une-passion-du-cinema-partagee\/222023\/\">Cannes 2025 : Christopher McQuarrie et Tom Cruise, une passion du cin\u00e9ma partag\u00e9e<\/a><\/li>\n<\/ul>\n<\/blockquote>\n\n\n\n<p>Au fil des ann\u00e9es, elle a re\u00e7u de nombreuses distinctions internationales, parmi lesquelles le BFI Fellowship, ainsi que des prix tels que Kubrick, Volpi, Goya, AACTA et Donostia. En France, elle est Chevalier de l\u2019Ordre des Arts et des Lettres, tandis qu\u2019en Australie, elle a \u00e9t\u00e9 \u00e9lev\u00e9e au rang de Compagnon de l\u2019Ordre d\u2019Australie.<\/p>\n\n\n\n<p>Au-del\u00e0 de son travail d\u2019actrice, Cate Blanchett s\u2019est \u00e9galement engag\u00e9e dans la production, en codirigeant la soci\u00e9t\u00e9 Dirty Films avec Andrew Upton et Coco Francini. Elle est aussi \u00e0 l\u2019origine du Proof of Concept, une initiative destin\u00e9e \u00e0 soutenir les voix des femmes, des personnes transgenres et non-binaires dans l\u2019industrie. Par ailleurs, elle a fond\u00e9 le Displacement Film Fund, un fonds d\u00e9di\u00e9 aux cin\u00e9astes r\u00e9fugi\u00e9s et aux r\u00e9cits li\u00e9s aux d\u00e9placements forc\u00e9s. Cet engagement s\u2019inscrit \u00e9galement dans son r\u00f4le d\u2019ambassadrice de bonne volont\u00e9 du HCR.<\/p>\n\n\n\n<p>Lors du Festival de Cannes 2024, Cate Blanchett avait d\u00e9j\u00e0 suscit\u00e9 de nombreux commentaires lors de la mont\u00e9e des marches de <em>The Apprentice<\/em> (2024). Elle portait alors une robe Jean Paul Gaultier haute couture, dessin\u00e9e par Haider Ackermann, dont les couleurs &#8211; noir, vert, blanc &#8211; ont \u00e9t\u00e9 associ\u00e9es par de nombreux internautes au drapeau palestinien, le tapis rouge compl\u00e9tant visuellement cette lecture. L\u2019actrice n\u2019a pas comment\u00e9 publiquement cette interpr\u00e9tation, mais cette apparition a \u00e9t\u00e9 largement relay\u00e9e comme un possible geste de soutien aux Palestiniens, dans un contexte o\u00f9 la guerre \u00e0 Gaza traversait aussi les prises de position du monde culturel.<\/p>\n\n\n\n<blockquote class=\"wp-block-quote is-layout-flow wp-block-quote-is-layout-flow\">\n<ul class=\"wp-block-list\">\n<li class=\"has-medium-font-size\"><strong>Lire aussi :<\/strong> <a href=\"https:\/\/www.webdo.tn\/fr\/actualite\/culture\/cannes-2025-robert-de-niro-un-film-intime-un-rendez-vous-frustrant\/222000\/\">Cannes 2025 \u2013 Robert De Niro, un film intime, un rendez-vous frustrant<\/a><\/li>\n<\/ul>\n<\/blockquote>\n\n\n\n<p>\u00c0 Cannes 2026, elle animera \u00e9galement une table ronde, comme en 2025, qui annoncera la future promotion des artistes soutenus dans le cadre du Proof of Concept.<\/p>\n\n\n\n<h2 class=\"wp-block-heading\" id=\"h-tilda-swinton-une-trajectoire-singuliere-entre-experimental-et-grand-public\">Tilda Swinton, une trajectoire singuli\u00e8re entre exp\u00e9rimental et grand public<\/h2>\n\n\n\n<p>Le troisi\u00e8me rendez-vous se tiendra le jeudi 21 mai avec Tilda Swinton, dont le parcours \u00e9chappe aux classifications traditionnelles. R\u00e9v\u00e9l\u00e9e en 1992 par<em> Orlando<\/em> (1992) de Sally Potter, elle s\u2019impose rapidement comme une figure singuli\u00e8re du cin\u00e9ma international. Sa collaboration avec Derek Jarman, dont elle a \u00e9t\u00e9 l\u2019interpr\u00e8te dans tous les films entre 1985 et 1994, constitue un \u00e9l\u00e9ment central de son parcours. En 1991, elle re\u00e7oit le prix de la meilleure actrice \u00e0 la Mostra de Venise pour <em>Edward II<\/em>. En 2008, elle remporte l\u2019Oscar et le BAFTA du meilleur second r\u00f4le pour <em>Michael Clayton<\/em>.<\/p>\n\n\n\n<p>Sa carri\u00e8re se caract\u00e9rise par une capacit\u00e9 \u00e0 naviguer entre cin\u00e9ma exp\u00e9rimental et productions grand public, collaborant avec Wes Anderson, Joanna Hogg, Jim Jarmusch ou encore Bong Joon-ho, qu\u2019elle a d\u2019ailleurs \u00e0 plusieurs reprises accompagn\u00e9s \u00e0 Cannes, notamment Bong Joon-ho pour <em>Okja<\/em> (2017), Jim Jarmusch pour <em>The Dead Don\u2019t Die<\/em> (2019), Wes Anderson pour <em>The French Dispatch<\/em> (2021) et <em>Asteroid City<\/em> (2023), ainsi qu\u2019Apichatpong Weerasethakul pour <em>M\u00e9moria<\/em> (2021).<\/p>\n\n\n\n<p>Tilda Swinton a \u00e9galement \u00e9t\u00e9 membre du Jury du Festival en 2004, o\u00f9 elle s\u2019est r\u00e9v\u00e9l\u00e9e une spectatrice attentive et exigeante.<\/p>\n\n\n\n<h2 class=\"wp-block-heading\" id=\"h-des-echanges-au-coeur-de-l-experience-cannoise\">Des \u00e9changes au c\u0153ur de l\u2019exp\u00e9rience cannoise<\/h2>\n\n\n\n<p>\u00c0 travers ces trois rencontres, le Festival de Cannes prolonge sa fonction de lieu de projection en espace de dialogue, o\u00f9 les \u0153uvres ne sont plus seulement montr\u00e9es, mais discut\u00e9es, replac\u00e9es dans des parcours, des contextes et des \u00e9volutions. Ces \u00e9changes publics participent ainsi \u00e0 une autre forme de circulation du cin\u00e9ma, moins visible que les projections, mais tout aussi structurante.<\/p>\n\n\n\n<p>Reste \u00e0 savoir si, dans un contexte o\u00f9 les festivals cherchent \u00e0 renouveler leurs formats et leur relation avec le public, ces conversations peuvent devenir un espace de r\u00e9flexion sur le cin\u00e9ma \u00e0 venir, au-del\u00e0 du regard port\u00e9 sur les carri\u00e8res d\u00e9j\u00e0 consacr\u00e9es.<\/p>\n\n\n\n<blockquote class=\"wp-block-quote is-layout-flow wp-block-quote-is-layout-flow\">\n<ul class=\"wp-block-list\">\n<li class=\"has-medium-font-size\"><strong>Lire aussi :<\/strong> <a href=\"https:\/\/www.webdo.tn\/fr\/actualite\/culture\/cannes-2026-une-palme-dor-dhonneur-pour-peter-jackson\/394466\/\">Cannes 2026 \u2013 Une Palme d\u2019or d\u2019honneur pour Peter Jackson<\/a><\/li>\n<\/ul>\n<\/blockquote>\n\n\n\n<p><\/p>\n\n\n<div class=\"wp-block-image\">\n<figure class=\"aligncenter size-full\"><img decoding=\"async\" width=\"939\" height=\"232\" src=\"https:\/\/www.webdo.tn\/fr\/wp-content\/uploads\/2026\/04\/Fest.jpg\" alt=\"\" class=\"wp-image-397090\" srcset=\"https:\/\/www.webdo.tn\/fr\/wp-content\/uploads\/2026\/04\/Fest.jpg 939w, https:\/\/www.webdo.tn\/fr\/wp-content\/uploads\/2026\/04\/Fest-300x74.jpg 300w, https:\/\/www.webdo.tn\/fr\/wp-content\/uploads\/2026\/04\/Fest-768x190.jpg 768w, https:\/\/www.webdo.tn\/fr\/wp-content\/uploads\/2026\/04\/Fest-750x185.jpg 750w\" sizes=\"(max-width: 939px) 100vw, 939px\" \/><\/figure>\n<\/div>","protected":false},"excerpt":{"rendered":"<p>Le 79e Festival de Cannes, qui se tiendra du 12 au 23 mai 2026, ne se limite pas \u00e0 la projection des films de la S\u00e9lection officielle. Comme chaque ann\u00e9e, il propose \u00e9galement des moments d\u2019\u00e9change avec des figures majeures du cin\u00e9ma contemporain, dans le cadre des \u00ab Rendez-vous du Festival \u00bb. Ces rencontres publiques, [&hellip;]<\/p>\n","protected":false},"author":3164,"featured_media":397091,"comment_status":"closed","ping_status":"closed","sticky":false,"template":"","format":"standard","meta":{"footnotes":""},"categories":[2594],"tags":[13783,14074,2627,14073,14075],"class_list":["post-397089","post","type-post","status-publish","format-standard","has-post-thumbnail","hentry","category-culture","tag-cannes-2026","tag-cate-blanchett","tag-festival-de-cannes","tag-peter-jackson","tag-tilda-swinton"],"yoast_head":"<!-- This site is optimized with the Yoast SEO Premium plugin v27.5 (Yoast SEO v27.5) - https:\/\/yoast.com\/product\/yoast-seo-premium-wordpress\/ -->\n<title>Cannes 2026 - Trois rendez-vous avec Peter Jackson, Cate Blanchett et Tilda Swinton - webdo<\/title>\n<meta name=\"description\" content=\"Plongez dans le festival Cannes 2026, avec des \u00e9changes inoubliables entre festivaliers et figures du cin\u00e9ma contemporain.\" \/>\n<link rel=\"canonical\" href=\"https:\/\/www.webdo.tn\/fr\/actualite\/culture\/cannes-2026-trois-rendez-vous-avec-peter-jackson-cate-blanchett-et-tilda-swinton\/397089\/\" \/>\n<meta property=\"og:locale\" content=\"fr_FR\" \/>\n<meta property=\"og:type\" content=\"article\" \/>\n<meta property=\"og:title\" content=\"Cannes 2026 - Trois rendez-vous avec Peter Jackson, Cate Blanchett et Tilda Swinton\" \/>\n<meta property=\"og:description\" content=\"Plongez dans le festival Cannes 2026, avec des \u00e9changes inoubliables entre festivaliers et figures du cin\u00e9ma contemporain.\" \/>\n<meta property=\"og:url\" content=\"https:\/\/www.webdo.tn\/fr\/actualite\/culture\/cannes-2026-trois-rendez-vous-avec-peter-jackson-cate-blanchett-et-tilda-swinton\/397089\/\" \/>\n<meta property=\"og:site_name\" content=\"webdo\" \/>\n<meta property=\"article:publisher\" content=\"https:\/\/www.facebook.com\/webdotn\" \/>\n<meta property=\"article:author\" content=\"https:\/\/www.facebook.com\/massir.destiniii\/\" \/>\n<meta property=\"article:published_time\" content=\"2026-04-30T09:09:29+00:00\" \/>\n<meta property=\"article:modified_time\" content=\"2026-04-30T09:09:31+00:00\" \/>\n<meta property=\"og:image\" content=\"https:\/\/www.webdo.tn\/fr\/wp-content\/uploads\/2026\/04\/Cannes-2026-3.jpg\" \/>\n\t<meta property=\"og:image:width\" content=\"1200\" \/>\n\t<meta property=\"og:image:height\" content=\"600\" \/>\n\t<meta property=\"og:image:type\" content=\"image\/jpeg\" \/>\n<meta name=\"author\" content=\"Ne\u00efla DRISS\" \/>\n<meta name=\"twitter:card\" content=\"summary_large_image\" \/>\n<meta name=\"twitter:creator\" content=\"@https:\/\/x.com\/MassirDestin\" \/>\n<meta name=\"twitter:site\" content=\"@webdo_tn\" \/>\n<meta name=\"twitter:label1\" content=\"\u00c9crit par\" \/>\n\t<meta name=\"twitter:data1\" content=\"Ne\u00efla DRISS\" \/>\n\t<meta name=\"twitter:label2\" content=\"Dur\u00e9e de lecture estim\u00e9e\" \/>\n\t<meta name=\"twitter:data2\" content=\"7 minutes\" \/>\n<script type=\"application\/ld+json\" class=\"yoast-schema-graph\">{\"@context\":\"https:\\\/\\\/schema.org\",\"@graph\":[{\"@type\":\"NewsArticle\",\"@id\":\"https:\\\/\\\/www.webdo.tn\\\/fr\\\/actualite\\\/culture\\\/cannes-2026-trois-rendez-vous-avec-peter-jackson-cate-blanchett-et-tilda-swinton\\\/397089\\\/#article\",\"isPartOf\":{\"@id\":\"https:\\\/\\\/www.webdo.tn\\\/fr\\\/actualite\\\/culture\\\/cannes-2026-trois-rendez-vous-avec-peter-jackson-cate-blanchett-et-tilda-swinton\\\/397089\\\/\"},\"author\":{\"name\":\"Ne\u00efla DRISS\",\"@id\":\"https:\\\/\\\/www.webdo.tn\\\/fr\\\/#\\\/schema\\\/person\\\/60d5ba619ed3f58783b0dc82b7dada80\"},\"headline\":\"Cannes 2026 &#8211; Trois rendez-vous avec Peter Jackson, Cate Blanchett et Tilda Swinton\",\"datePublished\":\"2026-04-30T09:09:29+00:00\",\"dateModified\":\"2026-04-30T09:09:31+00:00\",\"mainEntityOfPage\":{\"@id\":\"https:\\\/\\\/www.webdo.tn\\\/fr\\\/actualite\\\/culture\\\/cannes-2026-trois-rendez-vous-avec-peter-jackson-cate-blanchett-et-tilda-swinton\\\/397089\\\/\"},\"wordCount\":1304,\"publisher\":{\"@id\":\"https:\\\/\\\/www.webdo.tn\\\/fr\\\/#organization\"},\"image\":{\"@id\":\"https:\\\/\\\/www.webdo.tn\\\/fr\\\/actualite\\\/culture\\\/cannes-2026-trois-rendez-vous-avec-peter-jackson-cate-blanchett-et-tilda-swinton\\\/397089\\\/#primaryimage\"},\"thumbnailUrl\":\"https:\\\/\\\/www.webdo.tn\\\/fr\\\/wp-content\\\/uploads\\\/2026\\\/04\\\/Cannes-2026-3.jpg\",\"keywords\":[\"Cannes 2026\",\"Cate Blanchett\",\"Festival de Cannes\",\"Peter Jackson\",\"Tilda Swinton\"],\"articleSection\":[\"Culture\"],\"inLanguage\":\"fr-FR\"},{\"@type\":\"WebPage\",\"@id\":\"https:\\\/\\\/www.webdo.tn\\\/fr\\\/actualite\\\/culture\\\/cannes-2026-trois-rendez-vous-avec-peter-jackson-cate-blanchett-et-tilda-swinton\\\/397089\\\/\",\"url\":\"https:\\\/\\\/www.webdo.tn\\\/fr\\\/actualite\\\/culture\\\/cannes-2026-trois-rendez-vous-avec-peter-jackson-cate-blanchett-et-tilda-swinton\\\/397089\\\/\",\"name\":\"Cannes 2026 - Trois rendez-vous avec Peter Jackson, Cate Blanchett et Tilda Swinton - webdo\",\"isPartOf\":{\"@id\":\"https:\\\/\\\/www.webdo.tn\\\/fr\\\/#website\"},\"primaryImageOfPage\":{\"@id\":\"https:\\\/\\\/www.webdo.tn\\\/fr\\\/actualite\\\/culture\\\/cannes-2026-trois-rendez-vous-avec-peter-jackson-cate-blanchett-et-tilda-swinton\\\/397089\\\/#primaryimage\"},\"image\":{\"@id\":\"https:\\\/\\\/www.webdo.tn\\\/fr\\\/actualite\\\/culture\\\/cannes-2026-trois-rendez-vous-avec-peter-jackson-cate-blanchett-et-tilda-swinton\\\/397089\\\/#primaryimage\"},\"thumbnailUrl\":\"https:\\\/\\\/www.webdo.tn\\\/fr\\\/wp-content\\\/uploads\\\/2026\\\/04\\\/Cannes-2026-3.jpg\",\"datePublished\":\"2026-04-30T09:09:29+00:00\",\"dateModified\":\"2026-04-30T09:09:31+00:00\",\"description\":\"Plongez dans le festival Cannes 2026, avec des \u00e9changes inoubliables entre festivaliers et figures du cin\u00e9ma contemporain.\",\"breadcrumb\":{\"@id\":\"https:\\\/\\\/www.webdo.tn\\\/fr\\\/actualite\\\/culture\\\/cannes-2026-trois-rendez-vous-avec-peter-jackson-cate-blanchett-et-tilda-swinton\\\/397089\\\/#breadcrumb\"},\"inLanguage\":\"fr-FR\",\"potentialAction\":[{\"@type\":\"ReadAction\",\"target\":[\"https:\\\/\\\/www.webdo.tn\\\/fr\\\/actualite\\\/culture\\\/cannes-2026-trois-rendez-vous-avec-peter-jackson-cate-blanchett-et-tilda-swinton\\\/397089\\\/\"]}]},{\"@type\":\"ImageObject\",\"inLanguage\":\"fr-FR\",\"@id\":\"https:\\\/\\\/www.webdo.tn\\\/fr\\\/actualite\\\/culture\\\/cannes-2026-trois-rendez-vous-avec-peter-jackson-cate-blanchett-et-tilda-swinton\\\/397089\\\/#primaryimage\",\"url\":\"https:\\\/\\\/www.webdo.tn\\\/fr\\\/wp-content\\\/uploads\\\/2026\\\/04\\\/Cannes-2026-3.jpg\",\"contentUrl\":\"https:\\\/\\\/www.webdo.tn\\\/fr\\\/wp-content\\\/uploads\\\/2026\\\/04\\\/Cannes-2026-3.jpg\",\"width\":1200,\"height\":600,\"caption\":\"De gauche \u00e0 droite : Cate Blanchett \u00a9 Tom Munro \\\/ Sir Peter Jackson \u00a9 Michael Tran\\\/FilmMagic \\\/ Tilda Swinton \u00a9 JB Lacroix\\\/FilmMagic\"},{\"@type\":\"BreadcrumbList\",\"@id\":\"https:\\\/\\\/www.webdo.tn\\\/fr\\\/actualite\\\/culture\\\/cannes-2026-trois-rendez-vous-avec-peter-jackson-cate-blanchett-et-tilda-swinton\\\/397089\\\/#breadcrumb\",\"itemListElement\":[{\"@type\":\"ListItem\",\"position\":1,\"name\":\"Accueil\",\"item\":\"https:\\\/\\\/www.webdo.tn\\\/fr\\\/\"},{\"@type\":\"ListItem\",\"position\":2,\"name\":\"Cannes 2026 &#8211; Trois rendez-vous avec Peter Jackson, Cate Blanchett et Tilda Swinton\"}]},{\"@type\":\"WebSite\",\"@id\":\"https:\\\/\\\/www.webdo.tn\\\/fr\\\/#website\",\"url\":\"https:\\\/\\\/www.webdo.tn\\\/fr\\\/\",\"name\":\"webdo\",\"description\":\"Tunisie - News en Tunisie et \u00e0 l&#039;international sur Webdo.tn\",\"publisher\":{\"@id\":\"https:\\\/\\\/www.webdo.tn\\\/fr\\\/#organization\"},\"potentialAction\":[{\"@type\":\"SearchAction\",\"target\":{\"@type\":\"EntryPoint\",\"urlTemplate\":\"https:\\\/\\\/www.webdo.tn\\\/fr\\\/?s={search_term_string}\"},\"query-input\":{\"@type\":\"PropertyValueSpecification\",\"valueRequired\":true,\"valueName\":\"search_term_string\"}}],\"inLanguage\":\"fr-FR\"},{\"@type\":\"Organization\",\"@id\":\"https:\\\/\\\/www.webdo.tn\\\/fr\\\/#organization\",\"name\":\"Webdo\",\"alternateName\":\"Webdo.tn\",\"url\":\"https:\\\/\\\/www.webdo.tn\\\/fr\\\/\",\"logo\":{\"@type\":\"ImageObject\",\"inLanguage\":\"fr-FR\",\"@id\":\"https:\\\/\\\/www.webdo.tn\\\/fr\\\/#\\\/schema\\\/logo\\\/image\\\/\",\"url\":\"https:\\\/\\\/www.webdo.tn\\\/fr\\\/wp-content\\\/uploads\\\/2025\\\/06\\\/Webdo-Tunisie_168377.jpg\",\"contentUrl\":\"https:\\\/\\\/www.webdo.tn\\\/fr\\\/wp-content\\\/uploads\\\/2025\\\/06\\\/Webdo-Tunisie_168377.jpg\",\"width\":301,\"height\":301,\"caption\":\"Webdo\"},\"image\":{\"@id\":\"https:\\\/\\\/www.webdo.tn\\\/fr\\\/#\\\/schema\\\/logo\\\/image\\\/\"},\"sameAs\":[\"https:\\\/\\\/www.facebook.com\\\/webdotn\",\"https:\\\/\\\/x.com\\\/webdo_tn\"],\"description\":\"Webdo est un m\u00e9dia num\u00e9rique tunisien fond\u00e9 en 2010, sp\u00e9cialis\u00e9 dans l\u2019actualit\u00e9 nationale et internationale, l\u2019\u00e9conomie, la soci\u00e9t\u00e9 et les analyses politiques. Le site s\u2019adresse \u00e0 un large public francophone et couvre l\u2019information tunisienne en temps r\u00e9el.\",\"email\":\"redac@webdo.tn\",\"legalName\":\"YNJ SARL\",\"foundingDate\":\"2010-09-06\",\"numberOfEmployees\":{\"@type\":\"QuantitativeValue\",\"minValue\":\"11\",\"maxValue\":\"50\"}},{\"@type\":\"Person\",\"@id\":\"https:\\\/\\\/www.webdo.tn\\\/fr\\\/#\\\/schema\\\/person\\\/60d5ba619ed3f58783b0dc82b7dada80\",\"name\":\"Ne\u00efla DRISS\",\"image\":{\"@type\":\"ImageObject\",\"inLanguage\":\"fr-FR\",\"@id\":\"https:\\\/\\\/www.webdo.tn\\\/fr\\\/wp-content\\\/uploads\\\/2026\\\/04\\\/neila-driss_avatar-96x96.jpg\",\"url\":\"https:\\\/\\\/www.webdo.tn\\\/fr\\\/wp-content\\\/uploads\\\/2026\\\/04\\\/neila-driss_avatar-96x96.jpg\",\"contentUrl\":\"https:\\\/\\\/www.webdo.tn\\\/fr\\\/wp-content\\\/uploads\\\/2026\\\/04\\\/neila-driss_avatar-96x96.jpg\",\"caption\":\"Ne\u00efla DRISS\"},\"description\":\"Ne\u00efla Driss est juriste, journaliste culturelle et critique de cin\u00e9ma tunisienne. Titulaire d\u2019un DEA en droit priv\u00e9 de l\u2019Universit\u00e9 Paris II et d\u2019un DESS de l\u2019IHEC Carthage, elle d\u00e9bute sa carri\u00e8re comme juriste sp\u00e9cialis\u00e9e en gestion de patrimoine immobilier. Elle s\u2019oriente ensuite vers l\u2019\u00e9criture en ligne, o\u00f9 elle se distingue d\u00e8s 2006 aux Tunisia Blog Awards, avant de se consacrer au journalisme culturel, avec une sp\u00e9cialisation dans la critique cin\u00e9matographique. Elle couvre r\u00e9guli\u00e8rement les grands festivals internationaux, notamment le Festival de Cannes, les Journ\u00e9es Cin\u00e9matographiques de Carthage et le Festival du film du Caire. Membre de l\u2019ATPCC et de la FIPRESCI, elle participe \u00e0 des jurys et initiatives internationales de critique. Depuis 2024, elle est \u00e9lectrice internationale aux Golden Globes. Facebook : https:\\\/\\\/www.facebook.com\\\/massir.destiniii\\\/ X : https:\\\/\\\/x.com\\\/MassirDestin\",\"sameAs\":[\"https:\\\/\\\/www.facebook.com\\\/massir.destiniii\\\/\",\"https:\\\/\\\/www.instagram.com\\\/neila.driss\\\/?hl=fr\",\"https:\\\/\\\/www.linkedin.com\\\/in\\\/neila-driss-22606a80\\\/\",\"https:\\\/\\\/x.com\\\/https:\\\/\\\/x.com\\\/MassirDestin\"],\"knowsAbout\":[\"Cin\u00e9ma international\",\"critique cin\u00e9matographique\",\"festivals de cin\u00e9ma\",\"journalisme culturel\"],\"knowsLanguage\":[\"Fran\u00e7ais\",\"Arabe\",\"Anglais\"],\"jobTitle\":\"Journaliste culturelle et critique de cin\u00e9ma\",\"worksFor\":\"Webdo\",\"url\":\"https:\\\/\\\/www.webdo.tn\\\/fr\\\/actualite\\\/author\\\/neila-driss\\\/\"}]}<\/script>\n<!-- \/ Yoast SEO Premium plugin. -->","yoast_head_json":{"title":"Cannes 2026 - Trois rendez-vous avec Peter Jackson, Cate Blanchett et Tilda Swinton - webdo","description":"Plongez dans le festival Cannes 2026, avec des \u00e9changes inoubliables entre festivaliers et figures du cin\u00e9ma contemporain.","canonical":"https:\/\/www.webdo.tn\/fr\/actualite\/culture\/cannes-2026-trois-rendez-vous-avec-peter-jackson-cate-blanchett-et-tilda-swinton\/397089\/","og_locale":"fr_FR","og_type":"article","og_title":"Cannes 2026 - Trois rendez-vous avec Peter Jackson, Cate Blanchett et Tilda Swinton","og_description":"Plongez dans le festival Cannes 2026, avec des \u00e9changes inoubliables entre festivaliers et figures du cin\u00e9ma contemporain.","og_url":"https:\/\/www.webdo.tn\/fr\/actualite\/culture\/cannes-2026-trois-rendez-vous-avec-peter-jackson-cate-blanchett-et-tilda-swinton\/397089\/","og_site_name":"webdo","article_publisher":"https:\/\/www.facebook.com\/webdotn","article_author":"https:\/\/www.facebook.com\/massir.destiniii\/","article_published_time":"2026-04-30T09:09:29+00:00","article_modified_time":"2026-04-30T09:09:31+00:00","og_image":[{"width":1200,"height":600,"url":"https:\/\/www.webdo.tn\/fr\/wp-content\/uploads\/2026\/04\/Cannes-2026-3.jpg","type":"image\/jpeg"}],"author":"Ne\u00efla DRISS","twitter_card":"summary_large_image","twitter_creator":"@https:\/\/x.com\/MassirDestin","twitter_site":"@webdo_tn","twitter_misc":{"\u00c9crit par":"Ne\u00efla DRISS","Dur\u00e9e de lecture estim\u00e9e":"7 minutes"},"schema":{"@context":"https:\/\/schema.org","@graph":[{"@type":"NewsArticle","@id":"https:\/\/www.webdo.tn\/fr\/actualite\/culture\/cannes-2026-trois-rendez-vous-avec-peter-jackson-cate-blanchett-et-tilda-swinton\/397089\/#article","isPartOf":{"@id":"https:\/\/www.webdo.tn\/fr\/actualite\/culture\/cannes-2026-trois-rendez-vous-avec-peter-jackson-cate-blanchett-et-tilda-swinton\/397089\/"},"author":{"name":"Ne\u00efla DRISS","@id":"https:\/\/www.webdo.tn\/fr\/#\/schema\/person\/60d5ba619ed3f58783b0dc82b7dada80"},"headline":"Cannes 2026 &#8211; Trois rendez-vous avec Peter Jackson, Cate Blanchett et Tilda Swinton","datePublished":"2026-04-30T09:09:29+00:00","dateModified":"2026-04-30T09:09:31+00:00","mainEntityOfPage":{"@id":"https:\/\/www.webdo.tn\/fr\/actualite\/culture\/cannes-2026-trois-rendez-vous-avec-peter-jackson-cate-blanchett-et-tilda-swinton\/397089\/"},"wordCount":1304,"publisher":{"@id":"https:\/\/www.webdo.tn\/fr\/#organization"},"image":{"@id":"https:\/\/www.webdo.tn\/fr\/actualite\/culture\/cannes-2026-trois-rendez-vous-avec-peter-jackson-cate-blanchett-et-tilda-swinton\/397089\/#primaryimage"},"thumbnailUrl":"https:\/\/www.webdo.tn\/fr\/wp-content\/uploads\/2026\/04\/Cannes-2026-3.jpg","keywords":["Cannes 2026","Cate Blanchett","Festival de Cannes","Peter Jackson","Tilda Swinton"],"articleSection":["Culture"],"inLanguage":"fr-FR"},{"@type":"WebPage","@id":"https:\/\/www.webdo.tn\/fr\/actualite\/culture\/cannes-2026-trois-rendez-vous-avec-peter-jackson-cate-blanchett-et-tilda-swinton\/397089\/","url":"https:\/\/www.webdo.tn\/fr\/actualite\/culture\/cannes-2026-trois-rendez-vous-avec-peter-jackson-cate-blanchett-et-tilda-swinton\/397089\/","name":"Cannes 2026 - Trois rendez-vous avec Peter Jackson, Cate Blanchett et Tilda Swinton - webdo","isPartOf":{"@id":"https:\/\/www.webdo.tn\/fr\/#website"},"primaryImageOfPage":{"@id":"https:\/\/www.webdo.tn\/fr\/actualite\/culture\/cannes-2026-trois-rendez-vous-avec-peter-jackson-cate-blanchett-et-tilda-swinton\/397089\/#primaryimage"},"image":{"@id":"https:\/\/www.webdo.tn\/fr\/actualite\/culture\/cannes-2026-trois-rendez-vous-avec-peter-jackson-cate-blanchett-et-tilda-swinton\/397089\/#primaryimage"},"thumbnailUrl":"https:\/\/www.webdo.tn\/fr\/wp-content\/uploads\/2026\/04\/Cannes-2026-3.jpg","datePublished":"2026-04-30T09:09:29+00:00","dateModified":"2026-04-30T09:09:31+00:00","description":"Plongez dans le festival Cannes 2026, avec des \u00e9changes inoubliables entre festivaliers et figures du cin\u00e9ma contemporain.","breadcrumb":{"@id":"https:\/\/www.webdo.tn\/fr\/actualite\/culture\/cannes-2026-trois-rendez-vous-avec-peter-jackson-cate-blanchett-et-tilda-swinton\/397089\/#breadcrumb"},"inLanguage":"fr-FR","potentialAction":[{"@type":"ReadAction","target":["https:\/\/www.webdo.tn\/fr\/actualite\/culture\/cannes-2026-trois-rendez-vous-avec-peter-jackson-cate-blanchett-et-tilda-swinton\/397089\/"]}]},{"@type":"ImageObject","inLanguage":"fr-FR","@id":"https:\/\/www.webdo.tn\/fr\/actualite\/culture\/cannes-2026-trois-rendez-vous-avec-peter-jackson-cate-blanchett-et-tilda-swinton\/397089\/#primaryimage","url":"https:\/\/www.webdo.tn\/fr\/wp-content\/uploads\/2026\/04\/Cannes-2026-3.jpg","contentUrl":"https:\/\/www.webdo.tn\/fr\/wp-content\/uploads\/2026\/04\/Cannes-2026-3.jpg","width":1200,"height":600,"caption":"De gauche \u00e0 droite : Cate Blanchett \u00a9 Tom Munro \/ Sir Peter Jackson \u00a9 Michael Tran\/FilmMagic \/ Tilda Swinton \u00a9 JB Lacroix\/FilmMagic"},{"@type":"BreadcrumbList","@id":"https:\/\/www.webdo.tn\/fr\/actualite\/culture\/cannes-2026-trois-rendez-vous-avec-peter-jackson-cate-blanchett-et-tilda-swinton\/397089\/#breadcrumb","itemListElement":[{"@type":"ListItem","position":1,"name":"Accueil","item":"https:\/\/www.webdo.tn\/fr\/"},{"@type":"ListItem","position":2,"name":"Cannes 2026 &#8211; Trois rendez-vous avec Peter Jackson, Cate Blanchett et Tilda Swinton"}]},{"@type":"WebSite","@id":"https:\/\/www.webdo.tn\/fr\/#website","url":"https:\/\/www.webdo.tn\/fr\/","name":"webdo","description":"Tunisie - News en Tunisie et \u00e0 l&#039;international sur Webdo.tn","publisher":{"@id":"https:\/\/www.webdo.tn\/fr\/#organization"},"potentialAction":[{"@type":"SearchAction","target":{"@type":"EntryPoint","urlTemplate":"https:\/\/www.webdo.tn\/fr\/?s={search_term_string}"},"query-input":{"@type":"PropertyValueSpecification","valueRequired":true,"valueName":"search_term_string"}}],"inLanguage":"fr-FR"},{"@type":"Organization","@id":"https:\/\/www.webdo.tn\/fr\/#organization","name":"Webdo","alternateName":"Webdo.tn","url":"https:\/\/www.webdo.tn\/fr\/","logo":{"@type":"ImageObject","inLanguage":"fr-FR","@id":"https:\/\/www.webdo.tn\/fr\/#\/schema\/logo\/image\/","url":"https:\/\/www.webdo.tn\/fr\/wp-content\/uploads\/2025\/06\/Webdo-Tunisie_168377.jpg","contentUrl":"https:\/\/www.webdo.tn\/fr\/wp-content\/uploads\/2025\/06\/Webdo-Tunisie_168377.jpg","width":301,"height":301,"caption":"Webdo"},"image":{"@id":"https:\/\/www.webdo.tn\/fr\/#\/schema\/logo\/image\/"},"sameAs":["https:\/\/www.facebook.com\/webdotn","https:\/\/x.com\/webdo_tn"],"description":"Webdo est un m\u00e9dia num\u00e9rique tunisien fond\u00e9 en 2010, sp\u00e9cialis\u00e9 dans l\u2019actualit\u00e9 nationale et internationale, l\u2019\u00e9conomie, la soci\u00e9t\u00e9 et les analyses politiques. Le site s\u2019adresse \u00e0 un large public francophone et couvre l\u2019information tunisienne en temps r\u00e9el.","email":"redac@webdo.tn","legalName":"YNJ SARL","foundingDate":"2010-09-06","numberOfEmployees":{"@type":"QuantitativeValue","minValue":"11","maxValue":"50"}},{"@type":"Person","@id":"https:\/\/www.webdo.tn\/fr\/#\/schema\/person\/60d5ba619ed3f58783b0dc82b7dada80","name":"Ne\u00efla DRISS","image":{"@type":"ImageObject","inLanguage":"fr-FR","@id":"https:\/\/www.webdo.tn\/fr\/wp-content\/uploads\/2026\/04\/neila-driss_avatar-96x96.jpg","url":"https:\/\/www.webdo.tn\/fr\/wp-content\/uploads\/2026\/04\/neila-driss_avatar-96x96.jpg","contentUrl":"https:\/\/www.webdo.tn\/fr\/wp-content\/uploads\/2026\/04\/neila-driss_avatar-96x96.jpg","caption":"Ne\u00efla DRISS"},"description":"Ne\u00efla Driss est juriste, journaliste culturelle et critique de cin\u00e9ma tunisienne. Titulaire d\u2019un DEA en droit priv\u00e9 de l\u2019Universit\u00e9 Paris II et d\u2019un DESS de l\u2019IHEC Carthage, elle d\u00e9bute sa carri\u00e8re comme juriste sp\u00e9cialis\u00e9e en gestion de patrimoine immobilier. Elle s\u2019oriente ensuite vers l\u2019\u00e9criture en ligne, o\u00f9 elle se distingue d\u00e8s 2006 aux Tunisia Blog Awards, avant de se consacrer au journalisme culturel, avec une sp\u00e9cialisation dans la critique cin\u00e9matographique. Elle couvre r\u00e9guli\u00e8rement les grands festivals internationaux, notamment le Festival de Cannes, les Journ\u00e9es Cin\u00e9matographiques de Carthage et le Festival du film du Caire. Membre de l\u2019ATPCC et de la FIPRESCI, elle participe \u00e0 des jurys et initiatives internationales de critique. Depuis 2024, elle est \u00e9lectrice internationale aux Golden Globes. Facebook : https:\/\/www.facebook.com\/massir.destiniii\/ X : https:\/\/x.com\/MassirDestin","sameAs":["https:\/\/www.facebook.com\/massir.destiniii\/","https:\/\/www.instagram.com\/neila.driss\/?hl=fr","https:\/\/www.linkedin.com\/in\/neila-driss-22606a80\/","https:\/\/x.com\/https:\/\/x.com\/MassirDestin"],"knowsAbout":["Cin\u00e9ma international","critique cin\u00e9matographique","festivals de cin\u00e9ma","journalisme culturel"],"knowsLanguage":["Fran\u00e7ais","Arabe","Anglais"],"jobTitle":"Journaliste culturelle et critique de cin\u00e9ma","worksFor":"Webdo","url":"https:\/\/www.webdo.tn\/fr\/actualite\/author\/neila-driss\/"}]}},"_links":{"self":[{"href":"https:\/\/www.webdo.tn\/fr\/wp-json\/wp\/v2\/posts\/397089","targetHints":{"allow":["GET"]}}],"collection":[{"href":"https:\/\/www.webdo.tn\/fr\/wp-json\/wp\/v2\/posts"}],"about":[{"href":"https:\/\/www.webdo.tn\/fr\/wp-json\/wp\/v2\/types\/post"}],"author":[{"embeddable":true,"href":"https:\/\/www.webdo.tn\/fr\/wp-json\/wp\/v2\/users\/3164"}],"replies":[{"embeddable":true,"href":"https:\/\/www.webdo.tn\/fr\/wp-json\/wp\/v2\/comments?post=397089"}],"version-history":[{"count":1,"href":"https:\/\/www.webdo.tn\/fr\/wp-json\/wp\/v2\/posts\/397089\/revisions"}],"predecessor-version":[{"id":397092,"href":"https:\/\/www.webdo.tn\/fr\/wp-json\/wp\/v2\/posts\/397089\/revisions\/397092"}],"wp:featuredmedia":[{"embeddable":true,"href":"https:\/\/www.webdo.tn\/fr\/wp-json\/wp\/v2\/media\/397091"}],"wp:attachment":[{"href":"https:\/\/www.webdo.tn\/fr\/wp-json\/wp\/v2\/media?parent=397089"}],"wp:term":[{"taxonomy":"category","embeddable":true,"href":"https:\/\/www.webdo.tn\/fr\/wp-json\/wp\/v2\/categories?post=397089"},{"taxonomy":"post_tag","embeddable":true,"href":"https:\/\/www.webdo.tn\/fr\/wp-json\/wp\/v2\/tags?post=397089"}],"curies":[{"name":"wp","href":"https:\/\/api.w.org\/{rel}","templated":true}]}}