{"id":397073,"date":"2026-04-30T06:33:39","date_gmt":"2026-04-30T05:33:39","guid":{"rendered":"https:\/\/www.webdo.tn\/fr\/?p=397073"},"modified":"2026-04-30T06:42:23","modified_gmt":"2026-04-30T05:42:23","slug":"eaux-du-sahara-tunis-alger-et-tripoli-saccordent-sur-une-gestion-commune-et-equitable","status":"publish","type":"post","link":"https:\/\/www.webdo.tn\/fr\/actualite\/national\/eaux-du-sahara-tunis-alger-et-tripoli-saccordent-sur-une-gestion-commune-et-equitable\/397073\/","title":{"rendered":"Eaux du Sahara : Tunis, Alger et Tripoli s\u2019accordent sur une gestion commune et \u00e9quitable"},"content":{"rendered":"\n<p><strong><strong>Longtemps per\u00e7ues comme une r\u00e9serve lointaine, les eaux souterraines du Sahara septentrional deviennent un dossier strat\u00e9gique entre Tunis, Alger et Tripoli. R\u00e9unis dans la capitale libyenne, les trois pays ont adopt\u00e9 la D\u00e9claration de Tripoli et sign\u00e9 le statut d\u2019un m\u00e9canisme permanent de concertation autour de cette ressource partag\u00e9e.<\/strong><\/strong><\/p>\n\n\n\n<p>Cette initiative vise \u00e0 renforcer la coordination entre les trois pays, \u00e0 am\u00e9liorer l\u2019\u00e9change de donn\u00e9es et \u00e0 encadrer l\u2019exploitation des nappes souterraines, dans un contexte marqu\u00e9 par la raret\u00e9 de l\u2019eau et les effets du changement climatique.<\/p>\n\n\n\n<h2 class=\"wp-block-heading\" id=\"h-une-ressource-strategique-a-proteger\">Une ressource strat\u00e9gique \u00e0 prot\u00e9ger<\/h2>\n\n\n\n<p>Selon le communiqu\u00e9 du minist\u00e8re de l\u2019Agriculture, relay\u00e9 par la TAP, le m\u00e9canisme adopt\u00e9 doit favoriser une gestion participative et durable des ressources hydriques communes, tout en d\u00e9veloppant la coop\u00e9ration technique et scientifique entre les trois pays.<\/p>\n\n\n\n<p>L\u2019enjeu est d\u2019autant plus important que le syst\u00e8me aquif\u00e8re du Sahara septentrional est consid\u00e9r\u00e9 comme l\u2019un des plus grands r\u00e9servoirs d\u2019eau souterraine au monde. D\u2019apr\u00e8s l\u2019AFP, cit\u00e9e par France 24, ses r\u00e9serves sont estim\u00e9es \u00e0 plus de 40 000 milliards de m\u00e8tres cubes d\u2019eau fossile, dont une partie seulement est exploitable. Ces ressources se situeraient \u00e0 62 % en Alg\u00e9rie, 30 % en Libye et 8 % en Tunisie.<\/p>\n\n\n\n<h2 class=\"wp-block-heading\" id=\"h-l-algerie-assure-la-presidence-tournante\">L\u2019Alg\u00e9rie assure la pr\u00e9sidence tournante<\/h2>\n\n\n\n<p>Les travaux de Tripoli ont \u00e9galement permis d\u2019adopter le r\u00e8glement int\u00e9rieur de l\u2019instance de concertation, de valider les contributions financi\u00e8res annuelles des pays membres et de confier la pr\u00e9sidence de la session actuelle \u00e0 l\u2019Alg\u00e9rie.<\/p>\n\n\n\n<p>Pour la Tunisie, repr\u00e9sent\u00e9e par le ministre de l\u2019Agriculture, des Ressources hydrauliques et de la P\u00eache, Ezzedine Ben Cheikh, cette d\u00e9marche s\u2019inscrit dans une volont\u00e9 de renforcer la coop\u00e9ration r\u00e9gionale autour de l\u2019eau, devenue un enjeu central de s\u00e9curit\u00e9 et de d\u00e9veloppement durable.<\/p>\n\n\n\n<p>Cette dynamique prolonge les engagements pris lors de la r\u00e9union consultative tenue \u00e0 Tunis le 22 avril 2024 entre les dirigeants tunisien, alg\u00e9rien et libyen, qui avaient convenu d\u2019acc\u00e9l\u00e9rer la mise en place d\u2019un m\u00e9canisme commun d\u2019exploitation des eaux souterraines partag\u00e9es.<\/p>\n\n\n\n<p>Cette \u00e9tape prolonge \u00e9galement l\u2019accord tripartite sign\u00e9 le 24 avril 2024 \u00e0 Alger par les ministres charg\u00e9s des ressources hydriques des trois pays, dans le sillage de la r\u00e9union consultative tenue deux jours plus t\u00f4t \u00e0 Tunis.<\/p>\n\n\n\n<p>En marge de cette visite \u00e0 Tripoli, Ezzedine Ben Cheikh s\u2019est \u00e9galement entretenu avec son homologue libyen autour de la coop\u00e9ration dans les domaines de la p\u00eache, de l\u2019aquaculture et de la protection des ressources marines.<\/p>\n\n\n\n<blockquote class=\"wp-block-quote is-layout-flow wp-block-quote-is-layout-flow\">\n<blockquote class=\"wp-block-quote is-layout-flow wp-block-quote-is-layout-flow\">\n<p><strong>Lire aussi:<\/strong><\/p>\n\n\n\n<ul class=\"wp-block-list\">\n<li class=\"has-medium-font-size\"><a href=\"https:\/\/www.webdo.tn\/fr\/actualite\/national\/un-accord-tripartite-pour-preserver-les-eaux-souterraines-du-sahara\/218243\/\">Un accord tripartite pour la gestion des eaux souterraines du Sahara (2024)<\/a><\/li>\n<\/ul>\n<\/blockquote>\n<\/blockquote>\n\n\n\n<h2 class=\"wp-block-heading\" id=\"h-\"><\/h2>\n","protected":false},"excerpt":{"rendered":"<p>Longtemps per\u00e7ues comme une r\u00e9serve lointaine, les eaux souterraines du Sahara septentrional deviennent un dossier strat\u00e9gique entre Tunis, Alger et Tripoli. R\u00e9unis dans la capitale libyenne, les trois pays ont adopt\u00e9 la D\u00e9claration de Tripoli et sign\u00e9 le statut d\u2019un m\u00e9canisme permanent de concertation autour de cette ressource partag\u00e9e. Cette initiative vise \u00e0 renforcer la [&hellip;]<\/p>\n","protected":false},"author":3203,"featured_media":397075,"comment_status":"closed","ping_status":"closed","sticky":false,"template":"","format":"standard","meta":{"footnotes":""},"categories":[13163,44],"tags":[13541,14071,5104,2640],"class_list":["post-397073","post","type-post","status-publish","format-standard","has-post-thumbnail","hentry","category-epingle","category-national","tag-alger-2","tag-eaux-du-sahara","tag-tripoli","tag-tunis"],"yoast_head":"<!-- This site is optimized with the Yoast SEO Premium plugin v27.5 (Yoast SEO v27.5) - https:\/\/yoast.com\/product\/yoast-seo-premium-wordpress\/ -->\n<title>Eaux du Sahara : Tunis, Alger et Tripoli s\u2019accordent sur une gestion commune et \u00e9quitable - webdo<\/title>\n<meta name=\"description\" content=\"Tunis, Alger et Tripoli s&#039;accordent sur une gestion commune des Eaux du Sahara pour faire face \u00e0 la rar\u00e9faction de l&#039;eau.\" \/>\n<link rel=\"canonical\" href=\"https:\/\/www.webdo.tn\/fr\/actualite\/national\/eaux-du-sahara-tunis-alger-et-tripoli-saccordent-sur-une-gestion-commune-et-equitable\/397073\/\" \/>\n<meta property=\"og:locale\" content=\"fr_FR\" \/>\n<meta property=\"og:type\" content=\"article\" \/>\n<meta property=\"og:title\" content=\"Eaux du Sahara : Tunis, Alger et Tripoli s\u2019accordent sur une gestion commune et \u00e9quitable\" \/>\n<meta property=\"og:description\" content=\"Tunis, Alger et Tripoli s&#039;accordent sur une gestion commune des Eaux du Sahara pour faire face \u00e0 la rar\u00e9faction de l&#039;eau.\" \/>\n<meta property=\"og:url\" content=\"https:\/\/www.webdo.tn\/fr\/actualite\/national\/eaux-du-sahara-tunis-alger-et-tripoli-saccordent-sur-une-gestion-commune-et-equitable\/397073\/\" \/>\n<meta property=\"og:site_name\" content=\"webdo\" \/>\n<meta property=\"article:publisher\" content=\"https:\/\/www.facebook.com\/webdotn\" \/>\n<meta property=\"article:published_time\" content=\"2026-04-30T05:33:39+00:00\" \/>\n<meta property=\"article:modified_time\" content=\"2026-04-30T05:42:23+00:00\" \/>\n<meta property=\"og:image\" content=\"https:\/\/www.webdo.tn\/fr\/wp-content\/uploads\/2026\/04\/Eaux-du-Sahara-Tunis-Alger-et-Tripoli.jpg\" \/>\n\t<meta property=\"og:image:width\" content=\"1200\" \/>\n\t<meta property=\"og:image:height\" content=\"600\" \/>\n\t<meta property=\"og:image:type\" content=\"image\/jpeg\" \/>\n<meta name=\"author\" content=\"Ramzi Haddad\" \/>\n<meta name=\"twitter:card\" content=\"summary_large_image\" \/>\n<meta name=\"twitter:creator\" content=\"@webdo_tn\" \/>\n<meta name=\"twitter:site\" content=\"@webdo_tn\" \/>\n<meta name=\"twitter:label1\" content=\"\u00c9crit par\" \/>\n\t<meta name=\"twitter:data1\" content=\"Ramzi Haddad\" \/>\n\t<meta name=\"twitter:label2\" content=\"Dur\u00e9e de lecture estim\u00e9e\" \/>\n\t<meta name=\"twitter:data2\" content=\"3 minutes\" \/>\n<script type=\"application\/ld+json\" class=\"yoast-schema-graph\">{\"@context\":\"https:\\\/\\\/schema.org\",\"@graph\":[{\"@type\":\"NewsArticle\",\"@id\":\"https:\\\/\\\/www.webdo.tn\\\/fr\\\/actualite\\\/national\\\/eaux-du-sahara-tunis-alger-et-tripoli-saccordent-sur-une-gestion-commune-et-equitable\\\/397073\\\/#article\",\"isPartOf\":{\"@id\":\"https:\\\/\\\/www.webdo.tn\\\/fr\\\/actualite\\\/national\\\/eaux-du-sahara-tunis-alger-et-tripoli-saccordent-sur-une-gestion-commune-et-equitable\\\/397073\\\/\"},\"author\":{\"name\":\"Ramzi Haddad\",\"@id\":\"https:\\\/\\\/www.webdo.tn\\\/fr\\\/#\\\/schema\\\/person\\\/5663044c25eb36d8f88ba5b653f12f8c\"},\"headline\":\"Eaux du Sahara : Tunis, Alger et Tripoli s\u2019accordent sur une gestion commune et \u00e9quitable\",\"datePublished\":\"2026-04-30T05:33:39+00:00\",\"dateModified\":\"2026-04-30T05:42:23+00:00\",\"mainEntityOfPage\":{\"@id\":\"https:\\\/\\\/www.webdo.tn\\\/fr\\\/actualite\\\/national\\\/eaux-du-sahara-tunis-alger-et-tripoli-saccordent-sur-une-gestion-commune-et-equitable\\\/397073\\\/\"},\"wordCount\":475,\"publisher\":{\"@id\":\"https:\\\/\\\/www.webdo.tn\\\/fr\\\/#organization\"},\"image\":{\"@id\":\"https:\\\/\\\/www.webdo.tn\\\/fr\\\/actualite\\\/national\\\/eaux-du-sahara-tunis-alger-et-tripoli-saccordent-sur-une-gestion-commune-et-equitable\\\/397073\\\/#primaryimage\"},\"thumbnailUrl\":\"https:\\\/\\\/www.webdo.tn\\\/fr\\\/wp-content\\\/uploads\\\/2026\\\/04\\\/Eaux-du-Sahara-Tunis-Alger-et-Tripoli.jpg\",\"keywords\":[\"alger\",\"Eaux du Sahara\",\"Tripoli\",\"Tunis\"],\"articleSection\":[\"\u00c9pingle\",\"National\"],\"inLanguage\":\"fr-FR\"},{\"@type\":\"WebPage\",\"@id\":\"https:\\\/\\\/www.webdo.tn\\\/fr\\\/actualite\\\/national\\\/eaux-du-sahara-tunis-alger-et-tripoli-saccordent-sur-une-gestion-commune-et-equitable\\\/397073\\\/\",\"url\":\"https:\\\/\\\/www.webdo.tn\\\/fr\\\/actualite\\\/national\\\/eaux-du-sahara-tunis-alger-et-tripoli-saccordent-sur-une-gestion-commune-et-equitable\\\/397073\\\/\",\"name\":\"Eaux du Sahara : Tunis, Alger et Tripoli s\u2019accordent sur une gestion commune et \u00e9quitable - webdo\",\"isPartOf\":{\"@id\":\"https:\\\/\\\/www.webdo.tn\\\/fr\\\/#website\"},\"primaryImageOfPage\":{\"@id\":\"https:\\\/\\\/www.webdo.tn\\\/fr\\\/actualite\\\/national\\\/eaux-du-sahara-tunis-alger-et-tripoli-saccordent-sur-une-gestion-commune-et-equitable\\\/397073\\\/#primaryimage\"},\"image\":{\"@id\":\"https:\\\/\\\/www.webdo.tn\\\/fr\\\/actualite\\\/national\\\/eaux-du-sahara-tunis-alger-et-tripoli-saccordent-sur-une-gestion-commune-et-equitable\\\/397073\\\/#primaryimage\"},\"thumbnailUrl\":\"https:\\\/\\\/www.webdo.tn\\\/fr\\\/wp-content\\\/uploads\\\/2026\\\/04\\\/Eaux-du-Sahara-Tunis-Alger-et-Tripoli.jpg\",\"datePublished\":\"2026-04-30T05:33:39+00:00\",\"dateModified\":\"2026-04-30T05:42:23+00:00\",\"description\":\"Tunis, Alger et Tripoli s'accordent sur une gestion commune des Eaux du Sahara pour faire face \u00e0 la rar\u00e9faction de l'eau.\",\"breadcrumb\":{\"@id\":\"https:\\\/\\\/www.webdo.tn\\\/fr\\\/actualite\\\/national\\\/eaux-du-sahara-tunis-alger-et-tripoli-saccordent-sur-une-gestion-commune-et-equitable\\\/397073\\\/#breadcrumb\"},\"inLanguage\":\"fr-FR\",\"potentialAction\":[{\"@type\":\"ReadAction\",\"target\":[\"https:\\\/\\\/www.webdo.tn\\\/fr\\\/actualite\\\/national\\\/eaux-du-sahara-tunis-alger-et-tripoli-saccordent-sur-une-gestion-commune-et-equitable\\\/397073\\\/\"]}]},{\"@type\":\"ImageObject\",\"inLanguage\":\"fr-FR\",\"@id\":\"https:\\\/\\\/www.webdo.tn\\\/fr\\\/actualite\\\/national\\\/eaux-du-sahara-tunis-alger-et-tripoli-saccordent-sur-une-gestion-commune-et-equitable\\\/397073\\\/#primaryimage\",\"url\":\"https:\\\/\\\/www.webdo.tn\\\/fr\\\/wp-content\\\/uploads\\\/2026\\\/04\\\/Eaux-du-Sahara-Tunis-Alger-et-Tripoli.jpg\",\"contentUrl\":\"https:\\\/\\\/www.webdo.tn\\\/fr\\\/wp-content\\\/uploads\\\/2026\\\/04\\\/Eaux-du-Sahara-Tunis-Alger-et-Tripoli.jpg\",\"width\":1200,\"height\":600,\"caption\":\"R\u00e9union minist\u00e9rielle tripartite \u00e0 Tripoli consacr\u00e9e \u00e0 la gestion des eaux souterraines communes du Sahara septentrional.\"},{\"@type\":\"BreadcrumbList\",\"@id\":\"https:\\\/\\\/www.webdo.tn\\\/fr\\\/actualite\\\/national\\\/eaux-du-sahara-tunis-alger-et-tripoli-saccordent-sur-une-gestion-commune-et-equitable\\\/397073\\\/#breadcrumb\",\"itemListElement\":[{\"@type\":\"ListItem\",\"position\":1,\"name\":\"Accueil\",\"item\":\"https:\\\/\\\/www.webdo.tn\\\/fr\\\/\"},{\"@type\":\"ListItem\",\"position\":2,\"name\":\"Eaux du Sahara : Tunis, Alger et Tripoli s\u2019accordent sur une gestion commune et \u00e9quitable\"}]},{\"@type\":\"WebSite\",\"@id\":\"https:\\\/\\\/www.webdo.tn\\\/fr\\\/#website\",\"url\":\"https:\\\/\\\/www.webdo.tn\\\/fr\\\/\",\"name\":\"webdo\",\"description\":\"Tunisie - News en Tunisie et \u00e0 l&#039;international sur Webdo.tn\",\"publisher\":{\"@id\":\"https:\\\/\\\/www.webdo.tn\\\/fr\\\/#organization\"},\"potentialAction\":[{\"@type\":\"SearchAction\",\"target\":{\"@type\":\"EntryPoint\",\"urlTemplate\":\"https:\\\/\\\/www.webdo.tn\\\/fr\\\/?s={search_term_string}\"},\"query-input\":{\"@type\":\"PropertyValueSpecification\",\"valueRequired\":true,\"valueName\":\"search_term_string\"}}],\"inLanguage\":\"fr-FR\"},{\"@type\":\"Organization\",\"@id\":\"https:\\\/\\\/www.webdo.tn\\\/fr\\\/#organization\",\"name\":\"Webdo\",\"alternateName\":\"Webdo.tn\",\"url\":\"https:\\\/\\\/www.webdo.tn\\\/fr\\\/\",\"logo\":{\"@type\":\"ImageObject\",\"inLanguage\":\"fr-FR\",\"@id\":\"https:\\\/\\\/www.webdo.tn\\\/fr\\\/#\\\/schema\\\/logo\\\/image\\\/\",\"url\":\"https:\\\/\\\/www.webdo.tn\\\/fr\\\/wp-content\\\/uploads\\\/2025\\\/06\\\/Webdo-Tunisie_168377.jpg\",\"contentUrl\":\"https:\\\/\\\/www.webdo.tn\\\/fr\\\/wp-content\\\/uploads\\\/2025\\\/06\\\/Webdo-Tunisie_168377.jpg\",\"width\":301,\"height\":301,\"caption\":\"Webdo\"},\"image\":{\"@id\":\"https:\\\/\\\/www.webdo.tn\\\/fr\\\/#\\\/schema\\\/logo\\\/image\\\/\"},\"sameAs\":[\"https:\\\/\\\/www.facebook.com\\\/webdotn\",\"https:\\\/\\\/x.com\\\/webdo_tn\"],\"description\":\"Webdo est un m\u00e9dia num\u00e9rique tunisien fond\u00e9 en 2010, sp\u00e9cialis\u00e9 dans l\u2019actualit\u00e9 nationale et internationale, l\u2019\u00e9conomie, la soci\u00e9t\u00e9 et les analyses politiques. Le site s\u2019adresse \u00e0 un large public francophone et couvre l\u2019information tunisienne en temps r\u00e9el.\",\"email\":\"redac@webdo.tn\",\"legalName\":\"YNJ SARL\",\"foundingDate\":\"2010-09-06\",\"numberOfEmployees\":{\"@type\":\"QuantitativeValue\",\"minValue\":\"11\",\"maxValue\":\"50\"}},{\"@type\":\"Person\",\"@id\":\"https:\\\/\\\/www.webdo.tn\\\/fr\\\/#\\\/schema\\\/person\\\/5663044c25eb36d8f88ba5b653f12f8c\",\"name\":\"Ramzi Haddad\",\"image\":{\"@type\":\"ImageObject\",\"inLanguage\":\"fr-FR\",\"@id\":\"https:\\\/\\\/www.webdo.tn\\\/fr\\\/wp-content\\\/uploads\\\/2026\\\/04\\\/ramzi-haddad_avatar-96x96.jpg\",\"url\":\"https:\\\/\\\/www.webdo.tn\\\/fr\\\/wp-content\\\/uploads\\\/2026\\\/04\\\/ramzi-haddad_avatar-96x96.jpg\",\"contentUrl\":\"https:\\\/\\\/www.webdo.tn\\\/fr\\\/wp-content\\\/uploads\\\/2026\\\/04\\\/ramzi-haddad_avatar-96x96.jpg\",\"caption\":\"Ramzi Haddad\"},\"description\":\"Signature \u00e9ditoriale de Walid Ben Youssef Ramzi Haddad est le pseudonyme \u00e9ditorial de Walid Ben Youssef, fondateur et g\u00e9rant de Webdo.tn. Cette signature est d\u00e9di\u00e9e \u00e0 la couverture de l'actualit\u00e9 nationale et internationale, ainsi qu'aux analyses des dynamiques num\u00e9riques. Ce profil b\u00e9n\u00e9ficie de l'expertise de Walid Ben Youssef, pionnier du web en Tunisie depuis 2000 et dipl\u00f4m\u00e9 en Math\u00e9matiques pures de l'Universit\u00e9 d'Oregon. \u00c0 travers cette signature, la r\u00e9daction de Webdo garantit une information structur\u00e9e et v\u00e9rifi\u00e9e, fid\u00e8le aux standards journalistiques du m\u00e9dia.\",\"url\":\"https:\\\/\\\/www.webdo.tn\\\/fr\\\/actualite\\\/author\\\/ramzi-haddad\\\/\"}]}<\/script>\n<!-- \/ Yoast SEO Premium plugin. -->","yoast_head_json":{"title":"Eaux du Sahara : Tunis, Alger et Tripoli s\u2019accordent sur une gestion commune et \u00e9quitable - webdo","description":"Tunis, Alger et Tripoli s'accordent sur une gestion commune des Eaux du Sahara pour faire face \u00e0 la rar\u00e9faction de l'eau.","canonical":"https:\/\/www.webdo.tn\/fr\/actualite\/national\/eaux-du-sahara-tunis-alger-et-tripoli-saccordent-sur-une-gestion-commune-et-equitable\/397073\/","og_locale":"fr_FR","og_type":"article","og_title":"Eaux du Sahara : Tunis, Alger et Tripoli s\u2019accordent sur une gestion commune et \u00e9quitable","og_description":"Tunis, Alger et Tripoli s'accordent sur une gestion commune des Eaux du Sahara pour faire face \u00e0 la rar\u00e9faction de l'eau.","og_url":"https:\/\/www.webdo.tn\/fr\/actualite\/national\/eaux-du-sahara-tunis-alger-et-tripoli-saccordent-sur-une-gestion-commune-et-equitable\/397073\/","og_site_name":"webdo","article_publisher":"https:\/\/www.facebook.com\/webdotn","article_published_time":"2026-04-30T05:33:39+00:00","article_modified_time":"2026-04-30T05:42:23+00:00","og_image":[{"width":1200,"height":600,"url":"https:\/\/www.webdo.tn\/fr\/wp-content\/uploads\/2026\/04\/Eaux-du-Sahara-Tunis-Alger-et-Tripoli.jpg","type":"image\/jpeg"}],"author":"Ramzi Haddad","twitter_card":"summary_large_image","twitter_creator":"@webdo_tn","twitter_site":"@webdo_tn","twitter_misc":{"\u00c9crit par":"Ramzi Haddad","Dur\u00e9e de lecture estim\u00e9e":"3 minutes"},"schema":{"@context":"https:\/\/schema.org","@graph":[{"@type":"NewsArticle","@id":"https:\/\/www.webdo.tn\/fr\/actualite\/national\/eaux-du-sahara-tunis-alger-et-tripoli-saccordent-sur-une-gestion-commune-et-equitable\/397073\/#article","isPartOf":{"@id":"https:\/\/www.webdo.tn\/fr\/actualite\/national\/eaux-du-sahara-tunis-alger-et-tripoli-saccordent-sur-une-gestion-commune-et-equitable\/397073\/"},"author":{"name":"Ramzi Haddad","@id":"https:\/\/www.webdo.tn\/fr\/#\/schema\/person\/5663044c25eb36d8f88ba5b653f12f8c"},"headline":"Eaux du Sahara : Tunis, Alger et Tripoli s\u2019accordent sur une gestion commune et \u00e9quitable","datePublished":"2026-04-30T05:33:39+00:00","dateModified":"2026-04-30T05:42:23+00:00","mainEntityOfPage":{"@id":"https:\/\/www.webdo.tn\/fr\/actualite\/national\/eaux-du-sahara-tunis-alger-et-tripoli-saccordent-sur-une-gestion-commune-et-equitable\/397073\/"},"wordCount":475,"publisher":{"@id":"https:\/\/www.webdo.tn\/fr\/#organization"},"image":{"@id":"https:\/\/www.webdo.tn\/fr\/actualite\/national\/eaux-du-sahara-tunis-alger-et-tripoli-saccordent-sur-une-gestion-commune-et-equitable\/397073\/#primaryimage"},"thumbnailUrl":"https:\/\/www.webdo.tn\/fr\/wp-content\/uploads\/2026\/04\/Eaux-du-Sahara-Tunis-Alger-et-Tripoli.jpg","keywords":["alger","Eaux du Sahara","Tripoli","Tunis"],"articleSection":["\u00c9pingle","National"],"inLanguage":"fr-FR"},{"@type":"WebPage","@id":"https:\/\/www.webdo.tn\/fr\/actualite\/national\/eaux-du-sahara-tunis-alger-et-tripoli-saccordent-sur-une-gestion-commune-et-equitable\/397073\/","url":"https:\/\/www.webdo.tn\/fr\/actualite\/national\/eaux-du-sahara-tunis-alger-et-tripoli-saccordent-sur-une-gestion-commune-et-equitable\/397073\/","name":"Eaux du Sahara : Tunis, Alger et Tripoli s\u2019accordent sur une gestion commune et \u00e9quitable - webdo","isPartOf":{"@id":"https:\/\/www.webdo.tn\/fr\/#website"},"primaryImageOfPage":{"@id":"https:\/\/www.webdo.tn\/fr\/actualite\/national\/eaux-du-sahara-tunis-alger-et-tripoli-saccordent-sur-une-gestion-commune-et-equitable\/397073\/#primaryimage"},"image":{"@id":"https:\/\/www.webdo.tn\/fr\/actualite\/national\/eaux-du-sahara-tunis-alger-et-tripoli-saccordent-sur-une-gestion-commune-et-equitable\/397073\/#primaryimage"},"thumbnailUrl":"https:\/\/www.webdo.tn\/fr\/wp-content\/uploads\/2026\/04\/Eaux-du-Sahara-Tunis-Alger-et-Tripoli.jpg","datePublished":"2026-04-30T05:33:39+00:00","dateModified":"2026-04-30T05:42:23+00:00","description":"Tunis, Alger et Tripoli s'accordent sur une gestion commune des Eaux du Sahara pour faire face \u00e0 la rar\u00e9faction de l'eau.","breadcrumb":{"@id":"https:\/\/www.webdo.tn\/fr\/actualite\/national\/eaux-du-sahara-tunis-alger-et-tripoli-saccordent-sur-une-gestion-commune-et-equitable\/397073\/#breadcrumb"},"inLanguage":"fr-FR","potentialAction":[{"@type":"ReadAction","target":["https:\/\/www.webdo.tn\/fr\/actualite\/national\/eaux-du-sahara-tunis-alger-et-tripoli-saccordent-sur-une-gestion-commune-et-equitable\/397073\/"]}]},{"@type":"ImageObject","inLanguage":"fr-FR","@id":"https:\/\/www.webdo.tn\/fr\/actualite\/national\/eaux-du-sahara-tunis-alger-et-tripoli-saccordent-sur-une-gestion-commune-et-equitable\/397073\/#primaryimage","url":"https:\/\/www.webdo.tn\/fr\/wp-content\/uploads\/2026\/04\/Eaux-du-Sahara-Tunis-Alger-et-Tripoli.jpg","contentUrl":"https:\/\/www.webdo.tn\/fr\/wp-content\/uploads\/2026\/04\/Eaux-du-Sahara-Tunis-Alger-et-Tripoli.jpg","width":1200,"height":600,"caption":"R\u00e9union minist\u00e9rielle tripartite \u00e0 Tripoli consacr\u00e9e \u00e0 la gestion des eaux souterraines communes du Sahara septentrional."},{"@type":"BreadcrumbList","@id":"https:\/\/www.webdo.tn\/fr\/actualite\/national\/eaux-du-sahara-tunis-alger-et-tripoli-saccordent-sur-une-gestion-commune-et-equitable\/397073\/#breadcrumb","itemListElement":[{"@type":"ListItem","position":1,"name":"Accueil","item":"https:\/\/www.webdo.tn\/fr\/"},{"@type":"ListItem","position":2,"name":"Eaux du Sahara : Tunis, Alger et Tripoli s\u2019accordent sur une gestion commune et \u00e9quitable"}]},{"@type":"WebSite","@id":"https:\/\/www.webdo.tn\/fr\/#website","url":"https:\/\/www.webdo.tn\/fr\/","name":"webdo","description":"Tunisie - News en Tunisie et \u00e0 l&#039;international sur Webdo.tn","publisher":{"@id":"https:\/\/www.webdo.tn\/fr\/#organization"},"potentialAction":[{"@type":"SearchAction","target":{"@type":"EntryPoint","urlTemplate":"https:\/\/www.webdo.tn\/fr\/?s={search_term_string}"},"query-input":{"@type":"PropertyValueSpecification","valueRequired":true,"valueName":"search_term_string"}}],"inLanguage":"fr-FR"},{"@type":"Organization","@id":"https:\/\/www.webdo.tn\/fr\/#organization","name":"Webdo","alternateName":"Webdo.tn","url":"https:\/\/www.webdo.tn\/fr\/","logo":{"@type":"ImageObject","inLanguage":"fr-FR","@id":"https:\/\/www.webdo.tn\/fr\/#\/schema\/logo\/image\/","url":"https:\/\/www.webdo.tn\/fr\/wp-content\/uploads\/2025\/06\/Webdo-Tunisie_168377.jpg","contentUrl":"https:\/\/www.webdo.tn\/fr\/wp-content\/uploads\/2025\/06\/Webdo-Tunisie_168377.jpg","width":301,"height":301,"caption":"Webdo"},"image":{"@id":"https:\/\/www.webdo.tn\/fr\/#\/schema\/logo\/image\/"},"sameAs":["https:\/\/www.facebook.com\/webdotn","https:\/\/x.com\/webdo_tn"],"description":"Webdo est un m\u00e9dia num\u00e9rique tunisien fond\u00e9 en 2010, sp\u00e9cialis\u00e9 dans l\u2019actualit\u00e9 nationale et internationale, l\u2019\u00e9conomie, la soci\u00e9t\u00e9 et les analyses politiques. Le site s\u2019adresse \u00e0 un large public francophone et couvre l\u2019information tunisienne en temps r\u00e9el.","email":"redac@webdo.tn","legalName":"YNJ SARL","foundingDate":"2010-09-06","numberOfEmployees":{"@type":"QuantitativeValue","minValue":"11","maxValue":"50"}},{"@type":"Person","@id":"https:\/\/www.webdo.tn\/fr\/#\/schema\/person\/5663044c25eb36d8f88ba5b653f12f8c","name":"Ramzi Haddad","image":{"@type":"ImageObject","inLanguage":"fr-FR","@id":"https:\/\/www.webdo.tn\/fr\/wp-content\/uploads\/2026\/04\/ramzi-haddad_avatar-96x96.jpg","url":"https:\/\/www.webdo.tn\/fr\/wp-content\/uploads\/2026\/04\/ramzi-haddad_avatar-96x96.jpg","contentUrl":"https:\/\/www.webdo.tn\/fr\/wp-content\/uploads\/2026\/04\/ramzi-haddad_avatar-96x96.jpg","caption":"Ramzi Haddad"},"description":"Signature \u00e9ditoriale de Walid Ben Youssef Ramzi Haddad est le pseudonyme \u00e9ditorial de Walid Ben Youssef, fondateur et g\u00e9rant de Webdo.tn. Cette signature est d\u00e9di\u00e9e \u00e0 la couverture de l'actualit\u00e9 nationale et internationale, ainsi qu'aux analyses des dynamiques num\u00e9riques. Ce profil b\u00e9n\u00e9ficie de l'expertise de Walid Ben Youssef, pionnier du web en Tunisie depuis 2000 et dipl\u00f4m\u00e9 en Math\u00e9matiques pures de l'Universit\u00e9 d'Oregon. \u00c0 travers cette signature, la r\u00e9daction de Webdo garantit une information structur\u00e9e et v\u00e9rifi\u00e9e, fid\u00e8le aux standards journalistiques du m\u00e9dia.","url":"https:\/\/www.webdo.tn\/fr\/actualite\/author\/ramzi-haddad\/"}]}},"_links":{"self":[{"href":"https:\/\/www.webdo.tn\/fr\/wp-json\/wp\/v2\/posts\/397073","targetHints":{"allow":["GET"]}}],"collection":[{"href":"https:\/\/www.webdo.tn\/fr\/wp-json\/wp\/v2\/posts"}],"about":[{"href":"https:\/\/www.webdo.tn\/fr\/wp-json\/wp\/v2\/types\/post"}],"author":[{"embeddable":true,"href":"https:\/\/www.webdo.tn\/fr\/wp-json\/wp\/v2\/users\/3203"}],"replies":[{"embeddable":true,"href":"https:\/\/www.webdo.tn\/fr\/wp-json\/wp\/v2\/comments?post=397073"}],"version-history":[{"count":1,"href":"https:\/\/www.webdo.tn\/fr\/wp-json\/wp\/v2\/posts\/397073\/revisions"}],"predecessor-version":[{"id":397076,"href":"https:\/\/www.webdo.tn\/fr\/wp-json\/wp\/v2\/posts\/397073\/revisions\/397076"}],"wp:featuredmedia":[{"embeddable":true,"href":"https:\/\/www.webdo.tn\/fr\/wp-json\/wp\/v2\/media\/397075"}],"wp:attachment":[{"href":"https:\/\/www.webdo.tn\/fr\/wp-json\/wp\/v2\/media?parent=397073"}],"wp:term":[{"taxonomy":"category","embeddable":true,"href":"https:\/\/www.webdo.tn\/fr\/wp-json\/wp\/v2\/categories?post=397073"},{"taxonomy":"post_tag","embeddable":true,"href":"https:\/\/www.webdo.tn\/fr\/wp-json\/wp\/v2\/tags?post=397073"}],"curies":[{"name":"wp","href":"https:\/\/api.w.org\/{rel}","templated":true}]}}