{"id":397069,"date":"2026-04-30T05:54:27","date_gmt":"2026-04-30T04:54:27","guid":{"rendered":"https:\/\/www.webdo.tn\/fr\/?p=397069"},"modified":"2026-04-30T05:54:29","modified_gmt":"2026-04-30T04:54:29","slug":"inflation-croissance-fmi-saied-veut-des-resultats-visibles-dans-la-vie-quotidienne","status":"publish","type":"post","link":"https:\/\/www.webdo.tn\/fr\/actualite\/nature\/inflation-croissance-fmi-saied-veut-des-resultats-visibles-dans-la-vie-quotidienne\/397069\/","title":{"rendered":"Inflation, croissance, FMI : Sa\u00efed veut des r\u00e9sultats visibles dans la vie quotidienne"},"content":{"rendered":"\n<p><strong>Le pr\u00e9sident de la R\u00e9publique, Ka\u00efs Sa\u00efed, a re\u00e7u, mercredi 29 avril 2026 au palais de Carthage, le ministre de l\u2019\u00c9conomie et de la Planification, Samir Abdelhafidh, ainsi que le gouverneur de la Banque centrale de Tunisie, Fethi Zouhair Nouri.<\/strong><\/p>\n\n\n\n<p>Les deux responsables ont pr\u00e9sent\u00e9 au chef de l\u2019\u00c9tat les r\u00e9sultats de leur participation aux r\u00e9unions de printemps du Fonds mon\u00e9taire international et du Groupe de la Banque mondiale. Ces r\u00e9unions se sont tenues \u00e0 Washington du 13 au 18 avril 2026, avec la participation d\u2019une d\u00e9l\u00e9gation tunisienne conduite notamment par le ministre de l\u2019\u00c9conomie et le gouverneur de la BCT.<\/p>\n\n\n\n<p>Selon la pr\u00e9sidence de la R\u00e9publique, Ka\u00efs Sa\u00efed a r\u00e9affirm\u00e9 que la Tunisie, en s\u2019appuyant sur ses choix nationaux et sur le principe du compter sur soi, a r\u00e9alis\u00e9 des r\u00e9sultats positifs, notamment en mati\u00e8re de ma\u00eetrise de l\u2019inflation et d\u2019am\u00e9lioration des indicateurs de croissance.<\/p>\n\n\n\n<blockquote class=\"wp-block-quote is-layout-flow wp-block-quote-is-layout-flow\">\n<p class=\"has-medium-font-size\"><strong>Lire aussi:<\/strong> <a href=\"https:\/\/www.webdo.tn\/fr\/actualite\/national\/a-washington-le-gouverneur-de-la-bct-defend-la-resilience-de-leconomie-tunisienne\/396534\/\">A Washington, le gouverneur de la BCT d\u00e9fend la r\u00e9silience de l\u2019\u00e9conomie tunisienne<\/a><\/p>\n<\/blockquote>\n\n\n\n<h3 class=\"wp-block-heading\" id=\"h-des-indicateurs-appeles-a-se-traduire-dans-le-quotidien\">Des indicateurs appel\u00e9s \u00e0 se traduire dans le quotidien<\/h3>\n\n\n\n<p>Le chef de l\u2019\u00c9tat a toutefois insist\u00e9 sur la n\u00e9cessit\u00e9 de voir ces r\u00e9sultats se refl\u00e9ter concr\u00e8tement dans la vie quotidienne des citoyens, en particulier dans les domaines de la sant\u00e9, du transport, de l\u2019\u00e9ducation et de l\u2019encadrement social.<\/p>\n\n\n\n<p>Il a \u00e9galement r\u00e9affirm\u00e9 que la Tunisie \u201cne se soumettra \u00e0 aucune injonction ni pression ext\u00e9rieure\u201d, appelant \u00e0 ce que la voix du pays soit entendue \u201chaut et fort\u201d dans les conf\u00e9rences et rencontres internationales.<\/p>\n\n\n\n<h3 class=\"wp-block-heading\" id=\"h-les-etats-financiers-2025-de-la-bct-remis-a-saied\">Les \u00e9tats financiers 2025 de la BCT remis \u00e0 Sa\u00efed<\/h3>\n\n\n\n<p>Au cours de cette rencontre, le gouverneur de la Banque centrale de Tunisie a remis au pr\u00e9sident de la R\u00e9publique les \u00e9tats financiers de l\u2019ann\u00e9e 2025, accompagn\u00e9s du rapport des commissaires aux comptes.<\/p>\n\n\n\n<p>Selon le communiqu\u00e9 de la pr\u00e9sidence, le chef de l\u2019\u00c9tat a \u00e9galement \u00e9voqu\u00e9 ceux qui, selon lui, \u201cpariaient sur l\u2019\u00e9chec\u201d, affirmant que le peuple tunisien avait d\u00e9jou\u00e9 ces pronostics par sa coh\u00e9sion et sa conscience.<\/p>\n\n\n\n<blockquote class=\"wp-block-quote is-layout-flow wp-block-quote-is-layout-flow\">\n<blockquote class=\"wp-block-quote is-layout-flow wp-block-quote-is-layout-flow\">\n<p><strong>Lire aussi:<\/strong><\/p>\n\n\n\n<ul class=\"wp-block-list\">\n<li class=\"has-medium-font-size\"><a href=\"https:\/\/www.webdo.tn\/fr\/actualite\/national\/tunisie-le-ministre-de-leconomie-au-forum-de-davos-pour-renforcer-les-investissements\/391907\/\">Tunisie : Le ministre de l\u2019\u00c9conomie au Forum de Davos pour renforcer les investissements<\/a><\/li>\n<\/ul>\n<\/blockquote>\n<\/blockquote>\n\n\n\n<p><\/p>\n","protected":false},"excerpt":{"rendered":"<p>Le pr\u00e9sident de la R\u00e9publique, Ka\u00efs Sa\u00efed, a re\u00e7u, mercredi 29 avril 2026 au palais de Carthage, le ministre de l\u2019\u00c9conomie et de la Planification, Samir Abdelhafidh, ainsi que le gouverneur de la Banque centrale de Tunisie, Fethi Zouhair Nouri. Les deux responsables ont pr\u00e9sent\u00e9 au chef de l\u2019\u00c9tat les r\u00e9sultats de leur participation aux [&hellip;]<\/p>\n","protected":false},"author":3203,"featured_media":397071,"comment_status":"closed","ping_status":"closed","sticky":false,"template":"","format":"standard","meta":{"footnotes":""},"categories":[13163,11371],"tags":[12089,2614,5297],"class_list":["post-397069","post","type-post","status-publish","format-standard","has-post-thumbnail","hentry","category-epingle","category-nature","tag-fethi-zouhair-nouri-2","tag-kais-saied","tag-samir-abdelhafidh"],"yoast_head":"<!-- This site is optimized with the Yoast SEO Premium plugin v27.5 (Yoast SEO v27.5) - https:\/\/yoast.com\/product\/yoast-seo-premium-wordpress\/ -->\n<title>Inflation, croissance, FMI : Sa\u00efed veut des r\u00e9sultats visibles dans la vie quotidienne - webdo<\/title>\n<meta name=\"description\" content=\"Inflation, croissance et r\u00e9sultats du FMI : Ka\u00efs Sa\u00efed s&#039;engage pour des am\u00e9liorations concr\u00e8tes dans la vie des Tunisiens.\" \/>\n<link rel=\"canonical\" href=\"https:\/\/www.webdo.tn\/fr\/actualite\/nature\/inflation-croissance-fmi-saied-veut-des-resultats-visibles-dans-la-vie-quotidienne\/397069\/\" \/>\n<meta property=\"og:locale\" content=\"fr_FR\" \/>\n<meta property=\"og:type\" content=\"article\" \/>\n<meta property=\"og:title\" content=\"Inflation, croissance, FMI : Sa\u00efed veut des r\u00e9sultats visibles dans la vie quotidienne\" \/>\n<meta property=\"og:description\" content=\"Inflation, croissance et r\u00e9sultats du FMI : Ka\u00efs Sa\u00efed s&#039;engage pour des am\u00e9liorations concr\u00e8tes dans la vie des Tunisiens.\" \/>\n<meta property=\"og:url\" content=\"https:\/\/www.webdo.tn\/fr\/actualite\/nature\/inflation-croissance-fmi-saied-veut-des-resultats-visibles-dans-la-vie-quotidienne\/397069\/\" \/>\n<meta property=\"og:site_name\" content=\"webdo\" \/>\n<meta property=\"article:publisher\" content=\"https:\/\/www.facebook.com\/webdotn\" \/>\n<meta property=\"article:published_time\" content=\"2026-04-30T04:54:27+00:00\" \/>\n<meta property=\"article:modified_time\" content=\"2026-04-30T04:54:29+00:00\" \/>\n<meta property=\"og:image\" content=\"https:\/\/www.webdo.tn\/fr\/wp-content\/uploads\/2026\/04\/saied-Abdelhafidh-et-nouri.jpg\" \/>\n\t<meta property=\"og:image:width\" content=\"1200\" \/>\n\t<meta property=\"og:image:height\" content=\"600\" \/>\n\t<meta property=\"og:image:type\" content=\"image\/jpeg\" \/>\n<meta name=\"author\" content=\"Ramzi Haddad\" \/>\n<meta name=\"twitter:card\" content=\"summary_large_image\" \/>\n<meta name=\"twitter:creator\" content=\"@webdo_tn\" \/>\n<meta name=\"twitter:site\" content=\"@webdo_tn\" \/>\n<meta name=\"twitter:label1\" content=\"\u00c9crit par\" \/>\n\t<meta name=\"twitter:data1\" content=\"Ramzi Haddad\" \/>\n\t<meta name=\"twitter:label2\" content=\"Dur\u00e9e de lecture estim\u00e9e\" \/>\n\t<meta name=\"twitter:data2\" content=\"2 minutes\" \/>\n<script type=\"application\/ld+json\" class=\"yoast-schema-graph\">{\"@context\":\"https:\\\/\\\/schema.org\",\"@graph\":[{\"@type\":\"NewsArticle\",\"@id\":\"https:\\\/\\\/www.webdo.tn\\\/fr\\\/actualite\\\/nature\\\/inflation-croissance-fmi-saied-veut-des-resultats-visibles-dans-la-vie-quotidienne\\\/397069\\\/#article\",\"isPartOf\":{\"@id\":\"https:\\\/\\\/www.webdo.tn\\\/fr\\\/actualite\\\/nature\\\/inflation-croissance-fmi-saied-veut-des-resultats-visibles-dans-la-vie-quotidienne\\\/397069\\\/\"},\"author\":{\"name\":\"Ramzi Haddad\",\"@id\":\"https:\\\/\\\/www.webdo.tn\\\/fr\\\/#\\\/schema\\\/person\\\/5663044c25eb36d8f88ba5b653f12f8c\"},\"headline\":\"Inflation, croissance, FMI : Sa\u00efed veut des r\u00e9sultats visibles dans la vie quotidienne\",\"datePublished\":\"2026-04-30T04:54:27+00:00\",\"dateModified\":\"2026-04-30T04:54:29+00:00\",\"mainEntityOfPage\":{\"@id\":\"https:\\\/\\\/www.webdo.tn\\\/fr\\\/actualite\\\/nature\\\/inflation-croissance-fmi-saied-veut-des-resultats-visibles-dans-la-vie-quotidienne\\\/397069\\\/\"},\"wordCount\":394,\"publisher\":{\"@id\":\"https:\\\/\\\/www.webdo.tn\\\/fr\\\/#organization\"},\"image\":{\"@id\":\"https:\\\/\\\/www.webdo.tn\\\/fr\\\/actualite\\\/nature\\\/inflation-croissance-fmi-saied-veut-des-resultats-visibles-dans-la-vie-quotidienne\\\/397069\\\/#primaryimage\"},\"thumbnailUrl\":\"https:\\\/\\\/www.webdo.tn\\\/fr\\\/wp-content\\\/uploads\\\/2026\\\/04\\\/saied-Abdelhafidh-et-nouri.jpg\",\"keywords\":[\"Fethi Zouhair Nouri\",\"Kais Saied\",\"Samir Abdelhafidh\"],\"articleSection\":[\"\u00c9pingle\",\"Nature\"],\"inLanguage\":\"fr-FR\"},{\"@type\":\"WebPage\",\"@id\":\"https:\\\/\\\/www.webdo.tn\\\/fr\\\/actualite\\\/nature\\\/inflation-croissance-fmi-saied-veut-des-resultats-visibles-dans-la-vie-quotidienne\\\/397069\\\/\",\"url\":\"https:\\\/\\\/www.webdo.tn\\\/fr\\\/actualite\\\/nature\\\/inflation-croissance-fmi-saied-veut-des-resultats-visibles-dans-la-vie-quotidienne\\\/397069\\\/\",\"name\":\"Inflation, croissance, FMI : Sa\u00efed veut des r\u00e9sultats visibles dans la vie quotidienne - webdo\",\"isPartOf\":{\"@id\":\"https:\\\/\\\/www.webdo.tn\\\/fr\\\/#website\"},\"primaryImageOfPage\":{\"@id\":\"https:\\\/\\\/www.webdo.tn\\\/fr\\\/actualite\\\/nature\\\/inflation-croissance-fmi-saied-veut-des-resultats-visibles-dans-la-vie-quotidienne\\\/397069\\\/#primaryimage\"},\"image\":{\"@id\":\"https:\\\/\\\/www.webdo.tn\\\/fr\\\/actualite\\\/nature\\\/inflation-croissance-fmi-saied-veut-des-resultats-visibles-dans-la-vie-quotidienne\\\/397069\\\/#primaryimage\"},\"thumbnailUrl\":\"https:\\\/\\\/www.webdo.tn\\\/fr\\\/wp-content\\\/uploads\\\/2026\\\/04\\\/saied-Abdelhafidh-et-nouri.jpg\",\"datePublished\":\"2026-04-30T04:54:27+00:00\",\"dateModified\":\"2026-04-30T04:54:29+00:00\",\"description\":\"Inflation, croissance et r\u00e9sultats du FMI : Ka\u00efs Sa\u00efed s'engage pour des am\u00e9liorations concr\u00e8tes dans la vie des Tunisiens.\",\"breadcrumb\":{\"@id\":\"https:\\\/\\\/www.webdo.tn\\\/fr\\\/actualite\\\/nature\\\/inflation-croissance-fmi-saied-veut-des-resultats-visibles-dans-la-vie-quotidienne\\\/397069\\\/#breadcrumb\"},\"inLanguage\":\"fr-FR\",\"potentialAction\":[{\"@type\":\"ReadAction\",\"target\":[\"https:\\\/\\\/www.webdo.tn\\\/fr\\\/actualite\\\/nature\\\/inflation-croissance-fmi-saied-veut-des-resultats-visibles-dans-la-vie-quotidienne\\\/397069\\\/\"]}]},{\"@type\":\"ImageObject\",\"inLanguage\":\"fr-FR\",\"@id\":\"https:\\\/\\\/www.webdo.tn\\\/fr\\\/actualite\\\/nature\\\/inflation-croissance-fmi-saied-veut-des-resultats-visibles-dans-la-vie-quotidienne\\\/397069\\\/#primaryimage\",\"url\":\"https:\\\/\\\/www.webdo.tn\\\/fr\\\/wp-content\\\/uploads\\\/2026\\\/04\\\/saied-Abdelhafidh-et-nouri.jpg\",\"contentUrl\":\"https:\\\/\\\/www.webdo.tn\\\/fr\\\/wp-content\\\/uploads\\\/2026\\\/04\\\/saied-Abdelhafidh-et-nouri.jpg\",\"width\":1200,\"height\":600,\"caption\":\"Ka\u00efs Sa\u00efed recevant, au palais de Carthage, le ministre de l\u2019\u00c9conomie Samir Abdelhafidh et le gouverneur de la Banque centrale Fethi Zouhair Nouri.\"},{\"@type\":\"BreadcrumbList\",\"@id\":\"https:\\\/\\\/www.webdo.tn\\\/fr\\\/actualite\\\/nature\\\/inflation-croissance-fmi-saied-veut-des-resultats-visibles-dans-la-vie-quotidienne\\\/397069\\\/#breadcrumb\",\"itemListElement\":[{\"@type\":\"ListItem\",\"position\":1,\"name\":\"Accueil\",\"item\":\"https:\\\/\\\/www.webdo.tn\\\/fr\\\/\"},{\"@type\":\"ListItem\",\"position\":2,\"name\":\"Inflation, croissance, FMI : Sa\u00efed veut des r\u00e9sultats visibles dans la vie quotidienne\"}]},{\"@type\":\"WebSite\",\"@id\":\"https:\\\/\\\/www.webdo.tn\\\/fr\\\/#website\",\"url\":\"https:\\\/\\\/www.webdo.tn\\\/fr\\\/\",\"name\":\"webdo\",\"description\":\"Tunisie - News en Tunisie et \u00e0 l&#039;international sur Webdo.tn\",\"publisher\":{\"@id\":\"https:\\\/\\\/www.webdo.tn\\\/fr\\\/#organization\"},\"potentialAction\":[{\"@type\":\"SearchAction\",\"target\":{\"@type\":\"EntryPoint\",\"urlTemplate\":\"https:\\\/\\\/www.webdo.tn\\\/fr\\\/?s={search_term_string}\"},\"query-input\":{\"@type\":\"PropertyValueSpecification\",\"valueRequired\":true,\"valueName\":\"search_term_string\"}}],\"inLanguage\":\"fr-FR\"},{\"@type\":\"Organization\",\"@id\":\"https:\\\/\\\/www.webdo.tn\\\/fr\\\/#organization\",\"name\":\"Webdo\",\"alternateName\":\"Webdo.tn\",\"url\":\"https:\\\/\\\/www.webdo.tn\\\/fr\\\/\",\"logo\":{\"@type\":\"ImageObject\",\"inLanguage\":\"fr-FR\",\"@id\":\"https:\\\/\\\/www.webdo.tn\\\/fr\\\/#\\\/schema\\\/logo\\\/image\\\/\",\"url\":\"https:\\\/\\\/www.webdo.tn\\\/fr\\\/wp-content\\\/uploads\\\/2025\\\/06\\\/Webdo-Tunisie_168377.jpg\",\"contentUrl\":\"https:\\\/\\\/www.webdo.tn\\\/fr\\\/wp-content\\\/uploads\\\/2025\\\/06\\\/Webdo-Tunisie_168377.jpg\",\"width\":301,\"height\":301,\"caption\":\"Webdo\"},\"image\":{\"@id\":\"https:\\\/\\\/www.webdo.tn\\\/fr\\\/#\\\/schema\\\/logo\\\/image\\\/\"},\"sameAs\":[\"https:\\\/\\\/www.facebook.com\\\/webdotn\",\"https:\\\/\\\/x.com\\\/webdo_tn\"],\"description\":\"Webdo est un m\u00e9dia num\u00e9rique tunisien fond\u00e9 en 2010, sp\u00e9cialis\u00e9 dans l\u2019actualit\u00e9 nationale et internationale, l\u2019\u00e9conomie, la soci\u00e9t\u00e9 et les analyses politiques. Le site s\u2019adresse \u00e0 un large public francophone et couvre l\u2019information tunisienne en temps r\u00e9el.\",\"email\":\"redac@webdo.tn\",\"legalName\":\"YNJ SARL\",\"foundingDate\":\"2010-09-06\",\"numberOfEmployees\":{\"@type\":\"QuantitativeValue\",\"minValue\":\"11\",\"maxValue\":\"50\"}},{\"@type\":\"Person\",\"@id\":\"https:\\\/\\\/www.webdo.tn\\\/fr\\\/#\\\/schema\\\/person\\\/5663044c25eb36d8f88ba5b653f12f8c\",\"name\":\"Ramzi Haddad\",\"image\":{\"@type\":\"ImageObject\",\"inLanguage\":\"fr-FR\",\"@id\":\"https:\\\/\\\/www.webdo.tn\\\/fr\\\/wp-content\\\/uploads\\\/2026\\\/04\\\/ramzi-haddad_avatar-96x96.jpg\",\"url\":\"https:\\\/\\\/www.webdo.tn\\\/fr\\\/wp-content\\\/uploads\\\/2026\\\/04\\\/ramzi-haddad_avatar-96x96.jpg\",\"contentUrl\":\"https:\\\/\\\/www.webdo.tn\\\/fr\\\/wp-content\\\/uploads\\\/2026\\\/04\\\/ramzi-haddad_avatar-96x96.jpg\",\"caption\":\"Ramzi Haddad\"},\"description\":\"Signature \u00e9ditoriale de Walid Ben Youssef Ramzi Haddad est le pseudonyme \u00e9ditorial de Walid Ben Youssef, fondateur et g\u00e9rant de Webdo.tn. Cette signature est d\u00e9di\u00e9e \u00e0 la couverture de l'actualit\u00e9 nationale et internationale, ainsi qu'aux analyses des dynamiques num\u00e9riques. Ce profil b\u00e9n\u00e9ficie de l'expertise de Walid Ben Youssef, pionnier du web en Tunisie depuis 2000 et dipl\u00f4m\u00e9 en Math\u00e9matiques pures de l'Universit\u00e9 d'Oregon. \u00c0 travers cette signature, la r\u00e9daction de Webdo garantit une information structur\u00e9e et v\u00e9rifi\u00e9e, fid\u00e8le aux standards journalistiques du m\u00e9dia.\",\"url\":\"https:\\\/\\\/www.webdo.tn\\\/fr\\\/actualite\\\/author\\\/ramzi-haddad\\\/\"}]}<\/script>\n<!-- \/ Yoast SEO Premium plugin. -->","yoast_head_json":{"title":"Inflation, croissance, FMI : Sa\u00efed veut des r\u00e9sultats visibles dans la vie quotidienne - webdo","description":"Inflation, croissance et r\u00e9sultats du FMI : Ka\u00efs Sa\u00efed s'engage pour des am\u00e9liorations concr\u00e8tes dans la vie des Tunisiens.","canonical":"https:\/\/www.webdo.tn\/fr\/actualite\/nature\/inflation-croissance-fmi-saied-veut-des-resultats-visibles-dans-la-vie-quotidienne\/397069\/","og_locale":"fr_FR","og_type":"article","og_title":"Inflation, croissance, FMI : Sa\u00efed veut des r\u00e9sultats visibles dans la vie quotidienne","og_description":"Inflation, croissance et r\u00e9sultats du FMI : Ka\u00efs Sa\u00efed s'engage pour des am\u00e9liorations concr\u00e8tes dans la vie des Tunisiens.","og_url":"https:\/\/www.webdo.tn\/fr\/actualite\/nature\/inflation-croissance-fmi-saied-veut-des-resultats-visibles-dans-la-vie-quotidienne\/397069\/","og_site_name":"webdo","article_publisher":"https:\/\/www.facebook.com\/webdotn","article_published_time":"2026-04-30T04:54:27+00:00","article_modified_time":"2026-04-30T04:54:29+00:00","og_image":[{"width":1200,"height":600,"url":"https:\/\/www.webdo.tn\/fr\/wp-content\/uploads\/2026\/04\/saied-Abdelhafidh-et-nouri.jpg","type":"image\/jpeg"}],"author":"Ramzi Haddad","twitter_card":"summary_large_image","twitter_creator":"@webdo_tn","twitter_site":"@webdo_tn","twitter_misc":{"\u00c9crit par":"Ramzi Haddad","Dur\u00e9e de lecture estim\u00e9e":"2 minutes"},"schema":{"@context":"https:\/\/schema.org","@graph":[{"@type":"NewsArticle","@id":"https:\/\/www.webdo.tn\/fr\/actualite\/nature\/inflation-croissance-fmi-saied-veut-des-resultats-visibles-dans-la-vie-quotidienne\/397069\/#article","isPartOf":{"@id":"https:\/\/www.webdo.tn\/fr\/actualite\/nature\/inflation-croissance-fmi-saied-veut-des-resultats-visibles-dans-la-vie-quotidienne\/397069\/"},"author":{"name":"Ramzi Haddad","@id":"https:\/\/www.webdo.tn\/fr\/#\/schema\/person\/5663044c25eb36d8f88ba5b653f12f8c"},"headline":"Inflation, croissance, FMI : Sa\u00efed veut des r\u00e9sultats visibles dans la vie quotidienne","datePublished":"2026-04-30T04:54:27+00:00","dateModified":"2026-04-30T04:54:29+00:00","mainEntityOfPage":{"@id":"https:\/\/www.webdo.tn\/fr\/actualite\/nature\/inflation-croissance-fmi-saied-veut-des-resultats-visibles-dans-la-vie-quotidienne\/397069\/"},"wordCount":394,"publisher":{"@id":"https:\/\/www.webdo.tn\/fr\/#organization"},"image":{"@id":"https:\/\/www.webdo.tn\/fr\/actualite\/nature\/inflation-croissance-fmi-saied-veut-des-resultats-visibles-dans-la-vie-quotidienne\/397069\/#primaryimage"},"thumbnailUrl":"https:\/\/www.webdo.tn\/fr\/wp-content\/uploads\/2026\/04\/saied-Abdelhafidh-et-nouri.jpg","keywords":["Fethi Zouhair Nouri","Kais Saied","Samir Abdelhafidh"],"articleSection":["\u00c9pingle","Nature"],"inLanguage":"fr-FR"},{"@type":"WebPage","@id":"https:\/\/www.webdo.tn\/fr\/actualite\/nature\/inflation-croissance-fmi-saied-veut-des-resultats-visibles-dans-la-vie-quotidienne\/397069\/","url":"https:\/\/www.webdo.tn\/fr\/actualite\/nature\/inflation-croissance-fmi-saied-veut-des-resultats-visibles-dans-la-vie-quotidienne\/397069\/","name":"Inflation, croissance, FMI : Sa\u00efed veut des r\u00e9sultats visibles dans la vie quotidienne - webdo","isPartOf":{"@id":"https:\/\/www.webdo.tn\/fr\/#website"},"primaryImageOfPage":{"@id":"https:\/\/www.webdo.tn\/fr\/actualite\/nature\/inflation-croissance-fmi-saied-veut-des-resultats-visibles-dans-la-vie-quotidienne\/397069\/#primaryimage"},"image":{"@id":"https:\/\/www.webdo.tn\/fr\/actualite\/nature\/inflation-croissance-fmi-saied-veut-des-resultats-visibles-dans-la-vie-quotidienne\/397069\/#primaryimage"},"thumbnailUrl":"https:\/\/www.webdo.tn\/fr\/wp-content\/uploads\/2026\/04\/saied-Abdelhafidh-et-nouri.jpg","datePublished":"2026-04-30T04:54:27+00:00","dateModified":"2026-04-30T04:54:29+00:00","description":"Inflation, croissance et r\u00e9sultats du FMI : Ka\u00efs Sa\u00efed s'engage pour des am\u00e9liorations concr\u00e8tes dans la vie des Tunisiens.","breadcrumb":{"@id":"https:\/\/www.webdo.tn\/fr\/actualite\/nature\/inflation-croissance-fmi-saied-veut-des-resultats-visibles-dans-la-vie-quotidienne\/397069\/#breadcrumb"},"inLanguage":"fr-FR","potentialAction":[{"@type":"ReadAction","target":["https:\/\/www.webdo.tn\/fr\/actualite\/nature\/inflation-croissance-fmi-saied-veut-des-resultats-visibles-dans-la-vie-quotidienne\/397069\/"]}]},{"@type":"ImageObject","inLanguage":"fr-FR","@id":"https:\/\/www.webdo.tn\/fr\/actualite\/nature\/inflation-croissance-fmi-saied-veut-des-resultats-visibles-dans-la-vie-quotidienne\/397069\/#primaryimage","url":"https:\/\/www.webdo.tn\/fr\/wp-content\/uploads\/2026\/04\/saied-Abdelhafidh-et-nouri.jpg","contentUrl":"https:\/\/www.webdo.tn\/fr\/wp-content\/uploads\/2026\/04\/saied-Abdelhafidh-et-nouri.jpg","width":1200,"height":600,"caption":"Ka\u00efs Sa\u00efed recevant, au palais de Carthage, le ministre de l\u2019\u00c9conomie Samir Abdelhafidh et le gouverneur de la Banque centrale Fethi Zouhair Nouri."},{"@type":"BreadcrumbList","@id":"https:\/\/www.webdo.tn\/fr\/actualite\/nature\/inflation-croissance-fmi-saied-veut-des-resultats-visibles-dans-la-vie-quotidienne\/397069\/#breadcrumb","itemListElement":[{"@type":"ListItem","position":1,"name":"Accueil","item":"https:\/\/www.webdo.tn\/fr\/"},{"@type":"ListItem","position":2,"name":"Inflation, croissance, FMI : Sa\u00efed veut des r\u00e9sultats visibles dans la vie quotidienne"}]},{"@type":"WebSite","@id":"https:\/\/www.webdo.tn\/fr\/#website","url":"https:\/\/www.webdo.tn\/fr\/","name":"webdo","description":"Tunisie - News en Tunisie et \u00e0 l&#039;international sur Webdo.tn","publisher":{"@id":"https:\/\/www.webdo.tn\/fr\/#organization"},"potentialAction":[{"@type":"SearchAction","target":{"@type":"EntryPoint","urlTemplate":"https:\/\/www.webdo.tn\/fr\/?s={search_term_string}"},"query-input":{"@type":"PropertyValueSpecification","valueRequired":true,"valueName":"search_term_string"}}],"inLanguage":"fr-FR"},{"@type":"Organization","@id":"https:\/\/www.webdo.tn\/fr\/#organization","name":"Webdo","alternateName":"Webdo.tn","url":"https:\/\/www.webdo.tn\/fr\/","logo":{"@type":"ImageObject","inLanguage":"fr-FR","@id":"https:\/\/www.webdo.tn\/fr\/#\/schema\/logo\/image\/","url":"https:\/\/www.webdo.tn\/fr\/wp-content\/uploads\/2025\/06\/Webdo-Tunisie_168377.jpg","contentUrl":"https:\/\/www.webdo.tn\/fr\/wp-content\/uploads\/2025\/06\/Webdo-Tunisie_168377.jpg","width":301,"height":301,"caption":"Webdo"},"image":{"@id":"https:\/\/www.webdo.tn\/fr\/#\/schema\/logo\/image\/"},"sameAs":["https:\/\/www.facebook.com\/webdotn","https:\/\/x.com\/webdo_tn"],"description":"Webdo est un m\u00e9dia num\u00e9rique tunisien fond\u00e9 en 2010, sp\u00e9cialis\u00e9 dans l\u2019actualit\u00e9 nationale et internationale, l\u2019\u00e9conomie, la soci\u00e9t\u00e9 et les analyses politiques. Le site s\u2019adresse \u00e0 un large public francophone et couvre l\u2019information tunisienne en temps r\u00e9el.","email":"redac@webdo.tn","legalName":"YNJ SARL","foundingDate":"2010-09-06","numberOfEmployees":{"@type":"QuantitativeValue","minValue":"11","maxValue":"50"}},{"@type":"Person","@id":"https:\/\/www.webdo.tn\/fr\/#\/schema\/person\/5663044c25eb36d8f88ba5b653f12f8c","name":"Ramzi Haddad","image":{"@type":"ImageObject","inLanguage":"fr-FR","@id":"https:\/\/www.webdo.tn\/fr\/wp-content\/uploads\/2026\/04\/ramzi-haddad_avatar-96x96.jpg","url":"https:\/\/www.webdo.tn\/fr\/wp-content\/uploads\/2026\/04\/ramzi-haddad_avatar-96x96.jpg","contentUrl":"https:\/\/www.webdo.tn\/fr\/wp-content\/uploads\/2026\/04\/ramzi-haddad_avatar-96x96.jpg","caption":"Ramzi Haddad"},"description":"Signature \u00e9ditoriale de Walid Ben Youssef Ramzi Haddad est le pseudonyme \u00e9ditorial de Walid Ben Youssef, fondateur et g\u00e9rant de Webdo.tn. Cette signature est d\u00e9di\u00e9e \u00e0 la couverture de l'actualit\u00e9 nationale et internationale, ainsi qu'aux analyses des dynamiques num\u00e9riques. Ce profil b\u00e9n\u00e9ficie de l'expertise de Walid Ben Youssef, pionnier du web en Tunisie depuis 2000 et dipl\u00f4m\u00e9 en Math\u00e9matiques pures de l'Universit\u00e9 d'Oregon. \u00c0 travers cette signature, la r\u00e9daction de Webdo garantit une information structur\u00e9e et v\u00e9rifi\u00e9e, fid\u00e8le aux standards journalistiques du m\u00e9dia.","url":"https:\/\/www.webdo.tn\/fr\/actualite\/author\/ramzi-haddad\/"}]}},"_links":{"self":[{"href":"https:\/\/www.webdo.tn\/fr\/wp-json\/wp\/v2\/posts\/397069","targetHints":{"allow":["GET"]}}],"collection":[{"href":"https:\/\/www.webdo.tn\/fr\/wp-json\/wp\/v2\/posts"}],"about":[{"href":"https:\/\/www.webdo.tn\/fr\/wp-json\/wp\/v2\/types\/post"}],"author":[{"embeddable":true,"href":"https:\/\/www.webdo.tn\/fr\/wp-json\/wp\/v2\/users\/3203"}],"replies":[{"embeddable":true,"href":"https:\/\/www.webdo.tn\/fr\/wp-json\/wp\/v2\/comments?post=397069"}],"version-history":[{"count":1,"href":"https:\/\/www.webdo.tn\/fr\/wp-json\/wp\/v2\/posts\/397069\/revisions"}],"predecessor-version":[{"id":397072,"href":"https:\/\/www.webdo.tn\/fr\/wp-json\/wp\/v2\/posts\/397069\/revisions\/397072"}],"wp:featuredmedia":[{"embeddable":true,"href":"https:\/\/www.webdo.tn\/fr\/wp-json\/wp\/v2\/media\/397071"}],"wp:attachment":[{"href":"https:\/\/www.webdo.tn\/fr\/wp-json\/wp\/v2\/media?parent=397069"}],"wp:term":[{"taxonomy":"category","embeddable":true,"href":"https:\/\/www.webdo.tn\/fr\/wp-json\/wp\/v2\/categories?post=397069"},{"taxonomy":"post_tag","embeddable":true,"href":"https:\/\/www.webdo.tn\/fr\/wp-json\/wp\/v2\/tags?post=397069"}],"curies":[{"name":"wp","href":"https:\/\/api.w.org\/{rel}","templated":true}]}}