{"id":397062,"date":"2026-04-29T18:06:27","date_gmt":"2026-04-29T17:06:27","guid":{"rendered":"https:\/\/www.webdo.tn\/fr\/?p=397062"},"modified":"2026-04-29T18:06:47","modified_gmt":"2026-04-29T17:06:47","slug":"le-club-africain-laisse-des-plumes-face-a-las-soliman","status":"publish","type":"post","link":"https:\/\/www.webdo.tn\/fr\/actualite\/sport\/le-club-africain-laisse-des-plumes-face-a-las-soliman\/397062\/","title":{"rendered":"Le Club Africain laisse des plumes face \u00e0 l\u2019AS Soliman"},"content":{"rendered":"\n<p><strong>Le Club Africain a laiss\u00e9 filer deux points pr\u00e9cieux, ce mercredi 29 avril 2026, en conc\u00e9dant le nul face \u00e0 l\u2019AS Soliman, un but partout, lors de la premi\u00e8re partie de la 27e journ\u00e9e de Ligue 1.<\/strong><\/p>\n\n\n\n<p>Ce d\u00e9placement s\u2019annon\u00e7ait d\u00e9j\u00e0 d\u00e9licat pour les Clubistes. Initialement entour\u00e9e d\u2019incertitudes logistiques, la rencontre devait finalement se jouer au Kef, \u00e0 huis clos, apr\u00e8s plusieurs changements de lieu. Sur le terrain, le leader du championnat n\u2019a pas r\u00e9ussi \u00e0 convertir ce rendez-vous en victoire.<\/p>\n\n\n\n<p>Le Club Africain avait pourtant ouvert le score par Bilel A\u00eft Malek \u00e0 la 51e minute, avant que l\u2019AS Soliman n\u2019\u00e9galise en fin de match gr\u00e2ce \u00e0 Helmi Jouidi \u00e0 la 84e minute. Face \u00e0 une \u00e9quipe engag\u00e9e dans la lutte pour le maintien, ce nul ressemble \u00e0 deux points perdus pour les Clubistes.<\/p>\n\n\n\n<h2 class=\"wp-block-heading\" id=\"h-le-stade-tunisien-surpris-au-bardo\">Le Stade Tunisien surpris au Bardo<\/h2>\n\n\n\n<p>Autre r\u00e9sultat marquant de cette premi\u00e8re salve : la d\u00e9faite du Stade Tunisien \u00e0 domicile face \u00e0 la Jeunesse Sportive d\u2019El Omrane. Les Bardolais se sont inclin\u00e9s 2-1 au complexe H\u00e9di-Enneifer, un revers qui complique leur course aux premi\u00e8res places.<\/p>\n\n\n\n<p>De son c\u00f4t\u00e9, l\u2019Union sportive monastirienne s\u2019est impos\u00e9e 2-0 face \u00e0 l\u2019AS Gab\u00e8s, tandis que l\u2019ES M\u00e9tlaoui a sign\u00e9 une victoire nette contre l\u2019\u00c9toile du Sahel, \u00e9galement sur le score de 2-0.<\/p>\n\n\n\n<h2 class=\"wp-block-heading\" id=\"h-les-resultats-du-jour\">Les r\u00e9sultats du jour<\/h2>\n\n\n\n<p>ES M\u00e9tlaoui 2-0 ES Sahel<br>Stade Tunisien 1-2 JS Omrane<br>US Monastirienne 2-0 AS Gab\u00e8s<br>AS Soliman 1-1 Club Africain<\/p>\n\n\n\n<p>La 27e journ\u00e9e se poursuivra jeudi avec d\u2019autres affiches importantes, dont le choc entre l\u2019Esp\u00e9rance sportive de Tunis et le Club sportif sfaxien.<\/p>\n\n\n\n<blockquote class=\"wp-block-quote is-layout-flow wp-block-quote-is-layout-flow\">\n<blockquote class=\"wp-block-quote is-layout-flow wp-block-quote-is-layout-flow\">\n<p><strong>Lire aussi:<\/strong><\/p>\n\n\n\n<ul class=\"wp-block-list\">\n<li class=\"has-medium-font-size\"><a href=\"https:\/\/www.webdo.tn\/fr\/actualite\/sport\/ligue-1-j27-deplacement-sous-tension-pour-le-club-africain\/397014\/\">Ligue 1 \u2013 J27 : D\u00e9placement sous tension pour le Club Africain<\/a><\/li>\n<\/ul>\n<\/blockquote>\n<\/blockquote>\n\n\n\n<p><\/p>\n","protected":false},"excerpt":{"rendered":"<p>Le Club Africain a laiss\u00e9 filer deux points pr\u00e9cieux, ce mercredi 29 avril 2026, en conc\u00e9dant le nul face \u00e0 l\u2019AS Soliman, un but partout, lors de la premi\u00e8re partie de la 27e journ\u00e9e de Ligue 1. Ce d\u00e9placement s\u2019annon\u00e7ait d\u00e9j\u00e0 d\u00e9licat pour les Clubistes. Initialement entour\u00e9e d\u2019incertitudes logistiques, la rencontre devait finalement se jouer [&hellip;]<\/p>\n","protected":false},"author":3203,"featured_media":397064,"comment_status":"closed","ping_status":"closed","sticky":false,"template":"","format":"standard","meta":{"footnotes":""},"categories":[13163,2593],"tags":[11944,3101,2777,2608],"class_list":["post-397062","post","type-post","status-publish","format-standard","has-post-thumbnail","hentry","category-epingle","category-sport","tag-as-soliman","tag-club-africain","tag-ligue-1","tag-tunisie"],"yoast_head":"<!-- This site is optimized with the Yoast SEO Premium plugin v27.5 (Yoast SEO v27.5) - https:\/\/yoast.com\/product\/yoast-seo-premium-wordpress\/ -->\n<title>Le Club Africain laisse des plumes face \u00e0 l\u2019AS Soliman - webdo<\/title>\n<meta name=\"description\" content=\"Le Club Africain laisse des plumes face \u00e0 l\u2019AS Soliman avec un match nul qui co\u00fbte cher au classement.\" \/>\n<link rel=\"canonical\" href=\"https:\/\/www.webdo.tn\/fr\/actualite\/sport\/le-club-africain-laisse-des-plumes-face-a-las-soliman\/397062\/\" \/>\n<meta property=\"og:locale\" content=\"fr_FR\" \/>\n<meta property=\"og:type\" content=\"article\" \/>\n<meta property=\"og:title\" content=\"Le Club Africain laisse des plumes face \u00e0 l\u2019AS Soliman\" \/>\n<meta property=\"og:description\" content=\"Le Club Africain laisse des plumes face \u00e0 l\u2019AS Soliman avec un match nul qui co\u00fbte cher au classement.\" \/>\n<meta property=\"og:url\" content=\"https:\/\/www.webdo.tn\/fr\/actualite\/sport\/le-club-africain-laisse-des-plumes-face-a-las-soliman\/397062\/\" \/>\n<meta property=\"og:site_name\" content=\"webdo\" \/>\n<meta property=\"article:publisher\" content=\"https:\/\/www.facebook.com\/webdotn\" \/>\n<meta property=\"article:published_time\" content=\"2026-04-29T17:06:27+00:00\" \/>\n<meta property=\"article:modified_time\" content=\"2026-04-29T17:06:47+00:00\" \/>\n<meta property=\"og:image\" content=\"https:\/\/www.webdo.tn\/fr\/wp-content\/uploads\/2026\/04\/CA-vs-As-Soliman.jpg\" \/>\n\t<meta property=\"og:image:width\" content=\"800\" \/>\n\t<meta property=\"og:image:height\" content=\"400\" \/>\n\t<meta property=\"og:image:type\" content=\"image\/jpeg\" \/>\n<meta name=\"author\" content=\"Ramzi Haddad\" \/>\n<meta name=\"twitter:card\" content=\"summary_large_image\" \/>\n<meta name=\"twitter:creator\" content=\"@webdo_tn\" \/>\n<meta name=\"twitter:site\" content=\"@webdo_tn\" \/>\n<meta name=\"twitter:label1\" content=\"\u00c9crit par\" \/>\n\t<meta name=\"twitter:data1\" content=\"Ramzi Haddad\" \/>\n\t<meta name=\"twitter:label2\" content=\"Dur\u00e9e de lecture estim\u00e9e\" \/>\n\t<meta name=\"twitter:data2\" content=\"2 minutes\" \/>\n<script type=\"application\/ld+json\" class=\"yoast-schema-graph\">{\"@context\":\"https:\\\/\\\/schema.org\",\"@graph\":[{\"@type\":\"NewsArticle\",\"@id\":\"https:\\\/\\\/www.webdo.tn\\\/fr\\\/actualite\\\/sport\\\/le-club-africain-laisse-des-plumes-face-a-las-soliman\\\/397062\\\/#article\",\"isPartOf\":{\"@id\":\"https:\\\/\\\/www.webdo.tn\\\/fr\\\/actualite\\\/sport\\\/le-club-africain-laisse-des-plumes-face-a-las-soliman\\\/397062\\\/\"},\"author\":{\"name\":\"Ramzi Haddad\",\"@id\":\"https:\\\/\\\/www.webdo.tn\\\/fr\\\/#\\\/schema\\\/person\\\/5663044c25eb36d8f88ba5b653f12f8c\"},\"headline\":\"Le Club Africain laisse des plumes face \u00e0 l\u2019AS Soliman\",\"datePublished\":\"2026-04-29T17:06:27+00:00\",\"dateModified\":\"2026-04-29T17:06:47+00:00\",\"mainEntityOfPage\":{\"@id\":\"https:\\\/\\\/www.webdo.tn\\\/fr\\\/actualite\\\/sport\\\/le-club-africain-laisse-des-plumes-face-a-las-soliman\\\/397062\\\/\"},\"wordCount\":307,\"publisher\":{\"@id\":\"https:\\\/\\\/www.webdo.tn\\\/fr\\\/#organization\"},\"image\":{\"@id\":\"https:\\\/\\\/www.webdo.tn\\\/fr\\\/actualite\\\/sport\\\/le-club-africain-laisse-des-plumes-face-a-las-soliman\\\/397062\\\/#primaryimage\"},\"thumbnailUrl\":\"https:\\\/\\\/www.webdo.tn\\\/fr\\\/wp-content\\\/uploads\\\/2026\\\/04\\\/CA-vs-As-Soliman.jpg\",\"keywords\":[\"AS Soliman\",\"Club Africain\",\"Ligue 1\",\"Tunisie\"],\"articleSection\":[\"\u00c9pingle\",\"Sport\"],\"inLanguage\":\"fr-FR\"},{\"@type\":\"WebPage\",\"@id\":\"https:\\\/\\\/www.webdo.tn\\\/fr\\\/actualite\\\/sport\\\/le-club-africain-laisse-des-plumes-face-a-las-soliman\\\/397062\\\/\",\"url\":\"https:\\\/\\\/www.webdo.tn\\\/fr\\\/actualite\\\/sport\\\/le-club-africain-laisse-des-plumes-face-a-las-soliman\\\/397062\\\/\",\"name\":\"Le Club Africain laisse des plumes face \u00e0 l\u2019AS Soliman - webdo\",\"isPartOf\":{\"@id\":\"https:\\\/\\\/www.webdo.tn\\\/fr\\\/#website\"},\"primaryImageOfPage\":{\"@id\":\"https:\\\/\\\/www.webdo.tn\\\/fr\\\/actualite\\\/sport\\\/le-club-africain-laisse-des-plumes-face-a-las-soliman\\\/397062\\\/#primaryimage\"},\"image\":{\"@id\":\"https:\\\/\\\/www.webdo.tn\\\/fr\\\/actualite\\\/sport\\\/le-club-africain-laisse-des-plumes-face-a-las-soliman\\\/397062\\\/#primaryimage\"},\"thumbnailUrl\":\"https:\\\/\\\/www.webdo.tn\\\/fr\\\/wp-content\\\/uploads\\\/2026\\\/04\\\/CA-vs-As-Soliman.jpg\",\"datePublished\":\"2026-04-29T17:06:27+00:00\",\"dateModified\":\"2026-04-29T17:06:47+00:00\",\"description\":\"Le Club Africain laisse des plumes face \u00e0 l\u2019AS Soliman avec un match nul qui co\u00fbte cher au classement.\",\"breadcrumb\":{\"@id\":\"https:\\\/\\\/www.webdo.tn\\\/fr\\\/actualite\\\/sport\\\/le-club-africain-laisse-des-plumes-face-a-las-soliman\\\/397062\\\/#breadcrumb\"},\"inLanguage\":\"fr-FR\",\"potentialAction\":[{\"@type\":\"ReadAction\",\"target\":[\"https:\\\/\\\/www.webdo.tn\\\/fr\\\/actualite\\\/sport\\\/le-club-africain-laisse-des-plumes-face-a-las-soliman\\\/397062\\\/\"]}]},{\"@type\":\"ImageObject\",\"inLanguage\":\"fr-FR\",\"@id\":\"https:\\\/\\\/www.webdo.tn\\\/fr\\\/actualite\\\/sport\\\/le-club-africain-laisse-des-plumes-face-a-las-soliman\\\/397062\\\/#primaryimage\",\"url\":\"https:\\\/\\\/www.webdo.tn\\\/fr\\\/wp-content\\\/uploads\\\/2026\\\/04\\\/CA-vs-As-Soliman.jpg\",\"contentUrl\":\"https:\\\/\\\/www.webdo.tn\\\/fr\\\/wp-content\\\/uploads\\\/2026\\\/04\\\/CA-vs-As-Soliman.jpg\",\"width\":800,\"height\":400,\"caption\":\"Le Club Africain a \u00e9t\u00e9 accroch\u00e9 par l\u2019AS Soliman lors de la 27e journ\u00e9e de Ligue 1.\"},{\"@type\":\"BreadcrumbList\",\"@id\":\"https:\\\/\\\/www.webdo.tn\\\/fr\\\/actualite\\\/sport\\\/le-club-africain-laisse-des-plumes-face-a-las-soliman\\\/397062\\\/#breadcrumb\",\"itemListElement\":[{\"@type\":\"ListItem\",\"position\":1,\"name\":\"Accueil\",\"item\":\"https:\\\/\\\/www.webdo.tn\\\/fr\\\/\"},{\"@type\":\"ListItem\",\"position\":2,\"name\":\"Le Club Africain laisse des plumes face \u00e0 l\u2019AS Soliman\"}]},{\"@type\":\"WebSite\",\"@id\":\"https:\\\/\\\/www.webdo.tn\\\/fr\\\/#website\",\"url\":\"https:\\\/\\\/www.webdo.tn\\\/fr\\\/\",\"name\":\"webdo\",\"description\":\"Tunisie - News en Tunisie et \u00e0 l&#039;international sur Webdo.tn\",\"publisher\":{\"@id\":\"https:\\\/\\\/www.webdo.tn\\\/fr\\\/#organization\"},\"potentialAction\":[{\"@type\":\"SearchAction\",\"target\":{\"@type\":\"EntryPoint\",\"urlTemplate\":\"https:\\\/\\\/www.webdo.tn\\\/fr\\\/?s={search_term_string}\"},\"query-input\":{\"@type\":\"PropertyValueSpecification\",\"valueRequired\":true,\"valueName\":\"search_term_string\"}}],\"inLanguage\":\"fr-FR\"},{\"@type\":\"Organization\",\"@id\":\"https:\\\/\\\/www.webdo.tn\\\/fr\\\/#organization\",\"name\":\"Webdo\",\"alternateName\":\"Webdo.tn\",\"url\":\"https:\\\/\\\/www.webdo.tn\\\/fr\\\/\",\"logo\":{\"@type\":\"ImageObject\",\"inLanguage\":\"fr-FR\",\"@id\":\"https:\\\/\\\/www.webdo.tn\\\/fr\\\/#\\\/schema\\\/logo\\\/image\\\/\",\"url\":\"https:\\\/\\\/www.webdo.tn\\\/fr\\\/wp-content\\\/uploads\\\/2025\\\/06\\\/Webdo-Tunisie_168377.jpg\",\"contentUrl\":\"https:\\\/\\\/www.webdo.tn\\\/fr\\\/wp-content\\\/uploads\\\/2025\\\/06\\\/Webdo-Tunisie_168377.jpg\",\"width\":301,\"height\":301,\"caption\":\"Webdo\"},\"image\":{\"@id\":\"https:\\\/\\\/www.webdo.tn\\\/fr\\\/#\\\/schema\\\/logo\\\/image\\\/\"},\"sameAs\":[\"https:\\\/\\\/www.facebook.com\\\/webdotn\",\"https:\\\/\\\/x.com\\\/webdo_tn\"],\"description\":\"Webdo est un m\u00e9dia num\u00e9rique tunisien fond\u00e9 en 2010, sp\u00e9cialis\u00e9 dans l\u2019actualit\u00e9 nationale et internationale, l\u2019\u00e9conomie, la soci\u00e9t\u00e9 et les analyses politiques. Le site s\u2019adresse \u00e0 un large public francophone et couvre l\u2019information tunisienne en temps r\u00e9el.\",\"email\":\"redac@webdo.tn\",\"legalName\":\"YNJ SARL\",\"foundingDate\":\"2010-09-06\",\"numberOfEmployees\":{\"@type\":\"QuantitativeValue\",\"minValue\":\"11\",\"maxValue\":\"50\"}},{\"@type\":\"Person\",\"@id\":\"https:\\\/\\\/www.webdo.tn\\\/fr\\\/#\\\/schema\\\/person\\\/5663044c25eb36d8f88ba5b653f12f8c\",\"name\":\"Ramzi Haddad\",\"image\":{\"@type\":\"ImageObject\",\"inLanguage\":\"fr-FR\",\"@id\":\"https:\\\/\\\/www.webdo.tn\\\/fr\\\/wp-content\\\/uploads\\\/2026\\\/04\\\/ramzi-haddad_avatar-96x96.jpg\",\"url\":\"https:\\\/\\\/www.webdo.tn\\\/fr\\\/wp-content\\\/uploads\\\/2026\\\/04\\\/ramzi-haddad_avatar-96x96.jpg\",\"contentUrl\":\"https:\\\/\\\/www.webdo.tn\\\/fr\\\/wp-content\\\/uploads\\\/2026\\\/04\\\/ramzi-haddad_avatar-96x96.jpg\",\"caption\":\"Ramzi Haddad\"},\"description\":\"Signature \u00e9ditoriale de Walid Ben Youssef Ramzi Haddad est le pseudonyme \u00e9ditorial de Walid Ben Youssef, fondateur et g\u00e9rant de Webdo.tn. Cette signature est d\u00e9di\u00e9e \u00e0 la couverture de l'actualit\u00e9 nationale et internationale, ainsi qu'aux analyses des dynamiques num\u00e9riques. Ce profil b\u00e9n\u00e9ficie de l'expertise de Walid Ben Youssef, pionnier du web en Tunisie depuis 2000 et dipl\u00f4m\u00e9 en Math\u00e9matiques pures de l'Universit\u00e9 d'Oregon. \u00c0 travers cette signature, la r\u00e9daction de Webdo garantit une information structur\u00e9e et v\u00e9rifi\u00e9e, fid\u00e8le aux standards journalistiques du m\u00e9dia.\",\"url\":\"https:\\\/\\\/www.webdo.tn\\\/fr\\\/actualite\\\/author\\\/ramzi-haddad\\\/\"}]}<\/script>\n<!-- \/ Yoast SEO Premium plugin. -->","yoast_head_json":{"title":"Le Club Africain laisse des plumes face \u00e0 l\u2019AS Soliman - webdo","description":"Le Club Africain laisse des plumes face \u00e0 l\u2019AS Soliman avec un match nul qui co\u00fbte cher au classement.","canonical":"https:\/\/www.webdo.tn\/fr\/actualite\/sport\/le-club-africain-laisse-des-plumes-face-a-las-soliman\/397062\/","og_locale":"fr_FR","og_type":"article","og_title":"Le Club Africain laisse des plumes face \u00e0 l\u2019AS Soliman","og_description":"Le Club Africain laisse des plumes face \u00e0 l\u2019AS Soliman avec un match nul qui co\u00fbte cher au classement.","og_url":"https:\/\/www.webdo.tn\/fr\/actualite\/sport\/le-club-africain-laisse-des-plumes-face-a-las-soliman\/397062\/","og_site_name":"webdo","article_publisher":"https:\/\/www.facebook.com\/webdotn","article_published_time":"2026-04-29T17:06:27+00:00","article_modified_time":"2026-04-29T17:06:47+00:00","og_image":[{"width":800,"height":400,"url":"https:\/\/www.webdo.tn\/fr\/wp-content\/uploads\/2026\/04\/CA-vs-As-Soliman.jpg","type":"image\/jpeg"}],"author":"Ramzi Haddad","twitter_card":"summary_large_image","twitter_creator":"@webdo_tn","twitter_site":"@webdo_tn","twitter_misc":{"\u00c9crit par":"Ramzi Haddad","Dur\u00e9e de lecture estim\u00e9e":"2 minutes"},"schema":{"@context":"https:\/\/schema.org","@graph":[{"@type":"NewsArticle","@id":"https:\/\/www.webdo.tn\/fr\/actualite\/sport\/le-club-africain-laisse-des-plumes-face-a-las-soliman\/397062\/#article","isPartOf":{"@id":"https:\/\/www.webdo.tn\/fr\/actualite\/sport\/le-club-africain-laisse-des-plumes-face-a-las-soliman\/397062\/"},"author":{"name":"Ramzi Haddad","@id":"https:\/\/www.webdo.tn\/fr\/#\/schema\/person\/5663044c25eb36d8f88ba5b653f12f8c"},"headline":"Le Club Africain laisse des plumes face \u00e0 l\u2019AS Soliman","datePublished":"2026-04-29T17:06:27+00:00","dateModified":"2026-04-29T17:06:47+00:00","mainEntityOfPage":{"@id":"https:\/\/www.webdo.tn\/fr\/actualite\/sport\/le-club-africain-laisse-des-plumes-face-a-las-soliman\/397062\/"},"wordCount":307,"publisher":{"@id":"https:\/\/www.webdo.tn\/fr\/#organization"},"image":{"@id":"https:\/\/www.webdo.tn\/fr\/actualite\/sport\/le-club-africain-laisse-des-plumes-face-a-las-soliman\/397062\/#primaryimage"},"thumbnailUrl":"https:\/\/www.webdo.tn\/fr\/wp-content\/uploads\/2026\/04\/CA-vs-As-Soliman.jpg","keywords":["AS Soliman","Club Africain","Ligue 1","Tunisie"],"articleSection":["\u00c9pingle","Sport"],"inLanguage":"fr-FR"},{"@type":"WebPage","@id":"https:\/\/www.webdo.tn\/fr\/actualite\/sport\/le-club-africain-laisse-des-plumes-face-a-las-soliman\/397062\/","url":"https:\/\/www.webdo.tn\/fr\/actualite\/sport\/le-club-africain-laisse-des-plumes-face-a-las-soliman\/397062\/","name":"Le Club Africain laisse des plumes face \u00e0 l\u2019AS Soliman - webdo","isPartOf":{"@id":"https:\/\/www.webdo.tn\/fr\/#website"},"primaryImageOfPage":{"@id":"https:\/\/www.webdo.tn\/fr\/actualite\/sport\/le-club-africain-laisse-des-plumes-face-a-las-soliman\/397062\/#primaryimage"},"image":{"@id":"https:\/\/www.webdo.tn\/fr\/actualite\/sport\/le-club-africain-laisse-des-plumes-face-a-las-soliman\/397062\/#primaryimage"},"thumbnailUrl":"https:\/\/www.webdo.tn\/fr\/wp-content\/uploads\/2026\/04\/CA-vs-As-Soliman.jpg","datePublished":"2026-04-29T17:06:27+00:00","dateModified":"2026-04-29T17:06:47+00:00","description":"Le Club Africain laisse des plumes face \u00e0 l\u2019AS Soliman avec un match nul qui co\u00fbte cher au classement.","breadcrumb":{"@id":"https:\/\/www.webdo.tn\/fr\/actualite\/sport\/le-club-africain-laisse-des-plumes-face-a-las-soliman\/397062\/#breadcrumb"},"inLanguage":"fr-FR","potentialAction":[{"@type":"ReadAction","target":["https:\/\/www.webdo.tn\/fr\/actualite\/sport\/le-club-africain-laisse-des-plumes-face-a-las-soliman\/397062\/"]}]},{"@type":"ImageObject","inLanguage":"fr-FR","@id":"https:\/\/www.webdo.tn\/fr\/actualite\/sport\/le-club-africain-laisse-des-plumes-face-a-las-soliman\/397062\/#primaryimage","url":"https:\/\/www.webdo.tn\/fr\/wp-content\/uploads\/2026\/04\/CA-vs-As-Soliman.jpg","contentUrl":"https:\/\/www.webdo.tn\/fr\/wp-content\/uploads\/2026\/04\/CA-vs-As-Soliman.jpg","width":800,"height":400,"caption":"Le Club Africain a \u00e9t\u00e9 accroch\u00e9 par l\u2019AS Soliman lors de la 27e journ\u00e9e de Ligue 1."},{"@type":"BreadcrumbList","@id":"https:\/\/www.webdo.tn\/fr\/actualite\/sport\/le-club-africain-laisse-des-plumes-face-a-las-soliman\/397062\/#breadcrumb","itemListElement":[{"@type":"ListItem","position":1,"name":"Accueil","item":"https:\/\/www.webdo.tn\/fr\/"},{"@type":"ListItem","position":2,"name":"Le Club Africain laisse des plumes face \u00e0 l\u2019AS Soliman"}]},{"@type":"WebSite","@id":"https:\/\/www.webdo.tn\/fr\/#website","url":"https:\/\/www.webdo.tn\/fr\/","name":"webdo","description":"Tunisie - News en Tunisie et \u00e0 l&#039;international sur Webdo.tn","publisher":{"@id":"https:\/\/www.webdo.tn\/fr\/#organization"},"potentialAction":[{"@type":"SearchAction","target":{"@type":"EntryPoint","urlTemplate":"https:\/\/www.webdo.tn\/fr\/?s={search_term_string}"},"query-input":{"@type":"PropertyValueSpecification","valueRequired":true,"valueName":"search_term_string"}}],"inLanguage":"fr-FR"},{"@type":"Organization","@id":"https:\/\/www.webdo.tn\/fr\/#organization","name":"Webdo","alternateName":"Webdo.tn","url":"https:\/\/www.webdo.tn\/fr\/","logo":{"@type":"ImageObject","inLanguage":"fr-FR","@id":"https:\/\/www.webdo.tn\/fr\/#\/schema\/logo\/image\/","url":"https:\/\/www.webdo.tn\/fr\/wp-content\/uploads\/2025\/06\/Webdo-Tunisie_168377.jpg","contentUrl":"https:\/\/www.webdo.tn\/fr\/wp-content\/uploads\/2025\/06\/Webdo-Tunisie_168377.jpg","width":301,"height":301,"caption":"Webdo"},"image":{"@id":"https:\/\/www.webdo.tn\/fr\/#\/schema\/logo\/image\/"},"sameAs":["https:\/\/www.facebook.com\/webdotn","https:\/\/x.com\/webdo_tn"],"description":"Webdo est un m\u00e9dia num\u00e9rique tunisien fond\u00e9 en 2010, sp\u00e9cialis\u00e9 dans l\u2019actualit\u00e9 nationale et internationale, l\u2019\u00e9conomie, la soci\u00e9t\u00e9 et les analyses politiques. Le site s\u2019adresse \u00e0 un large public francophone et couvre l\u2019information tunisienne en temps r\u00e9el.","email":"redac@webdo.tn","legalName":"YNJ SARL","foundingDate":"2010-09-06","numberOfEmployees":{"@type":"QuantitativeValue","minValue":"11","maxValue":"50"}},{"@type":"Person","@id":"https:\/\/www.webdo.tn\/fr\/#\/schema\/person\/5663044c25eb36d8f88ba5b653f12f8c","name":"Ramzi Haddad","image":{"@type":"ImageObject","inLanguage":"fr-FR","@id":"https:\/\/www.webdo.tn\/fr\/wp-content\/uploads\/2026\/04\/ramzi-haddad_avatar-96x96.jpg","url":"https:\/\/www.webdo.tn\/fr\/wp-content\/uploads\/2026\/04\/ramzi-haddad_avatar-96x96.jpg","contentUrl":"https:\/\/www.webdo.tn\/fr\/wp-content\/uploads\/2026\/04\/ramzi-haddad_avatar-96x96.jpg","caption":"Ramzi Haddad"},"description":"Signature \u00e9ditoriale de Walid Ben Youssef Ramzi Haddad est le pseudonyme \u00e9ditorial de Walid Ben Youssef, fondateur et g\u00e9rant de Webdo.tn. Cette signature est d\u00e9di\u00e9e \u00e0 la couverture de l'actualit\u00e9 nationale et internationale, ainsi qu'aux analyses des dynamiques num\u00e9riques. Ce profil b\u00e9n\u00e9ficie de l'expertise de Walid Ben Youssef, pionnier du web en Tunisie depuis 2000 et dipl\u00f4m\u00e9 en Math\u00e9matiques pures de l'Universit\u00e9 d'Oregon. \u00c0 travers cette signature, la r\u00e9daction de Webdo garantit une information structur\u00e9e et v\u00e9rifi\u00e9e, fid\u00e8le aux standards journalistiques du m\u00e9dia.","url":"https:\/\/www.webdo.tn\/fr\/actualite\/author\/ramzi-haddad\/"}]}},"_links":{"self":[{"href":"https:\/\/www.webdo.tn\/fr\/wp-json\/wp\/v2\/posts\/397062","targetHints":{"allow":["GET"]}}],"collection":[{"href":"https:\/\/www.webdo.tn\/fr\/wp-json\/wp\/v2\/posts"}],"about":[{"href":"https:\/\/www.webdo.tn\/fr\/wp-json\/wp\/v2\/types\/post"}],"author":[{"embeddable":true,"href":"https:\/\/www.webdo.tn\/fr\/wp-json\/wp\/v2\/users\/3203"}],"replies":[{"embeddable":true,"href":"https:\/\/www.webdo.tn\/fr\/wp-json\/wp\/v2\/comments?post=397062"}],"version-history":[{"count":1,"href":"https:\/\/www.webdo.tn\/fr\/wp-json\/wp\/v2\/posts\/397062\/revisions"}],"predecessor-version":[{"id":397065,"href":"https:\/\/www.webdo.tn\/fr\/wp-json\/wp\/v2\/posts\/397062\/revisions\/397065"}],"wp:featuredmedia":[{"embeddable":true,"href":"https:\/\/www.webdo.tn\/fr\/wp-json\/wp\/v2\/media\/397064"}],"wp:attachment":[{"href":"https:\/\/www.webdo.tn\/fr\/wp-json\/wp\/v2\/media?parent=397062"}],"wp:term":[{"taxonomy":"category","embeddable":true,"href":"https:\/\/www.webdo.tn\/fr\/wp-json\/wp\/v2\/categories?post=397062"},{"taxonomy":"post_tag","embeddable":true,"href":"https:\/\/www.webdo.tn\/fr\/wp-json\/wp\/v2\/tags?post=397062"}],"curies":[{"name":"wp","href":"https:\/\/api.w.org\/{rel}","templated":true}]}}