{"id":397057,"date":"2026-04-29T16:43:28","date_gmt":"2026-04-29T15:43:28","guid":{"rendered":"https:\/\/www.webdo.tn\/fr\/?p=397057"},"modified":"2026-04-29T16:43:29","modified_gmt":"2026-04-29T15:43:29","slug":"sncft-cinq-ans-de-prison-pour-une-ancienne-responsable-pour-malversations","status":"publish","type":"post","link":"https:\/\/www.webdo.tn\/fr\/actualite\/national\/sncft-cinq-ans-de-prison-pour-une-ancienne-responsable-pour-malversations\/397057\/","title":{"rendered":"SNCFT : Cinq ans de prison pour une ancienne responsable pour malversations"},"content":{"rendered":"\n<p><strong>La justice tunisienne a tranch\u00e9 dans une affaire de gestion controvers\u00e9e au sein de la Soci\u00e9t\u00e9 nationale des chemins de fer tunisiens. Une ancienne responsable de l\u2019entreprise publique a \u00e9t\u00e9 condamn\u00e9e \u00e0 cinq ans de prison par le tribunal de premi\u00e8re instance de Tunis. Les faits portent sur des soup\u00e7ons de falsification et d\u2019irr\u00e9gularit\u00e9s dans la gestion des assurances.<\/strong><\/p>\n\n\n\n<h2 class=\"wp-block-heading\" id=\"h-une-condamnation-pour-mauvaise-gestion-et-falsification\">Une condamnation pour mauvaise gestion et falsification<\/h2>\n\n\n\n<p>La chambre criminelle du tribunal de premi\u00e8re instance de Tunis a prononc\u00e9 cette peine \u00e0 la suite d\u2019une plainte d\u00e9pos\u00e9e par la Soci\u00e9t\u00e9 nationale des chemins de fer tunisiens.<\/p>\n\n\n\n<p>L\u2019enqu\u00eate a r\u00e9v\u00e9l\u00e9 des pratiques suspectes li\u00e9es \u00e0 la manipulation de dossiers d\u2019assurance et \u00e0 la falsification de contrats, commises durant le mandat de l\u2019ancienne responsable. Ces faits ont \u00e9t\u00e9 qualifi\u00e9s de graves irr\u00e9gularit\u00e9s dans la gestion interne de l\u2019entreprise.<\/p>\n\n\n\n<p>Le dossier a \u00e9t\u00e9 instruit par le p\u00f4le judiciaire financier, sur autorisation du parquet. Les investigations ont \u00e9t\u00e9 confi\u00e9es \u00e0 la brigade centrale de lutte contre les crimes \u00e9conomiques et financiers de la Garde nationale \u00e0 l\u2019Aouina.<\/p>\n\n\n\n<p>Les \u00e9l\u00e9ments recueillis ont conduit \u00e0 l\u2019ouverture d\u2019une information judiciaire, mettant en lumi\u00e8re des dysfonctionnements dans la gestion des assurances au sein de la soci\u00e9t\u00e9 publique.<\/p>\n\n\n\n<h2 class=\"wp-block-heading\" id=\"h-une-procedure-engagee-depuis-2023\">Une proc\u00e9dure engag\u00e9e depuis 2023<\/h2>\n\n\n\n<p>L\u2019ancienne responsable avait \u00e9t\u00e9 plac\u00e9e en d\u00e9tention en 2023, sur d\u00e9cision du juge d\u2019instruction en charge du dossier, apr\u00e8s son interrogatoire.<\/p>\n\n\n\n<p>La condamnation prononc\u00e9e vient ainsi clore une proc\u00e9dure judiciaire entam\u00e9e il y a plusieurs mois, illustrant la poursuite des affaires li\u00e9es \u00e0 la gestion des entreprises publiques en Tunisie.<\/p>\n\n\n\n<p><\/p>\n\n\n\n<p><\/p>\n","protected":false},"excerpt":{"rendered":"<p>La justice tunisienne a tranch\u00e9 dans une affaire de gestion controvers\u00e9e au sein de la Soci\u00e9t\u00e9 nationale des chemins de fer tunisiens. Une ancienne responsable de l\u2019entreprise publique a \u00e9t\u00e9 condamn\u00e9e \u00e0 cinq ans de prison par le tribunal de premi\u00e8re instance de Tunis. Les faits portent sur des soup\u00e7ons de falsification et d\u2019irr\u00e9gularit\u00e9s dans [&hellip;]<\/p>\n","protected":false},"author":4782,"featured_media":395315,"comment_status":"closed","ping_status":"closed","sticky":false,"template":"","format":"standard","meta":{"footnotes":""},"categories":[44],"tags":[3197,4184,2608],"class_list":["post-397057","post","type-post","status-publish","format-standard","has-post-thumbnail","hentry","category-national","tag-malversations","tag-sncft","tag-tunisie"],"yoast_head":"<!-- This site is optimized with the Yoast SEO Premium plugin v27.5 (Yoast SEO v27.5) - https:\/\/yoast.com\/product\/yoast-seo-premium-wordpress\/ -->\n<title>SNCFT : Cinq ans de prison pour une ancienne responsable pour malversations - webdo<\/title>\n<meta name=\"description\" content=\"Une ancienne responsable de la SNCFT condamn\u00e9e \u00e0 cinq ans de prison pour malversations et falsifications dans la gestion d&#039;assurances.\" \/>\n<link rel=\"canonical\" href=\"https:\/\/www.webdo.tn\/fr\/actualite\/national\/sncft-cinq-ans-de-prison-pour-une-ancienne-responsable-pour-malversations\/397057\/\" \/>\n<meta property=\"og:locale\" content=\"fr_FR\" \/>\n<meta property=\"og:type\" content=\"article\" \/>\n<meta property=\"og:title\" content=\"SNCFT : Cinq ans de prison pour une ancienne responsable pour malversations\" \/>\n<meta property=\"og:description\" content=\"Une ancienne responsable de la SNCFT condamn\u00e9e \u00e0 cinq ans de prison pour malversations et falsifications dans la gestion d&#039;assurances.\" \/>\n<meta property=\"og:url\" content=\"https:\/\/www.webdo.tn\/fr\/actualite\/national\/sncft-cinq-ans-de-prison-pour-une-ancienne-responsable-pour-malversations\/397057\/\" \/>\n<meta property=\"og:site_name\" content=\"webdo\" \/>\n<meta property=\"article:publisher\" content=\"https:\/\/www.facebook.com\/webdotn\" \/>\n<meta property=\"article:published_time\" content=\"2026-04-29T15:43:28+00:00\" \/>\n<meta property=\"article:modified_time\" content=\"2026-04-29T15:43:29+00:00\" \/>\n<meta property=\"og:image\" content=\"https:\/\/www.webdo.tn\/fr\/wp-content\/uploads\/2026\/03\/prison.jpeg\" \/>\n\t<meta property=\"og:image:width\" content=\"1200\" \/>\n\t<meta property=\"og:image:height\" content=\"601\" \/>\n\t<meta property=\"og:image:type\" content=\"image\/jpeg\" \/>\n<meta name=\"author\" content=\"Mohamed Fethi\" \/>\n<meta name=\"twitter:card\" content=\"summary_large_image\" \/>\n<meta name=\"twitter:creator\" content=\"@webdo_tn\" \/>\n<meta name=\"twitter:site\" content=\"@webdo_tn\" \/>\n<meta name=\"twitter:label1\" content=\"\u00c9crit par\" \/>\n\t<meta name=\"twitter:data1\" content=\"Mohamed Fethi\" \/>\n\t<meta name=\"twitter:label2\" content=\"Dur\u00e9e de lecture estim\u00e9e\" \/>\n\t<meta name=\"twitter:data2\" content=\"2 minutes\" \/>\n<script type=\"application\/ld+json\" class=\"yoast-schema-graph\">{\"@context\":\"https:\\\/\\\/schema.org\",\"@graph\":[{\"@type\":\"NewsArticle\",\"@id\":\"https:\\\/\\\/www.webdo.tn\\\/fr\\\/actualite\\\/national\\\/sncft-cinq-ans-de-prison-pour-une-ancienne-responsable-pour-malversations\\\/397057\\\/#article\",\"isPartOf\":{\"@id\":\"https:\\\/\\\/www.webdo.tn\\\/fr\\\/actualite\\\/national\\\/sncft-cinq-ans-de-prison-pour-une-ancienne-responsable-pour-malversations\\\/397057\\\/\"},\"author\":{\"name\":\"Mohamed Fethi\",\"@id\":\"https:\\\/\\\/www.webdo.tn\\\/fr\\\/#\\\/schema\\\/person\\\/16a4857e77dfc0b610c4c2cadffc9ac4\"},\"headline\":\"SNCFT : Cinq ans de prison pour une ancienne responsable pour malversations\",\"datePublished\":\"2026-04-29T15:43:28+00:00\",\"dateModified\":\"2026-04-29T15:43:29+00:00\",\"mainEntityOfPage\":{\"@id\":\"https:\\\/\\\/www.webdo.tn\\\/fr\\\/actualite\\\/national\\\/sncft-cinq-ans-de-prison-pour-une-ancienne-responsable-pour-malversations\\\/397057\\\/\"},\"wordCount\":299,\"publisher\":{\"@id\":\"https:\\\/\\\/www.webdo.tn\\\/fr\\\/#organization\"},\"image\":{\"@id\":\"https:\\\/\\\/www.webdo.tn\\\/fr\\\/actualite\\\/national\\\/sncft-cinq-ans-de-prison-pour-une-ancienne-responsable-pour-malversations\\\/397057\\\/#primaryimage\"},\"thumbnailUrl\":\"https:\\\/\\\/www.webdo.tn\\\/fr\\\/wp-content\\\/uploads\\\/2026\\\/03\\\/prison.jpeg\",\"keywords\":[\"malversations\",\"SNCFT\",\"Tunisie\"],\"articleSection\":[\"National\"],\"inLanguage\":\"fr-FR\"},{\"@type\":\"WebPage\",\"@id\":\"https:\\\/\\\/www.webdo.tn\\\/fr\\\/actualite\\\/national\\\/sncft-cinq-ans-de-prison-pour-une-ancienne-responsable-pour-malversations\\\/397057\\\/\",\"url\":\"https:\\\/\\\/www.webdo.tn\\\/fr\\\/actualite\\\/national\\\/sncft-cinq-ans-de-prison-pour-une-ancienne-responsable-pour-malversations\\\/397057\\\/\",\"name\":\"SNCFT : Cinq ans de prison pour une ancienne responsable pour malversations - webdo\",\"isPartOf\":{\"@id\":\"https:\\\/\\\/www.webdo.tn\\\/fr\\\/#website\"},\"primaryImageOfPage\":{\"@id\":\"https:\\\/\\\/www.webdo.tn\\\/fr\\\/actualite\\\/national\\\/sncft-cinq-ans-de-prison-pour-une-ancienne-responsable-pour-malversations\\\/397057\\\/#primaryimage\"},\"image\":{\"@id\":\"https:\\\/\\\/www.webdo.tn\\\/fr\\\/actualite\\\/national\\\/sncft-cinq-ans-de-prison-pour-une-ancienne-responsable-pour-malversations\\\/397057\\\/#primaryimage\"},\"thumbnailUrl\":\"https:\\\/\\\/www.webdo.tn\\\/fr\\\/wp-content\\\/uploads\\\/2026\\\/03\\\/prison.jpeg\",\"datePublished\":\"2026-04-29T15:43:28+00:00\",\"dateModified\":\"2026-04-29T15:43:29+00:00\",\"description\":\"Une ancienne responsable de la SNCFT condamn\u00e9e \u00e0 cinq ans de prison pour malversations et falsifications dans la gestion d'assurances.\",\"breadcrumb\":{\"@id\":\"https:\\\/\\\/www.webdo.tn\\\/fr\\\/actualite\\\/national\\\/sncft-cinq-ans-de-prison-pour-une-ancienne-responsable-pour-malversations\\\/397057\\\/#breadcrumb\"},\"inLanguage\":\"fr-FR\",\"potentialAction\":[{\"@type\":\"ReadAction\",\"target\":[\"https:\\\/\\\/www.webdo.tn\\\/fr\\\/actualite\\\/national\\\/sncft-cinq-ans-de-prison-pour-une-ancienne-responsable-pour-malversations\\\/397057\\\/\"]}]},{\"@type\":\"ImageObject\",\"inLanguage\":\"fr-FR\",\"@id\":\"https:\\\/\\\/www.webdo.tn\\\/fr\\\/actualite\\\/national\\\/sncft-cinq-ans-de-prison-pour-une-ancienne-responsable-pour-malversations\\\/397057\\\/#primaryimage\",\"url\":\"https:\\\/\\\/www.webdo.tn\\\/fr\\\/wp-content\\\/uploads\\\/2026\\\/03\\\/prison.jpeg\",\"contentUrl\":\"https:\\\/\\\/www.webdo.tn\\\/fr\\\/wp-content\\\/uploads\\\/2026\\\/03\\\/prison.jpeg\",\"width\":1200,\"height\":601,\"caption\":\"SNCFT : Cinq ans de prison pour une ancienne responsable pour malversations\"},{\"@type\":\"BreadcrumbList\",\"@id\":\"https:\\\/\\\/www.webdo.tn\\\/fr\\\/actualite\\\/national\\\/sncft-cinq-ans-de-prison-pour-une-ancienne-responsable-pour-malversations\\\/397057\\\/#breadcrumb\",\"itemListElement\":[{\"@type\":\"ListItem\",\"position\":1,\"name\":\"Accueil\",\"item\":\"https:\\\/\\\/www.webdo.tn\\\/fr\\\/\"},{\"@type\":\"ListItem\",\"position\":2,\"name\":\"SNCFT : Cinq ans de prison pour une ancienne responsable pour malversations\"}]},{\"@type\":\"WebSite\",\"@id\":\"https:\\\/\\\/www.webdo.tn\\\/fr\\\/#website\",\"url\":\"https:\\\/\\\/www.webdo.tn\\\/fr\\\/\",\"name\":\"webdo\",\"description\":\"Tunisie - News en Tunisie et \u00e0 l&#039;international sur Webdo.tn\",\"publisher\":{\"@id\":\"https:\\\/\\\/www.webdo.tn\\\/fr\\\/#organization\"},\"potentialAction\":[{\"@type\":\"SearchAction\",\"target\":{\"@type\":\"EntryPoint\",\"urlTemplate\":\"https:\\\/\\\/www.webdo.tn\\\/fr\\\/?s={search_term_string}\"},\"query-input\":{\"@type\":\"PropertyValueSpecification\",\"valueRequired\":true,\"valueName\":\"search_term_string\"}}],\"inLanguage\":\"fr-FR\"},{\"@type\":\"Organization\",\"@id\":\"https:\\\/\\\/www.webdo.tn\\\/fr\\\/#organization\",\"name\":\"Webdo\",\"alternateName\":\"Webdo.tn\",\"url\":\"https:\\\/\\\/www.webdo.tn\\\/fr\\\/\",\"logo\":{\"@type\":\"ImageObject\",\"inLanguage\":\"fr-FR\",\"@id\":\"https:\\\/\\\/www.webdo.tn\\\/fr\\\/#\\\/schema\\\/logo\\\/image\\\/\",\"url\":\"https:\\\/\\\/www.webdo.tn\\\/fr\\\/wp-content\\\/uploads\\\/2025\\\/06\\\/Webdo-Tunisie_168377.jpg\",\"contentUrl\":\"https:\\\/\\\/www.webdo.tn\\\/fr\\\/wp-content\\\/uploads\\\/2025\\\/06\\\/Webdo-Tunisie_168377.jpg\",\"width\":301,\"height\":301,\"caption\":\"Webdo\"},\"image\":{\"@id\":\"https:\\\/\\\/www.webdo.tn\\\/fr\\\/#\\\/schema\\\/logo\\\/image\\\/\"},\"sameAs\":[\"https:\\\/\\\/www.facebook.com\\\/webdotn\",\"https:\\\/\\\/x.com\\\/webdo_tn\"],\"description\":\"Webdo est un m\u00e9dia num\u00e9rique tunisien fond\u00e9 en 2010, sp\u00e9cialis\u00e9 dans l\u2019actualit\u00e9 nationale et internationale, l\u2019\u00e9conomie, la soci\u00e9t\u00e9 et les analyses politiques. Le site s\u2019adresse \u00e0 un large public francophone et couvre l\u2019information tunisienne en temps r\u00e9el.\",\"email\":\"redac@webdo.tn\",\"legalName\":\"YNJ SARL\",\"foundingDate\":\"2010-09-06\",\"numberOfEmployees\":{\"@type\":\"QuantitativeValue\",\"minValue\":\"11\",\"maxValue\":\"50\"}},{\"@type\":\"Person\",\"@id\":\"https:\\\/\\\/www.webdo.tn\\\/fr\\\/#\\\/schema\\\/person\\\/16a4857e77dfc0b610c4c2cadffc9ac4\",\"name\":\"Mohamed Fethi\",\"image\":{\"@type\":\"ImageObject\",\"inLanguage\":\"fr-FR\",\"@id\":\"https:\\\/\\\/www.webdo.tn\\\/fr\\\/wp-content\\\/uploads\\\/2026\\\/04\\\/mohamed-fethi_avatar_1-96x96.jpg\",\"url\":\"https:\\\/\\\/www.webdo.tn\\\/fr\\\/wp-content\\\/uploads\\\/2026\\\/04\\\/mohamed-fethi_avatar_1-96x96.jpg\",\"contentUrl\":\"https:\\\/\\\/www.webdo.tn\\\/fr\\\/wp-content\\\/uploads\\\/2026\\\/04\\\/mohamed-fethi_avatar_1-96x96.jpg\",\"caption\":\"Mohamed Fethi\"},\"description\":\"Signature \u00e9ditoriale de Maher Chaabane Mohamed Fethi est le pseudonyme \u00e9ditorial de Maher Chaabane, r\u00e9dacteur en chef de Webdo.tn depuis 2012. Cette signature est d\u00e9di\u00e9e au traitement intensif de l'actualit\u00e9 nationale et internationale en temps r\u00e9el. S'appuyant sur les deux d\u00e9cennies d'expertise journalistique de Maher Chaabane \u2014 d\u00e9but\u00e9e au sein du groupe Tunis Hebdo en 2000 \u2014 Mohamed Fethi assure une veille rigoureuse sur les enjeux politiques, \u00e9conomiques et sportifs. Sa mission est de garantir une information structur\u00e9e, fluide et fid\u00e8le aux standards de la r\u00e9daction. Pour consulter le parcours complet du r\u00e9dacteur en chef, visitez le profil officiel de Maher Chaabane.\",\"knowsAbout\":[\"actualit\u00e9\",\"journalisme\",\"information\",\"politique\",\"sport\",\"m\u00e9dias\",\"actualit\u00e9 internationale\"],\"knowsLanguage\":[\"Fran\u00e7ais\",\"Arabe\"],\"jobTitle\":\"Journaliste \u2013 R\u00e9daction Webdo\",\"worksFor\":\"Webdo.tn\",\"url\":\"https:\\\/\\\/www.webdo.tn\\\/fr\\\/actualite\\\/author\\\/mohamed-fethi\\\/\"}]}<\/script>\n<!-- \/ Yoast SEO Premium plugin. -->","yoast_head_json":{"title":"SNCFT : Cinq ans de prison pour une ancienne responsable pour malversations - webdo","description":"Une ancienne responsable de la SNCFT condamn\u00e9e \u00e0 cinq ans de prison pour malversations et falsifications dans la gestion d'assurances.","canonical":"https:\/\/www.webdo.tn\/fr\/actualite\/national\/sncft-cinq-ans-de-prison-pour-une-ancienne-responsable-pour-malversations\/397057\/","og_locale":"fr_FR","og_type":"article","og_title":"SNCFT : Cinq ans de prison pour une ancienne responsable pour malversations","og_description":"Une ancienne responsable de la SNCFT condamn\u00e9e \u00e0 cinq ans de prison pour malversations et falsifications dans la gestion d'assurances.","og_url":"https:\/\/www.webdo.tn\/fr\/actualite\/national\/sncft-cinq-ans-de-prison-pour-une-ancienne-responsable-pour-malversations\/397057\/","og_site_name":"webdo","article_publisher":"https:\/\/www.facebook.com\/webdotn","article_published_time":"2026-04-29T15:43:28+00:00","article_modified_time":"2026-04-29T15:43:29+00:00","og_image":[{"width":1200,"height":601,"url":"https:\/\/www.webdo.tn\/fr\/wp-content\/uploads\/2026\/03\/prison.jpeg","type":"image\/jpeg"}],"author":"Mohamed Fethi","twitter_card":"summary_large_image","twitter_creator":"@webdo_tn","twitter_site":"@webdo_tn","twitter_misc":{"\u00c9crit par":"Mohamed Fethi","Dur\u00e9e de lecture estim\u00e9e":"2 minutes"},"schema":{"@context":"https:\/\/schema.org","@graph":[{"@type":"NewsArticle","@id":"https:\/\/www.webdo.tn\/fr\/actualite\/national\/sncft-cinq-ans-de-prison-pour-une-ancienne-responsable-pour-malversations\/397057\/#article","isPartOf":{"@id":"https:\/\/www.webdo.tn\/fr\/actualite\/national\/sncft-cinq-ans-de-prison-pour-une-ancienne-responsable-pour-malversations\/397057\/"},"author":{"name":"Mohamed Fethi","@id":"https:\/\/www.webdo.tn\/fr\/#\/schema\/person\/16a4857e77dfc0b610c4c2cadffc9ac4"},"headline":"SNCFT : Cinq ans de prison pour une ancienne responsable pour malversations","datePublished":"2026-04-29T15:43:28+00:00","dateModified":"2026-04-29T15:43:29+00:00","mainEntityOfPage":{"@id":"https:\/\/www.webdo.tn\/fr\/actualite\/national\/sncft-cinq-ans-de-prison-pour-une-ancienne-responsable-pour-malversations\/397057\/"},"wordCount":299,"publisher":{"@id":"https:\/\/www.webdo.tn\/fr\/#organization"},"image":{"@id":"https:\/\/www.webdo.tn\/fr\/actualite\/national\/sncft-cinq-ans-de-prison-pour-une-ancienne-responsable-pour-malversations\/397057\/#primaryimage"},"thumbnailUrl":"https:\/\/www.webdo.tn\/fr\/wp-content\/uploads\/2026\/03\/prison.jpeg","keywords":["malversations","SNCFT","Tunisie"],"articleSection":["National"],"inLanguage":"fr-FR"},{"@type":"WebPage","@id":"https:\/\/www.webdo.tn\/fr\/actualite\/national\/sncft-cinq-ans-de-prison-pour-une-ancienne-responsable-pour-malversations\/397057\/","url":"https:\/\/www.webdo.tn\/fr\/actualite\/national\/sncft-cinq-ans-de-prison-pour-une-ancienne-responsable-pour-malversations\/397057\/","name":"SNCFT : Cinq ans de prison pour une ancienne responsable pour malversations - webdo","isPartOf":{"@id":"https:\/\/www.webdo.tn\/fr\/#website"},"primaryImageOfPage":{"@id":"https:\/\/www.webdo.tn\/fr\/actualite\/national\/sncft-cinq-ans-de-prison-pour-une-ancienne-responsable-pour-malversations\/397057\/#primaryimage"},"image":{"@id":"https:\/\/www.webdo.tn\/fr\/actualite\/national\/sncft-cinq-ans-de-prison-pour-une-ancienne-responsable-pour-malversations\/397057\/#primaryimage"},"thumbnailUrl":"https:\/\/www.webdo.tn\/fr\/wp-content\/uploads\/2026\/03\/prison.jpeg","datePublished":"2026-04-29T15:43:28+00:00","dateModified":"2026-04-29T15:43:29+00:00","description":"Une ancienne responsable de la SNCFT condamn\u00e9e \u00e0 cinq ans de prison pour malversations et falsifications dans la gestion d'assurances.","breadcrumb":{"@id":"https:\/\/www.webdo.tn\/fr\/actualite\/national\/sncft-cinq-ans-de-prison-pour-une-ancienne-responsable-pour-malversations\/397057\/#breadcrumb"},"inLanguage":"fr-FR","potentialAction":[{"@type":"ReadAction","target":["https:\/\/www.webdo.tn\/fr\/actualite\/national\/sncft-cinq-ans-de-prison-pour-une-ancienne-responsable-pour-malversations\/397057\/"]}]},{"@type":"ImageObject","inLanguage":"fr-FR","@id":"https:\/\/www.webdo.tn\/fr\/actualite\/national\/sncft-cinq-ans-de-prison-pour-une-ancienne-responsable-pour-malversations\/397057\/#primaryimage","url":"https:\/\/www.webdo.tn\/fr\/wp-content\/uploads\/2026\/03\/prison.jpeg","contentUrl":"https:\/\/www.webdo.tn\/fr\/wp-content\/uploads\/2026\/03\/prison.jpeg","width":1200,"height":601,"caption":"SNCFT : Cinq ans de prison pour une ancienne responsable pour malversations"},{"@type":"BreadcrumbList","@id":"https:\/\/www.webdo.tn\/fr\/actualite\/national\/sncft-cinq-ans-de-prison-pour-une-ancienne-responsable-pour-malversations\/397057\/#breadcrumb","itemListElement":[{"@type":"ListItem","position":1,"name":"Accueil","item":"https:\/\/www.webdo.tn\/fr\/"},{"@type":"ListItem","position":2,"name":"SNCFT : Cinq ans de prison pour une ancienne responsable pour malversations"}]},{"@type":"WebSite","@id":"https:\/\/www.webdo.tn\/fr\/#website","url":"https:\/\/www.webdo.tn\/fr\/","name":"webdo","description":"Tunisie - News en Tunisie et \u00e0 l&#039;international sur Webdo.tn","publisher":{"@id":"https:\/\/www.webdo.tn\/fr\/#organization"},"potentialAction":[{"@type":"SearchAction","target":{"@type":"EntryPoint","urlTemplate":"https:\/\/www.webdo.tn\/fr\/?s={search_term_string}"},"query-input":{"@type":"PropertyValueSpecification","valueRequired":true,"valueName":"search_term_string"}}],"inLanguage":"fr-FR"},{"@type":"Organization","@id":"https:\/\/www.webdo.tn\/fr\/#organization","name":"Webdo","alternateName":"Webdo.tn","url":"https:\/\/www.webdo.tn\/fr\/","logo":{"@type":"ImageObject","inLanguage":"fr-FR","@id":"https:\/\/www.webdo.tn\/fr\/#\/schema\/logo\/image\/","url":"https:\/\/www.webdo.tn\/fr\/wp-content\/uploads\/2025\/06\/Webdo-Tunisie_168377.jpg","contentUrl":"https:\/\/www.webdo.tn\/fr\/wp-content\/uploads\/2025\/06\/Webdo-Tunisie_168377.jpg","width":301,"height":301,"caption":"Webdo"},"image":{"@id":"https:\/\/www.webdo.tn\/fr\/#\/schema\/logo\/image\/"},"sameAs":["https:\/\/www.facebook.com\/webdotn","https:\/\/x.com\/webdo_tn"],"description":"Webdo est un m\u00e9dia num\u00e9rique tunisien fond\u00e9 en 2010, sp\u00e9cialis\u00e9 dans l\u2019actualit\u00e9 nationale et internationale, l\u2019\u00e9conomie, la soci\u00e9t\u00e9 et les analyses politiques. Le site s\u2019adresse \u00e0 un large public francophone et couvre l\u2019information tunisienne en temps r\u00e9el.","email":"redac@webdo.tn","legalName":"YNJ SARL","foundingDate":"2010-09-06","numberOfEmployees":{"@type":"QuantitativeValue","minValue":"11","maxValue":"50"}},{"@type":"Person","@id":"https:\/\/www.webdo.tn\/fr\/#\/schema\/person\/16a4857e77dfc0b610c4c2cadffc9ac4","name":"Mohamed Fethi","image":{"@type":"ImageObject","inLanguage":"fr-FR","@id":"https:\/\/www.webdo.tn\/fr\/wp-content\/uploads\/2026\/04\/mohamed-fethi_avatar_1-96x96.jpg","url":"https:\/\/www.webdo.tn\/fr\/wp-content\/uploads\/2026\/04\/mohamed-fethi_avatar_1-96x96.jpg","contentUrl":"https:\/\/www.webdo.tn\/fr\/wp-content\/uploads\/2026\/04\/mohamed-fethi_avatar_1-96x96.jpg","caption":"Mohamed Fethi"},"description":"Signature \u00e9ditoriale de Maher Chaabane Mohamed Fethi est le pseudonyme \u00e9ditorial de Maher Chaabane, r\u00e9dacteur en chef de Webdo.tn depuis 2012. Cette signature est d\u00e9di\u00e9e au traitement intensif de l'actualit\u00e9 nationale et internationale en temps r\u00e9el. S'appuyant sur les deux d\u00e9cennies d'expertise journalistique de Maher Chaabane \u2014 d\u00e9but\u00e9e au sein du groupe Tunis Hebdo en 2000 \u2014 Mohamed Fethi assure une veille rigoureuse sur les enjeux politiques, \u00e9conomiques et sportifs. Sa mission est de garantir une information structur\u00e9e, fluide et fid\u00e8le aux standards de la r\u00e9daction. Pour consulter le parcours complet du r\u00e9dacteur en chef, visitez le profil officiel de Maher Chaabane.","knowsAbout":["actualit\u00e9","journalisme","information","politique","sport","m\u00e9dias","actualit\u00e9 internationale"],"knowsLanguage":["Fran\u00e7ais","Arabe"],"jobTitle":"Journaliste \u2013 R\u00e9daction Webdo","worksFor":"Webdo.tn","url":"https:\/\/www.webdo.tn\/fr\/actualite\/author\/mohamed-fethi\/"}]}},"_links":{"self":[{"href":"https:\/\/www.webdo.tn\/fr\/wp-json\/wp\/v2\/posts\/397057","targetHints":{"allow":["GET"]}}],"collection":[{"href":"https:\/\/www.webdo.tn\/fr\/wp-json\/wp\/v2\/posts"}],"about":[{"href":"https:\/\/www.webdo.tn\/fr\/wp-json\/wp\/v2\/types\/post"}],"author":[{"embeddable":true,"href":"https:\/\/www.webdo.tn\/fr\/wp-json\/wp\/v2\/users\/4782"}],"replies":[{"embeddable":true,"href":"https:\/\/www.webdo.tn\/fr\/wp-json\/wp\/v2\/comments?post=397057"}],"version-history":[{"count":1,"href":"https:\/\/www.webdo.tn\/fr\/wp-json\/wp\/v2\/posts\/397057\/revisions"}],"predecessor-version":[{"id":397059,"href":"https:\/\/www.webdo.tn\/fr\/wp-json\/wp\/v2\/posts\/397057\/revisions\/397059"}],"wp:featuredmedia":[{"embeddable":true,"href":"https:\/\/www.webdo.tn\/fr\/wp-json\/wp\/v2\/media\/395315"}],"wp:attachment":[{"href":"https:\/\/www.webdo.tn\/fr\/wp-json\/wp\/v2\/media?parent=397057"}],"wp:term":[{"taxonomy":"category","embeddable":true,"href":"https:\/\/www.webdo.tn\/fr\/wp-json\/wp\/v2\/categories?post=397057"},{"taxonomy":"post_tag","embeddable":true,"href":"https:\/\/www.webdo.tn\/fr\/wp-json\/wp\/v2\/tags?post=397057"}],"curies":[{"name":"wp","href":"https:\/\/api.w.org\/{rel}","templated":true}]}}