{"id":397053,"date":"2026-04-29T15:32:46","date_gmt":"2026-04-29T14:32:46","guid":{"rendered":"https:\/\/www.webdo.tn\/fr\/?p=397053"},"modified":"2026-04-29T15:38:45","modified_gmt":"2026-04-29T14:38:45","slug":"cannes-2026-julianne-moore-et-margherita-spampinato-distinguees-par-women-in-motion","status":"publish","type":"post","link":"https:\/\/www.webdo.tn\/fr\/actualite\/culture\/cannes-2026-julianne-moore-et-margherita-spampinato-distinguees-par-women-in-motion\/397053\/","title":{"rendered":"Cannes 2026 \u2013 Julianne Moore et Margherita Spampinato distingu\u00e9es par Women In Motion"},"content":{"rendered":"\n<p><strong>Le 17 mai 2026, dans le cadre du 79e Festival de Cannes (12\u201323 mai), la c\u00e9r\u00e9monie Women In Motion organis\u00e9e par Kering mettra \u00e0 l\u2019honneur deux parcours distincts : celui de l\u2019actrice Julianne Moore, qui recevra le Prix Women In Motion, et celui de la r\u00e9alisatrice Margherita Spampinato, laur\u00e9ate du Prix Talent \u00c9mergent.<\/strong><\/p>\n\n\n\n<h2 class=\"wp-block-heading\" id=\"h-julianne-moore-un-parcours-distingue-par-women-in-motion\">Julianne Moore, un parcours distingu\u00e9 par Women In Motion<\/h2>\n\n\n\n<p>Cr\u00e9\u00e9 en 2015, le Prix Women In Motion distingue des personnalit\u00e9s dont la trajectoire artistique et l\u2019engagement participent \u00e0 faire \u00e9voluer la place des femmes dans le cin\u00e9ma et dans la soci\u00e9t\u00e9. Julianne Moore, qui succ\u00e8de \u00e0 Nicole Kidman, y est r\u00e9compens\u00e9e pour un parcours marqu\u00e9 par la coh\u00e9rence de ses choix, la complexit\u00e9 des personnages qu\u2019elle incarne et une attention constante port\u00e9e \u00e0 la repr\u00e9sentation.<\/p>\n\n\n\n<p>Laur\u00e9ate d\u2019un Oscar, d\u2019un Emmy Award, d\u2019un Golden Globe et d\u2019un BAFTA, elle s\u2019est impos\u00e9e comme l\u2019une des actrices les plus accomplies de sa g\u00e9n\u00e9ration. Sa filmographie, qui comprend notamment <em>Still Alice<\/em> (2014), <em>Far From Heaven<\/em> (2002), <em>The Hours<\/em> (2002), <em>The Kids Are All Right<\/em> (2010) et <em>Boogie Nights<\/em> (1997), t\u00e9moigne d\u2019un travail constant sur des figures f\u00e9minines nuanc\u00e9es, souvent travers\u00e9es par des contradictions et des tensions internes.<\/p>\n\n\n\n<h2 class=\"wp-block-heading\" id=\"h-une-relation-reguliere-avec-le-festival-de-cannes\">Une relation r\u00e9guli\u00e8re avec le Festival de Cannes<\/h2>\n\n\n\n<p>Le Festival de Cannes jalonne \u00e9galement son parcours. Elle y a obtenu le Prix d\u2019interpr\u00e9tation f\u00e9minine pour <em>Maps to the Stars<\/em> (2014) de David Cronenberg. Elle a \u00e9galement \u00e9t\u00e9 pr\u00e9sente sur la Croisette avec <em>Blindness<\/em> (2008) de Fernando Meirelles, pr\u00e9sent\u00e9 en ouverture, ainsi qu\u2019avec <em>May December<\/em> (2023) de Todd Haynes, s\u00e9lectionn\u00e9 en comp\u00e9tition et qui lui a valu une nomination aux Golden Globes.<\/p>\n\n\n\n<p>Ses projets r\u00e9cents prolongent cette trajectoire, avec <em>Echo Valley<\/em> (2025) pour Apple TV, <em>The Room Next Door<\/em> (2024) de Pedro Almod\u00f3var, la mini-s\u00e9rie <em>Sirens<\/em> (2025) pour Netflix ainsi que la s\u00e9rie historique <em>Mary &amp; George<\/em> (2024). Elle est \u00e9galement attendue dans une com\u00e9die musicale port\u00e9e par Jesse Eisenberg et produite par A24.<\/p>\n\n\n\n<h2 class=\"wp-block-heading\" id=\"h-un-engagement-artistique-et-societal-reconnu\">Un engagement artistique et soci\u00e9tal reconnu<\/h2>\n\n\n\n<p>En parall\u00e8le de sa carri\u00e8re \u00e0 l\u2019\u00e9cran, Julianne Moore est engag\u00e9e dans des causes soci\u00e9tales, notamment en tant que pr\u00e9sidente fondatrice du Creative Council d\u2019Everytown for Gun Safety, organisation engag\u00e9e contre la violence par arme \u00e0 feu aux \u00c9tats-Unis. Elle est \u00e9galement l\u2019auteure de la s\u00e9rie de livres jeunesse <em>Freckleface Strawberry<\/em>, class\u00e9e parmi les meilleures ventes du New York Times. Avec plus de 70 films \u00e0 son actif, elle poursuit une trajectoire marqu\u00e9e par une exigence constante.<\/p>\n\n\n\n<h2 class=\"wp-block-heading\" id=\"h-des-prises-de-position-saluees-par-kering-et-le-festival\">Des prises de position salu\u00e9es par Kering et le Festival<\/h2>\n\n\n\n<p>Fran\u00e7ois-Henri Pinault, <strong>pr\u00e9sident-directeur g\u00e9n\u00e9ral du groupe Kering,<\/strong> souligne une trajectoire qui d\u00e9passe le seul cadre des performances d\u2019actrice. Il met en avant la coh\u00e9rence des choix artistiques de Julianne Moore, la profondeur qu\u2019elle apporte \u00e0 ses r\u00f4les et un engagement ancien en faveur d\u2019une repr\u00e9sentation plus juste et plus inclusive. Il insiste \u00e9galement sur le fait que cette combinaison entre exigence artistique et positionnement personnel correspond pleinement \u00e0 l\u2019esprit du programme Women In Motion depuis sa cr\u00e9ation.<\/p>\n\n\n\n<p>Julianne Moore \u00e9voque pour sa part l\u2019importance de la visibilit\u00e9 dans l\u2019\u00e9volution des repr\u00e9sentations. Elle souligne que les r\u00e9cits port\u00e9s \u00e0 l\u2019\u00e9cran jouent un r\u00f4le d\u00e9terminant dans l\u2019\u00e9largissement des espaces accord\u00e9s aux femmes et \u00e0 la diversit\u00e9, et insiste sur la n\u00e9cessit\u00e9 de soutenir les nouvelles g\u00e9n\u00e9rations de cr\u00e9atrices et de cr\u00e9ateurs. Elle inscrit ainsi cette distinction dans une r\u00e9flexion collective sur la mani\u00e8re dont le cin\u00e9ma peut accompagner un changement plus large.<\/p>\n\n\n\n<blockquote class=\"wp-block-quote is-layout-flow wp-block-quote-is-layout-flow\">\n<ul class=\"wp-block-list\">\n<li class=\"has-medium-font-size\"><strong>Lire aussi :<\/strong> <a href=\"https:\/\/www.webdo.tn\/fr\/actualite\/culture\/cannes-2025-nicole-kidman-honoree-par-le-prix-women-in-motion\/221678\/\">Cannes 2025 : Nicole Kidman honor\u00e9e par le prix \u00ab\u00a0Women In Motion\u00a0\u00bb<\/a><\/li>\n<\/ul>\n<\/blockquote>\n\n\n\n<p>Iris Knobloch, <strong>pr\u00e9sidente du Festival de Cannes<\/strong><strong>,<\/strong> met l\u2019accent sur une carri\u00e8re construite en dehors de toute recherche de facilit\u00e9. Elle rappelle que Julianne Moore a choisi, depuis plusieurs d\u00e9cennies, des personnages qui d\u00e9stabilisent, qui \u00e9chappent aux attentes et qui refusent les formes de s\u00e9duction imm\u00e9diate. Selon elle, cette approche a permis d\u2019ouvrir un espace in\u00e9dit \u00e0 l\u2019\u00e9cran et constitue un h\u00e9ritage durable pour les actrices qui lui succ\u00e8dent.<\/p>\n\n\n\n<p>Thierry Fr\u00e9maux, <strong>d\u00e9l\u00e9gu\u00e9 g\u00e9n\u00e9ral du Festival de Cannes<\/strong><strong>,<\/strong> insiste de son c\u00f4t\u00e9 sur la rigueur d\u2019une filmographie construite avec patience, en collaboration avec des r\u00e9alisateurs majeurs. Il met en avant la pr\u00e9cision \u00e9motionnelle de ses interpr\u00e9tations, son sens de la nuance et sa capacit\u00e9 \u00e0 incarner des personnages f\u00e9minins dans toute leur complexit\u00e9, contribuant ainsi \u00e0 marquer durablement l\u2019histoire du cin\u00e9ma contemporain.<\/p>\n\n\n\n<h2 class=\"wp-block-heading\" id=\"h-margherita-spampinato-laureate-du-prix-talent-emergent-2026\">Margherita Spampinato, laur\u00e9ate du Prix Talent \u00c9mergent 2026<\/h2>\n\n\n\n<p>Le Prix Talent \u00c9mergent 2026 est attribu\u00e9 \u00e0 Margherita Spampinato, <strong>r\u00e9alisatrice italienne<\/strong><strong>,<\/strong> pour son premier long m\u00e9trage <em>Gioia Mia<\/em>. Dot\u00e9 de cinquante mille euros, il vise \u00e0 accompagner le d\u00e9veloppement de son deuxi\u00e8me projet. Le film suit un jeune gar\u00e7on confront\u00e9 \u00e0 l\u2019amour, \u00e0 la m\u00e9moire et \u00e0 des zones d\u2019ombre lors d\u2019un s\u00e9jour dans une ville c\u00f4ti\u00e8re de Sicile, en abordant la transmission et les r\u00e9cits enfouis.<\/p>\n\n\n\n<p>Choisie par Marianna Brennand, laur\u00e9ate en 2025, Margherita Spampinato est d\u00e9crite comme une cin\u00e9aste attentive aux gestes du quotidien et aux relations humaines. Son film d\u00e9veloppe une relation entre un enfant et sa grand-tante, \u00e0 travers un r\u00e9cit m\u00ealant chagrin, attachement et tensions plus profondes li\u00e9es \u00e0 un environnement marqu\u00e9 par des rapports de domination silencieux.<\/p>\n\n\n\n<p>N\u00e9e \u00e0 Palerme et ayant grandi \u00e0 Rome, Margherita Spampinato est dipl\u00f4m\u00e9e en litt\u00e9rature de l\u2019Universit\u00e9 La Sapienza. Apr\u00e8s des d\u00e9buts comme scripte puis dans le casting, elle r\u00e9alise deux courts m\u00e9trages, <em>Tommasina<\/em> et <em>Segreti<\/em>, prim\u00e9s dans plusieurs festivals. <em>Gioia Mia<\/em> a \u00e9t\u00e9 pr\u00e9sent\u00e9 en premi\u00e8re mondiale au Festival du film de Locarno, o\u00f9 il a remport\u00e9 deux Pardi dans la section Cineasti del Presente, avant de recevoir plus de vingt distinctions dans des festivals italiens et internationaux.<\/p>\n\n\n\n<p>\u00c0 travers cette double distinction, Women In Motion met en regard une carri\u00e8re confirm\u00e9e et une premi\u00e8re \u0153uvre, tout en posant une question qui d\u00e9passe le cadre de la c\u00e9r\u00e9monie : comment ces reconnaissances, attribu\u00e9es en marge de la comp\u00e9tition officielle, participent-elles \u00e0 influencer durablement la place des femmes dans les circuits de production, de diffusion et de cons\u00e9cration du cin\u00e9ma international ?<\/p>\n\n\n\n<p>Cette question trouve \u00e9galement un \u00e9cho \u00e0 l\u2019\u00e9chelle de certaines cin\u00e9matographies encore peu repr\u00e9sent\u00e9es dans ce programme.<\/p>\n\n\n\n<h2 class=\"wp-block-heading\" id=\"h-une-presence-tunisienne-encore-limitee-dans-le-dispositif\">Une pr\u00e9sence tunisienne encore limit\u00e9e dans le dispositif<\/h2>\n\n\n\n<p>En 2016, la r\u00e9alisatrice tunisienne Leyla Bouzid avait re\u00e7u le prix jeune talent Women In Motion pour <em>\u00c0 peine j\u2019ouvre les yeux<\/em> (2015), inscrivant \u00e0 ce jour l\u2019unique pr\u00e9sence tunisienne dans ce dispositif.<\/p>\n\n\n\n<p>Dans le m\u00eame temps, des parcours comme celui de Kaouther Ben Hania, dont le travail a \u00e9t\u00e9 reconnu \u00e0 l\u2019\u00e9chelle internationale \u00e0 travers plusieurs nominations aux Oscars, aux Golden Globes et aux BAFTA, ou encore celui de Hend Sabry, r\u00e9guli\u00e8rement distingu\u00e9e sur la sc\u00e8ne internationale, t\u00e9moignent du niveau atteint par les talents tunisiens dans le cin\u00e9ma mondial.<\/p>\n\n\n\n<p>Dans ce contexte, il reste \u00e0 esp\u00e9rer que des initiatives comme Women In Motion accompagneront davantage ces trajectoires et permettront, dans les ann\u00e9es \u00e0 venir, de voir ces parcours pleinement reconnus dans ce cadre.<\/p>\n\n\n\n<p><\/p>\n\n\n\n<blockquote class=\"wp-block-quote is-layout-flow wp-block-quote-is-layout-flow\">\n<ul class=\"wp-block-list\">\n<li class=\"has-medium-font-size\"><strong>Lire aussi :<\/strong> <a href=\"https:\/\/www.webdo.tn\/fr\/actualite\/culture\/l-importance-economique-et-culturelle-du-festival-de-cannes\/214495\/\">L\u2019Importance \u00c9conomique et Culturelle du Festival de Cannes<\/a><\/li>\n<\/ul>\n<\/blockquote>\n","protected":false},"excerpt":{"rendered":"<p>Le 17 mai 2026, dans le cadre du 79e Festival de Cannes (12\u201323 mai), la c\u00e9r\u00e9monie Women In Motion organis\u00e9e par Kering mettra \u00e0 l\u2019honneur deux parcours distincts : celui de l\u2019actrice Julianne Moore, qui recevra le Prix Women In Motion, et celui de la r\u00e9alisatrice Margherita Spampinato, laur\u00e9ate du Prix Talent \u00c9mergent. Julianne Moore, [&hellip;]<\/p>\n","protected":false},"author":3164,"featured_media":397054,"comment_status":"closed","ping_status":"closed","sticky":false,"template":"","format":"standard","meta":{"footnotes":""},"categories":[2594],"tags":[13783,2627,14068,14069,14070],"class_list":["post-397053","post","type-post","status-publish","format-standard","has-post-thumbnail","hentry","category-culture","tag-cannes-2026","tag-festival-de-cannes","tag-julianne-moore","tag-margherita-spampinato","tag-women-in-motion-2"],"yoast_head":"<!-- This site is optimized with the Yoast SEO Premium plugin v27.4 (Yoast SEO v27.5) - https:\/\/yoast.com\/product\/yoast-seo-premium-wordpress\/ -->\n<title>Cannes 2026 \u2013 Julianne Moore et Margherita Spampinato distingu\u00e9es par Women In Motion - webdo<\/title>\n<meta name=\"description\" content=\"Julianne Moore et Margherita Spampinato honor\u00e9es au Festival de Cannes 2026. En savoir plus sur leurs r\u00e9alisations et engagements.\" \/>\n<link rel=\"canonical\" href=\"https:\/\/www.webdo.tn\/fr\/actualite\/culture\/cannes-2026-julianne-moore-et-margherita-spampinato-distinguees-par-women-in-motion\/397053\/\" \/>\n<meta property=\"og:locale\" content=\"fr_FR\" \/>\n<meta property=\"og:type\" content=\"article\" \/>\n<meta property=\"og:title\" content=\"Cannes 2026 \u2013 Julianne Moore et Margherita Spampinato distingu\u00e9es par Women In Motion\" \/>\n<meta property=\"og:description\" content=\"Julianne Moore et Margherita Spampinato honor\u00e9es au Festival de Cannes 2026. En savoir plus sur leurs r\u00e9alisations et engagements.\" \/>\n<meta property=\"og:url\" content=\"https:\/\/www.webdo.tn\/fr\/actualite\/culture\/cannes-2026-julianne-moore-et-margherita-spampinato-distinguees-par-women-in-motion\/397053\/\" \/>\n<meta property=\"og:site_name\" content=\"webdo\" \/>\n<meta property=\"article:publisher\" content=\"https:\/\/www.facebook.com\/webdotn\" \/>\n<meta property=\"article:author\" content=\"https:\/\/www.facebook.com\/massir.destiniii\/\" \/>\n<meta property=\"article:published_time\" content=\"2026-04-29T14:32:46+00:00\" \/>\n<meta property=\"article:modified_time\" content=\"2026-04-29T14:38:45+00:00\" \/>\n<meta property=\"og:image\" content=\"https:\/\/www.webdo.tn\/fr\/wp-content\/uploads\/2026\/04\/Julianne-Moore.jpg\" \/>\n\t<meta property=\"og:image:width\" content=\"1200\" \/>\n\t<meta property=\"og:image:height\" content=\"602\" \/>\n\t<meta property=\"og:image:type\" content=\"image\/jpeg\" \/>\n<meta name=\"author\" content=\"Ne\u00efla DRISS\" \/>\n<meta name=\"twitter:card\" content=\"summary_large_image\" \/>\n<meta name=\"twitter:creator\" content=\"@https:\/\/x.com\/MassirDestin\" \/>\n<meta name=\"twitter:site\" content=\"@webdo_tn\" \/>\n<meta name=\"twitter:label1\" content=\"\u00c9crit par\" \/>\n\t<meta name=\"twitter:data1\" content=\"Ne\u00efla DRISS\" \/>\n\t<meta name=\"twitter:label2\" content=\"Dur\u00e9e de lecture estim\u00e9e\" \/>\n\t<meta name=\"twitter:data2\" content=\"6 minutes\" \/>\n<script type=\"application\/ld+json\" class=\"yoast-schema-graph\">{\"@context\":\"https:\\\/\\\/schema.org\",\"@graph\":[{\"@type\":\"NewsArticle\",\"@id\":\"https:\\\/\\\/www.webdo.tn\\\/fr\\\/actualite\\\/culture\\\/cannes-2026-julianne-moore-et-margherita-spampinato-distinguees-par-women-in-motion\\\/397053\\\/#article\",\"isPartOf\":{\"@id\":\"https:\\\/\\\/www.webdo.tn\\\/fr\\\/actualite\\\/culture\\\/cannes-2026-julianne-moore-et-margherita-spampinato-distinguees-par-women-in-motion\\\/397053\\\/\"},\"author\":{\"name\":\"Ne\u00efla DRISS\",\"@id\":\"https:\\\/\\\/www.webdo.tn\\\/fr\\\/#\\\/schema\\\/person\\\/60d5ba619ed3f58783b0dc82b7dada80\"},\"headline\":\"Cannes 2026 \u2013 Julianne Moore et Margherita Spampinato distingu\u00e9es par Women In Motion\",\"datePublished\":\"2026-04-29T14:32:46+00:00\",\"dateModified\":\"2026-04-29T14:38:45+00:00\",\"mainEntityOfPage\":{\"@id\":\"https:\\\/\\\/www.webdo.tn\\\/fr\\\/actualite\\\/culture\\\/cannes-2026-julianne-moore-et-margherita-spampinato-distinguees-par-women-in-motion\\\/397053\\\/\"},\"wordCount\":1277,\"publisher\":{\"@id\":\"https:\\\/\\\/www.webdo.tn\\\/fr\\\/#organization\"},\"image\":{\"@id\":\"https:\\\/\\\/www.webdo.tn\\\/fr\\\/actualite\\\/culture\\\/cannes-2026-julianne-moore-et-margherita-spampinato-distinguees-par-women-in-motion\\\/397053\\\/#primaryimage\"},\"thumbnailUrl\":\"https:\\\/\\\/www.webdo.tn\\\/fr\\\/wp-content\\\/uploads\\\/2026\\\/04\\\/Julianne-Moore.jpg\",\"keywords\":[\"Cannes 2026\",\"Festival de Cannes\",\"Julianne Moore\",\"Margherita Spampinato\",\"Women In Motion\"],\"articleSection\":[\"Culture\"],\"inLanguage\":\"fr-FR\"},{\"@type\":\"WebPage\",\"@id\":\"https:\\\/\\\/www.webdo.tn\\\/fr\\\/actualite\\\/culture\\\/cannes-2026-julianne-moore-et-margherita-spampinato-distinguees-par-women-in-motion\\\/397053\\\/\",\"url\":\"https:\\\/\\\/www.webdo.tn\\\/fr\\\/actualite\\\/culture\\\/cannes-2026-julianne-moore-et-margherita-spampinato-distinguees-par-women-in-motion\\\/397053\\\/\",\"name\":\"Cannes 2026 \u2013 Julianne Moore et Margherita Spampinato distingu\u00e9es par Women In Motion - webdo\",\"isPartOf\":{\"@id\":\"https:\\\/\\\/www.webdo.tn\\\/fr\\\/#website\"},\"primaryImageOfPage\":{\"@id\":\"https:\\\/\\\/www.webdo.tn\\\/fr\\\/actualite\\\/culture\\\/cannes-2026-julianne-moore-et-margherita-spampinato-distinguees-par-women-in-motion\\\/397053\\\/#primaryimage\"},\"image\":{\"@id\":\"https:\\\/\\\/www.webdo.tn\\\/fr\\\/actualite\\\/culture\\\/cannes-2026-julianne-moore-et-margherita-spampinato-distinguees-par-women-in-motion\\\/397053\\\/#primaryimage\"},\"thumbnailUrl\":\"https:\\\/\\\/www.webdo.tn\\\/fr\\\/wp-content\\\/uploads\\\/2026\\\/04\\\/Julianne-Moore.jpg\",\"datePublished\":\"2026-04-29T14:32:46+00:00\",\"dateModified\":\"2026-04-29T14:38:45+00:00\",\"description\":\"Julianne Moore et Margherita Spampinato honor\u00e9es au Festival de Cannes 2026. En savoir plus sur leurs r\u00e9alisations et engagements.\",\"breadcrumb\":{\"@id\":\"https:\\\/\\\/www.webdo.tn\\\/fr\\\/actualite\\\/culture\\\/cannes-2026-julianne-moore-et-margherita-spampinato-distinguees-par-women-in-motion\\\/397053\\\/#breadcrumb\"},\"inLanguage\":\"fr-FR\",\"potentialAction\":[{\"@type\":\"ReadAction\",\"target\":[\"https:\\\/\\\/www.webdo.tn\\\/fr\\\/actualite\\\/culture\\\/cannes-2026-julianne-moore-et-margherita-spampinato-distinguees-par-women-in-motion\\\/397053\\\/\"]}]},{\"@type\":\"ImageObject\",\"inLanguage\":\"fr-FR\",\"@id\":\"https:\\\/\\\/www.webdo.tn\\\/fr\\\/actualite\\\/culture\\\/cannes-2026-julianne-moore-et-margherita-spampinato-distinguees-par-women-in-motion\\\/397053\\\/#primaryimage\",\"url\":\"https:\\\/\\\/www.webdo.tn\\\/fr\\\/wp-content\\\/uploads\\\/2026\\\/04\\\/Julianne-Moore.jpg\",\"contentUrl\":\"https:\\\/\\\/www.webdo.tn\\\/fr\\\/wp-content\\\/uploads\\\/2026\\\/04\\\/Julianne-Moore.jpg\",\"width\":1200,\"height\":602,\"caption\":\"Julianne Moore au Festival de Cannes en 2025. (Lionel GUERICOLAS - MPP\\\/SIPA \\\/ SIPA)\"},{\"@type\":\"BreadcrumbList\",\"@id\":\"https:\\\/\\\/www.webdo.tn\\\/fr\\\/actualite\\\/culture\\\/cannes-2026-julianne-moore-et-margherita-spampinato-distinguees-par-women-in-motion\\\/397053\\\/#breadcrumb\",\"itemListElement\":[{\"@type\":\"ListItem\",\"position\":1,\"name\":\"Accueil\",\"item\":\"https:\\\/\\\/www.webdo.tn\\\/fr\\\/\"},{\"@type\":\"ListItem\",\"position\":2,\"name\":\"Cannes 2026 \u2013 Julianne Moore et Margherita Spampinato distingu\u00e9es par Women In Motion\"}]},{\"@type\":\"WebSite\",\"@id\":\"https:\\\/\\\/www.webdo.tn\\\/fr\\\/#website\",\"url\":\"https:\\\/\\\/www.webdo.tn\\\/fr\\\/\",\"name\":\"webdo\",\"description\":\"Tunisie - News en Tunisie et \u00e0 l&#039;international sur Webdo.tn\",\"publisher\":{\"@id\":\"https:\\\/\\\/www.webdo.tn\\\/fr\\\/#organization\"},\"potentialAction\":[{\"@type\":\"SearchAction\",\"target\":{\"@type\":\"EntryPoint\",\"urlTemplate\":\"https:\\\/\\\/www.webdo.tn\\\/fr\\\/?s={search_term_string}\"},\"query-input\":{\"@type\":\"PropertyValueSpecification\",\"valueRequired\":true,\"valueName\":\"search_term_string\"}}],\"inLanguage\":\"fr-FR\"},{\"@type\":\"Organization\",\"@id\":\"https:\\\/\\\/www.webdo.tn\\\/fr\\\/#organization\",\"name\":\"Webdo\",\"alternateName\":\"Webdo.tn\",\"url\":\"https:\\\/\\\/www.webdo.tn\\\/fr\\\/\",\"logo\":{\"@type\":\"ImageObject\",\"inLanguage\":\"fr-FR\",\"@id\":\"https:\\\/\\\/www.webdo.tn\\\/fr\\\/#\\\/schema\\\/logo\\\/image\\\/\",\"url\":\"https:\\\/\\\/www.webdo.tn\\\/fr\\\/wp-content\\\/uploads\\\/2025\\\/06\\\/Webdo-Tunisie_168377.jpg\",\"contentUrl\":\"https:\\\/\\\/www.webdo.tn\\\/fr\\\/wp-content\\\/uploads\\\/2025\\\/06\\\/Webdo-Tunisie_168377.jpg\",\"width\":301,\"height\":301,\"caption\":\"Webdo\"},\"image\":{\"@id\":\"https:\\\/\\\/www.webdo.tn\\\/fr\\\/#\\\/schema\\\/logo\\\/image\\\/\"},\"sameAs\":[\"https:\\\/\\\/www.facebook.com\\\/webdotn\",\"https:\\\/\\\/x.com\\\/webdo_tn\"],\"description\":\"Webdo est un m\u00e9dia num\u00e9rique tunisien fond\u00e9 en 2010, sp\u00e9cialis\u00e9 dans l\u2019actualit\u00e9 nationale et internationale, l\u2019\u00e9conomie, la soci\u00e9t\u00e9 et les analyses politiques. Le site s\u2019adresse \u00e0 un large public francophone et couvre l\u2019information tunisienne en temps r\u00e9el.\",\"email\":\"redac@webdo.tn\",\"legalName\":\"YNJ SARL\",\"foundingDate\":\"2010-09-06\",\"numberOfEmployees\":{\"@type\":\"QuantitativeValue\",\"minValue\":\"11\",\"maxValue\":\"50\"}},{\"@type\":\"Person\",\"@id\":\"https:\\\/\\\/www.webdo.tn\\\/fr\\\/#\\\/schema\\\/person\\\/60d5ba619ed3f58783b0dc82b7dada80\",\"name\":\"Ne\u00efla DRISS\",\"image\":{\"@type\":\"ImageObject\",\"inLanguage\":\"fr-FR\",\"@id\":\"https:\\\/\\\/www.webdo.tn\\\/fr\\\/wp-content\\\/uploads\\\/2026\\\/04\\\/neila-driss_avatar-96x96.jpg\",\"url\":\"https:\\\/\\\/www.webdo.tn\\\/fr\\\/wp-content\\\/uploads\\\/2026\\\/04\\\/neila-driss_avatar-96x96.jpg\",\"contentUrl\":\"https:\\\/\\\/www.webdo.tn\\\/fr\\\/wp-content\\\/uploads\\\/2026\\\/04\\\/neila-driss_avatar-96x96.jpg\",\"caption\":\"Ne\u00efla DRISS\"},\"description\":\"Ne\u00efla Driss est juriste, journaliste culturelle et critique de cin\u00e9ma tunisienne. Titulaire d\u2019un DEA en droit priv\u00e9 de l\u2019Universit\u00e9 Paris II et d\u2019un DESS de l\u2019IHEC Carthage, elle d\u00e9bute sa carri\u00e8re comme juriste sp\u00e9cialis\u00e9e en gestion de patrimoine immobilier. Elle s\u2019oriente ensuite vers l\u2019\u00e9criture en ligne, o\u00f9 elle se distingue d\u00e8s 2006 aux Tunisia Blog Awards, avant de se consacrer au journalisme culturel, avec une sp\u00e9cialisation dans la critique cin\u00e9matographique. Elle couvre r\u00e9guli\u00e8rement les grands festivals internationaux, notamment le Festival de Cannes, les Journ\u00e9es Cin\u00e9matographiques de Carthage et le Festival du film du Caire. Membre de l\u2019ATPCC et de la FIPRESCI, elle participe \u00e0 des jurys et initiatives internationales de critique. Depuis 2024, elle est \u00e9lectrice internationale aux Golden Globes. Facebook : https:\\\/\\\/www.facebook.com\\\/massir.destiniii\\\/ X : https:\\\/\\\/x.com\\\/MassirDestin\",\"sameAs\":[\"https:\\\/\\\/www.facebook.com\\\/massir.destiniii\\\/\",\"https:\\\/\\\/www.instagram.com\\\/neila.driss\\\/?hl=fr\",\"https:\\\/\\\/www.linkedin.com\\\/in\\\/neila-driss-22606a80\\\/\",\"https:\\\/\\\/x.com\\\/https:\\\/\\\/x.com\\\/MassirDestin\"],\"knowsAbout\":[\"Cin\u00e9ma international\",\"critique cin\u00e9matographique\",\"festivals de cin\u00e9ma\",\"journalisme culturel\"],\"knowsLanguage\":[\"Fran\u00e7ais\",\"Arabe\",\"Anglais\"],\"jobTitle\":\"Journaliste culturelle et critique de cin\u00e9ma\",\"worksFor\":\"Webdo\",\"url\":\"https:\\\/\\\/www.webdo.tn\\\/fr\\\/actualite\\\/author\\\/neila-driss\\\/\"}]}<\/script>\n<!-- \/ Yoast SEO Premium plugin. -->","yoast_head_json":{"title":"Cannes 2026 \u2013 Julianne Moore et Margherita Spampinato distingu\u00e9es par Women In Motion - webdo","description":"Julianne Moore et Margherita Spampinato honor\u00e9es au Festival de Cannes 2026. En savoir plus sur leurs r\u00e9alisations et engagements.","canonical":"https:\/\/www.webdo.tn\/fr\/actualite\/culture\/cannes-2026-julianne-moore-et-margherita-spampinato-distinguees-par-women-in-motion\/397053\/","og_locale":"fr_FR","og_type":"article","og_title":"Cannes 2026 \u2013 Julianne Moore et Margherita Spampinato distingu\u00e9es par Women In Motion","og_description":"Julianne Moore et Margherita Spampinato honor\u00e9es au Festival de Cannes 2026. En savoir plus sur leurs r\u00e9alisations et engagements.","og_url":"https:\/\/www.webdo.tn\/fr\/actualite\/culture\/cannes-2026-julianne-moore-et-margherita-spampinato-distinguees-par-women-in-motion\/397053\/","og_site_name":"webdo","article_publisher":"https:\/\/www.facebook.com\/webdotn","article_author":"https:\/\/www.facebook.com\/massir.destiniii\/","article_published_time":"2026-04-29T14:32:46+00:00","article_modified_time":"2026-04-29T14:38:45+00:00","og_image":[{"width":1200,"height":602,"url":"https:\/\/www.webdo.tn\/fr\/wp-content\/uploads\/2026\/04\/Julianne-Moore.jpg","type":"image\/jpeg"}],"author":"Ne\u00efla DRISS","twitter_card":"summary_large_image","twitter_creator":"@https:\/\/x.com\/MassirDestin","twitter_site":"@webdo_tn","twitter_misc":{"\u00c9crit par":"Ne\u00efla DRISS","Dur\u00e9e de lecture estim\u00e9e":"6 minutes"},"schema":{"@context":"https:\/\/schema.org","@graph":[{"@type":"NewsArticle","@id":"https:\/\/www.webdo.tn\/fr\/actualite\/culture\/cannes-2026-julianne-moore-et-margherita-spampinato-distinguees-par-women-in-motion\/397053\/#article","isPartOf":{"@id":"https:\/\/www.webdo.tn\/fr\/actualite\/culture\/cannes-2026-julianne-moore-et-margherita-spampinato-distinguees-par-women-in-motion\/397053\/"},"author":{"name":"Ne\u00efla DRISS","@id":"https:\/\/www.webdo.tn\/fr\/#\/schema\/person\/60d5ba619ed3f58783b0dc82b7dada80"},"headline":"Cannes 2026 \u2013 Julianne Moore et Margherita Spampinato distingu\u00e9es par Women In Motion","datePublished":"2026-04-29T14:32:46+00:00","dateModified":"2026-04-29T14:38:45+00:00","mainEntityOfPage":{"@id":"https:\/\/www.webdo.tn\/fr\/actualite\/culture\/cannes-2026-julianne-moore-et-margherita-spampinato-distinguees-par-women-in-motion\/397053\/"},"wordCount":1277,"publisher":{"@id":"https:\/\/www.webdo.tn\/fr\/#organization"},"image":{"@id":"https:\/\/www.webdo.tn\/fr\/actualite\/culture\/cannes-2026-julianne-moore-et-margherita-spampinato-distinguees-par-women-in-motion\/397053\/#primaryimage"},"thumbnailUrl":"https:\/\/www.webdo.tn\/fr\/wp-content\/uploads\/2026\/04\/Julianne-Moore.jpg","keywords":["Cannes 2026","Festival de Cannes","Julianne Moore","Margherita Spampinato","Women In Motion"],"articleSection":["Culture"],"inLanguage":"fr-FR"},{"@type":"WebPage","@id":"https:\/\/www.webdo.tn\/fr\/actualite\/culture\/cannes-2026-julianne-moore-et-margherita-spampinato-distinguees-par-women-in-motion\/397053\/","url":"https:\/\/www.webdo.tn\/fr\/actualite\/culture\/cannes-2026-julianne-moore-et-margherita-spampinato-distinguees-par-women-in-motion\/397053\/","name":"Cannes 2026 \u2013 Julianne Moore et Margherita Spampinato distingu\u00e9es par Women In Motion - webdo","isPartOf":{"@id":"https:\/\/www.webdo.tn\/fr\/#website"},"primaryImageOfPage":{"@id":"https:\/\/www.webdo.tn\/fr\/actualite\/culture\/cannes-2026-julianne-moore-et-margherita-spampinato-distinguees-par-women-in-motion\/397053\/#primaryimage"},"image":{"@id":"https:\/\/www.webdo.tn\/fr\/actualite\/culture\/cannes-2026-julianne-moore-et-margherita-spampinato-distinguees-par-women-in-motion\/397053\/#primaryimage"},"thumbnailUrl":"https:\/\/www.webdo.tn\/fr\/wp-content\/uploads\/2026\/04\/Julianne-Moore.jpg","datePublished":"2026-04-29T14:32:46+00:00","dateModified":"2026-04-29T14:38:45+00:00","description":"Julianne Moore et Margherita Spampinato honor\u00e9es au Festival de Cannes 2026. En savoir plus sur leurs r\u00e9alisations et engagements.","breadcrumb":{"@id":"https:\/\/www.webdo.tn\/fr\/actualite\/culture\/cannes-2026-julianne-moore-et-margherita-spampinato-distinguees-par-women-in-motion\/397053\/#breadcrumb"},"inLanguage":"fr-FR","potentialAction":[{"@type":"ReadAction","target":["https:\/\/www.webdo.tn\/fr\/actualite\/culture\/cannes-2026-julianne-moore-et-margherita-spampinato-distinguees-par-women-in-motion\/397053\/"]}]},{"@type":"ImageObject","inLanguage":"fr-FR","@id":"https:\/\/www.webdo.tn\/fr\/actualite\/culture\/cannes-2026-julianne-moore-et-margherita-spampinato-distinguees-par-women-in-motion\/397053\/#primaryimage","url":"https:\/\/www.webdo.tn\/fr\/wp-content\/uploads\/2026\/04\/Julianne-Moore.jpg","contentUrl":"https:\/\/www.webdo.tn\/fr\/wp-content\/uploads\/2026\/04\/Julianne-Moore.jpg","width":1200,"height":602,"caption":"Julianne Moore au Festival de Cannes en 2025. (Lionel GUERICOLAS - MPP\/SIPA \/ SIPA)"},{"@type":"BreadcrumbList","@id":"https:\/\/www.webdo.tn\/fr\/actualite\/culture\/cannes-2026-julianne-moore-et-margherita-spampinato-distinguees-par-women-in-motion\/397053\/#breadcrumb","itemListElement":[{"@type":"ListItem","position":1,"name":"Accueil","item":"https:\/\/www.webdo.tn\/fr\/"},{"@type":"ListItem","position":2,"name":"Cannes 2026 \u2013 Julianne Moore et Margherita Spampinato distingu\u00e9es par Women In Motion"}]},{"@type":"WebSite","@id":"https:\/\/www.webdo.tn\/fr\/#website","url":"https:\/\/www.webdo.tn\/fr\/","name":"webdo","description":"Tunisie - News en Tunisie et \u00e0 l&#039;international sur Webdo.tn","publisher":{"@id":"https:\/\/www.webdo.tn\/fr\/#organization"},"potentialAction":[{"@type":"SearchAction","target":{"@type":"EntryPoint","urlTemplate":"https:\/\/www.webdo.tn\/fr\/?s={search_term_string}"},"query-input":{"@type":"PropertyValueSpecification","valueRequired":true,"valueName":"search_term_string"}}],"inLanguage":"fr-FR"},{"@type":"Organization","@id":"https:\/\/www.webdo.tn\/fr\/#organization","name":"Webdo","alternateName":"Webdo.tn","url":"https:\/\/www.webdo.tn\/fr\/","logo":{"@type":"ImageObject","inLanguage":"fr-FR","@id":"https:\/\/www.webdo.tn\/fr\/#\/schema\/logo\/image\/","url":"https:\/\/www.webdo.tn\/fr\/wp-content\/uploads\/2025\/06\/Webdo-Tunisie_168377.jpg","contentUrl":"https:\/\/www.webdo.tn\/fr\/wp-content\/uploads\/2025\/06\/Webdo-Tunisie_168377.jpg","width":301,"height":301,"caption":"Webdo"},"image":{"@id":"https:\/\/www.webdo.tn\/fr\/#\/schema\/logo\/image\/"},"sameAs":["https:\/\/www.facebook.com\/webdotn","https:\/\/x.com\/webdo_tn"],"description":"Webdo est un m\u00e9dia num\u00e9rique tunisien fond\u00e9 en 2010, sp\u00e9cialis\u00e9 dans l\u2019actualit\u00e9 nationale et internationale, l\u2019\u00e9conomie, la soci\u00e9t\u00e9 et les analyses politiques. Le site s\u2019adresse \u00e0 un large public francophone et couvre l\u2019information tunisienne en temps r\u00e9el.","email":"redac@webdo.tn","legalName":"YNJ SARL","foundingDate":"2010-09-06","numberOfEmployees":{"@type":"QuantitativeValue","minValue":"11","maxValue":"50"}},{"@type":"Person","@id":"https:\/\/www.webdo.tn\/fr\/#\/schema\/person\/60d5ba619ed3f58783b0dc82b7dada80","name":"Ne\u00efla DRISS","image":{"@type":"ImageObject","inLanguage":"fr-FR","@id":"https:\/\/www.webdo.tn\/fr\/wp-content\/uploads\/2026\/04\/neila-driss_avatar-96x96.jpg","url":"https:\/\/www.webdo.tn\/fr\/wp-content\/uploads\/2026\/04\/neila-driss_avatar-96x96.jpg","contentUrl":"https:\/\/www.webdo.tn\/fr\/wp-content\/uploads\/2026\/04\/neila-driss_avatar-96x96.jpg","caption":"Ne\u00efla DRISS"},"description":"Ne\u00efla Driss est juriste, journaliste culturelle et critique de cin\u00e9ma tunisienne. Titulaire d\u2019un DEA en droit priv\u00e9 de l\u2019Universit\u00e9 Paris II et d\u2019un DESS de l\u2019IHEC Carthage, elle d\u00e9bute sa carri\u00e8re comme juriste sp\u00e9cialis\u00e9e en gestion de patrimoine immobilier. Elle s\u2019oriente ensuite vers l\u2019\u00e9criture en ligne, o\u00f9 elle se distingue d\u00e8s 2006 aux Tunisia Blog Awards, avant de se consacrer au journalisme culturel, avec une sp\u00e9cialisation dans la critique cin\u00e9matographique. Elle couvre r\u00e9guli\u00e8rement les grands festivals internationaux, notamment le Festival de Cannes, les Journ\u00e9es Cin\u00e9matographiques de Carthage et le Festival du film du Caire. Membre de l\u2019ATPCC et de la FIPRESCI, elle participe \u00e0 des jurys et initiatives internationales de critique. Depuis 2024, elle est \u00e9lectrice internationale aux Golden Globes. Facebook : https:\/\/www.facebook.com\/massir.destiniii\/ X : https:\/\/x.com\/MassirDestin","sameAs":["https:\/\/www.facebook.com\/massir.destiniii\/","https:\/\/www.instagram.com\/neila.driss\/?hl=fr","https:\/\/www.linkedin.com\/in\/neila-driss-22606a80\/","https:\/\/x.com\/https:\/\/x.com\/MassirDestin"],"knowsAbout":["Cin\u00e9ma international","critique cin\u00e9matographique","festivals de cin\u00e9ma","journalisme culturel"],"knowsLanguage":["Fran\u00e7ais","Arabe","Anglais"],"jobTitle":"Journaliste culturelle et critique de cin\u00e9ma","worksFor":"Webdo","url":"https:\/\/www.webdo.tn\/fr\/actualite\/author\/neila-driss\/"}]}},"_links":{"self":[{"href":"https:\/\/www.webdo.tn\/fr\/wp-json\/wp\/v2\/posts\/397053","targetHints":{"allow":["GET"]}}],"collection":[{"href":"https:\/\/www.webdo.tn\/fr\/wp-json\/wp\/v2\/posts"}],"about":[{"href":"https:\/\/www.webdo.tn\/fr\/wp-json\/wp\/v2\/types\/post"}],"author":[{"embeddable":true,"href":"https:\/\/www.webdo.tn\/fr\/wp-json\/wp\/v2\/users\/3164"}],"replies":[{"embeddable":true,"href":"https:\/\/www.webdo.tn\/fr\/wp-json\/wp\/v2\/comments?post=397053"}],"version-history":[{"count":1,"href":"https:\/\/www.webdo.tn\/fr\/wp-json\/wp\/v2\/posts\/397053\/revisions"}],"predecessor-version":[{"id":397055,"href":"https:\/\/www.webdo.tn\/fr\/wp-json\/wp\/v2\/posts\/397053\/revisions\/397055"}],"wp:featuredmedia":[{"embeddable":true,"href":"https:\/\/www.webdo.tn\/fr\/wp-json\/wp\/v2\/media\/397054"}],"wp:attachment":[{"href":"https:\/\/www.webdo.tn\/fr\/wp-json\/wp\/v2\/media?parent=397053"}],"wp:term":[{"taxonomy":"category","embeddable":true,"href":"https:\/\/www.webdo.tn\/fr\/wp-json\/wp\/v2\/categories?post=397053"},{"taxonomy":"post_tag","embeddable":true,"href":"https:\/\/www.webdo.tn\/fr\/wp-json\/wp\/v2\/tags?post=397053"}],"curies":[{"name":"wp","href":"https:\/\/api.w.org\/{rel}","templated":true}]}}