{"id":397050,"date":"2026-04-29T14:55:26","date_gmt":"2026-04-29T13:55:26","guid":{"rendered":"https:\/\/www.webdo.tn\/fr\/?p=397050"},"modified":"2026-04-29T14:55:29","modified_gmt":"2026-04-29T13:55:29","slug":"education-la-mallette-de-lecture-familiale-bientot-accessible-en-braille-en-tunisie","status":"publish","type":"post","link":"https:\/\/www.webdo.tn\/fr\/actualite\/national\/education-la-mallette-de-lecture-familiale-bientot-accessible-en-braille-en-tunisie\/397050\/","title":{"rendered":"\u00c9ducation : La \u201cmallette de lecture familiale\u201d bient\u00f4t accessible en braille en Tunisie"},"content":{"rendered":"\n<p><strong>Le minist\u00e8re de l\u2019\u00c9ducation tunisien franchit un nouveau pas vers l\u2019inclusion scolaire. Le projet de \u00ab mallette de classe pour la lecture familiale \u00bb sera prochainement adapt\u00e9 en \u00e9criture braille pour les \u00e9l\u00e8ves non-voyants. Une initiative qui s\u2019inscrit dans la dynamique de 2026, proclam\u00e9e ann\u00e9e nationale de la lecture.<\/strong><\/p>\n\n\n\n<h2 class=\"wp-block-heading\" id=\"h-une-initiative-pour-democratiser-la-lecture-inclusive\">Une initiative pour d\u00e9mocratiser la lecture inclusive<\/h2>\n\n\n\n<p>Port\u00e9 par le minist\u00e8re de l\u2019\u00c9ducation tunisien, ce projet vise \u00e0 faire de la lecture une activit\u00e9 quotidienne partag\u00e9e entre l\u2019enfant et sa famille. Destin\u00e9e aux \u00e9l\u00e8ves du primaire, la mallette comprend des histoires \u00e9ducatives favorisant un apprentissage interactif.<\/p>\n\n\n\n<p>Selon Sofiane Hadhraoui, directeur de l\u2019\u00e9dition du manuel scolaire au minist\u00e8re de l&rsquo;Education, l\u2019adaptation en braille permettra aux \u00e9l\u00e8ves non-voyants de b\u00e9n\u00e9ficier pleinement de ce dispositif, en renfor\u00e7ant leur acc\u00e8s au livre et \u00e0 la lecture d\u00e8s le plus jeune \u00e2ge.<\/p>\n\n\n\n<h2 class=\"wp-block-heading\" id=\"h-une-premiere-phase-ciblee-avant-generalisation\">Une premi\u00e8re phase cibl\u00e9e avant g\u00e9n\u00e9ralisation<\/h2>\n\n\n\n<p>Le d\u00e9ploiement d\u00e9butera dans plusieurs \u00e9tablissements sp\u00e9cialis\u00e9s, notamment \u00e0 Ben Arous, Sousse, Sfax et Gab\u00e8s, ainsi que dans une classe d\u00e9di\u00e9e aux non-voyants \u00e0 l\u2019\u00e9cole primaire Cit\u00e9 Andalus \u00e0 Bizerte.<\/p>\n\n\n\n<p>\u00c0 terme, le programme sera \u00e9tendu \u00e0 l\u2019ensemble des \u00e9l\u00e8ves non-voyants \u00e0 travers la Tunisie, y compris ceux en dehors du syst\u00e8me scolaire. L\u2019objectif est de garantir l\u2019\u00e9galit\u00e9 des chances et de renforcer l\u2019acc\u00e8s universel \u00e0 l\u2019\u00e9ducation.<\/p>\n\n\n\n<h2 class=\"wp-block-heading\" id=\"h-le-livre-comme-levier-d-egalite\">Le livre comme levier d\u2019\u00e9galit\u00e9<\/h2>\n\n\n\n<p>Cette initiative s\u2019inscrit dans une strat\u00e9gie plus large visant \u00e0 promouvoir une \u00e9ducation inclusive, o\u00f9 le livre devient un outil accessible \u00e0 tous. Elle traduit \u00e9galement la volont\u00e9 des autorit\u00e9s de faire de la lecture un droit effectif et une pratique ancr\u00e9e dans le quotidien des enfants.<\/p>\n\n\n\n<p>Dans le cadre de ce programme, pr\u00e8s de 12.000 mallettes de lecture familiale, contenant chacune une trentaine d\u2019histoires, ont d\u00e9j\u00e0 \u00e9t\u00e9 distribu\u00e9es dans les \u00e9coles primaires du pays.<\/p>\n\n\n\n<p><\/p>\n\n\n\n<blockquote class=\"wp-block-quote is-layout-flow wp-block-quote-is-layout-flow\">\n<ul class=\"wp-block-list\">\n<li class=\"has-medium-font-size\"><strong>Lire aussi :<\/strong> <a href=\"https:\/\/www.webdo.tn\/fr\/actualite\/national\/kais-saied-lance-la-filt-et-devoile-un-nouveau-chantier-pour-leducation\/396758\/\">Ka\u00efs Sa\u00efed lance la FILT et d\u00e9voile un nouveau chantier pour l\u2019\u00e9ducation<\/a><\/li>\n<\/ul>\n<\/blockquote>\n","protected":false},"excerpt":{"rendered":"<p>Le minist\u00e8re de l\u2019\u00c9ducation tunisien franchit un nouveau pas vers l\u2019inclusion scolaire. Le projet de \u00ab mallette de classe pour la lecture familiale \u00bb sera prochainement adapt\u00e9 en \u00e9criture braille pour les \u00e9l\u00e8ves non-voyants. Une initiative qui s\u2019inscrit dans la dynamique de 2026, proclam\u00e9e ann\u00e9e nationale de la lecture. Une initiative pour d\u00e9mocratiser la lecture [&hellip;]<\/p>\n","protected":false},"author":4782,"featured_media":397051,"comment_status":"closed","ping_status":"closed","sticky":false,"template":"","format":"standard","meta":{"footnotes":""},"categories":[44],"tags":[14067,2634,8503,2608],"class_list":["post-397050","post","type-post","status-publish","format-standard","has-post-thumbnail","hentry","category-national","tag-braille","tag-education","tag-livres-scolaires","tag-tunisie"],"yoast_head":"<!-- This site is optimized with the Yoast SEO Premium plugin v27.4 (Yoast SEO v27.5) - https:\/\/yoast.com\/product\/yoast-seo-premium-wordpress\/ -->\n<title>\u00c9ducation : La \u201cmallette de lecture familiale\u201d bient\u00f4t accessible en braille en Tunisie - webdo<\/title>\n<meta name=\"description\" content=\"La mallette de lecture familiale permet aux enfants et \u00e0 leurs familles de partager la lecture, favorisant l&#039;apprentissage interactif.\" \/>\n<link rel=\"canonical\" href=\"https:\/\/www.webdo.tn\/fr\/actualite\/national\/education-la-mallette-de-lecture-familiale-bientot-accessible-en-braille-en-tunisie\/397050\/\" \/>\n<meta property=\"og:locale\" content=\"fr_FR\" \/>\n<meta property=\"og:type\" content=\"article\" \/>\n<meta property=\"og:title\" content=\"\u00c9ducation : La \u201cmallette de lecture familiale\u201d bient\u00f4t accessible en braille en Tunisie\" \/>\n<meta property=\"og:description\" content=\"La mallette de lecture familiale permet aux enfants et \u00e0 leurs familles de partager la lecture, favorisant l&#039;apprentissage interactif.\" \/>\n<meta property=\"og:url\" content=\"https:\/\/www.webdo.tn\/fr\/actualite\/national\/education-la-mallette-de-lecture-familiale-bientot-accessible-en-braille-en-tunisie\/397050\/\" \/>\n<meta property=\"og:site_name\" content=\"webdo\" \/>\n<meta property=\"article:publisher\" content=\"https:\/\/www.facebook.com\/webdotn\" \/>\n<meta property=\"article:published_time\" content=\"2026-04-29T13:55:26+00:00\" \/>\n<meta property=\"article:modified_time\" content=\"2026-04-29T13:55:29+00:00\" \/>\n<meta property=\"og:image\" content=\"https:\/\/www.webdo.tn\/fr\/wp-content\/uploads\/2026\/04\/edition-livre.jpg\" \/>\n\t<meta property=\"og:image:width\" content=\"1200\" \/>\n\t<meta property=\"og:image:height\" content=\"600\" \/>\n\t<meta property=\"og:image:type\" content=\"image\/jpeg\" \/>\n<meta name=\"author\" content=\"Mohamed Fethi\" \/>\n<meta name=\"twitter:card\" content=\"summary_large_image\" \/>\n<meta name=\"twitter:creator\" content=\"@webdo_tn\" \/>\n<meta name=\"twitter:site\" content=\"@webdo_tn\" \/>\n<meta name=\"twitter:label1\" content=\"\u00c9crit par\" \/>\n\t<meta name=\"twitter:data1\" content=\"Mohamed Fethi\" \/>\n\t<meta name=\"twitter:label2\" content=\"Dur\u00e9e de lecture estim\u00e9e\" \/>\n\t<meta name=\"twitter:data2\" content=\"2 minutes\" \/>\n<script type=\"application\/ld+json\" class=\"yoast-schema-graph\">{\"@context\":\"https:\\\/\\\/schema.org\",\"@graph\":[{\"@type\":\"NewsArticle\",\"@id\":\"https:\\\/\\\/www.webdo.tn\\\/fr\\\/actualite\\\/national\\\/education-la-mallette-de-lecture-familiale-bientot-accessible-en-braille-en-tunisie\\\/397050\\\/#article\",\"isPartOf\":{\"@id\":\"https:\\\/\\\/www.webdo.tn\\\/fr\\\/actualite\\\/national\\\/education-la-mallette-de-lecture-familiale-bientot-accessible-en-braille-en-tunisie\\\/397050\\\/\"},\"author\":{\"name\":\"Mohamed Fethi\",\"@id\":\"https:\\\/\\\/www.webdo.tn\\\/fr\\\/#\\\/schema\\\/person\\\/16a4857e77dfc0b610c4c2cadffc9ac4\"},\"headline\":\"\u00c9ducation : La \u201cmallette de lecture familiale\u201d bient\u00f4t accessible en braille en Tunisie\",\"datePublished\":\"2026-04-29T13:55:26+00:00\",\"dateModified\":\"2026-04-29T13:55:29+00:00\",\"mainEntityOfPage\":{\"@id\":\"https:\\\/\\\/www.webdo.tn\\\/fr\\\/actualite\\\/national\\\/education-la-mallette-de-lecture-familiale-bientot-accessible-en-braille-en-tunisie\\\/397050\\\/\"},\"wordCount\":358,\"publisher\":{\"@id\":\"https:\\\/\\\/www.webdo.tn\\\/fr\\\/#organization\"},\"image\":{\"@id\":\"https:\\\/\\\/www.webdo.tn\\\/fr\\\/actualite\\\/national\\\/education-la-mallette-de-lecture-familiale-bientot-accessible-en-braille-en-tunisie\\\/397050\\\/#primaryimage\"},\"thumbnailUrl\":\"https:\\\/\\\/www.webdo.tn\\\/fr\\\/wp-content\\\/uploads\\\/2026\\\/04\\\/edition-livre.jpg\",\"keywords\":[\"braille\",\"\u00e9ducation\",\"livres scolaires\",\"Tunisie\"],\"articleSection\":[\"National\"],\"inLanguage\":\"fr-FR\"},{\"@type\":\"WebPage\",\"@id\":\"https:\\\/\\\/www.webdo.tn\\\/fr\\\/actualite\\\/national\\\/education-la-mallette-de-lecture-familiale-bientot-accessible-en-braille-en-tunisie\\\/397050\\\/\",\"url\":\"https:\\\/\\\/www.webdo.tn\\\/fr\\\/actualite\\\/national\\\/education-la-mallette-de-lecture-familiale-bientot-accessible-en-braille-en-tunisie\\\/397050\\\/\",\"name\":\"\u00c9ducation : La \u201cmallette de lecture familiale\u201d bient\u00f4t accessible en braille en Tunisie - webdo\",\"isPartOf\":{\"@id\":\"https:\\\/\\\/www.webdo.tn\\\/fr\\\/#website\"},\"primaryImageOfPage\":{\"@id\":\"https:\\\/\\\/www.webdo.tn\\\/fr\\\/actualite\\\/national\\\/education-la-mallette-de-lecture-familiale-bientot-accessible-en-braille-en-tunisie\\\/397050\\\/#primaryimage\"},\"image\":{\"@id\":\"https:\\\/\\\/www.webdo.tn\\\/fr\\\/actualite\\\/national\\\/education-la-mallette-de-lecture-familiale-bientot-accessible-en-braille-en-tunisie\\\/397050\\\/#primaryimage\"},\"thumbnailUrl\":\"https:\\\/\\\/www.webdo.tn\\\/fr\\\/wp-content\\\/uploads\\\/2026\\\/04\\\/edition-livre.jpg\",\"datePublished\":\"2026-04-29T13:55:26+00:00\",\"dateModified\":\"2026-04-29T13:55:29+00:00\",\"description\":\"La mallette de lecture familiale permet aux enfants et \u00e0 leurs familles de partager la lecture, favorisant l'apprentissage interactif.\",\"breadcrumb\":{\"@id\":\"https:\\\/\\\/www.webdo.tn\\\/fr\\\/actualite\\\/national\\\/education-la-mallette-de-lecture-familiale-bientot-accessible-en-braille-en-tunisie\\\/397050\\\/#breadcrumb\"},\"inLanguage\":\"fr-FR\",\"potentialAction\":[{\"@type\":\"ReadAction\",\"target\":[\"https:\\\/\\\/www.webdo.tn\\\/fr\\\/actualite\\\/national\\\/education-la-mallette-de-lecture-familiale-bientot-accessible-en-braille-en-tunisie\\\/397050\\\/\"]}]},{\"@type\":\"ImageObject\",\"inLanguage\":\"fr-FR\",\"@id\":\"https:\\\/\\\/www.webdo.tn\\\/fr\\\/actualite\\\/national\\\/education-la-mallette-de-lecture-familiale-bientot-accessible-en-braille-en-tunisie\\\/397050\\\/#primaryimage\",\"url\":\"https:\\\/\\\/www.webdo.tn\\\/fr\\\/wp-content\\\/uploads\\\/2026\\\/04\\\/edition-livre.jpg\",\"contentUrl\":\"https:\\\/\\\/www.webdo.tn\\\/fr\\\/wp-content\\\/uploads\\\/2026\\\/04\\\/edition-livre.jpg\",\"width\":1200,\"height\":600,\"caption\":\"\u00c9ducation : La \u201cmallette de lecture familiale\u201d bient\u00f4t accessible en braille en Tunisie\"},{\"@type\":\"BreadcrumbList\",\"@id\":\"https:\\\/\\\/www.webdo.tn\\\/fr\\\/actualite\\\/national\\\/education-la-mallette-de-lecture-familiale-bientot-accessible-en-braille-en-tunisie\\\/397050\\\/#breadcrumb\",\"itemListElement\":[{\"@type\":\"ListItem\",\"position\":1,\"name\":\"Accueil\",\"item\":\"https:\\\/\\\/www.webdo.tn\\\/fr\\\/\"},{\"@type\":\"ListItem\",\"position\":2,\"name\":\"\u00c9ducation : La \u201cmallette de lecture familiale\u201d bient\u00f4t accessible en braille en Tunisie\"}]},{\"@type\":\"WebSite\",\"@id\":\"https:\\\/\\\/www.webdo.tn\\\/fr\\\/#website\",\"url\":\"https:\\\/\\\/www.webdo.tn\\\/fr\\\/\",\"name\":\"webdo\",\"description\":\"Tunisie - News en Tunisie et \u00e0 l&#039;international sur Webdo.tn\",\"publisher\":{\"@id\":\"https:\\\/\\\/www.webdo.tn\\\/fr\\\/#organization\"},\"potentialAction\":[{\"@type\":\"SearchAction\",\"target\":{\"@type\":\"EntryPoint\",\"urlTemplate\":\"https:\\\/\\\/www.webdo.tn\\\/fr\\\/?s={search_term_string}\"},\"query-input\":{\"@type\":\"PropertyValueSpecification\",\"valueRequired\":true,\"valueName\":\"search_term_string\"}}],\"inLanguage\":\"fr-FR\"},{\"@type\":\"Organization\",\"@id\":\"https:\\\/\\\/www.webdo.tn\\\/fr\\\/#organization\",\"name\":\"Webdo\",\"alternateName\":\"Webdo.tn\",\"url\":\"https:\\\/\\\/www.webdo.tn\\\/fr\\\/\",\"logo\":{\"@type\":\"ImageObject\",\"inLanguage\":\"fr-FR\",\"@id\":\"https:\\\/\\\/www.webdo.tn\\\/fr\\\/#\\\/schema\\\/logo\\\/image\\\/\",\"url\":\"https:\\\/\\\/www.webdo.tn\\\/fr\\\/wp-content\\\/uploads\\\/2025\\\/06\\\/Webdo-Tunisie_168377.jpg\",\"contentUrl\":\"https:\\\/\\\/www.webdo.tn\\\/fr\\\/wp-content\\\/uploads\\\/2025\\\/06\\\/Webdo-Tunisie_168377.jpg\",\"width\":301,\"height\":301,\"caption\":\"Webdo\"},\"image\":{\"@id\":\"https:\\\/\\\/www.webdo.tn\\\/fr\\\/#\\\/schema\\\/logo\\\/image\\\/\"},\"sameAs\":[\"https:\\\/\\\/www.facebook.com\\\/webdotn\",\"https:\\\/\\\/x.com\\\/webdo_tn\"],\"description\":\"Webdo est un m\u00e9dia num\u00e9rique tunisien fond\u00e9 en 2010, sp\u00e9cialis\u00e9 dans l\u2019actualit\u00e9 nationale et internationale, l\u2019\u00e9conomie, la soci\u00e9t\u00e9 et les analyses politiques. Le site s\u2019adresse \u00e0 un large public francophone et couvre l\u2019information tunisienne en temps r\u00e9el.\",\"email\":\"redac@webdo.tn\",\"legalName\":\"YNJ SARL\",\"foundingDate\":\"2010-09-06\",\"numberOfEmployees\":{\"@type\":\"QuantitativeValue\",\"minValue\":\"11\",\"maxValue\":\"50\"}},{\"@type\":\"Person\",\"@id\":\"https:\\\/\\\/www.webdo.tn\\\/fr\\\/#\\\/schema\\\/person\\\/16a4857e77dfc0b610c4c2cadffc9ac4\",\"name\":\"Mohamed Fethi\",\"image\":{\"@type\":\"ImageObject\",\"inLanguage\":\"fr-FR\",\"@id\":\"https:\\\/\\\/www.webdo.tn\\\/fr\\\/wp-content\\\/uploads\\\/2026\\\/04\\\/mohamed-fethi_avatar_1-96x96.jpg\",\"url\":\"https:\\\/\\\/www.webdo.tn\\\/fr\\\/wp-content\\\/uploads\\\/2026\\\/04\\\/mohamed-fethi_avatar_1-96x96.jpg\",\"contentUrl\":\"https:\\\/\\\/www.webdo.tn\\\/fr\\\/wp-content\\\/uploads\\\/2026\\\/04\\\/mohamed-fethi_avatar_1-96x96.jpg\",\"caption\":\"Mohamed Fethi\"},\"description\":\"Signature \u00e9ditoriale de Maher Chaabane Mohamed Fethi est le pseudonyme \u00e9ditorial de Maher Chaabane, r\u00e9dacteur en chef de Webdo.tn depuis 2012. Cette signature est d\u00e9di\u00e9e au traitement intensif de l'actualit\u00e9 nationale et internationale en temps r\u00e9el. S'appuyant sur les deux d\u00e9cennies d'expertise journalistique de Maher Chaabane \u2014 d\u00e9but\u00e9e au sein du groupe Tunis Hebdo en 2000 \u2014 Mohamed Fethi assure une veille rigoureuse sur les enjeux politiques, \u00e9conomiques et sportifs. Sa mission est de garantir une information structur\u00e9e, fluide et fid\u00e8le aux standards de la r\u00e9daction. Pour consulter le parcours complet du r\u00e9dacteur en chef, visitez le profil officiel de Maher Chaabane.\",\"knowsAbout\":[\"actualit\u00e9\",\"journalisme\",\"information\",\"politique\",\"sport\",\"m\u00e9dias\",\"actualit\u00e9 internationale\"],\"knowsLanguage\":[\"Fran\u00e7ais\",\"Arabe\"],\"jobTitle\":\"Journaliste \u2013 R\u00e9daction Webdo\",\"worksFor\":\"Webdo.tn\",\"url\":\"https:\\\/\\\/www.webdo.tn\\\/fr\\\/actualite\\\/author\\\/mohamed-fethi\\\/\"}]}<\/script>\n<!-- \/ Yoast SEO Premium plugin. -->","yoast_head_json":{"title":"\u00c9ducation : La \u201cmallette de lecture familiale\u201d bient\u00f4t accessible en braille en Tunisie - webdo","description":"La mallette de lecture familiale permet aux enfants et \u00e0 leurs familles de partager la lecture, favorisant l'apprentissage interactif.","canonical":"https:\/\/www.webdo.tn\/fr\/actualite\/national\/education-la-mallette-de-lecture-familiale-bientot-accessible-en-braille-en-tunisie\/397050\/","og_locale":"fr_FR","og_type":"article","og_title":"\u00c9ducation : La \u201cmallette de lecture familiale\u201d bient\u00f4t accessible en braille en Tunisie","og_description":"La mallette de lecture familiale permet aux enfants et \u00e0 leurs familles de partager la lecture, favorisant l'apprentissage interactif.","og_url":"https:\/\/www.webdo.tn\/fr\/actualite\/national\/education-la-mallette-de-lecture-familiale-bientot-accessible-en-braille-en-tunisie\/397050\/","og_site_name":"webdo","article_publisher":"https:\/\/www.facebook.com\/webdotn","article_published_time":"2026-04-29T13:55:26+00:00","article_modified_time":"2026-04-29T13:55:29+00:00","og_image":[{"width":1200,"height":600,"url":"https:\/\/www.webdo.tn\/fr\/wp-content\/uploads\/2026\/04\/edition-livre.jpg","type":"image\/jpeg"}],"author":"Mohamed Fethi","twitter_card":"summary_large_image","twitter_creator":"@webdo_tn","twitter_site":"@webdo_tn","twitter_misc":{"\u00c9crit par":"Mohamed Fethi","Dur\u00e9e de lecture estim\u00e9e":"2 minutes"},"schema":{"@context":"https:\/\/schema.org","@graph":[{"@type":"NewsArticle","@id":"https:\/\/www.webdo.tn\/fr\/actualite\/national\/education-la-mallette-de-lecture-familiale-bientot-accessible-en-braille-en-tunisie\/397050\/#article","isPartOf":{"@id":"https:\/\/www.webdo.tn\/fr\/actualite\/national\/education-la-mallette-de-lecture-familiale-bientot-accessible-en-braille-en-tunisie\/397050\/"},"author":{"name":"Mohamed Fethi","@id":"https:\/\/www.webdo.tn\/fr\/#\/schema\/person\/16a4857e77dfc0b610c4c2cadffc9ac4"},"headline":"\u00c9ducation : La \u201cmallette de lecture familiale\u201d bient\u00f4t accessible en braille en Tunisie","datePublished":"2026-04-29T13:55:26+00:00","dateModified":"2026-04-29T13:55:29+00:00","mainEntityOfPage":{"@id":"https:\/\/www.webdo.tn\/fr\/actualite\/national\/education-la-mallette-de-lecture-familiale-bientot-accessible-en-braille-en-tunisie\/397050\/"},"wordCount":358,"publisher":{"@id":"https:\/\/www.webdo.tn\/fr\/#organization"},"image":{"@id":"https:\/\/www.webdo.tn\/fr\/actualite\/national\/education-la-mallette-de-lecture-familiale-bientot-accessible-en-braille-en-tunisie\/397050\/#primaryimage"},"thumbnailUrl":"https:\/\/www.webdo.tn\/fr\/wp-content\/uploads\/2026\/04\/edition-livre.jpg","keywords":["braille","\u00e9ducation","livres scolaires","Tunisie"],"articleSection":["National"],"inLanguage":"fr-FR"},{"@type":"WebPage","@id":"https:\/\/www.webdo.tn\/fr\/actualite\/national\/education-la-mallette-de-lecture-familiale-bientot-accessible-en-braille-en-tunisie\/397050\/","url":"https:\/\/www.webdo.tn\/fr\/actualite\/national\/education-la-mallette-de-lecture-familiale-bientot-accessible-en-braille-en-tunisie\/397050\/","name":"\u00c9ducation : La \u201cmallette de lecture familiale\u201d bient\u00f4t accessible en braille en Tunisie - webdo","isPartOf":{"@id":"https:\/\/www.webdo.tn\/fr\/#website"},"primaryImageOfPage":{"@id":"https:\/\/www.webdo.tn\/fr\/actualite\/national\/education-la-mallette-de-lecture-familiale-bientot-accessible-en-braille-en-tunisie\/397050\/#primaryimage"},"image":{"@id":"https:\/\/www.webdo.tn\/fr\/actualite\/national\/education-la-mallette-de-lecture-familiale-bientot-accessible-en-braille-en-tunisie\/397050\/#primaryimage"},"thumbnailUrl":"https:\/\/www.webdo.tn\/fr\/wp-content\/uploads\/2026\/04\/edition-livre.jpg","datePublished":"2026-04-29T13:55:26+00:00","dateModified":"2026-04-29T13:55:29+00:00","description":"La mallette de lecture familiale permet aux enfants et \u00e0 leurs familles de partager la lecture, favorisant l'apprentissage interactif.","breadcrumb":{"@id":"https:\/\/www.webdo.tn\/fr\/actualite\/national\/education-la-mallette-de-lecture-familiale-bientot-accessible-en-braille-en-tunisie\/397050\/#breadcrumb"},"inLanguage":"fr-FR","potentialAction":[{"@type":"ReadAction","target":["https:\/\/www.webdo.tn\/fr\/actualite\/national\/education-la-mallette-de-lecture-familiale-bientot-accessible-en-braille-en-tunisie\/397050\/"]}]},{"@type":"ImageObject","inLanguage":"fr-FR","@id":"https:\/\/www.webdo.tn\/fr\/actualite\/national\/education-la-mallette-de-lecture-familiale-bientot-accessible-en-braille-en-tunisie\/397050\/#primaryimage","url":"https:\/\/www.webdo.tn\/fr\/wp-content\/uploads\/2026\/04\/edition-livre.jpg","contentUrl":"https:\/\/www.webdo.tn\/fr\/wp-content\/uploads\/2026\/04\/edition-livre.jpg","width":1200,"height":600,"caption":"\u00c9ducation : La \u201cmallette de lecture familiale\u201d bient\u00f4t accessible en braille en Tunisie"},{"@type":"BreadcrumbList","@id":"https:\/\/www.webdo.tn\/fr\/actualite\/national\/education-la-mallette-de-lecture-familiale-bientot-accessible-en-braille-en-tunisie\/397050\/#breadcrumb","itemListElement":[{"@type":"ListItem","position":1,"name":"Accueil","item":"https:\/\/www.webdo.tn\/fr\/"},{"@type":"ListItem","position":2,"name":"\u00c9ducation : La \u201cmallette de lecture familiale\u201d bient\u00f4t accessible en braille en Tunisie"}]},{"@type":"WebSite","@id":"https:\/\/www.webdo.tn\/fr\/#website","url":"https:\/\/www.webdo.tn\/fr\/","name":"webdo","description":"Tunisie - News en Tunisie et \u00e0 l&#039;international sur Webdo.tn","publisher":{"@id":"https:\/\/www.webdo.tn\/fr\/#organization"},"potentialAction":[{"@type":"SearchAction","target":{"@type":"EntryPoint","urlTemplate":"https:\/\/www.webdo.tn\/fr\/?s={search_term_string}"},"query-input":{"@type":"PropertyValueSpecification","valueRequired":true,"valueName":"search_term_string"}}],"inLanguage":"fr-FR"},{"@type":"Organization","@id":"https:\/\/www.webdo.tn\/fr\/#organization","name":"Webdo","alternateName":"Webdo.tn","url":"https:\/\/www.webdo.tn\/fr\/","logo":{"@type":"ImageObject","inLanguage":"fr-FR","@id":"https:\/\/www.webdo.tn\/fr\/#\/schema\/logo\/image\/","url":"https:\/\/www.webdo.tn\/fr\/wp-content\/uploads\/2025\/06\/Webdo-Tunisie_168377.jpg","contentUrl":"https:\/\/www.webdo.tn\/fr\/wp-content\/uploads\/2025\/06\/Webdo-Tunisie_168377.jpg","width":301,"height":301,"caption":"Webdo"},"image":{"@id":"https:\/\/www.webdo.tn\/fr\/#\/schema\/logo\/image\/"},"sameAs":["https:\/\/www.facebook.com\/webdotn","https:\/\/x.com\/webdo_tn"],"description":"Webdo est un m\u00e9dia num\u00e9rique tunisien fond\u00e9 en 2010, sp\u00e9cialis\u00e9 dans l\u2019actualit\u00e9 nationale et internationale, l\u2019\u00e9conomie, la soci\u00e9t\u00e9 et les analyses politiques. Le site s\u2019adresse \u00e0 un large public francophone et couvre l\u2019information tunisienne en temps r\u00e9el.","email":"redac@webdo.tn","legalName":"YNJ SARL","foundingDate":"2010-09-06","numberOfEmployees":{"@type":"QuantitativeValue","minValue":"11","maxValue":"50"}},{"@type":"Person","@id":"https:\/\/www.webdo.tn\/fr\/#\/schema\/person\/16a4857e77dfc0b610c4c2cadffc9ac4","name":"Mohamed Fethi","image":{"@type":"ImageObject","inLanguage":"fr-FR","@id":"https:\/\/www.webdo.tn\/fr\/wp-content\/uploads\/2026\/04\/mohamed-fethi_avatar_1-96x96.jpg","url":"https:\/\/www.webdo.tn\/fr\/wp-content\/uploads\/2026\/04\/mohamed-fethi_avatar_1-96x96.jpg","contentUrl":"https:\/\/www.webdo.tn\/fr\/wp-content\/uploads\/2026\/04\/mohamed-fethi_avatar_1-96x96.jpg","caption":"Mohamed Fethi"},"description":"Signature \u00e9ditoriale de Maher Chaabane Mohamed Fethi est le pseudonyme \u00e9ditorial de Maher Chaabane, r\u00e9dacteur en chef de Webdo.tn depuis 2012. Cette signature est d\u00e9di\u00e9e au traitement intensif de l'actualit\u00e9 nationale et internationale en temps r\u00e9el. S'appuyant sur les deux d\u00e9cennies d'expertise journalistique de Maher Chaabane \u2014 d\u00e9but\u00e9e au sein du groupe Tunis Hebdo en 2000 \u2014 Mohamed Fethi assure une veille rigoureuse sur les enjeux politiques, \u00e9conomiques et sportifs. Sa mission est de garantir une information structur\u00e9e, fluide et fid\u00e8le aux standards de la r\u00e9daction. Pour consulter le parcours complet du r\u00e9dacteur en chef, visitez le profil officiel de Maher Chaabane.","knowsAbout":["actualit\u00e9","journalisme","information","politique","sport","m\u00e9dias","actualit\u00e9 internationale"],"knowsLanguage":["Fran\u00e7ais","Arabe"],"jobTitle":"Journaliste \u2013 R\u00e9daction Webdo","worksFor":"Webdo.tn","url":"https:\/\/www.webdo.tn\/fr\/actualite\/author\/mohamed-fethi\/"}]}},"_links":{"self":[{"href":"https:\/\/www.webdo.tn\/fr\/wp-json\/wp\/v2\/posts\/397050","targetHints":{"allow":["GET"]}}],"collection":[{"href":"https:\/\/www.webdo.tn\/fr\/wp-json\/wp\/v2\/posts"}],"about":[{"href":"https:\/\/www.webdo.tn\/fr\/wp-json\/wp\/v2\/types\/post"}],"author":[{"embeddable":true,"href":"https:\/\/www.webdo.tn\/fr\/wp-json\/wp\/v2\/users\/4782"}],"replies":[{"embeddable":true,"href":"https:\/\/www.webdo.tn\/fr\/wp-json\/wp\/v2\/comments?post=397050"}],"version-history":[{"count":1,"href":"https:\/\/www.webdo.tn\/fr\/wp-json\/wp\/v2\/posts\/397050\/revisions"}],"predecessor-version":[{"id":397052,"href":"https:\/\/www.webdo.tn\/fr\/wp-json\/wp\/v2\/posts\/397050\/revisions\/397052"}],"wp:featuredmedia":[{"embeddable":true,"href":"https:\/\/www.webdo.tn\/fr\/wp-json\/wp\/v2\/media\/397051"}],"wp:attachment":[{"href":"https:\/\/www.webdo.tn\/fr\/wp-json\/wp\/v2\/media?parent=397050"}],"wp:term":[{"taxonomy":"category","embeddable":true,"href":"https:\/\/www.webdo.tn\/fr\/wp-json\/wp\/v2\/categories?post=397050"},{"taxonomy":"post_tag","embeddable":true,"href":"https:\/\/www.webdo.tn\/fr\/wp-json\/wp\/v2\/tags?post=397050"}],"curies":[{"name":"wp","href":"https:\/\/api.w.org\/{rel}","templated":true}]}}