{"id":397043,"date":"2026-04-29T14:17:14","date_gmt":"2026-04-29T13:17:14","guid":{"rendered":"https:\/\/www.webdo.tn\/fr\/?p=397043"},"modified":"2026-04-29T14:17:15","modified_gmt":"2026-04-29T13:17:15","slug":"fita-2026-la-tunisie-renforce-son-ancrage-africain-avec-une-serie-daccords-strategiques","status":"publish","type":"post","link":"https:\/\/www.webdo.tn\/fr\/actualite\/national\/fita-2026-la-tunisie-renforce-son-ancrage-africain-avec-une-serie-daccords-strategiques\/397043\/","title":{"rendered":"FITA 2026 : La Tunisie renforce son ancrage africain avec une s\u00e9rie d\u2019accords strat\u00e9giques"},"content":{"rendered":"\n<p><strong>A Tunis, la 9e \u00e9dition de la FITA 2026 a d\u00e9bouch\u00e9 sur la signature d\u2019une quinzaine d\u2019accords entre le Conseil d\u2019Affaires Tuniso-Africain et des partenaires africains. Au c\u0153ur de cette offensive \u00e9conomique : un m\u00e9gaprojet urbain en R\u00e9publique d\u00e9mocratique du Congo et une strat\u00e9gie claire d\u2019expansion des entreprises tunisiennes sur le continent.<\/strong><\/p>\n\n\n\n<h2 class=\"wp-block-heading\" id=\"h-kinshasa-au-centre-d-un-megaprojet-porte-par-l-expertise-tunisienne\">Kinshasa au centre d\u2019un m\u00e9gaprojet port\u00e9 par l\u2019expertise tunisienne<\/h2>\n\n\n\n<p>C\u2019est le fait marquant de cette \u00e9dition. Trois accords majeurs ont \u00e9t\u00e9 conclus avec la R\u00e9publique d\u00e9mocratique du Congo autour du projet d\u2019extension urbaine \u00ab Kiamona \u00bb, \u00e0 Kinshasa, sur pr\u00e8s de 43 000 hectares.<\/p>\n\n\n\n<p>Sign\u00e9s par Anis Jaziri et Thierry Katembwe Mbala, ces accords structurent une pr\u00e9sence tunisienne \u00e0 grande \u00e9chelle autour de trois axes :<\/p>\n\n\n\n<ul class=\"wp-block-list\">\n<li>un technoparc d\u00e9velopp\u00e9 par un consortium de 12 entreprises tunisiennes actives dans les infrastructures, l\u2019\u00e9nergie et l\u2019ing\u00e9nierie ;<\/li>\n<\/ul>\n\n\n\n<ul class=\"wp-block-list\">\n<li>\u00ab Novation City Kinshasa \u00bb, d\u00e9clinaison du mod\u00e8le de Novation City Sousse ;<\/li>\n<\/ul>\n\n\n\n<ul class=\"wp-block-list\">\n<li>un complexe textile int\u00e9grant production et formation.<\/li>\n<\/ul>\n\n\n\n<p>Estim\u00e9 \u00e0 pr\u00e8s de 100 millions d\u2019euros, ce dispositif vise \u00e0 exporter le savoir-faire tunisien tout en participant \u00e0 la transformation industrielle locale.<\/p>\n\n\n\n<h2 class=\"wp-block-heading\" id=\"h-une-quinzaine-d-accords-pour-ouvrir-de-nouveaux-marches\">Une quinzaine d\u2019accords pour ouvrir de nouveaux march\u00e9s<\/h2>\n\n\n\n<p>Au-del\u00e0 de ce projet structurant, le Conseil d\u2019Affaires Tuniso-Africain a sign\u00e9 plusieurs conventions avec des chambres de commerce et organisations patronales africaines, notamment \u00e0 Madagascar.<\/p>\n\n\n\n<p>Objectif affich\u00e9 : faciliter l\u2019acc\u00e8s des entreprises tunisiennes aux march\u00e9s africains, renforcer leur pr\u00e9sence sur le terrain et stimuler les exportations. Cette dynamique s\u2019inscrit dans une strat\u00e9gie plus large d\u2019int\u00e9gration \u00e9conomique avec le continent.<\/p>\n\n\n\n<p>Dans le m\u00eame esprit, un partenariat a \u00e9t\u00e9 conclu avec Carousel Finance afin de soutenir le financement des projets tunisiens en Afrique, souvent confront\u00e9s \u00e0 des contraintes d\u2019acc\u00e8s aux capitaux.<\/p>\n\n\n\n<h2 class=\"wp-block-heading\" id=\"h-fita-vitrine-d-une-strategie-economique-offensive\">FITA, vitrine d\u2019une strat\u00e9gie \u00e9conomique offensive<\/h2>\n\n\n\n<p>Plac\u00e9e sous le th\u00e8me des cha\u00eenes de valeur africaines, la FITA 2026 met en avant les leviers n\u00e9cessaires \u00e0 la transformation industrielle du continent : financement, int\u00e9gration r\u00e9gionale et mont\u00e9e en gamme des \u00e9conomies.<\/p>\n\n\n\n<p>L\u2019\u00e9v\u00e9nement rassemble d\u00e9cideurs publics, institutions financi\u00e8res et acteurs priv\u00e9s autour d\u2019un objectif commun : faire de l\u2019Afrique un espace d\u2019opportunit\u00e9s structur\u00e9es et durables.<\/p>\n\n\n\n<p>Cette \u00e9dition met \u00e0 l\u2019honneur la Guin\u00e9e comme invit\u00e9 africain et le Canada comme partenaire international. Un positionnement qui illustre la volont\u00e9 de la Tunisie de jouer un r\u00f4le de passerelle entre les dynamiques Sud-Sud et les partenariats globaux.<\/p>\n\n\n\n<blockquote class=\"wp-block-quote is-layout-flow wp-block-quote-is-layout-flow\">\n<ul class=\"wp-block-list\">\n<li class=\"has-medium-font-size\"><strong>Lire aussi :<\/strong> <a href=\"https:\/\/www.webdo.tn\/fr\/actualite\/national\/tunisie-investir-afrique-tabc\/156348\/\">Tunisie : Investir en Afrique avec le TABC<\/a><\/li>\n<\/ul>\n<\/blockquote>\n","protected":false},"excerpt":{"rendered":"<p>A Tunis, la 9e \u00e9dition de la FITA 2026 a d\u00e9bouch\u00e9 sur la signature d\u2019une quinzaine d\u2019accords entre le Conseil d\u2019Affaires Tuniso-Africain et des partenaires africains. Au c\u0153ur de cette offensive \u00e9conomique : un m\u00e9gaprojet urbain en R\u00e9publique d\u00e9mocratique du Congo et une strat\u00e9gie claire d\u2019expansion des entreprises tunisiennes sur le continent. Kinshasa au centre [&hellip;]<\/p>\n","protected":false},"author":4782,"featured_media":397044,"comment_status":"closed","ping_status":"closed","sticky":false,"template":"","format":"standard","meta":{"footnotes":""},"categories":[44],"tags":[6662,3046,3640,2608],"class_list":["post-397043","post","type-post","status-publish","format-standard","has-post-thumbnail","hentry","category-national","tag-accords","tag-afrique","tag-echanges-commerciaux","tag-tunisie"],"yoast_head":"<!-- This site is optimized with the Yoast SEO Premium plugin v27.4 (Yoast SEO v27.5) - https:\/\/yoast.com\/product\/yoast-seo-premium-wordpress\/ -->\n<title>FITA 2026 : La Tunisie renforce son ancrage africain avec une s\u00e9rie d\u2019accords strat\u00e9giques - webdo<\/title>\n<meta name=\"description\" content=\"D\u00e9couvrez les accords conclus lors de la FITA 2026 \u00e0 Tunis, favorisant l&#039;expansion des entreprises tunisiennes en Afrique.\" \/>\n<link rel=\"canonical\" href=\"https:\/\/www.webdo.tn\/fr\/actualite\/national\/fita-2026-la-tunisie-renforce-son-ancrage-africain-avec-une-serie-daccords-strategiques\/397043\/\" \/>\n<meta property=\"og:locale\" content=\"fr_FR\" \/>\n<meta property=\"og:type\" content=\"article\" \/>\n<meta property=\"og:title\" content=\"FITA 2026 : La Tunisie renforce son ancrage africain avec une s\u00e9rie d\u2019accords strat\u00e9giques\" \/>\n<meta property=\"og:description\" content=\"D\u00e9couvrez les accords conclus lors de la FITA 2026 \u00e0 Tunis, favorisant l&#039;expansion des entreprises tunisiennes en Afrique.\" \/>\n<meta property=\"og:url\" content=\"https:\/\/www.webdo.tn\/fr\/actualite\/national\/fita-2026-la-tunisie-renforce-son-ancrage-africain-avec-une-serie-daccords-strategiques\/397043\/\" \/>\n<meta property=\"og:site_name\" content=\"webdo\" \/>\n<meta property=\"article:publisher\" content=\"https:\/\/www.facebook.com\/webdotn\" \/>\n<meta property=\"article:published_time\" content=\"2026-04-29T13:17:14+00:00\" \/>\n<meta property=\"article:modified_time\" content=\"2026-04-29T13:17:15+00:00\" \/>\n<meta property=\"og:image\" content=\"https:\/\/www.webdo.tn\/fr\/wp-content\/uploads\/2026\/04\/TABC.jpg\" \/>\n\t<meta property=\"og:image:width\" content=\"1200\" \/>\n\t<meta property=\"og:image:height\" content=\"601\" \/>\n\t<meta property=\"og:image:type\" content=\"image\/jpeg\" \/>\n<meta name=\"author\" content=\"Mohamed Fethi\" \/>\n<meta name=\"twitter:card\" content=\"summary_large_image\" \/>\n<meta name=\"twitter:creator\" content=\"@webdo_tn\" \/>\n<meta name=\"twitter:site\" content=\"@webdo_tn\" \/>\n<meta name=\"twitter:label1\" content=\"\u00c9crit par\" \/>\n\t<meta name=\"twitter:data1\" content=\"Mohamed Fethi\" \/>\n\t<meta name=\"twitter:label2\" content=\"Dur\u00e9e de lecture estim\u00e9e\" \/>\n\t<meta name=\"twitter:data2\" content=\"3 minutes\" \/>\n<script type=\"application\/ld+json\" class=\"yoast-schema-graph\">{\"@context\":\"https:\\\/\\\/schema.org\",\"@graph\":[{\"@type\":\"NewsArticle\",\"@id\":\"https:\\\/\\\/www.webdo.tn\\\/fr\\\/actualite\\\/national\\\/fita-2026-la-tunisie-renforce-son-ancrage-africain-avec-une-serie-daccords-strategiques\\\/397043\\\/#article\",\"isPartOf\":{\"@id\":\"https:\\\/\\\/www.webdo.tn\\\/fr\\\/actualite\\\/national\\\/fita-2026-la-tunisie-renforce-son-ancrage-africain-avec-une-serie-daccords-strategiques\\\/397043\\\/\"},\"author\":{\"name\":\"Mohamed Fethi\",\"@id\":\"https:\\\/\\\/www.webdo.tn\\\/fr\\\/#\\\/schema\\\/person\\\/16a4857e77dfc0b610c4c2cadffc9ac4\"},\"headline\":\"FITA 2026 : La Tunisie renforce son ancrage africain avec une s\u00e9rie d\u2019accords strat\u00e9giques\",\"datePublished\":\"2026-04-29T13:17:14+00:00\",\"dateModified\":\"2026-04-29T13:17:15+00:00\",\"mainEntityOfPage\":{\"@id\":\"https:\\\/\\\/www.webdo.tn\\\/fr\\\/actualite\\\/national\\\/fita-2026-la-tunisie-renforce-son-ancrage-africain-avec-une-serie-daccords-strategiques\\\/397043\\\/\"},\"wordCount\":442,\"publisher\":{\"@id\":\"https:\\\/\\\/www.webdo.tn\\\/fr\\\/#organization\"},\"image\":{\"@id\":\"https:\\\/\\\/www.webdo.tn\\\/fr\\\/actualite\\\/national\\\/fita-2026-la-tunisie-renforce-son-ancrage-africain-avec-une-serie-daccords-strategiques\\\/397043\\\/#primaryimage\"},\"thumbnailUrl\":\"https:\\\/\\\/www.webdo.tn\\\/fr\\\/wp-content\\\/uploads\\\/2026\\\/04\\\/TABC.jpg\",\"keywords\":[\"accords\",\"Afrique\",\"\u00e9changes commerciaux\",\"Tunisie\"],\"articleSection\":[\"National\"],\"inLanguage\":\"fr-FR\"},{\"@type\":\"WebPage\",\"@id\":\"https:\\\/\\\/www.webdo.tn\\\/fr\\\/actualite\\\/national\\\/fita-2026-la-tunisie-renforce-son-ancrage-africain-avec-une-serie-daccords-strategiques\\\/397043\\\/\",\"url\":\"https:\\\/\\\/www.webdo.tn\\\/fr\\\/actualite\\\/national\\\/fita-2026-la-tunisie-renforce-son-ancrage-africain-avec-une-serie-daccords-strategiques\\\/397043\\\/\",\"name\":\"FITA 2026 : La Tunisie renforce son ancrage africain avec une s\u00e9rie d\u2019accords strat\u00e9giques - webdo\",\"isPartOf\":{\"@id\":\"https:\\\/\\\/www.webdo.tn\\\/fr\\\/#website\"},\"primaryImageOfPage\":{\"@id\":\"https:\\\/\\\/www.webdo.tn\\\/fr\\\/actualite\\\/national\\\/fita-2026-la-tunisie-renforce-son-ancrage-africain-avec-une-serie-daccords-strategiques\\\/397043\\\/#primaryimage\"},\"image\":{\"@id\":\"https:\\\/\\\/www.webdo.tn\\\/fr\\\/actualite\\\/national\\\/fita-2026-la-tunisie-renforce-son-ancrage-africain-avec-une-serie-daccords-strategiques\\\/397043\\\/#primaryimage\"},\"thumbnailUrl\":\"https:\\\/\\\/www.webdo.tn\\\/fr\\\/wp-content\\\/uploads\\\/2026\\\/04\\\/TABC.jpg\",\"datePublished\":\"2026-04-29T13:17:14+00:00\",\"dateModified\":\"2026-04-29T13:17:15+00:00\",\"description\":\"D\u00e9couvrez les accords conclus lors de la FITA 2026 \u00e0 Tunis, favorisant l'expansion des entreprises tunisiennes en Afrique.\",\"breadcrumb\":{\"@id\":\"https:\\\/\\\/www.webdo.tn\\\/fr\\\/actualite\\\/national\\\/fita-2026-la-tunisie-renforce-son-ancrage-africain-avec-une-serie-daccords-strategiques\\\/397043\\\/#breadcrumb\"},\"inLanguage\":\"fr-FR\",\"potentialAction\":[{\"@type\":\"ReadAction\",\"target\":[\"https:\\\/\\\/www.webdo.tn\\\/fr\\\/actualite\\\/national\\\/fita-2026-la-tunisie-renforce-son-ancrage-africain-avec-une-serie-daccords-strategiques\\\/397043\\\/\"]}]},{\"@type\":\"ImageObject\",\"inLanguage\":\"fr-FR\",\"@id\":\"https:\\\/\\\/www.webdo.tn\\\/fr\\\/actualite\\\/national\\\/fita-2026-la-tunisie-renforce-son-ancrage-africain-avec-une-serie-daccords-strategiques\\\/397043\\\/#primaryimage\",\"url\":\"https:\\\/\\\/www.webdo.tn\\\/fr\\\/wp-content\\\/uploads\\\/2026\\\/04\\\/TABC.jpg\",\"contentUrl\":\"https:\\\/\\\/www.webdo.tn\\\/fr\\\/wp-content\\\/uploads\\\/2026\\\/04\\\/TABC.jpg\",\"width\":1200,\"height\":601,\"caption\":\"FITA 2026 : La Tunisie renforce son ancrage africain avec une s\u00e9rie d\u2019accords strat\u00e9giques\"},{\"@type\":\"BreadcrumbList\",\"@id\":\"https:\\\/\\\/www.webdo.tn\\\/fr\\\/actualite\\\/national\\\/fita-2026-la-tunisie-renforce-son-ancrage-africain-avec-une-serie-daccords-strategiques\\\/397043\\\/#breadcrumb\",\"itemListElement\":[{\"@type\":\"ListItem\",\"position\":1,\"name\":\"Accueil\",\"item\":\"https:\\\/\\\/www.webdo.tn\\\/fr\\\/\"},{\"@type\":\"ListItem\",\"position\":2,\"name\":\"FITA 2026 : La Tunisie renforce son ancrage africain avec une s\u00e9rie d\u2019accords strat\u00e9giques\"}]},{\"@type\":\"WebSite\",\"@id\":\"https:\\\/\\\/www.webdo.tn\\\/fr\\\/#website\",\"url\":\"https:\\\/\\\/www.webdo.tn\\\/fr\\\/\",\"name\":\"webdo\",\"description\":\"Tunisie - News en Tunisie et \u00e0 l&#039;international sur Webdo.tn\",\"publisher\":{\"@id\":\"https:\\\/\\\/www.webdo.tn\\\/fr\\\/#organization\"},\"potentialAction\":[{\"@type\":\"SearchAction\",\"target\":{\"@type\":\"EntryPoint\",\"urlTemplate\":\"https:\\\/\\\/www.webdo.tn\\\/fr\\\/?s={search_term_string}\"},\"query-input\":{\"@type\":\"PropertyValueSpecification\",\"valueRequired\":true,\"valueName\":\"search_term_string\"}}],\"inLanguage\":\"fr-FR\"},{\"@type\":\"Organization\",\"@id\":\"https:\\\/\\\/www.webdo.tn\\\/fr\\\/#organization\",\"name\":\"Webdo\",\"alternateName\":\"Webdo.tn\",\"url\":\"https:\\\/\\\/www.webdo.tn\\\/fr\\\/\",\"logo\":{\"@type\":\"ImageObject\",\"inLanguage\":\"fr-FR\",\"@id\":\"https:\\\/\\\/www.webdo.tn\\\/fr\\\/#\\\/schema\\\/logo\\\/image\\\/\",\"url\":\"https:\\\/\\\/www.webdo.tn\\\/fr\\\/wp-content\\\/uploads\\\/2025\\\/06\\\/Webdo-Tunisie_168377.jpg\",\"contentUrl\":\"https:\\\/\\\/www.webdo.tn\\\/fr\\\/wp-content\\\/uploads\\\/2025\\\/06\\\/Webdo-Tunisie_168377.jpg\",\"width\":301,\"height\":301,\"caption\":\"Webdo\"},\"image\":{\"@id\":\"https:\\\/\\\/www.webdo.tn\\\/fr\\\/#\\\/schema\\\/logo\\\/image\\\/\"},\"sameAs\":[\"https:\\\/\\\/www.facebook.com\\\/webdotn\",\"https:\\\/\\\/x.com\\\/webdo_tn\"],\"description\":\"Webdo est un m\u00e9dia num\u00e9rique tunisien fond\u00e9 en 2010, sp\u00e9cialis\u00e9 dans l\u2019actualit\u00e9 nationale et internationale, l\u2019\u00e9conomie, la soci\u00e9t\u00e9 et les analyses politiques. Le site s\u2019adresse \u00e0 un large public francophone et couvre l\u2019information tunisienne en temps r\u00e9el.\",\"email\":\"redac@webdo.tn\",\"legalName\":\"YNJ SARL\",\"foundingDate\":\"2010-09-06\",\"numberOfEmployees\":{\"@type\":\"QuantitativeValue\",\"minValue\":\"11\",\"maxValue\":\"50\"}},{\"@type\":\"Person\",\"@id\":\"https:\\\/\\\/www.webdo.tn\\\/fr\\\/#\\\/schema\\\/person\\\/16a4857e77dfc0b610c4c2cadffc9ac4\",\"name\":\"Mohamed Fethi\",\"image\":{\"@type\":\"ImageObject\",\"inLanguage\":\"fr-FR\",\"@id\":\"https:\\\/\\\/www.webdo.tn\\\/fr\\\/wp-content\\\/uploads\\\/2026\\\/04\\\/mohamed-fethi_avatar_1-96x96.jpg\",\"url\":\"https:\\\/\\\/www.webdo.tn\\\/fr\\\/wp-content\\\/uploads\\\/2026\\\/04\\\/mohamed-fethi_avatar_1-96x96.jpg\",\"contentUrl\":\"https:\\\/\\\/www.webdo.tn\\\/fr\\\/wp-content\\\/uploads\\\/2026\\\/04\\\/mohamed-fethi_avatar_1-96x96.jpg\",\"caption\":\"Mohamed Fethi\"},\"description\":\"Signature \u00e9ditoriale de Maher Chaabane Mohamed Fethi est le pseudonyme \u00e9ditorial de Maher Chaabane, r\u00e9dacteur en chef de Webdo.tn depuis 2012. Cette signature est d\u00e9di\u00e9e au traitement intensif de l'actualit\u00e9 nationale et internationale en temps r\u00e9el. S'appuyant sur les deux d\u00e9cennies d'expertise journalistique de Maher Chaabane \u2014 d\u00e9but\u00e9e au sein du groupe Tunis Hebdo en 2000 \u2014 Mohamed Fethi assure une veille rigoureuse sur les enjeux politiques, \u00e9conomiques et sportifs. Sa mission est de garantir une information structur\u00e9e, fluide et fid\u00e8le aux standards de la r\u00e9daction. Pour consulter le parcours complet du r\u00e9dacteur en chef, visitez le profil officiel de Maher Chaabane.\",\"knowsAbout\":[\"actualit\u00e9\",\"journalisme\",\"information\",\"politique\",\"sport\",\"m\u00e9dias\",\"actualit\u00e9 internationale\"],\"knowsLanguage\":[\"Fran\u00e7ais\",\"Arabe\"],\"jobTitle\":\"Journaliste \u2013 R\u00e9daction Webdo\",\"worksFor\":\"Webdo.tn\",\"url\":\"https:\\\/\\\/www.webdo.tn\\\/fr\\\/actualite\\\/author\\\/mohamed-fethi\\\/\"}]}<\/script>\n<!-- \/ Yoast SEO Premium plugin. -->","yoast_head_json":{"title":"FITA 2026 : La Tunisie renforce son ancrage africain avec une s\u00e9rie d\u2019accords strat\u00e9giques - webdo","description":"D\u00e9couvrez les accords conclus lors de la FITA 2026 \u00e0 Tunis, favorisant l'expansion des entreprises tunisiennes en Afrique.","canonical":"https:\/\/www.webdo.tn\/fr\/actualite\/national\/fita-2026-la-tunisie-renforce-son-ancrage-africain-avec-une-serie-daccords-strategiques\/397043\/","og_locale":"fr_FR","og_type":"article","og_title":"FITA 2026 : La Tunisie renforce son ancrage africain avec une s\u00e9rie d\u2019accords strat\u00e9giques","og_description":"D\u00e9couvrez les accords conclus lors de la FITA 2026 \u00e0 Tunis, favorisant l'expansion des entreprises tunisiennes en Afrique.","og_url":"https:\/\/www.webdo.tn\/fr\/actualite\/national\/fita-2026-la-tunisie-renforce-son-ancrage-africain-avec-une-serie-daccords-strategiques\/397043\/","og_site_name":"webdo","article_publisher":"https:\/\/www.facebook.com\/webdotn","article_published_time":"2026-04-29T13:17:14+00:00","article_modified_time":"2026-04-29T13:17:15+00:00","og_image":[{"width":1200,"height":601,"url":"https:\/\/www.webdo.tn\/fr\/wp-content\/uploads\/2026\/04\/TABC.jpg","type":"image\/jpeg"}],"author":"Mohamed Fethi","twitter_card":"summary_large_image","twitter_creator":"@webdo_tn","twitter_site":"@webdo_tn","twitter_misc":{"\u00c9crit par":"Mohamed Fethi","Dur\u00e9e de lecture estim\u00e9e":"3 minutes"},"schema":{"@context":"https:\/\/schema.org","@graph":[{"@type":"NewsArticle","@id":"https:\/\/www.webdo.tn\/fr\/actualite\/national\/fita-2026-la-tunisie-renforce-son-ancrage-africain-avec-une-serie-daccords-strategiques\/397043\/#article","isPartOf":{"@id":"https:\/\/www.webdo.tn\/fr\/actualite\/national\/fita-2026-la-tunisie-renforce-son-ancrage-africain-avec-une-serie-daccords-strategiques\/397043\/"},"author":{"name":"Mohamed Fethi","@id":"https:\/\/www.webdo.tn\/fr\/#\/schema\/person\/16a4857e77dfc0b610c4c2cadffc9ac4"},"headline":"FITA 2026 : La Tunisie renforce son ancrage africain avec une s\u00e9rie d\u2019accords strat\u00e9giques","datePublished":"2026-04-29T13:17:14+00:00","dateModified":"2026-04-29T13:17:15+00:00","mainEntityOfPage":{"@id":"https:\/\/www.webdo.tn\/fr\/actualite\/national\/fita-2026-la-tunisie-renforce-son-ancrage-africain-avec-une-serie-daccords-strategiques\/397043\/"},"wordCount":442,"publisher":{"@id":"https:\/\/www.webdo.tn\/fr\/#organization"},"image":{"@id":"https:\/\/www.webdo.tn\/fr\/actualite\/national\/fita-2026-la-tunisie-renforce-son-ancrage-africain-avec-une-serie-daccords-strategiques\/397043\/#primaryimage"},"thumbnailUrl":"https:\/\/www.webdo.tn\/fr\/wp-content\/uploads\/2026\/04\/TABC.jpg","keywords":["accords","Afrique","\u00e9changes commerciaux","Tunisie"],"articleSection":["National"],"inLanguage":"fr-FR"},{"@type":"WebPage","@id":"https:\/\/www.webdo.tn\/fr\/actualite\/national\/fita-2026-la-tunisie-renforce-son-ancrage-africain-avec-une-serie-daccords-strategiques\/397043\/","url":"https:\/\/www.webdo.tn\/fr\/actualite\/national\/fita-2026-la-tunisie-renforce-son-ancrage-africain-avec-une-serie-daccords-strategiques\/397043\/","name":"FITA 2026 : La Tunisie renforce son ancrage africain avec une s\u00e9rie d\u2019accords strat\u00e9giques - webdo","isPartOf":{"@id":"https:\/\/www.webdo.tn\/fr\/#website"},"primaryImageOfPage":{"@id":"https:\/\/www.webdo.tn\/fr\/actualite\/national\/fita-2026-la-tunisie-renforce-son-ancrage-africain-avec-une-serie-daccords-strategiques\/397043\/#primaryimage"},"image":{"@id":"https:\/\/www.webdo.tn\/fr\/actualite\/national\/fita-2026-la-tunisie-renforce-son-ancrage-africain-avec-une-serie-daccords-strategiques\/397043\/#primaryimage"},"thumbnailUrl":"https:\/\/www.webdo.tn\/fr\/wp-content\/uploads\/2026\/04\/TABC.jpg","datePublished":"2026-04-29T13:17:14+00:00","dateModified":"2026-04-29T13:17:15+00:00","description":"D\u00e9couvrez les accords conclus lors de la FITA 2026 \u00e0 Tunis, favorisant l'expansion des entreprises tunisiennes en Afrique.","breadcrumb":{"@id":"https:\/\/www.webdo.tn\/fr\/actualite\/national\/fita-2026-la-tunisie-renforce-son-ancrage-africain-avec-une-serie-daccords-strategiques\/397043\/#breadcrumb"},"inLanguage":"fr-FR","potentialAction":[{"@type":"ReadAction","target":["https:\/\/www.webdo.tn\/fr\/actualite\/national\/fita-2026-la-tunisie-renforce-son-ancrage-africain-avec-une-serie-daccords-strategiques\/397043\/"]}]},{"@type":"ImageObject","inLanguage":"fr-FR","@id":"https:\/\/www.webdo.tn\/fr\/actualite\/national\/fita-2026-la-tunisie-renforce-son-ancrage-africain-avec-une-serie-daccords-strategiques\/397043\/#primaryimage","url":"https:\/\/www.webdo.tn\/fr\/wp-content\/uploads\/2026\/04\/TABC.jpg","contentUrl":"https:\/\/www.webdo.tn\/fr\/wp-content\/uploads\/2026\/04\/TABC.jpg","width":1200,"height":601,"caption":"FITA 2026 : La Tunisie renforce son ancrage africain avec une s\u00e9rie d\u2019accords strat\u00e9giques"},{"@type":"BreadcrumbList","@id":"https:\/\/www.webdo.tn\/fr\/actualite\/national\/fita-2026-la-tunisie-renforce-son-ancrage-africain-avec-une-serie-daccords-strategiques\/397043\/#breadcrumb","itemListElement":[{"@type":"ListItem","position":1,"name":"Accueil","item":"https:\/\/www.webdo.tn\/fr\/"},{"@type":"ListItem","position":2,"name":"FITA 2026 : La Tunisie renforce son ancrage africain avec une s\u00e9rie d\u2019accords strat\u00e9giques"}]},{"@type":"WebSite","@id":"https:\/\/www.webdo.tn\/fr\/#website","url":"https:\/\/www.webdo.tn\/fr\/","name":"webdo","description":"Tunisie - News en Tunisie et \u00e0 l&#039;international sur Webdo.tn","publisher":{"@id":"https:\/\/www.webdo.tn\/fr\/#organization"},"potentialAction":[{"@type":"SearchAction","target":{"@type":"EntryPoint","urlTemplate":"https:\/\/www.webdo.tn\/fr\/?s={search_term_string}"},"query-input":{"@type":"PropertyValueSpecification","valueRequired":true,"valueName":"search_term_string"}}],"inLanguage":"fr-FR"},{"@type":"Organization","@id":"https:\/\/www.webdo.tn\/fr\/#organization","name":"Webdo","alternateName":"Webdo.tn","url":"https:\/\/www.webdo.tn\/fr\/","logo":{"@type":"ImageObject","inLanguage":"fr-FR","@id":"https:\/\/www.webdo.tn\/fr\/#\/schema\/logo\/image\/","url":"https:\/\/www.webdo.tn\/fr\/wp-content\/uploads\/2025\/06\/Webdo-Tunisie_168377.jpg","contentUrl":"https:\/\/www.webdo.tn\/fr\/wp-content\/uploads\/2025\/06\/Webdo-Tunisie_168377.jpg","width":301,"height":301,"caption":"Webdo"},"image":{"@id":"https:\/\/www.webdo.tn\/fr\/#\/schema\/logo\/image\/"},"sameAs":["https:\/\/www.facebook.com\/webdotn","https:\/\/x.com\/webdo_tn"],"description":"Webdo est un m\u00e9dia num\u00e9rique tunisien fond\u00e9 en 2010, sp\u00e9cialis\u00e9 dans l\u2019actualit\u00e9 nationale et internationale, l\u2019\u00e9conomie, la soci\u00e9t\u00e9 et les analyses politiques. Le site s\u2019adresse \u00e0 un large public francophone et couvre l\u2019information tunisienne en temps r\u00e9el.","email":"redac@webdo.tn","legalName":"YNJ SARL","foundingDate":"2010-09-06","numberOfEmployees":{"@type":"QuantitativeValue","minValue":"11","maxValue":"50"}},{"@type":"Person","@id":"https:\/\/www.webdo.tn\/fr\/#\/schema\/person\/16a4857e77dfc0b610c4c2cadffc9ac4","name":"Mohamed Fethi","image":{"@type":"ImageObject","inLanguage":"fr-FR","@id":"https:\/\/www.webdo.tn\/fr\/wp-content\/uploads\/2026\/04\/mohamed-fethi_avatar_1-96x96.jpg","url":"https:\/\/www.webdo.tn\/fr\/wp-content\/uploads\/2026\/04\/mohamed-fethi_avatar_1-96x96.jpg","contentUrl":"https:\/\/www.webdo.tn\/fr\/wp-content\/uploads\/2026\/04\/mohamed-fethi_avatar_1-96x96.jpg","caption":"Mohamed Fethi"},"description":"Signature \u00e9ditoriale de Maher Chaabane Mohamed Fethi est le pseudonyme \u00e9ditorial de Maher Chaabane, r\u00e9dacteur en chef de Webdo.tn depuis 2012. Cette signature est d\u00e9di\u00e9e au traitement intensif de l'actualit\u00e9 nationale et internationale en temps r\u00e9el. S'appuyant sur les deux d\u00e9cennies d'expertise journalistique de Maher Chaabane \u2014 d\u00e9but\u00e9e au sein du groupe Tunis Hebdo en 2000 \u2014 Mohamed Fethi assure une veille rigoureuse sur les enjeux politiques, \u00e9conomiques et sportifs. Sa mission est de garantir une information structur\u00e9e, fluide et fid\u00e8le aux standards de la r\u00e9daction. Pour consulter le parcours complet du r\u00e9dacteur en chef, visitez le profil officiel de Maher Chaabane.","knowsAbout":["actualit\u00e9","journalisme","information","politique","sport","m\u00e9dias","actualit\u00e9 internationale"],"knowsLanguage":["Fran\u00e7ais","Arabe"],"jobTitle":"Journaliste \u2013 R\u00e9daction Webdo","worksFor":"Webdo.tn","url":"https:\/\/www.webdo.tn\/fr\/actualite\/author\/mohamed-fethi\/"}]}},"_links":{"self":[{"href":"https:\/\/www.webdo.tn\/fr\/wp-json\/wp\/v2\/posts\/397043","targetHints":{"allow":["GET"]}}],"collection":[{"href":"https:\/\/www.webdo.tn\/fr\/wp-json\/wp\/v2\/posts"}],"about":[{"href":"https:\/\/www.webdo.tn\/fr\/wp-json\/wp\/v2\/types\/post"}],"author":[{"embeddable":true,"href":"https:\/\/www.webdo.tn\/fr\/wp-json\/wp\/v2\/users\/4782"}],"replies":[{"embeddable":true,"href":"https:\/\/www.webdo.tn\/fr\/wp-json\/wp\/v2\/comments?post=397043"}],"version-history":[{"count":1,"href":"https:\/\/www.webdo.tn\/fr\/wp-json\/wp\/v2\/posts\/397043\/revisions"}],"predecessor-version":[{"id":397045,"href":"https:\/\/www.webdo.tn\/fr\/wp-json\/wp\/v2\/posts\/397043\/revisions\/397045"}],"wp:featuredmedia":[{"embeddable":true,"href":"https:\/\/www.webdo.tn\/fr\/wp-json\/wp\/v2\/media\/397044"}],"wp:attachment":[{"href":"https:\/\/www.webdo.tn\/fr\/wp-json\/wp\/v2\/media?parent=397043"}],"wp:term":[{"taxonomy":"category","embeddable":true,"href":"https:\/\/www.webdo.tn\/fr\/wp-json\/wp\/v2\/categories?post=397043"},{"taxonomy":"post_tag","embeddable":true,"href":"https:\/\/www.webdo.tn\/fr\/wp-json\/wp\/v2\/tags?post=397043"}],"curies":[{"name":"wp","href":"https:\/\/api.w.org\/{rel}","templated":true}]}}