{"id":397034,"date":"2026-04-29T16:46:53","date_gmt":"2026-04-29T15:46:53","guid":{"rendered":"https:\/\/www.webdo.tn\/fr\/?p=397034"},"modified":"2026-04-29T17:03:29","modified_gmt":"2026-04-29T16:03:29","slug":"classe-intelligente-une-nouvelle-etape-vers-lecole-numerique-en-tunisie","status":"publish","type":"post","link":"https:\/\/www.webdo.tn\/fr\/actualite\/national\/classe-intelligente-une-nouvelle-etape-vers-lecole-numerique-en-tunisie\/397034\/","title":{"rendered":"Classe intelligente : Une nouvelle \u00e9tape vers l\u2019\u00e9cole num\u00e9rique en Tunisie"},"content":{"rendered":"\n<p><strong>Pr\u00e9sent\u00e9e au Salon international du livre, la \u00ab classe intelligente \u00bb s\u2019inscrit dans une dynamique de transformation num\u00e9rique du syst\u00e8me \u00e9ducatif tunisien. Une exp\u00e9rimentation pilote qui ouvre la voie \u00e0 de nouveaux usages de l\u2019enseignement \u00e0 distance.<\/strong><\/p>\n\n\n\n<p>\u00c0 l\u2019occasion du Salon international du livre, le minist\u00e8re de l\u2019\u00c9ducation a pr\u00e9sent\u00e9 une d\u00e9monstration de \u00ab classe intelligente \u00bb, un dispositif pens\u00e9 pour accompagner la digitalisation de l\u2019\u00e9cole tunisienne.<\/p>\n\n\n\n<p>Bas\u00e9 sur une plateforme int\u00e9gr\u00e9e, le projet a \u00e9t\u00e9 illustr\u00e9 par une connexion en temps r\u00e9el avec un \u00e9tablissement scolaire \u00e0 Sidi Hassine, choisi comme cas pilote. Cette exp\u00e9rimentation permet d\u2019entrevoir les usages possibles de l\u2019enseignement \u00e0 distance \u00e0 plus grande \u00e9chelle.<\/p>\n\n\n\n<h2 class=\"wp-block-heading\" id=\"h-une-experience-pedagogique-interactive\">Une exp\u00e9rience p\u00e9dagogique interactive<\/h2>\n\n\n\n<p>La \u00ab classe intelligente \u00bb permet de suivre un cours en direct, d\u2019interagir avec l\u2019enseignant et d\u2019acc\u00e9der aux contenus p\u00e9dagogiques et aux \u00e9valuations via une interface unique.<\/p>\n\n\n\n<p>D\u00e9velopp\u00e9e notamment avec Tunisie Telecom, op\u00e9rateur national, cette plateforme s\u2019inscrit dans une logique de souverainet\u00e9 num\u00e9rique. Une approche assur\u00e9e par l\u2019op\u00e9rateur national, visant \u00e0 consolider la souverainet\u00e9 nationale en r\u00e9duisant la d\u00e9pendance \u00e0 des solutions externes.<\/p>\n\n\n\n<h2 class=\"wp-block-heading\" id=\"h-une-reponse-aux-nouveaux-besoins-educatifs\">Une r\u00e9ponse aux nouveaux besoins \u00e9ducatifs<\/h2>\n\n\n\n<p>Le dispositif vise \u00e0 renforcer la continuit\u00e9 p\u00e9dagogique, notamment pour les \u00e9l\u00e8ves emp\u00each\u00e9s de se d\u00e9placer, \u00e9loign\u00e9s des \u00e9tablissements scolaires ou confront\u00e9s \u00e0 des contraintes particuli\u00e8res.<\/p>\n\n\n\n<p>Il ouvre \u00e9galement des perspectives pour la communaut\u00e9 tunisienne \u00e0 l\u2019\u00e9tranger, qui peut suivre des cours en langue arabe \u00e0 distance.<\/p>\n\n\n\n<p>Cette initiative s\u2019appuie sur une infrastructure en cours de consolidation, avec plus de 3 000 \u00e9tablissements \u00e9ducatifs d\u00e9j\u00e0 connect\u00e9s \u00e0 des r\u00e9seaux \u00e0 haut d\u00e9bit.<\/p>\n\n\n\n<h2 class=\"wp-block-heading\" id=\"h-de-la-sante-a-l-education-une-meme-logique-de-digitalisation\">De la sant\u00e9 \u00e0 l\u2019\u00e9ducation, une m\u00eame logique de digitalisation<\/h2>\n\n\n\n<p>Cette exp\u00e9rimentation intervient dans le prolongement d\u2019initiatives similaires men\u00e9es dans d\u2019autres secteurs, notamment celui de la sant\u00e9, avec des projets d\u2019h\u00f4pital num\u00e9rique d\u00e9velopp\u00e9s en partenariat avec le minist\u00e8re de la Sant\u00e9.<\/p>\n\n\n\n<p>Apr\u00e8s la sant\u00e9, l\u2019\u00e9ducation appara\u00eet ainsi comme un nouveau terrain d\u2019application de la souverainet\u00e9 num\u00e9rique et de la modernisation des services publics.<\/p>\n\n\n\n<p>Pr\u00e9sent\u00e9e sous forme de d\u00e9monstration, la \u00ab classe intelligente \u00bb constitue une premi\u00e8re \u00e9tape avant un \u00e9ventuel d\u00e9ploiement plus large. Son succ\u00e8s d\u00e9pendra d\u00e9sormais de son int\u00e9gration r\u00e9elle dans les pratiques p\u00e9dagogiques, de l\u2019accompagnement des enseignants et de l\u2019acc\u00e8s effectif des \u00e9l\u00e8ves aux outils num\u00e9riques.<\/p>\n\n\n\n<blockquote class=\"wp-block-quote is-layout-flow wp-block-quote-is-layout-flow\">\n<blockquote class=\"wp-block-quote is-layout-flow wp-block-quote-is-layout-flow\">\n<p><strong>Lire aussi:<\/strong><\/p>\n\n\n\n<ul class=\"wp-block-list\">\n<li class=\"has-medium-font-size\"><a href=\"https:\/\/www.webdo.tn\/fr\/actualite\/national\/sante-publique-tunisie-telecom-au-coeur-de-lacceleration-du-virage-numerique\/392905\/\">Sant\u00e9 publique : Tunisie Telecom au c\u0153ur de l\u2019acc\u00e9l\u00e9ration du virage num\u00e9rique<\/a><\/li>\n\n\n\n<li class=\"has-medium-font-size\"><a href=\"https:\/\/www.webdo.tn\/fr\/actualite\/national\/les-hopitaux-passent-au-digital-la-sante-tunisienne-entre-dans-lere-2-0\/383277\/\">Les h\u00f4pitaux passent au digital : La sant\u00e9 tunisienne entre dans l\u2019\u00e8re 2.0 ?<\/a><\/li>\n<\/ul>\n<\/blockquote>\n<\/blockquote>\n\n\n\n<p><\/p>\n","protected":false},"excerpt":{"rendered":"<p>Pr\u00e9sent\u00e9e au Salon international du livre, la \u00ab classe intelligente \u00bb s\u2019inscrit dans une dynamique de transformation num\u00e9rique du syst\u00e8me \u00e9ducatif tunisien. Une exp\u00e9rimentation pilote qui ouvre la voie \u00e0 de nouveaux usages de l\u2019enseignement \u00e0 distance. \u00c0 l\u2019occasion du Salon international du livre, le minist\u00e8re de l\u2019\u00c9ducation a pr\u00e9sent\u00e9 une d\u00e9monstration de \u00ab classe [&hellip;]<\/p>\n","protected":false},"author":3203,"featured_media":397036,"comment_status":"closed","ping_status":"closed","sticky":false,"template":"","format":"standard","meta":{"footnotes":""},"categories":[44],"tags":[6436,2931],"class_list":["post-397034","post","type-post","status-publish","format-standard","has-post-thumbnail","hentry","category-national","tag-classe-intelligente","tag-tunisie-telecom"],"yoast_head":"<!-- This site is optimized with the Yoast SEO Premium plugin v27.5 (Yoast SEO v27.5) - https:\/\/yoast.com\/product\/yoast-seo-premium-wordpress\/ -->\n<title>Classe intelligente : Une nouvelle \u00e9tape vers l\u2019\u00e9cole num\u00e9rique en Tunisie - webdo<\/title>\n<meta name=\"description\" content=\"La \u00ab classe intelligente \u00bb de Tunisie Telecom au Salon du livre offre de nouvelles opportunit\u00e9s pour l&#039;\u00e9ducation num\u00e9rique en direct.\" \/>\n<link rel=\"canonical\" href=\"https:\/\/www.webdo.tn\/fr\/actualite\/national\/classe-intelligente-une-nouvelle-etape-vers-lecole-numerique-en-tunisie\/397034\/\" \/>\n<meta property=\"og:locale\" content=\"fr_FR\" \/>\n<meta property=\"og:type\" content=\"article\" \/>\n<meta property=\"og:title\" content=\"Classe intelligente : Une nouvelle \u00e9tape vers l\u2019\u00e9cole num\u00e9rique en Tunisie\" \/>\n<meta property=\"og:description\" content=\"La \u00ab classe intelligente \u00bb de Tunisie Telecom au Salon du livre offre de nouvelles opportunit\u00e9s pour l&#039;\u00e9ducation num\u00e9rique en direct.\" \/>\n<meta property=\"og:url\" content=\"https:\/\/www.webdo.tn\/fr\/actualite\/national\/classe-intelligente-une-nouvelle-etape-vers-lecole-numerique-en-tunisie\/397034\/\" \/>\n<meta property=\"og:site_name\" content=\"webdo\" \/>\n<meta property=\"article:publisher\" content=\"https:\/\/www.facebook.com\/webdotn\" \/>\n<meta property=\"article:published_time\" content=\"2026-04-29T15:46:53+00:00\" \/>\n<meta property=\"article:modified_time\" content=\"2026-04-29T16:03:29+00:00\" \/>\n<meta property=\"og:image\" content=\"https:\/\/www.webdo.tn\/fr\/wp-content\/uploads\/2026\/04\/classe-numerique.jpg\" \/>\n\t<meta property=\"og:image:width\" content=\"1225\" \/>\n\t<meta property=\"og:image:height\" content=\"600\" \/>\n\t<meta property=\"og:image:type\" content=\"image\/jpeg\" \/>\n<meta name=\"author\" content=\"Ramzi Haddad\" \/>\n<meta name=\"twitter:card\" content=\"summary_large_image\" \/>\n<meta name=\"twitter:creator\" content=\"@webdo_tn\" \/>\n<meta name=\"twitter:site\" content=\"@webdo_tn\" \/>\n<meta name=\"twitter:label1\" content=\"\u00c9crit par\" \/>\n\t<meta name=\"twitter:data1\" content=\"Ramzi Haddad\" \/>\n\t<meta name=\"twitter:label2\" content=\"Dur\u00e9e de lecture estim\u00e9e\" \/>\n\t<meta name=\"twitter:data2\" content=\"3 minutes\" \/>\n<script type=\"application\/ld+json\" class=\"yoast-schema-graph\">{\"@context\":\"https:\\\/\\\/schema.org\",\"@graph\":[{\"@type\":\"NewsArticle\",\"@id\":\"https:\\\/\\\/www.webdo.tn\\\/fr\\\/actualite\\\/national\\\/classe-intelligente-une-nouvelle-etape-vers-lecole-numerique-en-tunisie\\\/397034\\\/#article\",\"isPartOf\":{\"@id\":\"https:\\\/\\\/www.webdo.tn\\\/fr\\\/actualite\\\/national\\\/classe-intelligente-une-nouvelle-etape-vers-lecole-numerique-en-tunisie\\\/397034\\\/\"},\"author\":{\"name\":\"Ramzi Haddad\",\"@id\":\"https:\\\/\\\/www.webdo.tn\\\/fr\\\/#\\\/schema\\\/person\\\/5663044c25eb36d8f88ba5b653f12f8c\"},\"headline\":\"Classe intelligente : Une nouvelle \u00e9tape vers l\u2019\u00e9cole num\u00e9rique en Tunisie\",\"datePublished\":\"2026-04-29T15:46:53+00:00\",\"dateModified\":\"2026-04-29T16:03:29+00:00\",\"mainEntityOfPage\":{\"@id\":\"https:\\\/\\\/www.webdo.tn\\\/fr\\\/actualite\\\/national\\\/classe-intelligente-une-nouvelle-etape-vers-lecole-numerique-en-tunisie\\\/397034\\\/\"},\"wordCount\":464,\"publisher\":{\"@id\":\"https:\\\/\\\/www.webdo.tn\\\/fr\\\/#organization\"},\"image\":{\"@id\":\"https:\\\/\\\/www.webdo.tn\\\/fr\\\/actualite\\\/national\\\/classe-intelligente-une-nouvelle-etape-vers-lecole-numerique-en-tunisie\\\/397034\\\/#primaryimage\"},\"thumbnailUrl\":\"https:\\\/\\\/www.webdo.tn\\\/fr\\\/wp-content\\\/uploads\\\/2026\\\/04\\\/classe-numerique.jpg\",\"keywords\":[\"classe intelligente\",\"Tunisie Telecom\"],\"articleSection\":[\"National\"],\"inLanguage\":\"fr-FR\"},{\"@type\":\"WebPage\",\"@id\":\"https:\\\/\\\/www.webdo.tn\\\/fr\\\/actualite\\\/national\\\/classe-intelligente-une-nouvelle-etape-vers-lecole-numerique-en-tunisie\\\/397034\\\/\",\"url\":\"https:\\\/\\\/www.webdo.tn\\\/fr\\\/actualite\\\/national\\\/classe-intelligente-une-nouvelle-etape-vers-lecole-numerique-en-tunisie\\\/397034\\\/\",\"name\":\"Classe intelligente : Une nouvelle \u00e9tape vers l\u2019\u00e9cole num\u00e9rique en Tunisie - webdo\",\"isPartOf\":{\"@id\":\"https:\\\/\\\/www.webdo.tn\\\/fr\\\/#website\"},\"primaryImageOfPage\":{\"@id\":\"https:\\\/\\\/www.webdo.tn\\\/fr\\\/actualite\\\/national\\\/classe-intelligente-une-nouvelle-etape-vers-lecole-numerique-en-tunisie\\\/397034\\\/#primaryimage\"},\"image\":{\"@id\":\"https:\\\/\\\/www.webdo.tn\\\/fr\\\/actualite\\\/national\\\/classe-intelligente-une-nouvelle-etape-vers-lecole-numerique-en-tunisie\\\/397034\\\/#primaryimage\"},\"thumbnailUrl\":\"https:\\\/\\\/www.webdo.tn\\\/fr\\\/wp-content\\\/uploads\\\/2026\\\/04\\\/classe-numerique.jpg\",\"datePublished\":\"2026-04-29T15:46:53+00:00\",\"dateModified\":\"2026-04-29T16:03:29+00:00\",\"description\":\"La \u00ab classe intelligente \u00bb de Tunisie Telecom au Salon du livre offre de nouvelles opportunit\u00e9s pour l'\u00e9ducation num\u00e9rique en direct.\",\"breadcrumb\":{\"@id\":\"https:\\\/\\\/www.webdo.tn\\\/fr\\\/actualite\\\/national\\\/classe-intelligente-une-nouvelle-etape-vers-lecole-numerique-en-tunisie\\\/397034\\\/#breadcrumb\"},\"inLanguage\":\"fr-FR\",\"potentialAction\":[{\"@type\":\"ReadAction\",\"target\":[\"https:\\\/\\\/www.webdo.tn\\\/fr\\\/actualite\\\/national\\\/classe-intelligente-une-nouvelle-etape-vers-lecole-numerique-en-tunisie\\\/397034\\\/\"]}]},{\"@type\":\"ImageObject\",\"inLanguage\":\"fr-FR\",\"@id\":\"https:\\\/\\\/www.webdo.tn\\\/fr\\\/actualite\\\/national\\\/classe-intelligente-une-nouvelle-etape-vers-lecole-numerique-en-tunisie\\\/397034\\\/#primaryimage\",\"url\":\"https:\\\/\\\/www.webdo.tn\\\/fr\\\/wp-content\\\/uploads\\\/2026\\\/04\\\/classe-numerique.jpg\",\"contentUrl\":\"https:\\\/\\\/www.webdo.tn\\\/fr\\\/wp-content\\\/uploads\\\/2026\\\/04\\\/classe-numerique.jpg\",\"width\":1225,\"height\":600,\"caption\":\"D\u00e9monstration de la \u00ab classe intelligente \u00bb lors du Salon international du livre.\"},{\"@type\":\"BreadcrumbList\",\"@id\":\"https:\\\/\\\/www.webdo.tn\\\/fr\\\/actualite\\\/national\\\/classe-intelligente-une-nouvelle-etape-vers-lecole-numerique-en-tunisie\\\/397034\\\/#breadcrumb\",\"itemListElement\":[{\"@type\":\"ListItem\",\"position\":1,\"name\":\"Accueil\",\"item\":\"https:\\\/\\\/www.webdo.tn\\\/fr\\\/\"},{\"@type\":\"ListItem\",\"position\":2,\"name\":\"Classe intelligente : Une nouvelle \u00e9tape vers l\u2019\u00e9cole num\u00e9rique en Tunisie\"}]},{\"@type\":\"WebSite\",\"@id\":\"https:\\\/\\\/www.webdo.tn\\\/fr\\\/#website\",\"url\":\"https:\\\/\\\/www.webdo.tn\\\/fr\\\/\",\"name\":\"webdo\",\"description\":\"Tunisie - News en Tunisie et \u00e0 l&#039;international sur Webdo.tn\",\"publisher\":{\"@id\":\"https:\\\/\\\/www.webdo.tn\\\/fr\\\/#organization\"},\"potentialAction\":[{\"@type\":\"SearchAction\",\"target\":{\"@type\":\"EntryPoint\",\"urlTemplate\":\"https:\\\/\\\/www.webdo.tn\\\/fr\\\/?s={search_term_string}\"},\"query-input\":{\"@type\":\"PropertyValueSpecification\",\"valueRequired\":true,\"valueName\":\"search_term_string\"}}],\"inLanguage\":\"fr-FR\"},{\"@type\":\"Organization\",\"@id\":\"https:\\\/\\\/www.webdo.tn\\\/fr\\\/#organization\",\"name\":\"Webdo\",\"alternateName\":\"Webdo.tn\",\"url\":\"https:\\\/\\\/www.webdo.tn\\\/fr\\\/\",\"logo\":{\"@type\":\"ImageObject\",\"inLanguage\":\"fr-FR\",\"@id\":\"https:\\\/\\\/www.webdo.tn\\\/fr\\\/#\\\/schema\\\/logo\\\/image\\\/\",\"url\":\"https:\\\/\\\/www.webdo.tn\\\/fr\\\/wp-content\\\/uploads\\\/2025\\\/06\\\/Webdo-Tunisie_168377.jpg\",\"contentUrl\":\"https:\\\/\\\/www.webdo.tn\\\/fr\\\/wp-content\\\/uploads\\\/2025\\\/06\\\/Webdo-Tunisie_168377.jpg\",\"width\":301,\"height\":301,\"caption\":\"Webdo\"},\"image\":{\"@id\":\"https:\\\/\\\/www.webdo.tn\\\/fr\\\/#\\\/schema\\\/logo\\\/image\\\/\"},\"sameAs\":[\"https:\\\/\\\/www.facebook.com\\\/webdotn\",\"https:\\\/\\\/x.com\\\/webdo_tn\"],\"description\":\"Webdo est un m\u00e9dia num\u00e9rique tunisien fond\u00e9 en 2010, sp\u00e9cialis\u00e9 dans l\u2019actualit\u00e9 nationale et internationale, l\u2019\u00e9conomie, la soci\u00e9t\u00e9 et les analyses politiques. Le site s\u2019adresse \u00e0 un large public francophone et couvre l\u2019information tunisienne en temps r\u00e9el.\",\"email\":\"redac@webdo.tn\",\"legalName\":\"YNJ SARL\",\"foundingDate\":\"2010-09-06\",\"numberOfEmployees\":{\"@type\":\"QuantitativeValue\",\"minValue\":\"11\",\"maxValue\":\"50\"}},{\"@type\":\"Person\",\"@id\":\"https:\\\/\\\/www.webdo.tn\\\/fr\\\/#\\\/schema\\\/person\\\/5663044c25eb36d8f88ba5b653f12f8c\",\"name\":\"Ramzi Haddad\",\"image\":{\"@type\":\"ImageObject\",\"inLanguage\":\"fr-FR\",\"@id\":\"https:\\\/\\\/www.webdo.tn\\\/fr\\\/wp-content\\\/uploads\\\/2026\\\/04\\\/ramzi-haddad_avatar-96x96.jpg\",\"url\":\"https:\\\/\\\/www.webdo.tn\\\/fr\\\/wp-content\\\/uploads\\\/2026\\\/04\\\/ramzi-haddad_avatar-96x96.jpg\",\"contentUrl\":\"https:\\\/\\\/www.webdo.tn\\\/fr\\\/wp-content\\\/uploads\\\/2026\\\/04\\\/ramzi-haddad_avatar-96x96.jpg\",\"caption\":\"Ramzi Haddad\"},\"description\":\"Signature \u00e9ditoriale de Walid Ben Youssef Ramzi Haddad est le pseudonyme \u00e9ditorial de Walid Ben Youssef, fondateur et g\u00e9rant de Webdo.tn. Cette signature est d\u00e9di\u00e9e \u00e0 la couverture de l'actualit\u00e9 nationale et internationale, ainsi qu'aux analyses des dynamiques num\u00e9riques. Ce profil b\u00e9n\u00e9ficie de l'expertise de Walid Ben Youssef, pionnier du web en Tunisie depuis 2000 et dipl\u00f4m\u00e9 en Math\u00e9matiques pures de l'Universit\u00e9 d'Oregon. \u00c0 travers cette signature, la r\u00e9daction de Webdo garantit une information structur\u00e9e et v\u00e9rifi\u00e9e, fid\u00e8le aux standards journalistiques du m\u00e9dia.\",\"url\":\"https:\\\/\\\/www.webdo.tn\\\/fr\\\/actualite\\\/author\\\/ramzi-haddad\\\/\"}]}<\/script>\n<!-- \/ Yoast SEO Premium plugin. -->","yoast_head_json":{"title":"Classe intelligente : Une nouvelle \u00e9tape vers l\u2019\u00e9cole num\u00e9rique en Tunisie - webdo","description":"La \u00ab classe intelligente \u00bb de Tunisie Telecom au Salon du livre offre de nouvelles opportunit\u00e9s pour l'\u00e9ducation num\u00e9rique en direct.","canonical":"https:\/\/www.webdo.tn\/fr\/actualite\/national\/classe-intelligente-une-nouvelle-etape-vers-lecole-numerique-en-tunisie\/397034\/","og_locale":"fr_FR","og_type":"article","og_title":"Classe intelligente : Une nouvelle \u00e9tape vers l\u2019\u00e9cole num\u00e9rique en Tunisie","og_description":"La \u00ab classe intelligente \u00bb de Tunisie Telecom au Salon du livre offre de nouvelles opportunit\u00e9s pour l'\u00e9ducation num\u00e9rique en direct.","og_url":"https:\/\/www.webdo.tn\/fr\/actualite\/national\/classe-intelligente-une-nouvelle-etape-vers-lecole-numerique-en-tunisie\/397034\/","og_site_name":"webdo","article_publisher":"https:\/\/www.facebook.com\/webdotn","article_published_time":"2026-04-29T15:46:53+00:00","article_modified_time":"2026-04-29T16:03:29+00:00","og_image":[{"width":1225,"height":600,"url":"https:\/\/www.webdo.tn\/fr\/wp-content\/uploads\/2026\/04\/classe-numerique.jpg","type":"image\/jpeg"}],"author":"Ramzi Haddad","twitter_card":"summary_large_image","twitter_creator":"@webdo_tn","twitter_site":"@webdo_tn","twitter_misc":{"\u00c9crit par":"Ramzi Haddad","Dur\u00e9e de lecture estim\u00e9e":"3 minutes"},"schema":{"@context":"https:\/\/schema.org","@graph":[{"@type":"NewsArticle","@id":"https:\/\/www.webdo.tn\/fr\/actualite\/national\/classe-intelligente-une-nouvelle-etape-vers-lecole-numerique-en-tunisie\/397034\/#article","isPartOf":{"@id":"https:\/\/www.webdo.tn\/fr\/actualite\/national\/classe-intelligente-une-nouvelle-etape-vers-lecole-numerique-en-tunisie\/397034\/"},"author":{"name":"Ramzi Haddad","@id":"https:\/\/www.webdo.tn\/fr\/#\/schema\/person\/5663044c25eb36d8f88ba5b653f12f8c"},"headline":"Classe intelligente : Une nouvelle \u00e9tape vers l\u2019\u00e9cole num\u00e9rique en Tunisie","datePublished":"2026-04-29T15:46:53+00:00","dateModified":"2026-04-29T16:03:29+00:00","mainEntityOfPage":{"@id":"https:\/\/www.webdo.tn\/fr\/actualite\/national\/classe-intelligente-une-nouvelle-etape-vers-lecole-numerique-en-tunisie\/397034\/"},"wordCount":464,"publisher":{"@id":"https:\/\/www.webdo.tn\/fr\/#organization"},"image":{"@id":"https:\/\/www.webdo.tn\/fr\/actualite\/national\/classe-intelligente-une-nouvelle-etape-vers-lecole-numerique-en-tunisie\/397034\/#primaryimage"},"thumbnailUrl":"https:\/\/www.webdo.tn\/fr\/wp-content\/uploads\/2026\/04\/classe-numerique.jpg","keywords":["classe intelligente","Tunisie Telecom"],"articleSection":["National"],"inLanguage":"fr-FR"},{"@type":"WebPage","@id":"https:\/\/www.webdo.tn\/fr\/actualite\/national\/classe-intelligente-une-nouvelle-etape-vers-lecole-numerique-en-tunisie\/397034\/","url":"https:\/\/www.webdo.tn\/fr\/actualite\/national\/classe-intelligente-une-nouvelle-etape-vers-lecole-numerique-en-tunisie\/397034\/","name":"Classe intelligente : Une nouvelle \u00e9tape vers l\u2019\u00e9cole num\u00e9rique en Tunisie - webdo","isPartOf":{"@id":"https:\/\/www.webdo.tn\/fr\/#website"},"primaryImageOfPage":{"@id":"https:\/\/www.webdo.tn\/fr\/actualite\/national\/classe-intelligente-une-nouvelle-etape-vers-lecole-numerique-en-tunisie\/397034\/#primaryimage"},"image":{"@id":"https:\/\/www.webdo.tn\/fr\/actualite\/national\/classe-intelligente-une-nouvelle-etape-vers-lecole-numerique-en-tunisie\/397034\/#primaryimage"},"thumbnailUrl":"https:\/\/www.webdo.tn\/fr\/wp-content\/uploads\/2026\/04\/classe-numerique.jpg","datePublished":"2026-04-29T15:46:53+00:00","dateModified":"2026-04-29T16:03:29+00:00","description":"La \u00ab classe intelligente \u00bb de Tunisie Telecom au Salon du livre offre de nouvelles opportunit\u00e9s pour l'\u00e9ducation num\u00e9rique en direct.","breadcrumb":{"@id":"https:\/\/www.webdo.tn\/fr\/actualite\/national\/classe-intelligente-une-nouvelle-etape-vers-lecole-numerique-en-tunisie\/397034\/#breadcrumb"},"inLanguage":"fr-FR","potentialAction":[{"@type":"ReadAction","target":["https:\/\/www.webdo.tn\/fr\/actualite\/national\/classe-intelligente-une-nouvelle-etape-vers-lecole-numerique-en-tunisie\/397034\/"]}]},{"@type":"ImageObject","inLanguage":"fr-FR","@id":"https:\/\/www.webdo.tn\/fr\/actualite\/national\/classe-intelligente-une-nouvelle-etape-vers-lecole-numerique-en-tunisie\/397034\/#primaryimage","url":"https:\/\/www.webdo.tn\/fr\/wp-content\/uploads\/2026\/04\/classe-numerique.jpg","contentUrl":"https:\/\/www.webdo.tn\/fr\/wp-content\/uploads\/2026\/04\/classe-numerique.jpg","width":1225,"height":600,"caption":"D\u00e9monstration de la \u00ab classe intelligente \u00bb lors du Salon international du livre."},{"@type":"BreadcrumbList","@id":"https:\/\/www.webdo.tn\/fr\/actualite\/national\/classe-intelligente-une-nouvelle-etape-vers-lecole-numerique-en-tunisie\/397034\/#breadcrumb","itemListElement":[{"@type":"ListItem","position":1,"name":"Accueil","item":"https:\/\/www.webdo.tn\/fr\/"},{"@type":"ListItem","position":2,"name":"Classe intelligente : Une nouvelle \u00e9tape vers l\u2019\u00e9cole num\u00e9rique en Tunisie"}]},{"@type":"WebSite","@id":"https:\/\/www.webdo.tn\/fr\/#website","url":"https:\/\/www.webdo.tn\/fr\/","name":"webdo","description":"Tunisie - News en Tunisie et \u00e0 l&#039;international sur Webdo.tn","publisher":{"@id":"https:\/\/www.webdo.tn\/fr\/#organization"},"potentialAction":[{"@type":"SearchAction","target":{"@type":"EntryPoint","urlTemplate":"https:\/\/www.webdo.tn\/fr\/?s={search_term_string}"},"query-input":{"@type":"PropertyValueSpecification","valueRequired":true,"valueName":"search_term_string"}}],"inLanguage":"fr-FR"},{"@type":"Organization","@id":"https:\/\/www.webdo.tn\/fr\/#organization","name":"Webdo","alternateName":"Webdo.tn","url":"https:\/\/www.webdo.tn\/fr\/","logo":{"@type":"ImageObject","inLanguage":"fr-FR","@id":"https:\/\/www.webdo.tn\/fr\/#\/schema\/logo\/image\/","url":"https:\/\/www.webdo.tn\/fr\/wp-content\/uploads\/2025\/06\/Webdo-Tunisie_168377.jpg","contentUrl":"https:\/\/www.webdo.tn\/fr\/wp-content\/uploads\/2025\/06\/Webdo-Tunisie_168377.jpg","width":301,"height":301,"caption":"Webdo"},"image":{"@id":"https:\/\/www.webdo.tn\/fr\/#\/schema\/logo\/image\/"},"sameAs":["https:\/\/www.facebook.com\/webdotn","https:\/\/x.com\/webdo_tn"],"description":"Webdo est un m\u00e9dia num\u00e9rique tunisien fond\u00e9 en 2010, sp\u00e9cialis\u00e9 dans l\u2019actualit\u00e9 nationale et internationale, l\u2019\u00e9conomie, la soci\u00e9t\u00e9 et les analyses politiques. Le site s\u2019adresse \u00e0 un large public francophone et couvre l\u2019information tunisienne en temps r\u00e9el.","email":"redac@webdo.tn","legalName":"YNJ SARL","foundingDate":"2010-09-06","numberOfEmployees":{"@type":"QuantitativeValue","minValue":"11","maxValue":"50"}},{"@type":"Person","@id":"https:\/\/www.webdo.tn\/fr\/#\/schema\/person\/5663044c25eb36d8f88ba5b653f12f8c","name":"Ramzi Haddad","image":{"@type":"ImageObject","inLanguage":"fr-FR","@id":"https:\/\/www.webdo.tn\/fr\/wp-content\/uploads\/2026\/04\/ramzi-haddad_avatar-96x96.jpg","url":"https:\/\/www.webdo.tn\/fr\/wp-content\/uploads\/2026\/04\/ramzi-haddad_avatar-96x96.jpg","contentUrl":"https:\/\/www.webdo.tn\/fr\/wp-content\/uploads\/2026\/04\/ramzi-haddad_avatar-96x96.jpg","caption":"Ramzi Haddad"},"description":"Signature \u00e9ditoriale de Walid Ben Youssef Ramzi Haddad est le pseudonyme \u00e9ditorial de Walid Ben Youssef, fondateur et g\u00e9rant de Webdo.tn. Cette signature est d\u00e9di\u00e9e \u00e0 la couverture de l'actualit\u00e9 nationale et internationale, ainsi qu'aux analyses des dynamiques num\u00e9riques. Ce profil b\u00e9n\u00e9ficie de l'expertise de Walid Ben Youssef, pionnier du web en Tunisie depuis 2000 et dipl\u00f4m\u00e9 en Math\u00e9matiques pures de l'Universit\u00e9 d'Oregon. \u00c0 travers cette signature, la r\u00e9daction de Webdo garantit une information structur\u00e9e et v\u00e9rifi\u00e9e, fid\u00e8le aux standards journalistiques du m\u00e9dia.","url":"https:\/\/www.webdo.tn\/fr\/actualite\/author\/ramzi-haddad\/"}]}},"_links":{"self":[{"href":"https:\/\/www.webdo.tn\/fr\/wp-json\/wp\/v2\/posts\/397034","targetHints":{"allow":["GET"]}}],"collection":[{"href":"https:\/\/www.webdo.tn\/fr\/wp-json\/wp\/v2\/posts"}],"about":[{"href":"https:\/\/www.webdo.tn\/fr\/wp-json\/wp\/v2\/types\/post"}],"author":[{"embeddable":true,"href":"https:\/\/www.webdo.tn\/fr\/wp-json\/wp\/v2\/users\/3203"}],"replies":[{"embeddable":true,"href":"https:\/\/www.webdo.tn\/fr\/wp-json\/wp\/v2\/comments?post=397034"}],"version-history":[{"count":3,"href":"https:\/\/www.webdo.tn\/fr\/wp-json\/wp\/v2\/posts\/397034\/revisions"}],"predecessor-version":[{"id":397061,"href":"https:\/\/www.webdo.tn\/fr\/wp-json\/wp\/v2\/posts\/397034\/revisions\/397061"}],"wp:featuredmedia":[{"embeddable":true,"href":"https:\/\/www.webdo.tn\/fr\/wp-json\/wp\/v2\/media\/397036"}],"wp:attachment":[{"href":"https:\/\/www.webdo.tn\/fr\/wp-json\/wp\/v2\/media?parent=397034"}],"wp:term":[{"taxonomy":"category","embeddable":true,"href":"https:\/\/www.webdo.tn\/fr\/wp-json\/wp\/v2\/categories?post=397034"},{"taxonomy":"post_tag","embeddable":true,"href":"https:\/\/www.webdo.tn\/fr\/wp-json\/wp\/v2\/tags?post=397034"}],"curies":[{"name":"wp","href":"https:\/\/api.w.org\/{rel}","templated":true}]}}