{"id":397028,"date":"2026-04-29T10:08:30","date_gmt":"2026-04-29T09:08:30","guid":{"rendered":"https:\/\/www.webdo.tn\/fr\/?p=397028"},"modified":"2026-04-29T10:08:32","modified_gmt":"2026-04-29T09:08:32","slug":"souverainete-energetique-cap-sur-le-solaire-et-ouverture-encadree-aux-investisseurs","status":"publish","type":"post","link":"https:\/\/www.webdo.tn\/fr\/actualite\/national\/souverainete-energetique-cap-sur-le-solaire-et-ouverture-encadree-aux-investisseurs\/397028\/","title":{"rendered":"Souverainet\u00e9 \u00e9nerg\u00e9tique : Cap sur le solaire et ouverture encadr\u00e9e aux investisseurs"},"content":{"rendered":"\n<p><strong>En Tunisie, la transition \u00e9nerg\u00e9tique s\u2019impose comme un axe central de la politique \u00e9conomique nationale. Lors d\u2019une s\u00e9ance pl\u00e9ni\u00e8re consacr\u00e9e aux projets photovolta\u00efques, le ministre de l\u2019\u00c9conomie Samir Abdelhafidh a d\u00e9fendu une orientation pr\u00e9sent\u00e9e comme \u00e0 la fois strat\u00e9gique et souveraine. En toile de fond : attirer les investissements tout en garantissant la s\u00e9curit\u00e9 \u00e9nerg\u00e9tique du pays.<\/strong><\/p>\n\n\n\n<h2 class=\"wp-block-heading\" id=\"h-entre-souverainete-et-ouverture\">Entre souverainet\u00e9 et ouverture<\/h2>\n\n\n\n<p>Face aux d\u00e9put\u00e9s, Samir Abdelhafidh a inscrit les accords de concession pour la production d\u2019\u00e9lectricit\u00e9 solaire dans une logique claire : r\u00e9duire la d\u00e9pendance \u00e9nerg\u00e9tique et renforcer l\u2019autonomie nationale. Le ministre a rejet\u00e9 toute lecture politique li\u00e9e aux r\u00e9cents remaniements gouvernementaux, insistant sur la dimension strictement \u00e9conomique et d\u00e9veloppementale du dossier.<\/p>\n\n\n\n<blockquote class=\"wp-block-quote is-layout-flow wp-block-quote-is-layout-flow\">\n<ul class=\"wp-block-list\">\n<li class=\"has-medium-font-size\"><strong>Lire aussi : <\/strong><a href=\"https:\/\/www.webdo.tn\/fr\/actualite\/national\/zenith-energy-un-litige-derriere-le-limogeage-de-fatma-thabet-chiboub\/397005\/\">Zenith Energy : Un litige derri\u00e8re le limogeage de Fatma Thabet Chiboub ?<\/a><\/li>\n<\/ul>\n<\/blockquote>\n\n\n\n<p>Dans le m\u00eame temps, il a tenu \u00e0 rassurer sur l\u2019ouverture aux investisseurs \u00e9trangers. La Tunisie, a-t-il rappel\u00e9, accueille d\u00e9j\u00e0 des milliers d\u2019entreprises internationales op\u00e9rant dans un cadre l\u00e9gal strict. L\u2019entr\u00e9e de capitaux \u00e9trangers dans le secteur \u00e9nerg\u00e9tique ne remettrait donc pas en cause la souverainet\u00e9, d\u00e8s lors que les r\u00e8gles nationales sont respect\u00e9es.<\/p>\n\n\n\n<h2 class=\"wp-block-heading\" id=\"h-un-potentiel-encore-sous-exploite\">Un potentiel encore sous-exploit\u00e9<\/h2>\n\n\n\n<p>Le gouvernement met en avant une progression notable des \u00e9nergies renouvelables, dont la part atteint environ 9% en 2025, contre \u00e0 peine 3 \u00e0 4% quelques ann\u00e9es auparavant. Une \u00e9volution jug\u00e9e encourageante, mais encore insuffisante au regard des ambitions nationales.<\/p>\n\n\n\n<p>Objectif affich\u00e9 : atteindre 35% d\u2019\u00e9nergies renouvelables \u00e0 l\u2019horizon 2030. Pour y parvenir, pr\u00e8s de 3900 m\u00e9gawatts suppl\u00e9mentaires sont n\u00e9cessaires. Les cinq projets actuellement examin\u00e9s, repr\u00e9sentant environ 600 m\u00e9gawatts, constituent une \u00e9tape importante mais encore loin du compte.<\/p>\n\n\n\n<blockquote class=\"wp-block-quote is-layout-flow wp-block-quote-is-layout-flow\">\n<ul class=\"wp-block-list\">\n<li class=\"has-medium-font-size\"><strong>Lire aussi :<\/strong> <a href=\"https:\/\/www.webdo.tn\/fr\/actualite\/national\/solaire-tout-ce-quil-faut-savoir-sur-les-concessions-approuvees-par-larp\/397007\/\">Solaire : Tout ce qu\u2019il faut savoir sur les concessions approuv\u00e9es par l\u2019ARP<\/a><\/li>\n<\/ul>\n<\/blockquote>\n\n\n\n<p>Dans un contexte de concurrence r\u00e9gionale accrue, l\u2019ex\u00e9cutif appelle \u00e0 acc\u00e9l\u00e9rer les r\u00e9formes et \u00e0 envoyer des signaux clairs aux investisseurs afin de renforcer l\u2019attractivit\u00e9 du pays.<\/p>\n\n\n\n<h2 class=\"wp-block-heading\" id=\"h-pression-budgetaire-et-imperatif-de-reforme\">Pression budg\u00e9taire et imp\u00e9ratif de r\u00e9forme<\/h2>\n\n\n\n<p>Au-del\u00e0 des enjeux de souverainet\u00e9, la transition \u00e9nerg\u00e9tique appara\u00eet aussi comme une r\u00e9ponse \u00e0 une contrainte budg\u00e9taire croissante. Les subventions aux hydrocarbures ont atteint environ 7,1 milliards de dinars en 2025, dont plus de la moiti\u00e9 consacr\u00e9e \u00e0 l\u2019\u00e9lectricit\u00e9.<\/p>\n\n\n\n<p>Pour le gouvernement, le d\u00e9veloppement des \u00e9nergies renouvelables permettrait \u00e0 terme de r\u00e9duire cette charge financi\u00e8re, tout en am\u00e9liorant la comp\u00e9titivit\u00e9 des produits tunisiens sur les march\u00e9s internationaux, notamment europ\u00e9ens, sensibles \u00e0 l\u2019empreinte carbone.<\/p>\n\n\n\n<p>La Tunisie reste en retrait par rapport \u00e0 plusieurs pays de la r\u00e9gion en mati\u00e8re de capacit\u00e9s renouvelables, avec environ 1,21 gigawatt install\u00e9 selon les derni\u00e8res donn\u00e9es internationales. Dans ce contexte, l\u2019ex\u00e9cutif mise sur un double levier : acc\u00e9l\u00e9ration des investissements et consolidation du cadre r\u00e9glementaire, afin de transformer la transition \u00e9nerg\u00e9tique en v\u00e9ritable moteur de souverainet\u00e9 et de croissance.<\/p>\n\n\n\n<blockquote class=\"wp-block-quote is-layout-flow wp-block-quote-is-layout-flow\">\n<ul class=\"wp-block-list\">\n<li class=\"has-medium-font-size\"><strong>Lire aussi :<\/strong> <a href=\"https:\/\/www.webdo.tn\/fr\/actualite\/national\/la-tunisie-vend-son-soleil-a-letranger-polemique-autour-des-contrats-energetiques\/396933\/\">\u00ab\u00a0La Tunisie vend son soleil \u00e0 l\u2019\u00e9tranger\u00a0\u00bb : Pol\u00e9mique autour des contrats \u00e9nerg\u00e9tiques<\/a><\/li>\n<\/ul>\n<\/blockquote>\n","protected":false},"excerpt":{"rendered":"<p>En Tunisie, la transition \u00e9nerg\u00e9tique s\u2019impose comme un axe central de la politique \u00e9conomique nationale. Lors d\u2019une s\u00e9ance pl\u00e9ni\u00e8re consacr\u00e9e aux projets photovolta\u00efques, le ministre de l\u2019\u00c9conomie Samir Abdelhafidh a d\u00e9fendu une orientation pr\u00e9sent\u00e9e comme \u00e0 la fois strat\u00e9gique et souveraine. En toile de fond : attirer les investissements tout en garantissant la s\u00e9curit\u00e9 \u00e9nerg\u00e9tique [&hellip;]<\/p>\n","protected":false},"author":4782,"featured_media":397029,"comment_status":"closed","ping_status":"closed","sticky":false,"template":"","format":"standard","meta":{"footnotes":""},"categories":[13163,44],"tags":[6806,14064,3867,2608],"class_list":["post-397028","post","type-post","status-publish","format-standard","has-post-thumbnail","hentry","category-epingle","category-national","tag-energie-solaire","tag-souverainete-energetique","tag-transition-energetique","tag-tunisie"],"yoast_head":"<!-- This site is optimized with the Yoast SEO Premium plugin v27.4 (Yoast SEO v27.5) - https:\/\/yoast.com\/product\/yoast-seo-premium-wordpress\/ -->\n<title>Souverainet\u00e9 \u00e9nerg\u00e9tique : Cap sur le solaire et ouverture encadr\u00e9e aux investisseurs - webdo<\/title>\n<meta name=\"description\" content=\"La souverainet\u00e9 \u00e9nerg\u00e9tique en Tunisie est cruciale pour attirer des investissements et garantir la s\u00e9curit\u00e9 \u00e9nerg\u00e9tique nationale.\" \/>\n<link rel=\"canonical\" href=\"https:\/\/www.webdo.tn\/fr\/actualite\/national\/souverainete-energetique-cap-sur-le-solaire-et-ouverture-encadree-aux-investisseurs\/397028\/\" \/>\n<meta property=\"og:locale\" content=\"fr_FR\" \/>\n<meta property=\"og:type\" content=\"article\" \/>\n<meta property=\"og:title\" content=\"Souverainet\u00e9 \u00e9nerg\u00e9tique : Cap sur le solaire et ouverture encadr\u00e9e aux investisseurs\" \/>\n<meta property=\"og:description\" content=\"La souverainet\u00e9 \u00e9nerg\u00e9tique en Tunisie est cruciale pour attirer des investissements et garantir la s\u00e9curit\u00e9 \u00e9nerg\u00e9tique nationale.\" \/>\n<meta property=\"og:url\" content=\"https:\/\/www.webdo.tn\/fr\/actualite\/national\/souverainete-energetique-cap-sur-le-solaire-et-ouverture-encadree-aux-investisseurs\/397028\/\" \/>\n<meta property=\"og:site_name\" content=\"webdo\" \/>\n<meta property=\"article:publisher\" content=\"https:\/\/www.facebook.com\/webdotn\" \/>\n<meta property=\"article:published_time\" content=\"2026-04-29T09:08:30+00:00\" \/>\n<meta property=\"article:modified_time\" content=\"2026-04-29T09:08:32+00:00\" \/>\n<meta property=\"og:image\" content=\"https:\/\/www.webdo.tn\/fr\/wp-content\/uploads\/2026\/04\/Solaire-2.jpg\" \/>\n\t<meta property=\"og:image:width\" content=\"1200\" \/>\n\t<meta property=\"og:image:height\" content=\"601\" \/>\n\t<meta property=\"og:image:type\" content=\"image\/jpeg\" \/>\n<meta name=\"author\" content=\"Mohamed Fethi\" \/>\n<meta name=\"twitter:card\" content=\"summary_large_image\" \/>\n<meta name=\"twitter:creator\" content=\"@webdo_tn\" \/>\n<meta name=\"twitter:site\" content=\"@webdo_tn\" \/>\n<meta name=\"twitter:label1\" content=\"\u00c9crit par\" \/>\n\t<meta name=\"twitter:data1\" content=\"Mohamed Fethi\" \/>\n\t<meta name=\"twitter:label2\" content=\"Dur\u00e9e de lecture estim\u00e9e\" \/>\n\t<meta name=\"twitter:data2\" content=\"3 minutes\" \/>\n<script type=\"application\/ld+json\" class=\"yoast-schema-graph\">{\"@context\":\"https:\\\/\\\/schema.org\",\"@graph\":[{\"@type\":\"NewsArticle\",\"@id\":\"https:\\\/\\\/www.webdo.tn\\\/fr\\\/actualite\\\/national\\\/souverainete-energetique-cap-sur-le-solaire-et-ouverture-encadree-aux-investisseurs\\\/397028\\\/#article\",\"isPartOf\":{\"@id\":\"https:\\\/\\\/www.webdo.tn\\\/fr\\\/actualite\\\/national\\\/souverainete-energetique-cap-sur-le-solaire-et-ouverture-encadree-aux-investisseurs\\\/397028\\\/\"},\"author\":{\"name\":\"Mohamed Fethi\",\"@id\":\"https:\\\/\\\/www.webdo.tn\\\/fr\\\/#\\\/schema\\\/person\\\/16a4857e77dfc0b610c4c2cadffc9ac4\"},\"headline\":\"Souverainet\u00e9 \u00e9nerg\u00e9tique : Cap sur le solaire et ouverture encadr\u00e9e aux investisseurs\",\"datePublished\":\"2026-04-29T09:08:30+00:00\",\"dateModified\":\"2026-04-29T09:08:32+00:00\",\"mainEntityOfPage\":{\"@id\":\"https:\\\/\\\/www.webdo.tn\\\/fr\\\/actualite\\\/national\\\/souverainete-energetique-cap-sur-le-solaire-et-ouverture-encadree-aux-investisseurs\\\/397028\\\/\"},\"wordCount\":531,\"publisher\":{\"@id\":\"https:\\\/\\\/www.webdo.tn\\\/fr\\\/#organization\"},\"image\":{\"@id\":\"https:\\\/\\\/www.webdo.tn\\\/fr\\\/actualite\\\/national\\\/souverainete-energetique-cap-sur-le-solaire-et-ouverture-encadree-aux-investisseurs\\\/397028\\\/#primaryimage\"},\"thumbnailUrl\":\"https:\\\/\\\/www.webdo.tn\\\/fr\\\/wp-content\\\/uploads\\\/2026\\\/04\\\/Solaire-2.jpg\",\"keywords\":[\"\u00e9nergie solaire\",\"Souverainet\u00e9 \u00e9nerg\u00e9tique\",\"Transition \u00e9nerg\u00e9tique\",\"Tunisie\"],\"articleSection\":[\"\u00c9pingle\",\"National\"],\"inLanguage\":\"fr-FR\"},{\"@type\":\"WebPage\",\"@id\":\"https:\\\/\\\/www.webdo.tn\\\/fr\\\/actualite\\\/national\\\/souverainete-energetique-cap-sur-le-solaire-et-ouverture-encadree-aux-investisseurs\\\/397028\\\/\",\"url\":\"https:\\\/\\\/www.webdo.tn\\\/fr\\\/actualite\\\/national\\\/souverainete-energetique-cap-sur-le-solaire-et-ouverture-encadree-aux-investisseurs\\\/397028\\\/\",\"name\":\"Souverainet\u00e9 \u00e9nerg\u00e9tique : Cap sur le solaire et ouverture encadr\u00e9e aux investisseurs - webdo\",\"isPartOf\":{\"@id\":\"https:\\\/\\\/www.webdo.tn\\\/fr\\\/#website\"},\"primaryImageOfPage\":{\"@id\":\"https:\\\/\\\/www.webdo.tn\\\/fr\\\/actualite\\\/national\\\/souverainete-energetique-cap-sur-le-solaire-et-ouverture-encadree-aux-investisseurs\\\/397028\\\/#primaryimage\"},\"image\":{\"@id\":\"https:\\\/\\\/www.webdo.tn\\\/fr\\\/actualite\\\/national\\\/souverainete-energetique-cap-sur-le-solaire-et-ouverture-encadree-aux-investisseurs\\\/397028\\\/#primaryimage\"},\"thumbnailUrl\":\"https:\\\/\\\/www.webdo.tn\\\/fr\\\/wp-content\\\/uploads\\\/2026\\\/04\\\/Solaire-2.jpg\",\"datePublished\":\"2026-04-29T09:08:30+00:00\",\"dateModified\":\"2026-04-29T09:08:32+00:00\",\"description\":\"La souverainet\u00e9 \u00e9nerg\u00e9tique en Tunisie est cruciale pour attirer des investissements et garantir la s\u00e9curit\u00e9 \u00e9nerg\u00e9tique nationale.\",\"breadcrumb\":{\"@id\":\"https:\\\/\\\/www.webdo.tn\\\/fr\\\/actualite\\\/national\\\/souverainete-energetique-cap-sur-le-solaire-et-ouverture-encadree-aux-investisseurs\\\/397028\\\/#breadcrumb\"},\"inLanguage\":\"fr-FR\",\"potentialAction\":[{\"@type\":\"ReadAction\",\"target\":[\"https:\\\/\\\/www.webdo.tn\\\/fr\\\/actualite\\\/national\\\/souverainete-energetique-cap-sur-le-solaire-et-ouverture-encadree-aux-investisseurs\\\/397028\\\/\"]}]},{\"@type\":\"ImageObject\",\"inLanguage\":\"fr-FR\",\"@id\":\"https:\\\/\\\/www.webdo.tn\\\/fr\\\/actualite\\\/national\\\/souverainete-energetique-cap-sur-le-solaire-et-ouverture-encadree-aux-investisseurs\\\/397028\\\/#primaryimage\",\"url\":\"https:\\\/\\\/www.webdo.tn\\\/fr\\\/wp-content\\\/uploads\\\/2026\\\/04\\\/Solaire-2.jpg\",\"contentUrl\":\"https:\\\/\\\/www.webdo.tn\\\/fr\\\/wp-content\\\/uploads\\\/2026\\\/04\\\/Solaire-2.jpg\",\"width\":1200,\"height\":601,\"caption\":\"Souverainet\u00e9 \u00e9nerg\u00e9tique : Cap sur le solaire et ouverture encadr\u00e9e aux investisseurs\"},{\"@type\":\"BreadcrumbList\",\"@id\":\"https:\\\/\\\/www.webdo.tn\\\/fr\\\/actualite\\\/national\\\/souverainete-energetique-cap-sur-le-solaire-et-ouverture-encadree-aux-investisseurs\\\/397028\\\/#breadcrumb\",\"itemListElement\":[{\"@type\":\"ListItem\",\"position\":1,\"name\":\"Accueil\",\"item\":\"https:\\\/\\\/www.webdo.tn\\\/fr\\\/\"},{\"@type\":\"ListItem\",\"position\":2,\"name\":\"Souverainet\u00e9 \u00e9nerg\u00e9tique : Cap sur le solaire et ouverture encadr\u00e9e aux investisseurs\"}]},{\"@type\":\"WebSite\",\"@id\":\"https:\\\/\\\/www.webdo.tn\\\/fr\\\/#website\",\"url\":\"https:\\\/\\\/www.webdo.tn\\\/fr\\\/\",\"name\":\"webdo\",\"description\":\"Tunisie - News en Tunisie et \u00e0 l&#039;international sur Webdo.tn\",\"publisher\":{\"@id\":\"https:\\\/\\\/www.webdo.tn\\\/fr\\\/#organization\"},\"potentialAction\":[{\"@type\":\"SearchAction\",\"target\":{\"@type\":\"EntryPoint\",\"urlTemplate\":\"https:\\\/\\\/www.webdo.tn\\\/fr\\\/?s={search_term_string}\"},\"query-input\":{\"@type\":\"PropertyValueSpecification\",\"valueRequired\":true,\"valueName\":\"search_term_string\"}}],\"inLanguage\":\"fr-FR\"},{\"@type\":\"Organization\",\"@id\":\"https:\\\/\\\/www.webdo.tn\\\/fr\\\/#organization\",\"name\":\"Webdo\",\"alternateName\":\"Webdo.tn\",\"url\":\"https:\\\/\\\/www.webdo.tn\\\/fr\\\/\",\"logo\":{\"@type\":\"ImageObject\",\"inLanguage\":\"fr-FR\",\"@id\":\"https:\\\/\\\/www.webdo.tn\\\/fr\\\/#\\\/schema\\\/logo\\\/image\\\/\",\"url\":\"https:\\\/\\\/www.webdo.tn\\\/fr\\\/wp-content\\\/uploads\\\/2025\\\/06\\\/Webdo-Tunisie_168377.jpg\",\"contentUrl\":\"https:\\\/\\\/www.webdo.tn\\\/fr\\\/wp-content\\\/uploads\\\/2025\\\/06\\\/Webdo-Tunisie_168377.jpg\",\"width\":301,\"height\":301,\"caption\":\"Webdo\"},\"image\":{\"@id\":\"https:\\\/\\\/www.webdo.tn\\\/fr\\\/#\\\/schema\\\/logo\\\/image\\\/\"},\"sameAs\":[\"https:\\\/\\\/www.facebook.com\\\/webdotn\",\"https:\\\/\\\/x.com\\\/webdo_tn\"],\"description\":\"Webdo est un m\u00e9dia num\u00e9rique tunisien fond\u00e9 en 2010, sp\u00e9cialis\u00e9 dans l\u2019actualit\u00e9 nationale et internationale, l\u2019\u00e9conomie, la soci\u00e9t\u00e9 et les analyses politiques. Le site s\u2019adresse \u00e0 un large public francophone et couvre l\u2019information tunisienne en temps r\u00e9el.\",\"email\":\"redac@webdo.tn\",\"legalName\":\"YNJ SARL\",\"foundingDate\":\"2010-09-06\",\"numberOfEmployees\":{\"@type\":\"QuantitativeValue\",\"minValue\":\"11\",\"maxValue\":\"50\"}},{\"@type\":\"Person\",\"@id\":\"https:\\\/\\\/www.webdo.tn\\\/fr\\\/#\\\/schema\\\/person\\\/16a4857e77dfc0b610c4c2cadffc9ac4\",\"name\":\"Mohamed Fethi\",\"image\":{\"@type\":\"ImageObject\",\"inLanguage\":\"fr-FR\",\"@id\":\"https:\\\/\\\/www.webdo.tn\\\/fr\\\/wp-content\\\/uploads\\\/2026\\\/04\\\/mohamed-fethi_avatar_1-96x96.jpg\",\"url\":\"https:\\\/\\\/www.webdo.tn\\\/fr\\\/wp-content\\\/uploads\\\/2026\\\/04\\\/mohamed-fethi_avatar_1-96x96.jpg\",\"contentUrl\":\"https:\\\/\\\/www.webdo.tn\\\/fr\\\/wp-content\\\/uploads\\\/2026\\\/04\\\/mohamed-fethi_avatar_1-96x96.jpg\",\"caption\":\"Mohamed Fethi\"},\"description\":\"Signature \u00e9ditoriale de Maher Chaabane Mohamed Fethi est le pseudonyme \u00e9ditorial de Maher Chaabane, r\u00e9dacteur en chef de Webdo.tn depuis 2012. Cette signature est d\u00e9di\u00e9e au traitement intensif de l'actualit\u00e9 nationale et internationale en temps r\u00e9el. S'appuyant sur les deux d\u00e9cennies d'expertise journalistique de Maher Chaabane \u2014 d\u00e9but\u00e9e au sein du groupe Tunis Hebdo en 2000 \u2014 Mohamed Fethi assure une veille rigoureuse sur les enjeux politiques, \u00e9conomiques et sportifs. Sa mission est de garantir une information structur\u00e9e, fluide et fid\u00e8le aux standards de la r\u00e9daction. Pour consulter le parcours complet du r\u00e9dacteur en chef, visitez le profil officiel de Maher Chaabane.\",\"knowsAbout\":[\"actualit\u00e9\",\"journalisme\",\"information\",\"politique\",\"sport\",\"m\u00e9dias\",\"actualit\u00e9 internationale\"],\"knowsLanguage\":[\"Fran\u00e7ais\",\"Arabe\"],\"jobTitle\":\"Journaliste \u2013 R\u00e9daction Webdo\",\"worksFor\":\"Webdo.tn\",\"url\":\"https:\\\/\\\/www.webdo.tn\\\/fr\\\/actualite\\\/author\\\/mohamed-fethi\\\/\"}]}<\/script>\n<!-- \/ Yoast SEO Premium plugin. -->","yoast_head_json":{"title":"Souverainet\u00e9 \u00e9nerg\u00e9tique : Cap sur le solaire et ouverture encadr\u00e9e aux investisseurs - webdo","description":"La souverainet\u00e9 \u00e9nerg\u00e9tique en Tunisie est cruciale pour attirer des investissements et garantir la s\u00e9curit\u00e9 \u00e9nerg\u00e9tique nationale.","canonical":"https:\/\/www.webdo.tn\/fr\/actualite\/national\/souverainete-energetique-cap-sur-le-solaire-et-ouverture-encadree-aux-investisseurs\/397028\/","og_locale":"fr_FR","og_type":"article","og_title":"Souverainet\u00e9 \u00e9nerg\u00e9tique : Cap sur le solaire et ouverture encadr\u00e9e aux investisseurs","og_description":"La souverainet\u00e9 \u00e9nerg\u00e9tique en Tunisie est cruciale pour attirer des investissements et garantir la s\u00e9curit\u00e9 \u00e9nerg\u00e9tique nationale.","og_url":"https:\/\/www.webdo.tn\/fr\/actualite\/national\/souverainete-energetique-cap-sur-le-solaire-et-ouverture-encadree-aux-investisseurs\/397028\/","og_site_name":"webdo","article_publisher":"https:\/\/www.facebook.com\/webdotn","article_published_time":"2026-04-29T09:08:30+00:00","article_modified_time":"2026-04-29T09:08:32+00:00","og_image":[{"width":1200,"height":601,"url":"https:\/\/www.webdo.tn\/fr\/wp-content\/uploads\/2026\/04\/Solaire-2.jpg","type":"image\/jpeg"}],"author":"Mohamed Fethi","twitter_card":"summary_large_image","twitter_creator":"@webdo_tn","twitter_site":"@webdo_tn","twitter_misc":{"\u00c9crit par":"Mohamed Fethi","Dur\u00e9e de lecture estim\u00e9e":"3 minutes"},"schema":{"@context":"https:\/\/schema.org","@graph":[{"@type":"NewsArticle","@id":"https:\/\/www.webdo.tn\/fr\/actualite\/national\/souverainete-energetique-cap-sur-le-solaire-et-ouverture-encadree-aux-investisseurs\/397028\/#article","isPartOf":{"@id":"https:\/\/www.webdo.tn\/fr\/actualite\/national\/souverainete-energetique-cap-sur-le-solaire-et-ouverture-encadree-aux-investisseurs\/397028\/"},"author":{"name":"Mohamed Fethi","@id":"https:\/\/www.webdo.tn\/fr\/#\/schema\/person\/16a4857e77dfc0b610c4c2cadffc9ac4"},"headline":"Souverainet\u00e9 \u00e9nerg\u00e9tique : Cap sur le solaire et ouverture encadr\u00e9e aux investisseurs","datePublished":"2026-04-29T09:08:30+00:00","dateModified":"2026-04-29T09:08:32+00:00","mainEntityOfPage":{"@id":"https:\/\/www.webdo.tn\/fr\/actualite\/national\/souverainete-energetique-cap-sur-le-solaire-et-ouverture-encadree-aux-investisseurs\/397028\/"},"wordCount":531,"publisher":{"@id":"https:\/\/www.webdo.tn\/fr\/#organization"},"image":{"@id":"https:\/\/www.webdo.tn\/fr\/actualite\/national\/souverainete-energetique-cap-sur-le-solaire-et-ouverture-encadree-aux-investisseurs\/397028\/#primaryimage"},"thumbnailUrl":"https:\/\/www.webdo.tn\/fr\/wp-content\/uploads\/2026\/04\/Solaire-2.jpg","keywords":["\u00e9nergie solaire","Souverainet\u00e9 \u00e9nerg\u00e9tique","Transition \u00e9nerg\u00e9tique","Tunisie"],"articleSection":["\u00c9pingle","National"],"inLanguage":"fr-FR"},{"@type":"WebPage","@id":"https:\/\/www.webdo.tn\/fr\/actualite\/national\/souverainete-energetique-cap-sur-le-solaire-et-ouverture-encadree-aux-investisseurs\/397028\/","url":"https:\/\/www.webdo.tn\/fr\/actualite\/national\/souverainete-energetique-cap-sur-le-solaire-et-ouverture-encadree-aux-investisseurs\/397028\/","name":"Souverainet\u00e9 \u00e9nerg\u00e9tique : Cap sur le solaire et ouverture encadr\u00e9e aux investisseurs - webdo","isPartOf":{"@id":"https:\/\/www.webdo.tn\/fr\/#website"},"primaryImageOfPage":{"@id":"https:\/\/www.webdo.tn\/fr\/actualite\/national\/souverainete-energetique-cap-sur-le-solaire-et-ouverture-encadree-aux-investisseurs\/397028\/#primaryimage"},"image":{"@id":"https:\/\/www.webdo.tn\/fr\/actualite\/national\/souverainete-energetique-cap-sur-le-solaire-et-ouverture-encadree-aux-investisseurs\/397028\/#primaryimage"},"thumbnailUrl":"https:\/\/www.webdo.tn\/fr\/wp-content\/uploads\/2026\/04\/Solaire-2.jpg","datePublished":"2026-04-29T09:08:30+00:00","dateModified":"2026-04-29T09:08:32+00:00","description":"La souverainet\u00e9 \u00e9nerg\u00e9tique en Tunisie est cruciale pour attirer des investissements et garantir la s\u00e9curit\u00e9 \u00e9nerg\u00e9tique nationale.","breadcrumb":{"@id":"https:\/\/www.webdo.tn\/fr\/actualite\/national\/souverainete-energetique-cap-sur-le-solaire-et-ouverture-encadree-aux-investisseurs\/397028\/#breadcrumb"},"inLanguage":"fr-FR","potentialAction":[{"@type":"ReadAction","target":["https:\/\/www.webdo.tn\/fr\/actualite\/national\/souverainete-energetique-cap-sur-le-solaire-et-ouverture-encadree-aux-investisseurs\/397028\/"]}]},{"@type":"ImageObject","inLanguage":"fr-FR","@id":"https:\/\/www.webdo.tn\/fr\/actualite\/national\/souverainete-energetique-cap-sur-le-solaire-et-ouverture-encadree-aux-investisseurs\/397028\/#primaryimage","url":"https:\/\/www.webdo.tn\/fr\/wp-content\/uploads\/2026\/04\/Solaire-2.jpg","contentUrl":"https:\/\/www.webdo.tn\/fr\/wp-content\/uploads\/2026\/04\/Solaire-2.jpg","width":1200,"height":601,"caption":"Souverainet\u00e9 \u00e9nerg\u00e9tique : Cap sur le solaire et ouverture encadr\u00e9e aux investisseurs"},{"@type":"BreadcrumbList","@id":"https:\/\/www.webdo.tn\/fr\/actualite\/national\/souverainete-energetique-cap-sur-le-solaire-et-ouverture-encadree-aux-investisseurs\/397028\/#breadcrumb","itemListElement":[{"@type":"ListItem","position":1,"name":"Accueil","item":"https:\/\/www.webdo.tn\/fr\/"},{"@type":"ListItem","position":2,"name":"Souverainet\u00e9 \u00e9nerg\u00e9tique : Cap sur le solaire et ouverture encadr\u00e9e aux investisseurs"}]},{"@type":"WebSite","@id":"https:\/\/www.webdo.tn\/fr\/#website","url":"https:\/\/www.webdo.tn\/fr\/","name":"webdo","description":"Tunisie - News en Tunisie et \u00e0 l&#039;international sur Webdo.tn","publisher":{"@id":"https:\/\/www.webdo.tn\/fr\/#organization"},"potentialAction":[{"@type":"SearchAction","target":{"@type":"EntryPoint","urlTemplate":"https:\/\/www.webdo.tn\/fr\/?s={search_term_string}"},"query-input":{"@type":"PropertyValueSpecification","valueRequired":true,"valueName":"search_term_string"}}],"inLanguage":"fr-FR"},{"@type":"Organization","@id":"https:\/\/www.webdo.tn\/fr\/#organization","name":"Webdo","alternateName":"Webdo.tn","url":"https:\/\/www.webdo.tn\/fr\/","logo":{"@type":"ImageObject","inLanguage":"fr-FR","@id":"https:\/\/www.webdo.tn\/fr\/#\/schema\/logo\/image\/","url":"https:\/\/www.webdo.tn\/fr\/wp-content\/uploads\/2025\/06\/Webdo-Tunisie_168377.jpg","contentUrl":"https:\/\/www.webdo.tn\/fr\/wp-content\/uploads\/2025\/06\/Webdo-Tunisie_168377.jpg","width":301,"height":301,"caption":"Webdo"},"image":{"@id":"https:\/\/www.webdo.tn\/fr\/#\/schema\/logo\/image\/"},"sameAs":["https:\/\/www.facebook.com\/webdotn","https:\/\/x.com\/webdo_tn"],"description":"Webdo est un m\u00e9dia num\u00e9rique tunisien fond\u00e9 en 2010, sp\u00e9cialis\u00e9 dans l\u2019actualit\u00e9 nationale et internationale, l\u2019\u00e9conomie, la soci\u00e9t\u00e9 et les analyses politiques. Le site s\u2019adresse \u00e0 un large public francophone et couvre l\u2019information tunisienne en temps r\u00e9el.","email":"redac@webdo.tn","legalName":"YNJ SARL","foundingDate":"2010-09-06","numberOfEmployees":{"@type":"QuantitativeValue","minValue":"11","maxValue":"50"}},{"@type":"Person","@id":"https:\/\/www.webdo.tn\/fr\/#\/schema\/person\/16a4857e77dfc0b610c4c2cadffc9ac4","name":"Mohamed Fethi","image":{"@type":"ImageObject","inLanguage":"fr-FR","@id":"https:\/\/www.webdo.tn\/fr\/wp-content\/uploads\/2026\/04\/mohamed-fethi_avatar_1-96x96.jpg","url":"https:\/\/www.webdo.tn\/fr\/wp-content\/uploads\/2026\/04\/mohamed-fethi_avatar_1-96x96.jpg","contentUrl":"https:\/\/www.webdo.tn\/fr\/wp-content\/uploads\/2026\/04\/mohamed-fethi_avatar_1-96x96.jpg","caption":"Mohamed Fethi"},"description":"Signature \u00e9ditoriale de Maher Chaabane Mohamed Fethi est le pseudonyme \u00e9ditorial de Maher Chaabane, r\u00e9dacteur en chef de Webdo.tn depuis 2012. Cette signature est d\u00e9di\u00e9e au traitement intensif de l'actualit\u00e9 nationale et internationale en temps r\u00e9el. S'appuyant sur les deux d\u00e9cennies d'expertise journalistique de Maher Chaabane \u2014 d\u00e9but\u00e9e au sein du groupe Tunis Hebdo en 2000 \u2014 Mohamed Fethi assure une veille rigoureuse sur les enjeux politiques, \u00e9conomiques et sportifs. Sa mission est de garantir une information structur\u00e9e, fluide et fid\u00e8le aux standards de la r\u00e9daction. Pour consulter le parcours complet du r\u00e9dacteur en chef, visitez le profil officiel de Maher Chaabane.","knowsAbout":["actualit\u00e9","journalisme","information","politique","sport","m\u00e9dias","actualit\u00e9 internationale"],"knowsLanguage":["Fran\u00e7ais","Arabe"],"jobTitle":"Journaliste \u2013 R\u00e9daction Webdo","worksFor":"Webdo.tn","url":"https:\/\/www.webdo.tn\/fr\/actualite\/author\/mohamed-fethi\/"}]}},"_links":{"self":[{"href":"https:\/\/www.webdo.tn\/fr\/wp-json\/wp\/v2\/posts\/397028","targetHints":{"allow":["GET"]}}],"collection":[{"href":"https:\/\/www.webdo.tn\/fr\/wp-json\/wp\/v2\/posts"}],"about":[{"href":"https:\/\/www.webdo.tn\/fr\/wp-json\/wp\/v2\/types\/post"}],"author":[{"embeddable":true,"href":"https:\/\/www.webdo.tn\/fr\/wp-json\/wp\/v2\/users\/4782"}],"replies":[{"embeddable":true,"href":"https:\/\/www.webdo.tn\/fr\/wp-json\/wp\/v2\/comments?post=397028"}],"version-history":[{"count":1,"href":"https:\/\/www.webdo.tn\/fr\/wp-json\/wp\/v2\/posts\/397028\/revisions"}],"predecessor-version":[{"id":397030,"href":"https:\/\/www.webdo.tn\/fr\/wp-json\/wp\/v2\/posts\/397028\/revisions\/397030"}],"wp:featuredmedia":[{"embeddable":true,"href":"https:\/\/www.webdo.tn\/fr\/wp-json\/wp\/v2\/media\/397029"}],"wp:attachment":[{"href":"https:\/\/www.webdo.tn\/fr\/wp-json\/wp\/v2\/media?parent=397028"}],"wp:term":[{"taxonomy":"category","embeddable":true,"href":"https:\/\/www.webdo.tn\/fr\/wp-json\/wp\/v2\/categories?post=397028"},{"taxonomy":"post_tag","embeddable":true,"href":"https:\/\/www.webdo.tn\/fr\/wp-json\/wp\/v2\/tags?post=397028"}],"curies":[{"name":"wp","href":"https:\/\/api.w.org\/{rel}","templated":true}]}}