{"id":397023,"date":"2026-04-29T09:31:33","date_gmt":"2026-04-29T08:31:33","guid":{"rendered":"https:\/\/www.webdo.tn\/fr\/?p=397023"},"modified":"2026-04-29T09:35:01","modified_gmt":"2026-04-29T08:35:01","slug":"cannes-2026-carla-simon-presidera-le-jury-des-courts-metrages-et-de-la-cinef","status":"publish","type":"post","link":"https:\/\/www.webdo.tn\/fr\/actualite\/culture\/cannes-2026-carla-simon-presidera-le-jury-des-courts-metrages-et-de-la-cinef\/397023\/","title":{"rendered":"Cannes 2026 \u2013 Carla Sim\u00f3n pr\u00e9sidera le Jury des courts m\u00e9trages et de La Cinef"},"content":{"rendered":"\n<p><strong>\u00c0 deux semaines de l\u2019ouverture du 79e Festival de Cannes, qui se tiendra du 12 au 23 mai 2026, la Croisette s\u2019appr\u00eate \u00e0 retrouver son rythme intense, entre projections, rencontres professionnelles et annonces qui pr\u00e9cisent progressivement le d\u00e9roulement de cette nouvelle \u00e9dition. Parmi ces annonces figure la composition du Jury des courts m\u00e9trages et de La Cinef, charg\u00e9 d\u2019attribuer des prix \u00e0 des \u0153uvres issues de formats courts et d\u2019\u00e9coles de cin\u00e9ma.<\/strong><\/p>\n\n\n\n<p>La sc\u00e9nariste et r\u00e9alisatrice Carla Sim\u00f3n a \u00e9t\u00e9 d\u00e9sign\u00e9e Pr\u00e9sidente de ce jury. Elle sera entour\u00e9e de l\u2019actrice et plasticienne Park Ji-Min, du r\u00e9alisateur, sc\u00e9nariste et producteur Ali Asgari, de l\u2019acteur et r\u00e9alisateur Salim Kechiouche et du r\u00e9alisateur et sc\u00e9nariste Magnus von Horn. Ensemble, ils d\u00e9cerneront la Palme d\u2019or du court m\u00e9trage ainsi que les trois prix de La Cinef, s\u00e9lection du Festival de Cannes consacr\u00e9e aux films d\u2019\u00e9cole.<\/p>\n\n\n\n<p>Le Jury d\u00e9couvrira les 10 films de la Comp\u00e9tition des courts m\u00e9trages ainsi que les 19 films de la s\u00e9lection de La Cinef.<\/p>\n\n\n\n<blockquote class=\"wp-block-quote is-layout-flow wp-block-quote-is-layout-flow\">\n<ul class=\"wp-block-list\">\n<li class=\"has-medium-font-size\"><strong>Lire aussi : <\/strong><a href=\"https:\/\/www.webdo.tn\/fr\/actualite\/culture\/cannes-2023-terrestrial-verses-le-totalitarisme-du-pouvoir-iranien\/206031\/\">Cannes 2023 \u2013 \u00ab\u00a0Terrestrial Verses\u00a0\u00bb, le totalitarisme du pouvoir iranien<\/a><\/li>\n<\/ul>\n<\/blockquote>\n\n\n\n<p>Dans une d\u00e9claration accompagnant sa nomination, Carla Sim\u00f3n pr\u00e9cise son rapport au format court : \u00ab <em>Un court m\u00e9trage est un univers \u00e0 part enti\u00e8re. En quelques minutes seulement, il peut laisser une empreinte durable. Cr\u00e9\u00e9 en toute libert\u00e9, port\u00e9 par une prise de risque artistique et surtout habit\u00e9 par une \u00e2me, il me reconnecte \u00e0 l\u2019essence du cin\u00e9ma et \u00e0 l\u2019excitation des premi\u00e8res fois. M\u00eame pour celles et ceux qui travaillent dans le long m\u00e9trage, le format court reste un espace essentiel d\u2019exp\u00e9rimentation et de renouveau. Je suis profond\u00e9ment honor\u00e9e de pr\u00e9sider le Jury des courts m\u00e9trages et de La Cinef, et reconnaissante d\u2019avoir l\u2019opportunit\u00e9 de d\u00e9couvrir de nouvelles voix et d\u2019en \u00eatre transform\u00e9e. Revenir \u00e0 Cannes est, une fois de plus, une aventure, un r\u00eave et un privil\u00e8ge<\/em>. \u00bb<\/p>\n\n\n\n<p>N\u00e9e \u00e0 Barcelone en 1986, Carla Sim\u00f3n grandit en Catalogne, dans un environnement rural qui marquera une partie de son travail. Elle se forme d\u2019abord en communication audiovisuelle entre les \u00c9tats-Unis et l\u2019Espagne, avant de poursuivre ses \u00e9tudes \u00e0 la London Film School gr\u00e2ce \u00e0 une bourse Obra Social \u2013 La Caixa. Ses d\u00e9buts passent par plusieurs courts m\u00e9trages, dont <em>Women<\/em> (2009) et <em>Lovers<\/em> (2010), deux projets exp\u00e9rimentaux r\u00e9alis\u00e9s avec Marco Businaro. Elle tourne ensuite \u00e0 Londres <em>Born Positive<\/em> (2012), un documentaire, puis <em>Lipstick<\/em> (2013). Dans les ann\u00e9es qui suivent, elle signe plusieurs films courts : <em>Las peque\u00f1as cosas<\/em> (2015), <em>Llacunes<\/em> (2016), <em>Et apr\u00e8s<\/em> (2019), <em>Correspondence<\/em> (2020) et <em>Carta a mi madre para mi hijo<\/em> (2022). En parall\u00e8le, elle s\u2019investit dans la transmission du cin\u00e9ma aupr\u00e8s de jeunes publics via l\u2019association \u00ab Cinema en Curs \u00bb.<\/p>\n\n\n\n<p>Son premier long m\u00e9trage, <em>\u00c9t\u00e9 1993<\/em> (2017), s\u2019appuie sur une mati\u00e8re autobiographique et se d\u00e9roule dans la r\u00e9gion o\u00f9 elle a grandi. Le film obtient trois Goya, une nomination aux European Film Awards et est s\u00e9lectionn\u00e9 pour repr\u00e9senter l\u2019Espagne aux Oscars. Elle poursuit avec <em>Nos soleils<\/em> (2022), qui remporte l\u2019Ours d\u2019or \u00e0 la Berlinale, circule dans plus de 90 festivals et re\u00e7oit six Gaud\u00ed. En 2025, elle pr\u00e9sente <em>Romer\u00eda<\/em> en comp\u00e9tition \u00e0 Cannes, un film inspir\u00e9 de son histoire personnelle.<\/p>\n\n\n\n<p>Le parcours de Park Ji-Min commence dans les arts visuels. N\u00e9e \u00e0 S\u00e9oul dans une famille d\u2019artistes, elle arrive en France \u00e0 l\u2019\u00e2ge de neuf ans et \u00e9tudie \u00e0 l\u2019\u00c9cole nationale sup\u00e9rieure des Arts D\u00e9coratifs de Paris. Son passage au cin\u00e9ma se fait avec <em>Retour \u00e0 S\u00e9oul<\/em> (2022) de Davy Chou, pr\u00e9sent\u00e9 \u00e0 Un Certain Regard, r\u00f4le qui lui vaut une nomination aux C\u00e9sar dans la cat\u00e9gorie R\u00e9v\u00e9lation f\u00e9minine. Elle encha\u00eene ensuite avec la s\u00e9rie <em>La Maison<\/em> en 2024, puis conna\u00eet une pr\u00e9sence marqu\u00e9e au Festival de Cannes en 2025 avec trois films s\u00e9lectionn\u00e9s : <em>La Petite Derni\u00e8re<\/em> d\u2019Hafsia Herzi, <em>Love Me Tender<\/em> d\u2019Anna Cazenave Cambet et <em>Vie priv\u00e9e<\/em> de Rebecca Zlotowski. Elle est \u00e9galement annonc\u00e9e dans <em>Mariage au go\u00fbt d\u2019orange<\/em> de Christophe Honor\u00e9, programm\u00e9 cette ann\u00e9e \u00e0 Cannes Premi\u00e8re.<\/p>\n\n\n\n<p>Ali Asgari s\u2019est fait conna\u00eetre \u00e0 travers ses courts m\u00e9trages, r\u00e9guli\u00e8rement s\u00e9lectionn\u00e9s dans les grands festivals. <em>More Than Two Hours<\/em> (2013) circule notamment \u00e0 Cannes et \u00e0 Sundance, tandis que <em>The Baby<\/em> (2014) et <em>The Silence<\/em> (2016) sont pr\u00e9sent\u00e9s en comp\u00e9tition pour la Palme d\u2019or du court m\u00e9trage. Il d\u00e9veloppe son premier long m\u00e9trage, <em>Disappearance<\/em> (2017), dans le cadre de La R\u00e9sidence du Festival de Cannes. Il poursuit ensuite avec <em>Until Tomorrow<\/em> (2022), qu\u2019il \u00e9crit et cor\u00e9alise, puis avec <em>Chroniques de T\u00e9h\u00e9ran<\/em> (2023), pr\u00e9sent\u00e9 \u00e0 Un Certain Regard. Son film <em>Divine Comedy<\/em> (2025) est s\u00e9lectionn\u00e9 \u00e0 la Mostra de Venise.<\/p>\n\n\n\n<blockquote class=\"wp-block-quote is-layout-flow wp-block-quote-is-layout-flow\">\n<ul class=\"wp-block-list\">\n<li class=\"has-medium-font-size\"><strong>Lire aussi :<\/strong> <a href=\"https:\/\/www.webdo.tn\/fr\/actualite\/culture\/cannes-2024-3\/214229\/\">Cannes 2024 \u2013 \u00ab\u00a0La Jeune femme \u00e0 l\u2019aiguille\u00a0\u00bb de Magnus Von Horn : Un plaidoyer sombre et perturbant pour les droits des femmes<\/a><\/li>\n<\/ul>\n<\/blockquote>\n\n\n\n<p>Salim Kechiouche d\u00e9bute au cin\u00e9ma \u00e0 l\u2019adolescence, dans <em>\u00c0 toute vitesse<\/em> (1996) de Ga\u00ebl Morel, avec lequel il collabore \u00e0 plusieurs reprises par la suite. Il travaille ensuite avec diff\u00e9rents r\u00e9alisateurs, dont Fran\u00e7ois Ozon dans <em>Les Amants criminels<\/em> (1999), Mehdi Ben Attia dans <em>Le Fil<\/em> (2010) et Abdellatif Kechiche dans <em>La Vie d\u2019Ad\u00e8le : Chapitres 1 &amp; 2<\/em> (2013), Palme d\u2019or \u00e0 Cannes. Il participe \u00e9galement \u00e0 la saga <em>Mektoub My Love<\/em> (2017, 2019, 2025). Parall\u00e8lement \u00e0 ses r\u00f4les au cin\u00e9ma, il appara\u00eet dans plusieurs s\u00e9ries, dont <em>Braqueurs<\/em>, <em>Ourika<\/em> et <em>Un proph\u00e8te<\/em>. En 2023, il r\u00e9alise <em>L\u2019Enfant du Paradis<\/em>, inspir\u00e9 du parcours de l\u2019acteur Yasmine Belmadi. Il est \u00e9galement \u00e0 l\u2019affiche de <em>L\u2019Enfant b\u00e9lier<\/em> de Marta Bergman et doit appara\u00eetre prochainement dans <em>Bin u bin : ailleurs la fronti\u00e8re<\/em> de Mohamed Lakhdar Tati.<\/p>\n\n\n\n<p>Magnus von Horn suit une formation en cin\u00e9ma en Pologne, \u00e0 l\u2019\u00c9cole nationale sup\u00e9rieure Leon Schiller, apr\u00e8s avoir grandi en Su\u00e8de. Il y enseigne aujourd\u2019hui. Il commence par r\u00e9aliser plusieurs courts m\u00e9trages pr\u00e9sent\u00e9s en festivals entre 2007 et 2011, avant de passer au long m\u00e9trage avec <em>Le Lendemain<\/em> (2015), centr\u00e9 sur la r\u00e9insertion d\u2019un ancien d\u00e9tenu. Il poursuit avec <em>Sweat<\/em> (2020), consacr\u00e9 aux m\u00e9canismes des r\u00e9seaux sociaux, qui obtient le label Cannes 2020. En 2025, <em>La Jeune Femme \u00e0 l\u2019aiguille<\/em> est s\u00e9lectionn\u00e9 en comp\u00e9tition \u00e0 Cannes et re\u00e7oit des nominations aux Golden Globes et aux Oscars dans la cat\u00e9gorie du meilleur film en langue \u00e9trang\u00e8re.<\/p>\n\n\n\n<p>Pour les Tunisiens, la composition de ce jury rev\u00eat une importance particuli\u00e8re cette ann\u00e9e. La section La Cinef accueille en effet <em>Somewhere I Belong<\/em>, court m\u00e9trage r\u00e9alis\u00e9 par Youssef Handouze. Le film suit un personnage confront\u00e9 \u00e0 une question d\u2019identit\u00e9 et d\u2019appartenance, dans un r\u00e9cit ancr\u00e9 dans une r\u00e9alit\u00e9 contemporaine. Il fait partie des 19 \u0153uvres retenues dans cette s\u00e9lection d\u00e9di\u00e9e aux \u00e9coles de cin\u00e9ma du monde entier. Sa pr\u00e9sence signifie qu\u2019il a \u00e9t\u00e9 s\u00e9lectionn\u00e9 parmi un grand nombre de films issus d\u2019\u00e9tablissements internationaux, chaque \u0153uvre repr\u00e9sentant une \u00e9cole diff\u00e9rente.<\/p>\n\n\n\n<p>Alors que ces films vont \u00eatre d\u00e9couverts et \u00e9valu\u00e9s par le jury, une interrogation demeure : dans quelle mesure ces premi\u00e8res s\u00e9lections, souvent d\u00e9cisives, influencent-elles r\u00e9ellement les trajectoires des cin\u00e9astes qui y sont pr\u00e9sent\u00e9s pour la premi\u00e8re fois \u00e0 Cannes ?<\/p>\n\n\n\n<blockquote class=\"wp-block-quote is-layout-flow wp-block-quote-is-layout-flow\">\n<ul class=\"wp-block-list\">\n<li class=\"has-medium-font-size\"><strong>Lire aussi : <\/strong><a href=\"https:\/\/www.webdo.tn\/fr\/actualite\/culture\/cannes-2026-somewhere-i-belong-represente-la-tunisie-a-la-cinef\/396741\/\">Cannes 2026 : Somewhere I Belong repr\u00e9sente la Tunisie \u00e0 La Cinef<\/a><\/li>\n<\/ul>\n<\/blockquote>\n\n\n\n<p><\/p>\n\n\n<div class=\"wp-block-image\">\n<figure class=\"aligncenter size-full\"><img decoding=\"async\" width=\"939\" height=\"232\" src=\"https:\/\/www.webdo.tn\/fr\/wp-content\/uploads\/2026\/04\/FESTIVAL-Cannes.jpg\" alt=\"\" class=\"wp-image-397024\" srcset=\"https:\/\/www.webdo.tn\/fr\/wp-content\/uploads\/2026\/04\/FESTIVAL-Cannes.jpg 939w, https:\/\/www.webdo.tn\/fr\/wp-content\/uploads\/2026\/04\/FESTIVAL-Cannes-300x74.jpg 300w, https:\/\/www.webdo.tn\/fr\/wp-content\/uploads\/2026\/04\/FESTIVAL-Cannes-768x190.jpg 768w, https:\/\/www.webdo.tn\/fr\/wp-content\/uploads\/2026\/04\/FESTIVAL-Cannes-750x185.jpg 750w\" sizes=\"(max-width: 939px) 100vw, 939px\" \/><\/figure>\n<\/div>","protected":false},"excerpt":{"rendered":"<p>\u00c0 deux semaines de l\u2019ouverture du 79e Festival de Cannes, qui se tiendra du 12 au 23 mai 2026, la Croisette s\u2019appr\u00eate \u00e0 retrouver son rythme intense, entre projections, rencontres professionnelles et annonces qui pr\u00e9cisent progressivement le d\u00e9roulement de cette nouvelle \u00e9dition. Parmi ces annonces figure la composition du Jury des courts m\u00e9trages et de [&hellip;]<\/p>\n","protected":false},"author":3164,"featured_media":397025,"comment_status":"closed","ping_status":"closed","sticky":false,"template":"","format":"standard","meta":{"footnotes":""},"categories":[2594],"tags":[13783,14063,14062,2626,2627],"class_list":["post-397023","post","type-post","status-publish","format-standard","has-post-thumbnail","hentry","category-culture","tag-cannes-2026","tag-carla-simon","tag-cinef","tag-cinema","tag-festival-de-cannes"],"yoast_head":"<!-- This site is optimized with the Yoast SEO Premium plugin v27.4 (Yoast SEO v27.5) - https:\/\/yoast.com\/product\/yoast-seo-premium-wordpress\/ -->\n<title>Cannes 2026 \u2013 Carla Sim\u00f3n pr\u00e9sidera le Jury des courts m\u00e9trages et de La Cinef - webdo<\/title>\n<meta name=\"description\" content=\"Le Festival de Cannes 2026 s&#039;annonce riche : Carla Sim\u00f3n \u00e0 la t\u00eate du jury pour r\u00e9compenser les meilleurs courts m\u00e9trages.\" \/>\n<link rel=\"canonical\" href=\"https:\/\/www.webdo.tn\/fr\/actualite\/culture\/cannes-2026-carla-simon-presidera-le-jury-des-courts-metrages-et-de-la-cinef\/397023\/\" \/>\n<meta property=\"og:locale\" content=\"fr_FR\" \/>\n<meta property=\"og:type\" content=\"article\" \/>\n<meta property=\"og:title\" content=\"Cannes 2026 \u2013 Carla Sim\u00f3n pr\u00e9sidera le Jury des courts m\u00e9trages et de La Cinef\" \/>\n<meta property=\"og:description\" content=\"Le Festival de Cannes 2026 s&#039;annonce riche : Carla Sim\u00f3n \u00e0 la t\u00eate du jury pour r\u00e9compenser les meilleurs courts m\u00e9trages.\" \/>\n<meta property=\"og:url\" content=\"https:\/\/www.webdo.tn\/fr\/actualite\/culture\/cannes-2026-carla-simon-presidera-le-jury-des-courts-metrages-et-de-la-cinef\/397023\/\" \/>\n<meta property=\"og:site_name\" content=\"webdo\" \/>\n<meta property=\"article:publisher\" content=\"https:\/\/www.facebook.com\/webdotn\" \/>\n<meta property=\"article:author\" content=\"https:\/\/www.facebook.com\/massir.destiniii\/\" \/>\n<meta property=\"article:published_time\" content=\"2026-04-29T08:31:33+00:00\" \/>\n<meta property=\"article:modified_time\" content=\"2026-04-29T08:35:01+00:00\" \/>\n<meta property=\"og:image\" content=\"https:\/\/www.webdo.tn\/fr\/wp-content\/uploads\/2026\/04\/Cannes-3.jpg\" \/>\n\t<meta property=\"og:image:width\" content=\"1200\" \/>\n\t<meta property=\"og:image:height\" content=\"600\" \/>\n\t<meta property=\"og:image:type\" content=\"image\/jpeg\" \/>\n<meta name=\"author\" content=\"Ne\u00efla DRISS\" \/>\n<meta name=\"twitter:card\" content=\"summary_large_image\" \/>\n<meta name=\"twitter:creator\" content=\"@https:\/\/x.com\/MassirDestin\" \/>\n<meta name=\"twitter:site\" content=\"@webdo_tn\" \/>\n<meta name=\"twitter:label1\" content=\"\u00c9crit par\" \/>\n\t<meta name=\"twitter:data1\" content=\"Ne\u00efla DRISS\" \/>\n\t<meta name=\"twitter:label2\" content=\"Dur\u00e9e de lecture estim\u00e9e\" \/>\n\t<meta name=\"twitter:data2\" content=\"7 minutes\" \/>\n<script type=\"application\/ld+json\" class=\"yoast-schema-graph\">{\"@context\":\"https:\\\/\\\/schema.org\",\"@graph\":[{\"@type\":\"NewsArticle\",\"@id\":\"https:\\\/\\\/www.webdo.tn\\\/fr\\\/actualite\\\/culture\\\/cannes-2026-carla-simon-presidera-le-jury-des-courts-metrages-et-de-la-cinef\\\/397023\\\/#article\",\"isPartOf\":{\"@id\":\"https:\\\/\\\/www.webdo.tn\\\/fr\\\/actualite\\\/culture\\\/cannes-2026-carla-simon-presidera-le-jury-des-courts-metrages-et-de-la-cinef\\\/397023\\\/\"},\"author\":{\"name\":\"Ne\u00efla DRISS\",\"@id\":\"https:\\\/\\\/www.webdo.tn\\\/fr\\\/#\\\/schema\\\/person\\\/60d5ba619ed3f58783b0dc82b7dada80\"},\"headline\":\"Cannes 2026 \u2013 Carla Sim\u00f3n pr\u00e9sidera le Jury des courts m\u00e9trages et de La Cinef\",\"datePublished\":\"2026-04-29T08:31:33+00:00\",\"dateModified\":\"2026-04-29T08:35:01+00:00\",\"mainEntityOfPage\":{\"@id\":\"https:\\\/\\\/www.webdo.tn\\\/fr\\\/actualite\\\/culture\\\/cannes-2026-carla-simon-presidera-le-jury-des-courts-metrages-et-de-la-cinef\\\/397023\\\/\"},\"wordCount\":1292,\"publisher\":{\"@id\":\"https:\\\/\\\/www.webdo.tn\\\/fr\\\/#organization\"},\"image\":{\"@id\":\"https:\\\/\\\/www.webdo.tn\\\/fr\\\/actualite\\\/culture\\\/cannes-2026-carla-simon-presidera-le-jury-des-courts-metrages-et-de-la-cinef\\\/397023\\\/#primaryimage\"},\"thumbnailUrl\":\"https:\\\/\\\/www.webdo.tn\\\/fr\\\/wp-content\\\/uploads\\\/2026\\\/04\\\/Cannes-3.jpg\",\"keywords\":[\"Cannes 2026\",\"Carla Sim\u00f3n\",\"Cinef\",\"Cin\u00e9ma\",\"Festival de Cannes\"],\"articleSection\":[\"Culture\"],\"inLanguage\":\"fr-FR\"},{\"@type\":\"WebPage\",\"@id\":\"https:\\\/\\\/www.webdo.tn\\\/fr\\\/actualite\\\/culture\\\/cannes-2026-carla-simon-presidera-le-jury-des-courts-metrages-et-de-la-cinef\\\/397023\\\/\",\"url\":\"https:\\\/\\\/www.webdo.tn\\\/fr\\\/actualite\\\/culture\\\/cannes-2026-carla-simon-presidera-le-jury-des-courts-metrages-et-de-la-cinef\\\/397023\\\/\",\"name\":\"Cannes 2026 \u2013 Carla Sim\u00f3n pr\u00e9sidera le Jury des courts m\u00e9trages et de La Cinef - webdo\",\"isPartOf\":{\"@id\":\"https:\\\/\\\/www.webdo.tn\\\/fr\\\/#website\"},\"primaryImageOfPage\":{\"@id\":\"https:\\\/\\\/www.webdo.tn\\\/fr\\\/actualite\\\/culture\\\/cannes-2026-carla-simon-presidera-le-jury-des-courts-metrages-et-de-la-cinef\\\/397023\\\/#primaryimage\"},\"image\":{\"@id\":\"https:\\\/\\\/www.webdo.tn\\\/fr\\\/actualite\\\/culture\\\/cannes-2026-carla-simon-presidera-le-jury-des-courts-metrages-et-de-la-cinef\\\/397023\\\/#primaryimage\"},\"thumbnailUrl\":\"https:\\\/\\\/www.webdo.tn\\\/fr\\\/wp-content\\\/uploads\\\/2026\\\/04\\\/Cannes-3.jpg\",\"datePublished\":\"2026-04-29T08:31:33+00:00\",\"dateModified\":\"2026-04-29T08:35:01+00:00\",\"description\":\"Le Festival de Cannes 2026 s'annonce riche : Carla Sim\u00f3n \u00e0 la t\u00eate du jury pour r\u00e9compenser les meilleurs courts m\u00e9trages.\",\"breadcrumb\":{\"@id\":\"https:\\\/\\\/www.webdo.tn\\\/fr\\\/actualite\\\/culture\\\/cannes-2026-carla-simon-presidera-le-jury-des-courts-metrages-et-de-la-cinef\\\/397023\\\/#breadcrumb\"},\"inLanguage\":\"fr-FR\",\"potentialAction\":[{\"@type\":\"ReadAction\",\"target\":[\"https:\\\/\\\/www.webdo.tn\\\/fr\\\/actualite\\\/culture\\\/cannes-2026-carla-simon-presidera-le-jury-des-courts-metrages-et-de-la-cinef\\\/397023\\\/\"]}]},{\"@type\":\"ImageObject\",\"inLanguage\":\"fr-FR\",\"@id\":\"https:\\\/\\\/www.webdo.tn\\\/fr\\\/actualite\\\/culture\\\/cannes-2026-carla-simon-presidera-le-jury-des-courts-metrages-et-de-la-cinef\\\/397023\\\/#primaryimage\",\"url\":\"https:\\\/\\\/www.webdo.tn\\\/fr\\\/wp-content\\\/uploads\\\/2026\\\/04\\\/Cannes-3.jpg\",\"contentUrl\":\"https:\\\/\\\/www.webdo.tn\\\/fr\\\/wp-content\\\/uploads\\\/2026\\\/04\\\/Cannes-3.jpg\",\"width\":1200,\"height\":600,\"caption\":\"Cannes 2026 \u2013 Carla Sim\u00f3n pr\u00e9sidera le Jury des courts m\u00e9trages et de La Cinef\"},{\"@type\":\"BreadcrumbList\",\"@id\":\"https:\\\/\\\/www.webdo.tn\\\/fr\\\/actualite\\\/culture\\\/cannes-2026-carla-simon-presidera-le-jury-des-courts-metrages-et-de-la-cinef\\\/397023\\\/#breadcrumb\",\"itemListElement\":[{\"@type\":\"ListItem\",\"position\":1,\"name\":\"Accueil\",\"item\":\"https:\\\/\\\/www.webdo.tn\\\/fr\\\/\"},{\"@type\":\"ListItem\",\"position\":2,\"name\":\"Cannes 2026 \u2013 Carla Sim\u00f3n pr\u00e9sidera le Jury des courts m\u00e9trages et de La Cinef\"}]},{\"@type\":\"WebSite\",\"@id\":\"https:\\\/\\\/www.webdo.tn\\\/fr\\\/#website\",\"url\":\"https:\\\/\\\/www.webdo.tn\\\/fr\\\/\",\"name\":\"webdo\",\"description\":\"Tunisie - News en Tunisie et \u00e0 l&#039;international sur Webdo.tn\",\"publisher\":{\"@id\":\"https:\\\/\\\/www.webdo.tn\\\/fr\\\/#organization\"},\"potentialAction\":[{\"@type\":\"SearchAction\",\"target\":{\"@type\":\"EntryPoint\",\"urlTemplate\":\"https:\\\/\\\/www.webdo.tn\\\/fr\\\/?s={search_term_string}\"},\"query-input\":{\"@type\":\"PropertyValueSpecification\",\"valueRequired\":true,\"valueName\":\"search_term_string\"}}],\"inLanguage\":\"fr-FR\"},{\"@type\":\"Organization\",\"@id\":\"https:\\\/\\\/www.webdo.tn\\\/fr\\\/#organization\",\"name\":\"Webdo\",\"alternateName\":\"Webdo.tn\",\"url\":\"https:\\\/\\\/www.webdo.tn\\\/fr\\\/\",\"logo\":{\"@type\":\"ImageObject\",\"inLanguage\":\"fr-FR\",\"@id\":\"https:\\\/\\\/www.webdo.tn\\\/fr\\\/#\\\/schema\\\/logo\\\/image\\\/\",\"url\":\"https:\\\/\\\/www.webdo.tn\\\/fr\\\/wp-content\\\/uploads\\\/2025\\\/06\\\/Webdo-Tunisie_168377.jpg\",\"contentUrl\":\"https:\\\/\\\/www.webdo.tn\\\/fr\\\/wp-content\\\/uploads\\\/2025\\\/06\\\/Webdo-Tunisie_168377.jpg\",\"width\":301,\"height\":301,\"caption\":\"Webdo\"},\"image\":{\"@id\":\"https:\\\/\\\/www.webdo.tn\\\/fr\\\/#\\\/schema\\\/logo\\\/image\\\/\"},\"sameAs\":[\"https:\\\/\\\/www.facebook.com\\\/webdotn\",\"https:\\\/\\\/x.com\\\/webdo_tn\"],\"description\":\"Webdo est un m\u00e9dia num\u00e9rique tunisien fond\u00e9 en 2010, sp\u00e9cialis\u00e9 dans l\u2019actualit\u00e9 nationale et internationale, l\u2019\u00e9conomie, la soci\u00e9t\u00e9 et les analyses politiques. Le site s\u2019adresse \u00e0 un large public francophone et couvre l\u2019information tunisienne en temps r\u00e9el.\",\"email\":\"redac@webdo.tn\",\"legalName\":\"YNJ SARL\",\"foundingDate\":\"2010-09-06\",\"numberOfEmployees\":{\"@type\":\"QuantitativeValue\",\"minValue\":\"11\",\"maxValue\":\"50\"}},{\"@type\":\"Person\",\"@id\":\"https:\\\/\\\/www.webdo.tn\\\/fr\\\/#\\\/schema\\\/person\\\/60d5ba619ed3f58783b0dc82b7dada80\",\"name\":\"Ne\u00efla DRISS\",\"image\":{\"@type\":\"ImageObject\",\"inLanguage\":\"fr-FR\",\"@id\":\"https:\\\/\\\/www.webdo.tn\\\/fr\\\/wp-content\\\/uploads\\\/2026\\\/04\\\/neila-driss_avatar-96x96.jpg\",\"url\":\"https:\\\/\\\/www.webdo.tn\\\/fr\\\/wp-content\\\/uploads\\\/2026\\\/04\\\/neila-driss_avatar-96x96.jpg\",\"contentUrl\":\"https:\\\/\\\/www.webdo.tn\\\/fr\\\/wp-content\\\/uploads\\\/2026\\\/04\\\/neila-driss_avatar-96x96.jpg\",\"caption\":\"Ne\u00efla DRISS\"},\"description\":\"Ne\u00efla Driss est juriste, journaliste culturelle et critique de cin\u00e9ma tunisienne. Titulaire d\u2019un DEA en droit priv\u00e9 de l\u2019Universit\u00e9 Paris II et d\u2019un DESS de l\u2019IHEC Carthage, elle d\u00e9bute sa carri\u00e8re comme juriste sp\u00e9cialis\u00e9e en gestion de patrimoine immobilier. Elle s\u2019oriente ensuite vers l\u2019\u00e9criture en ligne, o\u00f9 elle se distingue d\u00e8s 2006 aux Tunisia Blog Awards, avant de se consacrer au journalisme culturel, avec une sp\u00e9cialisation dans la critique cin\u00e9matographique. Elle couvre r\u00e9guli\u00e8rement les grands festivals internationaux, notamment le Festival de Cannes, les Journ\u00e9es Cin\u00e9matographiques de Carthage et le Festival du film du Caire. Membre de l\u2019ATPCC et de la FIPRESCI, elle participe \u00e0 des jurys et initiatives internationales de critique. Depuis 2024, elle est \u00e9lectrice internationale aux Golden Globes. Facebook : https:\\\/\\\/www.facebook.com\\\/massir.destiniii\\\/ X : https:\\\/\\\/x.com\\\/MassirDestin\",\"sameAs\":[\"https:\\\/\\\/www.facebook.com\\\/massir.destiniii\\\/\",\"https:\\\/\\\/www.instagram.com\\\/neila.driss\\\/?hl=fr\",\"https:\\\/\\\/www.linkedin.com\\\/in\\\/neila-driss-22606a80\\\/\",\"https:\\\/\\\/x.com\\\/https:\\\/\\\/x.com\\\/MassirDestin\"],\"knowsAbout\":[\"Cin\u00e9ma international\",\"critique cin\u00e9matographique\",\"festivals de cin\u00e9ma\",\"journalisme culturel\"],\"knowsLanguage\":[\"Fran\u00e7ais\",\"Arabe\",\"Anglais\"],\"jobTitle\":\"Journaliste culturelle et critique de cin\u00e9ma\",\"worksFor\":\"Webdo\",\"url\":\"https:\\\/\\\/www.webdo.tn\\\/fr\\\/actualite\\\/author\\\/neila-driss\\\/\"}]}<\/script>\n<!-- \/ Yoast SEO Premium plugin. -->","yoast_head_json":{"title":"Cannes 2026 \u2013 Carla Sim\u00f3n pr\u00e9sidera le Jury des courts m\u00e9trages et de La Cinef - webdo","description":"Le Festival de Cannes 2026 s'annonce riche : Carla Sim\u00f3n \u00e0 la t\u00eate du jury pour r\u00e9compenser les meilleurs courts m\u00e9trages.","canonical":"https:\/\/www.webdo.tn\/fr\/actualite\/culture\/cannes-2026-carla-simon-presidera-le-jury-des-courts-metrages-et-de-la-cinef\/397023\/","og_locale":"fr_FR","og_type":"article","og_title":"Cannes 2026 \u2013 Carla Sim\u00f3n pr\u00e9sidera le Jury des courts m\u00e9trages et de La Cinef","og_description":"Le Festival de Cannes 2026 s'annonce riche : Carla Sim\u00f3n \u00e0 la t\u00eate du jury pour r\u00e9compenser les meilleurs courts m\u00e9trages.","og_url":"https:\/\/www.webdo.tn\/fr\/actualite\/culture\/cannes-2026-carla-simon-presidera-le-jury-des-courts-metrages-et-de-la-cinef\/397023\/","og_site_name":"webdo","article_publisher":"https:\/\/www.facebook.com\/webdotn","article_author":"https:\/\/www.facebook.com\/massir.destiniii\/","article_published_time":"2026-04-29T08:31:33+00:00","article_modified_time":"2026-04-29T08:35:01+00:00","og_image":[{"width":1200,"height":600,"url":"https:\/\/www.webdo.tn\/fr\/wp-content\/uploads\/2026\/04\/Cannes-3.jpg","type":"image\/jpeg"}],"author":"Ne\u00efla DRISS","twitter_card":"summary_large_image","twitter_creator":"@https:\/\/x.com\/MassirDestin","twitter_site":"@webdo_tn","twitter_misc":{"\u00c9crit par":"Ne\u00efla DRISS","Dur\u00e9e de lecture estim\u00e9e":"7 minutes"},"schema":{"@context":"https:\/\/schema.org","@graph":[{"@type":"NewsArticle","@id":"https:\/\/www.webdo.tn\/fr\/actualite\/culture\/cannes-2026-carla-simon-presidera-le-jury-des-courts-metrages-et-de-la-cinef\/397023\/#article","isPartOf":{"@id":"https:\/\/www.webdo.tn\/fr\/actualite\/culture\/cannes-2026-carla-simon-presidera-le-jury-des-courts-metrages-et-de-la-cinef\/397023\/"},"author":{"name":"Ne\u00efla DRISS","@id":"https:\/\/www.webdo.tn\/fr\/#\/schema\/person\/60d5ba619ed3f58783b0dc82b7dada80"},"headline":"Cannes 2026 \u2013 Carla Sim\u00f3n pr\u00e9sidera le Jury des courts m\u00e9trages et de La Cinef","datePublished":"2026-04-29T08:31:33+00:00","dateModified":"2026-04-29T08:35:01+00:00","mainEntityOfPage":{"@id":"https:\/\/www.webdo.tn\/fr\/actualite\/culture\/cannes-2026-carla-simon-presidera-le-jury-des-courts-metrages-et-de-la-cinef\/397023\/"},"wordCount":1292,"publisher":{"@id":"https:\/\/www.webdo.tn\/fr\/#organization"},"image":{"@id":"https:\/\/www.webdo.tn\/fr\/actualite\/culture\/cannes-2026-carla-simon-presidera-le-jury-des-courts-metrages-et-de-la-cinef\/397023\/#primaryimage"},"thumbnailUrl":"https:\/\/www.webdo.tn\/fr\/wp-content\/uploads\/2026\/04\/Cannes-3.jpg","keywords":["Cannes 2026","Carla Sim\u00f3n","Cinef","Cin\u00e9ma","Festival de Cannes"],"articleSection":["Culture"],"inLanguage":"fr-FR"},{"@type":"WebPage","@id":"https:\/\/www.webdo.tn\/fr\/actualite\/culture\/cannes-2026-carla-simon-presidera-le-jury-des-courts-metrages-et-de-la-cinef\/397023\/","url":"https:\/\/www.webdo.tn\/fr\/actualite\/culture\/cannes-2026-carla-simon-presidera-le-jury-des-courts-metrages-et-de-la-cinef\/397023\/","name":"Cannes 2026 \u2013 Carla Sim\u00f3n pr\u00e9sidera le Jury des courts m\u00e9trages et de La Cinef - webdo","isPartOf":{"@id":"https:\/\/www.webdo.tn\/fr\/#website"},"primaryImageOfPage":{"@id":"https:\/\/www.webdo.tn\/fr\/actualite\/culture\/cannes-2026-carla-simon-presidera-le-jury-des-courts-metrages-et-de-la-cinef\/397023\/#primaryimage"},"image":{"@id":"https:\/\/www.webdo.tn\/fr\/actualite\/culture\/cannes-2026-carla-simon-presidera-le-jury-des-courts-metrages-et-de-la-cinef\/397023\/#primaryimage"},"thumbnailUrl":"https:\/\/www.webdo.tn\/fr\/wp-content\/uploads\/2026\/04\/Cannes-3.jpg","datePublished":"2026-04-29T08:31:33+00:00","dateModified":"2026-04-29T08:35:01+00:00","description":"Le Festival de Cannes 2026 s'annonce riche : Carla Sim\u00f3n \u00e0 la t\u00eate du jury pour r\u00e9compenser les meilleurs courts m\u00e9trages.","breadcrumb":{"@id":"https:\/\/www.webdo.tn\/fr\/actualite\/culture\/cannes-2026-carla-simon-presidera-le-jury-des-courts-metrages-et-de-la-cinef\/397023\/#breadcrumb"},"inLanguage":"fr-FR","potentialAction":[{"@type":"ReadAction","target":["https:\/\/www.webdo.tn\/fr\/actualite\/culture\/cannes-2026-carla-simon-presidera-le-jury-des-courts-metrages-et-de-la-cinef\/397023\/"]}]},{"@type":"ImageObject","inLanguage":"fr-FR","@id":"https:\/\/www.webdo.tn\/fr\/actualite\/culture\/cannes-2026-carla-simon-presidera-le-jury-des-courts-metrages-et-de-la-cinef\/397023\/#primaryimage","url":"https:\/\/www.webdo.tn\/fr\/wp-content\/uploads\/2026\/04\/Cannes-3.jpg","contentUrl":"https:\/\/www.webdo.tn\/fr\/wp-content\/uploads\/2026\/04\/Cannes-3.jpg","width":1200,"height":600,"caption":"Cannes 2026 \u2013 Carla Sim\u00f3n pr\u00e9sidera le Jury des courts m\u00e9trages et de La Cinef"},{"@type":"BreadcrumbList","@id":"https:\/\/www.webdo.tn\/fr\/actualite\/culture\/cannes-2026-carla-simon-presidera-le-jury-des-courts-metrages-et-de-la-cinef\/397023\/#breadcrumb","itemListElement":[{"@type":"ListItem","position":1,"name":"Accueil","item":"https:\/\/www.webdo.tn\/fr\/"},{"@type":"ListItem","position":2,"name":"Cannes 2026 \u2013 Carla Sim\u00f3n pr\u00e9sidera le Jury des courts m\u00e9trages et de La Cinef"}]},{"@type":"WebSite","@id":"https:\/\/www.webdo.tn\/fr\/#website","url":"https:\/\/www.webdo.tn\/fr\/","name":"webdo","description":"Tunisie - News en Tunisie et \u00e0 l&#039;international sur Webdo.tn","publisher":{"@id":"https:\/\/www.webdo.tn\/fr\/#organization"},"potentialAction":[{"@type":"SearchAction","target":{"@type":"EntryPoint","urlTemplate":"https:\/\/www.webdo.tn\/fr\/?s={search_term_string}"},"query-input":{"@type":"PropertyValueSpecification","valueRequired":true,"valueName":"search_term_string"}}],"inLanguage":"fr-FR"},{"@type":"Organization","@id":"https:\/\/www.webdo.tn\/fr\/#organization","name":"Webdo","alternateName":"Webdo.tn","url":"https:\/\/www.webdo.tn\/fr\/","logo":{"@type":"ImageObject","inLanguage":"fr-FR","@id":"https:\/\/www.webdo.tn\/fr\/#\/schema\/logo\/image\/","url":"https:\/\/www.webdo.tn\/fr\/wp-content\/uploads\/2025\/06\/Webdo-Tunisie_168377.jpg","contentUrl":"https:\/\/www.webdo.tn\/fr\/wp-content\/uploads\/2025\/06\/Webdo-Tunisie_168377.jpg","width":301,"height":301,"caption":"Webdo"},"image":{"@id":"https:\/\/www.webdo.tn\/fr\/#\/schema\/logo\/image\/"},"sameAs":["https:\/\/www.facebook.com\/webdotn","https:\/\/x.com\/webdo_tn"],"description":"Webdo est un m\u00e9dia num\u00e9rique tunisien fond\u00e9 en 2010, sp\u00e9cialis\u00e9 dans l\u2019actualit\u00e9 nationale et internationale, l\u2019\u00e9conomie, la soci\u00e9t\u00e9 et les analyses politiques. Le site s\u2019adresse \u00e0 un large public francophone et couvre l\u2019information tunisienne en temps r\u00e9el.","email":"redac@webdo.tn","legalName":"YNJ SARL","foundingDate":"2010-09-06","numberOfEmployees":{"@type":"QuantitativeValue","minValue":"11","maxValue":"50"}},{"@type":"Person","@id":"https:\/\/www.webdo.tn\/fr\/#\/schema\/person\/60d5ba619ed3f58783b0dc82b7dada80","name":"Ne\u00efla DRISS","image":{"@type":"ImageObject","inLanguage":"fr-FR","@id":"https:\/\/www.webdo.tn\/fr\/wp-content\/uploads\/2026\/04\/neila-driss_avatar-96x96.jpg","url":"https:\/\/www.webdo.tn\/fr\/wp-content\/uploads\/2026\/04\/neila-driss_avatar-96x96.jpg","contentUrl":"https:\/\/www.webdo.tn\/fr\/wp-content\/uploads\/2026\/04\/neila-driss_avatar-96x96.jpg","caption":"Ne\u00efla DRISS"},"description":"Ne\u00efla Driss est juriste, journaliste culturelle et critique de cin\u00e9ma tunisienne. Titulaire d\u2019un DEA en droit priv\u00e9 de l\u2019Universit\u00e9 Paris II et d\u2019un DESS de l\u2019IHEC Carthage, elle d\u00e9bute sa carri\u00e8re comme juriste sp\u00e9cialis\u00e9e en gestion de patrimoine immobilier. Elle s\u2019oriente ensuite vers l\u2019\u00e9criture en ligne, o\u00f9 elle se distingue d\u00e8s 2006 aux Tunisia Blog Awards, avant de se consacrer au journalisme culturel, avec une sp\u00e9cialisation dans la critique cin\u00e9matographique. Elle couvre r\u00e9guli\u00e8rement les grands festivals internationaux, notamment le Festival de Cannes, les Journ\u00e9es Cin\u00e9matographiques de Carthage et le Festival du film du Caire. Membre de l\u2019ATPCC et de la FIPRESCI, elle participe \u00e0 des jurys et initiatives internationales de critique. Depuis 2024, elle est \u00e9lectrice internationale aux Golden Globes. Facebook : https:\/\/www.facebook.com\/massir.destiniii\/ X : https:\/\/x.com\/MassirDestin","sameAs":["https:\/\/www.facebook.com\/massir.destiniii\/","https:\/\/www.instagram.com\/neila.driss\/?hl=fr","https:\/\/www.linkedin.com\/in\/neila-driss-22606a80\/","https:\/\/x.com\/https:\/\/x.com\/MassirDestin"],"knowsAbout":["Cin\u00e9ma international","critique cin\u00e9matographique","festivals de cin\u00e9ma","journalisme culturel"],"knowsLanguage":["Fran\u00e7ais","Arabe","Anglais"],"jobTitle":"Journaliste culturelle et critique de cin\u00e9ma","worksFor":"Webdo","url":"https:\/\/www.webdo.tn\/fr\/actualite\/author\/neila-driss\/"}]}},"_links":{"self":[{"href":"https:\/\/www.webdo.tn\/fr\/wp-json\/wp\/v2\/posts\/397023","targetHints":{"allow":["GET"]}}],"collection":[{"href":"https:\/\/www.webdo.tn\/fr\/wp-json\/wp\/v2\/posts"}],"about":[{"href":"https:\/\/www.webdo.tn\/fr\/wp-json\/wp\/v2\/types\/post"}],"author":[{"embeddable":true,"href":"https:\/\/www.webdo.tn\/fr\/wp-json\/wp\/v2\/users\/3164"}],"replies":[{"embeddable":true,"href":"https:\/\/www.webdo.tn\/fr\/wp-json\/wp\/v2\/comments?post=397023"}],"version-history":[{"count":1,"href":"https:\/\/www.webdo.tn\/fr\/wp-json\/wp\/v2\/posts\/397023\/revisions"}],"predecessor-version":[{"id":397026,"href":"https:\/\/www.webdo.tn\/fr\/wp-json\/wp\/v2\/posts\/397023\/revisions\/397026"}],"wp:featuredmedia":[{"embeddable":true,"href":"https:\/\/www.webdo.tn\/fr\/wp-json\/wp\/v2\/media\/397025"}],"wp:attachment":[{"href":"https:\/\/www.webdo.tn\/fr\/wp-json\/wp\/v2\/media?parent=397023"}],"wp:term":[{"taxonomy":"category","embeddable":true,"href":"https:\/\/www.webdo.tn\/fr\/wp-json\/wp\/v2\/categories?post=397023"},{"taxonomy":"post_tag","embeddable":true,"href":"https:\/\/www.webdo.tn\/fr\/wp-json\/wp\/v2\/tags?post=397023"}],"curies":[{"name":"wp","href":"https:\/\/api.w.org\/{rel}","templated":true}]}}