{"id":397014,"date":"2026-04-29T09:12:13","date_gmt":"2026-04-29T08:12:13","guid":{"rendered":"https:\/\/www.webdo.tn\/fr\/?p=397014"},"modified":"2026-04-29T09:12:15","modified_gmt":"2026-04-29T08:12:15","slug":"ligue-1-j27-deplacement-sous-tension-pour-le-club-africain","status":"publish","type":"post","link":"https:\/\/www.webdo.tn\/fr\/actualite\/sport\/ligue-1-j27-deplacement-sous-tension-pour-le-club-africain\/397014\/","title":{"rendered":"Ligue 1 &#8211; J27 : D\u00e9placement sous tension pour le Club Africain"},"content":{"rendered":"\n<p><strong>La 27e journ\u00e9e de Ligue 1 tunisienne s\u2019ouvre ce mercredi avec quatre affiches aux enjeux multiples, entre lutte pour le titre et bataille pour le maintien. Leader solide, le Club Africain joue gros en d\u00e9placement face \u00e0 AS Soliman dans un contexte logistique mouvement\u00e9. En parall\u00e8le, un derby tunisois anime le Bardo.<\/strong><\/p>\n\n\n\n<h2 class=\"wp-block-heading\" id=\"h-un-leader-chahute-hors-du-terrain\">Un leader chahut\u00e9 hors du terrain<\/h2>\n\n\n\n<p>Le d\u00e9placement du Club Africain au Kef n\u2019a pas \u00e9t\u00e9 de tout repos avant m\u00eame le coup d\u2019envoi. Refus\u00e9s au Kram puis \u00e0 Bir Bouregba, les Clubistes \u00e9volueront finalement au stade du Kef, \u00e0 huis clos, apr\u00e8s un accord tardif des autorit\u00e9s locales.<\/p>\n\n\n\n<p>Sur le plan sportif, les hommes de Bab Jedid visent une 20e rencontre cons\u00e9cutive sans d\u00e9faite pour conforter leur fauteuil de leader (58 points). En face, l\u2019AS Soliman, relanc\u00e9e par un succ\u00e8s r\u00e9cent, joue sa survie et pourrait poser de s\u00e9rieux probl\u00e8mes.<\/p>\n\n\n\n<blockquote class=\"wp-block-quote is-layout-flow wp-block-quote-is-layout-flow\">\n<ul class=\"wp-block-list\">\n<li class=\"has-medium-font-size\"><strong>Lire aussi :<\/strong> <a href=\"https:\/\/www.webdo.tn\/fr\/actualite\/sport\/sprint-final-en-vue-calendrier-charge-pour-la-fin-de-saison-du-football-tunisien\/396730\/\">Ligue 1 | 26\u00e8me journ\u00e9e : Le Club Africain prend les commandes<\/a><\/li>\n<\/ul>\n<\/blockquote>\n\n\n\n<h2 class=\"wp-block-heading\" id=\"h-derby-au-bardo\">Derby au Bardo<\/h2>\n\n\n\n<p>Au stade du Bardo, le Stade Tunisien re\u00e7oit la JS Omrane dans un duel 100% tunisois.<\/p>\n\n\n\n<p>Les Bardolais, quatri\u00e8mes (44 points), traversent une zone de turbulences avec quatre matches sans victoire. Une r\u00e9action est attendue pour rester dans la course aux places africaines. En face, la JS Omrane tentera de rebondir apr\u00e8s son faux pas, dans un match qui s\u2019annonce accroch\u00e9.<\/p>\n\n\n\n<p>Cinqui\u00e8me, l\u2019US Monastirienne n\u2019a plus droit \u00e0 l\u2019erreur face \u00e0 AS Gab\u00e9s. Les Monastiriens restent sur cinq rencontres sans succ\u00e8s et voient leurs ambitions s\u2019effriter. Pour les Sudistes, derniers du classement (18 points), chaque point est d\u00e9sormais vital dans la course au maintien.<\/p>\n\n\n\n<p>Enfin, l\u2019ES M\u00e9tlaoui accueille l\u2019Etoile du Sahel. Les deux formations, respectivement 7e et 6e, veulent s\u2019accrocher au wagon de t\u00eate dans cette phase d\u00e9cisive.<\/p>\n\n\n\n<h2 class=\"wp-block-heading\" id=\"h-programme-de-la-27eme-journee-15h30\">Programme de la 27\u00e8me journ\u00e9e (15h30)<\/h2>\n\n\n\n<p><strong>Mercredi 29 avril<\/strong><\/p>\n\n\n\n<ul class=\"wp-block-list\">\n<li>AS Soliman \u2013 Club Africain<\/li>\n\n\n\n<li>Stade Tunisien \u2013 JS Omrane<\/li>\n\n\n\n<li>US Monastirienne \u2013 AS Gabes<\/li>\n\n\n\n<li>ES M\u00e9tlaoui \u2013 ES Sahel<\/li>\n<\/ul>\n\n\n\n<p><strong>Jeudi 30 avril<\/strong><\/p>\n\n\n\n<ul class=\"wp-block-list\">\n<li>ES Tunis \u2013 CS Sfaxien<\/li>\n\n\n\n<li>AS Marsa \u2013 ES Zarzis<\/li>\n\n\n\n<li>Olympique de B\u00e9ja \u2013 CA Bizertin<\/li>\n\n\n\n<li>JS Kairouanaise \u2013 US Ben Guerdane<\/li>\n<\/ul>\n\n\n\n<p><\/p>\n\n\n\n<blockquote class=\"wp-block-quote is-layout-flow wp-block-quote-is-layout-flow\">\n<ul class=\"wp-block-list\">\n<li class=\"has-medium-font-size\"><strong>Lire aussi :<\/strong> <a href=\"https:\/\/www.webdo.tn\/fr\/actualite\/sport\/ligue-1-le-sprint-final-est-lance-quatre-journees-sous-haute-tension\/396897\/\">Ligue 1 : Le sprint final est lanc\u00e9, quatre journ\u00e9es sous haute tension<\/a><\/li>\n<\/ul>\n<\/blockquote>\n","protected":false},"excerpt":{"rendered":"<p>La 27e journ\u00e9e de Ligue 1 tunisienne s\u2019ouvre ce mercredi avec quatre affiches aux enjeux multiples, entre lutte pour le titre et bataille pour le maintien. Leader solide, le Club Africain joue gros en d\u00e9placement face \u00e0 AS Soliman dans un contexte logistique mouvement\u00e9. En parall\u00e8le, un derby tunisois anime le Bardo. Un leader chahut\u00e9 [&hellip;]<\/p>\n","protected":false},"author":3189,"featured_media":395909,"comment_status":"closed","ping_status":"closed","sticky":false,"template":"","format":"standard","meta":{"footnotes":""},"categories":[13163,2593],"tags":[3738,2622,2777,2608],"class_list":["post-397014","post","type-post","status-publish","format-standard","has-post-thumbnail","hentry","category-epingle","category-sport","tag-championnat-de-tunisie","tag-football","tag-ligue-1","tag-tunisie"],"yoast_head":"<!-- This site is optimized with the Yoast SEO Premium plugin v27.4 (Yoast SEO v27.5) - https:\/\/yoast.com\/product\/yoast-seo-premium-wordpress\/ -->\n<title>Ligue 1 - J27 : D\u00e9placement sous tension pour le Club Africain - webdo<\/title>\n<meta name=\"description\" content=\"Le Club Africain vise une 20e rencontre sans d\u00e9faite contre l&#039;AS Soliman. Suivez leur parcours dans la Ligue 1 tunisienne.\" \/>\n<link rel=\"canonical\" href=\"https:\/\/www.webdo.tn\/fr\/actualite\/sport\/ligue-1-j27-deplacement-sous-tension-pour-le-club-africain\/397014\/\" \/>\n<meta property=\"og:locale\" content=\"fr_FR\" \/>\n<meta property=\"og:type\" content=\"article\" \/>\n<meta property=\"og:title\" content=\"Ligue 1 - J27 : D\u00e9placement sous tension pour le Club Africain\" \/>\n<meta property=\"og:description\" content=\"Le Club Africain vise une 20e rencontre sans d\u00e9faite contre l&#039;AS Soliman. Suivez leur parcours dans la Ligue 1 tunisienne.\" \/>\n<meta property=\"og:url\" content=\"https:\/\/www.webdo.tn\/fr\/actualite\/sport\/ligue-1-j27-deplacement-sous-tension-pour-le-club-africain\/397014\/\" \/>\n<meta property=\"og:site_name\" content=\"webdo\" \/>\n<meta property=\"article:publisher\" content=\"https:\/\/www.facebook.com\/webdotn\" \/>\n<meta property=\"article:author\" content=\"https:\/\/www.facebook.com\/youssef.rc.92\" \/>\n<meta property=\"article:published_time\" content=\"2026-04-29T08:12:13+00:00\" \/>\n<meta property=\"article:modified_time\" content=\"2026-04-29T08:12:15+00:00\" \/>\n<meta property=\"og:image\" content=\"https:\/\/www.webdo.tn\/fr\/wp-content\/uploads\/2026\/04\/666847675_1410652041103697_6924168490362011028_n.jpg\" \/>\n\t<meta property=\"og:image:width\" content=\"1200\" \/>\n\t<meta property=\"og:image:height\" content=\"600\" \/>\n\t<meta property=\"og:image:type\" content=\"image\/jpeg\" \/>\n<meta name=\"author\" content=\"Maher Chaabane\" \/>\n<meta name=\"twitter:card\" content=\"summary_large_image\" \/>\n<meta name=\"twitter:creator\" content=\"@webdo_tn\" \/>\n<meta name=\"twitter:site\" content=\"@webdo_tn\" \/>\n<meta name=\"twitter:label1\" content=\"\u00c9crit par\" \/>\n\t<meta name=\"twitter:data1\" content=\"Maher Chaabane\" \/>\n\t<meta name=\"twitter:label2\" content=\"Dur\u00e9e de lecture estim\u00e9e\" \/>\n\t<meta name=\"twitter:data2\" content=\"2 minutes\" \/>\n<script type=\"application\/ld+json\" class=\"yoast-schema-graph\">{\"@context\":\"https:\\\/\\\/schema.org\",\"@graph\":[{\"@type\":\"NewsArticle\",\"@id\":\"https:\\\/\\\/www.webdo.tn\\\/fr\\\/actualite\\\/sport\\\/ligue-1-j27-deplacement-sous-tension-pour-le-club-africain\\\/397014\\\/#article\",\"isPartOf\":{\"@id\":\"https:\\\/\\\/www.webdo.tn\\\/fr\\\/actualite\\\/sport\\\/ligue-1-j27-deplacement-sous-tension-pour-le-club-africain\\\/397014\\\/\"},\"author\":{\"name\":\"Maher Chaabane\",\"@id\":\"https:\\\/\\\/www.webdo.tn\\\/fr\\\/#\\\/schema\\\/person\\\/57c261717927697fcf719ab1058a8003\"},\"headline\":\"Ligue 1 &#8211; J27 : D\u00e9placement sous tension pour le Club Africain\",\"datePublished\":\"2026-04-29T08:12:13+00:00\",\"dateModified\":\"2026-04-29T08:12:15+00:00\",\"mainEntityOfPage\":{\"@id\":\"https:\\\/\\\/www.webdo.tn\\\/fr\\\/actualite\\\/sport\\\/ligue-1-j27-deplacement-sous-tension-pour-le-club-africain\\\/397014\\\/\"},\"wordCount\":386,\"publisher\":{\"@id\":\"https:\\\/\\\/www.webdo.tn\\\/fr\\\/#organization\"},\"image\":{\"@id\":\"https:\\\/\\\/www.webdo.tn\\\/fr\\\/actualite\\\/sport\\\/ligue-1-j27-deplacement-sous-tension-pour-le-club-africain\\\/397014\\\/#primaryimage\"},\"thumbnailUrl\":\"https:\\\/\\\/www.webdo.tn\\\/fr\\\/wp-content\\\/uploads\\\/2026\\\/04\\\/666847675_1410652041103697_6924168490362011028_n.jpg\",\"keywords\":[\"championnat de tunisie\",\"football\",\"Ligue 1\",\"Tunisie\"],\"articleSection\":[\"\u00c9pingle\",\"Sport\"],\"inLanguage\":\"fr-FR\"},{\"@type\":\"WebPage\",\"@id\":\"https:\\\/\\\/www.webdo.tn\\\/fr\\\/actualite\\\/sport\\\/ligue-1-j27-deplacement-sous-tension-pour-le-club-africain\\\/397014\\\/\",\"url\":\"https:\\\/\\\/www.webdo.tn\\\/fr\\\/actualite\\\/sport\\\/ligue-1-j27-deplacement-sous-tension-pour-le-club-africain\\\/397014\\\/\",\"name\":\"Ligue 1 - J27 : D\u00e9placement sous tension pour le Club Africain - webdo\",\"isPartOf\":{\"@id\":\"https:\\\/\\\/www.webdo.tn\\\/fr\\\/#website\"},\"primaryImageOfPage\":{\"@id\":\"https:\\\/\\\/www.webdo.tn\\\/fr\\\/actualite\\\/sport\\\/ligue-1-j27-deplacement-sous-tension-pour-le-club-africain\\\/397014\\\/#primaryimage\"},\"image\":{\"@id\":\"https:\\\/\\\/www.webdo.tn\\\/fr\\\/actualite\\\/sport\\\/ligue-1-j27-deplacement-sous-tension-pour-le-club-africain\\\/397014\\\/#primaryimage\"},\"thumbnailUrl\":\"https:\\\/\\\/www.webdo.tn\\\/fr\\\/wp-content\\\/uploads\\\/2026\\\/04\\\/666847675_1410652041103697_6924168490362011028_n.jpg\",\"datePublished\":\"2026-04-29T08:12:13+00:00\",\"dateModified\":\"2026-04-29T08:12:15+00:00\",\"description\":\"Le Club Africain vise une 20e rencontre sans d\u00e9faite contre l'AS Soliman. Suivez leur parcours dans la Ligue 1 tunisienne.\",\"breadcrumb\":{\"@id\":\"https:\\\/\\\/www.webdo.tn\\\/fr\\\/actualite\\\/sport\\\/ligue-1-j27-deplacement-sous-tension-pour-le-club-africain\\\/397014\\\/#breadcrumb\"},\"inLanguage\":\"fr-FR\",\"potentialAction\":[{\"@type\":\"ReadAction\",\"target\":[\"https:\\\/\\\/www.webdo.tn\\\/fr\\\/actualite\\\/sport\\\/ligue-1-j27-deplacement-sous-tension-pour-le-club-africain\\\/397014\\\/\"]}]},{\"@type\":\"ImageObject\",\"inLanguage\":\"fr-FR\",\"@id\":\"https:\\\/\\\/www.webdo.tn\\\/fr\\\/actualite\\\/sport\\\/ligue-1-j27-deplacement-sous-tension-pour-le-club-africain\\\/397014\\\/#primaryimage\",\"url\":\"https:\\\/\\\/www.webdo.tn\\\/fr\\\/wp-content\\\/uploads\\\/2026\\\/04\\\/666847675_1410652041103697_6924168490362011028_n.jpg\",\"contentUrl\":\"https:\\\/\\\/www.webdo.tn\\\/fr\\\/wp-content\\\/uploads\\\/2026\\\/04\\\/666847675_1410652041103697_6924168490362011028_n.jpg\",\"width\":1200,\"height\":600,\"caption\":\"Cr\u00e9dit : Clubafricain.com\"},{\"@type\":\"BreadcrumbList\",\"@id\":\"https:\\\/\\\/www.webdo.tn\\\/fr\\\/actualite\\\/sport\\\/ligue-1-j27-deplacement-sous-tension-pour-le-club-africain\\\/397014\\\/#breadcrumb\",\"itemListElement\":[{\"@type\":\"ListItem\",\"position\":1,\"name\":\"Accueil\",\"item\":\"https:\\\/\\\/www.webdo.tn\\\/fr\\\/\"},{\"@type\":\"ListItem\",\"position\":2,\"name\":\"Ligue 1 &#8211; J27 : D\u00e9placement sous tension pour le Club Africain\"}]},{\"@type\":\"WebSite\",\"@id\":\"https:\\\/\\\/www.webdo.tn\\\/fr\\\/#website\",\"url\":\"https:\\\/\\\/www.webdo.tn\\\/fr\\\/\",\"name\":\"webdo\",\"description\":\"Tunisie - News en Tunisie et \u00e0 l&#039;international sur Webdo.tn\",\"publisher\":{\"@id\":\"https:\\\/\\\/www.webdo.tn\\\/fr\\\/#organization\"},\"potentialAction\":[{\"@type\":\"SearchAction\",\"target\":{\"@type\":\"EntryPoint\",\"urlTemplate\":\"https:\\\/\\\/www.webdo.tn\\\/fr\\\/?s={search_term_string}\"},\"query-input\":{\"@type\":\"PropertyValueSpecification\",\"valueRequired\":true,\"valueName\":\"search_term_string\"}}],\"inLanguage\":\"fr-FR\"},{\"@type\":\"Organization\",\"@id\":\"https:\\\/\\\/www.webdo.tn\\\/fr\\\/#organization\",\"name\":\"Webdo\",\"alternateName\":\"Webdo.tn\",\"url\":\"https:\\\/\\\/www.webdo.tn\\\/fr\\\/\",\"logo\":{\"@type\":\"ImageObject\",\"inLanguage\":\"fr-FR\",\"@id\":\"https:\\\/\\\/www.webdo.tn\\\/fr\\\/#\\\/schema\\\/logo\\\/image\\\/\",\"url\":\"https:\\\/\\\/www.webdo.tn\\\/fr\\\/wp-content\\\/uploads\\\/2025\\\/06\\\/Webdo-Tunisie_168377.jpg\",\"contentUrl\":\"https:\\\/\\\/www.webdo.tn\\\/fr\\\/wp-content\\\/uploads\\\/2025\\\/06\\\/Webdo-Tunisie_168377.jpg\",\"width\":301,\"height\":301,\"caption\":\"Webdo\"},\"image\":{\"@id\":\"https:\\\/\\\/www.webdo.tn\\\/fr\\\/#\\\/schema\\\/logo\\\/image\\\/\"},\"sameAs\":[\"https:\\\/\\\/www.facebook.com\\\/webdotn\",\"https:\\\/\\\/x.com\\\/webdo_tn\"],\"description\":\"Webdo est un m\u00e9dia num\u00e9rique tunisien fond\u00e9 en 2010, sp\u00e9cialis\u00e9 dans l\u2019actualit\u00e9 nationale et internationale, l\u2019\u00e9conomie, la soci\u00e9t\u00e9 et les analyses politiques. Le site s\u2019adresse \u00e0 un large public francophone et couvre l\u2019information tunisienne en temps r\u00e9el.\",\"email\":\"redac@webdo.tn\",\"legalName\":\"YNJ SARL\",\"foundingDate\":\"2010-09-06\",\"numberOfEmployees\":{\"@type\":\"QuantitativeValue\",\"minValue\":\"11\",\"maxValue\":\"50\"}},{\"@type\":\"Person\",\"@id\":\"https:\\\/\\\/www.webdo.tn\\\/fr\\\/#\\\/schema\\\/person\\\/57c261717927697fcf719ab1058a8003\",\"name\":\"Maher Chaabane\",\"image\":{\"@type\":\"ImageObject\",\"inLanguage\":\"fr-FR\",\"@id\":\"https:\\\/\\\/www.webdo.tn\\\/fr\\\/wp-content\\\/uploads\\\/2026\\\/04\\\/maher-chaabane_avatar_2-96x96.jpg\",\"url\":\"https:\\\/\\\/www.webdo.tn\\\/fr\\\/wp-content\\\/uploads\\\/2026\\\/04\\\/maher-chaabane_avatar_2-96x96.jpg\",\"contentUrl\":\"https:\\\/\\\/www.webdo.tn\\\/fr\\\/wp-content\\\/uploads\\\/2026\\\/04\\\/maher-chaabane_avatar_2-96x96.jpg\",\"caption\":\"Maher Chaabane\"},\"description\":\"Maher Chaabane est journaliste et r\u00e9dacteur en chef de Webdo.tn depuis 2012. Il d\u00e9bute sa carri\u00e8re au sein du groupe Tunis Hebdo en 2000, o\u00f9 il couvre pendant plusieurs ann\u00e9es l\u2019actualit\u00e9 sportive et internationale, avant d\u2019occuper les fonctions de r\u00e9dacteur en chef adjoint. Fort de plus de deux d\u00e9cennies d\u2019exp\u00e9rience dans le journalisme, il supervise aujourd\u2019hui la production \u00e9ditoriale de Webdo et contribue activement \u00e0 la ligne du m\u00e9dia, en particulier sur les sujets d\u2019actualit\u00e9 nationale et internationale. https:\\\/\\\/www.facebook.com\\\/youssef.rc.92\",\"sameAs\":[\"https:\\\/\\\/www.facebook.com\\\/youssef.rc.92\"],\"knowsAbout\":[\"journalisme\",\"actualit\u00e9 internationale\",\"sport\",\"r\u00e9daction\",\"m\u00e9dias\",\"information\"],\"knowsLanguage\":[\"Fran\u00e7ais\",\"Arabe\"],\"jobTitle\":\"R\u00e9dacteur en chef\",\"worksFor\":\"Webdo.tn\",\"url\":\"https:\\\/\\\/www.webdo.tn\\\/fr\\\/actualite\\\/author\\\/maher-chaabane\\\/\"}]}<\/script>\n<!-- \/ Yoast SEO Premium plugin. -->","yoast_head_json":{"title":"Ligue 1 - J27 : D\u00e9placement sous tension pour le Club Africain - webdo","description":"Le Club Africain vise une 20e rencontre sans d\u00e9faite contre l'AS Soliman. Suivez leur parcours dans la Ligue 1 tunisienne.","canonical":"https:\/\/www.webdo.tn\/fr\/actualite\/sport\/ligue-1-j27-deplacement-sous-tension-pour-le-club-africain\/397014\/","og_locale":"fr_FR","og_type":"article","og_title":"Ligue 1 - J27 : D\u00e9placement sous tension pour le Club Africain","og_description":"Le Club Africain vise une 20e rencontre sans d\u00e9faite contre l'AS Soliman. Suivez leur parcours dans la Ligue 1 tunisienne.","og_url":"https:\/\/www.webdo.tn\/fr\/actualite\/sport\/ligue-1-j27-deplacement-sous-tension-pour-le-club-africain\/397014\/","og_site_name":"webdo","article_publisher":"https:\/\/www.facebook.com\/webdotn","article_author":"https:\/\/www.facebook.com\/youssef.rc.92","article_published_time":"2026-04-29T08:12:13+00:00","article_modified_time":"2026-04-29T08:12:15+00:00","og_image":[{"width":1200,"height":600,"url":"https:\/\/www.webdo.tn\/fr\/wp-content\/uploads\/2026\/04\/666847675_1410652041103697_6924168490362011028_n.jpg","type":"image\/jpeg"}],"author":"Maher Chaabane","twitter_card":"summary_large_image","twitter_creator":"@webdo_tn","twitter_site":"@webdo_tn","twitter_misc":{"\u00c9crit par":"Maher Chaabane","Dur\u00e9e de lecture estim\u00e9e":"2 minutes"},"schema":{"@context":"https:\/\/schema.org","@graph":[{"@type":"NewsArticle","@id":"https:\/\/www.webdo.tn\/fr\/actualite\/sport\/ligue-1-j27-deplacement-sous-tension-pour-le-club-africain\/397014\/#article","isPartOf":{"@id":"https:\/\/www.webdo.tn\/fr\/actualite\/sport\/ligue-1-j27-deplacement-sous-tension-pour-le-club-africain\/397014\/"},"author":{"name":"Maher Chaabane","@id":"https:\/\/www.webdo.tn\/fr\/#\/schema\/person\/57c261717927697fcf719ab1058a8003"},"headline":"Ligue 1 &#8211; J27 : D\u00e9placement sous tension pour le Club Africain","datePublished":"2026-04-29T08:12:13+00:00","dateModified":"2026-04-29T08:12:15+00:00","mainEntityOfPage":{"@id":"https:\/\/www.webdo.tn\/fr\/actualite\/sport\/ligue-1-j27-deplacement-sous-tension-pour-le-club-africain\/397014\/"},"wordCount":386,"publisher":{"@id":"https:\/\/www.webdo.tn\/fr\/#organization"},"image":{"@id":"https:\/\/www.webdo.tn\/fr\/actualite\/sport\/ligue-1-j27-deplacement-sous-tension-pour-le-club-africain\/397014\/#primaryimage"},"thumbnailUrl":"https:\/\/www.webdo.tn\/fr\/wp-content\/uploads\/2026\/04\/666847675_1410652041103697_6924168490362011028_n.jpg","keywords":["championnat de tunisie","football","Ligue 1","Tunisie"],"articleSection":["\u00c9pingle","Sport"],"inLanguage":"fr-FR"},{"@type":"WebPage","@id":"https:\/\/www.webdo.tn\/fr\/actualite\/sport\/ligue-1-j27-deplacement-sous-tension-pour-le-club-africain\/397014\/","url":"https:\/\/www.webdo.tn\/fr\/actualite\/sport\/ligue-1-j27-deplacement-sous-tension-pour-le-club-africain\/397014\/","name":"Ligue 1 - J27 : D\u00e9placement sous tension pour le Club Africain - webdo","isPartOf":{"@id":"https:\/\/www.webdo.tn\/fr\/#website"},"primaryImageOfPage":{"@id":"https:\/\/www.webdo.tn\/fr\/actualite\/sport\/ligue-1-j27-deplacement-sous-tension-pour-le-club-africain\/397014\/#primaryimage"},"image":{"@id":"https:\/\/www.webdo.tn\/fr\/actualite\/sport\/ligue-1-j27-deplacement-sous-tension-pour-le-club-africain\/397014\/#primaryimage"},"thumbnailUrl":"https:\/\/www.webdo.tn\/fr\/wp-content\/uploads\/2026\/04\/666847675_1410652041103697_6924168490362011028_n.jpg","datePublished":"2026-04-29T08:12:13+00:00","dateModified":"2026-04-29T08:12:15+00:00","description":"Le Club Africain vise une 20e rencontre sans d\u00e9faite contre l'AS Soliman. Suivez leur parcours dans la Ligue 1 tunisienne.","breadcrumb":{"@id":"https:\/\/www.webdo.tn\/fr\/actualite\/sport\/ligue-1-j27-deplacement-sous-tension-pour-le-club-africain\/397014\/#breadcrumb"},"inLanguage":"fr-FR","potentialAction":[{"@type":"ReadAction","target":["https:\/\/www.webdo.tn\/fr\/actualite\/sport\/ligue-1-j27-deplacement-sous-tension-pour-le-club-africain\/397014\/"]}]},{"@type":"ImageObject","inLanguage":"fr-FR","@id":"https:\/\/www.webdo.tn\/fr\/actualite\/sport\/ligue-1-j27-deplacement-sous-tension-pour-le-club-africain\/397014\/#primaryimage","url":"https:\/\/www.webdo.tn\/fr\/wp-content\/uploads\/2026\/04\/666847675_1410652041103697_6924168490362011028_n.jpg","contentUrl":"https:\/\/www.webdo.tn\/fr\/wp-content\/uploads\/2026\/04\/666847675_1410652041103697_6924168490362011028_n.jpg","width":1200,"height":600,"caption":"Cr\u00e9dit : Clubafricain.com"},{"@type":"BreadcrumbList","@id":"https:\/\/www.webdo.tn\/fr\/actualite\/sport\/ligue-1-j27-deplacement-sous-tension-pour-le-club-africain\/397014\/#breadcrumb","itemListElement":[{"@type":"ListItem","position":1,"name":"Accueil","item":"https:\/\/www.webdo.tn\/fr\/"},{"@type":"ListItem","position":2,"name":"Ligue 1 &#8211; J27 : D\u00e9placement sous tension pour le Club Africain"}]},{"@type":"WebSite","@id":"https:\/\/www.webdo.tn\/fr\/#website","url":"https:\/\/www.webdo.tn\/fr\/","name":"webdo","description":"Tunisie - News en Tunisie et \u00e0 l&#039;international sur Webdo.tn","publisher":{"@id":"https:\/\/www.webdo.tn\/fr\/#organization"},"potentialAction":[{"@type":"SearchAction","target":{"@type":"EntryPoint","urlTemplate":"https:\/\/www.webdo.tn\/fr\/?s={search_term_string}"},"query-input":{"@type":"PropertyValueSpecification","valueRequired":true,"valueName":"search_term_string"}}],"inLanguage":"fr-FR"},{"@type":"Organization","@id":"https:\/\/www.webdo.tn\/fr\/#organization","name":"Webdo","alternateName":"Webdo.tn","url":"https:\/\/www.webdo.tn\/fr\/","logo":{"@type":"ImageObject","inLanguage":"fr-FR","@id":"https:\/\/www.webdo.tn\/fr\/#\/schema\/logo\/image\/","url":"https:\/\/www.webdo.tn\/fr\/wp-content\/uploads\/2025\/06\/Webdo-Tunisie_168377.jpg","contentUrl":"https:\/\/www.webdo.tn\/fr\/wp-content\/uploads\/2025\/06\/Webdo-Tunisie_168377.jpg","width":301,"height":301,"caption":"Webdo"},"image":{"@id":"https:\/\/www.webdo.tn\/fr\/#\/schema\/logo\/image\/"},"sameAs":["https:\/\/www.facebook.com\/webdotn","https:\/\/x.com\/webdo_tn"],"description":"Webdo est un m\u00e9dia num\u00e9rique tunisien fond\u00e9 en 2010, sp\u00e9cialis\u00e9 dans l\u2019actualit\u00e9 nationale et internationale, l\u2019\u00e9conomie, la soci\u00e9t\u00e9 et les analyses politiques. Le site s\u2019adresse \u00e0 un large public francophone et couvre l\u2019information tunisienne en temps r\u00e9el.","email":"redac@webdo.tn","legalName":"YNJ SARL","foundingDate":"2010-09-06","numberOfEmployees":{"@type":"QuantitativeValue","minValue":"11","maxValue":"50"}},{"@type":"Person","@id":"https:\/\/www.webdo.tn\/fr\/#\/schema\/person\/57c261717927697fcf719ab1058a8003","name":"Maher Chaabane","image":{"@type":"ImageObject","inLanguage":"fr-FR","@id":"https:\/\/www.webdo.tn\/fr\/wp-content\/uploads\/2026\/04\/maher-chaabane_avatar_2-96x96.jpg","url":"https:\/\/www.webdo.tn\/fr\/wp-content\/uploads\/2026\/04\/maher-chaabane_avatar_2-96x96.jpg","contentUrl":"https:\/\/www.webdo.tn\/fr\/wp-content\/uploads\/2026\/04\/maher-chaabane_avatar_2-96x96.jpg","caption":"Maher Chaabane"},"description":"Maher Chaabane est journaliste et r\u00e9dacteur en chef de Webdo.tn depuis 2012. Il d\u00e9bute sa carri\u00e8re au sein du groupe Tunis Hebdo en 2000, o\u00f9 il couvre pendant plusieurs ann\u00e9es l\u2019actualit\u00e9 sportive et internationale, avant d\u2019occuper les fonctions de r\u00e9dacteur en chef adjoint. Fort de plus de deux d\u00e9cennies d\u2019exp\u00e9rience dans le journalisme, il supervise aujourd\u2019hui la production \u00e9ditoriale de Webdo et contribue activement \u00e0 la ligne du m\u00e9dia, en particulier sur les sujets d\u2019actualit\u00e9 nationale et internationale. https:\/\/www.facebook.com\/youssef.rc.92","sameAs":["https:\/\/www.facebook.com\/youssef.rc.92"],"knowsAbout":["journalisme","actualit\u00e9 internationale","sport","r\u00e9daction","m\u00e9dias","information"],"knowsLanguage":["Fran\u00e7ais","Arabe"],"jobTitle":"R\u00e9dacteur en chef","worksFor":"Webdo.tn","url":"https:\/\/www.webdo.tn\/fr\/actualite\/author\/maher-chaabane\/"}]}},"_links":{"self":[{"href":"https:\/\/www.webdo.tn\/fr\/wp-json\/wp\/v2\/posts\/397014","targetHints":{"allow":["GET"]}}],"collection":[{"href":"https:\/\/www.webdo.tn\/fr\/wp-json\/wp\/v2\/posts"}],"about":[{"href":"https:\/\/www.webdo.tn\/fr\/wp-json\/wp\/v2\/types\/post"}],"author":[{"embeddable":true,"href":"https:\/\/www.webdo.tn\/fr\/wp-json\/wp\/v2\/users\/3189"}],"replies":[{"embeddable":true,"href":"https:\/\/www.webdo.tn\/fr\/wp-json\/wp\/v2\/comments?post=397014"}],"version-history":[{"count":1,"href":"https:\/\/www.webdo.tn\/fr\/wp-json\/wp\/v2\/posts\/397014\/revisions"}],"predecessor-version":[{"id":397017,"href":"https:\/\/www.webdo.tn\/fr\/wp-json\/wp\/v2\/posts\/397014\/revisions\/397017"}],"wp:featuredmedia":[{"embeddable":true,"href":"https:\/\/www.webdo.tn\/fr\/wp-json\/wp\/v2\/media\/395909"}],"wp:attachment":[{"href":"https:\/\/www.webdo.tn\/fr\/wp-json\/wp\/v2\/media?parent=397014"}],"wp:term":[{"taxonomy":"category","embeddable":true,"href":"https:\/\/www.webdo.tn\/fr\/wp-json\/wp\/v2\/categories?post=397014"},{"taxonomy":"post_tag","embeddable":true,"href":"https:\/\/www.webdo.tn\/fr\/wp-json\/wp\/v2\/tags?post=397014"}],"curies":[{"name":"wp","href":"https:\/\/api.w.org\/{rel}","templated":true}]}}