{"id":397011,"date":"2026-04-29T08:56:41","date_gmt":"2026-04-29T07:56:41","guid":{"rendered":"https:\/\/www.webdo.tn\/fr\/?p=397011"},"modified":"2026-04-29T08:56:43","modified_gmt":"2026-04-29T07:56:43","slug":"gabes-cinema-fen-2026-rencontre-avec-kaouther-ben-hania","status":"publish","type":"post","link":"https:\/\/www.webdo.tn\/fr\/actualite\/culture\/gabes-cinema-fen-2026-rencontre-avec-kaouther-ben-hania\/397011\/","title":{"rendered":"Gab\u00e8s Cin\u00e9ma Fen 2026\u00a0&#8211; Rencontre avec Kaouther Ben Hania"},"content":{"rendered":"\n<p><strong>La 8<sup>\u00e8me<\/sup> \u00e9dition de Gab\u00e8s Cin\u00e9ma Fen a d\u00e9marr\u00e9 lundi 27 avril 2026 ses rencontres avec la r\u00e9alisatrice tunisienne de renomm\u00e9e mondiale Kaouther Ben Hania. La rencontre a \u00e9t\u00e9 pr\u00e9sent\u00e9e au Complexe Culturel Mohamed Bardi par la directrice du Festival international d\u2019Amman Nada Domani.<\/strong><\/p>\n\n\n\n<p>Lors de cette rencontre, Kaouther Ben Hania a \u00e9voqu\u00e9 son style cin\u00e9matographique particulier : elle repousse les limites, ne reconna\u00eet aucune contrainte et poss\u00e8de une mani\u00e8re bien \u00e0 elle de m\u00ealer documentaire et fiction dans toutes ses \u0153uvres cin\u00e9matographiques.&nbsp; La plupart de ses films de fiction ont d&rsquo;ailleurs pour point de d\u00e9part le documentaire, les fronti\u00e8res ne sont qu&rsquo;institutionnelles, et le cin\u00e9ma qu&rsquo;elle pratique est consid\u00e9r\u00e9 comme risqu\u00e9. Ce qui est beau, c&rsquo;est la controverse que suscitent ses \u0153uvres, et c&rsquo;est l\u00e0 l&rsquo;esth\u00e9tique du cin\u00e9ma, selon l&rsquo;expression de Ben Hania.<\/p>\n\n\n\n<p>Avant de r\u00e9aliser un film, Kaouther Ben Hania part d\u2019un raisonnement fond\u00e9 sur le \u00ab doute \u00bb, puis se pose la question suivante : comment d\u00e9construire les clich\u00e9s ? Comment refaire le cin\u00e9ma ? Puis vient la deuxi\u00e8me question : dois-je r\u00e9aliser un film purement documentaire ? Ou purement fictionnel ? Ou bien dois-je m\u00e9langer les m\u00e9canismes du cin\u00e9ma et les r\u00e9utiliser sous ces deux aspects ? C\u2019est \u00e0 partir de ces questions qu\u2019ont vu le jour le film qui lui est le plus cher, <em>Les filles de l\u2019Olfa<\/em> (2023), puis <em>La Voix de Hind Rajab<\/em> (2025).<\/p>\n\n\n\n<p>Pour Ben Hania, le cin\u00e9ma doit avoir un fort impact sur la conscience, car elle ne peut pas r\u00e9aliser un film avec lequel elle n\u2019entretient pas de relation affective.<\/p>\n\n\n\n<p>Evoquant la gen\u00e8se du film <em>Les filles d\u2019Olfa<\/em>, la r\u00e9alisatrice indique qu\u2019elle a accompagn\u00e9 les personnages de son film c&rsquo;est-\u00e0-dire Olfa et ses filles depuis 2015, date du d\u00e9but du tournage jusqu\u2019au 2022 la fin de la r\u00e9alisation des derni\u00e8res sc\u00e8nes. Le film \u00e9tait un pari car il donne la parole \u00e0 une femme stigmatis\u00e9e, ainsi qu\u2019\u00e0 ses filles, et pose la question suivante : \u00ab <em>Comment ces jeunes filles ont pens\u00e9 \u00e9chapper aux contraintes de la soci\u00e9t\u00e9 en rejoignant Daech au nom de la libert\u00e9 ?<\/em> \u00bb.<\/p>\n\n\n\n<p>Evoquant <em>La voix de Hind Rajab<\/em>, la r\u00e9alisatrice a soulign\u00e9\u00a0 la responsabilit\u00e9 historique li\u00e9e \u00e0 cette \u0153uvre. Il a \u00e9t\u00e9 tourn\u00e9 \u00e0 une p\u00e9riode tr\u00e8s sensible, alors que le g\u00e9nocide se poursuivait. Le travail avec les acteurs a \u00e9t\u00e9 diff\u00e9rent : dans le film, il n\u2019y a pas de possibilit\u00e9 de refaire les sc\u00e8nes, car la plupart sont psychologiquement lourdes. Les acteurs ont m\u00e9moris\u00e9 le texte tel qu\u2019il a \u00e9t\u00e9 enregistr\u00e9 lors de l\u2019appel t\u00e9l\u00e9phonique, car cet enregistrement est un document historique qu\u2019il fallait pr\u00e9server. Ils n\u2019ont entendu les r\u00e9ponses d\u2019Hind que le jour du tournage. \u00ab\u00a0<em>Pour moi, le choix de l\u2019histoire est tr\u00e8s important, et la r\u00e9alisation de ce film a \u00e9t\u00e9 un d\u00e9fi pour la narration mondiale. Apr\u00e8s cela, j\u2019ai d\u00e9couvert l\u2019\u00e9tendue de notre force et le grand nombre de personnes qui soutiennent le film et la cause.<\/em>\u00a0\u00bb t\u00e9moigne Kaouther Ben Hania.<\/p>\n\n\n\n<p>Et d\u2019ajouter: \u00ab <em>C&rsquo;est par le cin\u00e9ma que la conscience mondiale s\u2019\u00e9veille. La situation \u00e9tait d\u00e9licate, et c&rsquo;est d&rsquo;un sentiment de vuln\u00e9rabilit\u00e9 et d&rsquo;impuissance face au g\u00e9nocide qui se d\u00e9roule \u00e0 Gaza qu&rsquo;est n\u00e9e l&rsquo;id\u00e9e du film. Nous nous sommes imm\u00e9diatement lanc\u00e9s dans le tournage, et mon exp\u00e9rience du cin\u00e9ma documentaire m&rsquo;a aid\u00e9e \u00e0 g\u00e9rer la sensibilit\u00e9 des acteurs face \u00e0 cette histoire.<\/em> \u00bb<\/p>\n\n\n\n<p>&nbsp;Le film propose un autre r\u00e9cit, une autre narration&nbsp; des faits relay\u00e9s par d\u2019autres. J\u2019ai essay\u00e9 de faire entendre notre voix (celle des Arabes) \u00e0 travers le cin\u00e9ma, a encore soulign\u00e9 la r\u00e9alisatrice.<\/p>\n\n\n\n<p>\u00c0 la fin de la rencontre, Kaouther Ben Hania a mentionn\u00e9 qu\u2019elle a termin\u00e9 le tournage de son nouveau film, une fiction dont le th\u00e8me est la l\u00e9gende et l\u2019art du r\u00e9cit (le film \u00e9tait pr\u00e9vu pour 2024, mais elle a report\u00e9 pour r\u00e9aliser <em>La voix de Hind Rajab<\/em>), Il couvre deux p\u00e9riodes : les ann\u00e9es 40 et les ann\u00e9es 90 du si\u00e8cle dernier, le film sera pr\u00eat en 2027.<\/p>\n\n\n\n<p class=\"has-text-align-right\"><strong><em>Communiqu\u00e9<\/em><\/strong><\/p>\n","protected":false},"excerpt":{"rendered":"<p>La 8\u00e8me \u00e9dition de Gab\u00e8s Cin\u00e9ma Fen a d\u00e9marr\u00e9 lundi 27 avril 2026 ses rencontres avec la r\u00e9alisatrice tunisienne de renomm\u00e9e mondiale Kaouther Ben Hania. La rencontre a \u00e9t\u00e9 pr\u00e9sent\u00e9e au Complexe Culturel Mohamed Bardi par la directrice du Festival international d\u2019Amman Nada Domani. Lors de cette rencontre, Kaouther Ben Hania a \u00e9voqu\u00e9 son style [&hellip;]<\/p>\n","protected":false},"author":3164,"featured_media":397012,"comment_status":"closed","ping_status":"closed","sticky":false,"template":"","format":"standard","meta":{"footnotes":""},"categories":[2594],"tags":[2626,13734,6882,2608],"class_list":["post-397011","post","type-post","status-publish","format-standard","has-post-thumbnail","hentry","category-culture","tag-cinema","tag-gabes-cinema-fen","tag-kaouther-ben-hania","tag-tunisie"],"yoast_head":"<!-- This site is optimized with the Yoast SEO Premium plugin v27.4 (Yoast SEO v27.5) - https:\/\/yoast.com\/product\/yoast-seo-premium-wordpress\/ -->\n<title>Gab\u00e8s Cin\u00e9ma Fen 2026\u00a0- Rencontre avec Kaouther Ben Hania - webdo<\/title>\n<meta name=\"description\" content=\"Ne manquez pas la rencontre avec Kaouther Ben Hania pour explorer son approche audacieuse du cin\u00e9ma entre documentaire et fiction.\" \/>\n<link rel=\"canonical\" href=\"https:\/\/www.webdo.tn\/fr\/actualite\/culture\/gabes-cinema-fen-2026-rencontre-avec-kaouther-ben-hania\/397011\/\" \/>\n<meta property=\"og:locale\" content=\"fr_FR\" \/>\n<meta property=\"og:type\" content=\"article\" \/>\n<meta property=\"og:title\" content=\"Gab\u00e8s Cin\u00e9ma Fen 2026\u00a0- Rencontre avec Kaouther Ben Hania\" \/>\n<meta property=\"og:description\" content=\"Ne manquez pas la rencontre avec Kaouther Ben Hania pour explorer son approche audacieuse du cin\u00e9ma entre documentaire et fiction.\" \/>\n<meta property=\"og:url\" content=\"https:\/\/www.webdo.tn\/fr\/actualite\/culture\/gabes-cinema-fen-2026-rencontre-avec-kaouther-ben-hania\/397011\/\" \/>\n<meta property=\"og:site_name\" content=\"webdo\" \/>\n<meta property=\"article:publisher\" content=\"https:\/\/www.facebook.com\/webdotn\" \/>\n<meta property=\"article:author\" content=\"https:\/\/www.facebook.com\/massir.destiniii\/\" \/>\n<meta property=\"article:published_time\" content=\"2026-04-29T07:56:41+00:00\" \/>\n<meta property=\"article:modified_time\" content=\"2026-04-29T07:56:43+00:00\" \/>\n<meta property=\"og:image\" content=\"https:\/\/www.webdo.tn\/fr\/wp-content\/uploads\/2026\/04\/Kaouther-Ben-Hania.jpg\" \/>\n\t<meta property=\"og:image:width\" content=\"1200\" \/>\n\t<meta property=\"og:image:height\" content=\"602\" \/>\n\t<meta property=\"og:image:type\" content=\"image\/jpeg\" \/>\n<meta name=\"author\" content=\"Ne\u00efla DRISS\" \/>\n<meta name=\"twitter:card\" content=\"summary_large_image\" \/>\n<meta name=\"twitter:creator\" content=\"@https:\/\/x.com\/MassirDestin\" \/>\n<meta name=\"twitter:site\" content=\"@webdo_tn\" \/>\n<meta name=\"twitter:label1\" content=\"\u00c9crit par\" \/>\n\t<meta name=\"twitter:data1\" content=\"Ne\u00efla DRISS\" \/>\n\t<meta name=\"twitter:label2\" content=\"Dur\u00e9e de lecture estim\u00e9e\" \/>\n\t<meta name=\"twitter:data2\" content=\"4 minutes\" \/>\n<script type=\"application\/ld+json\" class=\"yoast-schema-graph\">{\"@context\":\"https:\\\/\\\/schema.org\",\"@graph\":[{\"@type\":\"NewsArticle\",\"@id\":\"https:\\\/\\\/www.webdo.tn\\\/fr\\\/actualite\\\/culture\\\/gabes-cinema-fen-2026-rencontre-avec-kaouther-ben-hania\\\/397011\\\/#article\",\"isPartOf\":{\"@id\":\"https:\\\/\\\/www.webdo.tn\\\/fr\\\/actualite\\\/culture\\\/gabes-cinema-fen-2026-rencontre-avec-kaouther-ben-hania\\\/397011\\\/\"},\"author\":{\"name\":\"Ne\u00efla DRISS\",\"@id\":\"https:\\\/\\\/www.webdo.tn\\\/fr\\\/#\\\/schema\\\/person\\\/60d5ba619ed3f58783b0dc82b7dada80\"},\"headline\":\"Gab\u00e8s Cin\u00e9ma Fen 2026\u00a0&#8211; Rencontre avec Kaouther Ben Hania\",\"datePublished\":\"2026-04-29T07:56:41+00:00\",\"dateModified\":\"2026-04-29T07:56:43+00:00\",\"mainEntityOfPage\":{\"@id\":\"https:\\\/\\\/www.webdo.tn\\\/fr\\\/actualite\\\/culture\\\/gabes-cinema-fen-2026-rencontre-avec-kaouther-ben-hania\\\/397011\\\/\"},\"wordCount\":760,\"publisher\":{\"@id\":\"https:\\\/\\\/www.webdo.tn\\\/fr\\\/#organization\"},\"image\":{\"@id\":\"https:\\\/\\\/www.webdo.tn\\\/fr\\\/actualite\\\/culture\\\/gabes-cinema-fen-2026-rencontre-avec-kaouther-ben-hania\\\/397011\\\/#primaryimage\"},\"thumbnailUrl\":\"https:\\\/\\\/www.webdo.tn\\\/fr\\\/wp-content\\\/uploads\\\/2026\\\/04\\\/Kaouther-Ben-Hania.jpg\",\"keywords\":[\"Cin\u00e9ma\",\"Gab\u00e8s Cin\u00e9ma Fen\",\"Kaouther Ben Hania\",\"Tunisie\"],\"articleSection\":[\"Culture\"],\"inLanguage\":\"fr-FR\"},{\"@type\":\"WebPage\",\"@id\":\"https:\\\/\\\/www.webdo.tn\\\/fr\\\/actualite\\\/culture\\\/gabes-cinema-fen-2026-rencontre-avec-kaouther-ben-hania\\\/397011\\\/\",\"url\":\"https:\\\/\\\/www.webdo.tn\\\/fr\\\/actualite\\\/culture\\\/gabes-cinema-fen-2026-rencontre-avec-kaouther-ben-hania\\\/397011\\\/\",\"name\":\"Gab\u00e8s Cin\u00e9ma Fen 2026\u00a0- Rencontre avec Kaouther Ben Hania - webdo\",\"isPartOf\":{\"@id\":\"https:\\\/\\\/www.webdo.tn\\\/fr\\\/#website\"},\"primaryImageOfPage\":{\"@id\":\"https:\\\/\\\/www.webdo.tn\\\/fr\\\/actualite\\\/culture\\\/gabes-cinema-fen-2026-rencontre-avec-kaouther-ben-hania\\\/397011\\\/#primaryimage\"},\"image\":{\"@id\":\"https:\\\/\\\/www.webdo.tn\\\/fr\\\/actualite\\\/culture\\\/gabes-cinema-fen-2026-rencontre-avec-kaouther-ben-hania\\\/397011\\\/#primaryimage\"},\"thumbnailUrl\":\"https:\\\/\\\/www.webdo.tn\\\/fr\\\/wp-content\\\/uploads\\\/2026\\\/04\\\/Kaouther-Ben-Hania.jpg\",\"datePublished\":\"2026-04-29T07:56:41+00:00\",\"dateModified\":\"2026-04-29T07:56:43+00:00\",\"description\":\"Ne manquez pas la rencontre avec Kaouther Ben Hania pour explorer son approche audacieuse du cin\u00e9ma entre documentaire et fiction.\",\"breadcrumb\":{\"@id\":\"https:\\\/\\\/www.webdo.tn\\\/fr\\\/actualite\\\/culture\\\/gabes-cinema-fen-2026-rencontre-avec-kaouther-ben-hania\\\/397011\\\/#breadcrumb\"},\"inLanguage\":\"fr-FR\",\"potentialAction\":[{\"@type\":\"ReadAction\",\"target\":[\"https:\\\/\\\/www.webdo.tn\\\/fr\\\/actualite\\\/culture\\\/gabes-cinema-fen-2026-rencontre-avec-kaouther-ben-hania\\\/397011\\\/\"]}]},{\"@type\":\"ImageObject\",\"inLanguage\":\"fr-FR\",\"@id\":\"https:\\\/\\\/www.webdo.tn\\\/fr\\\/actualite\\\/culture\\\/gabes-cinema-fen-2026-rencontre-avec-kaouther-ben-hania\\\/397011\\\/#primaryimage\",\"url\":\"https:\\\/\\\/www.webdo.tn\\\/fr\\\/wp-content\\\/uploads\\\/2026\\\/04\\\/Kaouther-Ben-Hania.jpg\",\"contentUrl\":\"https:\\\/\\\/www.webdo.tn\\\/fr\\\/wp-content\\\/uploads\\\/2026\\\/04\\\/Kaouther-Ben-Hania.jpg\",\"width\":1200,\"height\":602,\"caption\":\"Gab\u00e8s Cin\u00e9ma Fen 2026\u00a0- Rencontre avec Kaouther Ben Hania\"},{\"@type\":\"BreadcrumbList\",\"@id\":\"https:\\\/\\\/www.webdo.tn\\\/fr\\\/actualite\\\/culture\\\/gabes-cinema-fen-2026-rencontre-avec-kaouther-ben-hania\\\/397011\\\/#breadcrumb\",\"itemListElement\":[{\"@type\":\"ListItem\",\"position\":1,\"name\":\"Accueil\",\"item\":\"https:\\\/\\\/www.webdo.tn\\\/fr\\\/\"},{\"@type\":\"ListItem\",\"position\":2,\"name\":\"Gab\u00e8s Cin\u00e9ma Fen 2026\u00a0&#8211; Rencontre avec Kaouther Ben Hania\"}]},{\"@type\":\"WebSite\",\"@id\":\"https:\\\/\\\/www.webdo.tn\\\/fr\\\/#website\",\"url\":\"https:\\\/\\\/www.webdo.tn\\\/fr\\\/\",\"name\":\"webdo\",\"description\":\"Tunisie - News en Tunisie et \u00e0 l&#039;international sur Webdo.tn\",\"publisher\":{\"@id\":\"https:\\\/\\\/www.webdo.tn\\\/fr\\\/#organization\"},\"potentialAction\":[{\"@type\":\"SearchAction\",\"target\":{\"@type\":\"EntryPoint\",\"urlTemplate\":\"https:\\\/\\\/www.webdo.tn\\\/fr\\\/?s={search_term_string}\"},\"query-input\":{\"@type\":\"PropertyValueSpecification\",\"valueRequired\":true,\"valueName\":\"search_term_string\"}}],\"inLanguage\":\"fr-FR\"},{\"@type\":\"Organization\",\"@id\":\"https:\\\/\\\/www.webdo.tn\\\/fr\\\/#organization\",\"name\":\"Webdo\",\"alternateName\":\"Webdo.tn\",\"url\":\"https:\\\/\\\/www.webdo.tn\\\/fr\\\/\",\"logo\":{\"@type\":\"ImageObject\",\"inLanguage\":\"fr-FR\",\"@id\":\"https:\\\/\\\/www.webdo.tn\\\/fr\\\/#\\\/schema\\\/logo\\\/image\\\/\",\"url\":\"https:\\\/\\\/www.webdo.tn\\\/fr\\\/wp-content\\\/uploads\\\/2025\\\/06\\\/Webdo-Tunisie_168377.jpg\",\"contentUrl\":\"https:\\\/\\\/www.webdo.tn\\\/fr\\\/wp-content\\\/uploads\\\/2025\\\/06\\\/Webdo-Tunisie_168377.jpg\",\"width\":301,\"height\":301,\"caption\":\"Webdo\"},\"image\":{\"@id\":\"https:\\\/\\\/www.webdo.tn\\\/fr\\\/#\\\/schema\\\/logo\\\/image\\\/\"},\"sameAs\":[\"https:\\\/\\\/www.facebook.com\\\/webdotn\",\"https:\\\/\\\/x.com\\\/webdo_tn\"],\"description\":\"Webdo est un m\u00e9dia num\u00e9rique tunisien fond\u00e9 en 2010, sp\u00e9cialis\u00e9 dans l\u2019actualit\u00e9 nationale et internationale, l\u2019\u00e9conomie, la soci\u00e9t\u00e9 et les analyses politiques. Le site s\u2019adresse \u00e0 un large public francophone et couvre l\u2019information tunisienne en temps r\u00e9el.\",\"email\":\"redac@webdo.tn\",\"legalName\":\"YNJ SARL\",\"foundingDate\":\"2010-09-06\",\"numberOfEmployees\":{\"@type\":\"QuantitativeValue\",\"minValue\":\"11\",\"maxValue\":\"50\"}},{\"@type\":\"Person\",\"@id\":\"https:\\\/\\\/www.webdo.tn\\\/fr\\\/#\\\/schema\\\/person\\\/60d5ba619ed3f58783b0dc82b7dada80\",\"name\":\"Ne\u00efla DRISS\",\"image\":{\"@type\":\"ImageObject\",\"inLanguage\":\"fr-FR\",\"@id\":\"https:\\\/\\\/www.webdo.tn\\\/fr\\\/wp-content\\\/uploads\\\/2026\\\/04\\\/neila-driss_avatar-96x96.jpg\",\"url\":\"https:\\\/\\\/www.webdo.tn\\\/fr\\\/wp-content\\\/uploads\\\/2026\\\/04\\\/neila-driss_avatar-96x96.jpg\",\"contentUrl\":\"https:\\\/\\\/www.webdo.tn\\\/fr\\\/wp-content\\\/uploads\\\/2026\\\/04\\\/neila-driss_avatar-96x96.jpg\",\"caption\":\"Ne\u00efla DRISS\"},\"description\":\"Ne\u00efla Driss est juriste, journaliste culturelle et critique de cin\u00e9ma tunisienne. Titulaire d\u2019un DEA en droit priv\u00e9 de l\u2019Universit\u00e9 Paris II et d\u2019un DESS de l\u2019IHEC Carthage, elle d\u00e9bute sa carri\u00e8re comme juriste sp\u00e9cialis\u00e9e en gestion de patrimoine immobilier. Elle s\u2019oriente ensuite vers l\u2019\u00e9criture en ligne, o\u00f9 elle se distingue d\u00e8s 2006 aux Tunisia Blog Awards, avant de se consacrer au journalisme culturel, avec une sp\u00e9cialisation dans la critique cin\u00e9matographique. Elle couvre r\u00e9guli\u00e8rement les grands festivals internationaux, notamment le Festival de Cannes, les Journ\u00e9es Cin\u00e9matographiques de Carthage et le Festival du film du Caire. Membre de l\u2019ATPCC et de la FIPRESCI, elle participe \u00e0 des jurys et initiatives internationales de critique. Depuis 2024, elle est \u00e9lectrice internationale aux Golden Globes. Facebook : https:\\\/\\\/www.facebook.com\\\/massir.destiniii\\\/ X : https:\\\/\\\/x.com\\\/MassirDestin\",\"sameAs\":[\"https:\\\/\\\/www.facebook.com\\\/massir.destiniii\\\/\",\"https:\\\/\\\/www.instagram.com\\\/neila.driss\\\/?hl=fr\",\"https:\\\/\\\/www.linkedin.com\\\/in\\\/neila-driss-22606a80\\\/\",\"https:\\\/\\\/x.com\\\/https:\\\/\\\/x.com\\\/MassirDestin\"],\"knowsAbout\":[\"Cin\u00e9ma international\",\"critique cin\u00e9matographique\",\"festivals de cin\u00e9ma\",\"journalisme culturel\"],\"knowsLanguage\":[\"Fran\u00e7ais\",\"Arabe\",\"Anglais\"],\"jobTitle\":\"Journaliste culturelle et critique de cin\u00e9ma\",\"worksFor\":\"Webdo\",\"url\":\"https:\\\/\\\/www.webdo.tn\\\/fr\\\/actualite\\\/author\\\/neila-driss\\\/\"}]}<\/script>\n<!-- \/ Yoast SEO Premium plugin. -->","yoast_head_json":{"title":"Gab\u00e8s Cin\u00e9ma Fen 2026\u00a0- Rencontre avec Kaouther Ben Hania - webdo","description":"Ne manquez pas la rencontre avec Kaouther Ben Hania pour explorer son approche audacieuse du cin\u00e9ma entre documentaire et fiction.","canonical":"https:\/\/www.webdo.tn\/fr\/actualite\/culture\/gabes-cinema-fen-2026-rencontre-avec-kaouther-ben-hania\/397011\/","og_locale":"fr_FR","og_type":"article","og_title":"Gab\u00e8s Cin\u00e9ma Fen 2026\u00a0- Rencontre avec Kaouther Ben Hania","og_description":"Ne manquez pas la rencontre avec Kaouther Ben Hania pour explorer son approche audacieuse du cin\u00e9ma entre documentaire et fiction.","og_url":"https:\/\/www.webdo.tn\/fr\/actualite\/culture\/gabes-cinema-fen-2026-rencontre-avec-kaouther-ben-hania\/397011\/","og_site_name":"webdo","article_publisher":"https:\/\/www.facebook.com\/webdotn","article_author":"https:\/\/www.facebook.com\/massir.destiniii\/","article_published_time":"2026-04-29T07:56:41+00:00","article_modified_time":"2026-04-29T07:56:43+00:00","og_image":[{"width":1200,"height":602,"url":"https:\/\/www.webdo.tn\/fr\/wp-content\/uploads\/2026\/04\/Kaouther-Ben-Hania.jpg","type":"image\/jpeg"}],"author":"Ne\u00efla DRISS","twitter_card":"summary_large_image","twitter_creator":"@https:\/\/x.com\/MassirDestin","twitter_site":"@webdo_tn","twitter_misc":{"\u00c9crit par":"Ne\u00efla DRISS","Dur\u00e9e de lecture estim\u00e9e":"4 minutes"},"schema":{"@context":"https:\/\/schema.org","@graph":[{"@type":"NewsArticle","@id":"https:\/\/www.webdo.tn\/fr\/actualite\/culture\/gabes-cinema-fen-2026-rencontre-avec-kaouther-ben-hania\/397011\/#article","isPartOf":{"@id":"https:\/\/www.webdo.tn\/fr\/actualite\/culture\/gabes-cinema-fen-2026-rencontre-avec-kaouther-ben-hania\/397011\/"},"author":{"name":"Ne\u00efla DRISS","@id":"https:\/\/www.webdo.tn\/fr\/#\/schema\/person\/60d5ba619ed3f58783b0dc82b7dada80"},"headline":"Gab\u00e8s Cin\u00e9ma Fen 2026\u00a0&#8211; Rencontre avec Kaouther Ben Hania","datePublished":"2026-04-29T07:56:41+00:00","dateModified":"2026-04-29T07:56:43+00:00","mainEntityOfPage":{"@id":"https:\/\/www.webdo.tn\/fr\/actualite\/culture\/gabes-cinema-fen-2026-rencontre-avec-kaouther-ben-hania\/397011\/"},"wordCount":760,"publisher":{"@id":"https:\/\/www.webdo.tn\/fr\/#organization"},"image":{"@id":"https:\/\/www.webdo.tn\/fr\/actualite\/culture\/gabes-cinema-fen-2026-rencontre-avec-kaouther-ben-hania\/397011\/#primaryimage"},"thumbnailUrl":"https:\/\/www.webdo.tn\/fr\/wp-content\/uploads\/2026\/04\/Kaouther-Ben-Hania.jpg","keywords":["Cin\u00e9ma","Gab\u00e8s Cin\u00e9ma Fen","Kaouther Ben Hania","Tunisie"],"articleSection":["Culture"],"inLanguage":"fr-FR"},{"@type":"WebPage","@id":"https:\/\/www.webdo.tn\/fr\/actualite\/culture\/gabes-cinema-fen-2026-rencontre-avec-kaouther-ben-hania\/397011\/","url":"https:\/\/www.webdo.tn\/fr\/actualite\/culture\/gabes-cinema-fen-2026-rencontre-avec-kaouther-ben-hania\/397011\/","name":"Gab\u00e8s Cin\u00e9ma Fen 2026\u00a0- Rencontre avec Kaouther Ben Hania - webdo","isPartOf":{"@id":"https:\/\/www.webdo.tn\/fr\/#website"},"primaryImageOfPage":{"@id":"https:\/\/www.webdo.tn\/fr\/actualite\/culture\/gabes-cinema-fen-2026-rencontre-avec-kaouther-ben-hania\/397011\/#primaryimage"},"image":{"@id":"https:\/\/www.webdo.tn\/fr\/actualite\/culture\/gabes-cinema-fen-2026-rencontre-avec-kaouther-ben-hania\/397011\/#primaryimage"},"thumbnailUrl":"https:\/\/www.webdo.tn\/fr\/wp-content\/uploads\/2026\/04\/Kaouther-Ben-Hania.jpg","datePublished":"2026-04-29T07:56:41+00:00","dateModified":"2026-04-29T07:56:43+00:00","description":"Ne manquez pas la rencontre avec Kaouther Ben Hania pour explorer son approche audacieuse du cin\u00e9ma entre documentaire et fiction.","breadcrumb":{"@id":"https:\/\/www.webdo.tn\/fr\/actualite\/culture\/gabes-cinema-fen-2026-rencontre-avec-kaouther-ben-hania\/397011\/#breadcrumb"},"inLanguage":"fr-FR","potentialAction":[{"@type":"ReadAction","target":["https:\/\/www.webdo.tn\/fr\/actualite\/culture\/gabes-cinema-fen-2026-rencontre-avec-kaouther-ben-hania\/397011\/"]}]},{"@type":"ImageObject","inLanguage":"fr-FR","@id":"https:\/\/www.webdo.tn\/fr\/actualite\/culture\/gabes-cinema-fen-2026-rencontre-avec-kaouther-ben-hania\/397011\/#primaryimage","url":"https:\/\/www.webdo.tn\/fr\/wp-content\/uploads\/2026\/04\/Kaouther-Ben-Hania.jpg","contentUrl":"https:\/\/www.webdo.tn\/fr\/wp-content\/uploads\/2026\/04\/Kaouther-Ben-Hania.jpg","width":1200,"height":602,"caption":"Gab\u00e8s Cin\u00e9ma Fen 2026\u00a0- Rencontre avec Kaouther Ben Hania"},{"@type":"BreadcrumbList","@id":"https:\/\/www.webdo.tn\/fr\/actualite\/culture\/gabes-cinema-fen-2026-rencontre-avec-kaouther-ben-hania\/397011\/#breadcrumb","itemListElement":[{"@type":"ListItem","position":1,"name":"Accueil","item":"https:\/\/www.webdo.tn\/fr\/"},{"@type":"ListItem","position":2,"name":"Gab\u00e8s Cin\u00e9ma Fen 2026\u00a0&#8211; Rencontre avec Kaouther Ben Hania"}]},{"@type":"WebSite","@id":"https:\/\/www.webdo.tn\/fr\/#website","url":"https:\/\/www.webdo.tn\/fr\/","name":"webdo","description":"Tunisie - News en Tunisie et \u00e0 l&#039;international sur Webdo.tn","publisher":{"@id":"https:\/\/www.webdo.tn\/fr\/#organization"},"potentialAction":[{"@type":"SearchAction","target":{"@type":"EntryPoint","urlTemplate":"https:\/\/www.webdo.tn\/fr\/?s={search_term_string}"},"query-input":{"@type":"PropertyValueSpecification","valueRequired":true,"valueName":"search_term_string"}}],"inLanguage":"fr-FR"},{"@type":"Organization","@id":"https:\/\/www.webdo.tn\/fr\/#organization","name":"Webdo","alternateName":"Webdo.tn","url":"https:\/\/www.webdo.tn\/fr\/","logo":{"@type":"ImageObject","inLanguage":"fr-FR","@id":"https:\/\/www.webdo.tn\/fr\/#\/schema\/logo\/image\/","url":"https:\/\/www.webdo.tn\/fr\/wp-content\/uploads\/2025\/06\/Webdo-Tunisie_168377.jpg","contentUrl":"https:\/\/www.webdo.tn\/fr\/wp-content\/uploads\/2025\/06\/Webdo-Tunisie_168377.jpg","width":301,"height":301,"caption":"Webdo"},"image":{"@id":"https:\/\/www.webdo.tn\/fr\/#\/schema\/logo\/image\/"},"sameAs":["https:\/\/www.facebook.com\/webdotn","https:\/\/x.com\/webdo_tn"],"description":"Webdo est un m\u00e9dia num\u00e9rique tunisien fond\u00e9 en 2010, sp\u00e9cialis\u00e9 dans l\u2019actualit\u00e9 nationale et internationale, l\u2019\u00e9conomie, la soci\u00e9t\u00e9 et les analyses politiques. Le site s\u2019adresse \u00e0 un large public francophone et couvre l\u2019information tunisienne en temps r\u00e9el.","email":"redac@webdo.tn","legalName":"YNJ SARL","foundingDate":"2010-09-06","numberOfEmployees":{"@type":"QuantitativeValue","minValue":"11","maxValue":"50"}},{"@type":"Person","@id":"https:\/\/www.webdo.tn\/fr\/#\/schema\/person\/60d5ba619ed3f58783b0dc82b7dada80","name":"Ne\u00efla DRISS","image":{"@type":"ImageObject","inLanguage":"fr-FR","@id":"https:\/\/www.webdo.tn\/fr\/wp-content\/uploads\/2026\/04\/neila-driss_avatar-96x96.jpg","url":"https:\/\/www.webdo.tn\/fr\/wp-content\/uploads\/2026\/04\/neila-driss_avatar-96x96.jpg","contentUrl":"https:\/\/www.webdo.tn\/fr\/wp-content\/uploads\/2026\/04\/neila-driss_avatar-96x96.jpg","caption":"Ne\u00efla DRISS"},"description":"Ne\u00efla Driss est juriste, journaliste culturelle et critique de cin\u00e9ma tunisienne. Titulaire d\u2019un DEA en droit priv\u00e9 de l\u2019Universit\u00e9 Paris II et d\u2019un DESS de l\u2019IHEC Carthage, elle d\u00e9bute sa carri\u00e8re comme juriste sp\u00e9cialis\u00e9e en gestion de patrimoine immobilier. Elle s\u2019oriente ensuite vers l\u2019\u00e9criture en ligne, o\u00f9 elle se distingue d\u00e8s 2006 aux Tunisia Blog Awards, avant de se consacrer au journalisme culturel, avec une sp\u00e9cialisation dans la critique cin\u00e9matographique. Elle couvre r\u00e9guli\u00e8rement les grands festivals internationaux, notamment le Festival de Cannes, les Journ\u00e9es Cin\u00e9matographiques de Carthage et le Festival du film du Caire. Membre de l\u2019ATPCC et de la FIPRESCI, elle participe \u00e0 des jurys et initiatives internationales de critique. Depuis 2024, elle est \u00e9lectrice internationale aux Golden Globes. Facebook : https:\/\/www.facebook.com\/massir.destiniii\/ X : https:\/\/x.com\/MassirDestin","sameAs":["https:\/\/www.facebook.com\/massir.destiniii\/","https:\/\/www.instagram.com\/neila.driss\/?hl=fr","https:\/\/www.linkedin.com\/in\/neila-driss-22606a80\/","https:\/\/x.com\/https:\/\/x.com\/MassirDestin"],"knowsAbout":["Cin\u00e9ma international","critique cin\u00e9matographique","festivals de cin\u00e9ma","journalisme culturel"],"knowsLanguage":["Fran\u00e7ais","Arabe","Anglais"],"jobTitle":"Journaliste culturelle et critique de cin\u00e9ma","worksFor":"Webdo","url":"https:\/\/www.webdo.tn\/fr\/actualite\/author\/neila-driss\/"}]}},"_links":{"self":[{"href":"https:\/\/www.webdo.tn\/fr\/wp-json\/wp\/v2\/posts\/397011","targetHints":{"allow":["GET"]}}],"collection":[{"href":"https:\/\/www.webdo.tn\/fr\/wp-json\/wp\/v2\/posts"}],"about":[{"href":"https:\/\/www.webdo.tn\/fr\/wp-json\/wp\/v2\/types\/post"}],"author":[{"embeddable":true,"href":"https:\/\/www.webdo.tn\/fr\/wp-json\/wp\/v2\/users\/3164"}],"replies":[{"embeddable":true,"href":"https:\/\/www.webdo.tn\/fr\/wp-json\/wp\/v2\/comments?post=397011"}],"version-history":[{"count":1,"href":"https:\/\/www.webdo.tn\/fr\/wp-json\/wp\/v2\/posts\/397011\/revisions"}],"predecessor-version":[{"id":397013,"href":"https:\/\/www.webdo.tn\/fr\/wp-json\/wp\/v2\/posts\/397011\/revisions\/397013"}],"wp:featuredmedia":[{"embeddable":true,"href":"https:\/\/www.webdo.tn\/fr\/wp-json\/wp\/v2\/media\/397012"}],"wp:attachment":[{"href":"https:\/\/www.webdo.tn\/fr\/wp-json\/wp\/v2\/media?parent=397011"}],"wp:term":[{"taxonomy":"category","embeddable":true,"href":"https:\/\/www.webdo.tn\/fr\/wp-json\/wp\/v2\/categories?post=397011"},{"taxonomy":"post_tag","embeddable":true,"href":"https:\/\/www.webdo.tn\/fr\/wp-json\/wp\/v2\/tags?post=397011"}],"curies":[{"name":"wp","href":"https:\/\/api.w.org\/{rel}","templated":true}]}}