{"id":397007,"date":"2026-04-29T07:33:00","date_gmt":"2026-04-29T06:33:00","guid":{"rendered":"https:\/\/www.webdo.tn\/fr\/?p=397007"},"modified":"2026-04-29T07:33:02","modified_gmt":"2026-04-29T06:33:02","slug":"solaire-tout-ce-quil-faut-savoir-sur-les-concessions-approuvees-par-larp","status":"publish","type":"post","link":"https:\/\/www.webdo.tn\/fr\/actualite\/national\/solaire-tout-ce-quil-faut-savoir-sur-les-concessions-approuvees-par-larp\/397007\/","title":{"rendered":"Solaire : Tout ce qu\u2019il faut savoir sur les concessions approuv\u00e9es par l&rsquo;ARP"},"content":{"rendered":"\n<p><strong>Le Parlement a approuv\u00e9, le 28 avril 2026, une s\u00e9rie de projets de concessions pour la production d\u2019\u00e9lectricit\u00e9 \u00e0 partir des \u00e9nergies renouvelables. Une d\u00e9cision importante, mais qui suscite interrogations et d\u00e9bats. Voici l\u2019essentiel \u00e0 retenir pour comprendre les enjeux.<\/strong><\/p>\n\n\n\n<p>D\u2019abord, de quoi s\u2019agit-il exactement ? Les d\u00e9put\u00e9s ont adopt\u00e9 cinq projets de loi autorisant des entreprises priv\u00e9es \u00e9trang\u00e8res \u00e0 d\u00e9velopper et exploiter des centrales solaires photovolta\u00efques dans diff\u00e9rentes r\u00e9gions du pays. Il s\u2019agit de contrats de concession : l\u2019\u00c9tat reste propri\u00e9taire des ressources, mais confie \u00e0 des op\u00e9rateurs la production d\u2019\u00e9lectricit\u00e9 pour une dur\u00e9e d\u00e9termin\u00e9e.<\/p>\n\n\n\n<h2 class=\"wp-block-heading\" id=\"h-pression-croissante-sur-le-systeme-energetique\"> Pression croissante sur le syst\u00e8me \u00e9nerg\u00e9tique<\/h2>\n\n\n\n<p>Pourquoi cette d\u00e9cision maintenant ? La Tunisie fait face \u00e0 une pression croissante sur son syst\u00e8me \u00e9nerg\u00e9tique. La d\u00e9pendance aux \u00e9nergies fossiles, combin\u00e9e \u00e0 la hausse des co\u00fbts d\u2019importation, pousse les autorit\u00e9s \u00e0 acc\u00e9l\u00e9rer la transition vers le renouvelable. L\u2019objectif affich\u00e9 est de diversifier le mix \u00e9nerg\u00e9tique et de r\u00e9duire la facture \u00e9nerg\u00e9tique \u00e0 moyen terme.<\/p>\n\n\n\n<p>Quels sont les principaux avantages avanc\u00e9s ? Les projets devraient permettre d\u2019augmenter la capacit\u00e9 de production d\u2019\u00e9lectricit\u00e9 verte, d\u2019attirer des investissements \u00e9trangers et de cr\u00e9er des emplois, notamment dans les r\u00e9gions de l\u2019int\u00e9rieur. Ils s\u2019inscrivent aussi dans les engagements climatiques de la Tunisie.<\/p>\n\n\n\n<p class=\"has-medium-font-size\"><strong>Lire aussi :<\/strong> <a href=\"https:\/\/www.webdo.tn\/fr\/actualite\/national\/la-tunisie-vend-son-soleil-a-letranger-polemique-autour-des-contrats-energetiques\/396933\/\">\u00ab\u00a0La Tunisie vend son soleil \u00e0 l\u2019\u00e9tranger\u00a0\u00bb : Pol\u00e9mique autour des contrats \u00e9nerg\u00e9tiques<\/a><br><\/p>\n\n\n\n<p>Mais pourquoi autant de pol\u00e9mique ? Plusieurs voix, notamment syndicales, d\u00e9noncent un risque de privatisation d\u00e9guis\u00e9e du secteur de l\u2019\u00e9nergie. Des critiques portent aussi sur le manque de transparence de certains contrats et sur l\u2019impact potentiel sur la souverainet\u00e9 \u00e9nerg\u00e9tique. La question du r\u00f4le de la STEG reste au c\u0153ur des inqui\u00e9tudes.<\/p>\n\n\n\n<h2 class=\"wp-block-heading\" id=\"h-peu-d-effet-immediat-pour-les-consommateurs\">Peu d\u2019effet imm\u00e9diat pour les consommateurs<\/h2>\n\n\n\n<p>Qu\u2019est-ce que cela change concr\u00e8tement ? \u00c0 court terme, peu d\u2019effet imm\u00e9diat pour les consommateurs. Mais \u00e0 moyen et long terme, ces projets pourraient influencer le prix de l\u2019\u00e9lectricit\u00e9, la structure du march\u00e9 \u00e9nerg\u00e9tique et la place du secteur public dans la production.<\/p>\n\n\n\n<p>En r\u00e9sum\u00e9, ces concessions marquent une \u00e9tape cl\u00e9 dans la strat\u00e9gie \u00e9nerg\u00e9tique du pays. Entre n\u00e9cessit\u00e9 \u00e9conomique et d\u00e9bat sur la souverainet\u00e9, elles ouvrent une nouvelle phase dont les effets r\u00e9els d\u00e9pendront largement de leur mise en \u0153uvre.<\/p>\n\n\n\n<p><\/p>\n","protected":false},"excerpt":{"rendered":"<p>Le Parlement a approuv\u00e9, le 28 avril 2026, une s\u00e9rie de projets de concessions pour la production d\u2019\u00e9lectricit\u00e9 \u00e0 partir des \u00e9nergies renouvelables. Une d\u00e9cision importante, mais qui suscite interrogations et d\u00e9bats. Voici l\u2019essentiel \u00e0 retenir pour comprendre les enjeux. D\u2019abord, de quoi s\u2019agit-il exactement ? Les d\u00e9put\u00e9s ont adopt\u00e9 cinq projets de loi autorisant [&hellip;]<\/p>\n","protected":false},"author":3184,"featured_media":394724,"comment_status":"closed","ping_status":"closed","sticky":false,"template":"","format":"standard","meta":{"footnotes":""},"categories":[13163,44],"tags":[14061,13441,2608],"class_list":["post-397007","post","type-post","status-publish","format-standard","has-post-thumbnail","hentry","category-epingle","category-national","tag-concessions","tag-energie-renouvelable-2","tag-tunisie"],"yoast_head":"<!-- This site is optimized with the Yoast SEO Premium plugin v27.4 (Yoast SEO v27.5) - https:\/\/yoast.com\/product\/yoast-seo-premium-wordpress\/ -->\n<title>Solaire : Tout ce qu\u2019il faut savoir sur les concessions approuv\u00e9es par l&#039;ARP - webdo<\/title>\n<meta name=\"description\" content=\"D\u00e9couvrez les concessions approuv\u00e9es par l&#039;ARP pour l&#039;\u00e9lectricit\u00e9 renouvelable et leur impact sur l&#039;\u00e9conomie tunisienne.\" \/>\n<link rel=\"canonical\" href=\"https:\/\/www.webdo.tn\/fr\/actualite\/national\/solaire-tout-ce-quil-faut-savoir-sur-les-concessions-approuvees-par-larp\/397007\/\" \/>\n<meta property=\"og:locale\" content=\"fr_FR\" \/>\n<meta property=\"og:type\" content=\"article\" \/>\n<meta property=\"og:title\" content=\"Solaire : Tout ce qu\u2019il faut savoir sur les concessions approuv\u00e9es par l&#039;ARP\" \/>\n<meta property=\"og:description\" content=\"D\u00e9couvrez les concessions approuv\u00e9es par l&#039;ARP pour l&#039;\u00e9lectricit\u00e9 renouvelable et leur impact sur l&#039;\u00e9conomie tunisienne.\" \/>\n<meta property=\"og:url\" content=\"https:\/\/www.webdo.tn\/fr\/actualite\/national\/solaire-tout-ce-quil-faut-savoir-sur-les-concessions-approuvees-par-larp\/397007\/\" \/>\n<meta property=\"og:site_name\" content=\"webdo\" \/>\n<meta property=\"article:publisher\" content=\"https:\/\/www.facebook.com\/webdotn\" \/>\n<meta property=\"article:published_time\" content=\"2026-04-29T06:33:00+00:00\" \/>\n<meta property=\"article:modified_time\" content=\"2026-04-29T06:33:02+00:00\" \/>\n<meta property=\"og:image\" content=\"https:\/\/www.webdo.tn\/fr\/wp-content\/uploads\/2026\/03\/Gabes-un-projet-solaire-japonais.jpg\" \/>\n\t<meta property=\"og:image:width\" content=\"1200\" \/>\n\t<meta property=\"og:image:height\" content=\"600\" \/>\n\t<meta property=\"og:image:type\" content=\"image\/jpeg\" \/>\n<meta name=\"author\" content=\"Wided Belhaj\" \/>\n<meta name=\"twitter:card\" content=\"summary_large_image\" \/>\n<meta name=\"twitter:creator\" content=\"@webdo_tn\" \/>\n<meta name=\"twitter:site\" content=\"@webdo_tn\" \/>\n<meta name=\"twitter:label1\" content=\"\u00c9crit par\" \/>\n\t<meta name=\"twitter:data1\" content=\"Wided Belhaj\" \/>\n\t<meta name=\"twitter:label2\" content=\"Dur\u00e9e de lecture estim\u00e9e\" \/>\n\t<meta name=\"twitter:data2\" content=\"2 minutes\" \/>\n<script type=\"application\/ld+json\" class=\"yoast-schema-graph\">{\"@context\":\"https:\\\/\\\/schema.org\",\"@graph\":[{\"@type\":\"NewsArticle\",\"@id\":\"https:\\\/\\\/www.webdo.tn\\\/fr\\\/actualite\\\/national\\\/solaire-tout-ce-quil-faut-savoir-sur-les-concessions-approuvees-par-larp\\\/397007\\\/#article\",\"isPartOf\":{\"@id\":\"https:\\\/\\\/www.webdo.tn\\\/fr\\\/actualite\\\/national\\\/solaire-tout-ce-quil-faut-savoir-sur-les-concessions-approuvees-par-larp\\\/397007\\\/\"},\"author\":{\"name\":\"Wided Belhaj\",\"@id\":\"https:\\\/\\\/www.webdo.tn\\\/fr\\\/#\\\/schema\\\/person\\\/b9ecde7a5574cb4fcf4b496ea5fadb15\"},\"headline\":\"Solaire : Tout ce qu\u2019il faut savoir sur les concessions approuv\u00e9es par l&rsquo;ARP\",\"datePublished\":\"2026-04-29T06:33:00+00:00\",\"dateModified\":\"2026-04-29T06:33:02+00:00\",\"mainEntityOfPage\":{\"@id\":\"https:\\\/\\\/www.webdo.tn\\\/fr\\\/actualite\\\/national\\\/solaire-tout-ce-quil-faut-savoir-sur-les-concessions-approuvees-par-larp\\\/397007\\\/\"},\"wordCount\":426,\"publisher\":{\"@id\":\"https:\\\/\\\/www.webdo.tn\\\/fr\\\/#organization\"},\"image\":{\"@id\":\"https:\\\/\\\/www.webdo.tn\\\/fr\\\/actualite\\\/national\\\/solaire-tout-ce-quil-faut-savoir-sur-les-concessions-approuvees-par-larp\\\/397007\\\/#primaryimage\"},\"thumbnailUrl\":\"https:\\\/\\\/www.webdo.tn\\\/fr\\\/wp-content\\\/uploads\\\/2026\\\/03\\\/Gabes-un-projet-solaire-japonais.jpg\",\"keywords\":[\"Concessions\",\"energie renouvelable\",\"Tunisie\"],\"articleSection\":[\"\u00c9pingle\",\"National\"],\"inLanguage\":\"fr-FR\"},{\"@type\":\"WebPage\",\"@id\":\"https:\\\/\\\/www.webdo.tn\\\/fr\\\/actualite\\\/national\\\/solaire-tout-ce-quil-faut-savoir-sur-les-concessions-approuvees-par-larp\\\/397007\\\/\",\"url\":\"https:\\\/\\\/www.webdo.tn\\\/fr\\\/actualite\\\/national\\\/solaire-tout-ce-quil-faut-savoir-sur-les-concessions-approuvees-par-larp\\\/397007\\\/\",\"name\":\"Solaire : Tout ce qu\u2019il faut savoir sur les concessions approuv\u00e9es par l'ARP - webdo\",\"isPartOf\":{\"@id\":\"https:\\\/\\\/www.webdo.tn\\\/fr\\\/#website\"},\"primaryImageOfPage\":{\"@id\":\"https:\\\/\\\/www.webdo.tn\\\/fr\\\/actualite\\\/national\\\/solaire-tout-ce-quil-faut-savoir-sur-les-concessions-approuvees-par-larp\\\/397007\\\/#primaryimage\"},\"image\":{\"@id\":\"https:\\\/\\\/www.webdo.tn\\\/fr\\\/actualite\\\/national\\\/solaire-tout-ce-quil-faut-savoir-sur-les-concessions-approuvees-par-larp\\\/397007\\\/#primaryimage\"},\"thumbnailUrl\":\"https:\\\/\\\/www.webdo.tn\\\/fr\\\/wp-content\\\/uploads\\\/2026\\\/03\\\/Gabes-un-projet-solaire-japonais.jpg\",\"datePublished\":\"2026-04-29T06:33:00+00:00\",\"dateModified\":\"2026-04-29T06:33:02+00:00\",\"description\":\"D\u00e9couvrez les concessions approuv\u00e9es par l'ARP pour l'\u00e9lectricit\u00e9 renouvelable et leur impact sur l'\u00e9conomie tunisienne.\",\"breadcrumb\":{\"@id\":\"https:\\\/\\\/www.webdo.tn\\\/fr\\\/actualite\\\/national\\\/solaire-tout-ce-quil-faut-savoir-sur-les-concessions-approuvees-par-larp\\\/397007\\\/#breadcrumb\"},\"inLanguage\":\"fr-FR\",\"potentialAction\":[{\"@type\":\"ReadAction\",\"target\":[\"https:\\\/\\\/www.webdo.tn\\\/fr\\\/actualite\\\/national\\\/solaire-tout-ce-quil-faut-savoir-sur-les-concessions-approuvees-par-larp\\\/397007\\\/\"]}]},{\"@type\":\"ImageObject\",\"inLanguage\":\"fr-FR\",\"@id\":\"https:\\\/\\\/www.webdo.tn\\\/fr\\\/actualite\\\/national\\\/solaire-tout-ce-quil-faut-savoir-sur-les-concessions-approuvees-par-larp\\\/397007\\\/#primaryimage\",\"url\":\"https:\\\/\\\/www.webdo.tn\\\/fr\\\/wp-content\\\/uploads\\\/2026\\\/03\\\/Gabes-un-projet-solaire-japonais.jpg\",\"contentUrl\":\"https:\\\/\\\/www.webdo.tn\\\/fr\\\/wp-content\\\/uploads\\\/2026\\\/03\\\/Gabes-un-projet-solaire-japonais.jpg\",\"width\":1200,\"height\":600,\"caption\":\"Transition \u00e9nerg\u00e9tique : le Japon soutient un projet solaire de 130 MW \u00e0 Gab\u00e8s\"},{\"@type\":\"BreadcrumbList\",\"@id\":\"https:\\\/\\\/www.webdo.tn\\\/fr\\\/actualite\\\/national\\\/solaire-tout-ce-quil-faut-savoir-sur-les-concessions-approuvees-par-larp\\\/397007\\\/#breadcrumb\",\"itemListElement\":[{\"@type\":\"ListItem\",\"position\":1,\"name\":\"Accueil\",\"item\":\"https:\\\/\\\/www.webdo.tn\\\/fr\\\/\"},{\"@type\":\"ListItem\",\"position\":2,\"name\":\"Solaire : Tout ce qu\u2019il faut savoir sur les concessions approuv\u00e9es par l&rsquo;ARP\"}]},{\"@type\":\"WebSite\",\"@id\":\"https:\\\/\\\/www.webdo.tn\\\/fr\\\/#website\",\"url\":\"https:\\\/\\\/www.webdo.tn\\\/fr\\\/\",\"name\":\"webdo\",\"description\":\"Tunisie - News en Tunisie et \u00e0 l&#039;international sur Webdo.tn\",\"publisher\":{\"@id\":\"https:\\\/\\\/www.webdo.tn\\\/fr\\\/#organization\"},\"potentialAction\":[{\"@type\":\"SearchAction\",\"target\":{\"@type\":\"EntryPoint\",\"urlTemplate\":\"https:\\\/\\\/www.webdo.tn\\\/fr\\\/?s={search_term_string}\"},\"query-input\":{\"@type\":\"PropertyValueSpecification\",\"valueRequired\":true,\"valueName\":\"search_term_string\"}}],\"inLanguage\":\"fr-FR\"},{\"@type\":\"Organization\",\"@id\":\"https:\\\/\\\/www.webdo.tn\\\/fr\\\/#organization\",\"name\":\"Webdo\",\"alternateName\":\"Webdo.tn\",\"url\":\"https:\\\/\\\/www.webdo.tn\\\/fr\\\/\",\"logo\":{\"@type\":\"ImageObject\",\"inLanguage\":\"fr-FR\",\"@id\":\"https:\\\/\\\/www.webdo.tn\\\/fr\\\/#\\\/schema\\\/logo\\\/image\\\/\",\"url\":\"https:\\\/\\\/www.webdo.tn\\\/fr\\\/wp-content\\\/uploads\\\/2025\\\/06\\\/Webdo-Tunisie_168377.jpg\",\"contentUrl\":\"https:\\\/\\\/www.webdo.tn\\\/fr\\\/wp-content\\\/uploads\\\/2025\\\/06\\\/Webdo-Tunisie_168377.jpg\",\"width\":301,\"height\":301,\"caption\":\"Webdo\"},\"image\":{\"@id\":\"https:\\\/\\\/www.webdo.tn\\\/fr\\\/#\\\/schema\\\/logo\\\/image\\\/\"},\"sameAs\":[\"https:\\\/\\\/www.facebook.com\\\/webdotn\",\"https:\\\/\\\/x.com\\\/webdo_tn\"],\"description\":\"Webdo est un m\u00e9dia num\u00e9rique tunisien fond\u00e9 en 2010, sp\u00e9cialis\u00e9 dans l\u2019actualit\u00e9 nationale et internationale, l\u2019\u00e9conomie, la soci\u00e9t\u00e9 et les analyses politiques. Le site s\u2019adresse \u00e0 un large public francophone et couvre l\u2019information tunisienne en temps r\u00e9el.\",\"email\":\"redac@webdo.tn\",\"legalName\":\"YNJ SARL\",\"foundingDate\":\"2010-09-06\",\"numberOfEmployees\":{\"@type\":\"QuantitativeValue\",\"minValue\":\"11\",\"maxValue\":\"50\"}},{\"@type\":\"Person\",\"@id\":\"https:\\\/\\\/www.webdo.tn\\\/fr\\\/#\\\/schema\\\/person\\\/b9ecde7a5574cb4fcf4b496ea5fadb15\",\"name\":\"Wided Belhaj\",\"image\":{\"@type\":\"ImageObject\",\"inLanguage\":\"fr-FR\",\"@id\":\"https:\\\/\\\/www.webdo.tn\\\/fr\\\/wp-content\\\/uploads\\\/2026\\\/04\\\/wided-belhaj_avatar-96x96.jpg\",\"url\":\"https:\\\/\\\/www.webdo.tn\\\/fr\\\/wp-content\\\/uploads\\\/2026\\\/04\\\/wided-belhaj_avatar-96x96.jpg\",\"contentUrl\":\"https:\\\/\\\/www.webdo.tn\\\/fr\\\/wp-content\\\/uploads\\\/2026\\\/04\\\/wided-belhaj_avatar-96x96.jpg\",\"caption\":\"Wided Belhaj\"},\"description\":\"Wided Belhaj est le pseudonyme \u00e9ditorial utilis\u00e9 par Khalil Jelassi, journaliste, ma\u00eetre-assistant \u00e0 l\u2019Institut de presse et des sciences de l\u2019information (IPSI) et chercheur en sciences de l\u2019information et de la communication. Cette signature est d\u00e9di\u00e9e \u00e0 l\u2019analyse des m\u00e9dias, des pratiques journalistiques et des mutations de l\u2019information \u00e0 l\u2019\u00e8re digitale. \u00c0 travers ses contributions, Wided Belhaj propose une lecture analytique de l\u2019actualit\u00e9, en croisant regard critique et expertise acad\u00e9mique.\",\"knowsAbout\":[\"m\u00e9dias\",\"journalisme\",\"communication\",\"information\",\"transformation num\u00e9rique\",\"analyse des m\u00e9dias\"],\"knowsLanguage\":[\"Fran\u00e7ais\",\"Arabe\"],\"jobTitle\":\"Webdo.tn\",\"worksFor\":\"Journaliste \u2013 Analyse des m\u00e9dias\",\"url\":\"https:\\\/\\\/www.webdo.tn\\\/fr\\\/actualite\\\/author\\\/wided-belhaj\\\/\"}]}<\/script>\n<!-- \/ Yoast SEO Premium plugin. -->","yoast_head_json":{"title":"Solaire : Tout ce qu\u2019il faut savoir sur les concessions approuv\u00e9es par l'ARP - webdo","description":"D\u00e9couvrez les concessions approuv\u00e9es par l'ARP pour l'\u00e9lectricit\u00e9 renouvelable et leur impact sur l'\u00e9conomie tunisienne.","canonical":"https:\/\/www.webdo.tn\/fr\/actualite\/national\/solaire-tout-ce-quil-faut-savoir-sur-les-concessions-approuvees-par-larp\/397007\/","og_locale":"fr_FR","og_type":"article","og_title":"Solaire : Tout ce qu\u2019il faut savoir sur les concessions approuv\u00e9es par l'ARP","og_description":"D\u00e9couvrez les concessions approuv\u00e9es par l'ARP pour l'\u00e9lectricit\u00e9 renouvelable et leur impact sur l'\u00e9conomie tunisienne.","og_url":"https:\/\/www.webdo.tn\/fr\/actualite\/national\/solaire-tout-ce-quil-faut-savoir-sur-les-concessions-approuvees-par-larp\/397007\/","og_site_name":"webdo","article_publisher":"https:\/\/www.facebook.com\/webdotn","article_published_time":"2026-04-29T06:33:00+00:00","article_modified_time":"2026-04-29T06:33:02+00:00","og_image":[{"width":1200,"height":600,"url":"https:\/\/www.webdo.tn\/fr\/wp-content\/uploads\/2026\/03\/Gabes-un-projet-solaire-japonais.jpg","type":"image\/jpeg"}],"author":"Wided Belhaj","twitter_card":"summary_large_image","twitter_creator":"@webdo_tn","twitter_site":"@webdo_tn","twitter_misc":{"\u00c9crit par":"Wided Belhaj","Dur\u00e9e de lecture estim\u00e9e":"2 minutes"},"schema":{"@context":"https:\/\/schema.org","@graph":[{"@type":"NewsArticle","@id":"https:\/\/www.webdo.tn\/fr\/actualite\/national\/solaire-tout-ce-quil-faut-savoir-sur-les-concessions-approuvees-par-larp\/397007\/#article","isPartOf":{"@id":"https:\/\/www.webdo.tn\/fr\/actualite\/national\/solaire-tout-ce-quil-faut-savoir-sur-les-concessions-approuvees-par-larp\/397007\/"},"author":{"name":"Wided Belhaj","@id":"https:\/\/www.webdo.tn\/fr\/#\/schema\/person\/b9ecde7a5574cb4fcf4b496ea5fadb15"},"headline":"Solaire : Tout ce qu\u2019il faut savoir sur les concessions approuv\u00e9es par l&rsquo;ARP","datePublished":"2026-04-29T06:33:00+00:00","dateModified":"2026-04-29T06:33:02+00:00","mainEntityOfPage":{"@id":"https:\/\/www.webdo.tn\/fr\/actualite\/national\/solaire-tout-ce-quil-faut-savoir-sur-les-concessions-approuvees-par-larp\/397007\/"},"wordCount":426,"publisher":{"@id":"https:\/\/www.webdo.tn\/fr\/#organization"},"image":{"@id":"https:\/\/www.webdo.tn\/fr\/actualite\/national\/solaire-tout-ce-quil-faut-savoir-sur-les-concessions-approuvees-par-larp\/397007\/#primaryimage"},"thumbnailUrl":"https:\/\/www.webdo.tn\/fr\/wp-content\/uploads\/2026\/03\/Gabes-un-projet-solaire-japonais.jpg","keywords":["Concessions","energie renouvelable","Tunisie"],"articleSection":["\u00c9pingle","National"],"inLanguage":"fr-FR"},{"@type":"WebPage","@id":"https:\/\/www.webdo.tn\/fr\/actualite\/national\/solaire-tout-ce-quil-faut-savoir-sur-les-concessions-approuvees-par-larp\/397007\/","url":"https:\/\/www.webdo.tn\/fr\/actualite\/national\/solaire-tout-ce-quil-faut-savoir-sur-les-concessions-approuvees-par-larp\/397007\/","name":"Solaire : Tout ce qu\u2019il faut savoir sur les concessions approuv\u00e9es par l'ARP - webdo","isPartOf":{"@id":"https:\/\/www.webdo.tn\/fr\/#website"},"primaryImageOfPage":{"@id":"https:\/\/www.webdo.tn\/fr\/actualite\/national\/solaire-tout-ce-quil-faut-savoir-sur-les-concessions-approuvees-par-larp\/397007\/#primaryimage"},"image":{"@id":"https:\/\/www.webdo.tn\/fr\/actualite\/national\/solaire-tout-ce-quil-faut-savoir-sur-les-concessions-approuvees-par-larp\/397007\/#primaryimage"},"thumbnailUrl":"https:\/\/www.webdo.tn\/fr\/wp-content\/uploads\/2026\/03\/Gabes-un-projet-solaire-japonais.jpg","datePublished":"2026-04-29T06:33:00+00:00","dateModified":"2026-04-29T06:33:02+00:00","description":"D\u00e9couvrez les concessions approuv\u00e9es par l'ARP pour l'\u00e9lectricit\u00e9 renouvelable et leur impact sur l'\u00e9conomie tunisienne.","breadcrumb":{"@id":"https:\/\/www.webdo.tn\/fr\/actualite\/national\/solaire-tout-ce-quil-faut-savoir-sur-les-concessions-approuvees-par-larp\/397007\/#breadcrumb"},"inLanguage":"fr-FR","potentialAction":[{"@type":"ReadAction","target":["https:\/\/www.webdo.tn\/fr\/actualite\/national\/solaire-tout-ce-quil-faut-savoir-sur-les-concessions-approuvees-par-larp\/397007\/"]}]},{"@type":"ImageObject","inLanguage":"fr-FR","@id":"https:\/\/www.webdo.tn\/fr\/actualite\/national\/solaire-tout-ce-quil-faut-savoir-sur-les-concessions-approuvees-par-larp\/397007\/#primaryimage","url":"https:\/\/www.webdo.tn\/fr\/wp-content\/uploads\/2026\/03\/Gabes-un-projet-solaire-japonais.jpg","contentUrl":"https:\/\/www.webdo.tn\/fr\/wp-content\/uploads\/2026\/03\/Gabes-un-projet-solaire-japonais.jpg","width":1200,"height":600,"caption":"Transition \u00e9nerg\u00e9tique : le Japon soutient un projet solaire de 130 MW \u00e0 Gab\u00e8s"},{"@type":"BreadcrumbList","@id":"https:\/\/www.webdo.tn\/fr\/actualite\/national\/solaire-tout-ce-quil-faut-savoir-sur-les-concessions-approuvees-par-larp\/397007\/#breadcrumb","itemListElement":[{"@type":"ListItem","position":1,"name":"Accueil","item":"https:\/\/www.webdo.tn\/fr\/"},{"@type":"ListItem","position":2,"name":"Solaire : Tout ce qu\u2019il faut savoir sur les concessions approuv\u00e9es par l&rsquo;ARP"}]},{"@type":"WebSite","@id":"https:\/\/www.webdo.tn\/fr\/#website","url":"https:\/\/www.webdo.tn\/fr\/","name":"webdo","description":"Tunisie - News en Tunisie et \u00e0 l&#039;international sur Webdo.tn","publisher":{"@id":"https:\/\/www.webdo.tn\/fr\/#organization"},"potentialAction":[{"@type":"SearchAction","target":{"@type":"EntryPoint","urlTemplate":"https:\/\/www.webdo.tn\/fr\/?s={search_term_string}"},"query-input":{"@type":"PropertyValueSpecification","valueRequired":true,"valueName":"search_term_string"}}],"inLanguage":"fr-FR"},{"@type":"Organization","@id":"https:\/\/www.webdo.tn\/fr\/#organization","name":"Webdo","alternateName":"Webdo.tn","url":"https:\/\/www.webdo.tn\/fr\/","logo":{"@type":"ImageObject","inLanguage":"fr-FR","@id":"https:\/\/www.webdo.tn\/fr\/#\/schema\/logo\/image\/","url":"https:\/\/www.webdo.tn\/fr\/wp-content\/uploads\/2025\/06\/Webdo-Tunisie_168377.jpg","contentUrl":"https:\/\/www.webdo.tn\/fr\/wp-content\/uploads\/2025\/06\/Webdo-Tunisie_168377.jpg","width":301,"height":301,"caption":"Webdo"},"image":{"@id":"https:\/\/www.webdo.tn\/fr\/#\/schema\/logo\/image\/"},"sameAs":["https:\/\/www.facebook.com\/webdotn","https:\/\/x.com\/webdo_tn"],"description":"Webdo est un m\u00e9dia num\u00e9rique tunisien fond\u00e9 en 2010, sp\u00e9cialis\u00e9 dans l\u2019actualit\u00e9 nationale et internationale, l\u2019\u00e9conomie, la soci\u00e9t\u00e9 et les analyses politiques. Le site s\u2019adresse \u00e0 un large public francophone et couvre l\u2019information tunisienne en temps r\u00e9el.","email":"redac@webdo.tn","legalName":"YNJ SARL","foundingDate":"2010-09-06","numberOfEmployees":{"@type":"QuantitativeValue","minValue":"11","maxValue":"50"}},{"@type":"Person","@id":"https:\/\/www.webdo.tn\/fr\/#\/schema\/person\/b9ecde7a5574cb4fcf4b496ea5fadb15","name":"Wided Belhaj","image":{"@type":"ImageObject","inLanguage":"fr-FR","@id":"https:\/\/www.webdo.tn\/fr\/wp-content\/uploads\/2026\/04\/wided-belhaj_avatar-96x96.jpg","url":"https:\/\/www.webdo.tn\/fr\/wp-content\/uploads\/2026\/04\/wided-belhaj_avatar-96x96.jpg","contentUrl":"https:\/\/www.webdo.tn\/fr\/wp-content\/uploads\/2026\/04\/wided-belhaj_avatar-96x96.jpg","caption":"Wided Belhaj"},"description":"Wided Belhaj est le pseudonyme \u00e9ditorial utilis\u00e9 par Khalil Jelassi, journaliste, ma\u00eetre-assistant \u00e0 l\u2019Institut de presse et des sciences de l\u2019information (IPSI) et chercheur en sciences de l\u2019information et de la communication. Cette signature est d\u00e9di\u00e9e \u00e0 l\u2019analyse des m\u00e9dias, des pratiques journalistiques et des mutations de l\u2019information \u00e0 l\u2019\u00e8re digitale. \u00c0 travers ses contributions, Wided Belhaj propose une lecture analytique de l\u2019actualit\u00e9, en croisant regard critique et expertise acad\u00e9mique.","knowsAbout":["m\u00e9dias","journalisme","communication","information","transformation num\u00e9rique","analyse des m\u00e9dias"],"knowsLanguage":["Fran\u00e7ais","Arabe"],"jobTitle":"Webdo.tn","worksFor":"Journaliste \u2013 Analyse des m\u00e9dias","url":"https:\/\/www.webdo.tn\/fr\/actualite\/author\/wided-belhaj\/"}]}},"_links":{"self":[{"href":"https:\/\/www.webdo.tn\/fr\/wp-json\/wp\/v2\/posts\/397007","targetHints":{"allow":["GET"]}}],"collection":[{"href":"https:\/\/www.webdo.tn\/fr\/wp-json\/wp\/v2\/posts"}],"about":[{"href":"https:\/\/www.webdo.tn\/fr\/wp-json\/wp\/v2\/types\/post"}],"author":[{"embeddable":true,"href":"https:\/\/www.webdo.tn\/fr\/wp-json\/wp\/v2\/users\/3184"}],"replies":[{"embeddable":true,"href":"https:\/\/www.webdo.tn\/fr\/wp-json\/wp\/v2\/comments?post=397007"}],"version-history":[{"count":1,"href":"https:\/\/www.webdo.tn\/fr\/wp-json\/wp\/v2\/posts\/397007\/revisions"}],"predecessor-version":[{"id":397008,"href":"https:\/\/www.webdo.tn\/fr\/wp-json\/wp\/v2\/posts\/397007\/revisions\/397008"}],"wp:featuredmedia":[{"embeddable":true,"href":"https:\/\/www.webdo.tn\/fr\/wp-json\/wp\/v2\/media\/394724"}],"wp:attachment":[{"href":"https:\/\/www.webdo.tn\/fr\/wp-json\/wp\/v2\/media?parent=397007"}],"wp:term":[{"taxonomy":"category","embeddable":true,"href":"https:\/\/www.webdo.tn\/fr\/wp-json\/wp\/v2\/categories?post=397007"},{"taxonomy":"post_tag","embeddable":true,"href":"https:\/\/www.webdo.tn\/fr\/wp-json\/wp\/v2\/tags?post=397007"}],"curies":[{"name":"wp","href":"https:\/\/api.w.org\/{rel}","templated":true}]}}