{"id":397005,"date":"2026-04-29T07:15:01","date_gmt":"2026-04-29T06:15:01","guid":{"rendered":"https:\/\/www.webdo.tn\/fr\/?p=397005"},"modified":"2026-04-29T07:15:02","modified_gmt":"2026-04-29T06:15:02","slug":"zenith-energy-un-litige-derriere-le-limogeage-de-fatma-thabet-chiboub","status":"publish","type":"post","link":"https:\/\/www.webdo.tn\/fr\/actualite\/national\/zenith-energy-un-litige-derriere-le-limogeage-de-fatma-thabet-chiboub\/397005\/","title":{"rendered":"Zenith Energy : Un litige derri\u00e8re le limogeage de Fatma Thabet Chiboub ?"},"content":{"rendered":"\n<p><strong>Limogeage surprise au sommet de l\u2019\u00c9tat, dossier \u00e9nerg\u00e9tique explosif en arri\u00e8re-plan : l\u2019affaire Zenith Energy s\u2019invite d\u00e9sormais dans le d\u00e9bat politique tunisien. Une question circule avec insistance : ce contentieux international a-t-il pes\u00e9 dans l\u2019\u00e9viction r\u00e9cente de la ministre de l\u2019Industrie Fatma Thabet Chiboub ?<\/strong><\/p>\n\n\n\n<p>Officiellement, rien ne lie la d\u00e9cision du pr\u00e9sident Ka\u00efs Sa\u00efed \u00e0 ce litige p\u00e9trolier. Le communiqu\u00e9 de la pr\u00e9sidence est rest\u00e9 sobre, sans justification d\u00e9taill\u00e9e. Mais dans les cercles \u00e9conomiques et juridiques, la concomitance des \u00e9v\u00e9nements intrigue.<\/p>\n\n\n\n<h2 class=\"wp-block-heading\" id=\"h-un-tournant-sensible\">Un tournant sensible<\/h2>\n\n\n\n<p>Car au m\u00eame moment, l\u2019affaire Zenith conna\u00eet un tournant sensible. Dans le cadre de la proc\u00e9dure d\u2019arbitrage engag\u00e9e devant le Centre international pour le r\u00e8glement des diff\u00e9rends relatifs aux investissements, des documents officiels tunisiens ont reconnu \u2014 au moins partiellement \u2014 les droits de la soci\u00e9t\u00e9 sur certaines concessions, notamment Robbana et El Bibane. Plus encore, plusieurs milliers de barils produits depuis 2022 ont \u00e9t\u00e9 explicitement consid\u00e9r\u00e9s comme appartenant \u00e0 l\u2019entreprise.<\/p>\n\n\n\n<p>Cette reconnaissance, m\u00eame encadr\u00e9e, constitue un rebondissement majeur. Elle offre \u00e0 Zenith un argument de poids pour soutenir sa th\u00e8se d\u2019entrave \u00e0 l\u2019exploitation, voire d\u2019expropriation indirecte. En face, la Tunisie se retrouve dans une position plus d\u00e9licate : d\u00e9fendre sa souverainet\u00e9 \u00e9nerg\u00e9tique tout en assumant des \u00e9l\u00e9ments \u00e9crits pouvant \u00eatre interpr\u00e9t\u00e9s contre elle.<\/p>\n\n\n\n<p><strong>Lire aussi : <\/strong><a href=\"https:\/\/www.webdo.tn\/fr\/actualite\/national\/un-proces-a-130-millions-une-entreprise-canadienne-tente-dinverser-la-victoire-de-la-tunisie\/383616\/\">Un proc\u00e8s \u00e0 130 millions $ : Une entreprise canadienne tente d\u2019inverser la victoire de la Tunisie<\/a><br><\/p>\n\n\n\n<p>Le dossier n\u2019en est pas \u00e0 son premier \u00e9pisode. Apr\u00e8s une d\u00e9cision arbitrale favorable \u00e0 Tunis dans un volet du litige, Zenith a contre-attaqu\u00e9 en d\u00e9posant un recours en annulation devant le Tribunal f\u00e9d\u00e9ral suisse, \u00e9voquant un possible conflit d\u2019int\u00e9r\u00eats au sein du tribunal. R\u00e9sultat : loin de s\u2019\u00e9teindre, l\u2019affaire change de terrain et gagne en intensit\u00e9 juridique.<\/p>\n\n\n\n<h2 class=\"wp-block-heading\" id=\"h-gestion-du-dossier-arbitrages-internes-communication\">Gestion du dossier, arbitrages internes, communication &#8230; <\/h2>\n\n\n\n<p>Dans ce contexte, le limogeage de la ministre de l\u2019Industrie prend une autre dimension. Le portefeuille qu\u2019elle dirigeait couvre pr\u00e9cis\u00e9ment les hydrocarbures, un secteur directement concern\u00e9 par le contentieux. Difficile, d\u00e8s lors, d\u2019ignorer les interrogations : gestion du dossier, arbitrages internes, communication avec les instances internationales\u2026 autant de param\u00e8tres qui peuvent peser, en coulisses, sur une d\u00e9cision politique.<\/p>\n\n\n\n<p>Aucune preuve formelle ne permet d\u2019\u00e9tablir un lien direct. Mais la chronologie alimente les sp\u00e9culations. D\u2019un c\u00f4t\u00e9, un litige \u00e0 plus de cent millions de dollars, d\u00e9sormais fragilis\u00e9 par des \u00e9l\u00e9ments de reconnaissance. De l\u2019autre, un changement brusque \u00e0 la t\u00eate du minist\u00e8re en charge du secteur.<\/p>\n\n\n\n<p class=\"has-medium-font-size\"><strong>Lire aussi :<\/strong><a href=\"https:\/\/www.webdo.tn\/fr\/actualite\/national\/industrie-et-energie-kais-saied-ecarte-la-ministre-sans-mentionner-son-nom\/396940\/\"> Industrie et \u00e9nergie : Ka\u00efs Sa\u00efed \u00e9carte la ministre sans mentionner son nom<\/a><br><\/p>\n\n\n\n<p>L\u2019affaire Zenith n\u2019est plus seulement un diff\u00e9rend juridique autour du p\u00e9trole. Elle devient un r\u00e9v\u00e9lateur des tensions entre gouvernance politique, souverainet\u00e9 \u00e9conomique et cr\u00e9dibilit\u00e9 internationale. Et dans cette \u00e9quation, chaque rebondissement \u2014 juridique ou politique \u2014 p\u00e8se un peu plus lourd.<\/p>\n\n\n\n<h2 class=\"wp-block-heading\" id=\"h-resume-de-l-affaire\">R\u00e9sum\u00e9 de l&rsquo;affaire <\/h2>\n\n\n\n<p>L\u2019affaire Zenith Energy oppose la Tunisie \u00e0 cette soci\u00e9t\u00e9 p\u00e9troli\u00e8re autour de concessions exploit\u00e9es dans le pays : l\u2019entreprise accuse l\u2019\u00c9tat d\u2019avoir bloqu\u00e9 ses activit\u00e9s, emp\u00each\u00e9 la commercialisation du p\u00e9trole et port\u00e9 atteinte \u00e0 ses droits, tandis que Tunis invoque le respect de sa souverainet\u00e9 et de sa r\u00e9glementation. <\/p>\n\n\n\n<p>Le diff\u00e9rend, port\u00e9 devant le Centre international pour le r\u00e8glement des diff\u00e9rends relatifs aux investissements, a connu plusieurs rebondissements, dont une d\u00e9cision partiellement favorable \u00e0 la Tunisie suivie d\u2019un recours de Zenith, dans un dossier o\u00f9 des \u00e9l\u00e9ments r\u00e9cents ont aussi montr\u00e9 une reconnaissance limit\u00e9e de certains droits de la soci\u00e9t\u00e9 sur des concessions et des volumes produits.<\/p>\n\n\n\n<p><\/p>\n","protected":false},"excerpt":{"rendered":"<p>Limogeage surprise au sommet de l\u2019\u00c9tat, dossier \u00e9nerg\u00e9tique explosif en arri\u00e8re-plan : l\u2019affaire Zenith Energy s\u2019invite d\u00e9sormais dans le d\u00e9bat politique tunisien. Une question circule avec insistance : ce contentieux international a-t-il pes\u00e9 dans l\u2019\u00e9viction r\u00e9cente de la ministre de l\u2019Industrie Fatma Thabet Chiboub ? Officiellement, rien ne lie la d\u00e9cision du pr\u00e9sident Ka\u00efs Sa\u00efed [&hellip;]<\/p>\n","protected":false},"author":3184,"featured_media":396941,"comment_status":"closed","ping_status":"closed","sticky":false,"template":"","format":"standard","meta":{"footnotes":""},"categories":[13163,44],"tags":[14060,5024,2608],"class_list":["post-397005","post","type-post","status-publish","format-standard","has-post-thumbnail","hentry","category-epingle","category-national","tag-fatma-chiboub","tag-limogeage","tag-tunisie"],"yoast_head":"<!-- This site is optimized with the Yoast SEO Premium plugin v27.4 (Yoast SEO v27.5) - https:\/\/yoast.com\/product\/yoast-seo-premium-wordpress\/ -->\n<title>Zenith Energy : Un litige derri\u00e8re le limogeage de Fatma Thabet Chiboub ? - webdo<\/title>\n<meta name=\"description\" content=\"D\u00e9couvrez pourquoi Fatma Chiboub a \u00e9t\u00e9 \u00e9vinc\u00e9e et son lien possible avec l&#039;affaire Zenith Energy dans le d\u00e9bat politique tunisien.\" \/>\n<link rel=\"canonical\" href=\"https:\/\/www.webdo.tn\/fr\/actualite\/national\/zenith-energy-un-litige-derriere-le-limogeage-de-fatma-thabet-chiboub\/397005\/\" \/>\n<meta property=\"og:locale\" content=\"fr_FR\" \/>\n<meta property=\"og:type\" content=\"article\" \/>\n<meta property=\"og:title\" content=\"Zenith Energy : Un litige derri\u00e8re le limogeage de Fatma Thabet Chiboub ?\" \/>\n<meta property=\"og:description\" content=\"D\u00e9couvrez pourquoi Fatma Chiboub a \u00e9t\u00e9 \u00e9vinc\u00e9e et son lien possible avec l&#039;affaire Zenith Energy dans le d\u00e9bat politique tunisien.\" \/>\n<meta property=\"og:url\" content=\"https:\/\/www.webdo.tn\/fr\/actualite\/national\/zenith-energy-un-litige-derriere-le-limogeage-de-fatma-thabet-chiboub\/397005\/\" \/>\n<meta property=\"og:site_name\" content=\"webdo\" \/>\n<meta property=\"article:publisher\" content=\"https:\/\/www.facebook.com\/webdotn\" \/>\n<meta property=\"article:published_time\" content=\"2026-04-29T06:15:01+00:00\" \/>\n<meta property=\"article:modified_time\" content=\"2026-04-29T06:15:02+00:00\" \/>\n<meta property=\"og:image\" content=\"https:\/\/www.webdo.tn\/fr\/wp-content\/uploads\/2026\/04\/fatma-thabet.jpg\" \/>\n\t<meta property=\"og:image:width\" content=\"1200\" \/>\n\t<meta property=\"og:image:height\" content=\"612\" \/>\n\t<meta property=\"og:image:type\" content=\"image\/jpeg\" \/>\n<meta name=\"author\" content=\"Wided Belhaj\" \/>\n<meta name=\"twitter:card\" content=\"summary_large_image\" \/>\n<meta name=\"twitter:creator\" content=\"@webdo_tn\" \/>\n<meta name=\"twitter:site\" content=\"@webdo_tn\" \/>\n<meta name=\"twitter:label1\" content=\"\u00c9crit par\" \/>\n\t<meta name=\"twitter:data1\" content=\"Wided Belhaj\" \/>\n\t<meta name=\"twitter:label2\" content=\"Dur\u00e9e de lecture estim\u00e9e\" \/>\n\t<meta name=\"twitter:data2\" content=\"4 minutes\" \/>\n<script type=\"application\/ld+json\" class=\"yoast-schema-graph\">{\"@context\":\"https:\\\/\\\/schema.org\",\"@graph\":[{\"@type\":\"NewsArticle\",\"@id\":\"https:\\\/\\\/www.webdo.tn\\\/fr\\\/actualite\\\/national\\\/zenith-energy-un-litige-derriere-le-limogeage-de-fatma-thabet-chiboub\\\/397005\\\/#article\",\"isPartOf\":{\"@id\":\"https:\\\/\\\/www.webdo.tn\\\/fr\\\/actualite\\\/national\\\/zenith-energy-un-litige-derriere-le-limogeage-de-fatma-thabet-chiboub\\\/397005\\\/\"},\"author\":{\"name\":\"Wided Belhaj\",\"@id\":\"https:\\\/\\\/www.webdo.tn\\\/fr\\\/#\\\/schema\\\/person\\\/b9ecde7a5574cb4fcf4b496ea5fadb15\"},\"headline\":\"Zenith Energy : Un litige derri\u00e8re le limogeage de Fatma Thabet Chiboub ?\",\"datePublished\":\"2026-04-29T06:15:01+00:00\",\"dateModified\":\"2026-04-29T06:15:02+00:00\",\"mainEntityOfPage\":{\"@id\":\"https:\\\/\\\/www.webdo.tn\\\/fr\\\/actualite\\\/national\\\/zenith-energy-un-litige-derriere-le-limogeage-de-fatma-thabet-chiboub\\\/397005\\\/\"},\"wordCount\":654,\"publisher\":{\"@id\":\"https:\\\/\\\/www.webdo.tn\\\/fr\\\/#organization\"},\"image\":{\"@id\":\"https:\\\/\\\/www.webdo.tn\\\/fr\\\/actualite\\\/national\\\/zenith-energy-un-litige-derriere-le-limogeage-de-fatma-thabet-chiboub\\\/397005\\\/#primaryimage\"},\"thumbnailUrl\":\"https:\\\/\\\/www.webdo.tn\\\/fr\\\/wp-content\\\/uploads\\\/2026\\\/04\\\/fatma-thabet.jpg\",\"keywords\":[\"Fatma chiboub\",\"Limogeage\",\"Tunisie\"],\"articleSection\":[\"\u00c9pingle\",\"National\"],\"inLanguage\":\"fr-FR\"},{\"@type\":\"WebPage\",\"@id\":\"https:\\\/\\\/www.webdo.tn\\\/fr\\\/actualite\\\/national\\\/zenith-energy-un-litige-derriere-le-limogeage-de-fatma-thabet-chiboub\\\/397005\\\/\",\"url\":\"https:\\\/\\\/www.webdo.tn\\\/fr\\\/actualite\\\/national\\\/zenith-energy-un-litige-derriere-le-limogeage-de-fatma-thabet-chiboub\\\/397005\\\/\",\"name\":\"Zenith Energy : Un litige derri\u00e8re le limogeage de Fatma Thabet Chiboub ? - webdo\",\"isPartOf\":{\"@id\":\"https:\\\/\\\/www.webdo.tn\\\/fr\\\/#website\"},\"primaryImageOfPage\":{\"@id\":\"https:\\\/\\\/www.webdo.tn\\\/fr\\\/actualite\\\/national\\\/zenith-energy-un-litige-derriere-le-limogeage-de-fatma-thabet-chiboub\\\/397005\\\/#primaryimage\"},\"image\":{\"@id\":\"https:\\\/\\\/www.webdo.tn\\\/fr\\\/actualite\\\/national\\\/zenith-energy-un-litige-derriere-le-limogeage-de-fatma-thabet-chiboub\\\/397005\\\/#primaryimage\"},\"thumbnailUrl\":\"https:\\\/\\\/www.webdo.tn\\\/fr\\\/wp-content\\\/uploads\\\/2026\\\/04\\\/fatma-thabet.jpg\",\"datePublished\":\"2026-04-29T06:15:01+00:00\",\"dateModified\":\"2026-04-29T06:15:02+00:00\",\"description\":\"D\u00e9couvrez pourquoi Fatma Chiboub a \u00e9t\u00e9 \u00e9vinc\u00e9e et son lien possible avec l'affaire Zenith Energy dans le d\u00e9bat politique tunisien.\",\"breadcrumb\":{\"@id\":\"https:\\\/\\\/www.webdo.tn\\\/fr\\\/actualite\\\/national\\\/zenith-energy-un-litige-derriere-le-limogeage-de-fatma-thabet-chiboub\\\/397005\\\/#breadcrumb\"},\"inLanguage\":\"fr-FR\",\"potentialAction\":[{\"@type\":\"ReadAction\",\"target\":[\"https:\\\/\\\/www.webdo.tn\\\/fr\\\/actualite\\\/national\\\/zenith-energy-un-litige-derriere-le-limogeage-de-fatma-thabet-chiboub\\\/397005\\\/\"]}]},{\"@type\":\"ImageObject\",\"inLanguage\":\"fr-FR\",\"@id\":\"https:\\\/\\\/www.webdo.tn\\\/fr\\\/actualite\\\/national\\\/zenith-energy-un-litige-derriere-le-limogeage-de-fatma-thabet-chiboub\\\/397005\\\/#primaryimage\",\"url\":\"https:\\\/\\\/www.webdo.tn\\\/fr\\\/wp-content\\\/uploads\\\/2026\\\/04\\\/fatma-thabet.jpg\",\"contentUrl\":\"https:\\\/\\\/www.webdo.tn\\\/fr\\\/wp-content\\\/uploads\\\/2026\\\/04\\\/fatma-thabet.jpg\",\"width\":1200,\"height\":612,\"caption\":\"Fatma Thabet\"},{\"@type\":\"BreadcrumbList\",\"@id\":\"https:\\\/\\\/www.webdo.tn\\\/fr\\\/actualite\\\/national\\\/zenith-energy-un-litige-derriere-le-limogeage-de-fatma-thabet-chiboub\\\/397005\\\/#breadcrumb\",\"itemListElement\":[{\"@type\":\"ListItem\",\"position\":1,\"name\":\"Accueil\",\"item\":\"https:\\\/\\\/www.webdo.tn\\\/fr\\\/\"},{\"@type\":\"ListItem\",\"position\":2,\"name\":\"Zenith Energy : Un litige derri\u00e8re le limogeage de Fatma Thabet Chiboub ?\"}]},{\"@type\":\"WebSite\",\"@id\":\"https:\\\/\\\/www.webdo.tn\\\/fr\\\/#website\",\"url\":\"https:\\\/\\\/www.webdo.tn\\\/fr\\\/\",\"name\":\"webdo\",\"description\":\"Tunisie - News en Tunisie et \u00e0 l&#039;international sur Webdo.tn\",\"publisher\":{\"@id\":\"https:\\\/\\\/www.webdo.tn\\\/fr\\\/#organization\"},\"potentialAction\":[{\"@type\":\"SearchAction\",\"target\":{\"@type\":\"EntryPoint\",\"urlTemplate\":\"https:\\\/\\\/www.webdo.tn\\\/fr\\\/?s={search_term_string}\"},\"query-input\":{\"@type\":\"PropertyValueSpecification\",\"valueRequired\":true,\"valueName\":\"search_term_string\"}}],\"inLanguage\":\"fr-FR\"},{\"@type\":\"Organization\",\"@id\":\"https:\\\/\\\/www.webdo.tn\\\/fr\\\/#organization\",\"name\":\"Webdo\",\"alternateName\":\"Webdo.tn\",\"url\":\"https:\\\/\\\/www.webdo.tn\\\/fr\\\/\",\"logo\":{\"@type\":\"ImageObject\",\"inLanguage\":\"fr-FR\",\"@id\":\"https:\\\/\\\/www.webdo.tn\\\/fr\\\/#\\\/schema\\\/logo\\\/image\\\/\",\"url\":\"https:\\\/\\\/www.webdo.tn\\\/fr\\\/wp-content\\\/uploads\\\/2025\\\/06\\\/Webdo-Tunisie_168377.jpg\",\"contentUrl\":\"https:\\\/\\\/www.webdo.tn\\\/fr\\\/wp-content\\\/uploads\\\/2025\\\/06\\\/Webdo-Tunisie_168377.jpg\",\"width\":301,\"height\":301,\"caption\":\"Webdo\"},\"image\":{\"@id\":\"https:\\\/\\\/www.webdo.tn\\\/fr\\\/#\\\/schema\\\/logo\\\/image\\\/\"},\"sameAs\":[\"https:\\\/\\\/www.facebook.com\\\/webdotn\",\"https:\\\/\\\/x.com\\\/webdo_tn\"],\"description\":\"Webdo est un m\u00e9dia num\u00e9rique tunisien fond\u00e9 en 2010, sp\u00e9cialis\u00e9 dans l\u2019actualit\u00e9 nationale et internationale, l\u2019\u00e9conomie, la soci\u00e9t\u00e9 et les analyses politiques. Le site s\u2019adresse \u00e0 un large public francophone et couvre l\u2019information tunisienne en temps r\u00e9el.\",\"email\":\"redac@webdo.tn\",\"legalName\":\"YNJ SARL\",\"foundingDate\":\"2010-09-06\",\"numberOfEmployees\":{\"@type\":\"QuantitativeValue\",\"minValue\":\"11\",\"maxValue\":\"50\"}},{\"@type\":\"Person\",\"@id\":\"https:\\\/\\\/www.webdo.tn\\\/fr\\\/#\\\/schema\\\/person\\\/b9ecde7a5574cb4fcf4b496ea5fadb15\",\"name\":\"Wided Belhaj\",\"image\":{\"@type\":\"ImageObject\",\"inLanguage\":\"fr-FR\",\"@id\":\"https:\\\/\\\/www.webdo.tn\\\/fr\\\/wp-content\\\/uploads\\\/2026\\\/04\\\/wided-belhaj_avatar-96x96.jpg\",\"url\":\"https:\\\/\\\/www.webdo.tn\\\/fr\\\/wp-content\\\/uploads\\\/2026\\\/04\\\/wided-belhaj_avatar-96x96.jpg\",\"contentUrl\":\"https:\\\/\\\/www.webdo.tn\\\/fr\\\/wp-content\\\/uploads\\\/2026\\\/04\\\/wided-belhaj_avatar-96x96.jpg\",\"caption\":\"Wided Belhaj\"},\"description\":\"Wided Belhaj est le pseudonyme \u00e9ditorial utilis\u00e9 par Khalil Jelassi, journaliste, ma\u00eetre-assistant \u00e0 l\u2019Institut de presse et des sciences de l\u2019information (IPSI) et chercheur en sciences de l\u2019information et de la communication. Cette signature est d\u00e9di\u00e9e \u00e0 l\u2019analyse des m\u00e9dias, des pratiques journalistiques et des mutations de l\u2019information \u00e0 l\u2019\u00e8re digitale. \u00c0 travers ses contributions, Wided Belhaj propose une lecture analytique de l\u2019actualit\u00e9, en croisant regard critique et expertise acad\u00e9mique.\",\"knowsAbout\":[\"m\u00e9dias\",\"journalisme\",\"communication\",\"information\",\"transformation num\u00e9rique\",\"analyse des m\u00e9dias\"],\"knowsLanguage\":[\"Fran\u00e7ais\",\"Arabe\"],\"jobTitle\":\"Webdo.tn\",\"worksFor\":\"Journaliste \u2013 Analyse des m\u00e9dias\",\"url\":\"https:\\\/\\\/www.webdo.tn\\\/fr\\\/actualite\\\/author\\\/wided-belhaj\\\/\"}]}<\/script>\n<!-- \/ Yoast SEO Premium plugin. -->","yoast_head_json":{"title":"Zenith Energy : Un litige derri\u00e8re le limogeage de Fatma Thabet Chiboub ? - webdo","description":"D\u00e9couvrez pourquoi Fatma Chiboub a \u00e9t\u00e9 \u00e9vinc\u00e9e et son lien possible avec l'affaire Zenith Energy dans le d\u00e9bat politique tunisien.","canonical":"https:\/\/www.webdo.tn\/fr\/actualite\/national\/zenith-energy-un-litige-derriere-le-limogeage-de-fatma-thabet-chiboub\/397005\/","og_locale":"fr_FR","og_type":"article","og_title":"Zenith Energy : Un litige derri\u00e8re le limogeage de Fatma Thabet Chiboub ?","og_description":"D\u00e9couvrez pourquoi Fatma Chiboub a \u00e9t\u00e9 \u00e9vinc\u00e9e et son lien possible avec l'affaire Zenith Energy dans le d\u00e9bat politique tunisien.","og_url":"https:\/\/www.webdo.tn\/fr\/actualite\/national\/zenith-energy-un-litige-derriere-le-limogeage-de-fatma-thabet-chiboub\/397005\/","og_site_name":"webdo","article_publisher":"https:\/\/www.facebook.com\/webdotn","article_published_time":"2026-04-29T06:15:01+00:00","article_modified_time":"2026-04-29T06:15:02+00:00","og_image":[{"width":1200,"height":612,"url":"https:\/\/www.webdo.tn\/fr\/wp-content\/uploads\/2026\/04\/fatma-thabet.jpg","type":"image\/jpeg"}],"author":"Wided Belhaj","twitter_card":"summary_large_image","twitter_creator":"@webdo_tn","twitter_site":"@webdo_tn","twitter_misc":{"\u00c9crit par":"Wided Belhaj","Dur\u00e9e de lecture estim\u00e9e":"4 minutes"},"schema":{"@context":"https:\/\/schema.org","@graph":[{"@type":"NewsArticle","@id":"https:\/\/www.webdo.tn\/fr\/actualite\/national\/zenith-energy-un-litige-derriere-le-limogeage-de-fatma-thabet-chiboub\/397005\/#article","isPartOf":{"@id":"https:\/\/www.webdo.tn\/fr\/actualite\/national\/zenith-energy-un-litige-derriere-le-limogeage-de-fatma-thabet-chiboub\/397005\/"},"author":{"name":"Wided Belhaj","@id":"https:\/\/www.webdo.tn\/fr\/#\/schema\/person\/b9ecde7a5574cb4fcf4b496ea5fadb15"},"headline":"Zenith Energy : Un litige derri\u00e8re le limogeage de Fatma Thabet Chiboub ?","datePublished":"2026-04-29T06:15:01+00:00","dateModified":"2026-04-29T06:15:02+00:00","mainEntityOfPage":{"@id":"https:\/\/www.webdo.tn\/fr\/actualite\/national\/zenith-energy-un-litige-derriere-le-limogeage-de-fatma-thabet-chiboub\/397005\/"},"wordCount":654,"publisher":{"@id":"https:\/\/www.webdo.tn\/fr\/#organization"},"image":{"@id":"https:\/\/www.webdo.tn\/fr\/actualite\/national\/zenith-energy-un-litige-derriere-le-limogeage-de-fatma-thabet-chiboub\/397005\/#primaryimage"},"thumbnailUrl":"https:\/\/www.webdo.tn\/fr\/wp-content\/uploads\/2026\/04\/fatma-thabet.jpg","keywords":["Fatma chiboub","Limogeage","Tunisie"],"articleSection":["\u00c9pingle","National"],"inLanguage":"fr-FR"},{"@type":"WebPage","@id":"https:\/\/www.webdo.tn\/fr\/actualite\/national\/zenith-energy-un-litige-derriere-le-limogeage-de-fatma-thabet-chiboub\/397005\/","url":"https:\/\/www.webdo.tn\/fr\/actualite\/national\/zenith-energy-un-litige-derriere-le-limogeage-de-fatma-thabet-chiboub\/397005\/","name":"Zenith Energy : Un litige derri\u00e8re le limogeage de Fatma Thabet Chiboub ? - webdo","isPartOf":{"@id":"https:\/\/www.webdo.tn\/fr\/#website"},"primaryImageOfPage":{"@id":"https:\/\/www.webdo.tn\/fr\/actualite\/national\/zenith-energy-un-litige-derriere-le-limogeage-de-fatma-thabet-chiboub\/397005\/#primaryimage"},"image":{"@id":"https:\/\/www.webdo.tn\/fr\/actualite\/national\/zenith-energy-un-litige-derriere-le-limogeage-de-fatma-thabet-chiboub\/397005\/#primaryimage"},"thumbnailUrl":"https:\/\/www.webdo.tn\/fr\/wp-content\/uploads\/2026\/04\/fatma-thabet.jpg","datePublished":"2026-04-29T06:15:01+00:00","dateModified":"2026-04-29T06:15:02+00:00","description":"D\u00e9couvrez pourquoi Fatma Chiboub a \u00e9t\u00e9 \u00e9vinc\u00e9e et son lien possible avec l'affaire Zenith Energy dans le d\u00e9bat politique tunisien.","breadcrumb":{"@id":"https:\/\/www.webdo.tn\/fr\/actualite\/national\/zenith-energy-un-litige-derriere-le-limogeage-de-fatma-thabet-chiboub\/397005\/#breadcrumb"},"inLanguage":"fr-FR","potentialAction":[{"@type":"ReadAction","target":["https:\/\/www.webdo.tn\/fr\/actualite\/national\/zenith-energy-un-litige-derriere-le-limogeage-de-fatma-thabet-chiboub\/397005\/"]}]},{"@type":"ImageObject","inLanguage":"fr-FR","@id":"https:\/\/www.webdo.tn\/fr\/actualite\/national\/zenith-energy-un-litige-derriere-le-limogeage-de-fatma-thabet-chiboub\/397005\/#primaryimage","url":"https:\/\/www.webdo.tn\/fr\/wp-content\/uploads\/2026\/04\/fatma-thabet.jpg","contentUrl":"https:\/\/www.webdo.tn\/fr\/wp-content\/uploads\/2026\/04\/fatma-thabet.jpg","width":1200,"height":612,"caption":"Fatma Thabet"},{"@type":"BreadcrumbList","@id":"https:\/\/www.webdo.tn\/fr\/actualite\/national\/zenith-energy-un-litige-derriere-le-limogeage-de-fatma-thabet-chiboub\/397005\/#breadcrumb","itemListElement":[{"@type":"ListItem","position":1,"name":"Accueil","item":"https:\/\/www.webdo.tn\/fr\/"},{"@type":"ListItem","position":2,"name":"Zenith Energy : Un litige derri\u00e8re le limogeage de Fatma Thabet Chiboub ?"}]},{"@type":"WebSite","@id":"https:\/\/www.webdo.tn\/fr\/#website","url":"https:\/\/www.webdo.tn\/fr\/","name":"webdo","description":"Tunisie - News en Tunisie et \u00e0 l&#039;international sur Webdo.tn","publisher":{"@id":"https:\/\/www.webdo.tn\/fr\/#organization"},"potentialAction":[{"@type":"SearchAction","target":{"@type":"EntryPoint","urlTemplate":"https:\/\/www.webdo.tn\/fr\/?s={search_term_string}"},"query-input":{"@type":"PropertyValueSpecification","valueRequired":true,"valueName":"search_term_string"}}],"inLanguage":"fr-FR"},{"@type":"Organization","@id":"https:\/\/www.webdo.tn\/fr\/#organization","name":"Webdo","alternateName":"Webdo.tn","url":"https:\/\/www.webdo.tn\/fr\/","logo":{"@type":"ImageObject","inLanguage":"fr-FR","@id":"https:\/\/www.webdo.tn\/fr\/#\/schema\/logo\/image\/","url":"https:\/\/www.webdo.tn\/fr\/wp-content\/uploads\/2025\/06\/Webdo-Tunisie_168377.jpg","contentUrl":"https:\/\/www.webdo.tn\/fr\/wp-content\/uploads\/2025\/06\/Webdo-Tunisie_168377.jpg","width":301,"height":301,"caption":"Webdo"},"image":{"@id":"https:\/\/www.webdo.tn\/fr\/#\/schema\/logo\/image\/"},"sameAs":["https:\/\/www.facebook.com\/webdotn","https:\/\/x.com\/webdo_tn"],"description":"Webdo est un m\u00e9dia num\u00e9rique tunisien fond\u00e9 en 2010, sp\u00e9cialis\u00e9 dans l\u2019actualit\u00e9 nationale et internationale, l\u2019\u00e9conomie, la soci\u00e9t\u00e9 et les analyses politiques. Le site s\u2019adresse \u00e0 un large public francophone et couvre l\u2019information tunisienne en temps r\u00e9el.","email":"redac@webdo.tn","legalName":"YNJ SARL","foundingDate":"2010-09-06","numberOfEmployees":{"@type":"QuantitativeValue","minValue":"11","maxValue":"50"}},{"@type":"Person","@id":"https:\/\/www.webdo.tn\/fr\/#\/schema\/person\/b9ecde7a5574cb4fcf4b496ea5fadb15","name":"Wided Belhaj","image":{"@type":"ImageObject","inLanguage":"fr-FR","@id":"https:\/\/www.webdo.tn\/fr\/wp-content\/uploads\/2026\/04\/wided-belhaj_avatar-96x96.jpg","url":"https:\/\/www.webdo.tn\/fr\/wp-content\/uploads\/2026\/04\/wided-belhaj_avatar-96x96.jpg","contentUrl":"https:\/\/www.webdo.tn\/fr\/wp-content\/uploads\/2026\/04\/wided-belhaj_avatar-96x96.jpg","caption":"Wided Belhaj"},"description":"Wided Belhaj est le pseudonyme \u00e9ditorial utilis\u00e9 par Khalil Jelassi, journaliste, ma\u00eetre-assistant \u00e0 l\u2019Institut de presse et des sciences de l\u2019information (IPSI) et chercheur en sciences de l\u2019information et de la communication. Cette signature est d\u00e9di\u00e9e \u00e0 l\u2019analyse des m\u00e9dias, des pratiques journalistiques et des mutations de l\u2019information \u00e0 l\u2019\u00e8re digitale. \u00c0 travers ses contributions, Wided Belhaj propose une lecture analytique de l\u2019actualit\u00e9, en croisant regard critique et expertise acad\u00e9mique.","knowsAbout":["m\u00e9dias","journalisme","communication","information","transformation num\u00e9rique","analyse des m\u00e9dias"],"knowsLanguage":["Fran\u00e7ais","Arabe"],"jobTitle":"Webdo.tn","worksFor":"Journaliste \u2013 Analyse des m\u00e9dias","url":"https:\/\/www.webdo.tn\/fr\/actualite\/author\/wided-belhaj\/"}]}},"_links":{"self":[{"href":"https:\/\/www.webdo.tn\/fr\/wp-json\/wp\/v2\/posts\/397005","targetHints":{"allow":["GET"]}}],"collection":[{"href":"https:\/\/www.webdo.tn\/fr\/wp-json\/wp\/v2\/posts"}],"about":[{"href":"https:\/\/www.webdo.tn\/fr\/wp-json\/wp\/v2\/types\/post"}],"author":[{"embeddable":true,"href":"https:\/\/www.webdo.tn\/fr\/wp-json\/wp\/v2\/users\/3184"}],"replies":[{"embeddable":true,"href":"https:\/\/www.webdo.tn\/fr\/wp-json\/wp\/v2\/comments?post=397005"}],"version-history":[{"count":1,"href":"https:\/\/www.webdo.tn\/fr\/wp-json\/wp\/v2\/posts\/397005\/revisions"}],"predecessor-version":[{"id":397006,"href":"https:\/\/www.webdo.tn\/fr\/wp-json\/wp\/v2\/posts\/397005\/revisions\/397006"}],"wp:featuredmedia":[{"embeddable":true,"href":"https:\/\/www.webdo.tn\/fr\/wp-json\/wp\/v2\/media\/396941"}],"wp:attachment":[{"href":"https:\/\/www.webdo.tn\/fr\/wp-json\/wp\/v2\/media?parent=397005"}],"wp:term":[{"taxonomy":"category","embeddable":true,"href":"https:\/\/www.webdo.tn\/fr\/wp-json\/wp\/v2\/categories?post=397005"},{"taxonomy":"post_tag","embeddable":true,"href":"https:\/\/www.webdo.tn\/fr\/wp-json\/wp\/v2\/tags?post=397005"}],"curies":[{"name":"wp","href":"https:\/\/api.w.org\/{rel}","templated":true}]}}