{"id":397001,"date":"2026-04-28T20:06:36","date_gmt":"2026-04-28T19:06:36","guid":{"rendered":"https:\/\/www.webdo.tn\/fr\/?p=397001"},"modified":"2026-04-28T20:09:36","modified_gmt":"2026-04-28T19:09:36","slug":"poste-tunisienne-yassine-faria-nomme-pdg-marouen-ben-slimene-releve-de-ses-fonctions","status":"publish","type":"post","link":"https:\/\/www.webdo.tn\/fr\/actualite\/national\/poste-tunisienne-yassine-faria-nomme-pdg-marouen-ben-slimene-releve-de-ses-fonctions\/397001\/","title":{"rendered":"Poste tunisienne : Yassine Faria nomm\u00e9 PDG, Marouen Ben Slimene relev\u00e9 de ses fonctions"},"content":{"rendered":"\n<p><strong>Un changement \u00e0 la t\u00eate de l\u2019Office national des postes a \u00e9t\u00e9 officialis\u00e9. Yassine Faria a \u00e9t\u00e9 nomm\u00e9 Pr\u00e9sident-directeur g\u00e9n\u00e9ral par d\u00e9cret gouvernemental publi\u00e9 au Journal officiel. Il succ\u00e8de \u00e0 Marouen Ben Slimene, d\u00e9mis de ses fonctions dans un mouvement simultan\u00e9 act\u00e9 par les autorit\u00e9s.<\/strong><\/p>\n\n\n\n<h2 class=\"wp-block-heading\" id=\"h-une-nomination-actee-par-decret\">Une nomination act\u00e9e par d\u00e9cret<\/h2>\n\n\n\n<p>Le minist\u00e8re des Technologies de la communication a annonc\u00e9 la d\u00e9signation de Yassine Faria \u00e0 la t\u00eate de l\u2019Office national des postes, en vertu du d\u00e9cret n\u00b02026-61 du 27 avril 2026, publi\u00e9 au Journal officiel de la R\u00e9publique tunisienne (JORT).<\/p>\n\n\n\n<p>Cette nomination intervient dans le cadre d\u2019un r\u00e9ajustement \u00e0 la t\u00eate de cet \u00e9tablissement public strat\u00e9gique, charg\u00e9 notamment des services postaux et financiers \u00e0 l\u2019\u00e9chelle nationale.<\/p>\n\n\n\n<h2 class=\"wp-block-heading\" id=\"h-fin-de-mission-pour-marouen-ben-slimene\">Fin de mission pour Marouen Ben Slimene<\/h2>\n\n\n\n<p>Dans le m\u00eame mouvement, Marouen Ben Slimene a \u00e9t\u00e9 d\u00e9mis de ses fonctions, conform\u00e9ment au d\u00e9cret n\u00b02026-62 du 27 avril 2026.<\/p>\n\n\n\n<p>Aucune pr\u00e9cision suppl\u00e9mentaire n\u2019a \u00e9t\u00e9 fournie sur les raisons de ce changement \u00e0 la direction de l\u2019\u00e9tablissement.<\/p>\n\n\n\n<p>L\u2019arriv\u00e9e de Yassine Faria \u00e0 sa t\u00eate intervient dans un contexte marqu\u00e9 par des enjeux de modernisation, de digitalisation et d\u2019am\u00e9lioration de la qualit\u00e9 de service.<\/p>\n\n\n\n<p><\/p>\n\n\n\n<blockquote class=\"wp-block-quote is-layout-flow wp-block-quote-is-layout-flow\">\n<ul class=\"wp-block-list\">\n<li class=\"has-medium-font-size\"><strong>Lire aussi :<\/strong> <a href=\"https:\/\/www.webdo.tn\/fr\/actualite\/national\/e-dinar-la-poste-tunisienne-met-en-garde-contre-une-campagne-de-phishing\/393648\/\">e-Dinar : La Poste Tunisienne met en garde contre une campagne de phishing<\/a><\/li>\n<\/ul>\n<\/blockquote>\n","protected":false},"excerpt":{"rendered":"<p>Un changement \u00e0 la t\u00eate de l\u2019Office national des postes a \u00e9t\u00e9 officialis\u00e9. Yassine Faria a \u00e9t\u00e9 nomm\u00e9 Pr\u00e9sident-directeur g\u00e9n\u00e9ral par d\u00e9cret gouvernemental publi\u00e9 au Journal officiel. Il succ\u00e8de \u00e0 Marouen Ben Slimene, d\u00e9mis de ses fonctions dans un mouvement simultan\u00e9 act\u00e9 par les autorit\u00e9s. Une nomination act\u00e9e par d\u00e9cret Le minist\u00e8re des Technologies de [&hellip;]<\/p>\n","protected":false},"author":4782,"featured_media":395211,"comment_status":"closed","ping_status":"closed","sticky":false,"template":"","format":"standard","meta":{"footnotes":""},"categories":[44],"tags":[7462,2608,14059],"class_list":["post-397001","post","type-post","status-publish","format-standard","has-post-thumbnail","hentry","category-national","tag-la-poste-tunisienne","tag-tunisie","tag-yassine-faria"],"yoast_head":"<!-- This site is optimized with the Yoast SEO Premium plugin v27.4 (Yoast SEO v27.5) - https:\/\/yoast.com\/product\/yoast-seo-premium-wordpress\/ -->\n<title>Poste tunisienne : Yassine Faria nomm\u00e9 PDG, Marouen Ben Slimene relev\u00e9 de ses fonctions - webdo<\/title>\n<meta name=\"description\" content=\"D\u00e9couvrez la nomination de Yassine Faria en tant que Pr\u00e9sident-directeur g\u00e9n\u00e9ral de la Poste tunisienne par d\u00e9cret gouvernemental.\" \/>\n<link rel=\"canonical\" href=\"https:\/\/www.webdo.tn\/fr\/actualite\/national\/poste-tunisienne-yassine-faria-nomme-pdg-marouen-ben-slimene-releve-de-ses-fonctions\/397001\/\" \/>\n<meta property=\"og:locale\" content=\"fr_FR\" \/>\n<meta property=\"og:type\" content=\"article\" \/>\n<meta property=\"og:title\" content=\"Poste tunisienne : Yassine Faria nomm\u00e9 PDG, Marouen Ben Slimene relev\u00e9 de ses fonctions\" \/>\n<meta property=\"og:description\" content=\"D\u00e9couvrez la nomination de Yassine Faria en tant que Pr\u00e9sident-directeur g\u00e9n\u00e9ral de la Poste tunisienne par d\u00e9cret gouvernemental.\" \/>\n<meta property=\"og:url\" content=\"https:\/\/www.webdo.tn\/fr\/actualite\/national\/poste-tunisienne-yassine-faria-nomme-pdg-marouen-ben-slimene-releve-de-ses-fonctions\/397001\/\" \/>\n<meta property=\"og:site_name\" content=\"webdo\" \/>\n<meta property=\"article:publisher\" content=\"https:\/\/www.facebook.com\/webdotn\" \/>\n<meta property=\"article:published_time\" content=\"2026-04-28T19:06:36+00:00\" \/>\n<meta property=\"article:modified_time\" content=\"2026-04-28T19:09:36+00:00\" \/>\n<meta property=\"og:image\" content=\"https:\/\/www.webdo.tn\/fr\/wp-content\/uploads\/2026\/03\/La-Poste.jpg\" \/>\n\t<meta property=\"og:image:width\" content=\"1200\" \/>\n\t<meta property=\"og:image:height\" content=\"602\" \/>\n\t<meta property=\"og:image:type\" content=\"image\/jpeg\" \/>\n<meta name=\"author\" content=\"Mohamed Fethi\" \/>\n<meta name=\"twitter:card\" content=\"summary_large_image\" \/>\n<meta name=\"twitter:creator\" content=\"@webdo_tn\" \/>\n<meta name=\"twitter:site\" content=\"@webdo_tn\" \/>\n<meta name=\"twitter:label1\" content=\"\u00c9crit par\" \/>\n\t<meta name=\"twitter:data1\" content=\"Mohamed Fethi\" \/>\n\t<meta name=\"twitter:label2\" content=\"Dur\u00e9e de lecture estim\u00e9e\" \/>\n\t<meta name=\"twitter:data2\" content=\"2 minutes\" \/>\n<script type=\"application\/ld+json\" class=\"yoast-schema-graph\">{\"@context\":\"https:\\\/\\\/schema.org\",\"@graph\":[{\"@type\":\"NewsArticle\",\"@id\":\"https:\\\/\\\/www.webdo.tn\\\/fr\\\/actualite\\\/national\\\/poste-tunisienne-yassine-faria-nomme-pdg-marouen-ben-slimene-releve-de-ses-fonctions\\\/397001\\\/#article\",\"isPartOf\":{\"@id\":\"https:\\\/\\\/www.webdo.tn\\\/fr\\\/actualite\\\/national\\\/poste-tunisienne-yassine-faria-nomme-pdg-marouen-ben-slimene-releve-de-ses-fonctions\\\/397001\\\/\"},\"author\":{\"name\":\"Mohamed Fethi\",\"@id\":\"https:\\\/\\\/www.webdo.tn\\\/fr\\\/#\\\/schema\\\/person\\\/16a4857e77dfc0b610c4c2cadffc9ac4\"},\"headline\":\"Poste tunisienne : Yassine Faria nomm\u00e9 PDG, Marouen Ben Slimene relev\u00e9 de ses fonctions\",\"datePublished\":\"2026-04-28T19:06:36+00:00\",\"dateModified\":\"2026-04-28T19:09:36+00:00\",\"mainEntityOfPage\":{\"@id\":\"https:\\\/\\\/www.webdo.tn\\\/fr\\\/actualite\\\/national\\\/poste-tunisienne-yassine-faria-nomme-pdg-marouen-ben-slimene-releve-de-ses-fonctions\\\/397001\\\/\"},\"wordCount\":240,\"publisher\":{\"@id\":\"https:\\\/\\\/www.webdo.tn\\\/fr\\\/#organization\"},\"image\":{\"@id\":\"https:\\\/\\\/www.webdo.tn\\\/fr\\\/actualite\\\/national\\\/poste-tunisienne-yassine-faria-nomme-pdg-marouen-ben-slimene-releve-de-ses-fonctions\\\/397001\\\/#primaryimage\"},\"thumbnailUrl\":\"https:\\\/\\\/www.webdo.tn\\\/fr\\\/wp-content\\\/uploads\\\/2026\\\/03\\\/La-Poste.jpg\",\"keywords\":[\"la poste tunisienne\",\"Tunisie\",\"yassine faria\"],\"articleSection\":[\"National\"],\"inLanguage\":\"fr-FR\"},{\"@type\":\"WebPage\",\"@id\":\"https:\\\/\\\/www.webdo.tn\\\/fr\\\/actualite\\\/national\\\/poste-tunisienne-yassine-faria-nomme-pdg-marouen-ben-slimene-releve-de-ses-fonctions\\\/397001\\\/\",\"url\":\"https:\\\/\\\/www.webdo.tn\\\/fr\\\/actualite\\\/national\\\/poste-tunisienne-yassine-faria-nomme-pdg-marouen-ben-slimene-releve-de-ses-fonctions\\\/397001\\\/\",\"name\":\"Poste tunisienne : Yassine Faria nomm\u00e9 PDG, Marouen Ben Slimene relev\u00e9 de ses fonctions - webdo\",\"isPartOf\":{\"@id\":\"https:\\\/\\\/www.webdo.tn\\\/fr\\\/#website\"},\"primaryImageOfPage\":{\"@id\":\"https:\\\/\\\/www.webdo.tn\\\/fr\\\/actualite\\\/national\\\/poste-tunisienne-yassine-faria-nomme-pdg-marouen-ben-slimene-releve-de-ses-fonctions\\\/397001\\\/#primaryimage\"},\"image\":{\"@id\":\"https:\\\/\\\/www.webdo.tn\\\/fr\\\/actualite\\\/national\\\/poste-tunisienne-yassine-faria-nomme-pdg-marouen-ben-slimene-releve-de-ses-fonctions\\\/397001\\\/#primaryimage\"},\"thumbnailUrl\":\"https:\\\/\\\/www.webdo.tn\\\/fr\\\/wp-content\\\/uploads\\\/2026\\\/03\\\/La-Poste.jpg\",\"datePublished\":\"2026-04-28T19:06:36+00:00\",\"dateModified\":\"2026-04-28T19:09:36+00:00\",\"description\":\"D\u00e9couvrez la nomination de Yassine Faria en tant que Pr\u00e9sident-directeur g\u00e9n\u00e9ral de la Poste tunisienne par d\u00e9cret gouvernemental.\",\"breadcrumb\":{\"@id\":\"https:\\\/\\\/www.webdo.tn\\\/fr\\\/actualite\\\/national\\\/poste-tunisienne-yassine-faria-nomme-pdg-marouen-ben-slimene-releve-de-ses-fonctions\\\/397001\\\/#breadcrumb\"},\"inLanguage\":\"fr-FR\",\"potentialAction\":[{\"@type\":\"ReadAction\",\"target\":[\"https:\\\/\\\/www.webdo.tn\\\/fr\\\/actualite\\\/national\\\/poste-tunisienne-yassine-faria-nomme-pdg-marouen-ben-slimene-releve-de-ses-fonctions\\\/397001\\\/\"]}]},{\"@type\":\"ImageObject\",\"inLanguage\":\"fr-FR\",\"@id\":\"https:\\\/\\\/www.webdo.tn\\\/fr\\\/actualite\\\/national\\\/poste-tunisienne-yassine-faria-nomme-pdg-marouen-ben-slimene-releve-de-ses-fonctions\\\/397001\\\/#primaryimage\",\"url\":\"https:\\\/\\\/www.webdo.tn\\\/fr\\\/wp-content\\\/uploads\\\/2026\\\/03\\\/La-Poste.jpg\",\"contentUrl\":\"https:\\\/\\\/www.webdo.tn\\\/fr\\\/wp-content\\\/uploads\\\/2026\\\/03\\\/La-Poste.jpg\",\"width\":1200,\"height\":602,\"caption\":\"Poste tunisienne : Yassine Faria nomm\u00e9 PDG, Marouen Ben Slimene relev\u00e9 de ses fonctions\"},{\"@type\":\"BreadcrumbList\",\"@id\":\"https:\\\/\\\/www.webdo.tn\\\/fr\\\/actualite\\\/national\\\/poste-tunisienne-yassine-faria-nomme-pdg-marouen-ben-slimene-releve-de-ses-fonctions\\\/397001\\\/#breadcrumb\",\"itemListElement\":[{\"@type\":\"ListItem\",\"position\":1,\"name\":\"Accueil\",\"item\":\"https:\\\/\\\/www.webdo.tn\\\/fr\\\/\"},{\"@type\":\"ListItem\",\"position\":2,\"name\":\"Poste tunisienne : Yassine Faria nomm\u00e9 PDG, Marouen Ben Slimene relev\u00e9 de ses fonctions\"}]},{\"@type\":\"WebSite\",\"@id\":\"https:\\\/\\\/www.webdo.tn\\\/fr\\\/#website\",\"url\":\"https:\\\/\\\/www.webdo.tn\\\/fr\\\/\",\"name\":\"webdo\",\"description\":\"Tunisie - News en Tunisie et \u00e0 l&#039;international sur Webdo.tn\",\"publisher\":{\"@id\":\"https:\\\/\\\/www.webdo.tn\\\/fr\\\/#organization\"},\"potentialAction\":[{\"@type\":\"SearchAction\",\"target\":{\"@type\":\"EntryPoint\",\"urlTemplate\":\"https:\\\/\\\/www.webdo.tn\\\/fr\\\/?s={search_term_string}\"},\"query-input\":{\"@type\":\"PropertyValueSpecification\",\"valueRequired\":true,\"valueName\":\"search_term_string\"}}],\"inLanguage\":\"fr-FR\"},{\"@type\":\"Organization\",\"@id\":\"https:\\\/\\\/www.webdo.tn\\\/fr\\\/#organization\",\"name\":\"Webdo\",\"alternateName\":\"Webdo.tn\",\"url\":\"https:\\\/\\\/www.webdo.tn\\\/fr\\\/\",\"logo\":{\"@type\":\"ImageObject\",\"inLanguage\":\"fr-FR\",\"@id\":\"https:\\\/\\\/www.webdo.tn\\\/fr\\\/#\\\/schema\\\/logo\\\/image\\\/\",\"url\":\"https:\\\/\\\/www.webdo.tn\\\/fr\\\/wp-content\\\/uploads\\\/2025\\\/06\\\/Webdo-Tunisie_168377.jpg\",\"contentUrl\":\"https:\\\/\\\/www.webdo.tn\\\/fr\\\/wp-content\\\/uploads\\\/2025\\\/06\\\/Webdo-Tunisie_168377.jpg\",\"width\":301,\"height\":301,\"caption\":\"Webdo\"},\"image\":{\"@id\":\"https:\\\/\\\/www.webdo.tn\\\/fr\\\/#\\\/schema\\\/logo\\\/image\\\/\"},\"sameAs\":[\"https:\\\/\\\/www.facebook.com\\\/webdotn\",\"https:\\\/\\\/x.com\\\/webdo_tn\"],\"description\":\"Webdo est un m\u00e9dia num\u00e9rique tunisien fond\u00e9 en 2010, sp\u00e9cialis\u00e9 dans l\u2019actualit\u00e9 nationale et internationale, l\u2019\u00e9conomie, la soci\u00e9t\u00e9 et les analyses politiques. Le site s\u2019adresse \u00e0 un large public francophone et couvre l\u2019information tunisienne en temps r\u00e9el.\",\"email\":\"redac@webdo.tn\",\"legalName\":\"YNJ SARL\",\"foundingDate\":\"2010-09-06\",\"numberOfEmployees\":{\"@type\":\"QuantitativeValue\",\"minValue\":\"11\",\"maxValue\":\"50\"}},{\"@type\":\"Person\",\"@id\":\"https:\\\/\\\/www.webdo.tn\\\/fr\\\/#\\\/schema\\\/person\\\/16a4857e77dfc0b610c4c2cadffc9ac4\",\"name\":\"Mohamed Fethi\",\"image\":{\"@type\":\"ImageObject\",\"inLanguage\":\"fr-FR\",\"@id\":\"https:\\\/\\\/www.webdo.tn\\\/fr\\\/wp-content\\\/uploads\\\/2026\\\/04\\\/mohamed-fethi_avatar_1-96x96.jpg\",\"url\":\"https:\\\/\\\/www.webdo.tn\\\/fr\\\/wp-content\\\/uploads\\\/2026\\\/04\\\/mohamed-fethi_avatar_1-96x96.jpg\",\"contentUrl\":\"https:\\\/\\\/www.webdo.tn\\\/fr\\\/wp-content\\\/uploads\\\/2026\\\/04\\\/mohamed-fethi_avatar_1-96x96.jpg\",\"caption\":\"Mohamed Fethi\"},\"description\":\"Signature \u00e9ditoriale de Maher Chaabane Mohamed Fethi est le pseudonyme \u00e9ditorial de Maher Chaabane, r\u00e9dacteur en chef de Webdo.tn depuis 2012. Cette signature est d\u00e9di\u00e9e au traitement intensif de l'actualit\u00e9 nationale et internationale en temps r\u00e9el. S'appuyant sur les deux d\u00e9cennies d'expertise journalistique de Maher Chaabane \u2014 d\u00e9but\u00e9e au sein du groupe Tunis Hebdo en 2000 \u2014 Mohamed Fethi assure une veille rigoureuse sur les enjeux politiques, \u00e9conomiques et sportifs. Sa mission est de garantir une information structur\u00e9e, fluide et fid\u00e8le aux standards de la r\u00e9daction. Pour consulter le parcours complet du r\u00e9dacteur en chef, visitez le profil officiel de Maher Chaabane.\",\"knowsAbout\":[\"actualit\u00e9\",\"journalisme\",\"information\",\"politique\",\"sport\",\"m\u00e9dias\",\"actualit\u00e9 internationale\"],\"knowsLanguage\":[\"Fran\u00e7ais\",\"Arabe\"],\"jobTitle\":\"Journaliste \u2013 R\u00e9daction Webdo\",\"worksFor\":\"Webdo.tn\",\"url\":\"https:\\\/\\\/www.webdo.tn\\\/fr\\\/actualite\\\/author\\\/mohamed-fethi\\\/\"}]}<\/script>\n<!-- \/ Yoast SEO Premium plugin. -->","yoast_head_json":{"title":"Poste tunisienne : Yassine Faria nomm\u00e9 PDG, Marouen Ben Slimene relev\u00e9 de ses fonctions - webdo","description":"D\u00e9couvrez la nomination de Yassine Faria en tant que Pr\u00e9sident-directeur g\u00e9n\u00e9ral de la Poste tunisienne par d\u00e9cret gouvernemental.","canonical":"https:\/\/www.webdo.tn\/fr\/actualite\/national\/poste-tunisienne-yassine-faria-nomme-pdg-marouen-ben-slimene-releve-de-ses-fonctions\/397001\/","og_locale":"fr_FR","og_type":"article","og_title":"Poste tunisienne : Yassine Faria nomm\u00e9 PDG, Marouen Ben Slimene relev\u00e9 de ses fonctions","og_description":"D\u00e9couvrez la nomination de Yassine Faria en tant que Pr\u00e9sident-directeur g\u00e9n\u00e9ral de la Poste tunisienne par d\u00e9cret gouvernemental.","og_url":"https:\/\/www.webdo.tn\/fr\/actualite\/national\/poste-tunisienne-yassine-faria-nomme-pdg-marouen-ben-slimene-releve-de-ses-fonctions\/397001\/","og_site_name":"webdo","article_publisher":"https:\/\/www.facebook.com\/webdotn","article_published_time":"2026-04-28T19:06:36+00:00","article_modified_time":"2026-04-28T19:09:36+00:00","og_image":[{"width":1200,"height":602,"url":"https:\/\/www.webdo.tn\/fr\/wp-content\/uploads\/2026\/03\/La-Poste.jpg","type":"image\/jpeg"}],"author":"Mohamed Fethi","twitter_card":"summary_large_image","twitter_creator":"@webdo_tn","twitter_site":"@webdo_tn","twitter_misc":{"\u00c9crit par":"Mohamed Fethi","Dur\u00e9e de lecture estim\u00e9e":"2 minutes"},"schema":{"@context":"https:\/\/schema.org","@graph":[{"@type":"NewsArticle","@id":"https:\/\/www.webdo.tn\/fr\/actualite\/national\/poste-tunisienne-yassine-faria-nomme-pdg-marouen-ben-slimene-releve-de-ses-fonctions\/397001\/#article","isPartOf":{"@id":"https:\/\/www.webdo.tn\/fr\/actualite\/national\/poste-tunisienne-yassine-faria-nomme-pdg-marouen-ben-slimene-releve-de-ses-fonctions\/397001\/"},"author":{"name":"Mohamed Fethi","@id":"https:\/\/www.webdo.tn\/fr\/#\/schema\/person\/16a4857e77dfc0b610c4c2cadffc9ac4"},"headline":"Poste tunisienne : Yassine Faria nomm\u00e9 PDG, Marouen Ben Slimene relev\u00e9 de ses fonctions","datePublished":"2026-04-28T19:06:36+00:00","dateModified":"2026-04-28T19:09:36+00:00","mainEntityOfPage":{"@id":"https:\/\/www.webdo.tn\/fr\/actualite\/national\/poste-tunisienne-yassine-faria-nomme-pdg-marouen-ben-slimene-releve-de-ses-fonctions\/397001\/"},"wordCount":240,"publisher":{"@id":"https:\/\/www.webdo.tn\/fr\/#organization"},"image":{"@id":"https:\/\/www.webdo.tn\/fr\/actualite\/national\/poste-tunisienne-yassine-faria-nomme-pdg-marouen-ben-slimene-releve-de-ses-fonctions\/397001\/#primaryimage"},"thumbnailUrl":"https:\/\/www.webdo.tn\/fr\/wp-content\/uploads\/2026\/03\/La-Poste.jpg","keywords":["la poste tunisienne","Tunisie","yassine faria"],"articleSection":["National"],"inLanguage":"fr-FR"},{"@type":"WebPage","@id":"https:\/\/www.webdo.tn\/fr\/actualite\/national\/poste-tunisienne-yassine-faria-nomme-pdg-marouen-ben-slimene-releve-de-ses-fonctions\/397001\/","url":"https:\/\/www.webdo.tn\/fr\/actualite\/national\/poste-tunisienne-yassine-faria-nomme-pdg-marouen-ben-slimene-releve-de-ses-fonctions\/397001\/","name":"Poste tunisienne : Yassine Faria nomm\u00e9 PDG, Marouen Ben Slimene relev\u00e9 de ses fonctions - webdo","isPartOf":{"@id":"https:\/\/www.webdo.tn\/fr\/#website"},"primaryImageOfPage":{"@id":"https:\/\/www.webdo.tn\/fr\/actualite\/national\/poste-tunisienne-yassine-faria-nomme-pdg-marouen-ben-slimene-releve-de-ses-fonctions\/397001\/#primaryimage"},"image":{"@id":"https:\/\/www.webdo.tn\/fr\/actualite\/national\/poste-tunisienne-yassine-faria-nomme-pdg-marouen-ben-slimene-releve-de-ses-fonctions\/397001\/#primaryimage"},"thumbnailUrl":"https:\/\/www.webdo.tn\/fr\/wp-content\/uploads\/2026\/03\/La-Poste.jpg","datePublished":"2026-04-28T19:06:36+00:00","dateModified":"2026-04-28T19:09:36+00:00","description":"D\u00e9couvrez la nomination de Yassine Faria en tant que Pr\u00e9sident-directeur g\u00e9n\u00e9ral de la Poste tunisienne par d\u00e9cret gouvernemental.","breadcrumb":{"@id":"https:\/\/www.webdo.tn\/fr\/actualite\/national\/poste-tunisienne-yassine-faria-nomme-pdg-marouen-ben-slimene-releve-de-ses-fonctions\/397001\/#breadcrumb"},"inLanguage":"fr-FR","potentialAction":[{"@type":"ReadAction","target":["https:\/\/www.webdo.tn\/fr\/actualite\/national\/poste-tunisienne-yassine-faria-nomme-pdg-marouen-ben-slimene-releve-de-ses-fonctions\/397001\/"]}]},{"@type":"ImageObject","inLanguage":"fr-FR","@id":"https:\/\/www.webdo.tn\/fr\/actualite\/national\/poste-tunisienne-yassine-faria-nomme-pdg-marouen-ben-slimene-releve-de-ses-fonctions\/397001\/#primaryimage","url":"https:\/\/www.webdo.tn\/fr\/wp-content\/uploads\/2026\/03\/La-Poste.jpg","contentUrl":"https:\/\/www.webdo.tn\/fr\/wp-content\/uploads\/2026\/03\/La-Poste.jpg","width":1200,"height":602,"caption":"Poste tunisienne : Yassine Faria nomm\u00e9 PDG, Marouen Ben Slimene relev\u00e9 de ses fonctions"},{"@type":"BreadcrumbList","@id":"https:\/\/www.webdo.tn\/fr\/actualite\/national\/poste-tunisienne-yassine-faria-nomme-pdg-marouen-ben-slimene-releve-de-ses-fonctions\/397001\/#breadcrumb","itemListElement":[{"@type":"ListItem","position":1,"name":"Accueil","item":"https:\/\/www.webdo.tn\/fr\/"},{"@type":"ListItem","position":2,"name":"Poste tunisienne : Yassine Faria nomm\u00e9 PDG, Marouen Ben Slimene relev\u00e9 de ses fonctions"}]},{"@type":"WebSite","@id":"https:\/\/www.webdo.tn\/fr\/#website","url":"https:\/\/www.webdo.tn\/fr\/","name":"webdo","description":"Tunisie - News en Tunisie et \u00e0 l&#039;international sur Webdo.tn","publisher":{"@id":"https:\/\/www.webdo.tn\/fr\/#organization"},"potentialAction":[{"@type":"SearchAction","target":{"@type":"EntryPoint","urlTemplate":"https:\/\/www.webdo.tn\/fr\/?s={search_term_string}"},"query-input":{"@type":"PropertyValueSpecification","valueRequired":true,"valueName":"search_term_string"}}],"inLanguage":"fr-FR"},{"@type":"Organization","@id":"https:\/\/www.webdo.tn\/fr\/#organization","name":"Webdo","alternateName":"Webdo.tn","url":"https:\/\/www.webdo.tn\/fr\/","logo":{"@type":"ImageObject","inLanguage":"fr-FR","@id":"https:\/\/www.webdo.tn\/fr\/#\/schema\/logo\/image\/","url":"https:\/\/www.webdo.tn\/fr\/wp-content\/uploads\/2025\/06\/Webdo-Tunisie_168377.jpg","contentUrl":"https:\/\/www.webdo.tn\/fr\/wp-content\/uploads\/2025\/06\/Webdo-Tunisie_168377.jpg","width":301,"height":301,"caption":"Webdo"},"image":{"@id":"https:\/\/www.webdo.tn\/fr\/#\/schema\/logo\/image\/"},"sameAs":["https:\/\/www.facebook.com\/webdotn","https:\/\/x.com\/webdo_tn"],"description":"Webdo est un m\u00e9dia num\u00e9rique tunisien fond\u00e9 en 2010, sp\u00e9cialis\u00e9 dans l\u2019actualit\u00e9 nationale et internationale, l\u2019\u00e9conomie, la soci\u00e9t\u00e9 et les analyses politiques. Le site s\u2019adresse \u00e0 un large public francophone et couvre l\u2019information tunisienne en temps r\u00e9el.","email":"redac@webdo.tn","legalName":"YNJ SARL","foundingDate":"2010-09-06","numberOfEmployees":{"@type":"QuantitativeValue","minValue":"11","maxValue":"50"}},{"@type":"Person","@id":"https:\/\/www.webdo.tn\/fr\/#\/schema\/person\/16a4857e77dfc0b610c4c2cadffc9ac4","name":"Mohamed Fethi","image":{"@type":"ImageObject","inLanguage":"fr-FR","@id":"https:\/\/www.webdo.tn\/fr\/wp-content\/uploads\/2026\/04\/mohamed-fethi_avatar_1-96x96.jpg","url":"https:\/\/www.webdo.tn\/fr\/wp-content\/uploads\/2026\/04\/mohamed-fethi_avatar_1-96x96.jpg","contentUrl":"https:\/\/www.webdo.tn\/fr\/wp-content\/uploads\/2026\/04\/mohamed-fethi_avatar_1-96x96.jpg","caption":"Mohamed Fethi"},"description":"Signature \u00e9ditoriale de Maher Chaabane Mohamed Fethi est le pseudonyme \u00e9ditorial de Maher Chaabane, r\u00e9dacteur en chef de Webdo.tn depuis 2012. Cette signature est d\u00e9di\u00e9e au traitement intensif de l'actualit\u00e9 nationale et internationale en temps r\u00e9el. S'appuyant sur les deux d\u00e9cennies d'expertise journalistique de Maher Chaabane \u2014 d\u00e9but\u00e9e au sein du groupe Tunis Hebdo en 2000 \u2014 Mohamed Fethi assure une veille rigoureuse sur les enjeux politiques, \u00e9conomiques et sportifs. Sa mission est de garantir une information structur\u00e9e, fluide et fid\u00e8le aux standards de la r\u00e9daction. Pour consulter le parcours complet du r\u00e9dacteur en chef, visitez le profil officiel de Maher Chaabane.","knowsAbout":["actualit\u00e9","journalisme","information","politique","sport","m\u00e9dias","actualit\u00e9 internationale"],"knowsLanguage":["Fran\u00e7ais","Arabe"],"jobTitle":"Journaliste \u2013 R\u00e9daction Webdo","worksFor":"Webdo.tn","url":"https:\/\/www.webdo.tn\/fr\/actualite\/author\/mohamed-fethi\/"}]}},"_links":{"self":[{"href":"https:\/\/www.webdo.tn\/fr\/wp-json\/wp\/v2\/posts\/397001","targetHints":{"allow":["GET"]}}],"collection":[{"href":"https:\/\/www.webdo.tn\/fr\/wp-json\/wp\/v2\/posts"}],"about":[{"href":"https:\/\/www.webdo.tn\/fr\/wp-json\/wp\/v2\/types\/post"}],"author":[{"embeddable":true,"href":"https:\/\/www.webdo.tn\/fr\/wp-json\/wp\/v2\/users\/4782"}],"replies":[{"embeddable":true,"href":"https:\/\/www.webdo.tn\/fr\/wp-json\/wp\/v2\/comments?post=397001"}],"version-history":[{"count":0,"href":"https:\/\/www.webdo.tn\/fr\/wp-json\/wp\/v2\/posts\/397001\/revisions"}],"wp:featuredmedia":[{"embeddable":true,"href":"https:\/\/www.webdo.tn\/fr\/wp-json\/wp\/v2\/media\/395211"}],"wp:attachment":[{"href":"https:\/\/www.webdo.tn\/fr\/wp-json\/wp\/v2\/media?parent=397001"}],"wp:term":[{"taxonomy":"category","embeddable":true,"href":"https:\/\/www.webdo.tn\/fr\/wp-json\/wp\/v2\/categories?post=397001"},{"taxonomy":"post_tag","embeddable":true,"href":"https:\/\/www.webdo.tn\/fr\/wp-json\/wp\/v2\/tags?post=397001"}],"curies":[{"name":"wp","href":"https:\/\/api.w.org\/{rel}","templated":true}]}}