{"id":396998,"date":"2026-04-28T19:46:38","date_gmt":"2026-04-28T18:46:38","guid":{"rendered":"https:\/\/www.webdo.tn\/fr\/?p=396998"},"modified":"2026-04-28T19:46:39","modified_gmt":"2026-04-28T18:46:39","slug":"hausse-des-salaires-le-gouvernement-enclenche-la-mise-en-oeuvre-pour-2026-2028","status":"publish","type":"post","link":"https:\/\/www.webdo.tn\/fr\/actualite\/national\/hausse-des-salaires-le-gouvernement-enclenche-la-mise-en-oeuvre-pour-2026-2028\/396998\/","title":{"rendered":"Hausse des salaires : Le gouvernement enclenche la mise en \u0153uvre pour 2026-2028"},"content":{"rendered":"\n<p><strong>R\u00e9uni au Palais de la Kasbah ce mardi 28 avril, le Conseil des ministres s\u2019est pench\u00e9 sur les textes d\u2019application relatifs \u00e0 la hausse des salaires dans les secteurs public et priv\u00e9. La s\u00e9ance, pr\u00e9sid\u00e9e par la cheffe du gouvernement Sara Zaafrani Zenzri, intervient dans le cadre de la mise en \u0153uvre des orientations du pr\u00e9sident Ka\u00efs Sa\u00efed. L\u2019objectif affich\u00e9 est de renforcer le pouvoir d\u2019achat et d\u2019ancrer le r\u00f4le social de l\u2019\u00c9tat.<\/strong><\/p>\n\n\n\n<h2 class=\"wp-block-heading\" id=\"h-huit-decrets-pour-encadrer-les-augmentations\">Huit d\u00e9crets pour encadrer les augmentations<\/h2>\n\n\n\n<p>Le Conseil des ministres a examin\u00e9 une s\u00e9rie de huit projets de d\u00e9crets relatifs \u00e0 l\u2019augmentation des salaires et des pensions. Quatre concernent le secteur public, tandis que les quatre autres portent sur le secteur priv\u00e9, selon un communiqu\u00e9 de la Pr\u00e9sidence du Gouvernement.<\/p>\n\n\n\n<p>Ces mesures s\u2019inscrivent dans l\u2019application de l\u2019article 15 de la loi de finances en cours, qui pr\u00e9voit une revalorisation des r\u00e9mun\u00e9rations et des retraites sur la p\u00e9riode 2026-2028. Elles toucheront un large \u00e9ventail de b\u00e9n\u00e9ficiaires : agents de l\u2019\u00c9tat, collectivit\u00e9s locales, \u00e9tablissements publics \u00e0 caract\u00e8re administratif, entreprises publiques ainsi que salari\u00e9s du secteur priv\u00e9.<\/p>\n\n\n\n<p>Les retrait\u00e9s sont \u00e9galement concern\u00e9s par cette revalorisation, dans une logique d\u2019ajustement global des revenus.<\/p>\n\n\n\n<h2 class=\"wp-block-heading\" id=\"h-une-reponse-aux-enjeux-du-pouvoir-d-achat\">Une r\u00e9ponse aux enjeux du pouvoir d\u2019achat<\/h2>\n\n\n\n<p>Cette initiative constitue l\u2019aboutissement d\u2019une s\u00e9rie de consultations men\u00e9es sous l\u2019impulsion du chef de l\u2019\u00c9tat avec la n\u00e9cessit\u00e9 de garantir un revenu \u00ab \u00e9quitable et d\u00e9cent \u00bb pour l\u2019ensemble des travailleurs et des retrait\u00e9s.<\/p>\n\n\n\n<p>L\u2019ex\u00e9cutif met en avant une d\u00e9marche visant \u00e0 soutenir le pouvoir d\u2019achat des Tunisiens, dans un contexte \u00e9conomique marqu\u00e9 par des pressions sociales persistantes. L\u2019objectif est \u00e9galement de consolider la stabilit\u00e9 sociale \u00e0 travers une meilleure r\u00e9partition des revenus.<\/p>\n\n\n\n<p><\/p>\n\n\n\n<blockquote class=\"wp-block-quote is-layout-flow wp-block-quote-is-layout-flow\">\n<ul class=\"wp-block-list\">\n<li class=\"has-medium-font-size\"><strong>Lire aussi : <\/strong><a href=\"https:\/\/www.webdo.tn\/fr\/actualite\/national\/carthage-cap-sur-les-augmentations-salariales-dans-le-public-le-prive-et-les-retraites\/396943\/\">Carthage : Cap sur les augmentations salariales dans le public, le priv\u00e9 et les retraites<\/a><\/li>\n<\/ul>\n<\/blockquote>\n","protected":false},"excerpt":{"rendered":"<p>R\u00e9uni au Palais de la Kasbah ce mardi 28 avril, le Conseil des ministres s\u2019est pench\u00e9 sur les textes d\u2019application relatifs \u00e0 la hausse des salaires dans les secteurs public et priv\u00e9. La s\u00e9ance, pr\u00e9sid\u00e9e par la cheffe du gouvernement Sara Zaafrani Zenzri, intervient dans le cadre de la mise en \u0153uvre des orientations du [&hellip;]<\/p>\n","protected":false},"author":4782,"featured_media":396999,"comment_status":"closed","ping_status":"closed","sticky":false,"template":"","format":"standard","meta":{"footnotes":""},"categories":[13163,44],"tags":[13131,2650,4342,2608],"class_list":["post-396998","post","type-post","status-publish","format-standard","has-post-thumbnail","hentry","category-epingle","category-national","tag-augmentations-salariales","tag-secteur-prive","tag-secteur-public","tag-tunisie"],"yoast_head":"<!-- This site is optimized with the Yoast SEO Premium plugin v27.4 (Yoast SEO v27.5) - https:\/\/yoast.com\/product\/yoast-seo-premium-wordpress\/ -->\n<title>Hausse des salaires : Le gouvernement enclenche la mise en \u0153uvre pour 2026-2028 - webdo<\/title>\n<meta name=\"description\" content=\"D\u00e9couvrez les d\u00e9tails de la hausse des salaires dans les secteurs public et priv\u00e9, abord\u00e9s lors du Conseil des ministres.\" \/>\n<link rel=\"canonical\" href=\"https:\/\/www.webdo.tn\/fr\/actualite\/national\/hausse-des-salaires-le-gouvernement-enclenche-la-mise-en-oeuvre-pour-2026-2028\/396998\/\" \/>\n<meta property=\"og:locale\" content=\"fr_FR\" \/>\n<meta property=\"og:type\" content=\"article\" \/>\n<meta property=\"og:title\" content=\"Hausse des salaires : Le gouvernement enclenche la mise en \u0153uvre pour 2026-2028\" \/>\n<meta property=\"og:description\" content=\"D\u00e9couvrez les d\u00e9tails de la hausse des salaires dans les secteurs public et priv\u00e9, abord\u00e9s lors du Conseil des ministres.\" \/>\n<meta property=\"og:url\" content=\"https:\/\/www.webdo.tn\/fr\/actualite\/national\/hausse-des-salaires-le-gouvernement-enclenche-la-mise-en-oeuvre-pour-2026-2028\/396998\/\" \/>\n<meta property=\"og:site_name\" content=\"webdo\" \/>\n<meta property=\"article:publisher\" content=\"https:\/\/www.facebook.com\/webdotn\" \/>\n<meta property=\"article:published_time\" content=\"2026-04-28T18:46:38+00:00\" \/>\n<meta property=\"article:modified_time\" content=\"2026-04-28T18:46:39+00:00\" \/>\n<meta property=\"og:image\" content=\"https:\/\/www.webdo.tn\/fr\/wp-content\/uploads\/2026\/04\/Zenzri.jpg\" \/>\n\t<meta property=\"og:image:width\" content=\"1200\" \/>\n\t<meta property=\"og:image:height\" content=\"602\" \/>\n\t<meta property=\"og:image:type\" content=\"image\/jpeg\" \/>\n<meta name=\"author\" content=\"Mohamed Fethi\" \/>\n<meta name=\"twitter:card\" content=\"summary_large_image\" \/>\n<meta name=\"twitter:creator\" content=\"@webdo_tn\" \/>\n<meta name=\"twitter:site\" content=\"@webdo_tn\" \/>\n<meta name=\"twitter:label1\" content=\"\u00c9crit par\" \/>\n\t<meta name=\"twitter:data1\" content=\"Mohamed Fethi\" \/>\n\t<meta name=\"twitter:label2\" content=\"Dur\u00e9e de lecture estim\u00e9e\" \/>\n\t<meta name=\"twitter:data2\" content=\"2 minutes\" \/>\n<script type=\"application\/ld+json\" class=\"yoast-schema-graph\">{\"@context\":\"https:\\\/\\\/schema.org\",\"@graph\":[{\"@type\":\"NewsArticle\",\"@id\":\"https:\\\/\\\/www.webdo.tn\\\/fr\\\/actualite\\\/national\\\/hausse-des-salaires-le-gouvernement-enclenche-la-mise-en-oeuvre-pour-2026-2028\\\/396998\\\/#article\",\"isPartOf\":{\"@id\":\"https:\\\/\\\/www.webdo.tn\\\/fr\\\/actualite\\\/national\\\/hausse-des-salaires-le-gouvernement-enclenche-la-mise-en-oeuvre-pour-2026-2028\\\/396998\\\/\"},\"author\":{\"name\":\"Mohamed Fethi\",\"@id\":\"https:\\\/\\\/www.webdo.tn\\\/fr\\\/#\\\/schema\\\/person\\\/16a4857e77dfc0b610c4c2cadffc9ac4\"},\"headline\":\"Hausse des salaires : Le gouvernement enclenche la mise en \u0153uvre pour 2026-2028\",\"datePublished\":\"2026-04-28T18:46:38+00:00\",\"dateModified\":\"2026-04-28T18:46:39+00:00\",\"mainEntityOfPage\":{\"@id\":\"https:\\\/\\\/www.webdo.tn\\\/fr\\\/actualite\\\/national\\\/hausse-des-salaires-le-gouvernement-enclenche-la-mise-en-oeuvre-pour-2026-2028\\\/396998\\\/\"},\"wordCount\":343,\"publisher\":{\"@id\":\"https:\\\/\\\/www.webdo.tn\\\/fr\\\/#organization\"},\"image\":{\"@id\":\"https:\\\/\\\/www.webdo.tn\\\/fr\\\/actualite\\\/national\\\/hausse-des-salaires-le-gouvernement-enclenche-la-mise-en-oeuvre-pour-2026-2028\\\/396998\\\/#primaryimage\"},\"thumbnailUrl\":\"https:\\\/\\\/www.webdo.tn\\\/fr\\\/wp-content\\\/uploads\\\/2026\\\/04\\\/Zenzri.jpg\",\"keywords\":[\"Augmentations salariales\",\"Secteur priv\u00e9\",\"secteur public\",\"Tunisie\"],\"articleSection\":[\"\u00c9pingle\",\"National\"],\"inLanguage\":\"fr-FR\"},{\"@type\":\"WebPage\",\"@id\":\"https:\\\/\\\/www.webdo.tn\\\/fr\\\/actualite\\\/national\\\/hausse-des-salaires-le-gouvernement-enclenche-la-mise-en-oeuvre-pour-2026-2028\\\/396998\\\/\",\"url\":\"https:\\\/\\\/www.webdo.tn\\\/fr\\\/actualite\\\/national\\\/hausse-des-salaires-le-gouvernement-enclenche-la-mise-en-oeuvre-pour-2026-2028\\\/396998\\\/\",\"name\":\"Hausse des salaires : Le gouvernement enclenche la mise en \u0153uvre pour 2026-2028 - webdo\",\"isPartOf\":{\"@id\":\"https:\\\/\\\/www.webdo.tn\\\/fr\\\/#website\"},\"primaryImageOfPage\":{\"@id\":\"https:\\\/\\\/www.webdo.tn\\\/fr\\\/actualite\\\/national\\\/hausse-des-salaires-le-gouvernement-enclenche-la-mise-en-oeuvre-pour-2026-2028\\\/396998\\\/#primaryimage\"},\"image\":{\"@id\":\"https:\\\/\\\/www.webdo.tn\\\/fr\\\/actualite\\\/national\\\/hausse-des-salaires-le-gouvernement-enclenche-la-mise-en-oeuvre-pour-2026-2028\\\/396998\\\/#primaryimage\"},\"thumbnailUrl\":\"https:\\\/\\\/www.webdo.tn\\\/fr\\\/wp-content\\\/uploads\\\/2026\\\/04\\\/Zenzri.jpg\",\"datePublished\":\"2026-04-28T18:46:38+00:00\",\"dateModified\":\"2026-04-28T18:46:39+00:00\",\"description\":\"D\u00e9couvrez les d\u00e9tails de la hausse des salaires dans les secteurs public et priv\u00e9, abord\u00e9s lors du Conseil des ministres.\",\"breadcrumb\":{\"@id\":\"https:\\\/\\\/www.webdo.tn\\\/fr\\\/actualite\\\/national\\\/hausse-des-salaires-le-gouvernement-enclenche-la-mise-en-oeuvre-pour-2026-2028\\\/396998\\\/#breadcrumb\"},\"inLanguage\":\"fr-FR\",\"potentialAction\":[{\"@type\":\"ReadAction\",\"target\":[\"https:\\\/\\\/www.webdo.tn\\\/fr\\\/actualite\\\/national\\\/hausse-des-salaires-le-gouvernement-enclenche-la-mise-en-oeuvre-pour-2026-2028\\\/396998\\\/\"]}]},{\"@type\":\"ImageObject\",\"inLanguage\":\"fr-FR\",\"@id\":\"https:\\\/\\\/www.webdo.tn\\\/fr\\\/actualite\\\/national\\\/hausse-des-salaires-le-gouvernement-enclenche-la-mise-en-oeuvre-pour-2026-2028\\\/396998\\\/#primaryimage\",\"url\":\"https:\\\/\\\/www.webdo.tn\\\/fr\\\/wp-content\\\/uploads\\\/2026\\\/04\\\/Zenzri.jpg\",\"contentUrl\":\"https:\\\/\\\/www.webdo.tn\\\/fr\\\/wp-content\\\/uploads\\\/2026\\\/04\\\/Zenzri.jpg\",\"width\":1200,\"height\":602,\"caption\":\"Hausse des salaires : Le gouvernement enclenche la mise en \u0153uvre pour 2026-2028\"},{\"@type\":\"BreadcrumbList\",\"@id\":\"https:\\\/\\\/www.webdo.tn\\\/fr\\\/actualite\\\/national\\\/hausse-des-salaires-le-gouvernement-enclenche-la-mise-en-oeuvre-pour-2026-2028\\\/396998\\\/#breadcrumb\",\"itemListElement\":[{\"@type\":\"ListItem\",\"position\":1,\"name\":\"Accueil\",\"item\":\"https:\\\/\\\/www.webdo.tn\\\/fr\\\/\"},{\"@type\":\"ListItem\",\"position\":2,\"name\":\"Hausse des salaires : Le gouvernement enclenche la mise en \u0153uvre pour 2026-2028\"}]},{\"@type\":\"WebSite\",\"@id\":\"https:\\\/\\\/www.webdo.tn\\\/fr\\\/#website\",\"url\":\"https:\\\/\\\/www.webdo.tn\\\/fr\\\/\",\"name\":\"webdo\",\"description\":\"Tunisie - News en Tunisie et \u00e0 l&#039;international sur Webdo.tn\",\"publisher\":{\"@id\":\"https:\\\/\\\/www.webdo.tn\\\/fr\\\/#organization\"},\"potentialAction\":[{\"@type\":\"SearchAction\",\"target\":{\"@type\":\"EntryPoint\",\"urlTemplate\":\"https:\\\/\\\/www.webdo.tn\\\/fr\\\/?s={search_term_string}\"},\"query-input\":{\"@type\":\"PropertyValueSpecification\",\"valueRequired\":true,\"valueName\":\"search_term_string\"}}],\"inLanguage\":\"fr-FR\"},{\"@type\":\"Organization\",\"@id\":\"https:\\\/\\\/www.webdo.tn\\\/fr\\\/#organization\",\"name\":\"Webdo\",\"alternateName\":\"Webdo.tn\",\"url\":\"https:\\\/\\\/www.webdo.tn\\\/fr\\\/\",\"logo\":{\"@type\":\"ImageObject\",\"inLanguage\":\"fr-FR\",\"@id\":\"https:\\\/\\\/www.webdo.tn\\\/fr\\\/#\\\/schema\\\/logo\\\/image\\\/\",\"url\":\"https:\\\/\\\/www.webdo.tn\\\/fr\\\/wp-content\\\/uploads\\\/2025\\\/06\\\/Webdo-Tunisie_168377.jpg\",\"contentUrl\":\"https:\\\/\\\/www.webdo.tn\\\/fr\\\/wp-content\\\/uploads\\\/2025\\\/06\\\/Webdo-Tunisie_168377.jpg\",\"width\":301,\"height\":301,\"caption\":\"Webdo\"},\"image\":{\"@id\":\"https:\\\/\\\/www.webdo.tn\\\/fr\\\/#\\\/schema\\\/logo\\\/image\\\/\"},\"sameAs\":[\"https:\\\/\\\/www.facebook.com\\\/webdotn\",\"https:\\\/\\\/x.com\\\/webdo_tn\"],\"description\":\"Webdo est un m\u00e9dia num\u00e9rique tunisien fond\u00e9 en 2010, sp\u00e9cialis\u00e9 dans l\u2019actualit\u00e9 nationale et internationale, l\u2019\u00e9conomie, la soci\u00e9t\u00e9 et les analyses politiques. Le site s\u2019adresse \u00e0 un large public francophone et couvre l\u2019information tunisienne en temps r\u00e9el.\",\"email\":\"redac@webdo.tn\",\"legalName\":\"YNJ SARL\",\"foundingDate\":\"2010-09-06\",\"numberOfEmployees\":{\"@type\":\"QuantitativeValue\",\"minValue\":\"11\",\"maxValue\":\"50\"}},{\"@type\":\"Person\",\"@id\":\"https:\\\/\\\/www.webdo.tn\\\/fr\\\/#\\\/schema\\\/person\\\/16a4857e77dfc0b610c4c2cadffc9ac4\",\"name\":\"Mohamed Fethi\",\"image\":{\"@type\":\"ImageObject\",\"inLanguage\":\"fr-FR\",\"@id\":\"https:\\\/\\\/www.webdo.tn\\\/fr\\\/wp-content\\\/uploads\\\/2026\\\/04\\\/mohamed-fethi_avatar_1-96x96.jpg\",\"url\":\"https:\\\/\\\/www.webdo.tn\\\/fr\\\/wp-content\\\/uploads\\\/2026\\\/04\\\/mohamed-fethi_avatar_1-96x96.jpg\",\"contentUrl\":\"https:\\\/\\\/www.webdo.tn\\\/fr\\\/wp-content\\\/uploads\\\/2026\\\/04\\\/mohamed-fethi_avatar_1-96x96.jpg\",\"caption\":\"Mohamed Fethi\"},\"description\":\"Signature \u00e9ditoriale de Maher Chaabane Mohamed Fethi est le pseudonyme \u00e9ditorial de Maher Chaabane, r\u00e9dacteur en chef de Webdo.tn depuis 2012. Cette signature est d\u00e9di\u00e9e au traitement intensif de l'actualit\u00e9 nationale et internationale en temps r\u00e9el. S'appuyant sur les deux d\u00e9cennies d'expertise journalistique de Maher Chaabane \u2014 d\u00e9but\u00e9e au sein du groupe Tunis Hebdo en 2000 \u2014 Mohamed Fethi assure une veille rigoureuse sur les enjeux politiques, \u00e9conomiques et sportifs. Sa mission est de garantir une information structur\u00e9e, fluide et fid\u00e8le aux standards de la r\u00e9daction. Pour consulter le parcours complet du r\u00e9dacteur en chef, visitez le profil officiel de Maher Chaabane.\",\"knowsAbout\":[\"actualit\u00e9\",\"journalisme\",\"information\",\"politique\",\"sport\",\"m\u00e9dias\",\"actualit\u00e9 internationale\"],\"knowsLanguage\":[\"Fran\u00e7ais\",\"Arabe\"],\"jobTitle\":\"Journaliste \u2013 R\u00e9daction Webdo\",\"worksFor\":\"Webdo.tn\",\"url\":\"https:\\\/\\\/www.webdo.tn\\\/fr\\\/actualite\\\/author\\\/mohamed-fethi\\\/\"}]}<\/script>\n<!-- \/ Yoast SEO Premium plugin. -->","yoast_head_json":{"title":"Hausse des salaires : Le gouvernement enclenche la mise en \u0153uvre pour 2026-2028 - webdo","description":"D\u00e9couvrez les d\u00e9tails de la hausse des salaires dans les secteurs public et priv\u00e9, abord\u00e9s lors du Conseil des ministres.","canonical":"https:\/\/www.webdo.tn\/fr\/actualite\/national\/hausse-des-salaires-le-gouvernement-enclenche-la-mise-en-oeuvre-pour-2026-2028\/396998\/","og_locale":"fr_FR","og_type":"article","og_title":"Hausse des salaires : Le gouvernement enclenche la mise en \u0153uvre pour 2026-2028","og_description":"D\u00e9couvrez les d\u00e9tails de la hausse des salaires dans les secteurs public et priv\u00e9, abord\u00e9s lors du Conseil des ministres.","og_url":"https:\/\/www.webdo.tn\/fr\/actualite\/national\/hausse-des-salaires-le-gouvernement-enclenche-la-mise-en-oeuvre-pour-2026-2028\/396998\/","og_site_name":"webdo","article_publisher":"https:\/\/www.facebook.com\/webdotn","article_published_time":"2026-04-28T18:46:38+00:00","article_modified_time":"2026-04-28T18:46:39+00:00","og_image":[{"width":1200,"height":602,"url":"https:\/\/www.webdo.tn\/fr\/wp-content\/uploads\/2026\/04\/Zenzri.jpg","type":"image\/jpeg"}],"author":"Mohamed Fethi","twitter_card":"summary_large_image","twitter_creator":"@webdo_tn","twitter_site":"@webdo_tn","twitter_misc":{"\u00c9crit par":"Mohamed Fethi","Dur\u00e9e de lecture estim\u00e9e":"2 minutes"},"schema":{"@context":"https:\/\/schema.org","@graph":[{"@type":"NewsArticle","@id":"https:\/\/www.webdo.tn\/fr\/actualite\/national\/hausse-des-salaires-le-gouvernement-enclenche-la-mise-en-oeuvre-pour-2026-2028\/396998\/#article","isPartOf":{"@id":"https:\/\/www.webdo.tn\/fr\/actualite\/national\/hausse-des-salaires-le-gouvernement-enclenche-la-mise-en-oeuvre-pour-2026-2028\/396998\/"},"author":{"name":"Mohamed Fethi","@id":"https:\/\/www.webdo.tn\/fr\/#\/schema\/person\/16a4857e77dfc0b610c4c2cadffc9ac4"},"headline":"Hausse des salaires : Le gouvernement enclenche la mise en \u0153uvre pour 2026-2028","datePublished":"2026-04-28T18:46:38+00:00","dateModified":"2026-04-28T18:46:39+00:00","mainEntityOfPage":{"@id":"https:\/\/www.webdo.tn\/fr\/actualite\/national\/hausse-des-salaires-le-gouvernement-enclenche-la-mise-en-oeuvre-pour-2026-2028\/396998\/"},"wordCount":343,"publisher":{"@id":"https:\/\/www.webdo.tn\/fr\/#organization"},"image":{"@id":"https:\/\/www.webdo.tn\/fr\/actualite\/national\/hausse-des-salaires-le-gouvernement-enclenche-la-mise-en-oeuvre-pour-2026-2028\/396998\/#primaryimage"},"thumbnailUrl":"https:\/\/www.webdo.tn\/fr\/wp-content\/uploads\/2026\/04\/Zenzri.jpg","keywords":["Augmentations salariales","Secteur priv\u00e9","secteur public","Tunisie"],"articleSection":["\u00c9pingle","National"],"inLanguage":"fr-FR"},{"@type":"WebPage","@id":"https:\/\/www.webdo.tn\/fr\/actualite\/national\/hausse-des-salaires-le-gouvernement-enclenche-la-mise-en-oeuvre-pour-2026-2028\/396998\/","url":"https:\/\/www.webdo.tn\/fr\/actualite\/national\/hausse-des-salaires-le-gouvernement-enclenche-la-mise-en-oeuvre-pour-2026-2028\/396998\/","name":"Hausse des salaires : Le gouvernement enclenche la mise en \u0153uvre pour 2026-2028 - webdo","isPartOf":{"@id":"https:\/\/www.webdo.tn\/fr\/#website"},"primaryImageOfPage":{"@id":"https:\/\/www.webdo.tn\/fr\/actualite\/national\/hausse-des-salaires-le-gouvernement-enclenche-la-mise-en-oeuvre-pour-2026-2028\/396998\/#primaryimage"},"image":{"@id":"https:\/\/www.webdo.tn\/fr\/actualite\/national\/hausse-des-salaires-le-gouvernement-enclenche-la-mise-en-oeuvre-pour-2026-2028\/396998\/#primaryimage"},"thumbnailUrl":"https:\/\/www.webdo.tn\/fr\/wp-content\/uploads\/2026\/04\/Zenzri.jpg","datePublished":"2026-04-28T18:46:38+00:00","dateModified":"2026-04-28T18:46:39+00:00","description":"D\u00e9couvrez les d\u00e9tails de la hausse des salaires dans les secteurs public et priv\u00e9, abord\u00e9s lors du Conseil des ministres.","breadcrumb":{"@id":"https:\/\/www.webdo.tn\/fr\/actualite\/national\/hausse-des-salaires-le-gouvernement-enclenche-la-mise-en-oeuvre-pour-2026-2028\/396998\/#breadcrumb"},"inLanguage":"fr-FR","potentialAction":[{"@type":"ReadAction","target":["https:\/\/www.webdo.tn\/fr\/actualite\/national\/hausse-des-salaires-le-gouvernement-enclenche-la-mise-en-oeuvre-pour-2026-2028\/396998\/"]}]},{"@type":"ImageObject","inLanguage":"fr-FR","@id":"https:\/\/www.webdo.tn\/fr\/actualite\/national\/hausse-des-salaires-le-gouvernement-enclenche-la-mise-en-oeuvre-pour-2026-2028\/396998\/#primaryimage","url":"https:\/\/www.webdo.tn\/fr\/wp-content\/uploads\/2026\/04\/Zenzri.jpg","contentUrl":"https:\/\/www.webdo.tn\/fr\/wp-content\/uploads\/2026\/04\/Zenzri.jpg","width":1200,"height":602,"caption":"Hausse des salaires : Le gouvernement enclenche la mise en \u0153uvre pour 2026-2028"},{"@type":"BreadcrumbList","@id":"https:\/\/www.webdo.tn\/fr\/actualite\/national\/hausse-des-salaires-le-gouvernement-enclenche-la-mise-en-oeuvre-pour-2026-2028\/396998\/#breadcrumb","itemListElement":[{"@type":"ListItem","position":1,"name":"Accueil","item":"https:\/\/www.webdo.tn\/fr\/"},{"@type":"ListItem","position":2,"name":"Hausse des salaires : Le gouvernement enclenche la mise en \u0153uvre pour 2026-2028"}]},{"@type":"WebSite","@id":"https:\/\/www.webdo.tn\/fr\/#website","url":"https:\/\/www.webdo.tn\/fr\/","name":"webdo","description":"Tunisie - News en Tunisie et \u00e0 l&#039;international sur Webdo.tn","publisher":{"@id":"https:\/\/www.webdo.tn\/fr\/#organization"},"potentialAction":[{"@type":"SearchAction","target":{"@type":"EntryPoint","urlTemplate":"https:\/\/www.webdo.tn\/fr\/?s={search_term_string}"},"query-input":{"@type":"PropertyValueSpecification","valueRequired":true,"valueName":"search_term_string"}}],"inLanguage":"fr-FR"},{"@type":"Organization","@id":"https:\/\/www.webdo.tn\/fr\/#organization","name":"Webdo","alternateName":"Webdo.tn","url":"https:\/\/www.webdo.tn\/fr\/","logo":{"@type":"ImageObject","inLanguage":"fr-FR","@id":"https:\/\/www.webdo.tn\/fr\/#\/schema\/logo\/image\/","url":"https:\/\/www.webdo.tn\/fr\/wp-content\/uploads\/2025\/06\/Webdo-Tunisie_168377.jpg","contentUrl":"https:\/\/www.webdo.tn\/fr\/wp-content\/uploads\/2025\/06\/Webdo-Tunisie_168377.jpg","width":301,"height":301,"caption":"Webdo"},"image":{"@id":"https:\/\/www.webdo.tn\/fr\/#\/schema\/logo\/image\/"},"sameAs":["https:\/\/www.facebook.com\/webdotn","https:\/\/x.com\/webdo_tn"],"description":"Webdo est un m\u00e9dia num\u00e9rique tunisien fond\u00e9 en 2010, sp\u00e9cialis\u00e9 dans l\u2019actualit\u00e9 nationale et internationale, l\u2019\u00e9conomie, la soci\u00e9t\u00e9 et les analyses politiques. Le site s\u2019adresse \u00e0 un large public francophone et couvre l\u2019information tunisienne en temps r\u00e9el.","email":"redac@webdo.tn","legalName":"YNJ SARL","foundingDate":"2010-09-06","numberOfEmployees":{"@type":"QuantitativeValue","minValue":"11","maxValue":"50"}},{"@type":"Person","@id":"https:\/\/www.webdo.tn\/fr\/#\/schema\/person\/16a4857e77dfc0b610c4c2cadffc9ac4","name":"Mohamed Fethi","image":{"@type":"ImageObject","inLanguage":"fr-FR","@id":"https:\/\/www.webdo.tn\/fr\/wp-content\/uploads\/2026\/04\/mohamed-fethi_avatar_1-96x96.jpg","url":"https:\/\/www.webdo.tn\/fr\/wp-content\/uploads\/2026\/04\/mohamed-fethi_avatar_1-96x96.jpg","contentUrl":"https:\/\/www.webdo.tn\/fr\/wp-content\/uploads\/2026\/04\/mohamed-fethi_avatar_1-96x96.jpg","caption":"Mohamed Fethi"},"description":"Signature \u00e9ditoriale de Maher Chaabane Mohamed Fethi est le pseudonyme \u00e9ditorial de Maher Chaabane, r\u00e9dacteur en chef de Webdo.tn depuis 2012. Cette signature est d\u00e9di\u00e9e au traitement intensif de l'actualit\u00e9 nationale et internationale en temps r\u00e9el. S'appuyant sur les deux d\u00e9cennies d'expertise journalistique de Maher Chaabane \u2014 d\u00e9but\u00e9e au sein du groupe Tunis Hebdo en 2000 \u2014 Mohamed Fethi assure une veille rigoureuse sur les enjeux politiques, \u00e9conomiques et sportifs. Sa mission est de garantir une information structur\u00e9e, fluide et fid\u00e8le aux standards de la r\u00e9daction. Pour consulter le parcours complet du r\u00e9dacteur en chef, visitez le profil officiel de Maher Chaabane.","knowsAbout":["actualit\u00e9","journalisme","information","politique","sport","m\u00e9dias","actualit\u00e9 internationale"],"knowsLanguage":["Fran\u00e7ais","Arabe"],"jobTitle":"Journaliste \u2013 R\u00e9daction Webdo","worksFor":"Webdo.tn","url":"https:\/\/www.webdo.tn\/fr\/actualite\/author\/mohamed-fethi\/"}]}},"_links":{"self":[{"href":"https:\/\/www.webdo.tn\/fr\/wp-json\/wp\/v2\/posts\/396998","targetHints":{"allow":["GET"]}}],"collection":[{"href":"https:\/\/www.webdo.tn\/fr\/wp-json\/wp\/v2\/posts"}],"about":[{"href":"https:\/\/www.webdo.tn\/fr\/wp-json\/wp\/v2\/types\/post"}],"author":[{"embeddable":true,"href":"https:\/\/www.webdo.tn\/fr\/wp-json\/wp\/v2\/users\/4782"}],"replies":[{"embeddable":true,"href":"https:\/\/www.webdo.tn\/fr\/wp-json\/wp\/v2\/comments?post=396998"}],"version-history":[{"count":0,"href":"https:\/\/www.webdo.tn\/fr\/wp-json\/wp\/v2\/posts\/396998\/revisions"}],"wp:featuredmedia":[{"embeddable":true,"href":"https:\/\/www.webdo.tn\/fr\/wp-json\/wp\/v2\/media\/396999"}],"wp:attachment":[{"href":"https:\/\/www.webdo.tn\/fr\/wp-json\/wp\/v2\/media?parent=396998"}],"wp:term":[{"taxonomy":"category","embeddable":true,"href":"https:\/\/www.webdo.tn\/fr\/wp-json\/wp\/v2\/categories?post=396998"},{"taxonomy":"post_tag","embeddable":true,"href":"https:\/\/www.webdo.tn\/fr\/wp-json\/wp\/v2\/tags?post=396998"}],"curies":[{"name":"wp","href":"https:\/\/api.w.org\/{rel}","templated":true}]}}