{"id":396996,"date":"2026-04-28T19:02:21","date_gmt":"2026-04-28T18:02:21","guid":{"rendered":"https:\/\/www.webdo.tn\/fr\/?p=396996"},"modified":"2026-04-28T19:46:46","modified_gmt":"2026-04-28T18:46:46","slug":"code-penal-et-stupefiants-vers-un-ajustement-des-peines-entre-fermete-ciblee-et-reequilibrage-juridique","status":"publish","type":"post","link":"https:\/\/www.webdo.tn\/fr\/actualite\/national\/code-penal-et-stupefiants-vers-un-ajustement-des-peines-entre-fermete-ciblee-et-reequilibrage-juridique\/396996\/","title":{"rendered":"Code p\u00e9nal et stup\u00e9fiants : Vers un ajustement des peines entre fermet\u00e9 cibl\u00e9e et r\u00e9\u00e9quilibrage juridique"},"content":{"rendered":"\n<p><strong>La commission de la l\u00e9gislation g\u00e9n\u00e9rale du Parlement a auditionn\u00e9 plusieurs sp\u00e9cialistes du droit p\u00e9nal sur deux textes sensibles : la r\u00e9vision des articles 261, 262 et 264 du Code p\u00e9nal et l\u2019amendement de la loi n\u00b052 de 1992 sur les stup\u00e9fiants. Les \u00e9changes ont mis en lumi\u00e8re une double exigence : renforcer la r\u00e9ponse p\u00e9nale face \u00e0 certaines formes de criminalit\u00e9, tout en corrigeant des incoh\u00e9rences juridiques et en int\u00e9grant des approches plus globales. Experts et d\u00e9put\u00e9s convergent vers une r\u00e9forme nuanc\u00e9e, loin d\u2019un simple durcissement automatique.<\/strong><\/p>\n\n\n\n<h2 class=\"wp-block-heading\" id=\"h-vols-avec-violence-reviser-sans-rompre-l-equilibre-judiciaire\">Vols avec violence : r\u00e9viser sans rompre l\u2019\u00e9quilibre judiciaire<\/h2>\n\n\n\n<p>La professeure Najet Brahmi a estim\u00e9 que la r\u00e9vision des articles concern\u00e9s ne porte pas atteinte \u00e0 la s\u00e9curit\u00e9 juridique, soulignant qu\u2019ils n\u2019ont pas \u00e9t\u00e9 modifi\u00e9s depuis 1989, rapporte l&rsquo;Agence TAP. Elle a plaid\u00e9 pour une intervention du l\u00e9gislateur, notamment sur les infractions de vol avec menace ou violence, en nette progression.<\/p>\n\n\n\n<p>Tout en se d\u00e9clarant favorable \u00e0 un durcissement des peines, elle a insist\u00e9 sur la n\u00e9cessit\u00e9 d\u2019int\u00e9grer des param\u00e8tres sociaux et \u00e9conomiques dans l\u2019analyse du ph\u00e9nom\u00e8ne criminel, appelant \u00e0 une approche fond\u00e9e sur des donn\u00e9es statistiques et l\u2019expertise de disciplines comme la sociologie et la psychologie.<\/p>\n\n\n\n<p>Le professeur Hatem Belahmar a apport\u00e9 un \u00e9clairage chiffr\u00e9 : environ 50% des affaires examin\u00e9es par les tribunaux concernent des vols sous diverses formes. Pour lui, une r\u00e9ponse l\u00e9gislative s\u2019impose, mais sans remettre en cause l\u2019article 53 du Code p\u00e9nal relatif aux circonstances att\u00e9nuantes, afin de pr\u00e9server le pouvoir d\u2019appr\u00e9ciation du juge.<\/p>\n\n\n\n<p>Dans le m\u00eame sens, le professeur Monji Lakhdhar a soulign\u00e9 que le vol, infraction ancienne, \u00e9volue constamment, avec une gravit\u00e9 accrue dans ses formes qualifi\u00e9es. Il a appel\u00e9 \u00e0 introduire des dispositions sp\u00e9cifiques pour le vol \u00e0 l\u2019arrach\u00e9 et \u00e0 repenser l\u2019\u00e9chelle des peines : il propose de ramener la peine minimale \u00e0 5 ans, contre 15 ans actuellement jug\u00e9s excessifs, tout en maintenant un effet dissuasif proportionn\u00e9.<\/p>\n\n\n\n<p>Les d\u00e9put\u00e9s ont, pour leur part, insist\u00e9 sur la mont\u00e9e des vols violents, plaidant pour un durcissement des sanctions. Mais ils ont \u00e9galement mis en garde contre une r\u00e9ponse exclusivement r\u00e9pressive, appelant \u00e0 une r\u00e9forme du syst\u00e8me p\u00e9nitentiaire et au d\u00e9veloppement de peines alternatives.<\/p>\n\n\n\n<h2 class=\"wp-block-heading\" id=\"h-stupefiants-precision-juridique-et-nouveaux-outils-d-enquete\">Stup\u00e9fiants : pr\u00e9cision juridique et nouveaux outils d\u2019enqu\u00eate<\/h2>\n\n\n\n<p>Sur la r\u00e9forme de la loi n\u00b052 de 1992, les experts ont globalement soutenu l\u2019initiative, tout en pointant plusieurs ajustements n\u00e9cessaires.<\/p>\n\n\n\n<p>Najet Brahmi a insist\u00e9 sur la n\u00e9cessit\u00e9 de d\u00e9finir avec pr\u00e9cision les \u00e9l\u00e9ments constitutifs de l\u2019infraction li\u00e9e aux stup\u00e9fiants, afin de la distinguer clairement d\u2019autres pratiques comme l\u2019inhalation de substances. Cette clarification est jug\u00e9e essentielle pour adapter la r\u00e9ponse p\u00e9nale.<\/p>\n\n\n\n<p>Elle a \u00e9galement relev\u00e9 une incoh\u00e9rence dans le projet, notamment l\u2019introduction de la suspension du permis de conduire comme sanction, alors que celle-ci ne figure pas parmi les peines pr\u00e9vues par l\u2019article 5 du Code p\u00e9nal. En revanche, elle a salu\u00e9 certaines avanc\u00e9es, comme la p\u00e9nalisation du remplacement ou de la falsification d\u2019\u00e9chantillons biologiques.<\/p>\n\n\n\n<p>Le professeur Hatem Belahmar a, de son c\u00f4t\u00e9, mis en avant les nouveaux m\u00e9canismes propos\u00e9s, notamment l\u2019\u00e9largissement des moyens d\u2019investigation accord\u00e9s au minist\u00e8re public et aux juges d\u2019instruction, avec des techniques adapt\u00e9es \u00e0 l\u2019infiltration des r\u00e9seaux de trafic.<\/p>\n\n\n\n<h2 class=\"wp-block-heading\" id=\"h-une-reforme-penale-a-l-epreuve-de-l-equilibre\">Une r\u00e9forme p\u00e9nale \u00e0 l\u2019\u00e9preuve de l\u2019\u00e9quilibre<\/h2>\n\n\n\n<p>Au fil des auditions, un consensus se dessine : la dissuasion reste un levier central, mais elle doit \u00eatre proportionn\u00e9e et orient\u00e9e vers la pr\u00e9vention autant que vers la sanction.<\/p>\n\n\n\n<p>La r\u00e9forme en cours ne se limite pas \u00e0 un simple durcissement des textes. Elle s\u2019inscrit dans une r\u00e9flexion plus large sur l\u2019efficacit\u00e9 du syst\u00e8me p\u00e9nal, la coh\u00e9rence juridique et l\u2019int\u00e9gration de facteurs sociaux dans la lutte contre la criminalit\u00e9.<\/p>\n\n\n\n<p><\/p>\n\n\n\n<blockquote class=\"wp-block-quote is-layout-flow wp-block-quote-is-layout-flow\">\n<ul class=\"wp-block-list\">\n<li class=\"has-medium-font-size\"><strong>Lire aussi :<\/strong> <a href=\"https:\/\/www.webdo.tn\/fr\/actualite\/national\/vol-qualifie-la-proposition-de-loi-divise-magistrats-et-deputes-sur-la-proportionnalite-des-peines\/395902\/\">Vol qualifi\u00e9 : La proposition de loi divise magistrats et d\u00e9put\u00e9s sur la proportionnalit\u00e9 des peines<\/a><\/li>\n<\/ul>\n<\/blockquote>\n","protected":false},"excerpt":{"rendered":"<p>La commission de la l\u00e9gislation g\u00e9n\u00e9rale du Parlement a auditionn\u00e9 plusieurs sp\u00e9cialistes du droit p\u00e9nal sur deux textes sensibles : la r\u00e9vision des articles 261, 262 et 264 du Code p\u00e9nal et l\u2019amendement de la loi n\u00b052 de 1992 sur les stup\u00e9fiants. Les \u00e9changes ont mis en lumi\u00e8re une double exigence : renforcer la r\u00e9ponse [&hellip;]<\/p>\n","protected":false},"author":4782,"featured_media":395315,"comment_status":"closed","ping_status":"closed","sticky":false,"template":"","format":"standard","meta":{"footnotes":""},"categories":[13163,44],"tags":[11975,2619,3687,2608],"class_list":["post-396996","post","type-post","status-publish","format-standard","has-post-thumbnail","hentry","category-epingle","category-national","tag-code-penal-2","tag-justice","tag-stupefiants","tag-tunisie"],"yoast_head":"<!-- This site is optimized with the Yoast SEO Premium plugin v27.4 (Yoast SEO v27.5) - https:\/\/yoast.com\/product\/yoast-seo-premium-wordpress\/ -->\n<title>Code p\u00e9nal et stup\u00e9fiants : Vers un ajustement des peines entre fermet\u00e9 cibl\u00e9e et r\u00e9\u00e9quilibrage juridique - webdo<\/title>\n<meta name=\"description\" content=\"Renseignez-vous sur la r\u00e9forme des articles du Code p\u00e9nal li\u00e9s aux stup\u00e9fiants et la s\u00e9curit\u00e9 juridique \u00e9voqu\u00e9e par les experts.\" \/>\n<link rel=\"canonical\" href=\"https:\/\/www.webdo.tn\/fr\/actualite\/national\/code-penal-et-stupefiants-vers-un-ajustement-des-peines-entre-fermete-ciblee-et-reequilibrage-juridique\/396996\/\" \/>\n<meta property=\"og:locale\" content=\"fr_FR\" \/>\n<meta property=\"og:type\" content=\"article\" \/>\n<meta property=\"og:title\" content=\"Code p\u00e9nal et stup\u00e9fiants : Vers un ajustement des peines entre fermet\u00e9 cibl\u00e9e et r\u00e9\u00e9quilibrage juridique\" \/>\n<meta property=\"og:description\" content=\"Renseignez-vous sur la r\u00e9forme des articles du Code p\u00e9nal li\u00e9s aux stup\u00e9fiants et la s\u00e9curit\u00e9 juridique \u00e9voqu\u00e9e par les experts.\" \/>\n<meta property=\"og:url\" content=\"https:\/\/www.webdo.tn\/fr\/actualite\/national\/code-penal-et-stupefiants-vers-un-ajustement-des-peines-entre-fermete-ciblee-et-reequilibrage-juridique\/396996\/\" \/>\n<meta property=\"og:site_name\" content=\"webdo\" \/>\n<meta property=\"article:publisher\" content=\"https:\/\/www.facebook.com\/webdotn\" \/>\n<meta property=\"article:published_time\" content=\"2026-04-28T18:02:21+00:00\" \/>\n<meta property=\"article:modified_time\" content=\"2026-04-28T18:46:46+00:00\" \/>\n<meta property=\"og:image\" content=\"https:\/\/www.webdo.tn\/fr\/wp-content\/uploads\/2026\/03\/prison.jpeg\" \/>\n\t<meta property=\"og:image:width\" content=\"1200\" \/>\n\t<meta property=\"og:image:height\" content=\"601\" \/>\n\t<meta property=\"og:image:type\" content=\"image\/jpeg\" \/>\n<meta name=\"author\" content=\"Mohamed Fethi\" \/>\n<meta name=\"twitter:card\" content=\"summary_large_image\" \/>\n<meta name=\"twitter:creator\" content=\"@webdo_tn\" \/>\n<meta name=\"twitter:site\" content=\"@webdo_tn\" \/>\n<meta name=\"twitter:label1\" content=\"\u00c9crit par\" \/>\n\t<meta name=\"twitter:data1\" content=\"Mohamed Fethi\" \/>\n\t<meta name=\"twitter:label2\" content=\"Dur\u00e9e de lecture estim\u00e9e\" \/>\n\t<meta name=\"twitter:data2\" content=\"4 minutes\" \/>\n<script type=\"application\/ld+json\" class=\"yoast-schema-graph\">{\"@context\":\"https:\\\/\\\/schema.org\",\"@graph\":[{\"@type\":\"NewsArticle\",\"@id\":\"https:\\\/\\\/www.webdo.tn\\\/fr\\\/actualite\\\/national\\\/code-penal-et-stupefiants-vers-un-ajustement-des-peines-entre-fermete-ciblee-et-reequilibrage-juridique\\\/396996\\\/#article\",\"isPartOf\":{\"@id\":\"https:\\\/\\\/www.webdo.tn\\\/fr\\\/actualite\\\/national\\\/code-penal-et-stupefiants-vers-un-ajustement-des-peines-entre-fermete-ciblee-et-reequilibrage-juridique\\\/396996\\\/\"},\"author\":{\"name\":\"Mohamed Fethi\",\"@id\":\"https:\\\/\\\/www.webdo.tn\\\/fr\\\/#\\\/schema\\\/person\\\/16a4857e77dfc0b610c4c2cadffc9ac4\"},\"headline\":\"Code p\u00e9nal et stup\u00e9fiants : Vers un ajustement des peines entre fermet\u00e9 cibl\u00e9e et r\u00e9\u00e9quilibrage juridique\",\"datePublished\":\"2026-04-28T18:02:21+00:00\",\"dateModified\":\"2026-04-28T18:46:46+00:00\",\"mainEntityOfPage\":{\"@id\":\"https:\\\/\\\/www.webdo.tn\\\/fr\\\/actualite\\\/national\\\/code-penal-et-stupefiants-vers-un-ajustement-des-peines-entre-fermete-ciblee-et-reequilibrage-juridique\\\/396996\\\/\"},\"wordCount\":724,\"publisher\":{\"@id\":\"https:\\\/\\\/www.webdo.tn\\\/fr\\\/#organization\"},\"image\":{\"@id\":\"https:\\\/\\\/www.webdo.tn\\\/fr\\\/actualite\\\/national\\\/code-penal-et-stupefiants-vers-un-ajustement-des-peines-entre-fermete-ciblee-et-reequilibrage-juridique\\\/396996\\\/#primaryimage\"},\"thumbnailUrl\":\"https:\\\/\\\/www.webdo.tn\\\/fr\\\/wp-content\\\/uploads\\\/2026\\\/03\\\/prison.jpeg\",\"keywords\":[\"code p\u00e9nal\",\"justice\",\"stup\u00e9fiants\",\"Tunisie\"],\"articleSection\":[\"\u00c9pingle\",\"National\"],\"inLanguage\":\"fr-FR\"},{\"@type\":\"WebPage\",\"@id\":\"https:\\\/\\\/www.webdo.tn\\\/fr\\\/actualite\\\/national\\\/code-penal-et-stupefiants-vers-un-ajustement-des-peines-entre-fermete-ciblee-et-reequilibrage-juridique\\\/396996\\\/\",\"url\":\"https:\\\/\\\/www.webdo.tn\\\/fr\\\/actualite\\\/national\\\/code-penal-et-stupefiants-vers-un-ajustement-des-peines-entre-fermete-ciblee-et-reequilibrage-juridique\\\/396996\\\/\",\"name\":\"Code p\u00e9nal et stup\u00e9fiants : Vers un ajustement des peines entre fermet\u00e9 cibl\u00e9e et r\u00e9\u00e9quilibrage juridique - webdo\",\"isPartOf\":{\"@id\":\"https:\\\/\\\/www.webdo.tn\\\/fr\\\/#website\"},\"primaryImageOfPage\":{\"@id\":\"https:\\\/\\\/www.webdo.tn\\\/fr\\\/actualite\\\/national\\\/code-penal-et-stupefiants-vers-un-ajustement-des-peines-entre-fermete-ciblee-et-reequilibrage-juridique\\\/396996\\\/#primaryimage\"},\"image\":{\"@id\":\"https:\\\/\\\/www.webdo.tn\\\/fr\\\/actualite\\\/national\\\/code-penal-et-stupefiants-vers-un-ajustement-des-peines-entre-fermete-ciblee-et-reequilibrage-juridique\\\/396996\\\/#primaryimage\"},\"thumbnailUrl\":\"https:\\\/\\\/www.webdo.tn\\\/fr\\\/wp-content\\\/uploads\\\/2026\\\/03\\\/prison.jpeg\",\"datePublished\":\"2026-04-28T18:02:21+00:00\",\"dateModified\":\"2026-04-28T18:46:46+00:00\",\"description\":\"Renseignez-vous sur la r\u00e9forme des articles du Code p\u00e9nal li\u00e9s aux stup\u00e9fiants et la s\u00e9curit\u00e9 juridique \u00e9voqu\u00e9e par les experts.\",\"breadcrumb\":{\"@id\":\"https:\\\/\\\/www.webdo.tn\\\/fr\\\/actualite\\\/national\\\/code-penal-et-stupefiants-vers-un-ajustement-des-peines-entre-fermete-ciblee-et-reequilibrage-juridique\\\/396996\\\/#breadcrumb\"},\"inLanguage\":\"fr-FR\",\"potentialAction\":[{\"@type\":\"ReadAction\",\"target\":[\"https:\\\/\\\/www.webdo.tn\\\/fr\\\/actualite\\\/national\\\/code-penal-et-stupefiants-vers-un-ajustement-des-peines-entre-fermete-ciblee-et-reequilibrage-juridique\\\/396996\\\/\"]}]},{\"@type\":\"ImageObject\",\"inLanguage\":\"fr-FR\",\"@id\":\"https:\\\/\\\/www.webdo.tn\\\/fr\\\/actualite\\\/national\\\/code-penal-et-stupefiants-vers-un-ajustement-des-peines-entre-fermete-ciblee-et-reequilibrage-juridique\\\/396996\\\/#primaryimage\",\"url\":\"https:\\\/\\\/www.webdo.tn\\\/fr\\\/wp-content\\\/uploads\\\/2026\\\/03\\\/prison.jpeg\",\"contentUrl\":\"https:\\\/\\\/www.webdo.tn\\\/fr\\\/wp-content\\\/uploads\\\/2026\\\/03\\\/prison.jpeg\",\"width\":1200,\"height\":601,\"caption\":\"Code p\u00e9nal et stup\u00e9fiants : Vers un ajustement des peines entre fermet\u00e9 cibl\u00e9e et r\u00e9\u00e9quilibrage juridique\"},{\"@type\":\"BreadcrumbList\",\"@id\":\"https:\\\/\\\/www.webdo.tn\\\/fr\\\/actualite\\\/national\\\/code-penal-et-stupefiants-vers-un-ajustement-des-peines-entre-fermete-ciblee-et-reequilibrage-juridique\\\/396996\\\/#breadcrumb\",\"itemListElement\":[{\"@type\":\"ListItem\",\"position\":1,\"name\":\"Accueil\",\"item\":\"https:\\\/\\\/www.webdo.tn\\\/fr\\\/\"},{\"@type\":\"ListItem\",\"position\":2,\"name\":\"Code p\u00e9nal et stup\u00e9fiants : Vers un ajustement des peines entre fermet\u00e9 cibl\u00e9e et r\u00e9\u00e9quilibrage juridique\"}]},{\"@type\":\"WebSite\",\"@id\":\"https:\\\/\\\/www.webdo.tn\\\/fr\\\/#website\",\"url\":\"https:\\\/\\\/www.webdo.tn\\\/fr\\\/\",\"name\":\"webdo\",\"description\":\"Tunisie - News en Tunisie et \u00e0 l&#039;international sur Webdo.tn\",\"publisher\":{\"@id\":\"https:\\\/\\\/www.webdo.tn\\\/fr\\\/#organization\"},\"potentialAction\":[{\"@type\":\"SearchAction\",\"target\":{\"@type\":\"EntryPoint\",\"urlTemplate\":\"https:\\\/\\\/www.webdo.tn\\\/fr\\\/?s={search_term_string}\"},\"query-input\":{\"@type\":\"PropertyValueSpecification\",\"valueRequired\":true,\"valueName\":\"search_term_string\"}}],\"inLanguage\":\"fr-FR\"},{\"@type\":\"Organization\",\"@id\":\"https:\\\/\\\/www.webdo.tn\\\/fr\\\/#organization\",\"name\":\"Webdo\",\"alternateName\":\"Webdo.tn\",\"url\":\"https:\\\/\\\/www.webdo.tn\\\/fr\\\/\",\"logo\":{\"@type\":\"ImageObject\",\"inLanguage\":\"fr-FR\",\"@id\":\"https:\\\/\\\/www.webdo.tn\\\/fr\\\/#\\\/schema\\\/logo\\\/image\\\/\",\"url\":\"https:\\\/\\\/www.webdo.tn\\\/fr\\\/wp-content\\\/uploads\\\/2025\\\/06\\\/Webdo-Tunisie_168377.jpg\",\"contentUrl\":\"https:\\\/\\\/www.webdo.tn\\\/fr\\\/wp-content\\\/uploads\\\/2025\\\/06\\\/Webdo-Tunisie_168377.jpg\",\"width\":301,\"height\":301,\"caption\":\"Webdo\"},\"image\":{\"@id\":\"https:\\\/\\\/www.webdo.tn\\\/fr\\\/#\\\/schema\\\/logo\\\/image\\\/\"},\"sameAs\":[\"https:\\\/\\\/www.facebook.com\\\/webdotn\",\"https:\\\/\\\/x.com\\\/webdo_tn\"],\"description\":\"Webdo est un m\u00e9dia num\u00e9rique tunisien fond\u00e9 en 2010, sp\u00e9cialis\u00e9 dans l\u2019actualit\u00e9 nationale et internationale, l\u2019\u00e9conomie, la soci\u00e9t\u00e9 et les analyses politiques. Le site s\u2019adresse \u00e0 un large public francophone et couvre l\u2019information tunisienne en temps r\u00e9el.\",\"email\":\"redac@webdo.tn\",\"legalName\":\"YNJ SARL\",\"foundingDate\":\"2010-09-06\",\"numberOfEmployees\":{\"@type\":\"QuantitativeValue\",\"minValue\":\"11\",\"maxValue\":\"50\"}},{\"@type\":\"Person\",\"@id\":\"https:\\\/\\\/www.webdo.tn\\\/fr\\\/#\\\/schema\\\/person\\\/16a4857e77dfc0b610c4c2cadffc9ac4\",\"name\":\"Mohamed Fethi\",\"image\":{\"@type\":\"ImageObject\",\"inLanguage\":\"fr-FR\",\"@id\":\"https:\\\/\\\/www.webdo.tn\\\/fr\\\/wp-content\\\/uploads\\\/2026\\\/04\\\/mohamed-fethi_avatar_1-96x96.jpg\",\"url\":\"https:\\\/\\\/www.webdo.tn\\\/fr\\\/wp-content\\\/uploads\\\/2026\\\/04\\\/mohamed-fethi_avatar_1-96x96.jpg\",\"contentUrl\":\"https:\\\/\\\/www.webdo.tn\\\/fr\\\/wp-content\\\/uploads\\\/2026\\\/04\\\/mohamed-fethi_avatar_1-96x96.jpg\",\"caption\":\"Mohamed Fethi\"},\"description\":\"Signature \u00e9ditoriale de Maher Chaabane Mohamed Fethi est le pseudonyme \u00e9ditorial de Maher Chaabane, r\u00e9dacteur en chef de Webdo.tn depuis 2012. Cette signature est d\u00e9di\u00e9e au traitement intensif de l'actualit\u00e9 nationale et internationale en temps r\u00e9el. S'appuyant sur les deux d\u00e9cennies d'expertise journalistique de Maher Chaabane \u2014 d\u00e9but\u00e9e au sein du groupe Tunis Hebdo en 2000 \u2014 Mohamed Fethi assure une veille rigoureuse sur les enjeux politiques, \u00e9conomiques et sportifs. Sa mission est de garantir une information structur\u00e9e, fluide et fid\u00e8le aux standards de la r\u00e9daction. Pour consulter le parcours complet du r\u00e9dacteur en chef, visitez le profil officiel de Maher Chaabane.\",\"knowsAbout\":[\"actualit\u00e9\",\"journalisme\",\"information\",\"politique\",\"sport\",\"m\u00e9dias\",\"actualit\u00e9 internationale\"],\"knowsLanguage\":[\"Fran\u00e7ais\",\"Arabe\"],\"jobTitle\":\"Journaliste \u2013 R\u00e9daction Webdo\",\"worksFor\":\"Webdo.tn\",\"url\":\"https:\\\/\\\/www.webdo.tn\\\/fr\\\/actualite\\\/author\\\/mohamed-fethi\\\/\"}]}<\/script>\n<!-- \/ Yoast SEO Premium plugin. -->","yoast_head_json":{"title":"Code p\u00e9nal et stup\u00e9fiants : Vers un ajustement des peines entre fermet\u00e9 cibl\u00e9e et r\u00e9\u00e9quilibrage juridique - webdo","description":"Renseignez-vous sur la r\u00e9forme des articles du Code p\u00e9nal li\u00e9s aux stup\u00e9fiants et la s\u00e9curit\u00e9 juridique \u00e9voqu\u00e9e par les experts.","canonical":"https:\/\/www.webdo.tn\/fr\/actualite\/national\/code-penal-et-stupefiants-vers-un-ajustement-des-peines-entre-fermete-ciblee-et-reequilibrage-juridique\/396996\/","og_locale":"fr_FR","og_type":"article","og_title":"Code p\u00e9nal et stup\u00e9fiants : Vers un ajustement des peines entre fermet\u00e9 cibl\u00e9e et r\u00e9\u00e9quilibrage juridique","og_description":"Renseignez-vous sur la r\u00e9forme des articles du Code p\u00e9nal li\u00e9s aux stup\u00e9fiants et la s\u00e9curit\u00e9 juridique \u00e9voqu\u00e9e par les experts.","og_url":"https:\/\/www.webdo.tn\/fr\/actualite\/national\/code-penal-et-stupefiants-vers-un-ajustement-des-peines-entre-fermete-ciblee-et-reequilibrage-juridique\/396996\/","og_site_name":"webdo","article_publisher":"https:\/\/www.facebook.com\/webdotn","article_published_time":"2026-04-28T18:02:21+00:00","article_modified_time":"2026-04-28T18:46:46+00:00","og_image":[{"width":1200,"height":601,"url":"https:\/\/www.webdo.tn\/fr\/wp-content\/uploads\/2026\/03\/prison.jpeg","type":"image\/jpeg"}],"author":"Mohamed Fethi","twitter_card":"summary_large_image","twitter_creator":"@webdo_tn","twitter_site":"@webdo_tn","twitter_misc":{"\u00c9crit par":"Mohamed Fethi","Dur\u00e9e de lecture estim\u00e9e":"4 minutes"},"schema":{"@context":"https:\/\/schema.org","@graph":[{"@type":"NewsArticle","@id":"https:\/\/www.webdo.tn\/fr\/actualite\/national\/code-penal-et-stupefiants-vers-un-ajustement-des-peines-entre-fermete-ciblee-et-reequilibrage-juridique\/396996\/#article","isPartOf":{"@id":"https:\/\/www.webdo.tn\/fr\/actualite\/national\/code-penal-et-stupefiants-vers-un-ajustement-des-peines-entre-fermete-ciblee-et-reequilibrage-juridique\/396996\/"},"author":{"name":"Mohamed Fethi","@id":"https:\/\/www.webdo.tn\/fr\/#\/schema\/person\/16a4857e77dfc0b610c4c2cadffc9ac4"},"headline":"Code p\u00e9nal et stup\u00e9fiants : Vers un ajustement des peines entre fermet\u00e9 cibl\u00e9e et r\u00e9\u00e9quilibrage juridique","datePublished":"2026-04-28T18:02:21+00:00","dateModified":"2026-04-28T18:46:46+00:00","mainEntityOfPage":{"@id":"https:\/\/www.webdo.tn\/fr\/actualite\/national\/code-penal-et-stupefiants-vers-un-ajustement-des-peines-entre-fermete-ciblee-et-reequilibrage-juridique\/396996\/"},"wordCount":724,"publisher":{"@id":"https:\/\/www.webdo.tn\/fr\/#organization"},"image":{"@id":"https:\/\/www.webdo.tn\/fr\/actualite\/national\/code-penal-et-stupefiants-vers-un-ajustement-des-peines-entre-fermete-ciblee-et-reequilibrage-juridique\/396996\/#primaryimage"},"thumbnailUrl":"https:\/\/www.webdo.tn\/fr\/wp-content\/uploads\/2026\/03\/prison.jpeg","keywords":["code p\u00e9nal","justice","stup\u00e9fiants","Tunisie"],"articleSection":["\u00c9pingle","National"],"inLanguage":"fr-FR"},{"@type":"WebPage","@id":"https:\/\/www.webdo.tn\/fr\/actualite\/national\/code-penal-et-stupefiants-vers-un-ajustement-des-peines-entre-fermete-ciblee-et-reequilibrage-juridique\/396996\/","url":"https:\/\/www.webdo.tn\/fr\/actualite\/national\/code-penal-et-stupefiants-vers-un-ajustement-des-peines-entre-fermete-ciblee-et-reequilibrage-juridique\/396996\/","name":"Code p\u00e9nal et stup\u00e9fiants : Vers un ajustement des peines entre fermet\u00e9 cibl\u00e9e et r\u00e9\u00e9quilibrage juridique - webdo","isPartOf":{"@id":"https:\/\/www.webdo.tn\/fr\/#website"},"primaryImageOfPage":{"@id":"https:\/\/www.webdo.tn\/fr\/actualite\/national\/code-penal-et-stupefiants-vers-un-ajustement-des-peines-entre-fermete-ciblee-et-reequilibrage-juridique\/396996\/#primaryimage"},"image":{"@id":"https:\/\/www.webdo.tn\/fr\/actualite\/national\/code-penal-et-stupefiants-vers-un-ajustement-des-peines-entre-fermete-ciblee-et-reequilibrage-juridique\/396996\/#primaryimage"},"thumbnailUrl":"https:\/\/www.webdo.tn\/fr\/wp-content\/uploads\/2026\/03\/prison.jpeg","datePublished":"2026-04-28T18:02:21+00:00","dateModified":"2026-04-28T18:46:46+00:00","description":"Renseignez-vous sur la r\u00e9forme des articles du Code p\u00e9nal li\u00e9s aux stup\u00e9fiants et la s\u00e9curit\u00e9 juridique \u00e9voqu\u00e9e par les experts.","breadcrumb":{"@id":"https:\/\/www.webdo.tn\/fr\/actualite\/national\/code-penal-et-stupefiants-vers-un-ajustement-des-peines-entre-fermete-ciblee-et-reequilibrage-juridique\/396996\/#breadcrumb"},"inLanguage":"fr-FR","potentialAction":[{"@type":"ReadAction","target":["https:\/\/www.webdo.tn\/fr\/actualite\/national\/code-penal-et-stupefiants-vers-un-ajustement-des-peines-entre-fermete-ciblee-et-reequilibrage-juridique\/396996\/"]}]},{"@type":"ImageObject","inLanguage":"fr-FR","@id":"https:\/\/www.webdo.tn\/fr\/actualite\/national\/code-penal-et-stupefiants-vers-un-ajustement-des-peines-entre-fermete-ciblee-et-reequilibrage-juridique\/396996\/#primaryimage","url":"https:\/\/www.webdo.tn\/fr\/wp-content\/uploads\/2026\/03\/prison.jpeg","contentUrl":"https:\/\/www.webdo.tn\/fr\/wp-content\/uploads\/2026\/03\/prison.jpeg","width":1200,"height":601,"caption":"Code p\u00e9nal et stup\u00e9fiants : Vers un ajustement des peines entre fermet\u00e9 cibl\u00e9e et r\u00e9\u00e9quilibrage juridique"},{"@type":"BreadcrumbList","@id":"https:\/\/www.webdo.tn\/fr\/actualite\/national\/code-penal-et-stupefiants-vers-un-ajustement-des-peines-entre-fermete-ciblee-et-reequilibrage-juridique\/396996\/#breadcrumb","itemListElement":[{"@type":"ListItem","position":1,"name":"Accueil","item":"https:\/\/www.webdo.tn\/fr\/"},{"@type":"ListItem","position":2,"name":"Code p\u00e9nal et stup\u00e9fiants : Vers un ajustement des peines entre fermet\u00e9 cibl\u00e9e et r\u00e9\u00e9quilibrage juridique"}]},{"@type":"WebSite","@id":"https:\/\/www.webdo.tn\/fr\/#website","url":"https:\/\/www.webdo.tn\/fr\/","name":"webdo","description":"Tunisie - News en Tunisie et \u00e0 l&#039;international sur Webdo.tn","publisher":{"@id":"https:\/\/www.webdo.tn\/fr\/#organization"},"potentialAction":[{"@type":"SearchAction","target":{"@type":"EntryPoint","urlTemplate":"https:\/\/www.webdo.tn\/fr\/?s={search_term_string}"},"query-input":{"@type":"PropertyValueSpecification","valueRequired":true,"valueName":"search_term_string"}}],"inLanguage":"fr-FR"},{"@type":"Organization","@id":"https:\/\/www.webdo.tn\/fr\/#organization","name":"Webdo","alternateName":"Webdo.tn","url":"https:\/\/www.webdo.tn\/fr\/","logo":{"@type":"ImageObject","inLanguage":"fr-FR","@id":"https:\/\/www.webdo.tn\/fr\/#\/schema\/logo\/image\/","url":"https:\/\/www.webdo.tn\/fr\/wp-content\/uploads\/2025\/06\/Webdo-Tunisie_168377.jpg","contentUrl":"https:\/\/www.webdo.tn\/fr\/wp-content\/uploads\/2025\/06\/Webdo-Tunisie_168377.jpg","width":301,"height":301,"caption":"Webdo"},"image":{"@id":"https:\/\/www.webdo.tn\/fr\/#\/schema\/logo\/image\/"},"sameAs":["https:\/\/www.facebook.com\/webdotn","https:\/\/x.com\/webdo_tn"],"description":"Webdo est un m\u00e9dia num\u00e9rique tunisien fond\u00e9 en 2010, sp\u00e9cialis\u00e9 dans l\u2019actualit\u00e9 nationale et internationale, l\u2019\u00e9conomie, la soci\u00e9t\u00e9 et les analyses politiques. Le site s\u2019adresse \u00e0 un large public francophone et couvre l\u2019information tunisienne en temps r\u00e9el.","email":"redac@webdo.tn","legalName":"YNJ SARL","foundingDate":"2010-09-06","numberOfEmployees":{"@type":"QuantitativeValue","minValue":"11","maxValue":"50"}},{"@type":"Person","@id":"https:\/\/www.webdo.tn\/fr\/#\/schema\/person\/16a4857e77dfc0b610c4c2cadffc9ac4","name":"Mohamed Fethi","image":{"@type":"ImageObject","inLanguage":"fr-FR","@id":"https:\/\/www.webdo.tn\/fr\/wp-content\/uploads\/2026\/04\/mohamed-fethi_avatar_1-96x96.jpg","url":"https:\/\/www.webdo.tn\/fr\/wp-content\/uploads\/2026\/04\/mohamed-fethi_avatar_1-96x96.jpg","contentUrl":"https:\/\/www.webdo.tn\/fr\/wp-content\/uploads\/2026\/04\/mohamed-fethi_avatar_1-96x96.jpg","caption":"Mohamed Fethi"},"description":"Signature \u00e9ditoriale de Maher Chaabane Mohamed Fethi est le pseudonyme \u00e9ditorial de Maher Chaabane, r\u00e9dacteur en chef de Webdo.tn depuis 2012. Cette signature est d\u00e9di\u00e9e au traitement intensif de l'actualit\u00e9 nationale et internationale en temps r\u00e9el. S'appuyant sur les deux d\u00e9cennies d'expertise journalistique de Maher Chaabane \u2014 d\u00e9but\u00e9e au sein du groupe Tunis Hebdo en 2000 \u2014 Mohamed Fethi assure une veille rigoureuse sur les enjeux politiques, \u00e9conomiques et sportifs. Sa mission est de garantir une information structur\u00e9e, fluide et fid\u00e8le aux standards de la r\u00e9daction. Pour consulter le parcours complet du r\u00e9dacteur en chef, visitez le profil officiel de Maher Chaabane.","knowsAbout":["actualit\u00e9","journalisme","information","politique","sport","m\u00e9dias","actualit\u00e9 internationale"],"knowsLanguage":["Fran\u00e7ais","Arabe"],"jobTitle":"Journaliste \u2013 R\u00e9daction Webdo","worksFor":"Webdo.tn","url":"https:\/\/www.webdo.tn\/fr\/actualite\/author\/mohamed-fethi\/"}]}},"_links":{"self":[{"href":"https:\/\/www.webdo.tn\/fr\/wp-json\/wp\/v2\/posts\/396996","targetHints":{"allow":["GET"]}}],"collection":[{"href":"https:\/\/www.webdo.tn\/fr\/wp-json\/wp\/v2\/posts"}],"about":[{"href":"https:\/\/www.webdo.tn\/fr\/wp-json\/wp\/v2\/types\/post"}],"author":[{"embeddable":true,"href":"https:\/\/www.webdo.tn\/fr\/wp-json\/wp\/v2\/users\/4782"}],"replies":[{"embeddable":true,"href":"https:\/\/www.webdo.tn\/fr\/wp-json\/wp\/v2\/comments?post=396996"}],"version-history":[{"count":0,"href":"https:\/\/www.webdo.tn\/fr\/wp-json\/wp\/v2\/posts\/396996\/revisions"}],"wp:featuredmedia":[{"embeddable":true,"href":"https:\/\/www.webdo.tn\/fr\/wp-json\/wp\/v2\/media\/395315"}],"wp:attachment":[{"href":"https:\/\/www.webdo.tn\/fr\/wp-json\/wp\/v2\/media?parent=396996"}],"wp:term":[{"taxonomy":"category","embeddable":true,"href":"https:\/\/www.webdo.tn\/fr\/wp-json\/wp\/v2\/categories?post=396996"},{"taxonomy":"post_tag","embeddable":true,"href":"https:\/\/www.webdo.tn\/fr\/wp-json\/wp\/v2\/tags?post=396996"}],"curies":[{"name":"wp","href":"https:\/\/api.w.org\/{rel}","templated":true}]}}