{"id":396994,"date":"2026-04-28T18:47:10","date_gmt":"2026-04-28T17:47:10","guid":{"rendered":"https:\/\/www.webdo.tn\/fr\/?p=396994"},"modified":"2026-04-28T18:47:10","modified_gmt":"2026-04-28T17:47:10","slug":"reformes-des-changes-et-budget-2027-larp-accelere-le-tempo-des-dossiers-economiques","status":"publish","type":"post","link":"https:\/\/www.webdo.tn\/fr\/actualite\/national\/reformes-des-changes-et-budget-2027-larp-accelere-le-tempo-des-dossiers-economiques\/396994\/","title":{"rendered":"R\u00e9formes des changes et budget 2027 : L\u2019ARP acc\u00e9l\u00e8re le tempo des dossiers \u00e9conomiques"},"content":{"rendered":"\n<p><strong>La Commission des finances et du budget de l\u2019Assembl\u00e9e des repr\u00e9sentants du peuple (ARP) a engag\u00e9 une nouvelle phase d\u2019examen de plusieurs dossiers \u00e9conomiques majeurs. Au c\u0153ur des discussions : les propositions de r\u00e9forme du r\u00e9gime des changes et la pr\u00e9paration du projet de loi de finances 2027. Les d\u00e9put\u00e9s entendent imprimer un rythme soutenu \u00e0 ces chantiers jug\u00e9s strat\u00e9giques pour l\u2019\u00e9conomie nationale.<\/strong><\/p>\n\n\n\n<h2 class=\"wp-block-heading\" id=\"h-changes-un-chantier-prioritaire-sous-pression\">Changes : un chantier prioritaire sous pression<\/h2>\n\n\n\n<p>La commission a insist\u00e9 sur l\u2019urgence d\u2019achever l\u2019examen de la proposition de loi relative \u00e0 la r\u00e9gularisation des infractions de changes, renvoy\u00e9e en commission apr\u00e8s la pl\u00e9ni\u00e8re du 14 avril. Pour les d\u00e9put\u00e9s, ce texte constitue une priorit\u00e9 l\u00e9gislative, tant ses implications sont directes sur l\u2019activit\u00e9 \u00e9conomique et la circulation des capitaux.<\/p>\n\n\n\n<p>Dans cette optique, une s\u00e9rie d\u2019auditions sera programm\u00e9e avec la Direction g\u00e9n\u00e9rale des douanes et le minist\u00e8re des Finances. Objectif : \u00e9laborer un dispositif \u00e9quilibr\u00e9, capable de r\u00e9pondre aux besoins de l\u2019\u00e9conomie tout en respectant les \u00e9quilibres institutionnels, notamment l\u2019ind\u00e9pendance de la Banque centrale.<\/p>\n\n\n\n<p>La commission a \u00e9galement annonc\u00e9 une audition pr\u00e9vue le 30 avril avec des repr\u00e9sentants de l\u2019Union tunisienne de l\u2019industrie, du commerce et de l\u2019artisanat (UTICA), dans le cadre de l\u2019examen du nouveau projet de Code des changes. Cette d\u00e9marche s\u2019inscrit dans une volont\u00e9 d\u2019\u00e9largir la concertation \u00e0 l\u2019ensemble des acteurs concern\u00e9s, renforc\u00e9e par l\u2019organisation d\u2019une journ\u00e9e d\u2019\u00e9tude \u00e0 l\u2019Acad\u00e9mie parlementaire.<\/p>\n\n\n\n<h2 class=\"wp-block-heading\" id=\"h-budget-2027-vers-une-preparation-anticipee-et-participative\">Budget 2027 : vers une pr\u00e9paration anticip\u00e9e et participative<\/h2>\n\n\n\n<p>En parall\u00e8le, les travaux ont port\u00e9 sur les premi\u00e8res \u00e9tapes de pr\u00e9paration du projet de loi de finances pour l\u2019exercice 2027. Le pr\u00e9sident de la commission, Maher Ktari, a indiqu\u00e9 qu\u2019une correspondance a \u00e9t\u00e9 adress\u00e9e au bureau de l\u2019ARP afin d\u2019examiner la possibilit\u00e9 d\u2019impliquer en amont les blocs parlementaires.<\/p>\n\n\n\n<p>L\u2019objectif est de permettre aux groupes politiques de proposer des articles qui pourraient \u00eatre int\u00e9gr\u00e9s directement dans le futur projet de loi, ouvrant ainsi la voie \u00e0 une approche plus participative et anticip\u00e9e de l\u2019\u00e9laboration budg\u00e9taire.<\/p>\n\n\n\n<h2 class=\"wp-block-heading\" id=\"h-coordination-renforcee-et-exigence-de-transparence\">Coordination renforc\u00e9e et exigence de transparence<\/h2>\n\n\n\n<p>Au-del\u00e0 des textes, la commission a mis l\u2019accent sur la n\u00e9cessit\u00e9 d\u2019une coordination accrue entre le pouvoir l\u00e9gislatif et les institutions nationales, en particulier la Banque centrale de Tunisie. Cette collaboration est jug\u00e9e essentielle pour accompagner les r\u00e9formes \u00e9conomiques en cours.<\/p>\n\n\n\n<p>Les d\u00e9put\u00e9s ont \u00e9galement insist\u00e9 sur l\u2019imp\u00e9ratif de transparence, notamment en ce qui concerne la gestion de la dette ext\u00e9rieure et les engagements financiers de l\u2019\u00c9tat. Un enjeu central dans un contexte o\u00f9 la cr\u00e9dibilit\u00e9 financi\u00e8re du pays reste \u00e9troitement scrut\u00e9e.<\/p>\n\n\n\n<p><\/p>\n\n\n\n<blockquote class=\"wp-block-quote is-layout-flow wp-block-quote-is-layout-flow\">\n<ul class=\"wp-block-list\">\n<li class=\"has-medium-font-size\"><strong>Lire aussi :<\/strong> <a href=\"https:\/\/www.webdo.tn\/fr\/actualite\/national\/budget-2027-la-fin-des-projets-fantomes\/396492\/\">Budget 2027 : La fin des projets fant\u00f4mes ?<\/a><\/li>\n<\/ul>\n<\/blockquote>\n","protected":false},"excerpt":{"rendered":"<p>La Commission des finances et du budget de l\u2019Assembl\u00e9e des repr\u00e9sentants du peuple (ARP) a engag\u00e9 une nouvelle phase d\u2019examen de plusieurs dossiers \u00e9conomiques majeurs. Au c\u0153ur des discussions : les propositions de r\u00e9forme du r\u00e9gime des changes et la pr\u00e9paration du projet de loi de finances 2027. Les d\u00e9put\u00e9s entendent imprimer un rythme soutenu [&hellip;]<\/p>\n","protected":false},"author":4782,"featured_media":394110,"comment_status":"closed","ping_status":"closed","sticky":false,"template":"","format":"standard","meta":{"footnotes":""},"categories":[44],"tags":[14003,14058,5331,3493,2608],"class_list":["post-396994","post","type-post","status-publish","format-standard","has-post-thumbnail","hentry","category-national","tag-budget-2027","tag-changes","tag-code-de-changes","tag-reforme","tag-tunisie"],"yoast_head":"<!-- This site is optimized with the Yoast SEO Premium plugin v27.4 (Yoast SEO v27.5) - https:\/\/yoast.com\/product\/yoast-seo-premium-wordpress\/ -->\n<title>R\u00e9formes des changes et budget 2027 : L\u2019ARP acc\u00e9l\u00e8re le tempo des dossiers \u00e9conomiques - webdo<\/title>\n<meta name=\"description\" content=\"Exploration des r\u00e9formes des changes et du projet de budget 2027, des mesures strat\u00e9giques pour la circulation des capitaux.\" \/>\n<link rel=\"canonical\" href=\"https:\/\/www.webdo.tn\/fr\/actualite\/national\/reformes-des-changes-et-budget-2027-larp-accelere-le-tempo-des-dossiers-economiques\/396994\/\" \/>\n<meta property=\"og:locale\" content=\"fr_FR\" \/>\n<meta property=\"og:type\" content=\"article\" \/>\n<meta property=\"og:title\" content=\"R\u00e9formes des changes et budget 2027 : L\u2019ARP acc\u00e9l\u00e8re le tempo des dossiers \u00e9conomiques\" \/>\n<meta property=\"og:description\" content=\"Exploration des r\u00e9formes des changes et du projet de budget 2027, des mesures strat\u00e9giques pour la circulation des capitaux.\" \/>\n<meta property=\"og:url\" content=\"https:\/\/www.webdo.tn\/fr\/actualite\/national\/reformes-des-changes-et-budget-2027-larp-accelere-le-tempo-des-dossiers-economiques\/396994\/\" \/>\n<meta property=\"og:site_name\" content=\"webdo\" \/>\n<meta property=\"article:publisher\" content=\"https:\/\/www.facebook.com\/webdotn\" \/>\n<meta property=\"article:published_time\" content=\"2026-04-28T17:47:10+00:00\" \/>\n<meta property=\"og:image\" content=\"https:\/\/www.webdo.tn\/fr\/wp-content\/uploads\/2026\/03\/M-Finances.jpg\" \/>\n\t<meta property=\"og:image:width\" content=\"1200\" \/>\n\t<meta property=\"og:image:height\" content=\"601\" \/>\n\t<meta property=\"og:image:type\" content=\"image\/jpeg\" \/>\n<meta name=\"author\" content=\"Mohamed Fethi\" \/>\n<meta name=\"twitter:card\" content=\"summary_large_image\" \/>\n<meta name=\"twitter:creator\" content=\"@webdo_tn\" \/>\n<meta name=\"twitter:site\" content=\"@webdo_tn\" \/>\n<meta name=\"twitter:label1\" content=\"\u00c9crit par\" \/>\n\t<meta name=\"twitter:data1\" content=\"Mohamed Fethi\" \/>\n\t<meta name=\"twitter:label2\" content=\"Dur\u00e9e de lecture estim\u00e9e\" \/>\n\t<meta name=\"twitter:data2\" content=\"3 minutes\" \/>\n<script type=\"application\/ld+json\" class=\"yoast-schema-graph\">{\"@context\":\"https:\\\/\\\/schema.org\",\"@graph\":[{\"@type\":\"NewsArticle\",\"@id\":\"https:\\\/\\\/www.webdo.tn\\\/fr\\\/actualite\\\/national\\\/reformes-des-changes-et-budget-2027-larp-accelere-le-tempo-des-dossiers-economiques\\\/396994\\\/#article\",\"isPartOf\":{\"@id\":\"https:\\\/\\\/www.webdo.tn\\\/fr\\\/actualite\\\/national\\\/reformes-des-changes-et-budget-2027-larp-accelere-le-tempo-des-dossiers-economiques\\\/396994\\\/\"},\"author\":{\"name\":\"Mohamed Fethi\",\"@id\":\"https:\\\/\\\/www.webdo.tn\\\/fr\\\/#\\\/schema\\\/person\\\/16a4857e77dfc0b610c4c2cadffc9ac4\"},\"headline\":\"R\u00e9formes des changes et budget 2027 : L\u2019ARP acc\u00e9l\u00e8re le tempo des dossiers \u00e9conomiques\",\"datePublished\":\"2026-04-28T17:47:10+00:00\",\"mainEntityOfPage\":{\"@id\":\"https:\\\/\\\/www.webdo.tn\\\/fr\\\/actualite\\\/national\\\/reformes-des-changes-et-budget-2027-larp-accelere-le-tempo-des-dossiers-economiques\\\/396994\\\/\"},\"wordCount\":506,\"publisher\":{\"@id\":\"https:\\\/\\\/www.webdo.tn\\\/fr\\\/#organization\"},\"image\":{\"@id\":\"https:\\\/\\\/www.webdo.tn\\\/fr\\\/actualite\\\/national\\\/reformes-des-changes-et-budget-2027-larp-accelere-le-tempo-des-dossiers-economiques\\\/396994\\\/#primaryimage\"},\"thumbnailUrl\":\"https:\\\/\\\/www.webdo.tn\\\/fr\\\/wp-content\\\/uploads\\\/2026\\\/03\\\/M-Finances.jpg\",\"keywords\":[\"Budget 2027\",\"changes\",\"code de changes\",\"r\u00e9forme\",\"Tunisie\"],\"articleSection\":[\"National\"],\"inLanguage\":\"fr-FR\"},{\"@type\":\"WebPage\",\"@id\":\"https:\\\/\\\/www.webdo.tn\\\/fr\\\/actualite\\\/national\\\/reformes-des-changes-et-budget-2027-larp-accelere-le-tempo-des-dossiers-economiques\\\/396994\\\/\",\"url\":\"https:\\\/\\\/www.webdo.tn\\\/fr\\\/actualite\\\/national\\\/reformes-des-changes-et-budget-2027-larp-accelere-le-tempo-des-dossiers-economiques\\\/396994\\\/\",\"name\":\"R\u00e9formes des changes et budget 2027 : L\u2019ARP acc\u00e9l\u00e8re le tempo des dossiers \u00e9conomiques - webdo\",\"isPartOf\":{\"@id\":\"https:\\\/\\\/www.webdo.tn\\\/fr\\\/#website\"},\"primaryImageOfPage\":{\"@id\":\"https:\\\/\\\/www.webdo.tn\\\/fr\\\/actualite\\\/national\\\/reformes-des-changes-et-budget-2027-larp-accelere-le-tempo-des-dossiers-economiques\\\/396994\\\/#primaryimage\"},\"image\":{\"@id\":\"https:\\\/\\\/www.webdo.tn\\\/fr\\\/actualite\\\/national\\\/reformes-des-changes-et-budget-2027-larp-accelere-le-tempo-des-dossiers-economiques\\\/396994\\\/#primaryimage\"},\"thumbnailUrl\":\"https:\\\/\\\/www.webdo.tn\\\/fr\\\/wp-content\\\/uploads\\\/2026\\\/03\\\/M-Finances.jpg\",\"datePublished\":\"2026-04-28T17:47:10+00:00\",\"description\":\"Exploration des r\u00e9formes des changes et du projet de budget 2027, des mesures strat\u00e9giques pour la circulation des capitaux.\",\"breadcrumb\":{\"@id\":\"https:\\\/\\\/www.webdo.tn\\\/fr\\\/actualite\\\/national\\\/reformes-des-changes-et-budget-2027-larp-accelere-le-tempo-des-dossiers-economiques\\\/396994\\\/#breadcrumb\"},\"inLanguage\":\"fr-FR\",\"potentialAction\":[{\"@type\":\"ReadAction\",\"target\":[\"https:\\\/\\\/www.webdo.tn\\\/fr\\\/actualite\\\/national\\\/reformes-des-changes-et-budget-2027-larp-accelere-le-tempo-des-dossiers-economiques\\\/396994\\\/\"]}]},{\"@type\":\"ImageObject\",\"inLanguage\":\"fr-FR\",\"@id\":\"https:\\\/\\\/www.webdo.tn\\\/fr\\\/actualite\\\/national\\\/reformes-des-changes-et-budget-2027-larp-accelere-le-tempo-des-dossiers-economiques\\\/396994\\\/#primaryimage\",\"url\":\"https:\\\/\\\/www.webdo.tn\\\/fr\\\/wp-content\\\/uploads\\\/2026\\\/03\\\/M-Finances.jpg\",\"contentUrl\":\"https:\\\/\\\/www.webdo.tn\\\/fr\\\/wp-content\\\/uploads\\\/2026\\\/03\\\/M-Finances.jpg\",\"width\":1200,\"height\":601,\"caption\":\"R\u00e9formes des changes et budget 2027 : L\u2019ARP acc\u00e9l\u00e8re le tempo des dossiers \u00e9conomiques\"},{\"@type\":\"BreadcrumbList\",\"@id\":\"https:\\\/\\\/www.webdo.tn\\\/fr\\\/actualite\\\/national\\\/reformes-des-changes-et-budget-2027-larp-accelere-le-tempo-des-dossiers-economiques\\\/396994\\\/#breadcrumb\",\"itemListElement\":[{\"@type\":\"ListItem\",\"position\":1,\"name\":\"Accueil\",\"item\":\"https:\\\/\\\/www.webdo.tn\\\/fr\\\/\"},{\"@type\":\"ListItem\",\"position\":2,\"name\":\"R\u00e9formes des changes et budget 2027 : L\u2019ARP acc\u00e9l\u00e8re le tempo des dossiers \u00e9conomiques\"}]},{\"@type\":\"WebSite\",\"@id\":\"https:\\\/\\\/www.webdo.tn\\\/fr\\\/#website\",\"url\":\"https:\\\/\\\/www.webdo.tn\\\/fr\\\/\",\"name\":\"webdo\",\"description\":\"Tunisie - News en Tunisie et \u00e0 l&#039;international sur Webdo.tn\",\"publisher\":{\"@id\":\"https:\\\/\\\/www.webdo.tn\\\/fr\\\/#organization\"},\"potentialAction\":[{\"@type\":\"SearchAction\",\"target\":{\"@type\":\"EntryPoint\",\"urlTemplate\":\"https:\\\/\\\/www.webdo.tn\\\/fr\\\/?s={search_term_string}\"},\"query-input\":{\"@type\":\"PropertyValueSpecification\",\"valueRequired\":true,\"valueName\":\"search_term_string\"}}],\"inLanguage\":\"fr-FR\"},{\"@type\":\"Organization\",\"@id\":\"https:\\\/\\\/www.webdo.tn\\\/fr\\\/#organization\",\"name\":\"Webdo\",\"alternateName\":\"Webdo.tn\",\"url\":\"https:\\\/\\\/www.webdo.tn\\\/fr\\\/\",\"logo\":{\"@type\":\"ImageObject\",\"inLanguage\":\"fr-FR\",\"@id\":\"https:\\\/\\\/www.webdo.tn\\\/fr\\\/#\\\/schema\\\/logo\\\/image\\\/\",\"url\":\"https:\\\/\\\/www.webdo.tn\\\/fr\\\/wp-content\\\/uploads\\\/2025\\\/06\\\/Webdo-Tunisie_168377.jpg\",\"contentUrl\":\"https:\\\/\\\/www.webdo.tn\\\/fr\\\/wp-content\\\/uploads\\\/2025\\\/06\\\/Webdo-Tunisie_168377.jpg\",\"width\":301,\"height\":301,\"caption\":\"Webdo\"},\"image\":{\"@id\":\"https:\\\/\\\/www.webdo.tn\\\/fr\\\/#\\\/schema\\\/logo\\\/image\\\/\"},\"sameAs\":[\"https:\\\/\\\/www.facebook.com\\\/webdotn\",\"https:\\\/\\\/x.com\\\/webdo_tn\"],\"description\":\"Webdo est un m\u00e9dia num\u00e9rique tunisien fond\u00e9 en 2010, sp\u00e9cialis\u00e9 dans l\u2019actualit\u00e9 nationale et internationale, l\u2019\u00e9conomie, la soci\u00e9t\u00e9 et les analyses politiques. Le site s\u2019adresse \u00e0 un large public francophone et couvre l\u2019information tunisienne en temps r\u00e9el.\",\"email\":\"redac@webdo.tn\",\"legalName\":\"YNJ SARL\",\"foundingDate\":\"2010-09-06\",\"numberOfEmployees\":{\"@type\":\"QuantitativeValue\",\"minValue\":\"11\",\"maxValue\":\"50\"}},{\"@type\":\"Person\",\"@id\":\"https:\\\/\\\/www.webdo.tn\\\/fr\\\/#\\\/schema\\\/person\\\/16a4857e77dfc0b610c4c2cadffc9ac4\",\"name\":\"Mohamed Fethi\",\"image\":{\"@type\":\"ImageObject\",\"inLanguage\":\"fr-FR\",\"@id\":\"https:\\\/\\\/www.webdo.tn\\\/fr\\\/wp-content\\\/uploads\\\/2026\\\/04\\\/mohamed-fethi_avatar_1-96x96.jpg\",\"url\":\"https:\\\/\\\/www.webdo.tn\\\/fr\\\/wp-content\\\/uploads\\\/2026\\\/04\\\/mohamed-fethi_avatar_1-96x96.jpg\",\"contentUrl\":\"https:\\\/\\\/www.webdo.tn\\\/fr\\\/wp-content\\\/uploads\\\/2026\\\/04\\\/mohamed-fethi_avatar_1-96x96.jpg\",\"caption\":\"Mohamed Fethi\"},\"description\":\"Signature \u00e9ditoriale de Maher Chaabane Mohamed Fethi est le pseudonyme \u00e9ditorial de Maher Chaabane, r\u00e9dacteur en chef de Webdo.tn depuis 2012. Cette signature est d\u00e9di\u00e9e au traitement intensif de l'actualit\u00e9 nationale et internationale en temps r\u00e9el. S'appuyant sur les deux d\u00e9cennies d'expertise journalistique de Maher Chaabane \u2014 d\u00e9but\u00e9e au sein du groupe Tunis Hebdo en 2000 \u2014 Mohamed Fethi assure une veille rigoureuse sur les enjeux politiques, \u00e9conomiques et sportifs. Sa mission est de garantir une information structur\u00e9e, fluide et fid\u00e8le aux standards de la r\u00e9daction. Pour consulter le parcours complet du r\u00e9dacteur en chef, visitez le profil officiel de Maher Chaabane.\",\"knowsAbout\":[\"actualit\u00e9\",\"journalisme\",\"information\",\"politique\",\"sport\",\"m\u00e9dias\",\"actualit\u00e9 internationale\"],\"knowsLanguage\":[\"Fran\u00e7ais\",\"Arabe\"],\"jobTitle\":\"Journaliste \u2013 R\u00e9daction Webdo\",\"worksFor\":\"Webdo.tn\",\"url\":\"https:\\\/\\\/www.webdo.tn\\\/fr\\\/actualite\\\/author\\\/mohamed-fethi\\\/\"}]}<\/script>\n<!-- \/ Yoast SEO Premium plugin. -->","yoast_head_json":{"title":"R\u00e9formes des changes et budget 2027 : L\u2019ARP acc\u00e9l\u00e8re le tempo des dossiers \u00e9conomiques - webdo","description":"Exploration des r\u00e9formes des changes et du projet de budget 2027, des mesures strat\u00e9giques pour la circulation des capitaux.","canonical":"https:\/\/www.webdo.tn\/fr\/actualite\/national\/reformes-des-changes-et-budget-2027-larp-accelere-le-tempo-des-dossiers-economiques\/396994\/","og_locale":"fr_FR","og_type":"article","og_title":"R\u00e9formes des changes et budget 2027 : L\u2019ARP acc\u00e9l\u00e8re le tempo des dossiers \u00e9conomiques","og_description":"Exploration des r\u00e9formes des changes et du projet de budget 2027, des mesures strat\u00e9giques pour la circulation des capitaux.","og_url":"https:\/\/www.webdo.tn\/fr\/actualite\/national\/reformes-des-changes-et-budget-2027-larp-accelere-le-tempo-des-dossiers-economiques\/396994\/","og_site_name":"webdo","article_publisher":"https:\/\/www.facebook.com\/webdotn","article_published_time":"2026-04-28T17:47:10+00:00","og_image":[{"width":1200,"height":601,"url":"https:\/\/www.webdo.tn\/fr\/wp-content\/uploads\/2026\/03\/M-Finances.jpg","type":"image\/jpeg"}],"author":"Mohamed Fethi","twitter_card":"summary_large_image","twitter_creator":"@webdo_tn","twitter_site":"@webdo_tn","twitter_misc":{"\u00c9crit par":"Mohamed Fethi","Dur\u00e9e de lecture estim\u00e9e":"3 minutes"},"schema":{"@context":"https:\/\/schema.org","@graph":[{"@type":"NewsArticle","@id":"https:\/\/www.webdo.tn\/fr\/actualite\/national\/reformes-des-changes-et-budget-2027-larp-accelere-le-tempo-des-dossiers-economiques\/396994\/#article","isPartOf":{"@id":"https:\/\/www.webdo.tn\/fr\/actualite\/national\/reformes-des-changes-et-budget-2027-larp-accelere-le-tempo-des-dossiers-economiques\/396994\/"},"author":{"name":"Mohamed Fethi","@id":"https:\/\/www.webdo.tn\/fr\/#\/schema\/person\/16a4857e77dfc0b610c4c2cadffc9ac4"},"headline":"R\u00e9formes des changes et budget 2027 : L\u2019ARP acc\u00e9l\u00e8re le tempo des dossiers \u00e9conomiques","datePublished":"2026-04-28T17:47:10+00:00","mainEntityOfPage":{"@id":"https:\/\/www.webdo.tn\/fr\/actualite\/national\/reformes-des-changes-et-budget-2027-larp-accelere-le-tempo-des-dossiers-economiques\/396994\/"},"wordCount":506,"publisher":{"@id":"https:\/\/www.webdo.tn\/fr\/#organization"},"image":{"@id":"https:\/\/www.webdo.tn\/fr\/actualite\/national\/reformes-des-changes-et-budget-2027-larp-accelere-le-tempo-des-dossiers-economiques\/396994\/#primaryimage"},"thumbnailUrl":"https:\/\/www.webdo.tn\/fr\/wp-content\/uploads\/2026\/03\/M-Finances.jpg","keywords":["Budget 2027","changes","code de changes","r\u00e9forme","Tunisie"],"articleSection":["National"],"inLanguage":"fr-FR"},{"@type":"WebPage","@id":"https:\/\/www.webdo.tn\/fr\/actualite\/national\/reformes-des-changes-et-budget-2027-larp-accelere-le-tempo-des-dossiers-economiques\/396994\/","url":"https:\/\/www.webdo.tn\/fr\/actualite\/national\/reformes-des-changes-et-budget-2027-larp-accelere-le-tempo-des-dossiers-economiques\/396994\/","name":"R\u00e9formes des changes et budget 2027 : L\u2019ARP acc\u00e9l\u00e8re le tempo des dossiers \u00e9conomiques - webdo","isPartOf":{"@id":"https:\/\/www.webdo.tn\/fr\/#website"},"primaryImageOfPage":{"@id":"https:\/\/www.webdo.tn\/fr\/actualite\/national\/reformes-des-changes-et-budget-2027-larp-accelere-le-tempo-des-dossiers-economiques\/396994\/#primaryimage"},"image":{"@id":"https:\/\/www.webdo.tn\/fr\/actualite\/national\/reformes-des-changes-et-budget-2027-larp-accelere-le-tempo-des-dossiers-economiques\/396994\/#primaryimage"},"thumbnailUrl":"https:\/\/www.webdo.tn\/fr\/wp-content\/uploads\/2026\/03\/M-Finances.jpg","datePublished":"2026-04-28T17:47:10+00:00","description":"Exploration des r\u00e9formes des changes et du projet de budget 2027, des mesures strat\u00e9giques pour la circulation des capitaux.","breadcrumb":{"@id":"https:\/\/www.webdo.tn\/fr\/actualite\/national\/reformes-des-changes-et-budget-2027-larp-accelere-le-tempo-des-dossiers-economiques\/396994\/#breadcrumb"},"inLanguage":"fr-FR","potentialAction":[{"@type":"ReadAction","target":["https:\/\/www.webdo.tn\/fr\/actualite\/national\/reformes-des-changes-et-budget-2027-larp-accelere-le-tempo-des-dossiers-economiques\/396994\/"]}]},{"@type":"ImageObject","inLanguage":"fr-FR","@id":"https:\/\/www.webdo.tn\/fr\/actualite\/national\/reformes-des-changes-et-budget-2027-larp-accelere-le-tempo-des-dossiers-economiques\/396994\/#primaryimage","url":"https:\/\/www.webdo.tn\/fr\/wp-content\/uploads\/2026\/03\/M-Finances.jpg","contentUrl":"https:\/\/www.webdo.tn\/fr\/wp-content\/uploads\/2026\/03\/M-Finances.jpg","width":1200,"height":601,"caption":"R\u00e9formes des changes et budget 2027 : L\u2019ARP acc\u00e9l\u00e8re le tempo des dossiers \u00e9conomiques"},{"@type":"BreadcrumbList","@id":"https:\/\/www.webdo.tn\/fr\/actualite\/national\/reformes-des-changes-et-budget-2027-larp-accelere-le-tempo-des-dossiers-economiques\/396994\/#breadcrumb","itemListElement":[{"@type":"ListItem","position":1,"name":"Accueil","item":"https:\/\/www.webdo.tn\/fr\/"},{"@type":"ListItem","position":2,"name":"R\u00e9formes des changes et budget 2027 : L\u2019ARP acc\u00e9l\u00e8re le tempo des dossiers \u00e9conomiques"}]},{"@type":"WebSite","@id":"https:\/\/www.webdo.tn\/fr\/#website","url":"https:\/\/www.webdo.tn\/fr\/","name":"webdo","description":"Tunisie - News en Tunisie et \u00e0 l&#039;international sur Webdo.tn","publisher":{"@id":"https:\/\/www.webdo.tn\/fr\/#organization"},"potentialAction":[{"@type":"SearchAction","target":{"@type":"EntryPoint","urlTemplate":"https:\/\/www.webdo.tn\/fr\/?s={search_term_string}"},"query-input":{"@type":"PropertyValueSpecification","valueRequired":true,"valueName":"search_term_string"}}],"inLanguage":"fr-FR"},{"@type":"Organization","@id":"https:\/\/www.webdo.tn\/fr\/#organization","name":"Webdo","alternateName":"Webdo.tn","url":"https:\/\/www.webdo.tn\/fr\/","logo":{"@type":"ImageObject","inLanguage":"fr-FR","@id":"https:\/\/www.webdo.tn\/fr\/#\/schema\/logo\/image\/","url":"https:\/\/www.webdo.tn\/fr\/wp-content\/uploads\/2025\/06\/Webdo-Tunisie_168377.jpg","contentUrl":"https:\/\/www.webdo.tn\/fr\/wp-content\/uploads\/2025\/06\/Webdo-Tunisie_168377.jpg","width":301,"height":301,"caption":"Webdo"},"image":{"@id":"https:\/\/www.webdo.tn\/fr\/#\/schema\/logo\/image\/"},"sameAs":["https:\/\/www.facebook.com\/webdotn","https:\/\/x.com\/webdo_tn"],"description":"Webdo est un m\u00e9dia num\u00e9rique tunisien fond\u00e9 en 2010, sp\u00e9cialis\u00e9 dans l\u2019actualit\u00e9 nationale et internationale, l\u2019\u00e9conomie, la soci\u00e9t\u00e9 et les analyses politiques. Le site s\u2019adresse \u00e0 un large public francophone et couvre l\u2019information tunisienne en temps r\u00e9el.","email":"redac@webdo.tn","legalName":"YNJ SARL","foundingDate":"2010-09-06","numberOfEmployees":{"@type":"QuantitativeValue","minValue":"11","maxValue":"50"}},{"@type":"Person","@id":"https:\/\/www.webdo.tn\/fr\/#\/schema\/person\/16a4857e77dfc0b610c4c2cadffc9ac4","name":"Mohamed Fethi","image":{"@type":"ImageObject","inLanguage":"fr-FR","@id":"https:\/\/www.webdo.tn\/fr\/wp-content\/uploads\/2026\/04\/mohamed-fethi_avatar_1-96x96.jpg","url":"https:\/\/www.webdo.tn\/fr\/wp-content\/uploads\/2026\/04\/mohamed-fethi_avatar_1-96x96.jpg","contentUrl":"https:\/\/www.webdo.tn\/fr\/wp-content\/uploads\/2026\/04\/mohamed-fethi_avatar_1-96x96.jpg","caption":"Mohamed Fethi"},"description":"Signature \u00e9ditoriale de Maher Chaabane Mohamed Fethi est le pseudonyme \u00e9ditorial de Maher Chaabane, r\u00e9dacteur en chef de Webdo.tn depuis 2012. Cette signature est d\u00e9di\u00e9e au traitement intensif de l'actualit\u00e9 nationale et internationale en temps r\u00e9el. S'appuyant sur les deux d\u00e9cennies d'expertise journalistique de Maher Chaabane \u2014 d\u00e9but\u00e9e au sein du groupe Tunis Hebdo en 2000 \u2014 Mohamed Fethi assure une veille rigoureuse sur les enjeux politiques, \u00e9conomiques et sportifs. Sa mission est de garantir une information structur\u00e9e, fluide et fid\u00e8le aux standards de la r\u00e9daction. Pour consulter le parcours complet du r\u00e9dacteur en chef, visitez le profil officiel de Maher Chaabane.","knowsAbout":["actualit\u00e9","journalisme","information","politique","sport","m\u00e9dias","actualit\u00e9 internationale"],"knowsLanguage":["Fran\u00e7ais","Arabe"],"jobTitle":"Journaliste \u2013 R\u00e9daction Webdo","worksFor":"Webdo.tn","url":"https:\/\/www.webdo.tn\/fr\/actualite\/author\/mohamed-fethi\/"}]}},"_links":{"self":[{"href":"https:\/\/www.webdo.tn\/fr\/wp-json\/wp\/v2\/posts\/396994","targetHints":{"allow":["GET"]}}],"collection":[{"href":"https:\/\/www.webdo.tn\/fr\/wp-json\/wp\/v2\/posts"}],"about":[{"href":"https:\/\/www.webdo.tn\/fr\/wp-json\/wp\/v2\/types\/post"}],"author":[{"embeddable":true,"href":"https:\/\/www.webdo.tn\/fr\/wp-json\/wp\/v2\/users\/4782"}],"replies":[{"embeddable":true,"href":"https:\/\/www.webdo.tn\/fr\/wp-json\/wp\/v2\/comments?post=396994"}],"version-history":[{"count":0,"href":"https:\/\/www.webdo.tn\/fr\/wp-json\/wp\/v2\/posts\/396994\/revisions"}],"wp:featuredmedia":[{"embeddable":true,"href":"https:\/\/www.webdo.tn\/fr\/wp-json\/wp\/v2\/media\/394110"}],"wp:attachment":[{"href":"https:\/\/www.webdo.tn\/fr\/wp-json\/wp\/v2\/media?parent=396994"}],"wp:term":[{"taxonomy":"category","embeddable":true,"href":"https:\/\/www.webdo.tn\/fr\/wp-json\/wp\/v2\/categories?post=396994"},{"taxonomy":"post_tag","embeddable":true,"href":"https:\/\/www.webdo.tn\/fr\/wp-json\/wp\/v2\/tags?post=396994"}],"curies":[{"name":"wp","href":"https:\/\/api.w.org\/{rel}","templated":true}]}}