{"id":396991,"date":"2026-04-28T18:37:30","date_gmt":"2026-04-28T17:37:30","guid":{"rendered":"https:\/\/www.webdo.tn\/fr\/?p=396991"},"modified":"2026-04-28T18:37:32","modified_gmt":"2026-04-28T17:37:32","slug":"municipales-lisie-prete-a-enclencher-le-scrutin-en-90-jours","status":"publish","type":"post","link":"https:\/\/www.webdo.tn\/fr\/actualite\/national\/municipales-lisie-prete-a-enclencher-le-scrutin-en-90-jours\/396991\/","title":{"rendered":"Municipales : L\u2019ISIE pr\u00eate \u00e0 enclencher le scrutin en 90 jours"},"content":{"rendered":"\n<p><strong>Le pr\u00e9sident de l\u2019Instance sup\u00e9rieure ind\u00e9pendante pour les \u00e9lections (ISIE), Farouk Bouasker, a affirm\u00e9 que l\u2019organisation des \u00e9lections municipales pourrait intervenir dans un d\u00e9lai de trois mois. Cette \u00e9ch\u00e9ance reste toutefois conditionn\u00e9e \u00e0 l\u2019adoption d\u2019une nouvelle loi organique et \u00e0 la convocation officielle des \u00e9lecteurs. Une d\u00e9claration qui relance le calendrier \u00e9lectoral local, suspendu \u00e0 des arbitrages juridiques.<\/strong><\/p>\n\n\n\n<h2 class=\"wp-block-heading\" id=\"h-une-machine-electorale-prete-mais-dependante-du-cadre-legal\">Une machine \u00e9lectorale pr\u00eate, mais d\u00e9pendante du cadre l\u00e9gal<\/h2>\n\n\n\n<p>Selon Farouk Bouasker, l\u2019ISIE est d\u00e9j\u00e0 op\u00e9rationnelle, tant sur le plan logistique que juridique, pour organiser ce scrutin dans des conditions optimales. Il a toutefois soulign\u00e9 que la tenue effective des \u00e9lections d\u00e9pend directement de la promulgation de la loi encadrant les municipalit\u00e9s et de la publication du d\u00e9cret de convocation du corps \u00e9lectoral.<\/p>\n\n\n\n<p>Le responsable a rappel\u00e9 que le dispositif \u00e9lectoral applicable aux municipales repose actuellement sur le d\u00e9cret-loi n\u00b08 de 2023, tout en insistant sur la n\u00e9cessit\u00e9 d\u2019achever le cadre l\u00e9gislatif global r\u00e9gissant les relations entre collectivit\u00e9s locales.<\/p>\n\n\n\n<h2 class=\"wp-block-heading\" id=\"h-une-reforme-institutionnelle-encore-inachevee\">Une r\u00e9forme institutionnelle encore inachev\u00e9e<\/h2>\n\n\n\n<p>Le gouvernement est appel\u00e9 \u00e0 jouer un r\u00f4le cl\u00e9 dans ce processus, notamment \u00e0 travers l\u2019adoption des textes juridiques n\u00e9cessaires, dont la future loi organique relative aux conseils municipaux. D\u2019apr\u00e8s le pr\u00e9sident de l\u2019ISIE, ce projet est \u00e0 un stade avanc\u00e9 avant son examen par l\u2019Assembl\u00e9e des repr\u00e9sentants du peuple et sa publication au Journal officiel.<\/p>\n\n\n\n<p>Dans ce contexte, il a rappel\u00e9 que le Code des collectivit\u00e9s locales adopt\u00e9 en 2018 est devenu obsol\u00e8te apr\u00e8s l\u2019entr\u00e9e en vigueur de la Constitution de 2022, en raison des modifications profondes apport\u00e9es \u00e0 l\u2019organisation territoriale.<\/p>\n\n\n\n<h2 class=\"wp-block-heading\" id=\"h-scrutin-uninominal-et-maintien-de-l-echeance\">Scrutin uninominal et maintien de l\u2019\u00e9ch\u00e9ance<\/h2>\n\n\n\n<p>Farouk Bouasker a \u00e9galement tenu \u00e0 d\u00e9mentir toute hypoth\u00e8se d\u2019annulation des \u00e9lections municipales ou de remplacement des conseils \u00e9lus par des instances d\u00e9sign\u00e9es. Il a insist\u00e9 sur le caract\u00e8re constitutionnel de ce rendez-vous \u00e9lectoral.<\/p>\n\n\n\n<p>La principale \u00e9volution r\u00e9side dans le mode de scrutin, qui passera \u00e0 un syst\u00e8me uninominal dans des circonscriptions municipales, en lieu et place du scrutin de liste.<\/p>\n\n\n\n<h2 class=\"wp-block-heading\" id=\"h-vers-une-nouvelle-architecture-locale\">Vers une nouvelle architecture locale<\/h2>\n\n\n\n<p>Enfin, le pr\u00e9sident de l\u2019ISIE a soulign\u00e9 l\u2019importance d\u2019un cadre juridique coh\u00e9rent pour organiser les relations entre les diff\u00e9rentes collectivit\u00e9s locales. Le nouveau dispositif distingue d\u00e9sormais deux cat\u00e9gories : les municipalit\u00e9s, consid\u00e9r\u00e9es comme collectivit\u00e9s classiques, et les conseils locaux, r\u00e9gionaux et de districts, introduits par la nouvelle architecture institutionnelle.<\/p>\n\n\n\n<p>Une clarification attendue, alors que le pays s\u2019appr\u00eate \u00e0 franchir une nouvelle \u00e9tape dans la refonte de sa gouvernance locale.<\/p>\n\n\n\n<p><\/p>\n\n\n\n<blockquote class=\"wp-block-quote is-layout-flow wp-block-quote-is-layout-flow\">\n<ul class=\"wp-block-list\">\n<li class=\"has-medium-font-size\"><strong>Lire aussi :<\/strong> <a href=\"https:\/\/www.webdo.tn\/fr\/actualite\/national\/tunisie-vers-le-report-des-elections-municipales-a-2025\/208697\/\">Tunisie : Vers le report des \u00e9lections municipales \u00e0 2025<\/a><\/li>\n<\/ul>\n<\/blockquote>\n","protected":false},"excerpt":{"rendered":"<p>Le pr\u00e9sident de l\u2019Instance sup\u00e9rieure ind\u00e9pendante pour les \u00e9lections (ISIE), Farouk Bouasker, a affirm\u00e9 que l\u2019organisation des \u00e9lections municipales pourrait intervenir dans un d\u00e9lai de trois mois. Cette \u00e9ch\u00e9ance reste toutefois conditionn\u00e9e \u00e0 l\u2019adoption d\u2019une nouvelle loi organique et \u00e0 la convocation officielle des \u00e9lecteurs. Une d\u00e9claration qui relance le calendrier \u00e9lectoral local, suspendu \u00e0 [&hellip;]<\/p>\n","protected":false},"author":4782,"featured_media":396992,"comment_status":"closed","ping_status":"closed","sticky":false,"template":"","format":"standard","meta":{"footnotes":""},"categories":[44],"tags":[4875,2967,2608],"class_list":["post-396991","post","type-post","status-publish","format-standard","has-post-thumbnail","hentry","category-national","tag-elections-municipales","tag-isie","tag-tunisie"],"yoast_head":"<!-- This site is optimized with the Yoast SEO Premium plugin v27.4 (Yoast SEO v27.5) - https:\/\/yoast.com\/product\/yoast-seo-premium-wordpress\/ -->\n<title>Municipales : L\u2019ISIE pr\u00eate \u00e0 enclencher le scrutin en 90 jours - webdo<\/title>\n<meta name=\"description\" content=\"D\u00e9couvrez les derni\u00e8res informations sur les \u00e9lections municipales et les facteurs cl\u00e9s qui pourraient influencer leur organisation.\" \/>\n<link rel=\"canonical\" href=\"https:\/\/www.webdo.tn\/fr\/actualite\/national\/municipales-lisie-prete-a-enclencher-le-scrutin-en-90-jours\/396991\/\" \/>\n<meta property=\"og:locale\" content=\"fr_FR\" \/>\n<meta property=\"og:type\" content=\"article\" \/>\n<meta property=\"og:title\" content=\"Municipales : L\u2019ISIE pr\u00eate \u00e0 enclencher le scrutin en 90 jours\" \/>\n<meta property=\"og:description\" content=\"D\u00e9couvrez les derni\u00e8res informations sur les \u00e9lections municipales et les facteurs cl\u00e9s qui pourraient influencer leur organisation.\" \/>\n<meta property=\"og:url\" content=\"https:\/\/www.webdo.tn\/fr\/actualite\/national\/municipales-lisie-prete-a-enclencher-le-scrutin-en-90-jours\/396991\/\" \/>\n<meta property=\"og:site_name\" content=\"webdo\" \/>\n<meta property=\"article:publisher\" content=\"https:\/\/www.facebook.com\/webdotn\" \/>\n<meta property=\"article:published_time\" content=\"2026-04-28T17:37:30+00:00\" \/>\n<meta property=\"article:modified_time\" content=\"2026-04-28T17:37:32+00:00\" \/>\n<meta property=\"og:image\" content=\"https:\/\/www.webdo.tn\/fr\/wp-content\/uploads\/2026\/04\/Les-elections-en-Tunisie.jpg\" \/>\n\t<meta property=\"og:image:width\" content=\"1200\" \/>\n\t<meta property=\"og:image:height\" content=\"602\" \/>\n\t<meta property=\"og:image:type\" content=\"image\/jpeg\" \/>\n<meta name=\"author\" content=\"Mohamed Fethi\" \/>\n<meta name=\"twitter:card\" content=\"summary_large_image\" \/>\n<meta name=\"twitter:creator\" content=\"@webdo_tn\" \/>\n<meta name=\"twitter:site\" content=\"@webdo_tn\" \/>\n<meta name=\"twitter:label1\" content=\"\u00c9crit par\" \/>\n\t<meta name=\"twitter:data1\" content=\"Mohamed Fethi\" \/>\n\t<meta name=\"twitter:label2\" content=\"Dur\u00e9e de lecture estim\u00e9e\" \/>\n\t<meta name=\"twitter:data2\" content=\"3 minutes\" \/>\n<script type=\"application\/ld+json\" class=\"yoast-schema-graph\">{\"@context\":\"https:\\\/\\\/schema.org\",\"@graph\":[{\"@type\":\"NewsArticle\",\"@id\":\"https:\\\/\\\/www.webdo.tn\\\/fr\\\/actualite\\\/national\\\/municipales-lisie-prete-a-enclencher-le-scrutin-en-90-jours\\\/396991\\\/#article\",\"isPartOf\":{\"@id\":\"https:\\\/\\\/www.webdo.tn\\\/fr\\\/actualite\\\/national\\\/municipales-lisie-prete-a-enclencher-le-scrutin-en-90-jours\\\/396991\\\/\"},\"author\":{\"name\":\"Mohamed Fethi\",\"@id\":\"https:\\\/\\\/www.webdo.tn\\\/fr\\\/#\\\/schema\\\/person\\\/16a4857e77dfc0b610c4c2cadffc9ac4\"},\"headline\":\"Municipales : L\u2019ISIE pr\u00eate \u00e0 enclencher le scrutin en 90 jours\",\"datePublished\":\"2026-04-28T17:37:30+00:00\",\"dateModified\":\"2026-04-28T17:37:32+00:00\",\"mainEntityOfPage\":{\"@id\":\"https:\\\/\\\/www.webdo.tn\\\/fr\\\/actualite\\\/national\\\/municipales-lisie-prete-a-enclencher-le-scrutin-en-90-jours\\\/396991\\\/\"},\"wordCount\":471,\"publisher\":{\"@id\":\"https:\\\/\\\/www.webdo.tn\\\/fr\\\/#organization\"},\"image\":{\"@id\":\"https:\\\/\\\/www.webdo.tn\\\/fr\\\/actualite\\\/national\\\/municipales-lisie-prete-a-enclencher-le-scrutin-en-90-jours\\\/396991\\\/#primaryimage\"},\"thumbnailUrl\":\"https:\\\/\\\/www.webdo.tn\\\/fr\\\/wp-content\\\/uploads\\\/2026\\\/04\\\/Les-elections-en-Tunisie.jpg\",\"keywords\":[\"\u00e9lections municipales\",\"ISIE\",\"Tunisie\"],\"articleSection\":[\"National\"],\"inLanguage\":\"fr-FR\"},{\"@type\":\"WebPage\",\"@id\":\"https:\\\/\\\/www.webdo.tn\\\/fr\\\/actualite\\\/national\\\/municipales-lisie-prete-a-enclencher-le-scrutin-en-90-jours\\\/396991\\\/\",\"url\":\"https:\\\/\\\/www.webdo.tn\\\/fr\\\/actualite\\\/national\\\/municipales-lisie-prete-a-enclencher-le-scrutin-en-90-jours\\\/396991\\\/\",\"name\":\"Municipales : L\u2019ISIE pr\u00eate \u00e0 enclencher le scrutin en 90 jours - webdo\",\"isPartOf\":{\"@id\":\"https:\\\/\\\/www.webdo.tn\\\/fr\\\/#website\"},\"primaryImageOfPage\":{\"@id\":\"https:\\\/\\\/www.webdo.tn\\\/fr\\\/actualite\\\/national\\\/municipales-lisie-prete-a-enclencher-le-scrutin-en-90-jours\\\/396991\\\/#primaryimage\"},\"image\":{\"@id\":\"https:\\\/\\\/www.webdo.tn\\\/fr\\\/actualite\\\/national\\\/municipales-lisie-prete-a-enclencher-le-scrutin-en-90-jours\\\/396991\\\/#primaryimage\"},\"thumbnailUrl\":\"https:\\\/\\\/www.webdo.tn\\\/fr\\\/wp-content\\\/uploads\\\/2026\\\/04\\\/Les-elections-en-Tunisie.jpg\",\"datePublished\":\"2026-04-28T17:37:30+00:00\",\"dateModified\":\"2026-04-28T17:37:32+00:00\",\"description\":\"D\u00e9couvrez les derni\u00e8res informations sur les \u00e9lections municipales et les facteurs cl\u00e9s qui pourraient influencer leur organisation.\",\"breadcrumb\":{\"@id\":\"https:\\\/\\\/www.webdo.tn\\\/fr\\\/actualite\\\/national\\\/municipales-lisie-prete-a-enclencher-le-scrutin-en-90-jours\\\/396991\\\/#breadcrumb\"},\"inLanguage\":\"fr-FR\",\"potentialAction\":[{\"@type\":\"ReadAction\",\"target\":[\"https:\\\/\\\/www.webdo.tn\\\/fr\\\/actualite\\\/national\\\/municipales-lisie-prete-a-enclencher-le-scrutin-en-90-jours\\\/396991\\\/\"]}]},{\"@type\":\"ImageObject\",\"inLanguage\":\"fr-FR\",\"@id\":\"https:\\\/\\\/www.webdo.tn\\\/fr\\\/actualite\\\/national\\\/municipales-lisie-prete-a-enclencher-le-scrutin-en-90-jours\\\/396991\\\/#primaryimage\",\"url\":\"https:\\\/\\\/www.webdo.tn\\\/fr\\\/wp-content\\\/uploads\\\/2026\\\/04\\\/Les-elections-en-Tunisie.jpg\",\"contentUrl\":\"https:\\\/\\\/www.webdo.tn\\\/fr\\\/wp-content\\\/uploads\\\/2026\\\/04\\\/Les-elections-en-Tunisie.jpg\",\"width\":1200,\"height\":602,\"caption\":\"Municipales : L\u2019ISIE pr\u00eate \u00e0 enclencher le scrutin en 90 jours\"},{\"@type\":\"BreadcrumbList\",\"@id\":\"https:\\\/\\\/www.webdo.tn\\\/fr\\\/actualite\\\/national\\\/municipales-lisie-prete-a-enclencher-le-scrutin-en-90-jours\\\/396991\\\/#breadcrumb\",\"itemListElement\":[{\"@type\":\"ListItem\",\"position\":1,\"name\":\"Accueil\",\"item\":\"https:\\\/\\\/www.webdo.tn\\\/fr\\\/\"},{\"@type\":\"ListItem\",\"position\":2,\"name\":\"Municipales : L\u2019ISIE pr\u00eate \u00e0 enclencher le scrutin en 90 jours\"}]},{\"@type\":\"WebSite\",\"@id\":\"https:\\\/\\\/www.webdo.tn\\\/fr\\\/#website\",\"url\":\"https:\\\/\\\/www.webdo.tn\\\/fr\\\/\",\"name\":\"webdo\",\"description\":\"Tunisie - News en Tunisie et \u00e0 l&#039;international sur Webdo.tn\",\"publisher\":{\"@id\":\"https:\\\/\\\/www.webdo.tn\\\/fr\\\/#organization\"},\"potentialAction\":[{\"@type\":\"SearchAction\",\"target\":{\"@type\":\"EntryPoint\",\"urlTemplate\":\"https:\\\/\\\/www.webdo.tn\\\/fr\\\/?s={search_term_string}\"},\"query-input\":{\"@type\":\"PropertyValueSpecification\",\"valueRequired\":true,\"valueName\":\"search_term_string\"}}],\"inLanguage\":\"fr-FR\"},{\"@type\":\"Organization\",\"@id\":\"https:\\\/\\\/www.webdo.tn\\\/fr\\\/#organization\",\"name\":\"Webdo\",\"alternateName\":\"Webdo.tn\",\"url\":\"https:\\\/\\\/www.webdo.tn\\\/fr\\\/\",\"logo\":{\"@type\":\"ImageObject\",\"inLanguage\":\"fr-FR\",\"@id\":\"https:\\\/\\\/www.webdo.tn\\\/fr\\\/#\\\/schema\\\/logo\\\/image\\\/\",\"url\":\"https:\\\/\\\/www.webdo.tn\\\/fr\\\/wp-content\\\/uploads\\\/2025\\\/06\\\/Webdo-Tunisie_168377.jpg\",\"contentUrl\":\"https:\\\/\\\/www.webdo.tn\\\/fr\\\/wp-content\\\/uploads\\\/2025\\\/06\\\/Webdo-Tunisie_168377.jpg\",\"width\":301,\"height\":301,\"caption\":\"Webdo\"},\"image\":{\"@id\":\"https:\\\/\\\/www.webdo.tn\\\/fr\\\/#\\\/schema\\\/logo\\\/image\\\/\"},\"sameAs\":[\"https:\\\/\\\/www.facebook.com\\\/webdotn\",\"https:\\\/\\\/x.com\\\/webdo_tn\"],\"description\":\"Webdo est un m\u00e9dia num\u00e9rique tunisien fond\u00e9 en 2010, sp\u00e9cialis\u00e9 dans l\u2019actualit\u00e9 nationale et internationale, l\u2019\u00e9conomie, la soci\u00e9t\u00e9 et les analyses politiques. Le site s\u2019adresse \u00e0 un large public francophone et couvre l\u2019information tunisienne en temps r\u00e9el.\",\"email\":\"redac@webdo.tn\",\"legalName\":\"YNJ SARL\",\"foundingDate\":\"2010-09-06\",\"numberOfEmployees\":{\"@type\":\"QuantitativeValue\",\"minValue\":\"11\",\"maxValue\":\"50\"}},{\"@type\":\"Person\",\"@id\":\"https:\\\/\\\/www.webdo.tn\\\/fr\\\/#\\\/schema\\\/person\\\/16a4857e77dfc0b610c4c2cadffc9ac4\",\"name\":\"Mohamed Fethi\",\"image\":{\"@type\":\"ImageObject\",\"inLanguage\":\"fr-FR\",\"@id\":\"https:\\\/\\\/www.webdo.tn\\\/fr\\\/wp-content\\\/uploads\\\/2026\\\/04\\\/mohamed-fethi_avatar_1-96x96.jpg\",\"url\":\"https:\\\/\\\/www.webdo.tn\\\/fr\\\/wp-content\\\/uploads\\\/2026\\\/04\\\/mohamed-fethi_avatar_1-96x96.jpg\",\"contentUrl\":\"https:\\\/\\\/www.webdo.tn\\\/fr\\\/wp-content\\\/uploads\\\/2026\\\/04\\\/mohamed-fethi_avatar_1-96x96.jpg\",\"caption\":\"Mohamed Fethi\"},\"description\":\"Signature \u00e9ditoriale de Maher Chaabane Mohamed Fethi est le pseudonyme \u00e9ditorial de Maher Chaabane, r\u00e9dacteur en chef de Webdo.tn depuis 2012. Cette signature est d\u00e9di\u00e9e au traitement intensif de l'actualit\u00e9 nationale et internationale en temps r\u00e9el. S'appuyant sur les deux d\u00e9cennies d'expertise journalistique de Maher Chaabane \u2014 d\u00e9but\u00e9e au sein du groupe Tunis Hebdo en 2000 \u2014 Mohamed Fethi assure une veille rigoureuse sur les enjeux politiques, \u00e9conomiques et sportifs. Sa mission est de garantir une information structur\u00e9e, fluide et fid\u00e8le aux standards de la r\u00e9daction. Pour consulter le parcours complet du r\u00e9dacteur en chef, visitez le profil officiel de Maher Chaabane.\",\"knowsAbout\":[\"actualit\u00e9\",\"journalisme\",\"information\",\"politique\",\"sport\",\"m\u00e9dias\",\"actualit\u00e9 internationale\"],\"knowsLanguage\":[\"Fran\u00e7ais\",\"Arabe\"],\"jobTitle\":\"Journaliste \u2013 R\u00e9daction Webdo\",\"worksFor\":\"Webdo.tn\",\"url\":\"https:\\\/\\\/www.webdo.tn\\\/fr\\\/actualite\\\/author\\\/mohamed-fethi\\\/\"}]}<\/script>\n<!-- \/ Yoast SEO Premium plugin. -->","yoast_head_json":{"title":"Municipales : L\u2019ISIE pr\u00eate \u00e0 enclencher le scrutin en 90 jours - webdo","description":"D\u00e9couvrez les derni\u00e8res informations sur les \u00e9lections municipales et les facteurs cl\u00e9s qui pourraient influencer leur organisation.","canonical":"https:\/\/www.webdo.tn\/fr\/actualite\/national\/municipales-lisie-prete-a-enclencher-le-scrutin-en-90-jours\/396991\/","og_locale":"fr_FR","og_type":"article","og_title":"Municipales : L\u2019ISIE pr\u00eate \u00e0 enclencher le scrutin en 90 jours","og_description":"D\u00e9couvrez les derni\u00e8res informations sur les \u00e9lections municipales et les facteurs cl\u00e9s qui pourraient influencer leur organisation.","og_url":"https:\/\/www.webdo.tn\/fr\/actualite\/national\/municipales-lisie-prete-a-enclencher-le-scrutin-en-90-jours\/396991\/","og_site_name":"webdo","article_publisher":"https:\/\/www.facebook.com\/webdotn","article_published_time":"2026-04-28T17:37:30+00:00","article_modified_time":"2026-04-28T17:37:32+00:00","og_image":[{"width":1200,"height":602,"url":"https:\/\/www.webdo.tn\/fr\/wp-content\/uploads\/2026\/04\/Les-elections-en-Tunisie.jpg","type":"image\/jpeg"}],"author":"Mohamed Fethi","twitter_card":"summary_large_image","twitter_creator":"@webdo_tn","twitter_site":"@webdo_tn","twitter_misc":{"\u00c9crit par":"Mohamed Fethi","Dur\u00e9e de lecture estim\u00e9e":"3 minutes"},"schema":{"@context":"https:\/\/schema.org","@graph":[{"@type":"NewsArticle","@id":"https:\/\/www.webdo.tn\/fr\/actualite\/national\/municipales-lisie-prete-a-enclencher-le-scrutin-en-90-jours\/396991\/#article","isPartOf":{"@id":"https:\/\/www.webdo.tn\/fr\/actualite\/national\/municipales-lisie-prete-a-enclencher-le-scrutin-en-90-jours\/396991\/"},"author":{"name":"Mohamed Fethi","@id":"https:\/\/www.webdo.tn\/fr\/#\/schema\/person\/16a4857e77dfc0b610c4c2cadffc9ac4"},"headline":"Municipales : L\u2019ISIE pr\u00eate \u00e0 enclencher le scrutin en 90 jours","datePublished":"2026-04-28T17:37:30+00:00","dateModified":"2026-04-28T17:37:32+00:00","mainEntityOfPage":{"@id":"https:\/\/www.webdo.tn\/fr\/actualite\/national\/municipales-lisie-prete-a-enclencher-le-scrutin-en-90-jours\/396991\/"},"wordCount":471,"publisher":{"@id":"https:\/\/www.webdo.tn\/fr\/#organization"},"image":{"@id":"https:\/\/www.webdo.tn\/fr\/actualite\/national\/municipales-lisie-prete-a-enclencher-le-scrutin-en-90-jours\/396991\/#primaryimage"},"thumbnailUrl":"https:\/\/www.webdo.tn\/fr\/wp-content\/uploads\/2026\/04\/Les-elections-en-Tunisie.jpg","keywords":["\u00e9lections municipales","ISIE","Tunisie"],"articleSection":["National"],"inLanguage":"fr-FR"},{"@type":"WebPage","@id":"https:\/\/www.webdo.tn\/fr\/actualite\/national\/municipales-lisie-prete-a-enclencher-le-scrutin-en-90-jours\/396991\/","url":"https:\/\/www.webdo.tn\/fr\/actualite\/national\/municipales-lisie-prete-a-enclencher-le-scrutin-en-90-jours\/396991\/","name":"Municipales : L\u2019ISIE pr\u00eate \u00e0 enclencher le scrutin en 90 jours - webdo","isPartOf":{"@id":"https:\/\/www.webdo.tn\/fr\/#website"},"primaryImageOfPage":{"@id":"https:\/\/www.webdo.tn\/fr\/actualite\/national\/municipales-lisie-prete-a-enclencher-le-scrutin-en-90-jours\/396991\/#primaryimage"},"image":{"@id":"https:\/\/www.webdo.tn\/fr\/actualite\/national\/municipales-lisie-prete-a-enclencher-le-scrutin-en-90-jours\/396991\/#primaryimage"},"thumbnailUrl":"https:\/\/www.webdo.tn\/fr\/wp-content\/uploads\/2026\/04\/Les-elections-en-Tunisie.jpg","datePublished":"2026-04-28T17:37:30+00:00","dateModified":"2026-04-28T17:37:32+00:00","description":"D\u00e9couvrez les derni\u00e8res informations sur les \u00e9lections municipales et les facteurs cl\u00e9s qui pourraient influencer leur organisation.","breadcrumb":{"@id":"https:\/\/www.webdo.tn\/fr\/actualite\/national\/municipales-lisie-prete-a-enclencher-le-scrutin-en-90-jours\/396991\/#breadcrumb"},"inLanguage":"fr-FR","potentialAction":[{"@type":"ReadAction","target":["https:\/\/www.webdo.tn\/fr\/actualite\/national\/municipales-lisie-prete-a-enclencher-le-scrutin-en-90-jours\/396991\/"]}]},{"@type":"ImageObject","inLanguage":"fr-FR","@id":"https:\/\/www.webdo.tn\/fr\/actualite\/national\/municipales-lisie-prete-a-enclencher-le-scrutin-en-90-jours\/396991\/#primaryimage","url":"https:\/\/www.webdo.tn\/fr\/wp-content\/uploads\/2026\/04\/Les-elections-en-Tunisie.jpg","contentUrl":"https:\/\/www.webdo.tn\/fr\/wp-content\/uploads\/2026\/04\/Les-elections-en-Tunisie.jpg","width":1200,"height":602,"caption":"Municipales : L\u2019ISIE pr\u00eate \u00e0 enclencher le scrutin en 90 jours"},{"@type":"BreadcrumbList","@id":"https:\/\/www.webdo.tn\/fr\/actualite\/national\/municipales-lisie-prete-a-enclencher-le-scrutin-en-90-jours\/396991\/#breadcrumb","itemListElement":[{"@type":"ListItem","position":1,"name":"Accueil","item":"https:\/\/www.webdo.tn\/fr\/"},{"@type":"ListItem","position":2,"name":"Municipales : L\u2019ISIE pr\u00eate \u00e0 enclencher le scrutin en 90 jours"}]},{"@type":"WebSite","@id":"https:\/\/www.webdo.tn\/fr\/#website","url":"https:\/\/www.webdo.tn\/fr\/","name":"webdo","description":"Tunisie - News en Tunisie et \u00e0 l&#039;international sur Webdo.tn","publisher":{"@id":"https:\/\/www.webdo.tn\/fr\/#organization"},"potentialAction":[{"@type":"SearchAction","target":{"@type":"EntryPoint","urlTemplate":"https:\/\/www.webdo.tn\/fr\/?s={search_term_string}"},"query-input":{"@type":"PropertyValueSpecification","valueRequired":true,"valueName":"search_term_string"}}],"inLanguage":"fr-FR"},{"@type":"Organization","@id":"https:\/\/www.webdo.tn\/fr\/#organization","name":"Webdo","alternateName":"Webdo.tn","url":"https:\/\/www.webdo.tn\/fr\/","logo":{"@type":"ImageObject","inLanguage":"fr-FR","@id":"https:\/\/www.webdo.tn\/fr\/#\/schema\/logo\/image\/","url":"https:\/\/www.webdo.tn\/fr\/wp-content\/uploads\/2025\/06\/Webdo-Tunisie_168377.jpg","contentUrl":"https:\/\/www.webdo.tn\/fr\/wp-content\/uploads\/2025\/06\/Webdo-Tunisie_168377.jpg","width":301,"height":301,"caption":"Webdo"},"image":{"@id":"https:\/\/www.webdo.tn\/fr\/#\/schema\/logo\/image\/"},"sameAs":["https:\/\/www.facebook.com\/webdotn","https:\/\/x.com\/webdo_tn"],"description":"Webdo est un m\u00e9dia num\u00e9rique tunisien fond\u00e9 en 2010, sp\u00e9cialis\u00e9 dans l\u2019actualit\u00e9 nationale et internationale, l\u2019\u00e9conomie, la soci\u00e9t\u00e9 et les analyses politiques. Le site s\u2019adresse \u00e0 un large public francophone et couvre l\u2019information tunisienne en temps r\u00e9el.","email":"redac@webdo.tn","legalName":"YNJ SARL","foundingDate":"2010-09-06","numberOfEmployees":{"@type":"QuantitativeValue","minValue":"11","maxValue":"50"}},{"@type":"Person","@id":"https:\/\/www.webdo.tn\/fr\/#\/schema\/person\/16a4857e77dfc0b610c4c2cadffc9ac4","name":"Mohamed Fethi","image":{"@type":"ImageObject","inLanguage":"fr-FR","@id":"https:\/\/www.webdo.tn\/fr\/wp-content\/uploads\/2026\/04\/mohamed-fethi_avatar_1-96x96.jpg","url":"https:\/\/www.webdo.tn\/fr\/wp-content\/uploads\/2026\/04\/mohamed-fethi_avatar_1-96x96.jpg","contentUrl":"https:\/\/www.webdo.tn\/fr\/wp-content\/uploads\/2026\/04\/mohamed-fethi_avatar_1-96x96.jpg","caption":"Mohamed Fethi"},"description":"Signature \u00e9ditoriale de Maher Chaabane Mohamed Fethi est le pseudonyme \u00e9ditorial de Maher Chaabane, r\u00e9dacteur en chef de Webdo.tn depuis 2012. Cette signature est d\u00e9di\u00e9e au traitement intensif de l'actualit\u00e9 nationale et internationale en temps r\u00e9el. S'appuyant sur les deux d\u00e9cennies d'expertise journalistique de Maher Chaabane \u2014 d\u00e9but\u00e9e au sein du groupe Tunis Hebdo en 2000 \u2014 Mohamed Fethi assure une veille rigoureuse sur les enjeux politiques, \u00e9conomiques et sportifs. Sa mission est de garantir une information structur\u00e9e, fluide et fid\u00e8le aux standards de la r\u00e9daction. Pour consulter le parcours complet du r\u00e9dacteur en chef, visitez le profil officiel de Maher Chaabane.","knowsAbout":["actualit\u00e9","journalisme","information","politique","sport","m\u00e9dias","actualit\u00e9 internationale"],"knowsLanguage":["Fran\u00e7ais","Arabe"],"jobTitle":"Journaliste \u2013 R\u00e9daction Webdo","worksFor":"Webdo.tn","url":"https:\/\/www.webdo.tn\/fr\/actualite\/author\/mohamed-fethi\/"}]}},"_links":{"self":[{"href":"https:\/\/www.webdo.tn\/fr\/wp-json\/wp\/v2\/posts\/396991","targetHints":{"allow":["GET"]}}],"collection":[{"href":"https:\/\/www.webdo.tn\/fr\/wp-json\/wp\/v2\/posts"}],"about":[{"href":"https:\/\/www.webdo.tn\/fr\/wp-json\/wp\/v2\/types\/post"}],"author":[{"embeddable":true,"href":"https:\/\/www.webdo.tn\/fr\/wp-json\/wp\/v2\/users\/4782"}],"replies":[{"embeddable":true,"href":"https:\/\/www.webdo.tn\/fr\/wp-json\/wp\/v2\/comments?post=396991"}],"version-history":[{"count":1,"href":"https:\/\/www.webdo.tn\/fr\/wp-json\/wp\/v2\/posts\/396991\/revisions"}],"predecessor-version":[{"id":396993,"href":"https:\/\/www.webdo.tn\/fr\/wp-json\/wp\/v2\/posts\/396991\/revisions\/396993"}],"wp:featuredmedia":[{"embeddable":true,"href":"https:\/\/www.webdo.tn\/fr\/wp-json\/wp\/v2\/media\/396992"}],"wp:attachment":[{"href":"https:\/\/www.webdo.tn\/fr\/wp-json\/wp\/v2\/media?parent=396991"}],"wp:term":[{"taxonomy":"category","embeddable":true,"href":"https:\/\/www.webdo.tn\/fr\/wp-json\/wp\/v2\/categories?post=396991"},{"taxonomy":"post_tag","embeddable":true,"href":"https:\/\/www.webdo.tn\/fr\/wp-json\/wp\/v2\/tags?post=396991"}],"curies":[{"name":"wp","href":"https:\/\/api.w.org\/{rel}","templated":true}]}}