{"id":396989,"date":"2026-04-28T18:23:11","date_gmt":"2026-04-28T17:23:11","guid":{"rendered":"https:\/\/www.webdo.tn\/fr\/?p=396989"},"modified":"2026-04-28T18:23:13","modified_gmt":"2026-04-28T17:23:13","slug":"affaire-zeghidi-bsaies-nouveau-report-et-maintien-en-detention","status":"publish","type":"post","link":"https:\/\/www.webdo.tn\/fr\/actualite\/national\/affaire-zeghidi-bsaies-nouveau-report-et-maintien-en-detention\/396989\/","title":{"rendered":"Affaire Zeghidi\u2013Bsaies : Nouveau report et maintien en d\u00e9tention"},"content":{"rendered":"\n<p><strong>La chambre criminelle pr\u00e8s la cour d\u2019appel a d\u00e9cid\u00e9 de reporter \u00e0 nouveau l\u2019examen de l\u2019affaire impliquant les journalistes Mourad Zeghidi et Borhene Bsaies. L\u2019audience est d\u00e9sormais fix\u00e9e au 12 mai, \u00e0 la demande de la d\u00e9fense. En parall\u00e8le, les requ\u00eates de remise en libert\u00e9 ont \u00e9t\u00e9 rejet\u00e9es, prolongeant leur maintien en d\u00e9tention.<\/strong><\/p>\n\n\n\n<h2 class=\"wp-block-heading\" id=\"h-un-calendrier-judiciaire-prolonge\">Un calendrier judiciaire prolong\u00e9<\/h2>\n\n\n\n<p>La d\u00e9cision de renvoi intervient dans la continuit\u00e9 d\u2019une proc\u00e9dure d\u00e9j\u00e0 marqu\u00e9e par plusieurs reports. Le 14 avril, la juridiction avait d\u00e9j\u00e0 ajourn\u00e9 l\u2019examen du dossier \u00e0 la date du 28 avril, tout en rejetant une premi\u00e8re demande de lib\u00e9ration.<\/p>\n\n\n\n<p>Ce nouveau d\u00e9lai, sollicit\u00e9 par les avocats de la d\u00e9fense, repousse l\u2019audience au 12 mai, laissant le dossier en suspens pour deux semaines suppl\u00e9mentaires.<\/p>\n\n\n\n<h2 class=\"wp-block-heading\" id=\"h-maintien-en-detention-confirme\">Maintien en d\u00e9tention confirm\u00e9<\/h2>\n\n\n\n<p>Selon une source judiciaire, les demandes de mise en libert\u00e9 introduites en faveur des deux accus\u00e9s ont \u00e9t\u00e9 rejet\u00e9es. Une d\u00e9cision qui confirme la position de la cour d\u2019appel, d\u00e9j\u00e0 exprim\u00e9e lors des pr\u00e9c\u00e9dentes audiences.<\/p>\n\n\n\n<p>Ce maintien en d\u00e9tention s\u2019inscrit dans le cadre d\u2019une affaire \u00e0 caract\u00e8re \u00e9conomique et financier, pour laquelle la justice continue d\u2019instruire les diff\u00e9rents \u00e9l\u00e9ments.<\/p>\n\n\n\n<h2 class=\"wp-block-heading\" id=\"h-condamnation-en-premiere-instance\">Condamnation en premi\u00e8re instance<\/h2>\n\n\n\n<p>Pour rappel, la chambre criminelle pr\u00e8s le tribunal de premi\u00e8re instance de Tunis avait condamn\u00e9, le 22 janvier dernier, Mourad Zeghidi et Borhene Bsaies \u00e0 trois ans et demi de prison chacun.<\/p>\n\n\n\n<p>Les faits retenus contre eux sont juridiquement qualifi\u00e9s d\u2019infractions p\u00e9nales \u00e0 caract\u00e8re \u00e9conomique et financier. L\u2019examen en appel devra d\u00e9sormais trancher sur la confirmation, la r\u00e9vision ou l\u2019annulation de cette condamnation.<\/p>\n\n\n\n<p><\/p>\n\n\n\n<blockquote class=\"wp-block-quote is-layout-flow wp-block-quote-is-layout-flow\">\n<ul class=\"wp-block-list\">\n<li class=\"has-medium-font-size\"><strong>Lire aussi :<\/strong> <a href=\"https:\/\/www.webdo.tn\/fr\/actualite\/national\/tunisie-borhan-bsaies-et-mourad-zeghidi-condamnes-a-trois-ans-et-demi-de-prison\/391873\/\">Tunisie : Borhan Bsaies et Mourad Zeghidi condamn\u00e9s \u00e0 trois ans et demi de prison<\/a><\/li>\n<\/ul>\n<\/blockquote>\n","protected":false},"excerpt":{"rendered":"<p>La chambre criminelle pr\u00e8s la cour d\u2019appel a d\u00e9cid\u00e9 de reporter \u00e0 nouveau l\u2019examen de l\u2019affaire impliquant les journalistes Mourad Zeghidi et Borhene Bsaies. L\u2019audience est d\u00e9sormais fix\u00e9e au 12 mai, \u00e0 la demande de la d\u00e9fense. En parall\u00e8le, les requ\u00eates de remise en libert\u00e9 ont \u00e9t\u00e9 rejet\u00e9es, prolongeant leur maintien en d\u00e9tention. Un calendrier [&hellip;]<\/p>\n","protected":false},"author":4782,"featured_media":387927,"comment_status":"closed","ping_status":"closed","sticky":false,"template":"","format":"standard","meta":{"footnotes":""},"categories":[13163,44],"tags":[6432,2619,4868,2608],"class_list":["post-396989","post","type-post","status-publish","format-standard","has-post-thumbnail","hentry","category-epingle","category-national","tag-borhen-bsaies","tag-justice","tag-mourad-zeghidi","tag-tunisie"],"yoast_head":"<!-- This site is optimized with the Yoast SEO Premium plugin v27.4 (Yoast SEO v27.5) - https:\/\/yoast.com\/product\/yoast-seo-premium-wordpress\/ -->\n<title>Affaire Zeghidi\u2013Bsaies : Nouveau report et maintien en d\u00e9tention - webdo<\/title>\n<meta name=\"description\" content=\"Retrouvez les derni\u00e8res nouvelles sur l&#039;affaire Zeghidi\u2013Bsaies, avec un report de l&#039;audience au 12 mai et une d\u00e9tention prolong\u00e9e.\" \/>\n<link rel=\"canonical\" href=\"https:\/\/www.webdo.tn\/fr\/actualite\/national\/affaire-zeghidi-bsaies-nouveau-report-et-maintien-en-detention\/396989\/\" \/>\n<meta property=\"og:locale\" content=\"fr_FR\" \/>\n<meta property=\"og:type\" content=\"article\" \/>\n<meta property=\"og:title\" content=\"Affaire Zeghidi\u2013Bsaies : Nouveau report et maintien en d\u00e9tention\" \/>\n<meta property=\"og:description\" content=\"Retrouvez les derni\u00e8res nouvelles sur l&#039;affaire Zeghidi\u2013Bsaies, avec un report de l&#039;audience au 12 mai et une d\u00e9tention prolong\u00e9e.\" \/>\n<meta property=\"og:url\" content=\"https:\/\/www.webdo.tn\/fr\/actualite\/national\/affaire-zeghidi-bsaies-nouveau-report-et-maintien-en-detention\/396989\/\" \/>\n<meta property=\"og:site_name\" content=\"webdo\" \/>\n<meta property=\"article:publisher\" content=\"https:\/\/www.facebook.com\/webdotn\" \/>\n<meta property=\"article:published_time\" content=\"2026-04-28T17:23:11+00:00\" \/>\n<meta property=\"article:modified_time\" content=\"2026-04-28T17:23:13+00:00\" \/>\n<meta property=\"og:image\" content=\"https:\/\/www.webdo.tn\/fr\/wp-content\/uploads\/2025\/11\/Bsaies-Zeghidi.jpg\" \/>\n\t<meta property=\"og:image:width\" content=\"1259\" \/>\n\t<meta property=\"og:image:height\" content=\"600\" \/>\n\t<meta property=\"og:image:type\" content=\"image\/jpeg\" \/>\n<meta name=\"author\" content=\"Mohamed Fethi\" \/>\n<meta name=\"twitter:card\" content=\"summary_large_image\" \/>\n<meta name=\"twitter:creator\" content=\"@webdo_tn\" \/>\n<meta name=\"twitter:site\" content=\"@webdo_tn\" \/>\n<meta name=\"twitter:label1\" content=\"\u00c9crit par\" \/>\n\t<meta name=\"twitter:data1\" content=\"Mohamed Fethi\" \/>\n\t<meta name=\"twitter:label2\" content=\"Dur\u00e9e de lecture estim\u00e9e\" \/>\n\t<meta name=\"twitter:data2\" content=\"2 minutes\" \/>\n<script type=\"application\/ld+json\" class=\"yoast-schema-graph\">{\"@context\":\"https:\\\/\\\/schema.org\",\"@graph\":[{\"@type\":\"NewsArticle\",\"@id\":\"https:\\\/\\\/www.webdo.tn\\\/fr\\\/actualite\\\/national\\\/affaire-zeghidi-bsaies-nouveau-report-et-maintien-en-detention\\\/396989\\\/#article\",\"isPartOf\":{\"@id\":\"https:\\\/\\\/www.webdo.tn\\\/fr\\\/actualite\\\/national\\\/affaire-zeghidi-bsaies-nouveau-report-et-maintien-en-detention\\\/396989\\\/\"},\"author\":{\"name\":\"Mohamed Fethi\",\"@id\":\"https:\\\/\\\/www.webdo.tn\\\/fr\\\/#\\\/schema\\\/person\\\/16a4857e77dfc0b610c4c2cadffc9ac4\"},\"headline\":\"Affaire Zeghidi\u2013Bsaies : Nouveau report et maintien en d\u00e9tention\",\"datePublished\":\"2026-04-28T17:23:11+00:00\",\"dateModified\":\"2026-04-28T17:23:13+00:00\",\"mainEntityOfPage\":{\"@id\":\"https:\\\/\\\/www.webdo.tn\\\/fr\\\/actualite\\\/national\\\/affaire-zeghidi-bsaies-nouveau-report-et-maintien-en-detention\\\/396989\\\/\"},\"wordCount\":319,\"publisher\":{\"@id\":\"https:\\\/\\\/www.webdo.tn\\\/fr\\\/#organization\"},\"image\":{\"@id\":\"https:\\\/\\\/www.webdo.tn\\\/fr\\\/actualite\\\/national\\\/affaire-zeghidi-bsaies-nouveau-report-et-maintien-en-detention\\\/396989\\\/#primaryimage\"},\"thumbnailUrl\":\"https:\\\/\\\/www.webdo.tn\\\/fr\\\/wp-content\\\/uploads\\\/2025\\\/11\\\/Bsaies-Zeghidi.jpg\",\"keywords\":[\"Borhen Bsaies\",\"justice\",\"Mourad Zeghidi\",\"Tunisie\"],\"articleSection\":[\"\u00c9pingle\",\"National\"],\"inLanguage\":\"fr-FR\"},{\"@type\":\"WebPage\",\"@id\":\"https:\\\/\\\/www.webdo.tn\\\/fr\\\/actualite\\\/national\\\/affaire-zeghidi-bsaies-nouveau-report-et-maintien-en-detention\\\/396989\\\/\",\"url\":\"https:\\\/\\\/www.webdo.tn\\\/fr\\\/actualite\\\/national\\\/affaire-zeghidi-bsaies-nouveau-report-et-maintien-en-detention\\\/396989\\\/\",\"name\":\"Affaire Zeghidi\u2013Bsaies : Nouveau report et maintien en d\u00e9tention - webdo\",\"isPartOf\":{\"@id\":\"https:\\\/\\\/www.webdo.tn\\\/fr\\\/#website\"},\"primaryImageOfPage\":{\"@id\":\"https:\\\/\\\/www.webdo.tn\\\/fr\\\/actualite\\\/national\\\/affaire-zeghidi-bsaies-nouveau-report-et-maintien-en-detention\\\/396989\\\/#primaryimage\"},\"image\":{\"@id\":\"https:\\\/\\\/www.webdo.tn\\\/fr\\\/actualite\\\/national\\\/affaire-zeghidi-bsaies-nouveau-report-et-maintien-en-detention\\\/396989\\\/#primaryimage\"},\"thumbnailUrl\":\"https:\\\/\\\/www.webdo.tn\\\/fr\\\/wp-content\\\/uploads\\\/2025\\\/11\\\/Bsaies-Zeghidi.jpg\",\"datePublished\":\"2026-04-28T17:23:11+00:00\",\"dateModified\":\"2026-04-28T17:23:13+00:00\",\"description\":\"Retrouvez les derni\u00e8res nouvelles sur l'affaire Zeghidi\u2013Bsaies, avec un report de l'audience au 12 mai et une d\u00e9tention prolong\u00e9e.\",\"breadcrumb\":{\"@id\":\"https:\\\/\\\/www.webdo.tn\\\/fr\\\/actualite\\\/national\\\/affaire-zeghidi-bsaies-nouveau-report-et-maintien-en-detention\\\/396989\\\/#breadcrumb\"},\"inLanguage\":\"fr-FR\",\"potentialAction\":[{\"@type\":\"ReadAction\",\"target\":[\"https:\\\/\\\/www.webdo.tn\\\/fr\\\/actualite\\\/national\\\/affaire-zeghidi-bsaies-nouveau-report-et-maintien-en-detention\\\/396989\\\/\"]}]},{\"@type\":\"ImageObject\",\"inLanguage\":\"fr-FR\",\"@id\":\"https:\\\/\\\/www.webdo.tn\\\/fr\\\/actualite\\\/national\\\/affaire-zeghidi-bsaies-nouveau-report-et-maintien-en-detention\\\/396989\\\/#primaryimage\",\"url\":\"https:\\\/\\\/www.webdo.tn\\\/fr\\\/wp-content\\\/uploads\\\/2025\\\/11\\\/Bsaies-Zeghidi.jpg\",\"contentUrl\":\"https:\\\/\\\/www.webdo.tn\\\/fr\\\/wp-content\\\/uploads\\\/2025\\\/11\\\/Bsaies-Zeghidi.jpg\",\"width\":1259,\"height\":600,\"caption\":\"Affaire Zeghidi\u2013Bsaies : Nouveau report et maintien en d\u00e9tention\"},{\"@type\":\"BreadcrumbList\",\"@id\":\"https:\\\/\\\/www.webdo.tn\\\/fr\\\/actualite\\\/national\\\/affaire-zeghidi-bsaies-nouveau-report-et-maintien-en-detention\\\/396989\\\/#breadcrumb\",\"itemListElement\":[{\"@type\":\"ListItem\",\"position\":1,\"name\":\"Accueil\",\"item\":\"https:\\\/\\\/www.webdo.tn\\\/fr\\\/\"},{\"@type\":\"ListItem\",\"position\":2,\"name\":\"Affaire Zeghidi\u2013Bsaies : Nouveau report et maintien en d\u00e9tention\"}]},{\"@type\":\"WebSite\",\"@id\":\"https:\\\/\\\/www.webdo.tn\\\/fr\\\/#website\",\"url\":\"https:\\\/\\\/www.webdo.tn\\\/fr\\\/\",\"name\":\"webdo\",\"description\":\"Tunisie - News en Tunisie et \u00e0 l&#039;international sur Webdo.tn\",\"publisher\":{\"@id\":\"https:\\\/\\\/www.webdo.tn\\\/fr\\\/#organization\"},\"potentialAction\":[{\"@type\":\"SearchAction\",\"target\":{\"@type\":\"EntryPoint\",\"urlTemplate\":\"https:\\\/\\\/www.webdo.tn\\\/fr\\\/?s={search_term_string}\"},\"query-input\":{\"@type\":\"PropertyValueSpecification\",\"valueRequired\":true,\"valueName\":\"search_term_string\"}}],\"inLanguage\":\"fr-FR\"},{\"@type\":\"Organization\",\"@id\":\"https:\\\/\\\/www.webdo.tn\\\/fr\\\/#organization\",\"name\":\"Webdo\",\"alternateName\":\"Webdo.tn\",\"url\":\"https:\\\/\\\/www.webdo.tn\\\/fr\\\/\",\"logo\":{\"@type\":\"ImageObject\",\"inLanguage\":\"fr-FR\",\"@id\":\"https:\\\/\\\/www.webdo.tn\\\/fr\\\/#\\\/schema\\\/logo\\\/image\\\/\",\"url\":\"https:\\\/\\\/www.webdo.tn\\\/fr\\\/wp-content\\\/uploads\\\/2025\\\/06\\\/Webdo-Tunisie_168377.jpg\",\"contentUrl\":\"https:\\\/\\\/www.webdo.tn\\\/fr\\\/wp-content\\\/uploads\\\/2025\\\/06\\\/Webdo-Tunisie_168377.jpg\",\"width\":301,\"height\":301,\"caption\":\"Webdo\"},\"image\":{\"@id\":\"https:\\\/\\\/www.webdo.tn\\\/fr\\\/#\\\/schema\\\/logo\\\/image\\\/\"},\"sameAs\":[\"https:\\\/\\\/www.facebook.com\\\/webdotn\",\"https:\\\/\\\/x.com\\\/webdo_tn\"],\"description\":\"Webdo est un m\u00e9dia num\u00e9rique tunisien fond\u00e9 en 2010, sp\u00e9cialis\u00e9 dans l\u2019actualit\u00e9 nationale et internationale, l\u2019\u00e9conomie, la soci\u00e9t\u00e9 et les analyses politiques. Le site s\u2019adresse \u00e0 un large public francophone et couvre l\u2019information tunisienne en temps r\u00e9el.\",\"email\":\"redac@webdo.tn\",\"legalName\":\"YNJ SARL\",\"foundingDate\":\"2010-09-06\",\"numberOfEmployees\":{\"@type\":\"QuantitativeValue\",\"minValue\":\"11\",\"maxValue\":\"50\"}},{\"@type\":\"Person\",\"@id\":\"https:\\\/\\\/www.webdo.tn\\\/fr\\\/#\\\/schema\\\/person\\\/16a4857e77dfc0b610c4c2cadffc9ac4\",\"name\":\"Mohamed Fethi\",\"image\":{\"@type\":\"ImageObject\",\"inLanguage\":\"fr-FR\",\"@id\":\"https:\\\/\\\/www.webdo.tn\\\/fr\\\/wp-content\\\/uploads\\\/2026\\\/04\\\/mohamed-fethi_avatar_1-96x96.jpg\",\"url\":\"https:\\\/\\\/www.webdo.tn\\\/fr\\\/wp-content\\\/uploads\\\/2026\\\/04\\\/mohamed-fethi_avatar_1-96x96.jpg\",\"contentUrl\":\"https:\\\/\\\/www.webdo.tn\\\/fr\\\/wp-content\\\/uploads\\\/2026\\\/04\\\/mohamed-fethi_avatar_1-96x96.jpg\",\"caption\":\"Mohamed Fethi\"},\"description\":\"Signature \u00e9ditoriale de Maher Chaabane Mohamed Fethi est le pseudonyme \u00e9ditorial de Maher Chaabane, r\u00e9dacteur en chef de Webdo.tn depuis 2012. Cette signature est d\u00e9di\u00e9e au traitement intensif de l'actualit\u00e9 nationale et internationale en temps r\u00e9el. S'appuyant sur les deux d\u00e9cennies d'expertise journalistique de Maher Chaabane \u2014 d\u00e9but\u00e9e au sein du groupe Tunis Hebdo en 2000 \u2014 Mohamed Fethi assure une veille rigoureuse sur les enjeux politiques, \u00e9conomiques et sportifs. Sa mission est de garantir une information structur\u00e9e, fluide et fid\u00e8le aux standards de la r\u00e9daction. Pour consulter le parcours complet du r\u00e9dacteur en chef, visitez le profil officiel de Maher Chaabane.\",\"knowsAbout\":[\"actualit\u00e9\",\"journalisme\",\"information\",\"politique\",\"sport\",\"m\u00e9dias\",\"actualit\u00e9 internationale\"],\"knowsLanguage\":[\"Fran\u00e7ais\",\"Arabe\"],\"jobTitle\":\"Journaliste \u2013 R\u00e9daction Webdo\",\"worksFor\":\"Webdo.tn\",\"url\":\"https:\\\/\\\/www.webdo.tn\\\/fr\\\/actualite\\\/author\\\/mohamed-fethi\\\/\"}]}<\/script>\n<!-- \/ Yoast SEO Premium plugin. -->","yoast_head_json":{"title":"Affaire Zeghidi\u2013Bsaies : Nouveau report et maintien en d\u00e9tention - webdo","description":"Retrouvez les derni\u00e8res nouvelles sur l'affaire Zeghidi\u2013Bsaies, avec un report de l'audience au 12 mai et une d\u00e9tention prolong\u00e9e.","canonical":"https:\/\/www.webdo.tn\/fr\/actualite\/national\/affaire-zeghidi-bsaies-nouveau-report-et-maintien-en-detention\/396989\/","og_locale":"fr_FR","og_type":"article","og_title":"Affaire Zeghidi\u2013Bsaies : Nouveau report et maintien en d\u00e9tention","og_description":"Retrouvez les derni\u00e8res nouvelles sur l'affaire Zeghidi\u2013Bsaies, avec un report de l'audience au 12 mai et une d\u00e9tention prolong\u00e9e.","og_url":"https:\/\/www.webdo.tn\/fr\/actualite\/national\/affaire-zeghidi-bsaies-nouveau-report-et-maintien-en-detention\/396989\/","og_site_name":"webdo","article_publisher":"https:\/\/www.facebook.com\/webdotn","article_published_time":"2026-04-28T17:23:11+00:00","article_modified_time":"2026-04-28T17:23:13+00:00","og_image":[{"width":1259,"height":600,"url":"https:\/\/www.webdo.tn\/fr\/wp-content\/uploads\/2025\/11\/Bsaies-Zeghidi.jpg","type":"image\/jpeg"}],"author":"Mohamed Fethi","twitter_card":"summary_large_image","twitter_creator":"@webdo_tn","twitter_site":"@webdo_tn","twitter_misc":{"\u00c9crit par":"Mohamed Fethi","Dur\u00e9e de lecture estim\u00e9e":"2 minutes"},"schema":{"@context":"https:\/\/schema.org","@graph":[{"@type":"NewsArticle","@id":"https:\/\/www.webdo.tn\/fr\/actualite\/national\/affaire-zeghidi-bsaies-nouveau-report-et-maintien-en-detention\/396989\/#article","isPartOf":{"@id":"https:\/\/www.webdo.tn\/fr\/actualite\/national\/affaire-zeghidi-bsaies-nouveau-report-et-maintien-en-detention\/396989\/"},"author":{"name":"Mohamed Fethi","@id":"https:\/\/www.webdo.tn\/fr\/#\/schema\/person\/16a4857e77dfc0b610c4c2cadffc9ac4"},"headline":"Affaire Zeghidi\u2013Bsaies : Nouveau report et maintien en d\u00e9tention","datePublished":"2026-04-28T17:23:11+00:00","dateModified":"2026-04-28T17:23:13+00:00","mainEntityOfPage":{"@id":"https:\/\/www.webdo.tn\/fr\/actualite\/national\/affaire-zeghidi-bsaies-nouveau-report-et-maintien-en-detention\/396989\/"},"wordCount":319,"publisher":{"@id":"https:\/\/www.webdo.tn\/fr\/#organization"},"image":{"@id":"https:\/\/www.webdo.tn\/fr\/actualite\/national\/affaire-zeghidi-bsaies-nouveau-report-et-maintien-en-detention\/396989\/#primaryimage"},"thumbnailUrl":"https:\/\/www.webdo.tn\/fr\/wp-content\/uploads\/2025\/11\/Bsaies-Zeghidi.jpg","keywords":["Borhen Bsaies","justice","Mourad Zeghidi","Tunisie"],"articleSection":["\u00c9pingle","National"],"inLanguage":"fr-FR"},{"@type":"WebPage","@id":"https:\/\/www.webdo.tn\/fr\/actualite\/national\/affaire-zeghidi-bsaies-nouveau-report-et-maintien-en-detention\/396989\/","url":"https:\/\/www.webdo.tn\/fr\/actualite\/national\/affaire-zeghidi-bsaies-nouveau-report-et-maintien-en-detention\/396989\/","name":"Affaire Zeghidi\u2013Bsaies : Nouveau report et maintien en d\u00e9tention - webdo","isPartOf":{"@id":"https:\/\/www.webdo.tn\/fr\/#website"},"primaryImageOfPage":{"@id":"https:\/\/www.webdo.tn\/fr\/actualite\/national\/affaire-zeghidi-bsaies-nouveau-report-et-maintien-en-detention\/396989\/#primaryimage"},"image":{"@id":"https:\/\/www.webdo.tn\/fr\/actualite\/national\/affaire-zeghidi-bsaies-nouveau-report-et-maintien-en-detention\/396989\/#primaryimage"},"thumbnailUrl":"https:\/\/www.webdo.tn\/fr\/wp-content\/uploads\/2025\/11\/Bsaies-Zeghidi.jpg","datePublished":"2026-04-28T17:23:11+00:00","dateModified":"2026-04-28T17:23:13+00:00","description":"Retrouvez les derni\u00e8res nouvelles sur l'affaire Zeghidi\u2013Bsaies, avec un report de l'audience au 12 mai et une d\u00e9tention prolong\u00e9e.","breadcrumb":{"@id":"https:\/\/www.webdo.tn\/fr\/actualite\/national\/affaire-zeghidi-bsaies-nouveau-report-et-maintien-en-detention\/396989\/#breadcrumb"},"inLanguage":"fr-FR","potentialAction":[{"@type":"ReadAction","target":["https:\/\/www.webdo.tn\/fr\/actualite\/national\/affaire-zeghidi-bsaies-nouveau-report-et-maintien-en-detention\/396989\/"]}]},{"@type":"ImageObject","inLanguage":"fr-FR","@id":"https:\/\/www.webdo.tn\/fr\/actualite\/national\/affaire-zeghidi-bsaies-nouveau-report-et-maintien-en-detention\/396989\/#primaryimage","url":"https:\/\/www.webdo.tn\/fr\/wp-content\/uploads\/2025\/11\/Bsaies-Zeghidi.jpg","contentUrl":"https:\/\/www.webdo.tn\/fr\/wp-content\/uploads\/2025\/11\/Bsaies-Zeghidi.jpg","width":1259,"height":600,"caption":"Affaire Zeghidi\u2013Bsaies : Nouveau report et maintien en d\u00e9tention"},{"@type":"BreadcrumbList","@id":"https:\/\/www.webdo.tn\/fr\/actualite\/national\/affaire-zeghidi-bsaies-nouveau-report-et-maintien-en-detention\/396989\/#breadcrumb","itemListElement":[{"@type":"ListItem","position":1,"name":"Accueil","item":"https:\/\/www.webdo.tn\/fr\/"},{"@type":"ListItem","position":2,"name":"Affaire Zeghidi\u2013Bsaies : Nouveau report et maintien en d\u00e9tention"}]},{"@type":"WebSite","@id":"https:\/\/www.webdo.tn\/fr\/#website","url":"https:\/\/www.webdo.tn\/fr\/","name":"webdo","description":"Tunisie - News en Tunisie et \u00e0 l&#039;international sur Webdo.tn","publisher":{"@id":"https:\/\/www.webdo.tn\/fr\/#organization"},"potentialAction":[{"@type":"SearchAction","target":{"@type":"EntryPoint","urlTemplate":"https:\/\/www.webdo.tn\/fr\/?s={search_term_string}"},"query-input":{"@type":"PropertyValueSpecification","valueRequired":true,"valueName":"search_term_string"}}],"inLanguage":"fr-FR"},{"@type":"Organization","@id":"https:\/\/www.webdo.tn\/fr\/#organization","name":"Webdo","alternateName":"Webdo.tn","url":"https:\/\/www.webdo.tn\/fr\/","logo":{"@type":"ImageObject","inLanguage":"fr-FR","@id":"https:\/\/www.webdo.tn\/fr\/#\/schema\/logo\/image\/","url":"https:\/\/www.webdo.tn\/fr\/wp-content\/uploads\/2025\/06\/Webdo-Tunisie_168377.jpg","contentUrl":"https:\/\/www.webdo.tn\/fr\/wp-content\/uploads\/2025\/06\/Webdo-Tunisie_168377.jpg","width":301,"height":301,"caption":"Webdo"},"image":{"@id":"https:\/\/www.webdo.tn\/fr\/#\/schema\/logo\/image\/"},"sameAs":["https:\/\/www.facebook.com\/webdotn","https:\/\/x.com\/webdo_tn"],"description":"Webdo est un m\u00e9dia num\u00e9rique tunisien fond\u00e9 en 2010, sp\u00e9cialis\u00e9 dans l\u2019actualit\u00e9 nationale et internationale, l\u2019\u00e9conomie, la soci\u00e9t\u00e9 et les analyses politiques. Le site s\u2019adresse \u00e0 un large public francophone et couvre l\u2019information tunisienne en temps r\u00e9el.","email":"redac@webdo.tn","legalName":"YNJ SARL","foundingDate":"2010-09-06","numberOfEmployees":{"@type":"QuantitativeValue","minValue":"11","maxValue":"50"}},{"@type":"Person","@id":"https:\/\/www.webdo.tn\/fr\/#\/schema\/person\/16a4857e77dfc0b610c4c2cadffc9ac4","name":"Mohamed Fethi","image":{"@type":"ImageObject","inLanguage":"fr-FR","@id":"https:\/\/www.webdo.tn\/fr\/wp-content\/uploads\/2026\/04\/mohamed-fethi_avatar_1-96x96.jpg","url":"https:\/\/www.webdo.tn\/fr\/wp-content\/uploads\/2026\/04\/mohamed-fethi_avatar_1-96x96.jpg","contentUrl":"https:\/\/www.webdo.tn\/fr\/wp-content\/uploads\/2026\/04\/mohamed-fethi_avatar_1-96x96.jpg","caption":"Mohamed Fethi"},"description":"Signature \u00e9ditoriale de Maher Chaabane Mohamed Fethi est le pseudonyme \u00e9ditorial de Maher Chaabane, r\u00e9dacteur en chef de Webdo.tn depuis 2012. Cette signature est d\u00e9di\u00e9e au traitement intensif de l'actualit\u00e9 nationale et internationale en temps r\u00e9el. S'appuyant sur les deux d\u00e9cennies d'expertise journalistique de Maher Chaabane \u2014 d\u00e9but\u00e9e au sein du groupe Tunis Hebdo en 2000 \u2014 Mohamed Fethi assure une veille rigoureuse sur les enjeux politiques, \u00e9conomiques et sportifs. Sa mission est de garantir une information structur\u00e9e, fluide et fid\u00e8le aux standards de la r\u00e9daction. Pour consulter le parcours complet du r\u00e9dacteur en chef, visitez le profil officiel de Maher Chaabane.","knowsAbout":["actualit\u00e9","journalisme","information","politique","sport","m\u00e9dias","actualit\u00e9 internationale"],"knowsLanguage":["Fran\u00e7ais","Arabe"],"jobTitle":"Journaliste \u2013 R\u00e9daction Webdo","worksFor":"Webdo.tn","url":"https:\/\/www.webdo.tn\/fr\/actualite\/author\/mohamed-fethi\/"}]}},"_links":{"self":[{"href":"https:\/\/www.webdo.tn\/fr\/wp-json\/wp\/v2\/posts\/396989","targetHints":{"allow":["GET"]}}],"collection":[{"href":"https:\/\/www.webdo.tn\/fr\/wp-json\/wp\/v2\/posts"}],"about":[{"href":"https:\/\/www.webdo.tn\/fr\/wp-json\/wp\/v2\/types\/post"}],"author":[{"embeddable":true,"href":"https:\/\/www.webdo.tn\/fr\/wp-json\/wp\/v2\/users\/4782"}],"replies":[{"embeddable":true,"href":"https:\/\/www.webdo.tn\/fr\/wp-json\/wp\/v2\/comments?post=396989"}],"version-history":[{"count":1,"href":"https:\/\/www.webdo.tn\/fr\/wp-json\/wp\/v2\/posts\/396989\/revisions"}],"predecessor-version":[{"id":396990,"href":"https:\/\/www.webdo.tn\/fr\/wp-json\/wp\/v2\/posts\/396989\/revisions\/396990"}],"wp:featuredmedia":[{"embeddable":true,"href":"https:\/\/www.webdo.tn\/fr\/wp-json\/wp\/v2\/media\/387927"}],"wp:attachment":[{"href":"https:\/\/www.webdo.tn\/fr\/wp-json\/wp\/v2\/media?parent=396989"}],"wp:term":[{"taxonomy":"category","embeddable":true,"href":"https:\/\/www.webdo.tn\/fr\/wp-json\/wp\/v2\/categories?post=396989"},{"taxonomy":"post_tag","embeddable":true,"href":"https:\/\/www.webdo.tn\/fr\/wp-json\/wp\/v2\/tags?post=396989"}],"curies":[{"name":"wp","href":"https:\/\/api.w.org\/{rel}","templated":true}]}}