{"id":396987,"date":"2026-04-28T15:03:54","date_gmt":"2026-04-28T14:03:54","guid":{"rendered":"https:\/\/www.webdo.tn\/fr\/?p=396987"},"modified":"2026-04-28T15:03:54","modified_gmt":"2026-04-28T14:03:54","slug":"tunisie-faut-il-anticiper-des-changements-pour-voyager-cet-ete","status":"publish","type":"post","link":"https:\/\/www.webdo.tn\/fr\/actualite\/national\/tunisie-faut-il-anticiper-des-changements-pour-voyager-cet-ete\/396987\/","title":{"rendered":"Tunisie : Faut-il anticiper des changements pour voyager cet \u00e9t\u00e9 ?"},"content":{"rendered":"\n<p><\/p>\n\n\n\n<p><strong>La question commence \u00e0 s\u2019imposer \u00e0 mesure que les signaux d\u2019alerte se multiplient dans le secteur a\u00e9rien. Le directeur g\u00e9n\u00e9ral de Association du transport a\u00e9rien international, Willie Walsh, a reconnu ce mardi que la crise du carburant a\u00e9rien li\u00e9e \u00e0 la guerre en Iran n\u2019a pas encore atteint l\u2019ampleur du choc provoqu\u00e9 par la pand\u00e9mie de Covid-19. <\/strong><\/p>\n\n\n\n<p>Mais il met en garde contre un sc\u00e9nario plus insidieux : une tension progressive sur l\u2019approvisionnement, susceptible de perturber le pic des voyages estivaux dans l\u2019h\u00e9misph\u00e8re nord.<\/p>\n\n\n\n<h2 class=\"wp-block-heading\" id=\"h-retour-massif-des-voyageurs\"> Retour massif des voyageurs<\/h2>\n\n\n\n<p>Le constat est paradoxal. La demande mondiale de transport a\u00e9rien reste soutenue, port\u00e9e par un retour massif des voyageurs apr\u00e8s plusieurs ann\u00e9es de restrictions. Pourtant, cette dynamique pourrait se heurter \u00e0 une contrainte bien plus mat\u00e9rielle : le carburant. En cas de p\u00e9nurie, les compagnies pourraient \u00eatre contraintes de rationner leurs op\u00e9rations, avec \u00e0 la cl\u00e9 des annulations de vols ou une r\u00e9duction des fr\u00e9quences.<\/p>\n\n\n\n<p>Selon Walsh, l\u2019Asie serait la premi\u00e8re r\u00e9gion touch\u00e9e, suivie de l\u2019Europe, avant que les r\u00e9percussions n\u2019atteignent l\u2019Afrique et l\u2019Am\u00e9rique latine. Une hi\u00e9rarchie qui place indirectement la Tunisie dans une zone d\u2019impact diff\u00e9r\u00e9, mais r\u00e9el. Car m\u00eame si le pays n\u2019est pas en premi\u00e8re ligne, il d\u00e9pend fortement des flux a\u00e9riens en provenance d\u2019Europe, notamment pour la saison touristique.<\/p>\n\n\n\n<p class=\"has-medium-font-size\"><strong>Lire aussi :<\/strong><a href=\"https:\/\/www.webdo.tn\/fr\/actualite\/international\/menace-sur-le-ciel-europeen-vers-des-vols-annules-faute-de-kerosene\/396406\/\"> Menace sur le ciel europ\u00e9en : Vers des vols annul\u00e9s faute de k\u00e9ros\u00e8ne ?<\/a><br><\/p>\n\n\n\n<p>Dans ce contexte, la question n\u2019est pas tant de savoir s\u2019il faut renoncer \u00e0 voyager, mais plut\u00f4t comment anticiper les incertitudes. Des perturbations en cha\u00eene dans les hubs europ\u00e9ens pourraient rapidement affecter les liaisons vers Tunis, Djerba ou Monastir. Retards, reprogrammations ou hausses des prix des billets pourraient devenir la norme si la pression sur le carburant s\u2019accentue.<\/p>\n\n\n\n<h2 class=\"wp-block-heading\" id=\"h-la-prudence-s-impose\">La prudence s\u2019impose <\/h2>\n\n\n\n<p>Pour les voyageurs tunisiens, comme pour les touristes \u00e9trangers, la prudence s\u2019impose sans pour autant c\u00e9der \u00e0 l\u2019alarmisme. \u00c0 ce stade, aucune vague massive d\u2019annulations n\u2019est signal\u00e9e. Mais le risque existe, et il repose sur un facteur g\u00e9opolitique difficile \u00e0 ma\u00eetriser.<\/p>\n\n\n\n<p>En filigrane, cette situation rappelle la fragilit\u00e9 d\u2019un secteur a\u00e9rien \u00e9troitement d\u00e9pendant des \u00e9quilibres internationaux. L\u2019\u00e9t\u00e9 2026 pourrait ainsi se jouer moins sur les envies d\u2019\u00e9vasion que sur la disponibilit\u00e9 du k\u00e9ros\u00e8ne. Une \u00e9quation qui invite, sinon \u00e0 renoncer, du moins \u00e0 planifier avec plus de vigilance.<\/p>\n\n\n\n<p><\/p>\n","protected":false},"excerpt":{"rendered":"<p>La question commence \u00e0 s\u2019imposer \u00e0 mesure que les signaux d\u2019alerte se multiplient dans le secteur a\u00e9rien. Le directeur g\u00e9n\u00e9ral de Association du transport a\u00e9rien international, Willie Walsh, a reconnu ce mardi que la crise du carburant a\u00e9rien li\u00e9e \u00e0 la guerre en Iran n\u2019a pas encore atteint l\u2019ampleur du choc provoqu\u00e9 par la pand\u00e9mie [&hellip;]<\/p>\n","protected":false},"author":3184,"featured_media":394365,"comment_status":"closed","ping_status":"closed","sticky":false,"template":"","format":"standard","meta":{"footnotes":""},"categories":[13163,44],"tags":[2608,4627],"class_list":["post-396987","post","type-post","status-publish","format-standard","has-post-thumbnail","hentry","category-epingle","category-national","tag-tunisie","tag-voyage"],"yoast_head":"<!-- This site is optimized with the Yoast SEO Premium plugin v27.4 (Yoast SEO v27.5) - https:\/\/yoast.com\/product\/yoast-seo-premium-wordpress\/ -->\n<title>Tunisie : Faut-il anticiper des changements pour voyager cet \u00e9t\u00e9 ? - webdo<\/title>\n<meta name=\"description\" content=\"D\u00e9couvrez les d\u00e9fis du transport a\u00e9rien avec la mont\u00e9e des alertes sur le carburant et la demande croissante de voyageurs.\" \/>\n<link rel=\"canonical\" href=\"https:\/\/www.webdo.tn\/fr\/actualite\/national\/tunisie-faut-il-anticiper-des-changements-pour-voyager-cet-ete\/396987\/\" \/>\n<meta property=\"og:locale\" content=\"fr_FR\" \/>\n<meta property=\"og:type\" content=\"article\" \/>\n<meta property=\"og:title\" content=\"Tunisie : Faut-il anticiper des changements pour voyager cet \u00e9t\u00e9 ?\" \/>\n<meta property=\"og:description\" content=\"D\u00e9couvrez les d\u00e9fis du transport a\u00e9rien avec la mont\u00e9e des alertes sur le carburant et la demande croissante de voyageurs.\" \/>\n<meta property=\"og:url\" content=\"https:\/\/www.webdo.tn\/fr\/actualite\/national\/tunisie-faut-il-anticiper-des-changements-pour-voyager-cet-ete\/396987\/\" \/>\n<meta property=\"og:site_name\" content=\"webdo\" \/>\n<meta property=\"article:publisher\" content=\"https:\/\/www.facebook.com\/webdotn\" \/>\n<meta property=\"article:published_time\" content=\"2026-04-28T14:03:54+00:00\" \/>\n<meta property=\"og:image\" content=\"https:\/\/www.webdo.tn\/fr\/wp-content\/uploads\/2026\/03\/avion.jpg\" \/>\n\t<meta property=\"og:image:width\" content=\"1200\" \/>\n\t<meta property=\"og:image:height\" content=\"603\" \/>\n\t<meta property=\"og:image:type\" content=\"image\/jpeg\" \/>\n<meta name=\"author\" content=\"Wided Belhaj\" \/>\n<meta name=\"twitter:card\" content=\"summary_large_image\" \/>\n<meta name=\"twitter:creator\" content=\"@webdo_tn\" \/>\n<meta name=\"twitter:site\" content=\"@webdo_tn\" \/>\n<meta name=\"twitter:label1\" content=\"\u00c9crit par\" \/>\n\t<meta name=\"twitter:data1\" content=\"Wided Belhaj\" \/>\n\t<meta name=\"twitter:label2\" content=\"Dur\u00e9e de lecture estim\u00e9e\" \/>\n\t<meta name=\"twitter:data2\" content=\"3 minutes\" \/>\n<script type=\"application\/ld+json\" class=\"yoast-schema-graph\">{\"@context\":\"https:\\\/\\\/schema.org\",\"@graph\":[{\"@type\":\"NewsArticle\",\"@id\":\"https:\\\/\\\/www.webdo.tn\\\/fr\\\/actualite\\\/national\\\/tunisie-faut-il-anticiper-des-changements-pour-voyager-cet-ete\\\/396987\\\/#article\",\"isPartOf\":{\"@id\":\"https:\\\/\\\/www.webdo.tn\\\/fr\\\/actualite\\\/national\\\/tunisie-faut-il-anticiper-des-changements-pour-voyager-cet-ete\\\/396987\\\/\"},\"author\":{\"name\":\"Wided Belhaj\",\"@id\":\"https:\\\/\\\/www.webdo.tn\\\/fr\\\/#\\\/schema\\\/person\\\/b9ecde7a5574cb4fcf4b496ea5fadb15\"},\"headline\":\"Tunisie : Faut-il anticiper des changements pour voyager cet \u00e9t\u00e9 ?\",\"datePublished\":\"2026-04-28T14:03:54+00:00\",\"mainEntityOfPage\":{\"@id\":\"https:\\\/\\\/www.webdo.tn\\\/fr\\\/actualite\\\/national\\\/tunisie-faut-il-anticiper-des-changements-pour-voyager-cet-ete\\\/396987\\\/\"},\"wordCount\":440,\"publisher\":{\"@id\":\"https:\\\/\\\/www.webdo.tn\\\/fr\\\/#organization\"},\"image\":{\"@id\":\"https:\\\/\\\/www.webdo.tn\\\/fr\\\/actualite\\\/national\\\/tunisie-faut-il-anticiper-des-changements-pour-voyager-cet-ete\\\/396987\\\/#primaryimage\"},\"thumbnailUrl\":\"https:\\\/\\\/www.webdo.tn\\\/fr\\\/wp-content\\\/uploads\\\/2026\\\/03\\\/avion.jpg\",\"keywords\":[\"Tunisie\",\"Voyage\"],\"articleSection\":[\"\u00c9pingle\",\"National\"],\"inLanguage\":\"fr-FR\"},{\"@type\":\"WebPage\",\"@id\":\"https:\\\/\\\/www.webdo.tn\\\/fr\\\/actualite\\\/national\\\/tunisie-faut-il-anticiper-des-changements-pour-voyager-cet-ete\\\/396987\\\/\",\"url\":\"https:\\\/\\\/www.webdo.tn\\\/fr\\\/actualite\\\/national\\\/tunisie-faut-il-anticiper-des-changements-pour-voyager-cet-ete\\\/396987\\\/\",\"name\":\"Tunisie : Faut-il anticiper des changements pour voyager cet \u00e9t\u00e9 ? - webdo\",\"isPartOf\":{\"@id\":\"https:\\\/\\\/www.webdo.tn\\\/fr\\\/#website\"},\"primaryImageOfPage\":{\"@id\":\"https:\\\/\\\/www.webdo.tn\\\/fr\\\/actualite\\\/national\\\/tunisie-faut-il-anticiper-des-changements-pour-voyager-cet-ete\\\/396987\\\/#primaryimage\"},\"image\":{\"@id\":\"https:\\\/\\\/www.webdo.tn\\\/fr\\\/actualite\\\/national\\\/tunisie-faut-il-anticiper-des-changements-pour-voyager-cet-ete\\\/396987\\\/#primaryimage\"},\"thumbnailUrl\":\"https:\\\/\\\/www.webdo.tn\\\/fr\\\/wp-content\\\/uploads\\\/2026\\\/03\\\/avion.jpg\",\"datePublished\":\"2026-04-28T14:03:54+00:00\",\"description\":\"D\u00e9couvrez les d\u00e9fis du transport a\u00e9rien avec la mont\u00e9e des alertes sur le carburant et la demande croissante de voyageurs.\",\"breadcrumb\":{\"@id\":\"https:\\\/\\\/www.webdo.tn\\\/fr\\\/actualite\\\/national\\\/tunisie-faut-il-anticiper-des-changements-pour-voyager-cet-ete\\\/396987\\\/#breadcrumb\"},\"inLanguage\":\"fr-FR\",\"potentialAction\":[{\"@type\":\"ReadAction\",\"target\":[\"https:\\\/\\\/www.webdo.tn\\\/fr\\\/actualite\\\/national\\\/tunisie-faut-il-anticiper-des-changements-pour-voyager-cet-ete\\\/396987\\\/\"]}]},{\"@type\":\"ImageObject\",\"inLanguage\":\"fr-FR\",\"@id\":\"https:\\\/\\\/www.webdo.tn\\\/fr\\\/actualite\\\/national\\\/tunisie-faut-il-anticiper-des-changements-pour-voyager-cet-ete\\\/396987\\\/#primaryimage\",\"url\":\"https:\\\/\\\/www.webdo.tn\\\/fr\\\/wp-content\\\/uploads\\\/2026\\\/03\\\/avion.jpg\",\"contentUrl\":\"https:\\\/\\\/www.webdo.tn\\\/fr\\\/wp-content\\\/uploads\\\/2026\\\/03\\\/avion.jpg\",\"width\":1200,\"height\":603,\"caption\":\"Avion\"},{\"@type\":\"BreadcrumbList\",\"@id\":\"https:\\\/\\\/www.webdo.tn\\\/fr\\\/actualite\\\/national\\\/tunisie-faut-il-anticiper-des-changements-pour-voyager-cet-ete\\\/396987\\\/#breadcrumb\",\"itemListElement\":[{\"@type\":\"ListItem\",\"position\":1,\"name\":\"Accueil\",\"item\":\"https:\\\/\\\/www.webdo.tn\\\/fr\\\/\"},{\"@type\":\"ListItem\",\"position\":2,\"name\":\"Tunisie : Faut-il anticiper des changements pour voyager cet \u00e9t\u00e9 ?\"}]},{\"@type\":\"WebSite\",\"@id\":\"https:\\\/\\\/www.webdo.tn\\\/fr\\\/#website\",\"url\":\"https:\\\/\\\/www.webdo.tn\\\/fr\\\/\",\"name\":\"webdo\",\"description\":\"Tunisie - News en Tunisie et \u00e0 l&#039;international sur Webdo.tn\",\"publisher\":{\"@id\":\"https:\\\/\\\/www.webdo.tn\\\/fr\\\/#organization\"},\"potentialAction\":[{\"@type\":\"SearchAction\",\"target\":{\"@type\":\"EntryPoint\",\"urlTemplate\":\"https:\\\/\\\/www.webdo.tn\\\/fr\\\/?s={search_term_string}\"},\"query-input\":{\"@type\":\"PropertyValueSpecification\",\"valueRequired\":true,\"valueName\":\"search_term_string\"}}],\"inLanguage\":\"fr-FR\"},{\"@type\":\"Organization\",\"@id\":\"https:\\\/\\\/www.webdo.tn\\\/fr\\\/#organization\",\"name\":\"Webdo\",\"alternateName\":\"Webdo.tn\",\"url\":\"https:\\\/\\\/www.webdo.tn\\\/fr\\\/\",\"logo\":{\"@type\":\"ImageObject\",\"inLanguage\":\"fr-FR\",\"@id\":\"https:\\\/\\\/www.webdo.tn\\\/fr\\\/#\\\/schema\\\/logo\\\/image\\\/\",\"url\":\"https:\\\/\\\/www.webdo.tn\\\/fr\\\/wp-content\\\/uploads\\\/2025\\\/06\\\/Webdo-Tunisie_168377.jpg\",\"contentUrl\":\"https:\\\/\\\/www.webdo.tn\\\/fr\\\/wp-content\\\/uploads\\\/2025\\\/06\\\/Webdo-Tunisie_168377.jpg\",\"width\":301,\"height\":301,\"caption\":\"Webdo\"},\"image\":{\"@id\":\"https:\\\/\\\/www.webdo.tn\\\/fr\\\/#\\\/schema\\\/logo\\\/image\\\/\"},\"sameAs\":[\"https:\\\/\\\/www.facebook.com\\\/webdotn\",\"https:\\\/\\\/x.com\\\/webdo_tn\"],\"description\":\"Webdo est un m\u00e9dia num\u00e9rique tunisien fond\u00e9 en 2010, sp\u00e9cialis\u00e9 dans l\u2019actualit\u00e9 nationale et internationale, l\u2019\u00e9conomie, la soci\u00e9t\u00e9 et les analyses politiques. Le site s\u2019adresse \u00e0 un large public francophone et couvre l\u2019information tunisienne en temps r\u00e9el.\",\"email\":\"redac@webdo.tn\",\"legalName\":\"YNJ SARL\",\"foundingDate\":\"2010-09-06\",\"numberOfEmployees\":{\"@type\":\"QuantitativeValue\",\"minValue\":\"11\",\"maxValue\":\"50\"}},{\"@type\":\"Person\",\"@id\":\"https:\\\/\\\/www.webdo.tn\\\/fr\\\/#\\\/schema\\\/person\\\/b9ecde7a5574cb4fcf4b496ea5fadb15\",\"name\":\"Wided Belhaj\",\"image\":{\"@type\":\"ImageObject\",\"inLanguage\":\"fr-FR\",\"@id\":\"https:\\\/\\\/www.webdo.tn\\\/fr\\\/wp-content\\\/uploads\\\/2026\\\/04\\\/wided-belhaj_avatar-96x96.jpg\",\"url\":\"https:\\\/\\\/www.webdo.tn\\\/fr\\\/wp-content\\\/uploads\\\/2026\\\/04\\\/wided-belhaj_avatar-96x96.jpg\",\"contentUrl\":\"https:\\\/\\\/www.webdo.tn\\\/fr\\\/wp-content\\\/uploads\\\/2026\\\/04\\\/wided-belhaj_avatar-96x96.jpg\",\"caption\":\"Wided Belhaj\"},\"description\":\"Wided Belhaj est le pseudonyme \u00e9ditorial utilis\u00e9 par Khalil Jelassi, journaliste, ma\u00eetre-assistant \u00e0 l\u2019Institut de presse et des sciences de l\u2019information (IPSI) et chercheur en sciences de l\u2019information et de la communication. Cette signature est d\u00e9di\u00e9e \u00e0 l\u2019analyse des m\u00e9dias, des pratiques journalistiques et des mutations de l\u2019information \u00e0 l\u2019\u00e8re digitale. \u00c0 travers ses contributions, Wided Belhaj propose une lecture analytique de l\u2019actualit\u00e9, en croisant regard critique et expertise acad\u00e9mique.\",\"knowsAbout\":[\"m\u00e9dias\",\"journalisme\",\"communication\",\"information\",\"transformation num\u00e9rique\",\"analyse des m\u00e9dias\"],\"knowsLanguage\":[\"Fran\u00e7ais\",\"Arabe\"],\"jobTitle\":\"Webdo.tn\",\"worksFor\":\"Journaliste \u2013 Analyse des m\u00e9dias\",\"url\":\"https:\\\/\\\/www.webdo.tn\\\/fr\\\/actualite\\\/author\\\/wided-belhaj\\\/\"}]}<\/script>\n<!-- \/ Yoast SEO Premium plugin. -->","yoast_head_json":{"title":"Tunisie : Faut-il anticiper des changements pour voyager cet \u00e9t\u00e9 ? - webdo","description":"D\u00e9couvrez les d\u00e9fis du transport a\u00e9rien avec la mont\u00e9e des alertes sur le carburant et la demande croissante de voyageurs.","canonical":"https:\/\/www.webdo.tn\/fr\/actualite\/national\/tunisie-faut-il-anticiper-des-changements-pour-voyager-cet-ete\/396987\/","og_locale":"fr_FR","og_type":"article","og_title":"Tunisie : Faut-il anticiper des changements pour voyager cet \u00e9t\u00e9 ?","og_description":"D\u00e9couvrez les d\u00e9fis du transport a\u00e9rien avec la mont\u00e9e des alertes sur le carburant et la demande croissante de voyageurs.","og_url":"https:\/\/www.webdo.tn\/fr\/actualite\/national\/tunisie-faut-il-anticiper-des-changements-pour-voyager-cet-ete\/396987\/","og_site_name":"webdo","article_publisher":"https:\/\/www.facebook.com\/webdotn","article_published_time":"2026-04-28T14:03:54+00:00","og_image":[{"width":1200,"height":603,"url":"https:\/\/www.webdo.tn\/fr\/wp-content\/uploads\/2026\/03\/avion.jpg","type":"image\/jpeg"}],"author":"Wided Belhaj","twitter_card":"summary_large_image","twitter_creator":"@webdo_tn","twitter_site":"@webdo_tn","twitter_misc":{"\u00c9crit par":"Wided Belhaj","Dur\u00e9e de lecture estim\u00e9e":"3 minutes"},"schema":{"@context":"https:\/\/schema.org","@graph":[{"@type":"NewsArticle","@id":"https:\/\/www.webdo.tn\/fr\/actualite\/national\/tunisie-faut-il-anticiper-des-changements-pour-voyager-cet-ete\/396987\/#article","isPartOf":{"@id":"https:\/\/www.webdo.tn\/fr\/actualite\/national\/tunisie-faut-il-anticiper-des-changements-pour-voyager-cet-ete\/396987\/"},"author":{"name":"Wided Belhaj","@id":"https:\/\/www.webdo.tn\/fr\/#\/schema\/person\/b9ecde7a5574cb4fcf4b496ea5fadb15"},"headline":"Tunisie : Faut-il anticiper des changements pour voyager cet \u00e9t\u00e9 ?","datePublished":"2026-04-28T14:03:54+00:00","mainEntityOfPage":{"@id":"https:\/\/www.webdo.tn\/fr\/actualite\/national\/tunisie-faut-il-anticiper-des-changements-pour-voyager-cet-ete\/396987\/"},"wordCount":440,"publisher":{"@id":"https:\/\/www.webdo.tn\/fr\/#organization"},"image":{"@id":"https:\/\/www.webdo.tn\/fr\/actualite\/national\/tunisie-faut-il-anticiper-des-changements-pour-voyager-cet-ete\/396987\/#primaryimage"},"thumbnailUrl":"https:\/\/www.webdo.tn\/fr\/wp-content\/uploads\/2026\/03\/avion.jpg","keywords":["Tunisie","Voyage"],"articleSection":["\u00c9pingle","National"],"inLanguage":"fr-FR"},{"@type":"WebPage","@id":"https:\/\/www.webdo.tn\/fr\/actualite\/national\/tunisie-faut-il-anticiper-des-changements-pour-voyager-cet-ete\/396987\/","url":"https:\/\/www.webdo.tn\/fr\/actualite\/national\/tunisie-faut-il-anticiper-des-changements-pour-voyager-cet-ete\/396987\/","name":"Tunisie : Faut-il anticiper des changements pour voyager cet \u00e9t\u00e9 ? - webdo","isPartOf":{"@id":"https:\/\/www.webdo.tn\/fr\/#website"},"primaryImageOfPage":{"@id":"https:\/\/www.webdo.tn\/fr\/actualite\/national\/tunisie-faut-il-anticiper-des-changements-pour-voyager-cet-ete\/396987\/#primaryimage"},"image":{"@id":"https:\/\/www.webdo.tn\/fr\/actualite\/national\/tunisie-faut-il-anticiper-des-changements-pour-voyager-cet-ete\/396987\/#primaryimage"},"thumbnailUrl":"https:\/\/www.webdo.tn\/fr\/wp-content\/uploads\/2026\/03\/avion.jpg","datePublished":"2026-04-28T14:03:54+00:00","description":"D\u00e9couvrez les d\u00e9fis du transport a\u00e9rien avec la mont\u00e9e des alertes sur le carburant et la demande croissante de voyageurs.","breadcrumb":{"@id":"https:\/\/www.webdo.tn\/fr\/actualite\/national\/tunisie-faut-il-anticiper-des-changements-pour-voyager-cet-ete\/396987\/#breadcrumb"},"inLanguage":"fr-FR","potentialAction":[{"@type":"ReadAction","target":["https:\/\/www.webdo.tn\/fr\/actualite\/national\/tunisie-faut-il-anticiper-des-changements-pour-voyager-cet-ete\/396987\/"]}]},{"@type":"ImageObject","inLanguage":"fr-FR","@id":"https:\/\/www.webdo.tn\/fr\/actualite\/national\/tunisie-faut-il-anticiper-des-changements-pour-voyager-cet-ete\/396987\/#primaryimage","url":"https:\/\/www.webdo.tn\/fr\/wp-content\/uploads\/2026\/03\/avion.jpg","contentUrl":"https:\/\/www.webdo.tn\/fr\/wp-content\/uploads\/2026\/03\/avion.jpg","width":1200,"height":603,"caption":"Avion"},{"@type":"BreadcrumbList","@id":"https:\/\/www.webdo.tn\/fr\/actualite\/national\/tunisie-faut-il-anticiper-des-changements-pour-voyager-cet-ete\/396987\/#breadcrumb","itemListElement":[{"@type":"ListItem","position":1,"name":"Accueil","item":"https:\/\/www.webdo.tn\/fr\/"},{"@type":"ListItem","position":2,"name":"Tunisie : Faut-il anticiper des changements pour voyager cet \u00e9t\u00e9 ?"}]},{"@type":"WebSite","@id":"https:\/\/www.webdo.tn\/fr\/#website","url":"https:\/\/www.webdo.tn\/fr\/","name":"webdo","description":"Tunisie - News en Tunisie et \u00e0 l&#039;international sur Webdo.tn","publisher":{"@id":"https:\/\/www.webdo.tn\/fr\/#organization"},"potentialAction":[{"@type":"SearchAction","target":{"@type":"EntryPoint","urlTemplate":"https:\/\/www.webdo.tn\/fr\/?s={search_term_string}"},"query-input":{"@type":"PropertyValueSpecification","valueRequired":true,"valueName":"search_term_string"}}],"inLanguage":"fr-FR"},{"@type":"Organization","@id":"https:\/\/www.webdo.tn\/fr\/#organization","name":"Webdo","alternateName":"Webdo.tn","url":"https:\/\/www.webdo.tn\/fr\/","logo":{"@type":"ImageObject","inLanguage":"fr-FR","@id":"https:\/\/www.webdo.tn\/fr\/#\/schema\/logo\/image\/","url":"https:\/\/www.webdo.tn\/fr\/wp-content\/uploads\/2025\/06\/Webdo-Tunisie_168377.jpg","contentUrl":"https:\/\/www.webdo.tn\/fr\/wp-content\/uploads\/2025\/06\/Webdo-Tunisie_168377.jpg","width":301,"height":301,"caption":"Webdo"},"image":{"@id":"https:\/\/www.webdo.tn\/fr\/#\/schema\/logo\/image\/"},"sameAs":["https:\/\/www.facebook.com\/webdotn","https:\/\/x.com\/webdo_tn"],"description":"Webdo est un m\u00e9dia num\u00e9rique tunisien fond\u00e9 en 2010, sp\u00e9cialis\u00e9 dans l\u2019actualit\u00e9 nationale et internationale, l\u2019\u00e9conomie, la soci\u00e9t\u00e9 et les analyses politiques. Le site s\u2019adresse \u00e0 un large public francophone et couvre l\u2019information tunisienne en temps r\u00e9el.","email":"redac@webdo.tn","legalName":"YNJ SARL","foundingDate":"2010-09-06","numberOfEmployees":{"@type":"QuantitativeValue","minValue":"11","maxValue":"50"}},{"@type":"Person","@id":"https:\/\/www.webdo.tn\/fr\/#\/schema\/person\/b9ecde7a5574cb4fcf4b496ea5fadb15","name":"Wided Belhaj","image":{"@type":"ImageObject","inLanguage":"fr-FR","@id":"https:\/\/www.webdo.tn\/fr\/wp-content\/uploads\/2026\/04\/wided-belhaj_avatar-96x96.jpg","url":"https:\/\/www.webdo.tn\/fr\/wp-content\/uploads\/2026\/04\/wided-belhaj_avatar-96x96.jpg","contentUrl":"https:\/\/www.webdo.tn\/fr\/wp-content\/uploads\/2026\/04\/wided-belhaj_avatar-96x96.jpg","caption":"Wided Belhaj"},"description":"Wided Belhaj est le pseudonyme \u00e9ditorial utilis\u00e9 par Khalil Jelassi, journaliste, ma\u00eetre-assistant \u00e0 l\u2019Institut de presse et des sciences de l\u2019information (IPSI) et chercheur en sciences de l\u2019information et de la communication. Cette signature est d\u00e9di\u00e9e \u00e0 l\u2019analyse des m\u00e9dias, des pratiques journalistiques et des mutations de l\u2019information \u00e0 l\u2019\u00e8re digitale. \u00c0 travers ses contributions, Wided Belhaj propose une lecture analytique de l\u2019actualit\u00e9, en croisant regard critique et expertise acad\u00e9mique.","knowsAbout":["m\u00e9dias","journalisme","communication","information","transformation num\u00e9rique","analyse des m\u00e9dias"],"knowsLanguage":["Fran\u00e7ais","Arabe"],"jobTitle":"Webdo.tn","worksFor":"Journaliste \u2013 Analyse des m\u00e9dias","url":"https:\/\/www.webdo.tn\/fr\/actualite\/author\/wided-belhaj\/"}]}},"_links":{"self":[{"href":"https:\/\/www.webdo.tn\/fr\/wp-json\/wp\/v2\/posts\/396987","targetHints":{"allow":["GET"]}}],"collection":[{"href":"https:\/\/www.webdo.tn\/fr\/wp-json\/wp\/v2\/posts"}],"about":[{"href":"https:\/\/www.webdo.tn\/fr\/wp-json\/wp\/v2\/types\/post"}],"author":[{"embeddable":true,"href":"https:\/\/www.webdo.tn\/fr\/wp-json\/wp\/v2\/users\/3184"}],"replies":[{"embeddable":true,"href":"https:\/\/www.webdo.tn\/fr\/wp-json\/wp\/v2\/comments?post=396987"}],"version-history":[{"count":1,"href":"https:\/\/www.webdo.tn\/fr\/wp-json\/wp\/v2\/posts\/396987\/revisions"}],"predecessor-version":[{"id":396988,"href":"https:\/\/www.webdo.tn\/fr\/wp-json\/wp\/v2\/posts\/396987\/revisions\/396988"}],"wp:featuredmedia":[{"embeddable":true,"href":"https:\/\/www.webdo.tn\/fr\/wp-json\/wp\/v2\/media\/394365"}],"wp:attachment":[{"href":"https:\/\/www.webdo.tn\/fr\/wp-json\/wp\/v2\/media?parent=396987"}],"wp:term":[{"taxonomy":"category","embeddable":true,"href":"https:\/\/www.webdo.tn\/fr\/wp-json\/wp\/v2\/categories?post=396987"},{"taxonomy":"post_tag","embeddable":true,"href":"https:\/\/www.webdo.tn\/fr\/wp-json\/wp\/v2\/tags?post=396987"}],"curies":[{"name":"wp","href":"https:\/\/api.w.org\/{rel}","templated":true}]}}