{"id":396982,"date":"2026-04-28T13:09:13","date_gmt":"2026-04-28T12:09:13","guid":{"rendered":"https:\/\/www.webdo.tn\/fr\/?p=396982"},"modified":"2026-04-28T13:09:15","modified_gmt":"2026-04-28T12:09:15","slug":"crise-au-mali-faut-il-craindre-un-impact-migratoire-en-tunisie","status":"publish","type":"post","link":"https:\/\/www.webdo.tn\/fr\/actualite\/national\/crise-au-mali-faut-il-craindre-un-impact-migratoire-en-tunisie\/396982\/","title":{"rendered":"Crise au Mali : Faut-il craindre un impact migratoire en Tunisie ?"},"content":{"rendered":"\n<p><strong>Les violences qui secouent actuellement le Mali, jusque dans la capitale Bamako, ravivent une inqui\u00e9tude qui d\u00e9passe largement les fronti\u00e8res sah\u00e9liennes. Dans un communiqu\u00e9 publi\u00e9 ce mardi 28 avril 2026, la Minist\u00e8re des Affaires \u00e9trang\u00e8res tunisien a exprim\u00e9 sa \u00ab profonde pr\u00e9occupation \u00bb face \u00e0 des attaques arm\u00e9es meurtri\u00e8res, tout en condamnant fermement le recours \u00e0 la violence et en r\u00e9affirmant sa solidarit\u00e9 avec le peuple malien.<\/strong><\/p>\n\n\n\n<p>Mais derri\u00e8re la r\u00e9action diplomatique, une autre question, plus sensible, s\u2019impose progressivement dans le d\u00e9bat public : la Tunisie est-elle r\u00e9ellement \u00e0 l\u2019abri des r\u00e9percussions de cette crise, notamment sur le plan migratoire ?<\/p>\n\n\n\n<h2 class=\"wp-block-heading\" id=\"h-des-effets-en-chaine\">Des effets en cha\u00eene<\/h2>\n\n\n\n<p>Car l\u2019histoire r\u00e9cente montre que chaque d\u00e9stabilisation majeure au Sahel finit par produire des effets en cha\u00eene. L\u2019affaiblissement s\u00e9curitaire, les d\u00e9placements internes de populations et l\u2019effondrement des conditions de vie poussent des milliers de personnes \u00e0 prendre la route, souvent en direction du nord. Et dans cette g\u00e9ographie des mobilit\u00e9s contraintes, la Tunisie appara\u00eet de plus en plus comme un point de passage, voire de blocage.<\/p>\n\n\n\n<p>Or, le pays fait d\u00e9j\u00e0 face \u00e0 une pression migratoire in\u00e9dite. Depuis plusieurs mois, les arriv\u00e9es de migrants originaires d\u2019Afrique subsaharienne se multiplient, mettant \u00e0 l\u2019\u00e9preuve les capacit\u00e9s d\u2019accueil et exacerbant les tensions sociales. Les images de campements pr\u00e9caires et les d\u00e9bats politiques autour de la gestion de ces flux t\u00e9moignent d\u2019une situation d\u00e9j\u00e0 fragile.<\/p>\n\n\n\n<p class=\"has-medium-font-size\"><strong>Lire aussi : <\/strong><a href=\"https:\/\/www.webdo.tn\/fr\/actualite\/national\/conflit-arme-tunisair-annule-ses-vols-vers-bamako\/396931\/\">Conflit arm\u00e9 : Tunisair annule ses vols vers Bamako<\/a><br><\/p>\n\n\n\n<p>Dans ce contexte, une aggravation de la crise au Mali pourrait-elle provoquer une nouvelle vague migratoire vers la Tunisie ? La question n\u2019est pas th\u00e9orique. Elle renvoie \u00e0 une r\u00e9alit\u00e9 structurelle : les routes migratoires \u00e9voluent en fonction des crises, et la fermeture progressive de certaines voies traditionnelles redirige les flux vers d\u2019autres espaces, dont le territoire tunisien.<\/p>\n\n\n\n<h2 class=\"wp-block-heading\" id=\"h-augmentation-immediate-des-arrivees-en-tunisie\"> Augmentation imm\u00e9diate des arriv\u00e9es en Tunisie<\/h2>\n\n\n\n<p>Toutefois, \u00e9tablir un lien m\u00e9canique entre les \u00e9v\u00e9nements en cours \u00e0 Bamako et une augmentation imm\u00e9diate des arriv\u00e9es en Tunisie serait simpliste. Les trajectoires migratoires d\u00e9pendent de multiples facteurs : r\u00e9seaux de passeurs, politiques de contr\u00f4le aux fronti\u00e8res, accords r\u00e9gionaux, mais aussi perceptions des migrants eux-m\u00eames quant aux destinations possibles.<\/p>\n\n\n\n<p>Reste que la simultan\u00e9it\u00e9 de deux dynamiques \u2014 instabilit\u00e9 croissante au Sahel et saturation du syst\u00e8me migratoire tunisien \u2014 cr\u00e9e une zone de vuln\u00e9rabilit\u00e9. La Tunisie n\u2019est pas directement expos\u00e9e au conflit malien sur le plan s\u00e9curitaire, mais elle pourrait en subir des r\u00e9percussions indirectes, notamment humaines et sociales.<\/p>\n\n\n\n<p><\/p>\n","protected":false},"excerpt":{"rendered":"<p>Les violences qui secouent actuellement le Mali, jusque dans la capitale Bamako, ravivent une inqui\u00e9tude qui d\u00e9passe largement les fronti\u00e8res sah\u00e9liennes. Dans un communiqu\u00e9 publi\u00e9 ce mardi 28 avril 2026, la Minist\u00e8re des Affaires \u00e9trang\u00e8res tunisien a exprim\u00e9 sa \u00ab profonde pr\u00e9occupation \u00bb face \u00e0 des attaques arm\u00e9es meurtri\u00e8res, tout en condamnant fermement le recours [&hellip;]<\/p>\n","protected":false},"author":3184,"featured_media":396983,"comment_status":"closed","ping_status":"closed","sticky":false,"template":"","format":"standard","meta":{"footnotes":""},"categories":[13163,44],"tags":[3343,3344,2608],"class_list":["post-396982","post","type-post","status-publish","format-standard","has-post-thumbnail","hentry","category-epingle","category-national","tag-crise","tag-mali","tag-tunisie"],"yoast_head":"<!-- This site is optimized with the Yoast SEO Premium plugin v27.4 (Yoast SEO v27.5) - https:\/\/yoast.com\/product\/yoast-seo-premium-wordpress\/ -->\n<title>Crise au Mali : Faut-il craindre un impact migratoire en Tunisie ? - webdo<\/title>\n<meta name=\"description\" content=\"D\u00e9couvrez les enjeux de la crise au Mali et ses r\u00e9percussions potentielles sur la Tunisie et la r\u00e9gion sah\u00e9lienne.\" \/>\n<link rel=\"canonical\" href=\"https:\/\/www.webdo.tn\/fr\/actualite\/national\/crise-au-mali-faut-il-craindre-un-impact-migratoire-en-tunisie\/396982\/\" \/>\n<meta property=\"og:locale\" content=\"fr_FR\" \/>\n<meta property=\"og:type\" content=\"article\" \/>\n<meta property=\"og:title\" content=\"Crise au Mali : Faut-il craindre un impact migratoire en Tunisie ?\" \/>\n<meta property=\"og:description\" content=\"D\u00e9couvrez les enjeux de la crise au Mali et ses r\u00e9percussions potentielles sur la Tunisie et la r\u00e9gion sah\u00e9lienne.\" \/>\n<meta property=\"og:url\" content=\"https:\/\/www.webdo.tn\/fr\/actualite\/national\/crise-au-mali-faut-il-craindre-un-impact-migratoire-en-tunisie\/396982\/\" \/>\n<meta property=\"og:site_name\" content=\"webdo\" \/>\n<meta property=\"article:publisher\" content=\"https:\/\/www.facebook.com\/webdotn\" \/>\n<meta property=\"article:published_time\" content=\"2026-04-28T12:09:13+00:00\" \/>\n<meta property=\"article:modified_time\" content=\"2026-04-28T12:09:15+00:00\" \/>\n<meta property=\"og:image\" content=\"https:\/\/www.webdo.tn\/fr\/wp-content\/uploads\/2026\/04\/mali.jpg\" \/>\n\t<meta property=\"og:image:width\" content=\"1200\" \/>\n\t<meta property=\"og:image:height\" content=\"601\" \/>\n\t<meta property=\"og:image:type\" content=\"image\/jpeg\" \/>\n<meta name=\"author\" content=\"Wided Belhaj\" \/>\n<meta name=\"twitter:card\" content=\"summary_large_image\" \/>\n<meta name=\"twitter:creator\" content=\"@webdo_tn\" \/>\n<meta name=\"twitter:site\" content=\"@webdo_tn\" \/>\n<meta name=\"twitter:label1\" content=\"\u00c9crit par\" \/>\n\t<meta name=\"twitter:data1\" content=\"Wided Belhaj\" \/>\n\t<meta name=\"twitter:label2\" content=\"Dur\u00e9e de lecture estim\u00e9e\" \/>\n\t<meta name=\"twitter:data2\" content=\"3 minutes\" \/>\n<script type=\"application\/ld+json\" class=\"yoast-schema-graph\">{\"@context\":\"https:\\\/\\\/schema.org\",\"@graph\":[{\"@type\":\"NewsArticle\",\"@id\":\"https:\\\/\\\/www.webdo.tn\\\/fr\\\/actualite\\\/national\\\/crise-au-mali-faut-il-craindre-un-impact-migratoire-en-tunisie\\\/396982\\\/#article\",\"isPartOf\":{\"@id\":\"https:\\\/\\\/www.webdo.tn\\\/fr\\\/actualite\\\/national\\\/crise-au-mali-faut-il-craindre-un-impact-migratoire-en-tunisie\\\/396982\\\/\"},\"author\":{\"name\":\"Wided Belhaj\",\"@id\":\"https:\\\/\\\/www.webdo.tn\\\/fr\\\/#\\\/schema\\\/person\\\/b9ecde7a5574cb4fcf4b496ea5fadb15\"},\"headline\":\"Crise au Mali : Faut-il craindre un impact migratoire en Tunisie ?\",\"datePublished\":\"2026-04-28T12:09:13+00:00\",\"dateModified\":\"2026-04-28T12:09:15+00:00\",\"mainEntityOfPage\":{\"@id\":\"https:\\\/\\\/www.webdo.tn\\\/fr\\\/actualite\\\/national\\\/crise-au-mali-faut-il-craindre-un-impact-migratoire-en-tunisie\\\/396982\\\/\"},\"wordCount\":455,\"publisher\":{\"@id\":\"https:\\\/\\\/www.webdo.tn\\\/fr\\\/#organization\"},\"image\":{\"@id\":\"https:\\\/\\\/www.webdo.tn\\\/fr\\\/actualite\\\/national\\\/crise-au-mali-faut-il-craindre-un-impact-migratoire-en-tunisie\\\/396982\\\/#primaryimage\"},\"thumbnailUrl\":\"https:\\\/\\\/www.webdo.tn\\\/fr\\\/wp-content\\\/uploads\\\/2026\\\/04\\\/mali.jpg\",\"keywords\":[\"crise\",\"Mali\",\"Tunisie\"],\"articleSection\":[\"\u00c9pingle\",\"National\"],\"inLanguage\":\"fr-FR\"},{\"@type\":\"WebPage\",\"@id\":\"https:\\\/\\\/www.webdo.tn\\\/fr\\\/actualite\\\/national\\\/crise-au-mali-faut-il-craindre-un-impact-migratoire-en-tunisie\\\/396982\\\/\",\"url\":\"https:\\\/\\\/www.webdo.tn\\\/fr\\\/actualite\\\/national\\\/crise-au-mali-faut-il-craindre-un-impact-migratoire-en-tunisie\\\/396982\\\/\",\"name\":\"Crise au Mali : Faut-il craindre un impact migratoire en Tunisie ? - webdo\",\"isPartOf\":{\"@id\":\"https:\\\/\\\/www.webdo.tn\\\/fr\\\/#website\"},\"primaryImageOfPage\":{\"@id\":\"https:\\\/\\\/www.webdo.tn\\\/fr\\\/actualite\\\/national\\\/crise-au-mali-faut-il-craindre-un-impact-migratoire-en-tunisie\\\/396982\\\/#primaryimage\"},\"image\":{\"@id\":\"https:\\\/\\\/www.webdo.tn\\\/fr\\\/actualite\\\/national\\\/crise-au-mali-faut-il-craindre-un-impact-migratoire-en-tunisie\\\/396982\\\/#primaryimage\"},\"thumbnailUrl\":\"https:\\\/\\\/www.webdo.tn\\\/fr\\\/wp-content\\\/uploads\\\/2026\\\/04\\\/mali.jpg\",\"datePublished\":\"2026-04-28T12:09:13+00:00\",\"dateModified\":\"2026-04-28T12:09:15+00:00\",\"description\":\"D\u00e9couvrez les enjeux de la crise au Mali et ses r\u00e9percussions potentielles sur la Tunisie et la r\u00e9gion sah\u00e9lienne.\",\"breadcrumb\":{\"@id\":\"https:\\\/\\\/www.webdo.tn\\\/fr\\\/actualite\\\/national\\\/crise-au-mali-faut-il-craindre-un-impact-migratoire-en-tunisie\\\/396982\\\/#breadcrumb\"},\"inLanguage\":\"fr-FR\",\"potentialAction\":[{\"@type\":\"ReadAction\",\"target\":[\"https:\\\/\\\/www.webdo.tn\\\/fr\\\/actualite\\\/national\\\/crise-au-mali-faut-il-craindre-un-impact-migratoire-en-tunisie\\\/396982\\\/\"]}]},{\"@type\":\"ImageObject\",\"inLanguage\":\"fr-FR\",\"@id\":\"https:\\\/\\\/www.webdo.tn\\\/fr\\\/actualite\\\/national\\\/crise-au-mali-faut-il-craindre-un-impact-migratoire-en-tunisie\\\/396982\\\/#primaryimage\",\"url\":\"https:\\\/\\\/www.webdo.tn\\\/fr\\\/wp-content\\\/uploads\\\/2026\\\/04\\\/mali.jpg\",\"contentUrl\":\"https:\\\/\\\/www.webdo.tn\\\/fr\\\/wp-content\\\/uploads\\\/2026\\\/04\\\/mali.jpg\",\"width\":1200,\"height\":601,\"caption\":\"Mali\"},{\"@type\":\"BreadcrumbList\",\"@id\":\"https:\\\/\\\/www.webdo.tn\\\/fr\\\/actualite\\\/national\\\/crise-au-mali-faut-il-craindre-un-impact-migratoire-en-tunisie\\\/396982\\\/#breadcrumb\",\"itemListElement\":[{\"@type\":\"ListItem\",\"position\":1,\"name\":\"Accueil\",\"item\":\"https:\\\/\\\/www.webdo.tn\\\/fr\\\/\"},{\"@type\":\"ListItem\",\"position\":2,\"name\":\"Crise au Mali : Faut-il craindre un impact migratoire en Tunisie ?\"}]},{\"@type\":\"WebSite\",\"@id\":\"https:\\\/\\\/www.webdo.tn\\\/fr\\\/#website\",\"url\":\"https:\\\/\\\/www.webdo.tn\\\/fr\\\/\",\"name\":\"webdo\",\"description\":\"Tunisie - News en Tunisie et \u00e0 l&#039;international sur Webdo.tn\",\"publisher\":{\"@id\":\"https:\\\/\\\/www.webdo.tn\\\/fr\\\/#organization\"},\"potentialAction\":[{\"@type\":\"SearchAction\",\"target\":{\"@type\":\"EntryPoint\",\"urlTemplate\":\"https:\\\/\\\/www.webdo.tn\\\/fr\\\/?s={search_term_string}\"},\"query-input\":{\"@type\":\"PropertyValueSpecification\",\"valueRequired\":true,\"valueName\":\"search_term_string\"}}],\"inLanguage\":\"fr-FR\"},{\"@type\":\"Organization\",\"@id\":\"https:\\\/\\\/www.webdo.tn\\\/fr\\\/#organization\",\"name\":\"Webdo\",\"alternateName\":\"Webdo.tn\",\"url\":\"https:\\\/\\\/www.webdo.tn\\\/fr\\\/\",\"logo\":{\"@type\":\"ImageObject\",\"inLanguage\":\"fr-FR\",\"@id\":\"https:\\\/\\\/www.webdo.tn\\\/fr\\\/#\\\/schema\\\/logo\\\/image\\\/\",\"url\":\"https:\\\/\\\/www.webdo.tn\\\/fr\\\/wp-content\\\/uploads\\\/2025\\\/06\\\/Webdo-Tunisie_168377.jpg\",\"contentUrl\":\"https:\\\/\\\/www.webdo.tn\\\/fr\\\/wp-content\\\/uploads\\\/2025\\\/06\\\/Webdo-Tunisie_168377.jpg\",\"width\":301,\"height\":301,\"caption\":\"Webdo\"},\"image\":{\"@id\":\"https:\\\/\\\/www.webdo.tn\\\/fr\\\/#\\\/schema\\\/logo\\\/image\\\/\"},\"sameAs\":[\"https:\\\/\\\/www.facebook.com\\\/webdotn\",\"https:\\\/\\\/x.com\\\/webdo_tn\"],\"description\":\"Webdo est un m\u00e9dia num\u00e9rique tunisien fond\u00e9 en 2010, sp\u00e9cialis\u00e9 dans l\u2019actualit\u00e9 nationale et internationale, l\u2019\u00e9conomie, la soci\u00e9t\u00e9 et les analyses politiques. Le site s\u2019adresse \u00e0 un large public francophone et couvre l\u2019information tunisienne en temps r\u00e9el.\",\"email\":\"redac@webdo.tn\",\"legalName\":\"YNJ SARL\",\"foundingDate\":\"2010-09-06\",\"numberOfEmployees\":{\"@type\":\"QuantitativeValue\",\"minValue\":\"11\",\"maxValue\":\"50\"}},{\"@type\":\"Person\",\"@id\":\"https:\\\/\\\/www.webdo.tn\\\/fr\\\/#\\\/schema\\\/person\\\/b9ecde7a5574cb4fcf4b496ea5fadb15\",\"name\":\"Wided Belhaj\",\"image\":{\"@type\":\"ImageObject\",\"inLanguage\":\"fr-FR\",\"@id\":\"https:\\\/\\\/www.webdo.tn\\\/fr\\\/wp-content\\\/uploads\\\/2026\\\/04\\\/wided-belhaj_avatar-96x96.jpg\",\"url\":\"https:\\\/\\\/www.webdo.tn\\\/fr\\\/wp-content\\\/uploads\\\/2026\\\/04\\\/wided-belhaj_avatar-96x96.jpg\",\"contentUrl\":\"https:\\\/\\\/www.webdo.tn\\\/fr\\\/wp-content\\\/uploads\\\/2026\\\/04\\\/wided-belhaj_avatar-96x96.jpg\",\"caption\":\"Wided Belhaj\"},\"description\":\"Wided Belhaj est le pseudonyme \u00e9ditorial utilis\u00e9 par Khalil Jelassi, journaliste, ma\u00eetre-assistant \u00e0 l\u2019Institut de presse et des sciences de l\u2019information (IPSI) et chercheur en sciences de l\u2019information et de la communication. Cette signature est d\u00e9di\u00e9e \u00e0 l\u2019analyse des m\u00e9dias, des pratiques journalistiques et des mutations de l\u2019information \u00e0 l\u2019\u00e8re digitale. \u00c0 travers ses contributions, Wided Belhaj propose une lecture analytique de l\u2019actualit\u00e9, en croisant regard critique et expertise acad\u00e9mique.\",\"knowsAbout\":[\"m\u00e9dias\",\"journalisme\",\"communication\",\"information\",\"transformation num\u00e9rique\",\"analyse des m\u00e9dias\"],\"knowsLanguage\":[\"Fran\u00e7ais\",\"Arabe\"],\"jobTitle\":\"Webdo.tn\",\"worksFor\":\"Journaliste \u2013 Analyse des m\u00e9dias\",\"url\":\"https:\\\/\\\/www.webdo.tn\\\/fr\\\/actualite\\\/author\\\/wided-belhaj\\\/\"}]}<\/script>\n<!-- \/ Yoast SEO Premium plugin. -->","yoast_head_json":{"title":"Crise au Mali : Faut-il craindre un impact migratoire en Tunisie ? - webdo","description":"D\u00e9couvrez les enjeux de la crise au Mali et ses r\u00e9percussions potentielles sur la Tunisie et la r\u00e9gion sah\u00e9lienne.","canonical":"https:\/\/www.webdo.tn\/fr\/actualite\/national\/crise-au-mali-faut-il-craindre-un-impact-migratoire-en-tunisie\/396982\/","og_locale":"fr_FR","og_type":"article","og_title":"Crise au Mali : Faut-il craindre un impact migratoire en Tunisie ?","og_description":"D\u00e9couvrez les enjeux de la crise au Mali et ses r\u00e9percussions potentielles sur la Tunisie et la r\u00e9gion sah\u00e9lienne.","og_url":"https:\/\/www.webdo.tn\/fr\/actualite\/national\/crise-au-mali-faut-il-craindre-un-impact-migratoire-en-tunisie\/396982\/","og_site_name":"webdo","article_publisher":"https:\/\/www.facebook.com\/webdotn","article_published_time":"2026-04-28T12:09:13+00:00","article_modified_time":"2026-04-28T12:09:15+00:00","og_image":[{"width":1200,"height":601,"url":"https:\/\/www.webdo.tn\/fr\/wp-content\/uploads\/2026\/04\/mali.jpg","type":"image\/jpeg"}],"author":"Wided Belhaj","twitter_card":"summary_large_image","twitter_creator":"@webdo_tn","twitter_site":"@webdo_tn","twitter_misc":{"\u00c9crit par":"Wided Belhaj","Dur\u00e9e de lecture estim\u00e9e":"3 minutes"},"schema":{"@context":"https:\/\/schema.org","@graph":[{"@type":"NewsArticle","@id":"https:\/\/www.webdo.tn\/fr\/actualite\/national\/crise-au-mali-faut-il-craindre-un-impact-migratoire-en-tunisie\/396982\/#article","isPartOf":{"@id":"https:\/\/www.webdo.tn\/fr\/actualite\/national\/crise-au-mali-faut-il-craindre-un-impact-migratoire-en-tunisie\/396982\/"},"author":{"name":"Wided Belhaj","@id":"https:\/\/www.webdo.tn\/fr\/#\/schema\/person\/b9ecde7a5574cb4fcf4b496ea5fadb15"},"headline":"Crise au Mali : Faut-il craindre un impact migratoire en Tunisie ?","datePublished":"2026-04-28T12:09:13+00:00","dateModified":"2026-04-28T12:09:15+00:00","mainEntityOfPage":{"@id":"https:\/\/www.webdo.tn\/fr\/actualite\/national\/crise-au-mali-faut-il-craindre-un-impact-migratoire-en-tunisie\/396982\/"},"wordCount":455,"publisher":{"@id":"https:\/\/www.webdo.tn\/fr\/#organization"},"image":{"@id":"https:\/\/www.webdo.tn\/fr\/actualite\/national\/crise-au-mali-faut-il-craindre-un-impact-migratoire-en-tunisie\/396982\/#primaryimage"},"thumbnailUrl":"https:\/\/www.webdo.tn\/fr\/wp-content\/uploads\/2026\/04\/mali.jpg","keywords":["crise","Mali","Tunisie"],"articleSection":["\u00c9pingle","National"],"inLanguage":"fr-FR"},{"@type":"WebPage","@id":"https:\/\/www.webdo.tn\/fr\/actualite\/national\/crise-au-mali-faut-il-craindre-un-impact-migratoire-en-tunisie\/396982\/","url":"https:\/\/www.webdo.tn\/fr\/actualite\/national\/crise-au-mali-faut-il-craindre-un-impact-migratoire-en-tunisie\/396982\/","name":"Crise au Mali : Faut-il craindre un impact migratoire en Tunisie ? - webdo","isPartOf":{"@id":"https:\/\/www.webdo.tn\/fr\/#website"},"primaryImageOfPage":{"@id":"https:\/\/www.webdo.tn\/fr\/actualite\/national\/crise-au-mali-faut-il-craindre-un-impact-migratoire-en-tunisie\/396982\/#primaryimage"},"image":{"@id":"https:\/\/www.webdo.tn\/fr\/actualite\/national\/crise-au-mali-faut-il-craindre-un-impact-migratoire-en-tunisie\/396982\/#primaryimage"},"thumbnailUrl":"https:\/\/www.webdo.tn\/fr\/wp-content\/uploads\/2026\/04\/mali.jpg","datePublished":"2026-04-28T12:09:13+00:00","dateModified":"2026-04-28T12:09:15+00:00","description":"D\u00e9couvrez les enjeux de la crise au Mali et ses r\u00e9percussions potentielles sur la Tunisie et la r\u00e9gion sah\u00e9lienne.","breadcrumb":{"@id":"https:\/\/www.webdo.tn\/fr\/actualite\/national\/crise-au-mali-faut-il-craindre-un-impact-migratoire-en-tunisie\/396982\/#breadcrumb"},"inLanguage":"fr-FR","potentialAction":[{"@type":"ReadAction","target":["https:\/\/www.webdo.tn\/fr\/actualite\/national\/crise-au-mali-faut-il-craindre-un-impact-migratoire-en-tunisie\/396982\/"]}]},{"@type":"ImageObject","inLanguage":"fr-FR","@id":"https:\/\/www.webdo.tn\/fr\/actualite\/national\/crise-au-mali-faut-il-craindre-un-impact-migratoire-en-tunisie\/396982\/#primaryimage","url":"https:\/\/www.webdo.tn\/fr\/wp-content\/uploads\/2026\/04\/mali.jpg","contentUrl":"https:\/\/www.webdo.tn\/fr\/wp-content\/uploads\/2026\/04\/mali.jpg","width":1200,"height":601,"caption":"Mali"},{"@type":"BreadcrumbList","@id":"https:\/\/www.webdo.tn\/fr\/actualite\/national\/crise-au-mali-faut-il-craindre-un-impact-migratoire-en-tunisie\/396982\/#breadcrumb","itemListElement":[{"@type":"ListItem","position":1,"name":"Accueil","item":"https:\/\/www.webdo.tn\/fr\/"},{"@type":"ListItem","position":2,"name":"Crise au Mali : Faut-il craindre un impact migratoire en Tunisie ?"}]},{"@type":"WebSite","@id":"https:\/\/www.webdo.tn\/fr\/#website","url":"https:\/\/www.webdo.tn\/fr\/","name":"webdo","description":"Tunisie - News en Tunisie et \u00e0 l&#039;international sur Webdo.tn","publisher":{"@id":"https:\/\/www.webdo.tn\/fr\/#organization"},"potentialAction":[{"@type":"SearchAction","target":{"@type":"EntryPoint","urlTemplate":"https:\/\/www.webdo.tn\/fr\/?s={search_term_string}"},"query-input":{"@type":"PropertyValueSpecification","valueRequired":true,"valueName":"search_term_string"}}],"inLanguage":"fr-FR"},{"@type":"Organization","@id":"https:\/\/www.webdo.tn\/fr\/#organization","name":"Webdo","alternateName":"Webdo.tn","url":"https:\/\/www.webdo.tn\/fr\/","logo":{"@type":"ImageObject","inLanguage":"fr-FR","@id":"https:\/\/www.webdo.tn\/fr\/#\/schema\/logo\/image\/","url":"https:\/\/www.webdo.tn\/fr\/wp-content\/uploads\/2025\/06\/Webdo-Tunisie_168377.jpg","contentUrl":"https:\/\/www.webdo.tn\/fr\/wp-content\/uploads\/2025\/06\/Webdo-Tunisie_168377.jpg","width":301,"height":301,"caption":"Webdo"},"image":{"@id":"https:\/\/www.webdo.tn\/fr\/#\/schema\/logo\/image\/"},"sameAs":["https:\/\/www.facebook.com\/webdotn","https:\/\/x.com\/webdo_tn"],"description":"Webdo est un m\u00e9dia num\u00e9rique tunisien fond\u00e9 en 2010, sp\u00e9cialis\u00e9 dans l\u2019actualit\u00e9 nationale et internationale, l\u2019\u00e9conomie, la soci\u00e9t\u00e9 et les analyses politiques. Le site s\u2019adresse \u00e0 un large public francophone et couvre l\u2019information tunisienne en temps r\u00e9el.","email":"redac@webdo.tn","legalName":"YNJ SARL","foundingDate":"2010-09-06","numberOfEmployees":{"@type":"QuantitativeValue","minValue":"11","maxValue":"50"}},{"@type":"Person","@id":"https:\/\/www.webdo.tn\/fr\/#\/schema\/person\/b9ecde7a5574cb4fcf4b496ea5fadb15","name":"Wided Belhaj","image":{"@type":"ImageObject","inLanguage":"fr-FR","@id":"https:\/\/www.webdo.tn\/fr\/wp-content\/uploads\/2026\/04\/wided-belhaj_avatar-96x96.jpg","url":"https:\/\/www.webdo.tn\/fr\/wp-content\/uploads\/2026\/04\/wided-belhaj_avatar-96x96.jpg","contentUrl":"https:\/\/www.webdo.tn\/fr\/wp-content\/uploads\/2026\/04\/wided-belhaj_avatar-96x96.jpg","caption":"Wided Belhaj"},"description":"Wided Belhaj est le pseudonyme \u00e9ditorial utilis\u00e9 par Khalil Jelassi, journaliste, ma\u00eetre-assistant \u00e0 l\u2019Institut de presse et des sciences de l\u2019information (IPSI) et chercheur en sciences de l\u2019information et de la communication. Cette signature est d\u00e9di\u00e9e \u00e0 l\u2019analyse des m\u00e9dias, des pratiques journalistiques et des mutations de l\u2019information \u00e0 l\u2019\u00e8re digitale. \u00c0 travers ses contributions, Wided Belhaj propose une lecture analytique de l\u2019actualit\u00e9, en croisant regard critique et expertise acad\u00e9mique.","knowsAbout":["m\u00e9dias","journalisme","communication","information","transformation num\u00e9rique","analyse des m\u00e9dias"],"knowsLanguage":["Fran\u00e7ais","Arabe"],"jobTitle":"Webdo.tn","worksFor":"Journaliste \u2013 Analyse des m\u00e9dias","url":"https:\/\/www.webdo.tn\/fr\/actualite\/author\/wided-belhaj\/"}]}},"_links":{"self":[{"href":"https:\/\/www.webdo.tn\/fr\/wp-json\/wp\/v2\/posts\/396982","targetHints":{"allow":["GET"]}}],"collection":[{"href":"https:\/\/www.webdo.tn\/fr\/wp-json\/wp\/v2\/posts"}],"about":[{"href":"https:\/\/www.webdo.tn\/fr\/wp-json\/wp\/v2\/types\/post"}],"author":[{"embeddable":true,"href":"https:\/\/www.webdo.tn\/fr\/wp-json\/wp\/v2\/users\/3184"}],"replies":[{"embeddable":true,"href":"https:\/\/www.webdo.tn\/fr\/wp-json\/wp\/v2\/comments?post=396982"}],"version-history":[{"count":1,"href":"https:\/\/www.webdo.tn\/fr\/wp-json\/wp\/v2\/posts\/396982\/revisions"}],"predecessor-version":[{"id":396984,"href":"https:\/\/www.webdo.tn\/fr\/wp-json\/wp\/v2\/posts\/396982\/revisions\/396984"}],"wp:featuredmedia":[{"embeddable":true,"href":"https:\/\/www.webdo.tn\/fr\/wp-json\/wp\/v2\/media\/396983"}],"wp:attachment":[{"href":"https:\/\/www.webdo.tn\/fr\/wp-json\/wp\/v2\/media?parent=396982"}],"wp:term":[{"taxonomy":"category","embeddable":true,"href":"https:\/\/www.webdo.tn\/fr\/wp-json\/wp\/v2\/categories?post=396982"},{"taxonomy":"post_tag","embeddable":true,"href":"https:\/\/www.webdo.tn\/fr\/wp-json\/wp\/v2\/tags?post=396982"}],"curies":[{"name":"wp","href":"https:\/\/api.w.org\/{rel}","templated":true}]}}