{"id":396980,"date":"2026-04-28T12:52:46","date_gmt":"2026-04-28T11:52:46","guid":{"rendered":"https:\/\/www.webdo.tn\/fr\/?p=396980"},"modified":"2026-04-28T12:52:47","modified_gmt":"2026-04-28T11:52:47","slug":"tunisie-la-pollution-agricole-sinstalle-en-crise-structurelle-lalerte-des-experts","status":"publish","type":"post","link":"https:\/\/www.webdo.tn\/fr\/actualite\/national\/tunisie-la-pollution-agricole-sinstalle-en-crise-structurelle-lalerte-des-experts\/396980\/","title":{"rendered":"Tunisie : La pollution agricole s\u2019installe en crise structurelle, l\u2019alerte des experts"},"content":{"rendered":"\n<p><strong>Une \u00e9tude r\u00e9cente pr\u00e9sent\u00e9e \u00e0 Tunis alerte sur une aggravation durable de la pollution agricole en Tunisie. Loin d\u2019un ph\u00e9nom\u00e8ne conjoncturel, elle d\u00e9crit une crise structurelle qui menace sols, ressources hydriques et sant\u00e9 publique. Les auteurs appellent \u00e0 une refonte urgente du mod\u00e8le agricole et de la gouvernance environnementale.<\/strong><\/p>\n\n\n\n<h2 class=\"wp-block-heading\" id=\"h-un-modele-agricole-a-bout-de-souffle\">Un mod\u00e8le agricole \u00e0 bout de souffle<\/h2>\n\n\n\n<p>\u00c9labor\u00e9e par l\u2019Association pour la responsabilit\u00e9 sociale (Social Accountability Association), l\u2019\u00e9tude intitul\u00e9e \u00ab\u00a0La pollution agricole en Tunisie : entre inertie des textes juridiques et mutations de la r\u00e9alit\u00e9 de terrain\u00a0\u00bb, met en lumi\u00e8re un d\u00e9calage profond entre les textes juridiques et la r\u00e9alit\u00e9 du terrain. Cadres l\u00e9gislatifs fragment\u00e9s, application insuffisante et politiques publiques peu efficaces composent un paysage marqu\u00e9 par l\u2019inertie institutionnelle.<\/p>\n\n\n\n<p>Ce d\u00e9s\u00e9quilibre fragilise l\u2019ensemble des \u00e9cosyst\u00e8mes agricoles. La d\u00e9gradation des sols, la rar\u00e9faction des ressources hydriques et les risques sanitaires li\u00e9s aux r\u00e9sidus chimiques sont d\u00e9sormais au c\u0153ur des pr\u00e9occupations.<\/p>\n\n\n\n<h2 class=\"wp-block-heading\" id=\"h-agriculture-intensive-et-derives-chimiques\">Agriculture intensive et d\u00e9rives chimiques<\/h2>\n\n\n\n<p>Pour Houssine Rhili, consultant en d\u00e9veloppement, la situation s\u2019inscrit dans une \u00ab crise environnementale croissante \u00bb amorc\u00e9e depuis 2011. Le basculement vers une agriculture intensive, combin\u00e9 \u00e0 une faible ma\u00eetrise technologique, a favoris\u00e9 un recours excessif aux pesticides et aux engrais.<\/p>\n\n\n\n<p>L\u2019usage de semences import\u00e9es est particuli\u00e8rement point\u00e9 du doigt, celles-ci n\u00e9cessitant davantage d\u2019intrants chimiques pour s\u2019adapter aux conditions locales. R\u00e9sultat : une contamination progressive des nappes phr\u00e9atiques et des cours d\u2019eau, avec des r\u00e9percussions directes sur la sant\u00e9 humaine.<\/p>\n\n\n\n<h2 class=\"wp-block-heading\" id=\"h-defaillances-de-controle-et-vide-institutionnel\">D\u00e9faillances de contr\u00f4le et vide institutionnel<\/h2>\n\n\n\n<p>L\u2019\u00e9tude souligne \u00e9galement de graves lacunes en mati\u00e8re de contr\u00f4le. Selon Houssine Rhili, les inspections sur le terrain restent insuffisantes, tandis que les fronti\u00e8res demeurent poreuses \u00e0 l\u2019entr\u00e9e de produits phytosanitaires parfois interdits ailleurs.<\/p>\n\n\n\n<p>\u00c0 cela s\u2019ajoutent une dispersion des textes et des institutions ainsi que l\u2019absence de juridictions sp\u00e9cialis\u00e9es en mati\u00e8re environnementale. Autant de facteurs qui entravent l\u2019efficacit\u00e9 de l\u2019action publique.<\/p>\n\n\n\n<h2 class=\"wp-block-heading\" id=\"h-l-agroecologie-une-alternative-strategique\">L\u2019agro\u00e9cologie, une alternative strat\u00e9gique<\/h2>\n\n\n\n<p>Face \u00e0 ce constat, les experts plaident pour une transition vers un mod\u00e8le agro\u00e9cologique. D\u00e9fendue notamment par Maha Mouelhi, agricultrice et consultante en agro\u00e9cologie et permaculture, cette approche repose sur la diversit\u00e9 des cultures, la fertilit\u00e9 naturelle des sols et la r\u00e9duction des intrants chimiques.<\/p>\n\n\n\n<p>Au-del\u00e0 d\u2019un choix technique, il s\u2019agit d\u2019un enjeu de souverainet\u00e9 alimentaire et environnementale. Le retour aux semences locales, plus adapt\u00e9es et moins d\u00e9pendantes des produits chimiques, est \u00e9galement pr\u00e9conis\u00e9.<\/p>\n\n\n\n<p>Les auteurs de l\u2019\u00e9tude appellent \u00e0 une transformation en profondeur du secteur agricole, fond\u00e9e sur une volont\u00e9 politique claire, des r\u00e9formes structurelles et une vision \u00e0 long terme. Le retard dans l\u2019adoption de textes cl\u00e9s, comme le code des eaux, est vivement critiqu\u00e9.<\/p>\n\n\n\n<blockquote class=\"wp-block-quote is-layout-flow wp-block-quote-is-layout-flow\">\n<ul class=\"wp-block-list\">\n<li class=\"has-medium-font-size\"><strong>Lire aussi : <\/strong><a href=\"https:\/\/www.webdo.tn\/fr\/actualite\/national\/agriculture-le-gouvernement-fixe-sa-feuille-de-route-2030-pour-la-souverainete-alimentaire\/396278\/\">Agriculture : Le gouvernement fixe sa feuille de route 2030 pour la souverainet\u00e9 alimentaire<\/a><\/li>\n<\/ul>\n<\/blockquote>\n","protected":false},"excerpt":{"rendered":"<p>Une \u00e9tude r\u00e9cente pr\u00e9sent\u00e9e \u00e0 Tunis alerte sur une aggravation durable de la pollution agricole en Tunisie. Loin d\u2019un ph\u00e9nom\u00e8ne conjoncturel, elle d\u00e9crit une crise structurelle qui menace sols, ressources hydriques et sant\u00e9 publique. Les auteurs appellent \u00e0 une refonte urgente du mod\u00e8le agricole et de la gouvernance environnementale. Un mod\u00e8le agricole \u00e0 bout de [&hellip;]<\/p>\n","protected":false},"author":4782,"featured_media":396282,"comment_status":"closed","ping_status":"closed","sticky":false,"template":"","format":"standard","meta":{"footnotes":""},"categories":[44],"tags":[3271,14056,2608],"class_list":["post-396980","post","type-post","status-publish","format-standard","has-post-thumbnail","hentry","category-national","tag-agriculture","tag-pollution-agricole","tag-tunisie"],"yoast_head":"<!-- This site is optimized with the Yoast SEO Premium plugin v27.4 (Yoast SEO v27.5) - https:\/\/yoast.com\/product\/yoast-seo-premium-wordpress\/ -->\n<title>Tunisie : La pollution agricole s\u2019installe en crise structurelle, l\u2019alerte des experts - webdo<\/title>\n<meta name=\"description\" content=\"La pollution agricole en Tunisie n\u00e9cessite une usine pour r\u00e9\u00e9valuer les lois et prot\u00e9ger les ressources naturelles en d\u00e9t\u00e9rioration.\" \/>\n<link rel=\"canonical\" href=\"https:\/\/www.webdo.tn\/fr\/actualite\/national\/tunisie-la-pollution-agricole-sinstalle-en-crise-structurelle-lalerte-des-experts\/396980\/\" \/>\n<meta property=\"og:locale\" content=\"fr_FR\" \/>\n<meta property=\"og:type\" content=\"article\" \/>\n<meta property=\"og:title\" content=\"Tunisie : La pollution agricole s\u2019installe en crise structurelle, l\u2019alerte des experts\" \/>\n<meta property=\"og:description\" content=\"La pollution agricole en Tunisie n\u00e9cessite une usine pour r\u00e9\u00e9valuer les lois et prot\u00e9ger les ressources naturelles en d\u00e9t\u00e9rioration.\" \/>\n<meta property=\"og:url\" content=\"https:\/\/www.webdo.tn\/fr\/actualite\/national\/tunisie-la-pollution-agricole-sinstalle-en-crise-structurelle-lalerte-des-experts\/396980\/\" \/>\n<meta property=\"og:site_name\" content=\"webdo\" \/>\n<meta property=\"article:publisher\" content=\"https:\/\/www.facebook.com\/webdotn\" \/>\n<meta property=\"article:published_time\" content=\"2026-04-28T11:52:46+00:00\" \/>\n<meta property=\"article:modified_time\" content=\"2026-04-28T11:52:47+00:00\" \/>\n<meta property=\"og:image\" content=\"https:\/\/www.webdo.tn\/fr\/wp-content\/uploads\/2026\/04\/agriculture-1.jpg\" \/>\n\t<meta property=\"og:image:width\" content=\"1200\" \/>\n\t<meta property=\"og:image:height\" content=\"600\" \/>\n\t<meta property=\"og:image:type\" content=\"image\/jpeg\" \/>\n<meta name=\"author\" content=\"Mohamed Fethi\" \/>\n<meta name=\"twitter:card\" content=\"summary_large_image\" \/>\n<meta name=\"twitter:creator\" content=\"@webdo_tn\" \/>\n<meta name=\"twitter:site\" content=\"@webdo_tn\" \/>\n<meta name=\"twitter:label1\" content=\"\u00c9crit par\" \/>\n\t<meta name=\"twitter:data1\" content=\"Mohamed Fethi\" \/>\n\t<meta name=\"twitter:label2\" content=\"Dur\u00e9e de lecture estim\u00e9e\" \/>\n\t<meta name=\"twitter:data2\" content=\"3 minutes\" \/>\n<script type=\"application\/ld+json\" class=\"yoast-schema-graph\">{\"@context\":\"https:\\\/\\\/schema.org\",\"@graph\":[{\"@type\":\"NewsArticle\",\"@id\":\"https:\\\/\\\/www.webdo.tn\\\/fr\\\/actualite\\\/national\\\/tunisie-la-pollution-agricole-sinstalle-en-crise-structurelle-lalerte-des-experts\\\/396980\\\/#article\",\"isPartOf\":{\"@id\":\"https:\\\/\\\/www.webdo.tn\\\/fr\\\/actualite\\\/national\\\/tunisie-la-pollution-agricole-sinstalle-en-crise-structurelle-lalerte-des-experts\\\/396980\\\/\"},\"author\":{\"name\":\"Mohamed Fethi\",\"@id\":\"https:\\\/\\\/www.webdo.tn\\\/fr\\\/#\\\/schema\\\/person\\\/16a4857e77dfc0b610c4c2cadffc9ac4\"},\"headline\":\"Tunisie : La pollution agricole s\u2019installe en crise structurelle, l\u2019alerte des experts\",\"datePublished\":\"2026-04-28T11:52:46+00:00\",\"dateModified\":\"2026-04-28T11:52:47+00:00\",\"mainEntityOfPage\":{\"@id\":\"https:\\\/\\\/www.webdo.tn\\\/fr\\\/actualite\\\/national\\\/tunisie-la-pollution-agricole-sinstalle-en-crise-structurelle-lalerte-des-experts\\\/396980\\\/\"},\"wordCount\":515,\"publisher\":{\"@id\":\"https:\\\/\\\/www.webdo.tn\\\/fr\\\/#organization\"},\"image\":{\"@id\":\"https:\\\/\\\/www.webdo.tn\\\/fr\\\/actualite\\\/national\\\/tunisie-la-pollution-agricole-sinstalle-en-crise-structurelle-lalerte-des-experts\\\/396980\\\/#primaryimage\"},\"thumbnailUrl\":\"https:\\\/\\\/www.webdo.tn\\\/fr\\\/wp-content\\\/uploads\\\/2026\\\/04\\\/agriculture-1.jpg\",\"keywords\":[\"agriculture\",\"pollution agricole\",\"Tunisie\"],\"articleSection\":[\"National\"],\"inLanguage\":\"fr-FR\"},{\"@type\":\"WebPage\",\"@id\":\"https:\\\/\\\/www.webdo.tn\\\/fr\\\/actualite\\\/national\\\/tunisie-la-pollution-agricole-sinstalle-en-crise-structurelle-lalerte-des-experts\\\/396980\\\/\",\"url\":\"https:\\\/\\\/www.webdo.tn\\\/fr\\\/actualite\\\/national\\\/tunisie-la-pollution-agricole-sinstalle-en-crise-structurelle-lalerte-des-experts\\\/396980\\\/\",\"name\":\"Tunisie : La pollution agricole s\u2019installe en crise structurelle, l\u2019alerte des experts - webdo\",\"isPartOf\":{\"@id\":\"https:\\\/\\\/www.webdo.tn\\\/fr\\\/#website\"},\"primaryImageOfPage\":{\"@id\":\"https:\\\/\\\/www.webdo.tn\\\/fr\\\/actualite\\\/national\\\/tunisie-la-pollution-agricole-sinstalle-en-crise-structurelle-lalerte-des-experts\\\/396980\\\/#primaryimage\"},\"image\":{\"@id\":\"https:\\\/\\\/www.webdo.tn\\\/fr\\\/actualite\\\/national\\\/tunisie-la-pollution-agricole-sinstalle-en-crise-structurelle-lalerte-des-experts\\\/396980\\\/#primaryimage\"},\"thumbnailUrl\":\"https:\\\/\\\/www.webdo.tn\\\/fr\\\/wp-content\\\/uploads\\\/2026\\\/04\\\/agriculture-1.jpg\",\"datePublished\":\"2026-04-28T11:52:46+00:00\",\"dateModified\":\"2026-04-28T11:52:47+00:00\",\"description\":\"La pollution agricole en Tunisie n\u00e9cessite une usine pour r\u00e9\u00e9valuer les lois et prot\u00e9ger les ressources naturelles en d\u00e9t\u00e9rioration.\",\"breadcrumb\":{\"@id\":\"https:\\\/\\\/www.webdo.tn\\\/fr\\\/actualite\\\/national\\\/tunisie-la-pollution-agricole-sinstalle-en-crise-structurelle-lalerte-des-experts\\\/396980\\\/#breadcrumb\"},\"inLanguage\":\"fr-FR\",\"potentialAction\":[{\"@type\":\"ReadAction\",\"target\":[\"https:\\\/\\\/www.webdo.tn\\\/fr\\\/actualite\\\/national\\\/tunisie-la-pollution-agricole-sinstalle-en-crise-structurelle-lalerte-des-experts\\\/396980\\\/\"]}]},{\"@type\":\"ImageObject\",\"inLanguage\":\"fr-FR\",\"@id\":\"https:\\\/\\\/www.webdo.tn\\\/fr\\\/actualite\\\/national\\\/tunisie-la-pollution-agricole-sinstalle-en-crise-structurelle-lalerte-des-experts\\\/396980\\\/#primaryimage\",\"url\":\"https:\\\/\\\/www.webdo.tn\\\/fr\\\/wp-content\\\/uploads\\\/2026\\\/04\\\/agriculture-1.jpg\",\"contentUrl\":\"https:\\\/\\\/www.webdo.tn\\\/fr\\\/wp-content\\\/uploads\\\/2026\\\/04\\\/agriculture-1.jpg\",\"width\":1200,\"height\":600,\"caption\":\"Tunisie : La pollution agricole s\u2019installe en crise structurelle, l\u2019alerte des experts\"},{\"@type\":\"BreadcrumbList\",\"@id\":\"https:\\\/\\\/www.webdo.tn\\\/fr\\\/actualite\\\/national\\\/tunisie-la-pollution-agricole-sinstalle-en-crise-structurelle-lalerte-des-experts\\\/396980\\\/#breadcrumb\",\"itemListElement\":[{\"@type\":\"ListItem\",\"position\":1,\"name\":\"Accueil\",\"item\":\"https:\\\/\\\/www.webdo.tn\\\/fr\\\/\"},{\"@type\":\"ListItem\",\"position\":2,\"name\":\"Tunisie : La pollution agricole s\u2019installe en crise structurelle, l\u2019alerte des experts\"}]},{\"@type\":\"WebSite\",\"@id\":\"https:\\\/\\\/www.webdo.tn\\\/fr\\\/#website\",\"url\":\"https:\\\/\\\/www.webdo.tn\\\/fr\\\/\",\"name\":\"webdo\",\"description\":\"Tunisie - News en Tunisie et \u00e0 l&#039;international sur Webdo.tn\",\"publisher\":{\"@id\":\"https:\\\/\\\/www.webdo.tn\\\/fr\\\/#organization\"},\"potentialAction\":[{\"@type\":\"SearchAction\",\"target\":{\"@type\":\"EntryPoint\",\"urlTemplate\":\"https:\\\/\\\/www.webdo.tn\\\/fr\\\/?s={search_term_string}\"},\"query-input\":{\"@type\":\"PropertyValueSpecification\",\"valueRequired\":true,\"valueName\":\"search_term_string\"}}],\"inLanguage\":\"fr-FR\"},{\"@type\":\"Organization\",\"@id\":\"https:\\\/\\\/www.webdo.tn\\\/fr\\\/#organization\",\"name\":\"Webdo\",\"alternateName\":\"Webdo.tn\",\"url\":\"https:\\\/\\\/www.webdo.tn\\\/fr\\\/\",\"logo\":{\"@type\":\"ImageObject\",\"inLanguage\":\"fr-FR\",\"@id\":\"https:\\\/\\\/www.webdo.tn\\\/fr\\\/#\\\/schema\\\/logo\\\/image\\\/\",\"url\":\"https:\\\/\\\/www.webdo.tn\\\/fr\\\/wp-content\\\/uploads\\\/2025\\\/06\\\/Webdo-Tunisie_168377.jpg\",\"contentUrl\":\"https:\\\/\\\/www.webdo.tn\\\/fr\\\/wp-content\\\/uploads\\\/2025\\\/06\\\/Webdo-Tunisie_168377.jpg\",\"width\":301,\"height\":301,\"caption\":\"Webdo\"},\"image\":{\"@id\":\"https:\\\/\\\/www.webdo.tn\\\/fr\\\/#\\\/schema\\\/logo\\\/image\\\/\"},\"sameAs\":[\"https:\\\/\\\/www.facebook.com\\\/webdotn\",\"https:\\\/\\\/x.com\\\/webdo_tn\"],\"description\":\"Webdo est un m\u00e9dia num\u00e9rique tunisien fond\u00e9 en 2010, sp\u00e9cialis\u00e9 dans l\u2019actualit\u00e9 nationale et internationale, l\u2019\u00e9conomie, la soci\u00e9t\u00e9 et les analyses politiques. Le site s\u2019adresse \u00e0 un large public francophone et couvre l\u2019information tunisienne en temps r\u00e9el.\",\"email\":\"redac@webdo.tn\",\"legalName\":\"YNJ SARL\",\"foundingDate\":\"2010-09-06\",\"numberOfEmployees\":{\"@type\":\"QuantitativeValue\",\"minValue\":\"11\",\"maxValue\":\"50\"}},{\"@type\":\"Person\",\"@id\":\"https:\\\/\\\/www.webdo.tn\\\/fr\\\/#\\\/schema\\\/person\\\/16a4857e77dfc0b610c4c2cadffc9ac4\",\"name\":\"Mohamed Fethi\",\"image\":{\"@type\":\"ImageObject\",\"inLanguage\":\"fr-FR\",\"@id\":\"https:\\\/\\\/www.webdo.tn\\\/fr\\\/wp-content\\\/uploads\\\/2026\\\/04\\\/mohamed-fethi_avatar_1-96x96.jpg\",\"url\":\"https:\\\/\\\/www.webdo.tn\\\/fr\\\/wp-content\\\/uploads\\\/2026\\\/04\\\/mohamed-fethi_avatar_1-96x96.jpg\",\"contentUrl\":\"https:\\\/\\\/www.webdo.tn\\\/fr\\\/wp-content\\\/uploads\\\/2026\\\/04\\\/mohamed-fethi_avatar_1-96x96.jpg\",\"caption\":\"Mohamed Fethi\"},\"description\":\"Signature \u00e9ditoriale de Maher Chaabane Mohamed Fethi est le pseudonyme \u00e9ditorial de Maher Chaabane, r\u00e9dacteur en chef de Webdo.tn depuis 2012. Cette signature est d\u00e9di\u00e9e au traitement intensif de l'actualit\u00e9 nationale et internationale en temps r\u00e9el. S'appuyant sur les deux d\u00e9cennies d'expertise journalistique de Maher Chaabane \u2014 d\u00e9but\u00e9e au sein du groupe Tunis Hebdo en 2000 \u2014 Mohamed Fethi assure une veille rigoureuse sur les enjeux politiques, \u00e9conomiques et sportifs. Sa mission est de garantir une information structur\u00e9e, fluide et fid\u00e8le aux standards de la r\u00e9daction. Pour consulter le parcours complet du r\u00e9dacteur en chef, visitez le profil officiel de Maher Chaabane.\",\"knowsAbout\":[\"actualit\u00e9\",\"journalisme\",\"information\",\"politique\",\"sport\",\"m\u00e9dias\",\"actualit\u00e9 internationale\"],\"knowsLanguage\":[\"Fran\u00e7ais\",\"Arabe\"],\"jobTitle\":\"Journaliste \u2013 R\u00e9daction Webdo\",\"worksFor\":\"Webdo.tn\",\"url\":\"https:\\\/\\\/www.webdo.tn\\\/fr\\\/actualite\\\/author\\\/mohamed-fethi\\\/\"}]}<\/script>\n<!-- \/ Yoast SEO Premium plugin. -->","yoast_head_json":{"title":"Tunisie : La pollution agricole s\u2019installe en crise structurelle, l\u2019alerte des experts - webdo","description":"La pollution agricole en Tunisie n\u00e9cessite une usine pour r\u00e9\u00e9valuer les lois et prot\u00e9ger les ressources naturelles en d\u00e9t\u00e9rioration.","canonical":"https:\/\/www.webdo.tn\/fr\/actualite\/national\/tunisie-la-pollution-agricole-sinstalle-en-crise-structurelle-lalerte-des-experts\/396980\/","og_locale":"fr_FR","og_type":"article","og_title":"Tunisie : La pollution agricole s\u2019installe en crise structurelle, l\u2019alerte des experts","og_description":"La pollution agricole en Tunisie n\u00e9cessite une usine pour r\u00e9\u00e9valuer les lois et prot\u00e9ger les ressources naturelles en d\u00e9t\u00e9rioration.","og_url":"https:\/\/www.webdo.tn\/fr\/actualite\/national\/tunisie-la-pollution-agricole-sinstalle-en-crise-structurelle-lalerte-des-experts\/396980\/","og_site_name":"webdo","article_publisher":"https:\/\/www.facebook.com\/webdotn","article_published_time":"2026-04-28T11:52:46+00:00","article_modified_time":"2026-04-28T11:52:47+00:00","og_image":[{"width":1200,"height":600,"url":"https:\/\/www.webdo.tn\/fr\/wp-content\/uploads\/2026\/04\/agriculture-1.jpg","type":"image\/jpeg"}],"author":"Mohamed Fethi","twitter_card":"summary_large_image","twitter_creator":"@webdo_tn","twitter_site":"@webdo_tn","twitter_misc":{"\u00c9crit par":"Mohamed Fethi","Dur\u00e9e de lecture estim\u00e9e":"3 minutes"},"schema":{"@context":"https:\/\/schema.org","@graph":[{"@type":"NewsArticle","@id":"https:\/\/www.webdo.tn\/fr\/actualite\/national\/tunisie-la-pollution-agricole-sinstalle-en-crise-structurelle-lalerte-des-experts\/396980\/#article","isPartOf":{"@id":"https:\/\/www.webdo.tn\/fr\/actualite\/national\/tunisie-la-pollution-agricole-sinstalle-en-crise-structurelle-lalerte-des-experts\/396980\/"},"author":{"name":"Mohamed Fethi","@id":"https:\/\/www.webdo.tn\/fr\/#\/schema\/person\/16a4857e77dfc0b610c4c2cadffc9ac4"},"headline":"Tunisie : La pollution agricole s\u2019installe en crise structurelle, l\u2019alerte des experts","datePublished":"2026-04-28T11:52:46+00:00","dateModified":"2026-04-28T11:52:47+00:00","mainEntityOfPage":{"@id":"https:\/\/www.webdo.tn\/fr\/actualite\/national\/tunisie-la-pollution-agricole-sinstalle-en-crise-structurelle-lalerte-des-experts\/396980\/"},"wordCount":515,"publisher":{"@id":"https:\/\/www.webdo.tn\/fr\/#organization"},"image":{"@id":"https:\/\/www.webdo.tn\/fr\/actualite\/national\/tunisie-la-pollution-agricole-sinstalle-en-crise-structurelle-lalerte-des-experts\/396980\/#primaryimage"},"thumbnailUrl":"https:\/\/www.webdo.tn\/fr\/wp-content\/uploads\/2026\/04\/agriculture-1.jpg","keywords":["agriculture","pollution agricole","Tunisie"],"articleSection":["National"],"inLanguage":"fr-FR"},{"@type":"WebPage","@id":"https:\/\/www.webdo.tn\/fr\/actualite\/national\/tunisie-la-pollution-agricole-sinstalle-en-crise-structurelle-lalerte-des-experts\/396980\/","url":"https:\/\/www.webdo.tn\/fr\/actualite\/national\/tunisie-la-pollution-agricole-sinstalle-en-crise-structurelle-lalerte-des-experts\/396980\/","name":"Tunisie : La pollution agricole s\u2019installe en crise structurelle, l\u2019alerte des experts - webdo","isPartOf":{"@id":"https:\/\/www.webdo.tn\/fr\/#website"},"primaryImageOfPage":{"@id":"https:\/\/www.webdo.tn\/fr\/actualite\/national\/tunisie-la-pollution-agricole-sinstalle-en-crise-structurelle-lalerte-des-experts\/396980\/#primaryimage"},"image":{"@id":"https:\/\/www.webdo.tn\/fr\/actualite\/national\/tunisie-la-pollution-agricole-sinstalle-en-crise-structurelle-lalerte-des-experts\/396980\/#primaryimage"},"thumbnailUrl":"https:\/\/www.webdo.tn\/fr\/wp-content\/uploads\/2026\/04\/agriculture-1.jpg","datePublished":"2026-04-28T11:52:46+00:00","dateModified":"2026-04-28T11:52:47+00:00","description":"La pollution agricole en Tunisie n\u00e9cessite une usine pour r\u00e9\u00e9valuer les lois et prot\u00e9ger les ressources naturelles en d\u00e9t\u00e9rioration.","breadcrumb":{"@id":"https:\/\/www.webdo.tn\/fr\/actualite\/national\/tunisie-la-pollution-agricole-sinstalle-en-crise-structurelle-lalerte-des-experts\/396980\/#breadcrumb"},"inLanguage":"fr-FR","potentialAction":[{"@type":"ReadAction","target":["https:\/\/www.webdo.tn\/fr\/actualite\/national\/tunisie-la-pollution-agricole-sinstalle-en-crise-structurelle-lalerte-des-experts\/396980\/"]}]},{"@type":"ImageObject","inLanguage":"fr-FR","@id":"https:\/\/www.webdo.tn\/fr\/actualite\/national\/tunisie-la-pollution-agricole-sinstalle-en-crise-structurelle-lalerte-des-experts\/396980\/#primaryimage","url":"https:\/\/www.webdo.tn\/fr\/wp-content\/uploads\/2026\/04\/agriculture-1.jpg","contentUrl":"https:\/\/www.webdo.tn\/fr\/wp-content\/uploads\/2026\/04\/agriculture-1.jpg","width":1200,"height":600,"caption":"Tunisie : La pollution agricole s\u2019installe en crise structurelle, l\u2019alerte des experts"},{"@type":"BreadcrumbList","@id":"https:\/\/www.webdo.tn\/fr\/actualite\/national\/tunisie-la-pollution-agricole-sinstalle-en-crise-structurelle-lalerte-des-experts\/396980\/#breadcrumb","itemListElement":[{"@type":"ListItem","position":1,"name":"Accueil","item":"https:\/\/www.webdo.tn\/fr\/"},{"@type":"ListItem","position":2,"name":"Tunisie : La pollution agricole s\u2019installe en crise structurelle, l\u2019alerte des experts"}]},{"@type":"WebSite","@id":"https:\/\/www.webdo.tn\/fr\/#website","url":"https:\/\/www.webdo.tn\/fr\/","name":"webdo","description":"Tunisie - News en Tunisie et \u00e0 l&#039;international sur Webdo.tn","publisher":{"@id":"https:\/\/www.webdo.tn\/fr\/#organization"},"potentialAction":[{"@type":"SearchAction","target":{"@type":"EntryPoint","urlTemplate":"https:\/\/www.webdo.tn\/fr\/?s={search_term_string}"},"query-input":{"@type":"PropertyValueSpecification","valueRequired":true,"valueName":"search_term_string"}}],"inLanguage":"fr-FR"},{"@type":"Organization","@id":"https:\/\/www.webdo.tn\/fr\/#organization","name":"Webdo","alternateName":"Webdo.tn","url":"https:\/\/www.webdo.tn\/fr\/","logo":{"@type":"ImageObject","inLanguage":"fr-FR","@id":"https:\/\/www.webdo.tn\/fr\/#\/schema\/logo\/image\/","url":"https:\/\/www.webdo.tn\/fr\/wp-content\/uploads\/2025\/06\/Webdo-Tunisie_168377.jpg","contentUrl":"https:\/\/www.webdo.tn\/fr\/wp-content\/uploads\/2025\/06\/Webdo-Tunisie_168377.jpg","width":301,"height":301,"caption":"Webdo"},"image":{"@id":"https:\/\/www.webdo.tn\/fr\/#\/schema\/logo\/image\/"},"sameAs":["https:\/\/www.facebook.com\/webdotn","https:\/\/x.com\/webdo_tn"],"description":"Webdo est un m\u00e9dia num\u00e9rique tunisien fond\u00e9 en 2010, sp\u00e9cialis\u00e9 dans l\u2019actualit\u00e9 nationale et internationale, l\u2019\u00e9conomie, la soci\u00e9t\u00e9 et les analyses politiques. Le site s\u2019adresse \u00e0 un large public francophone et couvre l\u2019information tunisienne en temps r\u00e9el.","email":"redac@webdo.tn","legalName":"YNJ SARL","foundingDate":"2010-09-06","numberOfEmployees":{"@type":"QuantitativeValue","minValue":"11","maxValue":"50"}},{"@type":"Person","@id":"https:\/\/www.webdo.tn\/fr\/#\/schema\/person\/16a4857e77dfc0b610c4c2cadffc9ac4","name":"Mohamed Fethi","image":{"@type":"ImageObject","inLanguage":"fr-FR","@id":"https:\/\/www.webdo.tn\/fr\/wp-content\/uploads\/2026\/04\/mohamed-fethi_avatar_1-96x96.jpg","url":"https:\/\/www.webdo.tn\/fr\/wp-content\/uploads\/2026\/04\/mohamed-fethi_avatar_1-96x96.jpg","contentUrl":"https:\/\/www.webdo.tn\/fr\/wp-content\/uploads\/2026\/04\/mohamed-fethi_avatar_1-96x96.jpg","caption":"Mohamed Fethi"},"description":"Signature \u00e9ditoriale de Maher Chaabane Mohamed Fethi est le pseudonyme \u00e9ditorial de Maher Chaabane, r\u00e9dacteur en chef de Webdo.tn depuis 2012. Cette signature est d\u00e9di\u00e9e au traitement intensif de l'actualit\u00e9 nationale et internationale en temps r\u00e9el. S'appuyant sur les deux d\u00e9cennies d'expertise journalistique de Maher Chaabane \u2014 d\u00e9but\u00e9e au sein du groupe Tunis Hebdo en 2000 \u2014 Mohamed Fethi assure une veille rigoureuse sur les enjeux politiques, \u00e9conomiques et sportifs. Sa mission est de garantir une information structur\u00e9e, fluide et fid\u00e8le aux standards de la r\u00e9daction. Pour consulter le parcours complet du r\u00e9dacteur en chef, visitez le profil officiel de Maher Chaabane.","knowsAbout":["actualit\u00e9","journalisme","information","politique","sport","m\u00e9dias","actualit\u00e9 internationale"],"knowsLanguage":["Fran\u00e7ais","Arabe"],"jobTitle":"Journaliste \u2013 R\u00e9daction Webdo","worksFor":"Webdo.tn","url":"https:\/\/www.webdo.tn\/fr\/actualite\/author\/mohamed-fethi\/"}]}},"_links":{"self":[{"href":"https:\/\/www.webdo.tn\/fr\/wp-json\/wp\/v2\/posts\/396980","targetHints":{"allow":["GET"]}}],"collection":[{"href":"https:\/\/www.webdo.tn\/fr\/wp-json\/wp\/v2\/posts"}],"about":[{"href":"https:\/\/www.webdo.tn\/fr\/wp-json\/wp\/v2\/types\/post"}],"author":[{"embeddable":true,"href":"https:\/\/www.webdo.tn\/fr\/wp-json\/wp\/v2\/users\/4782"}],"replies":[{"embeddable":true,"href":"https:\/\/www.webdo.tn\/fr\/wp-json\/wp\/v2\/comments?post=396980"}],"version-history":[{"count":1,"href":"https:\/\/www.webdo.tn\/fr\/wp-json\/wp\/v2\/posts\/396980\/revisions"}],"predecessor-version":[{"id":396981,"href":"https:\/\/www.webdo.tn\/fr\/wp-json\/wp\/v2\/posts\/396980\/revisions\/396981"}],"wp:featuredmedia":[{"embeddable":true,"href":"https:\/\/www.webdo.tn\/fr\/wp-json\/wp\/v2\/media\/396282"}],"wp:attachment":[{"href":"https:\/\/www.webdo.tn\/fr\/wp-json\/wp\/v2\/media?parent=396980"}],"wp:term":[{"taxonomy":"category","embeddable":true,"href":"https:\/\/www.webdo.tn\/fr\/wp-json\/wp\/v2\/categories?post=396980"},{"taxonomy":"post_tag","embeddable":true,"href":"https:\/\/www.webdo.tn\/fr\/wp-json\/wp\/v2\/tags?post=396980"}],"curies":[{"name":"wp","href":"https:\/\/api.w.org\/{rel}","templated":true}]}}