{"id":396977,"date":"2026-04-28T12:41:33","date_gmt":"2026-04-28T11:41:33","guid":{"rendered":"https:\/\/www.webdo.tn\/fr\/?p=396977"},"modified":"2026-04-28T12:41:34","modified_gmt":"2026-04-28T11:41:34","slug":"travail-informel-45-des-actifs-echappent-encore-a-la-securite-sociale","status":"publish","type":"post","link":"https:\/\/www.webdo.tn\/fr\/actualite\/national\/travail-informel-45-des-actifs-echappent-encore-a-la-securite-sociale\/396977\/","title":{"rendered":"Travail informel : 45% des actifs \u00e9chappent encore \u00e0 la s\u00e9curit\u00e9 sociale"},"content":{"rendered":"\n<p><strong>Pr\u00e8s de 45% de la population active tunisienne travaille dans le secteur informel, a alert\u00e9 le ministre des Affaires sociales, Issam Lahmar. Cette situation met en \u00e9vidence l\u2019urgence d\u2019int\u00e9grer ces travailleurs dans le syst\u00e8me de s\u00e9curit\u00e9 sociale. L\u2019objectif est de renforcer la protection sociale dans un contexte de profondes mutations \u00e9conomiques et d\u00e9mographiques.<\/strong><\/p>\n\n\n\n<h2 class=\"wp-block-heading\" id=\"h-l-integration-de-l-informel-levier-central-de-reforme\">L\u2019int\u00e9gration de l\u2019informel, levier central de r\u00e9forme<\/h2>\n\n\n\n<p>S\u2019exprimant lors d\u2019une session de formation organis\u00e9e au profit de journalistes, le ministre a insist\u00e9 sur la n\u00e9cessit\u00e9 d\u2019adopter une approche pragmatique, adapt\u00e9e aux r\u00e9alit\u00e9s du terrain. L\u2019int\u00e9gration progressive des travailleurs du secteur informel appara\u00eet comme un levier cl\u00e9 pour \u00e9largir la couverture sociale et r\u00e9duire les in\u00e9galit\u00e9s.<\/p>\n\n\n\n<blockquote class=\"wp-block-quote is-layout-flow wp-block-quote-is-layout-flow\">\n<ul class=\"wp-block-list\">\n<li class=\"has-medium-font-size\"><strong>Lire aussi :<\/strong> <a href=\"https:\/\/www.webdo.tn\/fr\/actualite\/national\/tunisie-45-de-la-population-active-employee-dans-l-informel\/206378\/\">Tunisie : 45% de la population active employ\u00e9e dans l\u2019informel !<\/a><\/li>\n<\/ul>\n<\/blockquote>\n\n\n\n<p>Dans cette optique, le minist\u00e8re mise sur plusieurs dispositifs : garantie d\u2019un revenu minimum, \u00e9largissement de la couverture sanitaire, soutien financier aux enfants et prise en charge des personnes \u00e2g\u00e9es. \u00c0 cela s\u2019ajoute la mise en place de cartes de soins \u00e9lectroniques, cens\u00e9es am\u00e9liorer la transparence et garantir un acc\u00e8s \u00e9quitable aux services de sant\u00e9.<\/p>\n\n\n\n<h2 class=\"wp-block-heading\" id=\"h-nouvelles-formes-de-travail-et-cadre-legislatif-en-gestation\">Nouvelles formes de travail et cadre l\u00e9gislatif en gestation<\/h2>\n\n\n\n<p>Face \u00e0 l\u2019\u00e9mergence des plateformes num\u00e9riques et des formes atypiques d\u2019emploi, le minist\u00e8re adopte une approche anticipative. Une convention a ainsi \u00e9t\u00e9 sign\u00e9e avec Organisation internationale du Travail afin d\u2019encadrer ces nouveaux modes de travail et de les int\u00e9grer dans le syst\u00e8me de couverture sociale.<\/p>\n\n\n\n<p>Parall\u00e8lement, un cadre l\u00e9gislatif national est en cours d\u2019\u00e9laboration pour accompagner ces transformations et mieux prot\u00e9ger les travailleurs concern\u00e9s.<\/p>\n\n\n\n<blockquote class=\"wp-block-quote is-layout-flow wp-block-quote-is-layout-flow\">\n<ul class=\"wp-block-list\">\n<li class=\"has-medium-font-size\"><strong>Lire aussi :<\/strong> <a href=\"https:\/\/www.webdo.tn\/fr\/actualite\/tunis-hebdo\/l-economie-informelle-notre-planche-de-salut\/200580\/\">L\u2019\u00e9conomie informelle, notre planche de salut !<\/a><\/li>\n<\/ul>\n<\/blockquote>\n\n\n\n<h2 class=\"wp-block-heading\" id=\"h-un-systeme-sous-pression-demographique-et-financiere\">Un syst\u00e8me sous pression d\u00e9mographique et financi\u00e8re<\/h2>\n\n\n\n<p>Le ministre a \u00e9galement mis en garde contre les d\u00e9s\u00e9quilibres structurels du syst\u00e8me actuel. Le vieillissement de la population et la baisse du taux de f\u00e9condit\u00e9 r\u00e9duisent le nombre d\u2019actifs cotisants face \u00e0 une population croissante de retrait\u00e9s, fragilisant ainsi le financement des pensions.<\/p>\n\n\n\n<p>Dans ce contexte, la r\u00e9forme de la s\u00e9curit\u00e9 sociale passe par la diversification des sources de financement et une rupture avec les sch\u00e9mas traditionnels.<\/p>\n\n\n\n<blockquote class=\"wp-block-quote is-layout-flow wp-block-quote-is-layout-flow\">\n<ul class=\"wp-block-list\">\n<li class=\"has-medium-font-size\"><strong>Lire aussi :<\/strong> <a href=\"https:\/\/www.webdo.tn\/fr\/actualite\/national\/tunisie-16-millions-de-travailleurs-dans-le-secteur-informel\/130993\/\">Tunisie\u00a0: 1,6 million de travailleurs dans le secteur informel<\/a><\/li>\n<\/ul>\n<\/blockquote>\n","protected":false},"excerpt":{"rendered":"<p>Pr\u00e8s de 45% de la population active tunisienne travaille dans le secteur informel, a alert\u00e9 le ministre des Affaires sociales, Issam Lahmar. Cette situation met en \u00e9vidence l\u2019urgence d\u2019int\u00e9grer ces travailleurs dans le syst\u00e8me de s\u00e9curit\u00e9 sociale. L\u2019objectif est de renforcer la protection sociale dans un contexte de profondes mutations \u00e9conomiques et d\u00e9mographiques. L\u2019int\u00e9gration de [&hellip;]<\/p>\n","protected":false},"author":4782,"featured_media":396978,"comment_status":"closed","ping_status":"closed","sticky":false,"template":"","format":"standard","meta":{"footnotes":""},"categories":[44],"tags":[8342,13951,14055,2608],"class_list":["post-396977","post","type-post","status-publish","format-standard","has-post-thumbnail","hentry","category-national","tag-secteur-informel","tag-securite-sociale","tag-travail-informel","tag-tunisie"],"yoast_head":"<!-- This site is optimized with the Yoast SEO Premium plugin v27.4 (Yoast SEO v27.5) - https:\/\/yoast.com\/product\/yoast-seo-premium-wordpress\/ -->\n<title>Travail informel : 45% des actifs \u00e9chappent encore \u00e0 la s\u00e9curit\u00e9 sociale - webdo<\/title>\n<meta name=\"description\" content=\"Apprenez comment le travail informel touche pr\u00e8s de 45% des Tunisiens et pourquoi son int\u00e9gration est cruciale pour la protection sociale.\" \/>\n<link rel=\"canonical\" href=\"https:\/\/www.webdo.tn\/fr\/actualite\/national\/travail-informel-45-des-actifs-echappent-encore-a-la-securite-sociale\/396977\/\" \/>\n<meta property=\"og:locale\" content=\"fr_FR\" \/>\n<meta property=\"og:type\" content=\"article\" \/>\n<meta property=\"og:title\" content=\"Travail informel : 45% des actifs \u00e9chappent encore \u00e0 la s\u00e9curit\u00e9 sociale\" \/>\n<meta property=\"og:description\" content=\"Apprenez comment le travail informel touche pr\u00e8s de 45% des Tunisiens et pourquoi son int\u00e9gration est cruciale pour la protection sociale.\" \/>\n<meta property=\"og:url\" content=\"https:\/\/www.webdo.tn\/fr\/actualite\/national\/travail-informel-45-des-actifs-echappent-encore-a-la-securite-sociale\/396977\/\" \/>\n<meta property=\"og:site_name\" content=\"webdo\" \/>\n<meta property=\"article:publisher\" content=\"https:\/\/www.facebook.com\/webdotn\" \/>\n<meta property=\"article:published_time\" content=\"2026-04-28T11:41:33+00:00\" \/>\n<meta property=\"article:modified_time\" content=\"2026-04-28T11:41:34+00:00\" \/>\n<meta property=\"og:image\" content=\"https:\/\/www.webdo.tn\/fr\/wp-content\/uploads\/2026\/04\/secteur-informel.jpg\" \/>\n\t<meta property=\"og:image:width\" content=\"1200\" \/>\n\t<meta property=\"og:image:height\" content=\"600\" \/>\n\t<meta property=\"og:image:type\" content=\"image\/jpeg\" \/>\n<meta name=\"author\" content=\"Mohamed Fethi\" \/>\n<meta name=\"twitter:card\" content=\"summary_large_image\" \/>\n<meta name=\"twitter:creator\" content=\"@webdo_tn\" \/>\n<meta name=\"twitter:site\" content=\"@webdo_tn\" \/>\n<meta name=\"twitter:label1\" content=\"\u00c9crit par\" \/>\n\t<meta name=\"twitter:data1\" content=\"Mohamed Fethi\" \/>\n\t<meta name=\"twitter:label2\" content=\"Dur\u00e9e de lecture estim\u00e9e\" \/>\n\t<meta name=\"twitter:data2\" content=\"2 minutes\" \/>\n<script type=\"application\/ld+json\" class=\"yoast-schema-graph\">{\"@context\":\"https:\\\/\\\/schema.org\",\"@graph\":[{\"@type\":\"NewsArticle\",\"@id\":\"https:\\\/\\\/www.webdo.tn\\\/fr\\\/actualite\\\/national\\\/travail-informel-45-des-actifs-echappent-encore-a-la-securite-sociale\\\/396977\\\/#article\",\"isPartOf\":{\"@id\":\"https:\\\/\\\/www.webdo.tn\\\/fr\\\/actualite\\\/national\\\/travail-informel-45-des-actifs-echappent-encore-a-la-securite-sociale\\\/396977\\\/\"},\"author\":{\"name\":\"Mohamed Fethi\",\"@id\":\"https:\\\/\\\/www.webdo.tn\\\/fr\\\/#\\\/schema\\\/person\\\/16a4857e77dfc0b610c4c2cadffc9ac4\"},\"headline\":\"Travail informel : 45% des actifs \u00e9chappent encore \u00e0 la s\u00e9curit\u00e9 sociale\",\"datePublished\":\"2026-04-28T11:41:33+00:00\",\"dateModified\":\"2026-04-28T11:41:34+00:00\",\"mainEntityOfPage\":{\"@id\":\"https:\\\/\\\/www.webdo.tn\\\/fr\\\/actualite\\\/national\\\/travail-informel-45-des-actifs-echappent-encore-a-la-securite-sociale\\\/396977\\\/\"},\"wordCount\":407,\"publisher\":{\"@id\":\"https:\\\/\\\/www.webdo.tn\\\/fr\\\/#organization\"},\"image\":{\"@id\":\"https:\\\/\\\/www.webdo.tn\\\/fr\\\/actualite\\\/national\\\/travail-informel-45-des-actifs-echappent-encore-a-la-securite-sociale\\\/396977\\\/#primaryimage\"},\"thumbnailUrl\":\"https:\\\/\\\/www.webdo.tn\\\/fr\\\/wp-content\\\/uploads\\\/2026\\\/04\\\/secteur-informel.jpg\",\"keywords\":[\"secteur informel\",\"s\u00e9curit\u00e9 sociale\",\"travail informel\",\"Tunisie\"],\"articleSection\":[\"National\"],\"inLanguage\":\"fr-FR\"},{\"@type\":\"WebPage\",\"@id\":\"https:\\\/\\\/www.webdo.tn\\\/fr\\\/actualite\\\/national\\\/travail-informel-45-des-actifs-echappent-encore-a-la-securite-sociale\\\/396977\\\/\",\"url\":\"https:\\\/\\\/www.webdo.tn\\\/fr\\\/actualite\\\/national\\\/travail-informel-45-des-actifs-echappent-encore-a-la-securite-sociale\\\/396977\\\/\",\"name\":\"Travail informel : 45% des actifs \u00e9chappent encore \u00e0 la s\u00e9curit\u00e9 sociale - webdo\",\"isPartOf\":{\"@id\":\"https:\\\/\\\/www.webdo.tn\\\/fr\\\/#website\"},\"primaryImageOfPage\":{\"@id\":\"https:\\\/\\\/www.webdo.tn\\\/fr\\\/actualite\\\/national\\\/travail-informel-45-des-actifs-echappent-encore-a-la-securite-sociale\\\/396977\\\/#primaryimage\"},\"image\":{\"@id\":\"https:\\\/\\\/www.webdo.tn\\\/fr\\\/actualite\\\/national\\\/travail-informel-45-des-actifs-echappent-encore-a-la-securite-sociale\\\/396977\\\/#primaryimage\"},\"thumbnailUrl\":\"https:\\\/\\\/www.webdo.tn\\\/fr\\\/wp-content\\\/uploads\\\/2026\\\/04\\\/secteur-informel.jpg\",\"datePublished\":\"2026-04-28T11:41:33+00:00\",\"dateModified\":\"2026-04-28T11:41:34+00:00\",\"description\":\"Apprenez comment le travail informel touche pr\u00e8s de 45% des Tunisiens et pourquoi son int\u00e9gration est cruciale pour la protection sociale.\",\"breadcrumb\":{\"@id\":\"https:\\\/\\\/www.webdo.tn\\\/fr\\\/actualite\\\/national\\\/travail-informel-45-des-actifs-echappent-encore-a-la-securite-sociale\\\/396977\\\/#breadcrumb\"},\"inLanguage\":\"fr-FR\",\"potentialAction\":[{\"@type\":\"ReadAction\",\"target\":[\"https:\\\/\\\/www.webdo.tn\\\/fr\\\/actualite\\\/national\\\/travail-informel-45-des-actifs-echappent-encore-a-la-securite-sociale\\\/396977\\\/\"]}]},{\"@type\":\"ImageObject\",\"inLanguage\":\"fr-FR\",\"@id\":\"https:\\\/\\\/www.webdo.tn\\\/fr\\\/actualite\\\/national\\\/travail-informel-45-des-actifs-echappent-encore-a-la-securite-sociale\\\/396977\\\/#primaryimage\",\"url\":\"https:\\\/\\\/www.webdo.tn\\\/fr\\\/wp-content\\\/uploads\\\/2026\\\/04\\\/secteur-informel.jpg\",\"contentUrl\":\"https:\\\/\\\/www.webdo.tn\\\/fr\\\/wp-content\\\/uploads\\\/2026\\\/04\\\/secteur-informel.jpg\",\"width\":1200,\"height\":600,\"caption\":\"Travail informel : 45% des actifs \u00e9chappent encore \u00e0 la s\u00e9curit\u00e9 sociale\"},{\"@type\":\"BreadcrumbList\",\"@id\":\"https:\\\/\\\/www.webdo.tn\\\/fr\\\/actualite\\\/national\\\/travail-informel-45-des-actifs-echappent-encore-a-la-securite-sociale\\\/396977\\\/#breadcrumb\",\"itemListElement\":[{\"@type\":\"ListItem\",\"position\":1,\"name\":\"Accueil\",\"item\":\"https:\\\/\\\/www.webdo.tn\\\/fr\\\/\"},{\"@type\":\"ListItem\",\"position\":2,\"name\":\"Travail informel : 45% des actifs \u00e9chappent encore \u00e0 la s\u00e9curit\u00e9 sociale\"}]},{\"@type\":\"WebSite\",\"@id\":\"https:\\\/\\\/www.webdo.tn\\\/fr\\\/#website\",\"url\":\"https:\\\/\\\/www.webdo.tn\\\/fr\\\/\",\"name\":\"webdo\",\"description\":\"Tunisie - News en Tunisie et \u00e0 l&#039;international sur Webdo.tn\",\"publisher\":{\"@id\":\"https:\\\/\\\/www.webdo.tn\\\/fr\\\/#organization\"},\"potentialAction\":[{\"@type\":\"SearchAction\",\"target\":{\"@type\":\"EntryPoint\",\"urlTemplate\":\"https:\\\/\\\/www.webdo.tn\\\/fr\\\/?s={search_term_string}\"},\"query-input\":{\"@type\":\"PropertyValueSpecification\",\"valueRequired\":true,\"valueName\":\"search_term_string\"}}],\"inLanguage\":\"fr-FR\"},{\"@type\":\"Organization\",\"@id\":\"https:\\\/\\\/www.webdo.tn\\\/fr\\\/#organization\",\"name\":\"Webdo\",\"alternateName\":\"Webdo.tn\",\"url\":\"https:\\\/\\\/www.webdo.tn\\\/fr\\\/\",\"logo\":{\"@type\":\"ImageObject\",\"inLanguage\":\"fr-FR\",\"@id\":\"https:\\\/\\\/www.webdo.tn\\\/fr\\\/#\\\/schema\\\/logo\\\/image\\\/\",\"url\":\"https:\\\/\\\/www.webdo.tn\\\/fr\\\/wp-content\\\/uploads\\\/2025\\\/06\\\/Webdo-Tunisie_168377.jpg\",\"contentUrl\":\"https:\\\/\\\/www.webdo.tn\\\/fr\\\/wp-content\\\/uploads\\\/2025\\\/06\\\/Webdo-Tunisie_168377.jpg\",\"width\":301,\"height\":301,\"caption\":\"Webdo\"},\"image\":{\"@id\":\"https:\\\/\\\/www.webdo.tn\\\/fr\\\/#\\\/schema\\\/logo\\\/image\\\/\"},\"sameAs\":[\"https:\\\/\\\/www.facebook.com\\\/webdotn\",\"https:\\\/\\\/x.com\\\/webdo_tn\"],\"description\":\"Webdo est un m\u00e9dia num\u00e9rique tunisien fond\u00e9 en 2010, sp\u00e9cialis\u00e9 dans l\u2019actualit\u00e9 nationale et internationale, l\u2019\u00e9conomie, la soci\u00e9t\u00e9 et les analyses politiques. Le site s\u2019adresse \u00e0 un large public francophone et couvre l\u2019information tunisienne en temps r\u00e9el.\",\"email\":\"redac@webdo.tn\",\"legalName\":\"YNJ SARL\",\"foundingDate\":\"2010-09-06\",\"numberOfEmployees\":{\"@type\":\"QuantitativeValue\",\"minValue\":\"11\",\"maxValue\":\"50\"}},{\"@type\":\"Person\",\"@id\":\"https:\\\/\\\/www.webdo.tn\\\/fr\\\/#\\\/schema\\\/person\\\/16a4857e77dfc0b610c4c2cadffc9ac4\",\"name\":\"Mohamed Fethi\",\"image\":{\"@type\":\"ImageObject\",\"inLanguage\":\"fr-FR\",\"@id\":\"https:\\\/\\\/www.webdo.tn\\\/fr\\\/wp-content\\\/uploads\\\/2026\\\/04\\\/mohamed-fethi_avatar_1-96x96.jpg\",\"url\":\"https:\\\/\\\/www.webdo.tn\\\/fr\\\/wp-content\\\/uploads\\\/2026\\\/04\\\/mohamed-fethi_avatar_1-96x96.jpg\",\"contentUrl\":\"https:\\\/\\\/www.webdo.tn\\\/fr\\\/wp-content\\\/uploads\\\/2026\\\/04\\\/mohamed-fethi_avatar_1-96x96.jpg\",\"caption\":\"Mohamed Fethi\"},\"description\":\"Signature \u00e9ditoriale de Maher Chaabane Mohamed Fethi est le pseudonyme \u00e9ditorial de Maher Chaabane, r\u00e9dacteur en chef de Webdo.tn depuis 2012. Cette signature est d\u00e9di\u00e9e au traitement intensif de l'actualit\u00e9 nationale et internationale en temps r\u00e9el. S'appuyant sur les deux d\u00e9cennies d'expertise journalistique de Maher Chaabane \u2014 d\u00e9but\u00e9e au sein du groupe Tunis Hebdo en 2000 \u2014 Mohamed Fethi assure une veille rigoureuse sur les enjeux politiques, \u00e9conomiques et sportifs. Sa mission est de garantir une information structur\u00e9e, fluide et fid\u00e8le aux standards de la r\u00e9daction. Pour consulter le parcours complet du r\u00e9dacteur en chef, visitez le profil officiel de Maher Chaabane.\",\"knowsAbout\":[\"actualit\u00e9\",\"journalisme\",\"information\",\"politique\",\"sport\",\"m\u00e9dias\",\"actualit\u00e9 internationale\"],\"knowsLanguage\":[\"Fran\u00e7ais\",\"Arabe\"],\"jobTitle\":\"Journaliste \u2013 R\u00e9daction Webdo\",\"worksFor\":\"Webdo.tn\",\"url\":\"https:\\\/\\\/www.webdo.tn\\\/fr\\\/actualite\\\/author\\\/mohamed-fethi\\\/\"}]}<\/script>\n<!-- \/ Yoast SEO Premium plugin. -->","yoast_head_json":{"title":"Travail informel : 45% des actifs \u00e9chappent encore \u00e0 la s\u00e9curit\u00e9 sociale - webdo","description":"Apprenez comment le travail informel touche pr\u00e8s de 45% des Tunisiens et pourquoi son int\u00e9gration est cruciale pour la protection sociale.","canonical":"https:\/\/www.webdo.tn\/fr\/actualite\/national\/travail-informel-45-des-actifs-echappent-encore-a-la-securite-sociale\/396977\/","og_locale":"fr_FR","og_type":"article","og_title":"Travail informel : 45% des actifs \u00e9chappent encore \u00e0 la s\u00e9curit\u00e9 sociale","og_description":"Apprenez comment le travail informel touche pr\u00e8s de 45% des Tunisiens et pourquoi son int\u00e9gration est cruciale pour la protection sociale.","og_url":"https:\/\/www.webdo.tn\/fr\/actualite\/national\/travail-informel-45-des-actifs-echappent-encore-a-la-securite-sociale\/396977\/","og_site_name":"webdo","article_publisher":"https:\/\/www.facebook.com\/webdotn","article_published_time":"2026-04-28T11:41:33+00:00","article_modified_time":"2026-04-28T11:41:34+00:00","og_image":[{"width":1200,"height":600,"url":"https:\/\/www.webdo.tn\/fr\/wp-content\/uploads\/2026\/04\/secteur-informel.jpg","type":"image\/jpeg"}],"author":"Mohamed Fethi","twitter_card":"summary_large_image","twitter_creator":"@webdo_tn","twitter_site":"@webdo_tn","twitter_misc":{"\u00c9crit par":"Mohamed Fethi","Dur\u00e9e de lecture estim\u00e9e":"2 minutes"},"schema":{"@context":"https:\/\/schema.org","@graph":[{"@type":"NewsArticle","@id":"https:\/\/www.webdo.tn\/fr\/actualite\/national\/travail-informel-45-des-actifs-echappent-encore-a-la-securite-sociale\/396977\/#article","isPartOf":{"@id":"https:\/\/www.webdo.tn\/fr\/actualite\/national\/travail-informel-45-des-actifs-echappent-encore-a-la-securite-sociale\/396977\/"},"author":{"name":"Mohamed Fethi","@id":"https:\/\/www.webdo.tn\/fr\/#\/schema\/person\/16a4857e77dfc0b610c4c2cadffc9ac4"},"headline":"Travail informel : 45% des actifs \u00e9chappent encore \u00e0 la s\u00e9curit\u00e9 sociale","datePublished":"2026-04-28T11:41:33+00:00","dateModified":"2026-04-28T11:41:34+00:00","mainEntityOfPage":{"@id":"https:\/\/www.webdo.tn\/fr\/actualite\/national\/travail-informel-45-des-actifs-echappent-encore-a-la-securite-sociale\/396977\/"},"wordCount":407,"publisher":{"@id":"https:\/\/www.webdo.tn\/fr\/#organization"},"image":{"@id":"https:\/\/www.webdo.tn\/fr\/actualite\/national\/travail-informel-45-des-actifs-echappent-encore-a-la-securite-sociale\/396977\/#primaryimage"},"thumbnailUrl":"https:\/\/www.webdo.tn\/fr\/wp-content\/uploads\/2026\/04\/secteur-informel.jpg","keywords":["secteur informel","s\u00e9curit\u00e9 sociale","travail informel","Tunisie"],"articleSection":["National"],"inLanguage":"fr-FR"},{"@type":"WebPage","@id":"https:\/\/www.webdo.tn\/fr\/actualite\/national\/travail-informel-45-des-actifs-echappent-encore-a-la-securite-sociale\/396977\/","url":"https:\/\/www.webdo.tn\/fr\/actualite\/national\/travail-informel-45-des-actifs-echappent-encore-a-la-securite-sociale\/396977\/","name":"Travail informel : 45% des actifs \u00e9chappent encore \u00e0 la s\u00e9curit\u00e9 sociale - webdo","isPartOf":{"@id":"https:\/\/www.webdo.tn\/fr\/#website"},"primaryImageOfPage":{"@id":"https:\/\/www.webdo.tn\/fr\/actualite\/national\/travail-informel-45-des-actifs-echappent-encore-a-la-securite-sociale\/396977\/#primaryimage"},"image":{"@id":"https:\/\/www.webdo.tn\/fr\/actualite\/national\/travail-informel-45-des-actifs-echappent-encore-a-la-securite-sociale\/396977\/#primaryimage"},"thumbnailUrl":"https:\/\/www.webdo.tn\/fr\/wp-content\/uploads\/2026\/04\/secteur-informel.jpg","datePublished":"2026-04-28T11:41:33+00:00","dateModified":"2026-04-28T11:41:34+00:00","description":"Apprenez comment le travail informel touche pr\u00e8s de 45% des Tunisiens et pourquoi son int\u00e9gration est cruciale pour la protection sociale.","breadcrumb":{"@id":"https:\/\/www.webdo.tn\/fr\/actualite\/national\/travail-informel-45-des-actifs-echappent-encore-a-la-securite-sociale\/396977\/#breadcrumb"},"inLanguage":"fr-FR","potentialAction":[{"@type":"ReadAction","target":["https:\/\/www.webdo.tn\/fr\/actualite\/national\/travail-informel-45-des-actifs-echappent-encore-a-la-securite-sociale\/396977\/"]}]},{"@type":"ImageObject","inLanguage":"fr-FR","@id":"https:\/\/www.webdo.tn\/fr\/actualite\/national\/travail-informel-45-des-actifs-echappent-encore-a-la-securite-sociale\/396977\/#primaryimage","url":"https:\/\/www.webdo.tn\/fr\/wp-content\/uploads\/2026\/04\/secteur-informel.jpg","contentUrl":"https:\/\/www.webdo.tn\/fr\/wp-content\/uploads\/2026\/04\/secteur-informel.jpg","width":1200,"height":600,"caption":"Travail informel : 45% des actifs \u00e9chappent encore \u00e0 la s\u00e9curit\u00e9 sociale"},{"@type":"BreadcrumbList","@id":"https:\/\/www.webdo.tn\/fr\/actualite\/national\/travail-informel-45-des-actifs-echappent-encore-a-la-securite-sociale\/396977\/#breadcrumb","itemListElement":[{"@type":"ListItem","position":1,"name":"Accueil","item":"https:\/\/www.webdo.tn\/fr\/"},{"@type":"ListItem","position":2,"name":"Travail informel : 45% des actifs \u00e9chappent encore \u00e0 la s\u00e9curit\u00e9 sociale"}]},{"@type":"WebSite","@id":"https:\/\/www.webdo.tn\/fr\/#website","url":"https:\/\/www.webdo.tn\/fr\/","name":"webdo","description":"Tunisie - News en Tunisie et \u00e0 l&#039;international sur Webdo.tn","publisher":{"@id":"https:\/\/www.webdo.tn\/fr\/#organization"},"potentialAction":[{"@type":"SearchAction","target":{"@type":"EntryPoint","urlTemplate":"https:\/\/www.webdo.tn\/fr\/?s={search_term_string}"},"query-input":{"@type":"PropertyValueSpecification","valueRequired":true,"valueName":"search_term_string"}}],"inLanguage":"fr-FR"},{"@type":"Organization","@id":"https:\/\/www.webdo.tn\/fr\/#organization","name":"Webdo","alternateName":"Webdo.tn","url":"https:\/\/www.webdo.tn\/fr\/","logo":{"@type":"ImageObject","inLanguage":"fr-FR","@id":"https:\/\/www.webdo.tn\/fr\/#\/schema\/logo\/image\/","url":"https:\/\/www.webdo.tn\/fr\/wp-content\/uploads\/2025\/06\/Webdo-Tunisie_168377.jpg","contentUrl":"https:\/\/www.webdo.tn\/fr\/wp-content\/uploads\/2025\/06\/Webdo-Tunisie_168377.jpg","width":301,"height":301,"caption":"Webdo"},"image":{"@id":"https:\/\/www.webdo.tn\/fr\/#\/schema\/logo\/image\/"},"sameAs":["https:\/\/www.facebook.com\/webdotn","https:\/\/x.com\/webdo_tn"],"description":"Webdo est un m\u00e9dia num\u00e9rique tunisien fond\u00e9 en 2010, sp\u00e9cialis\u00e9 dans l\u2019actualit\u00e9 nationale et internationale, l\u2019\u00e9conomie, la soci\u00e9t\u00e9 et les analyses politiques. Le site s\u2019adresse \u00e0 un large public francophone et couvre l\u2019information tunisienne en temps r\u00e9el.","email":"redac@webdo.tn","legalName":"YNJ SARL","foundingDate":"2010-09-06","numberOfEmployees":{"@type":"QuantitativeValue","minValue":"11","maxValue":"50"}},{"@type":"Person","@id":"https:\/\/www.webdo.tn\/fr\/#\/schema\/person\/16a4857e77dfc0b610c4c2cadffc9ac4","name":"Mohamed Fethi","image":{"@type":"ImageObject","inLanguage":"fr-FR","@id":"https:\/\/www.webdo.tn\/fr\/wp-content\/uploads\/2026\/04\/mohamed-fethi_avatar_1-96x96.jpg","url":"https:\/\/www.webdo.tn\/fr\/wp-content\/uploads\/2026\/04\/mohamed-fethi_avatar_1-96x96.jpg","contentUrl":"https:\/\/www.webdo.tn\/fr\/wp-content\/uploads\/2026\/04\/mohamed-fethi_avatar_1-96x96.jpg","caption":"Mohamed Fethi"},"description":"Signature \u00e9ditoriale de Maher Chaabane Mohamed Fethi est le pseudonyme \u00e9ditorial de Maher Chaabane, r\u00e9dacteur en chef de Webdo.tn depuis 2012. Cette signature est d\u00e9di\u00e9e au traitement intensif de l'actualit\u00e9 nationale et internationale en temps r\u00e9el. S'appuyant sur les deux d\u00e9cennies d'expertise journalistique de Maher Chaabane \u2014 d\u00e9but\u00e9e au sein du groupe Tunis Hebdo en 2000 \u2014 Mohamed Fethi assure une veille rigoureuse sur les enjeux politiques, \u00e9conomiques et sportifs. Sa mission est de garantir une information structur\u00e9e, fluide et fid\u00e8le aux standards de la r\u00e9daction. Pour consulter le parcours complet du r\u00e9dacteur en chef, visitez le profil officiel de Maher Chaabane.","knowsAbout":["actualit\u00e9","journalisme","information","politique","sport","m\u00e9dias","actualit\u00e9 internationale"],"knowsLanguage":["Fran\u00e7ais","Arabe"],"jobTitle":"Journaliste \u2013 R\u00e9daction Webdo","worksFor":"Webdo.tn","url":"https:\/\/www.webdo.tn\/fr\/actualite\/author\/mohamed-fethi\/"}]}},"_links":{"self":[{"href":"https:\/\/www.webdo.tn\/fr\/wp-json\/wp\/v2\/posts\/396977","targetHints":{"allow":["GET"]}}],"collection":[{"href":"https:\/\/www.webdo.tn\/fr\/wp-json\/wp\/v2\/posts"}],"about":[{"href":"https:\/\/www.webdo.tn\/fr\/wp-json\/wp\/v2\/types\/post"}],"author":[{"embeddable":true,"href":"https:\/\/www.webdo.tn\/fr\/wp-json\/wp\/v2\/users\/4782"}],"replies":[{"embeddable":true,"href":"https:\/\/www.webdo.tn\/fr\/wp-json\/wp\/v2\/comments?post=396977"}],"version-history":[{"count":1,"href":"https:\/\/www.webdo.tn\/fr\/wp-json\/wp\/v2\/posts\/396977\/revisions"}],"predecessor-version":[{"id":396979,"href":"https:\/\/www.webdo.tn\/fr\/wp-json\/wp\/v2\/posts\/396977\/revisions\/396979"}],"wp:featuredmedia":[{"embeddable":true,"href":"https:\/\/www.webdo.tn\/fr\/wp-json\/wp\/v2\/media\/396978"}],"wp:attachment":[{"href":"https:\/\/www.webdo.tn\/fr\/wp-json\/wp\/v2\/media?parent=396977"}],"wp:term":[{"taxonomy":"category","embeddable":true,"href":"https:\/\/www.webdo.tn\/fr\/wp-json\/wp\/v2\/categories?post=396977"},{"taxonomy":"post_tag","embeddable":true,"href":"https:\/\/www.webdo.tn\/fr\/wp-json\/wp\/v2\/tags?post=396977"}],"curies":[{"name":"wp","href":"https:\/\/api.w.org\/{rel}","templated":true}]}}