{"id":396974,"date":"2026-04-28T11:59:07","date_gmt":"2026-04-28T10:59:07","guid":{"rendered":"https:\/\/www.webdo.tn\/fr\/?p=396974"},"modified":"2026-04-28T11:59:08","modified_gmt":"2026-04-28T10:59:08","slug":"orange-tunisie-lance-les-journees-orange-business-autour-du-cloud-et-de-la-cybersecurite","status":"publish","type":"post","link":"https:\/\/www.webdo.tn\/fr\/actualite\/national\/orange-tunisie-lance-les-journees-orange-business-autour-du-cloud-et-de-la-cybersecurite\/396974\/","title":{"rendered":"Orange Tunisie lance \u00ab Les Journ\u00e9es Orange Business \u00bb autour du Cloud et de la cybers\u00e9curit\u00e9"},"content":{"rendered":"\n<p><strong>Orange Tunisie a donn\u00e9 le coup d\u2019envoi, mardi 28 avril, de \u00ab Les Journ\u00e9es Orange Business \u00bb \u00e0 Tunis, au sein de l\u2019Orange Digital Center. Cette tourn\u00e9e nationale est d\u00e9di\u00e9e aux enjeux du Cloud et de la cybers\u00e9curit\u00e9. Elle vise \u00e0 accompagner les entreprises tunisiennes dans leur transformation digitale et le renforcement de leurs syst\u00e8mes d\u2019information.<\/strong><\/p>\n\n\n\n<h2 class=\"wp-block-heading\" id=\"h-une-tournee-nationale-au-coeur-des-enjeux-numeriques\">Une tourn\u00e9e nationale au c\u0153ur des enjeux num\u00e9riques<\/h2>\n\n\n\n<p>Cette premi\u00e8re \u00e9tape, organis\u00e9e dans la capitale, a rassembl\u00e9 un large \u00e9cosyst\u00e8me compos\u00e9 de clients, partenaires et experts du num\u00e9rique. Elle marque le lancement d\u2019une s\u00e9rie de rencontres qui se poursuivra dans plusieurs r\u00e9gions du pays, avec pour ambition de rapprocher l\u2019op\u00e9rateur des r\u00e9alit\u00e9s du terrain.<\/p>\n\n\n\n<p>\u00c0 travers cette initiative, Orange Tunisie met en avant une approche int\u00e9gr\u00e9e articul\u00e9e autour de deux piliers majeurs : le Cloud et la cybers\u00e9curit\u00e9, d\u00e9sormais incontournables dans la modernisation des infrastructures num\u00e9riques.<\/p>\n\n\n\n<h2 class=\"wp-block-heading\" id=\"h-des-partenariats-technologiques-structurants\">Des partenariats technologiques structurants<\/h2>\n\n\n\n<p>Pour d\u00e9ployer cette strat\u00e9gie, l\u2019op\u00e9rateur s\u2019appuie sur des collaborations avec des acteurs sp\u00e9cialis\u00e9s. Focus Tunisie intervient sur le d\u00e9veloppement des solutions Cloud adapt\u00e9es aux besoins des entreprises locales.<\/p>\n\n\n\n<p>Sur le volet cybers\u00e9curit\u00e9, Sofrecom Tunisie contribue \u00e0 l\u2019offre \u00ab Cybersecurity as a Service \u00bb, tandis que Orange Cyberdefense accompagne le lancement d\u2019une nouvelle offre Micro-SOC, destin\u00e9e \u00e0 renforcer la d\u00e9tection et la r\u00e9ponse aux incidents de s\u00e9curit\u00e9.<\/p>\n\n\n\n<h2 class=\"wp-block-heading\" id=\"h-soutenir-la-competitivite-des-entreprises-tunisiennes\">Soutenir la comp\u00e9titivit\u00e9 des entreprises tunisiennes<\/h2>\n\n\n\n<p>\u00c0 travers \u00ab Les Journ\u00e9es Orange Business \u00bb, Orange Tunisie entend renforcer sa proximit\u00e9 avec les entreprises, mieux cerner leurs besoins et proposer des solutions concr\u00e8tes et adapt\u00e9es.<\/p>\n\n\n\n<p>Cette d\u00e9marche s\u2019inscrit dans une strat\u00e9gie plus large visant \u00e0 soutenir durablement la comp\u00e9titivit\u00e9 du tissu \u00e9conomique tunisien, dans un contexte o\u00f9 les d\u00e9fis li\u00e9s \u00e0 la transformation digitale et \u00e0 la s\u00e9curisation des donn\u00e9es deviennent de plus en plus d\u00e9terminants.<\/p>\n\n\n\n<blockquote class=\"wp-block-quote is-layout-flow wp-block-quote-is-layout-flow\">\n<ul class=\"wp-block-list\">\n<li class=\"has-medium-font-size\"><strong>Lire aussi :<\/strong> <a href=\"https:\/\/www.webdo.tn\/fr\/actualite\/national\/poesam-2026-orange-ouvre-les-candidatures-jusquau-10-mai-pour-les-entrepreneurs-a-impact\/395505\/\">POESAM 2026 : Orange ouvre les candidatures jusqu\u2019au 10 mai pour les entrepreneurs \u00e0 impact<\/a><\/li>\n<\/ul>\n<\/blockquote>\n","protected":false},"excerpt":{"rendered":"<p>Orange Tunisie a donn\u00e9 le coup d\u2019envoi, mardi 28 avril, de \u00ab Les Journ\u00e9es Orange Business \u00bb \u00e0 Tunis, au sein de l\u2019Orange Digital Center. Cette tourn\u00e9e nationale est d\u00e9di\u00e9e aux enjeux du Cloud et de la cybers\u00e9curit\u00e9. Elle vise \u00e0 accompagner les entreprises tunisiennes dans leur transformation digitale et le renforcement de leurs syst\u00e8mes [&hellip;]<\/p>\n","protected":false},"author":4782,"featured_media":396975,"comment_status":"closed","ping_status":"closed","sticky":false,"template":"","format":"standard","meta":{"footnotes":""},"categories":[44],"tags":[14054,2718,2608],"class_list":["post-396974","post","type-post","status-publish","format-standard","has-post-thumbnail","hentry","category-national","tag-les-journees-orange-business","tag-orange-tunisie","tag-tunisie"],"yoast_head":"<!-- This site is optimized with the Yoast SEO Premium plugin v27.4 (Yoast SEO v27.5) - https:\/\/yoast.com\/product\/yoast-seo-premium-wordpress\/ -->\n<title>Orange Tunisie lance \u00ab Les Journ\u00e9es Orange Business \u00bb autour du Cloud et de la cybers\u00e9curit\u00e9 - webdo<\/title>\n<meta name=\"description\" content=\"Les Journ\u00e9es Orange Business \u00e0 Tunis : une initiative pour renforcer les syst\u00e8mes d&#039;information et soutenir les entreprises tunisiennes.\" \/>\n<link rel=\"canonical\" href=\"https:\/\/www.webdo.tn\/fr\/actualite\/national\/orange-tunisie-lance-les-journees-orange-business-autour-du-cloud-et-de-la-cybersecurite\/396974\/\" \/>\n<meta property=\"og:locale\" content=\"fr_FR\" \/>\n<meta property=\"og:type\" content=\"article\" \/>\n<meta property=\"og:title\" content=\"Orange Tunisie lance \u00ab Les Journ\u00e9es Orange Business \u00bb autour du Cloud et de la cybers\u00e9curit\u00e9\" \/>\n<meta property=\"og:description\" content=\"Les Journ\u00e9es Orange Business \u00e0 Tunis : une initiative pour renforcer les syst\u00e8mes d&#039;information et soutenir les entreprises tunisiennes.\" \/>\n<meta property=\"og:url\" content=\"https:\/\/www.webdo.tn\/fr\/actualite\/national\/orange-tunisie-lance-les-journees-orange-business-autour-du-cloud-et-de-la-cybersecurite\/396974\/\" \/>\n<meta property=\"og:site_name\" content=\"webdo\" \/>\n<meta property=\"article:publisher\" content=\"https:\/\/www.facebook.com\/webdotn\" \/>\n<meta property=\"article:published_time\" content=\"2026-04-28T10:59:07+00:00\" \/>\n<meta property=\"article:modified_time\" content=\"2026-04-28T10:59:08+00:00\" \/>\n<meta property=\"og:image\" content=\"https:\/\/www.webdo.tn\/fr\/wp-content\/uploads\/2026\/04\/Orange.jpg\" \/>\n\t<meta property=\"og:image:width\" content=\"1201\" \/>\n\t<meta property=\"og:image:height\" content=\"600\" \/>\n\t<meta property=\"og:image:type\" content=\"image\/jpeg\" \/>\n<meta name=\"author\" content=\"Mohamed Fethi\" \/>\n<meta name=\"twitter:card\" content=\"summary_large_image\" \/>\n<meta name=\"twitter:creator\" content=\"@webdo_tn\" \/>\n<meta name=\"twitter:site\" content=\"@webdo_tn\" \/>\n<meta name=\"twitter:label1\" content=\"\u00c9crit par\" \/>\n\t<meta name=\"twitter:data1\" content=\"Mohamed Fethi\" \/>\n\t<meta name=\"twitter:label2\" content=\"Dur\u00e9e de lecture estim\u00e9e\" \/>\n\t<meta name=\"twitter:data2\" content=\"2 minutes\" \/>\n<script type=\"application\/ld+json\" class=\"yoast-schema-graph\">{\"@context\":\"https:\\\/\\\/schema.org\",\"@graph\":[{\"@type\":\"NewsArticle\",\"@id\":\"https:\\\/\\\/www.webdo.tn\\\/fr\\\/actualite\\\/national\\\/orange-tunisie-lance-les-journees-orange-business-autour-du-cloud-et-de-la-cybersecurite\\\/396974\\\/#article\",\"isPartOf\":{\"@id\":\"https:\\\/\\\/www.webdo.tn\\\/fr\\\/actualite\\\/national\\\/orange-tunisie-lance-les-journees-orange-business-autour-du-cloud-et-de-la-cybersecurite\\\/396974\\\/\"},\"author\":{\"name\":\"Mohamed Fethi\",\"@id\":\"https:\\\/\\\/www.webdo.tn\\\/fr\\\/#\\\/schema\\\/person\\\/16a4857e77dfc0b610c4c2cadffc9ac4\"},\"headline\":\"Orange Tunisie lance \u00ab Les Journ\u00e9es Orange Business \u00bb autour du Cloud et de la cybers\u00e9curit\u00e9\",\"datePublished\":\"2026-04-28T10:59:07+00:00\",\"dateModified\":\"2026-04-28T10:59:08+00:00\",\"mainEntityOfPage\":{\"@id\":\"https:\\\/\\\/www.webdo.tn\\\/fr\\\/actualite\\\/national\\\/orange-tunisie-lance-les-journees-orange-business-autour-du-cloud-et-de-la-cybersecurite\\\/396974\\\/\"},\"wordCount\":358,\"publisher\":{\"@id\":\"https:\\\/\\\/www.webdo.tn\\\/fr\\\/#organization\"},\"image\":{\"@id\":\"https:\\\/\\\/www.webdo.tn\\\/fr\\\/actualite\\\/national\\\/orange-tunisie-lance-les-journees-orange-business-autour-du-cloud-et-de-la-cybersecurite\\\/396974\\\/#primaryimage\"},\"thumbnailUrl\":\"https:\\\/\\\/www.webdo.tn\\\/fr\\\/wp-content\\\/uploads\\\/2026\\\/04\\\/Orange.jpg\",\"keywords\":[\"Les Journ\u00e9es Orange Business\",\"Orange Tunisie\",\"Tunisie\"],\"articleSection\":[\"National\"],\"inLanguage\":\"fr-FR\"},{\"@type\":\"WebPage\",\"@id\":\"https:\\\/\\\/www.webdo.tn\\\/fr\\\/actualite\\\/national\\\/orange-tunisie-lance-les-journees-orange-business-autour-du-cloud-et-de-la-cybersecurite\\\/396974\\\/\",\"url\":\"https:\\\/\\\/www.webdo.tn\\\/fr\\\/actualite\\\/national\\\/orange-tunisie-lance-les-journees-orange-business-autour-du-cloud-et-de-la-cybersecurite\\\/396974\\\/\",\"name\":\"Orange Tunisie lance \u00ab Les Journ\u00e9es Orange Business \u00bb autour du Cloud et de la cybers\u00e9curit\u00e9 - webdo\",\"isPartOf\":{\"@id\":\"https:\\\/\\\/www.webdo.tn\\\/fr\\\/#website\"},\"primaryImageOfPage\":{\"@id\":\"https:\\\/\\\/www.webdo.tn\\\/fr\\\/actualite\\\/national\\\/orange-tunisie-lance-les-journees-orange-business-autour-du-cloud-et-de-la-cybersecurite\\\/396974\\\/#primaryimage\"},\"image\":{\"@id\":\"https:\\\/\\\/www.webdo.tn\\\/fr\\\/actualite\\\/national\\\/orange-tunisie-lance-les-journees-orange-business-autour-du-cloud-et-de-la-cybersecurite\\\/396974\\\/#primaryimage\"},\"thumbnailUrl\":\"https:\\\/\\\/www.webdo.tn\\\/fr\\\/wp-content\\\/uploads\\\/2026\\\/04\\\/Orange.jpg\",\"datePublished\":\"2026-04-28T10:59:07+00:00\",\"dateModified\":\"2026-04-28T10:59:08+00:00\",\"description\":\"Les Journ\u00e9es Orange Business \u00e0 Tunis : une initiative pour renforcer les syst\u00e8mes d'information et soutenir les entreprises tunisiennes.\",\"breadcrumb\":{\"@id\":\"https:\\\/\\\/www.webdo.tn\\\/fr\\\/actualite\\\/national\\\/orange-tunisie-lance-les-journees-orange-business-autour-du-cloud-et-de-la-cybersecurite\\\/396974\\\/#breadcrumb\"},\"inLanguage\":\"fr-FR\",\"potentialAction\":[{\"@type\":\"ReadAction\",\"target\":[\"https:\\\/\\\/www.webdo.tn\\\/fr\\\/actualite\\\/national\\\/orange-tunisie-lance-les-journees-orange-business-autour-du-cloud-et-de-la-cybersecurite\\\/396974\\\/\"]}]},{\"@type\":\"ImageObject\",\"inLanguage\":\"fr-FR\",\"@id\":\"https:\\\/\\\/www.webdo.tn\\\/fr\\\/actualite\\\/national\\\/orange-tunisie-lance-les-journees-orange-business-autour-du-cloud-et-de-la-cybersecurite\\\/396974\\\/#primaryimage\",\"url\":\"https:\\\/\\\/www.webdo.tn\\\/fr\\\/wp-content\\\/uploads\\\/2026\\\/04\\\/Orange.jpg\",\"contentUrl\":\"https:\\\/\\\/www.webdo.tn\\\/fr\\\/wp-content\\\/uploads\\\/2026\\\/04\\\/Orange.jpg\",\"width\":1201,\"height\":600,\"caption\":\"Orange Tunisie lance \u00ab Les Journ\u00e9es Orange Business \u00bb autour du Cloud et de la cybers\u00e9curit\u00e9\"},{\"@type\":\"BreadcrumbList\",\"@id\":\"https:\\\/\\\/www.webdo.tn\\\/fr\\\/actualite\\\/national\\\/orange-tunisie-lance-les-journees-orange-business-autour-du-cloud-et-de-la-cybersecurite\\\/396974\\\/#breadcrumb\",\"itemListElement\":[{\"@type\":\"ListItem\",\"position\":1,\"name\":\"Accueil\",\"item\":\"https:\\\/\\\/www.webdo.tn\\\/fr\\\/\"},{\"@type\":\"ListItem\",\"position\":2,\"name\":\"Orange Tunisie lance \u00ab Les Journ\u00e9es Orange Business \u00bb autour du Cloud et de la cybers\u00e9curit\u00e9\"}]},{\"@type\":\"WebSite\",\"@id\":\"https:\\\/\\\/www.webdo.tn\\\/fr\\\/#website\",\"url\":\"https:\\\/\\\/www.webdo.tn\\\/fr\\\/\",\"name\":\"webdo\",\"description\":\"Tunisie - News en Tunisie et \u00e0 l&#039;international sur Webdo.tn\",\"publisher\":{\"@id\":\"https:\\\/\\\/www.webdo.tn\\\/fr\\\/#organization\"},\"potentialAction\":[{\"@type\":\"SearchAction\",\"target\":{\"@type\":\"EntryPoint\",\"urlTemplate\":\"https:\\\/\\\/www.webdo.tn\\\/fr\\\/?s={search_term_string}\"},\"query-input\":{\"@type\":\"PropertyValueSpecification\",\"valueRequired\":true,\"valueName\":\"search_term_string\"}}],\"inLanguage\":\"fr-FR\"},{\"@type\":\"Organization\",\"@id\":\"https:\\\/\\\/www.webdo.tn\\\/fr\\\/#organization\",\"name\":\"Webdo\",\"alternateName\":\"Webdo.tn\",\"url\":\"https:\\\/\\\/www.webdo.tn\\\/fr\\\/\",\"logo\":{\"@type\":\"ImageObject\",\"inLanguage\":\"fr-FR\",\"@id\":\"https:\\\/\\\/www.webdo.tn\\\/fr\\\/#\\\/schema\\\/logo\\\/image\\\/\",\"url\":\"https:\\\/\\\/www.webdo.tn\\\/fr\\\/wp-content\\\/uploads\\\/2025\\\/06\\\/Webdo-Tunisie_168377.jpg\",\"contentUrl\":\"https:\\\/\\\/www.webdo.tn\\\/fr\\\/wp-content\\\/uploads\\\/2025\\\/06\\\/Webdo-Tunisie_168377.jpg\",\"width\":301,\"height\":301,\"caption\":\"Webdo\"},\"image\":{\"@id\":\"https:\\\/\\\/www.webdo.tn\\\/fr\\\/#\\\/schema\\\/logo\\\/image\\\/\"},\"sameAs\":[\"https:\\\/\\\/www.facebook.com\\\/webdotn\",\"https:\\\/\\\/x.com\\\/webdo_tn\"],\"description\":\"Webdo est un m\u00e9dia num\u00e9rique tunisien fond\u00e9 en 2010, sp\u00e9cialis\u00e9 dans l\u2019actualit\u00e9 nationale et internationale, l\u2019\u00e9conomie, la soci\u00e9t\u00e9 et les analyses politiques. Le site s\u2019adresse \u00e0 un large public francophone et couvre l\u2019information tunisienne en temps r\u00e9el.\",\"email\":\"redac@webdo.tn\",\"legalName\":\"YNJ SARL\",\"foundingDate\":\"2010-09-06\",\"numberOfEmployees\":{\"@type\":\"QuantitativeValue\",\"minValue\":\"11\",\"maxValue\":\"50\"}},{\"@type\":\"Person\",\"@id\":\"https:\\\/\\\/www.webdo.tn\\\/fr\\\/#\\\/schema\\\/person\\\/16a4857e77dfc0b610c4c2cadffc9ac4\",\"name\":\"Mohamed Fethi\",\"image\":{\"@type\":\"ImageObject\",\"inLanguage\":\"fr-FR\",\"@id\":\"https:\\\/\\\/www.webdo.tn\\\/fr\\\/wp-content\\\/uploads\\\/2026\\\/04\\\/mohamed-fethi_avatar_1-96x96.jpg\",\"url\":\"https:\\\/\\\/www.webdo.tn\\\/fr\\\/wp-content\\\/uploads\\\/2026\\\/04\\\/mohamed-fethi_avatar_1-96x96.jpg\",\"contentUrl\":\"https:\\\/\\\/www.webdo.tn\\\/fr\\\/wp-content\\\/uploads\\\/2026\\\/04\\\/mohamed-fethi_avatar_1-96x96.jpg\",\"caption\":\"Mohamed Fethi\"},\"description\":\"Signature \u00e9ditoriale de Maher Chaabane Mohamed Fethi est le pseudonyme \u00e9ditorial de Maher Chaabane, r\u00e9dacteur en chef de Webdo.tn depuis 2012. Cette signature est d\u00e9di\u00e9e au traitement intensif de l'actualit\u00e9 nationale et internationale en temps r\u00e9el. S'appuyant sur les deux d\u00e9cennies d'expertise journalistique de Maher Chaabane \u2014 d\u00e9but\u00e9e au sein du groupe Tunis Hebdo en 2000 \u2014 Mohamed Fethi assure une veille rigoureuse sur les enjeux politiques, \u00e9conomiques et sportifs. Sa mission est de garantir une information structur\u00e9e, fluide et fid\u00e8le aux standards de la r\u00e9daction. Pour consulter le parcours complet du r\u00e9dacteur en chef, visitez le profil officiel de Maher Chaabane.\",\"knowsAbout\":[\"actualit\u00e9\",\"journalisme\",\"information\",\"politique\",\"sport\",\"m\u00e9dias\",\"actualit\u00e9 internationale\"],\"knowsLanguage\":[\"Fran\u00e7ais\",\"Arabe\"],\"jobTitle\":\"Journaliste \u2013 R\u00e9daction Webdo\",\"worksFor\":\"Webdo.tn\",\"url\":\"https:\\\/\\\/www.webdo.tn\\\/fr\\\/actualite\\\/author\\\/mohamed-fethi\\\/\"}]}<\/script>\n<!-- \/ Yoast SEO Premium plugin. -->","yoast_head_json":{"title":"Orange Tunisie lance \u00ab Les Journ\u00e9es Orange Business \u00bb autour du Cloud et de la cybers\u00e9curit\u00e9 - webdo","description":"Les Journ\u00e9es Orange Business \u00e0 Tunis : une initiative pour renforcer les syst\u00e8mes d'information et soutenir les entreprises tunisiennes.","canonical":"https:\/\/www.webdo.tn\/fr\/actualite\/national\/orange-tunisie-lance-les-journees-orange-business-autour-du-cloud-et-de-la-cybersecurite\/396974\/","og_locale":"fr_FR","og_type":"article","og_title":"Orange Tunisie lance \u00ab Les Journ\u00e9es Orange Business \u00bb autour du Cloud et de la cybers\u00e9curit\u00e9","og_description":"Les Journ\u00e9es Orange Business \u00e0 Tunis : une initiative pour renforcer les syst\u00e8mes d'information et soutenir les entreprises tunisiennes.","og_url":"https:\/\/www.webdo.tn\/fr\/actualite\/national\/orange-tunisie-lance-les-journees-orange-business-autour-du-cloud-et-de-la-cybersecurite\/396974\/","og_site_name":"webdo","article_publisher":"https:\/\/www.facebook.com\/webdotn","article_published_time":"2026-04-28T10:59:07+00:00","article_modified_time":"2026-04-28T10:59:08+00:00","og_image":[{"width":1201,"height":600,"url":"https:\/\/www.webdo.tn\/fr\/wp-content\/uploads\/2026\/04\/Orange.jpg","type":"image\/jpeg"}],"author":"Mohamed Fethi","twitter_card":"summary_large_image","twitter_creator":"@webdo_tn","twitter_site":"@webdo_tn","twitter_misc":{"\u00c9crit par":"Mohamed Fethi","Dur\u00e9e de lecture estim\u00e9e":"2 minutes"},"schema":{"@context":"https:\/\/schema.org","@graph":[{"@type":"NewsArticle","@id":"https:\/\/www.webdo.tn\/fr\/actualite\/national\/orange-tunisie-lance-les-journees-orange-business-autour-du-cloud-et-de-la-cybersecurite\/396974\/#article","isPartOf":{"@id":"https:\/\/www.webdo.tn\/fr\/actualite\/national\/orange-tunisie-lance-les-journees-orange-business-autour-du-cloud-et-de-la-cybersecurite\/396974\/"},"author":{"name":"Mohamed Fethi","@id":"https:\/\/www.webdo.tn\/fr\/#\/schema\/person\/16a4857e77dfc0b610c4c2cadffc9ac4"},"headline":"Orange Tunisie lance \u00ab Les Journ\u00e9es Orange Business \u00bb autour du Cloud et de la cybers\u00e9curit\u00e9","datePublished":"2026-04-28T10:59:07+00:00","dateModified":"2026-04-28T10:59:08+00:00","mainEntityOfPage":{"@id":"https:\/\/www.webdo.tn\/fr\/actualite\/national\/orange-tunisie-lance-les-journees-orange-business-autour-du-cloud-et-de-la-cybersecurite\/396974\/"},"wordCount":358,"publisher":{"@id":"https:\/\/www.webdo.tn\/fr\/#organization"},"image":{"@id":"https:\/\/www.webdo.tn\/fr\/actualite\/national\/orange-tunisie-lance-les-journees-orange-business-autour-du-cloud-et-de-la-cybersecurite\/396974\/#primaryimage"},"thumbnailUrl":"https:\/\/www.webdo.tn\/fr\/wp-content\/uploads\/2026\/04\/Orange.jpg","keywords":["Les Journ\u00e9es Orange Business","Orange Tunisie","Tunisie"],"articleSection":["National"],"inLanguage":"fr-FR"},{"@type":"WebPage","@id":"https:\/\/www.webdo.tn\/fr\/actualite\/national\/orange-tunisie-lance-les-journees-orange-business-autour-du-cloud-et-de-la-cybersecurite\/396974\/","url":"https:\/\/www.webdo.tn\/fr\/actualite\/national\/orange-tunisie-lance-les-journees-orange-business-autour-du-cloud-et-de-la-cybersecurite\/396974\/","name":"Orange Tunisie lance \u00ab Les Journ\u00e9es Orange Business \u00bb autour du Cloud et de la cybers\u00e9curit\u00e9 - webdo","isPartOf":{"@id":"https:\/\/www.webdo.tn\/fr\/#website"},"primaryImageOfPage":{"@id":"https:\/\/www.webdo.tn\/fr\/actualite\/national\/orange-tunisie-lance-les-journees-orange-business-autour-du-cloud-et-de-la-cybersecurite\/396974\/#primaryimage"},"image":{"@id":"https:\/\/www.webdo.tn\/fr\/actualite\/national\/orange-tunisie-lance-les-journees-orange-business-autour-du-cloud-et-de-la-cybersecurite\/396974\/#primaryimage"},"thumbnailUrl":"https:\/\/www.webdo.tn\/fr\/wp-content\/uploads\/2026\/04\/Orange.jpg","datePublished":"2026-04-28T10:59:07+00:00","dateModified":"2026-04-28T10:59:08+00:00","description":"Les Journ\u00e9es Orange Business \u00e0 Tunis : une initiative pour renforcer les syst\u00e8mes d'information et soutenir les entreprises tunisiennes.","breadcrumb":{"@id":"https:\/\/www.webdo.tn\/fr\/actualite\/national\/orange-tunisie-lance-les-journees-orange-business-autour-du-cloud-et-de-la-cybersecurite\/396974\/#breadcrumb"},"inLanguage":"fr-FR","potentialAction":[{"@type":"ReadAction","target":["https:\/\/www.webdo.tn\/fr\/actualite\/national\/orange-tunisie-lance-les-journees-orange-business-autour-du-cloud-et-de-la-cybersecurite\/396974\/"]}]},{"@type":"ImageObject","inLanguage":"fr-FR","@id":"https:\/\/www.webdo.tn\/fr\/actualite\/national\/orange-tunisie-lance-les-journees-orange-business-autour-du-cloud-et-de-la-cybersecurite\/396974\/#primaryimage","url":"https:\/\/www.webdo.tn\/fr\/wp-content\/uploads\/2026\/04\/Orange.jpg","contentUrl":"https:\/\/www.webdo.tn\/fr\/wp-content\/uploads\/2026\/04\/Orange.jpg","width":1201,"height":600,"caption":"Orange Tunisie lance \u00ab Les Journ\u00e9es Orange Business \u00bb autour du Cloud et de la cybers\u00e9curit\u00e9"},{"@type":"BreadcrumbList","@id":"https:\/\/www.webdo.tn\/fr\/actualite\/national\/orange-tunisie-lance-les-journees-orange-business-autour-du-cloud-et-de-la-cybersecurite\/396974\/#breadcrumb","itemListElement":[{"@type":"ListItem","position":1,"name":"Accueil","item":"https:\/\/www.webdo.tn\/fr\/"},{"@type":"ListItem","position":2,"name":"Orange Tunisie lance \u00ab Les Journ\u00e9es Orange Business \u00bb autour du Cloud et de la cybers\u00e9curit\u00e9"}]},{"@type":"WebSite","@id":"https:\/\/www.webdo.tn\/fr\/#website","url":"https:\/\/www.webdo.tn\/fr\/","name":"webdo","description":"Tunisie - News en Tunisie et \u00e0 l&#039;international sur Webdo.tn","publisher":{"@id":"https:\/\/www.webdo.tn\/fr\/#organization"},"potentialAction":[{"@type":"SearchAction","target":{"@type":"EntryPoint","urlTemplate":"https:\/\/www.webdo.tn\/fr\/?s={search_term_string}"},"query-input":{"@type":"PropertyValueSpecification","valueRequired":true,"valueName":"search_term_string"}}],"inLanguage":"fr-FR"},{"@type":"Organization","@id":"https:\/\/www.webdo.tn\/fr\/#organization","name":"Webdo","alternateName":"Webdo.tn","url":"https:\/\/www.webdo.tn\/fr\/","logo":{"@type":"ImageObject","inLanguage":"fr-FR","@id":"https:\/\/www.webdo.tn\/fr\/#\/schema\/logo\/image\/","url":"https:\/\/www.webdo.tn\/fr\/wp-content\/uploads\/2025\/06\/Webdo-Tunisie_168377.jpg","contentUrl":"https:\/\/www.webdo.tn\/fr\/wp-content\/uploads\/2025\/06\/Webdo-Tunisie_168377.jpg","width":301,"height":301,"caption":"Webdo"},"image":{"@id":"https:\/\/www.webdo.tn\/fr\/#\/schema\/logo\/image\/"},"sameAs":["https:\/\/www.facebook.com\/webdotn","https:\/\/x.com\/webdo_tn"],"description":"Webdo est un m\u00e9dia num\u00e9rique tunisien fond\u00e9 en 2010, sp\u00e9cialis\u00e9 dans l\u2019actualit\u00e9 nationale et internationale, l\u2019\u00e9conomie, la soci\u00e9t\u00e9 et les analyses politiques. Le site s\u2019adresse \u00e0 un large public francophone et couvre l\u2019information tunisienne en temps r\u00e9el.","email":"redac@webdo.tn","legalName":"YNJ SARL","foundingDate":"2010-09-06","numberOfEmployees":{"@type":"QuantitativeValue","minValue":"11","maxValue":"50"}},{"@type":"Person","@id":"https:\/\/www.webdo.tn\/fr\/#\/schema\/person\/16a4857e77dfc0b610c4c2cadffc9ac4","name":"Mohamed Fethi","image":{"@type":"ImageObject","inLanguage":"fr-FR","@id":"https:\/\/www.webdo.tn\/fr\/wp-content\/uploads\/2026\/04\/mohamed-fethi_avatar_1-96x96.jpg","url":"https:\/\/www.webdo.tn\/fr\/wp-content\/uploads\/2026\/04\/mohamed-fethi_avatar_1-96x96.jpg","contentUrl":"https:\/\/www.webdo.tn\/fr\/wp-content\/uploads\/2026\/04\/mohamed-fethi_avatar_1-96x96.jpg","caption":"Mohamed Fethi"},"description":"Signature \u00e9ditoriale de Maher Chaabane Mohamed Fethi est le pseudonyme \u00e9ditorial de Maher Chaabane, r\u00e9dacteur en chef de Webdo.tn depuis 2012. Cette signature est d\u00e9di\u00e9e au traitement intensif de l'actualit\u00e9 nationale et internationale en temps r\u00e9el. S'appuyant sur les deux d\u00e9cennies d'expertise journalistique de Maher Chaabane \u2014 d\u00e9but\u00e9e au sein du groupe Tunis Hebdo en 2000 \u2014 Mohamed Fethi assure une veille rigoureuse sur les enjeux politiques, \u00e9conomiques et sportifs. Sa mission est de garantir une information structur\u00e9e, fluide et fid\u00e8le aux standards de la r\u00e9daction. Pour consulter le parcours complet du r\u00e9dacteur en chef, visitez le profil officiel de Maher Chaabane.","knowsAbout":["actualit\u00e9","journalisme","information","politique","sport","m\u00e9dias","actualit\u00e9 internationale"],"knowsLanguage":["Fran\u00e7ais","Arabe"],"jobTitle":"Journaliste \u2013 R\u00e9daction Webdo","worksFor":"Webdo.tn","url":"https:\/\/www.webdo.tn\/fr\/actualite\/author\/mohamed-fethi\/"}]}},"_links":{"self":[{"href":"https:\/\/www.webdo.tn\/fr\/wp-json\/wp\/v2\/posts\/396974","targetHints":{"allow":["GET"]}}],"collection":[{"href":"https:\/\/www.webdo.tn\/fr\/wp-json\/wp\/v2\/posts"}],"about":[{"href":"https:\/\/www.webdo.tn\/fr\/wp-json\/wp\/v2\/types\/post"}],"author":[{"embeddable":true,"href":"https:\/\/www.webdo.tn\/fr\/wp-json\/wp\/v2\/users\/4782"}],"replies":[{"embeddable":true,"href":"https:\/\/www.webdo.tn\/fr\/wp-json\/wp\/v2\/comments?post=396974"}],"version-history":[{"count":1,"href":"https:\/\/www.webdo.tn\/fr\/wp-json\/wp\/v2\/posts\/396974\/revisions"}],"predecessor-version":[{"id":396976,"href":"https:\/\/www.webdo.tn\/fr\/wp-json\/wp\/v2\/posts\/396974\/revisions\/396976"}],"wp:featuredmedia":[{"embeddable":true,"href":"https:\/\/www.webdo.tn\/fr\/wp-json\/wp\/v2\/media\/396975"}],"wp:attachment":[{"href":"https:\/\/www.webdo.tn\/fr\/wp-json\/wp\/v2\/media?parent=396974"}],"wp:term":[{"taxonomy":"category","embeddable":true,"href":"https:\/\/www.webdo.tn\/fr\/wp-json\/wp\/v2\/categories?post=396974"},{"taxonomy":"post_tag","embeddable":true,"href":"https:\/\/www.webdo.tn\/fr\/wp-json\/wp\/v2\/tags?post=396974"}],"curies":[{"name":"wp","href":"https:\/\/api.w.org\/{rel}","templated":true}]}}