{"id":396971,"date":"2026-04-28T11:36:55","date_gmt":"2026-04-28T10:36:55","guid":{"rendered":"https:\/\/www.webdo.tn\/fr\/?p=396971"},"modified":"2026-04-28T11:36:56","modified_gmt":"2026-04-28T10:36:56","slug":"patrimoine-lancien-siege-de-la-snt-sur-lavenue-bourguiba-promis-a-une-restauration-urgente","status":"publish","type":"post","link":"https:\/\/www.webdo.tn\/fr\/actualite\/national\/patrimoine-lancien-siege-de-la-snt-sur-lavenue-bourguiba-promis-a-une-restauration-urgente\/396971\/","title":{"rendered":"Patrimoine : L\u2019ancien si\u00e8ge de la SNT sur l\u2019avenue Bourguiba promis \u00e0 une restauration urgente"},"content":{"rendered":"\n<p><strong>Lors d\u2019une visite de terrain \u00e0 la Soci\u00e9t\u00e9 des Transports de Tunis (TRANSTU), le ministre des Transports Rachid Amri a \u00e9voqu\u00e9 la situation de l\u2019ancien si\u00e8ge de la soci\u00e9t\u00e9 (ex-SNT) situ\u00e9 sur Avenue Habib Bourguiba.<\/strong><\/p>\n\n\n\n<p>L\u2019\u00e9difice, embl\u00e9matique du centre de Tunis, devrait faire l\u2019objet d\u2019une r\u00e9habilitation prochaine. Cette initiative s\u2019inscrit dans une logique de sauvegarde du patrimoine public et de valorisation urbaine.<\/p>\n\n\n\n<h2 class=\"wp-block-heading\" id=\"h-un-batiment-emblematique-dans-un-etat-preoccupant\">Un b\u00e2timent embl\u00e9matique dans un \u00e9tat pr\u00e9occupant<\/h2>\n\n\n\n<p>En marge de son inspection des entrep\u00f4ts de la TRANSTU, le ministre a port\u00e9 une attention particuli\u00e8re \u00e0 cet ancien si\u00e8ge, dont l\u2019\u00e9tat n\u00e9cessite une intervention rapide. Il a ainsi appel\u00e9 \u00e0 une restauration urgente afin de pr\u00e9server ce b\u00e2timent historique, fortement expos\u00e9 \u00e0 la d\u00e9gradation au fil des ann\u00e9es.<\/p>\n\n\n\n<p>Cette op\u00e9ration s\u2019inscrit dans le cadre de la loi n\u00b033 de 2024 relative aux b\u00e2timents mena\u00e7ant ruine. Ce texte vise \u00e0 encourager la r\u00e9habilitation et l\u2019exploitation optimale du patrimoine immobilier public, notamment dans les zones \u00e0 forte valeur symbolique comme l\u2019avenue Bourguiba.<\/p>\n\n\n\n<h2 class=\"wp-block-heading\" id=\"h-enjeu-urbain-et-valorisation-du-patrimoine\">Enjeu urbain et valorisation du patrimoine<\/h2>\n\n\n\n<p>Au-del\u00e0 de la simple restauration, le projet ambitionne de redonner une nouvelle vocation \u00e0 ce site strat\u00e9gique du centre-ville. L\u2019objectif affich\u00e9 est double : pr\u00e9server la m\u00e9moire architecturale de la capitale tout en int\u00e9grant ces espaces dans une dynamique \u00e9conomique et urbaine renouvel\u00e9e.<\/p>\n\n\n\n<blockquote class=\"wp-block-quote is-layout-flow wp-block-quote-is-layout-flow\">\n<ul class=\"wp-block-list\">\n<li class=\"has-medium-font-size\"><strong>Lire aussi :<\/strong> <a href=\"https:\/\/www.webdo.tn\/fr\/actualite\/chroniques\/snapshot-l-ancien-siege-de-la-snt-a-l-abandon-depuis-des-annees\/212447\/\">Snapshot : L\u2019ancien si\u00e8ge de la SNT \u00e0 l\u2019abandon depuis des ann\u00e9es<\/a><\/li>\n<\/ul>\n<\/blockquote>\n","protected":false},"excerpt":{"rendered":"<p>Lors d\u2019une visite de terrain \u00e0 la Soci\u00e9t\u00e9 des Transports de Tunis (TRANSTU), le ministre des Transports Rachid Amri a \u00e9voqu\u00e9 la situation de l\u2019ancien si\u00e8ge de la soci\u00e9t\u00e9 (ex-SNT) situ\u00e9 sur Avenue Habib Bourguiba. L\u2019\u00e9difice, embl\u00e9matique du centre de Tunis, devrait faire l\u2019objet d\u2019une r\u00e9habilitation prochaine. Cette initiative s\u2019inscrit dans une logique de sauvegarde [&hellip;]<\/p>\n","protected":false},"author":4782,"featured_media":396972,"comment_status":"closed","ping_status":"closed","sticky":false,"template":"","format":"standard","meta":{"footnotes":""},"categories":[44],"tags":[6970,4045,2640,2608],"class_list":["post-396971","post","type-post","status-publish","format-standard","has-post-thumbnail","hentry","category-national","tag-snt","tag-transtu","tag-tunis","tag-tunisie"],"yoast_head":"<!-- This site is optimized with the Yoast SEO Premium plugin v27.4 (Yoast SEO v27.5) - https:\/\/yoast.com\/product\/yoast-seo-premium-wordpress\/ -->\n<title>Patrimoine : L\u2019ancien si\u00e8ge de la SNT sur l\u2019avenue Bourguiba promis \u00e0 une restauration urgente - webdo<\/title>\n<meta name=\"description\" content=\"La r\u00e9habilitation de l&#039;ancien si\u00e8ge de la SNT est essentielle pour prot\u00e9ger l&#039;h\u00e9ritage architectural de Tunis face \u00e0 la d\u00e9gradation.\" \/>\n<link rel=\"canonical\" href=\"https:\/\/www.webdo.tn\/fr\/actualite\/national\/patrimoine-lancien-siege-de-la-snt-sur-lavenue-bourguiba-promis-a-une-restauration-urgente\/396971\/\" \/>\n<meta property=\"og:locale\" content=\"fr_FR\" \/>\n<meta property=\"og:type\" content=\"article\" \/>\n<meta property=\"og:title\" content=\"Patrimoine : L\u2019ancien si\u00e8ge de la SNT sur l\u2019avenue Bourguiba promis \u00e0 une restauration urgente\" \/>\n<meta property=\"og:description\" content=\"La r\u00e9habilitation de l&#039;ancien si\u00e8ge de la SNT est essentielle pour prot\u00e9ger l&#039;h\u00e9ritage architectural de Tunis face \u00e0 la d\u00e9gradation.\" \/>\n<meta property=\"og:url\" content=\"https:\/\/www.webdo.tn\/fr\/actualite\/national\/patrimoine-lancien-siege-de-la-snt-sur-lavenue-bourguiba-promis-a-une-restauration-urgente\/396971\/\" \/>\n<meta property=\"og:site_name\" content=\"webdo\" \/>\n<meta property=\"article:publisher\" content=\"https:\/\/www.facebook.com\/webdotn\" \/>\n<meta property=\"article:published_time\" content=\"2026-04-28T10:36:55+00:00\" \/>\n<meta property=\"article:modified_time\" content=\"2026-04-28T10:36:56+00:00\" \/>\n<meta property=\"og:image\" content=\"https:\/\/www.webdo.tn\/fr\/wp-content\/uploads\/2026\/04\/SNT.jpg\" \/>\n\t<meta property=\"og:image:width\" content=\"1200\" \/>\n\t<meta property=\"og:image:height\" content=\"600\" \/>\n\t<meta property=\"og:image:type\" content=\"image\/jpeg\" \/>\n<meta name=\"author\" content=\"Mohamed Fethi\" \/>\n<meta name=\"twitter:card\" content=\"summary_large_image\" \/>\n<meta name=\"twitter:creator\" content=\"@webdo_tn\" \/>\n<meta name=\"twitter:site\" content=\"@webdo_tn\" \/>\n<meta name=\"twitter:label1\" content=\"\u00c9crit par\" \/>\n\t<meta name=\"twitter:data1\" content=\"Mohamed Fethi\" \/>\n\t<meta name=\"twitter:label2\" content=\"Dur\u00e9e de lecture estim\u00e9e\" \/>\n\t<meta name=\"twitter:data2\" content=\"2 minutes\" \/>\n<script type=\"application\/ld+json\" class=\"yoast-schema-graph\">{\"@context\":\"https:\\\/\\\/schema.org\",\"@graph\":[{\"@type\":\"NewsArticle\",\"@id\":\"https:\\\/\\\/www.webdo.tn\\\/fr\\\/actualite\\\/national\\\/patrimoine-lancien-siege-de-la-snt-sur-lavenue-bourguiba-promis-a-une-restauration-urgente\\\/396971\\\/#article\",\"isPartOf\":{\"@id\":\"https:\\\/\\\/www.webdo.tn\\\/fr\\\/actualite\\\/national\\\/patrimoine-lancien-siege-de-la-snt-sur-lavenue-bourguiba-promis-a-une-restauration-urgente\\\/396971\\\/\"},\"author\":{\"name\":\"Mohamed Fethi\",\"@id\":\"https:\\\/\\\/www.webdo.tn\\\/fr\\\/#\\\/schema\\\/person\\\/16a4857e77dfc0b610c4c2cadffc9ac4\"},\"headline\":\"Patrimoine : L\u2019ancien si\u00e8ge de la SNT sur l\u2019avenue Bourguiba promis \u00e0 une restauration urgente\",\"datePublished\":\"2026-04-28T10:36:55+00:00\",\"dateModified\":\"2026-04-28T10:36:56+00:00\",\"mainEntityOfPage\":{\"@id\":\"https:\\\/\\\/www.webdo.tn\\\/fr\\\/actualite\\\/national\\\/patrimoine-lancien-siege-de-la-snt-sur-lavenue-bourguiba-promis-a-une-restauration-urgente\\\/396971\\\/\"},\"wordCount\":269,\"publisher\":{\"@id\":\"https:\\\/\\\/www.webdo.tn\\\/fr\\\/#organization\"},\"image\":{\"@id\":\"https:\\\/\\\/www.webdo.tn\\\/fr\\\/actualite\\\/national\\\/patrimoine-lancien-siege-de-la-snt-sur-lavenue-bourguiba-promis-a-une-restauration-urgente\\\/396971\\\/#primaryimage\"},\"thumbnailUrl\":\"https:\\\/\\\/www.webdo.tn\\\/fr\\\/wp-content\\\/uploads\\\/2026\\\/04\\\/SNT.jpg\",\"keywords\":[\"SNT\",\"TRANSTU\",\"Tunis\",\"Tunisie\"],\"articleSection\":[\"National\"],\"inLanguage\":\"fr-FR\"},{\"@type\":\"WebPage\",\"@id\":\"https:\\\/\\\/www.webdo.tn\\\/fr\\\/actualite\\\/national\\\/patrimoine-lancien-siege-de-la-snt-sur-lavenue-bourguiba-promis-a-une-restauration-urgente\\\/396971\\\/\",\"url\":\"https:\\\/\\\/www.webdo.tn\\\/fr\\\/actualite\\\/national\\\/patrimoine-lancien-siege-de-la-snt-sur-lavenue-bourguiba-promis-a-une-restauration-urgente\\\/396971\\\/\",\"name\":\"Patrimoine : L\u2019ancien si\u00e8ge de la SNT sur l\u2019avenue Bourguiba promis \u00e0 une restauration urgente - webdo\",\"isPartOf\":{\"@id\":\"https:\\\/\\\/www.webdo.tn\\\/fr\\\/#website\"},\"primaryImageOfPage\":{\"@id\":\"https:\\\/\\\/www.webdo.tn\\\/fr\\\/actualite\\\/national\\\/patrimoine-lancien-siege-de-la-snt-sur-lavenue-bourguiba-promis-a-une-restauration-urgente\\\/396971\\\/#primaryimage\"},\"image\":{\"@id\":\"https:\\\/\\\/www.webdo.tn\\\/fr\\\/actualite\\\/national\\\/patrimoine-lancien-siege-de-la-snt-sur-lavenue-bourguiba-promis-a-une-restauration-urgente\\\/396971\\\/#primaryimage\"},\"thumbnailUrl\":\"https:\\\/\\\/www.webdo.tn\\\/fr\\\/wp-content\\\/uploads\\\/2026\\\/04\\\/SNT.jpg\",\"datePublished\":\"2026-04-28T10:36:55+00:00\",\"dateModified\":\"2026-04-28T10:36:56+00:00\",\"description\":\"La r\u00e9habilitation de l'ancien si\u00e8ge de la SNT est essentielle pour prot\u00e9ger l'h\u00e9ritage architectural de Tunis face \u00e0 la d\u00e9gradation.\",\"breadcrumb\":{\"@id\":\"https:\\\/\\\/www.webdo.tn\\\/fr\\\/actualite\\\/national\\\/patrimoine-lancien-siege-de-la-snt-sur-lavenue-bourguiba-promis-a-une-restauration-urgente\\\/396971\\\/#breadcrumb\"},\"inLanguage\":\"fr-FR\",\"potentialAction\":[{\"@type\":\"ReadAction\",\"target\":[\"https:\\\/\\\/www.webdo.tn\\\/fr\\\/actualite\\\/national\\\/patrimoine-lancien-siege-de-la-snt-sur-lavenue-bourguiba-promis-a-une-restauration-urgente\\\/396971\\\/\"]}]},{\"@type\":\"ImageObject\",\"inLanguage\":\"fr-FR\",\"@id\":\"https:\\\/\\\/www.webdo.tn\\\/fr\\\/actualite\\\/national\\\/patrimoine-lancien-siege-de-la-snt-sur-lavenue-bourguiba-promis-a-une-restauration-urgente\\\/396971\\\/#primaryimage\",\"url\":\"https:\\\/\\\/www.webdo.tn\\\/fr\\\/wp-content\\\/uploads\\\/2026\\\/04\\\/SNT.jpg\",\"contentUrl\":\"https:\\\/\\\/www.webdo.tn\\\/fr\\\/wp-content\\\/uploads\\\/2026\\\/04\\\/SNT.jpg\",\"width\":1200,\"height\":600,\"caption\":\"Patrimoine : L\u2019ancien si\u00e8ge de la SNT sur l\u2019avenue Bourguiba promis \u00e0 une restauration urgente\"},{\"@type\":\"BreadcrumbList\",\"@id\":\"https:\\\/\\\/www.webdo.tn\\\/fr\\\/actualite\\\/national\\\/patrimoine-lancien-siege-de-la-snt-sur-lavenue-bourguiba-promis-a-une-restauration-urgente\\\/396971\\\/#breadcrumb\",\"itemListElement\":[{\"@type\":\"ListItem\",\"position\":1,\"name\":\"Accueil\",\"item\":\"https:\\\/\\\/www.webdo.tn\\\/fr\\\/\"},{\"@type\":\"ListItem\",\"position\":2,\"name\":\"Patrimoine : L\u2019ancien si\u00e8ge de la SNT sur l\u2019avenue Bourguiba promis \u00e0 une restauration urgente\"}]},{\"@type\":\"WebSite\",\"@id\":\"https:\\\/\\\/www.webdo.tn\\\/fr\\\/#website\",\"url\":\"https:\\\/\\\/www.webdo.tn\\\/fr\\\/\",\"name\":\"webdo\",\"description\":\"Tunisie - News en Tunisie et \u00e0 l&#039;international sur Webdo.tn\",\"publisher\":{\"@id\":\"https:\\\/\\\/www.webdo.tn\\\/fr\\\/#organization\"},\"potentialAction\":[{\"@type\":\"SearchAction\",\"target\":{\"@type\":\"EntryPoint\",\"urlTemplate\":\"https:\\\/\\\/www.webdo.tn\\\/fr\\\/?s={search_term_string}\"},\"query-input\":{\"@type\":\"PropertyValueSpecification\",\"valueRequired\":true,\"valueName\":\"search_term_string\"}}],\"inLanguage\":\"fr-FR\"},{\"@type\":\"Organization\",\"@id\":\"https:\\\/\\\/www.webdo.tn\\\/fr\\\/#organization\",\"name\":\"Webdo\",\"alternateName\":\"Webdo.tn\",\"url\":\"https:\\\/\\\/www.webdo.tn\\\/fr\\\/\",\"logo\":{\"@type\":\"ImageObject\",\"inLanguage\":\"fr-FR\",\"@id\":\"https:\\\/\\\/www.webdo.tn\\\/fr\\\/#\\\/schema\\\/logo\\\/image\\\/\",\"url\":\"https:\\\/\\\/www.webdo.tn\\\/fr\\\/wp-content\\\/uploads\\\/2025\\\/06\\\/Webdo-Tunisie_168377.jpg\",\"contentUrl\":\"https:\\\/\\\/www.webdo.tn\\\/fr\\\/wp-content\\\/uploads\\\/2025\\\/06\\\/Webdo-Tunisie_168377.jpg\",\"width\":301,\"height\":301,\"caption\":\"Webdo\"},\"image\":{\"@id\":\"https:\\\/\\\/www.webdo.tn\\\/fr\\\/#\\\/schema\\\/logo\\\/image\\\/\"},\"sameAs\":[\"https:\\\/\\\/www.facebook.com\\\/webdotn\",\"https:\\\/\\\/x.com\\\/webdo_tn\"],\"description\":\"Webdo est un m\u00e9dia num\u00e9rique tunisien fond\u00e9 en 2010, sp\u00e9cialis\u00e9 dans l\u2019actualit\u00e9 nationale et internationale, l\u2019\u00e9conomie, la soci\u00e9t\u00e9 et les analyses politiques. Le site s\u2019adresse \u00e0 un large public francophone et couvre l\u2019information tunisienne en temps r\u00e9el.\",\"email\":\"redac@webdo.tn\",\"legalName\":\"YNJ SARL\",\"foundingDate\":\"2010-09-06\",\"numberOfEmployees\":{\"@type\":\"QuantitativeValue\",\"minValue\":\"11\",\"maxValue\":\"50\"}},{\"@type\":\"Person\",\"@id\":\"https:\\\/\\\/www.webdo.tn\\\/fr\\\/#\\\/schema\\\/person\\\/16a4857e77dfc0b610c4c2cadffc9ac4\",\"name\":\"Mohamed Fethi\",\"image\":{\"@type\":\"ImageObject\",\"inLanguage\":\"fr-FR\",\"@id\":\"https:\\\/\\\/www.webdo.tn\\\/fr\\\/wp-content\\\/uploads\\\/2026\\\/04\\\/mohamed-fethi_avatar_1-96x96.jpg\",\"url\":\"https:\\\/\\\/www.webdo.tn\\\/fr\\\/wp-content\\\/uploads\\\/2026\\\/04\\\/mohamed-fethi_avatar_1-96x96.jpg\",\"contentUrl\":\"https:\\\/\\\/www.webdo.tn\\\/fr\\\/wp-content\\\/uploads\\\/2026\\\/04\\\/mohamed-fethi_avatar_1-96x96.jpg\",\"caption\":\"Mohamed Fethi\"},\"description\":\"Signature \u00e9ditoriale de Maher Chaabane Mohamed Fethi est le pseudonyme \u00e9ditorial de Maher Chaabane, r\u00e9dacteur en chef de Webdo.tn depuis 2012. Cette signature est d\u00e9di\u00e9e au traitement intensif de l'actualit\u00e9 nationale et internationale en temps r\u00e9el. S'appuyant sur les deux d\u00e9cennies d'expertise journalistique de Maher Chaabane \u2014 d\u00e9but\u00e9e au sein du groupe Tunis Hebdo en 2000 \u2014 Mohamed Fethi assure une veille rigoureuse sur les enjeux politiques, \u00e9conomiques et sportifs. Sa mission est de garantir une information structur\u00e9e, fluide et fid\u00e8le aux standards de la r\u00e9daction. Pour consulter le parcours complet du r\u00e9dacteur en chef, visitez le profil officiel de Maher Chaabane.\",\"knowsAbout\":[\"actualit\u00e9\",\"journalisme\",\"information\",\"politique\",\"sport\",\"m\u00e9dias\",\"actualit\u00e9 internationale\"],\"knowsLanguage\":[\"Fran\u00e7ais\",\"Arabe\"],\"jobTitle\":\"Journaliste \u2013 R\u00e9daction Webdo\",\"worksFor\":\"Webdo.tn\",\"url\":\"https:\\\/\\\/www.webdo.tn\\\/fr\\\/actualite\\\/author\\\/mohamed-fethi\\\/\"}]}<\/script>\n<!-- \/ Yoast SEO Premium plugin. -->","yoast_head_json":{"title":"Patrimoine : L\u2019ancien si\u00e8ge de la SNT sur l\u2019avenue Bourguiba promis \u00e0 une restauration urgente - webdo","description":"La r\u00e9habilitation de l'ancien si\u00e8ge de la SNT est essentielle pour prot\u00e9ger l'h\u00e9ritage architectural de Tunis face \u00e0 la d\u00e9gradation.","canonical":"https:\/\/www.webdo.tn\/fr\/actualite\/national\/patrimoine-lancien-siege-de-la-snt-sur-lavenue-bourguiba-promis-a-une-restauration-urgente\/396971\/","og_locale":"fr_FR","og_type":"article","og_title":"Patrimoine : L\u2019ancien si\u00e8ge de la SNT sur l\u2019avenue Bourguiba promis \u00e0 une restauration urgente","og_description":"La r\u00e9habilitation de l'ancien si\u00e8ge de la SNT est essentielle pour prot\u00e9ger l'h\u00e9ritage architectural de Tunis face \u00e0 la d\u00e9gradation.","og_url":"https:\/\/www.webdo.tn\/fr\/actualite\/national\/patrimoine-lancien-siege-de-la-snt-sur-lavenue-bourguiba-promis-a-une-restauration-urgente\/396971\/","og_site_name":"webdo","article_publisher":"https:\/\/www.facebook.com\/webdotn","article_published_time":"2026-04-28T10:36:55+00:00","article_modified_time":"2026-04-28T10:36:56+00:00","og_image":[{"width":1200,"height":600,"url":"https:\/\/www.webdo.tn\/fr\/wp-content\/uploads\/2026\/04\/SNT.jpg","type":"image\/jpeg"}],"author":"Mohamed Fethi","twitter_card":"summary_large_image","twitter_creator":"@webdo_tn","twitter_site":"@webdo_tn","twitter_misc":{"\u00c9crit par":"Mohamed Fethi","Dur\u00e9e de lecture estim\u00e9e":"2 minutes"},"schema":{"@context":"https:\/\/schema.org","@graph":[{"@type":"NewsArticle","@id":"https:\/\/www.webdo.tn\/fr\/actualite\/national\/patrimoine-lancien-siege-de-la-snt-sur-lavenue-bourguiba-promis-a-une-restauration-urgente\/396971\/#article","isPartOf":{"@id":"https:\/\/www.webdo.tn\/fr\/actualite\/national\/patrimoine-lancien-siege-de-la-snt-sur-lavenue-bourguiba-promis-a-une-restauration-urgente\/396971\/"},"author":{"name":"Mohamed Fethi","@id":"https:\/\/www.webdo.tn\/fr\/#\/schema\/person\/16a4857e77dfc0b610c4c2cadffc9ac4"},"headline":"Patrimoine : L\u2019ancien si\u00e8ge de la SNT sur l\u2019avenue Bourguiba promis \u00e0 une restauration urgente","datePublished":"2026-04-28T10:36:55+00:00","dateModified":"2026-04-28T10:36:56+00:00","mainEntityOfPage":{"@id":"https:\/\/www.webdo.tn\/fr\/actualite\/national\/patrimoine-lancien-siege-de-la-snt-sur-lavenue-bourguiba-promis-a-une-restauration-urgente\/396971\/"},"wordCount":269,"publisher":{"@id":"https:\/\/www.webdo.tn\/fr\/#organization"},"image":{"@id":"https:\/\/www.webdo.tn\/fr\/actualite\/national\/patrimoine-lancien-siege-de-la-snt-sur-lavenue-bourguiba-promis-a-une-restauration-urgente\/396971\/#primaryimage"},"thumbnailUrl":"https:\/\/www.webdo.tn\/fr\/wp-content\/uploads\/2026\/04\/SNT.jpg","keywords":["SNT","TRANSTU","Tunis","Tunisie"],"articleSection":["National"],"inLanguage":"fr-FR"},{"@type":"WebPage","@id":"https:\/\/www.webdo.tn\/fr\/actualite\/national\/patrimoine-lancien-siege-de-la-snt-sur-lavenue-bourguiba-promis-a-une-restauration-urgente\/396971\/","url":"https:\/\/www.webdo.tn\/fr\/actualite\/national\/patrimoine-lancien-siege-de-la-snt-sur-lavenue-bourguiba-promis-a-une-restauration-urgente\/396971\/","name":"Patrimoine : L\u2019ancien si\u00e8ge de la SNT sur l\u2019avenue Bourguiba promis \u00e0 une restauration urgente - webdo","isPartOf":{"@id":"https:\/\/www.webdo.tn\/fr\/#website"},"primaryImageOfPage":{"@id":"https:\/\/www.webdo.tn\/fr\/actualite\/national\/patrimoine-lancien-siege-de-la-snt-sur-lavenue-bourguiba-promis-a-une-restauration-urgente\/396971\/#primaryimage"},"image":{"@id":"https:\/\/www.webdo.tn\/fr\/actualite\/national\/patrimoine-lancien-siege-de-la-snt-sur-lavenue-bourguiba-promis-a-une-restauration-urgente\/396971\/#primaryimage"},"thumbnailUrl":"https:\/\/www.webdo.tn\/fr\/wp-content\/uploads\/2026\/04\/SNT.jpg","datePublished":"2026-04-28T10:36:55+00:00","dateModified":"2026-04-28T10:36:56+00:00","description":"La r\u00e9habilitation de l'ancien si\u00e8ge de la SNT est essentielle pour prot\u00e9ger l'h\u00e9ritage architectural de Tunis face \u00e0 la d\u00e9gradation.","breadcrumb":{"@id":"https:\/\/www.webdo.tn\/fr\/actualite\/national\/patrimoine-lancien-siege-de-la-snt-sur-lavenue-bourguiba-promis-a-une-restauration-urgente\/396971\/#breadcrumb"},"inLanguage":"fr-FR","potentialAction":[{"@type":"ReadAction","target":["https:\/\/www.webdo.tn\/fr\/actualite\/national\/patrimoine-lancien-siege-de-la-snt-sur-lavenue-bourguiba-promis-a-une-restauration-urgente\/396971\/"]}]},{"@type":"ImageObject","inLanguage":"fr-FR","@id":"https:\/\/www.webdo.tn\/fr\/actualite\/national\/patrimoine-lancien-siege-de-la-snt-sur-lavenue-bourguiba-promis-a-une-restauration-urgente\/396971\/#primaryimage","url":"https:\/\/www.webdo.tn\/fr\/wp-content\/uploads\/2026\/04\/SNT.jpg","contentUrl":"https:\/\/www.webdo.tn\/fr\/wp-content\/uploads\/2026\/04\/SNT.jpg","width":1200,"height":600,"caption":"Patrimoine : L\u2019ancien si\u00e8ge de la SNT sur l\u2019avenue Bourguiba promis \u00e0 une restauration urgente"},{"@type":"BreadcrumbList","@id":"https:\/\/www.webdo.tn\/fr\/actualite\/national\/patrimoine-lancien-siege-de-la-snt-sur-lavenue-bourguiba-promis-a-une-restauration-urgente\/396971\/#breadcrumb","itemListElement":[{"@type":"ListItem","position":1,"name":"Accueil","item":"https:\/\/www.webdo.tn\/fr\/"},{"@type":"ListItem","position":2,"name":"Patrimoine : L\u2019ancien si\u00e8ge de la SNT sur l\u2019avenue Bourguiba promis \u00e0 une restauration urgente"}]},{"@type":"WebSite","@id":"https:\/\/www.webdo.tn\/fr\/#website","url":"https:\/\/www.webdo.tn\/fr\/","name":"webdo","description":"Tunisie - News en Tunisie et \u00e0 l&#039;international sur Webdo.tn","publisher":{"@id":"https:\/\/www.webdo.tn\/fr\/#organization"},"potentialAction":[{"@type":"SearchAction","target":{"@type":"EntryPoint","urlTemplate":"https:\/\/www.webdo.tn\/fr\/?s={search_term_string}"},"query-input":{"@type":"PropertyValueSpecification","valueRequired":true,"valueName":"search_term_string"}}],"inLanguage":"fr-FR"},{"@type":"Organization","@id":"https:\/\/www.webdo.tn\/fr\/#organization","name":"Webdo","alternateName":"Webdo.tn","url":"https:\/\/www.webdo.tn\/fr\/","logo":{"@type":"ImageObject","inLanguage":"fr-FR","@id":"https:\/\/www.webdo.tn\/fr\/#\/schema\/logo\/image\/","url":"https:\/\/www.webdo.tn\/fr\/wp-content\/uploads\/2025\/06\/Webdo-Tunisie_168377.jpg","contentUrl":"https:\/\/www.webdo.tn\/fr\/wp-content\/uploads\/2025\/06\/Webdo-Tunisie_168377.jpg","width":301,"height":301,"caption":"Webdo"},"image":{"@id":"https:\/\/www.webdo.tn\/fr\/#\/schema\/logo\/image\/"},"sameAs":["https:\/\/www.facebook.com\/webdotn","https:\/\/x.com\/webdo_tn"],"description":"Webdo est un m\u00e9dia num\u00e9rique tunisien fond\u00e9 en 2010, sp\u00e9cialis\u00e9 dans l\u2019actualit\u00e9 nationale et internationale, l\u2019\u00e9conomie, la soci\u00e9t\u00e9 et les analyses politiques. Le site s\u2019adresse \u00e0 un large public francophone et couvre l\u2019information tunisienne en temps r\u00e9el.","email":"redac@webdo.tn","legalName":"YNJ SARL","foundingDate":"2010-09-06","numberOfEmployees":{"@type":"QuantitativeValue","minValue":"11","maxValue":"50"}},{"@type":"Person","@id":"https:\/\/www.webdo.tn\/fr\/#\/schema\/person\/16a4857e77dfc0b610c4c2cadffc9ac4","name":"Mohamed Fethi","image":{"@type":"ImageObject","inLanguage":"fr-FR","@id":"https:\/\/www.webdo.tn\/fr\/wp-content\/uploads\/2026\/04\/mohamed-fethi_avatar_1-96x96.jpg","url":"https:\/\/www.webdo.tn\/fr\/wp-content\/uploads\/2026\/04\/mohamed-fethi_avatar_1-96x96.jpg","contentUrl":"https:\/\/www.webdo.tn\/fr\/wp-content\/uploads\/2026\/04\/mohamed-fethi_avatar_1-96x96.jpg","caption":"Mohamed Fethi"},"description":"Signature \u00e9ditoriale de Maher Chaabane Mohamed Fethi est le pseudonyme \u00e9ditorial de Maher Chaabane, r\u00e9dacteur en chef de Webdo.tn depuis 2012. Cette signature est d\u00e9di\u00e9e au traitement intensif de l'actualit\u00e9 nationale et internationale en temps r\u00e9el. S'appuyant sur les deux d\u00e9cennies d'expertise journalistique de Maher Chaabane \u2014 d\u00e9but\u00e9e au sein du groupe Tunis Hebdo en 2000 \u2014 Mohamed Fethi assure une veille rigoureuse sur les enjeux politiques, \u00e9conomiques et sportifs. Sa mission est de garantir une information structur\u00e9e, fluide et fid\u00e8le aux standards de la r\u00e9daction. Pour consulter le parcours complet du r\u00e9dacteur en chef, visitez le profil officiel de Maher Chaabane.","knowsAbout":["actualit\u00e9","journalisme","information","politique","sport","m\u00e9dias","actualit\u00e9 internationale"],"knowsLanguage":["Fran\u00e7ais","Arabe"],"jobTitle":"Journaliste \u2013 R\u00e9daction Webdo","worksFor":"Webdo.tn","url":"https:\/\/www.webdo.tn\/fr\/actualite\/author\/mohamed-fethi\/"}]}},"_links":{"self":[{"href":"https:\/\/www.webdo.tn\/fr\/wp-json\/wp\/v2\/posts\/396971","targetHints":{"allow":["GET"]}}],"collection":[{"href":"https:\/\/www.webdo.tn\/fr\/wp-json\/wp\/v2\/posts"}],"about":[{"href":"https:\/\/www.webdo.tn\/fr\/wp-json\/wp\/v2\/types\/post"}],"author":[{"embeddable":true,"href":"https:\/\/www.webdo.tn\/fr\/wp-json\/wp\/v2\/users\/4782"}],"replies":[{"embeddable":true,"href":"https:\/\/www.webdo.tn\/fr\/wp-json\/wp\/v2\/comments?post=396971"}],"version-history":[{"count":1,"href":"https:\/\/www.webdo.tn\/fr\/wp-json\/wp\/v2\/posts\/396971\/revisions"}],"predecessor-version":[{"id":396973,"href":"https:\/\/www.webdo.tn\/fr\/wp-json\/wp\/v2\/posts\/396971\/revisions\/396973"}],"wp:featuredmedia":[{"embeddable":true,"href":"https:\/\/www.webdo.tn\/fr\/wp-json\/wp\/v2\/media\/396972"}],"wp:attachment":[{"href":"https:\/\/www.webdo.tn\/fr\/wp-json\/wp\/v2\/media?parent=396971"}],"wp:term":[{"taxonomy":"category","embeddable":true,"href":"https:\/\/www.webdo.tn\/fr\/wp-json\/wp\/v2\/categories?post=396971"},{"taxonomy":"post_tag","embeddable":true,"href":"https:\/\/www.webdo.tn\/fr\/wp-json\/wp\/v2\/tags?post=396971"}],"curies":[{"name":"wp","href":"https:\/\/api.w.org\/{rel}","templated":true}]}}