{"id":396958,"date":"2026-04-28T09:33:25","date_gmt":"2026-04-28T08:33:25","guid":{"rendered":"https:\/\/www.webdo.tn\/fr\/?p=396958"},"modified":"2026-04-28T09:33:26","modified_gmt":"2026-04-28T08:33:26","slug":"everyday-tunisians-walid-les-encens-et-sidi-mahrez","status":"publish","type":"post","link":"https:\/\/www.webdo.tn\/fr\/actualite\/everyday-tunisians\/everyday-tunisians-walid-les-encens-et-sidi-mahrez\/396958\/","title":{"rendered":"Everyday Tunisians : Walid, les encens et Sidi Mahrez"},"content":{"rendered":"\n<p>Au plus proche du mausol\u00e9e de Sidi Mahrez, dans un cagibi d&rsquo;o\u00f9 \u00e9manent effluves et senteurs, Walid partage son savoir-faire et sa croyance ind\u00e9fectible en la baraka du saint-patron de Tunis.<\/p>\n\n\n\n<p>Entour\u00e9 d&rsquo;encens, de gomme arabique et de henn\u00e9, il m\u00e9lange les herbes et les \u00e9sot\u00e9rismes. Son tour de main lui vaut la reconnaissance des p\u00e9lerins et aussi de petits miracles tiss\u00e9s au quotidien.<\/p>\n\n\n\n<p>Walid est au service de la zaouia voisine et de ses nombreux visiteurs. Il sait que chacun de ses gestes suscitera des vagues de ferveur et fait de son mieux pour honorer la saintet\u00e9 et les b\u00e9n\u00e9dictions qu&rsquo;elle engage.<\/p>\n\n\n\n<p>Au fond de son r\u00e9duit si plein d&rsquo;\u00e9nergies et d&rsquo;effluves sacr\u00e9s, Walid veille \u00e0 sa mani\u00e8re et conjugue les louanges au ciel aux vapeurs d&rsquo;encens qui l&rsquo;entourent et le hissent au plus haut de l&rsquo;ardeur.<\/p>\n\n\n\n<blockquote class=\"wp-block-quote is-layout-flow wp-block-quote-is-layout-flow\">\n<ul class=\"wp-block-list\">\n<li class=\"has-medium-font-size\"><strong>Lire aussi : <\/strong><a href=\"https:\/\/www.webdo.tn\/fr\/actualite\/everyday-tunisians\/everyday-tunisians-sihem-tarhouni-et-la-belle-aventure-de-lellati\/396847\/\">Everyday Tunisians : Sihem Tarhouni et la belle aventure de Lellati<\/a><\/li>\n<\/ul>\n<\/blockquote>\n","protected":false},"excerpt":{"rendered":"<p>Au plus proche du mausol\u00e9e de Sidi Mahrez, dans un cagibi d&rsquo;o\u00f9 \u00e9manent effluves et senteurs, Walid partage son savoir-faire et sa croyance ind\u00e9fectible en la baraka du saint-patron de Tunis. Entour\u00e9 d&rsquo;encens, de gomme arabique et de henn\u00e9, il m\u00e9lange les herbes et les \u00e9sot\u00e9rismes. Son tour de main lui vaut la reconnaissance des [&hellip;]<\/p>\n","protected":false},"author":3229,"featured_media":396959,"comment_status":"closed","ping_status":"closed","sticky":false,"template":"","format":"standard","meta":{"footnotes":""},"categories":[2591],"tags":[4538,13532,2608],"class_list":["post-396958","post","type-post","status-publish","format-standard","has-post-thumbnail","hentry","category-everyday-tunisians","tag-medina-de-tunis","tag-sidi-mahrez","tag-tunisie"],"yoast_head":"<!-- This site is optimized with the Yoast SEO Premium plugin v27.4 (Yoast SEO v27.5) - https:\/\/yoast.com\/product\/yoast-seo-premium-wordpress\/ -->\n<title>Everyday Tunisians : Walid, les encens et Sidi Mahrez - webdo<\/title>\n<meta name=\"description\" content=\"Explorez le monde fascinant des encens et Sidi Mahrez, o\u00f9 Walid cr\u00e9e des exp\u00e9riences spirituelles uniques pour les visiteurs.\" \/>\n<link rel=\"canonical\" href=\"https:\/\/www.webdo.tn\/fr\/actualite\/everyday-tunisians\/everyday-tunisians-walid-les-encens-et-sidi-mahrez\/396958\/\" \/>\n<meta property=\"og:locale\" content=\"fr_FR\" \/>\n<meta property=\"og:type\" content=\"article\" \/>\n<meta property=\"og:title\" content=\"Everyday Tunisians : Walid, les encens et Sidi Mahrez\" \/>\n<meta property=\"og:description\" content=\"Explorez le monde fascinant des encens et Sidi Mahrez, o\u00f9 Walid cr\u00e9e des exp\u00e9riences spirituelles uniques pour les visiteurs.\" \/>\n<meta property=\"og:url\" content=\"https:\/\/www.webdo.tn\/fr\/actualite\/everyday-tunisians\/everyday-tunisians-walid-les-encens-et-sidi-mahrez\/396958\/\" \/>\n<meta property=\"og:site_name\" content=\"webdo\" \/>\n<meta property=\"article:publisher\" content=\"https:\/\/www.facebook.com\/webdotn\" \/>\n<meta property=\"article:author\" content=\"https:\/\/www.facebook.com\/hatem.bourial.2025\" \/>\n<meta property=\"article:published_time\" content=\"2026-04-28T08:33:25+00:00\" \/>\n<meta property=\"article:modified_time\" content=\"2026-04-28T08:33:26+00:00\" \/>\n<meta property=\"og:image\" content=\"https:\/\/www.webdo.tn\/fr\/wp-content\/uploads\/2026\/04\/Walid.jpeg\" \/>\n\t<meta property=\"og:image:width\" content=\"1200\" \/>\n\t<meta property=\"og:image:height\" content=\"600\" \/>\n\t<meta property=\"og:image:type\" content=\"image\/jpeg\" \/>\n<meta name=\"author\" content=\"Hatem Bourial\" \/>\n<meta name=\"twitter:card\" content=\"summary_large_image\" \/>\n<meta name=\"twitter:creator\" content=\"@webdo_tn\" \/>\n<meta name=\"twitter:site\" content=\"@webdo_tn\" \/>\n<meta name=\"twitter:label1\" content=\"\u00c9crit par\" \/>\n\t<meta name=\"twitter:data1\" content=\"Hatem Bourial\" \/>\n\t<meta name=\"twitter:label2\" content=\"Dur\u00e9e de lecture estim\u00e9e\" \/>\n\t<meta name=\"twitter:data2\" content=\"1 minute\" \/>\n<script type=\"application\/ld+json\" class=\"yoast-schema-graph\">{\"@context\":\"https:\\\/\\\/schema.org\",\"@graph\":[{\"@type\":\"NewsArticle\",\"@id\":\"https:\\\/\\\/www.webdo.tn\\\/fr\\\/actualite\\\/everyday-tunisians\\\/everyday-tunisians-walid-les-encens-et-sidi-mahrez\\\/396958\\\/#article\",\"isPartOf\":{\"@id\":\"https:\\\/\\\/www.webdo.tn\\\/fr\\\/actualite\\\/everyday-tunisians\\\/everyday-tunisians-walid-les-encens-et-sidi-mahrez\\\/396958\\\/\"},\"author\":{\"name\":\"Hatem Bourial\",\"@id\":\"https:\\\/\\\/www.webdo.tn\\\/fr\\\/#\\\/schema\\\/person\\\/6bc0beba2cd23aec27cb5df85ca2554f\"},\"headline\":\"Everyday Tunisians : Walid, les encens et Sidi Mahrez\",\"datePublished\":\"2026-04-28T08:33:25+00:00\",\"dateModified\":\"2026-04-28T08:33:26+00:00\",\"mainEntityOfPage\":{\"@id\":\"https:\\\/\\\/www.webdo.tn\\\/fr\\\/actualite\\\/everyday-tunisians\\\/everyday-tunisians-walid-les-encens-et-sidi-mahrez\\\/396958\\\/\"},\"wordCount\":176,\"publisher\":{\"@id\":\"https:\\\/\\\/www.webdo.tn\\\/fr\\\/#organization\"},\"image\":{\"@id\":\"https:\\\/\\\/www.webdo.tn\\\/fr\\\/actualite\\\/everyday-tunisians\\\/everyday-tunisians-walid-les-encens-et-sidi-mahrez\\\/396958\\\/#primaryimage\"},\"thumbnailUrl\":\"https:\\\/\\\/www.webdo.tn\\\/fr\\\/wp-content\\\/uploads\\\/2026\\\/04\\\/Walid.jpeg\",\"keywords\":[\"m\u00e9dina de tunis\",\"Sidi Mahrez\",\"Tunisie\"],\"articleSection\":[\"Everyday Tunisians by Hatem Bourial\"],\"inLanguage\":\"fr-FR\"},{\"@type\":\"WebPage\",\"@id\":\"https:\\\/\\\/www.webdo.tn\\\/fr\\\/actualite\\\/everyday-tunisians\\\/everyday-tunisians-walid-les-encens-et-sidi-mahrez\\\/396958\\\/\",\"url\":\"https:\\\/\\\/www.webdo.tn\\\/fr\\\/actualite\\\/everyday-tunisians\\\/everyday-tunisians-walid-les-encens-et-sidi-mahrez\\\/396958\\\/\",\"name\":\"Everyday Tunisians : Walid, les encens et Sidi Mahrez - webdo\",\"isPartOf\":{\"@id\":\"https:\\\/\\\/www.webdo.tn\\\/fr\\\/#website\"},\"primaryImageOfPage\":{\"@id\":\"https:\\\/\\\/www.webdo.tn\\\/fr\\\/actualite\\\/everyday-tunisians\\\/everyday-tunisians-walid-les-encens-et-sidi-mahrez\\\/396958\\\/#primaryimage\"},\"image\":{\"@id\":\"https:\\\/\\\/www.webdo.tn\\\/fr\\\/actualite\\\/everyday-tunisians\\\/everyday-tunisians-walid-les-encens-et-sidi-mahrez\\\/396958\\\/#primaryimage\"},\"thumbnailUrl\":\"https:\\\/\\\/www.webdo.tn\\\/fr\\\/wp-content\\\/uploads\\\/2026\\\/04\\\/Walid.jpeg\",\"datePublished\":\"2026-04-28T08:33:25+00:00\",\"dateModified\":\"2026-04-28T08:33:26+00:00\",\"description\":\"Explorez le monde fascinant des encens et Sidi Mahrez, o\u00f9 Walid cr\u00e9e des exp\u00e9riences spirituelles uniques pour les visiteurs.\",\"breadcrumb\":{\"@id\":\"https:\\\/\\\/www.webdo.tn\\\/fr\\\/actualite\\\/everyday-tunisians\\\/everyday-tunisians-walid-les-encens-et-sidi-mahrez\\\/396958\\\/#breadcrumb\"},\"inLanguage\":\"fr-FR\",\"potentialAction\":[{\"@type\":\"ReadAction\",\"target\":[\"https:\\\/\\\/www.webdo.tn\\\/fr\\\/actualite\\\/everyday-tunisians\\\/everyday-tunisians-walid-les-encens-et-sidi-mahrez\\\/396958\\\/\"]}]},{\"@type\":\"ImageObject\",\"inLanguage\":\"fr-FR\",\"@id\":\"https:\\\/\\\/www.webdo.tn\\\/fr\\\/actualite\\\/everyday-tunisians\\\/everyday-tunisians-walid-les-encens-et-sidi-mahrez\\\/396958\\\/#primaryimage\",\"url\":\"https:\\\/\\\/www.webdo.tn\\\/fr\\\/wp-content\\\/uploads\\\/2026\\\/04\\\/Walid.jpeg\",\"contentUrl\":\"https:\\\/\\\/www.webdo.tn\\\/fr\\\/wp-content\\\/uploads\\\/2026\\\/04\\\/Walid.jpeg\",\"width\":1200,\"height\":600,\"caption\":\"Everyday Tunisians : Walid, les encens et Sidi Mahrez\"},{\"@type\":\"BreadcrumbList\",\"@id\":\"https:\\\/\\\/www.webdo.tn\\\/fr\\\/actualite\\\/everyday-tunisians\\\/everyday-tunisians-walid-les-encens-et-sidi-mahrez\\\/396958\\\/#breadcrumb\",\"itemListElement\":[{\"@type\":\"ListItem\",\"position\":1,\"name\":\"Accueil\",\"item\":\"https:\\\/\\\/www.webdo.tn\\\/fr\\\/\"},{\"@type\":\"ListItem\",\"position\":2,\"name\":\"Everyday Tunisians : Walid, les encens et Sidi Mahrez\"}]},{\"@type\":\"WebSite\",\"@id\":\"https:\\\/\\\/www.webdo.tn\\\/fr\\\/#website\",\"url\":\"https:\\\/\\\/www.webdo.tn\\\/fr\\\/\",\"name\":\"webdo\",\"description\":\"Tunisie - News en Tunisie et \u00e0 l&#039;international sur Webdo.tn\",\"publisher\":{\"@id\":\"https:\\\/\\\/www.webdo.tn\\\/fr\\\/#organization\"},\"potentialAction\":[{\"@type\":\"SearchAction\",\"target\":{\"@type\":\"EntryPoint\",\"urlTemplate\":\"https:\\\/\\\/www.webdo.tn\\\/fr\\\/?s={search_term_string}\"},\"query-input\":{\"@type\":\"PropertyValueSpecification\",\"valueRequired\":true,\"valueName\":\"search_term_string\"}}],\"inLanguage\":\"fr-FR\"},{\"@type\":\"Organization\",\"@id\":\"https:\\\/\\\/www.webdo.tn\\\/fr\\\/#organization\",\"name\":\"Webdo\",\"alternateName\":\"Webdo.tn\",\"url\":\"https:\\\/\\\/www.webdo.tn\\\/fr\\\/\",\"logo\":{\"@type\":\"ImageObject\",\"inLanguage\":\"fr-FR\",\"@id\":\"https:\\\/\\\/www.webdo.tn\\\/fr\\\/#\\\/schema\\\/logo\\\/image\\\/\",\"url\":\"https:\\\/\\\/www.webdo.tn\\\/fr\\\/wp-content\\\/uploads\\\/2025\\\/06\\\/Webdo-Tunisie_168377.jpg\",\"contentUrl\":\"https:\\\/\\\/www.webdo.tn\\\/fr\\\/wp-content\\\/uploads\\\/2025\\\/06\\\/Webdo-Tunisie_168377.jpg\",\"width\":301,\"height\":301,\"caption\":\"Webdo\"},\"image\":{\"@id\":\"https:\\\/\\\/www.webdo.tn\\\/fr\\\/#\\\/schema\\\/logo\\\/image\\\/\"},\"sameAs\":[\"https:\\\/\\\/www.facebook.com\\\/webdotn\",\"https:\\\/\\\/x.com\\\/webdo_tn\"],\"description\":\"Webdo est un m\u00e9dia num\u00e9rique tunisien fond\u00e9 en 2010, sp\u00e9cialis\u00e9 dans l\u2019actualit\u00e9 nationale et internationale, l\u2019\u00e9conomie, la soci\u00e9t\u00e9 et les analyses politiques. Le site s\u2019adresse \u00e0 un large public francophone et couvre l\u2019information tunisienne en temps r\u00e9el.\",\"email\":\"redac@webdo.tn\",\"legalName\":\"YNJ SARL\",\"foundingDate\":\"2010-09-06\",\"numberOfEmployees\":{\"@type\":\"QuantitativeValue\",\"minValue\":\"11\",\"maxValue\":\"50\"}},{\"@type\":\"Person\",\"@id\":\"https:\\\/\\\/www.webdo.tn\\\/fr\\\/#\\\/schema\\\/person\\\/6bc0beba2cd23aec27cb5df85ca2554f\",\"name\":\"Hatem Bourial\",\"image\":{\"@type\":\"ImageObject\",\"inLanguage\":\"fr-FR\",\"@id\":\"https:\\\/\\\/www.webdo.tn\\\/fr\\\/wp-content\\\/uploads\\\/2026\\\/04\\\/hatem-bourial_avatar-96x96.jpg\",\"url\":\"https:\\\/\\\/www.webdo.tn\\\/fr\\\/wp-content\\\/uploads\\\/2026\\\/04\\\/hatem-bourial_avatar-96x96.jpg\",\"contentUrl\":\"https:\\\/\\\/www.webdo.tn\\\/fr\\\/wp-content\\\/uploads\\\/2026\\\/04\\\/hatem-bourial_avatar-96x96.jpg\",\"caption\":\"Hatem Bourial\"},\"description\":\"Hatem Bourial est journaliste, \u00e9crivain et chroniqueur tunisien. Actif depuis plusieurs d\u00e9cennies, il s\u2019est impos\u00e9 comme un observateur attentif de la soci\u00e9t\u00e9 tunisienne, m\u00ealant dans ses \u00e9crits m\u00e9moire, culture et analyse du quotidien. Auteur de nombreux ouvrages, il d\u00e9veloppe une \u0153uvre \u00e0 la crois\u00e9e du r\u00e9cit, de la po\u00e9sie et de l\u2019observation sociologique. Parall\u00e8lement \u00e0 ses contributions dans la presse, il intervient r\u00e9guli\u00e8rement \u00e0 la radio et dans des espaces culturels, o\u00f9 il explore les enjeux li\u00e9s au patrimoine, \u00e0 l\u2019identit\u00e9 et aux transformations du monde contemporain. \u00c0 travers ses chroniques, Hatem Bourial propose une lecture sensible et approfondie de l\u2019actualit\u00e9, nourrie par une exp\u00e9rience journalistique et litt\u00e9raire reconnue. \ud83d\udd17 Facebook : https:\\\/\\\/www.facebook.com\\\/hatem.bourial.2025\",\"sameAs\":[\"https:\\\/\\\/www.facebook.com\\\/hatem.bourial.2025\",\"https:\\\/\\\/fr.wikipedia.org\\\/wiki\\\/Fichier:Hatem_Bourial.jpg\"],\"knowsAbout\":[\"Culture & patrimoine tunisien\",\"Chronique soci\u00e9tale\",\"Litt\u00e9rature & m\u00e9moire\",\"Cin\u00e9ma & critique culturelle\",\"Identit\u00e9 & mutations sociales\"],\"knowsLanguage\":[\"Arabe\",\"Fran\u00e7ais\",\"Anglais\",\"Italien\",\"Polonais\"],\"jobTitle\":\"Journaliste, \u00e9crivain et chroniqueur culturel\",\"worksFor\":\"Webdo\",\"url\":\"https:\\\/\\\/www.webdo.tn\\\/fr\\\/actualite\\\/author\\\/hatem-bourial-2\\\/\"}]}<\/script>\n<!-- \/ Yoast SEO Premium plugin. -->","yoast_head_json":{"title":"Everyday Tunisians : Walid, les encens et Sidi Mahrez - webdo","description":"Explorez le monde fascinant des encens et Sidi Mahrez, o\u00f9 Walid cr\u00e9e des exp\u00e9riences spirituelles uniques pour les visiteurs.","canonical":"https:\/\/www.webdo.tn\/fr\/actualite\/everyday-tunisians\/everyday-tunisians-walid-les-encens-et-sidi-mahrez\/396958\/","og_locale":"fr_FR","og_type":"article","og_title":"Everyday Tunisians : Walid, les encens et Sidi Mahrez","og_description":"Explorez le monde fascinant des encens et Sidi Mahrez, o\u00f9 Walid cr\u00e9e des exp\u00e9riences spirituelles uniques pour les visiteurs.","og_url":"https:\/\/www.webdo.tn\/fr\/actualite\/everyday-tunisians\/everyday-tunisians-walid-les-encens-et-sidi-mahrez\/396958\/","og_site_name":"webdo","article_publisher":"https:\/\/www.facebook.com\/webdotn","article_author":"https:\/\/www.facebook.com\/hatem.bourial.2025","article_published_time":"2026-04-28T08:33:25+00:00","article_modified_time":"2026-04-28T08:33:26+00:00","og_image":[{"width":1200,"height":600,"url":"https:\/\/www.webdo.tn\/fr\/wp-content\/uploads\/2026\/04\/Walid.jpeg","type":"image\/jpeg"}],"author":"Hatem Bourial","twitter_card":"summary_large_image","twitter_creator":"@webdo_tn","twitter_site":"@webdo_tn","twitter_misc":{"\u00c9crit par":"Hatem Bourial","Dur\u00e9e de lecture estim\u00e9e":"1 minute"},"schema":{"@context":"https:\/\/schema.org","@graph":[{"@type":"NewsArticle","@id":"https:\/\/www.webdo.tn\/fr\/actualite\/everyday-tunisians\/everyday-tunisians-walid-les-encens-et-sidi-mahrez\/396958\/#article","isPartOf":{"@id":"https:\/\/www.webdo.tn\/fr\/actualite\/everyday-tunisians\/everyday-tunisians-walid-les-encens-et-sidi-mahrez\/396958\/"},"author":{"name":"Hatem Bourial","@id":"https:\/\/www.webdo.tn\/fr\/#\/schema\/person\/6bc0beba2cd23aec27cb5df85ca2554f"},"headline":"Everyday Tunisians : Walid, les encens et Sidi Mahrez","datePublished":"2026-04-28T08:33:25+00:00","dateModified":"2026-04-28T08:33:26+00:00","mainEntityOfPage":{"@id":"https:\/\/www.webdo.tn\/fr\/actualite\/everyday-tunisians\/everyday-tunisians-walid-les-encens-et-sidi-mahrez\/396958\/"},"wordCount":176,"publisher":{"@id":"https:\/\/www.webdo.tn\/fr\/#organization"},"image":{"@id":"https:\/\/www.webdo.tn\/fr\/actualite\/everyday-tunisians\/everyday-tunisians-walid-les-encens-et-sidi-mahrez\/396958\/#primaryimage"},"thumbnailUrl":"https:\/\/www.webdo.tn\/fr\/wp-content\/uploads\/2026\/04\/Walid.jpeg","keywords":["m\u00e9dina de tunis","Sidi Mahrez","Tunisie"],"articleSection":["Everyday Tunisians by Hatem Bourial"],"inLanguage":"fr-FR"},{"@type":"WebPage","@id":"https:\/\/www.webdo.tn\/fr\/actualite\/everyday-tunisians\/everyday-tunisians-walid-les-encens-et-sidi-mahrez\/396958\/","url":"https:\/\/www.webdo.tn\/fr\/actualite\/everyday-tunisians\/everyday-tunisians-walid-les-encens-et-sidi-mahrez\/396958\/","name":"Everyday Tunisians : Walid, les encens et Sidi Mahrez - webdo","isPartOf":{"@id":"https:\/\/www.webdo.tn\/fr\/#website"},"primaryImageOfPage":{"@id":"https:\/\/www.webdo.tn\/fr\/actualite\/everyday-tunisians\/everyday-tunisians-walid-les-encens-et-sidi-mahrez\/396958\/#primaryimage"},"image":{"@id":"https:\/\/www.webdo.tn\/fr\/actualite\/everyday-tunisians\/everyday-tunisians-walid-les-encens-et-sidi-mahrez\/396958\/#primaryimage"},"thumbnailUrl":"https:\/\/www.webdo.tn\/fr\/wp-content\/uploads\/2026\/04\/Walid.jpeg","datePublished":"2026-04-28T08:33:25+00:00","dateModified":"2026-04-28T08:33:26+00:00","description":"Explorez le monde fascinant des encens et Sidi Mahrez, o\u00f9 Walid cr\u00e9e des exp\u00e9riences spirituelles uniques pour les visiteurs.","breadcrumb":{"@id":"https:\/\/www.webdo.tn\/fr\/actualite\/everyday-tunisians\/everyday-tunisians-walid-les-encens-et-sidi-mahrez\/396958\/#breadcrumb"},"inLanguage":"fr-FR","potentialAction":[{"@type":"ReadAction","target":["https:\/\/www.webdo.tn\/fr\/actualite\/everyday-tunisians\/everyday-tunisians-walid-les-encens-et-sidi-mahrez\/396958\/"]}]},{"@type":"ImageObject","inLanguage":"fr-FR","@id":"https:\/\/www.webdo.tn\/fr\/actualite\/everyday-tunisians\/everyday-tunisians-walid-les-encens-et-sidi-mahrez\/396958\/#primaryimage","url":"https:\/\/www.webdo.tn\/fr\/wp-content\/uploads\/2026\/04\/Walid.jpeg","contentUrl":"https:\/\/www.webdo.tn\/fr\/wp-content\/uploads\/2026\/04\/Walid.jpeg","width":1200,"height":600,"caption":"Everyday Tunisians : Walid, les encens et Sidi Mahrez"},{"@type":"BreadcrumbList","@id":"https:\/\/www.webdo.tn\/fr\/actualite\/everyday-tunisians\/everyday-tunisians-walid-les-encens-et-sidi-mahrez\/396958\/#breadcrumb","itemListElement":[{"@type":"ListItem","position":1,"name":"Accueil","item":"https:\/\/www.webdo.tn\/fr\/"},{"@type":"ListItem","position":2,"name":"Everyday Tunisians : Walid, les encens et Sidi Mahrez"}]},{"@type":"WebSite","@id":"https:\/\/www.webdo.tn\/fr\/#website","url":"https:\/\/www.webdo.tn\/fr\/","name":"webdo","description":"Tunisie - News en Tunisie et \u00e0 l&#039;international sur Webdo.tn","publisher":{"@id":"https:\/\/www.webdo.tn\/fr\/#organization"},"potentialAction":[{"@type":"SearchAction","target":{"@type":"EntryPoint","urlTemplate":"https:\/\/www.webdo.tn\/fr\/?s={search_term_string}"},"query-input":{"@type":"PropertyValueSpecification","valueRequired":true,"valueName":"search_term_string"}}],"inLanguage":"fr-FR"},{"@type":"Organization","@id":"https:\/\/www.webdo.tn\/fr\/#organization","name":"Webdo","alternateName":"Webdo.tn","url":"https:\/\/www.webdo.tn\/fr\/","logo":{"@type":"ImageObject","inLanguage":"fr-FR","@id":"https:\/\/www.webdo.tn\/fr\/#\/schema\/logo\/image\/","url":"https:\/\/www.webdo.tn\/fr\/wp-content\/uploads\/2025\/06\/Webdo-Tunisie_168377.jpg","contentUrl":"https:\/\/www.webdo.tn\/fr\/wp-content\/uploads\/2025\/06\/Webdo-Tunisie_168377.jpg","width":301,"height":301,"caption":"Webdo"},"image":{"@id":"https:\/\/www.webdo.tn\/fr\/#\/schema\/logo\/image\/"},"sameAs":["https:\/\/www.facebook.com\/webdotn","https:\/\/x.com\/webdo_tn"],"description":"Webdo est un m\u00e9dia num\u00e9rique tunisien fond\u00e9 en 2010, sp\u00e9cialis\u00e9 dans l\u2019actualit\u00e9 nationale et internationale, l\u2019\u00e9conomie, la soci\u00e9t\u00e9 et les analyses politiques. Le site s\u2019adresse \u00e0 un large public francophone et couvre l\u2019information tunisienne en temps r\u00e9el.","email":"redac@webdo.tn","legalName":"YNJ SARL","foundingDate":"2010-09-06","numberOfEmployees":{"@type":"QuantitativeValue","minValue":"11","maxValue":"50"}},{"@type":"Person","@id":"https:\/\/www.webdo.tn\/fr\/#\/schema\/person\/6bc0beba2cd23aec27cb5df85ca2554f","name":"Hatem Bourial","image":{"@type":"ImageObject","inLanguage":"fr-FR","@id":"https:\/\/www.webdo.tn\/fr\/wp-content\/uploads\/2026\/04\/hatem-bourial_avatar-96x96.jpg","url":"https:\/\/www.webdo.tn\/fr\/wp-content\/uploads\/2026\/04\/hatem-bourial_avatar-96x96.jpg","contentUrl":"https:\/\/www.webdo.tn\/fr\/wp-content\/uploads\/2026\/04\/hatem-bourial_avatar-96x96.jpg","caption":"Hatem Bourial"},"description":"Hatem Bourial est journaliste, \u00e9crivain et chroniqueur tunisien. Actif depuis plusieurs d\u00e9cennies, il s\u2019est impos\u00e9 comme un observateur attentif de la soci\u00e9t\u00e9 tunisienne, m\u00ealant dans ses \u00e9crits m\u00e9moire, culture et analyse du quotidien. Auteur de nombreux ouvrages, il d\u00e9veloppe une \u0153uvre \u00e0 la crois\u00e9e du r\u00e9cit, de la po\u00e9sie et de l\u2019observation sociologique. Parall\u00e8lement \u00e0 ses contributions dans la presse, il intervient r\u00e9guli\u00e8rement \u00e0 la radio et dans des espaces culturels, o\u00f9 il explore les enjeux li\u00e9s au patrimoine, \u00e0 l\u2019identit\u00e9 et aux transformations du monde contemporain. \u00c0 travers ses chroniques, Hatem Bourial propose une lecture sensible et approfondie de l\u2019actualit\u00e9, nourrie par une exp\u00e9rience journalistique et litt\u00e9raire reconnue. \ud83d\udd17 Facebook : https:\/\/www.facebook.com\/hatem.bourial.2025","sameAs":["https:\/\/www.facebook.com\/hatem.bourial.2025","https:\/\/fr.wikipedia.org\/wiki\/Fichier:Hatem_Bourial.jpg"],"knowsAbout":["Culture & patrimoine tunisien","Chronique soci\u00e9tale","Litt\u00e9rature & m\u00e9moire","Cin\u00e9ma & critique culturelle","Identit\u00e9 & mutations sociales"],"knowsLanguage":["Arabe","Fran\u00e7ais","Anglais","Italien","Polonais"],"jobTitle":"Journaliste, \u00e9crivain et chroniqueur culturel","worksFor":"Webdo","url":"https:\/\/www.webdo.tn\/fr\/actualite\/author\/hatem-bourial-2\/"}]}},"_links":{"self":[{"href":"https:\/\/www.webdo.tn\/fr\/wp-json\/wp\/v2\/posts\/396958","targetHints":{"allow":["GET"]}}],"collection":[{"href":"https:\/\/www.webdo.tn\/fr\/wp-json\/wp\/v2\/posts"}],"about":[{"href":"https:\/\/www.webdo.tn\/fr\/wp-json\/wp\/v2\/types\/post"}],"author":[{"embeddable":true,"href":"https:\/\/www.webdo.tn\/fr\/wp-json\/wp\/v2\/users\/3229"}],"replies":[{"embeddable":true,"href":"https:\/\/www.webdo.tn\/fr\/wp-json\/wp\/v2\/comments?post=396958"}],"version-history":[{"count":1,"href":"https:\/\/www.webdo.tn\/fr\/wp-json\/wp\/v2\/posts\/396958\/revisions"}],"predecessor-version":[{"id":396960,"href":"https:\/\/www.webdo.tn\/fr\/wp-json\/wp\/v2\/posts\/396958\/revisions\/396960"}],"wp:featuredmedia":[{"embeddable":true,"href":"https:\/\/www.webdo.tn\/fr\/wp-json\/wp\/v2\/media\/396959"}],"wp:attachment":[{"href":"https:\/\/www.webdo.tn\/fr\/wp-json\/wp\/v2\/media?parent=396958"}],"wp:term":[{"taxonomy":"category","embeddable":true,"href":"https:\/\/www.webdo.tn\/fr\/wp-json\/wp\/v2\/categories?post=396958"},{"taxonomy":"post_tag","embeddable":true,"href":"https:\/\/www.webdo.tn\/fr\/wp-json\/wp\/v2\/tags?post=396958"}],"curies":[{"name":"wp","href":"https:\/\/api.w.org\/{rel}","templated":true}]}}